{"id":100,"date":"2008-08-25T00:00:00","date_gmt":"2008-08-25T00:00:00","guid":{"rendered":"http:\/\/www.revue3emillenaire.com\/blog\/?p=100"},"modified":"2010-01-10T18:20:57","modified_gmt":"2010-01-10T17:20:57","slug":"de-la-conscience-personnelle-ltat-de-satori-par-robert-linssen","status":"publish","type":"post","link":"https:\/\/www.revue3emillenaire.com\/blog\/de-la-conscience-personnelle-ltat-de-satori-par-robert-linssen\/","title":{"rendered":"De la conscience personnelle &agrave; l&#39;&eacute;tat de Satori par Robert Linssen"},"content":{"rendered":"<p style=\"text-align: justify;\">(Revue \u00catre Libre Num\u00e9ros 136-138, Avril-Ao\u00fbt 1957)<\/p>\n<p style=\"text-align: justify;\">J&rsquo;ai tent\u00e9 d&rsquo;exposer au cours de mes \u00ab Essais sur le Bouddhisme Zen \u00bb, le r\u00f4le n\u00e9gatif et destructeur de nos habitudes mentales. Certaines lacunes existant dans mes trois volumes de l&rsquo;\u00e9dition fran\u00e7aise, j&rsquo;ai jug\u00e9 utile d&rsquo;ajouter diff\u00e9rentes notes compl\u00e9mentaires qui sont publi\u00e9es dans la r\u00e9cente \u00e9dition anglaise dont je reproduis ici un extrait.<\/p>\n<p style=\"text-align: justify;\">Nous nous sommes \u00e0 tel point identifi\u00e9s aux mots, aux symboles qui nous sont familiers, que ceux-ci r\u00e9apparaissent \u00e0 chaque instant. Ceci \u00e0 lieu, que nous le voulions ou non, au cours de toutes les circonstances de notre vie quotidienne.<\/p>\n<p style=\"text-align: justify;\">La rapidit\u00e9 de nos automatismes m\u00e9moriels nous enferme en nous-m\u00eames, \u00e0 notre insu. Nos habitudes mentales poss\u00e8dent une force d&rsquo;inertie redoutable. Cette force d&rsquo;habitude doit \u00eatre d\u00e9masqu\u00e9e en nous. Il est indispensable que nous saisissions les desseins qui la font agir.<\/p>\n<p style=\"text-align: justify;\">Le caract\u00e8re unique de chaque instant pr\u00e9sent, son jaillissement cr\u00e9ateur, sa nouveaut\u00e9, nous \u00e9chappent continuellement.<\/p>\n<p style=\"text-align: justify;\">Il existe une cl\u00e9 d&rsquo;une importance fondamentale nous permettant d&rsquo;ouvrir la porte int\u00e9rieure nous donnant acc\u00e8s \u00e0 la pl\u00e9nitude du Pr\u00e9sent. Cette lourde porte nous l&rsquo;avons construite nous-m\u00eames. Nous pourrions dire qu&rsquo;elle est nous-m\u00eames. Elle s&rsquo;est \u00e9difi\u00e9e gr\u00e2ce \u00e0 notre inattention habituelle, \u00e0 nos n\u00e9gligences r\u00e9p\u00e9t\u00e9es.<\/p>\n<p style=\"text-align: justify;\">L&rsquo;attention juste est la seule cl\u00e9 permettant non seulement d&rsquo;ouvrir la porte int\u00e9rieure mais de la dissoudre. Il ne suffit pas d&rsquo;\u00e9noncer la n\u00e9cessit\u00e9 de l&rsquo;attention juste. Il est aussi n\u00e9cessaire de pr\u00e9ciser la fa\u00e7on dont elle doit s&rsquo;exercer.<\/p>\n<p style=\"text-align: justify;\">Ceux qui sont r\u00e9ellement int\u00e9ress\u00e9s par la d\u00e9couverte de la V\u00e9rit\u00e9 doivent \u00eatre attentifs. Nous perdons de vue \u00e0 quel point nous restons souvent superficiels, \u00e0 quel point nous sommes peu minutieux en d\u00e9pit de nos lectures et de notre compr\u00e9hension intellectuelle. Nous ne r\u00e9fl\u00e9chissons pas assez \u00e0 toutes les implications contenues dans le fait \u00ab d&rsquo;\u00eatre attentif \u00bb.<\/p>\n<p style=\"text-align: justify;\">Etre attentif c&rsquo;est \u00e9videmment se soustraire \u00e0 l&rsquo;action des distractions. C&rsquo;est une v\u00e9rit\u00e9 tr\u00e8s simple, que tout le monde admet, mais que personne n&rsquo;applique.<\/p>\n<p style=\"text-align: justify;\">La plus fondamentale des distractions n&rsquo;est pas ext\u00e9rieure. Elle est int\u00e9rieure. Elle r\u00e9sulte de la magie toute puissante des mots et des symboles indissociablement unis \u00e0 toutes nos pens\u00e9es.<\/p>\n<p style=\"text-align: justify;\">Il est indispensable d&rsquo;exercer une attention de tous les instants mais pour \u00eatre f\u00e9conde et r\u00e9v\u00e9latrice cette attention doit \u00eatre \u00ab non-accumulative \u00bb. Elle ne doit pas r\u00e9sulter seulement d&rsquo;une lecture ayant sugg\u00e9r\u00e9 sa n\u00e9cessit\u00e9. Nous, devons \u00eatre attentifs parce que tr\u00e8s intens\u00e9ment, et d&rsquo;une fa\u00e7on profond\u00e9ment individuelle nous en avons saisi l&rsquo;importance. L&rsquo;attention v\u00e9ritable doit \u00eatre comme la pouss\u00e9e irr\u00e9sistible d&rsquo;une fonction de la nature qui tend \u00e0 s&rsquo;exprimer en nous et par nous.<\/p>\n<p style=\"text-align: justify;\">Nous devons \u00e9viter d&rsquo;\u00eatre attentifs en vue d&rsquo;acqu\u00e9rir une r\u00e9compense directe ou indirecte. Rien ne nous manque. Nous avons \u00e0 saisir sur le vif l&rsquo;avidit\u00e9 secr\u00e8te du \u00ab moi \u00bb se projetant dans le futur.<\/p>\n<p style=\"text-align: justify;\">Toute attente d&rsquo;un r\u00e9sultat est sans issue. L&rsquo;attente la plus subtile est la plus n\u00e9faste. Elle nous conduit in\u00e9vitablement dans un \u00e9tat d&rsquo;autohypnose. D\u00e8s le moment o\u00f9 nous souhaitons un r\u00e9sultat, notre inconscient le projette \u00e0 l&rsquo;instant m\u00eame en nous en vertu d&rsquo;un principe de compensation parfait mis en lumi\u00e8re par la psychologie moderne.<\/p>\n<p style=\"text-align: justify;\">Ne perdons jamais de vue que le Mental Cosmique n&rsquo;est pas un \u00ab r\u00e9sultat \u00bb.<\/p>\n<p style=\"text-align: justify;\">Il est donc indispensable de voir, de voir toujours plus intens\u00e9ment. Mais par un curieux paradoxe : la vision intense ou p\u00e9n\u00e9trante ne r\u00e9sulte pas d&rsquo;un acte de volont\u00e9 du \u00ab moi \u00bb. Elle est r\u00e9alis\u00e9e par une passivit\u00e9 parfaite du mental. La vision parfaite est \u00ab non-attente \u00bb. Elle ne peut donc s&rsquo;inspirer d&rsquo;aucune m\u00e9thode. La vision parfaite est toute enti\u00e8re dans l&rsquo;acuit\u00e9 de la seconde qui passe. Toute attente secr\u00e8te paralyse instantan\u00e9ment son intensit\u00e9. Tout espoir d\u00e9chire la conscience entre une partie d&rsquo;elle-m\u00eame qui adh\u00e8re au pr\u00e9sent et une autre partie dirig\u00e9e vers le futur.<\/p>\n<p style=\"text-align: justify;\">Ainsi se r\u00e9alisent constamment des \u00ab distractions \u00bb au pur sens du terme.<\/p>\n<p style=\"text-align: justify;\">Nous devons \u00eatre \u00e0 ce que nous faisons, les yeux grands ouverts, sans attente, supr\u00eamement attentifs aux \u00e9vasions continuelles du mental imaginatif, aux \u00ab distractions \u00bb innombrables.<\/p>\n<p style=\"text-align: justify;\">Il ne s&rsquo;agit pas de nous soustraire aux activit\u00e9s de l&rsquo;imagination en les chassant d\u00e9lib\u00e9r\u00e9ment. Il est n\u00e9cessaire de d\u00e9masquer la force d&rsquo;inertie du \u00ab moi \u00bb (le vieil homme) qui les fait appara\u00eetre.<br \/>\nOn ne se d\u00e9barrasse pas de l&rsquo;imagination en vue d&rsquo;acqu\u00e9rir quoi que ce soit. L&rsquo;agitation imaginative s&rsquo;\u00e9teint si nous laissons s&rsquo;exprimer en nous une force d&rsquo;attention non-accumulative.<\/p>\n<p style=\"text-align: justify;\">Si nous avons profond\u00e9ment compris en senti, autant par le c\u0153ur que par l&rsquo;esprit, \u00e0 quel point l&rsquo;inertie de nos habitudes mentales trahit l&rsquo;avidit\u00e9 fondamentale de dur\u00e9e du \u00ab moi \u00bb (Tanha), l&rsquo;agitation imaginative s&rsquo;\u00e9teint d&rsquo;elle-m\u00eame. Nous avons compris la raison pour laquelle elle nous emp\u00eache d&rsquo;\u00eatre lucide et ad\u00e9quat.<\/p>\n<p style=\"text-align: justify;\">Il existe un processus de d\u00e9veloppement de l&rsquo;attention qui est non-accumulatif. Chacun peut en faire l&rsquo;exp\u00e9rience.<\/p>\n<p style=\"text-align: justify;\">Il est facile d&rsquo;observer que le fait d&rsquo;\u00eatre de plus en plus attentif d\u00e9veloppe en nous une sorte d&rsquo;automatisme d&rsquo;attention dans le pr\u00e9sent. En vivant r\u00e9ellement au cours de la vie quotidienne dans cet \u00e9tat d&rsquo;observation, o\u00f9 que nous soyons, quoique nous fassions, nous remarquerons en nous l&rsquo;\u00e9veil d&rsquo;une lucidit\u00e9 de plus en plus grande dont l&rsquo;intensit\u00e9 est surprenante.<\/p>\n<p style=\"text-align: justify;\">Cette attention non-accumulative et sans choix s&rsquo;exerce d&rsquo;instant en instant. Elle est impr\u00e9gn\u00e9e d&rsquo;une acuit\u00e9 et d&rsquo;une puissance de concentration dans le pr\u00e9sent grandissantes ne r\u00e9sultant plus d&rsquo;un acte de volont\u00e9 personnelle. Nous sommes alors tr\u00e8s pr\u00e8s du Satori mais nous ne le r\u00e9aliserons effectivement qu&rsquo;\u00e0 partir de l&rsquo;instant o\u00f9 nous aurons oubli\u00e9 tout ce que nous avons lu, imagin\u00e9 \u00e0 son sujet y compris le mot \u00ab Satori \u00bb lui-m\u00eame.<\/p>\n<p style=\"text-align: justify;\">La cl\u00e9 fondamentale dont je parlais au d\u00e9but de cette note peut-\u00eatre enfin r\u00e9sum\u00e9e comme suit : dans la pratique effective de l&rsquo;observation correcte au cours de la vie quotidienne <strong>il arrive un moment o\u00f9 la puissance d&rsquo;attention dans l&rsquo;instant pr\u00e9sent est plus grande que les mots ou les symboles pr\u00e9tendant la contenir.<\/strong> Nous avions toujours cru, erron\u00e9ment, que les mots et les symboles \u00e9taient les supports indispensables \u00e0 notre facult\u00e9 d&rsquo;\u00e9veil.<\/p>\n<p style=\"text-align: justify;\">Le Satori &#8211; cet \u00e9tat d&rsquo;\u00e9veil supr\u00eame et parfaitement naturel \u2014 se manifeste au contraire comme un envahissement de la conscience ordinaire par une acuit\u00e9 de lucidit\u00e9 qui fait litt\u00e9ralement \u00e9clater les mots par le \u00ab dedans \u00bb. Les symboles et les mots interviendront d\u00e9sormais \u00e0 titre second et d\u00e9riv\u00e9. Leur fonction se limite \u00e0 celle d&rsquo;instruments de conversation et de communication.<\/p>\n<p style=\"text-align: justify;\">Ne perdons pas de vue qu&rsquo;au moment m\u00eame de l&rsquo;exp\u00e9rience, il n&rsquo;y a plus ni mots, ni symboles, ni sujet, ni objet, ni exp\u00e9rimentateur, ni exp\u00e9rience.<\/p>\n<p style=\"text-align: justify;\">L&rsquo;attention supr\u00eame du Satori n&rsquo;est d&rsquo;ailleurs plus attention seulement. Elle est aussi Amour. Nous ne sommes plus attentifs \u00e0 quelque chose de particulier quoique nous ne perdions pas la facult\u00e9 d&rsquo;observer le \u00ab particulier \u00bb lorsque les circonstances le commandent. Le processus d&rsquo;isolement optique se r\u00e9alise alors dans une libert\u00e9 totale, absent de toute identification, de tout attachement au point particulier.<\/p>\n<p style=\"text-align: justify;\">Une diff\u00e9rence \u00e9norme existe entre le fait familier d&rsquo;\u00eatre conscient de quelque chose et celui d&rsquo;\u00eatre conscient simplement dans la pl\u00e9nitude d&rsquo;une lucidit\u00e9 sans choix, lib\u00e9r\u00e9 de la dualit\u00e9 du sujet et de l&rsquo;objet.<\/p>\n<p style=\"text-align: justify;\">L&rsquo;homme lib\u00e9r\u00e9 de l&rsquo;illusion de la conscience de soi est le plus simple et le plus pratique qui soit. Il n&rsquo;est plus qu&rsquo;un corps vid\u00e9 de son contenu psychologique d&rsquo;identification personnelle. Ceci lui donne le plus haut degr\u00e9 d&rsquo;ad\u00e9quacit\u00e9 et d&rsquo;\u00e9veil. Un tel corps retrouve la pl\u00e9nitude d&rsquo;une sagesse instinctive dont les possibilit\u00e9s immenses sont totalement insoup\u00e7onn\u00e9es par nos races sous-humaines actuelles.<\/p>\n<p style=\"text-align: justify;\">Quoique cette forme tr\u00e8s \u00e9lev\u00e9e de la sagesse instinctive du corps s&rsquo;inspire de m\u00e9moires biologiques remontant dans la nuit des temps anciens, ces automatismes m\u00e9moriels n&rsquo;\u00e9mettent plus de prolongements inopportuns sur le plan psychologique. Ceci nous permet de comprendre comment est possible la vie ext\u00e9rieure de l&rsquo;homme ayant r\u00e9alis\u00e9 le Satori. En un tel homme se r\u00e9alisent les plus hautes possibilit\u00e9s de cr\u00e9ation.<\/p>\n<p style=\"padding-left: 300px; text-align: justify;\">Robert LINSSEN.<\/p>\n","protected":false},"excerpt":{"rendered":"<p>J&rsquo;ai tent\u00e9 d&rsquo;exposer au cours de mes \u00ab Essais sur le Bouddhisme Zen \u00bb, le r\u00f4le n\u00e9gatif et destructeur de nos habitudes mentales. Certaines lacunes existant dans mes trois volumes de l&rsquo;\u00e9dition fran\u00e7aise, j&rsquo;ai jug\u00e9 utile d&rsquo;ajouter diff\u00e9rentes notes compl\u00e9mentaires qui sont publi\u00e9es dans la r\u00e9cente \u00e9dition anglaise dont je reproduis ici un extrait.<\/p>\n","protected":false},"author":1,"featured_media":0,"comment_status":"open","ping_status":"open","sticky":false,"template":"","format":"standard","meta":{"footnotes":""},"categories":[66],"tags":[],"class_list":["post-100","post","type-post","status-publish","format-standard","hentry","category-r-linssen"],"yoast_head":"<!-- This site is optimized with the Yoast SEO plugin v27.0 - https:\/\/yoast.com\/product\/yoast-seo-wordpress\/ -->\n<title>De la conscience personnelle &agrave; l&#039;&eacute;tat de Satori par Robert Linssen - 3e mill\u00e9naire - Spiritualit\u00e9 - Connaissance de soi - Non-dualit\u00e9 - M\u00e9ditation<\/title>\n<meta name=\"robots\" content=\"index, follow, max-snippet:-1, max-image-preview:large, max-video-preview:-1\" \/>\n<link rel=\"canonical\" href=\"https:\/\/www.revue3emillenaire.com\/blog\/de-la-conscience-personnelle-ltat-de-satori-par-robert-linssen\/\" \/>\n<meta property=\"og:locale\" content=\"fr_FR\" \/>\n<meta property=\"og:type\" content=\"article\" \/>\n<meta property=\"og:title\" content=\"De la conscience personnelle &agrave; l&#039;&eacute;tat de Satori par Robert Linssen - 3e mill\u00e9naire - Spiritualit\u00e9 - Connaissance de soi - Non-dualit\u00e9 - M\u00e9ditation\" \/>\n<meta property=\"og:description\" content=\"J&#039;ai tent\u00e9 d&#039;exposer au cours de mes \u00ab Essais sur le Bouddhisme Zen \u00bb, le r\u00f4le n\u00e9gatif et destructeur de nos habitudes mentales. Certaines lacunes existant dans mes trois volumes de l&#039;\u00e9dition fran\u00e7aise, j&#039;ai jug\u00e9 utile d&#039;ajouter diff\u00e9rentes notes compl\u00e9mentaires qui sont publi\u00e9es dans la r\u00e9cente \u00e9dition anglaise dont je reproduis ici un extrait.\" \/>\n<meta property=\"og:url\" content=\"https:\/\/www.revue3emillenaire.com\/blog\/de-la-conscience-personnelle-ltat-de-satori-par-robert-linssen\/\" \/>\n<meta property=\"og:site_name\" content=\"3e mill\u00e9naire - Spiritualit\u00e9 - Connaissance de soi - Non-dualit\u00e9 - M\u00e9ditation\" \/>\n<meta property=\"article:published_time\" content=\"2008-08-25T00:00:00+00:00\" \/>\n<meta property=\"article:modified_time\" content=\"2010-01-10T17:20:57+00:00\" \/>\n<meta name=\"author\" content=\"3e mill\u00e9naire\" \/>\n<meta name=\"twitter:card\" content=\"summary_large_image\" \/>\n<meta name=\"twitter:label1\" content=\"\u00c9crit par\" \/>\n\t<meta name=\"twitter:data1\" content=\"3e mill\u00e9naire\" \/>\n\t<meta name=\"twitter:label2\" content=\"Dur\u00e9e de lecture estim\u00e9e\" \/>\n\t<meta name=\"twitter:data2\" content=\"7 minutes\" \/>\n<script type=\"application\/ld+json\" class=\"yoast-schema-graph\">{\"@context\":\"https:\/\/schema.org\",\"@graph\":[{\"@type\":\"Article\",\"@id\":\"https:\/\/www.revue3emillenaire.com\/blog\/de-la-conscience-personnelle-ltat-de-satori-par-robert-linssen\/#article\",\"isPartOf\":{\"@id\":\"https:\/\/www.revue3emillenaire.com\/blog\/de-la-conscience-personnelle-ltat-de-satori-par-robert-linssen\/\"},\"author\":{\"name\":\"3e mill\u00e9naire\",\"@id\":\"https:\/\/www.revue3emillenaire.com\/blog\/#\/schema\/person\/9a3a7cc4ccaa707f402d4394327106d5\"},\"headline\":\"De la conscience personnelle &agrave; l&#39;&eacute;tat de Satori par Robert Linssen\",\"datePublished\":\"2008-08-25T00:00:00+00:00\",\"dateModified\":\"2010-01-10T17:20:57+00:00\",\"mainEntityOfPage\":{\"@id\":\"https:\/\/www.revue3emillenaire.com\/blog\/de-la-conscience-personnelle-ltat-de-satori-par-robert-linssen\/\"},\"wordCount\":1438,\"commentCount\":0,\"articleSection\":[\"Linssen Robert\"],\"inLanguage\":\"fr-FR\",\"potentialAction\":[{\"@type\":\"CommentAction\",\"name\":\"Comment\",\"target\":[\"https:\/\/www.revue3emillenaire.com\/blog\/de-la-conscience-personnelle-ltat-de-satori-par-robert-linssen\/#respond\"]}]},{\"@type\":\"WebPage\",\"@id\":\"https:\/\/www.revue3emillenaire.com\/blog\/de-la-conscience-personnelle-ltat-de-satori-par-robert-linssen\/\",\"url\":\"https:\/\/www.revue3emillenaire.com\/blog\/de-la-conscience-personnelle-ltat-de-satori-par-robert-linssen\/\",\"name\":\"De la conscience personnelle &agrave; l&#39;&eacute;tat de Satori par Robert Linssen - 3e mill\u00e9naire - Spiritualit\u00e9 - Connaissance de soi - Non-dualit\u00e9 - M\u00e9ditation\",\"isPartOf\":{\"@id\":\"https:\/\/www.revue3emillenaire.com\/blog\/#website\"},\"datePublished\":\"2008-08-25T00:00:00+00:00\",\"dateModified\":\"2010-01-10T17:20:57+00:00\",\"author\":{\"@id\":\"https:\/\/www.revue3emillenaire.com\/blog\/#\/schema\/person\/9a3a7cc4ccaa707f402d4394327106d5\"},\"breadcrumb\":{\"@id\":\"https:\/\/www.revue3emillenaire.com\/blog\/de-la-conscience-personnelle-ltat-de-satori-par-robert-linssen\/#breadcrumb\"},\"inLanguage\":\"fr-FR\",\"potentialAction\":[{\"@type\":\"ReadAction\",\"target\":[\"https:\/\/www.revue3emillenaire.com\/blog\/de-la-conscience-personnelle-ltat-de-satori-par-robert-linssen\/\"]}]},{\"@type\":\"BreadcrumbList\",\"@id\":\"https:\/\/www.revue3emillenaire.com\/blog\/de-la-conscience-personnelle-ltat-de-satori-par-robert-linssen\/#breadcrumb\",\"itemListElement\":[{\"@type\":\"ListItem\",\"position\":1,\"name\":\"Accueil\",\"item\":\"https:\/\/www.revue3emillenaire.com\/blog\/\"},{\"@type\":\"ListItem\",\"position\":2,\"name\":\"De la conscience personnelle &agrave; l&#39;&eacute;tat de Satori par Robert Linssen\"}]},{\"@type\":\"WebSite\",\"@id\":\"https:\/\/www.revue3emillenaire.com\/blog\/#website\",\"url\":\"https:\/\/www.revue3emillenaire.com\/blog\/\",\"name\":\"3e mill\u00e9naire - Spiritualit\u00e9 - Connaissance de soi - Non-dualit\u00e9 - M\u00e9ditation\",\"description\":\"L&#039;Homme en devenir\",\"potentialAction\":[{\"@type\":\"SearchAction\",\"target\":{\"@type\":\"EntryPoint\",\"urlTemplate\":\"https:\/\/www.revue3emillenaire.com\/blog\/?s={search_term_string}\"},\"query-input\":{\"@type\":\"PropertyValueSpecification\",\"valueRequired\":true,\"valueName\":\"search_term_string\"}}],\"inLanguage\":\"fr-FR\"},{\"@type\":\"Person\",\"@id\":\"https:\/\/www.revue3emillenaire.com\/blog\/#\/schema\/person\/9a3a7cc4ccaa707f402d4394327106d5\",\"name\":\"3e mill\u00e9naire\",\"url\":\"https:\/\/www.revue3emillenaire.com\/blog\/author\/admin\/\"}]}<\/script>\n<!-- \/ Yoast SEO plugin. -->","yoast_head_json":{"title":"De la conscience personnelle &agrave; l&#39;&eacute;tat de Satori par Robert Linssen - 3e mill\u00e9naire - Spiritualit\u00e9 - Connaissance de soi - Non-dualit\u00e9 - M\u00e9ditation","robots":{"index":"index","follow":"follow","max-snippet":"max-snippet:-1","max-image-preview":"max-image-preview:large","max-video-preview":"max-video-preview:-1"},"canonical":"https:\/\/www.revue3emillenaire.com\/blog\/de-la-conscience-personnelle-ltat-de-satori-par-robert-linssen\/","og_locale":"fr_FR","og_type":"article","og_title":"De la conscience personnelle &agrave; l&#39;&eacute;tat de Satori par Robert Linssen - 3e mill\u00e9naire - Spiritualit\u00e9 - Connaissance de soi - Non-dualit\u00e9 - M\u00e9ditation","og_description":"J'ai tent\u00e9 d'exposer au cours de mes \u00ab Essais sur le Bouddhisme Zen \u00bb, le r\u00f4le n\u00e9gatif et destructeur de nos habitudes mentales. Certaines lacunes existant dans mes trois volumes de l'\u00e9dition fran\u00e7aise, j'ai jug\u00e9 utile d'ajouter diff\u00e9rentes notes compl\u00e9mentaires qui sont publi\u00e9es dans la r\u00e9cente \u00e9dition anglaise dont je reproduis ici un extrait.","og_url":"https:\/\/www.revue3emillenaire.com\/blog\/de-la-conscience-personnelle-ltat-de-satori-par-robert-linssen\/","og_site_name":"3e mill\u00e9naire - Spiritualit\u00e9 - Connaissance de soi - Non-dualit\u00e9 - M\u00e9ditation","article_published_time":"2008-08-25T00:00:00+00:00","article_modified_time":"2010-01-10T17:20:57+00:00","author":"3e mill\u00e9naire","twitter_card":"summary_large_image","twitter_misc":{"\u00c9crit par":"3e mill\u00e9naire","Dur\u00e9e de lecture estim\u00e9e":"7 minutes"},"schema":{"@context":"https:\/\/schema.org","@graph":[{"@type":"Article","@id":"https:\/\/www.revue3emillenaire.com\/blog\/de-la-conscience-personnelle-ltat-de-satori-par-robert-linssen\/#article","isPartOf":{"@id":"https:\/\/www.revue3emillenaire.com\/blog\/de-la-conscience-personnelle-ltat-de-satori-par-robert-linssen\/"},"author":{"name":"3e mill\u00e9naire","@id":"https:\/\/www.revue3emillenaire.com\/blog\/#\/schema\/person\/9a3a7cc4ccaa707f402d4394327106d5"},"headline":"De la conscience personnelle &agrave; l&#39;&eacute;tat de Satori par Robert Linssen","datePublished":"2008-08-25T00:00:00+00:00","dateModified":"2010-01-10T17:20:57+00:00","mainEntityOfPage":{"@id":"https:\/\/www.revue3emillenaire.com\/blog\/de-la-conscience-personnelle-ltat-de-satori-par-robert-linssen\/"},"wordCount":1438,"commentCount":0,"articleSection":["Linssen Robert"],"inLanguage":"fr-FR","potentialAction":[{"@type":"CommentAction","name":"Comment","target":["https:\/\/www.revue3emillenaire.com\/blog\/de-la-conscience-personnelle-ltat-de-satori-par-robert-linssen\/#respond"]}]},{"@type":"WebPage","@id":"https:\/\/www.revue3emillenaire.com\/blog\/de-la-conscience-personnelle-ltat-de-satori-par-robert-linssen\/","url":"https:\/\/www.revue3emillenaire.com\/blog\/de-la-conscience-personnelle-ltat-de-satori-par-robert-linssen\/","name":"De la conscience personnelle &agrave; l&#39;&eacute;tat de Satori par Robert Linssen - 3e mill\u00e9naire - Spiritualit\u00e9 - Connaissance de soi - Non-dualit\u00e9 - M\u00e9ditation","isPartOf":{"@id":"https:\/\/www.revue3emillenaire.com\/blog\/#website"},"datePublished":"2008-08-25T00:00:00+00:00","dateModified":"2010-01-10T17:20:57+00:00","author":{"@id":"https:\/\/www.revue3emillenaire.com\/blog\/#\/schema\/person\/9a3a7cc4ccaa707f402d4394327106d5"},"breadcrumb":{"@id":"https:\/\/www.revue3emillenaire.com\/blog\/de-la-conscience-personnelle-ltat-de-satori-par-robert-linssen\/#breadcrumb"},"inLanguage":"fr-FR","potentialAction":[{"@type":"ReadAction","target":["https:\/\/www.revue3emillenaire.com\/blog\/de-la-conscience-personnelle-ltat-de-satori-par-robert-linssen\/"]}]},{"@type":"BreadcrumbList","@id":"https:\/\/www.revue3emillenaire.com\/blog\/de-la-conscience-personnelle-ltat-de-satori-par-robert-linssen\/#breadcrumb","itemListElement":[{"@type":"ListItem","position":1,"name":"Accueil","item":"https:\/\/www.revue3emillenaire.com\/blog\/"},{"@type":"ListItem","position":2,"name":"De la conscience personnelle &agrave; l&#39;&eacute;tat de Satori par Robert Linssen"}]},{"@type":"WebSite","@id":"https:\/\/www.revue3emillenaire.com\/blog\/#website","url":"https:\/\/www.revue3emillenaire.com\/blog\/","name":"3e mill\u00e9naire - Spiritualit\u00e9 - Connaissance de soi - Non-dualit\u00e9 - M\u00e9ditation","description":"L&#039;Homme en devenir","potentialAction":[{"@type":"SearchAction","target":{"@type":"EntryPoint","urlTemplate":"https:\/\/www.revue3emillenaire.com\/blog\/?s={search_term_string}"},"query-input":{"@type":"PropertyValueSpecification","valueRequired":true,"valueName":"search_term_string"}}],"inLanguage":"fr-FR"},{"@type":"Person","@id":"https:\/\/www.revue3emillenaire.com\/blog\/#\/schema\/person\/9a3a7cc4ccaa707f402d4394327106d5","name":"3e mill\u00e9naire","url":"https:\/\/www.revue3emillenaire.com\/blog\/author\/admin\/"}]}},"_links":{"self":[{"href":"https:\/\/www.revue3emillenaire.com\/blog\/wp-json\/wp\/v2\/posts\/100","targetHints":{"allow":["GET"]}}],"collection":[{"href":"https:\/\/www.revue3emillenaire.com\/blog\/wp-json\/wp\/v2\/posts"}],"about":[{"href":"https:\/\/www.revue3emillenaire.com\/blog\/wp-json\/wp\/v2\/types\/post"}],"author":[{"embeddable":true,"href":"https:\/\/www.revue3emillenaire.com\/blog\/wp-json\/wp\/v2\/users\/1"}],"replies":[{"embeddable":true,"href":"https:\/\/www.revue3emillenaire.com\/blog\/wp-json\/wp\/v2\/comments?post=100"}],"version-history":[{"count":0,"href":"https:\/\/www.revue3emillenaire.com\/blog\/wp-json\/wp\/v2\/posts\/100\/revisions"}],"wp:attachment":[{"href":"https:\/\/www.revue3emillenaire.com\/blog\/wp-json\/wp\/v2\/media?parent=100"}],"wp:term":[{"taxonomy":"category","embeddable":true,"href":"https:\/\/www.revue3emillenaire.com\/blog\/wp-json\/wp\/v2\/categories?post=100"},{"taxonomy":"post_tag","embeddable":true,"href":"https:\/\/www.revue3emillenaire.com\/blog\/wp-json\/wp\/v2\/tags?post=100"}],"curies":[{"name":"wp","href":"https:\/\/api.w.org\/{rel}","templated":true}]}}