{"id":10032,"date":"2011-11-15T03:34:18","date_gmt":"2011-11-15T02:34:18","guid":{"rendered":"http:\/\/www.revue3emillenaire.com\/blog\/?p=10032"},"modified":"2011-11-15T03:34:18","modified_gmt":"2011-11-15T02:34:18","slug":"jean-bies-dialogue-avec-des-chercheurs-dabsolu-par-philippe-camby","status":"publish","type":"post","link":"https:\/\/www.revue3emillenaire.com\/blog\/jean-bies-dialogue-avec-des-chercheurs-dabsolu-par-philippe-camby\/","title":{"rendered":"Jean Bi\u00e8s: dialogue avec des chercheurs d&rsquo;absolu par Philippe Camby"},"content":{"rendered":"<p style=\"text-align: justify;\">(Revue Question De. N<sup>o<\/sup> 32. Septembre-Octobre 1979)<\/p>\n<p style=\"text-align: justify;\">\n<p style=\"text-align: justify;\"><strong><em><a href=\"http:\/\/www.jeanbies.org\/\" target=\"_blank\">Jean Bi\u00e8s<\/a> avait interview\u00e9 des grands chercheurs spiritualistes de notre temps comme Jean Herbert, Lanza del Vasto, Arnaud Desjardins, Satprem, Louis Pauwels et bien d&rsquo;autres. Certains de ces interviews sont sur ce site. Les \u00e9ditions Retz avait r\u00e9uni ces interviews dans un ouvrage intitul\u00e9 \u00ab J&rsquo;ai dialogu\u00e9 avec des chercheurs de V\u00e9rit\u00e9 \u00bb. Mais quel homme se cache derri\u00e8re l&rsquo;interviewer ? Changeant de r\u00f4le, Jean Bi\u00e8s a r\u00e9pondu, dans cette interview de 1979, aux questions de Philippe Camby.<\/em><\/strong><\/p>\n<p style=\"text-align: justify;\">\n<p style=\"text-align: justify;\">Philippe Camby : <em>Vous \u00eates connu du public pour avoir soutenu une th\u00e8se tr\u00e8s importante concernant les influences de la pens\u00e9e hindoue sur la litt\u00e9rature fran\u00e7aise, et vous venez de publier un livre consacr\u00e9 \u00e0 l&rsquo;Inde, ici et maintenant. Quelles ont \u00e9t\u00e9 vos intentions en l&rsquo;\u00e9crivant ?<\/em><\/p>\n<p style=\"text-align: justify;\">\n<p style=\"text-align: justify;\">Jean Bi\u00e8s J&rsquo;ai voulu montrer qu&rsquo;un s\u00e9jour en Inde permet d&rsquo;abord de bousculer nos pr\u00e9jug\u00e9s et nos erreurs sur ce pays, constitue une \u00e9preuve mentale et psychologique qui ouvre les chemins de la connaissance de soi. Par-del\u00e0 des sc\u00e8nes ou des personnages insolites ou pittoresques, c&rsquo;est notre \u00e2me la plus profonde que nous retrouvons l\u00e0-bas, notre sensibilit\u00e9, notre musicalit\u00e9 refoul\u00e9es, notre spontan\u00e9it\u00e9 native, notre anima. Il se passe encore quelque chose en Inde ; le voyage qu&rsquo;on y fait garde encore des chances de se r\u00e9v\u00e9ler \u00ab initiatique \u00bb, le message qu&rsquo;on y per\u00e7oit, c&rsquo;est l&rsquo;int\u00e9gration de l&rsquo;irrationnel.<\/p>\n<p style=\"text-align: justify;\">\n<p style=\"text-align: justify;\"><em>Ph. C. : Pouvez-vous nous dire comment vous \u00eates venu \u00e0 l&rsquo;Inde ? Comment s&rsquo;est faite cette d\u00e9couverte ?<\/em><\/p>\n<p style=\"text-align: justify;\">\n<p style=\"text-align: justify;\">J. B. : C&rsquo;est paradoxalement, le moins po\u00e8te des philosophes, Ren\u00e9 Gu\u00e9non, qui m&rsquo;a r\u00e9v\u00e9l\u00e9 les profondeurs de l&rsquo;Inde, quand je me trouvais en classe de philosophie, l&rsquo;ann\u00e9e m\u00eame de sa mort. Peu de temps apr\u00e8s, j&rsquo;entrai dans une librairie orientaliste d&rsquo;Alger, o\u00f9 je d\u00e9couvrais toute la litt\u00e9rature qui n&rsquo;a cess\u00e9 depuis de me sustenter. C&rsquo;est l\u00e0 que je connus en quelque sorte ma seconde naissance. Le plus curieux est que ce \u00ab berceau \u00bb s&rsquo;appelait le Lotus d&rsquo;Or !&#8230; Je tiens l&rsquo;instant o\u00f9 j&rsquo;en franchis le seuil pour un ka\u00efros, le plus privil\u00e9gi\u00e9 de mon existence, parce qu&rsquo;il en d\u00e9termina toute la suite&#8230; Un autre souvenir, ant\u00e9rieur mais significatif, datant de l&rsquo;\u00e9cole primaire, est celui de la lecture d&rsquo;un livre de Selma Lagerl\u00f6l, <em>le Merveilleux Voyage de Nils Holgersson<\/em>. Transform\u00e9 en tourte, le h\u00e9ros traverse la Su\u00e8de sur le dos d&rsquo;un jars&#8230; Je fus pris pour Nils d&rsquo;une v\u00e9ritable passion, au point de m&rsquo;identifier \u00e0 lui. Or, je devais d\u00e9couvrir plus tard que le Poucet ne d\u00e9signe rien d&rsquo;autre, dans les Upanishad, que l&rsquo;\u00e2tman, le soi, qui a le jars pour monture c\u00e9leste !&#8230;<\/p>\n<p style=\"text-align: justify;\">\n<p style=\"text-align: justify;\"><strong>L\u2019orient, source de po\u00e9sie inspir\u00e9e<\/strong><\/p>\n<p style=\"text-align: justify;\">\n<p style=\"text-align: justify;\"><em>Ph. C. : Vous publiez \u00e9galement ce mois-ci un nouveau recueil po\u00e9tique, Les Pourpres de l&rsquo;esprit. Comment et en quoi l&rsquo;Inde inspire-t-elle votre po\u00e9sie ?<\/em><\/p>\n<p style=\"text-align: justify;\">\n<p style=\"text-align: justify;\">J. B. : A la lecture des textes hindous, l&rsquo;id\u00e9e m&rsquo;est venue de pratiquer \u00e0 leur \u00e9gard, mutatis mutandis, et en respectant naturellement les initiatives cr\u00e9atrices, une \u00ab innutrition \u00bb et une \u00ab imitation \u00bb assez semblables \u00e0 celles qu&rsquo;\u00e0 propos des donn\u00e9es gr\u00e9co-latines, les po\u00e8tes de la Pl\u00e9iade avaient d\u00e9j\u00e0 pr\u00e9conis\u00e9es. Ce qu&rsquo;\u00e0 leur tour, avaient fait les Romantiques s&rsquo;inspirant des litt\u00e9ratures germaniques, je discernais qu&rsquo;il \u00e9tait possible de le tenter \u00e0 partir des sources encore inexplor\u00e9es de l&rsquo;Orient. C&rsquo;est ainsi que mes po\u00e8mes sont nourris et parcourus d&rsquo;allusions ou de r\u00e9miniscences indiennes, mais aussi plus rarement, persanes ou chinoises. Je me suis d&rsquo;autant plus senti pouss\u00e9 dans ces directions qu&rsquo;il m&rsquo;est apparu de bonne heure que nous ne poss\u00e9dions de po\u00e9sie ni cosmique, ni mystique, ni m\u00e9taphysique&#8230;<\/p>\n<p style=\"text-align: justify;\">\n<p style=\"text-align: justify;\"><em>Ph. C. Au contraire de l&rsquo;Orient o\u00f9 la po\u00e9sie a toujours \u00e9t\u00e9 le langage des \u00c9critures sacr\u00e9es. Pensez-vous que cette source aujourd&rsquo;hui soit tarie ?<\/em><\/p>\n<p style=\"text-align: justify;\">\n<p style=\"text-align: justify;\">J.B. : Ce n&rsquo;est pas une des moindres \u00e9tranget\u00e9s de notre \u00e9poque : elle abonde en vrais po\u00e8tes. Je me demande m\u00eame si ce si\u00e8cle n&rsquo;appara\u00eetra pas comme un des mieux inspir\u00e9s ; par r\u00e9action peut-\u00eatre \u00e0 son prosa\u00efsme. Je pense \u00e0 des hommes comme Pierre Emmanuel, La Tour du Pin, Saint-John Perse, Supervielle, Pierre Oster, quant \u00e0 Daumal, il est un de ceux qui ont ouvert des voies obstru\u00e9es depuis toujours par l&rsquo;ordinaire timidit\u00e9 des Fran\u00e7ais \u00e0 l&rsquo;\u00e9gard de la transcendance. Mais s&rsquo;il a indiqu\u00e9 des voies, il n&rsquo;a pas eu le temps de les illustrer autant qu&rsquo;il e\u00fbt convenu, et nous sommes nombreux \u00e0 le regretter.<\/p>\n<p style=\"text-align: justify;\">\n<p style=\"text-align: justify;\"><em>Ph. C. : Vous faites de la po\u00e9sie une asc\u00e8se, et vous dites qu&rsquo;elle doit \u00ab d\u00e9couvrir, traduire, r\u00e9v\u00e9ler le divin \u00bb&#8230;<\/em><\/p>\n<p style=\"text-align: justify;\">\n<p style=\"text-align: justify;\">J. B. : Le yogi, le pr\u00eatre, le po\u00e8te, \u2014 pris au plus noble sens des termes, \u2014 occupent une place centrale dans l&rsquo;humanit\u00e9 en tant que ponts entre terre et ciel, visible et invisible, conscient et inconscient ; mais aussi, parce qu&rsquo;ils sont les plus susceptibles de sacrifice, et par l\u00e0, les plus proches du divin. Comme Praj\u00e2pati d\u00e9membr\u00e9 pour former l&rsquo;univers, le po\u00e8te participe \u00e0 une geste sacrificielle dont il est \u00e0 la fois \u00ab la victime et le bourreau \u00bb. Comme le Seigneur des cr\u00e9atures, il puise en lui la substance de son \u0153uvre, l&rsquo;\u00e9labore, la r\u00e9pand pour un grand nombre. Son travail consiste \u00e0 discerner non les objets mais leur essence, car pour lui, les choses ne sont point tant des choses que des concr\u00e9tisations, des concr\u00e9tions d&rsquo;esprit. Le po\u00e8te voit la cr\u00e9ation des yeux dont Dieu la voit. Mais pour acqu\u00e9rir ce regard chamanique, pour se rendre docile \u00e0 la prof\u00e9ration du Verbe, il lui faut longtemps travailler sur lui-m\u00eame, apprendre \u00e0 se conna\u00eetre et se purifier. Le combat qu&rsquo;il m\u00e8ne ne se situe pas seulement dans l&rsquo;affinement de son dire, mais dans celui de son \u00eatre psychique. Beaucoup l&rsquo;admettent, mais peu pratiquent aujourd&rsquo;hui cette guerre int\u00e9rieure, alors qu&rsquo;elle allait de soi pour les \u00ab artistes \u00bb des soci\u00e9t\u00e9s antiques.<\/p>\n<p style=\"text-align: justify;\">\n<p style=\"text-align: justify;\"><strong>La v\u00e9ritable aristocratie est menac\u00e9e par les m\u00e9diocres<\/strong><\/p>\n<p style=\"text-align: justify;\">\n<p style=\"text-align: justify;\"><em>Ph. C. : Ne pensez-vous pas que les po\u00e8tes d&rsquo;aujourd&rsquo;hui pour qui la po\u00e9sie est une \u00ab guerre sainte \u00bb et un mode de r\u00e9alisation, constituent les bases d&rsquo;une nouvelle aristocratie, \u00e0 mi-chemin entre le brahmane hindou et le surhomme de Nietzsche ?<\/em><\/p>\n<p style=\"text-align: justify;\">\n<p style=\"text-align: justify;\">J.B.: La v\u00e9ritable aristocratie me semble fond\u00e9e sur une certaine qualit\u00e9 d&rsquo;\u00eatre, une diff\u00e9renciation, un autre niveau de conscience permettant une marge \u00e2 l&rsquo;\u00e9gard de l&rsquo;\u00e9v\u00e8nement, une ma\u00eetrise de soi, un pouvoir de synth\u00e8se plus vaste et un don visionnaire. Cette aristocratie a toujours exist\u00e9, elle existera toujours. Mais elle est menac\u00e9e ou pers\u00e9cut\u00e9e par la conjuration des m\u00e9diocres. Pour le moment, les po\u00e8tes auxquels vous faites allusion appartiennent \u00e0 une sorte de clandestinit\u00e9 ouverte ; ils n&rsquo;incendient pas le monde, ils entretiennent un feu.<\/p>\n<table style=\"text-align: justify;\" border=\"1\" cellspacing=\"0\" cellpadding=\"0\">\n<tbody>\n<tr>\n<td style=\"text-align: center;\" width=\"456\" valign=\"top\"><strong>ORIGINE<\/strong><\/p>\n<p>Il est le Centre   majuscule et la Monade cath\u00e9drale<\/p>\n<p>Il hume \u00e0 perte d&rsquo;\u00e2me une   f\u00e9licit\u00e9<\/p>\n<p>qui Le ferait sourire   s&rsquo;Il n&rsquo;\u00e9tait sourire.<\/p>\n<p>Il contemple au plein de   Lui-m\u00eame<\/p>\n<p>l&rsquo;ample accomplissement   de Sa pl\u00e9nitude.<\/p>\n<p>St\u00e9rilit\u00e9s adamantines   plus f\u00e9condes<\/p>\n<p>qu&rsquo;un innombrable amant   de l&rsquo;Un.<\/p>\n<p>Prolongements stellaires<\/p>\n<p>dressant l&rsquo;Infini seul   pour st\u00e8le frontali\u00e8re.<\/p>\n<p>D\u00e9sert sans \u00e9tendue et   nudit\u00e9 sans corps.<\/p>\n<p>\u00c9ternit\u00e9 sauvage, plus   intime \u00e0 soi-m\u00eame que soi.<\/p>\n<p>Nulle part omnipr\u00e9sent.<\/p>\n<p>Profondeur sans fond ni   demeure.<\/p>\n<p>Incendie sans feu. Neige   ign\u00e9e.<\/p>\n<p>Irradiante vacuit\u00e9   primordiale.<\/p>\n<p>Nu\u00e9e nombreuse d\u00e9nu\u00e9e   d&rsquo;ombre.<\/p>\n<p>En Lui repose splendeur des   transparences et des formes,<\/p>\n<p>en Lui, la Nuit   g\u00e9n\u00e9siaque,<\/p>\n<p>la Mati\u00e8re immat\u00e9rielle   et maternelle,<\/p>\n<p>tout \u00e9mergente \u00e0 soi, l\u2019\u00c9nergie-Origine,<\/p>\n<p>l&rsquo;amoureuse Immensit\u00e9,<\/p>\n<p>fa\u00e7onn\u00e9e Autour de   l&rsquo;in\u00e9puisable.<\/p>\n<p>Pour Se conna\u00eetre, Il les   r\u00e9v\u00e8le<\/p>\n<p>le Non-\u00catre S&rsquo;\u00e9croule en l\u2019\u00catre,<\/p>\n<p>l\u2019\u00catre Se r\u00e9fracte en   acte,<\/p>\n<p>et le fini s&rsquo;affine en   Lui&#8230;<\/p>\n<p>Travaill\u00e9 de   latences,\u00a0 repu de futur,<\/p>\n<p>Il Se renonce, S&rsquo;effa\u00e7ant   pour que sourde le rien.<\/p>\n<p>Derri\u00e8re le rideau des   apparences,<\/p>\n<p>les divines Puissances   jouent des coudes pour mieux voir !<\/p>\n<p>Sur le silence lisse et   nu,<\/p>\n<p>Sa Voix jette des voiles   de paroles.<\/p>\n<p>Le mouvement v\u00eatu de r\u00eave<\/p>\n<p>S&rsquo;abreuve au vent.<\/p>\n<p>Une rumeur s&rsquo;anime, qui s\u2019unanimise.<\/p>\n<p>L&rsquo;ineffable parle et crie   !<\/p>\n<p>Le Non-N\u00e9 se pla\u00eet \u00e0   na\u00eetre,<\/p>\n<p>hors de Lui se rue en   cataractes de diff\u00e9rences.<\/p>\n<p>L\u2019Infini se consent   infime.<\/p>\n<p>Pourtant Son \u00e9cart\u00e8lement<\/p>\n<p>n&rsquo;attente en rien \u00e0 Sa   totalit\u00e9.<\/p>\n<p>Il Se partage en tous   sans entamer Son tout.<\/p>\n<p>Se met en marche du fond   de Son immobilit\u00e9,<\/p>\n<p>S&rsquo;an\u00e9antit aux cr\u00e9atures<\/p>\n<p>et S&rsquo;amoindrit sans \u00eatre   moins,<\/p>\n<p>S&rsquo;\u00e9pouse en tout, ce   qu&rsquo;Il n&rsquo;est point.<\/p>\n<p>Grouillements de futurs   dans l&rsquo;entraille<\/p>\n<p>du supr\u00eame Z\u00e9ro qu&rsquo;aucun   cercle ne circonscrit&#8230;<\/p>\n<p>De Lui le monde \u00e9mane,   monte et luit.<\/p>\n<p>Les \u00e2mes se tiennent dans   l&rsquo;attente d&rsquo;\u00eatre cr\u00e9\u00e9es.<\/p>\n<p>Les visages ne sont   encore que des figures,<\/p>\n<p>mais d\u00e9j\u00e0, les regards   t\u00e2tonnent vers leur vue.<\/p>\n<p>Une aile bat sur la   margelle de la nuit<\/p>\n<p>Dans un martellement   pareil aux tambours de l&rsquo;averse,<\/p>\n<p>les premiers troupeaux   sur le porche<\/p>\n<p>\u00e9mergent \u00e0 ce qu&rsquo;ils   sont.<\/p>\n<p>De toutes ses routes la   terre<\/p>\n<p>s&rsquo;efforce vers son   lendemain.<\/p>\n<p>Au seuil des jours vient   s&rsquo;incliner le front des sources.<\/p>\n<p>En ce matin qui Lui   ressemble,<\/p>\n<p>l\u2019\u00catre s&rsquo;\u00e9tonne d&rsquo;\u00eatre.<\/p>\n<p>pose Ses mains sur des   mains.<\/p>\n<p>L&rsquo;univers est une \u00eele   autour de laquelle Il<\/p>\n<p>Se presse et rit de   toutes Ses l\u00e8vres. \u00a0 \u2014 Ainsi,<\/p>\n<p>la mer qui s&rsquo;\u00e9merveille   autour d&rsquo;un grain de sable.<\/p>\n<p style=\"text-align: right;\">Jean Bi\u00e8s<\/p>\n<\/td>\n<\/tr>\n<\/tbody>\n<\/table>\n<p style=\"text-align: justify;\">\n<p style=\"text-align: justify;\">\n<p style=\"text-align: justify;\"><em>Ph. C. : A votre avis, ces po\u00e8tes seront-ils, suivant l&rsquo;expression de Milosz, \u00ab les derniers r\u00eaveurs de la derni\u00e8re \u00e9poque, ou les premiers vainqueurs du futur univers \u00bb ?<\/em><\/p>\n<p style=\"text-align: justify;\">\n<p style=\"text-align: justify;\">J. B. : Si l&rsquo;on adopte la conception d&rsquo;un temps cyclique, et si, comme je le crois, toute fin de cycle porte en soi les potentialit\u00e9s d&rsquo;un nouvel \u00e2ge, on peut dire que les po\u00e8tes comme Nerval, Rilke, Novalis, Milosz lui-m\u00eame sont \u00e0 la fois les derniers repr\u00e9sentants de la mentalit\u00e9 archa\u00efque et les pr\u00e9curseurs th\u00e9oriques d&rsquo;une r\u00e9volution spirituelle.<\/p>\n<p style=\"text-align: justify;\">\n<p style=\"text-align: justify;\"><strong>Notre \u00e9poque est le lieu de convergence des \u00ab commencements absolus \u00bb<\/strong><\/p>\n<p style=\"text-align: justify;\">\n<p style=\"text-align: justify;\"><em>Ph. C.: Il est justement question de r\u00e9volution spirituelle dans le troisi\u00e8me livre que vous avez publi\u00e9 aux \u00e9ditions Retz et qui porte ce titre : <\/em>J&rsquo;ai dialogu\u00e9 avec des chercheurs de V\u00e9rit\u00e9<em> ?<\/em><\/p>\n<p style=\"text-align: justify;\">\n<p style=\"text-align: justify;\">J. B.: Oui, ce livre reproduit les entretiens, \u00e9chelonn\u00e9s sur une vingtaine d&rsquo;ann\u00e9es que j&rsquo;ai eus avec quelques-uns des repr\u00e9sentants de l&rsquo;actuelle \u00ab ru\u00e9e vers l&rsquo;\u00e2me \u00bb. Il transmet leurs messages aux Occidentaux d&rsquo;aujourd&rsquo;hui : Lanza del Vasto, Jean Herbert, le traducteur des sages de l&rsquo;Inde contemporaine, <a href=\"http:\/\/www.revue3emillenaire.com\/blog\/?p=6920\" target=\"_blank\">Emile Gillabert<\/a> et l&rsquo;Evangile selon Thomas, <a href=\"http:\/\/www.revue3emillenaire.com\/blog\/?p=4008\" target=\"_blank\">Arnaud Desjardins<\/a>, <a href=\"http:\/\/www.revue3emillenaire.com\/blog\/?p=7277\" target=\"_blank\">Jacques Brosse<\/a>, <a href=\"http:\/\/www.revue3emillenaire.com\/blog\/?p=6055\" target=\"_blank\">Satprem<\/a>, le disciple de M\u00e8re, <a href=\"http:\/\/www.revue3emillenaire.com\/blog\/?p=6772\" target=\"_blank\">Etienne Perrot<\/a>, Louis Pauwels.<\/p>\n<p style=\"text-align: justify;\">\n<p style=\"text-align: justify;\"><em>Ph. C. : A la lumi\u00e8re de cette \u00ab ru\u00e9e vers l&rsquo;\u00e2me \u00bb pensez-vous que le christianisme touche \u00e0 sa fin, ou bien qu&rsquo;il va trouver dans la pens\u00e9e orientale les raisons d&rsquo;un renouveau ?<\/em><\/p>\n<p style=\"text-align: justify;\">\n<p style=\"text-align: justify;\">J. B. : On peut craindre pour l&rsquo;avenir de toute religion, d\u00e8s lors que celle-ci a perdu ou reni\u00e9 son \u00e9sot\u00e9risme. S&rsquo;il doit y avoir un renouveau, c&rsquo;est indiscutablement par un retour aux sources. Or, s&rsquo;il n&rsquo;avait pas d\u00e9vi\u00e9, le christianisme serait aussi oriental que les autres religions&#8230; Encore faut-il pr\u00e9ciser qu&rsquo;il y a deux \u00ab pens\u00e9es orientales \u00bb : celle qui est \u00e0 l&rsquo;int\u00e9rieur m\u00eame de l&rsquo;Occident, et celle qui nous vient d&rsquo;Asie. La premi\u00e8re concerne l&rsquo;orthodoxie qui continue de v\u00e9hiculer, f\u00fbt-ce \u00e0 son insu, l&rsquo;\u00e9sot\u00e9risme chr\u00e9tien. Elle concerne aussi au plan psychologique, l&rsquo;alchimie, telle qu&rsquo;un C.G. Jung l&rsquo;a ranim\u00e9e, fond\u00e9e sur l&rsquo;interpr\u00e9tation des r\u00eaves, le processus d&rsquo;individuation, le tout constituant un yoga occidental de la \u00ab connaissance de soi \u00bb&#8230; Et il y a l&rsquo;autre \u00ab pens\u00e9e orientale \u00bb, identique en son fond \u00e0 la premi\u00e8re, mais n\u00e9cessitant des adaptations, qui ne doivent pas \u00eatre des trahisons.<\/p>\n<p style=\"text-align: justify;\">\n<p style=\"text-align: justify;\">M\u00eame dans l&rsquo;\u00e9ventualit\u00e9 de la disparition d&rsquo;une religion, l&rsquo;on n&rsquo;a pas de droit d&rsquo;oublier que la dimension initiatique ne p\u00e9rit point, ni ne le peut. Prises dans leur acception symbolique, la crucifixion et la r\u00e9surrection, par exemple, sont de tout temps, de tous lieux, et concernent \u00e0 la fois macrocosme et microcosme. On ne doit pas oublier non plus que le logos subsiste \u00e9ternellement par-del\u00e0 dogmes et rites, comme le fil traversant les perles du collier.<\/p>\n<p style=\"text-align: justify;\">\n<p style=\"text-align: justify;\"><em>Ph. C.: Ne pensez-vous pas avec Louis Pauwels que dans la crise spirituelle contemporaine, l&rsquo;Occident \u00ab remonte confus\u00e9ment vers ses sources pour y purifier son avenir \u00bb ?<\/em><\/p>\n<p style=\"text-align: justify;\">\n<p style=\"text-align: justify;\">J. B. Je le crois absolument. Nous assistons \u00e0 un bouillonnement spirituel dont le grand public ne se rend pas compte. Tout ce qui peut sauver l&rsquo;Occident, nous devons le faire n\u00f4tre ; et l&rsquo;actuel d\u00e9voilement des anciennes connaissances n&rsquo;est pas un \u00e9v\u00e9nement sans signification. Yoga po\u00e9tique, pr\u00e9socratisme, h\u00e9sychasme, psychologie des profondeurs, sagesses orientales, que pouvons-nous souhaiter de plus pour construire autre chose et pour nous reconstruire nous-m\u00eames ?&#8230; Aucune \u00e9poque n&rsquo;a jamais \u00e9t\u00e9 le lieu d&rsquo;une telle convergence et r\u00e9surgence de \u00ab commencements absolus \u00bb&#8230; Construire non pas encore peut-\u00eatre une \u00ab humanit\u00e9 supramentale \u00bb, mais du moins, une civilisation digne de ce nom, garantissant les conditions qui permettent \u00e0 l&rsquo;homme de se r\u00e9aliser ; une plate-forme entre ce qui est et ce qui pourra plus tard inaugurer un nouveau cycle&#8230;<\/p>\n<p style=\"text-align: justify;\">\n<p style=\"text-align: right;\">Propos recueillis par Philippe Camby<\/p>\n<p style=\"text-align: justify;\">\n","protected":false},"excerpt":{"rendered":"<p>M\u00eame dans l&rsquo;\u00e9ventualit\u00e9 de la disparition d&rsquo;une religion, l&rsquo;on n&rsquo;a pas de droit d&rsquo;oublier que la dimension initiatique ne p\u00e9rit point, ni ne le peut. Prises dans leur acception symbolique, la crucifixion et la r\u00e9surrection, par exemple, sont de tout temps, de tous lieux, et concernent \u00e0 la fois macrocosme et microcosme. On ne doit pas oublier non plus que le logos subsiste \u00e9ternellement par-del\u00e0 dogmes et rites, comme le fil traversant les perles du collier.<\/p>\n","protected":false},"author":1,"featured_media":0,"comment_status":"closed","ping_status":"closed","sticky":false,"template":"","format":"standard","meta":{"footnotes":""},"categories":[595,999,5],"tags":[1347],"class_list":["post-10032","post","type-post","status-publish","format-standard","hentry","category-bies-jean","category-camby-philippe","category-interview","tag-spiritualite"],"yoast_head":"<!-- This site is optimized with the Yoast SEO plugin v27.0 - https:\/\/yoast.com\/product\/yoast-seo-wordpress\/ -->\n<title>Jean Bi\u00e8s: dialogue avec des chercheurs d&#039;absolu par Philippe Camby - 3e mill\u00e9naire - Spiritualit\u00e9 - Connaissance de soi - Non-dualit\u00e9 - M\u00e9ditation<\/title>\n<meta name=\"robots\" content=\"index, follow, max-snippet:-1, max-image-preview:large, max-video-preview:-1\" \/>\n<link rel=\"canonical\" href=\"https:\/\/www.revue3emillenaire.com\/blog\/jean-bies-dialogue-avec-des-chercheurs-dabsolu-par-philippe-camby\/\" \/>\n<meta property=\"og:locale\" content=\"fr_FR\" \/>\n<meta property=\"og:type\" content=\"article\" \/>\n<meta property=\"og:title\" content=\"Jean Bi\u00e8s: dialogue avec des chercheurs d&#039;absolu par Philippe Camby - 3e mill\u00e9naire - Spiritualit\u00e9 - Connaissance de soi - Non-dualit\u00e9 - M\u00e9ditation\" \/>\n<meta property=\"og:description\" content=\"M\u00eame dans l&#039;\u00e9ventualit\u00e9 de la disparition d&#039;une religion, l&#039;on n&#039;a pas de droit d&#039;oublier que la dimension initiatique ne p\u00e9rit point, ni ne le peut. Prises dans leur acception symbolique, la crucifixion et la r\u00e9surrection, par exemple, sont de tout temps, de tous lieux, et concernent \u00e0 la fois macrocosme et microcosme. On ne doit pas oublier non plus que le logos subsiste \u00e9ternellement par-del\u00e0 dogmes et rites, comme le fil traversant les perles du collier.\" \/>\n<meta property=\"og:url\" content=\"https:\/\/www.revue3emillenaire.com\/blog\/jean-bies-dialogue-avec-des-chercheurs-dabsolu-par-philippe-camby\/\" \/>\n<meta property=\"og:site_name\" content=\"3e mill\u00e9naire - Spiritualit\u00e9 - Connaissance de soi - Non-dualit\u00e9 - M\u00e9ditation\" \/>\n<meta property=\"article:published_time\" content=\"2011-11-15T02:34:18+00:00\" \/>\n<meta name=\"author\" content=\"3e mill\u00e9naire\" \/>\n<meta name=\"twitter:card\" content=\"summary_large_image\" \/>\n<meta name=\"twitter:label1\" content=\"\u00c9crit par\" \/>\n\t<meta name=\"twitter:data1\" content=\"3e mill\u00e9naire\" \/>\n\t<meta name=\"twitter:label2\" content=\"Dur\u00e9e de lecture estim\u00e9e\" \/>\n\t<meta name=\"twitter:data2\" content=\"11 minutes\" \/>\n<script type=\"application\/ld+json\" class=\"yoast-schema-graph\">{\"@context\":\"https:\/\/schema.org\",\"@graph\":[{\"@type\":\"Article\",\"@id\":\"https:\/\/www.revue3emillenaire.com\/blog\/jean-bies-dialogue-avec-des-chercheurs-dabsolu-par-philippe-camby\/#article\",\"isPartOf\":{\"@id\":\"https:\/\/www.revue3emillenaire.com\/blog\/jean-bies-dialogue-avec-des-chercheurs-dabsolu-par-philippe-camby\/\"},\"author\":{\"name\":\"3e mill\u00e9naire\",\"@id\":\"https:\/\/www.revue3emillenaire.com\/blog\/#\/schema\/person\/9a3a7cc4ccaa707f402d4394327106d5\"},\"headline\":\"Jean Bi\u00e8s: dialogue avec des chercheurs d&rsquo;absolu par Philippe Camby\",\"datePublished\":\"2011-11-15T02:34:18+00:00\",\"mainEntityOfPage\":{\"@id\":\"https:\/\/www.revue3emillenaire.com\/blog\/jean-bies-dialogue-avec-des-chercheurs-dabsolu-par-philippe-camby\/\"},\"wordCount\":2267,\"keywords\":[\"Spiritualit\u00e9\"],\"articleSection\":[\"Bi\u00e8s Jean\",\"Camby Philippe\",\"Entretien\/Interview\"],\"inLanguage\":\"fr-FR\"},{\"@type\":\"WebPage\",\"@id\":\"https:\/\/www.revue3emillenaire.com\/blog\/jean-bies-dialogue-avec-des-chercheurs-dabsolu-par-philippe-camby\/\",\"url\":\"https:\/\/www.revue3emillenaire.com\/blog\/jean-bies-dialogue-avec-des-chercheurs-dabsolu-par-philippe-camby\/\",\"name\":\"Jean Bi\u00e8s: dialogue avec des chercheurs d'absolu par Philippe Camby - 3e mill\u00e9naire - Spiritualit\u00e9 - Connaissance de soi - Non-dualit\u00e9 - M\u00e9ditation\",\"isPartOf\":{\"@id\":\"https:\/\/www.revue3emillenaire.com\/blog\/#website\"},\"datePublished\":\"2011-11-15T02:34:18+00:00\",\"author\":{\"@id\":\"https:\/\/www.revue3emillenaire.com\/blog\/#\/schema\/person\/9a3a7cc4ccaa707f402d4394327106d5\"},\"breadcrumb\":{\"@id\":\"https:\/\/www.revue3emillenaire.com\/blog\/jean-bies-dialogue-avec-des-chercheurs-dabsolu-par-philippe-camby\/#breadcrumb\"},\"inLanguage\":\"fr-FR\",\"potentialAction\":[{\"@type\":\"ReadAction\",\"target\":[\"https:\/\/www.revue3emillenaire.com\/blog\/jean-bies-dialogue-avec-des-chercheurs-dabsolu-par-philippe-camby\/\"]}]},{\"@type\":\"BreadcrumbList\",\"@id\":\"https:\/\/www.revue3emillenaire.com\/blog\/jean-bies-dialogue-avec-des-chercheurs-dabsolu-par-philippe-camby\/#breadcrumb\",\"itemListElement\":[{\"@type\":\"ListItem\",\"position\":1,\"name\":\"Accueil\",\"item\":\"https:\/\/www.revue3emillenaire.com\/blog\/\"},{\"@type\":\"ListItem\",\"position\":2,\"name\":\"Jean Bi\u00e8s: dialogue avec des chercheurs d&rsquo;absolu par Philippe Camby\"}]},{\"@type\":\"WebSite\",\"@id\":\"https:\/\/www.revue3emillenaire.com\/blog\/#website\",\"url\":\"https:\/\/www.revue3emillenaire.com\/blog\/\",\"name\":\"3e mill\u00e9naire - Spiritualit\u00e9 - Connaissance de soi - Non-dualit\u00e9 - M\u00e9ditation\",\"description\":\"L&#039;Homme en devenir\",\"potentialAction\":[{\"@type\":\"SearchAction\",\"target\":{\"@type\":\"EntryPoint\",\"urlTemplate\":\"https:\/\/www.revue3emillenaire.com\/blog\/?s={search_term_string}\"},\"query-input\":{\"@type\":\"PropertyValueSpecification\",\"valueRequired\":true,\"valueName\":\"search_term_string\"}}],\"inLanguage\":\"fr-FR\"},{\"@type\":\"Person\",\"@id\":\"https:\/\/www.revue3emillenaire.com\/blog\/#\/schema\/person\/9a3a7cc4ccaa707f402d4394327106d5\",\"name\":\"3e mill\u00e9naire\",\"url\":\"https:\/\/www.revue3emillenaire.com\/blog\/author\/admin\/\"}]}<\/script>\n<!-- \/ Yoast SEO plugin. -->","yoast_head_json":{"title":"Jean Bi\u00e8s: dialogue avec des chercheurs d'absolu par Philippe Camby - 3e mill\u00e9naire - Spiritualit\u00e9 - Connaissance de soi - Non-dualit\u00e9 - M\u00e9ditation","robots":{"index":"index","follow":"follow","max-snippet":"max-snippet:-1","max-image-preview":"max-image-preview:large","max-video-preview":"max-video-preview:-1"},"canonical":"https:\/\/www.revue3emillenaire.com\/blog\/jean-bies-dialogue-avec-des-chercheurs-dabsolu-par-philippe-camby\/","og_locale":"fr_FR","og_type":"article","og_title":"Jean Bi\u00e8s: dialogue avec des chercheurs d'absolu par Philippe Camby - 3e mill\u00e9naire - Spiritualit\u00e9 - Connaissance de soi - Non-dualit\u00e9 - M\u00e9ditation","og_description":"M\u00eame dans l'\u00e9ventualit\u00e9 de la disparition d'une religion, l'on n'a pas de droit d'oublier que la dimension initiatique ne p\u00e9rit point, ni ne le peut. Prises dans leur acception symbolique, la crucifixion et la r\u00e9surrection, par exemple, sont de tout temps, de tous lieux, et concernent \u00e0 la fois macrocosme et microcosme. On ne doit pas oublier non plus que le logos subsiste \u00e9ternellement par-del\u00e0 dogmes et rites, comme le fil traversant les perles du collier.","og_url":"https:\/\/www.revue3emillenaire.com\/blog\/jean-bies-dialogue-avec-des-chercheurs-dabsolu-par-philippe-camby\/","og_site_name":"3e mill\u00e9naire - Spiritualit\u00e9 - Connaissance de soi - Non-dualit\u00e9 - M\u00e9ditation","article_published_time":"2011-11-15T02:34:18+00:00","author":"3e mill\u00e9naire","twitter_card":"summary_large_image","twitter_misc":{"\u00c9crit par":"3e mill\u00e9naire","Dur\u00e9e de lecture estim\u00e9e":"11 minutes"},"schema":{"@context":"https:\/\/schema.org","@graph":[{"@type":"Article","@id":"https:\/\/www.revue3emillenaire.com\/blog\/jean-bies-dialogue-avec-des-chercheurs-dabsolu-par-philippe-camby\/#article","isPartOf":{"@id":"https:\/\/www.revue3emillenaire.com\/blog\/jean-bies-dialogue-avec-des-chercheurs-dabsolu-par-philippe-camby\/"},"author":{"name":"3e mill\u00e9naire","@id":"https:\/\/www.revue3emillenaire.com\/blog\/#\/schema\/person\/9a3a7cc4ccaa707f402d4394327106d5"},"headline":"Jean Bi\u00e8s: dialogue avec des chercheurs d&rsquo;absolu par Philippe Camby","datePublished":"2011-11-15T02:34:18+00:00","mainEntityOfPage":{"@id":"https:\/\/www.revue3emillenaire.com\/blog\/jean-bies-dialogue-avec-des-chercheurs-dabsolu-par-philippe-camby\/"},"wordCount":2267,"keywords":["Spiritualit\u00e9"],"articleSection":["Bi\u00e8s Jean","Camby Philippe","Entretien\/Interview"],"inLanguage":"fr-FR"},{"@type":"WebPage","@id":"https:\/\/www.revue3emillenaire.com\/blog\/jean-bies-dialogue-avec-des-chercheurs-dabsolu-par-philippe-camby\/","url":"https:\/\/www.revue3emillenaire.com\/blog\/jean-bies-dialogue-avec-des-chercheurs-dabsolu-par-philippe-camby\/","name":"Jean Bi\u00e8s: dialogue avec des chercheurs d'absolu par Philippe Camby - 3e mill\u00e9naire - Spiritualit\u00e9 - Connaissance de soi - Non-dualit\u00e9 - M\u00e9ditation","isPartOf":{"@id":"https:\/\/www.revue3emillenaire.com\/blog\/#website"},"datePublished":"2011-11-15T02:34:18+00:00","author":{"@id":"https:\/\/www.revue3emillenaire.com\/blog\/#\/schema\/person\/9a3a7cc4ccaa707f402d4394327106d5"},"breadcrumb":{"@id":"https:\/\/www.revue3emillenaire.com\/blog\/jean-bies-dialogue-avec-des-chercheurs-dabsolu-par-philippe-camby\/#breadcrumb"},"inLanguage":"fr-FR","potentialAction":[{"@type":"ReadAction","target":["https:\/\/www.revue3emillenaire.com\/blog\/jean-bies-dialogue-avec-des-chercheurs-dabsolu-par-philippe-camby\/"]}]},{"@type":"BreadcrumbList","@id":"https:\/\/www.revue3emillenaire.com\/blog\/jean-bies-dialogue-avec-des-chercheurs-dabsolu-par-philippe-camby\/#breadcrumb","itemListElement":[{"@type":"ListItem","position":1,"name":"Accueil","item":"https:\/\/www.revue3emillenaire.com\/blog\/"},{"@type":"ListItem","position":2,"name":"Jean Bi\u00e8s: dialogue avec des chercheurs d&rsquo;absolu par Philippe Camby"}]},{"@type":"WebSite","@id":"https:\/\/www.revue3emillenaire.com\/blog\/#website","url":"https:\/\/www.revue3emillenaire.com\/blog\/","name":"3e mill\u00e9naire - Spiritualit\u00e9 - Connaissance de soi - Non-dualit\u00e9 - M\u00e9ditation","description":"L&#039;Homme en devenir","potentialAction":[{"@type":"SearchAction","target":{"@type":"EntryPoint","urlTemplate":"https:\/\/www.revue3emillenaire.com\/blog\/?s={search_term_string}"},"query-input":{"@type":"PropertyValueSpecification","valueRequired":true,"valueName":"search_term_string"}}],"inLanguage":"fr-FR"},{"@type":"Person","@id":"https:\/\/www.revue3emillenaire.com\/blog\/#\/schema\/person\/9a3a7cc4ccaa707f402d4394327106d5","name":"3e mill\u00e9naire","url":"https:\/\/www.revue3emillenaire.com\/blog\/author\/admin\/"}]}},"_links":{"self":[{"href":"https:\/\/www.revue3emillenaire.com\/blog\/wp-json\/wp\/v2\/posts\/10032","targetHints":{"allow":["GET"]}}],"collection":[{"href":"https:\/\/www.revue3emillenaire.com\/blog\/wp-json\/wp\/v2\/posts"}],"about":[{"href":"https:\/\/www.revue3emillenaire.com\/blog\/wp-json\/wp\/v2\/types\/post"}],"author":[{"embeddable":true,"href":"https:\/\/www.revue3emillenaire.com\/blog\/wp-json\/wp\/v2\/users\/1"}],"replies":[{"embeddable":true,"href":"https:\/\/www.revue3emillenaire.com\/blog\/wp-json\/wp\/v2\/comments?post=10032"}],"version-history":[{"count":0,"href":"https:\/\/www.revue3emillenaire.com\/blog\/wp-json\/wp\/v2\/posts\/10032\/revisions"}],"wp:attachment":[{"href":"https:\/\/www.revue3emillenaire.com\/blog\/wp-json\/wp\/v2\/media?parent=10032"}],"wp:term":[{"taxonomy":"category","embeddable":true,"href":"https:\/\/www.revue3emillenaire.com\/blog\/wp-json\/wp\/v2\/categories?post=10032"},{"taxonomy":"post_tag","embeddable":true,"href":"https:\/\/www.revue3emillenaire.com\/blog\/wp-json\/wp\/v2\/tags?post=10032"}],"curies":[{"name":"wp","href":"https:\/\/api.w.org\/{rel}","templated":true}]}}