{"id":101,"date":"2008-08-27T00:00:00","date_gmt":"2008-08-27T00:00:00","guid":{"rendered":"http:\/\/www.revue3emillenaire.com\/blog\/?p=101"},"modified":"2010-07-20T21:05:57","modified_gmt":"2010-07-20T20:05:57","slug":"inconscient-collectif-et-libert-spirituelle-par-robert-linssen","status":"publish","type":"post","link":"https:\/\/www.revue3emillenaire.com\/blog\/inconscient-collectif-et-libert-spirituelle-par-robert-linssen\/","title":{"rendered":"Inconscient collectif et libert&eacute; spirituelle par Robert Linssen"},"content":{"rendered":"<p style=\"text-align: justify;\">(Revue \u00catre Libre Num\u00e9ros 142-144, Janvier-F\u00e9vrier 1958)<\/p>\n<p style=\"text-align: justify;\">Lors d&rsquo;une r\u00e9cente causerie, un auditeur me disait : \u00ab Ici en Europe, nous avons un inconscient collectif b\u00e2ti sur les v\u00e9rit\u00e9s du Christ, ni le Zen, ni le Tao\u00efsme ne peuvent nous aider \u00bb.<\/p>\n<p style=\"text-align: justify;\">Disons imm\u00e9diatement que la v\u00e9rit\u00e9 n&rsquo;est ni Chr\u00e9tienne, Bouddhiste, ni Ta\u00f4iste.<\/p>\n<p style=\"text-align: justify;\">Je ne me consid\u00e8re ni comme un chr\u00e9tien, ni comme un bouddhiste. La v\u00e9rit\u00e9 est en dehors de toutes les syst\u00e9matisations de l&rsquo;esprit.<\/p>\n<p style=\"text-align: justify;\">La condition \u00ab sine-qua-non \u00bb de la d\u00e9couverte de la V\u00e9rit\u00e9 est l&rsquo;affranchissement des conditionnements qui paralysent l&rsquo;esprit. Parmi les conditionnements les plus lourds et les plus profonds se situent pr\u00e9cis\u00e9ment ces cr\u00e9ations de l&rsquo;inconscient collectif exer\u00e7ant sur l&rsquo;\u00e2me humaine une emprise consid\u00e9rable.<\/p>\n<p style=\"text-align: justify;\">C&rsquo;est \u00e0 ces constructions mentales collectives que s&rsquo;alimentent notre \u00ab moi \u00bb, notre \u00e9go\u00efsme. Aussi longtemps qu&rsquo;un esprit est conditionn\u00e9 par un syst\u00e8me particulier, il subit l&#8217;emprise de la loi de l&rsquo;habitude, de la r\u00e9p\u00e9tition, de la mort. Le \u00ab d\u00e9pouillement \u00bb du Vieil \u00ab homme \u00bb doit commencer par cela : nous affranchir de toute syst\u00e9matisation de l&rsquo;esprit; nous lib\u00e9rer des images, des symboles, des mots auxquels s&rsquo;est associ\u00e9 notre mental en vue de s&rsquo;installer confortablement dans ses croyances, ses dogmes.<\/p>\n<p style=\"text-align: justify;\">Ainsi se construit le \u00ab moi \u00bb. Ainsi s&rsquo;endort-il sous l&rsquo;effet des narcotiques spirituels que sont les cr\u00e9ations de l&rsquo;inconscient collectif.<\/p>\n<p style=\"text-align: justify;\">C&rsquo;est au nom de ces cr\u00e9ations de l&rsquo;inconscient collectif, qu&rsquo;elles soient chr\u00e9tiennes ou autres, qu&rsquo;ont \u00e9t\u00e9 commis les pires crimes, les pires atrocit\u00e9s de l&rsquo;histoire.<\/p>\n<p style=\"text-align: justify;\">Car tout \u00eatre humain qui s&rsquo;identifie \u00e0 une id\u00e9e se met \u00e0 l&rsquo;instant m\u00eame en contact avec les forces psychiques \u00e9normes qui sont attach\u00e9es \u00e0 cette id\u00e9e.<\/p>\n<p style=\"text-align: justify;\">Ces forces psychiques ont \u00e9t\u00e9 form\u00e9es par les millions d&rsquo;adorateurs d&rsquo;une id\u00e9e ou d&rsquo;un symbole.<\/p>\n<p style=\"text-align: justify;\">Ceci n&rsquo;est pas une cr\u00e9ation de l&rsquo;esprit et l&rsquo;\u00e9tude de la psychologique analytique nous fournit quotidiennement mille preuves de l&rsquo;existence de ces \u00ab id\u00e9es forces \u00bb ou \u00ab arch\u00e9types \u00bb ou \u00ab paradigmes \u00bb.<\/p>\n<p style=\"text-align: justify;\">L&rsquo;homme qui s&rsquo;identifie \u00e0 de tels courants se sent galvanis\u00e9 et se trouve pr\u00eat \u00e0 tous les fanatismes, \u00e0 tous les crimes, m\u00eame pour assurer le triomphe du syst\u00e8me de pens\u00e9e auquel il s&rsquo;est identifi\u00e9. Ceci aboutit aux Croisades, \u00e0 l&rsquo;Inquisition, aux Dragonnades et \u00e0 mille atrocit\u00e9s, dont l&rsquo;histoire est malheureusement si riche.<\/p>\n<p style=\"text-align: justify;\">L&rsquo;illumination spirituelle n\u2019est possible qu\u2019\u00e0 partir de l&rsquo;instant o\u00f9 nous sommes attentifs aux moindres d\u00e9marches de notre esprit. Nous verrons alors tr\u00e8s clairement la fa\u00e7on dont nous nous emparons d&rsquo;une id\u00e9e ou d&rsquo;un syst\u00e8me pour nous affirmer, pour nous \u00e9vader d&rsquo;un vide fondamental ou d&rsquo;une peur obscure d&rsquo; \u00ab \u00eatre rien \u00bb. La libert\u00e9 spirituelle v\u00e9ritable est atteinte lorsque le \u00ab moi \u00bb prend conscience de son caract\u00e8re illusoire et d\u00e9couvre la R\u00e9alit\u00e9 profonde de son \u00eatre. Dans cette libert\u00e9 infinie r\u00e9side le secret de la Joie cr\u00e9atrice.<\/p>\n<p style=\"padding-left: 360px; text-align: right;\">Robert LINSSEN.<\/p>\n","protected":false},"excerpt":{"rendered":"<p>La condition \u00ab sine-qua-non \u00bb de la d\u00e9couverte de la V\u00e9rit\u00e9 est l&rsquo;affranchissement des conditionnements qui paralysent l&rsquo;esprit. Parmi les conditionnements les plus lourds et les plus profonds se situent pr\u00e9cis\u00e9ment ces cr\u00e9ations de l&rsquo;inconscient collectif exer\u00e7ant sur l&rsquo;\u00e2me humaine une emprise consid\u00e9rable.<\/p>\n","protected":false},"author":1,"featured_media":0,"comment_status":"open","ping_status":"open","sticky":false,"template":"","format":"standard","meta":{"footnotes":""},"categories":[66],"tags":[142,171],"class_list":["post-101","post","type-post","status-publish","format-standard","hentry","category-r-linssen","tag-inconscient","tag-liberte"],"yoast_head":"<!-- This site is optimized with the Yoast SEO plugin v27.0 - https:\/\/yoast.com\/product\/yoast-seo-wordpress\/ -->\n<title>Inconscient collectif et libert&eacute; spirituelle par Robert Linssen - 3e mill\u00e9naire - Spiritualit\u00e9 - Connaissance de soi - Non-dualit\u00e9 - M\u00e9ditation<\/title>\n<meta name=\"robots\" content=\"index, follow, max-snippet:-1, max-image-preview:large, max-video-preview:-1\" \/>\n<link rel=\"canonical\" href=\"https:\/\/www.revue3emillenaire.com\/blog\/inconscient-collectif-et-libert-spirituelle-par-robert-linssen\/\" \/>\n<meta property=\"og:locale\" content=\"fr_FR\" \/>\n<meta property=\"og:type\" content=\"article\" \/>\n<meta property=\"og:title\" content=\"Inconscient collectif et libert&eacute; spirituelle par Robert Linssen - 3e mill\u00e9naire - Spiritualit\u00e9 - Connaissance de soi - Non-dualit\u00e9 - M\u00e9ditation\" \/>\n<meta property=\"og:description\" content=\"La condition \u00ab sine-qua-non \u00bb de la d\u00e9couverte de la V\u00e9rit\u00e9 est l&#039;affranchissement des conditionnements qui paralysent l&#039;esprit. Parmi les conditionnements les plus lourds et les plus profonds se situent pr\u00e9cis\u00e9ment ces cr\u00e9ations de l&#039;inconscient collectif exer\u00e7ant sur l&#039;\u00e2me humaine une emprise consid\u00e9rable.\" \/>\n<meta property=\"og:url\" content=\"https:\/\/www.revue3emillenaire.com\/blog\/inconscient-collectif-et-libert-spirituelle-par-robert-linssen\/\" \/>\n<meta property=\"og:site_name\" content=\"3e mill\u00e9naire - Spiritualit\u00e9 - Connaissance de soi - Non-dualit\u00e9 - M\u00e9ditation\" \/>\n<meta property=\"article:published_time\" content=\"2008-08-27T00:00:00+00:00\" \/>\n<meta property=\"article:modified_time\" content=\"2010-07-20T20:05:57+00:00\" \/>\n<meta name=\"author\" content=\"3e mill\u00e9naire\" \/>\n<meta name=\"twitter:card\" content=\"summary_large_image\" \/>\n<meta name=\"twitter:label1\" content=\"\u00c9crit par\" \/>\n\t<meta name=\"twitter:data1\" content=\"3e mill\u00e9naire\" \/>\n\t<meta name=\"twitter:label2\" content=\"Dur\u00e9e de lecture estim\u00e9e\" \/>\n\t<meta name=\"twitter:data2\" content=\"2 minutes\" \/>\n<script type=\"application\/ld+json\" class=\"yoast-schema-graph\">{\"@context\":\"https:\/\/schema.org\",\"@graph\":[{\"@type\":\"Article\",\"@id\":\"https:\/\/www.revue3emillenaire.com\/blog\/inconscient-collectif-et-libert-spirituelle-par-robert-linssen\/#article\",\"isPartOf\":{\"@id\":\"https:\/\/www.revue3emillenaire.com\/blog\/inconscient-collectif-et-libert-spirituelle-par-robert-linssen\/\"},\"author\":{\"name\":\"3e mill\u00e9naire\",\"@id\":\"https:\/\/www.revue3emillenaire.com\/blog\/#\/schema\/person\/9a3a7cc4ccaa707f402d4394327106d5\"},\"headline\":\"Inconscient collectif et libert&eacute; spirituelle par Robert Linssen\",\"datePublished\":\"2008-08-27T00:00:00+00:00\",\"dateModified\":\"2010-07-20T20:05:57+00:00\",\"mainEntityOfPage\":{\"@id\":\"https:\/\/www.revue3emillenaire.com\/blog\/inconscient-collectif-et-libert-spirituelle-par-robert-linssen\/\"},\"wordCount\":502,\"commentCount\":0,\"keywords\":[\"Inconscient\",\"Libert\u00e9\"],\"articleSection\":[\"Linssen Robert\"],\"inLanguage\":\"fr-FR\",\"potentialAction\":[{\"@type\":\"CommentAction\",\"name\":\"Comment\",\"target\":[\"https:\/\/www.revue3emillenaire.com\/blog\/inconscient-collectif-et-libert-spirituelle-par-robert-linssen\/#respond\"]}]},{\"@type\":\"WebPage\",\"@id\":\"https:\/\/www.revue3emillenaire.com\/blog\/inconscient-collectif-et-libert-spirituelle-par-robert-linssen\/\",\"url\":\"https:\/\/www.revue3emillenaire.com\/blog\/inconscient-collectif-et-libert-spirituelle-par-robert-linssen\/\",\"name\":\"Inconscient collectif et libert&eacute; spirituelle par Robert Linssen - 3e mill\u00e9naire - Spiritualit\u00e9 - Connaissance de soi - Non-dualit\u00e9 - M\u00e9ditation\",\"isPartOf\":{\"@id\":\"https:\/\/www.revue3emillenaire.com\/blog\/#website\"},\"datePublished\":\"2008-08-27T00:00:00+00:00\",\"dateModified\":\"2010-07-20T20:05:57+00:00\",\"author\":{\"@id\":\"https:\/\/www.revue3emillenaire.com\/blog\/#\/schema\/person\/9a3a7cc4ccaa707f402d4394327106d5\"},\"breadcrumb\":{\"@id\":\"https:\/\/www.revue3emillenaire.com\/blog\/inconscient-collectif-et-libert-spirituelle-par-robert-linssen\/#breadcrumb\"},\"inLanguage\":\"fr-FR\",\"potentialAction\":[{\"@type\":\"ReadAction\",\"target\":[\"https:\/\/www.revue3emillenaire.com\/blog\/inconscient-collectif-et-libert-spirituelle-par-robert-linssen\/\"]}]},{\"@type\":\"BreadcrumbList\",\"@id\":\"https:\/\/www.revue3emillenaire.com\/blog\/inconscient-collectif-et-libert-spirituelle-par-robert-linssen\/#breadcrumb\",\"itemListElement\":[{\"@type\":\"ListItem\",\"position\":1,\"name\":\"Accueil\",\"item\":\"https:\/\/www.revue3emillenaire.com\/blog\/\"},{\"@type\":\"ListItem\",\"position\":2,\"name\":\"Inconscient collectif et libert&eacute; spirituelle par Robert Linssen\"}]},{\"@type\":\"WebSite\",\"@id\":\"https:\/\/www.revue3emillenaire.com\/blog\/#website\",\"url\":\"https:\/\/www.revue3emillenaire.com\/blog\/\",\"name\":\"3e mill\u00e9naire - Spiritualit\u00e9 - Connaissance de soi - Non-dualit\u00e9 - M\u00e9ditation\",\"description\":\"L&#039;Homme en devenir\",\"potentialAction\":[{\"@type\":\"SearchAction\",\"target\":{\"@type\":\"EntryPoint\",\"urlTemplate\":\"https:\/\/www.revue3emillenaire.com\/blog\/?s={search_term_string}\"},\"query-input\":{\"@type\":\"PropertyValueSpecification\",\"valueRequired\":true,\"valueName\":\"search_term_string\"}}],\"inLanguage\":\"fr-FR\"},{\"@type\":\"Person\",\"@id\":\"https:\/\/www.revue3emillenaire.com\/blog\/#\/schema\/person\/9a3a7cc4ccaa707f402d4394327106d5\",\"name\":\"3e mill\u00e9naire\",\"url\":\"https:\/\/www.revue3emillenaire.com\/blog\/author\/admin\/\"}]}<\/script>\n<!-- \/ Yoast SEO plugin. -->","yoast_head_json":{"title":"Inconscient collectif et libert&eacute; spirituelle par Robert Linssen - 3e mill\u00e9naire - Spiritualit\u00e9 - Connaissance de soi - Non-dualit\u00e9 - M\u00e9ditation","robots":{"index":"index","follow":"follow","max-snippet":"max-snippet:-1","max-image-preview":"max-image-preview:large","max-video-preview":"max-video-preview:-1"},"canonical":"https:\/\/www.revue3emillenaire.com\/blog\/inconscient-collectif-et-libert-spirituelle-par-robert-linssen\/","og_locale":"fr_FR","og_type":"article","og_title":"Inconscient collectif et libert&eacute; spirituelle par Robert Linssen - 3e mill\u00e9naire - Spiritualit\u00e9 - Connaissance de soi - Non-dualit\u00e9 - M\u00e9ditation","og_description":"La condition \u00ab sine-qua-non \u00bb de la d\u00e9couverte de la V\u00e9rit\u00e9 est l'affranchissement des conditionnements qui paralysent l'esprit. Parmi les conditionnements les plus lourds et les plus profonds se situent pr\u00e9cis\u00e9ment ces cr\u00e9ations de l'inconscient collectif exer\u00e7ant sur l'\u00e2me humaine une emprise consid\u00e9rable.","og_url":"https:\/\/www.revue3emillenaire.com\/blog\/inconscient-collectif-et-libert-spirituelle-par-robert-linssen\/","og_site_name":"3e mill\u00e9naire - Spiritualit\u00e9 - Connaissance de soi - Non-dualit\u00e9 - M\u00e9ditation","article_published_time":"2008-08-27T00:00:00+00:00","article_modified_time":"2010-07-20T20:05:57+00:00","author":"3e mill\u00e9naire","twitter_card":"summary_large_image","twitter_misc":{"\u00c9crit par":"3e mill\u00e9naire","Dur\u00e9e de lecture estim\u00e9e":"2 minutes"},"schema":{"@context":"https:\/\/schema.org","@graph":[{"@type":"Article","@id":"https:\/\/www.revue3emillenaire.com\/blog\/inconscient-collectif-et-libert-spirituelle-par-robert-linssen\/#article","isPartOf":{"@id":"https:\/\/www.revue3emillenaire.com\/blog\/inconscient-collectif-et-libert-spirituelle-par-robert-linssen\/"},"author":{"name":"3e mill\u00e9naire","@id":"https:\/\/www.revue3emillenaire.com\/blog\/#\/schema\/person\/9a3a7cc4ccaa707f402d4394327106d5"},"headline":"Inconscient collectif et libert&eacute; spirituelle par Robert Linssen","datePublished":"2008-08-27T00:00:00+00:00","dateModified":"2010-07-20T20:05:57+00:00","mainEntityOfPage":{"@id":"https:\/\/www.revue3emillenaire.com\/blog\/inconscient-collectif-et-libert-spirituelle-par-robert-linssen\/"},"wordCount":502,"commentCount":0,"keywords":["Inconscient","Libert\u00e9"],"articleSection":["Linssen Robert"],"inLanguage":"fr-FR","potentialAction":[{"@type":"CommentAction","name":"Comment","target":["https:\/\/www.revue3emillenaire.com\/blog\/inconscient-collectif-et-libert-spirituelle-par-robert-linssen\/#respond"]}]},{"@type":"WebPage","@id":"https:\/\/www.revue3emillenaire.com\/blog\/inconscient-collectif-et-libert-spirituelle-par-robert-linssen\/","url":"https:\/\/www.revue3emillenaire.com\/blog\/inconscient-collectif-et-libert-spirituelle-par-robert-linssen\/","name":"Inconscient collectif et libert&eacute; spirituelle par Robert Linssen - 3e mill\u00e9naire - Spiritualit\u00e9 - Connaissance de soi - Non-dualit\u00e9 - M\u00e9ditation","isPartOf":{"@id":"https:\/\/www.revue3emillenaire.com\/blog\/#website"},"datePublished":"2008-08-27T00:00:00+00:00","dateModified":"2010-07-20T20:05:57+00:00","author":{"@id":"https:\/\/www.revue3emillenaire.com\/blog\/#\/schema\/person\/9a3a7cc4ccaa707f402d4394327106d5"},"breadcrumb":{"@id":"https:\/\/www.revue3emillenaire.com\/blog\/inconscient-collectif-et-libert-spirituelle-par-robert-linssen\/#breadcrumb"},"inLanguage":"fr-FR","potentialAction":[{"@type":"ReadAction","target":["https:\/\/www.revue3emillenaire.com\/blog\/inconscient-collectif-et-libert-spirituelle-par-robert-linssen\/"]}]},{"@type":"BreadcrumbList","@id":"https:\/\/www.revue3emillenaire.com\/blog\/inconscient-collectif-et-libert-spirituelle-par-robert-linssen\/#breadcrumb","itemListElement":[{"@type":"ListItem","position":1,"name":"Accueil","item":"https:\/\/www.revue3emillenaire.com\/blog\/"},{"@type":"ListItem","position":2,"name":"Inconscient collectif et libert&eacute; spirituelle par Robert Linssen"}]},{"@type":"WebSite","@id":"https:\/\/www.revue3emillenaire.com\/blog\/#website","url":"https:\/\/www.revue3emillenaire.com\/blog\/","name":"3e mill\u00e9naire - Spiritualit\u00e9 - Connaissance de soi - Non-dualit\u00e9 - M\u00e9ditation","description":"L&#039;Homme en devenir","potentialAction":[{"@type":"SearchAction","target":{"@type":"EntryPoint","urlTemplate":"https:\/\/www.revue3emillenaire.com\/blog\/?s={search_term_string}"},"query-input":{"@type":"PropertyValueSpecification","valueRequired":true,"valueName":"search_term_string"}}],"inLanguage":"fr-FR"},{"@type":"Person","@id":"https:\/\/www.revue3emillenaire.com\/blog\/#\/schema\/person\/9a3a7cc4ccaa707f402d4394327106d5","name":"3e mill\u00e9naire","url":"https:\/\/www.revue3emillenaire.com\/blog\/author\/admin\/"}]}},"_links":{"self":[{"href":"https:\/\/www.revue3emillenaire.com\/blog\/wp-json\/wp\/v2\/posts\/101","targetHints":{"allow":["GET"]}}],"collection":[{"href":"https:\/\/www.revue3emillenaire.com\/blog\/wp-json\/wp\/v2\/posts"}],"about":[{"href":"https:\/\/www.revue3emillenaire.com\/blog\/wp-json\/wp\/v2\/types\/post"}],"author":[{"embeddable":true,"href":"https:\/\/www.revue3emillenaire.com\/blog\/wp-json\/wp\/v2\/users\/1"}],"replies":[{"embeddable":true,"href":"https:\/\/www.revue3emillenaire.com\/blog\/wp-json\/wp\/v2\/comments?post=101"}],"version-history":[{"count":0,"href":"https:\/\/www.revue3emillenaire.com\/blog\/wp-json\/wp\/v2\/posts\/101\/revisions"}],"wp:attachment":[{"href":"https:\/\/www.revue3emillenaire.com\/blog\/wp-json\/wp\/v2\/media?parent=101"}],"wp:term":[{"taxonomy":"category","embeddable":true,"href":"https:\/\/www.revue3emillenaire.com\/blog\/wp-json\/wp\/v2\/categories?post=101"},{"taxonomy":"post_tag","embeddable":true,"href":"https:\/\/www.revue3emillenaire.com\/blog\/wp-json\/wp\/v2\/tags?post=101"}],"curies":[{"name":"wp","href":"https:\/\/api.w.org\/{rel}","templated":true}]}}