{"id":10171,"date":"2011-11-26T17:47:51","date_gmt":"2011-11-26T16:47:51","guid":{"rendered":"http:\/\/www.revue3emillenaire.com\/blog\/?p=10171"},"modified":"2011-11-26T17:47:51","modified_gmt":"2011-11-26T16:47:51","slug":"notre-premiere-rencontre-avec-sri-anandamayi-ma-juillet-1963-par-madeleine-langevin","status":"publish","type":"post","link":"https:\/\/www.revue3emillenaire.com\/blog\/notre-premiere-rencontre-avec-sri-anandamayi-ma-juillet-1963-par-madeleine-langevin\/","title":{"rendered":"Notre premi\u00e8re rencontre avec Sri Anandamayi Ma juillet 1963 par Madeleine Langevin"},"content":{"rendered":"<p style=\"text-align: justify;\">(Revue Panharmonie. N<sup>o<\/sup> 193. Janvier 1983)<\/p>\n<p style=\"text-align: justify;\">\n<p style=\"text-align: justify;\">Un  soir, \u00e0 la tomb\u00e9e de la nuit un taxi nous emm\u00e8ne en dehors de Delhi \u00e0  l&rsquo;Ashram de Sri Anandamayi Ma. Lorsque nous arrivons \u00e0 destination, nous  entendons des chants et des pri\u00e8res accompagn\u00e9s des sons d&rsquo;un harmonium  et de crotales, sortes de petites cymbales. C&rsquo;est le \u00ab badjan \u00bb,  destin\u00e9 \u00e0 cr\u00e9er une atmosph\u00e8re propice \u00e0 la ferveur. Nous montons au  premier \u00e9tage et p\u00e9n\u00e9trons dans une pi\u00e8ce rectangulaire dans laquelle se  trouve un lit indien aux draps immacul\u00e9s. D\u00e9j\u00e0 plusieurs personnes sont  assises par terre, d&rsquo;autres nous rejoignent, d&rsquo;autres encore viennent  se prosterner aux pieds de la Yoguin et s&rsquo;en vont ensuite.<\/p>\n<p style=\"text-align: justify;\">\n<p style=\"text-align: justify;\">Toute  de blanc v\u00eatue celle-ci est assise aux pieds de son lit. Elle s&rsquo;y  installera plus tard. Ses traits sont harmonieux et beaux. Ses yeux sont  tr\u00e8s enfonc\u00e9s dans leurs orbites, on a du mal \u00e0 les distinguer,  quoiqu&rsquo;ils brillent d&rsquo;un \u00e9clat tr\u00e8s doux. Le regard n&rsquo;est pas dirig\u00e9  vers le monde ext\u00e9rieur, il a quelque chose de douloureux. Mais elle est  souriante, simple, m\u00eame amicale. Tout en la voyant l\u00e0, parmi nous, j&rsquo;ai  l&rsquo;impression qu&rsquo;en r\u00e9alit\u00e9 elle n&rsquo;y est gu\u00e8re. Elle parle, mais elle  n&rsquo;est pas enti\u00e8rement dans ce qu&rsquo;elle dit.<\/p>\n<p style=\"text-align: justify;\">\n<p style=\"text-align: justify;\">Raihana <a id=\"X1\" href=\"#Y1\">[1]<\/a> lui pr\u00e9sente Jacques de Marquette, mais elle ne s&rsquo;y attarde pas, elle voit au-del\u00e0, elle est dans l&rsquo;essentiel <a id=\"X2\" href=\"#Y2\">[2]<\/a>.  Et ceci, je le sens physiquement. Assise en face d&rsquo;elle je re\u00e7ois avec  force les vibrations qui \u00e9manent d&rsquo;Elle. Elles sont si puissantes  qu&rsquo;elles me transportent dans une ambiance de calme profond et de paix,  voisine de la communion. J&rsquo;ai envie de pleurer, tant je suis \u00e9mue. Je  suis comme terrass\u00e9e par quelque chose de sublime. Avec une puissance  sans cesse accrue descend en moi la certitude, \u00e9vidente, d\u00e9finitive,  indiscutable, que rien n&rsquo;existe que CELA et que tout le reste est sans  importance. Raihana demande : \u00ab Avez-vous une question \u00e0 poser ? \u00bb Non,  je n&rsquo;en ai pas. Tout ce que je d\u00e9sire c&rsquo;est de rester l\u00e0, assise en face  d&rsquo;Elle. Mes probl\u00e8mes se sont \u00e9vanouis, ils sont r\u00e9solus !<\/p>\n<p style=\"text-align: justify;\">\n<p style=\"text-align: justify;\">Jacques  de Marquette, trouvant toujours qu&rsquo;il est au-dessous de sa t\u00e2che, lui  qui depuis sa prime jeunesse a mis sa vie au service des autres, pose la  question : \u00ab Est-ce que je remplis mon devoir ? \u00bb Elle n&rsquo;est pas  qualifi\u00e9e pour y r\u00e9pondre : \u00ab Chacun doit trouver lui-m\u00eame sa voie, sa  v\u00e9rit\u00e9, et alors il faut qu&rsquo;il la suive jusqu&rsquo;au bout. Ce sont nos  tendances, nos aspirations, qui nous guident \u00bb. Puis, un peu plus tard :  \u00ab Il faut vaincre son ego, alors tout n&rsquo;est plus qu&rsquo;UN. Lorsqu&rsquo;on est  d\u00e9pouill\u00e9 de son individualit\u00e9, on n&rsquo;agit plus par soi-m\u00eame, mais  l&rsquo;action se fait \u00e0 travers nous \u00bb.<\/p>\n<p style=\"text-align: justify;\">\n<p style=\"text-align: justify;\">Tout  cela nous l&rsquo;avons entendu bien des fois, mais lorsque c&rsquo;est Elle qui le  dit, cela devient une r\u00e9alit\u00e9 vivante et cesse d&rsquo;\u00eatre une th\u00e9orie. Ce  qu&rsquo;Elle dit prend vie en nous.<\/p>\n<p style=\"text-align: justify;\">\n<p style=\"text-align: justify;\">Un \u00ab  silence \u00bb est demand\u00e9 et s&rsquo;annonce au son d&rsquo;une cloche. La lumi\u00e8re  s&rsquo;\u00e9teint. Que repr\u00e9sente pour moi cette m\u00e9ditation ? Je me sens me  d\u00e9mat\u00e9rialiser et un flot d&rsquo;amour se d\u00e9verse sur moi et en moi.<\/p>\n<p style=\"text-align: justify;\">\n<p style=\"text-align: justify;\">Qui  est-Elle, qui est-Elle ? Ce sont les questions que l&rsquo;on se pose et qui  bien souvent Lui sont pos\u00e9es. Mais qu&rsquo;importe ; Raihana dit : \u00ab Pour moi  Elle est l&rsquo;incarnation de l&rsquo;Amour universel\u00a0\u00bb. Et, en effet, c&rsquo;est bien  ce que j&rsquo;ai ressenti. \u00c9tant tout Amour, il \u00e9mane d&rsquo;Elle, se r\u00e9pand  autour de nous, nous entoure. Nous baignons en lui, nous en sommes  submerg\u00e9s. Elle est pour nous le point reliant ciel et terre.<\/p>\n<p style=\"text-align: justify;\">\n<p style=\"text-align: justify;\">Je  sais \u00e0 pr\u00e9sent ce que c&rsquo;est qu&rsquo;un \u00ab darshan \u00bb, la contemplation d&rsquo;un  \u00eatre sup\u00e9rieur. Avant que nous La quittions, Elle nous fait distribuer  des fruits. C&rsquo;est le \u00ab prasad\u00a0\u00bb, le don de nourriture b\u00e9nie par le Guru \u00e0  ses disciples.<\/p>\n<p style=\"text-align: right;\">M.L.<\/p>\n<hr style=\"text-align: justify;\" size=\"1\" \/>\n<p style=\"text-align: justify;\"><a id=\"Y1\" href=\"#X1\">[1]<\/a> Raihana : Musulmane, fille adoptive de Kakasahbkalelkar, qui fonda une  universit\u00e9 avec Gandhi et qui est le conservateur du m\u00e9morandum Raihana  est consid\u00e9r\u00e9 comme un Guru et a des liens privil\u00e9gi\u00e9s avec Sri  Anandamayi Ma.<\/p>\n<p style=\"text-align: justify;\"><a id=\"Y2\" href=\"#X2\">[2]<\/a> Plus tard, lorsque nous reverrons la Yoguin \u00e0 Vrindavan, celle-ci nommera Jacques de Marquette : \u00ab Le Rishi fran\u00e7ais \u00bb !<\/p>\n","protected":false},"excerpt":{"rendered":"<p>Toute de blanc v\u00eatue celle-ci est assise aux pieds de son lit. Elle s&rsquo;y installera plus tard. Ses traits sont harmonieux et beaux. Ses yeux sont tr\u00e8s enfonc\u00e9s dans leurs orbites, on a du mal \u00e0 les distinguer, quoiqu&rsquo;ils brillent d&rsquo;un \u00e9clat tr\u00e8s doux. Le regard n&rsquo;est pas dirig\u00e9 vers le monde ext\u00e9rieur, il a quelque chose de douloureux. Mais elle est souriante, simple, m\u00eame amicale. Tout en la voyant l\u00e0, parmi nous, j&rsquo;ai l&rsquo;impression qu&rsquo;en r\u00e9alit\u00e9 elle n&rsquo;y est gu\u00e8re. Elle parle, mais elle n&rsquo;est pas enti\u00e8rement dans ce qu&rsquo;elle dit.<\/p>\n","protected":false},"author":1,"featured_media":0,"comment_status":"closed","ping_status":"closed","sticky":false,"template":"","format":"standard","meta":{"footnotes":""},"categories":[944],"tags":[],"class_list":["post-10171","post","type-post","status-publish","format-standard","hentry","category-temoignage"],"yoast_head":"<!-- This site is optimized with the Yoast SEO plugin v27.0 - https:\/\/yoast.com\/product\/yoast-seo-wordpress\/ -->\n<title>Notre premi\u00e8re rencontre avec Sri Anandamayi Ma juillet 1963 par Madeleine Langevin - 3e mill\u00e9naire - Spiritualit\u00e9 - Connaissance de soi - Non-dualit\u00e9 - M\u00e9ditation<\/title>\n<meta name=\"robots\" content=\"index, follow, max-snippet:-1, max-image-preview:large, max-video-preview:-1\" \/>\n<link rel=\"canonical\" href=\"https:\/\/www.revue3emillenaire.com\/blog\/notre-premiere-rencontre-avec-sri-anandamayi-ma-juillet-1963-par-madeleine-langevin\/\" \/>\n<meta property=\"og:locale\" content=\"fr_FR\" \/>\n<meta property=\"og:type\" content=\"article\" \/>\n<meta property=\"og:title\" content=\"Notre premi\u00e8re rencontre avec Sri Anandamayi Ma juillet 1963 par Madeleine Langevin - 3e mill\u00e9naire - Spiritualit\u00e9 - Connaissance de soi - Non-dualit\u00e9 - M\u00e9ditation\" \/>\n<meta property=\"og:description\" content=\"Toute de blanc v\u00eatue celle-ci est assise aux pieds de son lit. Elle s&#039;y installera plus tard. Ses traits sont harmonieux et beaux. Ses yeux sont tr\u00e8s enfonc\u00e9s dans leurs orbites, on a du mal \u00e0 les distinguer, quoiqu&#039;ils brillent d&#039;un \u00e9clat tr\u00e8s doux. Le regard n&#039;est pas dirig\u00e9 vers le monde ext\u00e9rieur, il a quelque chose de douloureux. Mais elle est souriante, simple, m\u00eame amicale. Tout en la voyant l\u00e0, parmi nous, j&#039;ai l&#039;impression qu&#039;en r\u00e9alit\u00e9 elle n&#039;y est gu\u00e8re. Elle parle, mais elle n&#039;est pas enti\u00e8rement dans ce qu&#039;elle dit.\" \/>\n<meta property=\"og:url\" content=\"https:\/\/www.revue3emillenaire.com\/blog\/notre-premiere-rencontre-avec-sri-anandamayi-ma-juillet-1963-par-madeleine-langevin\/\" \/>\n<meta property=\"og:site_name\" content=\"3e mill\u00e9naire - Spiritualit\u00e9 - Connaissance de soi - Non-dualit\u00e9 - M\u00e9ditation\" \/>\n<meta property=\"article:published_time\" content=\"2011-11-26T16:47:51+00:00\" \/>\n<meta name=\"author\" content=\"3e mill\u00e9naire\" \/>\n<meta name=\"twitter:card\" content=\"summary_large_image\" \/>\n<meta name=\"twitter:label1\" content=\"\u00c9crit par\" \/>\n\t<meta name=\"twitter:data1\" content=\"3e mill\u00e9naire\" \/>\n\t<meta name=\"twitter:label2\" content=\"Dur\u00e9e de lecture estim\u00e9e\" \/>\n\t<meta name=\"twitter:data2\" content=\"4 minutes\" \/>\n<script type=\"application\/ld+json\" class=\"yoast-schema-graph\">{\"@context\":\"https:\/\/schema.org\",\"@graph\":[{\"@type\":\"Article\",\"@id\":\"https:\/\/www.revue3emillenaire.com\/blog\/notre-premiere-rencontre-avec-sri-anandamayi-ma-juillet-1963-par-madeleine-langevin\/#article\",\"isPartOf\":{\"@id\":\"https:\/\/www.revue3emillenaire.com\/blog\/notre-premiere-rencontre-avec-sri-anandamayi-ma-juillet-1963-par-madeleine-langevin\/\"},\"author\":{\"name\":\"3e mill\u00e9naire\",\"@id\":\"https:\/\/www.revue3emillenaire.com\/blog\/#\/schema\/person\/9a3a7cc4ccaa707f402d4394327106d5\"},\"headline\":\"Notre premi\u00e8re rencontre avec Sri Anandamayi Ma juillet 1963 par Madeleine Langevin\",\"datePublished\":\"2011-11-26T16:47:51+00:00\",\"mainEntityOfPage\":{\"@id\":\"https:\/\/www.revue3emillenaire.com\/blog\/notre-premiere-rencontre-avec-sri-anandamayi-ma-juillet-1963-par-madeleine-langevin\/\"},\"wordCount\":720,\"articleSection\":[\"T\u00e9moignage\"],\"inLanguage\":\"fr-FR\"},{\"@type\":\"WebPage\",\"@id\":\"https:\/\/www.revue3emillenaire.com\/blog\/notre-premiere-rencontre-avec-sri-anandamayi-ma-juillet-1963-par-madeleine-langevin\/\",\"url\":\"https:\/\/www.revue3emillenaire.com\/blog\/notre-premiere-rencontre-avec-sri-anandamayi-ma-juillet-1963-par-madeleine-langevin\/\",\"name\":\"Notre premi\u00e8re rencontre avec Sri Anandamayi Ma juillet 1963 par Madeleine Langevin - 3e mill\u00e9naire - Spiritualit\u00e9 - Connaissance de soi - Non-dualit\u00e9 - M\u00e9ditation\",\"isPartOf\":{\"@id\":\"https:\/\/www.revue3emillenaire.com\/blog\/#website\"},\"datePublished\":\"2011-11-26T16:47:51+00:00\",\"author\":{\"@id\":\"https:\/\/www.revue3emillenaire.com\/blog\/#\/schema\/person\/9a3a7cc4ccaa707f402d4394327106d5\"},\"breadcrumb\":{\"@id\":\"https:\/\/www.revue3emillenaire.com\/blog\/notre-premiere-rencontre-avec-sri-anandamayi-ma-juillet-1963-par-madeleine-langevin\/#breadcrumb\"},\"inLanguage\":\"fr-FR\",\"potentialAction\":[{\"@type\":\"ReadAction\",\"target\":[\"https:\/\/www.revue3emillenaire.com\/blog\/notre-premiere-rencontre-avec-sri-anandamayi-ma-juillet-1963-par-madeleine-langevin\/\"]}]},{\"@type\":\"BreadcrumbList\",\"@id\":\"https:\/\/www.revue3emillenaire.com\/blog\/notre-premiere-rencontre-avec-sri-anandamayi-ma-juillet-1963-par-madeleine-langevin\/#breadcrumb\",\"itemListElement\":[{\"@type\":\"ListItem\",\"position\":1,\"name\":\"Accueil\",\"item\":\"https:\/\/www.revue3emillenaire.com\/blog\/\"},{\"@type\":\"ListItem\",\"position\":2,\"name\":\"Notre premi\u00e8re rencontre avec Sri Anandamayi Ma juillet 1963 par Madeleine Langevin\"}]},{\"@type\":\"WebSite\",\"@id\":\"https:\/\/www.revue3emillenaire.com\/blog\/#website\",\"url\":\"https:\/\/www.revue3emillenaire.com\/blog\/\",\"name\":\"3e mill\u00e9naire - Spiritualit\u00e9 - Connaissance de soi - Non-dualit\u00e9 - M\u00e9ditation\",\"description\":\"L&#039;Homme en devenir\",\"potentialAction\":[{\"@type\":\"SearchAction\",\"target\":{\"@type\":\"EntryPoint\",\"urlTemplate\":\"https:\/\/www.revue3emillenaire.com\/blog\/?s={search_term_string}\"},\"query-input\":{\"@type\":\"PropertyValueSpecification\",\"valueRequired\":true,\"valueName\":\"search_term_string\"}}],\"inLanguage\":\"fr-FR\"},{\"@type\":\"Person\",\"@id\":\"https:\/\/www.revue3emillenaire.com\/blog\/#\/schema\/person\/9a3a7cc4ccaa707f402d4394327106d5\",\"name\":\"3e mill\u00e9naire\",\"url\":\"https:\/\/www.revue3emillenaire.com\/blog\/author\/admin\/\"}]}<\/script>\n<!-- \/ Yoast SEO plugin. -->","yoast_head_json":{"title":"Notre premi\u00e8re rencontre avec Sri Anandamayi Ma juillet 1963 par Madeleine Langevin - 3e mill\u00e9naire - Spiritualit\u00e9 - Connaissance de soi - Non-dualit\u00e9 - M\u00e9ditation","robots":{"index":"index","follow":"follow","max-snippet":"max-snippet:-1","max-image-preview":"max-image-preview:large","max-video-preview":"max-video-preview:-1"},"canonical":"https:\/\/www.revue3emillenaire.com\/blog\/notre-premiere-rencontre-avec-sri-anandamayi-ma-juillet-1963-par-madeleine-langevin\/","og_locale":"fr_FR","og_type":"article","og_title":"Notre premi\u00e8re rencontre avec Sri Anandamayi Ma juillet 1963 par Madeleine Langevin - 3e mill\u00e9naire - Spiritualit\u00e9 - Connaissance de soi - Non-dualit\u00e9 - M\u00e9ditation","og_description":"Toute de blanc v\u00eatue celle-ci est assise aux pieds de son lit. Elle s'y installera plus tard. Ses traits sont harmonieux et beaux. Ses yeux sont tr\u00e8s enfonc\u00e9s dans leurs orbites, on a du mal \u00e0 les distinguer, quoiqu'ils brillent d'un \u00e9clat tr\u00e8s doux. Le regard n'est pas dirig\u00e9 vers le monde ext\u00e9rieur, il a quelque chose de douloureux. Mais elle est souriante, simple, m\u00eame amicale. Tout en la voyant l\u00e0, parmi nous, j'ai l'impression qu'en r\u00e9alit\u00e9 elle n'y est gu\u00e8re. Elle parle, mais elle n'est pas enti\u00e8rement dans ce qu'elle dit.","og_url":"https:\/\/www.revue3emillenaire.com\/blog\/notre-premiere-rencontre-avec-sri-anandamayi-ma-juillet-1963-par-madeleine-langevin\/","og_site_name":"3e mill\u00e9naire - Spiritualit\u00e9 - Connaissance de soi - Non-dualit\u00e9 - M\u00e9ditation","article_published_time":"2011-11-26T16:47:51+00:00","author":"3e mill\u00e9naire","twitter_card":"summary_large_image","twitter_misc":{"\u00c9crit par":"3e mill\u00e9naire","Dur\u00e9e de lecture estim\u00e9e":"4 minutes"},"schema":{"@context":"https:\/\/schema.org","@graph":[{"@type":"Article","@id":"https:\/\/www.revue3emillenaire.com\/blog\/notre-premiere-rencontre-avec-sri-anandamayi-ma-juillet-1963-par-madeleine-langevin\/#article","isPartOf":{"@id":"https:\/\/www.revue3emillenaire.com\/blog\/notre-premiere-rencontre-avec-sri-anandamayi-ma-juillet-1963-par-madeleine-langevin\/"},"author":{"name":"3e mill\u00e9naire","@id":"https:\/\/www.revue3emillenaire.com\/blog\/#\/schema\/person\/9a3a7cc4ccaa707f402d4394327106d5"},"headline":"Notre premi\u00e8re rencontre avec Sri Anandamayi Ma juillet 1963 par Madeleine Langevin","datePublished":"2011-11-26T16:47:51+00:00","mainEntityOfPage":{"@id":"https:\/\/www.revue3emillenaire.com\/blog\/notre-premiere-rencontre-avec-sri-anandamayi-ma-juillet-1963-par-madeleine-langevin\/"},"wordCount":720,"articleSection":["T\u00e9moignage"],"inLanguage":"fr-FR"},{"@type":"WebPage","@id":"https:\/\/www.revue3emillenaire.com\/blog\/notre-premiere-rencontre-avec-sri-anandamayi-ma-juillet-1963-par-madeleine-langevin\/","url":"https:\/\/www.revue3emillenaire.com\/blog\/notre-premiere-rencontre-avec-sri-anandamayi-ma-juillet-1963-par-madeleine-langevin\/","name":"Notre premi\u00e8re rencontre avec Sri Anandamayi Ma juillet 1963 par Madeleine Langevin - 3e mill\u00e9naire - Spiritualit\u00e9 - Connaissance de soi - Non-dualit\u00e9 - M\u00e9ditation","isPartOf":{"@id":"https:\/\/www.revue3emillenaire.com\/blog\/#website"},"datePublished":"2011-11-26T16:47:51+00:00","author":{"@id":"https:\/\/www.revue3emillenaire.com\/blog\/#\/schema\/person\/9a3a7cc4ccaa707f402d4394327106d5"},"breadcrumb":{"@id":"https:\/\/www.revue3emillenaire.com\/blog\/notre-premiere-rencontre-avec-sri-anandamayi-ma-juillet-1963-par-madeleine-langevin\/#breadcrumb"},"inLanguage":"fr-FR","potentialAction":[{"@type":"ReadAction","target":["https:\/\/www.revue3emillenaire.com\/blog\/notre-premiere-rencontre-avec-sri-anandamayi-ma-juillet-1963-par-madeleine-langevin\/"]}]},{"@type":"BreadcrumbList","@id":"https:\/\/www.revue3emillenaire.com\/blog\/notre-premiere-rencontre-avec-sri-anandamayi-ma-juillet-1963-par-madeleine-langevin\/#breadcrumb","itemListElement":[{"@type":"ListItem","position":1,"name":"Accueil","item":"https:\/\/www.revue3emillenaire.com\/blog\/"},{"@type":"ListItem","position":2,"name":"Notre premi\u00e8re rencontre avec Sri Anandamayi Ma juillet 1963 par Madeleine Langevin"}]},{"@type":"WebSite","@id":"https:\/\/www.revue3emillenaire.com\/blog\/#website","url":"https:\/\/www.revue3emillenaire.com\/blog\/","name":"3e mill\u00e9naire - Spiritualit\u00e9 - Connaissance de soi - Non-dualit\u00e9 - M\u00e9ditation","description":"L&#039;Homme en devenir","potentialAction":[{"@type":"SearchAction","target":{"@type":"EntryPoint","urlTemplate":"https:\/\/www.revue3emillenaire.com\/blog\/?s={search_term_string}"},"query-input":{"@type":"PropertyValueSpecification","valueRequired":true,"valueName":"search_term_string"}}],"inLanguage":"fr-FR"},{"@type":"Person","@id":"https:\/\/www.revue3emillenaire.com\/blog\/#\/schema\/person\/9a3a7cc4ccaa707f402d4394327106d5","name":"3e mill\u00e9naire","url":"https:\/\/www.revue3emillenaire.com\/blog\/author\/admin\/"}]}},"_links":{"self":[{"href":"https:\/\/www.revue3emillenaire.com\/blog\/wp-json\/wp\/v2\/posts\/10171","targetHints":{"allow":["GET"]}}],"collection":[{"href":"https:\/\/www.revue3emillenaire.com\/blog\/wp-json\/wp\/v2\/posts"}],"about":[{"href":"https:\/\/www.revue3emillenaire.com\/blog\/wp-json\/wp\/v2\/types\/post"}],"author":[{"embeddable":true,"href":"https:\/\/www.revue3emillenaire.com\/blog\/wp-json\/wp\/v2\/users\/1"}],"replies":[{"embeddable":true,"href":"https:\/\/www.revue3emillenaire.com\/blog\/wp-json\/wp\/v2\/comments?post=10171"}],"version-history":[{"count":0,"href":"https:\/\/www.revue3emillenaire.com\/blog\/wp-json\/wp\/v2\/posts\/10171\/revisions"}],"wp:attachment":[{"href":"https:\/\/www.revue3emillenaire.com\/blog\/wp-json\/wp\/v2\/media?parent=10171"}],"wp:term":[{"taxonomy":"category","embeddable":true,"href":"https:\/\/www.revue3emillenaire.com\/blog\/wp-json\/wp\/v2\/categories?post=10171"},{"taxonomy":"post_tag","embeddable":true,"href":"https:\/\/www.revue3emillenaire.com\/blog\/wp-json\/wp\/v2\/tags?post=10171"}],"curies":[{"name":"wp","href":"https:\/\/api.w.org\/{rel}","templated":true}]}}