{"id":10219,"date":"2011-12-02T04:53:04","date_gmt":"2011-12-02T03:53:04","guid":{"rendered":"http:\/\/www.revue3emillenaire.com\/blog\/?p=10219"},"modified":"2012-05-05T21:55:21","modified_gmt":"2012-05-05T20:55:21","slug":"le-point-de-vue-du-rationalisme-par-henri-janne","status":"publish","type":"post","link":"https:\/\/www.revue3emillenaire.com\/blog\/le-point-de-vue-du-rationalisme-par-henri-janne\/","title":{"rendered":"Le point de vue du rationalisme par Henri Janne"},"content":{"rendered":"<p style=\"text-align: justify;\">(Extrait de La Tol\u00e9rance, colloque Sw\u00e2mi Vivekananda. Edition \u00catre Libre 1963)<\/p>\n<p style=\"text-align: justify;\"><em>Henri JANNE \u00e9tait ministre et Recteur Honoraire de l&rsquo;Universit\u00e9 Libre de Bruxelles. <a href=\"http:\/\/www.scribd.com\/doc\/74458084\/Henri-Janne-Le-Point-de-Vue-Du-Rationalisme-1963\" target=\"_blank\">Version PDF<\/a><br \/>\n<\/em><\/p>\n<p style=\"text-align: justify;\">Notre contribution aura plut\u00f4t la valeur d&rsquo;un t\u00e9moignage que d&rsquo;un appel. Nous venons \u00e0 cette tribune exprimer le point de vue d&rsquo;un rationaliste appartenant \u00e0 des milieux de \u00ab gauche \u00bb traditionnellement anticl\u00e9ricaux. Nous sommes depuis longtemps conscients de la n\u00e9cessit\u00e9 de changer profond\u00e9ment les rapports tels qu&rsquo;ils sont historiquement \u00e9tablis, entre entit\u00e9s cat\u00e9goriquement divis\u00e9es jusqu\u2019ici.<\/p>\n<p style=\"text-align: justify;\">Mais en ce domaine d\u00e9licat entre tous, rien ne serait plus pernicieux et plus d\u00e9cevant, que les faux semblants, le refus de voir bien en face les situations r\u00e9elles et les difficult\u00e9s de d\u00e9passement des situations anciennes, Confusion n&rsquo;est pas rapprochement. Au contraire, la vraie clart\u00e9 contribue \u00e0 la compr\u00e9hension et celle-ci seule peut tendre \u00e0 r\u00e9sorber les divisions. Telle est notre approche de la question.<\/p>\n<p style=\"text-align: justify;\">D\u00e9finition fr\u00e9quente et g\u00e9n\u00e9ralement accept\u00e9e de la religion : C&rsquo;est pour l&rsquo;homme le moyen de se \u00ab\u00a0relier \u00bb au tout. Mais s&rsquo;il en est ainsi, la notion englobe non seulement les adeptes des religions, mais aussi les positivistes attach\u00e9s au \u00ab scientisme \u00bb ou les Francs-Ma\u00e7ons, et c&rsquo;est alors le corps de doctrine scientifique ou le symbole du Temple d&rsquo;Hiram qui expriment la liaison de l&rsquo;homme avec le tout. Cette mani\u00e8re de voir les choses ne serait sur le plan social que source de malentendus. N\u00e9anmoins, notons, d\u00e8s l&rsquo;abord, que ce besoin humain d&rsquo;\u00eatre \u00ab mis en situation\u00a0\u00bb au plan de l&rsquo;existence universelle \u2014 toute question de mots mise \u00e0 part \u2014 constitue, comme r\u00e9alit\u00e9 mentale et culturelle, un facteur de rapprochement entre tous les hommes conscients de leur humanit\u00e9.<\/p>\n<p style=\"text-align: justify;\">La religion dont il sera question ici, c&rsquo;est autre chose et bien plus que cela. Sans doute, c&rsquo;est assur\u00e9ment la \u00ab liaison \u00bb \u00e9voqu\u00e9e ci-avant, mais \u00ab g\u00e9r\u00e9e \u00bb par une Eglise qui en contr\u00f4le l&rsquo;efficacit\u00e9 par l&rsquo;observance de rites et de liturgies, en garantit l&rsquo;authenticit\u00e9 par une \u00ab r\u00e9v\u00e9lation \u00bb et par le t\u00e9moignage de ses \u00ab livres \u00bb, en repr\u00e9sente la r\u00e9alit\u00e9 par des mythes et des symboles, en traduit la signification par un syst\u00e8me de valeurs m\u00e9taphysiques, \u00e9thiques et esth\u00e9tiques, er institutionalise la pens\u00e9e par les dogmes et les activit\u00e9s par l&rsquo;unit\u00e9 spatiale du \u00ab templum <a id=\"ftnref1\" href=\"#ftn1\">[1]<\/a> \u00bb, en implante les modes sp\u00e9cifiques de relations sociales par un corps hi\u00e9rarchis\u00e9 et organis\u00e9 d&rsquo;hommes consacr\u00e9s. Telle est la d\u00e9finition sociologique de la religion.<\/p>\n<p style=\"text-align: justify;\">Des religions plus primitives laissent certains de ces aspects \u00e0 l&rsquo;\u00e9tat embryonnaire : il va sans dire que, par exemple, une tradition orale fait l&rsquo;office des \u00ab livres \u00bb lorsque l&rsquo;\u00e9criture n&rsquo;existe pas. Mais de l&rsquo;Egypte pharaonique \u00e0 la cit\u00e9 antique, de l&#8217;empire hell\u00e9nistique \u00e0 l&#8217;empire inca ou aux cit\u00e9s mayas, des soci\u00e9t\u00e9s d&rsquo;Extr\u00eame-Orient \u00e0 l&rsquo;Islam, et jusqu&rsquo;\u00e0 l&rsquo;Occident chr\u00e9tien, le fait religieux r\u00e9pond bien \u00e0 la d\u00e9finition que nous en avons formul\u00e9e.<\/p>\n<p style=\"text-align: justify;\">Deuxi\u00e8me terme de notre raisonnement : la culture c&rsquo;est le syst\u00e8me de valeurs qui sert de cadre de r\u00e9f\u00e9rence \u00e0 une soci\u00e9t\u00e9 globale. Il se caract\u00e9rise par une coh\u00e9rence suffisante pour que le \u00ab vouloir vivre \u00bb collectif se maintienne : sans doute, certains syst\u00e8mes impliquent des contradictions et des oppositions internes, mais il faut toujours que certaines valeurs pr\u00e9\u00e9minentes englobent l&rsquo;ensemble. Ainsi au XIX<sup>e<\/sup> si\u00e8cle, les soci\u00e9t\u00e9s bourgeoises occidentales vivent une r\u00e9currente opposition entre les tenants des valeurs religieuses et ceux des valeurs la\u00efques et scientifiques. Il n&#8217;emp\u00eache que la classe dirigeante dans son ensemble est d&rsquo;accord sur le caract\u00e8re intangible du droit de propri\u00e9t\u00e9, sur la hi\u00e9rarchie sociale, sur les normes morales dans l&rsquo;ordre \u00e9conomique et social, sur la l\u00e9gitimit\u00e9 du statut fait au travail ouvrier. La culture c&rsquo;est donc un syst\u00e8me de valeurs et avec lui la mani\u00e8re dont il marque les institutions, les relations sociales, la hi\u00e9rarchie sociale, les attitudes, motivations et comportements, en un mot, les mentalit\u00e9s; ce sont donc aussi les styles dans les arts et les modes de loisirs; ce sont, enfin, toutes les esp\u00e8ces de jugements collectifs de valeurs, qu&rsquo;ils soient int\u00e9rioris\u00e9s, rationalis\u00e9s, sanctionn\u00e9s ou conventionnels. Le syst\u00e8me de valeurs est normatif. Si c&rsquo;est bien ainsi qu&rsquo;il convient de d\u00e9finir la culture, la religion en fait \u00e9videmment partie. Dans certains cas la culture tout enti\u00e8re c&rsquo;est la religion m\u00eame, qui encadre la vie sociale sous tous ses aspects et la r\u00e9git en fonction de ses besoins propres : l&rsquo;Etat, le droit, l&rsquo;histoire, la morale, la famille, \u00ab\u00a0la science \u00bb m\u00eame (que l&rsquo;on songe aux \u00ab\u00a0astronomes \u00bb de la Chald\u00e9e) sont, dans de telles soci\u00e9t\u00e9s, marqu\u00e9s du sceau religieux. Ainsi fut l&rsquo;Etat d&rsquo;Isra\u00ebl. L&rsquo;Europe occidentale \u00e0 l&rsquo;apog\u00e9e de l&rsquo;\u00e9poque f\u00e9odale \u00e9tait, en ce sens, chr\u00e9tienne. Dans de telles conditions historiques, il n&rsquo;est pas question d&rsquo;opposer \u00ab hommes de culture\u00a0\u00bb et \u00ab hommes de religion \u00bb&#8230; Et la vie sociale se caract\u00e9rise par une telle unit\u00e9 dans la plupart des soci\u00e9t\u00e9s du pass\u00e9. C&rsquo;est la situation historiquement normale.<\/p>\n<p style=\"text-align: justify;\">Une s\u00e9paration de la culture et de la religion n&rsquo;apparait que l\u00e0 o\u00f9, les hommes de culture, au nom d&rsquo;autres valeurs, se d\u00e9gagent de la religion et, en cons\u00e9quence, s&rsquo;y opposent plus ou moins explicitement. L&rsquo;on rencontre cette situation, pour la premi\u00e8re fois, dans la Gr\u00e8ce antique, ensuite \u00e0 Rome, mais dans la mesure seulement o\u00f9 Rome subit l&rsquo;influence hell\u00e9nique; car sp\u00e9cifiquement la culture romaine originale \u00e9tait d&rsquo;essence purement religieuse. Enfin, depuis la Renaissance, la culture occidentale se caract\u00e9rise elle aussi par cette dichotomisation des valeurs de la religion et des valeurs de la culture. D&rsquo;ailleurs il importe de noter ici que, pour assurer leur d\u00e9veloppement autonome les \u00ab hommes de culture \u00bb se rattachaient avec ferveur \u00e0 la tradition de l&rsquo;Antiquit\u00e9 sp\u00e9cialement hell\u00e9nique \u2014 c&rsquo;est cela m\u00eame la \u00ab\u00a0Renaissance \u00bb&#8230; En somme dans de telles conjonctures, il n&rsquo;y a pas opposition de la religion et de la culture \u2014 simplification d\u00e9formante des faits \u2014 mais opposition de deux cultures : l&rsquo;une fond\u00e9e sur les valeurs traditionnelles de la religion, l&rsquo;autre fond\u00e9e sur des valeurs non-religieuses qui, n\u00e9cessairement, ne peuvent \u00eatre que \u00ab\u00a0l&rsquo;homme en tant que tel \u00bb, la raison de son produit de culture, la \u00ab science \u00bb ou \u00ab la soci\u00e9t\u00e9, en tant que telle \u00bb. La culture non-religieuse ne peut dialectiquement proc\u00e9der que de ces trois sources isol\u00e9es ou combin\u00e9es. Et encore il y a toujours des \u00ab\u00a0r\u00e9conciliateurs \u2014 plus ou moins heureux \u2014 des deux syst\u00e8mes; ils viennent de l&rsquo;un horizon comme de l&rsquo;autre: l&rsquo;Euripide des Bacchantes, le Marc-Aur\u00e8le des Pens\u00e9es, l\u2019Erasme de l&rsquo;institution du Prince chr\u00e9tien et aujourd&rsquo;hui le Teilhard de Chardin qui peut \u00e9crire : \u00ab L&rsquo;Evolution vient infuser en quelque sorte un sang nouveau aux perspectives et aux aspirations chr\u00e9tiennes \u00bb. Au surplus l&rsquo;autonomie de certains \u00ab hommes de culture\u00a0\u00bb n&rsquo;est pas un ph\u00e9nom\u00e8ne exceptionnel, m\u00eame dans des cultures r\u00e9put\u00e9es purement religieuses. Mais ce qui seul compte en l&rsquo;occurrence, c&rsquo;est, au sein d&rsquo;une soci\u00e9t\u00e9 globale, la formation d&rsquo;un authentique syst\u00e8me non-religieux de valeurs et d&rsquo;un courant \u00ab\u00a0la\u00efc\u00a0\u00bb de pens\u00e9e qui permette de parler d&rsquo;une dichotomisation culturelle. En d&rsquo;autres termes, le ph\u00e9nom\u00e8ne, en effet, doit prendre tout son poids sociologique et historique pour \u00eatre reconnu. Il va sans dite \u2014 nous y avons d\u00e9j\u00e0 fait allusion \u2014 qu&rsquo;en d\u00e9pit d&rsquo;une opposition caract\u00e9ris\u00e9e des \u00ab hommes de religion et des \u00ab\u00a0hommes de culture\u00a0\u00bb polaris\u00e9s en une contradiction id\u00e9ologique, il doit subsister cependant un syst\u00e8me de valeurs suffisamment commun, sans quoi la soci\u00e9t\u00e9 se d\u00e9sagr\u00e9gerait. Ce syst\u00e8me commun est constitu\u00e9 par les valeurs \u00ab\u00a0v\u00e9cues\u00a0\u00bb, par l&rsquo;acceptation actuelle des relations sociales. Ce qui s&rsquo;oppose, donc, si l&rsquo;on y va voir de plus pr\u00e8s, ce sont les justifications des valeurs et les perspectives de leur avenir plut\u00f4t que leur pr\u00e9sent imm\u00e9diat; apr\u00e8s leur \u00ab d\u00e9monstration \u00bb et \u00ab\u00a0illustration \u00bb, ce qui est en jeu c&rsquo;est leur maintien futur, leur degr\u00e9 d&rsquo;\u00e9volution attendue ou leur transformation radicale. En fait, le jeu est de pr\u00e9diction et d&rsquo;appel \u00e0 l&rsquo;action. C&rsquo;est cela qui divise rationalistes et hommes rattach\u00e9s \u00e0 la religion. Le la\u00efc se fonde sur l&rsquo;humain en tant que tel, sur l&rsquo;humanisme.<\/p>\n<p style=\"text-align: justify;\">\u00ab\u00a0L&rsquo;humanisme\u00a0\u00bb a comme fondement, non pas seulement la connaissance du grec et du latin, mais le contenu m\u00eame des deux litt\u00e9ratures, Il comporte un mode de formation de l\u2019esprit : la rh\u00e9torique (telle qu&rsquo;elle fut mise en forme par Quintilien) qui oppose la logique de l&rsquo;argumentation \u00e0 la logique formaliste de la scolastique. Il a sa m\u00e9thode\u00a0: les exercices de discours, les contiones.<\/p>\n<p style=\"text-align: justify;\">L&rsquo;humanisme s&rsquo;oppose \u00e0 l&rsquo;autorit\u00e9 de l&rsquo;Eglise au point de vue intellectuel. Bien que des princes de l&rsquo;Eglise y aient particip\u00e9, c&rsquo;est un courant de la\u00efcisation de la pens\u00e9e. C&rsquo;est aussi un anthropocentrisme de la vie, qui succ\u00e8de au th\u00e9ocentrisme m\u00e9di\u00e9val, l&rsquo;orgueil prend la place de l&rsquo;humilit\u00e9; les activit\u00e9s anonymes se rar\u00e9fient.<\/p>\n<p style=\"text-align: justify;\">Dans ce contexte, l&rsquo;humanisme est un mouvement d&rsquo;\u00e9mancipation et d&rsquo;affirmation de l&rsquo;individu. Les sociologues diraient que l&rsquo;esprit soci\u00e9taire tend \u00e0 remplacer l&rsquo;esprit communautaire.<\/p>\n<p style=\"text-align: justify;\">L&rsquo;un de ses traits essentiels est l&rsquo;app\u00e9tit intellectuel, le d\u00e9sir insatiable de d\u00e9couvrir le monde et la nature humaine, en contraste avec le go\u00fbt de l&rsquo;abstraction et la mystique du Moyen \u00e2ge.<\/p>\n<p style=\"text-align: justify;\">Sans que la science fasse \u00e0 proprement parler partie de l&rsquo;humanisme, celui-ci marque de l&rsquo;int\u00e9r\u00eat pour les sciences exactes et naturelles, comme pour les traductions plastiques de la r\u00e9alit\u00e9. Ainsi, \u00e0 c\u00f4t\u00e9 des humanistes de type pour\u00a0: les philologies et les litt\u00e9raires comme Guillaume Bud\u00e9, on compte des \u00ab\u00a0scientistes\u00a0\u00bb et des artistes comme L\u00e9onard de Vinci, qui participent\u00a0\u00a0\u00a0\u00a0\u00a0\u00a0\u00a0\u00a0 \u00e0 la \u00ab\u00a0philosophie\u00a0\u00bb et \u00e0 la mentalit\u00e9 de l&rsquo;humanisme.<\/p>\n<p style=\"text-align: justify;\">Celui-ci est fond\u00e9 sur la raison au sens sto\u00efcien : le monde constitue un syst\u00e8me rationnel. D&rsquo;o\u00f9 deux implications : d&rsquo;une part la sagesse, mais une sagesse active, m\u00eal\u00e9e au monde tout en dominant son agitation, et d&rsquo;autre part l&rsquo;universalisme, si marqu\u00e9 dans le plan \u00e9ducatif de Rabelais ou dans l&rsquo;activit\u00e9 d&rsquo;un Pic de la Mirandole.<\/p>\n<p style=\"text-align: justify;\">L&rsquo;humanisme pourrait tenir en quelques formules antiques :<\/p>\n<p style=\"text-align: justify;\">\u2014 \u00ab\u00a0Le monde est rationnel\u00a0\u00bb (Z\u00e9non de Citium);<\/p>\n<p style=\"text-align: justify;\">\u2014 \u00ab\u00a0L&rsquo;homme est la mesure de toutes choses\u00a0\u00bb (Protagoras) ;<\/p>\n<p style=\"text-align: justify;\">\u2014 \u00ab\u00a0Connais-toi toi-m\u00eame\u00a0\u00bb (Socrate);<\/p>\n<p style=\"text-align: justify;\">\u2014 \u00ab\u00a0Rien d&rsquo;humain ne m&rsquo;est \u00e9tranger\u00a0\u00bb (T\u00e9rence).<\/p>\n<p style=\"text-align: justify;\">A quoi il faut ajouter le Carpe diem \u00e9picurien, qui, dans ce contexte devient maxime raisonnable, celle de l\u2019aurea mediocritas.<\/p>\n<p style=\"text-align: justify;\">Il appara\u00eet donc clairement que les valeurs de \u00ab homme en tant que tel \u00bb et \u00ab la raison \u00bb (en y annexant la science) s&rsquo;opposent, en id\u00e9e et en action, aux valeurs de la tradition chr\u00e9tienne.<\/p>\n<p style=\"text-align: justify;\">Mais la vraie contradiction va bient\u00f4t r\u00e9appara\u00eetre avec les progr\u00e8s de la science, qui donnera \u00e0 la raison un caract\u00e8re sp\u00e9cifiquement et m\u00e9thodologiquement oppos\u00e9 \u00e0 l&rsquo;esprit religieux.<\/p>\n<p style=\"text-align: justify;\">Mais le christianisme moderne va contester au scientisme le monopole de la raison. C&rsquo;est la renaissance du thomisme et aussi l&rsquo;esprit j\u00e9suite. Les chr\u00e9tiens s&rsquo;annexent le discours, la rh\u00e9torique, au moment o\u00f9 les scientistes l&rsquo;abandonnent.<\/p>\n<p style=\"text-align: justify;\">Aussi bien l&rsquo;opposition s&rsquo;exprime, en fin de compte, par la s\u00e9paration entre le rationalisme rh\u00e9torique, serviteur de la Foi (la \u00ab raison servante \u00bb), et le rationalisme scientiste, promoteur du Progr\u00e8s (la \u00ab raison ma\u00eetresse \u00bb).<\/p>\n<p style=\"text-align: justify;\">C&rsquo;est cette contradiction entre deux syst\u00e8mes de valeurs, celles du christianisme et celles du scientisme, contradiction \u00e9panouie au XIX<sup>e<\/sup> si\u00e8cle, qui traduit le ph\u00e9nom\u00e8ne de division culturelle de l&rsquo;Occident. Et ne perdons pas de vue la filiation des deux dichotomies : l&rsquo;autonomie humaniste de la culture \u00e0 l&rsquo;\u00e9gard d&rsquo;une religion qui englobait la culture totalement, est \u00e0 l&rsquo;origine du courant scientiste moderne.<\/p>\n<p style=\"text-align: justify;\">Chacun des deux courants a pr\u00e9tendu \u00eatre la seule expression authentique de la culture occidentale. D&rsquo;une part, l&rsquo;Europe des croisades et des cath\u00e9drales, l&rsquo;Europe cr\u00e9atrice de la personne humaine responsable devant Dieu et devant les hommes, l&rsquo;Europe moderne qui donne aujourd&rsquo;hui une dimension sociale au christianisme, cette Europe, enfin, qui dresse \u00e0 travers l&rsquo;histoire et jusqu&rsquo;\u00e0 notre \u00e9poque son sens des valeurs spirituelles contre toutes les menaces dites mat\u00e9rialistes, voil\u00e0 la \u00ab civilisation chr\u00e9tienne \u00bb dont les racines plongent au terreau du grand si\u00e8cle m\u00e9di\u00e9val : le XIII<sup>e<\/sup>.<\/p>\n<p style=\"text-align: justify;\">Certes, mais le courant scientiste, d&rsquo;autre part, r\u00e9pond que les valeurs religieuses, spirituelles, morales, esth\u00e9tiques du christianisme ont eu leur \u00e9quivalent culturel et moral en Asie sous les formes diverses de l&rsquo;Islam, de la th\u00e9ologie hindoue et du bouddhisme, que le mysticisme chr\u00e9tien est culturellement orientale. Au surplus, ce n&rsquo;est pas le christianisme qui a fait de l&rsquo;Occident ce qu&rsquo;il est sp\u00e9cifiquement et que les autres soci\u00e9t\u00e9s n&rsquo;ont pu \u00eatre. C&rsquo;est le rationalisme, lib\u00e9r\u00e9 de la foi, qui a fait de l&rsquo;Europe \u00ab la patrie de la science \u00bb et a donn\u00e9 un sens nouveau \u00e0 l&rsquo;aventure de l&rsquo;humanit\u00e9, car toute enti\u00e8re notre esp\u00e8ce, sur toute la face de la terre, s&rsquo;impr\u00e8gne aujourd&rsquo;hui de la culture scientifique. Dans cette perspective, la culture europ\u00e9enne et demain toutes les cultures de l&rsquo;humanit\u00e9, seront plus h\u00e9riti\u00e8res de la science que du christianisme ou de toute autre culture religieuse.<\/p>\n<p style=\"text-align: justify;\">Mais voil\u00e0 que les oppositions s&rsquo;estompent.<\/p>\n<p style=\"text-align: justify;\">Tout d&rsquo;abord, l&rsquo;Eglise n&rsquo;a pu maintenir radicalement son dogmatisme antiscientifique. Le dernier acte de cette tendance traditionnelle fut encore l&rsquo;Encyclique Humani Generie lanc\u00e9e par Pie XII, le 12 ao\u00fbt 1950. Il y est interdit au savant catholique d&rsquo;affirmer des opinions polyg\u00e9nistes et, si les th\u00e9ories de l&rsquo;\u00e9volution peuvent faire l&rsquo;objet de prises de positions selon les crit\u00e8res de l&rsquo;activit\u00e9 scientifique, c&rsquo;est \u00e0 la condition que \u00ab tous soient pr\u00eats \u00e0 se soumettre au jugement de l&rsquo;Eglise, \u00e0 qui le Christ a confi\u00e9 le mandat d&rsquo;interpr\u00e9ter authentiquement les Ecritures et de d\u00e9fendre les dogmes de la foi&#8230;\u00a0\u00bb.<\/p>\n<p style=\"text-align: justify;\">Sur le plan protestant, faut-il rappeler le proc\u00e8s de Dayton, en 1925, intent\u00e9 \u00e0 un professeur de biologie pour avoir enseign\u00e9 les th\u00e9ories de l&rsquo;\u00e9volution contrairement \u00e0 la loi du Tennessee ?<\/p>\n<p style=\"text-align: justify;\">Mais ce sont l\u00e0 s\u00e9quelles sporadiques d&rsquo;une tradition. Les universit\u00e9s chr\u00e9tiennes d\u00e9veloppent la science dans une atmosph\u00e8re qui les diff\u00e9rencie de moins en moins des universit\u00e9s sans all\u00e9geances confessionnelles. Les savants et les \u00e9crivains chr\u00e9tiens s&rsquo;expriment de plus en plus librement. Et aujourd&rsquo;hui, n&rsquo;avons-nous pas vu Teilhard de Chardin \u00e9crire que l&rsquo;\u00e9volution vient infuser un sang nouveau aux perspectives chr\u00e9tiennes\u00a0? De m\u00eame l&rsquo;antirationalisme et le dogmatisme allant jusqu&rsquo;\u00e0 contraindre les consciences et la libert\u00e9 d&rsquo;expression, ne caract\u00e9risent plus le climat de la pens\u00e9e la plus vivante et la plus autoris\u00e9e par l&rsquo;Eglise. Le R. P. Bernard Olivier peut dire dans une belle \u00e9tude sur les \u00ab\u00a0droits de la conscience \u00bb\u00a0: \u00ab\u00a0La norme de l&rsquo;appr\u00e9ciation morale de l&rsquo;agir humain se trouve dans la nature humaine en ce qu&rsquo;elle a d&rsquo;original, c&rsquo;est-\u00e0-dire la raison, fondement de la libert\u00e9 <a id=\"ftnref2\" href=\"#ftn2\">[2]<\/a> \u00bb. Ce texte fait \u00e9cho \u00e0 l&rsquo;Encyclique Corporis Mystici : \u00ab\u00a0\u2026 la foi sans laquelle on ne peut plaire \u00e0 Dieu doit \u00eatre un libre hommage de l&rsquo;intelligence et de la volont\u00e9\u00a0\u00bb. Le R. P. Dani\u00e9lou, parmi les exigences de la th\u00e9ologie pr\u00e9sente, souligne celle-ci : \u00ab\u00a0elle doit r\u00e9pondre aux exp\u00e9riences de l&rsquo;\u00e2me moderne et tenir compte des dimensions nouvelles que la science et l&rsquo;histoire ont donn\u00e9es \u00e0 l&rsquo;espace et au temps, que la litt\u00e9rature et la philosophie ont donn\u00e9es \u00e0 l&rsquo;\u00e2me et \u00e0 la soci\u00e9t\u00e9 <a id=\"ftnref3\" href=\"#ftn3\">[3]<\/a> \u00bb. Comment ne pas \u00eatre attentif \u00e0 cet \u00ab\u00a0ir\u00e9nisme \u00bb qui incontestablement tend \u00e0 assouplir les positions et \u00e0 favoriser cet \u00ab \u0152cum\u00e9nisme\u00a0\u00bb vers lequel l&rsquo;actuel Concile semble \u00eatre institutionnellement un premier pas <a id=\"ftnref4\" href=\"#ftn4\">[4]<\/a> ?<\/p>\n<p style=\"text-align: justify;\">Mais les positions rationalistes et scientistes, elles aussi, s&rsquo;assouplissent. Comme dans le cas de l&rsquo;Eglise, elles \u00e9voluent sous la contrainte de connaissances nouvelles. La psychologie moderne et la psychanalyse ont mis en lumi\u00e8re le caract\u00e8re irrationnel des fondements de l&rsquo;action humaine. Ce que nous consid\u00e9rons comme des \u00ab raisons \u00bb ne sont souvent que \u00ab\u00a0rationalisations\u00a0\u00bb, c&rsquo;est-\u00e0-dire justifications et embellissements apr\u00e8s-coup. De m\u00eame la notion de d\u00e9terminisme ne rend plus compte de la structure physique et biologique de la r\u00e9alit\u00e9 telle que la science moderne en produit l&rsquo;esquisse. C&rsquo;est le concept de probabilit\u00e9 qui s&rsquo;impose comme id\u00e9e-cl\u00e9. Mais celle-ci exprime-t-elle l&rsquo;objectivit\u00e9 des choses\u00a0? Ou bien a-t-elle une signification subjective au-del\u00e0 de laquelle des lois n\u00e9cessaires resteraient encore\u00a0\u00a0\u00a0\u00a0\u00a0\u00a0\u00a0 \u00e0 d\u00e9couvrir ? Il y a beau temps d\u00e9j\u00e0 \u2014 mais les v\u00e9rit\u00e9s peu accessibles aux esprits moyens se r\u00e9pandent lentement \u2014 que la g\u00e9om\u00e9trie euclidienne a cess\u00e9 d&rsquo;\u00eatre le seul univers g\u00e9om\u00e9trique possible et que d&rsquo;autres g\u00e9om\u00e9tries se d\u00e9veloppent rigoureusement mais en contradiction avec elle. Les math\u00e9matiques sont devenues souvent des abimes qui \u00e9chappent \u00e0 toute repr\u00e9sentation de la logique traditionnelle, c&rsquo;est-\u00e0-dire de la raison raisonnante.<\/p>\n<p style=\"text-align: justify;\">La conception positiviste d&rsquo;un \u00ab\u00a0\u00e9difice de la science\u00a0\u00bb qui se construirait implacablement pierre par pierre comme le monument de la V\u00e9rit\u00e9, en disqualifiant toute autre forme de connaissance, est d\u00e9pass\u00e9e. Sans doute les faiblesses \u00e9pist\u00e9mologiques des \u00ab r\u00e9v\u00e9lations\u00a0\u00bb et des livres \u00ab sacr\u00e9s \u00bb n&rsquo;en sont gu\u00e8re corrig\u00e9es aux yeux des incroyants, mais la science ne peut pr\u00e9tendre fournir actuellement l&rsquo;alternative \u00e9vidente d&rsquo;une explication unitaire et coh\u00e9rente de l&rsquo;Univers. Certes, il faut bien y insister, cela ne l\u00e9gitime en rien aux yeux du rationaliste, les croyances religieuses, mais prive l&rsquo;incroyance du substitut clair, accessible, humainement satisfaisant que la Science semblait pouvoir \u00eatre. Si quelque image peut \u00eatre tir\u00e9e de l&rsquo;explication scientifique du monde, ce n&rsquo;est pas celle d&rsquo;un monde r\u00e9gi par des causes rigoureuses, tel que le d\u00e9terminisme du si\u00e8cle pass\u00e9 tendait \u00e0 le repr\u00e9senter. L&rsquo;ind\u00e9termin\u00e9, lot de la science d&rsquo;aujourd&rsquo;hui, n&rsquo;est compr\u00e9hensible qu&rsquo;\u00e0 travers des formes math\u00e9matiques qui excluent toute vision imag\u00e9e des choses, besoin inh\u00e9rent \u00e0 l&rsquo;homme du commun. Tout au plus l&rsquo;Univers de la science laisse-t-il filtrer entre la fuite hallucinante des immenses galaxies et l&rsquo;\u00e9nergie illimit\u00e9e de l&rsquo;atome invisible \u2014 aussi peu \u00ab dense\u00a0\u00bb (mais que veut encore dire cela ?) qu&rsquo;un syst\u00e8me plan\u00e9taire \u2014 la pessimiste impression de la place insignifiante de l&rsquo;humanit\u00e9 dans le grand ensemble sans fronti\u00e8res&#8230; L&rsquo;arrogance de la pr\u00e9cision et des certitudes scientifiques fait place \u00e0 un sentiment de relativisme, qui se traduit par des plaisanteries reprises en des revues telles que \u00ab\u00a0Nature\u00a0\u00bb\u00a0: \u00ab\u00a0La science est compos\u00e9e de th\u00e9ories auxquelles personne ne croit, sauf celui qui les a le premier propos\u00e9es, et de faits auxquels tout le monde croit, sauf celui qui les a le dernier investigu\u00e9s\u00a0\u00bb.<\/p>\n<p style=\"text-align: justify;\">L\u2019uniformisation culturelle caract\u00e9rise de plus en plus notre \u00e9poque. On n&rsquo;a pas assez remarqu\u00e9 que la culture occidentale a cr\u00e9\u00e9 une mentalit\u00e9 nouvelle, compl\u00e8tement diff\u00e9rente de toutes les mentalit\u00e9s traditionnelles. Cette cr\u00e9ation est parall\u00e8le au d\u00e9veloppement de l&rsquo;Occident dans le sens du type industriel de soci\u00e9t\u00e9. Et cette mutation mentale rev\u00eat une signification et comporte des cons\u00e9quences concr\u00e8tes, qui enl\u00e8vent toute importance r\u00e9elle \u00e0 l&rsquo;opposition de la culture fond\u00e9e sur la religion et de la culture fond\u00e9e sur la science, qui caract\u00e9risait nagu\u00e8re notre soci\u00e9t\u00e9. L\u00e0 git le n\u0153ud de la question.<\/p>\n<p style=\"text-align: justify;\">La mentalit\u00e9 de l&rsquo;homme sociologiquement \u00ab industrialis\u00e9 \u00bb a \u00e9t\u00e9 int\u00e9gralement transform\u00e9e par une notion nouvelle du temps consid\u00e9r\u00e9 comme facteur social et comme facteur psychologique. Elle l&rsquo;a \u00e9t\u00e9 tout autant par la g\u00e9n\u00e9ralisation de l&rsquo;\u00e9crire et du lire.<\/p>\n<p style=\"text-align: justify;\">La vraie polarisation actuelle dans le monde est celle de la mentalit\u00e9 \u00ab industrialis\u00e9e \u00bb et de la mentalit\u00e9 de la tradition historique. L\u00e0 est l&rsquo;opposition la plus significative dont les effets seront d\u00e9cisifs pour le devenir humain. Jusqu\u2019\u00e0 pr\u00e9sent cette contradiction \u2014 presque toujours mal comprise \u2014 est exprim\u00e9e par l&rsquo;expression \u00ab Tiers monde \u00bb, tiers par rapport aux deux \u00ab\u00a0blocs \u00bb En fait, il s&rsquo;agit donc de \u00ab humanit\u00e9 industrialis\u00e9e \u00bb face aux peuples sous-d\u00e9velopp\u00e9s ou en voie de d\u00e9veloppement.<\/p>\n<p style=\"text-align: justify;\">Dans de telles perspectives l&rsquo;opposition de la culture religieuse et de la culture scientiste se trouve, quoi que l&rsquo;on en ait, singuli\u00e8rement minimis\u00e9e. Ou plut\u00f4t la contradiction, au sens h\u00e9g\u00e9lien ou marxiste, se trouve surmont\u00e9e par la synth\u00e8se \u00e0 l&rsquo;\u00e9chelle mondiale : culture, religion, raison, sciences apparaissent comme les facettes repr\u00e9sentatives du destin cr\u00e9ateur d&rsquo;une humanit\u00e9 en voie d&rsquo;unification, mais menac\u00e9e de mort par ses derni\u00e8res divisions. Comment l&rsquo;esprit des hommes les meilleurs, les plus cultiv\u00e9s, les plus comp\u00e9tents, les plus sacr\u00e9s aux yeux de leurs fid\u00e8les, ne se tournerait-il pas plut\u00f4t aujourd&rsquo;hui vers ce qui les unit que vers ce qui les divise ? Pourquoi refuser de dire que le Pape Jean XXIII, l&rsquo;un des plus grands qu&rsquo;ait produit la chr\u00e9tient\u00e9, a parl\u00e9 au nom de tous les hommes, en notre nom \u00e0 tous, en son Encyclique Pacem in terris?<\/p>\n<p style=\"text-align: justify;\">Nous avons d&rsquo;abord donn\u00e9 les raisons pour lesquelles nous pensons que l&rsquo;opposition faisant l&rsquo;objet de notre enqu\u00eate, n&rsquo;est pas celle de la religion et de la culture, mais celle d&rsquo;une culture autonome cr\u00e9\u00e9e en face de la culture religieuse traditionnelle.<\/p>\n<p style=\"text-align: justify;\">Cette aventure est propre \u00e0 l&rsquo;Occident. La culture autonome en cause est celle de l&rsquo;humanisme. Une telle dichotomie n&#8217;emp\u00eache pas l&rsquo;existence \u2014 n\u00e9cessaire d&rsquo;ailleurs \u2014 d&rsquo;un syst\u00e8me commun de valeurs \u00ab v\u00e9cues\u00a0\u00bb, la contradiction portant plus sur leur justification et sur la pr\u00e9diction de leur avenir que sur les valeurs elles-m\u00eames.<\/p>\n<p style=\"text-align: justify;\">En fait c&rsquo;est le \u00ab type industriel \u00bb qui caract\u00e9rise les trois soci\u00e9t\u00e9s les plus modernes : Etats-Unis, Europe occidentale, U.R.S.S. Au surplus, ce type sociologique, consid\u00e9r\u00e9 universellement comme prototype du d\u00e9veloppement humain; se r\u00e9pand progressivement dans le monde entier. Il est le porteur de cette uniformisation dont nous parlions.<\/p>\n<p style=\"text-align: justify;\">Tout le processus repose sur la confrontation des valeurs avec une r\u00e9alit\u00e9 qui se d\u00e9veloppe, d\u00e9tach\u00e9e d&rsquo;elles, selon sa dialectique propre : celle du bin\u00f4me science-technique.<\/p>\n<p style=\"text-align: justify;\">Vient enfin un fait r\u00e9cent, mais qui domine tous les autres : l&rsquo;interd\u00e9pendance de l&rsquo;humanit\u00e9 qui porte \u00e0 l&rsquo;avant-plan une valeur, jusqu&rsquo;alors latente, l&rsquo;unit\u00e9 de l&rsquo;esp\u00e8ce. Or l&rsquo;esp\u00e8ce est menac\u00e9e de destruction, Comment ne pas voir que l&rsquo;universalisme de la religion, de la raison, de la science, de l&rsquo;humanisme n&rsquo;y trouve, enfin, son point d&rsquo;application indiscutablement unique ?<\/p>\n<hr style=\"text-align: justify;\" size=\"1\" \/>\n<p style=\"text-align: justify;\"><a id=\"ftn1\" href=\"#ftnref1\">[1]<\/a> Templum \u00e9tymologiquement issu du radical tem exprimant l&rsquo;id\u00e9e de couper (temere) : c&rsquo;est le lieu compl\u00e8tement s\u00e9par\u00e9 des autres et par l\u00e0 \u00ab sacr\u00e9 \u00bb.<\/p>\n<p style=\"text-align: justify;\"><a id=\"ftn2\" href=\"#ftnref2\">[2]<\/a> Dans <em>Tol\u00e9rance et Communaut\u00e9 humaine<\/em> (Cahiers de l&rsquo;actualit\u00e9 religieuse, Tournai, Castermans), 1952, p, 165. Ce livre a re\u00e7u l&rsquo;imprimatur \u00ab\u00a0cum licentia superiorum\u00a0\u00bb.<\/p>\n<p style=\"text-align: justify;\"><a id=\"ftn3\" href=\"#ftnref3\">[3]<\/a> <em>Les orientations pr\u00e9sentes de la Pens\u00e9e religieuse<\/em>, dans Etudes, avril 1946, pp. 5 \u00e0 21.<\/p>\n<p style=\"text-align: justify;\"><a id=\"ftn4\" href=\"#ftnref4\">[4]<\/a> Cette attitude rompt avec celle d&rsquo;Humani Generis que les protestants avaient interpr\u00e9t\u00e9e \u00e0 juste titre comme un recul \u00e0 cet \u00e9gard. Voir : Jean Bose, <em>le pape donne un coup de frein aux relations \u0153cum\u00e9niques<\/em>, dans l&rsquo;hebdomadaire La R\u00e9forme, du 16 septembre 1950.<\/p>\n","protected":false},"excerpt":{"rendered":"<p>L&rsquo;humanisme s&rsquo;oppose \u00e0 l&rsquo;autorit\u00e9 de l&rsquo;Eglise au point de vue intellectuel. Bien que des princes de l&rsquo;Eglise y aient particip\u00e9, c&rsquo;est un courant de la\u00efcisation de la pens\u00e9e. C&rsquo;est aussi un anthropocentrisme de la vie, qui succ\u00e8de au th\u00e9ocentrisme m\u00e9di\u00e9val, l&rsquo;orgueil prend la place de l&rsquo;humilit\u00e9; les activit\u00e9s anonymes se rar\u00e9fient. Dans ce contexte, l&rsquo;humanisme est un mouvement d&rsquo;\u00e9mancipation et d&rsquo;affirmation de l&rsquo;individu. Les sociologues diraient que l&rsquo;esprit soci\u00e9taire tend \u00e0 remplacer l&rsquo;esprit communautaire.<\/p>\n","protected":false},"author":1,"featured_media":0,"comment_status":"closed","ping_status":"closed","sticky":false,"template":"","format":"standard","meta":{"footnotes":""},"categories":[1014],"tags":[310,637,1029,157],"class_list":["post-10219","post","type-post","status-publish","format-standard","hentry","category-essais","tag-culture","tag-humanisme","tag-rationalite","tag-religion"],"yoast_head":"<!-- This site is optimized with the Yoast SEO plugin v27.0 - https:\/\/yoast.com\/product\/yoast-seo-wordpress\/ -->\n<title>Le point de vue du rationalisme par Henri Janne - 3e mill\u00e9naire - Spiritualit\u00e9 - Connaissance de soi - Non-dualit\u00e9 - M\u00e9ditation<\/title>\n<meta name=\"robots\" content=\"index, follow, max-snippet:-1, max-image-preview:large, max-video-preview:-1\" \/>\n<link rel=\"canonical\" href=\"https:\/\/www.revue3emillenaire.com\/blog\/le-point-de-vue-du-rationalisme-par-henri-janne\/\" \/>\n<meta property=\"og:locale\" content=\"fr_FR\" \/>\n<meta property=\"og:type\" content=\"article\" \/>\n<meta property=\"og:title\" content=\"Le point de vue du rationalisme par Henri Janne - 3e mill\u00e9naire - Spiritualit\u00e9 - Connaissance de soi - Non-dualit\u00e9 - M\u00e9ditation\" \/>\n<meta property=\"og:description\" content=\"L&#039;humanisme s&#039;oppose \u00e0 l&#039;autorit\u00e9 de l&#039;Eglise au point de vue intellectuel. Bien que des princes de l&#039;Eglise y aient particip\u00e9, c&#039;est un courant de la\u00efcisation de la pens\u00e9e. C&#039;est aussi un anthropocentrisme de la vie, qui succ\u00e8de au th\u00e9ocentrisme m\u00e9di\u00e9val, l&#039;orgueil prend la place de l&#039;humilit\u00e9; les activit\u00e9s anonymes se rar\u00e9fient. Dans ce contexte, l&#039;humanisme est un mouvement d&#039;\u00e9mancipation et d&#039;affirmation de l&#039;individu. Les sociologues diraient que l&#039;esprit soci\u00e9taire tend \u00e0 remplacer l&#039;esprit communautaire.\" \/>\n<meta property=\"og:url\" content=\"https:\/\/www.revue3emillenaire.com\/blog\/le-point-de-vue-du-rationalisme-par-henri-janne\/\" \/>\n<meta property=\"og:site_name\" content=\"3e mill\u00e9naire - Spiritualit\u00e9 - Connaissance de soi - Non-dualit\u00e9 - M\u00e9ditation\" \/>\n<meta property=\"article:published_time\" content=\"2011-12-02T03:53:04+00:00\" \/>\n<meta property=\"article:modified_time\" content=\"2012-05-05T20:55:21+00:00\" \/>\n<meta name=\"author\" content=\"3e mill\u00e9naire\" \/>\n<meta name=\"twitter:card\" content=\"summary_large_image\" \/>\n<meta name=\"twitter:label1\" content=\"\u00c9crit par\" \/>\n\t<meta name=\"twitter:data1\" content=\"3e mill\u00e9naire\" \/>\n\t<meta name=\"twitter:label2\" content=\"Dur\u00e9e de lecture estim\u00e9e\" \/>\n\t<meta name=\"twitter:data2\" content=\"19 minutes\" \/>\n<script type=\"application\/ld+json\" class=\"yoast-schema-graph\">{\"@context\":\"https:\/\/schema.org\",\"@graph\":[{\"@type\":\"Article\",\"@id\":\"https:\/\/www.revue3emillenaire.com\/blog\/le-point-de-vue-du-rationalisme-par-henri-janne\/#article\",\"isPartOf\":{\"@id\":\"https:\/\/www.revue3emillenaire.com\/blog\/le-point-de-vue-du-rationalisme-par-henri-janne\/\"},\"author\":{\"name\":\"3e mill\u00e9naire\",\"@id\":\"https:\/\/www.revue3emillenaire.com\/blog\/#\/schema\/person\/9a3a7cc4ccaa707f402d4394327106d5\"},\"headline\":\"Le point de vue du rationalisme par Henri Janne\",\"datePublished\":\"2011-12-02T03:53:04+00:00\",\"dateModified\":\"2012-05-05T20:55:21+00:00\",\"mainEntityOfPage\":{\"@id\":\"https:\/\/www.revue3emillenaire.com\/blog\/le-point-de-vue-du-rationalisme-par-henri-janne\/\"},\"wordCount\":3880,\"keywords\":[\"culture\",\"Humanisme\",\"Rationalit\u00e9\",\"religion\"],\"articleSection\":[\"Essais\"],\"inLanguage\":\"fr-FR\"},{\"@type\":\"WebPage\",\"@id\":\"https:\/\/www.revue3emillenaire.com\/blog\/le-point-de-vue-du-rationalisme-par-henri-janne\/\",\"url\":\"https:\/\/www.revue3emillenaire.com\/blog\/le-point-de-vue-du-rationalisme-par-henri-janne\/\",\"name\":\"Le point de vue du rationalisme par Henri Janne - 3e mill\u00e9naire - Spiritualit\u00e9 - Connaissance de soi - Non-dualit\u00e9 - M\u00e9ditation\",\"isPartOf\":{\"@id\":\"https:\/\/www.revue3emillenaire.com\/blog\/#website\"},\"datePublished\":\"2011-12-02T03:53:04+00:00\",\"dateModified\":\"2012-05-05T20:55:21+00:00\",\"author\":{\"@id\":\"https:\/\/www.revue3emillenaire.com\/blog\/#\/schema\/person\/9a3a7cc4ccaa707f402d4394327106d5\"},\"breadcrumb\":{\"@id\":\"https:\/\/www.revue3emillenaire.com\/blog\/le-point-de-vue-du-rationalisme-par-henri-janne\/#breadcrumb\"},\"inLanguage\":\"fr-FR\",\"potentialAction\":[{\"@type\":\"ReadAction\",\"target\":[\"https:\/\/www.revue3emillenaire.com\/blog\/le-point-de-vue-du-rationalisme-par-henri-janne\/\"]}]},{\"@type\":\"BreadcrumbList\",\"@id\":\"https:\/\/www.revue3emillenaire.com\/blog\/le-point-de-vue-du-rationalisme-par-henri-janne\/#breadcrumb\",\"itemListElement\":[{\"@type\":\"ListItem\",\"position\":1,\"name\":\"Accueil\",\"item\":\"https:\/\/www.revue3emillenaire.com\/blog\/\"},{\"@type\":\"ListItem\",\"position\":2,\"name\":\"Le point de vue du rationalisme par Henri Janne\"}]},{\"@type\":\"WebSite\",\"@id\":\"https:\/\/www.revue3emillenaire.com\/blog\/#website\",\"url\":\"https:\/\/www.revue3emillenaire.com\/blog\/\",\"name\":\"3e mill\u00e9naire - Spiritualit\u00e9 - Connaissance de soi - Non-dualit\u00e9 - M\u00e9ditation\",\"description\":\"L&#039;Homme en devenir\",\"potentialAction\":[{\"@type\":\"SearchAction\",\"target\":{\"@type\":\"EntryPoint\",\"urlTemplate\":\"https:\/\/www.revue3emillenaire.com\/blog\/?s={search_term_string}\"},\"query-input\":{\"@type\":\"PropertyValueSpecification\",\"valueRequired\":true,\"valueName\":\"search_term_string\"}}],\"inLanguage\":\"fr-FR\"},{\"@type\":\"Person\",\"@id\":\"https:\/\/www.revue3emillenaire.com\/blog\/#\/schema\/person\/9a3a7cc4ccaa707f402d4394327106d5\",\"name\":\"3e mill\u00e9naire\",\"url\":\"https:\/\/www.revue3emillenaire.com\/blog\/author\/admin\/\"}]}<\/script>\n<!-- \/ Yoast SEO plugin. -->","yoast_head_json":{"title":"Le point de vue du rationalisme par Henri Janne - 3e mill\u00e9naire - Spiritualit\u00e9 - Connaissance de soi - Non-dualit\u00e9 - M\u00e9ditation","robots":{"index":"index","follow":"follow","max-snippet":"max-snippet:-1","max-image-preview":"max-image-preview:large","max-video-preview":"max-video-preview:-1"},"canonical":"https:\/\/www.revue3emillenaire.com\/blog\/le-point-de-vue-du-rationalisme-par-henri-janne\/","og_locale":"fr_FR","og_type":"article","og_title":"Le point de vue du rationalisme par Henri Janne - 3e mill\u00e9naire - Spiritualit\u00e9 - Connaissance de soi - Non-dualit\u00e9 - M\u00e9ditation","og_description":"L'humanisme s'oppose \u00e0 l'autorit\u00e9 de l'Eglise au point de vue intellectuel. Bien que des princes de l'Eglise y aient particip\u00e9, c'est un courant de la\u00efcisation de la pens\u00e9e. C'est aussi un anthropocentrisme de la vie, qui succ\u00e8de au th\u00e9ocentrisme m\u00e9di\u00e9val, l'orgueil prend la place de l'humilit\u00e9; les activit\u00e9s anonymes se rar\u00e9fient. Dans ce contexte, l'humanisme est un mouvement d'\u00e9mancipation et d'affirmation de l'individu. Les sociologues diraient que l'esprit soci\u00e9taire tend \u00e0 remplacer l'esprit communautaire.","og_url":"https:\/\/www.revue3emillenaire.com\/blog\/le-point-de-vue-du-rationalisme-par-henri-janne\/","og_site_name":"3e mill\u00e9naire - Spiritualit\u00e9 - Connaissance de soi - Non-dualit\u00e9 - M\u00e9ditation","article_published_time":"2011-12-02T03:53:04+00:00","article_modified_time":"2012-05-05T20:55:21+00:00","author":"3e mill\u00e9naire","twitter_card":"summary_large_image","twitter_misc":{"\u00c9crit par":"3e mill\u00e9naire","Dur\u00e9e de lecture estim\u00e9e":"19 minutes"},"schema":{"@context":"https:\/\/schema.org","@graph":[{"@type":"Article","@id":"https:\/\/www.revue3emillenaire.com\/blog\/le-point-de-vue-du-rationalisme-par-henri-janne\/#article","isPartOf":{"@id":"https:\/\/www.revue3emillenaire.com\/blog\/le-point-de-vue-du-rationalisme-par-henri-janne\/"},"author":{"name":"3e mill\u00e9naire","@id":"https:\/\/www.revue3emillenaire.com\/blog\/#\/schema\/person\/9a3a7cc4ccaa707f402d4394327106d5"},"headline":"Le point de vue du rationalisme par Henri Janne","datePublished":"2011-12-02T03:53:04+00:00","dateModified":"2012-05-05T20:55:21+00:00","mainEntityOfPage":{"@id":"https:\/\/www.revue3emillenaire.com\/blog\/le-point-de-vue-du-rationalisme-par-henri-janne\/"},"wordCount":3880,"keywords":["culture","Humanisme","Rationalit\u00e9","religion"],"articleSection":["Essais"],"inLanguage":"fr-FR"},{"@type":"WebPage","@id":"https:\/\/www.revue3emillenaire.com\/blog\/le-point-de-vue-du-rationalisme-par-henri-janne\/","url":"https:\/\/www.revue3emillenaire.com\/blog\/le-point-de-vue-du-rationalisme-par-henri-janne\/","name":"Le point de vue du rationalisme par Henri Janne - 3e mill\u00e9naire - Spiritualit\u00e9 - Connaissance de soi - Non-dualit\u00e9 - M\u00e9ditation","isPartOf":{"@id":"https:\/\/www.revue3emillenaire.com\/blog\/#website"},"datePublished":"2011-12-02T03:53:04+00:00","dateModified":"2012-05-05T20:55:21+00:00","author":{"@id":"https:\/\/www.revue3emillenaire.com\/blog\/#\/schema\/person\/9a3a7cc4ccaa707f402d4394327106d5"},"breadcrumb":{"@id":"https:\/\/www.revue3emillenaire.com\/blog\/le-point-de-vue-du-rationalisme-par-henri-janne\/#breadcrumb"},"inLanguage":"fr-FR","potentialAction":[{"@type":"ReadAction","target":["https:\/\/www.revue3emillenaire.com\/blog\/le-point-de-vue-du-rationalisme-par-henri-janne\/"]}]},{"@type":"BreadcrumbList","@id":"https:\/\/www.revue3emillenaire.com\/blog\/le-point-de-vue-du-rationalisme-par-henri-janne\/#breadcrumb","itemListElement":[{"@type":"ListItem","position":1,"name":"Accueil","item":"https:\/\/www.revue3emillenaire.com\/blog\/"},{"@type":"ListItem","position":2,"name":"Le point de vue du rationalisme par Henri Janne"}]},{"@type":"WebSite","@id":"https:\/\/www.revue3emillenaire.com\/blog\/#website","url":"https:\/\/www.revue3emillenaire.com\/blog\/","name":"3e mill\u00e9naire - Spiritualit\u00e9 - Connaissance de soi - Non-dualit\u00e9 - M\u00e9ditation","description":"L&#039;Homme en devenir","potentialAction":[{"@type":"SearchAction","target":{"@type":"EntryPoint","urlTemplate":"https:\/\/www.revue3emillenaire.com\/blog\/?s={search_term_string}"},"query-input":{"@type":"PropertyValueSpecification","valueRequired":true,"valueName":"search_term_string"}}],"inLanguage":"fr-FR"},{"@type":"Person","@id":"https:\/\/www.revue3emillenaire.com\/blog\/#\/schema\/person\/9a3a7cc4ccaa707f402d4394327106d5","name":"3e mill\u00e9naire","url":"https:\/\/www.revue3emillenaire.com\/blog\/author\/admin\/"}]}},"_links":{"self":[{"href":"https:\/\/www.revue3emillenaire.com\/blog\/wp-json\/wp\/v2\/posts\/10219","targetHints":{"allow":["GET"]}}],"collection":[{"href":"https:\/\/www.revue3emillenaire.com\/blog\/wp-json\/wp\/v2\/posts"}],"about":[{"href":"https:\/\/www.revue3emillenaire.com\/blog\/wp-json\/wp\/v2\/types\/post"}],"author":[{"embeddable":true,"href":"https:\/\/www.revue3emillenaire.com\/blog\/wp-json\/wp\/v2\/users\/1"}],"replies":[{"embeddable":true,"href":"https:\/\/www.revue3emillenaire.com\/blog\/wp-json\/wp\/v2\/comments?post=10219"}],"version-history":[{"count":0,"href":"https:\/\/www.revue3emillenaire.com\/blog\/wp-json\/wp\/v2\/posts\/10219\/revisions"}],"wp:attachment":[{"href":"https:\/\/www.revue3emillenaire.com\/blog\/wp-json\/wp\/v2\/media?parent=10219"}],"wp:term":[{"taxonomy":"category","embeddable":true,"href":"https:\/\/www.revue3emillenaire.com\/blog\/wp-json\/wp\/v2\/categories?post=10219"},{"taxonomy":"post_tag","embeddable":true,"href":"https:\/\/www.revue3emillenaire.com\/blog\/wp-json\/wp\/v2\/tags?post=10219"}],"curies":[{"name":"wp","href":"https:\/\/api.w.org\/{rel}","templated":true}]}}