{"id":10261,"date":"2011-12-07T15:37:14","date_gmt":"2011-12-07T14:37:14","guid":{"rendered":"http:\/\/www.revue3emillenaire.com\/blog\/?p=10261"},"modified":"2011-12-07T15:37:14","modified_gmt":"2011-12-07T14:37:14","slug":"quest-ce-que-l%e2%80%99esprit-par-jean-e-charon","status":"publish","type":"post","link":"https:\/\/www.revue3emillenaire.com\/blog\/quest-ce-que-l%e2%80%99esprit-par-jean-e-charon\/","title":{"rendered":"Qu&rsquo;est-ce que l\u2019esprit? par Jean E. Charon"},"content":{"rendered":"<p style=\"text-align: justify;\">(Revue Question De. N<sup>o<\/sup> 34. Janvier-F\u00e9vrier 1980)<\/p>\n<p style=\"text-align: justify;\">\n<p style=\"text-align: justify;\">Voil\u00e0 une question bien difficile. Je dis cependant, en compl\u00e9ment \u00e0 l&rsquo;excellente analyse de <a href=\"http:\/\/www.revue3emillenaire.com\/blog\/?p=10257\" target=\"_blank\">Raymond Ruyer<\/a>, que plus une question est difficile, plus il faut chercher \u00e0 \u00eatre \u00ab \u00e9conomique \u00bb dans le nombre des pr\u00e9suppos\u00e9s qu&rsquo;on place \u00e0 la base de notre r\u00e9flexion pour parler de ce probl\u00e8me.<\/p>\n<p style=\"text-align: justify;\">\n<p style=\"text-align: justify;\">Voici que la physique (J.E. Charon : <em>Th\u00e9orie de la relativit\u00e9 complexe.<\/em> Albin Michel, 1977) vient de d\u00e9couvrir que Teilhard avait raison : certaines particules de mati\u00e8re dont nous sommes faits, les \u00e9lectrons, poss\u00e8dent non seulement leurs caract\u00e9ristiques physiques bien connues (le \u00ab dehors \u00bb de l&rsquo;\u00e9lectron), mais encore des propri\u00e9t\u00e9s spirituelles enferm\u00e9es dans un \u00ab dedans \u00bb de la particule, situ\u00e9 hors de notre espace visible un dedans dont les physiciens, jusqu&rsquo;ici surtout pr\u00e9occup\u00e9s de l&rsquo;ext\u00e9rieur des choses, se sont encore peu souci\u00e9s. Ces propri\u00e9t\u00e9s, au nombre de quatre, sont \u00e0 l&rsquo;examen, si voisines de celles que nous attribuons \u00e0 notre propre esprit, qu&rsquo;on est conduit \u00e0 les nommer avec des mots qui ont une signification imm\u00e9diate : connaissance, r\u00e9flexion, amour et acte.<\/p>\n<p style=\"text-align: justify;\">\n<p style=\"text-align: justify;\">D&rsquo;accord, nous acceptons volontiers que ces particules poss\u00e8dent des propri\u00e9t\u00e9s spirituelles, nous disent Raymond Ruyer et les n\u00e9o-gnostiques de Princeton et de Pasadena. Mais \u00ab mon \u00bb esprit, celui de l&rsquo;humain que je suis, c&rsquo;est encore autre chose ; il est une sorte d&rsquo;\u00ab \u00e9manation \u00bb de l&rsquo;\u00eatre organis\u00e9 entier. Seul ce dernier est capable d&rsquo;une pens\u00e9e complexe, alors que les \u00e9lectrons qui composent mon corps ne poss\u00e8dent qu&rsquo;une psych\u00e9 tr\u00e8s \u00e9l\u00e9mentaire. Je rechigne personnellement \u00e0 cette hypoth\u00e8se suppl\u00e9mentaire ; et d&rsquo;abord parce que c&rsquo;est pr\u00e9cis\u00e9ment un pr\u00e9jug\u00e9 suppl\u00e9mentaire pour parler du ph\u00e9nom\u00e8ne si difficile \u00e0 interpr\u00e9ter qu&rsquo;est l&rsquo;Esprit. Ainsi, il y aurait, selon Ruyer, un Esprit au niveau \u00e9l\u00e9mentaire, dont on commence \u00e0 cerner les contours de mani\u00e8re scientifique ; mais il y aurait aussi une autre forme d&rsquo;Esprit, qui serait comme \u00ab secr\u00e9t\u00e9e \u00bb par la structure complexe que forment entre elles les particules de mon corps. En somme, il y aurait une \u00e2me, diff\u00e9rente des qualit\u00e9s spirituelles attach\u00e9es \u00e0 la mati\u00e8re de mon corps. C&rsquo;est peut-\u00eatre vrai, mais je dis qu&rsquo;il faut d&rsquo;abord essayer de nous passer de ce concept \u00e9quivoque d&rsquo;\u00ab \u00e2me \u00bb, dont la science ne sait encore rien ; au moins peut-on tenter, dans une premi\u00e8re \u00e9tape, d&rsquo;examiner si l&rsquo;on peut approcher une compr\u00e9hension de la nature de l&rsquo;Esprit sans faire usage de ce pr\u00e9jug\u00e9 suppl\u00e9mentaire. La physique vient de nous r\u00e9v\u00e9ler une certaine forme d&rsquo;Esprit au niveau de l&rsquo;\u00e9lectron : c&rsquo;est d\u00e9j\u00e0 une acquisition prodigieuse de la connaissance de notre \u00e9poque, exploitons d&rsquo;abord ce r\u00e9sultat, nous verrons bien s&rsquo;il ne suffit bas \u00e0 rendre compte de toutes les manifestations de l&rsquo;Esprit. Ce qui para\u00eet choquer certains, dans cette id\u00e9e que tout l&rsquo;Esprit du monde serait dans les \u00e9lectrons, c&rsquo;est qu&rsquo;elle donne parfois l&rsquo;impression que, nous les hommes, nous ne sommes plus dans ce cas que des pantins dont d&rsquo;autres (les \u00e9lectrons) tireraient les ficelles. Or, tel n&rsquo;est nullement le cas dans une interpr\u00e9tation correcte de la th\u00e9orie des \u00e9lectrons \u00ab pensants \u00bb ou \u00e9ons. Au cours de l&rsquo;\u00e9volution, gr\u00e2ce \u00e0 leurs qualit\u00e9s de m\u00e9moire parfaite et de raisonnement, les \u00e9ons ont acquis graduellement toujours plus de conscience. Utilisant leurs quatre propri\u00e9t\u00e9s spirituelles, les \u00e9ons se sont regroup\u00e9s peu \u00e0 peu pour constituer des organismes plus complexes, que la biologie nomme ADN, g\u00e8nes, chromosomes, virus, cellule, v\u00e9g\u00e9tal, animal, humain&#8230; Tous ces organismes ont eu pour objectif d&rsquo;am\u00e9liorer toujours plus le rythme d&rsquo;accroissement de la conscience individuelle de chaque \u00e9on ; et non la conscience d&rsquo;un ensemble comme notre corps, qui n&rsquo;a d&rsquo;autre Esprit que celui de ses constituants \u00e9oniques. De m\u00eame, des musiciens, en se groupant pour jouer ensemble, accroissent \u00e0 travers le jeu de la symphonie leur conscience musicale individuelle, ou celle de leurs auditeurs (et non la conscience musicale d&rsquo;un ensemble nomm\u00e9 orchestre, qui n&rsquo;est naturellement pas capable de conscience \u00e0 lui seul). Il y a donc comme un rebondissement des effets spirituels obtenus par le tout vers l&rsquo;Esprit de chacune des unit\u00e9s spirituelles constituant ce tout, de telle sorte que chacun des \u00e9ons de mon corps m\u00e9morise et interpr\u00e8te chacune des exp\u00e9riences v\u00e9cues minute par minute par la totalit\u00e9 de mon corps. Et c&rsquo;est pour cela, et pour cela seulement, que tous les \u00e9ons de mon corps disposeront d&rsquo;une initiative coordonn\u00e9e pour d\u00e9clencher mon comportement de la minute suivante. Mes \u00e9ons ne re\u00e7oivent pas par petits morceaux des bribes de mon exp\u00e9rience v\u00e9cue, chacun d&rsquo;eux s&rsquo;enrichit de la totalit\u00e9 de cette exp\u00e9rience. De m\u00eame que la symphonie ne vient pas se d\u00e9verser par morceaux sur chaque musicien, qui est continuellement un auditeur \u00e0 part enti\u00e8re de la symphonie compl\u00e8te ; s&rsquo;il n&rsquo;en \u00e9tait d&rsquo;ailleurs pas ainsi, chaque musicien serait incapable de participer harmonieusement \u00e0 l&rsquo;orchestre.<\/p>\n<p style=\"text-align: justify;\">\n<p style=\"text-align: justify;\">Je respecte la conclusion de Raymond Ruyer, qui voit \u00ab joyeusement \u00bb dans la mort l&rsquo;an\u00e9antissement de tous ses souvenirs, la disparition de toutes \u00ab ses informations biologiques de vert\u00e9br\u00e9 simien \u00bb. Mais ni ma raison, ni mon c\u0153ur, ne peuvent se rallier \u00e0 une telle attitude. J&rsquo;avoue sentir au fond de moi une exaltation secr\u00e8te \u00e0 la pens\u00e9e que ce vieux Soleil ne tombera jamais dans mon oubli, car l&rsquo;univers et moi partageons la m\u00eame longue aventure spirituelle. Les infinis du temps et de l&rsquo;espace d\u00e9ploy\u00e9s par cet univers ne parviennent pas, ou en tout cas ne parviennent plus, \u00e0 me faire voir en transparence le spectre de la mort-n\u00e9ant. Je refuse de me rallier au \u00ab A quoi bon ? \u00bb de Paul Val\u00e9ry. Non seulement je crois, \u2014 Raymond Ruyer aussi d&rsquo;ailleurs \u2014 que l&rsquo;\u00e9toffe de l&rsquo;univers est d&rsquo;essence spirituelle ; mais je crois aussi que cette vie a un sens, et se place dans la continuit\u00e9 de nos vies spirituelles ant\u00e9rieures et futures. Cet esprit, qui a appris \u00e0 mon c\u0153ur \u00e0 battre, poss\u00e8de aussi les ailes qui m&#8217;emm\u00e8neront jusqu&rsquo;au bout du temps. L&rsquo;univers et moi ne formons qu&rsquo;un. L&rsquo;univers et moi nous aimons d&rsquo;amour, finalement. Apr\u00e8s tout, c&rsquo;est peut-\u00eatre cela \u00eatre spiritualiste.<\/p>\n","protected":false},"excerpt":{"rendered":"<p>De m\u00eame, des musiciens, en se groupant pour jouer ensemble, accroissent \u00e0 travers le jeu de la symphonie leur conscience musicale individuelle, ou celle de leurs auditeurs (et non la conscience musicale d&rsquo;un ensemble nomm\u00e9 orchestre, qui n&rsquo;est naturellement pas capable de conscience \u00e0 lui seul). Il y a donc comme un rebondissement des effets spirituels obtenus par le tout vers l&rsquo;Esprit de chacune des unit\u00e9s spirituelles constituant ce tout, de telle sorte que chacun des \u00e9ons de mon corps m\u00e9morise et interpr\u00e8te chacune des exp\u00e9riences v\u00e9cues minute par minute par la totalit\u00e9 de mon corps.<\/p>\n","protected":false},"author":1,"featured_media":0,"comment_status":"closed","ping_status":"closed","sticky":false,"template":"","format":"standard","meta":{"footnotes":""},"categories":[706],"tags":[1031,117,253,17],"class_list":["post-10261","post","type-post","status-publish","format-standard","hentry","category-charon-jean-e","tag-electron","tag-memoire","tag-sicence-et-conscience","tag-survie"],"yoast_head":"<!-- This site is optimized with the Yoast SEO plugin v27.0 - https:\/\/yoast.com\/product\/yoast-seo-wordpress\/ -->\n<title>Qu&#039;est-ce que l\u2019esprit? par Jean E. Charon - 3e mill\u00e9naire - Spiritualit\u00e9 - Connaissance de soi - Non-dualit\u00e9 - M\u00e9ditation<\/title>\n<meta name=\"robots\" content=\"index, follow, max-snippet:-1, max-image-preview:large, max-video-preview:-1\" \/>\n<link rel=\"canonical\" href=\"https:\/\/www.revue3emillenaire.com\/blog\/quest-ce-que-l\u2019esprit-par-jean-e-charon\/\" \/>\n<meta property=\"og:locale\" content=\"fr_FR\" \/>\n<meta property=\"og:type\" content=\"article\" \/>\n<meta property=\"og:title\" content=\"Qu&#039;est-ce que l\u2019esprit? par Jean E. Charon - 3e mill\u00e9naire - Spiritualit\u00e9 - Connaissance de soi - Non-dualit\u00e9 - M\u00e9ditation\" \/>\n<meta property=\"og:description\" content=\"De m\u00eame, des musiciens, en se groupant pour jouer ensemble, accroissent \u00e0 travers le jeu de la symphonie leur conscience musicale individuelle, ou celle de leurs auditeurs (et non la conscience musicale d&#039;un ensemble nomm\u00e9 orchestre, qui n&#039;est naturellement pas capable de conscience \u00e0 lui seul). Il y a donc comme un rebondissement des effets spirituels obtenus par le tout vers l&#039;Esprit de chacune des unit\u00e9s spirituelles constituant ce tout, de telle sorte que chacun des \u00e9ons de mon corps m\u00e9morise et interpr\u00e8te chacune des exp\u00e9riences v\u00e9cues minute par minute par la totalit\u00e9 de mon corps.\" \/>\n<meta property=\"og:url\" content=\"https:\/\/www.revue3emillenaire.com\/blog\/quest-ce-que-l\u2019esprit-par-jean-e-charon\/\" \/>\n<meta property=\"og:site_name\" content=\"3e mill\u00e9naire - Spiritualit\u00e9 - Connaissance de soi - Non-dualit\u00e9 - M\u00e9ditation\" \/>\n<meta property=\"article:published_time\" content=\"2011-12-07T14:37:14+00:00\" \/>\n<meta name=\"author\" content=\"3e mill\u00e9naire\" \/>\n<meta name=\"twitter:card\" content=\"summary_large_image\" \/>\n<meta name=\"twitter:label1\" content=\"\u00c9crit par\" \/>\n\t<meta name=\"twitter:data1\" content=\"3e mill\u00e9naire\" \/>\n\t<meta name=\"twitter:label2\" content=\"Dur\u00e9e de lecture estim\u00e9e\" \/>\n\t<meta name=\"twitter:data2\" content=\"5 minutes\" \/>\n<script type=\"application\/ld+json\" class=\"yoast-schema-graph\">{\"@context\":\"https:\/\/schema.org\",\"@graph\":[{\"@type\":\"Article\",\"@id\":\"https:\/\/www.revue3emillenaire.com\/blog\/quest-ce-que-l%e2%80%99esprit-par-jean-e-charon\/#article\",\"isPartOf\":{\"@id\":\"https:\/\/www.revue3emillenaire.com\/blog\/quest-ce-que-l%e2%80%99esprit-par-jean-e-charon\/\"},\"author\":{\"name\":\"3e mill\u00e9naire\",\"@id\":\"https:\/\/www.revue3emillenaire.com\/blog\/#\/schema\/person\/9a3a7cc4ccaa707f402d4394327106d5\"},\"headline\":\"Qu&rsquo;est-ce que l\u2019esprit? par Jean E. Charon\",\"datePublished\":\"2011-12-07T14:37:14+00:00\",\"mainEntityOfPage\":{\"@id\":\"https:\/\/www.revue3emillenaire.com\/blog\/quest-ce-que-l%e2%80%99esprit-par-jean-e-charon\/\"},\"wordCount\":1058,\"keywords\":[\"\u00e9lectron\",\"m\u00e9moire\",\"sicence et conscience\",\"Survie\"],\"articleSection\":[\"Charon Jean-E.\"],\"inLanguage\":\"fr-FR\"},{\"@type\":\"WebPage\",\"@id\":\"https:\/\/www.revue3emillenaire.com\/blog\/quest-ce-que-l%e2%80%99esprit-par-jean-e-charon\/\",\"url\":\"https:\/\/www.revue3emillenaire.com\/blog\/quest-ce-que-l%e2%80%99esprit-par-jean-e-charon\/\",\"name\":\"Qu'est-ce que l\u2019esprit? par Jean E. Charon - 3e mill\u00e9naire - Spiritualit\u00e9 - Connaissance de soi - Non-dualit\u00e9 - M\u00e9ditation\",\"isPartOf\":{\"@id\":\"https:\/\/www.revue3emillenaire.com\/blog\/#website\"},\"datePublished\":\"2011-12-07T14:37:14+00:00\",\"author\":{\"@id\":\"https:\/\/www.revue3emillenaire.com\/blog\/#\/schema\/person\/9a3a7cc4ccaa707f402d4394327106d5\"},\"breadcrumb\":{\"@id\":\"https:\/\/www.revue3emillenaire.com\/blog\/quest-ce-que-l%e2%80%99esprit-par-jean-e-charon\/#breadcrumb\"},\"inLanguage\":\"fr-FR\",\"potentialAction\":[{\"@type\":\"ReadAction\",\"target\":[\"https:\/\/www.revue3emillenaire.com\/blog\/quest-ce-que-l%e2%80%99esprit-par-jean-e-charon\/\"]}]},{\"@type\":\"BreadcrumbList\",\"@id\":\"https:\/\/www.revue3emillenaire.com\/blog\/quest-ce-que-l%e2%80%99esprit-par-jean-e-charon\/#breadcrumb\",\"itemListElement\":[{\"@type\":\"ListItem\",\"position\":1,\"name\":\"Accueil\",\"item\":\"https:\/\/www.revue3emillenaire.com\/blog\/\"},{\"@type\":\"ListItem\",\"position\":2,\"name\":\"Qu&rsquo;est-ce que l\u2019esprit? par Jean E. Charon\"}]},{\"@type\":\"WebSite\",\"@id\":\"https:\/\/www.revue3emillenaire.com\/blog\/#website\",\"url\":\"https:\/\/www.revue3emillenaire.com\/blog\/\",\"name\":\"3e mill\u00e9naire - Spiritualit\u00e9 - Connaissance de soi - Non-dualit\u00e9 - M\u00e9ditation\",\"description\":\"L&#039;Homme en devenir\",\"potentialAction\":[{\"@type\":\"SearchAction\",\"target\":{\"@type\":\"EntryPoint\",\"urlTemplate\":\"https:\/\/www.revue3emillenaire.com\/blog\/?s={search_term_string}\"},\"query-input\":{\"@type\":\"PropertyValueSpecification\",\"valueRequired\":true,\"valueName\":\"search_term_string\"}}],\"inLanguage\":\"fr-FR\"},{\"@type\":\"Person\",\"@id\":\"https:\/\/www.revue3emillenaire.com\/blog\/#\/schema\/person\/9a3a7cc4ccaa707f402d4394327106d5\",\"name\":\"3e mill\u00e9naire\",\"url\":\"https:\/\/www.revue3emillenaire.com\/blog\/author\/admin\/\"}]}<\/script>\n<!-- \/ Yoast SEO plugin. -->","yoast_head_json":{"title":"Qu'est-ce que l\u2019esprit? par Jean E. Charon - 3e mill\u00e9naire - Spiritualit\u00e9 - Connaissance de soi - Non-dualit\u00e9 - M\u00e9ditation","robots":{"index":"index","follow":"follow","max-snippet":"max-snippet:-1","max-image-preview":"max-image-preview:large","max-video-preview":"max-video-preview:-1"},"canonical":"https:\/\/www.revue3emillenaire.com\/blog\/quest-ce-que-l\u2019esprit-par-jean-e-charon\/","og_locale":"fr_FR","og_type":"article","og_title":"Qu'est-ce que l\u2019esprit? par Jean E. Charon - 3e mill\u00e9naire - Spiritualit\u00e9 - Connaissance de soi - Non-dualit\u00e9 - M\u00e9ditation","og_description":"De m\u00eame, des musiciens, en se groupant pour jouer ensemble, accroissent \u00e0 travers le jeu de la symphonie leur conscience musicale individuelle, ou celle de leurs auditeurs (et non la conscience musicale d'un ensemble nomm\u00e9 orchestre, qui n'est naturellement pas capable de conscience \u00e0 lui seul). Il y a donc comme un rebondissement des effets spirituels obtenus par le tout vers l'Esprit de chacune des unit\u00e9s spirituelles constituant ce tout, de telle sorte que chacun des \u00e9ons de mon corps m\u00e9morise et interpr\u00e8te chacune des exp\u00e9riences v\u00e9cues minute par minute par la totalit\u00e9 de mon corps.","og_url":"https:\/\/www.revue3emillenaire.com\/blog\/quest-ce-que-l\u2019esprit-par-jean-e-charon\/","og_site_name":"3e mill\u00e9naire - Spiritualit\u00e9 - Connaissance de soi - Non-dualit\u00e9 - M\u00e9ditation","article_published_time":"2011-12-07T14:37:14+00:00","author":"3e mill\u00e9naire","twitter_card":"summary_large_image","twitter_misc":{"\u00c9crit par":"3e mill\u00e9naire","Dur\u00e9e de lecture estim\u00e9e":"5 minutes"},"schema":{"@context":"https:\/\/schema.org","@graph":[{"@type":"Article","@id":"https:\/\/www.revue3emillenaire.com\/blog\/quest-ce-que-l%e2%80%99esprit-par-jean-e-charon\/#article","isPartOf":{"@id":"https:\/\/www.revue3emillenaire.com\/blog\/quest-ce-que-l%e2%80%99esprit-par-jean-e-charon\/"},"author":{"name":"3e mill\u00e9naire","@id":"https:\/\/www.revue3emillenaire.com\/blog\/#\/schema\/person\/9a3a7cc4ccaa707f402d4394327106d5"},"headline":"Qu&rsquo;est-ce que l\u2019esprit? par Jean E. Charon","datePublished":"2011-12-07T14:37:14+00:00","mainEntityOfPage":{"@id":"https:\/\/www.revue3emillenaire.com\/blog\/quest-ce-que-l%e2%80%99esprit-par-jean-e-charon\/"},"wordCount":1058,"keywords":["\u00e9lectron","m\u00e9moire","sicence et conscience","Survie"],"articleSection":["Charon Jean-E."],"inLanguage":"fr-FR"},{"@type":"WebPage","@id":"https:\/\/www.revue3emillenaire.com\/blog\/quest-ce-que-l%e2%80%99esprit-par-jean-e-charon\/","url":"https:\/\/www.revue3emillenaire.com\/blog\/quest-ce-que-l%e2%80%99esprit-par-jean-e-charon\/","name":"Qu'est-ce que l\u2019esprit? par Jean E. Charon - 3e mill\u00e9naire - Spiritualit\u00e9 - Connaissance de soi - Non-dualit\u00e9 - M\u00e9ditation","isPartOf":{"@id":"https:\/\/www.revue3emillenaire.com\/blog\/#website"},"datePublished":"2011-12-07T14:37:14+00:00","author":{"@id":"https:\/\/www.revue3emillenaire.com\/blog\/#\/schema\/person\/9a3a7cc4ccaa707f402d4394327106d5"},"breadcrumb":{"@id":"https:\/\/www.revue3emillenaire.com\/blog\/quest-ce-que-l%e2%80%99esprit-par-jean-e-charon\/#breadcrumb"},"inLanguage":"fr-FR","potentialAction":[{"@type":"ReadAction","target":["https:\/\/www.revue3emillenaire.com\/blog\/quest-ce-que-l%e2%80%99esprit-par-jean-e-charon\/"]}]},{"@type":"BreadcrumbList","@id":"https:\/\/www.revue3emillenaire.com\/blog\/quest-ce-que-l%e2%80%99esprit-par-jean-e-charon\/#breadcrumb","itemListElement":[{"@type":"ListItem","position":1,"name":"Accueil","item":"https:\/\/www.revue3emillenaire.com\/blog\/"},{"@type":"ListItem","position":2,"name":"Qu&rsquo;est-ce que l\u2019esprit? par Jean E. Charon"}]},{"@type":"WebSite","@id":"https:\/\/www.revue3emillenaire.com\/blog\/#website","url":"https:\/\/www.revue3emillenaire.com\/blog\/","name":"3e mill\u00e9naire - Spiritualit\u00e9 - Connaissance de soi - Non-dualit\u00e9 - M\u00e9ditation","description":"L&#039;Homme en devenir","potentialAction":[{"@type":"SearchAction","target":{"@type":"EntryPoint","urlTemplate":"https:\/\/www.revue3emillenaire.com\/blog\/?s={search_term_string}"},"query-input":{"@type":"PropertyValueSpecification","valueRequired":true,"valueName":"search_term_string"}}],"inLanguage":"fr-FR"},{"@type":"Person","@id":"https:\/\/www.revue3emillenaire.com\/blog\/#\/schema\/person\/9a3a7cc4ccaa707f402d4394327106d5","name":"3e mill\u00e9naire","url":"https:\/\/www.revue3emillenaire.com\/blog\/author\/admin\/"}]}},"_links":{"self":[{"href":"https:\/\/www.revue3emillenaire.com\/blog\/wp-json\/wp\/v2\/posts\/10261","targetHints":{"allow":["GET"]}}],"collection":[{"href":"https:\/\/www.revue3emillenaire.com\/blog\/wp-json\/wp\/v2\/posts"}],"about":[{"href":"https:\/\/www.revue3emillenaire.com\/blog\/wp-json\/wp\/v2\/types\/post"}],"author":[{"embeddable":true,"href":"https:\/\/www.revue3emillenaire.com\/blog\/wp-json\/wp\/v2\/users\/1"}],"replies":[{"embeddable":true,"href":"https:\/\/www.revue3emillenaire.com\/blog\/wp-json\/wp\/v2\/comments?post=10261"}],"version-history":[{"count":0,"href":"https:\/\/www.revue3emillenaire.com\/blog\/wp-json\/wp\/v2\/posts\/10261\/revisions"}],"wp:attachment":[{"href":"https:\/\/www.revue3emillenaire.com\/blog\/wp-json\/wp\/v2\/media?parent=10261"}],"wp:term":[{"taxonomy":"category","embeddable":true,"href":"https:\/\/www.revue3emillenaire.com\/blog\/wp-json\/wp\/v2\/categories?post=10261"},{"taxonomy":"post_tag","embeddable":true,"href":"https:\/\/www.revue3emillenaire.com\/blog\/wp-json\/wp\/v2\/tags?post=10261"}],"curies":[{"name":"wp","href":"https:\/\/api.w.org\/{rel}","templated":true}]}}