{"id":10405,"date":"2012-01-01T14:58:27","date_gmt":"2012-01-01T13:58:27","guid":{"rendered":"http:\/\/www.revue3emillenaire.com\/blog\/?p=10405"},"modified":"2012-01-01T14:58:49","modified_gmt":"2012-01-01T13:58:49","slug":"vers-l%e2%80%99humain-du-double-plan-rationnel-et-intuitif-par-jean-e-charon","status":"publish","type":"post","link":"https:\/\/www.revue3emillenaire.com\/blog\/vers-l%e2%80%99humain-du-double-plan-rationnel-et-intuitif-par-jean-e-charon\/","title":{"rendered":"Vers l\u2019humain du double plan rationnel et intuitif par Jean E. Charon"},"content":{"rendered":"<p style=\"text-align: justify;\">(Revue 3<sup>e<\/sup> Mill\u00e9naire. N<sup>o<\/sup> 6 ancienne s\u00e9rie. Janvier-F\u00e9vrier 1983)<\/p>\n<p style=\"text-align: justify;\">\n<p style=\"text-align: justify;\"><em>Il n&rsquo;aura fallu, \u00e0 l&rsquo;homme, que quelques si\u00e8cles pour passer de l&rsquo;\u00eatre intuitif \u00e0 l&rsquo;humain rationnel. Quelques si\u00e8cles de mat\u00e9rialisme, de scientisme, pour s&rsquo;\u00e9carter du sentier o\u00f9 il \u00e9tait constamment en harmonie avec la terre, les plantes, les animaux et le cosmos. Aujourd&rsquo;hui, dans nos civilisations, dites avanc\u00e9es, l&rsquo;homme coup\u00e9 de toutes ses racines est comme en exil. Ce troisi\u00e8me mill\u00e9naire verra-t-il l&rsquo;\u00e9quilibre se faire entre ce rationalisme n\u00e9cessaire et cette intuition indispensable ? Si oui, alors l&rsquo;homme aura atteint le but supr\u00eame, devenir un Homme accompli.<\/em><\/p>\n<p style=\"text-align: justify;\">\n<p style=\"text-align: right;\">Je vous donnerai un c\u0153ur nouveau et je mettrai en vous un esprit nouveau.<\/p>\n<p style=\"text-align: right;\">EZECHIEL<\/p>\n<p style=\"text-align: justify;\">\n<p style=\"text-align: justify;\">Il serait grand temps qu&rsquo;on commence \u00e0 r\u00e9habiliter l&rsquo;Homme de la Pr\u00e9histoire. Bien s\u00fbr, nul ne pr\u00e9tend vouloir contester les progr\u00e8s de la connaissance accomplis au cours des 30 ou 40000 derni\u00e8res ann\u00e9es. Sans aucun doute, nos fr\u00e8res et s\u0153urs de l&rsquo;\u00e2ge de pierre ne connaissaient ni l&rsquo;atome, ni le sol de la Lune. Mais ceci justifie-t-il que, comme pour mieux marquer encore \u00e0 quel point le \u00ab grand homme \u00bb que nous sommes aujourd&rsquo;hui se diff\u00e9rencie de notre anc\u00eatre du Pal\u00e9olithique, nous \u00e9prouvions pour la plupart comme un malin plaisir \u00e0 repr\u00e9senter ce dernier tel une brute hirsute et farouche, au regard torve et \u00e0 la canine inqui\u00e9tante, tout d\u00e9gouttant du sang de ses chasses, traitant comme des b\u00eates une horde affam\u00e9e et errante de femmes et d&rsquo;enfants ? Certes, bien des pr\u00e9historiens contemporains se sont efforc\u00e9s de rectifier cette image ; mais notre \u00ab homme des cavernes \u00bb reste malgr\u00e9 tout, pour la majorit\u00e9 d&rsquo;entre nous, un \u00eatre sanguinaire et ignorant <a id=\"ftnref1\" href=\"#ftn1\">[1]<\/a> .<\/p>\n<p style=\"text-align: justify;\">\n<p style=\"text-align: justify;\"><strong>Pas si primitif \u00a0que \u00e7a\u00a0!<\/strong><\/p>\n<p style=\"text-align: justify;\">\n<p style=\"text-align: justify;\">L&rsquo;Homme est avant tout, nous le rappelait Pascal, un \u00eatre pensant ; c&rsquo;est sans doute ce qui le distingue le plus de l&rsquo;animalit\u00e9. Il nous int\u00e9resserait donc, pour nous faire une repr\u00e9sentation plus exacte de notre anc\u00eatre du Pal\u00e9olithique sup\u00e9rieur, de chercher \u00e0 mieux conna\u00eetre la forme et le contenu de la pens\u00e9e humaine il y a quelques dizaines de mill\u00e9naires. Mais, pour une telle recherche, nous ne disposons malheureusement que de bien rares vestiges. Certains de ceux-ci apparaissent cependant, au cours de leur \u00e9tude minutieuse, de plus en plus instructifs : nous pensons, par exemple, aux dessins pr\u00e9historiques inscrits sur les murs de certaines cavernes, comme celles de Lascaux, en Dordogne. Les \u00e9tudes les plus r\u00e9centes <a id=\"ftnref2\" href=\"#ftn2\">[2]<\/a> des dessins rupestres des cavernes pal\u00e9olithiques s&rsquo;accordent g\u00e9n\u00e9ralement pour proposer un tout nouveau visage \u00e0 l&rsquo;Homme de notre Pr\u00e9histoire. Les cavernes contenant ces dessins ne seraient nullement, comme on l&rsquo;a cru longtemps, les refuges de peuplades apeur\u00e9es se dissimulant dans les t\u00e9n\u00e8bres afin d&rsquo;\u00e9viter d&rsquo;\u00eatre la proie d&rsquo;animaux sauvages, et s&rsquo;adonnant l\u00e0 \u00e0 des rites magiques pour se prot\u00e9ger et favoriser leurs chasses en peignant sur les murs de leurs obscures cellules les animaux qu&rsquo;ils souhaitaient abattre. Tout comme vous et moi, d\u00e9couvrent nos pr\u00e9historiens, nos lointains anc\u00eatres aimaient le soleil et le grand air ; c&rsquo;est donc en plein jour que se d\u00e9roulait habituellement leur vie, et ils avaient d&rsquo;ailleurs l&#8217;embarras du choix pour d\u00e9cider librement des r\u00e9gions temp\u00e9r\u00e9es et giboyeuses d&rsquo;une vaste plan\u00e8te (encore pratiquement vide d&rsquo;humains) leur paraissant les plus propices pour \u00ab vivre leur vie \u00bb. Ils se rendaient parfois aussi dans les cavernes, c&rsquo;est vrai : mais celles-ci \u00e9taient destin\u00e9es \u00e0 un tout autre usage que l&rsquo;habitat. Les cavernes \u00e9taient, selon les recherches actuelles, des lieux \u00e0 caract\u00e8re sacr\u00e9, un peu \u00e0 l&rsquo;image de nos \u00e9glises et nos cath\u00e9drales ; l\u00e0 se d\u00e9roulaient un certain nombre de rites et c\u00e9r\u00e9monies de type religieux, et notamment les \u00ab initiations \u00bb.<\/p>\n<p style=\"text-align: justify;\">\n<p style=\"text-align: justify;\"><strong>Initiation et langage symbolique mythique<\/strong><\/p>\n<p style=\"text-align: justify;\">\n<p style=\"text-align: justify;\">\u00ab On comprend par initiation, \u00e9crit Mircea Eliade <a id=\"ftnref3\" href=\"#ftn3\">[3]<\/a>, l&rsquo;un des meilleurs sp\u00e9cialistes de la pens\u00e9e pr\u00e9historique, un ensemble de rites et d&rsquo;enseignements oraux qui poursuit la modification radicale du statut religieux et social du sujet \u00e0 initier&#8230; A la fin de ses \u00e9preuves le n\u00e9ophyte jouit d&rsquo;une tout autre existence qu&rsquo;avant l&rsquo;initiation : il est devenu un autre&#8230; C&rsquo;est l&rsquo;initiation qui conf\u00e8re aux hommes leur statut humain ; avant l&rsquo;initiation on ne participe pas encore pleinement \u00e0 la condition humaine&#8230; C&rsquo;est une exp\u00e9rience existentielle fondamentale puisque, gr\u00e2ce \u00e0 elle, l&rsquo;homme devient capable d&rsquo;assumer pleinement son mode d&rsquo;\u00eatre.<\/p>\n<p style=\"text-align: justify;\">La majorit\u00e9 des \u00e9preuves initiatiques, poursuit Eliade, impliquent d&rsquo;une fa\u00e7on plus ou moins transparente une mort rituelle suivie d&rsquo;une nouvelle naissance&#8230; Mais cette vie nouvelle est con\u00e7ue comme la v\u00e9ritable existence humaine, car elle est ouverte aux valeurs de l&rsquo;esprit. \u00bb<\/p>\n<p style=\"text-align: justify;\">\n<p style=\"text-align: justify;\">Cette initiation est la rencontre de l&rsquo;humain avec le sacr\u00e9, avec un monde de valeurs radicalement diff\u00e9rentes de celles qu&rsquo;on rencontre dans l&rsquo;espace-temps, c&rsquo;est-\u00e0-dire dans le monde dit \u00ab ext\u00e9rieur \u00bb. Au cours de l&rsquo;initiation l&rsquo;humain prend conscience de son monde int\u00e9rieur, c&rsquo;est-\u00e0-dire des racines profondes qui le relient \u00e0 toute la nature cosmique.<\/p>\n<p style=\"text-align: justify;\">\n<p style=\"text-align: justify;\">Il semble que nos fr\u00e8res et s\u0153urs des temps recul\u00e9s, comme d&rsquo;ailleurs les rares peuples archa\u00efques encore aujourd&rsquo;hui \u00e0 l&rsquo;abri de la civilisation, croyaient que sans cette greffe de l&rsquo;initiation cet arbre qu&rsquo;est l&rsquo;\u00eatre humain ne pouvait donner de bons fruits.<\/p>\n<p style=\"text-align: justify;\">\n<p style=\"text-align: justify;\">Mais, et c&rsquo;est l\u00e0 le point sur lequel nous souhaitons attirer l&rsquo;attention, le \u00ab langage \u00bb de l&rsquo;initiation n&rsquo;est pas le langage \u00ab ordinaire \u00bb utilis\u00e9 entre les membres d&rsquo;une communaut\u00e9 d&rsquo;hommes et de femmes, f\u00fbt-ce m\u00eame une communaut\u00e9 pr\u00e9historique. Le langage qui permet de vivre ce passage par une mort et une nouvelle naissance est le langage symbolique des mythes. Pour bien comprendre ce qu&rsquo;est ce langage mythique (encore appel\u00e9 langage intuitif), il faut pr\u00e9cis\u00e9ment le comparer au langage ordinaire, qu&rsquo;on d\u00e9signe g\u00e9n\u00e9ralement comme rationnel. Pour guider son action vis-\u00e0-vis du monde ext\u00e9rieur l&rsquo;Homme vivant en soci\u00e9t\u00e9 va s&rsquo;appuyer sur ce qu&rsquo;on peut globalement nommer sa Culture.<\/p>\n<p style=\"text-align: justify;\">\n<p style=\"text-align: justify;\">La Culture est l&rsquo;ensemble des connaissances acquises et mises en commun par les membres d&rsquo;une soci\u00e9t\u00e9 d&rsquo;humains, en tel lieu et \u00e0 telle \u00e9poque, pour faciliter la communication entre les membres de cette soci\u00e9t\u00e9 et leur action concert\u00e9e sur le monde ext\u00e9rieur. Le langage rationnel fait partie de la Culture, on le nomme la langue : celle-ci est fabriqu\u00e9e d&rsquo;un certain nombre de mots associ\u00e9s \u00e0 des concepts, de mani\u00e8re \u00e0 ce que tous les individus composant la soci\u00e9t\u00e9 puissent interpr\u00e9ter sans ambigu\u00eft\u00e9 (au moins \u00ab en gros \u00bb) la signification des paroles et des gestes du langage. C&rsquo;est en s&rsquo;appuyant sur un tel langage rationnel que s&rsquo;est accomplie la presque totalit\u00e9 de ce qu&rsquo;on a coutume de d\u00e9signer, un peu conventionnellement, comme le \u00ab progr\u00e8s \u00bb humain, mesurable notamment au d\u00e9veloppement de la science et de la technique. Mais, encore une fois, ce langage rationnel bas\u00e9 sur la Culture ne s&rsquo;adresse qu&rsquo;au monde ext\u00e9rieur, en fait il \u00ab construit \u00bb le monde ext\u00e9rieur en lui octroyant son \u00ab objectivit\u00e9 \u00bb, au point que nos contemporains ont tendance \u00e0 confondre ce monde ext\u00e9rieur d\u00e9crit par le langage rationnel avec le monde tout court, c&rsquo;est-\u00e0-dire l&rsquo;Univers dans sa totalit\u00e9.<\/p>\n<p style=\"text-align: justify;\">\n<p style=\"text-align: justify;\">Les soci\u00e9t\u00e9s primitives, pour leur part, n&rsquo;avaient cependant pas manqu\u00e9 de relever le caract\u00e8re un peu \u00ab artificiel \u00bb de ce monde ext\u00e9rieur, dont ils parlaient (tout comme nous) au cours de leurs \u00e9changes rationnels avec le reste du groupe. Artificiel il l&rsquo;\u00e9tait, ce monde ext\u00e9rieur rationnel, puisque construit \u00e0 partir des conventions sur lesquelles, comme nous l&rsquo;avons dit, repose tout langage rationnel, conventions rendues n\u00e9cessaires pour permettre aux diff\u00e9rents membres de la soci\u00e9t\u00e9 de \u00ab se comprendre \u00bb sans ambigu\u00eft\u00e9. On dit encore, pour cette raison, que le langage rationnel est celui des processus de la pens\u00e9e consciente. Or le primitif ressentait instinctivement, beaucoup plus que nos contemporains, ses liens inconscients (c&rsquo;est-\u00e0-dire inn\u00e9s) avec un autre monde, un monde avec lequel chaque parcelle de sa chair se sentait solidaire, son monde int\u00e9rieur, le monde de son inconscient. Quoi de surprenant d&rsquo;ailleurs \u00e0 ce que cet Homme du Pal\u00e9olithique ait \u00e9t\u00e9 beaucoup plus sensible que nous \u00e0 ces attaches inconscientes : n&rsquo;oublions pas que, selon les estimations actuelles, l&rsquo;\u00eatre humain pense et parle depuis trois millions d&rsquo;ann\u00e9es, et on est donc en droit de s&rsquo;attendre \u00e0 ce que, au Pal\u00e9olithique sup\u00e9rieur, c&rsquo;est-\u00e0-dire il y a environ 30000 ans, l&rsquo;humain ait au cours de sa d\u00e9j\u00e0 longue existence enfin pris conscience de l&rsquo;importance fondamentale de ses liens cosmiques, bien plus profonds que ceux l&rsquo;associant par son langage conscient rationnel au monde artificiel \u00e9difi\u00e9 par sa Culture : un peu comme l&rsquo;iceberg d\u00e9couvrirait enfin que sa partie \u00e9merg\u00e9e est peu de chose vis-\u00e0-vis de sa partie plongeante, qui le rend solidaire de tout l&rsquo;Oc\u00e9an.<\/p>\n<p style=\"text-align: justify;\">\n<p style=\"text-align: justify;\">Et, pour traduire encore par des mots et des symboles ses relations avec la totalit\u00e9 du R\u00e9el cosmique (c&rsquo;est-\u00e0-dire avec son monde \u00ab int\u00e9rieur \u00bb), l&rsquo;Homme du Pal\u00e9olithique va \u00ab inventer \u00bb le langage symbolique des mythes, le langage intuitif. Celui-ci a, comme le langage rationnel, sa coh\u00e9rence interne (il n&rsquo;est pas irrationnel). Mais les mots et les symboles n&rsquo;ont plus, comme dans le langage rationnel, une signification pr\u00e9cise et non ambigu\u00eb, ils ne sont plus l\u00e0 que pour solliciter la propre imagination de l&rsquo;auditeur ou du spectateur, pour que celui-ci aille lui-m\u00eame rechercher au fond de ses donn\u00e9es inconscientes des r\u00e9sonnances, g\u00e9n\u00e9ralement traduites par des \u00e9motions et non par une \u00ab compr\u00e9hension \u00bb intellectuelle. Ces \u00e9motions sont le signe d&rsquo;une sorte de \u00ab vibration \u00bb de ses attaches profondes avec le R\u00e9el, ce R\u00e9el avec lequel il est indissolublement li\u00e9. Les peuples archa\u00efques de notre \u00e9poque savent bien que ce langage mythique (intuitif) entre chacun d&rsquo;eux et le R\u00e9el n&rsquo;est nullement un aspect \u00ab superf\u00e9tatoire \u00bb de leur vie v\u00e9cue ; c&rsquo;est au contraire un aspect essentiel ; et ils conservent, bien mieux que l&rsquo;Homme du b\u00e9ton et de l&rsquo;automobile que nous sommes devenus, le souvenir vivace d&rsquo;un \u00e9tat b\u00e9atifique de l&rsquo;humanit\u00e9 des origines et d&rsquo;une \u00e9poque o\u00f9 l&rsquo;homme savait, \u00e0 travers son langage intuitif de communion cosmique, mener une existence exempte d&rsquo;anxi\u00e9t\u00e9, dans une s\u00e9curit\u00e9 instinctive emprunt\u00e9e en grande partie \u00e0 sa vie animale ant\u00e9rieure, au cours de centaines de millions d&rsquo;ann\u00e9es d&rsquo;\u00e9volution du Vivant. Cet homme ancien entretenait alors avec les animaux des relations d&rsquo;amiti\u00e9 et de familiarit\u00e9, il \u00e9tait capable de \u00ab dialoguer \u00bb avec eux dans un langage qu&rsquo;on appelle d&rsquo;ailleurs encore, chez les peuples archa\u00efques actuels, le langage des animaux.<\/p>\n<p style=\"text-align: justify;\">\n<p style=\"text-align: justify;\">C&rsquo;est donc ce langage symbolique mythique que traduisaient les dessins rupestres des cavernes pal\u00e9olithiques. Comme le note Jean Ler\u00e8de <a id=\"ftnref4\" href=\"#ftn4\">[4]<\/a>, \u00ab l&rsquo;ensemble des figurations animales rupestres de la Pr\u00e9histoire d\u00e9gage une inoubliable impression de jeunesse, de fra\u00eecheur, de l\u00e9g\u00e8ret\u00e9, et aussi de fougue, de dynamisme, de vitesse, de force vitale, tous caract\u00e8res qu&rsquo;accentuent encore certains d\u00e9tails de l&rsquo;ex\u00e9cution : extr\u00eame rapidit\u00e9 du trait, absence d&rsquo;une figuration quelconque de l&rsquo;espace (ce sont des figures de libert\u00e9 qui transcendent l&rsquo;espace et le temps) \u00bb. Visiblement, on devine chez les auteurs de ces dessins une volont\u00e9 de suggestion cr\u00e9atrice, c&rsquo;est-\u00e0-dire le souhait de faciliter aux \u00ab initi\u00e9s \u00bb l&rsquo;acc\u00e8s vers le monde int\u00e9rieur. Le chemin initiatique commen\u00e7ait par un long parcours (les dessins sont parfois \u00e0 plusieurs centaines de m\u00e8tres de l&rsquo;entr\u00e9e des cavernes) dans les t\u00e9n\u00e8bres, illustrant la mort symbolique et le retour \u00e0 la matrice tellurique de la Terre-M\u00e8re, aussi bien que le retour \u00e0 la matrice de la m\u00e8re r\u00e9ellement humaine. Ce \u00ab regressus ad uteruni \u00bb \u00e9tait le pr\u00e9lude n\u00e9cessaire \u00e0 un recommencement, \u00e0 une nouvelle vie, qui s&rsquo;ouvrait au regard du n\u00e9ophyte quand on lui d\u00e9couvrait brusquement, dans une ambiance de musique, de danses et de chants, les immenses compositions rupestres \u00e9clair\u00e9es par ces lampes de pierre aliment\u00e9es \u00e0 la graisse animale, dont on retrouve encore des vestiges au fond des cavernes pal\u00e9olithiques, sur le sol, au pied des compositions picturales.<\/p>\n<p style=\"text-align: justify;\">\n<p style=\"text-align: justify;\"><strong>La chute et le langage intuitif oubli\u00e9<\/strong><\/p>\n<p style=\"text-align: justify;\">\n<p style=\"text-align: justify;\">Malgr\u00e9 les immenses avanc\u00e9es de la connaissance, conduisant \u00e0 cette \u00ab ma\u00eetrise \u00bb du monde ext\u00e9rieur dont nous sommes si fiers, gr\u00e2ce \u00e0 la Science actuelle et son langage rationnel, n&rsquo;est-on pas enclins \u00e0 nous demander si cet \u00e9norme d\u00e9veloppement de la Culture ne nous a pas fait \u00ab oublier \u00bb ce langage intuitif qui pr\u00e9valait au d\u00e9but de l&rsquo;humanit\u00e9 ? Ce langage qui est cependant seul \u00e0 permettre \u00e0 notre pens\u00e9e de s&rsquo;ouvrir vers une dimension essentielle, celle de notre appartenance \u00ab corps et \u00e2me \u00bb, qu&rsquo;on le veuille ou non, \u00e0 un R\u00e9el cosmique ? H\u00e9las, trop d&rsquo;indices nous d\u00e9montrent que, avec le temps qui passe, et fortifi\u00e9 en grande partie dans cette opinion par sa \u00ab brillante \u00bb Culture, l&rsquo;Homme choisit toujours plus l&rsquo;avoir de pr\u00e9f\u00e9rence \u00e0 l&rsquo;\u00eatre. Nous ne sommes plus capables de ma\u00eetriser notre ego, notre Moi ; nous confondons celui-ci, qui se limite \u00e0 notre petite personne, avec notre Ame, qui traduit l&rsquo;ensemble des liens nous rendant solidaires de toute l&rsquo;\u00e9volution cosmique.<\/p>\n<p style=\"text-align: justify;\">\n<p style=\"text-align: justify;\">Et le mythe de la \u00ab chute \u00bb, tel qu&rsquo;il se trouve notamment dans l&rsquo;Ancien Testament, n&rsquo;est-il pas destin\u00e9 \u00e0 mettre en garde l&rsquo;humain contre les cons\u00e9quences d\u00e9sastreuses entra\u00een\u00e9es par la perte de la connaissance intuitive, c&rsquo;est-\u00e0-dire la connaissance directement \u00ab ressentie \u00bb (et non pas comprise intellectuellement) par tout notre corps, comme il en est d&rsquo;une \u00e9motion ?<\/p>\n<p style=\"text-align: justify;\">\n<p style=\"text-align: justify;\">Souvenons-nous : dans le jardin du Paradis, o\u00f9 l&rsquo;homme et la femme sont n\u00e9s tous deux du limon de la terre (c&rsquo;est-\u00e0-dire dans le prolongement naturel de toute l&rsquo;\u00e9volution, du min\u00e9ral au Vivant), il y avait deux arbres particuliers, celui de la connaissance du Bien et du Mal et celui de la Vie \u00e9ternelle. Ces arbres n&rsquo;\u00e9taient pas dissimul\u00e9s, ils \u00e9taient au contraire (nous disent les Ecritures) en plein milieu du jardin de l&rsquo;Eden. Tant qu&rsquo;Adam et Eve se contentaient de \u00ab vivre \u00bb dans l&rsquo;ombrage de ces deux arbres, au milieu de l&rsquo;Eden, ils \u00e9taient promis \u00e0 une \u00e9volution \u00ab paradisiaque \u00bb, participant harmonieusement au d\u00e9veloppement de l&rsquo;Univers. Mais Dieu les avait mis en garde : ne vous laissez pas s\u00e9duire par la connaissance du Bien et du Mal (la Culture), au point de consommer abusivement les fruits de l&rsquo;arbre du m\u00eame nom, car alors vous serez \u00e9loign\u00e9s de la vie harmonieuse de l&rsquo;Eden. Cependant, en d\u00e9pit de l&rsquo;avertissement, nos \u00ab chers parents \u00bb ont c\u00e9d\u00e9 \u00e0 la tentation, ils ont go\u00fbt\u00e9 de mani\u00e8re excessive au fruit d\u00e9fendu : et toute l&rsquo;humanit\u00e9 a alors connu la \u00ab chute \u00bb.<\/p>\n<p style=\"text-align: justify;\">\n<p style=\"text-align: justify;\">Comme pour tous les mythes, il ne faut pas trop se h\u00e2ter pour interpr\u00e9ter ce langage symbolique. Le langage mythique, encore une fois, doit rester un langage \u00e9nigmatique, analogue \u00e0 celui des r\u00eaves, car comme ceux-ci il concerne notre Inconscient, il n&rsquo;est que la source d&rsquo;une suggestion cr\u00e9atrice que chacun de nous doit ressentir \u00e9motivement comme une r\u00e9sonnance inconsciente, qui transcende les simples mots du langage ordinaire. Le langage mythique, d\u00e8s qu&rsquo;il se pr\u00e9tend \u00ab rationalisable \u00bb, c&rsquo;est-\u00e0-dire explicatif, devient dogme ; et, loin d&rsquo;\u00eatre alors le fil d&rsquo;Ariane qui peut nous guider au niveau de l&rsquo;\u00e9volution cosmique, il devient simple superstition, il perd toute sa valeur de langage intuitif s&rsquo;adressant \u00e0 l&rsquo;Inconscient de chacun de nous, en fait il devient langage rationnel. Pas plus qu&rsquo;on ne peut pr\u00e9tendre \u00ab expliquer \u00bb, c&rsquo;est-\u00e0-dire interpr\u00e9ter de fa\u00e7on rationnelle, un choral de Bach ou une symphonie de Beethoven, on ne peut s&rsquo;estimer en droit de fournir la \u00ab vraie \u00bb interpr\u00e9tation du langage intuitif du mythe. Se porter \u00e0 l&rsquo;\u00e9coute du mythe c&rsquo;est, d&rsquo;abord, exiger pour un moment le \u00ab l\u00e2cher prise \u00bb de la raison, pour laisser \u00e9merger en nous une \u00e9motion indicible.<\/p>\n<p style=\"text-align: justify;\">\n<p style=\"text-align: justify;\">Il n&rsquo;en reste pas moins que, personnellement, le mythe de la \u00ab chute \u00bb me laisse le go\u00fbt d&rsquo;un abus qu&rsquo;aurait fait l&rsquo;humanit\u00e9 d&rsquo;une \u00ab consommation \u00bb de langage purement rationnel (le langage du choix \u00ab culturel \u00bb des concepts de Bien et de Mal) ; et cela au d\u00e9triment du langage intuitif (l&rsquo;arbre de Vie), qui nous permet de \u00ab sentir \u00bb notre appartenance profonde \u00e0 un R\u00e9el infini et \u00e9ternel, un R\u00e9el qui nous rend proche les uns des autres quelles que puissent para\u00eetre les distances qui semblent nous s\u00e9parer dans l&rsquo;espace et le temps.<\/p>\n<p style=\"text-align: justify;\">\n<p style=\"text-align: justify;\"><strong>Langage intuitif et Science contemporaine<\/strong><\/p>\n<p style=\"text-align: justify;\">\n<p style=\"text-align: justify;\">Je suis physicien et je travaille dans un secteur de recherche (les th\u00e9ories dites de \u00ab grande unification \u00bb) qui exige de pousser \u00e0 ses extr\u00eames la \u00ab rationalit\u00e9 \u00bb. Je suis, en quelque sorte, compl\u00e8tement et professionnellement \u00ab imbib\u00e9 \u00bb de langage rationnel. Et je n&rsquo;aurais pas r\u00e9ussi \u00e0 faire le moindre pas v\u00e9ritable en avant dans la Physique tellement \u00ab sophistiqu\u00e9e \u00bb de notre \u00e9poque s&rsquo;il n&rsquo;en avait pas \u00e9t\u00e9 ainsi.<\/p>\n<p style=\"text-align: justify;\">\n<p style=\"text-align: justify;\">Mais, curieusement, c&rsquo;est cette pointe extr\u00eame de la Physique qui para\u00eet aujourd&rsquo;hui nous aider \u00e0 d\u00e9couvrir (ou plut\u00f4t retrouver) l&rsquo;importance d&rsquo;un autre langage que le langage rationnel : non pas pour permettre aux physiciens de \u00ab mieux se sentir dans leur peau \u00bb (la Physique n&rsquo;est gu\u00e8re sensible \u00e0 ce genre d&rsquo;argument), mais bel et bien pour autoriser \u00ab rationnellement \u00bb la Physique \u00e0 poursuivre sa progression. En d&rsquo;autres termes, arriv\u00e9e au fait de ses performances, la raison d\u00e9couvre la n\u00e9cessit\u00e9 de l&rsquo;imaginaire, de l&rsquo;intuitif.<\/p>\n<p style=\"text-align: justify;\">\n<p style=\"text-align: justify;\">Ceci serait une trop longue histoire \u00e0 conter pour qu&rsquo;on aborde ici ce sujet \u00ab sur le fond \u00bb <a id=\"ftnref5\" href=\"#ftn5\">[5]<\/a>. Mais on peut en indiquer quand m\u00eame les deux principales \u00e9tapes.<\/p>\n<p style=\"text-align: justify;\">\n<p style=\"text-align: justify;\">D&rsquo;abord la Physique a pris conscience, au cours des r\u00e9centes ann\u00e9es, que son langage \u00ab rationnel \u00bb n&rsquo;atteignait pas un R\u00e9el \u00ab objectif \u00bb, mais construisait simplement des approximations successives (indissociables de nos pr\u00e9jug\u00e9s et de nos m\u00e9canismes de pens\u00e9e) d&rsquo;une r\u00e9alit\u00e9 \u00e0 jamais inaccessible, et qu&rsquo;on doit donc nommer \u00ab ce qui est inconnaissable par voie purement rationnelle \u00bb. Ceci a marqu\u00e9 de mani\u00e8re tr\u00e8s significative les limites de tout langage rationnel vis-\u00e0-vis de son ambition de d\u00e9crire \u00ab ce qui est \u00bb : la Science ne fait que construire mentalement son image du monde ext\u00e9rieur au moyen de \u00ab\u00a0mod\u00e8les \u00bb valables seulement \u00ab ici et maintenant \u00bb.<\/p>\n<p style=\"text-align: justify;\">\n<p style=\"text-align: justify;\">Cet \u00e9tat de fait, \u00e0 son tour, a incit\u00e9 les physiciens \u00e0 analyser encore un peu plus en profondeur la \u00ab maladie \u00bb inh\u00e9rente \u00e0 tout langage purement rationnel. St\u00e9phane Lupasco, avec Bachelard et quelques autres <a id=\"ftnref6\" href=\"#ftn6\">[6]<\/a>, nous avait propos\u00e9 depuis d\u00e9j\u00e0 quelques ann\u00e9es la \u00ab b\u00e9quille \u00bb pour permettre \u00e0 la rationalit\u00e9 scientifique d&rsquo;aller un peu plus loin, en ouvrant au moins une fen\u00eatre sur le paysage o\u00f9 elle ne pouvait pas se rendre. Le rationnel doit \u00ab nommer \u00bb par des d\u00e9finitions et des concepts les objets de la r\u00e9alit\u00e9 ext\u00e9rieure (l&rsquo;espace-temps) qu&rsquo;il pr\u00e9tend repr\u00e9senter. Il dira, par exemple : \u00ab ceci et blanc \u00bb ; et le mot \u00ab blanc \u00bb prendra tout son sens en l&rsquo;opposant \u00e0 son contraire, le noir. Mais, d\u00e9couvrent tout \u00e0 coup les physiciens (et les logiciens), si on veut vraiment parler de la totalit\u00e9 des attributs d&rsquo;un objet quelconque, c&rsquo;est-\u00e0-dire exprimer \u00ab ce qu&rsquo;il est \u00bb, il ne faut pas simplement lui reconna\u00eetre des attributs \u00ab d\u00e9finis \u00bb tels que \u00ab blanc \u00bb ou \u00ab noir \u00bb, d\u00e9duits de mon observation actuelle (attributs actualis\u00e9s), car un tel objet poss\u00e8de encore, et de mani\u00e8re contradictoire (c&rsquo;est-\u00e0-dire de fa\u00e7on \u00ab compl\u00e9mentaire \u00bb de l&rsquo;attribut \u00ab blanc \u00bb vis-\u00e0-vis du Tout), l&rsquo;attribut \u00ab non-blanc \u00bb (ce qui est naturellement tr\u00e8s diff\u00e9rent de la simple distinction des contraires blanc et noir). L&rsquo;objet concern\u00e9 \u00ab est \u00bb donc blanc de mani\u00e8re actualis\u00e9e, mais il \u00ab est \u00bb aussi non-blanc de mani\u00e8re potentielle, c&rsquo;est-\u00e0-dire qu&rsquo;il comprend aussi l&rsquo;ensemble infini des attributs possibles, sauf l&rsquo;attribut \u00ab blanc \u00bb. Il \u00ab est \u00bb l&rsquo;un plus l&rsquo;autre ; et, comme l&rsquo;actuel et le potentiel sont ici contradictoires, il va falloir deux (et non pas un seul) langages pour situer enti\u00e8rement cet objet par rapport au R\u00e9el <a id=\"ftnref7\" href=\"#ftn7\">[7]<\/a>.<\/p>\n<p style=\"text-align: justify;\">\n<p style=\"text-align: justify;\">Et c&rsquo;est ici que le langage intuitif de nos \u00ab primitifs \u00bb vient \u00e0 nouveau pointer son nez ; et l\u00e0 o\u00f9 l&rsquo;attendait le moins, chez la Science, chez les \u00ab\u00a0\u00a0\u00a0\u00a0\u00a0  civilis\u00e9s \u00bb champions du rationnel. Pour aller \u00ab au fond des choses \u00bb (et c&rsquo;est l&rsquo;ambition de la Science), il faut adjoindre au langage rationnel une langue plus large, s&rsquo;adressant directement \u00e0 l&rsquo;Inconscient de l&rsquo;observateur, un langage qui fait in\u00e9vitablement appel \u00e0 son imagination personnelle en lui disant : cet objet que tu vois n&rsquo;est pas enti\u00e8rement contenu dans toutes les affirmations rationnelles que tu lui attribues, aussi nombreuses soient-elles ; cet objet \u00ab est \u00bb aussi l&rsquo;\u00e9motion que tu vas ressentir quand je te parlerai de lui dans le langage symbolique intuitif, celui constitu\u00e9 du d\u00e9roulement imag\u00e9 de l&rsquo;expression mythique, par exemple. Un tel langage intuitif ne fournit aucune \u00ab explication rationnelle \u00bb de ce qu&rsquo;\u00ab est \u00bb v\u00e9ritablement l&rsquo;aspect du R\u00e9el auquel tu t&rsquo;int\u00e9resses, c&rsquo;est un langage qui rappelle finalement celui de l&rsquo;Art, un langage qui parle au c\u0153ur de chacun de nous (c&rsquo;est-\u00e0-dire \u00e0 l&rsquo;imaginaire personnel) beaucoup plus qu&rsquo;\u00e0 la raison collective.<\/p>\n<p style=\"text-align: justify;\">\n<p style=\"text-align: justify;\">Sommes-nous, avec la Science elle-m\u00eame, \u00e0 une \u00e9poque de transition o\u00f9 la pens\u00e9e de l&rsquo;Homme retrouve la voie bio-\u00e9volutive qui le lie \u00e0 un R\u00e9el transcendant la simple \u00ab approximation \u00bb de l&rsquo;espace et du temps ? L&rsquo;Homme contemporain, press\u00e9 d&rsquo;angoisse et de solitude dans le cadre \u00e9triqu\u00e9 de ce \u00ab meilleur des mondes \u00bb auquel il a lui-m\u00eame donn\u00e9 naissance, aspire-t-il aujourd&rsquo;hui ardemment \u00e0 un autre langage capable de le rapprocher de ses sources v\u00e9ritables ? Le troisi\u00e8me mill\u00e9naire va-t-il donner naissance \u00e0 ces hommes et \u00e0 ces femmes \u00ab du double plan \u00bb (\u00e0 la fois rationnels et intuitifs) dont nous parle Jean Ler\u00e8de avec tant de chaleur ? Le Nouvel Age n&rsquo;appelle-t-il pas chacun de nous \u00e0 une \u00ab initiation psychobiologique \u00bb, au cours de laquelle il nous faudra laisser \u00ab mourir \u00bb le vieil homme qui est en nous, pour rena\u00eetre \u00e0 un regard nouveau ? Ne nous faut-il pas m\u00e9diter encore-sur l&rsquo;affirmation de Pascal, sans doute un peu trop oubli\u00e9e \u00e0 notre \u00e9poque\u00a0: \u00ab Les deux exc\u00e8s : exclure la raison, n&rsquo;admettre que la raison \u00bb ?<\/p>\n<p style=\"text-align: justify;\">\n<p style=\"text-align: justify;\">\n<hr style=\"text-align: justify;\" size=\"1\" \/>\n<p style=\"text-align: justify;\"><a id=\"ftn1\" href=\"#ftnref1\">[1]<\/a> Voir, par exemple, la r\u00e9cente imagerie propos\u00e9e par le film \u00ab <em>La Guerre du feu<\/em> \u00bb.<\/p>\n<p style=\"text-align: justify;\"><a id=\"ftn2\" href=\"#ftnref2\">[2]<\/a> Je sugg\u00e8re aux lecteurs qui s&rsquo;int\u00e9ressent \u00e0 la pens\u00e9e primitive de consulter l&rsquo;excellent ouvrage r\u00e9cent du canadien Jean Ler\u00e8de : <em>Les Troupeaux de l&rsquo;aurore<\/em>, Editions de Mortagne, Boucherville, Qu\u00e9bec (1980).<\/p>\n<p style=\"text-align: justify;\"><a id=\"ftn3\" href=\"#ftnref3\">[3]<\/a> M. Eliade, <em>Naissances mystiques<\/em>, Gallimard, Paris (1959).<\/p>\n<p style=\"text-align: justify;\"><a id=\"ftn4\" href=\"#ftnref4\">[4]<\/a> Jean Ler\u00e8de, op.cit.<\/p>\n<p style=\"text-align: justify;\"><a id=\"ftn5\" href=\"#ftnref5\">[5]<\/a> J&rsquo;ai donn\u00e9 un exemple de cet \u00ab appel du pied \u00bb que fait actuellement la Physique de pointe vers le langage intuitif dans mon article r\u00e9cent de la revue \u00ab Troisi\u00e8me Mill\u00e9naire \u00bb, sept. 1982, <em><a href=\"http:\/\/www.revue3emillenaire.com\/blog\/?p=6022\" target=\"_blank\">L&rsquo;Univers, mon Univers<\/a><\/em>.<\/p>\n<p style=\"text-align: justify;\"><a id=\"ftn6\" href=\"#ftnref6\">[6]<\/a> Voir article de <a href=\"http:\/\/www.revue3emillenaire.com\/blog\/?p=4845\" target=\"_blank\">St\u00e9phane Lupasco<\/a> dans la revue \u00ab Troisi\u00e8me Mill\u00e9naire \u00bb n\u00b0 2 (mai 82), ou encore Jean E. Charon, <em>L&rsquo;Etre et le Verbe<\/em>, Ed. Plan\u00e8te (1965), r\u00e9\u00e9dit. Editions du Rocher, Paris. Aussi Gaston Bachelard<em>, La Philosophie du Non<\/em>, PUF (1962).<\/p>\n<p style=\"text-align: justify;\"><a id=\"ftn7\" href=\"#ftnref7\">[7]<\/a> On notera que les physiciens, dans cette approche des ph\u00e9nom\u00e8nes, sont ni plus ni moins contraints d&rsquo;abandonner le fameux principe logique dit du \u00ab tiers exclu \u00bb : un ph\u00e9nom\u00e8ne physique \u00ab est \u00bb \u00e0 la fois A et non-A.<\/p>\n","protected":false},"excerpt":{"rendered":"<p>Malgr\u00e9 les immenses avanc\u00e9es de la connaissance, conduisant \u00e0 cette \u00ab ma\u00eetrise \u00bb du monde ext\u00e9rieur dont nous sommes si fiers, gr\u00e2ce \u00e0 la Science actuelle et son langage rationnel, n&rsquo;est-on pas enclins \u00e0 nous demander si cet \u00e9norme d\u00e9veloppement de la Culture ne nous a pas fait \u00ab oublier \u00bb ce langage intuitif qui pr\u00e9valait au d\u00e9but de l&rsquo;humanit\u00e9 ? Ce langage qui est cependant seul \u00e0 permettre \u00e0 notre pens\u00e9e de s&rsquo;ouvrir vers une dimension essentielle, celle de notre appartenance \u00ab corps et \u00e2me \u00bb, qu&rsquo;on le veuille ou non, \u00e0 un R\u00e9el cosmique ? <\/p>\n","protected":false},"author":1,"featured_media":0,"comment_status":"closed","ping_status":"closed","sticky":false,"template":"","format":"standard","meta":{"footnotes":""},"categories":[706],"tags":[443,723,339,261,1018,127],"class_list":["post-10405","post","type-post","status-publish","format-standard","hentry","category-charon-jean-e","tag-communication","tag-epistemologie","tag-interiorite","tag-langage","tag-science-conscience","tag-symbolisme"],"yoast_head":"<!-- This site is optimized with the Yoast SEO plugin v27.0 - https:\/\/yoast.com\/product\/yoast-seo-wordpress\/ -->\n<title>Vers l\u2019humain du double plan rationnel et intuitif par Jean E. Charon - 3e mill\u00e9naire - Spiritualit\u00e9 - Connaissance de soi - Non-dualit\u00e9 - M\u00e9ditation<\/title>\n<meta name=\"robots\" content=\"index, follow, max-snippet:-1, max-image-preview:large, max-video-preview:-1\" \/>\n<link rel=\"canonical\" href=\"https:\/\/www.revue3emillenaire.com\/blog\/vers-l\u2019humain-du-double-plan-rationnel-et-intuitif-par-jean-e-charon\/\" \/>\n<meta property=\"og:locale\" content=\"fr_FR\" \/>\n<meta property=\"og:type\" content=\"article\" \/>\n<meta property=\"og:title\" content=\"Vers l\u2019humain du double plan rationnel et intuitif par Jean E. Charon - 3e mill\u00e9naire - Spiritualit\u00e9 - Connaissance de soi - Non-dualit\u00e9 - M\u00e9ditation\" \/>\n<meta property=\"og:description\" content=\"Malgr\u00e9 les immenses avanc\u00e9es de la connaissance, conduisant \u00e0 cette \u00ab ma\u00eetrise \u00bb du monde ext\u00e9rieur dont nous sommes si fiers, gr\u00e2ce \u00e0 la Science actuelle et son langage rationnel, n&#039;est-on pas enclins \u00e0 nous demander si cet \u00e9norme d\u00e9veloppement de la Culture ne nous a pas fait \u00ab oublier \u00bb ce langage intuitif qui pr\u00e9valait au d\u00e9but de l&#039;humanit\u00e9 ? Ce langage qui est cependant seul \u00e0 permettre \u00e0 notre pens\u00e9e de s&#039;ouvrir vers une dimension essentielle, celle de notre appartenance \u00ab corps et \u00e2me \u00bb, qu&#039;on le veuille ou non, \u00e0 un R\u00e9el cosmique ?\" \/>\n<meta property=\"og:url\" content=\"https:\/\/www.revue3emillenaire.com\/blog\/vers-l\u2019humain-du-double-plan-rationnel-et-intuitif-par-jean-e-charon\/\" \/>\n<meta property=\"og:site_name\" content=\"3e mill\u00e9naire - Spiritualit\u00e9 - Connaissance de soi - Non-dualit\u00e9 - M\u00e9ditation\" \/>\n<meta property=\"article:published_time\" content=\"2012-01-01T13:58:27+00:00\" \/>\n<meta property=\"article:modified_time\" content=\"2012-01-01T13:58:49+00:00\" \/>\n<meta name=\"author\" content=\"3e mill\u00e9naire\" \/>\n<meta name=\"twitter:card\" content=\"summary_large_image\" \/>\n<meta name=\"twitter:label1\" content=\"\u00c9crit par\" \/>\n\t<meta name=\"twitter:data1\" content=\"3e mill\u00e9naire\" \/>\n\t<meta name=\"twitter:label2\" content=\"Dur\u00e9e de lecture estim\u00e9e\" \/>\n\t<meta name=\"twitter:data2\" content=\"19 minutes\" \/>\n<script type=\"application\/ld+json\" class=\"yoast-schema-graph\">{\"@context\":\"https:\/\/schema.org\",\"@graph\":[{\"@type\":\"Article\",\"@id\":\"https:\/\/www.revue3emillenaire.com\/blog\/vers-l%e2%80%99humain-du-double-plan-rationnel-et-intuitif-par-jean-e-charon\/#article\",\"isPartOf\":{\"@id\":\"https:\/\/www.revue3emillenaire.com\/blog\/vers-l%e2%80%99humain-du-double-plan-rationnel-et-intuitif-par-jean-e-charon\/\"},\"author\":{\"name\":\"3e mill\u00e9naire\",\"@id\":\"https:\/\/www.revue3emillenaire.com\/blog\/#\/schema\/person\/9a3a7cc4ccaa707f402d4394327106d5\"},\"headline\":\"Vers l\u2019humain du double plan rationnel et intuitif par Jean E. Charon\",\"datePublished\":\"2012-01-01T13:58:27+00:00\",\"dateModified\":\"2012-01-01T13:58:49+00:00\",\"mainEntityOfPage\":{\"@id\":\"https:\/\/www.revue3emillenaire.com\/blog\/vers-l%e2%80%99humain-du-double-plan-rationnel-et-intuitif-par-jean-e-charon\/\"},\"wordCount\":3855,\"keywords\":[\"communication\",\"\u00c9pist\u00e9mologie\",\"int\u00e9riorit\u00e9\",\"langage\",\"Science &amp; Conscience\",\"symbolisme\"],\"articleSection\":[\"Charon Jean-E.\"],\"inLanguage\":\"fr-FR\"},{\"@type\":\"WebPage\",\"@id\":\"https:\/\/www.revue3emillenaire.com\/blog\/vers-l%e2%80%99humain-du-double-plan-rationnel-et-intuitif-par-jean-e-charon\/\",\"url\":\"https:\/\/www.revue3emillenaire.com\/blog\/vers-l%e2%80%99humain-du-double-plan-rationnel-et-intuitif-par-jean-e-charon\/\",\"name\":\"Vers l\u2019humain du double plan rationnel et intuitif par Jean E. Charon - 3e mill\u00e9naire - Spiritualit\u00e9 - Connaissance de soi - Non-dualit\u00e9 - M\u00e9ditation\",\"isPartOf\":{\"@id\":\"https:\/\/www.revue3emillenaire.com\/blog\/#website\"},\"datePublished\":\"2012-01-01T13:58:27+00:00\",\"dateModified\":\"2012-01-01T13:58:49+00:00\",\"author\":{\"@id\":\"https:\/\/www.revue3emillenaire.com\/blog\/#\/schema\/person\/9a3a7cc4ccaa707f402d4394327106d5\"},\"breadcrumb\":{\"@id\":\"https:\/\/www.revue3emillenaire.com\/blog\/vers-l%e2%80%99humain-du-double-plan-rationnel-et-intuitif-par-jean-e-charon\/#breadcrumb\"},\"inLanguage\":\"fr-FR\",\"potentialAction\":[{\"@type\":\"ReadAction\",\"target\":[\"https:\/\/www.revue3emillenaire.com\/blog\/vers-l%e2%80%99humain-du-double-plan-rationnel-et-intuitif-par-jean-e-charon\/\"]}]},{\"@type\":\"BreadcrumbList\",\"@id\":\"https:\/\/www.revue3emillenaire.com\/blog\/vers-l%e2%80%99humain-du-double-plan-rationnel-et-intuitif-par-jean-e-charon\/#breadcrumb\",\"itemListElement\":[{\"@type\":\"ListItem\",\"position\":1,\"name\":\"Accueil\",\"item\":\"https:\/\/www.revue3emillenaire.com\/blog\/\"},{\"@type\":\"ListItem\",\"position\":2,\"name\":\"Vers l\u2019humain du double plan rationnel et intuitif par Jean E. Charon\"}]},{\"@type\":\"WebSite\",\"@id\":\"https:\/\/www.revue3emillenaire.com\/blog\/#website\",\"url\":\"https:\/\/www.revue3emillenaire.com\/blog\/\",\"name\":\"3e mill\u00e9naire - Spiritualit\u00e9 - Connaissance de soi - Non-dualit\u00e9 - M\u00e9ditation\",\"description\":\"L&#039;Homme en devenir\",\"potentialAction\":[{\"@type\":\"SearchAction\",\"target\":{\"@type\":\"EntryPoint\",\"urlTemplate\":\"https:\/\/www.revue3emillenaire.com\/blog\/?s={search_term_string}\"},\"query-input\":{\"@type\":\"PropertyValueSpecification\",\"valueRequired\":true,\"valueName\":\"search_term_string\"}}],\"inLanguage\":\"fr-FR\"},{\"@type\":\"Person\",\"@id\":\"https:\/\/www.revue3emillenaire.com\/blog\/#\/schema\/person\/9a3a7cc4ccaa707f402d4394327106d5\",\"name\":\"3e mill\u00e9naire\",\"url\":\"https:\/\/www.revue3emillenaire.com\/blog\/author\/admin\/\"}]}<\/script>\n<!-- \/ Yoast SEO plugin. -->","yoast_head_json":{"title":"Vers l\u2019humain du double plan rationnel et intuitif par Jean E. Charon - 3e mill\u00e9naire - Spiritualit\u00e9 - Connaissance de soi - Non-dualit\u00e9 - M\u00e9ditation","robots":{"index":"index","follow":"follow","max-snippet":"max-snippet:-1","max-image-preview":"max-image-preview:large","max-video-preview":"max-video-preview:-1"},"canonical":"https:\/\/www.revue3emillenaire.com\/blog\/vers-l\u2019humain-du-double-plan-rationnel-et-intuitif-par-jean-e-charon\/","og_locale":"fr_FR","og_type":"article","og_title":"Vers l\u2019humain du double plan rationnel et intuitif par Jean E. Charon - 3e mill\u00e9naire - Spiritualit\u00e9 - Connaissance de soi - Non-dualit\u00e9 - M\u00e9ditation","og_description":"Malgr\u00e9 les immenses avanc\u00e9es de la connaissance, conduisant \u00e0 cette \u00ab ma\u00eetrise \u00bb du monde ext\u00e9rieur dont nous sommes si fiers, gr\u00e2ce \u00e0 la Science actuelle et son langage rationnel, n'est-on pas enclins \u00e0 nous demander si cet \u00e9norme d\u00e9veloppement de la Culture ne nous a pas fait \u00ab oublier \u00bb ce langage intuitif qui pr\u00e9valait au d\u00e9but de l'humanit\u00e9 ? Ce langage qui est cependant seul \u00e0 permettre \u00e0 notre pens\u00e9e de s'ouvrir vers une dimension essentielle, celle de notre appartenance \u00ab corps et \u00e2me \u00bb, qu'on le veuille ou non, \u00e0 un R\u00e9el cosmique ?","og_url":"https:\/\/www.revue3emillenaire.com\/blog\/vers-l\u2019humain-du-double-plan-rationnel-et-intuitif-par-jean-e-charon\/","og_site_name":"3e mill\u00e9naire - Spiritualit\u00e9 - Connaissance de soi - Non-dualit\u00e9 - M\u00e9ditation","article_published_time":"2012-01-01T13:58:27+00:00","article_modified_time":"2012-01-01T13:58:49+00:00","author":"3e mill\u00e9naire","twitter_card":"summary_large_image","twitter_misc":{"\u00c9crit par":"3e mill\u00e9naire","Dur\u00e9e de lecture estim\u00e9e":"19 minutes"},"schema":{"@context":"https:\/\/schema.org","@graph":[{"@type":"Article","@id":"https:\/\/www.revue3emillenaire.com\/blog\/vers-l%e2%80%99humain-du-double-plan-rationnel-et-intuitif-par-jean-e-charon\/#article","isPartOf":{"@id":"https:\/\/www.revue3emillenaire.com\/blog\/vers-l%e2%80%99humain-du-double-plan-rationnel-et-intuitif-par-jean-e-charon\/"},"author":{"name":"3e mill\u00e9naire","@id":"https:\/\/www.revue3emillenaire.com\/blog\/#\/schema\/person\/9a3a7cc4ccaa707f402d4394327106d5"},"headline":"Vers l\u2019humain du double plan rationnel et intuitif par Jean E. Charon","datePublished":"2012-01-01T13:58:27+00:00","dateModified":"2012-01-01T13:58:49+00:00","mainEntityOfPage":{"@id":"https:\/\/www.revue3emillenaire.com\/blog\/vers-l%e2%80%99humain-du-double-plan-rationnel-et-intuitif-par-jean-e-charon\/"},"wordCount":3855,"keywords":["communication","\u00c9pist\u00e9mologie","int\u00e9riorit\u00e9","langage","Science &amp; Conscience","symbolisme"],"articleSection":["Charon Jean-E."],"inLanguage":"fr-FR"},{"@type":"WebPage","@id":"https:\/\/www.revue3emillenaire.com\/blog\/vers-l%e2%80%99humain-du-double-plan-rationnel-et-intuitif-par-jean-e-charon\/","url":"https:\/\/www.revue3emillenaire.com\/blog\/vers-l%e2%80%99humain-du-double-plan-rationnel-et-intuitif-par-jean-e-charon\/","name":"Vers l\u2019humain du double plan rationnel et intuitif par Jean E. Charon - 3e mill\u00e9naire - Spiritualit\u00e9 - Connaissance de soi - Non-dualit\u00e9 - M\u00e9ditation","isPartOf":{"@id":"https:\/\/www.revue3emillenaire.com\/blog\/#website"},"datePublished":"2012-01-01T13:58:27+00:00","dateModified":"2012-01-01T13:58:49+00:00","author":{"@id":"https:\/\/www.revue3emillenaire.com\/blog\/#\/schema\/person\/9a3a7cc4ccaa707f402d4394327106d5"},"breadcrumb":{"@id":"https:\/\/www.revue3emillenaire.com\/blog\/vers-l%e2%80%99humain-du-double-plan-rationnel-et-intuitif-par-jean-e-charon\/#breadcrumb"},"inLanguage":"fr-FR","potentialAction":[{"@type":"ReadAction","target":["https:\/\/www.revue3emillenaire.com\/blog\/vers-l%e2%80%99humain-du-double-plan-rationnel-et-intuitif-par-jean-e-charon\/"]}]},{"@type":"BreadcrumbList","@id":"https:\/\/www.revue3emillenaire.com\/blog\/vers-l%e2%80%99humain-du-double-plan-rationnel-et-intuitif-par-jean-e-charon\/#breadcrumb","itemListElement":[{"@type":"ListItem","position":1,"name":"Accueil","item":"https:\/\/www.revue3emillenaire.com\/blog\/"},{"@type":"ListItem","position":2,"name":"Vers l\u2019humain du double plan rationnel et intuitif par Jean E. Charon"}]},{"@type":"WebSite","@id":"https:\/\/www.revue3emillenaire.com\/blog\/#website","url":"https:\/\/www.revue3emillenaire.com\/blog\/","name":"3e mill\u00e9naire - Spiritualit\u00e9 - Connaissance de soi - Non-dualit\u00e9 - M\u00e9ditation","description":"L&#039;Homme en devenir","potentialAction":[{"@type":"SearchAction","target":{"@type":"EntryPoint","urlTemplate":"https:\/\/www.revue3emillenaire.com\/blog\/?s={search_term_string}"},"query-input":{"@type":"PropertyValueSpecification","valueRequired":true,"valueName":"search_term_string"}}],"inLanguage":"fr-FR"},{"@type":"Person","@id":"https:\/\/www.revue3emillenaire.com\/blog\/#\/schema\/person\/9a3a7cc4ccaa707f402d4394327106d5","name":"3e mill\u00e9naire","url":"https:\/\/www.revue3emillenaire.com\/blog\/author\/admin\/"}]}},"_links":{"self":[{"href":"https:\/\/www.revue3emillenaire.com\/blog\/wp-json\/wp\/v2\/posts\/10405","targetHints":{"allow":["GET"]}}],"collection":[{"href":"https:\/\/www.revue3emillenaire.com\/blog\/wp-json\/wp\/v2\/posts"}],"about":[{"href":"https:\/\/www.revue3emillenaire.com\/blog\/wp-json\/wp\/v2\/types\/post"}],"author":[{"embeddable":true,"href":"https:\/\/www.revue3emillenaire.com\/blog\/wp-json\/wp\/v2\/users\/1"}],"replies":[{"embeddable":true,"href":"https:\/\/www.revue3emillenaire.com\/blog\/wp-json\/wp\/v2\/comments?post=10405"}],"version-history":[{"count":0,"href":"https:\/\/www.revue3emillenaire.com\/blog\/wp-json\/wp\/v2\/posts\/10405\/revisions"}],"wp:attachment":[{"href":"https:\/\/www.revue3emillenaire.com\/blog\/wp-json\/wp\/v2\/media?parent=10405"}],"wp:term":[{"taxonomy":"category","embeddable":true,"href":"https:\/\/www.revue3emillenaire.com\/blog\/wp-json\/wp\/v2\/categories?post=10405"},{"taxonomy":"post_tag","embeddable":true,"href":"https:\/\/www.revue3emillenaire.com\/blog\/wp-json\/wp\/v2\/tags?post=10405"}],"curies":[{"name":"wp","href":"https:\/\/api.w.org\/{rel}","templated":true}]}}