{"id":10492,"date":"2012-01-23T03:15:28","date_gmt":"2012-01-23T02:15:28","guid":{"rendered":"http:\/\/www.revue3emillenaire.com\/blog\/?p=10492"},"modified":"2012-01-23T03:15:28","modified_gmt":"2012-01-23T02:15:28","slug":"origene-et-le-sens-de-la-paque-par-jean-chevalier","status":"publish","type":"post","link":"https:\/\/www.revue3emillenaire.com\/blog\/origene-et-le-sens-de-la-paque-par-jean-chevalier\/","title":{"rendered":"Orig\u00e8ne et le sens de la P\u00e2que par Jean Chevalier"},"content":{"rendered":"<p style=\"text-align: justify;\">(Revue Question De. N<sup>o<\/sup> 35. Mars-Avril 1980)<\/p>\n<p style=\"text-align: justify;\">Les guerres ont toujours des effets impr\u00e9vus. En 1941, lorsque les arm\u00e9es de l&rsquo;Axe italo-allemand, parties de Libye, menacent le delta du Nil, \u00c9gyptiens et Anglais d\u00e9cident de mettre \u00e0 l&rsquo;abri des bombardements les richesses arch\u00e9ologiques des Mus\u00e9es du Caire et d&rsquo;Alexandrie. De longues et profondes carri\u00e8res ont \u00e9t\u00e9 creus\u00e9es au temps des Pharaons, dans la Cha\u00eene arabique, \u00e0 quelques kilom\u00e8tres du Caire, pour en extraire le gr\u00e8s n\u00e9cessaire aux \u00e9difices. Elles offrent une s\u00fbre protection, \u00e0 la fois contre le pillage, les intemp\u00e9ries et les combats. Mais abandonn\u00e9es depuis des dizaines de si\u00e8cles, elles doivent \u00eatre d\u00e9gag\u00e9es d&rsquo;un amoncellement de poussi\u00e8re et de pierres tomb\u00e9es des vo\u00fbtes et des parois. En proc\u00e9dant \u00e0 ces travaux de d\u00e9blayage, les terrassiers d\u00e9couvrent, \u00e0 Toura, des rouleaux de papyrus. La rumeur s&rsquo;en r\u00e9pand aussit\u00f4t ; elle met en branle la police et les antiquaires, les arch\u00e9ologues et les pal\u00e9ographes, et jusqu&rsquo;au Palais, qui donne des fonds, pour que les feuillets de papyrus ne se dispersent pas entre les mains des plus offrants. C&rsquo;est de ce lot pr\u00e9cieux qu&rsquo;est sorti, entre autres d\u00e9couvertes, un trait\u00e9 in\u00e9dit d&rsquo;Orig\u00e8ne, <em>Sur la P\u00e2que<\/em> (Paris, Beauchesne, 1979), pr\u00e9sent\u00e9 et traduit par O. Gu\u00e9raud et P. Nautin. Cette premi\u00e8re \u00e9dition constitue un v\u00e9ritable mod\u00e8le, tant pour l&rsquo;\u00e9tablissement du texte (certaines parties du papyrus \u00e9taient d\u00e9t\u00e9rior\u00e9es) que pour l&rsquo;\u00e9tude critique, historique et doctrinale. Sur des points importants, elle marque un progr\u00e8s dans la connaissance du christianisme, en ses trois premiers si\u00e8cles.<\/p>\n<p style=\"text-align: justify;\">Le trait\u00e9 aurait \u00e9t\u00e9 \u00e9crit vers 245 \u00e0 C\u00e9sar\u00e9e de Palestine. Il montre qu&rsquo;une discussion sur une f\u00eate liturgique met en cause toute une doctrine religieuse, bien plus, toute une vision de l&rsquo;avenir humain.<\/p>\n<p style=\"text-align: justify;\">On conna\u00eet l&rsquo;influence primordiale d&rsquo;Orig\u00e8ne dans le d\u00e9veloppement de la pens\u00e9e chr\u00e9tienne, tant chez les Latins que chez les Grecs. N\u00e9 \u00e0 Alexandrie en 185, d&rsquo;un p\u00e8re qui mourut martyr en 202, il fut lui-m\u00eame tortur\u00e9 sous D\u00e8ce et mourut de ses blessures vers 253-254, \u00e0 C\u00e9sar\u00e9e de Palestine, o\u00f9 il s&rsquo;\u00e9tait retir\u00e9 depuis vingt-deux ans. Form\u00e9 \u00e0 l&rsquo;\u00e9cole d&rsquo;Alexandrie, le plus illustre centre intellectuel de l&rsquo;\u00e9poque, il eut pour ma\u00eetre en philosophie, Ammonius Saccas, dont Plotin fut aussi le disciple, et pour inspirateur en th\u00e9ologie, Cl\u00e9ment d&rsquo;Alexandrie (150-215), qui fut l&rsquo;un des premiers penseurs \u00e0 coordonner la foi et la raison dans la recherche de la v\u00e9rit\u00e9. Asc\u00e8te et mystique, philosophe et th\u00e9ologien, et, par-dessus tout ex\u00e9g\u00e8te, Orig\u00e8ne consacra toute sa vie a l&rsquo;\u00e9tude des Ecritures.<\/p>\n<p style=\"text-align: justify;\"><strong>Un langage symbolique<\/strong><\/p>\n<p style=\"text-align: justify;\">Ce trait\u00e9 Sur la P\u00e2que ajoute \u00e0 une \u0153uvre immense d&rsquo;int\u00e9ressantes pr\u00e9cisions. Pour le lecteur moderne, particuli\u00e8rement int\u00e9ress\u00e9 aux probl\u00e8mes de l&rsquo;interpr\u00e9tation du langage, il illustre parfaitement la m\u00e9thode herm\u00e9neutique, en faveur aux premiers si\u00e8cles du christianisme. La critique contemporaine en r\u00e9habilite aujourd&rsquo;hui plusieurs principes.<\/p>\n<p style=\"text-align: justify;\">Orig\u00e8ne conna\u00eet trop bien les langues et les genres litt\u00e9raires pour ne pas saisir les diff\u00e9rences de styles et de points de vue qui caract\u00e9risent chacun des livres de la Bible. Mais, sous cette diversit\u00e9, il recherche l&rsquo;unit\u00e9 de l&rsquo;inspiration : \u00ab Il faut aller \u00e0 l\u2019\u00c9criture tout enti\u00e8re comme formant un corps unique ; il ne faut ni briser, ni sectionner les organes de coh\u00e9sion tr\u00e8s robustes et tr\u00e8s solides qui maintiennent le tout dans l&rsquo;harmonie, comme c&rsquo;est le cas de ceux qui brisent, pour autant qu&rsquo;il est en leur pouvoir, l&rsquo;unit\u00e9 de l&rsquo;Esprit qui inspire toutes les \u00c9critures. \u00bb (p. 107).<\/p>\n<p style=\"text-align: justify;\">Il d\u00e9crit trois fa\u00e7ons principales d&rsquo;aborder la Bible. La premi\u00e8re s&rsquo;appuie sur la lettre seule\u00a0; c&rsquo;est, selon Orig\u00e8ne, celle des Juifs de son temps ; nous dirions aujourd&rsquo;hui celle des fondamentalistes, comme les T\u00e9moins de J\u00e9hovah. La seconde ne s&rsquo;en tient pas \u00e0 la lettre, mais pr\u00e9tend la comprendre \u00e0 la lumi\u00e8re de philosophies en faveur \u00e0 un moment donn\u00e9 ; elle m\u00eale ainsi \u00e0 la r\u00e9v\u00e9lation des doctrines plus ou moins inconsistantes et \u00e9ph\u00e9m\u00e8res et, sous pr\u00e9texte d&rsquo;adaptation \u00e0 l&rsquo;esprit d&rsquo;une \u00e9poque, elle provoque une s\u00e9duction, qui n&rsquo;h\u00e9site pas \u00e0 fr\u00f4ler l&rsquo;h\u00e9r\u00e9sie. La troisi\u00e8me, enfin, tend \u00e0 discerner le sens spirituel des textes ; mais cette m\u00e9thode suppose que l&rsquo;interpr\u00e8te vit selon l&rsquo;Esprit m\u00eame qui vivifie la lettre. Autrement dit, quand il s&rsquo;agit d&rsquo;Ecritures saintes, sciences et mystique concourent \u00e0 une m\u00eame connaissance. Aussi l&rsquo;intelligence du texte varie-t-elle avec les capacit\u00e9s de chaque lecteur, avec le degr\u00e9 de perfection atteint par son \u00e9volution int\u00e9rieure. \u00ab Le t\u00e9moignage ne consiste pas seulement dans des paroles de pr\u00e9diction, mais dans les actes m\u00eames o\u00f9 se trouve inscrite une science. \u00bb (p. 233).<\/p>\n<p style=\"text-align: justify;\">Dans le langage symbolique d&rsquo;Orig\u00e8ne, comprendre, c&rsquo;est \u00ab manger la chair du Christ \u00bb, car le Christ est le Verbe ou la Parole, et l\u2019\u00c9criture, comme son Corps, est sa chair. Ainsi, reprenant les mots de l&rsquo;Exode sur l&rsquo;Agneau pascal, Orig\u00e8ne exhorte-t-il \u00e0 manger le Christ \u00ab la t\u00eate et les pieds et les entrailles \u00bb, c&rsquo;est-\u00e0-dire a le comprendre int\u00e9gralement : sa divinit\u00e9 (la t\u00eate), son action (les pieds), son incarnation (les entrailles). L&rsquo;agneau pascal est la figure du Christ. Le chapitre XII de l&rsquo;Exode est transpos\u00e9 mot \u00e0 mot du plan de l&rsquo;histoire au plan du salut, de la f\u00eate juive, comm\u00e9morative du passage de la Mer Rouge, \u00e0 la f\u00eate chr\u00e9tienne, comm\u00e9morative du passage du p\u00e9ch\u00e9 \u00e0 la gr\u00e2ce, de la mort \u00e0 la r\u00e9surrection, par la Passion-R\u00e9surrection du Christ. La Bible tourne l&rsquo;esprit de l&rsquo;homme, non point vers le pass\u00e9, mais vers son avenir. \u00ab Nous savons, nous autres, \u00e9crit Orig\u00e8ne, que l\u2019\u00c9criture n&rsquo;a pas \u00e9t\u00e9 r\u00e9dig\u00e9e pour nous raconter des histoires anciennes, mais pour notre instruction salutaire ; ainsi comprenons-nous que ce qu&rsquo;on vient de nous lire se r\u00e9alise encore maintenant, et pas seulement en ce monde, que figure l&rsquo;Egypte, mais en chacun de nous. \u00bb (p. 138).<\/p>\n<p style=\"text-align: justify;\">L&rsquo;herm\u00e9neutique joue ainsi sur deux registres, l&rsquo;un historique et litt\u00e9ral, l&rsquo;autre spirituel et symbolique. Par exemple, pour rester dans le contexte pascal, le Pharaon de l&rsquo;Exode est un roi appartenant \u00e0 une dynastie d\u00e9termin\u00e9e ; il est aussi, symboliquement, un d\u00e9mon qui n&rsquo;\u00e9coute plus les proph\u00e8tes et qui refuse aux hommes leur lib\u00e9ration. De m\u00eame, l\u2019\u00c9gypte est un territoire g\u00e9ographique, politique et culturel ; mais aussi le symbole d&rsquo;une terre, o\u00f9 l&rsquo;on se sent \u00e9tranger, une terre d&rsquo;exil, et, de fa\u00e7on plus large encore, le symbole de ce monde terrestre, cruel et corrompu, par opposition au futur royaume de Dieu. Ces transpositions sont extr\u00eamement int\u00e9ressantes pour le psycho-sociologue moderne en ce qu&rsquo;elles montrent comment, sous la pouss\u00e9e d&rsquo;une forte charge affective et culturelle, un \u00e9v\u00e8nement se transforme en enseignement, une signification limit\u00e9e \u00e0 un fait particulier en un sens de valeur universelle. Le changement de registre n&rsquo;exclut d&rsquo;ailleurs la sp\u00e9cificit\u00e9 d&rsquo;aucune valeur, chacune \u00e9tant appr\u00e9ci\u00e9e \u00e0 son niveau.<\/p>\n<p style=\"text-align: justify;\"><strong>P\u00e2ques : un passage rituel<\/strong><\/p>\n<p style=\"text-align: justify;\">L&rsquo;importance de cette \u00e9tude d&rsquo;Orig\u00e8ne Sur la P\u00e2que vient, non seulement d&rsquo;un excellent exemple d&rsquo;herm\u00e9neutique symbolique, mais aussi de sa port\u00e9e doctrinale. Elle marque en effet une rupture d\u00e9cisive avec la P\u00e2que juive, d&rsquo;une part, et, d&rsquo;autre part, au sein m\u00eame du christianisme, avec une conception de la P\u00e2que centr\u00e9e sur la Passion du Christ, au lieu de l&rsquo;\u00eatre sur la R\u00e9surrection. La f\u00eate juive de la P\u00e2que d\u00e9coulait des chapitres XII et XIII de l&rsquo;Exode qui d\u00e9crivent le d\u00e9part des Isra\u00e9lites d\u2019\u00c9gypte pour la longue marche de quarante ann\u00e9es dans le d\u00e9sert du Sina\u00ef vers la Terre Promise. Ces chapitres fixent aussi en d\u00e9tail, par un \u00ab d\u00e9cret perp\u00e9tuel \u00bb, le rituel de la c\u00e9r\u00e9monie. Pour Philon d&rsquo;Alexandrie (20 av. J.-C. 45 apr\u00e8s J.-C.), comme pour tous les Juifs, la P\u00e2que rappelait la Sortie d\u2019\u00c9gypte ; elle figurait en outre, \u00e0 ses yeux de philosophe, \u00ab le passage de l&rsquo;\u00e2me du monde des sens au monde de la raison \u00bb (p. 99).<\/p>\n<p style=\"text-align: justify;\">La f\u00eate chr\u00e9tienne de P\u00e2ques, elle, prend naissance au cours du II<sup>e<\/sup> si\u00e8cle : elle serait c\u00e9l\u00e9br\u00e9e en Asie Mineure vers 170. Tertullien (150-222) pr\u00e9cise que, lors de cette f\u00eate \u00ab les cat\u00e9chum\u00e8nes recevaient le bapt\u00eame et participaient pour la premi\u00e8re fois \u00e0 l&rsquo;Eucharistie \u00bb (p. 97). Le passage est ainsi marqu\u00e9, par le Bapt\u00eame et l&rsquo;Eucharistie, de la voie du p\u00e9ch\u00e9 et de la mort \u00e0 la voie de la gr\u00e2ce et de la vie. Cl\u00e9ment d&rsquo;Alexandrie (150-215) ajoutait que le Christ \u00e9tait lui-m\u00eame la P\u00e2que, le passage, la voie : il l&rsquo;avait r\u00e9alis\u00e9e par sa propre r\u00e9surrection et il nous l&rsquo;ouvrait. Mais des controverses surgissent, parmi les chr\u00e9tiens, d\u00e8s les premi\u00e8res c\u00e9l\u00e9brations de la f\u00eate. Pour la distinguer de la c\u00e9r\u00e9monie juive, on se dispute sur les dates, et sur les sens m\u00eames du mot. Les uns, comme M\u00e9liton de Sardes, Apollinaire de Hi\u00e9rapolis et Hippolyte, le rattachent au verbe grec <em>paskein<\/em> (souffrir) et la P\u00e2que serait la comm\u00e9moration de la Passion du Christ et, en cons\u00e9quence, ne se c\u00e9l\u00e8brerait pas le dimanche mais le vendredi ; les autres, avec Cl\u00e9ment d&rsquo;Alexandrie et Orig\u00e8ne, le font d\u00e9river \u00e0 juste titre de l&rsquo;h\u00e9breu <em>Fas<\/em>, impossible \u00e0 prononcer en grec, qui signifie passage. D\u00e8s lors, la th\u00e9ologie de la f\u00eate se recentre sur la R\u00e9surrection et s&rsquo;exprime par l&rsquo;id\u00e9e d&rsquo;une travers\u00e9e (<em>diabasis<\/em>), d&rsquo;un d\u00e9passement, d&rsquo;une travers\u00e9e, d&rsquo;un franchissement (<em>hyperbasis<\/em>), d&rsquo;une accession \u00e0 une vie nouvelle dans un autre monde. Si la f\u00eate est une figure de la cr\u00e9ation, comme le pensent les sociologues, la P\u00e2que chr\u00e9tienne est par excellence la figure de la re-cr\u00e9ation de l&rsquo;univers.<\/p>\n<p style=\"text-align: justify;\"><strong>Un gage de salut<\/strong><\/p>\n<p style=\"text-align: justify;\">Ce court texte d&rsquo;Orig\u00e8ne ne fait qu&rsquo;une br\u00e8ve allusion \u00e0 l&rsquo;hypoth\u00e8se, avanc\u00e9e ailleurs par l&rsquo;auteur, d&rsquo;une pr\u00e9existence des \u00e2mes, hypoth\u00e8se qui, trois si\u00e8cles plus tard, sera condamn\u00e9e par le II<sup>e<\/sup> Concile de Constantinople, en 553. La vraie patrie des \u00e2mes est la \u00ab J\u00e9rusalem c\u00e9leste \u00bb o\u00f9 elles animaient un \u00ab corps astral \u00bb. Par suite d&rsquo;une d\u00e9sob\u00e9issance, elles descendirent s&rsquo;incarner sur terre dans un \u00ab corps lourd\u00a0\u00bb. Elles y contract\u00e8rent un tel attachement aux plaisirs p\u00e9rissables qu&rsquo;elles devinrent incapables de s&rsquo;\u00e9lever vers des biens spirituels ; elles subiront les cons\u00e9quences de leur chute, tant qu&rsquo;elles n&rsquo;auront pas triomph\u00e9 de leurs passions et de leur p\u00e9ch\u00e9. La terre n&rsquo;est pour elle qu&rsquo;une \u00ab r\u00e9sidence \u00e9trang\u00e8re \u00bb, comme l\u2019\u00c9gypte l&rsquo;\u00e9tait pour les Isra\u00e9lites. Gr\u00e2ce \u00e0 la r\u00e9surrection du Christ, gage de leur salut, elles sont en mesure de retrouver leur patrie d&rsquo;origine. Sur terre, elles ne sont que des p\u00e8lerins, des \u00ab migrants \u00bb (sens du mot \u00ab h\u00e9breu \u00bb). Il leur appartient \u00e0 pr\u00e9sent par l&rsquo;exercice de leur libert\u00e9, d&rsquo;accepter la gr\u00e2ce du Christ, de s&rsquo;int\u00e9grer \u00e0 l&rsquo;action de son \u00c9glise, et de participer ainsi \u00e0 la recr\u00e9ation du monde. Avec Orig\u00e8ne, la P\u00e2que prend une dimension communautaire, cosmique, eschatologique, qui en fait non seulement la comm\u00e9moration d&rsquo;un \u00e9v\u00e8nement pass\u00e9, mais une pr\u00e9figuration du Royaume \u00e0 venir. Elle annonce un av\u00e8nement, l&rsquo;ultime passage, la P\u00e2que \u00e9ternelle, celle de l&rsquo;universelle R\u00e9surrection. Vue grandiose, dont Orig\u00e8ne accepta sans doute d&rsquo;avance qu&rsquo;elle f\u00fbt amend\u00e9e, puisqu&rsquo;il mourut d&rsquo;avoir t\u00e9moign\u00e9 jusque sous la torture de sa fid\u00e9lit\u00e9 \u00e0 son \u00c9glise.<\/p>\n","protected":false},"excerpt":{"rendered":"<p>Il d\u00e9crit trois fa\u00e7ons principales d&rsquo;aborder la Bible. La premi\u00e8re s&rsquo;appuie sur la lettre seule ; c&rsquo;est, selon Orig\u00e8ne, celle des Juifs de son temps ; nous dirions aujourd&rsquo;hui celle des fondamentalistes, comme les T\u00e9moins de J\u00e9hovah. La seconde ne s&rsquo;en tient pas \u00e0 la lettre, mais pr\u00e9tend la comprendre \u00e0 la lumi\u00e8re de philosophies en faveur \u00e0 un moment donn\u00e9 ; elle m\u00eale ainsi \u00e0 la r\u00e9v\u00e9lation des doctrines plus ou moins inconsistantes et \u00e9ph\u00e9m\u00e8res et, sous pr\u00e9texte d&rsquo;adaptation \u00e0 l&rsquo;esprit d&rsquo;une \u00e9poque, elle provoque une s\u00e9duction, qui n&rsquo;h\u00e9site pas \u00e0 fr\u00f4ler l&rsquo;h\u00e9r\u00e9sie. La troisi\u00e8me, enfin, tend \u00e0 discerner le sens spirituel des textes&#8230; <\/p>\n","protected":false},"author":1,"featured_media":0,"comment_status":"closed","ping_status":"closed","sticky":false,"template":"","format":"standard","meta":{"footnotes":""},"categories":[537],"tags":[280,945,127],"class_list":["post-10492","post","type-post","status-publish","format-standard","hentry","category-chevalier-jean","tag-christianisme","tag-origene","tag-symbolisme"],"yoast_head":"<!-- This site is optimized with the Yoast SEO plugin v27.0 - https:\/\/yoast.com\/product\/yoast-seo-wordpress\/ -->\n<title>Orig\u00e8ne et le sens de la P\u00e2que par Jean Chevalier - 3e mill\u00e9naire - Spiritualit\u00e9 - Connaissance de soi - Non-dualit\u00e9 - M\u00e9ditation<\/title>\n<meta name=\"robots\" content=\"index, follow, max-snippet:-1, max-image-preview:large, max-video-preview:-1\" \/>\n<link rel=\"canonical\" href=\"https:\/\/www.revue3emillenaire.com\/blog\/origene-et-le-sens-de-la-paque-par-jean-chevalier\/\" \/>\n<meta property=\"og:locale\" content=\"fr_FR\" \/>\n<meta property=\"og:type\" content=\"article\" \/>\n<meta property=\"og:title\" content=\"Orig\u00e8ne et le sens de la P\u00e2que par Jean Chevalier - 3e mill\u00e9naire - Spiritualit\u00e9 - Connaissance de soi - Non-dualit\u00e9 - M\u00e9ditation\" \/>\n<meta property=\"og:description\" content=\"Il d\u00e9crit trois fa\u00e7ons principales d&#039;aborder la Bible. La premi\u00e8re s&#039;appuie sur la lettre seule ; c&#039;est, selon Orig\u00e8ne, celle des Juifs de son temps ; nous dirions aujourd&#039;hui celle des fondamentalistes, comme les T\u00e9moins de J\u00e9hovah. La seconde ne s&#039;en tient pas \u00e0 la lettre, mais pr\u00e9tend la comprendre \u00e0 la lumi\u00e8re de philosophies en faveur \u00e0 un moment donn\u00e9 ; elle m\u00eale ainsi \u00e0 la r\u00e9v\u00e9lation des doctrines plus ou moins inconsistantes et \u00e9ph\u00e9m\u00e8res et, sous pr\u00e9texte d&#039;adaptation \u00e0 l&#039;esprit d&#039;une \u00e9poque, elle provoque une s\u00e9duction, qui n&#039;h\u00e9site pas \u00e0 fr\u00f4ler l&#039;h\u00e9r\u00e9sie. La troisi\u00e8me, enfin, tend \u00e0 discerner le sens spirituel des textes...\" \/>\n<meta property=\"og:url\" content=\"https:\/\/www.revue3emillenaire.com\/blog\/origene-et-le-sens-de-la-paque-par-jean-chevalier\/\" \/>\n<meta property=\"og:site_name\" content=\"3e mill\u00e9naire - Spiritualit\u00e9 - Connaissance de soi - Non-dualit\u00e9 - M\u00e9ditation\" \/>\n<meta property=\"article:published_time\" content=\"2012-01-23T02:15:28+00:00\" \/>\n<meta name=\"author\" content=\"3e mill\u00e9naire\" \/>\n<meta name=\"twitter:card\" content=\"summary_large_image\" \/>\n<meta name=\"twitter:label1\" content=\"\u00c9crit par\" \/>\n\t<meta name=\"twitter:data1\" content=\"3e mill\u00e9naire\" \/>\n\t<meta name=\"twitter:label2\" content=\"Dur\u00e9e de lecture estim\u00e9e\" \/>\n\t<meta name=\"twitter:data2\" content=\"10 minutes\" \/>\n<script type=\"application\/ld+json\" class=\"yoast-schema-graph\">{\"@context\":\"https:\/\/schema.org\",\"@graph\":[{\"@type\":\"Article\",\"@id\":\"https:\/\/www.revue3emillenaire.com\/blog\/origene-et-le-sens-de-la-paque-par-jean-chevalier\/#article\",\"isPartOf\":{\"@id\":\"https:\/\/www.revue3emillenaire.com\/blog\/origene-et-le-sens-de-la-paque-par-jean-chevalier\/\"},\"author\":{\"name\":\"3e mill\u00e9naire\",\"@id\":\"https:\/\/www.revue3emillenaire.com\/blog\/#\/schema\/person\/9a3a7cc4ccaa707f402d4394327106d5\"},\"headline\":\"Orig\u00e8ne et le sens de la P\u00e2que par Jean Chevalier\",\"datePublished\":\"2012-01-23T02:15:28+00:00\",\"mainEntityOfPage\":{\"@id\":\"https:\/\/www.revue3emillenaire.com\/blog\/origene-et-le-sens-de-la-paque-par-jean-chevalier\/\"},\"wordCount\":1999,\"keywords\":[\"christianisme\",\"Orig\u00e8ne\",\"symbolisme\"],\"articleSection\":[\"Chevalier Jean\"],\"inLanguage\":\"fr-FR\"},{\"@type\":\"WebPage\",\"@id\":\"https:\/\/www.revue3emillenaire.com\/blog\/origene-et-le-sens-de-la-paque-par-jean-chevalier\/\",\"url\":\"https:\/\/www.revue3emillenaire.com\/blog\/origene-et-le-sens-de-la-paque-par-jean-chevalier\/\",\"name\":\"Orig\u00e8ne et le sens de la P\u00e2que par Jean Chevalier - 3e mill\u00e9naire - Spiritualit\u00e9 - Connaissance de soi - Non-dualit\u00e9 - M\u00e9ditation\",\"isPartOf\":{\"@id\":\"https:\/\/www.revue3emillenaire.com\/blog\/#website\"},\"datePublished\":\"2012-01-23T02:15:28+00:00\",\"author\":{\"@id\":\"https:\/\/www.revue3emillenaire.com\/blog\/#\/schema\/person\/9a3a7cc4ccaa707f402d4394327106d5\"},\"breadcrumb\":{\"@id\":\"https:\/\/www.revue3emillenaire.com\/blog\/origene-et-le-sens-de-la-paque-par-jean-chevalier\/#breadcrumb\"},\"inLanguage\":\"fr-FR\",\"potentialAction\":[{\"@type\":\"ReadAction\",\"target\":[\"https:\/\/www.revue3emillenaire.com\/blog\/origene-et-le-sens-de-la-paque-par-jean-chevalier\/\"]}]},{\"@type\":\"BreadcrumbList\",\"@id\":\"https:\/\/www.revue3emillenaire.com\/blog\/origene-et-le-sens-de-la-paque-par-jean-chevalier\/#breadcrumb\",\"itemListElement\":[{\"@type\":\"ListItem\",\"position\":1,\"name\":\"Accueil\",\"item\":\"https:\/\/www.revue3emillenaire.com\/blog\/\"},{\"@type\":\"ListItem\",\"position\":2,\"name\":\"Orig\u00e8ne et le sens de la P\u00e2que par Jean Chevalier\"}]},{\"@type\":\"WebSite\",\"@id\":\"https:\/\/www.revue3emillenaire.com\/blog\/#website\",\"url\":\"https:\/\/www.revue3emillenaire.com\/blog\/\",\"name\":\"3e mill\u00e9naire - Spiritualit\u00e9 - Connaissance de soi - Non-dualit\u00e9 - M\u00e9ditation\",\"description\":\"L&#039;Homme en devenir\",\"potentialAction\":[{\"@type\":\"SearchAction\",\"target\":{\"@type\":\"EntryPoint\",\"urlTemplate\":\"https:\/\/www.revue3emillenaire.com\/blog\/?s={search_term_string}\"},\"query-input\":{\"@type\":\"PropertyValueSpecification\",\"valueRequired\":true,\"valueName\":\"search_term_string\"}}],\"inLanguage\":\"fr-FR\"},{\"@type\":\"Person\",\"@id\":\"https:\/\/www.revue3emillenaire.com\/blog\/#\/schema\/person\/9a3a7cc4ccaa707f402d4394327106d5\",\"name\":\"3e mill\u00e9naire\",\"url\":\"https:\/\/www.revue3emillenaire.com\/blog\/author\/admin\/\"}]}<\/script>\n<!-- \/ Yoast SEO plugin. -->","yoast_head_json":{"title":"Orig\u00e8ne et le sens de la P\u00e2que par Jean Chevalier - 3e mill\u00e9naire - Spiritualit\u00e9 - Connaissance de soi - Non-dualit\u00e9 - M\u00e9ditation","robots":{"index":"index","follow":"follow","max-snippet":"max-snippet:-1","max-image-preview":"max-image-preview:large","max-video-preview":"max-video-preview:-1"},"canonical":"https:\/\/www.revue3emillenaire.com\/blog\/origene-et-le-sens-de-la-paque-par-jean-chevalier\/","og_locale":"fr_FR","og_type":"article","og_title":"Orig\u00e8ne et le sens de la P\u00e2que par Jean Chevalier - 3e mill\u00e9naire - Spiritualit\u00e9 - Connaissance de soi - Non-dualit\u00e9 - M\u00e9ditation","og_description":"Il d\u00e9crit trois fa\u00e7ons principales d'aborder la Bible. La premi\u00e8re s'appuie sur la lettre seule ; c'est, selon Orig\u00e8ne, celle des Juifs de son temps ; nous dirions aujourd'hui celle des fondamentalistes, comme les T\u00e9moins de J\u00e9hovah. La seconde ne s'en tient pas \u00e0 la lettre, mais pr\u00e9tend la comprendre \u00e0 la lumi\u00e8re de philosophies en faveur \u00e0 un moment donn\u00e9 ; elle m\u00eale ainsi \u00e0 la r\u00e9v\u00e9lation des doctrines plus ou moins inconsistantes et \u00e9ph\u00e9m\u00e8res et, sous pr\u00e9texte d'adaptation \u00e0 l'esprit d'une \u00e9poque, elle provoque une s\u00e9duction, qui n'h\u00e9site pas \u00e0 fr\u00f4ler l'h\u00e9r\u00e9sie. La troisi\u00e8me, enfin, tend \u00e0 discerner le sens spirituel des textes...","og_url":"https:\/\/www.revue3emillenaire.com\/blog\/origene-et-le-sens-de-la-paque-par-jean-chevalier\/","og_site_name":"3e mill\u00e9naire - Spiritualit\u00e9 - Connaissance de soi - Non-dualit\u00e9 - M\u00e9ditation","article_published_time":"2012-01-23T02:15:28+00:00","author":"3e mill\u00e9naire","twitter_card":"summary_large_image","twitter_misc":{"\u00c9crit par":"3e mill\u00e9naire","Dur\u00e9e de lecture estim\u00e9e":"10 minutes"},"schema":{"@context":"https:\/\/schema.org","@graph":[{"@type":"Article","@id":"https:\/\/www.revue3emillenaire.com\/blog\/origene-et-le-sens-de-la-paque-par-jean-chevalier\/#article","isPartOf":{"@id":"https:\/\/www.revue3emillenaire.com\/blog\/origene-et-le-sens-de-la-paque-par-jean-chevalier\/"},"author":{"name":"3e mill\u00e9naire","@id":"https:\/\/www.revue3emillenaire.com\/blog\/#\/schema\/person\/9a3a7cc4ccaa707f402d4394327106d5"},"headline":"Orig\u00e8ne et le sens de la P\u00e2que par Jean Chevalier","datePublished":"2012-01-23T02:15:28+00:00","mainEntityOfPage":{"@id":"https:\/\/www.revue3emillenaire.com\/blog\/origene-et-le-sens-de-la-paque-par-jean-chevalier\/"},"wordCount":1999,"keywords":["christianisme","Orig\u00e8ne","symbolisme"],"articleSection":["Chevalier Jean"],"inLanguage":"fr-FR"},{"@type":"WebPage","@id":"https:\/\/www.revue3emillenaire.com\/blog\/origene-et-le-sens-de-la-paque-par-jean-chevalier\/","url":"https:\/\/www.revue3emillenaire.com\/blog\/origene-et-le-sens-de-la-paque-par-jean-chevalier\/","name":"Orig\u00e8ne et le sens de la P\u00e2que par Jean Chevalier - 3e mill\u00e9naire - Spiritualit\u00e9 - Connaissance de soi - Non-dualit\u00e9 - M\u00e9ditation","isPartOf":{"@id":"https:\/\/www.revue3emillenaire.com\/blog\/#website"},"datePublished":"2012-01-23T02:15:28+00:00","author":{"@id":"https:\/\/www.revue3emillenaire.com\/blog\/#\/schema\/person\/9a3a7cc4ccaa707f402d4394327106d5"},"breadcrumb":{"@id":"https:\/\/www.revue3emillenaire.com\/blog\/origene-et-le-sens-de-la-paque-par-jean-chevalier\/#breadcrumb"},"inLanguage":"fr-FR","potentialAction":[{"@type":"ReadAction","target":["https:\/\/www.revue3emillenaire.com\/blog\/origene-et-le-sens-de-la-paque-par-jean-chevalier\/"]}]},{"@type":"BreadcrumbList","@id":"https:\/\/www.revue3emillenaire.com\/blog\/origene-et-le-sens-de-la-paque-par-jean-chevalier\/#breadcrumb","itemListElement":[{"@type":"ListItem","position":1,"name":"Accueil","item":"https:\/\/www.revue3emillenaire.com\/blog\/"},{"@type":"ListItem","position":2,"name":"Orig\u00e8ne et le sens de la P\u00e2que par Jean Chevalier"}]},{"@type":"WebSite","@id":"https:\/\/www.revue3emillenaire.com\/blog\/#website","url":"https:\/\/www.revue3emillenaire.com\/blog\/","name":"3e mill\u00e9naire - Spiritualit\u00e9 - Connaissance de soi - Non-dualit\u00e9 - M\u00e9ditation","description":"L&#039;Homme en devenir","potentialAction":[{"@type":"SearchAction","target":{"@type":"EntryPoint","urlTemplate":"https:\/\/www.revue3emillenaire.com\/blog\/?s={search_term_string}"},"query-input":{"@type":"PropertyValueSpecification","valueRequired":true,"valueName":"search_term_string"}}],"inLanguage":"fr-FR"},{"@type":"Person","@id":"https:\/\/www.revue3emillenaire.com\/blog\/#\/schema\/person\/9a3a7cc4ccaa707f402d4394327106d5","name":"3e mill\u00e9naire","url":"https:\/\/www.revue3emillenaire.com\/blog\/author\/admin\/"}]}},"_links":{"self":[{"href":"https:\/\/www.revue3emillenaire.com\/blog\/wp-json\/wp\/v2\/posts\/10492","targetHints":{"allow":["GET"]}}],"collection":[{"href":"https:\/\/www.revue3emillenaire.com\/blog\/wp-json\/wp\/v2\/posts"}],"about":[{"href":"https:\/\/www.revue3emillenaire.com\/blog\/wp-json\/wp\/v2\/types\/post"}],"author":[{"embeddable":true,"href":"https:\/\/www.revue3emillenaire.com\/blog\/wp-json\/wp\/v2\/users\/1"}],"replies":[{"embeddable":true,"href":"https:\/\/www.revue3emillenaire.com\/blog\/wp-json\/wp\/v2\/comments?post=10492"}],"version-history":[{"count":0,"href":"https:\/\/www.revue3emillenaire.com\/blog\/wp-json\/wp\/v2\/posts\/10492\/revisions"}],"wp:attachment":[{"href":"https:\/\/www.revue3emillenaire.com\/blog\/wp-json\/wp\/v2\/media?parent=10492"}],"wp:term":[{"taxonomy":"category","embeddable":true,"href":"https:\/\/www.revue3emillenaire.com\/blog\/wp-json\/wp\/v2\/categories?post=10492"},{"taxonomy":"post_tag","embeddable":true,"href":"https:\/\/www.revue3emillenaire.com\/blog\/wp-json\/wp\/v2\/tags?post=10492"}],"curies":[{"name":"wp","href":"https:\/\/api.w.org\/{rel}","templated":true}]}}