{"id":10598,"date":"2012-01-23T03:15:53","date_gmt":"2012-01-23T02:15:53","guid":{"rendered":"http:\/\/www.revue3emillenaire.com\/blog\/?p=10598"},"modified":"2012-01-23T03:15:53","modified_gmt":"2012-01-23T02:15:53","slug":"la-mythologie-des-plantes-par-roland-de-miller","status":"publish","type":"post","link":"https:\/\/www.revue3emillenaire.com\/blog\/la-mythologie-des-plantes-par-roland-de-miller\/","title":{"rendered":"La mythologie des plantes par Roland De Miller"},"content":{"rendered":"<p style=\"text-align: justify;\">(Revue Question De. No 36. Mai-Juin 1980)<\/p>\n<p style=\"text-align: justify;\">\n<p style=\"text-align: justify;\">C&rsquo;est en 1878 et 1882 qu&rsquo;Angelo de Gubernatis, professeur de sanskrit et de mythologie compar\u00e9e \u00e0 l&rsquo;Institut des Etudes Sup\u00e9rieures \u00e0 Florence, auteur \u00e9galement de la <em>Mythologie zoologique<\/em>, publia aux Editions Reinwald \u00e0 Paris ses deux extraordinaires volumes de la <em>Mythologie des plantes<\/em> (Angelo de Gubematis : <em>la Mythologie des plantes ou les l\u00e9gendes du r\u00e8gne v\u00e9g\u00e9tal<\/em>. Editions Arch\u00e9, Milan, 1976. 2 Volumes). La pr\u00e9sente r\u00e9\u00e9dition de ce classique jusqu&rsquo;alors introuvable est un fac simil\u00e9 ou reprint de la premi\u00e8re. Le tome premier, consacr\u00e9 \u00e0 la botanique g\u00e9n\u00e9rale, comprend environ cent trente articles majeurs, class\u00e9s par ordre alphab\u00e9tique, tels que : arbre d&rsquo;Adam (une passionnante monographie de 26 pages !) ; arbres vus comme des arm\u00e9es ; arbre de Bouddha ; Caduc\u00e9e le b\u00e2ton d&rsquo;Herm\u00e8s ; m\u00e2t et pays de Cocagne ; couronnes, ceintures et guirlandes ; arbre de mai ; arbres et herbes cosmogoniques, \u00e9rotiques, fun\u00e9raires, proph\u00e9tiques, magiques, sacr\u00e9s ; langage des plantes ; herbes de la Saint Antoine, de la Saint Jean et de la Saint Joseph&#8230;<\/p>\n<p style=\"text-align: justify;\">\n<p style=\"text-align: justify;\">Le tome second, plus analytique, et comprenant moins de digressions, passe en revue des centaines d&rsquo;esp\u00e8ces botaniques, dans leurs noms ordinaires ou leurs symboles mythologiques, et confirme notice par notice les th\u00e9ories avanc\u00e9es dans le premier tome, qui pourraient para\u00eetre exag\u00e9r\u00e9es.<\/p>\n<p style=\"text-align: justify;\">\n<p style=\"text-align: justify;\">Cet ouvrage est une mine de renseignements unique ou presque <a id=\"ftnref1\" href=\"#ftn1\">[1]<\/a> mais, \u00e0 cause de certaines interpr\u00e9tations personnelles de l&rsquo;auteur il faut reconna\u00eetre qu&rsquo;un si\u00e8cle apr\u00e8s sa r\u00e9daction, il est battu en br\u00e8che par les nouvelles conceptions de la mythologie antique et orientale. Bien qu&rsquo;il fasse r\u00e9f\u00e9rence \u00e0 de nombreuses citations en latin et en italien et \u00e0 des termes sanskrit, il est quand m\u00eame permis de faire participer cet ouvrage d&rsquo;une grande \u00e9rudition \u00e0 la profonde resurgence moderne du sentiment de la nature et \u00e0 la recherche anthropologique. En effet cette \u0153uvre d&rsquo;un humaniste qui a fait une extraordinaire compilation digne d&rsquo;un \u00ab b\u00e9n\u00e9dictin \u00bb, nous permet de comprendre aujourd&rsquo;hui les mythes et l\u00e9gendes des Anciens et de restaurer, dans des transpositions nouvelles qui tiennent compte des acquis modernes, la religion de la nature et de l&rsquo;amour dont parle Alain Dani\u00e9lou (Dans <em>Shiva et Dionysos<\/em>, Fayard, 1979). En effet c&rsquo;est Angelo de Gubernatis lui-m\u00eame qui t\u00e9moigne dans sa pr\u00e9face d&rsquo;intuitions pr\u00e9monitoires sur le besoin de nature dans la civilisation urbaine. En voici quelques extraits :<\/p>\n<p style=\"text-align: justify;\">\n<p style=\"text-align: justify;\">\u00ab <em>Nous n&rsquo;avons maintenant plus le droit d&rsquo;\u00e9tudier les anciens mythes, o\u00f9 se m\u00ealent des ph\u00e9nom\u00e8nes de la nature, autrement qu&rsquo;en suivant la marche que les naturalistes eux-m\u00eames nous ont trac\u00e9e<\/em>. (&#8230;)<\/p>\n<p style=\"text-align: justify;\">\u00ab <em>La conscience populaire pr\u00e9pare quelquefois la science ; la science nous ram\u00e8ne, en effet, par le raisonnement, \u00e0 ce culte de la nature qui, dans les premiers si\u00e8cles de la vie humaine, \u00e9tait le produit spontan\u00e9 du sentiment de tout le monde. La po\u00e9sie elle-m\u00eame, devenue depuis le Faust de Goethe de plus en plus savante, demande ses plus hautes inspirations et allume son enthousiasme le plus pur au spectacle si vari\u00e9 et myst\u00e9rieux de la nature ; nous nous rapprochons donc de nouveau de cette grande m\u00e8re, et, \u00e0 son contact notre \u00e2me \u00e9prouve encore des vibrations puissantes, malgr\u00e9 tous les artifices de la vie sociale, qui nous ont condamn\u00e9s \u00e0 vivre accroupis ou \u00e0 nous \u00e9garer dans ces bo\u00eetes ferm\u00e9es, \u00e0 mille ressorts, dans ces sombres fourmili\u00e8res humaines qu&rsquo;on appelle des villes.<\/em><\/p>\n<p style=\"text-align: justify;\">\u00ab (&#8230;) <em>Pour bien comprendre les anciens mythes, il faut que nous cherchions l&rsquo;homme primitif au milieu de la nature, un peu plus sauvage que celle que nous connaissons ; et pour bien interpr\u00e9ter les mythes de date plus r\u00e9cente, il nous faut retrouver l&rsquo;homme dans un \u00e9tat d&rsquo;ignorance, de cr\u00e9dulit\u00e9 et de na\u00efvet\u00e9 semblable \u00e0 celui qui devait n\u00e9cessairement affecter les premiers et inconscients cr\u00e9ateurs de mythes<\/em>.<\/p>\n<p style=\"text-align: justify;\">\u00ab <em>L&rsquo;Eglise chr\u00e9tienne avait d&rsquo;abord essay\u00e9 de faire dispara\u00eetre comme une invention diabolique le culte ancien des arbres ; mais, en voyant qu&rsquo;il avait des racines tr\u00e8s profondes dans la croyance populaire, elle a fini, comme en tant d&rsquo;autres cas, par l&rsquo;utiliser \u00e0 son profit exclusif, en b\u00e9nissant les arbres les plus anciens et les plus v\u00e9n\u00e9r\u00e9s, en \u00e9levant des autels chr\u00e9tiens ou en pla\u00e7ant des images de la Vierge et des crucifix pr\u00e8s de ces m\u00eames troncs o\u00f9 l&rsquo;on avait dans le pass\u00e9 sacrifi\u00e9 \u00e0 des divinit\u00e9s pa\u00efennes.<\/em><\/p>\n<p style=\"text-align: justify;\"><strong> <\/strong><\/p>\n<p style=\"text-align: justify;\"><strong>L&rsquo;arbre g\u00e9n\u00e9rateur<\/strong><\/p>\n<p style=\"text-align: justify;\">\n<p style=\"text-align: justify;\">\u00ab <em>L&rsquo;Eglise chr\u00e9tienne aurait, d&rsquo;ailleurs, pu contribuer ais\u00e9ment elle-m\u00eame \u00e0 propager les croyances populaires sur l&rsquo;arbre anthropogonique, si elle s&rsquo;\u00e9tait donn\u00e9 un peu de peine pour sonder son propre myst\u00e8re de la croix, dans laquelle la l\u00e9gende chr\u00e9tienne a reconnu un arbre descendant directement de l&rsquo;arbre d&rsquo;Adam. Ce qui est devenu un dogme religieux, c&rsquo;est-\u00e0-dire la doctrine du p\u00e9ch\u00e9 originel, au commencement avait \u00e9t\u00e9 une simple fiction et puis une croyance populaire sur l&rsquo;arbre consid\u00e9r\u00e9 comme un instrument de g\u00e9n\u00e9ration humaine. L&rsquo;arbre g\u00e9n\u00e9rateur est devenu ensuite, de par la croix chr\u00e9tienne, l&rsquo;arbre r\u00e9g\u00e9n\u00e9rateur. La dignit\u00e9 morale de l&rsquo;arbre n&rsquo;est pas moins grande chez les bouddhistes, qui en ont fait le symbole supr\u00eame de la sagesse divine.<\/em><\/p>\n<p style=\"text-align: justify;\"><em>Apr\u00e8s tant d&rsquo;honneurs prodigu\u00e9s \u00e0 l&rsquo;arbre, on ne s&rsquo;\u00e9tonnera pas de lire dans le livre asc\u00e9tique de ce Lothaire, comte de Segni, qui devait ensuite faire si grand bruit dans l&rsquo;histoire sous le nom d&rsquo;Innocent III, un passage fort int\u00e9ressant pour le sujet qui nous occupe, o\u00f9 l&rsquo;on place d\u00e9cid\u00e9ment la dignit\u00e9 de l&rsquo;arbre au-dessus de celle de l&rsquo;homme, trait\u00e9 d&rsquo;arbre manqu\u00e9 et renvers\u00e9. Dans un hymne v\u00e9dique [cit\u00e9 au mot herbes] on avait pr\u00e9par\u00e9 cette apoth\u00e9ose de la plante, en t\u00e9moignant la crainte que la cr\u00e9ation de l&rsquo;homme, consid\u00e9r\u00e9 comme un destructeur, p\u00fbt \u00eatre nuisible aux herbes, lesquelles portent en elles-m\u00eames et en elles seules le principe de la vie. C&rsquo;est gr\u00e2ce \u00e0 une telle opinion qu&rsquo;on s&rsquo;est form\u00e9e du pouvoir vivificateur de la plante, que celle-ci a pu fournir au langage tant d&rsquo;images diff\u00e9rentes qui se rapportent \u00e0 la vie de l&rsquo;homme et \u00e0 la propagation des familles et des races humaines. Les plus grands instincts et besoins que l&rsquo;homme primitif a d\u00fb \u00e9prouver ont \u00e9t\u00e9 essentiellement des besoins et des instincts de v\u00e9g\u00e9tation et de multiplication. La vie de l&rsquo;arbre \u00e9tant donc son premier id\u00e9al, le premier culte a \u00e9t\u00e9 naturellement celui de l&rsquo;arbre<\/em>. <em>Tracer l&rsquo;histoire compar\u00e9e de ce culte est l&rsquo;objet de mon livre<\/em>. (&#8230;) \u00bb<\/p>\n<p style=\"text-align: justify;\">On a trop tendance aujourd&rsquo;hui, sous l&rsquo;influence d&rsquo;une formidable d\u00e9sacralisation de la nature et de l&rsquo;univers, \u00e0 se gausser de ces mythes et l\u00e9gendes et \u00e0 les rejeter comme des superstitions infantiles. Pourtant il est certain qu&rsquo;ils recouvrent toujours plus ou moins des r\u00e9alit\u00e9s existantes, soit dans les ph\u00e9nom\u00e8nes naturels soit dans les lois cosmiques. C&rsquo;est en fait notre perception qui s&rsquo;est bien souvent alt\u00e9r\u00e9e, en liaison avec tout le contexte socio-culturel. Mais alors que nous comprenons aujourd&rsquo;hui dans une vue plus \u00e9tendue l&rsquo;anthropologie, l&rsquo;histoire des religions et la gen\u00e8se des mythes, il n&rsquo;y a plus aucune raison de m\u00e9priser la v\u00e9n\u00e9ration dont les plantes ont \u00e9t\u00e9 l&rsquo;objet d\u00e8s l&rsquo;aube de l&rsquo;humanit\u00e9.<\/p>\n<p style=\"text-align: justify;\"><strong> <\/strong><\/p>\n<p style=\"text-align: justify;\"><strong>Le sang des arbres<\/strong><\/p>\n<p style=\"text-align: justify;\">\n<p style=\"text-align: justify;\">La psychologie jungienne nous apprend que la structure profonde de l&rsquo;inconscient humain r\u00e9v\u00e8le des correspondances avec les formes et les rythmes de la nature. Faut-il s&rsquo;en \u00e9tonner ? Eternel enchantement de couleurs et de formes en perp\u00e9tuelle m\u00e9tamorphose, le royaume v\u00e9g\u00e9tal ne pouvait \u00eatre qu&rsquo;une intarissable source d&rsquo;inspiration pour l&rsquo;\u00e2me et l&rsquo;imagination.<\/p>\n<p style=\"text-align: justify;\">\n<p style=\"text-align: justify;\">Il faut partir de l&rsquo;axiome selon lequel l&rsquo;imaginaire est r\u00e9el et inclure celui-ci dans la contemplation du paysage. On a toujours atrophi\u00e9 la sensibilit\u00e9 en pr\u00e9tendant que l&rsquo;imaginaire n&rsquo;existait pas.<\/p>\n<p style=\"text-align: justify;\">\n<p style=\"text-align: justify;\">Il est pourtant ind\u00e9niable que, par leurs troncs hauts et rectilignes comme des piliers, les arbres entretiennent le myst\u00e8re et le charme au c\u0153ur des futaies \u00e9lanc\u00e9es, qui ont \u00e9t\u00e9 compar\u00e9es par plus d&rsquo;un \u00e9crivain \u00e0 des cath\u00e9drales.<\/p>\n<p style=\"text-align: justify;\">\n<p style=\"text-align: justify;\">Mais peu importe en d\u00e9finitive l&rsquo;histoire exacte des l\u00e9gendes, ce qui compte c&rsquo;est de ne pas tarir en nous les sources ancestrales : car la contemplation sexuelle ou mystique de la nature et des paysages fait appel \u00e0 toute une r\u00e9serve sensorielle et affective qui est partie int\u00e9grante et universelle de la qualit\u00e9 de l&rsquo;\u00eatre humain.<\/p>\n<p style=\"text-align: justify;\">\n<p style=\"text-align: justify;\">A propos du culte des bois et for\u00eats, de Gubernatis rappelle qu&rsquo;une strophe du Mahabhrata \u00ab <em>compare la vie du village \u00e0 un cimeti\u00e8re et la vie des for\u00eats au paradis. Nous sommes loin ici, remarque-t-il, de cette terreur que la for\u00eat a inspir\u00e9e de bonne heure aux hommes ; et cela tient surtout \u00e0 deux causes indiennes, l&rsquo;une \u00e0 l&rsquo;institution de la vie de p\u00e9nitence au milieu des for\u00eats, l&rsquo;autre \u00e0 la sagesse supr\u00eame que la religion bouddhique attribue \u00e0 l&rsquo;arbre et \u00e0 la for\u00eat<\/em>. \u00bb<\/p>\n<p style=\"text-align: justify;\">\n<p style=\"text-align: justify;\">Voici encore l&rsquo;article <em>Sang des arbres<\/em> :<\/p>\n<p style=\"text-align: justify;\">\n<p style=\"text-align: justify;\">\u00ab <em>Nous avons d\u00e9j\u00e0 mentionn\u00e9, \u00e0 propos des arbres fun\u00e9raires et anthropogoniques, le sang de la victime enferm\u00e9e dans l&rsquo;arbre, qui en coule lorsqu&rsquo;on arrache une branche. Le sang des arbres intervient fr\u00e9quemment dans les contes populaires indo-europ\u00e9ens. Le ciel enflamm\u00e9 du soir et du matin a souvent \u00e9t\u00e9 repr\u00e9sent\u00e9 en forme d&rsquo;arbre lumineux, d&rsquo;o\u00f9 il peut couler soit de l&rsquo;ambroisie, soit du sang, selon que l&rsquo;arbre est consid\u00e9r\u00e9 comme arbre de vie ou arbre de mort. La m\u00e9tamorphose du h\u00e9ros c\u00e9leste en arbre, si fr\u00e9quente dans les mythes (le cycle mythique de H\u00e9racl\u00e8s, entre autres), se reproduit sur la terre : tout arbre est devenu le refuge de quelque h\u00e9ros malheureux. Les lecteurs de Guillaume Tell, de Schiller (voir aussi la J\u00e9rusalem d\u00e9livr\u00e9e), se rappellent sans doute cette montagne o\u00f9 tous les arbres saignent sous la hache. Ces arbres qui versent du sang, fournissent souvent les \u00e9l\u00e9ments de la fl\u00fbte magique qui doit ex\u00e9cuter le chant fun\u00e9raire du h\u00e9ros assassin\u00e9 et enferm\u00e9 dans l&rsquo;arbre ; le cornouiller (cornus sanguinea, en Toscane sanguine) est sp\u00e9cial pour ce genre de transformations : un arbre maudit que l&rsquo;on ne permet point d&rsquo;introduire dans les \u00e9glises. C&rsquo;est en un sanguine que se change le h\u00e9ros d&rsquo;un conte populaire de Calcinaia qui pr\u00e9sente des caract\u00e8res tr\u00e8s archa\u00efques ; et on n&rsquo;a point oubli\u00e9 que l&rsquo;arbre de Polidore \u00e9tait un cornouiller. Le sang du jeune Adon tu\u00e9 par le sanglier produisit cette fleur que le peuple appelle gouttes de sang et que Linn\u00e9 nomme Adonis gestivalis<\/em>. \u00bb<\/p>\n<p style=\"text-align: justify;\">\n<p style=\"text-align: justify;\"><strong>Le fr\u00eane Yggdrasill<\/strong><\/p>\n<p style=\"text-align: justify;\">\n<p style=\"text-align: justify;\">On retrouve l&rsquo;arbre cosmique ou cosmogonique sous des formes et des noms diff\u00e9rents dans nombre de religions primitives, telle celle des chamans sib\u00e9riens ; son culte transpara\u00eet dans des avatars de l&rsquo;hindouisme, dans les mythologies grecque, romaine et scandinave. Ainsi la notice Yggdrasill dit :<\/p>\n<p style=\"text-align: justify;\">\n<p style=\"text-align: justify;\">\u00ab <em>Le c\u00e9l\u00e8bre arbre cosmogonique scandinave \u00e9tait un fr\u00eane ; mais lorsqu&rsquo;on parle de ses fruits, il est ais\u00e9 de comprendre qu&rsquo;il s&rsquo;agit d&rsquo;un fr\u00eane sui generis. Les fruits de l&rsquo;Yggdrasill sont des hommes. L&rsquo;arbre a trois racines : l&rsquo;une pour le pass\u00e9, l&rsquo;autre pour le pr\u00e9sent, la troisi\u00e8me pour l&rsquo;avenir, puisqu&rsquo;il doit symboliser l&rsquo;\u00e9ternit\u00e9 de la vie cosmique. Dans la Voluspa, l&rsquo;arbre Yggdrasill est chant\u00e9 ainsi : \u00ab\u00a0Je sais qu&rsquo;il existe un fr\u00eane appel\u00e9 Yggdrasill, arbre \u00e9lev\u00e9, humect\u00e9 par la ros\u00e9e blanche ; de cet arbre coulent les ros\u00e9es dans les vall\u00e9es ; l&rsquo;arbre toujours vert pousse sur la source Urd. Trois jeunes filles pr\u00e8s de l&rsquo;arbre arr\u00eatent la destin\u00e9e des fils du temps. Les abeilles font leur nourriture de la ros\u00e9e qui tombe du fr\u00eane, appel\u00e9 chute du miel.\u00a0\u00bb L&rsquo;Yggdrasill est le plus grand des arbres\u00a0; ses branches atteignent le ciel. On explique le mot Yggdrasill par porteur ou cheval d&rsquo;Odin. On a cru ensuite reconna\u00eetre sur la terre des formes de l&rsquo;Yggdrasill mythique ; tel \u00e9tait cet arbre pr\u00e8s du temple d&rsquo;Upsal, dont parlait au Moyen Age Adam de Br\u00eame<\/em> (&#8230;). \u00bb<\/p>\n<p style=\"text-align: justify;\"><em>Enfin, je ne puis r\u00e9sister au d\u00e9sir de vous citer la notice mousse : \u00ab La bonne f\u00e9e que les Allemands appellent Moosweibchen (petite femme \u00e0 la mousse), est repr\u00e9sent\u00e9e toute couverte de mousse. Elle vit dans le creux des arbres de la for\u00eat, ou sur la mousse elle-m\u00eame. Ces f\u00e9es font quelquefois des pr\u00e9sents superbes, surtout en habits, \u00e0 leurs prot\u00e9g\u00e9s. Elles filent avec la mousse, et en font des tissus splendides<\/em>. \u00bb<\/p>\n<p style=\"text-align: justify;\">\n<p style=\"text-align: justify;\">Des mythes orientaux, et surtout indiens, aux l\u00e9gendes celtiques, germaniques ou scandinaves, le lecteur constatera que les m\u00eames donn\u00e9es mythologiques reviennent \u00e0 propos d&rsquo;un grand nombre de plantes diff\u00e9rentes. C&rsquo;est l&rsquo;insistance m\u00eame avec laquelle on voit revenir ici l&rsquo;imagination populaire aux m\u00eames id\u00e9es \u00e9l\u00e9mentaires, qui a permis \u00e0 l&rsquo;auteur cette tr\u00e8s belle histoire du merveilleux li\u00e9 aux plantes.<\/p>\n<p style=\"text-align: justify;\">\n<p style=\"text-align: justify;\">Par sa conclusion, Angelo de Gubernatis brosse une conception encore tr\u00e8s actuelle de la mythologie compar\u00e9e : \u00ab <em>Le passage de la tradition scandinave et germanique \u00e0 la tradition chr\u00e9tienne est d&rsquo;autant plus \u00e9vident qu&rsquo;il ne semble pas encore achev\u00e9, puisque sur le sol germanique et scandinave on trouve encore une foule de traditions remontant \u00e0 la mythologie la plus recul\u00e9e et que le christianisme n&rsquo;a point encore utilis\u00e9es ; ce qui a \u00e9t\u00e9 converti en tradition chr\u00e9tienne suffirait cependant pour nous \u00e9clairer sur la mani\u00e8re dont l&rsquo;\u0153uvre du d\u00e9veloppement mythologique pourra encore se continuer \u00e0 l&rsquo;avenir. L&rsquo;artiste peut changer et, par l&rsquo;artiste, la forme ; mais l&rsquo;essence m\u00eame de la tradition, l&rsquo;esprit du mythe est contant. Les mythes essentiels sont en tr\u00e8s petit nombre ; on peut les renouveler, sans cesse, par des applications nouvelles ; on ne peut pas en inventer. Ce qu&rsquo;on serait tent\u00e9 d&rsquo;appeler un nouveau mythe n&rsquo;est que le d\u00e9placement d&rsquo;une ancienne id\u00e9e mythologique appliqu\u00e9e \u00e0 un nouvel objet qui a frapp\u00e9 l&rsquo;imagination populaire<\/em>. \u00bb<\/p>\n<p style=\"text-align: justify;\">\n<p style=\"text-align: justify;\"><strong>Extase v\u00e9g\u00e9tale<\/strong><\/p>\n<p style=\"text-align: justify;\">\n<p style=\"text-align: justify;\">Lorsque le primitif individualise et personnalise les puissances, b\u00e9n\u00e9fiques ou mal\u00e9fiques, qui l&rsquo;entourent dans la nature omnipr\u00e9sente, il peuple bois et champs d&rsquo;une foule de f\u00e9es, trolls, djinns, d\u00e9mons, elfes, farfadets, gnomes, satyres, nymphes \u2014 na\u00efades ou dryades \u2014 et faunes&#8230; Tout ce monde f\u00e9\u00e9rique et suprasensible se laisse parfois entrevoir \u00e0 nos cinq sens humains comme l&rsquo;attestent les rencontres de Roc avec le dieu Pan au jardin botanique d&rsquo;Edimbourg, les communications des fondateurs de Findhorn avec les \u00e9l\u00e9mentaux et les devas des plantes et certaines recherches parapsychologiques sur la vie secr\u00e8te des plantes.<\/p>\n<p style=\"text-align: justify;\">\n<p style=\"text-align: justify;\">Les mille cultes particuliers vou\u00e9s jadis aux divinit\u00e9s champ\u00eatres et sylvestres n&rsquo;\u00e9taient que l&rsquo;expression d&rsquo;un sentiment mystique inspir\u00e9 par un myst\u00e8re autrement essentiel : celui de la Vie. A l&rsquo;\u00e9poque moderne, le rationalisme, c&rsquo;est-\u00e0-dire la manie de d\u00e9couper le monde en pi\u00e8ces d\u00e9tach\u00e9es, le scientisme, c&rsquo;est-\u00e0-dire l&rsquo;idol\u00e2trie de la science, et le mode de vie urbain nous ont fait croire que ce qui \u00e9tait vivant et sauvage \u00e9tait \u00e0 d\u00e9daigner comme \u00ab mystique\u00a0\u00bb.\u00a0 Le grand retour s&rsquo;amorce maintenant avec une agriculture, des technologies et une pens\u00e9e \u00e9cologiques.<\/p>\n<p style=\"text-align: justify;\">\n<p style=\"text-align: justify;\">Chaque esp\u00e8ce d&rsquo;arbre ou de plante a des particularit\u00e9s qui rel\u00e8vent d&rsquo;un mode de forces vitales qui \u00e9chappent \u00e0 nos instruments de mesure et qui font penser \u00e0 des analogies ou m\u00eame des correspondances avec nos forces mentales : par l\u00e0, elles entreb\u00e2illent, chacune \u00e0 leur mani\u00e8re, les portes de l&rsquo;invisible. Chaque essence a une signification et souvent plusieurs. Derri\u00e8re les r\u00e9alit\u00e9s botaniques et technologiques et au-del\u00e0 de ces r\u00e9alit\u00e9s, chacun peut dans la contemplation ou dans le r\u00eave \u00e9veill\u00e9 et, au besoin en puisant dans le fond commun des traditions et des l\u00e9gendes, trouver de nouveaux motifs d&rsquo;admiration en face des arbres qui passent dans notre champ de vision.<\/p>\n<p style=\"text-align: justify;\">\n<p style=\"text-align: justify;\">Une certaine po\u00e9sie naturaliste qui rejoint les mythes de toujours est une respiration de plus en plus n\u00e9cessaire dans une soci\u00e9t\u00e9 irrespirable. Ecoutons donc le po\u00e8te panique Robert Gaud quand il c\u00e9l\u00e8bre l&rsquo;osmose de l&rsquo;homme avec le paysage :<\/p>\n<p style=\"text-align: justify;\">\u00ab En chaque arbre, je con\u00e7ois un symbole de libert\u00e9. Pas de mutilation, pas de sacril\u00e8ge. N&rsquo;\u00e9laguer que les branches mortes. Respect de l&rsquo;absolu. Absolu respect d&rsquo;un syst\u00e8me art\u00e9riel qui pousse vers le bleu sa flamb\u00e9e, noire ou blanche. Le naturel s&rsquo;exhausse ! Un fleuve de s\u00e8ve, coul\u00e9e droite, vierge, apr\u00e8s l&rsquo;\u00e9norme delta du pied, s&rsquo;affine et s&rsquo;amenuise, de confluence en confluence de ram\u00e9e, jusqu&rsquo;\u00e0 s&rsquo;\u00e9vanouir. Extase&#8230; \u00bb <a id=\"ftnref2\" href=\"#ftn2\">[2]<\/a>.<\/p>\n<p style=\"text-align: justify;\">\n<p style=\"text-align: justify;\">\n<hr style=\"text-align: justify;\" size=\"1\" \/>\n<p style=\"text-align: justify;\"><a id=\"ftn1\" href=\"#ftnref1\">[1]<\/a> Voir sur le m\u00eame th\u00e8me\u00a0:<\/p>\n<p style=\"text-align: justify;\">\u2014 Georges Plaisance : <em>la For\u00eat fran\u00e7aise<\/em>. Son visage, ses richesses, son avenir, Deno\u00ebl, 1979, p. 373. Voir le chapitre \u00ab Comment ils ont vu la for\u00eat \u00bb (\u00e9crivains, po\u00e8tes, mystiques&#8230;).<\/p>\n<p style=\"text-align: justify;\">\u2014 Paul Sebillot : <em>le Folklore de France<\/em>, tome 3 : la faune et la flore. Ed. G.-P. Maisonneuve et Larose. Paris, r\u00e9impression, 1978. Voir le chapitre sur les arbres, le culte des arbres et les contes et l\u00e9gendes s&rsquo;y rapportant, pp. 422-441.<\/p>\n<p style=\"text-align: justify;\">\n<p style=\"text-align: justify;\"><a id=\"ftn2\" href=\"#ftnref2\">[2]<\/a> Voir les recueils de prose et de po\u00e9sie \u00e9cologiques de Robert Gaud : <em>la Pierre arboris\u00e9e<\/em>, 1971 ; <em>les Tendresses devenues folles<\/em>, 1975 ; <em>De l&rsquo;Arc-en-ciel \u00e0 l&rsquo;arc-en-terre<\/em>, 1980.<\/p>\n","protected":false},"excerpt":{"rendered":"<p>On a trop tendance aujourd&rsquo;hui, sous l&rsquo;influence d&rsquo;une formidable d\u00e9sacralisation de la nature et de l&rsquo;univers, \u00e0 se gausser de ces mythes et l\u00e9gendes et \u00e0 les rejeter comme des superstitions infantiles. Pourtant il est certain qu&rsquo;ils recouvrent toujours plus ou moins des r\u00e9alit\u00e9s existantes, soit dans les ph\u00e9nom\u00e8nes naturels soit dans les lois cosmiques. C&rsquo;est en fait notre perception qui s&rsquo;est bien souvent alt\u00e9r\u00e9e, en liaison avec tout le contexte socio-culturel. Mais alors que nous comprenons aujourd&rsquo;hui dans une vue plus \u00e9tendue l&rsquo;anthropologie, l&rsquo;histoire des religions et la gen\u00e8se des mythes, il n&rsquo;y a plus aucune raison de m\u00e9priser la v\u00e9n\u00e9ration dont les plantes ont \u00e9t\u00e9 l&rsquo;objet d\u00e8s l&rsquo;aube de l&rsquo;humanit\u00e9.<\/p>\n","protected":false},"author":1,"featured_media":0,"comment_status":"closed","ping_status":"closed","sticky":false,"template":"","format":"standard","meta":{"footnotes":""},"categories":[611],"tags":[457,359,458,1347],"class_list":["post-10598","post","type-post","status-publish","format-standard","hentry","category-de-miller-roland","tag-ecologie","tag-mythe","tag-nature","tag-spiritualite"],"yoast_head":"<!-- This site is optimized with the Yoast SEO plugin v27.0 - https:\/\/yoast.com\/product\/yoast-seo-wordpress\/ -->\n<title>La mythologie des plantes par Roland De Miller - 3e mill\u00e9naire - Spiritualit\u00e9 - Connaissance de soi - Non-dualit\u00e9 - M\u00e9ditation<\/title>\n<meta name=\"robots\" content=\"index, follow, max-snippet:-1, max-image-preview:large, max-video-preview:-1\" \/>\n<link rel=\"canonical\" href=\"https:\/\/www.revue3emillenaire.com\/blog\/la-mythologie-des-plantes-par-roland-de-miller\/\" \/>\n<meta property=\"og:locale\" content=\"fr_FR\" \/>\n<meta property=\"og:type\" content=\"article\" \/>\n<meta property=\"og:title\" content=\"La mythologie des plantes par Roland De Miller - 3e mill\u00e9naire - Spiritualit\u00e9 - Connaissance de soi - Non-dualit\u00e9 - M\u00e9ditation\" \/>\n<meta property=\"og:description\" content=\"On a trop tendance aujourd&#039;hui, sous l&#039;influence d&#039;une formidable d\u00e9sacralisation de la nature et de l&#039;univers, \u00e0 se gausser de ces mythes et l\u00e9gendes et \u00e0 les rejeter comme des superstitions infantiles. Pourtant il est certain qu&#039;ils recouvrent toujours plus ou moins des r\u00e9alit\u00e9s existantes, soit dans les ph\u00e9nom\u00e8nes naturels soit dans les lois cosmiques. C&#039;est en fait notre perception qui s&#039;est bien souvent alt\u00e9r\u00e9e, en liaison avec tout le contexte socio-culturel. Mais alors que nous comprenons aujourd&#039;hui dans une vue plus \u00e9tendue l&#039;anthropologie, l&#039;histoire des religions et la gen\u00e8se des mythes, il n&#039;y a plus aucune raison de m\u00e9priser la v\u00e9n\u00e9ration dont les plantes ont \u00e9t\u00e9 l&#039;objet d\u00e8s l&#039;aube de l&#039;humanit\u00e9.\" \/>\n<meta property=\"og:url\" content=\"https:\/\/www.revue3emillenaire.com\/blog\/la-mythologie-des-plantes-par-roland-de-miller\/\" \/>\n<meta property=\"og:site_name\" content=\"3e mill\u00e9naire - Spiritualit\u00e9 - Connaissance de soi - Non-dualit\u00e9 - M\u00e9ditation\" \/>\n<meta property=\"article:published_time\" content=\"2012-01-23T02:15:53+00:00\" \/>\n<meta name=\"author\" content=\"3e mill\u00e9naire\" \/>\n<meta name=\"twitter:card\" content=\"summary_large_image\" \/>\n<meta name=\"twitter:label1\" content=\"\u00c9crit par\" \/>\n\t<meta name=\"twitter:data1\" content=\"3e mill\u00e9naire\" \/>\n\t<meta name=\"twitter:label2\" content=\"Dur\u00e9e de lecture estim\u00e9e\" \/>\n\t<meta name=\"twitter:data2\" content=\"15 minutes\" \/>\n<script type=\"application\/ld+json\" class=\"yoast-schema-graph\">{\"@context\":\"https:\/\/schema.org\",\"@graph\":[{\"@type\":\"Article\",\"@id\":\"https:\/\/www.revue3emillenaire.com\/blog\/la-mythologie-des-plantes-par-roland-de-miller\/#article\",\"isPartOf\":{\"@id\":\"https:\/\/www.revue3emillenaire.com\/blog\/la-mythologie-des-plantes-par-roland-de-miller\/\"},\"author\":{\"name\":\"3e mill\u00e9naire\",\"@id\":\"https:\/\/www.revue3emillenaire.com\/blog\/#\/schema\/person\/9a3a7cc4ccaa707f402d4394327106d5\"},\"headline\":\"La mythologie des plantes par Roland De Miller\",\"datePublished\":\"2012-01-23T02:15:53+00:00\",\"mainEntityOfPage\":{\"@id\":\"https:\/\/www.revue3emillenaire.com\/blog\/la-mythologie-des-plantes-par-roland-de-miller\/\"},\"wordCount\":2911,\"keywords\":[\"\u00e9cologie\",\"Mythe\",\"nature\",\"Spiritualit\u00e9\"],\"articleSection\":[\"de Miller Roland\"],\"inLanguage\":\"fr-FR\"},{\"@type\":\"WebPage\",\"@id\":\"https:\/\/www.revue3emillenaire.com\/blog\/la-mythologie-des-plantes-par-roland-de-miller\/\",\"url\":\"https:\/\/www.revue3emillenaire.com\/blog\/la-mythologie-des-plantes-par-roland-de-miller\/\",\"name\":\"La mythologie des plantes par Roland De Miller - 3e mill\u00e9naire - Spiritualit\u00e9 - Connaissance de soi - Non-dualit\u00e9 - M\u00e9ditation\",\"isPartOf\":{\"@id\":\"https:\/\/www.revue3emillenaire.com\/blog\/#website\"},\"datePublished\":\"2012-01-23T02:15:53+00:00\",\"author\":{\"@id\":\"https:\/\/www.revue3emillenaire.com\/blog\/#\/schema\/person\/9a3a7cc4ccaa707f402d4394327106d5\"},\"breadcrumb\":{\"@id\":\"https:\/\/www.revue3emillenaire.com\/blog\/la-mythologie-des-plantes-par-roland-de-miller\/#breadcrumb\"},\"inLanguage\":\"fr-FR\",\"potentialAction\":[{\"@type\":\"ReadAction\",\"target\":[\"https:\/\/www.revue3emillenaire.com\/blog\/la-mythologie-des-plantes-par-roland-de-miller\/\"]}]},{\"@type\":\"BreadcrumbList\",\"@id\":\"https:\/\/www.revue3emillenaire.com\/blog\/la-mythologie-des-plantes-par-roland-de-miller\/#breadcrumb\",\"itemListElement\":[{\"@type\":\"ListItem\",\"position\":1,\"name\":\"Accueil\",\"item\":\"https:\/\/www.revue3emillenaire.com\/blog\/\"},{\"@type\":\"ListItem\",\"position\":2,\"name\":\"La mythologie des plantes par Roland De Miller\"}]},{\"@type\":\"WebSite\",\"@id\":\"https:\/\/www.revue3emillenaire.com\/blog\/#website\",\"url\":\"https:\/\/www.revue3emillenaire.com\/blog\/\",\"name\":\"3e mill\u00e9naire - Spiritualit\u00e9 - Connaissance de soi - Non-dualit\u00e9 - M\u00e9ditation\",\"description\":\"L&#039;Homme en devenir\",\"potentialAction\":[{\"@type\":\"SearchAction\",\"target\":{\"@type\":\"EntryPoint\",\"urlTemplate\":\"https:\/\/www.revue3emillenaire.com\/blog\/?s={search_term_string}\"},\"query-input\":{\"@type\":\"PropertyValueSpecification\",\"valueRequired\":true,\"valueName\":\"search_term_string\"}}],\"inLanguage\":\"fr-FR\"},{\"@type\":\"Person\",\"@id\":\"https:\/\/www.revue3emillenaire.com\/blog\/#\/schema\/person\/9a3a7cc4ccaa707f402d4394327106d5\",\"name\":\"3e mill\u00e9naire\",\"url\":\"https:\/\/www.revue3emillenaire.com\/blog\/author\/admin\/\"}]}<\/script>\n<!-- \/ Yoast SEO plugin. -->","yoast_head_json":{"title":"La mythologie des plantes par Roland De Miller - 3e mill\u00e9naire - Spiritualit\u00e9 - Connaissance de soi - Non-dualit\u00e9 - M\u00e9ditation","robots":{"index":"index","follow":"follow","max-snippet":"max-snippet:-1","max-image-preview":"max-image-preview:large","max-video-preview":"max-video-preview:-1"},"canonical":"https:\/\/www.revue3emillenaire.com\/blog\/la-mythologie-des-plantes-par-roland-de-miller\/","og_locale":"fr_FR","og_type":"article","og_title":"La mythologie des plantes par Roland De Miller - 3e mill\u00e9naire - Spiritualit\u00e9 - Connaissance de soi - Non-dualit\u00e9 - M\u00e9ditation","og_description":"On a trop tendance aujourd'hui, sous l'influence d'une formidable d\u00e9sacralisation de la nature et de l'univers, \u00e0 se gausser de ces mythes et l\u00e9gendes et \u00e0 les rejeter comme des superstitions infantiles. Pourtant il est certain qu'ils recouvrent toujours plus ou moins des r\u00e9alit\u00e9s existantes, soit dans les ph\u00e9nom\u00e8nes naturels soit dans les lois cosmiques. C'est en fait notre perception qui s'est bien souvent alt\u00e9r\u00e9e, en liaison avec tout le contexte socio-culturel. Mais alors que nous comprenons aujourd'hui dans une vue plus \u00e9tendue l'anthropologie, l'histoire des religions et la gen\u00e8se des mythes, il n'y a plus aucune raison de m\u00e9priser la v\u00e9n\u00e9ration dont les plantes ont \u00e9t\u00e9 l'objet d\u00e8s l'aube de l'humanit\u00e9.","og_url":"https:\/\/www.revue3emillenaire.com\/blog\/la-mythologie-des-plantes-par-roland-de-miller\/","og_site_name":"3e mill\u00e9naire - Spiritualit\u00e9 - Connaissance de soi - Non-dualit\u00e9 - M\u00e9ditation","article_published_time":"2012-01-23T02:15:53+00:00","author":"3e mill\u00e9naire","twitter_card":"summary_large_image","twitter_misc":{"\u00c9crit par":"3e mill\u00e9naire","Dur\u00e9e de lecture estim\u00e9e":"15 minutes"},"schema":{"@context":"https:\/\/schema.org","@graph":[{"@type":"Article","@id":"https:\/\/www.revue3emillenaire.com\/blog\/la-mythologie-des-plantes-par-roland-de-miller\/#article","isPartOf":{"@id":"https:\/\/www.revue3emillenaire.com\/blog\/la-mythologie-des-plantes-par-roland-de-miller\/"},"author":{"name":"3e mill\u00e9naire","@id":"https:\/\/www.revue3emillenaire.com\/blog\/#\/schema\/person\/9a3a7cc4ccaa707f402d4394327106d5"},"headline":"La mythologie des plantes par Roland De Miller","datePublished":"2012-01-23T02:15:53+00:00","mainEntityOfPage":{"@id":"https:\/\/www.revue3emillenaire.com\/blog\/la-mythologie-des-plantes-par-roland-de-miller\/"},"wordCount":2911,"keywords":["\u00e9cologie","Mythe","nature","Spiritualit\u00e9"],"articleSection":["de Miller Roland"],"inLanguage":"fr-FR"},{"@type":"WebPage","@id":"https:\/\/www.revue3emillenaire.com\/blog\/la-mythologie-des-plantes-par-roland-de-miller\/","url":"https:\/\/www.revue3emillenaire.com\/blog\/la-mythologie-des-plantes-par-roland-de-miller\/","name":"La mythologie des plantes par Roland De Miller - 3e mill\u00e9naire - Spiritualit\u00e9 - Connaissance de soi - Non-dualit\u00e9 - M\u00e9ditation","isPartOf":{"@id":"https:\/\/www.revue3emillenaire.com\/blog\/#website"},"datePublished":"2012-01-23T02:15:53+00:00","author":{"@id":"https:\/\/www.revue3emillenaire.com\/blog\/#\/schema\/person\/9a3a7cc4ccaa707f402d4394327106d5"},"breadcrumb":{"@id":"https:\/\/www.revue3emillenaire.com\/blog\/la-mythologie-des-plantes-par-roland-de-miller\/#breadcrumb"},"inLanguage":"fr-FR","potentialAction":[{"@type":"ReadAction","target":["https:\/\/www.revue3emillenaire.com\/blog\/la-mythologie-des-plantes-par-roland-de-miller\/"]}]},{"@type":"BreadcrumbList","@id":"https:\/\/www.revue3emillenaire.com\/blog\/la-mythologie-des-plantes-par-roland-de-miller\/#breadcrumb","itemListElement":[{"@type":"ListItem","position":1,"name":"Accueil","item":"https:\/\/www.revue3emillenaire.com\/blog\/"},{"@type":"ListItem","position":2,"name":"La mythologie des plantes par Roland De Miller"}]},{"@type":"WebSite","@id":"https:\/\/www.revue3emillenaire.com\/blog\/#website","url":"https:\/\/www.revue3emillenaire.com\/blog\/","name":"3e mill\u00e9naire - Spiritualit\u00e9 - Connaissance de soi - Non-dualit\u00e9 - M\u00e9ditation","description":"L&#039;Homme en devenir","potentialAction":[{"@type":"SearchAction","target":{"@type":"EntryPoint","urlTemplate":"https:\/\/www.revue3emillenaire.com\/blog\/?s={search_term_string}"},"query-input":{"@type":"PropertyValueSpecification","valueRequired":true,"valueName":"search_term_string"}}],"inLanguage":"fr-FR"},{"@type":"Person","@id":"https:\/\/www.revue3emillenaire.com\/blog\/#\/schema\/person\/9a3a7cc4ccaa707f402d4394327106d5","name":"3e mill\u00e9naire","url":"https:\/\/www.revue3emillenaire.com\/blog\/author\/admin\/"}]}},"_links":{"self":[{"href":"https:\/\/www.revue3emillenaire.com\/blog\/wp-json\/wp\/v2\/posts\/10598","targetHints":{"allow":["GET"]}}],"collection":[{"href":"https:\/\/www.revue3emillenaire.com\/blog\/wp-json\/wp\/v2\/posts"}],"about":[{"href":"https:\/\/www.revue3emillenaire.com\/blog\/wp-json\/wp\/v2\/types\/post"}],"author":[{"embeddable":true,"href":"https:\/\/www.revue3emillenaire.com\/blog\/wp-json\/wp\/v2\/users\/1"}],"replies":[{"embeddable":true,"href":"https:\/\/www.revue3emillenaire.com\/blog\/wp-json\/wp\/v2\/comments?post=10598"}],"version-history":[{"count":0,"href":"https:\/\/www.revue3emillenaire.com\/blog\/wp-json\/wp\/v2\/posts\/10598\/revisions"}],"wp:attachment":[{"href":"https:\/\/www.revue3emillenaire.com\/blog\/wp-json\/wp\/v2\/media?parent=10598"}],"wp:term":[{"taxonomy":"category","embeddable":true,"href":"https:\/\/www.revue3emillenaire.com\/blog\/wp-json\/wp\/v2\/categories?post=10598"},{"taxonomy":"post_tag","embeddable":true,"href":"https:\/\/www.revue3emillenaire.com\/blog\/wp-json\/wp\/v2\/tags?post=10598"}],"curies":[{"name":"wp","href":"https:\/\/api.w.org\/{rel}","templated":true}]}}