{"id":10792,"date":"2012-02-21T03:26:32","date_gmt":"2012-02-21T02:26:32","guid":{"rendered":"http:\/\/www.revue3emillenaire.com\/blog\/?p=10792"},"modified":"2012-02-21T03:26:32","modified_gmt":"2012-02-21T02:26:32","slug":"les-premisses-du-changement-par-jacques-de-gerlache","status":"publish","type":"post","link":"https:\/\/www.revue3emillenaire.com\/blog\/les-premisses-du-changement-par-jacques-de-gerlache\/","title":{"rendered":"Les pr\u00e9misses du changement par Jacques de Gerlache"},"content":{"rendered":"<p style=\"text-align: justify;\">(Revue Co\u00c9volution. N<sup>o<\/sup> 14. Automne 1983)<\/p>\n<p style=\"text-align: justify;\">\n<p style=\"text-align: justify;\"><strong>Une image surr\u00e9aliste<\/strong><\/p>\n<p style=\"text-align: justify;\">\n<p style=\"text-align: justify;\">Dans \u00ab\u00a0La V\u00e9rit\u00e9 Scientifique\u00a0\u00bb, Bouty \u00e9crivait : \u00ab\u00a0<em>la science est un produit de l&rsquo;esprit humain, produit conforme aux lois de notre pens\u00e9e et adapt\u00e9 au monde ext\u00e9rieur. Elle offre donc deux aspects, l&rsquo;un subjectif, l&rsquo;autre objectif, tous deux \u00e9galement n\u00e9cessaires, car il nous est aussi impossible de changer quoi que ce soit aux lois de notre esprit qu&rsquo;\u00e0 celles du monde<\/em>\u00ab\u00a0.<\/p>\n<p style=\"text-align: justify;\">\n<p style=\"text-align: justify;\">Ce double aspect de l&rsquo;esprit humain explique que, comme l&rsquo;affirment Prigogine et Stengers \u00ab\u00a0<em>l&rsquo;exp\u00e9rimentation interroge la nature \u00e0 la mani\u00e8re d&rsquo;un juge, au nom de principes postul\u00e9s et la nature peut, certes, r\u00e9futer l&rsquo;hypoth\u00e8se th\u00e9orique mais celle-ci n&rsquo;en constitue pas moins l&rsquo;\u00e9talon qui mesure la port\u00e9e et le sens de la r\u00e9ponse quelle qu&rsquo;elle soit. La d\u00e9marche exp\u00e9rimentale constitue donc un art, c&rsquo;est-\u00e0-dire qu&rsquo;elle repose sur un savoir-faire et non sur des r\u00e8gles g\u00e9n\u00e9rales et se trouve, de ce fait, sans garantie expos\u00e9e \u00e0 la trivialit\u00e9 et \u00e0 l&rsquo;aveuglement<\/em>\u00ab\u00a0.<\/p>\n<p style=\"text-align: justify;\">\n<p style=\"text-align: justify;\">Produit d&rsquo;un art, nos connaissances ne sont qu&rsquo;une certaine repr\u00e9sentation d&rsquo;une partie du r\u00e9el qui nous entoure. D&rsquo;une certaine mani\u00e8re, la connaissance n&rsquo;est qu&rsquo;une image \u00ab\u00a0surr\u00e9aliste\u00a0\u00bb. Bien s\u00fbr, tout l&rsquo;acquis technologique qui en d\u00e9coule nous persuade de la fid\u00e9lit\u00e9 de l&rsquo;image du r\u00e9el et de la validit\u00e9 des lois \u00e9nonc\u00e9es qui permettent de la dessiner. Mais que l&rsquo;on ne s&rsquo;y trompe pas, notre art et notre outil ne nous permettent pas encore de tout dessiner avec autant d&rsquo;efficacit\u00e9. Des trompe-l\u2019\u0153il et des effets de perspective cachent souvent encore notre ignorance de lois qui nous permettraient de repr\u00e9senter les formes plus complexes du r\u00e9el. Ceci n&rsquo;est pas une pomme, avertit Ren\u00e9 Magritte, lorsqu&rsquo;il dessine une pomme. Et il est \u00e9trange que son avertissement ne soit souvent consid\u00e9r\u00e9 que comme un paradoxe ! Mais la d\u00e9marche cognitive \u00e9volue dans un paradigme qui l&rsquo;impr\u00e8gne si compl\u00e8tement que celui-ci a tendance \u00e0 se faire oublier. A tel point que l&rsquo;on finit par consid\u00e9rer la connaissance comme totalement objective, et donc la m\u00e9thode par laquelle nous l&rsquo;avons acquise comme capable de d\u00e9crire compl\u00e8tement le monde qui nous entoure.<\/p>\n<p style=\"text-align: justify;\">\n<p style=\"text-align: justify;\">Pourtant bien des objets, bien des ph\u00e9nom\u00e8nes, bien des relations, bien des cultures s&rsquo;accommodent mal de cet outil, de son paradigme et de son discours parfois totalitaire. Simplement exclus du syst\u00e8me de pens\u00e9e, ils sont ignor\u00e9s ou rejet\u00e9s comme objets de d\u00e9lire ou de mystique. Ainsi la science \u00ab\u00a0occidentale\u00a0\u00bb traditionnelle, b\u00e2tie essentiellement sur la logique cart\u00e9sienne et sur la physique newtonienne qui lui ont donn\u00e9 tout son essor, laisse entrevoir des limites dans sa capacit\u00e9 \u00e0 rendre compte de tous les aspects du r\u00e9el qui nous entoure.<\/p>\n<p style=\"text-align: justify;\">\n<p style=\"text-align: justify;\">D\u00e8s l&rsquo;\u00e9tude de la thermodynamique, au si\u00e8cle dernier, mais aussi dans les autres branches de la connaissance, sont apparues des difficult\u00e9s \u00e0 d\u00e9crire certains processus complexes. Certains aspects de leurs caract\u00e9ristiques semblent en effet li\u00e9s \u00e0 leur structure globale et \u00e9chappent d\u00e8s lors \u00e0 une d\u00e9marche dissociative et r\u00e9ductrice comme celle qui caract\u00e9rise l&rsquo;ensemble de notre m\u00e9thode scientifique. Ces limites furent notamment soulign\u00e9es par Henri Bergson lorsqu&rsquo;il s&rsquo;attachait \u00e0 d\u00e9crire les m\u00e9canismes de l&rsquo;\u00e9volution biologique de la m\u00e9moire ou de la conscience.<\/p>\n<p style=\"text-align: justify;\">\n<p style=\"text-align: justify;\">Ce qui appara\u00eet bient\u00f4t, c&rsquo;est la difficult\u00e9 d&rsquo;aborder par notre m\u00e9thode scientifique la description des processus irr\u00e9versibles. Cette irr\u00e9versibilit\u00e9 caract\u00e9rise d&rsquo;une mani\u00e8re g\u00e9n\u00e9rale l&rsquo;ensemble des processus complexes auxquels la science se heurte, en physique bien s\u00fbr, mais aussi et surtout en biologie. Cette difficult\u00e9 est li\u00e9e \u00e0 l&rsquo;\u00e9limination du temps, dimension essentielle, de l&rsquo;observation exp\u00e9rimentale. D\u00e8s lors, tout le caract\u00e8re dynamique de certains processus dispara\u00eet de l&rsquo;observation et rend sa repr\u00e9sentation inad\u00e9quate.<\/p>\n<p style=\"text-align: justify;\">\n<p style=\"text-align: justify;\">Ainsi, dans \u00ab\u00a0L&rsquo;Evolution Cr\u00e9atrice\u00a0\u00bb, H. Bergson \u00e9crit-il : \u00ab\u00a0<em>Comme la connaissance usuelle, la science ne retient que l&rsquo;aspect\u00a0 r\u00e9p\u00e9tition. Si le tout est original, elle s&rsquo;arrange pour l&rsquo;analyser en \u00e9l\u00e9ments ou en aspects qui soient peu \u00e0 peu la reproduction du pass\u00e9. Elle ne peut op\u00e9rer que sur ce qui est soustrait, par hypoth\u00e8se, \u00e0 l&rsquo;action de la dur\u00e9e. Tout ce qu&rsquo;il y a d&rsquo;irr\u00e9ductible et d&rsquo;irr\u00e9versible dans les moments successifs d&rsquo;une histoire lui \u00e9chappe. Il faut pour se repr\u00e9senter cette irr\u00e9ductibilit\u00e9 et cette irr\u00e9versibilit\u00e9, rompre avec des habitudes scientifiques qui r\u00e9pondent aux exigences fondamentales de la pens\u00e9e, faire violence \u00e0 l&rsquo;esprit, remonter la pente naturelle de l&rsquo;intelligence<\/em>\u00ab\u00a0.<\/p>\n<p style=\"text-align: justify;\">\n<p style=\"text-align: justify;\">L&rsquo;irr\u00e9ductibilit\u00e9 est donc li\u00e9e \u00e0 une forme d&rsquo;irr\u00e9versibilit\u00e9\u00a0 et cette caract\u00e9ristique fondamentale explique bien les limites d&rsquo;une d\u00e9marche scientifique, par nature r\u00e9ductrice et dissociative. La maison n&rsquo;est pas totalement inscrite dans la description des briques qui la constituent ; l&rsquo;organisme est plus que l&rsquo;expression de ses g\u00e8nes.<\/p>\n<p style=\"text-align: justify;\">\n<p style=\"text-align: justify;\"><strong>Les pr\u00e9misses du changement<\/strong><\/p>\n<p style=\"text-align: justify;\">\n<p style=\"text-align: justify;\">Pour \u00e9tudier le complexe et pouvoir int\u00e9grer ces notions (qui apparaissent aujourd&rsquo;hui essentielles) de structure, d&rsquo;\u00e9volution, de n\u00e9guentropie, de r\u00e9cursivit\u00e9, d&rsquo;autonomie ou d&rsquo;information, il faut donc transcender la logique traditionnelle. Et cette r\u00e9forme est fondamentale.<\/p>\n<p style=\"text-align: justify;\">\n<p style=\"text-align: justify;\">G. Bachelard \u00e9crivait que le philosophe voudrait toujours qu&rsquo;une explication se borne \u00e0 d\u00e9plier le complexe, \u00e0 montrer le simple dans le compos\u00e9. Lui, consid\u00e8re au contraire que la v\u00e9ritable pens\u00e9e scientifique est m\u00e9taphysiquement inductive. \u00ab\u00a0<em>Elle lit le complexe dans le simple, elle dit la loi \u00e0 propos du fait, la r\u00e8gle \u00e0 propos de l&rsquo;exemple. (&#8230;) A l&rsquo;ancienne philosophie du \u00ab\u00a0pourquoi\u00a0\u00bb et du \u00ab\u00a0comme si\u00a0\u00bb succ\u00e8de celle du \u00ab\u00a0pourquoi pas\u00a0\u00bb et l&rsquo;on ne devra pas esp\u00e9rer trouver une sorte de conversion simple qui puisse faire entrer logiquement les nouvelles doctrines dans le cadre des anciennes. Cette nouveaut\u00e9 est profonde, car ce n&rsquo;est pas la nouveaut\u00e9 d&rsquo;une trouvaille, mais la nouveaut\u00e9 d&rsquo;une m\u00e9thode<\/em>\u00ab\u00a0.<\/p>\n<p style=\"text-align: justify;\">\n<p style=\"text-align: justify;\">C&rsquo;est par \u00e9volution de la logique et par la nouvelle m\u00e9thode qui va en d\u00e9couler que la science pourra alors \u00ab\u00a0transfigurer\u00a0\u00bb, dans le sens \u00e9tymologique du terme, son image du r\u00e9el. Alliance du r\u00e9alisme et du rationalisme selon Bachelard, science avec conscience selon <a href=\"..\/..\/..\/..\/..\/?p=7956\">E. Morin<\/a>.<\/p>\n<p style=\"text-align: justify;\">\n<p style=\"text-align: justify;\">La biologie et la m\u00e9decine, disciplines d&rsquo;\u00e9tude de processus complexes par excellence, sont \u00e9videmment totalement impliqu\u00e9es par cette nouvelle perspective. En effet, bien des ph\u00e9nom\u00e8nes, tels que l&rsquo;\u00e9volution des \u00eatres vivants ou plus simplement la croissance et la diff\u00e9renciation des tissus ou encore des processus pathologiques comme le cancer et l&rsquo;art\u00e9rioscl\u00e9rose, se sont toujours assez mal accommod\u00e9s de la seule description r\u00e9ductionniste d&rsquo;o\u00f9 est absente la dimension dynamique qui les caract\u00e9rise. Ainsi, la g\u00e9n\u00e9tique, par exemple, dans le contexte actuel, est apparemment d\u00e9pourvue de la dimension essentielle qui pourrait lui donner tout son sens. Replac\u00e9e dans un contexte dynamique, elle pourrait rendre compte de processus que les th\u00e9ories du hasard n&rsquo;ont jamais suffi \u00e0 justifier.<\/p>\n<p style=\"text-align: justify;\">\n<p style=\"text-align: justify;\">Une caract\u00e9ristique de cette m\u00e9thode qui permette une approche dynamique est d&rsquo;\u00eatre plus globale, plus syst\u00e9mique (voir <a href=\"..\/..\/..\/..\/..\/?p=4848\">R. Dubos<\/a>), et d\u00e9barrass\u00e9e des limites d&rsquo;un sch\u00e9ma trop dissociatif. C&rsquo;est encore G. Bachelard qui dit que la science cart\u00e9sienne qui r\u00e9ussit si bien \u00e0 expliquer le monde n&rsquo;arrive pas \u00e0 compliquer l&rsquo;exp\u00e9rience. C&rsquo;est pourtant ce qu&rsquo;il faut faire pour observer l&rsquo;\u00e9mergence de propri\u00e9t\u00e9s nouvelles et la coh\u00e9rence qui d\u00e9termine les caract\u00e9ristiques des syst\u00e8mes complexes. Et c&rsquo;est ce que tente l&rsquo;approche globale qui s&rsquo;attache aux interactions entre les \u00e9l\u00e9ments d&rsquo;un syst\u00e8me plus qu&rsquo;aux \u00e9l\u00e9ments eux-m\u00eames.<\/p>\n<p style=\"text-align: justify;\">\n<p style=\"text-align: justify;\">D&rsquo;autres tentatives, comme la th\u00e9orie des catastrophes de Ren\u00e9 Thom, contribuent \u00e0 une int\u00e9gration plus formelle de la description des processus complexes par l&rsquo;\u00e9bauche du cadre conceptuel indispensable.<\/p>\n<p style=\"text-align: justify;\">\n<p style=\"text-align: justify;\">La physique, par ailleurs, par les travaux de la thermodynamique des syst\u00e8mes loin de l&rsquo;\u00e9quilibre, semble jeter un pont entre la description des comportements des syst\u00e8mes complexes et celle, plus analytique, des m\u00e9canismes qui les gouvernent. Ainsi, la notion de \u00ab\u00a0structure dissipative\u00a0\u00bb permet de rendre compte, du point de vue thermodynamique, de la formation et de la croissance des organismes biologiques, dont la forme ou la morphologie peut \u00eatre consid\u00e9r\u00e9e comme la solution d&rsquo;une dynamique pouvant \u00eatre d\u00e9crite math\u00e9matiquement par les \u00e9quations de Thom.<\/p>\n<p style=\"text-align: justify;\">\n<p style=\"text-align: justify;\">Au-del\u00e0 de ces tentatives, il existe aussi l&rsquo;ensemble des faits reconnus par l&rsquo;observation empirique depuis bien longtemps et qui font la richesse de savoirs rest\u00e9s, jusqu&rsquo;\u00e0 pr\u00e9sent, \u00ab\u00a0aux confins de la science\u00a0\u00bb (Dierkens). Certains, sans doute, seront r\u00e9habilit\u00e9s par une nouvelle vision des choses du r\u00e9el et pourront servir de jalons sur le chemin des explorations futures.<\/p>\n<p style=\"text-align: justify;\">\n<p style=\"text-align: justify;\">Voil\u00e0 peut-\u00eatre les pr\u00e9misses du changement de paradigme(s) dont il est tant question. Ceux-ci relanceront sans aucun doute les vieilles discussions entre d\u00e9terministes, positivistes et tous ceux qui cherchent \u00e0 comprendre le quoi et le pourquoi des choses&#8230;<\/p>\n<table style=\"text-align: justify;\" border=\"1\" cellspacing=\"0\" cellpadding=\"0\" width=\"534\">\n<tbody>\n<tr>\n<td width=\"534\" valign=\"top\">\n<p style=\"text-align: center;\"><strong>La red\u00e9couverte du temps<\/strong><\/p>\n<p>Le temps est une des grandes d\u00e9couvertes des   scientifiques modernes. Tr\u00e8s longtemps, la science, et m\u00eame la physique, ont   pens\u00e9 le temps comme une quantit\u00e9, quantifiable d&rsquo;un c\u00f4t\u00e9, et r\u00e9versible par   ailleurs. On l&rsquo;abordait comme une projection de l&rsquo;espace. On pensait le temps   en terme de vitesse ; or, c&rsquo;est tr\u00e8s important, la vitesse \u00e9tait le temps n\u00e9cessaire   pour parcourir un certain espace. C&rsquo;est pr\u00e9cis\u00e9ment tr\u00e8s important   aujourd&rsquo;hui ; dans les travaux de Prigogine et d&rsquo;autres chercheurs nous   d\u00e9couvrons \u00e0 tous les niveaux le probl\u00e8me de l&rsquo;irr\u00e9versibilit\u00e9 du temps. Ceci   modifie tr\u00e8s profond\u00e9ment l&rsquo;ensemble de nos \u00e9tudes scientifiques, dans la mesure   o\u00f9 l&rsquo;on s&rsquo;aper\u00e7oit que la math\u00e9matique abstraite, qui \u00e9tait la donn\u00e9e de base   de toutes nos sciences, ne peut plus \u00eatre la seule \u00e0 jouer ce r\u00f4le du fait   que le temps et son irr\u00e9versibilit\u00e9 introduisent des processus que nous   connaissons encore tr\u00e8s mal et sur lesquels aucun retour en arri\u00e8re n&rsquo;est   possible. Toute l&rsquo;approche de la thermodynamique en est modifi\u00e9e. Cela   rapproche aussi les sciences dites exactes des sciences dites de la soci\u00e9t\u00e9   et des sciences de la vie, dans la mesure, pr\u00e9cis\u00e9ment, o\u00f9 le probl\u00e8me du   temps intervient et dans la mesure o\u00f9 l&rsquo;on y est plus conscient de la notion   d&rsquo;irr\u00e9versibilit\u00e9 du temps. Une structure de type dissipatif cr\u00e9e \u00e9galement   de l&rsquo;irr\u00e9versible et cette notion est capitale pour la biologie.<\/p>\n<p style=\"text-align: right;\">Bruno Ribes<\/p>\n<\/td>\n<\/tr>\n<\/tbody>\n<\/table>\n<p style=\"text-align: justify;\">\n","protected":false},"excerpt":{"rendered":"<p>Produit d&rsquo;un art, nos connaissances ne sont qu&rsquo;une certaine repr\u00e9sentation d&rsquo;une partie du r\u00e9el qui nous entoure. D&rsquo;une certaine mani\u00e8re, la connaissance n&rsquo;est qu&rsquo;une image \u00ab\u00a0surr\u00e9aliste\u00a0\u00bb. Bien s\u00fbr, tout l&rsquo;acquis technologique qui en d\u00e9coule nous persuade de la fid\u00e9lit\u00e9 de l&rsquo;image du r\u00e9el et de la validit\u00e9 des lois \u00e9nonc\u00e9es qui permettent de la dessiner. Mais que l&rsquo;on ne s&rsquo;y trompe pas, notre art et notre outil ne nous permettent pas encore de tout dessiner avec autant d&rsquo;efficacit\u00e9. Des trompe-l\u2019\u0153il et des effets de perspective cachent souvent encore notre ignorance de lois qui nous permettraient de repr\u00e9senter les formes plus complexes du r\u00e9el.<\/p>\n","protected":false},"author":1,"featured_media":0,"comment_status":"closed","ping_status":"closed","sticky":false,"template":"","format":"standard","meta":{"footnotes":""},"categories":[1014],"tags":[1069,99],"class_list":["post-10792","post","type-post","status-publish","format-standard","hentry","category-essais","tag-paradigme","tag-science"],"yoast_head":"<!-- This site is optimized with the Yoast SEO plugin v27.0 - https:\/\/yoast.com\/product\/yoast-seo-wordpress\/ -->\n<title>Les pr\u00e9misses du changement par Jacques de Gerlache - 3e mill\u00e9naire - Spiritualit\u00e9 - Connaissance de soi - Non-dualit\u00e9 - M\u00e9ditation<\/title>\n<meta name=\"robots\" content=\"index, follow, max-snippet:-1, max-image-preview:large, max-video-preview:-1\" \/>\n<link rel=\"canonical\" href=\"https:\/\/www.revue3emillenaire.com\/blog\/les-premisses-du-changement-par-jacques-de-gerlache\/\" \/>\n<meta property=\"og:locale\" content=\"fr_FR\" \/>\n<meta property=\"og:type\" content=\"article\" \/>\n<meta property=\"og:title\" content=\"Les pr\u00e9misses du changement par Jacques de Gerlache - 3e mill\u00e9naire - Spiritualit\u00e9 - Connaissance de soi - Non-dualit\u00e9 - M\u00e9ditation\" \/>\n<meta property=\"og:description\" content=\"Produit d&#039;un art, nos connaissances ne sont qu&#039;une certaine repr\u00e9sentation d&#039;une partie du r\u00e9el qui nous entoure. D&#039;une certaine mani\u00e8re, la connaissance n&#039;est qu&#039;une image &quot;surr\u00e9aliste&quot;. Bien s\u00fbr, tout l&#039;acquis technologique qui en d\u00e9coule nous persuade de la fid\u00e9lit\u00e9 de l&#039;image du r\u00e9el et de la validit\u00e9 des lois \u00e9nonc\u00e9es qui permettent de la dessiner. Mais que l&#039;on ne s&#039;y trompe pas, notre art et notre outil ne nous permettent pas encore de tout dessiner avec autant d&#039;efficacit\u00e9. Des trompe-l\u2019\u0153il et des effets de perspective cachent souvent encore notre ignorance de lois qui nous permettraient de repr\u00e9senter les formes plus complexes du r\u00e9el.\" \/>\n<meta property=\"og:url\" content=\"https:\/\/www.revue3emillenaire.com\/blog\/les-premisses-du-changement-par-jacques-de-gerlache\/\" \/>\n<meta property=\"og:site_name\" content=\"3e mill\u00e9naire - Spiritualit\u00e9 - Connaissance de soi - Non-dualit\u00e9 - M\u00e9ditation\" \/>\n<meta property=\"article:published_time\" content=\"2012-02-21T02:26:32+00:00\" \/>\n<meta name=\"author\" content=\"3e mill\u00e9naire\" \/>\n<meta name=\"twitter:card\" content=\"summary_large_image\" \/>\n<meta name=\"twitter:label1\" content=\"\u00c9crit par\" \/>\n\t<meta name=\"twitter:data1\" content=\"3e mill\u00e9naire\" \/>\n\t<meta name=\"twitter:label2\" content=\"Dur\u00e9e de lecture estim\u00e9e\" \/>\n\t<meta name=\"twitter:data2\" content=\"9 minutes\" \/>\n<script type=\"application\/ld+json\" class=\"yoast-schema-graph\">{\"@context\":\"https:\/\/schema.org\",\"@graph\":[{\"@type\":\"Article\",\"@id\":\"https:\/\/www.revue3emillenaire.com\/blog\/les-premisses-du-changement-par-jacques-de-gerlache\/#article\",\"isPartOf\":{\"@id\":\"https:\/\/www.revue3emillenaire.com\/blog\/les-premisses-du-changement-par-jacques-de-gerlache\/\"},\"author\":{\"name\":\"3e mill\u00e9naire\",\"@id\":\"https:\/\/www.revue3emillenaire.com\/blog\/#\/schema\/person\/9a3a7cc4ccaa707f402d4394327106d5\"},\"headline\":\"Les pr\u00e9misses du changement par Jacques de Gerlache\",\"datePublished\":\"2012-02-21T02:26:32+00:00\",\"mainEntityOfPage\":{\"@id\":\"https:\/\/www.revue3emillenaire.com\/blog\/les-premisses-du-changement-par-jacques-de-gerlache\/\"},\"wordCount\":1770,\"keywords\":[\"Paradigme\",\"Science\"],\"articleSection\":[\"Essais\"],\"inLanguage\":\"fr-FR\"},{\"@type\":\"WebPage\",\"@id\":\"https:\/\/www.revue3emillenaire.com\/blog\/les-premisses-du-changement-par-jacques-de-gerlache\/\",\"url\":\"https:\/\/www.revue3emillenaire.com\/blog\/les-premisses-du-changement-par-jacques-de-gerlache\/\",\"name\":\"Les pr\u00e9misses du changement par Jacques de Gerlache - 3e mill\u00e9naire - Spiritualit\u00e9 - Connaissance de soi - Non-dualit\u00e9 - M\u00e9ditation\",\"isPartOf\":{\"@id\":\"https:\/\/www.revue3emillenaire.com\/blog\/#website\"},\"datePublished\":\"2012-02-21T02:26:32+00:00\",\"author\":{\"@id\":\"https:\/\/www.revue3emillenaire.com\/blog\/#\/schema\/person\/9a3a7cc4ccaa707f402d4394327106d5\"},\"breadcrumb\":{\"@id\":\"https:\/\/www.revue3emillenaire.com\/blog\/les-premisses-du-changement-par-jacques-de-gerlache\/#breadcrumb\"},\"inLanguage\":\"fr-FR\",\"potentialAction\":[{\"@type\":\"ReadAction\",\"target\":[\"https:\/\/www.revue3emillenaire.com\/blog\/les-premisses-du-changement-par-jacques-de-gerlache\/\"]}]},{\"@type\":\"BreadcrumbList\",\"@id\":\"https:\/\/www.revue3emillenaire.com\/blog\/les-premisses-du-changement-par-jacques-de-gerlache\/#breadcrumb\",\"itemListElement\":[{\"@type\":\"ListItem\",\"position\":1,\"name\":\"Accueil\",\"item\":\"https:\/\/www.revue3emillenaire.com\/blog\/\"},{\"@type\":\"ListItem\",\"position\":2,\"name\":\"Les pr\u00e9misses du changement par Jacques de Gerlache\"}]},{\"@type\":\"WebSite\",\"@id\":\"https:\/\/www.revue3emillenaire.com\/blog\/#website\",\"url\":\"https:\/\/www.revue3emillenaire.com\/blog\/\",\"name\":\"3e mill\u00e9naire - Spiritualit\u00e9 - Connaissance de soi - Non-dualit\u00e9 - M\u00e9ditation\",\"description\":\"L&#039;Homme en devenir\",\"potentialAction\":[{\"@type\":\"SearchAction\",\"target\":{\"@type\":\"EntryPoint\",\"urlTemplate\":\"https:\/\/www.revue3emillenaire.com\/blog\/?s={search_term_string}\"},\"query-input\":{\"@type\":\"PropertyValueSpecification\",\"valueRequired\":true,\"valueName\":\"search_term_string\"}}],\"inLanguage\":\"fr-FR\"},{\"@type\":\"Person\",\"@id\":\"https:\/\/www.revue3emillenaire.com\/blog\/#\/schema\/person\/9a3a7cc4ccaa707f402d4394327106d5\",\"name\":\"3e mill\u00e9naire\",\"url\":\"https:\/\/www.revue3emillenaire.com\/blog\/author\/admin\/\"}]}<\/script>\n<!-- \/ Yoast SEO plugin. -->","yoast_head_json":{"title":"Les pr\u00e9misses du changement par Jacques de Gerlache - 3e mill\u00e9naire - Spiritualit\u00e9 - Connaissance de soi - Non-dualit\u00e9 - M\u00e9ditation","robots":{"index":"index","follow":"follow","max-snippet":"max-snippet:-1","max-image-preview":"max-image-preview:large","max-video-preview":"max-video-preview:-1"},"canonical":"https:\/\/www.revue3emillenaire.com\/blog\/les-premisses-du-changement-par-jacques-de-gerlache\/","og_locale":"fr_FR","og_type":"article","og_title":"Les pr\u00e9misses du changement par Jacques de Gerlache - 3e mill\u00e9naire - Spiritualit\u00e9 - Connaissance de soi - Non-dualit\u00e9 - M\u00e9ditation","og_description":"Produit d'un art, nos connaissances ne sont qu'une certaine repr\u00e9sentation d'une partie du r\u00e9el qui nous entoure. D'une certaine mani\u00e8re, la connaissance n'est qu'une image \"surr\u00e9aliste\". Bien s\u00fbr, tout l'acquis technologique qui en d\u00e9coule nous persuade de la fid\u00e9lit\u00e9 de l'image du r\u00e9el et de la validit\u00e9 des lois \u00e9nonc\u00e9es qui permettent de la dessiner. Mais que l'on ne s'y trompe pas, notre art et notre outil ne nous permettent pas encore de tout dessiner avec autant d'efficacit\u00e9. Des trompe-l\u2019\u0153il et des effets de perspective cachent souvent encore notre ignorance de lois qui nous permettraient de repr\u00e9senter les formes plus complexes du r\u00e9el.","og_url":"https:\/\/www.revue3emillenaire.com\/blog\/les-premisses-du-changement-par-jacques-de-gerlache\/","og_site_name":"3e mill\u00e9naire - Spiritualit\u00e9 - Connaissance de soi - Non-dualit\u00e9 - M\u00e9ditation","article_published_time":"2012-02-21T02:26:32+00:00","author":"3e mill\u00e9naire","twitter_card":"summary_large_image","twitter_misc":{"\u00c9crit par":"3e mill\u00e9naire","Dur\u00e9e de lecture estim\u00e9e":"9 minutes"},"schema":{"@context":"https:\/\/schema.org","@graph":[{"@type":"Article","@id":"https:\/\/www.revue3emillenaire.com\/blog\/les-premisses-du-changement-par-jacques-de-gerlache\/#article","isPartOf":{"@id":"https:\/\/www.revue3emillenaire.com\/blog\/les-premisses-du-changement-par-jacques-de-gerlache\/"},"author":{"name":"3e mill\u00e9naire","@id":"https:\/\/www.revue3emillenaire.com\/blog\/#\/schema\/person\/9a3a7cc4ccaa707f402d4394327106d5"},"headline":"Les pr\u00e9misses du changement par Jacques de Gerlache","datePublished":"2012-02-21T02:26:32+00:00","mainEntityOfPage":{"@id":"https:\/\/www.revue3emillenaire.com\/blog\/les-premisses-du-changement-par-jacques-de-gerlache\/"},"wordCount":1770,"keywords":["Paradigme","Science"],"articleSection":["Essais"],"inLanguage":"fr-FR"},{"@type":"WebPage","@id":"https:\/\/www.revue3emillenaire.com\/blog\/les-premisses-du-changement-par-jacques-de-gerlache\/","url":"https:\/\/www.revue3emillenaire.com\/blog\/les-premisses-du-changement-par-jacques-de-gerlache\/","name":"Les pr\u00e9misses du changement par Jacques de Gerlache - 3e mill\u00e9naire - Spiritualit\u00e9 - Connaissance de soi - Non-dualit\u00e9 - M\u00e9ditation","isPartOf":{"@id":"https:\/\/www.revue3emillenaire.com\/blog\/#website"},"datePublished":"2012-02-21T02:26:32+00:00","author":{"@id":"https:\/\/www.revue3emillenaire.com\/blog\/#\/schema\/person\/9a3a7cc4ccaa707f402d4394327106d5"},"breadcrumb":{"@id":"https:\/\/www.revue3emillenaire.com\/blog\/les-premisses-du-changement-par-jacques-de-gerlache\/#breadcrumb"},"inLanguage":"fr-FR","potentialAction":[{"@type":"ReadAction","target":["https:\/\/www.revue3emillenaire.com\/blog\/les-premisses-du-changement-par-jacques-de-gerlache\/"]}]},{"@type":"BreadcrumbList","@id":"https:\/\/www.revue3emillenaire.com\/blog\/les-premisses-du-changement-par-jacques-de-gerlache\/#breadcrumb","itemListElement":[{"@type":"ListItem","position":1,"name":"Accueil","item":"https:\/\/www.revue3emillenaire.com\/blog\/"},{"@type":"ListItem","position":2,"name":"Les pr\u00e9misses du changement par Jacques de Gerlache"}]},{"@type":"WebSite","@id":"https:\/\/www.revue3emillenaire.com\/blog\/#website","url":"https:\/\/www.revue3emillenaire.com\/blog\/","name":"3e mill\u00e9naire - Spiritualit\u00e9 - Connaissance de soi - Non-dualit\u00e9 - M\u00e9ditation","description":"L&#039;Homme en devenir","potentialAction":[{"@type":"SearchAction","target":{"@type":"EntryPoint","urlTemplate":"https:\/\/www.revue3emillenaire.com\/blog\/?s={search_term_string}"},"query-input":{"@type":"PropertyValueSpecification","valueRequired":true,"valueName":"search_term_string"}}],"inLanguage":"fr-FR"},{"@type":"Person","@id":"https:\/\/www.revue3emillenaire.com\/blog\/#\/schema\/person\/9a3a7cc4ccaa707f402d4394327106d5","name":"3e mill\u00e9naire","url":"https:\/\/www.revue3emillenaire.com\/blog\/author\/admin\/"}]}},"_links":{"self":[{"href":"https:\/\/www.revue3emillenaire.com\/blog\/wp-json\/wp\/v2\/posts\/10792","targetHints":{"allow":["GET"]}}],"collection":[{"href":"https:\/\/www.revue3emillenaire.com\/blog\/wp-json\/wp\/v2\/posts"}],"about":[{"href":"https:\/\/www.revue3emillenaire.com\/blog\/wp-json\/wp\/v2\/types\/post"}],"author":[{"embeddable":true,"href":"https:\/\/www.revue3emillenaire.com\/blog\/wp-json\/wp\/v2\/users\/1"}],"replies":[{"embeddable":true,"href":"https:\/\/www.revue3emillenaire.com\/blog\/wp-json\/wp\/v2\/comments?post=10792"}],"version-history":[{"count":0,"href":"https:\/\/www.revue3emillenaire.com\/blog\/wp-json\/wp\/v2\/posts\/10792\/revisions"}],"wp:attachment":[{"href":"https:\/\/www.revue3emillenaire.com\/blog\/wp-json\/wp\/v2\/media?parent=10792"}],"wp:term":[{"taxonomy":"category","embeddable":true,"href":"https:\/\/www.revue3emillenaire.com\/blog\/wp-json\/wp\/v2\/categories?post=10792"},{"taxonomy":"post_tag","embeddable":true,"href":"https:\/\/www.revue3emillenaire.com\/blog\/wp-json\/wp\/v2\/tags?post=10792"}],"curies":[{"name":"wp","href":"https:\/\/api.w.org\/{rel}","templated":true}]}}