{"id":11012,"date":"2012-03-10T04:21:51","date_gmt":"2012-03-10T03:21:51","guid":{"rendered":"http:\/\/www.revue3emillenaire.com\/blog\/?p=11012"},"modified":"2012-03-10T04:21:51","modified_gmt":"2012-03-10T03:21:51","slug":"de-lorient-a-loccident-lenvol-de-la-pensee-systemique-par-jean-cotte","status":"publish","type":"post","link":"https:\/\/www.revue3emillenaire.com\/blog\/de-lorient-a-loccident-lenvol-de-la-pensee-systemique-par-jean-cotte\/","title":{"rendered":"De l&rsquo;Orient \u00e0 l&rsquo;Occident, l&rsquo;envol de la pens\u00e9e syst\u00e9mique par Jean Cott\u00e9"},"content":{"rendered":"<p style=\"text-align: justify;\">(Revue 3<sup>e<\/sup> Mill\u00e9naire. N<sup>o<\/sup>7 ancienne s\u00e9rie. Mars-Avril 1983)<\/p>\n<p style=\"text-align: justify;\"><em>\u00a0<\/em><\/p>\n<p style=\"text-align: center;\" align=\"center\"><strong>La prolif\u00e9ration canc\u00e9reuse des sp\u00e9cialistes est la grande trahison de la vraie pens\u00e9e philosophique.<\/strong><\/p>\n<p style=\"text-align: justify;\">SYST\u00c9MIQUE ? Pourquoi ce vocable nouveau ? Beaucoup s&rsquo;interrogeront. Interrogation f\u00e9conde car elle porte sur la nature, la vie m\u00eame des mots, donc de la pens\u00e9e. En effet les liens entre les mots et les id\u00e9es qu&rsquo;ils recouvrent ne sont pas des unions \u00e9ternelles et des mariages indissolubles. Ces liens, l&rsquo;histoire de la philosophie le montre, sont des liaisons dangereuses. Certaines sont connues : la notion de r\u00e9alisme est sans doute la plus fameuse. Ses origines sont certes concr\u00e8tes, r\u00e9alistes. Mais par glissements successifs, lors de la querelle des universaux au moyen-\u00e2ge, les d\u00e9fenseurs du R\u00e9alisme sont en fait des id\u00e9alistes, puisque pour eux le R\u00e9alisme est la r\u00e9alit\u00e9 de l&rsquo;Id\u00e9e hors de tout concret, tandis que leurs adversaires, les Nominalistes, consid\u00e8rent les id\u00e9es comme de simples mets n&rsquo;ayant pas d&rsquo;autre existence que celle des mots.<\/p>\n<p style=\"text-align: justify;\">Les termes de cette querelle, qui d\u00e9chira les XII<sup>e<\/sup> et XIII<sup>e<\/sup> si\u00e8cles au nom d&rsquo;Aristote et de Platon, sont donc venus \u00e0 signifier le contraire de leur contenu pass\u00e9 et futur.<\/p>\n<p style=\"text-align: justify;\">Voil\u00e0 certes un cas ultime. Mais il n&rsquo;est pas de notions philosophiques profondes qui n&rsquo;aient \u00e9t\u00e9 l&rsquo;objet de glissements, d&rsquo;oscillations de sens occultant ou d\u00e9viant leur signification originelle.<\/p>\n<p style=\"text-align: justify;\">C&rsquo;est pourquoi les penseurs au cours des si\u00e8cles ne cessent de revenir inlassablement sur certaines notions de base, \u00e9branl\u00e9es au cours des \u00e2ges. D&rsquo;o\u00f9 ce passage du \u00ab syst\u00e9matique \u00bb au \u00ab syst\u00e9mique \u00bb. Pour le non-philosophe, ce constant r\u00e9ajustement de la pens\u00e9e aux mots et des mots \u00e0 la pens\u00e9e est mal per\u00e7u et mal compris. Il lui permet, croit-il, de faire le proc\u00e8s h\u00e2tif de la philosophie tout enti\u00e8re. Il n&rsquo;y voit qu&rsquo;un go\u00fbt pervers pour la logomachie, combat, mise \u00e0 mort de mots, tauromachie du langage, corrida de la pens\u00e9e. Il nomme jargon ce qui, de fait, est une veille scrupuleuse sur la puret\u00e9 du sens. Mais l\u00e0 ne se bornent pas ces attaques. Elles vont, arm\u00e9es du m\u00eame pr\u00e9texte, contester jusqu&rsquo;\u00e0 la l\u00e9gitimit\u00e9, la f\u00e9condit\u00e9, voire m\u00eame l&rsquo;existence de la philosophie qui pour certains n&rsquo;est qu&rsquo;un st\u00e9rile ressassement, le pi\u00e9tinement de la pens\u00e9e ne pouvant, ne voulant pas sortir de son berceau. Heidegger s&rsquo;interrogeant sur le ?\u00f2 \u00f5\u00f9, l&rsquo;Etre, chez Parm\u00e9nide est, selon eux, l&rsquo;image-type de cette pens\u00e9e embourb\u00e9e depuis deux mill\u00e9naires et demi. Ce malentendu de la philosophie est aussi antique qu&rsquo;elle. Il repose sur un contresens de base. On a toujours reproch\u00e9 \u00e0 la philosophie de ne pas \u00eatre autre chose que ce qu&rsquo;elle est. On lui reproche de ne pas \u00eatre une science, donc de ne pas \u00eatre capable de \u00ab progr\u00e8s \u00bb, notion si ch\u00e8re \u00e0 notre scientiste XIX<sup>e<\/sup> si\u00e8cle. En fait ses buts sont autres. Ils n&rsquo;ont jamais \u00e9t\u00e9 ceux de la science. G\u00e9n\u00e9reuse, la philosophie lui abandonne le monde mat\u00e9riel. Elle se r\u00e9serve un domaine, apparemment r\u00e9duit : l&rsquo;Homme. Elle annon\u00e7a la couleur, d&rsquo;ailleurs, d\u00e8s ses origines dans le \u00ab Connais-toi toi-m\u00eame \u00bb socratique, aussi c\u00e9l\u00e8bre qu&rsquo;incompris. On a trop vite cru que l&rsquo;Homme, le toi-m\u00eame, dans cette phrase n&rsquo;\u00e9tait qu&rsquo;un objet de connaissance parmi d&rsquo;autres et qu&rsquo;en cela il faisait partie du terrain de chasse de la science. C&rsquo;est mal comprendre la philosophie d\u00e8s son premier pas, s&rsquo;engager dans une voie qui n&rsquo;est pas la sienne et donc demeurer \u00e9tranger \u00e0 son voyage \u00e0 travers l&rsquo;Histoire, l&rsquo;Espace et le Temps. Car, dans la phrase de Socrate se trouve la premi\u00e8re r\u00e9volution de la pens\u00e9e humaine sur laquelle vont justement se fonder toutes les d\u00e9marches philosophiques futures. Quelle est son injonction ? \u00ab Connais. \u00bb C&rsquo;est l&rsquo;injonction de tout esprit naissant, certes. De l&rsquo;\u00c9gypte \u00e0 la Chine, en passant par l&rsquo;Inde, l&rsquo;\u00e9veil de la pens\u00e9e r\u00e9pond \u00e0 cet imp\u00e9ratif ! Connais. Connais le Monde, le Ciel et les Dieux. Ce sont des mill\u00e9naires de th\u00e9ogonies, de cosmologies, qui pr\u00e9c\u00e8dent l&rsquo;appel socratique. Mais que dit-il de plus ? Quel champ nouveau d&rsquo;investigation offre-t-il ? L&rsquo;homme, le toi-m\u00eame. En cela il invite \u00e0 un bouleversement m\u00e9thodologique. Le nouvel objet de connaissance devient le sujet m\u00eame de la connaissance. Le \u00ab ce qui est \u00e0 penser \u00bb est le penseur lui-m\u00eame. La pens\u00e9e commence \u00e0 penser la pens\u00e9e. La philosophie est n\u00e9e. Elle a sa chasse gard\u00e9e. La science cherche \u00e0 conna\u00eetre le monde, l&rsquo;objet. La philosophie cherche non plus l&rsquo;objet de la connaissance mais le sujet de la connaissance. La connaissance de la connaissance&#8230; que va-t-elle tenter de faire ? Un syst\u00e8me de la connaissance. Mais qu&rsquo;est-ce qu&rsquo;un syst\u00e8me ? Voil\u00e0 l&rsquo;une des notions-cl\u00e9s de l&rsquo;histoire de la pens\u00e9e. Elle revient en force aujourd&rsquo;hui. Elle est \u00e0 l&rsquo;aube de ce III<sup>e<\/sup> mill\u00e9naire. Mais pourquoi la pr\u00e9sentons-nous aujourd&rsquo;hui sous une nouvelle parure, dans un v\u00eatement retouch\u00e9 : pourquoi pens\u00e9e syst\u00e9mique, plut\u00f4t que \u00ab syst\u00e9matique \u00bb ? Parce que, comme nous le disions au d\u00e9but, il y a \u00e9rosion g\u00e9n\u00e9rale de toutes les notions fondamentales, distorsion de leur sens. Dans le cas particulier qui nous occupe, il y a pire. Il y a pollution. Le concept de \u00ab syst\u00e8me \u00bb a perdu sa puret\u00e9 originelle, l&rsquo;Histoire ayant abus\u00e9 de lui. Nous montrerons, nous esquisserons ici les grandes \u00e9tapes de ce qui fut sa lente d\u00e9gradation en remontant le temps. L&rsquo;\u00e9tat pr\u00e9sent des notions de \u00ab syst\u00e8me \u00bb et de \u00ab syst\u00e9matique \u00bb est trop flagrant pour que nous nous y attardions beaucoup. Pour la majorit\u00e9 : un esprit syst\u00e9matique est synonyme d&rsquo;esprit scl\u00e9ros\u00e9, pris dans les rets d&rsquo;une pens\u00e9e pr\u00e9fabriqu\u00e9e, incapable de remise en question, d&rsquo;invention, d&rsquo;ouverture. C&rsquo;est un esprit mort, raidi dans son tombeau-syst\u00e8me. Il n&rsquo;y a plus de vie quand la vie devient syst\u00e8me, quand la pens\u00e9e tourne au syst\u00e8me, quand elle devient syst\u00e9matique. Toute Morale perd ses racines nourrici\u00e8res quand elle devient un syst\u00e8me moral. Toute aspiration politique se perd quand elle \u00e9rige un Syst\u00e8me. Elle est \u00e0 la base des \u00ab syst\u00e8mes totalitaires \u00bb.<\/p>\n<p style=\"text-align: justify;\">Quelles sont les sources historiques de cette d\u00e9gradation de la notion de syst\u00e8me ? A n&rsquo;en pas douter dans une vision h\u00e2tive et superficielle de l&rsquo;histoire de la philosophie. Car cette noble histoire a le tragique d\u00e9faut de n&rsquo;\u00eatre pas lue que par des philosophes, connaissant le poids des mots et des choses. Il y a les esprits press\u00e9s, pol\u00e9mistes, transformant le patrimoine mondial de la pens\u00e9e en auberge espagnole, le souillant de leurs propres fantasmes, pr\u00eats \u00e0 d\u00e9truire toute richesse pour instaurer en r\u00e8gles leur mis\u00e8re mentale. L&rsquo;histoire de la philosophie livr\u00e9e \u00e0 ces mains sales et \u00e0 ces esprits impropres est ainsi pill\u00e9e, d\u00e9tourn\u00e9e, d\u00e9voy\u00e9e. Elle devient la Traviata de la Pens\u00e9e. Chaque si\u00e8cle a connu de telles hordes. Le grand syst\u00e8me h\u00e9g\u00e9lien, tronqu\u00e9, sert de base \u00e0 un mat\u00e9rialisme syst\u00e9matique alors qu&rsquo;il \u00e9tait une \u00ab Ph\u00e9nom\u00e9nologie de l&rsquo;Esprit \u00bb. C&rsquo;est ce que d\u00e9nonce Heidegger lorsqu&rsquo;il dit que \u00ab Hegel est le dernier syst\u00e8me possible de la pens\u00e9e occidentale \u00bb.<\/p>\n<p style=\"text-align: justify;\">Mais la guerre \u00e0 la notion de syst\u00e8me remonte bien au-del\u00e0. L&rsquo;aube des temps modernes la conna\u00eet. Il s&rsquo;agit du travail de sape accompli par les humanistes de la Renaissance pour faire \u00e9crouler le puissant \u00e9difice de la Scholastique m\u00e9di\u00e9vale. Que lui reprochent-ils ? Son esprit de syst\u00e8me, justement. Il faudra que le tumulte des guerres de religion cesse, que la pens\u00e9e retrouve un instant de s\u00e9r\u00e9nit\u00e9 \u00ab classique \u00bb pour que l&rsquo;on rende justice \u00e0 cette pens\u00e9e m\u00e9di\u00e9vale, pour qu&rsquo;un Leibniz d\u00e9couvre \u00ab qu&rsquo;il y a de l&rsquo;or cach\u00e9 sous le fumier de la scholastique \u00bb. Voil\u00e0 l&rsquo;une des constatations les plus \u00e9mouvantes et, disons-le, r\u00e9confortantes dans cette turbulence de l&rsquo;histoire de la pens\u00e9e, que cette reconnaissance, \u00e0 travers les si\u00e8cles, des grands philosophes entre eux. Ils sont comme ces jeux de phares qui se rencontrent et se croisent, venus des lointains, per\u00e7ant les t\u00e9n\u00e8bres et planant au-dessus des vagues d\u00e9mont\u00e9es des pens\u00e9es vagues. Sous le fumier de la Scholastique l&rsquo;or est saint-Thomas d&rsquo;Aquin dont \u00ab la Somme \u00bb est elle aussi un syst\u00e8me, mais qui n&rsquo;est syst\u00e9matique que pour ceux qui ne l&rsquo;ont pas lu. Loin d&rsquo;\u00eatre scl\u00e9rose et fermeture, la pens\u00e9e de Thomas n&rsquo;est pas thomiste. Elle est ouverture. Il introduit un sang nouveau dans la pens\u00e9e de son temps enferm\u00e9 dans le syst\u00e8me platonicien. C&rsquo;est le sang d&rsquo;Aristote, le sang du Monde irrigant de nouveau le monde des id\u00e9es.<\/p>\n<p style=\"text-align: justify;\">D&rsquo;apr\u00e8s ce tableau bross\u00e9 \u00e0 trop gros traits, on pourrait \u00eatre tent\u00e9 de consid\u00e9rer que l&rsquo;histoire de la philosophie se r\u00e9duit \u00e0 une s\u00e9rie de syst\u00e8mes s&rsquo;entre-d\u00e9vorant les uns les autres. Il faut en fait se m\u00e9fier de la notion d\u00e9grad\u00e9e que nous avons aujourd&rsquo;hui du terme \u00ab syst\u00e8me \u00bb. Si l&rsquo;esprit de syst\u00e8me avait, au cours des \u00e2ges, \u00e9t\u00e9 seulement ce que l&rsquo;on entend par l\u00e0, aujourd&rsquo;hui, les d\u00e9tracteurs de la philosophie auraient raison de consid\u00e9rer ces jeux st\u00e9riles. En fait cette notion, \u00e0 ses origines, et peut-\u00eatre jusqu&rsquo;\u00e0 Hegel, poss\u00e9dait une richesse de signification qui nous est occult\u00e9e aujourd&rsquo;hui. Qu&rsquo;entendaient par ?\u00f2 ?\u00f9????? l&rsquo;Antiquit\u00e9 grecque ? Certes : \u00ab La r\u00e9union en un corps de plusieurs objets. \u00bb Mais aussi : \u00ab Les parties diverses d&rsquo;un m\u00eame objet. \u00bb C&rsquo;est donc, \u00e0 la racine de ce terme-cl\u00e9, toute la probl\u00e9matique fondamentale des rapports entre le Tout et ses parties qui est pos\u00e9e. En approfondissant ce rapport, la pens\u00e9e grecque pose celui, sous-jacent, de l&rsquo;Un et de l&rsquo;Autre. Comment l&rsquo;un peut s&rsquo;unir \u00e0 l&rsquo;autre pour former un tout qui est \u00ab Un \u00bb sans \u00eatre pour autant l&rsquo;image ni de l&rsquo;un ni de l&rsquo;autre. Ce sont les questions les plus actuelles que se posent nos contemporains biologistes, g\u00e9n\u00e9ticiens mais aussi physiciens. Le microcosme comme le macrocosme n&rsquo;\u00e9chappent pas \u00e0 la probl\u00e9matique contenue dans cette pens\u00e9e grecque de \u00ab syst\u00e8me \u00bb. On la voit tr\u00e8s proche d\u00e8s ces origines de la pens\u00e9e de \u00ab synth\u00e8se \u00bb. La ?\u00f9?????? grecque est en effet comme le ??????? r\u00e9union, fusion. Mais c&rsquo;est en cela que la notion de synth\u00e8se enrichit sa voisine : dans la synth\u00e8se grecque la notion de fusion est intimement li\u00e9e \u00e0 la notion de dissolution. Les parties pour se fondre en un tout doivent se dissoudre et perdre leur identit\u00e9 initiale. Dans l&rsquo;id\u00e9e de synth\u00e8se l&rsquo;esprit grec entend l&rsquo;id\u00e9e sous-jacente de d\u00e9composition comme n\u00e9cessaire \u00e0 toute composition future. Les \u00ab trouvailles \u00bb contemporaines du structuralisme levy-straussien, h\u00e9riti\u00e8res directes de la \u00ab Gestalt theorie \u00bb de Goldstein, de \u00ab la psychologie de la forme \u00bb de Guillaume, ne font pas autre chose que de revivifier cette pens\u00e9e grecque de syst\u00e8me et de synth\u00e8se selon laquelle : \u00ab Le tout n&rsquo;est pas \u00e9gal \u00e0 la somme de ses parties. \u00bb Scandale logique qui n&rsquo;est scandaleux que pour une pens\u00e9e math\u00e9matique \u00e9l\u00e9mentaire selon laquelle 1 + 1 = 2. Des math\u00e9maticiens plus affin\u00e9s savent aujourd&rsquo;hui que cela n&rsquo;est plus aussi \u00e9vident dans l&rsquo;\u00e9tat actuel de leurs recherches. Le Miracle Grec aurait-il donc bien exist\u00e9 ? Ces penseurs des origines, et de l&rsquo;origine, auraient-ils \u00e9t\u00e9 des \u00ab voyants \u00bb pressentant dans leurs premiers \u00ab syst\u00e8mes \u00bb et leurs premi\u00e8res synth\u00e8ses, toutes les richesses que ces notions allaient d\u00e9voiler jusqu&rsquo;\u00e0 l&rsquo;Occident du XX<sup>e<\/sup> si\u00e8cle ? Il existe une explication plus terre \u00e0 terre. A l&rsquo;origine leur pens\u00e9e \u00e9tait synth\u00e9tique, syst\u00e9matique, mais au bon sens du terme cette fois, c&rsquo;est-\u00e0-dire selon le sens originel qu&rsquo;ils lui ont donn\u00e9. Pour eux la pens\u00e9e syst\u00e9matique est l&rsquo;inverse de ce que nous entendons commun\u00e9ment par l\u00e0, de nos jours. Elle ne consiste pas \u00e0 faire rentrer dans des cadres pr\u00e9fabriqu\u00e9s toute la complexit\u00e9 du monde. Elle consiste \u00e0 \u00e9largir, \u00e0 assouplir, \u00e0 ouvrir la pens\u00e9e \u00e0 la mesure de la b\u00e9ance sans cesse accrue de l&rsquo;exp\u00e9rience du monde. C&rsquo;est pourquoi la notion de syst\u00e8me demande \u00e0 \u00eatre repens\u00e9e. Car son sens premier ne d\u00e9crit pas autre chose que les mouvements fondamentaux de toute d\u00e9marche spirituelle. Le terme s&rsquo;est us\u00e9, pollu\u00e9, discr\u00e9dit\u00e9. La r\u00e9alit\u00e9 qu&rsquo;il recouvrait demeure intacte. Aussi faut-il, pour la maintenir pr\u00e9sente \u00e0 l&rsquo;esprit, revivifier le terme. Si la pens\u00e9e syst\u00e9matique est du pass\u00e9. La pens\u00e9e syst\u00e9mique est l&rsquo;Avenir. C&rsquo;est, nous l&rsquo;avons vu, plus qu&rsquo;un terme parmi d&rsquo;autres. C&rsquo;est une attitude fondamentale de l&rsquo;Homme face au monde. Le syst\u00e9mique est la d\u00e9marche primordiale de l&rsquo;Homme face au monde pour p\u00e9n\u00e9trer ce monde. Il est le premier moteur de toute connaissance, car il est co-naissance. Naissance simultan\u00e9e du penseur et du pens\u00e9, du connu et du connaissant, du sujet et de l&rsquo;objet, en un mot, il est le lien de l&rsquo;homme au monde, lien de l&rsquo;homme avec lui-m\u00eame et les choses. Son \u00e9tymologie est r\u00e9v\u00e9latrice : ??\u00f1?? signifie lien, bride, support, amarre ; c&rsquo;est l&rsquo;ancrage de la pens\u00e9e, de l&rsquo;Homme, dans l&rsquo;oc\u00e9an d&rsquo;\u00eatres qui l&rsquo;entoure. Nous laisserons \u00e0 la m\u00e9ditation des psychanalystes l&rsquo;autre sens de ce terme \u00abSt\u00eama\u00bb. Il signifie en effet p\u00e9nis. Nulle antinomie. Le langage de la mer conna\u00eet les bittes d&rsquo;amarrage. Il n&rsquo;y a pas double sens. Il y a sens unique, comme la pens\u00e9e grecque nous en donne maints exemples, et c&rsquo;est peut-\u00eatre en cela qu&rsquo;elle est aussi riche, et que sa langue demeure l&rsquo;un des lieux de r\u00e9flexions le plus universellement fr\u00e9quent\u00e9. C&rsquo;est pour tout penseur un \u00e9ternel p\u00e8lerinage aux sources. L&rsquo;Occident, qui souffre et qui meurt de ce tragique clivage entre l&rsquo;abstrait et le concret qu&rsquo;il n&rsquo;a cess\u00e9 d&rsquo;accentuer, retrouve en cette langue un paradis perdu, celui de la pens\u00e9e syst\u00e9mique, o\u00f9 le concret s&rsquo;\u00e9claire des premi\u00e8res lueurs de la d\u00e9marche abstraite sans que celle-ci ait encore perdu toute la force g\u00e9n\u00e9tique du concret. Le principe de causalit\u00e9 chez Aristote est un abstrait extrait du concret le plus vitaliste. Le lien de cause \u00e0 effet est le lien charnel de parents \u00e0 enfants. La chair n&rsquo;\u00e9tait pas triste quand elle avait \u00e0 \u00e9crire tous les livres. En ces origines la pens\u00e9e savait embrasser d&rsquo;un regard synoptique tous les univers qui s&rsquo;ouvraient \u00e0 elle. Depuis elle n&rsquo;a cess\u00e9 de se ramifier, de se sp\u00e9cialiser, \u00e9levant sans le savoir ni le vouloir d&rsquo;immenses barri\u00e8res cloisonnant ses diverses activit\u00e9s, et s&rsquo;en trouve prisonni\u00e8re. Les sciences actuelles donnent l&rsquo;image redoutable de ce bab\u00e9lisme galopant. La prolif\u00e9ration canc\u00e9reuse des sp\u00e9cialistes, chacun enferm\u00e9 dans sa cellule ne cessant de se d\u00e9composer en d&rsquo;autres cellules, conduit par la force des choses \u00e0 une v\u00e9ritable diaspora de la pens\u00e9e. Enlis\u00e9e par le d\u00e9tail, pulv\u00e9ris\u00e9e, \u00e9miett\u00e9e en une myriade de parties, elle est litt\u00e9ralement atomis\u00e9e. Le sens ne circule plus entre la multiplicit\u00e9 de ses membres. Ils ne savent plus de quel tout ils font partie. N&rsquo;\u00e9tant plus irrigu\u00e9s, la d\u00e9composition les guette. L&rsquo;esp\u00e9rance toutefois est permise. Nous avons vu que dans les notions de syst\u00e8me et de synth\u00e8se la d\u00e9composition \u00e9tait un stade n\u00e9cessaire \u00e0 la composition d&rsquo;une nouvelle entit\u00e9.<\/p>\n<p style=\"text-align: justify;\">Les esprits syst\u00e9matiques ont d\u00e9compos\u00e9 la pens\u00e9e occidentale. La parole est donc \u00e0 ces penseurs syst\u00e9miques, ces nouveaux compositeurs qui vous proposent ici leur symphonie du nouveau monde.<\/p>\n","protected":false},"excerpt":{"rendered":"<p>L&rsquo;Occident, qui souffre et qui meurt de ce tragique clivage entre l&rsquo;abstrait et le concret qu&rsquo;il n&rsquo;a cess\u00e9 d&rsquo;accentuer, retrouve en cette langue un paradis perdu, celui de la pens\u00e9e syst\u00e9mique, o\u00f9 le concret s&rsquo;\u00e9claire des premi\u00e8res lueurs de la d\u00e9marche abstraite sans que celle-ci ait encore perdu toute la force g\u00e9n\u00e9tique du concret.<\/p>\n","protected":false},"author":1,"featured_media":0,"comment_status":"closed","ping_status":"closed","sticky":false,"template":"","format":"standard","meta":{"footnotes":""},"categories":[1014],"tags":[723,647,752],"class_list":["post-11012","post","type-post","status-publish","format-standard","hentry","category-essais","tag-epistemologie","tag-histoire","tag-systeme"],"yoast_head":"<!-- This site is optimized with the Yoast SEO plugin v27.0 - https:\/\/yoast.com\/product\/yoast-seo-wordpress\/ -->\n<title>De l&#039;Orient \u00e0 l&#039;Occident, l&#039;envol de la pens\u00e9e syst\u00e9mique par Jean Cott\u00e9 - 3e mill\u00e9naire - Spiritualit\u00e9 - Connaissance de soi - Non-dualit\u00e9 - M\u00e9ditation<\/title>\n<meta name=\"robots\" content=\"index, follow, max-snippet:-1, max-image-preview:large, max-video-preview:-1\" \/>\n<link rel=\"canonical\" href=\"https:\/\/www.revue3emillenaire.com\/blog\/de-lorient-a-loccident-lenvol-de-la-pensee-systemique-par-jean-cotte\/\" \/>\n<meta property=\"og:locale\" content=\"fr_FR\" \/>\n<meta property=\"og:type\" content=\"article\" \/>\n<meta property=\"og:title\" content=\"De l&#039;Orient \u00e0 l&#039;Occident, l&#039;envol de la pens\u00e9e syst\u00e9mique par Jean Cott\u00e9 - 3e mill\u00e9naire - Spiritualit\u00e9 - Connaissance de soi - Non-dualit\u00e9 - M\u00e9ditation\" \/>\n<meta property=\"og:description\" content=\"L&#039;Occident, qui souffre et qui meurt de ce tragique clivage entre l&#039;abstrait et le concret qu&#039;il n&#039;a cess\u00e9 d&#039;accentuer, retrouve en cette langue un paradis perdu, celui de la pens\u00e9e syst\u00e9mique, o\u00f9 le concret s&#039;\u00e9claire des premi\u00e8res lueurs de la d\u00e9marche abstraite sans que celle-ci ait encore perdu toute la force g\u00e9n\u00e9tique du concret.\" \/>\n<meta property=\"og:url\" content=\"https:\/\/www.revue3emillenaire.com\/blog\/de-lorient-a-loccident-lenvol-de-la-pensee-systemique-par-jean-cotte\/\" \/>\n<meta property=\"og:site_name\" content=\"3e mill\u00e9naire - Spiritualit\u00e9 - Connaissance de soi - Non-dualit\u00e9 - M\u00e9ditation\" \/>\n<meta property=\"article:published_time\" content=\"2012-03-10T03:21:51+00:00\" \/>\n<meta name=\"author\" content=\"3e mill\u00e9naire\" \/>\n<meta name=\"twitter:card\" content=\"summary_large_image\" \/>\n<meta name=\"twitter:label1\" content=\"\u00c9crit par\" \/>\n\t<meta name=\"twitter:data1\" content=\"3e mill\u00e9naire\" \/>\n\t<meta name=\"twitter:label2\" content=\"Dur\u00e9e de lecture estim\u00e9e\" \/>\n\t<meta name=\"twitter:data2\" content=\"13 minutes\" \/>\n<script type=\"application\/ld+json\" class=\"yoast-schema-graph\">{\"@context\":\"https:\/\/schema.org\",\"@graph\":[{\"@type\":\"Article\",\"@id\":\"https:\/\/www.revue3emillenaire.com\/blog\/de-lorient-a-loccident-lenvol-de-la-pensee-systemique-par-jean-cotte\/#article\",\"isPartOf\":{\"@id\":\"https:\/\/www.revue3emillenaire.com\/blog\/de-lorient-a-loccident-lenvol-de-la-pensee-systemique-par-jean-cotte\/\"},\"author\":{\"name\":\"3e mill\u00e9naire\",\"@id\":\"https:\/\/www.revue3emillenaire.com\/blog\/#\/schema\/person\/9a3a7cc4ccaa707f402d4394327106d5\"},\"headline\":\"De l&rsquo;Orient \u00e0 l&rsquo;Occident, l&rsquo;envol de la pens\u00e9e syst\u00e9mique par Jean Cott\u00e9\",\"datePublished\":\"2012-03-10T03:21:51+00:00\",\"mainEntityOfPage\":{\"@id\":\"https:\/\/www.revue3emillenaire.com\/blog\/de-lorient-a-loccident-lenvol-de-la-pensee-systemique-par-jean-cotte\/\"},\"wordCount\":2649,\"keywords\":[\"\u00c9pist\u00e9mologie\",\"Histoire\",\"Syst\u00e8me\"],\"articleSection\":[\"Essais\"],\"inLanguage\":\"fr-FR\"},{\"@type\":\"WebPage\",\"@id\":\"https:\/\/www.revue3emillenaire.com\/blog\/de-lorient-a-loccident-lenvol-de-la-pensee-systemique-par-jean-cotte\/\",\"url\":\"https:\/\/www.revue3emillenaire.com\/blog\/de-lorient-a-loccident-lenvol-de-la-pensee-systemique-par-jean-cotte\/\",\"name\":\"De l'Orient \u00e0 l'Occident, l'envol de la pens\u00e9e syst\u00e9mique par Jean Cott\u00e9 - 3e mill\u00e9naire - Spiritualit\u00e9 - Connaissance de soi - Non-dualit\u00e9 - M\u00e9ditation\",\"isPartOf\":{\"@id\":\"https:\/\/www.revue3emillenaire.com\/blog\/#website\"},\"datePublished\":\"2012-03-10T03:21:51+00:00\",\"author\":{\"@id\":\"https:\/\/www.revue3emillenaire.com\/blog\/#\/schema\/person\/9a3a7cc4ccaa707f402d4394327106d5\"},\"breadcrumb\":{\"@id\":\"https:\/\/www.revue3emillenaire.com\/blog\/de-lorient-a-loccident-lenvol-de-la-pensee-systemique-par-jean-cotte\/#breadcrumb\"},\"inLanguage\":\"fr-FR\",\"potentialAction\":[{\"@type\":\"ReadAction\",\"target\":[\"https:\/\/www.revue3emillenaire.com\/blog\/de-lorient-a-loccident-lenvol-de-la-pensee-systemique-par-jean-cotte\/\"]}]},{\"@type\":\"BreadcrumbList\",\"@id\":\"https:\/\/www.revue3emillenaire.com\/blog\/de-lorient-a-loccident-lenvol-de-la-pensee-systemique-par-jean-cotte\/#breadcrumb\",\"itemListElement\":[{\"@type\":\"ListItem\",\"position\":1,\"name\":\"Accueil\",\"item\":\"https:\/\/www.revue3emillenaire.com\/blog\/\"},{\"@type\":\"ListItem\",\"position\":2,\"name\":\"De l&rsquo;Orient \u00e0 l&rsquo;Occident, l&rsquo;envol de la pens\u00e9e syst\u00e9mique par Jean Cott\u00e9\"}]},{\"@type\":\"WebSite\",\"@id\":\"https:\/\/www.revue3emillenaire.com\/blog\/#website\",\"url\":\"https:\/\/www.revue3emillenaire.com\/blog\/\",\"name\":\"3e mill\u00e9naire - Spiritualit\u00e9 - Connaissance de soi - Non-dualit\u00e9 - M\u00e9ditation\",\"description\":\"L&#039;Homme en devenir\",\"potentialAction\":[{\"@type\":\"SearchAction\",\"target\":{\"@type\":\"EntryPoint\",\"urlTemplate\":\"https:\/\/www.revue3emillenaire.com\/blog\/?s={search_term_string}\"},\"query-input\":{\"@type\":\"PropertyValueSpecification\",\"valueRequired\":true,\"valueName\":\"search_term_string\"}}],\"inLanguage\":\"fr-FR\"},{\"@type\":\"Person\",\"@id\":\"https:\/\/www.revue3emillenaire.com\/blog\/#\/schema\/person\/9a3a7cc4ccaa707f402d4394327106d5\",\"name\":\"3e mill\u00e9naire\",\"url\":\"https:\/\/www.revue3emillenaire.com\/blog\/author\/admin\/\"}]}<\/script>\n<!-- \/ Yoast SEO plugin. -->","yoast_head_json":{"title":"De l'Orient \u00e0 l'Occident, l'envol de la pens\u00e9e syst\u00e9mique par Jean Cott\u00e9 - 3e mill\u00e9naire - Spiritualit\u00e9 - Connaissance de soi - Non-dualit\u00e9 - M\u00e9ditation","robots":{"index":"index","follow":"follow","max-snippet":"max-snippet:-1","max-image-preview":"max-image-preview:large","max-video-preview":"max-video-preview:-1"},"canonical":"https:\/\/www.revue3emillenaire.com\/blog\/de-lorient-a-loccident-lenvol-de-la-pensee-systemique-par-jean-cotte\/","og_locale":"fr_FR","og_type":"article","og_title":"De l'Orient \u00e0 l'Occident, l'envol de la pens\u00e9e syst\u00e9mique par Jean Cott\u00e9 - 3e mill\u00e9naire - Spiritualit\u00e9 - Connaissance de soi - Non-dualit\u00e9 - M\u00e9ditation","og_description":"L'Occident, qui souffre et qui meurt de ce tragique clivage entre l'abstrait et le concret qu'il n'a cess\u00e9 d'accentuer, retrouve en cette langue un paradis perdu, celui de la pens\u00e9e syst\u00e9mique, o\u00f9 le concret s'\u00e9claire des premi\u00e8res lueurs de la d\u00e9marche abstraite sans que celle-ci ait encore perdu toute la force g\u00e9n\u00e9tique du concret.","og_url":"https:\/\/www.revue3emillenaire.com\/blog\/de-lorient-a-loccident-lenvol-de-la-pensee-systemique-par-jean-cotte\/","og_site_name":"3e mill\u00e9naire - Spiritualit\u00e9 - Connaissance de soi - Non-dualit\u00e9 - M\u00e9ditation","article_published_time":"2012-03-10T03:21:51+00:00","author":"3e mill\u00e9naire","twitter_card":"summary_large_image","twitter_misc":{"\u00c9crit par":"3e mill\u00e9naire","Dur\u00e9e de lecture estim\u00e9e":"13 minutes"},"schema":{"@context":"https:\/\/schema.org","@graph":[{"@type":"Article","@id":"https:\/\/www.revue3emillenaire.com\/blog\/de-lorient-a-loccident-lenvol-de-la-pensee-systemique-par-jean-cotte\/#article","isPartOf":{"@id":"https:\/\/www.revue3emillenaire.com\/blog\/de-lorient-a-loccident-lenvol-de-la-pensee-systemique-par-jean-cotte\/"},"author":{"name":"3e mill\u00e9naire","@id":"https:\/\/www.revue3emillenaire.com\/blog\/#\/schema\/person\/9a3a7cc4ccaa707f402d4394327106d5"},"headline":"De l&rsquo;Orient \u00e0 l&rsquo;Occident, l&rsquo;envol de la pens\u00e9e syst\u00e9mique par Jean Cott\u00e9","datePublished":"2012-03-10T03:21:51+00:00","mainEntityOfPage":{"@id":"https:\/\/www.revue3emillenaire.com\/blog\/de-lorient-a-loccident-lenvol-de-la-pensee-systemique-par-jean-cotte\/"},"wordCount":2649,"keywords":["\u00c9pist\u00e9mologie","Histoire","Syst\u00e8me"],"articleSection":["Essais"],"inLanguage":"fr-FR"},{"@type":"WebPage","@id":"https:\/\/www.revue3emillenaire.com\/blog\/de-lorient-a-loccident-lenvol-de-la-pensee-systemique-par-jean-cotte\/","url":"https:\/\/www.revue3emillenaire.com\/blog\/de-lorient-a-loccident-lenvol-de-la-pensee-systemique-par-jean-cotte\/","name":"De l'Orient \u00e0 l'Occident, l'envol de la pens\u00e9e syst\u00e9mique par Jean Cott\u00e9 - 3e mill\u00e9naire - Spiritualit\u00e9 - Connaissance de soi - Non-dualit\u00e9 - M\u00e9ditation","isPartOf":{"@id":"https:\/\/www.revue3emillenaire.com\/blog\/#website"},"datePublished":"2012-03-10T03:21:51+00:00","author":{"@id":"https:\/\/www.revue3emillenaire.com\/blog\/#\/schema\/person\/9a3a7cc4ccaa707f402d4394327106d5"},"breadcrumb":{"@id":"https:\/\/www.revue3emillenaire.com\/blog\/de-lorient-a-loccident-lenvol-de-la-pensee-systemique-par-jean-cotte\/#breadcrumb"},"inLanguage":"fr-FR","potentialAction":[{"@type":"ReadAction","target":["https:\/\/www.revue3emillenaire.com\/blog\/de-lorient-a-loccident-lenvol-de-la-pensee-systemique-par-jean-cotte\/"]}]},{"@type":"BreadcrumbList","@id":"https:\/\/www.revue3emillenaire.com\/blog\/de-lorient-a-loccident-lenvol-de-la-pensee-systemique-par-jean-cotte\/#breadcrumb","itemListElement":[{"@type":"ListItem","position":1,"name":"Accueil","item":"https:\/\/www.revue3emillenaire.com\/blog\/"},{"@type":"ListItem","position":2,"name":"De l&rsquo;Orient \u00e0 l&rsquo;Occident, l&rsquo;envol de la pens\u00e9e syst\u00e9mique par Jean Cott\u00e9"}]},{"@type":"WebSite","@id":"https:\/\/www.revue3emillenaire.com\/blog\/#website","url":"https:\/\/www.revue3emillenaire.com\/blog\/","name":"3e mill\u00e9naire - Spiritualit\u00e9 - Connaissance de soi - Non-dualit\u00e9 - M\u00e9ditation","description":"L&#039;Homme en devenir","potentialAction":[{"@type":"SearchAction","target":{"@type":"EntryPoint","urlTemplate":"https:\/\/www.revue3emillenaire.com\/blog\/?s={search_term_string}"},"query-input":{"@type":"PropertyValueSpecification","valueRequired":true,"valueName":"search_term_string"}}],"inLanguage":"fr-FR"},{"@type":"Person","@id":"https:\/\/www.revue3emillenaire.com\/blog\/#\/schema\/person\/9a3a7cc4ccaa707f402d4394327106d5","name":"3e mill\u00e9naire","url":"https:\/\/www.revue3emillenaire.com\/blog\/author\/admin\/"}]}},"_links":{"self":[{"href":"https:\/\/www.revue3emillenaire.com\/blog\/wp-json\/wp\/v2\/posts\/11012","targetHints":{"allow":["GET"]}}],"collection":[{"href":"https:\/\/www.revue3emillenaire.com\/blog\/wp-json\/wp\/v2\/posts"}],"about":[{"href":"https:\/\/www.revue3emillenaire.com\/blog\/wp-json\/wp\/v2\/types\/post"}],"author":[{"embeddable":true,"href":"https:\/\/www.revue3emillenaire.com\/blog\/wp-json\/wp\/v2\/users\/1"}],"replies":[{"embeddable":true,"href":"https:\/\/www.revue3emillenaire.com\/blog\/wp-json\/wp\/v2\/comments?post=11012"}],"version-history":[{"count":0,"href":"https:\/\/www.revue3emillenaire.com\/blog\/wp-json\/wp\/v2\/posts\/11012\/revisions"}],"wp:attachment":[{"href":"https:\/\/www.revue3emillenaire.com\/blog\/wp-json\/wp\/v2\/media?parent=11012"}],"wp:term":[{"taxonomy":"category","embeddable":true,"href":"https:\/\/www.revue3emillenaire.com\/blog\/wp-json\/wp\/v2\/categories?post=11012"},{"taxonomy":"post_tag","embeddable":true,"href":"https:\/\/www.revue3emillenaire.com\/blog\/wp-json\/wp\/v2\/tags?post=11012"}],"curies":[{"name":"wp","href":"https:\/\/api.w.org\/{rel}","templated":true}]}}