{"id":11033,"date":"2012-03-14T22:16:02","date_gmt":"2012-03-14T21:16:02","guid":{"rendered":"http:\/\/www.revue3emillenaire.com\/blog\/?p=11033"},"modified":"2012-03-14T22:16:02","modified_gmt":"2012-03-14T21:16:02","slug":"hommage-a-sri-aurobindo-par-swami-siddheswarananda","status":"publish","type":"post","link":"https:\/\/www.revue3emillenaire.com\/blog\/hommage-a-sri-aurobindo-par-swami-siddheswarananda\/","title":{"rendered":"Hommage \u00e0 Sri Aurobindo par Swami Siddheswarananda"},"content":{"rendered":"<p style=\"text-align: justify;\"><strong>S\u00c9ANCE COMM\u00c9MORATIVE DE SRI AUROBINDO \u00e0 la Sorbonne (Paris) Le 5 D\u00e9cembre 1955<\/strong><\/p>\n<p style=\"text-align: justify;\"><em>\u00a0<\/em><\/p>\n<p style=\"text-align: justify;\"><em>Ce texte, r\u00e9uni avec les autres allocutions en brochure, a \u00e9t\u00e9 publi\u00e9 en 1969 par <\/em><em><a href=\"http:\/\/www.sriaurobindoashram.org\/\" target=\"_NEW\">Sri Aurobindo Ashram<\/a><\/em><em> &#8211; Pondich\u00e9ry &#8211; Inde<\/em><em> <\/em><\/p>\n<p style=\"text-align: justify;\"><strong>Message adress\u00e9 par le Sw\u00e2mi Siddh\u00e9swar\u00e2nanda, de l&rsquo;Ordre de<\/strong> <strong>R\u00e2makrishna<\/strong><\/p>\n<p style=\"text-align: justify;\">Je remercie mon ami, Monsieur Jacques Masui, de son invitation \u00e0 me joindre \u00e0 l&rsquo;hommage rendu \u00e0 la m\u00e9moire de Sri Aurobindo par le Centre le plus \u00e9minent de la culture europ\u00e9enne : la Sorbonne. Monsieur Masui m&rsquo;a demand\u00e9 de situer Sri Aurobindo dans la ligne de Shr\u00ee R\u00e2makrishna, Vivek\u00e2nanda, Ramana Maharshi et G\u00e2ndhi, et de montrer comment ces grands ma\u00eetres contemporains ont pens\u00e9 et agi dans un m\u00eame esprit, dans une m\u00eame perspective.<\/p>\n<p style=\"text-align: justify;\">J&rsquo;appartiens \u00e0 ces g\u00e9n\u00e9rations qui furent \u00e9veill\u00e9es, dans l&rsquo;Inde, \u00e0 une conscience nationale spiritualis\u00e9e, \u00e0 la suite de l&rsquo;immense action entreprise par Sri Aurobindo. Je suis de l&rsquo;extr\u00eame Sud de l&rsquo;Inde, de l&rsquo;\u00c9tat de Travancore-Cochin, au M\u00e2l\u00e2b\u00e2r, et cette province \u00e9tait moins touch\u00e9e par le mouvement nationaliste; je me souviens fort bien cependant que la nation tout enti\u00e8re fut \u00e9lectris\u00e9e, entre les ann\u00e9es 1906 et 1908, par le mouvement que suscita au Bengale le groupe swar\u00e2jiste. J&rsquo;avais \u00e0 peine douze ans lorsque j&rsquo;eus le premier contact avec la renaissance de notre pays ; c&rsquo;\u00e9tait dans une petite salle de r\u00e9union o\u00f9 se trouvait, \u00e0 la place d&rsquo;honneur, la photographie de Sri Aurobindo. Plus tard, faisant mes \u00e9tudes secondaires, j&rsquo;achetai la revue <em>Arya, <\/em>qu&rsquo;il \u00e9ditait ; et c&rsquo;est en grande partie par ses \u00e9crits que ma g\u00e9n\u00e9ration s&rsquo;est tourn\u00e9e vers Shr\u00ee R\u00e2makrishna et le Sw\u00e2m\u00ee Vivek\u00e2nanda, pour lesquels Sri Aurobindo exprimait une tr\u00e8s grande admiration.<\/p>\n<p style=\"text-align: justify;\">Sri Aurobindo n&rsquo;avait pas sept ans lorsqu&rsquo;il fut d\u00e9racin\u00e9 de son pays, et emmen\u00e9 en Angleterre, o\u00f9 il demeura jusqu&rsquo;\u00e0 sa vingt et uni\u00e8me ann\u00e9e. Rentr\u00e9 en Inde, il ignorait tout de son pays et de sa langue natale, le bengali, et il revenait impr\u00e9gn\u00e9 de culture occidentale. Devenu professeur \u00e0 Barod\u00e2, il d\u00e9couvrit l&rsquo;Inde, et ce fut une r\u00e9v\u00e9lation. Il devint un chef nationaliste. Puis, s&rsquo;assimilant \u00e0 la spiritualit\u00e9 plusieurs fois mill\u00e9naire de l&rsquo;Inde, il quitta le Bengale pour Pondich\u00e9ry et devint un ermite, un yogu\u00ee, renon\u00e7ant compl\u00e8tement \u00e0 toute activit\u00e9 politique. Ainsi, apr\u00e8s avoir repr\u00e9sent\u00e9 dans son pays les id\u00e9es rapport\u00e9es de l&rsquo;Occident, id\u00e9es de libert\u00e9 et de sens civique, voici que subitement il faisait volte-face et s&rsquo;identifiait \u00e0 la vie spirituelle de l&rsquo;Inde et au yoga. Beaucoup de nos compatriotes consid\u00e9raient alors que ce yoga et cette vie spirituelle \u00e9taient un obstacle au rel\u00e8vement de l&rsquo;Inde, et la jeunesse r\u00eavait d&rsquo;une action politique \u00e0 la mani\u00e8re europ\u00e9enne. Vous pouvez imaginer le retentissement produit dans l&rsquo;esprit de cette jeunesse par le changement d&rsquo;attitude de Sri Aurobindo. Je me souviens de cet incident de sa vie, bien connu maintenant, et qui mit le comble \u00e0 notre \u00e9tonnement; dans sa cellule de prisonnier, Sri Aurobindo re\u00e7ut l&rsquo;illumination ; le Seigneur Shri Krishna se r\u00e9v\u00e9la \u00e0 lui; et le verset de la Gu\u00eet\u00e2 devint pour lui une r\u00e9alit\u00e9 vivante : \u00ab\u00a0<em>Tout ce qui existe est V\u00e2soud\u00e9va, Shr\u00ee Krishna, le Seigneur<\/em>.\u00a0\u00bb<\/p>\n<p style=\"text-align: justify;\">Cette exp\u00e9rience fut si forte que lorsqu&rsquo;il fut conduit devant ses juges, il sentit que le tribunal, le pr\u00e9sident, l&rsquo;avocat, les jur\u00e9s, tous dans la salle, n&rsquo;\u00e9taient que la pr\u00e9sence du Seigneur. Retir\u00e9 \u00e0 Pondich\u00e9ry, il se consacra enti\u00e8rement aux \u00e9tudes, \u00e0 la m\u00e9ditation et \u00e0 la formation de disciples.<\/p>\n<p style=\"text-align: justify;\"><strong>Sri Aurobindo et le mouvement swar\u00e2jiste avaient diffus\u00e9 deux ouvrages qui mettaient en valeur la pens\u00e9e traditionnelle de l&rsquo;Inde : <em>la Bhagavad-Gu\u00eet\u00e2 <\/em>et le <em>Karma-Yoga <\/em>du Sw\u00e2m\u00ee Vivek\u00e2nanda.<\/strong> Apr\u00e8s avoir re\u00e7u \u00e0 Calcutta une instruction occidentale, le Sw\u00e2m\u00ee Vivek\u00e2nanda \u00e9tait venu en contact avec un sage, Shr\u00ee R\u00e2makrishna. Apr\u00e8s la mort de son Ma\u00eetre, il parcourut \u00e0 pied l&rsquo;Inde enti\u00e8re; alors il comprit que ce n&rsquo;\u00e9tait pas la religion qui avait caus\u00e9 la mis\u00e8re de notre pays, mais le manque de religion v\u00e9ritable.<\/p>\n<p style=\"text-align: justify;\">Ainsi se rejoignent ces deux grands penseurs. Le Sw\u00e2m\u00ee Vivek\u00e2nanda et Sri Aurobindo ne voyaient la renaissance de l&rsquo;Inde possible qu&rsquo;en l&rsquo;\u00e9difiant sur une base spirituelle. Vivek\u00e2nanda a souvent r\u00e9p\u00e9t\u00e9 que si l&rsquo;Inde, \u00e0 l&rsquo;imitation de l&rsquo;Occident, donnait une valeur primordiale \u00e0 l&rsquo;action politique, elle p\u00e9rirait; et les missions qu&rsquo;il a fond\u00e9es se tinrent \u00e0 l&rsquo;\u00e9cart de toute d\u00e9marche de cet ordre.<\/p>\n<p style=\"text-align: justify;\">Je ne parlerai pas aujourd&rsquo;hui de grandes personnalit\u00e9s telles que Tilak et Gokhal\u00e9. L&rsquo;Europe conna\u00eet surtout l&rsquo;action men\u00e9e par le Mah\u00e2tm\u00e2 G\u00e2ndh\u00ee. On ne saurait cependant isoler Mah\u00e2tm\u00e2j\u00ee de cette force, de cette soif de recherche spirituelle lib\u00e9r\u00e9e dans l&rsquo;Inde par Sri Aurobindo. Pour Mah\u00e2tm\u00e2j\u00ee, la lib\u00e9ration du pays \u00e9tait un moyen de servir, une s\u00e2dhan\u00e2, une discipline spirituelle. Nous devons toujours garder pr\u00e9sentes \u00e0 la m\u00e9moire les paroles de Mah\u00e2tm\u00e2j\u00ee : s&rsquo;il devait choisir entre une action politique incompatible avec la V\u00e9rit\u00e9, et la V\u00e9rit\u00e9 pure &#8211; qui \u00e9tait, selon lui, identique \u00e0 Dieu &#8211; c&rsquo;est-\u00e0-dire s&rsquo;il \u00e9tait n\u00e9cessaire de mentir pour obtenir la lib\u00e9ration du pays, il renoncerait compl\u00e8tement \u00e0 l&rsquo;ind\u00e9pendance de l&rsquo;Inde et se retirerait dans les Him\u00e2layas, pour se purifier et conna\u00eetre la V\u00e9rit\u00e9. Cette attitude illustre une diff\u00e9rence essentielle entre l&rsquo;Inde et l&rsquo;Occident. Dans l&rsquo;Inde, la vie politique ne peut \u00eatre s\u00e9par\u00e9e de la vie spirituelle, tout est envisag\u00e9 dans l&rsquo;esprit de la Gu\u00eet\u00e2 : <em>\u00ab\u00a0tasm\u00e2d yogui bhava Arjouna\u00a0\u00bb <\/em>&#8211; \u00ab\u00a0deviens donc un yogui, Arjouna !\u00a0\u00bb Une compr\u00e9hension de ce yoga peut \u00eatre donn\u00e9e par la spiritualit\u00e9 de Saint-Fran\u00e7ois d&rsquo;Assise, ou du Fr\u00e8re Laurent de la R\u00e9surrection; chaque action de la vie est une offrande \u00e0 Dieu. Mah\u00e2tm\u00e2ji a touch\u00e9 le centre m\u00eame de la conscience populaire : sa spiritualit\u00e9. On pense commun\u00e9ment que le peuple est analphab\u00e8te, d\u00e9pourvu de toute culture, mais comme Mme Pandit, l&rsquo;ambassadeur de l&rsquo;Inde \u00e0 Londres, l&rsquo;a fort bien montr\u00e9 dans une r\u00e9cente conf\u00e9rence, on fait en Inde une grande diff\u00e9rence entre la culture et l&rsquo;instruction : un illettr\u00e9 peut tr\u00e8s bien repr\u00e9senter la culture de son pays.<\/p>\n<p style=\"text-align: justify;\">Nous ne trouvons pas dans l&rsquo;histoire de l&rsquo;Inde ces grands \u00e9v\u00e9nements, ces grands sauts d\u00e9sign\u00e9s en Occident par le terme \u00ab\u00a0r\u00e9volution\u00a0\u00bb. On ne peut consid\u00e9rer Sri Aurobindo ou Mah\u00e2tm\u00e2j\u00ee comme des r\u00e9volutionnaires. On attache en Occident une grande importance \u00e0 ce terme, mais Mah\u00e2tm\u00e2j\u00ee et Sri Aurobindo n&rsquo;\u00e9taient que diff\u00e9rents interpr\u00e8tes de la conscience indienne. Bien que Mah\u00e2tm\u00e2j\u00ee soit devenu le leader, les vrais doctrinaires qui ont fait comprendre le sens profond de la renaissance de l&rsquo;Inde \u00e9taient le Sw\u00e2m\u00ee Vivek\u00e2nanda et Sri Aurobindo; cette renaissance n&rsquo;est pas une r\u00e9volution, mais une r\u00e9adaptation, de l&rsquo;\u00e2me du pays aux nouvelles exigences de la vie moderne.<\/p>\n<p style=\"text-align: justify;\">Nous voulons \u00e9galement montrer <strong>le caract\u00e8re original de la philosophie de Sri Aurobindo.<\/strong> Il n&rsquo;acceptait pas la th\u00e9orie de <em>m\u00e2y\u00e2v\u00e2da<\/em>, expos\u00e9e par Shankara, et refusait de voir une dichotomie irr\u00e9ductible entre le <em>pourousha<\/em> et la <em>prakriti<\/em> &#8211; l&rsquo;\u00e2me et la nature &#8211; du syst\u00e8me samkhien. Pour avoir la vision de Brahman il n&rsquo;est pas n\u00e9cessaire de nier <em>prakriti<\/em> ou <em>m\u00e2y\u00e2<\/em>. Mais la nature inf\u00e9rieure doit \u00eatre purifi\u00e9e, elle doit manifester la lumi\u00e8re, la paix, la f\u00e9licit\u00e9 et l&rsquo;harmonie de la nature divine. Sri Aurobindo affirme que si la th\u00e9orie de <em>m\u00e2y\u00e2<\/em> est pouss\u00e9e \u00e0 l&rsquo;extr\u00eame, cette th\u00e9orie elle-m\u00eame devient illusoire; <strong>la vie est donc vraie, et n&rsquo;est pas <em>m\u00e2y\u00e2<\/em><\/strong> ; elle est divinement vraie, vraie d&rsquo;une r\u00e9alit\u00e9 f\u00e9conde. <strong>Pour arriver \u00e0 cette compr\u00e9hension, l&rsquo;homme doit entreprendre une discipline de purification dont les effets modifieront le corps autant que le mental.<\/strong><\/p>\n<p style=\"text-align: justify;\"><strong>Dans son livre <em>La Synth\u00e8se des Yoga, <\/em>Sri Aurobindo d\u00e9crit les diff\u00e9rentes \u00e9tapes de cette purification.<\/strong> Chez la plupart des hommes, le mental est d\u00e9pourvu de l&rsquo;intuition du Divin, il est attir\u00e9 vers le grossier; Sri Aurobindo a montr\u00e9 comment les mat\u00e9rialistes ont cependant d\u00e9ifi\u00e9 ce \u00ab\u00a0mental physique\u00a0\u00bb ; ils ont r\u00eav\u00e9 de trouver sur le plan vital une \u00e9galit\u00e9 qui effacera toute distinction, qui \u00e9tablira l&rsquo;unit\u00e9. Cet id\u00e9al va \u00e0 l&rsquo;encontre de la culture ancienne de l&rsquo;Inde. L&rsquo;aspect physique doit manifester \u00e9galement la conscience infinie et spirituelle.<\/p>\n<p style=\"text-align: justify;\">Le caract\u00e8re du <strong>yoga int\u00e9gral de Sri Aurobindo<\/strong> s&rsquo;exprime par la synth\u00e8se de <em>karma<\/em>, <em>bhakti<\/em> et <em>jn\u00e2na<\/em> &#8211; l&rsquo;action, la d\u00e9votion et la connaissance. <strong>La lib\u00e9ration de l&rsquo;homme doit s&rsquo;accompagner de la lib\u00e9ration de la nature. Le Supr\u00eame purifiera, en s&rsquo;y int\u00e9grant, tous les plans de la conscience.<\/strong> <strong>Il y aura ascension de l&rsquo;inconscient vers le supraconscient, et descente du supraconscient dans la mati\u00e8re.<\/strong> Selon Sri Aurobindo, la perfection et la nature divine sont identiques ; cette perfection inclut celles du corps, de la force vitale (<em>pr\u00e2na<\/em>) et de l&rsquo;intelligence (<em>bouddhi<\/em>). <strong>L&rsquo;homme purifi\u00e9 devient alors le v\u00e9hicule de la volont\u00e9 divine; il est l&rsquo;expression m\u00eame du Supr\u00eame.<\/strong><\/p>\n<p style=\"text-align: justify;\">La disparition de Sri Aurobindo, survenue le 5 d\u00e9cembre 1950, est trop r\u00e9cente pour qu&rsquo;il soit possible d&rsquo;estimer et d&rsquo;appr\u00e9cier sa prodigieuse contribution \u00e0 la renaissance de l&rsquo;Inde. Il sera toujours consid\u00e9r\u00e9, v\u00e9n\u00e9r\u00e9 comme l&rsquo;un des plus grands penseurs des temps modernes, et aussi comme un homme dont la saintet\u00e9 et la sagesse ont resplendi avec un remarquable \u00e9clat.<\/p>\n<p style=\"text-align: justify;\">Avant de conclure, consid\u00e9rons l&rsquo;attrait qu&rsquo;exerce, sur l&rsquo;esprit occidental, la pens\u00e9e de Sri Aurobindo. Au cours des dix-huit derni\u00e8res ann\u00e9es que j&rsquo;ai pass\u00e9es en Europe, j&rsquo;ai rencontr\u00e9 de nombreuses personnes pour qui <strong>les \u00e9crits de Sri Aurobindo sont plus accessibles que ceux des autres penseurs de l&rsquo;Inde moderne<\/strong>. Pourquoi ? Parce que Sri Aurobindo avait \u00e9t\u00e9 \u00e9lev\u00e9, \u00e9duqu\u00e9 en Europe, et avait d\u00e9couvert l&rsquo;Inde apr\u00e8s avoir \u00e9t\u00e9 exil\u00e9 pendant quatorze ans de son pays natal. L&rsquo;Inde dont nous parlons n&rsquo;est pas l&rsquo;Inde nationale. C&rsquo;est les pays o\u00f9 sont cach\u00e9s les secrets de l&rsquo;\u00e2me partout o\u00f9 l&rsquo;on red\u00e9couvre ces tr\u00e9sors spirituels, l&rsquo;INDE est vivante. Le po\u00e8te Tagore a fort bien exprim\u00e9 qu&rsquo;elle n&rsquo;\u00e9tait pas limit\u00e9e par des fronti\u00e8res g\u00e9ographiques. Lorsqu&rsquo;un homme qui a v\u00e9cu dans le monde des r\u00e9alit\u00e9s \u00e9ph\u00e9m\u00e8res vient en contact avec les couches plus profondes du monde spirituel, il d\u00e9couvre son \u00e2me, comme Sri Aurobindo l&rsquo;a d\u00e9couverte. Il ne s&rsquo;agit pas de spiritualit\u00e9 hindoue, mais purement et simplement de spiritualit\u00e9.<\/p>\n<p style=\"text-align: justify;\">C&rsquo;est pour cette raison que <strong>l&rsquo;Europ\u00e9en trouve dans les \u00e9crits de Sri Aurobindo un langage qu&rsquo;il peut comprendre<\/strong>. Apr\u00e8s avoir acquis une connaissance intime de la civilisation occidentale jusque dans ses racines les plus profondes, apr\u00e8s s&rsquo;\u00eatre impr\u00e9gn\u00e9 des humanit\u00e9s grecque et latine, Sri Aurobindo a interpr\u00e9t\u00e9 pour nous le message philosophique et spirituel de l&rsquo;Inde \u00e9ternelle, cette Inde si ancienne et cependant toujours jeune.<\/p>\n<p style=\"text-align: justify;\">Voici donc un homme qui peut engager avec l&rsquo;Occident un dialogue, et non un monologue. Car <strong>il appartient \u00e0 chacune des deux civilisations, il est remont\u00e9 jusqu&rsquo;\u00e0 leurs sources. Il est la force prestigieuse qui relie l&rsquo;Orient \u00e0 l&rsquo;Occident.<\/strong><\/p>\n","protected":false},"excerpt":{"rendered":"<p>J&rsquo;avais \u00e0 peine douze ans lorsque j&rsquo;eus le premier contact avec la renaissance de notre pays ; c&rsquo;\u00e9tait dans une petite salle de r\u00e9union o\u00f9 se trouvait, \u00e0 la place d&rsquo;honneur, la photographie de Sri Aurobindo. Plus tard, faisant mes \u00e9tudes secondaires, j&rsquo;achetai la revue Arya, qu&rsquo;il \u00e9ditait ; et c&rsquo;est en grande partie par ses \u00e9crits que ma g\u00e9n\u00e9ration s&rsquo;est tourn\u00e9e vers Shr\u00ee R\u00e2makrishna et le Sw\u00e2m\u00ee Vivek\u00e2nanda, pour lesquels Sri Aurobindo exprimait une tr\u00e8s grande admiration.<\/p>\n","protected":false},"author":1,"featured_media":0,"comment_status":"closed","ping_status":"closed","sticky":false,"template":"","format":"standard","meta":{"footnotes":""},"categories":[266],"tags":[1351],"class_list":["post-11033","post","type-post","status-publish","format-standard","hentry","category-s-siddheswarananda","tag-aurobindo"],"yoast_head":"<!-- This site is optimized with the Yoast SEO plugin v27.0 - https:\/\/yoast.com\/product\/yoast-seo-wordpress\/ -->\n<title>Hommage \u00e0 Sri Aurobindo par Swami Siddheswarananda - 3e mill\u00e9naire - Spiritualit\u00e9 - Connaissance de soi - Non-dualit\u00e9 - M\u00e9ditation<\/title>\n<meta name=\"robots\" content=\"index, follow, max-snippet:-1, max-image-preview:large, max-video-preview:-1\" \/>\n<link rel=\"canonical\" href=\"https:\/\/www.revue3emillenaire.com\/blog\/hommage-a-sri-aurobindo-par-swami-siddheswarananda\/\" \/>\n<meta property=\"og:locale\" content=\"fr_FR\" \/>\n<meta property=\"og:type\" content=\"article\" \/>\n<meta property=\"og:title\" content=\"Hommage \u00e0 Sri Aurobindo par Swami Siddheswarananda - 3e mill\u00e9naire - Spiritualit\u00e9 - Connaissance de soi - Non-dualit\u00e9 - M\u00e9ditation\" \/>\n<meta property=\"og:description\" content=\"J&#039;avais \u00e0 peine douze ans lorsque j&#039;eus le premier contact avec la renaissance de notre pays ; c&#039;\u00e9tait dans une petite salle de r\u00e9union o\u00f9 se trouvait, \u00e0 la place d&#039;honneur, la photographie de Sri Aurobindo. Plus tard, faisant mes \u00e9tudes secondaires, j&#039;achetai la revue Arya, qu&#039;il \u00e9ditait ; et c&#039;est en grande partie par ses \u00e9crits que ma g\u00e9n\u00e9ration s&#039;est tourn\u00e9e vers Shr\u00ee R\u00e2makrishna et le Sw\u00e2m\u00ee Vivek\u00e2nanda, pour lesquels Sri Aurobindo exprimait une tr\u00e8s grande admiration.\" \/>\n<meta property=\"og:url\" content=\"https:\/\/www.revue3emillenaire.com\/blog\/hommage-a-sri-aurobindo-par-swami-siddheswarananda\/\" \/>\n<meta property=\"og:site_name\" content=\"3e mill\u00e9naire - Spiritualit\u00e9 - Connaissance de soi - Non-dualit\u00e9 - M\u00e9ditation\" \/>\n<meta property=\"article:published_time\" content=\"2012-03-14T21:16:02+00:00\" \/>\n<meta name=\"author\" content=\"3e mill\u00e9naire\" \/>\n<meta name=\"twitter:card\" content=\"summary_large_image\" \/>\n<meta name=\"twitter:label1\" content=\"\u00c9crit par\" \/>\n\t<meta name=\"twitter:data1\" content=\"3e mill\u00e9naire\" \/>\n\t<meta name=\"twitter:label2\" content=\"Dur\u00e9e de lecture estim\u00e9e\" \/>\n\t<meta name=\"twitter:data2\" content=\"10 minutes\" \/>\n<script type=\"application\/ld+json\" class=\"yoast-schema-graph\">{\"@context\":\"https:\/\/schema.org\",\"@graph\":[{\"@type\":\"Article\",\"@id\":\"https:\/\/www.revue3emillenaire.com\/blog\/hommage-a-sri-aurobindo-par-swami-siddheswarananda\/#article\",\"isPartOf\":{\"@id\":\"https:\/\/www.revue3emillenaire.com\/blog\/hommage-a-sri-aurobindo-par-swami-siddheswarananda\/\"},\"author\":{\"name\":\"3e mill\u00e9naire\",\"@id\":\"https:\/\/www.revue3emillenaire.com\/blog\/#\/schema\/person\/9a3a7cc4ccaa707f402d4394327106d5\"},\"headline\":\"Hommage \u00e0 Sri Aurobindo par Swami Siddheswarananda\",\"datePublished\":\"2012-03-14T21:16:02+00:00\",\"mainEntityOfPage\":{\"@id\":\"https:\/\/www.revue3emillenaire.com\/blog\/hommage-a-sri-aurobindo-par-swami-siddheswarananda\/\"},\"wordCount\":1940,\"keywords\":[\"Aurobindo\"],\"articleSection\":[\"Swami Siddheswarananda\"],\"inLanguage\":\"fr-FR\"},{\"@type\":\"WebPage\",\"@id\":\"https:\/\/www.revue3emillenaire.com\/blog\/hommage-a-sri-aurobindo-par-swami-siddheswarananda\/\",\"url\":\"https:\/\/www.revue3emillenaire.com\/blog\/hommage-a-sri-aurobindo-par-swami-siddheswarananda\/\",\"name\":\"Hommage \u00e0 Sri Aurobindo par Swami Siddheswarananda - 3e mill\u00e9naire - Spiritualit\u00e9 - Connaissance de soi - Non-dualit\u00e9 - M\u00e9ditation\",\"isPartOf\":{\"@id\":\"https:\/\/www.revue3emillenaire.com\/blog\/#website\"},\"datePublished\":\"2012-03-14T21:16:02+00:00\",\"author\":{\"@id\":\"https:\/\/www.revue3emillenaire.com\/blog\/#\/schema\/person\/9a3a7cc4ccaa707f402d4394327106d5\"},\"breadcrumb\":{\"@id\":\"https:\/\/www.revue3emillenaire.com\/blog\/hommage-a-sri-aurobindo-par-swami-siddheswarananda\/#breadcrumb\"},\"inLanguage\":\"fr-FR\",\"potentialAction\":[{\"@type\":\"ReadAction\",\"target\":[\"https:\/\/www.revue3emillenaire.com\/blog\/hommage-a-sri-aurobindo-par-swami-siddheswarananda\/\"]}]},{\"@type\":\"BreadcrumbList\",\"@id\":\"https:\/\/www.revue3emillenaire.com\/blog\/hommage-a-sri-aurobindo-par-swami-siddheswarananda\/#breadcrumb\",\"itemListElement\":[{\"@type\":\"ListItem\",\"position\":1,\"name\":\"Accueil\",\"item\":\"https:\/\/www.revue3emillenaire.com\/blog\/\"},{\"@type\":\"ListItem\",\"position\":2,\"name\":\"Hommage \u00e0 Sri Aurobindo par Swami Siddheswarananda\"}]},{\"@type\":\"WebSite\",\"@id\":\"https:\/\/www.revue3emillenaire.com\/blog\/#website\",\"url\":\"https:\/\/www.revue3emillenaire.com\/blog\/\",\"name\":\"3e mill\u00e9naire - Spiritualit\u00e9 - Connaissance de soi - Non-dualit\u00e9 - M\u00e9ditation\",\"description\":\"L&#039;Homme en devenir\",\"potentialAction\":[{\"@type\":\"SearchAction\",\"target\":{\"@type\":\"EntryPoint\",\"urlTemplate\":\"https:\/\/www.revue3emillenaire.com\/blog\/?s={search_term_string}\"},\"query-input\":{\"@type\":\"PropertyValueSpecification\",\"valueRequired\":true,\"valueName\":\"search_term_string\"}}],\"inLanguage\":\"fr-FR\"},{\"@type\":\"Person\",\"@id\":\"https:\/\/www.revue3emillenaire.com\/blog\/#\/schema\/person\/9a3a7cc4ccaa707f402d4394327106d5\",\"name\":\"3e mill\u00e9naire\",\"url\":\"https:\/\/www.revue3emillenaire.com\/blog\/author\/admin\/\"}]}<\/script>\n<!-- \/ Yoast SEO plugin. -->","yoast_head_json":{"title":"Hommage \u00e0 Sri Aurobindo par Swami Siddheswarananda - 3e mill\u00e9naire - Spiritualit\u00e9 - Connaissance de soi - Non-dualit\u00e9 - M\u00e9ditation","robots":{"index":"index","follow":"follow","max-snippet":"max-snippet:-1","max-image-preview":"max-image-preview:large","max-video-preview":"max-video-preview:-1"},"canonical":"https:\/\/www.revue3emillenaire.com\/blog\/hommage-a-sri-aurobindo-par-swami-siddheswarananda\/","og_locale":"fr_FR","og_type":"article","og_title":"Hommage \u00e0 Sri Aurobindo par Swami Siddheswarananda - 3e mill\u00e9naire - Spiritualit\u00e9 - Connaissance de soi - Non-dualit\u00e9 - M\u00e9ditation","og_description":"J'avais \u00e0 peine douze ans lorsque j'eus le premier contact avec la renaissance de notre pays ; c'\u00e9tait dans une petite salle de r\u00e9union o\u00f9 se trouvait, \u00e0 la place d'honneur, la photographie de Sri Aurobindo. Plus tard, faisant mes \u00e9tudes secondaires, j'achetai la revue Arya, qu'il \u00e9ditait ; et c'est en grande partie par ses \u00e9crits que ma g\u00e9n\u00e9ration s'est tourn\u00e9e vers Shr\u00ee R\u00e2makrishna et le Sw\u00e2m\u00ee Vivek\u00e2nanda, pour lesquels Sri Aurobindo exprimait une tr\u00e8s grande admiration.","og_url":"https:\/\/www.revue3emillenaire.com\/blog\/hommage-a-sri-aurobindo-par-swami-siddheswarananda\/","og_site_name":"3e mill\u00e9naire - Spiritualit\u00e9 - Connaissance de soi - Non-dualit\u00e9 - M\u00e9ditation","article_published_time":"2012-03-14T21:16:02+00:00","author":"3e mill\u00e9naire","twitter_card":"summary_large_image","twitter_misc":{"\u00c9crit par":"3e mill\u00e9naire","Dur\u00e9e de lecture estim\u00e9e":"10 minutes"},"schema":{"@context":"https:\/\/schema.org","@graph":[{"@type":"Article","@id":"https:\/\/www.revue3emillenaire.com\/blog\/hommage-a-sri-aurobindo-par-swami-siddheswarananda\/#article","isPartOf":{"@id":"https:\/\/www.revue3emillenaire.com\/blog\/hommage-a-sri-aurobindo-par-swami-siddheswarananda\/"},"author":{"name":"3e mill\u00e9naire","@id":"https:\/\/www.revue3emillenaire.com\/blog\/#\/schema\/person\/9a3a7cc4ccaa707f402d4394327106d5"},"headline":"Hommage \u00e0 Sri Aurobindo par Swami Siddheswarananda","datePublished":"2012-03-14T21:16:02+00:00","mainEntityOfPage":{"@id":"https:\/\/www.revue3emillenaire.com\/blog\/hommage-a-sri-aurobindo-par-swami-siddheswarananda\/"},"wordCount":1940,"keywords":["Aurobindo"],"articleSection":["Swami Siddheswarananda"],"inLanguage":"fr-FR"},{"@type":"WebPage","@id":"https:\/\/www.revue3emillenaire.com\/blog\/hommage-a-sri-aurobindo-par-swami-siddheswarananda\/","url":"https:\/\/www.revue3emillenaire.com\/blog\/hommage-a-sri-aurobindo-par-swami-siddheswarananda\/","name":"Hommage \u00e0 Sri Aurobindo par Swami Siddheswarananda - 3e mill\u00e9naire - Spiritualit\u00e9 - Connaissance de soi - Non-dualit\u00e9 - M\u00e9ditation","isPartOf":{"@id":"https:\/\/www.revue3emillenaire.com\/blog\/#website"},"datePublished":"2012-03-14T21:16:02+00:00","author":{"@id":"https:\/\/www.revue3emillenaire.com\/blog\/#\/schema\/person\/9a3a7cc4ccaa707f402d4394327106d5"},"breadcrumb":{"@id":"https:\/\/www.revue3emillenaire.com\/blog\/hommage-a-sri-aurobindo-par-swami-siddheswarananda\/#breadcrumb"},"inLanguage":"fr-FR","potentialAction":[{"@type":"ReadAction","target":["https:\/\/www.revue3emillenaire.com\/blog\/hommage-a-sri-aurobindo-par-swami-siddheswarananda\/"]}]},{"@type":"BreadcrumbList","@id":"https:\/\/www.revue3emillenaire.com\/blog\/hommage-a-sri-aurobindo-par-swami-siddheswarananda\/#breadcrumb","itemListElement":[{"@type":"ListItem","position":1,"name":"Accueil","item":"https:\/\/www.revue3emillenaire.com\/blog\/"},{"@type":"ListItem","position":2,"name":"Hommage \u00e0 Sri Aurobindo par Swami Siddheswarananda"}]},{"@type":"WebSite","@id":"https:\/\/www.revue3emillenaire.com\/blog\/#website","url":"https:\/\/www.revue3emillenaire.com\/blog\/","name":"3e mill\u00e9naire - Spiritualit\u00e9 - Connaissance de soi - Non-dualit\u00e9 - M\u00e9ditation","description":"L&#039;Homme en devenir","potentialAction":[{"@type":"SearchAction","target":{"@type":"EntryPoint","urlTemplate":"https:\/\/www.revue3emillenaire.com\/blog\/?s={search_term_string}"},"query-input":{"@type":"PropertyValueSpecification","valueRequired":true,"valueName":"search_term_string"}}],"inLanguage":"fr-FR"},{"@type":"Person","@id":"https:\/\/www.revue3emillenaire.com\/blog\/#\/schema\/person\/9a3a7cc4ccaa707f402d4394327106d5","name":"3e mill\u00e9naire","url":"https:\/\/www.revue3emillenaire.com\/blog\/author\/admin\/"}]}},"_links":{"self":[{"href":"https:\/\/www.revue3emillenaire.com\/blog\/wp-json\/wp\/v2\/posts\/11033","targetHints":{"allow":["GET"]}}],"collection":[{"href":"https:\/\/www.revue3emillenaire.com\/blog\/wp-json\/wp\/v2\/posts"}],"about":[{"href":"https:\/\/www.revue3emillenaire.com\/blog\/wp-json\/wp\/v2\/types\/post"}],"author":[{"embeddable":true,"href":"https:\/\/www.revue3emillenaire.com\/blog\/wp-json\/wp\/v2\/users\/1"}],"replies":[{"embeddable":true,"href":"https:\/\/www.revue3emillenaire.com\/blog\/wp-json\/wp\/v2\/comments?post=11033"}],"version-history":[{"count":0,"href":"https:\/\/www.revue3emillenaire.com\/blog\/wp-json\/wp\/v2\/posts\/11033\/revisions"}],"wp:attachment":[{"href":"https:\/\/www.revue3emillenaire.com\/blog\/wp-json\/wp\/v2\/media?parent=11033"}],"wp:term":[{"taxonomy":"category","embeddable":true,"href":"https:\/\/www.revue3emillenaire.com\/blog\/wp-json\/wp\/v2\/categories?post=11033"},{"taxonomy":"post_tag","embeddable":true,"href":"https:\/\/www.revue3emillenaire.com\/blog\/wp-json\/wp\/v2\/tags?post=11033"}],"curies":[{"name":"wp","href":"https:\/\/api.w.org\/{rel}","templated":true}]}}