{"id":11696,"date":"2012-07-14T23:00:07","date_gmt":"2012-07-14T22:00:07","guid":{"rendered":"http:\/\/www.revue3emillenaire.com\/blog\/?p=11696"},"modified":"2012-07-15T15:26:18","modified_gmt":"2012-07-15T14:26:18","slug":"le-manque-dideal-par-michel-guillaume","status":"publish","type":"post","link":"https:\/\/www.revue3emillenaire.com\/blog\/le-manque-dideal-par-michel-guillaume\/","title":{"rendered":"Le manque d\u2019Id\u00e9al par Michel Guillaume"},"content":{"rendered":"<p style=\"text-align: justify;\">(Revue La pens\u00e9es soufie. N<sup>o<\/sup> 49. 1974)<\/p>\n<p style=\"text-align: justify;\">(Extrait de l\u2019\u00e9ditorial. Le titre est de 3e Mill\u00e9naire)<\/p>\n<p style=\"text-align: justify;\">On entend de bien des c\u00f4t\u00e9s, formuler des reproches contre la civilisation que nous vivons \u2014 ou contre ce qui nous en tient lieu pour le moment. Parmi les d\u00e9fauts qu&rsquo;on lui trouve il en est un qui revient avec fr\u00e9quence: c&rsquo;est le manque d&rsquo;id\u00e9al. La soci\u00e9t\u00e9 manquerait d&rsquo;id\u00e9al, la jeunesse manquerait d&rsquo;id\u00e9al, la vie telle que nous la vivons manquerait d\u2019id\u00e9al.<\/p>\n<p style=\"text-align: justify;\">Il y a, bien s\u00fbr, du vrai et du faux dans ce point de vue.<\/p>\n<p style=\"text-align: justify;\">Commen\u00e7ons par le Faux. Je ne suis pas bien s\u00fbr, en effet, que le reproche de manquer d&rsquo;id\u00e9al soit totalement fond\u00e9 en ce qui concerne la soci\u00e9t\u00e9. Dans le chaos des vieilles choses qui meurent et des choses nouvelles qui viennent \u00e0 l&rsquo;existence, il semble au contraire qu&rsquo;un grand id\u00e9al commence \u00e0 \u00eatre perceptible, et c&rsquo;est celui de la solidarit\u00e9.<\/p>\n<p style=\"text-align: justify;\">Sans doute la soci\u00e9t\u00e9 actuelle ne sait-elle pas comment l&rsquo;atteindre encore et les efforts faits dans ce sens sont-ils encore parcellaires et abondamment contrari\u00e9s par des int\u00e9r\u00eats financiers ou d\u00e9vi\u00e9s par la soif de pouvoir des factions politiques. Mais il existe. Par id\u00e9al de solidarit\u00e9 j&rsquo;entends cette id\u00e9e collective qui git dans l&rsquo;esprit des gens et gr\u00e2ce \u00e0 laquelle la conscience publique commence \u00e0 trouver scandaleux que des populations enti\u00e8res meurent de faim quand nous avons plus qu&rsquo;\u00e0 notre suffisance, ou encore par exemple que certaines cat\u00e9gories de travailleurs aient des conditions de vie ind\u00e9centes par rapport \u00e0 celles d&rsquo;autres cat\u00e9gories de travailleurs. Malgr\u00e9 soi l&rsquo;on se sent, comme on dit \u00ab\u00a0mauvaise conscience\u00a0\u00bb et c&rsquo;est l\u00e0 un fait compl\u00e8tement nouveau dans l&rsquo;histoire de l\u2019humanit\u00e9 pensante.<\/p>\n<p style=\"text-align: justify;\">On dira que cela est d\u00fb \u00e0 la rapidit\u00e9 et \u00e0 la facilit\u00e9 des communications, \u00e0 l&rsquo;extension nouvelle des moyens d&rsquo;information qui font que chaque partie de l&rsquo;humanit\u00e9 a rapidement connaissance de ce qui atteint chaque autre.<\/p>\n<p style=\"text-align: justify;\">Il n&#8217;emp\u00eache que c&rsquo;est une prise de conscience active, et ind\u00e9niable, si elle n&rsquo;est pas encore suivie d&rsquo;effets tr\u00e8s visibles. Il faut se rappeler qu&rsquo;il y eut un temps o\u00f9 l&rsquo;esclave n&#8217;emp\u00eachait pas son maitre de se sentir vertueux et o\u00f9 la famine dans un pays voisin laissait inconcerner les bonnes \u00e2mes du pays limitrophe.<\/p>\n<p style=\"text-align: justify;\">C&rsquo;est pourtant cela que nous voyons en train de changer sous nos yeux et certainement, c&rsquo;est un signe pour l&rsquo;avenir, sinon encore tout-\u00e0-fait pour le pr\u00e9sent. C&rsquo;est un id\u00e9al encore \u00e0 peine dessin\u00e9 dont on ne commence \u00e0 prendre qu&rsquo;une conscience h\u00e9sitante et timide. Quand cette conscience sera devenue claire \u00e9vidente, le pas suivant viendra certainement, qui fera que l&rsquo;on se demandera pourquoi nous sommes solidaires, qu&rsquo;est-ce qui fait que nous nous sentons atteints par la souffrance d&rsquo;autrui. Ce jour-l\u00e0, la g\u00e9n\u00e9ralit\u00e9 comprendra plus claire ment qu&rsquo;autrui n&rsquo;est qu&rsquo;un autre nous-m\u00eame et qu&rsquo;un fil invisible nous relie les uns aux autres. Ainsi l&rsquo;humanit\u00e9 pourra s&rsquo;approcher de la r\u00e9alisation int\u00e9rieure de l&rsquo;Unit\u00e9.<\/p>\n<p style=\"text-align: justify;\">Mais ce qui pr\u00e9c\u00e8de concerne l\u2019id\u00e9al inh\u00e9rent \u00e0 la conscience collective. Il y a aussi les id\u00e9aux individuels. Il y a cette image que chacun tient devant les yeux de son esprit et qu&rsquo;il essaye d&rsquo;atteindre, de r\u00e9aliser dans sa vie. Et il apparait que dans ce domaine r\u00e8gne aujourd&rsquo;hui une certaine pauvret\u00e9. Les mod\u00e8les propos\u00e9s aux populations par la presse, la t\u00e9l\u00e9vision, le cin\u00e9ma ou la litt\u00e9rature : le financier qui r\u00e9ussit, la vedette riche et adul\u00e9e (peu importe si elle a du talent), le sportif multimillionnaire, ou m\u00eame le gagnant au tierce sont des id\u00e9aux qui \u00ab\u00a0volent bas\u00a0\u00bb pour employer une expression qui dit bien ce qu&rsquo;elle veut dire. Je sais bien qu\u2019il en est d&rsquo;autres, et d&rsquo;un genre plus noble, comme par exemple le r\u00e9volutionnaire qui donne sa vie (souvent d&rsquo;ailleurs apr\u00e8s en avoir sacrifi\u00e9 quelques autres) pour le triomphe de ses id\u00e9es, ou bien celui qui s&rsquo;en va explorer des mers impossibles sur un petit voilier pour se retremper lui-m\u00eame, se surmonter et se trouver lui-m\u00eame dans une nature tr\u00e8s hostile.<\/p>\n<p style=\"text-align: justify;\">Et cependant il semble manquer quelque chose m\u00eame aux id\u00e9aux de ce genre-l\u00e0. Nous sentons qu&rsquo;il y a encore quelque chose de plus haut que les destin\u00e9es simplement h\u00e9ro\u00efques. Ce n&rsquo;est pourtant pas que l&rsquo;aspiration \u00e0 ce quelque chose de plus haut manque dans les c\u0153urs des \u00eatres humains d&rsquo;aujourd&rsquo;hui. C&rsquo;est que le chaos pr\u00e9sent a brouill\u00e9 l&rsquo;image de l&rsquo;id\u00e9al ultime auquel finissent par aboutir tous les autres, et dont tous les autres tirent leur attraction et leur force. Il est, certes, difficile d&rsquo;expliquer cela tr\u00e8s clairement parce que cela r\u00e9pond \u00e0 une loi psychologique fort subtile et qui plonge dans des profondeurs supra-conscientes. Mais peut-\u00eatre les quelques d\u00e9veloppements que j&rsquo;en donnerai plus loin pourront faire mieux comprendre ce que je veux indiquer.<\/p>\n<p style=\"text-align: justify;\">En tous cas, il semble que cette relative pauvrets des id\u00e9aux propos\u00e9s dans la phase actuelle de la soci\u00e9t\u00e9 ait comme cons\u00e9quence que beaucoup d&rsquo;\u00eatres jeunes soient d\u00e9sorient\u00e9s m\u00e9contents et sans courage et sans go\u00fbt devant la vie. L&rsquo;avenir n&rsquo;a pas de charme pour eux et l&rsquo;on dirait qu&rsquo;ils ne connaissent pas l&rsquo;espoir. Pourtant, aussit\u00f4t que l&rsquo;id\u00e9al commence \u00e0 se dessiner dans un c\u0153ur humain, l&rsquo;espoir s&rsquo;allume; l&rsquo;un et l&rsquo;autre sont exactement contemporains. Que cet id\u00e9al apparaisse comme un but tout-\u00e0-fait mat\u00e9riel ou bien comme un objet moral (par exemple, l&rsquo;am\u00e9lioration des conditions de vie d&rsquo;autrui, ou d&rsquo;une communaut\u00e9) ou comme une \u0153uvre artistique ou une recherche scientifique n&rsquo;a pas d&rsquo;importance. Comme le dit Hazrat Inayat, la recherche d&rsquo;un certain id\u00e9al limit\u00e9 est un pas en avant qui rapproche de l&rsquo;id\u00e9al ultime.<\/p>\n<p style=\"text-align: justify;\">Mais tant que cet id\u00e9al ultime restera voil\u00e9 et indistinct ou m\u00eame pire : tant qu&rsquo;il sera ni\u00e9 devant la grande masse des gens, il manquera la vie et l&rsquo;attraction finales \u00e0 leurs id\u00e9aux respectifs; tant que l&rsquo;id\u00e9al de la vie divine, infinie et \u00e9ternelle venant vivre dans l&rsquo;homme la vie humaine, n&rsquo;aura pas f\u00e9cond\u00e9 \u00e0 nouveau le tuf de notre culture, beaucoup d&rsquo;\u00eatres seront g\u00ean\u00e9s pour donner carri\u00e8re, pleinement et sans r\u00e9serve, \u00e0 leur id\u00e9al personnel, parce qu&rsquo;inconsciemment ils seront frapp\u00e9s par son caract\u00e8re \u00e9troit, limit\u00e9. Ils ont inconsciemment (ou peut-\u00eatre faudrait-il dire \u00ab\u00a0supra-consciemment\u00a0\u00bb) besoin de percevoir, de sentir, qu&rsquo;\u00e0 l&rsquo;arri\u00e8re-plan de cet id\u00e9al s&rsquo;\u00e9tend tout un autre domaine, et que leur id\u00e9al limit\u00e9 leur ouvre la porte \u00e0 une carri\u00e8re sans limites. Si en effet l&rsquo;homme conscient s&rsquo;effraye de l&rsquo;infini, le c\u00f4t\u00e9 inconscient de sa nature en \u00e9prouve un besoin vital. Nous vivons plong\u00e9s dans ce paradoxe.<\/p>\n<p style=\"text-align: justify;\">L&rsquo;aspect le plus \u00e9vident de ce besoin d&rsquo;infini est la croyance \u00e0 la survie apr\u00e8s la mort. La croyance spontan\u00e9e de tous les peuples a toujours \u00e9t\u00e9, est, et certainement sera la vie \u00e9ternelle, c&rsquo;est-\u00e0-dire infinie dans le temps. M\u00eame ceux qui pr\u00e9tendent ne pas y croire voudraient bien, au fond, qu&rsquo;il en soit ainsi. A la suite d&rsquo;un raisonnement quelconque, ils en sont venus \u00e0 l&rsquo;id\u00e9e qu&rsquo;il n&rsquo;y a pas de \u00a0survie apr\u00e8s la mort, mais ils en restent, quand on creuse un peu la question avec eux, affreusement d\u00e9\u00e7us. Il en est de m\u00eame pour l&rsquo;infini de l&rsquo;espace: nous sommes exalt\u00e9s par l&rsquo;id\u00e9e que l&rsquo;espace dans lequel s&rsquo;\u00e9tend cet univers visible, dans lequel il a sa vie et son mouvement, est infini. Les savants ont beau nous dire que l&rsquo;univers astronomique est fini, limit\u00e9, (avec ce correctif qu&rsquo;il serait \u00ab\u00a0en expansion\u00a0\u00bb), nous ne pouvons nous emp\u00eacher d&rsquo;imaginer que l&rsquo;espace virtuel dans lequel, il peut ainsi s&rsquo;\u00e9tendre, n&rsquo;est pas, lui, limit\u00e9.<\/p>\n<p style=\"text-align: justify;\">Et il en est de m\u00eame pour l&rsquo;id\u00e9al de l&rsquo;homme. Derri\u00e8re et au-del\u00e0 de tous les id\u00e9aux limit\u00e9s qu&rsquo;il peut concevoir et ch\u00e9rir dans son c\u0153ur s&rsquo;\u00e9tend l&rsquo;id\u00e9al du Saint, du Sage et du Proph\u00e8te, qui repr\u00e9sente la part d&rsquo;infini dans la destin\u00e9e humaine.<\/p>\n<p style=\"text-align: justify;\">Mais l&rsquo;image m\u00eame du Saint, du Sage et du Proph\u00e8te, partout pr\u00e9sente \u00e0 d&rsquo;autres \u00e9poques de notre civilisation (au moyen \u00e2ge par exemple) s&rsquo;est peu \u00e0 peu estomp\u00e9e et a fini par n&rsquo;\u00eatre plus per\u00e7ue. On ne croit m\u00eame plus que la saintet\u00e9 puisse exister ni qu&rsquo;un \u00eatre humain puisse l&rsquo;atteindre. Et si l&rsquo;on s&rsquo;amusait au jeu des sondages en posant \u00e0 tout un chacun une question comme celle-ci \u00ab\u00a0Que feriez-vous si on vous apprenait que l&rsquo;une de vos connaissances se mettait \u00e0 chercher la saintet\u00e9?\u00a0\u00bb il y a gros \u00e0 parier que la majorit\u00e9 des gens proposerait de confier ce v\u00e9sanique aux bons soins d&rsquo;un psychiatre pour lui remettre les id\u00e9es en place.<\/p>\n<p style=\"text-align: justify;\">J&rsquo;entends bien que \u00ab\u00a0chercher la saintet\u00e9\u00a0\u00bb est une mani\u00e8re de parler; il vaudrait mieux dire; \u00ab\u00a0chercher Dieu\u00a0\u00bb ou \u00ab\u00a0la v\u00e9rit\u00e9 int\u00e9rieure\u00a0\u00bb; la saintet\u00e9 n&rsquo;\u00e9tant que la cons\u00e9cration accord\u00e9e de surcroit \u00e0 celui qui est assez avanc\u00e9 vers ce but. Mais, la conscience populaire a toujours pris l&rsquo;objet pour le principe et le signe pour ce qu&rsquo;il signifie. L&rsquo;image du Saint et du Proph\u00e8te a toujours \u00e9t\u00e9 plus facilement appr\u00e9hend\u00e9e par la conscience humaine que \u00a0\u00bbDieu\u00a0\u00bb ou \u00ab\u00a0la V\u00e9rit\u00e9\u00a0\u00bb. D&rsquo;o\u00f9 les images du Christ et des ap\u00f4tres que nous voyons dans nos \u00e9glises.<\/p>\n<p style=\"text-align: justify;\">Il se peut que l&rsquo;\u00e9ditorialiste s&rsquo;\u00e9gare aujourd&rsquo;hui dans des consid\u00e9rations difficiles \u00e0 suivre et peut-\u00eatre, \u00e0 maint \u00a0lecteurs, obscures. Pourtant, comprendre son \u00e9poque, les gens de son \u00e9poque et m\u00e9diter sur les maladies qui les font souffrir permet de se mieux comprendre soi-m\u00eame, en tant que chacun de nous est soumis aux influences, aux id\u00e9es et aux tentations du milieu qui l&rsquo;entoure. Cela peut aussi permettre \u00e0 l&rsquo;occasion, de tendre la main \u00e0 quelqu&rsquo;un qui passe par les m\u00eames difficult\u00e9s par lesquelles nous avons pass\u00e9.<\/p>\n","protected":false},"excerpt":{"rendered":"<p>On entend de bien des c\u00f4t\u00e9s, formuler des reproches contre la civilisation que nous vivons \u2014 ou contre ce qui nous en tient lieu pour le moment. Parmi les d\u00e9fauts qu&rsquo;on lui trouve il en est un qui revient avec fr\u00e9quence: c&rsquo;est le manque d&rsquo;id\u00e9al. La soci\u00e9t\u00e9 manquerait d&rsquo;id\u00e9al, la jeunesse manquerait d&rsquo;id\u00e9al, la vie telle que nous la vivons manquerait d\u2019id\u00e9al.<\/p>\n","protected":false},"author":1,"featured_media":0,"comment_status":"closed","ping_status":"closed","sticky":false,"template":"","format":"standard","meta":{"footnotes":""},"categories":[1090],"tags":[1110,1347],"class_list":["post-11696","post","type-post","status-publish","format-standard","hentry","category-guillaume-michel","tag-ideal","tag-spiritualite"],"yoast_head":"<!-- This site is optimized with the Yoast SEO plugin v27.0 - https:\/\/yoast.com\/product\/yoast-seo-wordpress\/ -->\n<title>Le manque d\u2019Id\u00e9al par Michel Guillaume - 3e mill\u00e9naire - Spiritualit\u00e9 - Connaissance de soi - Non-dualit\u00e9 - M\u00e9ditation<\/title>\n<meta name=\"robots\" content=\"index, follow, max-snippet:-1, max-image-preview:large, max-video-preview:-1\" \/>\n<link rel=\"canonical\" href=\"https:\/\/www.revue3emillenaire.com\/blog\/le-manque-dideal-par-michel-guillaume\/\" \/>\n<meta property=\"og:locale\" content=\"fr_FR\" \/>\n<meta property=\"og:type\" content=\"article\" \/>\n<meta property=\"og:title\" content=\"Le manque d\u2019Id\u00e9al par Michel Guillaume - 3e mill\u00e9naire - Spiritualit\u00e9 - Connaissance de soi - Non-dualit\u00e9 - M\u00e9ditation\" \/>\n<meta property=\"og:description\" content=\"On entend de bien des c\u00f4t\u00e9s, formuler des reproches contre la civilisation que nous vivons \u2014 ou contre ce qui nous en tient lieu pour le moment. Parmi les d\u00e9fauts qu&#039;on lui trouve il en est un qui revient avec fr\u00e9quence: c&#039;est le manque d&#039;id\u00e9al. La soci\u00e9t\u00e9 manquerait d&#039;id\u00e9al, la jeunesse manquerait d&#039;id\u00e9al, la vie telle que nous la vivons manquerait d\u2019id\u00e9al.\" \/>\n<meta property=\"og:url\" content=\"https:\/\/www.revue3emillenaire.com\/blog\/le-manque-dideal-par-michel-guillaume\/\" \/>\n<meta property=\"og:site_name\" content=\"3e mill\u00e9naire - Spiritualit\u00e9 - Connaissance de soi - Non-dualit\u00e9 - M\u00e9ditation\" \/>\n<meta property=\"article:published_time\" content=\"2012-07-14T22:00:07+00:00\" \/>\n<meta property=\"article:modified_time\" content=\"2012-07-15T14:26:18+00:00\" \/>\n<meta name=\"author\" content=\"3e mill\u00e9naire\" \/>\n<meta name=\"twitter:card\" content=\"summary_large_image\" \/>\n<meta name=\"twitter:label1\" content=\"\u00c9crit par\" \/>\n\t<meta name=\"twitter:data1\" content=\"3e mill\u00e9naire\" \/>\n\t<meta name=\"twitter:label2\" content=\"Dur\u00e9e de lecture estim\u00e9e\" \/>\n\t<meta name=\"twitter:data2\" content=\"9 minutes\" \/>\n<script type=\"application\/ld+json\" class=\"yoast-schema-graph\">{\"@context\":\"https:\/\/schema.org\",\"@graph\":[{\"@type\":\"Article\",\"@id\":\"https:\/\/www.revue3emillenaire.com\/blog\/le-manque-dideal-par-michel-guillaume\/#article\",\"isPartOf\":{\"@id\":\"https:\/\/www.revue3emillenaire.com\/blog\/le-manque-dideal-par-michel-guillaume\/\"},\"author\":{\"name\":\"3e mill\u00e9naire\",\"@id\":\"https:\/\/www.revue3emillenaire.com\/blog\/#\/schema\/person\/9a3a7cc4ccaa707f402d4394327106d5\"},\"headline\":\"Le manque d\u2019Id\u00e9al par Michel Guillaume\",\"datePublished\":\"2012-07-14T22:00:07+00:00\",\"dateModified\":\"2012-07-15T14:26:18+00:00\",\"mainEntityOfPage\":{\"@id\":\"https:\/\/www.revue3emillenaire.com\/blog\/le-manque-dideal-par-michel-guillaume\/\"},\"wordCount\":1708,\"keywords\":[\"Id\u00e9al\",\"Spiritualit\u00e9\"],\"articleSection\":[\"Guillaume Michel\"],\"inLanguage\":\"fr-FR\"},{\"@type\":\"WebPage\",\"@id\":\"https:\/\/www.revue3emillenaire.com\/blog\/le-manque-dideal-par-michel-guillaume\/\",\"url\":\"https:\/\/www.revue3emillenaire.com\/blog\/le-manque-dideal-par-michel-guillaume\/\",\"name\":\"Le manque d\u2019Id\u00e9al par Michel Guillaume - 3e mill\u00e9naire - Spiritualit\u00e9 - Connaissance de soi - Non-dualit\u00e9 - M\u00e9ditation\",\"isPartOf\":{\"@id\":\"https:\/\/www.revue3emillenaire.com\/blog\/#website\"},\"datePublished\":\"2012-07-14T22:00:07+00:00\",\"dateModified\":\"2012-07-15T14:26:18+00:00\",\"author\":{\"@id\":\"https:\/\/www.revue3emillenaire.com\/blog\/#\/schema\/person\/9a3a7cc4ccaa707f402d4394327106d5\"},\"breadcrumb\":{\"@id\":\"https:\/\/www.revue3emillenaire.com\/blog\/le-manque-dideal-par-michel-guillaume\/#breadcrumb\"},\"inLanguage\":\"fr-FR\",\"potentialAction\":[{\"@type\":\"ReadAction\",\"target\":[\"https:\/\/www.revue3emillenaire.com\/blog\/le-manque-dideal-par-michel-guillaume\/\"]}]},{\"@type\":\"BreadcrumbList\",\"@id\":\"https:\/\/www.revue3emillenaire.com\/blog\/le-manque-dideal-par-michel-guillaume\/#breadcrumb\",\"itemListElement\":[{\"@type\":\"ListItem\",\"position\":1,\"name\":\"Accueil\",\"item\":\"https:\/\/www.revue3emillenaire.com\/blog\/\"},{\"@type\":\"ListItem\",\"position\":2,\"name\":\"Le manque d\u2019Id\u00e9al par Michel Guillaume\"}]},{\"@type\":\"WebSite\",\"@id\":\"https:\/\/www.revue3emillenaire.com\/blog\/#website\",\"url\":\"https:\/\/www.revue3emillenaire.com\/blog\/\",\"name\":\"3e mill\u00e9naire - Spiritualit\u00e9 - Connaissance de soi - Non-dualit\u00e9 - M\u00e9ditation\",\"description\":\"L&#039;Homme en devenir\",\"potentialAction\":[{\"@type\":\"SearchAction\",\"target\":{\"@type\":\"EntryPoint\",\"urlTemplate\":\"https:\/\/www.revue3emillenaire.com\/blog\/?s={search_term_string}\"},\"query-input\":{\"@type\":\"PropertyValueSpecification\",\"valueRequired\":true,\"valueName\":\"search_term_string\"}}],\"inLanguage\":\"fr-FR\"},{\"@type\":\"Person\",\"@id\":\"https:\/\/www.revue3emillenaire.com\/blog\/#\/schema\/person\/9a3a7cc4ccaa707f402d4394327106d5\",\"name\":\"3e mill\u00e9naire\",\"url\":\"https:\/\/www.revue3emillenaire.com\/blog\/author\/admin\/\"}]}<\/script>\n<!-- \/ Yoast SEO plugin. -->","yoast_head_json":{"title":"Le manque d\u2019Id\u00e9al par Michel Guillaume - 3e mill\u00e9naire - Spiritualit\u00e9 - Connaissance de soi - Non-dualit\u00e9 - M\u00e9ditation","robots":{"index":"index","follow":"follow","max-snippet":"max-snippet:-1","max-image-preview":"max-image-preview:large","max-video-preview":"max-video-preview:-1"},"canonical":"https:\/\/www.revue3emillenaire.com\/blog\/le-manque-dideal-par-michel-guillaume\/","og_locale":"fr_FR","og_type":"article","og_title":"Le manque d\u2019Id\u00e9al par Michel Guillaume - 3e mill\u00e9naire - Spiritualit\u00e9 - Connaissance de soi - Non-dualit\u00e9 - M\u00e9ditation","og_description":"On entend de bien des c\u00f4t\u00e9s, formuler des reproches contre la civilisation que nous vivons \u2014 ou contre ce qui nous en tient lieu pour le moment. Parmi les d\u00e9fauts qu'on lui trouve il en est un qui revient avec fr\u00e9quence: c'est le manque d'id\u00e9al. La soci\u00e9t\u00e9 manquerait d'id\u00e9al, la jeunesse manquerait d'id\u00e9al, la vie telle que nous la vivons manquerait d\u2019id\u00e9al.","og_url":"https:\/\/www.revue3emillenaire.com\/blog\/le-manque-dideal-par-michel-guillaume\/","og_site_name":"3e mill\u00e9naire - Spiritualit\u00e9 - Connaissance de soi - Non-dualit\u00e9 - M\u00e9ditation","article_published_time":"2012-07-14T22:00:07+00:00","article_modified_time":"2012-07-15T14:26:18+00:00","author":"3e mill\u00e9naire","twitter_card":"summary_large_image","twitter_misc":{"\u00c9crit par":"3e mill\u00e9naire","Dur\u00e9e de lecture estim\u00e9e":"9 minutes"},"schema":{"@context":"https:\/\/schema.org","@graph":[{"@type":"Article","@id":"https:\/\/www.revue3emillenaire.com\/blog\/le-manque-dideal-par-michel-guillaume\/#article","isPartOf":{"@id":"https:\/\/www.revue3emillenaire.com\/blog\/le-manque-dideal-par-michel-guillaume\/"},"author":{"name":"3e mill\u00e9naire","@id":"https:\/\/www.revue3emillenaire.com\/blog\/#\/schema\/person\/9a3a7cc4ccaa707f402d4394327106d5"},"headline":"Le manque d\u2019Id\u00e9al par Michel Guillaume","datePublished":"2012-07-14T22:00:07+00:00","dateModified":"2012-07-15T14:26:18+00:00","mainEntityOfPage":{"@id":"https:\/\/www.revue3emillenaire.com\/blog\/le-manque-dideal-par-michel-guillaume\/"},"wordCount":1708,"keywords":["Id\u00e9al","Spiritualit\u00e9"],"articleSection":["Guillaume Michel"],"inLanguage":"fr-FR"},{"@type":"WebPage","@id":"https:\/\/www.revue3emillenaire.com\/blog\/le-manque-dideal-par-michel-guillaume\/","url":"https:\/\/www.revue3emillenaire.com\/blog\/le-manque-dideal-par-michel-guillaume\/","name":"Le manque d\u2019Id\u00e9al par Michel Guillaume - 3e mill\u00e9naire - Spiritualit\u00e9 - Connaissance de soi - Non-dualit\u00e9 - M\u00e9ditation","isPartOf":{"@id":"https:\/\/www.revue3emillenaire.com\/blog\/#website"},"datePublished":"2012-07-14T22:00:07+00:00","dateModified":"2012-07-15T14:26:18+00:00","author":{"@id":"https:\/\/www.revue3emillenaire.com\/blog\/#\/schema\/person\/9a3a7cc4ccaa707f402d4394327106d5"},"breadcrumb":{"@id":"https:\/\/www.revue3emillenaire.com\/blog\/le-manque-dideal-par-michel-guillaume\/#breadcrumb"},"inLanguage":"fr-FR","potentialAction":[{"@type":"ReadAction","target":["https:\/\/www.revue3emillenaire.com\/blog\/le-manque-dideal-par-michel-guillaume\/"]}]},{"@type":"BreadcrumbList","@id":"https:\/\/www.revue3emillenaire.com\/blog\/le-manque-dideal-par-michel-guillaume\/#breadcrumb","itemListElement":[{"@type":"ListItem","position":1,"name":"Accueil","item":"https:\/\/www.revue3emillenaire.com\/blog\/"},{"@type":"ListItem","position":2,"name":"Le manque d\u2019Id\u00e9al par Michel Guillaume"}]},{"@type":"WebSite","@id":"https:\/\/www.revue3emillenaire.com\/blog\/#website","url":"https:\/\/www.revue3emillenaire.com\/blog\/","name":"3e mill\u00e9naire - Spiritualit\u00e9 - Connaissance de soi - Non-dualit\u00e9 - M\u00e9ditation","description":"L&#039;Homme en devenir","potentialAction":[{"@type":"SearchAction","target":{"@type":"EntryPoint","urlTemplate":"https:\/\/www.revue3emillenaire.com\/blog\/?s={search_term_string}"},"query-input":{"@type":"PropertyValueSpecification","valueRequired":true,"valueName":"search_term_string"}}],"inLanguage":"fr-FR"},{"@type":"Person","@id":"https:\/\/www.revue3emillenaire.com\/blog\/#\/schema\/person\/9a3a7cc4ccaa707f402d4394327106d5","name":"3e mill\u00e9naire","url":"https:\/\/www.revue3emillenaire.com\/blog\/author\/admin\/"}]}},"_links":{"self":[{"href":"https:\/\/www.revue3emillenaire.com\/blog\/wp-json\/wp\/v2\/posts\/11696","targetHints":{"allow":["GET"]}}],"collection":[{"href":"https:\/\/www.revue3emillenaire.com\/blog\/wp-json\/wp\/v2\/posts"}],"about":[{"href":"https:\/\/www.revue3emillenaire.com\/blog\/wp-json\/wp\/v2\/types\/post"}],"author":[{"embeddable":true,"href":"https:\/\/www.revue3emillenaire.com\/blog\/wp-json\/wp\/v2\/users\/1"}],"replies":[{"embeddable":true,"href":"https:\/\/www.revue3emillenaire.com\/blog\/wp-json\/wp\/v2\/comments?post=11696"}],"version-history":[{"count":0,"href":"https:\/\/www.revue3emillenaire.com\/blog\/wp-json\/wp\/v2\/posts\/11696\/revisions"}],"wp:attachment":[{"href":"https:\/\/www.revue3emillenaire.com\/blog\/wp-json\/wp\/v2\/media?parent=11696"}],"wp:term":[{"taxonomy":"category","embeddable":true,"href":"https:\/\/www.revue3emillenaire.com\/blog\/wp-json\/wp\/v2\/categories?post=11696"},{"taxonomy":"post_tag","embeddable":true,"href":"https:\/\/www.revue3emillenaire.com\/blog\/wp-json\/wp\/v2\/tags?post=11696"}],"curies":[{"name":"wp","href":"https:\/\/api.w.org\/{rel}","templated":true}]}}