{"id":11729,"date":"2012-07-20T13:59:23","date_gmt":"2012-07-20T12:59:23","guid":{"rendered":"http:\/\/www.revue3emillenaire.com\/blog\/?p=11729"},"modified":"2012-07-20T13:59:23","modified_gmt":"2012-07-20T12:59:23","slug":"du-malefice-a-lheresie-entretien-avec-yves-castan","status":"publish","type":"post","link":"https:\/\/www.revue3emillenaire.com\/blog\/du-malefice-a-lheresie-entretien-avec-yves-castan\/","title":{"rendered":"Du mal\u00e9fice \u00e0 l\u2019h\u00e9r\u00e9sie entretien avec Yves Castan"},"content":{"rendered":"<p style=\"text-align: justify;\">(Revue Question De. N<sup>o<\/sup>38. Octobre 1980)<\/p>\n<p style=\"text-align: justify;\"><strong><em>Quels que soient le pays ou l&rsquo;\u00e9poque, magie et sorcellerie sont des constantes in\u00e9branlables de la soci\u00e9t\u00e9 humaine. Leur persistance aujourd&rsquo;hui est donc loin d&rsquo;\u00eatre \u00e9tonnante. L\u2019historien Yves Castan a men\u00e9 \u00e0 partir d&rsquo;une vaste documentation judiciaire, des recherches sur la sorcellerie europ\u00e9enne du XVI<sup>e<\/sup> au XVIII<sup>e<\/sup> si\u00e8cle, recherches qu&rsquo;il a consign\u00e9es dans son livre \u00ab Magie et sorcellerie \u00e0 l&rsquo;\u00e9poque moderne \u00bb (Albin Michel). Le point de vue concis de l&rsquo;historien s&rsquo;av\u00e8re ici pr\u00e9cieux pour comprendre le r\u00f4le de la sorcellerie en tant que prodigieux r\u00e9v\u00e9lateur collectif des mentalit\u00e9s et des soci\u00e9t\u00e9s.<\/em><\/strong><\/p>\n<p style=\"text-align: justify;\"><em>D&rsquo;o\u00f9 vient votre int\u00e9r\u00eat pour la sorcellerie ?<\/em><\/p>\n<p style=\"text-align: justify;\">Du point de vue de l&rsquo;histoire des mentalit\u00e9s, la sorcellerie est un r\u00e9v\u00e9lateur : r\u00e9v\u00e9lateur de conceptions relatives aux formes de causalit\u00e9 en action dans le monde apparent, des r\u00e9actions morales et des tensions avec la repr\u00e9sentation religieuse. Elle pr\u00e9sente des variables int\u00e9ressantes selon les p\u00e9riodes, milieux sociaux, situations, p\u00e9n\u00e9trations des mod\u00e8les scientifiques et religieux, directives politiques, etc. La crise des XVI<sup>e<\/sup> et XVII<sup>e<\/sup> si\u00e8cles offre un int\u00e9r\u00eat particulier en ce qu&rsquo;elle irrite la contrari\u00e9t\u00e9 avec les mod\u00e8les propos\u00e9s et finit par se r\u00e9pandre en Europe occidentale, du moins au niveau judiciaire (le seul qui nous documente), par une fin de non recevoir. Pour une \u00e9tude historique, seul le ph\u00e9nom\u00e8ne de croyance est saisissable, puisque la reconnaissance du fondement en r\u00e9alit\u00e9 n&rsquo;est plus \u00e0 notre port\u00e9e d&rsquo;observation.<\/p>\n<p style=\"text-align: justify;\"><em>Qu&rsquo;est-ce qui d\u00e9termine encore aujourd&rsquo;hui la crainte du sorcier et le recours au d\u00e9senvo\u00fbteur ?<\/em><\/p>\n<p style=\"text-align: justify;\">J&rsquo;ai constat\u00e9 comme d&rsquo;autres ces ph\u00e9nom\u00e8nes mais ne les ai pas \u00e9tudi\u00e9s, d&rsquo;o\u00f9 mes r\u00e9f\u00e9rences aux travaux de Jeanne Favret-Saada et \u00e0 des \u00e9tudes ethnologiques ext\u00e9rieures. Il me semble que le recours magique correspond, comme autrefois sinon au m\u00eame degr\u00e9, \u00e0 la n\u00e9cessit\u00e9 pratique de concevoir ce qui n&rsquo;est pas expliqu\u00e9 par les savoirs habituels, de pourvoir \u00e0 certains besoins ou certaines parades de d\u00e9fense, qu&rsquo;il correspond aussi \u00e0 une exaltation de la volont\u00e9 ou de la terreur. Les domaines d&rsquo;intervention paraissent analogues (ce qui tient aux incertitudes de la sant\u00e9, du succ\u00e8s, de la vuln\u00e9rabilit\u00e9 quand les techniques ordinaires sont en d\u00e9faut). Il faut ajouter \u00e0 cela le besoin d&rsquo;une proche autorit\u00e9, tut\u00e9laire ou redoutable, l\u00e0 o\u00f9 les autorit\u00e9s sociales manquent ou sont trop \u00e9trang\u00e8res.<\/p>\n<p style=\"text-align: justify;\"><em>Quels \u00e9taient le statut, la fonction et l&rsquo;importance du sorcier dans la soci\u00e9t\u00e9 villageoise ?<\/em><\/p>\n<p style=\"text-align: justify;\">Aux XVI<sup>e<\/sup>-XVII<sup>e<\/sup> si\u00e8cles, il s&rsquo;agit surtout de sorci\u00e8res instruites par communication familiale ou de voisinage selon les proc\u00e9d\u00e9s les plus classiques partout expos\u00e9s (mal\u00e9diction, paten\u00f4tres, simulacres, actions analogiques) \u00e0 quoi il faut superposer les contaminations selon la repr\u00e9sentation religieuse (d\u00e9mon, pacte, sabbat) ou les indications particuli\u00e8res du folklore. Ces femmes, de condition indigente ou m\u00e9diocre, tenaient un prestige ambigu \u00e0 la fois r\u00e9mun\u00e9rateur et p\u00e9rilleux d\u00fb aux fonctions consenties ou redout\u00e9es par la communaut\u00e9.<\/p>\n<p style=\"text-align: justify;\"><em>Dans certaines traditions (orientales, africaines, etc.) religion et magie sont si proches qu&rsquo;elles ne peuvent ni se condamner, ni s&rsquo;exclure. Comment comprendre dans le monde catholique cette formidable r\u00e9pression : \u00ab la chasse aux sorci\u00e8res \u00bb ?<\/em><\/p>\n<p style=\"text-align: justify;\">Un christianisme \u00ab \u00e9pur\u00e9 \u00bb ne peut que recommander le respect des causes secondes (d\u00e9terminisme naturel) et de l&rsquo;action providentielle d&rsquo;un Dieu seul, sollicitable par la pri\u00e8re, tandis que les d\u00e9mons n&rsquo;agissent que dans le sens d\u00e9fini par la permission divine, m\u00eame s&rsquo;ils peuvent faire croire au sorcier qu&rsquo;ils d\u00e9terminent leur action. Cette confiance des sorciers et de leurs adeptes prouve leur corruption et ne manque pas d&rsquo;\u00e9tendre le champ de la correction divine, si m\u00eame elle ne finit par entra\u00eener tous les hommes \u00e0 la renonciation aux promesses de salut. Les formes de la religion populaire, avec l&rsquo;extension accord\u00e9e aux divers types de m\u00e9diation, d&rsquo;intercessions, de moyens prophylactiques, \u00e9taient plus conciliables avec les croyances relatives \u00e0 la sorcellerie. Avec le trouble apport\u00e9 par la vision nouvelle de la mort et du jugement (voir Philippe Ari\u00e8s &#8211; <em>L&rsquo;Homme devant la mort<\/em>, Seuil) et le retour \u00e0 l&rsquo;exigence purifi\u00e9e des r\u00e9formes protestantes et de la contre-r\u00e9forme catholique (voir J. Delumeau &#8211; <em>La Peur en Occident<\/em>, 1978 et R. Muchembled &#8211; <em>Proph\u00e8tes et sorciers dans les Pays-Bas<\/em>, <em>XVI<sup>e<\/sup> &#8211; XVIII<sup>e<\/sup> si\u00e8cles<\/em>, 1978), les grandes crises (pestes, \u00e9conomies en mutation, ruine du pouvoir seigneurial, guerres et fiscalit\u00e9s d&rsquo;\u00e9tats) ont aiguill\u00e9 vers la recherche de boucs \u00e9missaires, la condamnation de pervers occultes ou d&rsquo;h\u00e9r\u00e9tiques vouant le monde \u00e0 sa perdition. L&rsquo;espoir d&rsquo;une science rationnelle fait aussi d\u00e9tester ou m\u00e9priser les recours magiques aux sorciers ; il y a une crainte de la constitution d&rsquo;un corps de savoir magique.<\/p>\n<p style=\"text-align: justify;\"><em>Pourquoi la femme est-elle li\u00e9e historiquement \u00e0 la sorcellerie ?<\/em><\/p>\n<p style=\"text-align: justify;\">Sans pr\u00e9tendre \u00e9puiser les causes de cette d\u00e9signation f\u00e9minine, j&rsquo;insisterai sur la sp\u00e9cialisation de la femme dans le biologique. Elle est le champ sexuel, le support de la gestation et de la nourriture des enfants dans leur \u00e2ge le plus fragile ; elle prolonge ce r\u00f4le dans l&rsquo;alimentation des hommes et du b\u00e9tail : fermentation du levain, de la bi\u00e8re, cuisine, etc. Elle para\u00eet plus humorale que l&rsquo;homme, sensible aux influences myst\u00e9rieuses (intuitions, envies, etc.). Les actions et r\u00e9actions des hommes semblent relever de techniques d\u00e9lib\u00e9r\u00e9es plus certaines ou de d\u00e9terminations plus \u00e9videntes.<\/p>\n<p style=\"text-align: justify;\">D&rsquo;autre part, la femme joue dans la communication interne et confidentielle un r\u00f4le plus efficace que celui de l&rsquo;homme qui parle surtout du travail ; c&rsquo;est elle qui, transmet petits secrets et indications suspectes. Donc les accus\u00e9s \u00e9voquent surtout des propos de femmes et la cha\u00eene des accusations remonte \u00e0 travers elles. Plus souvent condamn\u00e9es, sont-elles plus souvent sorci\u00e8res \u00e9tablies ? En tout cas, d\u00e8s la fin du XVII<sup>e<\/sup>, le personnage du sorcier devient aussi fr\u00e9quent ; on lui pr\u00eatre plus volontiers savoir, f\u00e9rocit\u00e9, habilet\u00e9, etc.<\/p>\n<p style=\"text-align: justify;\">Il faut aussi tenir compte de l&rsquo;explication, donn\u00e9e surtout par les historiens anglais, de la r\u00e9duction au r\u00f4le de sorci\u00e8re par le ressentiment des villageois qui devant ces femmes vieillies et sans appui, nombreuses, n\u00e9cessiteuses, font appel \u00e0 une solidarit\u00e9 qu&rsquo;on ne peut absolument pas d\u00e9cevoir dans le cadre communautaire \u00e9branl\u00e9. On se sent coupable du refus et des rudesses qu&rsquo;on leur oppose et l&rsquo;on prend au mot leur mal\u00e9diction&#8230;<\/p>\n<p style=\"text-align: justify;\"><em>Propos recueillis par Zeno Bianu<\/em><\/p>\n","protected":false},"excerpt":{"rendered":"<p>Il me semble que le recours magique correspond, comme autrefois sinon au m\u00eame degr\u00e9, \u00e0 la n\u00e9cessit\u00e9 pratique de concevoir ce qui n&rsquo;est pas expliqu\u00e9 par les savoirs habituels, de pourvoir \u00e0 certains besoins ou certaines parades de d\u00e9fense, qu&rsquo;il correspond aussi \u00e0 une exaltation de la volont\u00e9 ou de la terreur. Les domaines d&rsquo;intervention paraissent analogues (ce qui tient aux incertitudes de la sant\u00e9, du succ\u00e8s, de la vuln\u00e9rabilit\u00e9 quand les techniques ordinaires sont en d\u00e9faut). Il faut ajouter \u00e0 cela le besoin d&rsquo;une proche autorit\u00e9, tut\u00e9laire ou redoutable, l\u00e0 o\u00f9 les autorit\u00e9s sociales manquent ou sont trop \u00e9trang\u00e8res.<\/p>\n","protected":false},"author":1,"featured_media":0,"comment_status":"closed","ping_status":"closed","sticky":false,"template":"","format":"standard","meta":{"footnotes":""},"categories":[1060,5],"tags":[647,377],"class_list":["post-11729","post","type-post","status-publish","format-standard","hentry","category-bianu-zeno","category-interview","tag-histoire","tag-sorcellerie"],"yoast_head":"<!-- This site is optimized with the Yoast SEO plugin v27.0 - https:\/\/yoast.com\/product\/yoast-seo-wordpress\/ -->\n<title>Du mal\u00e9fice \u00e0 l\u2019h\u00e9r\u00e9sie entretien avec Yves Castan - 3e mill\u00e9naire - Spiritualit\u00e9 - Connaissance de soi - Non-dualit\u00e9 - M\u00e9ditation<\/title>\n<meta name=\"robots\" content=\"index, follow, max-snippet:-1, max-image-preview:large, max-video-preview:-1\" \/>\n<link rel=\"canonical\" href=\"https:\/\/www.revue3emillenaire.com\/blog\/du-malefice-a-lheresie-entretien-avec-yves-castan\/\" \/>\n<meta property=\"og:locale\" content=\"fr_FR\" \/>\n<meta property=\"og:type\" content=\"article\" \/>\n<meta property=\"og:title\" content=\"Du mal\u00e9fice \u00e0 l\u2019h\u00e9r\u00e9sie entretien avec Yves Castan - 3e mill\u00e9naire - Spiritualit\u00e9 - Connaissance de soi - Non-dualit\u00e9 - M\u00e9ditation\" \/>\n<meta property=\"og:description\" content=\"Il me semble que le recours magique correspond, comme autrefois sinon au m\u00eame degr\u00e9, \u00e0 la n\u00e9cessit\u00e9 pratique de concevoir ce qui n&#039;est pas expliqu\u00e9 par les savoirs habituels, de pourvoir \u00e0 certains besoins ou certaines parades de d\u00e9fense, qu&#039;il correspond aussi \u00e0 une exaltation de la volont\u00e9 ou de la terreur. Les domaines d&#039;intervention paraissent analogues (ce qui tient aux incertitudes de la sant\u00e9, du succ\u00e8s, de la vuln\u00e9rabilit\u00e9 quand les techniques ordinaires sont en d\u00e9faut). Il faut ajouter \u00e0 cela le besoin d&#039;une proche autorit\u00e9, tut\u00e9laire ou redoutable, l\u00e0 o\u00f9 les autorit\u00e9s sociales manquent ou sont trop \u00e9trang\u00e8res.\" \/>\n<meta property=\"og:url\" content=\"https:\/\/www.revue3emillenaire.com\/blog\/du-malefice-a-lheresie-entretien-avec-yves-castan\/\" \/>\n<meta property=\"og:site_name\" content=\"3e mill\u00e9naire - Spiritualit\u00e9 - Connaissance de soi - Non-dualit\u00e9 - M\u00e9ditation\" \/>\n<meta property=\"article:published_time\" content=\"2012-07-20T12:59:23+00:00\" \/>\n<meta name=\"author\" content=\"3e mill\u00e9naire\" \/>\n<meta name=\"twitter:card\" content=\"summary_large_image\" \/>\n<meta name=\"twitter:label1\" content=\"\u00c9crit par\" \/>\n\t<meta name=\"twitter:data1\" content=\"3e mill\u00e9naire\" \/>\n\t<meta name=\"twitter:label2\" content=\"Dur\u00e9e de lecture estim\u00e9e\" \/>\n\t<meta name=\"twitter:data2\" content=\"6 minutes\" \/>\n<script type=\"application\/ld+json\" class=\"yoast-schema-graph\">{\"@context\":\"https:\/\/schema.org\",\"@graph\":[{\"@type\":\"Article\",\"@id\":\"https:\/\/www.revue3emillenaire.com\/blog\/du-malefice-a-lheresie-entretien-avec-yves-castan\/#article\",\"isPartOf\":{\"@id\":\"https:\/\/www.revue3emillenaire.com\/blog\/du-malefice-a-lheresie-entretien-avec-yves-castan\/\"},\"author\":{\"name\":\"3e mill\u00e9naire\",\"@id\":\"https:\/\/www.revue3emillenaire.com\/blog\/#\/schema\/person\/9a3a7cc4ccaa707f402d4394327106d5\"},\"headline\":\"Du mal\u00e9fice \u00e0 l\u2019h\u00e9r\u00e9sie entretien avec Yves Castan\",\"datePublished\":\"2012-07-20T12:59:23+00:00\",\"mainEntityOfPage\":{\"@id\":\"https:\/\/www.revue3emillenaire.com\/blog\/du-malefice-a-lheresie-entretien-avec-yves-castan\/\"},\"wordCount\":1114,\"keywords\":[\"Histoire\",\"sorcellerie\"],\"articleSection\":[\"Bianu Zeno\",\"Entretien\/Interview\"],\"inLanguage\":\"fr-FR\"},{\"@type\":\"WebPage\",\"@id\":\"https:\/\/www.revue3emillenaire.com\/blog\/du-malefice-a-lheresie-entretien-avec-yves-castan\/\",\"url\":\"https:\/\/www.revue3emillenaire.com\/blog\/du-malefice-a-lheresie-entretien-avec-yves-castan\/\",\"name\":\"Du mal\u00e9fice \u00e0 l\u2019h\u00e9r\u00e9sie entretien avec Yves Castan - 3e mill\u00e9naire - Spiritualit\u00e9 - Connaissance de soi - Non-dualit\u00e9 - M\u00e9ditation\",\"isPartOf\":{\"@id\":\"https:\/\/www.revue3emillenaire.com\/blog\/#website\"},\"datePublished\":\"2012-07-20T12:59:23+00:00\",\"author\":{\"@id\":\"https:\/\/www.revue3emillenaire.com\/blog\/#\/schema\/person\/9a3a7cc4ccaa707f402d4394327106d5\"},\"breadcrumb\":{\"@id\":\"https:\/\/www.revue3emillenaire.com\/blog\/du-malefice-a-lheresie-entretien-avec-yves-castan\/#breadcrumb\"},\"inLanguage\":\"fr-FR\",\"potentialAction\":[{\"@type\":\"ReadAction\",\"target\":[\"https:\/\/www.revue3emillenaire.com\/blog\/du-malefice-a-lheresie-entretien-avec-yves-castan\/\"]}]},{\"@type\":\"BreadcrumbList\",\"@id\":\"https:\/\/www.revue3emillenaire.com\/blog\/du-malefice-a-lheresie-entretien-avec-yves-castan\/#breadcrumb\",\"itemListElement\":[{\"@type\":\"ListItem\",\"position\":1,\"name\":\"Accueil\",\"item\":\"https:\/\/www.revue3emillenaire.com\/blog\/\"},{\"@type\":\"ListItem\",\"position\":2,\"name\":\"Du mal\u00e9fice \u00e0 l\u2019h\u00e9r\u00e9sie entretien avec Yves Castan\"}]},{\"@type\":\"WebSite\",\"@id\":\"https:\/\/www.revue3emillenaire.com\/blog\/#website\",\"url\":\"https:\/\/www.revue3emillenaire.com\/blog\/\",\"name\":\"3e mill\u00e9naire - Spiritualit\u00e9 - Connaissance de soi - Non-dualit\u00e9 - M\u00e9ditation\",\"description\":\"L&#039;Homme en devenir\",\"potentialAction\":[{\"@type\":\"SearchAction\",\"target\":{\"@type\":\"EntryPoint\",\"urlTemplate\":\"https:\/\/www.revue3emillenaire.com\/blog\/?s={search_term_string}\"},\"query-input\":{\"@type\":\"PropertyValueSpecification\",\"valueRequired\":true,\"valueName\":\"search_term_string\"}}],\"inLanguage\":\"fr-FR\"},{\"@type\":\"Person\",\"@id\":\"https:\/\/www.revue3emillenaire.com\/blog\/#\/schema\/person\/9a3a7cc4ccaa707f402d4394327106d5\",\"name\":\"3e mill\u00e9naire\",\"url\":\"https:\/\/www.revue3emillenaire.com\/blog\/author\/admin\/\"}]}<\/script>\n<!-- \/ Yoast SEO plugin. -->","yoast_head_json":{"title":"Du mal\u00e9fice \u00e0 l\u2019h\u00e9r\u00e9sie entretien avec Yves Castan - 3e mill\u00e9naire - Spiritualit\u00e9 - Connaissance de soi - Non-dualit\u00e9 - M\u00e9ditation","robots":{"index":"index","follow":"follow","max-snippet":"max-snippet:-1","max-image-preview":"max-image-preview:large","max-video-preview":"max-video-preview:-1"},"canonical":"https:\/\/www.revue3emillenaire.com\/blog\/du-malefice-a-lheresie-entretien-avec-yves-castan\/","og_locale":"fr_FR","og_type":"article","og_title":"Du mal\u00e9fice \u00e0 l\u2019h\u00e9r\u00e9sie entretien avec Yves Castan - 3e mill\u00e9naire - Spiritualit\u00e9 - Connaissance de soi - Non-dualit\u00e9 - M\u00e9ditation","og_description":"Il me semble que le recours magique correspond, comme autrefois sinon au m\u00eame degr\u00e9, \u00e0 la n\u00e9cessit\u00e9 pratique de concevoir ce qui n'est pas expliqu\u00e9 par les savoirs habituels, de pourvoir \u00e0 certains besoins ou certaines parades de d\u00e9fense, qu'il correspond aussi \u00e0 une exaltation de la volont\u00e9 ou de la terreur. Les domaines d'intervention paraissent analogues (ce qui tient aux incertitudes de la sant\u00e9, du succ\u00e8s, de la vuln\u00e9rabilit\u00e9 quand les techniques ordinaires sont en d\u00e9faut). Il faut ajouter \u00e0 cela le besoin d'une proche autorit\u00e9, tut\u00e9laire ou redoutable, l\u00e0 o\u00f9 les autorit\u00e9s sociales manquent ou sont trop \u00e9trang\u00e8res.","og_url":"https:\/\/www.revue3emillenaire.com\/blog\/du-malefice-a-lheresie-entretien-avec-yves-castan\/","og_site_name":"3e mill\u00e9naire - Spiritualit\u00e9 - Connaissance de soi - Non-dualit\u00e9 - M\u00e9ditation","article_published_time":"2012-07-20T12:59:23+00:00","author":"3e mill\u00e9naire","twitter_card":"summary_large_image","twitter_misc":{"\u00c9crit par":"3e mill\u00e9naire","Dur\u00e9e de lecture estim\u00e9e":"6 minutes"},"schema":{"@context":"https:\/\/schema.org","@graph":[{"@type":"Article","@id":"https:\/\/www.revue3emillenaire.com\/blog\/du-malefice-a-lheresie-entretien-avec-yves-castan\/#article","isPartOf":{"@id":"https:\/\/www.revue3emillenaire.com\/blog\/du-malefice-a-lheresie-entretien-avec-yves-castan\/"},"author":{"name":"3e mill\u00e9naire","@id":"https:\/\/www.revue3emillenaire.com\/blog\/#\/schema\/person\/9a3a7cc4ccaa707f402d4394327106d5"},"headline":"Du mal\u00e9fice \u00e0 l\u2019h\u00e9r\u00e9sie entretien avec Yves Castan","datePublished":"2012-07-20T12:59:23+00:00","mainEntityOfPage":{"@id":"https:\/\/www.revue3emillenaire.com\/blog\/du-malefice-a-lheresie-entretien-avec-yves-castan\/"},"wordCount":1114,"keywords":["Histoire","sorcellerie"],"articleSection":["Bianu Zeno","Entretien\/Interview"],"inLanguage":"fr-FR"},{"@type":"WebPage","@id":"https:\/\/www.revue3emillenaire.com\/blog\/du-malefice-a-lheresie-entretien-avec-yves-castan\/","url":"https:\/\/www.revue3emillenaire.com\/blog\/du-malefice-a-lheresie-entretien-avec-yves-castan\/","name":"Du mal\u00e9fice \u00e0 l\u2019h\u00e9r\u00e9sie entretien avec Yves Castan - 3e mill\u00e9naire - Spiritualit\u00e9 - Connaissance de soi - Non-dualit\u00e9 - M\u00e9ditation","isPartOf":{"@id":"https:\/\/www.revue3emillenaire.com\/blog\/#website"},"datePublished":"2012-07-20T12:59:23+00:00","author":{"@id":"https:\/\/www.revue3emillenaire.com\/blog\/#\/schema\/person\/9a3a7cc4ccaa707f402d4394327106d5"},"breadcrumb":{"@id":"https:\/\/www.revue3emillenaire.com\/blog\/du-malefice-a-lheresie-entretien-avec-yves-castan\/#breadcrumb"},"inLanguage":"fr-FR","potentialAction":[{"@type":"ReadAction","target":["https:\/\/www.revue3emillenaire.com\/blog\/du-malefice-a-lheresie-entretien-avec-yves-castan\/"]}]},{"@type":"BreadcrumbList","@id":"https:\/\/www.revue3emillenaire.com\/blog\/du-malefice-a-lheresie-entretien-avec-yves-castan\/#breadcrumb","itemListElement":[{"@type":"ListItem","position":1,"name":"Accueil","item":"https:\/\/www.revue3emillenaire.com\/blog\/"},{"@type":"ListItem","position":2,"name":"Du mal\u00e9fice \u00e0 l\u2019h\u00e9r\u00e9sie entretien avec Yves Castan"}]},{"@type":"WebSite","@id":"https:\/\/www.revue3emillenaire.com\/blog\/#website","url":"https:\/\/www.revue3emillenaire.com\/blog\/","name":"3e mill\u00e9naire - Spiritualit\u00e9 - Connaissance de soi - Non-dualit\u00e9 - M\u00e9ditation","description":"L&#039;Homme en devenir","potentialAction":[{"@type":"SearchAction","target":{"@type":"EntryPoint","urlTemplate":"https:\/\/www.revue3emillenaire.com\/blog\/?s={search_term_string}"},"query-input":{"@type":"PropertyValueSpecification","valueRequired":true,"valueName":"search_term_string"}}],"inLanguage":"fr-FR"},{"@type":"Person","@id":"https:\/\/www.revue3emillenaire.com\/blog\/#\/schema\/person\/9a3a7cc4ccaa707f402d4394327106d5","name":"3e mill\u00e9naire","url":"https:\/\/www.revue3emillenaire.com\/blog\/author\/admin\/"}]}},"_links":{"self":[{"href":"https:\/\/www.revue3emillenaire.com\/blog\/wp-json\/wp\/v2\/posts\/11729","targetHints":{"allow":["GET"]}}],"collection":[{"href":"https:\/\/www.revue3emillenaire.com\/blog\/wp-json\/wp\/v2\/posts"}],"about":[{"href":"https:\/\/www.revue3emillenaire.com\/blog\/wp-json\/wp\/v2\/types\/post"}],"author":[{"embeddable":true,"href":"https:\/\/www.revue3emillenaire.com\/blog\/wp-json\/wp\/v2\/users\/1"}],"replies":[{"embeddable":true,"href":"https:\/\/www.revue3emillenaire.com\/blog\/wp-json\/wp\/v2\/comments?post=11729"}],"version-history":[{"count":0,"href":"https:\/\/www.revue3emillenaire.com\/blog\/wp-json\/wp\/v2\/posts\/11729\/revisions"}],"wp:attachment":[{"href":"https:\/\/www.revue3emillenaire.com\/blog\/wp-json\/wp\/v2\/media?parent=11729"}],"wp:term":[{"taxonomy":"category","embeddable":true,"href":"https:\/\/www.revue3emillenaire.com\/blog\/wp-json\/wp\/v2\/categories?post=11729"},{"taxonomy":"post_tag","embeddable":true,"href":"https:\/\/www.revue3emillenaire.com\/blog\/wp-json\/wp\/v2\/tags?post=11729"}],"curies":[{"name":"wp","href":"https:\/\/api.w.org\/{rel}","templated":true}]}}