{"id":12004,"date":"2012-08-28T16:37:29","date_gmt":"2012-08-28T15:37:29","guid":{"rendered":"http:\/\/www.revue3emillenaire.com\/blog\/?p=12004"},"modified":"2012-08-28T16:37:29","modified_gmt":"2012-08-28T15:37:29","slug":"lau-dela-est-en-nous-par-le-docteur-eugene-osty-et-presentation-par-maurice-gouineau","status":"publish","type":"post","link":"https:\/\/www.revue3emillenaire.com\/blog\/lau-dela-est-en-nous-par-le-docteur-eugene-osty-et-presentation-par-maurice-gouineau\/","title":{"rendered":"L\u2019au-del\u00e0 est en nous par le Docteur Eug\u00e8ne Osty et pr\u00e9sentation par Maurice Gouineau"},"content":{"rendered":"<p style=\"text-align: justify;\">(Revue Psi International. No 4. Mars-Avril 1978)<\/p>\n<p style=\"text-align: justify;\"><em><span style=\"text-decoration: underline;\">Note\u00a0: les dates sont relatives \u00e0 la date de parution de cet article en 1978<\/span><\/em><\/p>\n<p style=\"text-align: justify;\"><strong>L&rsquo;opposition \u2014 d\u00e9clar\u00e9e ou occulte \u2014 \u00e0 la parapsychologie ne d\u00e9sarme pas. Mar\u00e9 des apports pleins de promesses, malgr\u00e9 des exp\u00e9riences positives s\u00e9v\u00e8rement contr\u00f4l\u00e9es, les savants officiels \u2014 \u00e0 de tr\u00e8s rares exceptions pr\u00e8s \u2014 ne veulent ni voir, ni entendre\u00a0!<\/strong><\/p>\n<p style=\"text-align: justify;\"><strong>En revenant cinquante ans en arri\u00e8re, on s&rsquo;aper\u00e7oit que des ph\u00e9nom\u00e8nes paranormaux indiscutables \u2014 en radiesth\u00e9sie par exemple \u2014 ont eu beau se produire et se reproduire des milliers de fois, ils n&rsquo;ont rencontr\u00e9 qu&rsquo;indigence et, parfois, m\u00e9pris.<\/strong><\/p>\n<p style=\"text-align: justify;\"><strong>Eh bien, apr\u00e8s un demi-si\u00e8cle, aucun mouvement important ne s&rsquo;est amorc\u00e9\u00a0! Ce qui n&#8217;emp\u00eache pas que dans de nombreux pays, la justice, la police, l&rsquo;arm\u00e9e, les g\u00e9ologues, les hygi\u00e9nistes, les industriels, les agriculteurs font appel, en cachette si possible, aux clairvoyants. Il y a l\u00e0 autant d&rsquo;hypocrisie que d\u2019aberration.<\/strong><\/p>\n<p style=\"text-align: justify;\"><strong>Dans notre article, nous allons voir ce qu&rsquo;\u00e9tait la radiesth\u00e9sie, il y a un demi-si\u00e8cle. Nous allons relire les d\u00e9clarations d&rsquo;un savant : Armand Vir\u00e9 ; d&rsquo;un religieux l&rsquo;Abb\u00e9 Mermet ; d&rsquo;un horticulteur : Joseph Treyre <a id=\"ftnref1\" href=\"#ftn1\"><strong>[1]<\/strong><\/a>, celui-ci longuement \u00e9tudi\u00e9 par le <\/strong><a href=\"http:\/\/www.revue3emillenaire.com\/blog\/?p=10696\"><strong>Docteur Osty<\/strong><\/a><strong>, Directeur de l&rsquo;Institut M\u00e9tapsychique International.<\/strong><\/p>\n<p style=\"text-align: justify;\"><strong>A l&rsquo;\u00e9poque, les laboratoires officiels sont demeur\u00e9s clos. Cinquante ans apr\u00e8s, ils ne se sont m\u00eame pas entrouverts\u00a0! Cette situation pourrait entra\u00eener le d\u00e9couragement. <\/strong><\/p>\n<p style=\"text-align: justify;\"><strong>Que personne \u2014 aux sommets nationaux ou internationaux \u2014 n&rsquo;ait voulu se pencher sur ces dossiers ; que parmi les officiels, aucun physiologiste ou psychologue ou physicien n&rsquo;ait cru devoir leur accorder quelques instants d&rsquo;attention, cela est inacceptable\u00a0! Nous ne l&rsquo;acceptons pas&#8230; unbearable, comme le diraient nos amis&#8230; around the world.<\/strong><\/p>\n<table width=\"414\" border=\"1\" cellspacing=\"0\" cellpadding=\"0\">\n<tbody>\n<tr>\n<td valign=\"top\" width=\"414\">\n<p align=\"center\"><em><strong>Les le\u00e7ons du pass\u00e9<\/strong><\/em><\/p>\n<p align=\"center\"><em>Le Docteur Eug\u00e8ne Osty affirmait, il y a 40 ans : \u00ab Je suis certain que la pr\u00e9connaissance du devenir individuel existe. \u00bb<\/em><\/p>\n<\/td>\n<\/tr>\n<\/tbody>\n<\/table>\n<p style=\"text-align: justify;\">A \u00e9gale distance de la fin du premier conflit mondial et du d\u00e9but de la dr\u00f4le de guerre se place \u2014 il y a cinquante ans environ \u2014 un sommet : celui de la radiesth\u00e9sie. La presse et la radio faisaient une place de plus en plus importante aux sourciers group\u00e9s en une Soci\u00e9t\u00e9 des Amis de la Radiesth\u00e9sie, pr\u00e9sid\u00e9e par le vicomte Henry de France, de r\u00e9putation internationale.<\/p>\n<p style=\"text-align: justify;\">J&rsquo;\u00e9tais alors r\u00e9dacteur en chef de la revue : \u00ab Je sais tout \u00bb et mon conseiller scientifique, le professeur d&rsquo;Arsonval, membre de l&rsquo;Acad\u00e9mie de M\u00e9decine et de l&rsquo;Acad\u00e9mie des Sciences, m&rsquo;avait vivement incit\u00e9 \u00e0 entreprendre une campagne pour vulgariser ces pratiques \u00ab paranormales \u00bb.<\/p>\n<p style=\"text-align: justify;\">Ce qui fut fait. Dans les nombreux articles publi\u00e9s il y a un demi-si\u00e8cle, nous avons s\u00e9lectionn\u00e9 quelques passages caract\u00e9ristiques. Les voici.<\/p>\n<p style=\"text-align: justify;\">\u00c9coutons d&rsquo;abord Armand Vir\u00e9, docteur \u00e8s sciences et directeur de laboratoire au Mus\u00e9um National d&rsquo;Histoire Naturelle. Il raconte comment il entra dans la \u00ab sourcellerie \u00bb alors qu&rsquo;il assistait en curieux \u00e0 des exp\u00e9riences de baguettisants.<\/p>\n<p style=\"text-align: justify;\"><em>\u00ab Entre badauds, nous caus\u00e2mes. Quelqu&rsquo;un m&rsquo;ayant demand\u00e9 de faire voir comment les sourciers tenaient leurs baguettes, j&rsquo;en coupai une dans une haie et fis la d\u00e9monstration. Par plaisanterie, je fis mine de chercher des sources.<\/em><\/p>\n<p style=\"text-align: justify;\"><em>\u00ab Jusqu&rsquo;ici, en effet, l&rsquo;id\u00e9e ne m&rsquo;avait jamais effleur\u00e9 l&rsquo;esprit que je pusse moi-m\u00eame effectuer la moindre exp\u00e9rience dans cet ordre de faits.<\/em><\/p>\n<p style=\"text-align: justify;\"><em>\u00ab Tout-\u00e0-coup, en causant de choses quelconques, j&rsquo;\u00e9prouve une sensation bizarre, et je vois l&rsquo;extr\u00e9mit\u00e9 de la baguette baisser lentement vers le sol. Je continue \u00e0 avancer et fais tous mes efforts, par une torsion en sens contraire des poignets, pour arr\u00eater sa marche. Bien en vain, car la baguette, sur ces entrefaites, se met \u00e0 la position verticale. Plus \u00e9tonn\u00e9 encore que les t\u00e9moins, je recommen\u00e7ai l&rsquo;exp\u00e9rience cinq ou six fois dans des sens diff\u00e9rents, et toujours avec le m\u00eame r\u00e9sultat. Les sondages montr\u00e8rent quelques jours plus tard qu&rsquo;un gros filet d&rsquo;eau passait effectivement \u00e0 cet endroit.<\/em><\/p>\n<p style=\"text-align: justify;\"><em>\u00ab Au moment de la r\u00e9v\u00e9lation, je faisais, m&rsquo;a-t-on dit, \u00ab une dr\u00f4le, de figure&#8230; \u00bb Mettez-vous \u00e0 ma place ! La surprise de constater que j&rsquo;\u00e9tais moi-m\u00eame sourcier, la joie de pouvoir poursuivre directement des exp\u00e9riences sur ce sujet myst\u00e9rieux, le d\u00e9sir d&rsquo;approfondir de nouveaux probl\u00e8mes scientifiques, tout cela, luttant avec un dernier et involontaire sursaut de scepticisme, me transportait dans un monde nouveau et me faisait \u00e9prouver des sentiments confus et contradictoires.<\/em><\/p>\n<p style=\"text-align: justify;\"><em>\u00ab Aussi, bien convaincu d\u00e9sormais qu&rsquo;il existait vraiment un \u00ab ph\u00e9nom\u00e8ne des sourciers \u00bb, j&rsquo;ex\u00e9cutai et fis ex\u00e9cuter par quelques personnes un certain nombre d&rsquo;exp\u00e9riences<\/em> \u00bb.<\/p>\n<p style=\"text-align: justify;\">\u00ab Tout le monde n&rsquo;est pas apte, et nous pouvons d\u00e9j\u00e0 discerner deux grandes cat\u00e9gories d&rsquo;individus, que nous appellerons les positifs et les n\u00e9gatifs.<\/p>\n<p style=\"text-align: justify;\">\u00ab Les n\u00e9gatifs seront ceux qui, quelles que soient les techniques employ\u00e9es jusqu&rsquo;ici, ne peuvent reproduire les ph\u00e9nom\u00e8nes que nous allons \u00e9tudier. Aucune r\u00e9action ne para\u00eet se produire chez eux. Par contre, ils sont dou\u00e9s de la singuli\u00e8re propri\u00e9t\u00e9 d&rsquo;arr\u00eater par leur contact, parfois m\u00eame \u00e0 distance, toute manifestation des ph\u00e9nom\u00e8nes chez les positifs.<\/p>\n<p style=\"text-align: justify;\">\u00ab Qu&rsquo;un positif soit occup\u00e9 \u00e0 faire tourner un pendule ou une baguette, si un n\u00e9gatif vient \u00e0 lui donner la main, \u00e0 lui mettre la main sur l&rsquo;\u00e9paule ou \u00e0 le toucher de quelque mani\u00e8re que ce soit, imm\u00e9diatement le ph\u00e9nom\u00e8ne s&rsquo;arr\u00eate chez le positif.<\/p>\n<p style=\"text-align: justify;\">\u00ab Deux positifs, dix, vingt positifs forment-ils la cha\u00eene, le ph\u00e9nom\u00e8ne se manifeste toujours chez le premier et m\u00eame s&rsquo;amplifie. Un n\u00e9gatif vient-il \u00e0 toucher l&rsquo;extr\u00e9mit\u00e9 la plus \u00e9loign\u00e9e de la cha\u00eene, tout ph\u00e9nom\u00e8ne cesse \u00e0 l&rsquo;autre bout.<\/p>\n<p style=\"text-align: justify;\">\u00ab Tout ceci est connu depuis longtemps, et les anciens sourciers le traduisaient par les expressions imag\u00e9es de \u00ab bonnes mains, mauvaises mains, mains heureuses, mains malheureuses. \u00bb<\/p>\n<p style=\"text-align: justify;\">\u00ab Les positifs paraissent \u00eatre beaucoup plus nombreux que les n\u00e9gatifs. Dans un groupe pris au hasard, on constate souvent une proportion de sept ou huit positifs contre deux ou trois n\u00e9gatifs. Il semblerait toutefois, d&rsquo;apr\u00e8s des exp\u00e9riences r\u00e9centes, que la n\u00e9gativit\u00e9 ne soit pas un vice absolument r\u00e9dhibitoire.<\/p>\n<p style=\"text-align: justify;\">\u00ab D&rsquo;apr\u00e8s Henry de France, l&rsquo;abb\u00e9 Mermet <a id=\"ftnref2\" href=\"#ftn2\">[2]<\/a>, mon collaborateur L\u00e9on, etc., les n\u00e9gatifs, par un entra\u00eenement sp\u00e9cial ou la correction artificielle de certaines de leurs propri\u00e9t\u00e9s physiologiques, pourraient r\u00e9ussir \u00e0 faire tourner correctement la baguette. Mais jusqu&rsquo;\u00e0 nouvel ordre, on peut penser qu&rsquo;ils ne peuvent faire que de tr\u00e8s m\u00e9diocres sourciers.<\/p>\n<p style=\"text-align: justify;\">\u00ab Il est d&rsquo;ailleurs, dans tout cela, des degr\u00e9s et le pouvoir d&rsquo;opposition des n\u00e9gatifs va croissant ou s&rsquo;att\u00e9nue selon les individus.<\/p>\n<p style=\"text-align: justify;\">\u00ab Les positifs pr\u00e9sentent \u00e9galement toute une gamme. Les uns \u2014 c&rsquo;est le plus grand nombre,\u2014 n&rsquo;accusent pas, au moins ordinairement, des perceptions conscientes. Ils voient s&rsquo;agiter dans leurs mains l&rsquo;instrument dont nous parlerons tout \u00e0 l&rsquo;heure. Ils en \u00e9tudient les mouvements, qui sont relativement vari\u00e9s et qui diff\u00e8rent quelque peu selon les individus. Ils peuvent, par une longue observation, en tirer des conclusions. D&rsquo;autres encore, assez nombreux, \u00e9prouvent une sensation l\u00e9g\u00e8re ou forte, qu&rsquo;ils comparent \u00e0 celle que leur procure un courant \u00e9lectrique qui leur traverserait les bras.<\/p>\n<p style=\"text-align: justify;\">\u00ab Pour ma part, je ne ressens habituellement aucune sensation. Mais il est des cas o\u00f9 cependant il s&rsquo;en produit, lorsque je traverse de grandes masses ou de gros filons de substances min\u00e9rales, et l&rsquo;int\u00e9r\u00eat du fait est que ces sensations ne me sont pas uniquement personnelles.<\/p>\n<p style=\"text-align: justify;\">\u00ab Dans les prospections industrielles importantes que nous avons effectu\u00e9es, tant en France qu&rsquo;en Espagne, nous avons pris l&rsquo;habitude, M. L\u00e9on Biderman et moi, d&rsquo;op\u00e9rer en commun pour pouvoir nous contr\u00f4ler mutuellement et r\u00e9duire ainsi dans de grandes proportions les chances d&rsquo;erreur. Notre chauffeur, M. Richard, \u00e9galement sensible et que nous avons entra\u00een\u00e9, op\u00e8re avec nous.<\/p>\n<p style=\"text-align: justify;\">\u00ab Or, tous les trois, lorsque nous p\u00e9n\u00e9trons sur un important gisement de cuivre, nous avons instantan\u00e9ment l&rsquo;impression d&rsquo;un go\u00fbt \u00e2cre dans la bouche : le tabac nous devient insupportable et nous faisons, instinctivement et ensemble, le mouvement de jeter notre cigarette. Contr\u00f4le fait, nous constatons que nous sommes bien sur un gisement de cuivre.<\/p>\n<p style=\"text-align: justify;\">\u00ab Le p\u00e9trole nous procure une sensation d&rsquo;euphorie, de bien-\u00eatre g\u00e9n\u00e9ralis\u00e9.<\/p>\n<p style=\"text-align: justify;\">\u00ab Le minerai de tungst\u00e8ne ou wolfram amplifie et r\u00e9gularise les mouvements respiratoires et les forces vitales.<\/p>\n<p style=\"text-align: justify;\">\u00ab Quant au sel, ayant travaill\u00e9 quelques heures sur un gisement de sel gemme aux environs de Lons le-Saunier, j\u2019\u00e9prouvais pendant plusieurs jours ensuite, dans la bouche une sensation, saline tellement prononc\u00e9e que tous les aliments et les vins me devenaient d\u00e9sagr\u00e9ables. Dans ce dernier cas, cette impression me fut toute personnelle, et ni Biderman ni Richard ne ressentirent rien de semblable.<\/p>\n<p style=\"text-align: justify;\">\u00ab Il est des sourciers \u2014 et le cas est d\u00e9j\u00e0 plus rare \u2014 qui accusent des sensations de chaud et de froid, parfois g\u00e9n\u00e9ralis\u00e9es dans tout le corps, mais le plus souvent localis\u00e9es dans une seule r\u00e9gion.<\/p>\n<p style=\"text-align: justify;\">\u00ab Autre ph\u00e9nom\u00e8ne, chez quelques baguettisants : outre les r\u00e9actions g\u00e9n\u00e9rales qu&rsquo;ils peuvent pr\u00e9senter avec les instruments, il se produit chez eux une sorte d&rsquo;hallucination visuelle : ils croient voir l&rsquo;eau circuler dans le sol.<\/p>\n<p style=\"text-align: justify;\">\u00ab J&rsquo;en pus observer un cas. Un de mes employ\u00e9s des grottes de Lacave, Marcellin Prodel, est tr\u00e8s sensible \u00e0 la baguette. Nous suivions un jour \u00e0 travers les Causses le trajet d&rsquo;un ruisseau souterrain. \u00ab Oh ! dit-il tout-\u00e0-coup, voyez comme la rivi\u00e8re va tourner \u00e0 angle droit<\/p>\n<p style=\"text-align: justify;\">\u2014 Mais\u00a0 Marcellin, je\u00a0 ne vois rien du tout<\/p>\n<p style=\"text-align: justify;\">\u2014 Mais si ! tenez au pied de ce rocher, regardez comme elle tourne.<\/p>\n<p style=\"text-align: justify;\">\u00ab Je ne vis rien, mais mon pendule confirma la chose. Tout le reste de la journ\u00e9e, il m&rsquo;annon\u00e7a, vingt ou trente m\u00e8tres d&rsquo;avance, les m\u00e9andres de la rivi\u00e8re, qui coulait sous nos pieds \u00e0 une profondeur moyenne de 120 \u00e0 150 m\u00e8tres \u00e0 travers les calcaires compacts du Bajocien.<\/p>\n<p style=\"text-align: justify;\">\u00ab Il est enfin un cas extr\u00eame o\u00f9 la pr\u00e9sence de l&rsquo;eau souterraine produit sur le sujet de v\u00e9ritables convulsions, quand il se trouve au-dessus d&rsquo;elle. Le cas du sourcier contemporain Lagneau est caract\u00e9ristique \u00e0 cet \u00e9gard. D&rsquo;autres avant lui ont pr\u00e9sent\u00e9 les m\u00eames ph\u00e9nom\u00e8nes : contracture, impression de serrement et d&rsquo;oppression dans la r\u00e9gion du diaphragme, un tremblement, un refroidissement g\u00e9n\u00e9ral. \u00bb<\/p>\n<p style=\"text-align: center;\" align=\"center\">\u2022\u2022\u2022<\/p>\n<p style=\"text-align: justify;\">A c\u00f4t\u00e9 des \u00ab pendulisants \u00bb prospectant sur le terrain, comme Armand Vir\u00e9, existaient, il y a cinquante ans, d&rsquo;autres m\u00e9diums tels l&rsquo;Abb\u00e9 Mermet, le plus renomm\u00e9 des sourciers op\u00e9rant \u00e0 distance. Il s&rsquo;agissait de retrouver des disparus : fugues, suicides ou meurtres. Succ\u00e8s officiellement contr\u00f4l\u00e9s et incontestables, d&rsquo;autant plus impressionnants qu&rsquo;ils \u00e9taient obtenus sur plans et cartes sans que l&rsquo;abb\u00e9 Mermet ait \u00e0 se d\u00e9placer. Succ\u00e8s non exceptionnel puisque l&rsquo;abb\u00e9 avait d\u00e9couvert huit noy\u00e9s au cours des six mois pr\u00e9c\u00e9dents !<\/p>\n<p style=\"text-align: justify;\">Un des meilleurs vulgarisateurs scientifiques de l&rsquo;\u00e9poque, mon ami et collaborateur Marcel B\u00e9reux, ancien \u00e9l\u00e8ve de l&rsquo;\u00c9cole Polytechnique se rendit en Suisse, \u00e0 la cure o\u00f9 s\u00e9journait l&rsquo;abb\u00e9, qui lui confia ses dossiers. Nous en avons extrait la curieuse d\u00e9claration ci-dessous\u00a0:<\/p>\n<p style=\"text-align: justify;\">\u00a0\u00ab En octobre 1933, \u00e0 Montbovon (Fribourg, Suisse), un jeune homme de dix-huit ans avait disparu, au retour d&rsquo;une f\u00eate de village, sans que de nombreux groupes d&rsquo;hommes cherchant de toutes parts, pendant neuf jours, aient trouv\u00e9 trace de son passage&#8230;<\/p>\n<p style=\"text-align: justify;\">\u00ab A bout d&rsquo;espoir, sa s\u0153ur vint me voir avec une carte de la r\u00e9gion, une photographie du disparu et une cravate port\u00e9e par lui. S\u00e9ance tenante, je donne \u00e0 cette personne les renseignements suivants :<\/p>\n<p style=\"text-align: justify;\">\u00ab D&rsquo;abord la photo me fournit le chiffre mort&#8230; votre fr\u00e8re n&rsquo;est plus en vie&#8230; Il a suivi tel chemin, et s&rsquo;est arr\u00eat\u00e9 \u00e0 tel endroit&#8230; A cet endroit, je\u00a0 sens votre fr\u00e8re, taille 1,55 m, port\u00e9 \u00e0 l&rsquo;\u00e9tat mort, sur les \u00e9paules d&rsquo;un autre homme, dont la taille semble \u00eatre 1,70 m. Votre fr\u00e8re semble avoir re\u00e7u des coups dans le dos, en face du c\u0153ur ; de l\u00e0, il est jet\u00e9 dans le pr\u00e9cipice qui borde la route&#8230; Il doit \u00eatre \u00e0 tel endroit, dans le torrent de l&rsquo;Hongrin, \u00e0 un point dont les parois sont tr\u00e8s resserr\u00e9es, et o\u00f9 il y a 4 m\u00e8tres de hauteur d&rsquo;eau.<\/p>\n<p style=\"text-align: justify;\">\u00ab\u2014 \u00a0Le vol a-t-il \u00e9t\u00e9 le mobile du crime ?<\/p>\n<p style=\"text-align: justify;\">\u00ab\u2014 C&rsquo;est possible, car vous me dites que votre fr\u00e8re portait de l&rsquo;argent sur lui, et je ne sens ni or, ni argent sur le cadavre.<\/p>\n<p style=\"text-align: justify;\">\u00ab Telles furent mes donn\u00e9es, fournies sur les radiations laiss\u00e9es sur la carte de la r\u00e9gion que le fr\u00e8re avait parcourue.<\/p>\n<p style=\"text-align: justify;\">\u00ab Or, voici le r\u00e9sultat : la famille a cru devoir remplir un devoir de reconnaissance en m&rsquo;envoyant l&rsquo;attestation qui suit :<\/p>\n<p style=\"text-align: justify;\">\u00ab Je soussign\u00e9, fais les d\u00e9clarations suivantes : Dans le cure de Jussy, au vu d&rsquo;une simple carte (\u00e9chelle : 1\/25 000) dans la vall\u00e9e de l&rsquo;Hongrin, sans que je lui aie rien dit, il m&rsquo;a indiqu\u00e9 : a) le chemin qu&rsquo;a suivi mon pauvre fr\u00e8re en rentrant de Montbovon ; b) l&rsquo;endroit o\u00f9 il s&rsquo;est arr\u00eat\u00e9, deux choses que j&rsquo;ai pu contr\u00f4ler et que j&rsquo;ai trouv\u00e9es exactes.<\/p>\n<p style=\"text-align: justify;\">\u00ab C&rsquo;est M. L&rsquo;abb\u00e9 Mermet qui, le premier, a eu l&rsquo;id\u00e9e de l&rsquo;assassinat, me disant qu&rsquo;il le retrouverait port\u00e9 sur les \u00e9paules d&rsquo;un homme mesurant environ 1,70 m alors que mon fr\u00e8re, lui, mesurait 1,55 m, chose reconnue exacte quant \u00e0 la taille de mon fr\u00e8re.<\/p>\n<p style=\"text-align: justify;\">\u00ab Il m&rsquo;a indiqu\u00e9 l&rsquo;endroit \u00e0 peu pr\u00e8s pr\u00e9cis o\u00f9 il se trouvait, endroit o\u00f9 personne n&rsquo;avait eu d&rsquo;abord l&rsquo;id\u00e9e d&rsquo;aller le chercher, soit dans la rivi\u00e8re de l&rsquo;Hongrin, dans un gouffre de plus de 4 m\u00e8tres de profondeur.<\/p>\n<p style=\"text-align: justify;\">\u00ab M. Pflug, greffier du tribunal, a reconnu que M. l&rsquo;abb\u00e9 Mermet avait dit juste, en d\u00e9clarant que la victime n&rsquo;avait pas sur elle de valeur en or ou en argent. En effet, quelques jours apr\u00e8s la d\u00e9couverte du corps, on a retrouv\u00e9 bien plus loin, sur les flots de la Sarine, son porte-monnaie vide.<\/p>\n<p style=\"text-align: justify;\">\u00ab L&rsquo;autopsie m\u00e9dicale, faite le lendemain de la d\u00e9couverte, a d\u00e9montr\u00e9, en effet, que mon jeune fr\u00e8re avait \u00e9t\u00e9 assailli \u00e0 coups de couteau, puis port\u00e9 ensuite dans la rivi\u00e8re. \u00bb<\/p>\n<p style=\"text-align: center;\" align=\"center\">\u2022\u2022\u2022<\/p>\n<p style=\"text-align: justify;\">Mais les plus remarquables exp\u00e9riences vinrent d&rsquo;un paisible horticulteur, Joseph Treyve, providence des \u00ab ass\u00e9ch\u00e9s \u00bb de sa r\u00e9gion, le Bourbonnais. Le docteur Osty, directeur de l&rsquo;Institut M\u00e9tapsychique International, disait de lui qu&rsquo;il \u00e9tait un \u00ab superpendulisant \u00bb.<\/p>\n<p style=\"text-align: justify;\">Marcel B\u00e9reux, poursuivant la campagne de \u00ab Je sais tout \u00bb, l&rsquo;alla voir dans sa maison champ\u00eatre entour\u00e9e d&rsquo;un immense parc o\u00f9 fleurissaient des lotus et des orchid\u00e9es.<\/p>\n<p style=\"text-align: justify;\">C&rsquo;est le \u00ab superpendulisant \u00bb qui parle d&rsquo;abondance tandis que notre envoy\u00e9 sp\u00e9cial contr\u00f4le les archives correspondantes.<\/p>\n<p style=\"text-align: justify;\">Voici l&rsquo;histoire d&rsquo;une bague retrouv\u00e9e entre Nantes et Nevers, s\u00e9par\u00e9es par 450 kilom\u00e8tre de distance. Cela se passait un jour de No\u00ebl. Mme G&#8230; arrive \u00e0 mon bureau, tout ennuy\u00e9e de la perte de son alliance qu&rsquo;elle portait \u00e0 son d\u00e9part de Nantes et qu&rsquo;elle avait perdue au cour de son voyage en auto. Une carte Michelin du trajet m&rsquo;est apport\u00e9e. Je situe le point de chute non loin de Vierzon, \u00e0 proximit\u00e9 d&rsquo;un passage niveau pr\u00e8s de T&#8230; Mme G&#8230; me dit : \u00ab Ni mon mari ni moi ne nous rappelons nous \u00eatre arr\u00eat\u00e9 l\u00e0 \u00bb. Je lui r\u00e9pondis : \u00ab Quand vous rentrerez en auto \u00e0 Nantes vous essayerez de vous rappeler si vous n&rsquo;avez stopp\u00e9 \u00e0 cet endroit pr\u00e9cis ; descendez alors et reconstituez la sc\u00e8ne. Puis, vous, Madame, qui \u00eates un peu sensible au pendule, vous essayerez avec la montre de votre mari et sa cha\u00eene d&rsquo;obtenir une pr\u00e9cision \u00bb. Le lendemain de No\u00ebl, M. et Mme G&#8230; repartent pour Nantes. Arriv\u00e9s \u00e0 ce passage \u00e0 niveau, M. G&#8230; se souvient tr\u00e8s bien s&rsquo;\u00eatre arr\u00eat\u00e9 l\u00e0, ayant une automobile devant la sienne et dit \u00e0 Mme G&#8230; : \u00ab A cet endroit, vous avez fait un large mouvement comme pour pousser la porti\u00e8re, c&rsquo;est alors que votre bague a pu glisser de votre doigt \u00bb. Sur une feuille de papier j&rsquo;avais fait un petit croquis et indiqu\u00e9 que le bijou \u00e9tait tomb\u00e9 entre la route et l&rsquo;accotement. Tous deux reviennent \u00e0 cet endroit, reconstituent la sc\u00e8ne, pla\u00e7ant leur auto comme elle l&rsquo;\u00e9tait le jour de la perte, cherchent mais ne trouvent rien. Mme G&#8230; prend la montre de son mari ; celle-ci oscille dans une direction. M. G&#8230; fait quelques pas \u00e0 reculons, regarde \u00e0 terre, se baisse et dit : \u00ab La voil\u00e0 ! \u00bb<\/p>\n<p style=\"text-align: justify;\">On peut percevoir les radiations \u00e0 de tr\u00e8s grandes distances.<\/p>\n<p style=\"text-align: justify;\">Un de mes amis, qui exploite des for\u00eats au Gabon, vint un jour me trouver et me dit : \u00ab Il serait int\u00e9ressant qu&rsquo;\u00e0 l&rsquo;aide de votre pendule vous me disiez de quel c\u00f4t\u00e9 de la for\u00eat je dois diriger mes recherches pour trouver les arbres les plus gros et les plus sains ; il faudrait en second lieu que vous m&rsquo;indiquiez \u00e0 quel endroit de la mer je puis aborder pour \u00e9viter les rochers ; enfin, je voudrais savoir s&rsquo;il n&rsquo;y a pas de cimeti\u00e8res d&rsquo;\u00e9l\u00e9phants dans cette contr\u00e9e. \u00bb<\/p>\n<p style=\"text-align: justify;\">J&rsquo;indiquai alors une direction \u00e0 mon ami : il y a trouv\u00e9 des arbres splendides. Je lui ai dit : \u00ab Il faut aborder \u00e0 tel point \u00bb et il a trouv\u00e9 une esp\u00e8ce de chenal naturel o\u00f9 ses bateaux ont pu venir \u00e0 un kilom\u00e8tre plus pr\u00e8s de la rive. Enfin, j&rsquo;ai re\u00e7u un jour deux splendides d\u00e9fenses d&rsquo;\u00e9l\u00e9phants, qui pesaient 8 kilos chacune et mesuraient 1,30 m. Il avait d\u00e9couvert un cimeti\u00e8re d&rsquo;\u00e9l\u00e9phants au point pr\u00e9cis que je lui avais indiqu\u00e9. De Moulins au Gabon, il y a quelques kilom\u00e8tres !&#8230;<\/p>\n<p style=\"text-align: justify;\">Encore un cas o\u00f9 le pendule peut rendre service : un grand coutelier de Thiers m&rsquo;a demand\u00e9 de lui indiquer o\u00f9 pouvait \u00eatre le d\u00e9faut d&rsquo;une de ses machines ; ni le constructeur, ni le monteur, ni lui-m\u00eame n&rsquo;arrivaient \u00e0 trouver une cause \u00e0 la d\u00e9t\u00e9rioration de toutes les lames aiguis\u00e9es avec cette machine.<\/p>\n<p style=\"text-align: justify;\">Je fis faire un plan succinct de la machine et je dis : \u00ab C&rsquo;est \u00e0 tel endroit qu&rsquo;est le d\u00e9faut. Il vient de ce que l&rsquo;arriv\u00e9e d&rsquo;eau ne se produit pas uniform\u00e9ment sur vos meules. Faites-moi un dessin de telle partie de votre machine \u00e0 une plus grande \u00e9chelle. \u00bb Je continuai mes recherches et d\u00e9terminai que le d\u00e9faut \u00e9tait de l&rsquo;ordre du dixi\u00e8me de millim\u00e8tre. Je leur prescrivis de refaire toute une partie (que j&rsquo;indiquai) de la meule et de changer le tuyau d&rsquo;arriv\u00e9e d&rsquo;eau. Ils l&rsquo;ont fait et m&rsquo;ont \u00e9crit :<\/p>\n<p style=\"text-align: justify;\">\u00ab Nous, soussign\u00e9s&#8230; certifions que M. Treyve, de Moulins, par ses travaux radiesth\u00e9siques, nous a permis de d\u00e9couvrir et de r\u00e9parer un grave d\u00e9faut sur une machine \u00e0 \u00e9moudre dans nos ateliers. M. Treyve nous a non seulement indiqu\u00e9 la nature du d\u00e9faut, mais a en outre donn\u00e9 toutes les cotes exactes pour la rectification des pi\u00e8ces. \u00bb<\/p>\n<p style=\"text-align: center;\" align=\"center\">\u2022\u2022\u2022<\/p>\n<p style=\"text-align: justify;\">Un homme \u00e9tait perdu \u00e0 X&#8230;, on disait que le malheureux avait \u00e9t\u00e9 assassin\u00e9. Je me trouvais dans une petite localit\u00e9 bourbonnaise proche, chez un ami adjoint au maire de ce pays, lorsque les gendarmes arrivent pour d\u00e9clarer que cet homme avait disparu depuis deux jours et qu&rsquo;on n&rsquo;en avait aucune nouvelle. \u00ab Monsieur Treyve, aidez-nous, avec votre pendule me dit mon ami. \u00bb Je r\u00e9pondis, apr\u00e8s avoir interrog\u00e9 le pendule : \u00ab Cet homme est en bonne sant\u00e9, mais, encore sous le coup de la boisson, il g\u00eet au bord d&rsquo;un ravin, \u00e0 l&rsquo;ombre. \u00bb Et j&rsquo;indiquai, d&rsquo;apr\u00e8s la carte, un endroit o\u00f9 les gendarmes all\u00e8rent explorer. Je quittai le pays. Peu apr\u00e8s mon d\u00e9part, le maire m&rsquo;\u00e9crivit :<\/p>\n<p style=\"text-align: justify;\">\u00ab J&rsquo;ai le plaisir de vous annoncer que l&rsquo;homme en question est retrouv\u00e9 en bonne sant\u00e9 au point indiqu\u00e9. \u00bb Le pauvre homme cuvait son vin !<\/p>\n<p style=\"text-align: justify;\">Monsieur Joseph Treyve aurait pu continuer pendant des jours et des jours \u00e0 \u00e9grener son palmar\u00e8s. Marcel B\u00e9reux l&rsquo;interrompt pour lui demander comment il explique ses pouvoirs.<\/p>\n<p style=\"text-align: justify;\">\u00ab Je me cr\u00e9e une sorte de convention \u00e9tablie par mon cerveau et ext\u00e9rioris\u00e9e par le pendule ; j&rsquo;interpr\u00e8te tous les mouvements de celui-ci et j&rsquo;accumule les d\u00e9tails pr\u00e9cis qui abondent dans mes consultations. Je pense que tous les corps quels qu&rsquo;ils soient \u00e9mettent des radiations que le cerveau du pendulisant capte et que le pendule r\u00e9v\u00e8le \u00bb.<\/p>\n<p style=\"text-align: justify;\">Mais le docteur Osty, Pr\u00e9sident de l&rsquo;Institut M\u00e9tapsychique International n&rsquo;\u00e9tait pas de cet avis : \u00ab\u00a0Il ne s&rsquo;agit pas du tout, r\u00e9torque-t-il, d&rsquo;un simple automatisme physique. C&rsquo;est l&rsquo;intelligence qui entre en jeu, une intelligence subconsciente, qui conna\u00eet la r\u00e9alit\u00e9 par d&rsquo;autres moyens que les sens et la raison, sans obstacles d&rsquo;espace et de temps. Le pendule n&rsquo;est qu&rsquo;un accessoire. Monsieur Treyve pourrait, tout aussi bien, le remplacer par l&rsquo;\u00e9criture ou la parole impulsive, peut-\u00eatre par des visions ou des sensations diverses. \u00bb<\/p>\n<p style=\"text-align: justify;\">Et Marcel B\u00e9reux \u2014 en prudent polytechnicien \u2014 concluait ainsi ses enqu\u00eates vieilles de 40 et m\u00eame 50 ans :<\/p>\n<p style=\"text-align: justify;\">\u00ab Nous pensons qu&rsquo;il existe certains \u00eatres exceptionnels dont l&rsquo;\u00e9tude permettra peut-\u00eatre d&rsquo;avancer dans une voie myst\u00e9rieuse encore mais passionnante et capable de mener l&rsquo;homme vers de meilleurs destins. \u00bb<\/p>\n<p style=\"text-align: right;\" align=\"right\">M. G.<\/p>\n<p style=\"text-align: center;\" align=\"center\">ET VOICI MAINTENANT<\/p>\n<p style=\"text-align: center;\" align=\"center\">LA MAGNIFIQUE \u00ab LE\u00c7ON \u00bb DONN\u00c9E PAR LE<\/p>\n<p style=\"text-align: center;\" align=\"center\">DOCTEUR EUG\u00c8NE OSTY<\/p>\n<p style=\"text-align: center;\" align=\"center\">IL Y A PLUS DE 40 ANS !<\/p>\n<p style=\"text-align: justify;\">La facult\u00e9 de connaissance supranormale \u00e0 haut degr\u00e9 est rare, mais elle existe. Elle existe si bien que depuis les 25 ann\u00e9es que je l&rsquo;\u00e9tudie, il ne m&rsquo;est pas un instant arriv\u00e9 de manquer de sujets et que depuis dix ans j&rsquo;ai fait assister des milliers de personnes \u00e0 des s\u00e9ances pleinement d\u00e9monstratives \u00e0 l&rsquo;Institut M\u00e9tapsychique.<\/p>\n<p style=\"text-align: justify;\">La veille du jour o\u00f9 j&rsquo;\u00e9cris ces lignes, Mlle Jeanne Laplace, devant 70 personnes et pendant deux heures, a d\u00e9fini le cours g\u00e9n\u00e9ral de la vie (avec nombreuses indications tr\u00e8s pr\u00e9cises sur des \u00e9v\u00e9nements caract\u00e9ristiques) de 8 personnes, inconnues d&rsquo;elles et qui lui furent impos\u00e9es par tirage au sort. Ce fut, ainsi que tant d&rsquo;autres fois, une brillante et \u00e9mouvante s\u00e9ance. Comme apr\u00e8s toutes les manifestations de ce genre \u2014 lesquelles ne donnent d&rsquo;ailleurs qu&rsquo;une id\u00e9e amoindrie du pouvoir de tels sujets, en raison du travail en assistance nombreuse \u2014, bien des assistants et particuli\u00e8rement ceux qui furent objets de clairvoyance \u00e9mirent, en se retirant, des propos revenant \u00e0 ceci : \u00ab Quelle merveilleuse et incomparable facult\u00e9 ! Et pourtant la plupart des gens ne veulent m\u00eame pas en entendre parler ! \u00bb.<\/p>\n<p style=\"text-align: justify;\">Huit jours auparavant, m\u00eame brillante d\u00e9monstration \u00e9tait faite par un autre remarquable clairvoyant, M. Pascal Forthuny <a id=\"ftnref3\" href=\"#ftn3\">[3]<\/a>. Et il en est ainsi, je le r\u00e9p\u00e8te, depuis une dizaine d&rsquo;ann\u00e9es, cependant que tant de personnalit\u00e9s ont \u00e9t\u00e9 par ailleurs mises par moi en condition de proc\u00e9der \u00e0 des s\u00e9ances priv\u00e9es.<\/p>\n<p style=\"text-align: justify;\">Si ces sujets sont relativement peu nombreux, leur production est, par contre abondante. Le radium \u00e9tait rare dans les premi\u00e8res ann\u00e9es qu&rsquo;il fut connu, cela n&#8217;emp\u00eachait pas les quelques physiciens qui en poss\u00e9daient d&rsquo;en \u00e9tudier les propri\u00e9t\u00e9s en des conditions pour eux aussi f\u00e9condes que si le radium avait \u00e9t\u00e9 en toutes mains. Il en est de m\u00eame pour la facult\u00e9 de connaissance supranormale. Pour qui dispose de sujets, l&rsquo;exp\u00e9rimentation est de tout instant.<\/p>\n<p style=\"text-align: justify;\">Toute personne vraiment curieuse de cette facult\u00e9 arrive toujours \u00e0 trouver un sujet capable de la convaincre, par faits pr\u00e9cis, que la connaissance extra-sensorielle existe. \u00c9tant donn\u00e9 que cette \u00e9trange et si instructive facult\u00e9 r\u00e9v\u00e8le en l&rsquo;homme des qualit\u00e9s de l&rsquo;esprit qui ne peuvent pas, de toute \u00e9vidence, \u00eatre attribu\u00e9es au cerveau, c&rsquo;est un motif de fort et durable \u00e9tonnement que de voir les philosophes, les psychologues, les biologistes et autres sondeurs du r\u00e9el, se tenir syst\u00e9matiquement \u00e0 l&rsquo;\u00e9cart de faits qui leur apprendraient le plus sur ce qu\u2019ils cherchent : l&rsquo;explication de la vie.<\/p>\n<p style=\"text-align: justify;\">Notre \u00e9poque donne ce bizarre spectacle d&rsquo;acc\u00e9l\u00e9rer au plus fort la science de la mati\u00e8re et, dans le m\u00eame temps, de se refuser \u00e0 s&rsquo;int\u00e9resser \u00e0 la branche la plus f\u00e9conde de la science de l&rsquo;esprit.<\/p>\n<p style=\"text-align: justify;\">Tel est le comportement des Universit\u00e9s \u00e0 l&rsquo;\u00e9gard des ph\u00e9nom\u00e8nes culminants de la vie desquels je vais parler, que s&rsquo;occuper de l&rsquo;exploration scientifique des pouvoirs surnormaux de l&rsquo;esprit, semble une action bl\u00e2mable, une r\u00e9bellion contre l&rsquo;enseign\u00e9, sinon une d\u00e9ficience mentale. Ce ridicule ne saurait d\u00e9sormais longtemps durer, puisque de tous c\u00f4t\u00e9s des groupes scientifiques s&rsquo;adonnent \u00e0 l&rsquo;\u00e9tude \u00ab interdite \u00bb et que la nature ne cessera jamais de proposer \u00e0 la curiosit\u00e9 des hommes ses plus significatives manifestations.<\/p>\n<p style=\"text-align: justify;\">Dans la diversit\u00e9 des faits produits par la clairvoyance, je ne prendrai que quelques-uns, v\u00e9rifiables dans l&rsquo;exp\u00e9rience par toute personne et qui suffiront \u00e0 faire comprendre au lecteur comment, \u00e0 leur lumi\u00e8re, la question m\u00e9moire d\u00e9passe l&rsquo;individu et semble se confondre avec la m\u00e9moire du monde.<\/p>\n<p style=\"text-align: justify;\">Quand on met un sujet dit clairvoyant (capable de faire fonctionner sa facult\u00e9 sp\u00e9ciale en cette condition) au milieu d&rsquo;un groupe d&rsquo;observateurs, une sorte de faits qu&rsquo;il produit en grande abondance c&rsquo;est le rappel d&rsquo;\u00e9v\u00e9nements pass\u00e9s. Et il y r\u00e9ussit d&rsquo;autant mieux et de fa\u00e7on plus impressionnante que les personnes auxquelles il s&rsquo;adresse ne pensent pas au moment m\u00eame \u00e0 ces \u00e9v\u00e9nements. Tant\u00f4t il s&rsquo;agit de faits r\u00e9cents, tant\u00f4t d&rsquo;anciens, tant\u00f4t d&rsquo;importants, tant\u00f4t d&rsquo;infimes.<\/p>\n<p style=\"text-align: center;\" align=\"center\">\u2022\u2022\u2022<\/p>\n<p style=\"text-align: justify;\">Dans ces s\u00e9ances en assistance nombreuse \u00e0 l&rsquo;Institut M\u00e9tapsychique, M. Pascal Forthuny excelle \u00e0 cette \u00ab p\u00eache \u00bb des souvenirs chez autrui. Souvent, ses indications concernent un \u00e9v\u00e9nement v\u00e9cu et connu dans son ensemble par l&rsquo;int\u00e9ress\u00e9, lequel n&rsquo;a aucune difficult\u00e9 \u00e0 se le rem\u00e9morer. Mais il arrive que c&rsquo;est du v\u00e9ritablement \u00ab oubli\u00e9 \u00bb que M. Forthuny fait revivre et ce n&rsquo;est qu&rsquo;apr\u00e8s une succession d&rsquo;indications que la personne finit par se rappeler soudain de quoi il s&rsquo;agit ; il y faut parfois des noms de lieux, de gens.<\/p>\n<p style=\"text-align: justify;\">Quelquefois ce que dit le sujet d&rsquo;un \u00e9v\u00e9nement v\u00e9cu, n&rsquo;est ou n&rsquo;a \u00e9t\u00e9 que partiellement connu de l&rsquo;int\u00e9ress\u00e9 : \u00ab Il y a une partie vraie, dit celui-ci. J&rsquo;ai de bonnes raisons de croire le reste faux. \u00bb Et quelques semaines apr\u00e8s l&rsquo;int\u00e9ress\u00e9 vient dire qu&rsquo;apr\u00e8s enqu\u00eate rendue possible par les dires du sujet, il s&rsquo;est rendu compte, \u00e0 son grand \u00e9tonnement, que M. Forthuny avait saisi la v\u00e9rit\u00e9 compl\u00e8te de l&rsquo;\u00e9v\u00e9nement.<\/p>\n<p style=\"text-align: justify;\">M\u00eames conclusions ont lieu d&rsquo;autres fois \u00e0 propos d&rsquo;\u00e9v\u00e9nements (je parle d&rsquo;\u00e9v\u00e9nements de vie, petits ou grands) que M. Forthuny a signal\u00e9s dans leur entier, alors que la personne \u00e0 laquelle il s&rsquo;adressait n&rsquo;avait pu en conna\u00eetre qu&rsquo;une partie et n&rsquo;avait m\u00eame pas pu faire une supposition sur le reste ignor\u00e9.<\/p>\n<p style=\"text-align: justify;\">Si bien que dans ce genre d&rsquo;exp\u00e9riences les choses se passent comme si tant\u00f4t le sujet saisissait un souvenir chez un assistant et tant\u00f4t le saisissait \u00e0 une source qui le d\u00e9tient dans sa totale conformit\u00e9 au r\u00e9el, alors que la personne, objet de clairvoyance est \u2014 pour une partie de l&rsquo;\u00e9v\u00e9nement \u00e9voqu\u00e9 \u2014 dans l&rsquo;erreur ou en compl\u00e8te ignorance.<\/p>\n<p style=\"text-align: justify;\">Voici donc que de tels faits \u00e9largissent d\u00e9j\u00e0 fortement le probl\u00e8me de la m\u00e9moire, puisqu&rsquo;ils nous incitent \u00e0 supposer soit que tout \u00eatre humain sait cryptiquement sur sa vie \u00e9coul\u00e9e ce dont ses sens ne l&rsquo;ont jamais inform\u00e9, soit que l&rsquo;histoire r\u00e9elle des vies individuelles existe en dehors des individus.<\/p>\n<p style=\"text-align: justify;\">Ces m\u00eames suppositions s&rsquo;imposent, plus nettement encore, quand les sujets, au lieu d&rsquo;\u00e9voquer le pass\u00e9, pr\u00e9annoncent le devenir des individus (je ne parle pas de l&rsquo;avenir en g\u00e9n\u00e9ral). Elles s&rsquo;imposent et, on va le voir, l&rsquo;observation et l&rsquo;exp\u00e9rience confirment d&rsquo;une fa\u00e7on inattendue l&rsquo;une d&rsquo;elles, tout en ne d\u00e9truisant pas l&rsquo;autre.<\/p>\n<p style=\"text-align: justify;\">Je sais que si la connaissance extra-sensorielle est a priori ni\u00e9e par bien des gens, la pr\u00e9-connaissance des devenirs individuels est a priori ni\u00e9e par beaucoup plus de gens. C&rsquo;est in\u00e9luctable, car un tel ph\u00e9nom\u00e8ne trouble bien des pr\u00e9jug\u00e9s et bien des croyances et les cerveaux ne lui trouvent aucune place dans \u00ab l&#8217;emmagasin\u00e9 \u00bb.<\/p>\n<p style=\"text-align: justify;\">Plus de deux mille s\u00e9ances consacr\u00e9es \u00e0 l&rsquo;\u00e9tude, donc \u00e0 la constatation de ce ph\u00e9nom\u00e8ne, me contraignent \u00e0 tenir pour inconsistante l&rsquo;opinion commune. Je suis certain que la pr\u00e9-connaissance du devenir individuel existe. Ce que je vais dire est une des cons\u00e9quences de ce que l&rsquo;\u00e9tude m&rsquo;a appris.<\/p>\n<p style=\"text-align: justify;\">La pr\u00e9-connaissance des devenirs individuels existe, on peut la provoquer \u00e0 volont\u00e9, mais il ne faut pas croire qu&rsquo;elle soit \u00e0 l&rsquo;abri de l&rsquo;erreur et qu&rsquo;elle joue \u00e0 l&rsquo;\u00e9gard de n&rsquo;importe qui. En v\u00e9rit\u00e9 elle est le produit du sujet (lequel semble illusoirement en \u00eatre le seul auteur) et de la personne en cause. Et suivant la qualit\u00e9 respective de ces deux facteurs humains, le ph\u00e9nom\u00e8ne de pr\u00e9-connaissance s&rsquo;accomplit correctement ou avec pollution d&rsquo;erreurs, ou ne s&rsquo;accomplit pas.<\/p>\n<p style=\"text-align: justify;\">Un clairvoyant, disons-nous, n&rsquo;est pas capable de pr\u00e9monitions pour chacun. Toute personne n&rsquo;est pas susceptible de faire r\u00e9v\u00e9ler quelque chose de son avenir par un clairvoyant. Mais tel individu qui semble \u00ab st\u00e9rilisant \u00bb pour tel sujet, peut ne pas l&rsquo;\u00eatre pour un autre. On peut dire toutefois qu&rsquo;il est des personnes \u00ab favorisantes \u00bb pour la plupart des sujets et d&rsquo;autres \u00ab st\u00e9rilisantes \u00bb \u00e9galement pour la plupart, sinon pour tous. Et cela ind\u00e9pendamment du fait de \u00ab croire \u00bb ou d&rsquo;\u00eatre \u00ab sceptique \u00bb.<\/p>\n<p style=\"text-align: justify;\">Pourquoi en est-il ainsi ?&#8230; Certainement une physique subtile, encore inconnue, sous-tend ces ph\u00e9nom\u00e8nes. Nous en sommes seulement \u00e0 l&rsquo;\u00e9poque du constat de ses effets.<\/p>\n<p style=\"text-align: justify;\">Mais si nous ne savons rien du fond du ph\u00e9nom\u00e8ne, l&rsquo;\u00e9tude des r\u00f4les respectifs du clairvoyant et de la personne objet de pr\u00e9sages m&rsquo;a appris ceci, qui est d&rsquo;une tr\u00e8s grande importance : c&rsquo;est chez la personne objet de sa clairvoyance que le sujet puise, sans qu&rsquo;il s&rsquo;en doute, ses informations sur l&rsquo;avenir.<\/p>\n<p style=\"text-align: justify;\">La relation entre sujet et personne-objectif, ci-dessus bri\u00e8vement \u00e9nonc\u00e9e, impose cette cons\u00e9quence. Cette cons\u00e9quence en entra\u00eene une autre et c&rsquo;est celle-l\u00e0 qui donne vue sur un \u00e9trange horizon : si les sujets puisent en nous la notion de notre devenir, c&rsquo;est que notre esprit sait le r\u00f4le que nous jouons dans le drame de la vie, cependant que notre intelligence d&rsquo;ordinaire usage, notre raison, l&rsquo;ignore totalement et n&rsquo;en prend conscience que sensation par sensation, action apr\u00e8s action.<\/p>\n<p style=\"text-align: justify;\">Quand la connaissance supranormale sera devenue une branche de la science enseign\u00e9e et que ce que je viens d&rsquo;\u00e9crire aura \u00e9t\u00e9 v\u00e9rifi\u00e9 et accept\u00e9, quelque chose sera chang\u00e9 dans les conceptions de l&rsquo;Homme sur son \u00eatre, sur la vie et sur sa propre vie.<\/p>\n<p style=\"text-align: justify;\">Particuli\u00e8rement la question m\u00e9moire aura pris un aspect qu&rsquo;on ne lui soup\u00e7onne pas aujourd&rsquo;hui. Car il deviendra av\u00e9r\u00e9 que cryptiquement l&rsquo;\u00eatre humain a la notion de ce qu&rsquo;il a v\u00e9cu et de ce qu&rsquo;il doit vivre et que le cerveau qui, laborieusement, \u00e9voque le v\u00e9cu, n&rsquo;\u00e9voque jamais chez la plupart des hommes le \u00ab \u00e0 vivre \u00bb ; seules quelques personnes dou\u00e9es de clairvoyance font cette \u00e9vocation pour autrui et avec les al\u00e9as ci-dessus signal\u00e9s. Spontan\u00e9ment toutefois le ph\u00e9nom\u00e8ne s&rsquo;accomplit quand, chez quelqu&rsquo;un, un r\u00eave, une vision pr\u00e9monitoire, un pressentiment annoncent un \u00e9v\u00e9nement inattendu, lequel est dramatique le plus souvent.<\/p>\n<p style=\"text-align: justify;\">Pour un clairvoyant op\u00e9rant \u00e0 l&rsquo;\u00e9gard de quelqu&rsquo;un, pass\u00e9 et avenir sont de m\u00eame saisie. L&rsquo;exp\u00e9rience montre que c&rsquo;est dans ce quelqu&rsquo;un que le sujet puise ses informations et en cons\u00e9quence que nous avons en nous, sans nous en douter, connaissance du r\u00f4le d\u00e9j\u00e0 jou\u00e9 et de ce qui reste \u00e0 jouer. Entre ce que nous nommons m\u00e9moire et ce que nous ne soup\u00e7onnons m\u00eame pas de savoir sur notre devenir, le clairvoyant ne fait aucune diff\u00e9rence.<\/p>\n<p style=\"text-align: center;\" align=\"center\">\u2022\u2022\u2022<\/p>\n<p style=\"text-align: justify;\">Le probl\u00e8me de la m\u00e9moire a un autre aussi inintelligible aspect, quand il arrive \u00e0 certains clairvoyants de prendre, en certaines exp\u00e9riences, connaissance de choses inaccessibles aux sens et que nul \u00eatre humain vivant ne conna\u00eet.<\/p>\n<p style=\"text-align: justify;\">Dans son prochain num\u00e9ro, la Revue M\u00e9tapsychique publiera un fait r\u00e9cent de cette sorte. Une bo\u00eete soigneusement scell\u00e9e avait \u00e9t\u00e9 pr\u00e9par\u00e9e par une personnalit\u00e9 polonaise en vue d&rsquo;en faire dire le contenu par le clairvoyant prodigieux qu&rsquo;est l&rsquo;ing\u00e9nieur Ossowiecki. Or, il est arriv\u00e9 qu&rsquo;avant l&rsquo;exp\u00e9rience le pr\u00e9parateur de la bo\u00eete est mort. Il \u00e9tait seul \u00e0 savoir le contenu. Sa mort transformait donc l&rsquo;exp\u00e9rience en ceci : qu&rsquo;Ossowiecki avait \u00e0 r\u00e9v\u00e9ler par ses moyens psychiques exceptionnels quelque chose qui ne pouvait vraisemblablement pas \u00eatre pris dans une m\u00e9moire humaine de vivant. Une s\u00e9ance eut lieu devant un groupe de notabilit\u00e9s varsoviennes. Ce fut pour M. Ossowiecki un succ\u00e8s \u00e9clatant, tant furent exactes les indications qu&rsquo;il donna et inattendus les objets qu&rsquo;on trouva \u00e0 l&rsquo;ouverture de la bo\u00eete&#8230;<\/p>\n<p style=\"text-align: justify;\">Un fait de cette sorte, d\u00e8s qu&rsquo;il est accept\u00e9, provoque imm\u00e9diatement chez la plupart des gens deux suppositions explicatives.<\/p>\n<p style=\"text-align: justify;\">\u00ab Il y a eu perception visuelle anormale, disent certains, parce que les yeux d&rsquo;un clairvoyant sont sensibles \u00e0 des rayons qui n&rsquo;impressionnent pas les sens du commun des hommes. \u00bb Explication inconsistante. M. Ossowiecki ne regarde g\u00e9n\u00e9ralement pas les bo\u00eetes dont il doit dire le contenu, il les tient en mains derri\u00e8re son dos et il attend que vienne la vision hallucinatoire de la sc\u00e8ne de la pr\u00e9paration de la bo\u00eete. D\u00e8s que cette vision surgit, il la d\u00e9crit et \u00e9num\u00e8re alors ce qui est renferm\u00e9.<\/p>\n<p style=\"text-align: justify;\">\u00ab C&rsquo;est l&rsquo;\u00e2me survivante du mort qui est source d&rsquo;information, disent d&rsquo;autres, comme elle l&rsquo;est, en d&rsquo;autres cas, quand il s&rsquo;agit de vivants. \u00bb Raisonnement logique, mais qui ne tient pas compte du processus ci-dessus de prise de conscience par Ossowiecki et qui ne tient pas compte, surtout, qu&rsquo;un sujet de la classe de ce clairvoyant se montre r\u00e9v\u00e9lateur de la vie des choses existantes ou d\u00e9truites aussi bien que des vies individuelles en cours ou \u00e9teintes.<\/p>\n<p style=\"text-align: justify;\">Lorsque, en effet, on met en mains d&rsquo;un sujet de ce genre un objet et qu&rsquo;on lui demande de d\u00e9crire \u00ab l&rsquo;ambiance-choses \u00bb dont il a fait partie, ce dont il reste, ou non, des documents permettant un ult\u00e9rieur contr\u00f4le, le sujet parvient quelquefois \u00e0 d\u00e9crire ce milieu inanim\u00e9, m\u00eame s&rsquo;il n&rsquo;existe plus, comme il fait des sc\u00e8nes humaines.<\/p>\n<p style=\"text-align: justify;\">On ne peut plus dire, en certains cas bien caract\u00e9ris\u00e9s de cette sorte, que c&rsquo;est dans une m\u00e9moire de vivant ou dans celle suppos\u00e9e d&rsquo;un mort que le sujet a trouv\u00e9 la notion des indications qu&rsquo;il donne. Si cela peut se soutenir en bonne logique dans certains faits, cela n&rsquo;est plus possible dans d&rsquo;autres.<\/p>\n<p style=\"text-align: justify;\">En de tels cas, o\u00f9 est et de quelle nature est cette m\u00e9moire qui garde fid\u00e8lement enregistr\u00e9e l&rsquo;histoire de l&rsquo;inanim\u00e9 et de l&rsquo;anim\u00e9 ?&#8230;<\/p>\n<p style=\"text-align: justify;\">Nulle r\u00e9ponse n&rsquo;est encore \u00e0 donner. Mais gardons-nous de croire qu&rsquo;il n&rsquo;y en aura jamais. Elle d\u00e9coulera peut-\u00eatre de la solution de ce probl\u00e8me qui, t\u00f4t ou tard, nous sera r\u00e9v\u00e9l\u00e9 : \u00a0pourquoi la facult\u00e9 de connaissance supranormale n&rsquo;est-elle pas une propri\u00e9t\u00e9 commune \u00e0 tous les hommes ?<\/p>\n<p style=\"text-align: justify;\">L&rsquo;\u00e9tude des sujets clairvoyants a appris que s&rsquo;ils se montrent aptes \u00e0 prendre connaissance du r\u00e9el en des conditions o\u00f9 la raison aid\u00e9e des sens reste ininform\u00e9e, c&rsquo;est parce qu&rsquo;ils savent d&rsquo;instinct se mettre dans l&rsquo;\u00e9tat psycho-physiologique favorable et n\u00e9cessaire \u00e0 ce mode extrasensoriel de la connaissance. Cela, bien entendu, n&rsquo;est pas une explication, ce n&rsquo;est qu&rsquo;une simple constatation, mais constante.<\/p>\n<p style=\"text-align: justify;\">On a appel\u00e9 transe cet \u00e9tat (transire : passer d&rsquo;un \u00e9tat \u00e0 un autre) : mot prudent parce qu&rsquo;il \u00e9tiquette sans pr\u00e9tendre expliquer. Suivant les clairvoyants, cet \u00e9tat est visible ou inapparent. On peut esp\u00e9rer que, quand on aura d\u00e9couvert en quoi il consiste, on saura soit le perfectionner chez ceux qui l&rsquo;ont \u00e0 petit degr\u00e9, soit le provoquer chez beaucoup d&rsquo;\u00eatres, ce dont il d\u00e9coulerait une abondance, une diversit\u00e9 consid\u00e9rable de la production des faits et, du m\u00eame coup, un imp\u00e9tueux mouvement d&rsquo;\u00e9tude. C&rsquo;en serait fini des indiff\u00e9rents, des n\u00e9gateurs syst\u00e9matiques, des hostiles, des entraveurs du travail d&rsquo;autrui. L&rsquo;humanit\u00e9 pratiquement int\u00e9ress\u00e9e comprendrait que c&rsquo;est dans cette direction qu&rsquo;est sa seule chance d&rsquo;\u00eatre fix\u00e9e sur le sort ult\u00e9rieur des individus.<\/p>\n<p style=\"text-align: justify;\">Si nous ne savons pas encore par quel processus psychologique les sujets, qui ne le savent pas mieux que nous, r\u00e9alisent l&rsquo;\u00e9tat de transe, nous savons ce que d\u00e9termine psychologiquement cet \u00e9tat. Son principal effet est de r\u00e9v\u00e9ler chez \u00ab l&rsquo;entrans\u00e9 \u00bb un plan de l&rsquo;esprit dou\u00e9 de propri\u00e9t\u00e9s de conna\u00eetre le r\u00e9el, tout autres que celles des zones mentales objets de la psychologie classique. La raison devient passive, elle attend que l&rsquo;information surgisse des profondeurs de l&rsquo;esprit.<\/p>\n<p style=\"text-align: center;\" align=\"center\">\u2022\u2022\u2022<\/p>\n<p style=\"text-align: justify;\">Un autre effet de la transe est que la pens\u00e9e int\u00e9rieure qui exprime la connaissance venue par voies extrasensorielles est le plus souvent, sinon toujours, hallucinatoire : les sujets voient, entendent, parlent impulsivement, etc. Et \u2014 fait int\u00e9ressant qui nous ram\u00e8ne aux d\u00e9buts de cet expos\u00e9 \u2014 ils t\u00e9moignent, dans cet \u00e9tat de transe, d&rsquo;une m\u00e9moire int\u00e9grale. Ils n&rsquo;y oublient rien de ce qui est venu \u00e0 leur esprit dans les \u00e9tats similaires ant\u00e9rieurs ; certains m\u00eames semblent pouvoir s&rsquo;y souvenir de tout ce qu&rsquo;ils ont v\u00e9cu. Parmi les sujets clairvoyants que j&rsquo;ai longuement \u00e9tudi\u00e9s, deux m&rsquo;ont particuli\u00e8rement instruit \u00e0 cet \u00e9gard. Que l&rsquo;on en juge.<\/p>\n<p style=\"text-align: justify;\">L&rsquo;un d&rsquo;eux, Mlle de Berly, avait l&rsquo;\u00e9tat de transe si facile qu&rsquo;il faisait partie de sa vie mentale courante. Chez elle, la perception, le raisonnement, la connaissance extra-sensorielle \u00e9taient si \u00e9troitement m\u00eal\u00e9s qu&rsquo;il \u00e9tait impossible, dans la conversation, de d\u00e9m\u00ealer la part de chacun de ces facteurs.<\/p>\n<p style=\"text-align: justify;\">Conversant avec un inconnu qu&rsquo;on venait de lui pr\u00e9senter, elle semblait tout aussit\u00f4t \u00e9changer avec lui des souvenirs communs ; elle parlait des lieux qu&rsquo;il habitait, des choses et des gens avec lesquels il vivait ou avait v\u00e9cu, comme si elle avait fait elle-m\u00eame partie du m\u00eame milieu et cela avec, parfois, de si pr\u00e9cis d\u00e9tails que l&rsquo;interlocuteur d\u00e9clarait \u00e0 tout instant, \u00e9tonn\u00e9, que c&rsquo;\u00e9tait vrai et qu&rsquo;il l&rsquo;avait oubli\u00e9.<\/p>\n<p style=\"text-align: justify;\">Mlle de Berly n&rsquo;oubliait rien de ces conversations avec tous ceux qui l&rsquo;approchaient car, en ce cas, le travail de son esprit n&rsquo;\u00e9tait que pour une petite part celui du plan d&rsquo;activit\u00e9 dont nous avons la direction. Il lui advenait de cela une imp\u00e9rieuse n\u00e9cessit\u00e9 de s&rsquo;isoler des gens et de vivre quasi clo\u00eetr\u00e9e. L&rsquo;ordinaire fr\u00e9quence des contacts avec autrui l&rsquo;eut t\u00f4t \u00e9puis\u00e9e.<\/p>\n<p style=\"text-align: justify;\">M. de Fleuri\u00e8re avait une m\u00e9moire de transe \u2014 sa transe \u00e9tait inapparente \u2014 de m\u00eame infaillibilit\u00e9. En voici un exemple. Un jour je lui amenai pour buts de clairvoyance, une dame de lui totalement inconnue et dont la vie sortait du commun. Il donna sur sa personnalit\u00e9 et sur les \u00e9v\u00e9nements cardinaux de sa vie des indications nombreuses et pr\u00e9cises. Ce fut un impressionnant succ\u00e8s. Ma secr\u00e9taire, comme \u00e0 l&rsquo;habitude, \u00e9crivit exactement les paroles du sujet.<\/p>\n<p style=\"text-align: justify;\">Quelques jours apr\u00e8s, \u00e9tant \u00e0 nouveau chez M. de Fleuri\u00e8re, je lui demandai s&rsquo;il lui \u00e9tait possible de redire mot \u00e0 mot ses paroles d&rsquo;une s\u00e9ance ant\u00e9rieure. \u00ab C&rsquo;est tr\u00e8s facile \u00bb, me r\u00e9pondit-il. Je le priai alors de refaire textuellement la s\u00e9ance concernant la dame que je lui avais amen\u00e9e. Il prit un temps pour se mettre en l&rsquo;\u00e9tat dans lequel sa facult\u00e9 de clairvoyance entre en jeu, puis il parla, cependant que j&rsquo;\u00e9crivais ce qu&rsquo;il disait. A remarquer qu&rsquo;entre le jour de la s\u00e9ance et celui de sa reproduction, M. de Fleuri\u00e8re avait fait des dizaines de s\u00e9ances sur d&rsquo;autres personnes. Quand, rentr\u00e9 chez moi, je comparais le deuxi\u00e8me texte au premier, je le trouvai exactement semblable. M\u00eames mots et dans la m\u00eame rigoureuse succession, sans aucune omission, sans aucun ajout, sans la moindre modification.<\/p>\n<p style=\"text-align: justify;\">Les clairvoyants n&rsquo;ont pas, dans l&rsquo;ordinaire pratique de leur vie, cette m\u00e9moire de rappel impeccable. Ils ne la trouvent que dans l&rsquo;\u00e9tat hypno\u00efde dit de transe. Or, cet \u00e9tat est le m\u00eame qui met chez eux en jeu le plan de l&rsquo;esprit par lequel ils prennent connaissance de la r\u00e9alit\u00e9 dans le temps et l&rsquo;espace, en des conditions o\u00f9 leurs sens et leur raison restent inactifs et seraient d&rsquo;ailleurs ininform\u00e9s.<\/p>\n<p style=\"text-align: justify;\">Comme, de toute \u00e9vidence, cette facult\u00e9 de connaissance extra-sensorielle n&rsquo;est pas une possibilit\u00e9 du cerveau, lequel ne saurait rien percevoir d&rsquo;un lointain pass\u00e9 et du futur, on peut supposer que la m\u00e9moire d&rsquo;enregistrement total est un attribut de ce m\u00eame plan de l&rsquo;esprit qui, chez les clairvoyants, communique avec ce qui \u00ab sait \u00bb la vie et, peut-\u00eatre, en fait partie ; plan de l&rsquo;esprit qui, chez chacun de nous, conna\u00eet notre r\u00f4le dans toute la v\u00e9rit\u00e9 de l&rsquo;accompli et dans ce qui reste \u00e0 en jouer.<\/p>\n<p style=\"text-align: justify;\">C&rsquo;est cette partie vraisemblablement fondamentale de notre \u00eatre, cach\u00e9e derri\u00e8re l&rsquo;exercice \u00ab c\u00e9r\u00e9bralis\u00e9 \u00bb et semblant transcender la mati\u00e8re, que Maeterlinck appelait l&rsquo;h\u00f4te inconnu. Et c&rsquo;est en cons\u00e9quence d&rsquo;une profonde compr\u00e9hension de cela que l&rsquo;\u00e9crivain Jules Bois se plaisait \u00e0 dire : l&rsquo;au-del\u00e0 est en nous.<\/p>\n<p style=\"text-align: right;\" align=\"right\">Eug\u00e8ne OSTY<\/p>\n<div style=\"text-align: justify;\"><\/div>\n<hr align=\"left\" size=\"1\" width=\"33%\" \/>\n<div>\n<p style=\"text-align: justify;\"><a id=\"ftn1\" href=\"#ftnref1\">[1]<\/a> Joseph Treyre connut la c\u00e9l\u00e9brit\u00e9 entre les deux guerres. Ce clairvoyant se servait d&rsquo;un pendule de son invention ; la boule \u00e9tait suspendue \u00e0 la barre horizontale d&rsquo;une sorte de trap\u00e8ze et il suffisait \u00e0 Joseph Treyre de mettre un doigt sur la barre pour susciter des mouvements significatifs de la boule. Le Docteur Osty estimait que ce clairvoyant aurait pu se passer de cet interm\u00e9diaire.<\/p>\n<\/div>\n<div style=\"text-align: justify;\">\n<p><a id=\"ftn2\" href=\"#ftnref2\">[2]<\/a> L&rsquo;abb\u00e9 Mermet, encore un clairvoyant utilisant la baguette ou le pendule pour susciter la mise en \u0153uvre de certaines facult\u00e9s paranormales. L&rsquo;abb\u00e9 Mermet op\u00e9rait \u00e0 distance. Il a d\u00e9couvert des dizaines de personnes disparues. Sa r\u00e9putation eut \u00e9t\u00e9 universelle si les moyens actuels de diffusion \u2014 par radio et t\u00e9l\u00e9vision notamment \u2014 avaient exist\u00e9.<\/p>\n<\/div>\n<div>\n<p style=\"text-align: justify;\"><a id=\"ftn3\" href=\"#ftnref3\">[3]<\/a> C&rsquo;est la mort de son fils qui d\u00e9clencha des Ph\u00e9nom\u00e8nes paranormaux chez Pascal Forthuny, journaliste, peintre, romancier\u00a0 et po\u00e8te. Il fut, entre les deux guerres, un des principaux sujets d&rsquo;exp\u00e9rience de l&rsquo;Institut M\u00e9tapsychique International. Il \u00e9tait aussi le premier au monde \u00e0 r\u00e9aliser l&rsquo;exp\u00e9rience de la \u00ab chaise vide \u00bb consistant \u00e0 d\u00e9crire, \u00e0 l&rsquo;avance, les traits \u2014 caract\u00e9riels ou autres \u2014 du futur occupant d&rsquo;une chaise tir\u00e9e au sort parmi les autres chaises de la salle de conf\u00e9rence.<\/p>\n<\/div>\n","protected":false},"excerpt":{"rendered":"<p>La relation entre sujet et personne-objectif, ci-dessus bri\u00e8vement \u00e9nonc\u00e9e, impose cette cons\u00e9quence. Cette cons\u00e9quence en entra\u00eene une autre et c&rsquo;est celle-l\u00e0 qui donne vue sur un \u00e9trange horizon : si les sujets puisent en nous la notion de notre devenir, c&rsquo;est que notre esprit sait le r\u00f4le que nous jouons dans le drame de la vie, cependant que notre intelligence d&rsquo;ordinaire usage, notre raison, l&rsquo;ignore totalement et n&rsquo;en prend conscience que sensation par sensation, action apr\u00e8s action.<\/p>\n","protected":false},"author":1,"featured_media":12012,"comment_status":"closed","ping_status":"closed","sticky":false,"template":"","format":"standard","meta":{"footnotes":""},"categories":[85],"tags":[1116,1118,117,342,159,1117],"class_list":["post-12004","post","type-post","status-publish","format-standard","has-post-thumbnail","hentry","category-parapsychologie","tag-clairvoyance","tag-mediumnite","tag-memoire","tag-radiesthesie","tag-temps","tag-transe"],"yoast_head":"<!-- This site is optimized with the Yoast SEO plugin v27.0 - https:\/\/yoast.com\/product\/yoast-seo-wordpress\/ -->\n<title>L\u2019au-del\u00e0 est en nous par le Docteur Eug\u00e8ne Osty et pr\u00e9sentation par Maurice Gouineau - 3e mill\u00e9naire - Spiritualit\u00e9 - Connaissance de soi - Non-dualit\u00e9 - M\u00e9ditation<\/title>\n<meta name=\"robots\" content=\"index, follow, max-snippet:-1, max-image-preview:large, max-video-preview:-1\" \/>\n<link rel=\"canonical\" href=\"https:\/\/www.revue3emillenaire.com\/blog\/lau-dela-est-en-nous-par-le-docteur-eugene-osty-et-presentation-par-maurice-gouineau\/\" \/>\n<meta property=\"og:locale\" content=\"fr_FR\" \/>\n<meta property=\"og:type\" content=\"article\" \/>\n<meta property=\"og:title\" content=\"L\u2019au-del\u00e0 est en nous par le Docteur Eug\u00e8ne Osty et pr\u00e9sentation par Maurice Gouineau - 3e mill\u00e9naire - Spiritualit\u00e9 - Connaissance de soi - Non-dualit\u00e9 - M\u00e9ditation\" \/>\n<meta property=\"og:description\" content=\"La relation entre sujet et personne-objectif, ci-dessus bri\u00e8vement \u00e9nonc\u00e9e, impose cette cons\u00e9quence. Cette cons\u00e9quence en entra\u00eene une autre et c&#039;est celle-l\u00e0 qui donne vue sur un \u00e9trange horizon : si les sujets puisent en nous la notion de notre devenir, c&#039;est que notre esprit sait le r\u00f4le que nous jouons dans le drame de la vie, cependant que notre intelligence d&#039;ordinaire usage, notre raison, l&#039;ignore totalement et n&#039;en prend conscience que sensation par sensation, action apr\u00e8s action.\" \/>\n<meta property=\"og:url\" content=\"https:\/\/www.revue3emillenaire.com\/blog\/lau-dela-est-en-nous-par-le-docteur-eugene-osty-et-presentation-par-maurice-gouineau\/\" \/>\n<meta property=\"og:site_name\" content=\"3e mill\u00e9naire - Spiritualit\u00e9 - Connaissance de soi - Non-dualit\u00e9 - M\u00e9ditation\" \/>\n<meta property=\"article:published_time\" content=\"2012-08-28T15:37:29+00:00\" \/>\n<meta property=\"og:image\" content=\"https:\/\/www.revue3emillenaire.com\/blog\/wp-content\/uploads\/2012\/08\/osty1926.jpg\" \/>\n\t<meta property=\"og:image:width\" content=\"225\" \/>\n\t<meta property=\"og:image:height\" content=\"237\" \/>\n\t<meta property=\"og:image:type\" content=\"image\/jpeg\" \/>\n<meta name=\"author\" content=\"3e mill\u00e9naire\" \/>\n<meta name=\"twitter:card\" content=\"summary_large_image\" \/>\n<meta name=\"twitter:label1\" content=\"\u00c9crit par\" \/>\n\t<meta name=\"twitter:data1\" content=\"3e mill\u00e9naire\" \/>\n\t<meta name=\"twitter:label2\" content=\"Dur\u00e9e de lecture estim\u00e9e\" \/>\n\t<meta name=\"twitter:data2\" content=\"36 minutes\" \/>\n<script type=\"application\/ld+json\" class=\"yoast-schema-graph\">{\"@context\":\"https:\/\/schema.org\",\"@graph\":[{\"@type\":\"Article\",\"@id\":\"https:\/\/www.revue3emillenaire.com\/blog\/lau-dela-est-en-nous-par-le-docteur-eugene-osty-et-presentation-par-maurice-gouineau\/#article\",\"isPartOf\":{\"@id\":\"https:\/\/www.revue3emillenaire.com\/blog\/lau-dela-est-en-nous-par-le-docteur-eugene-osty-et-presentation-par-maurice-gouineau\/\"},\"author\":{\"name\":\"3e mill\u00e9naire\",\"@id\":\"https:\/\/www.revue3emillenaire.com\/blog\/#\/schema\/person\/9a3a7cc4ccaa707f402d4394327106d5\"},\"headline\":\"L\u2019au-del\u00e0 est en nous par le Docteur Eug\u00e8ne Osty et pr\u00e9sentation par Maurice Gouineau\",\"datePublished\":\"2012-08-28T15:37:29+00:00\",\"mainEntityOfPage\":{\"@id\":\"https:\/\/www.revue3emillenaire.com\/blog\/lau-dela-est-en-nous-par-le-docteur-eugene-osty-et-presentation-par-maurice-gouineau\/\"},\"wordCount\":7204,\"image\":{\"@id\":\"https:\/\/www.revue3emillenaire.com\/blog\/lau-dela-est-en-nous-par-le-docteur-eugene-osty-et-presentation-par-maurice-gouineau\/#primaryimage\"},\"thumbnailUrl\":\"https:\/\/www.revue3emillenaire.com\/blog\/wp-content\/uploads\/2012\/08\/osty1926.jpg\",\"keywords\":[\"Clairvoyance\",\"M\u00e9diumnit\u00e9\",\"m\u00e9moire\",\"radiesth\u00e9sie\",\"temps\",\"Transe\"],\"articleSection\":[\"Parapsychologie \/ Ph\u00e9nom\u00e8nes\"],\"inLanguage\":\"fr-FR\"},{\"@type\":\"WebPage\",\"@id\":\"https:\/\/www.revue3emillenaire.com\/blog\/lau-dela-est-en-nous-par-le-docteur-eugene-osty-et-presentation-par-maurice-gouineau\/\",\"url\":\"https:\/\/www.revue3emillenaire.com\/blog\/lau-dela-est-en-nous-par-le-docteur-eugene-osty-et-presentation-par-maurice-gouineau\/\",\"name\":\"L\u2019au-del\u00e0 est en nous par le Docteur Eug\u00e8ne Osty et pr\u00e9sentation par Maurice Gouineau - 3e mill\u00e9naire - Spiritualit\u00e9 - Connaissance de soi - Non-dualit\u00e9 - M\u00e9ditation\",\"isPartOf\":{\"@id\":\"https:\/\/www.revue3emillenaire.com\/blog\/#website\"},\"primaryImageOfPage\":{\"@id\":\"https:\/\/www.revue3emillenaire.com\/blog\/lau-dela-est-en-nous-par-le-docteur-eugene-osty-et-presentation-par-maurice-gouineau\/#primaryimage\"},\"image\":{\"@id\":\"https:\/\/www.revue3emillenaire.com\/blog\/lau-dela-est-en-nous-par-le-docteur-eugene-osty-et-presentation-par-maurice-gouineau\/#primaryimage\"},\"thumbnailUrl\":\"https:\/\/www.revue3emillenaire.com\/blog\/wp-content\/uploads\/2012\/08\/osty1926.jpg\",\"datePublished\":\"2012-08-28T15:37:29+00:00\",\"author\":{\"@id\":\"https:\/\/www.revue3emillenaire.com\/blog\/#\/schema\/person\/9a3a7cc4ccaa707f402d4394327106d5\"},\"breadcrumb\":{\"@id\":\"https:\/\/www.revue3emillenaire.com\/blog\/lau-dela-est-en-nous-par-le-docteur-eugene-osty-et-presentation-par-maurice-gouineau\/#breadcrumb\"},\"inLanguage\":\"fr-FR\",\"potentialAction\":[{\"@type\":\"ReadAction\",\"target\":[\"https:\/\/www.revue3emillenaire.com\/blog\/lau-dela-est-en-nous-par-le-docteur-eugene-osty-et-presentation-par-maurice-gouineau\/\"]}]},{\"@type\":\"ImageObject\",\"inLanguage\":\"fr-FR\",\"@id\":\"https:\/\/www.revue3emillenaire.com\/blog\/lau-dela-est-en-nous-par-le-docteur-eugene-osty-et-presentation-par-maurice-gouineau\/#primaryimage\",\"url\":\"https:\/\/www.revue3emillenaire.com\/blog\/wp-content\/uploads\/2012\/08\/osty1926.jpg\",\"contentUrl\":\"https:\/\/www.revue3emillenaire.com\/blog\/wp-content\/uploads\/2012\/08\/osty1926.jpg\",\"width\":\"225\",\"height\":\"237\"},{\"@type\":\"BreadcrumbList\",\"@id\":\"https:\/\/www.revue3emillenaire.com\/blog\/lau-dela-est-en-nous-par-le-docteur-eugene-osty-et-presentation-par-maurice-gouineau\/#breadcrumb\",\"itemListElement\":[{\"@type\":\"ListItem\",\"position\":1,\"name\":\"Accueil\",\"item\":\"https:\/\/www.revue3emillenaire.com\/blog\/\"},{\"@type\":\"ListItem\",\"position\":2,\"name\":\"L\u2019au-del\u00e0 est en nous par le Docteur Eug\u00e8ne Osty et pr\u00e9sentation par Maurice Gouineau\"}]},{\"@type\":\"WebSite\",\"@id\":\"https:\/\/www.revue3emillenaire.com\/blog\/#website\",\"url\":\"https:\/\/www.revue3emillenaire.com\/blog\/\",\"name\":\"3e mill\u00e9naire - Spiritualit\u00e9 - Connaissance de soi - Non-dualit\u00e9 - M\u00e9ditation\",\"description\":\"L&#039;Homme en devenir\",\"potentialAction\":[{\"@type\":\"SearchAction\",\"target\":{\"@type\":\"EntryPoint\",\"urlTemplate\":\"https:\/\/www.revue3emillenaire.com\/blog\/?s={search_term_string}\"},\"query-input\":{\"@type\":\"PropertyValueSpecification\",\"valueRequired\":true,\"valueName\":\"search_term_string\"}}],\"inLanguage\":\"fr-FR\"},{\"@type\":\"Person\",\"@id\":\"https:\/\/www.revue3emillenaire.com\/blog\/#\/schema\/person\/9a3a7cc4ccaa707f402d4394327106d5\",\"name\":\"3e mill\u00e9naire\",\"url\":\"https:\/\/www.revue3emillenaire.com\/blog\/author\/admin\/\"}]}<\/script>\n<!-- \/ Yoast SEO plugin. -->","yoast_head_json":{"title":"L\u2019au-del\u00e0 est en nous par le Docteur Eug\u00e8ne Osty et pr\u00e9sentation par Maurice Gouineau - 3e mill\u00e9naire - Spiritualit\u00e9 - Connaissance de soi - Non-dualit\u00e9 - M\u00e9ditation","robots":{"index":"index","follow":"follow","max-snippet":"max-snippet:-1","max-image-preview":"max-image-preview:large","max-video-preview":"max-video-preview:-1"},"canonical":"https:\/\/www.revue3emillenaire.com\/blog\/lau-dela-est-en-nous-par-le-docteur-eugene-osty-et-presentation-par-maurice-gouineau\/","og_locale":"fr_FR","og_type":"article","og_title":"L\u2019au-del\u00e0 est en nous par le Docteur Eug\u00e8ne Osty et pr\u00e9sentation par Maurice Gouineau - 3e mill\u00e9naire - Spiritualit\u00e9 - Connaissance de soi - Non-dualit\u00e9 - M\u00e9ditation","og_description":"La relation entre sujet et personne-objectif, ci-dessus bri\u00e8vement \u00e9nonc\u00e9e, impose cette cons\u00e9quence. Cette cons\u00e9quence en entra\u00eene une autre et c'est celle-l\u00e0 qui donne vue sur un \u00e9trange horizon : si les sujets puisent en nous la notion de notre devenir, c'est que notre esprit sait le r\u00f4le que nous jouons dans le drame de la vie, cependant que notre intelligence d'ordinaire usage, notre raison, l'ignore totalement et n'en prend conscience que sensation par sensation, action apr\u00e8s action.","og_url":"https:\/\/www.revue3emillenaire.com\/blog\/lau-dela-est-en-nous-par-le-docteur-eugene-osty-et-presentation-par-maurice-gouineau\/","og_site_name":"3e mill\u00e9naire - Spiritualit\u00e9 - Connaissance de soi - Non-dualit\u00e9 - M\u00e9ditation","article_published_time":"2012-08-28T15:37:29+00:00","og_image":[{"width":225,"height":237,"url":"https:\/\/www.revue3emillenaire.com\/blog\/wp-content\/uploads\/2012\/08\/osty1926.jpg","type":"image\/jpeg"}],"author":"3e mill\u00e9naire","twitter_card":"summary_large_image","twitter_misc":{"\u00c9crit par":"3e mill\u00e9naire","Dur\u00e9e de lecture estim\u00e9e":"36 minutes"},"schema":{"@context":"https:\/\/schema.org","@graph":[{"@type":"Article","@id":"https:\/\/www.revue3emillenaire.com\/blog\/lau-dela-est-en-nous-par-le-docteur-eugene-osty-et-presentation-par-maurice-gouineau\/#article","isPartOf":{"@id":"https:\/\/www.revue3emillenaire.com\/blog\/lau-dela-est-en-nous-par-le-docteur-eugene-osty-et-presentation-par-maurice-gouineau\/"},"author":{"name":"3e mill\u00e9naire","@id":"https:\/\/www.revue3emillenaire.com\/blog\/#\/schema\/person\/9a3a7cc4ccaa707f402d4394327106d5"},"headline":"L\u2019au-del\u00e0 est en nous par le Docteur Eug\u00e8ne Osty et pr\u00e9sentation par Maurice Gouineau","datePublished":"2012-08-28T15:37:29+00:00","mainEntityOfPage":{"@id":"https:\/\/www.revue3emillenaire.com\/blog\/lau-dela-est-en-nous-par-le-docteur-eugene-osty-et-presentation-par-maurice-gouineau\/"},"wordCount":7204,"image":{"@id":"https:\/\/www.revue3emillenaire.com\/blog\/lau-dela-est-en-nous-par-le-docteur-eugene-osty-et-presentation-par-maurice-gouineau\/#primaryimage"},"thumbnailUrl":"https:\/\/www.revue3emillenaire.com\/blog\/wp-content\/uploads\/2012\/08\/osty1926.jpg","keywords":["Clairvoyance","M\u00e9diumnit\u00e9","m\u00e9moire","radiesth\u00e9sie","temps","Transe"],"articleSection":["Parapsychologie \/ Ph\u00e9nom\u00e8nes"],"inLanguage":"fr-FR"},{"@type":"WebPage","@id":"https:\/\/www.revue3emillenaire.com\/blog\/lau-dela-est-en-nous-par-le-docteur-eugene-osty-et-presentation-par-maurice-gouineau\/","url":"https:\/\/www.revue3emillenaire.com\/blog\/lau-dela-est-en-nous-par-le-docteur-eugene-osty-et-presentation-par-maurice-gouineau\/","name":"L\u2019au-del\u00e0 est en nous par le Docteur Eug\u00e8ne Osty et pr\u00e9sentation par Maurice Gouineau - 3e mill\u00e9naire - Spiritualit\u00e9 - Connaissance de soi - Non-dualit\u00e9 - M\u00e9ditation","isPartOf":{"@id":"https:\/\/www.revue3emillenaire.com\/blog\/#website"},"primaryImageOfPage":{"@id":"https:\/\/www.revue3emillenaire.com\/blog\/lau-dela-est-en-nous-par-le-docteur-eugene-osty-et-presentation-par-maurice-gouineau\/#primaryimage"},"image":{"@id":"https:\/\/www.revue3emillenaire.com\/blog\/lau-dela-est-en-nous-par-le-docteur-eugene-osty-et-presentation-par-maurice-gouineau\/#primaryimage"},"thumbnailUrl":"https:\/\/www.revue3emillenaire.com\/blog\/wp-content\/uploads\/2012\/08\/osty1926.jpg","datePublished":"2012-08-28T15:37:29+00:00","author":{"@id":"https:\/\/www.revue3emillenaire.com\/blog\/#\/schema\/person\/9a3a7cc4ccaa707f402d4394327106d5"},"breadcrumb":{"@id":"https:\/\/www.revue3emillenaire.com\/blog\/lau-dela-est-en-nous-par-le-docteur-eugene-osty-et-presentation-par-maurice-gouineau\/#breadcrumb"},"inLanguage":"fr-FR","potentialAction":[{"@type":"ReadAction","target":["https:\/\/www.revue3emillenaire.com\/blog\/lau-dela-est-en-nous-par-le-docteur-eugene-osty-et-presentation-par-maurice-gouineau\/"]}]},{"@type":"ImageObject","inLanguage":"fr-FR","@id":"https:\/\/www.revue3emillenaire.com\/blog\/lau-dela-est-en-nous-par-le-docteur-eugene-osty-et-presentation-par-maurice-gouineau\/#primaryimage","url":"https:\/\/www.revue3emillenaire.com\/blog\/wp-content\/uploads\/2012\/08\/osty1926.jpg","contentUrl":"https:\/\/www.revue3emillenaire.com\/blog\/wp-content\/uploads\/2012\/08\/osty1926.jpg","width":"225","height":"237"},{"@type":"BreadcrumbList","@id":"https:\/\/www.revue3emillenaire.com\/blog\/lau-dela-est-en-nous-par-le-docteur-eugene-osty-et-presentation-par-maurice-gouineau\/#breadcrumb","itemListElement":[{"@type":"ListItem","position":1,"name":"Accueil","item":"https:\/\/www.revue3emillenaire.com\/blog\/"},{"@type":"ListItem","position":2,"name":"L\u2019au-del\u00e0 est en nous par le Docteur Eug\u00e8ne Osty et pr\u00e9sentation par Maurice Gouineau"}]},{"@type":"WebSite","@id":"https:\/\/www.revue3emillenaire.com\/blog\/#website","url":"https:\/\/www.revue3emillenaire.com\/blog\/","name":"3e mill\u00e9naire - Spiritualit\u00e9 - Connaissance de soi - Non-dualit\u00e9 - M\u00e9ditation","description":"L&#039;Homme en devenir","potentialAction":[{"@type":"SearchAction","target":{"@type":"EntryPoint","urlTemplate":"https:\/\/www.revue3emillenaire.com\/blog\/?s={search_term_string}"},"query-input":{"@type":"PropertyValueSpecification","valueRequired":true,"valueName":"search_term_string"}}],"inLanguage":"fr-FR"},{"@type":"Person","@id":"https:\/\/www.revue3emillenaire.com\/blog\/#\/schema\/person\/9a3a7cc4ccaa707f402d4394327106d5","name":"3e mill\u00e9naire","url":"https:\/\/www.revue3emillenaire.com\/blog\/author\/admin\/"}]}},"_links":{"self":[{"href":"https:\/\/www.revue3emillenaire.com\/blog\/wp-json\/wp\/v2\/posts\/12004","targetHints":{"allow":["GET"]}}],"collection":[{"href":"https:\/\/www.revue3emillenaire.com\/blog\/wp-json\/wp\/v2\/posts"}],"about":[{"href":"https:\/\/www.revue3emillenaire.com\/blog\/wp-json\/wp\/v2\/types\/post"}],"author":[{"embeddable":true,"href":"https:\/\/www.revue3emillenaire.com\/blog\/wp-json\/wp\/v2\/users\/1"}],"replies":[{"embeddable":true,"href":"https:\/\/www.revue3emillenaire.com\/blog\/wp-json\/wp\/v2\/comments?post=12004"}],"version-history":[{"count":0,"href":"https:\/\/www.revue3emillenaire.com\/blog\/wp-json\/wp\/v2\/posts\/12004\/revisions"}],"wp:featuredmedia":[{"embeddable":true,"href":"https:\/\/www.revue3emillenaire.com\/blog\/wp-json\/wp\/v2\/media\/12012"}],"wp:attachment":[{"href":"https:\/\/www.revue3emillenaire.com\/blog\/wp-json\/wp\/v2\/media?parent=12004"}],"wp:term":[{"taxonomy":"category","embeddable":true,"href":"https:\/\/www.revue3emillenaire.com\/blog\/wp-json\/wp\/v2\/categories?post=12004"},{"taxonomy":"post_tag","embeddable":true,"href":"https:\/\/www.revue3emillenaire.com\/blog\/wp-json\/wp\/v2\/tags?post=12004"}],"curies":[{"name":"wp","href":"https:\/\/api.w.org\/{rel}","templated":true}]}}