{"id":12047,"date":"2012-09-08T13:56:32","date_gmt":"2012-09-08T12:56:32","guid":{"rendered":"http:\/\/www.revue3emillenaire.com\/blog\/?p=12047"},"modified":"2012-09-08T13:59:33","modified_gmt":"2012-09-08T12:59:33","slug":"laube-du-message-de-roger-godel-par-maurice-lambilliotte","status":"publish","type":"post","link":"https:\/\/www.revue3emillenaire.com\/blog\/laube-du-message-de-roger-godel-par-maurice-lambilliotte\/","title":{"rendered":"L&rsquo;aube du message de Roger Godel par Maurice Lambilliotte"},"content":{"rendered":"<p style=\"text-align: justify;\">(Extrait de l\u2019ouvrage collectif d\u2019hommage : Roger Godel \u2013 De l\u2019humanisme \u00e0 l\u2019humain, \u00c9d. Les Belles Lettres, 1963)<\/p>\n<p style=\"text-align: right;\" align=\"right\"><em>\u00e0<\/em> <em>Alice Godel<\/em><\/p>\n<p style=\"text-align: justify;\">J&rsquo;\u00e9tais \u00e0 la c\u00f4te belge, en janvier 1961, moi-m\u00eame assez mal en point. Au retour d&rsquo;une promenade sur la digue, nous avions \u00e9voqu\u00e9 le souvenir d&rsquo;Alice et de Roger Godel, leur premier week-end avec nous \u00e0 Duinbergen. La grisaille de la mer du Nord avait \u00e9t\u00e9 une r\u00e9v\u00e9lation pour Alice Godel. Le ciel gris, la mer glauque, l&rsquo;infini et la mer, la mer toujours recommenc\u00e9e. Nous avions v\u00e9cu ensuite dans ce petit appartement de l&rsquo;avenue Van-der-Merschen tant d&rsquo;heures o\u00f9 l&rsquo;amiti\u00e9 cr\u00e9ait entre nous un climat exceptionnel. Roger Godel parlait. Nous l&rsquo;\u00e9coutions avec une joie illumin\u00e9e. Sa bont\u00e9 n&rsquo;avait d&rsquo;\u00e9gale que la clart\u00e9 de sa pens\u00e9e et une totale absence de r\u00e9f\u00e9rence \u00e0 lui-m\u00eame.<\/p>\n<p style=\"text-align: justify;\">Nous l&rsquo;avions revu en pens\u00e9e, ma femme et moi. Nous les suivions, Alice et lui, dans notre c\u0153ur comme ils \u00e9taient dans leur vie quotidienne. Il ne s&rsquo;agissait d&rsquo;ailleurs pas de souvenir. Ils \u00e9taient l\u00e0, pr\u00e9sents sur nous, devant nous, avec nous. Nous leur parlions. Et leur seule \u00e9vocation nous avait, comme chaque fois, nourris. Il est des \u00eatres \u00ab b\u00e9n\u00e9fiques \u00bb \u2014 c&rsquo;\u00e9tait une expression de Roger Godel. Elle s&rsquo;appliquait tellement \u00e0 lui qui certainement ne l&rsquo;aurait pas admis tant \u00e9taient grande sa pudeur, son oubli de soi et cette humilit\u00e9 qui sont l&rsquo;apanage de certains \u00eatres exceptionnels et qui n&rsquo;en sont pas moins rayonnants.<\/p>\n<p style=\"text-align: justify;\">Le soir \u00e9tait tomb\u00e9. A peine \u00e9tions-nous rentr\u00e9s qu&rsquo;un appel t\u00e9l\u00e9phonique nous apprenait l&rsquo;atroce nouvelle. Christiane Thys avait re\u00e7u pour moi une lettre d&rsquo;Andr\u00e9e Chedid nous annon\u00e7ant la mort de Roger Godel. Toutes les notions courantes d&rsquo;espace et de temps en \u00e9taient pour moi abolies. Je l&rsquo;avais senti quelques minutes plus t\u00f4t, si pr\u00e9sent, si vivant, si proche. Sa mort ne pouvait prendre pour nous de sens concret. Il ne pouvait \u00eatre mort et \u00e0 la fois aussi intens\u00e9ment pr\u00e9sent. Pr\u00e9sent par son souvenir, son humour, l&rsquo;accent de sa voix, la lumi\u00e8re et la chaleur de ses propos. Pour tout dire : sa sagesse, en donnant \u00e0 ce terme toute sa signification.<\/p>\n<p style=\"text-align: center;\" align=\"center\">***<\/p>\n<p style=\"text-align: justify;\">J&rsquo;ai connu Roger Godel par des amis parisiens. Ils m&rsquo;avaient adress\u00e9 son \u00ab <em>Exp\u00e9rience lib\u00e9ratrice<\/em>\u00a0\u00bb. J&rsquo;avais lu le livre ; j&rsquo;avais \u00e9t\u00e9 frapp\u00e9 par son accent de t\u00e9moignage direct. J&rsquo;\u00e9tais moins sensible \u00e0 l&rsquo;expos\u00e9, \u00e0 sa logique, \u00e0 son objet m\u00eame qu&rsquo;\u00e0 un certain ton qui me r\u00e9v\u00e9lait bien plus l&rsquo;approche d&rsquo;une exp\u00e9rience essentielle. Ce livre, je l&rsquo;ai lu et relu par la suite. Je puis moi-m\u00eame dire qu&rsquo;il s&rsquo;est lentement construit en moi et que sa substance, son essence m&rsquo;ont \u00e9t\u00e9 r\u00e9v\u00e9l\u00e9es au fur et \u00e0 mesure des \u00e9changes personnels que j&rsquo;ai eu le privil\u00e8ge d&rsquo;avoir par la suite avec Roger Godel. Une fois de plus il me confirmait dans une conviction depuis longtemps amorc\u00e9e en moi. Les mots nous enferment dans leur r\u00e9seau. Ils nous emprisonnent. Ils nous polarisent. Et surtout, ils trahissent sans cesse la r\u00e9alit\u00e9 qu&rsquo;ils entendent nous restituer ou nous \u00e9clairer. Avec Roger Godel, avec Teilhard de Chardin, avec Jacques Masui j&rsquo;ai mieux saisi ce qui s\u00e9pare l&rsquo;intellectuel \u2014 le fruit d&rsquo;une activit\u00e9 intellectuelle \u2014 de l&rsquo;existentiel \u2014 qui n&rsquo;a rien de commun avec quelque syst\u00e8me d&rsquo;existentialisme \u2014 avec l&rsquo;exp\u00e9rientiel. Plus simplement avec ce qui est v\u00e9cu, avec ce qui se vit et, d\u00e8s lors, nous fait participer pendant que nous le vivons, \u00e0 l&rsquo;indicible myst\u00e8re de la vie.<\/p>\n<p style=\"text-align: justify;\">C&rsquo;est sur ce terrain \u2014 si l&rsquo;on peut employer ce mot sans lui donner l&rsquo;implication d&rsquo;un espace quelconque \u2014 que je me suis senti, d\u00e8s notre premi\u00e8re rencontre, en communion de pens\u00e9e, en communion d&rsquo;\u00e9tat avec Alice et Roger Godel.<\/p>\n<p style=\"text-align: justify;\">Sans qu&rsquo;il e\u00fbt \u00e9t\u00e9 n\u00e9cessaire de nous entretenir longuement, de nous pr\u00e9senter, d&rsquo;essayer de nous d\u00e9finir et de pr\u00e9ciser nos positions respectives, nous nous \u00e9tions sentis en communion. Le mot est galvaud\u00e9. Comme tous les mots qui, h\u00e9las ! ne peuvent se rebiffer. Son exp\u00e9rience \u00e9tait diff\u00e9rente de la mienne. Il poss\u00e9dait une science et une \u00e9rudition qui \u00e9merveillaient tous ceux qui l&rsquo;approchaient. Non qu&rsquo;il en f\u00eet \u00e9talage, mais parce qu&rsquo;elles lui \u00e9taient devenues consubstantielles. J&rsquo;ai v\u00e9cu davantage peut-\u00eatre dans le si\u00e8cle. Mon exp\u00e9rience a \u00e9t\u00e9 plus politique. Nous d\u00e9bouchions cependant l&rsquo;un et l&rsquo;autre sur un m\u00eame point de l&rsquo;horizon int\u00e9rieur. Nous nous retrouvions dans un \u00e9tat de m\u00eame interrogation et je le crois d&rsquo;accueil assez analogue devant ce que faute d&rsquo;expression, j&rsquo;appellerai le Myst\u00e8re de la Vie, le myst\u00e8re de l&rsquo;Unit\u00e9 vivante.<\/p>\n<p style=\"text-align: justify;\">Lui par science et par un commerce infiniment plus direct et plus intime, moi par intuition ou par refus des objectivations statiques, nous \u00e9tions arriv\u00e9s \u00e0 un \u00e9tat de conviction assez proche. La conscience, la facult\u00e9 qui nous permet de prendre conscience de nous-m\u00eame et du monde, mais au-del\u00e0 d&rsquo;une simple perception, nous entra\u00eene au seuil d&rsquo;une certaine \u2014 et encore relative \u2014 connaissance, ne peut \u00eatre une simple \u00e9laboration c\u00e9r\u00e9brale. Ce n&rsquo;est pas nous, ni notre cerveau, ni nos 14 milliards de neurones qui \u00e9laborons, avec une vitesse plus subtile que celle de la lumi\u00e8re, les illuminations, les intuitions, les \u00e9vidences et, par moment, les r\u00e9v\u00e9lations qui nous sont donn\u00e9es et qui transcendent alors nos cat\u00e9gories sensorielles et m\u00eame intellectuelles d&rsquo;espace et de temps et ces contradictions qui sous-tendent nos dialectiques.<\/p>\n<p style=\"text-align: justify;\">La conscience est en nous. C&rsquo;est elle qui nous \u00e9claire, qui nous illumine. C&rsquo;est elle qui amorce notre connaissance et facilite ses formulations. Nous ne sommes au mieux que des appareils de r\u00e9ceptivit\u00e9. Nous captons des messages et nous pouvons certes chercher \u00e0 faciliter ces \u00ab accrochages \u00bb ininterrompus d&rsquo;ondes de connaissance et de participation.<\/p>\n<p style=\"text-align: justify;\">Quant \u00e0 savoir de science certaine et exp\u00e9rimentale ce qu&rsquo;est cette conscience, d&rsquo;o\u00f9 elle \u00e9mane et m\u00eame quelle est sa raison profonde d&rsquo;exister, c&rsquo;est un tout autre probl\u00e8me. Tout aussi impossible d&rsquo;ailleurs \u00e0 r\u00e9soudre, sinon tout aussi vain. Il est trop facile de donner un mot ou un nom en guise de r\u00e9ponse. Les croyants le font. Tant mieux pour eux si leur illumination leur confirme \u00e9vidence et pr\u00e9sence. M\u00eame en ce cas, la traduction en termes de concept et de valeur de raison n&rsquo;en est pas moins trahison, au sens o\u00f9 l&rsquo;on dit que traduire c&rsquo;est toujours trahir. M\u00eame en ce cas l&rsquo;\u00e9tat de communion int\u00e9rieure, c&rsquo;est l&rsquo;\u00e9tat de participation \u00e0 un niveau sup\u00e9rieur au contingent qui est vraiment substantiel et vraiment r\u00e9el.<\/p>\n<p style=\"text-align: justify;\">Mais quelle cr\u00e9ation d&rsquo;esprit procure cette \u00e9vidence ! Quelle d\u00e9sali\u00e9nation \u00e0 l&rsquo;\u00e9gard des m\u00e9taphysiques et de leur laborieux appareil ! Il n&rsquo;est certes pas question de proscrire le langage. Dieu sait avec quelle \u00e9l\u00e9gance, quelle finesse, quelle pr\u00e9cision \u00e9vocatrice Roger Godel le maniait. Il ne se f\u00fbt certes pas inscrit en faux contre le cri logique du po\u00e8te qui dit, \u00ab honneur de l&rsquo;homme, saint langage \u00bb ; d\u00e8s l&rsquo;instant o\u00f9 les mots ne sont bien s\u00fbr qu&rsquo;un fil conducteur, les pierres d&rsquo;un gu\u00e9 et qu&rsquo;ils ne revendiquent pas d&#8217;emprisonner le r\u00e9el dont ils peuvent tout au plus t\u00e9moigner.<\/p>\n<p style=\"text-align: justify;\">Combien de fois ne nous serons-nous pas retrouv\u00e9s sur cette certitude, elle aussi et tr\u00e8s effectivement lib\u00e9ratrice.<\/p>\n<p style=\"text-align: justify;\">L&rsquo;\u0153il, \u00e9crit Roger Godel dans ses \u00ab <em>Dialogues sur l&rsquo;Exp\u00e9rience lib\u00e9ratrice<\/em> \u00bb, est \u00e0 la fronti\u00e8re qui s\u00e9pare deux mondes : en-de\u00e7\u00e0, s&rsquo;\u00e9l\u00e8ve au dedans de nous, le champ de nos repr\u00e9sentations ; au-del\u00e0 s&rsquo;\u00e9tend un vaste syst\u00e8me ordonn\u00e9 par des lois dont nous cherchons \u00e0 lire l&rsquo;\u00e9nigme.<\/p>\n<p style=\"text-align: justify;\">Sur ce th\u00e8me essentiel de la vision et de la communion qui, plus tard, devait devenir pour moi la participation, j&rsquo;ai eu avec Roger Godel les entretiens les plus \u00e9clairants, les plus enrichissants. Je lui dois beaucoup. Avec lui, par lui, j&rsquo;ai mieux compris que la vision ou plus exactement une certaine visualisation \u00e9tait \u00e9troitement li\u00e9e \u00e0 la voie ou \u00e0 la pente qu&rsquo;a suivie l&rsquo;intelligence occidentale. Elle est, en effet, issue fondamentalement du voir et du faire, plus que d&rsquo;une participation qui requiert plus totalement l&rsquo;\u00eatre.<\/p>\n<p style=\"text-align: justify;\">Dans un \u00e9ditorial de <a href=\"http:\/\/www.revue3emillenaire.com\/blog\/?p=4586\" target=\"_blank\"><em>Synth\u00e8ses<\/em><\/a>, j&rsquo;ai marqu\u00e9, un jour, ce choix. Certains m&rsquo;ont tenu rigueur d&rsquo;avoir exprim\u00e9 des r\u00e9serves non sur l&rsquo;\u0153uvre, ni la personne de Teilhard de Chardin, mais sur l&rsquo;importance qu&rsquo;il accorde \u00e0 l&rsquo;acte de voir et de voir physiquement. \u00ab Voir, \u00e9crit-il dans les premi\u00e8res pages de son \u00ab <em>Ph\u00e9nom\u00e8ne humain<\/em> \u00bb on pourrait dire que toute la vie est l\u00e0 \u2014 sinon finalement du moins essentiellement \u00bb. \u00ab L&rsquo;unit\u00e9, \u00e9crit-il encore, ne grandit que par un accroissement de conscience, c&rsquo;est-\u00e0-dire de vision. Voil\u00e0 pourquoi sans doute l&rsquo;Histoire du Monde vivant se ram\u00e8ne \u00e0 l&rsquo;\u00e9laboration d&rsquo;yeux toujours plus parfaits au sein d&rsquo;un cosmos o\u00f9 il est possible de discerner toujours davantage. Chercher \u00e0 voir plus et mieux n&rsquo;est donc pas une fantaisie, une curiosit\u00e9, un luxe. Voir ou pr\u00e9voir. Telle est la situation impos\u00e9e par le don myst\u00e9rieux d&rsquo;\u00e9vidence \u00e0 tout ce qui est \u00e9l\u00e9ment de l&rsquo;univers. Et telle est par suite, \u00e0 un degr\u00e9 sup\u00e9rieur, la condition humaine. \u00bb<\/p>\n<p style=\"text-align: justify;\">Dans cette affirmation biologiquement exacte, quelque chose appelait en moi des r\u00e9serves. Que la conscience trouve les \u00e9l\u00e9ments de son expression m\u00eame int\u00e9rieure \u2014 surtout int\u00e9rieure dans les images que sa vue, que ses yeux toujours plus parfaits peuvent lui apporter, c&rsquo;est assez \u00e9vident. Que la conscience naisse, qu&rsquo;on ne soit que le reflet et m\u00eame l&rsquo;int\u00e9gration de ces images, de ces fruits de la vision oculaire, voil\u00e0 ce qui m&rsquo;arr\u00eatait. Sur ce point, je m&rsquo;\u00e9tais retrouv\u00e9 en convergence profonde avec Roger Godel. Tout ce qui est li\u00e9 \u00e0 l&rsquo;historicit\u00e9 du ph\u00e9nom\u00e8ne humain, la part majeure peut-\u00eatre de l&rsquo;hominisation se raccordait sans doute \u00e0 l&rsquo;acuit\u00e9 du voir. Il fallait \u00e0 l&rsquo;homme pr\u00e9historique un sens aigu et sans cesse en alerte de cette facult\u00e9 pour agir et pour r\u00e9agir. Ses facult\u00e9s de r\u00e9flexivit\u00e9 et de m\u00e9moire, toutes deux essentielles, se sont nourries des fruits de cette perception visuelle. D&rsquo;autres sens ont pourtant inform\u00e9 l&rsquo;homme et l&rsquo;ont aid\u00e9 \u00e0 r\u00e9agir et \u00e0 s&rsquo;adapter puisque la vie organique est, avant tout, adaptation. Mais derri\u00e8re l&rsquo;exercice de ces facult\u00e9s et leur m\u00e9canisme, la conscience, le potentiel de conscience \u00e9taient-ils enti\u00e8rement impliqu\u00e9s ? La conscience ne serait-elle que le r\u00e9sultat ou l&rsquo;exercice de cette vision r\u00e9fl\u00e9chie, m\u00e9morialis\u00e9e, pr\u00eate au conseil opportun et au d\u00e9clenchement de la volont\u00e9 et de l&rsquo;action ?<\/p>\n<p style=\"text-align: justify;\">Roger Godel et moi avons souvent \u00e9voqu\u00e9 ces probl\u00e8mes. Nos d\u00e9marches proc\u00e9daient de cheminements et d&rsquo;exp\u00e9riences personnels assez diff\u00e9rents. Nous nous rencontrions pourtant dans une commune certitude, dans une identique \u00e9vidence, la conscience ne rendait pas seulement son expression dans ses manifestations intellectuelles, ni m\u00eame intelligentes au sens le plus exhaustif du terme. La conscience \u00e9tait en soi une facult\u00e9. Je disais un potentiel, et Roger Godel disait une r\u00e9alit\u00e9 inh\u00e9rente \u00e0 la vie, mais nullement fabriqu\u00e9e par elle, dans le sens o\u00f9 la vie est complexe organique et physiologique. Ce potentiel de conscience transcende la vie organique. L&rsquo;homme l&rsquo;actualise. Il l&rsquo;utilise \u00e0 des fins que sa condition historique lui a en quelque mani\u00e8re impos\u00e9es. Il n&rsquo;en peut \u00e9puiser pour autant la substance, ni l&rsquo;utilisation \u00e9ventuelle dans d&rsquo;autres directions, voire pour d&rsquo;autres fins.<\/p>\n<p style=\"text-align: justify;\">La connaissance n&rsquo;\u00e9puise pas le potentiel de conscience en chacun de nous. La connaissance peut se d\u00e9velopper dans des voies multiples. Elle ne fait que d\u00e9couvrir de nouvelles possibilit\u00e9s de cette \u00e9trange et myst\u00e9rieuse conscience. La connaissance n&rsquo;est pas n\u00e9cessairement non plus limit\u00e9e \u00e0 ce que nous en avons exerc\u00e9 jusqu&rsquo;ici, ni aux plans et aux domaines qu&rsquo;elle a prospect\u00e9s. Au centre, \u00e0 l&rsquo;origine comme \u00e0 la fin de la connaissance il y a la conscience. Non certes la simple conscience morale, mais la facult\u00e9 de prise de conscience de soi-m\u00eame et du monde. Et du monde et de soi-m\u00eame, au-del\u00e0 m\u00eame des manifestations telles qu&rsquo;elles nous limitent notre aire sp\u00e9cifique de spatialit\u00e9 et de temporalit\u00e9.<\/p>\n<p style=\"text-align: justify;\">Dans un premier article qu&rsquo;il confiait \u00e0 Synth\u00e8ses, \u00ab <em>L&rsquo;Homme devant le miroir<\/em> \u00bb, Roger Godel nous permettait d&rsquo;approcher de plus pr\u00e8s encore cette \u00e9vidence.<\/p>\n<p style=\"text-align: justify;\">\u00ab L&rsquo;un des plus \u00e9minents physiologistes de ce si\u00e8cle, \u00e9crivait-il, Sir Charles Sherrington, a os\u00e9 aborder en homme de science, et par la voie \u00e9pist\u00e9mologique, le difficile probl\u00e8me du moi profond. Son analyse l&rsquo;entra\u00eene fort loin, sur les confins des territoires objectivement explorables. Parvenu \u00e0 cette fronti\u00e8re, il abandonne la m\u00e9thode d&rsquo;investigation dont il avait pr\u00e9alablement fait usage, car elle ne peut le mener au-del\u00e0. A pr\u00e9sent, il assume une position d&rsquo;int\u00e9riorit\u00e9, la position du sujet \u00e9tabli au centre d&rsquo;int\u00e9gration. De ce point, il explore autour de lui les implications fondamentales et les perspectives. Ce qui se d\u00e9couvre \u00e0 lui, il nous le fait savoir, dans la mesure o\u00f9 l&rsquo;on peut raisonnablement communiquer une telle exp\u00e9rience.<\/p>\n<p style=\"text-align: justify;\">\u00ab Le Moi \u00bb \u2014 \u00ab The I \u00bb \u2014 r\u00e9p\u00e8te-t-il avec insistance, n&rsquo;est pas un objet qui se laisse examiner par les sens&#8230;, jamais le moi ne passera sur le niveau de la perception sensorielle. Il est lucidit\u00e9&#8230;, le moi se trouve envelopp\u00e9 par un espace sensible, mais jamais cet espace ne s&rsquo;attache \u00e0 lui ni ne lui conf\u00e8re d&rsquo;\u00e9tendue. L&rsquo;espace sensible n&rsquo;a aucune prise sur le moi et ne l&rsquo;atteint pas\u00a0\u00bb.<\/p>\n<p style=\"text-align: justify;\">\u00ab Pour la premi\u00e8re fois semble-t-il, \u00e9crit Roger Godel, dans le domaine scientifique, une tentative de sonder l&rsquo;arcane du \u00ab moi \u00bb est entreprise sans pr\u00e9jug\u00e9s, ni doctrines d&rsquo;aucune sorte. \u00bb<\/p>\n<p style=\"text-align: justify;\">Le sujet se laisse conduire, ici encore, par la m\u00e9thode exp\u00e9rimentale dont il applique rigoureusement les r\u00e8gles. Mais au lieu d&rsquo;explorer un champ des ph\u00e9nom\u00e8nes \u00ab objectifs \u00bb il oriente son \u00e9tude vers le centre d&rsquo;int\u00e9gration. Sujet en m\u00eame temps qu&rsquo;objet pour lui-m\u00eame, indivisiblement il examine dans l&rsquo;int\u00e9riorit\u00e9 du moi \u2014 d&rsquo;un moi inaccessible au sens et au sentiment d&rsquo;espace.<\/p>\n<p style=\"text-align: justify;\">\u00ab Le moi, \u00e9crit-il, se trouve central dans un monde de \u00ab choses \u00bb lui-m\u00eame existant sans contours, ni formes, ni dimensions, invisible, intangible, d\u00e9pourvu d&rsquo;attributs sensibles, durable d&rsquo;une durabilit\u00e9 sans longueur de dur\u00e9e, quand on le compare aux choses. De ce moi \u00ab this I \u00bb nous sommes bien plus imm\u00e9diatement conscients que du monde spatial autour de nous, car il est notre exp\u00e9rience directe. Il est le soi \u00ab the self\u00a0\u00bb. Et pourtant jamais il n&rsquo;a \u00e9t\u00e9 vu, ni senti et bien qu&rsquo;il poss\u00e8de le langage, jamais il n&rsquo;a \u00e9t\u00e9 lui-m\u00eame entendu&#8230;, invisible, intangible, non-perceptible, il demeure inaccessible aux sens bien qu&rsquo;il soit lui-m\u00eame connu de lui-m\u00eame directement&#8230;, donn\u00e9e de premi\u00e8re main et inexpugnable. \u00bb<\/p>\n<p style=\"text-align: justify;\">C&rsquo;est de ce moi, de ce centre d&rsquo;int\u00e9gration lui-m\u00eame connaissant, irradiant, de ce potentiel de conscience que Roger Godel avait per\u00e7u la r\u00e9alit\u00e9 transcendante dans son \u00ab <em>Exp\u00e9rience lib\u00e9ratrice<\/em> \u00bb.<\/p>\n<p style=\"text-align: justify;\">Il avait vraiment touch\u00e9 l\u00e0 aux arcanes de la vie, non par les moyens classiques de la science exp\u00e9rimentale, mais par une intuition aigu\u00eb et, comme il le dit, parlant de Sir Sherrington, par les voies d&rsquo;une rigoureuse \u00e9pist\u00e9mologie dont il est, h\u00e9las ! fait trop ais\u00e9ment maigre mesure.<\/p>\n<p style=\"text-align: justify;\">Ce moi, \u00ab this I \u00bb \u00e0 quoi tenait-il en somme sinon \u00e0 la vie elle-m\u00eame, \u00e0 la vie en soi et, bien entendu, au-del\u00e0 de sa seule acception biologique ?<\/p>\n<p style=\"text-align: justify;\">Roger Godel en avait d\u00e9duit \u2014 et il serait plus exact de dire qu&rsquo;il l&rsquo;avait int\u00e9gr\u00e9 \u00e0 son exp\u00e9rience la plus intime \u2014 que la vie poss\u00e9dait des pouvoirs, des vertus que notre intelligence avide d&rsquo;objectivations autant que de rigueur, sous-estime ou ignore.<\/p>\n<p style=\"text-align: justify;\">Toute son \u0153uvre, son comportement le plus quotidien ont \u00e9t\u00e9 impr\u00e9gn\u00e9s de ce sens de la pr\u00e9sence int\u00e9rieure de la vie et des vertus insoup\u00e7onn\u00e9es autant qu&rsquo;inexplicables \u2014 par nos moyens scientifiques courants \u2014 de cette vie rayonnante, irradiante. Il avait pu, comme m\u00e9decin, se rendre compte des pouvoirs de la vie, en dehors des sch\u00e9mas et des trac\u00e9s qu&rsquo;un certain degr\u00e9 de la science voudrait lui imposer. Sa longue exp\u00e9rience de m\u00e9decin lui avait enseign\u00e9 le degr\u00e9 de foi que l&rsquo;on peut avoir dans le pouvoir g\u00e9n\u00e9rateur de cette \u00ab vie \u00bb l\u00e0 o\u00f9 la physiologie classique d\u00e9clarait p\u00e9remptoirement qu&rsquo;il ne pouvait y avoir de gu\u00e9rison, les circuits normaux \u2014 ou plut\u00f4t les circuits rep\u00e9r\u00e9s et connus \u2014 \u00e9tant interrompus.<\/p>\n<p style=\"text-align: justify;\">Combien de malades, gu\u00e9ris par Roger Godel, pourraient en t\u00e9moigner. A combien n&rsquo;a-t-il pas appris que le corps peut se r\u00e9concilier avec les forces reconstructrices de la vie pour autant que l&rsquo;esprit du patient, son scepticisme ou son d\u00e9sespoir n&rsquo;y fissent d\u00e9lib\u00e9r\u00e9ment obstacle. Mais c&rsquo;est l\u00e0 un domaine o\u00f9 d&rsquo;autres que moi pourront s&rsquo;exprimer en meilleure connaissance de cause. Je n&rsquo;ai \u00e9voqu\u00e9 cet aspect de Roger Godel que pour montrer la profonde coh\u00e9rence de sa pens\u00e9e et de ce que signifiait exp\u00e9rimentalement pour lui le sens de la vie et celui du moi profond.<\/p>\n<p style=\"text-align: justify;\">Je lui dois beaucoup. Sa parole \u00e9tant comme lui-m\u00eame, source de lumi\u00e8re. Pas un mot de lui que l&rsquo;on p\u00fbt qualifier de rh\u00e9torique. Tout ce qui \u00e9manait de lui \u00e9tait charg\u00e9 d&rsquo;une exp\u00e9rience v\u00e9cue dans l&rsquo;instant m\u00eame. Il y avait, dans sa parole, cette qualit\u00e9 ind\u00e9finissable, cet \u00ab \u00e9tat naissant \u00bb dans le sens que l&rsquo;on donne \u00e0 ce terme en chimie.<\/p>\n<p style=\"text-align: justify;\">Je lui dois entre autres d&rsquo;avoir compris l&rsquo;importance de Socrate. Non seulement son influence historique sur la pens\u00e9e grecque, mais la valeur, si souvent ignor\u00e9e ou syst\u00e9matiquement d\u00e9form\u00e9e de sa m\u00e9thode. De cette \u00ab ma\u00efeutique \u00bb qui faisait moins appel \u00e0 la m\u00e9moire ou \u00e0 la dialectique d&rsquo;un laborieux raisonnement, qu&rsquo;\u00e0 un \u00e9veil de l&rsquo;\u00eatre bien au-del\u00e0 de son champ intellectuel. Cet accouchement des profondeurs de l&rsquo;\u00eatre, cette suscitation \u00e0 un \u00e9veil plus aigu de la conscience, n&rsquo;impliquent-ils pas le moi profond, le \u00ab this I \u00bb de Sherrington ? Et cet \u00e9veil, \u00e9tat de vie, exp\u00e9rience brusquement amorc\u00e9e, ne l&#8217;emporte-t-il pas sur une activit\u00e9 qui n&rsquo;implique que la seule ou quasi exclusive intellectualit\u00e9.<\/p>\n<p style=\"text-align: justify;\">En cela, Socrate est plus actuel que jamais. Et ce n&rsquo;est pas sans raison que Roger Godel a pu confronter et rapprocher la ma\u00efeutique socratique de la m\u00e9thode du Sage indien lib\u00e9r\u00e9 vivant ou sur la voie de la lib\u00e9ration.<\/p>\n<p style=\"text-align: justify;\">Or, nous arrivons \u00e0 un moment du destin de l&rsquo;esp\u00e8ce o\u00f9 il importe avant tout, non d&rsquo;opposer \u00e0 l&rsquo;intelligence et \u00e0 la science d&rsquo;autres disciplines, mais certainement de les compl\u00e9ter. L&rsquo;intelligence scientifique doit objectiver. L&rsquo;acte en soi n&rsquo;est pas r\u00e9futable. Il est incomplet. On ne peut dissocier la part de l&rsquo;intelligence qui objective pour d\u00e9finir, analyser et conna\u00eetre selon ses propres lois, du moment de vie, du moment d&rsquo;allusion et d&rsquo;\u00e9veil dans l&rsquo;int\u00e9riorit\u00e9 de son \u00eatre du sujet connaissant.<\/p>\n<p style=\"text-align: justify;\">Dans cette voie qui s&rsquo;impose \u00e0 nous et qui doit permettre \u00e0 l&rsquo;homme de se recentrer sur sa propre int\u00e9riorit\u00e9 \u00e9veill\u00e9e sans att\u00e9nuer en rien l&rsquo;usage de ses m\u00e9thodes scientifiques les plus rigoureuses, l&rsquo;importance de l&rsquo;\u0153uvre de Roger Godel, celle de son exp\u00e9rience concr\u00e8te et constante appara\u00eetront de plus en plus clairement.<\/p>\n<p style=\"text-align: justify;\">Roger Godel fut donc r\u00e9ellement \u00ab <a href=\"http:\/\/www.revue3emillenaire.com\/blog\/?p=3868\" target=\"_blank\">un ma\u00eetre en l&rsquo;art de vivre<\/a> \u00bb, ainsi que le qualifiait Marie-Magdeleine Davy. \u00ab Quelle est donc, demande-t-elle, cette synth\u00e8se tent\u00e9e par le Docteur Godel depuis plus de trente ans, synth\u00e8se qui d\u00e9passe en importance les probl\u00e8mes les plus divers tout en les incluant dans leur totalit\u00e9 ? Il s&rsquo;agit des \u00ab fonctions psycho-mentales, dont fait usage l&rsquo;homo-sapiens&#8230;, dans sa recherche de la connaissance \u00bb. Et le Docteur Godel de poser la question : ces fonctions psycho-mentales \u00ab repr\u00e9sentent-elles r\u00e9ellement le terme ultime des possibilit\u00e9s humaines ? Par l&rsquo;usage et l&rsquo;approfondissement des m\u00e9canismes mentaux, l&rsquo;homme pourrait-il atteindre les promesses incluses dans sa propre nature ? \u00bb<\/p>\n<p style=\"text-align: justify;\">Cette conscience du r\u00e9el, le Docteur Godel est all\u00e9 l&rsquo;\u00e9lucider aux Indes. Il a v\u00e9cu pr\u00e8s d&rsquo;un Sage, un lib\u00e9r\u00e9 vivant, un jivan-mukta. Un tel homme poursuit Marie-Magdeleine Davy, n&rsquo;est pas affect\u00e9 par les r\u00e9gulations somatiques et psychiques. Il vit sur un autre plan, celui de l&rsquo;intemporel, car \u00ab lorsque s&rsquo;\u00e9veille, dans sa spontan\u00e9it\u00e9, l&rsquo;exp\u00e9rience r\u00e9elle, la psych\u00e9 capitule d&rsquo;elle-m\u00eame et se r\u00e9sout en conscience&#8230;, la conscience r\u00e8gne \u00e0 l&rsquo;\u00e9tat pur. Ainsi, l&rsquo;Exp\u00e9rience lib\u00e9ratrice n&rsquo;exige pas d&rsquo;effort, mais elle est le fruit d&rsquo;une lente maturation. C&rsquo;est-\u00e0-dire que l&rsquo;homme qui parvient \u00e0 une semblable exp\u00e9rience n&rsquo;a pas \u00e0 vivre dans une sorte de tension perp\u00e9tuelle. Peu \u00e0 peu il p\u00e9n\u00e8tre dans cette zone d&rsquo;affranchissement&#8230;<\/p>\n<p style=\"text-align: justify;\">Ainsi s&rsquo;op\u00e8re un d\u00e9passement du temps et de l&rsquo;espace et d&rsquo;ailleurs de toute exp\u00e9rience sensorielle et motrice. D\u00e8s que l&rsquo;activit\u00e9 de l&rsquo;ego est suspendue, les barri\u00e8res sont aussit\u00f4t rompues. Les \u00e9tats affectifs n&rsquo;ont plus de place, la dualit\u00e9 est d\u00e9pass\u00e9e&#8230; L&rsquo;image du Corps \u2014 composition mentale \u00e9labor\u00e9e au cours des \u00e2ges \u2014 retourne \u00e0 ses origines. Les objets perdent leur pouvoir de fascination. L&rsquo;\u00e2me op\u00e8re sa perc\u00e9e jusqu&rsquo;\u00e0 l&rsquo;indicible ; l&rsquo;intuition ultime la visite. \u00bb<\/p>\n<p style=\"text-align: justify;\">Marie-Magdeleine Davy, qui a bien connu, elle aussi, Roger Godel, conclut : \u00ab Le Docteur Godel est un sage et il irradie cette sagesse dans sa vie et dans son \u0153uvre. Il ouvre devant nous un univers nouveau. \u00bb<\/p>\n<p style=\"text-align: justify;\">Tel Socrate, le Docteur Godel propose un art de vivre. Celui-ci est issu d&rsquo;une connaissance de soi perp\u00e9tuellement li\u00e9e \u00e0 une vision du monde. Les \u00e9v\u00e9nements sont envisag\u00e9s, voire ma\u00eetris\u00e9s \u00e0 la lumi\u00e8re d&rsquo;une vie int\u00e9rieure.<\/p>\n<p style=\"text-align: justify;\">C&rsquo;est sur cette recherche d&rsquo;une illumination par en dedans, d&rsquo;un \u00e9veil toujours plus accentu\u00e9 de la conscience au plus profond de nous-m\u00eame, que je me suis senti, d\u00e8s nos premiers \u00e9changes, en accord si complet avec Roger Godel.<\/p>\n<p style=\"text-align: justify;\">L&rsquo;amiti\u00e9 qui fut le climat de cette convergence de conviction n&rsquo;a fait que s&rsquo;approfondir. Amiti\u00e9 fervente, amiti\u00e9 vivante que la mort physique de Roger Godel ne pouvait entamer. Il reste en effet, pour moi, l&rsquo;ami vivant, l&rsquo;ami avec lequel on dialogue m\u00eame et surtout dans le silence de soi-m\u00eame.<\/p>\n<p style=\"text-align: justify;\">Cette amiti\u00e9 devait pourtant trouver encore un autre aliment. Roger Godel fut, en effet, un homme de dialogue. Non le dialogue doctoral o\u00f9 chacun cherche \u00e0 briller et \u00e0 faire \u00e9talage de sa science ou de son \u00e9rudition, mais l&rsquo;\u00e9change au double niveau de l&rsquo;intelligence et du c\u0153ur. J&rsquo;ai \u00e9voqu\u00e9 plus haut les heures merveilleuses que j&rsquo;ai pass\u00e9es avec lui, avec Alice Godel, avec quelques amis qui l&rsquo;aimaient et l&rsquo;admiraient.<\/p>\n<p style=\"text-align: justify;\">C&rsquo;est en 1958 pourtant que nous devions nous d\u00e9couvrir mieux encore. A l&rsquo;occasion de l&rsquo;Exposition internationale de Bruxelles, un colloque sur le th\u00e8me g\u00e9n\u00e9ral de l&rsquo;appr\u00e9ciation des valeurs mutuelles de l&rsquo;Orient et de l&rsquo;Occident allait nous r\u00e9unir. La part que prit Roger Godel \u00e0 ces journ\u00e9es de confrontation entre personnalit\u00e9s venant de plusieurs points du monde et appartenant \u00e0 des religions et \u00e0 des disciplines intellectuelles diverses fut consid\u00e9rable.<\/p>\n<p style=\"text-align: justify;\">Gr\u00e2ce \u00e0 lui, l&rsquo;affrontement entre rationalistes, scientifiques, philosophes, religieux et tenants des grandes traditions de la sagesse orientale \u00e9vita le pi\u00e8ge des affirmations unilat\u00e9rales et des monologues savants qui font trop fr\u00e9quemment l&rsquo;infirmit\u00e9 de telles rencontres.<\/p>\n<p style=\"text-align: justify;\">Sa rigueur de savant, sa connaissance et son amiti\u00e9 pour la tradition orientale devaient cr\u00e9er, comme par miracle, une sorte d&rsquo;\u00e9tat de gr\u00e2ce collectif. Le dialogue \u2014 un vrai dialogue simple et profond qui engageait le plus intime et le meilleur de chacun des participants \u2014 se substituait aux monologues qui n&rsquo;eussent mis en cause que le bagage intellectuel de chacun.<\/p>\n<p style=\"text-align: justify;\">D\u00e8s le d\u00e9but des \u00e9changes, la compr\u00e9hension s&rsquo;\u00e9tablissait et bien plus profond\u00e9ment que les mots dont chacun devait se servir pour exprimer sa pens\u00e9e ou son \u00e9tat de conviction. Je crois bien que pour lui, comme pour bon nombre des amis rassembl\u00e9s, cette forme d&rsquo;\u00e9changes, ce dialogue vrai fut une r\u00e9v\u00e9lation. Il \u00e9tait donc possible de communiquer sur l&rsquo;essentiel, au-del\u00e0 des positions intellectuelles, les plus assur\u00e9es et les plus logiques.<\/p>\n<p style=\"text-align: justify;\">Une dimension nouvelle des rapports humains prenait soudain un \u00e9trange relief. A la dimension intellectuelle et rationnelle, certes indispensable, venait s&rsquo;adjoindre, \u00e0 l&rsquo;\u00e9tat naissant, dans une sorte de jaillissement\u00a0 spontan\u00e9 une autre dimension que personne ne songeait \u00e0 r\u00e9cuser : une dimension existentielle, ou, pour reprendre l&rsquo;expression de Jacques Masui qui, lui aussi, participa si intimement \u00e0 ces \u00e9changes : une dimension exp\u00e9rientielle. Plus simplement un \u00e9veil et un engagement cr\u00e9ateur de la plus intime subjectivit\u00e9 de chacun.<\/p>\n<p style=\"text-align: justify;\">Apr\u00e8s ce colloque, qui se tint \u00e0 Bruxelles au d\u00e9but de juillet 1958, nous d\u00e9cid\u00e2mes, pouss\u00e9s d&rsquo;ailleurs par de nombreux amis qui en avaient \u00e9prouv\u00e9 eux aussi l&rsquo;int\u00e9r\u00eat et m\u00eame la n\u00e9cessit\u00e9, d&rsquo;essayer de poursuivre, \u00e0 l&rsquo;avenir, de tels dialogues, d&rsquo;en d\u00e9gager les m\u00e9thodes, de les perfectionner.<\/p>\n<p style=\"text-align: justify;\">Nous nous rev\u00eemes \u00e0 ce sujet, maintes fois, \u00e0 Bruxelles, \u00e0 Paris, \u00e0 Gen\u00e8ve. Roger Godel \u00e9tait enthousiaste de l&rsquo;id\u00e9e. Le dialogue n&rsquo;\u00e9tait-il pas en somme une forme aussi de cette ma\u00efeutique socratique dont il avait, mieux que quiconque, mis en relief la f\u00e9condit\u00e9 ?<\/p>\n<p style=\"text-align: justify;\">Roger Godel cr\u00e9a alors l&rsquo;un des premiers centres de dialogue, \u00e0 Beyrouth. Tout nous permet d&rsquo;esp\u00e9rer que d&rsquo;ici quelques mois, le Centre International du Dialogue, dont il fut l&rsquo;un des fondateurs, contribuera \u00e0 d\u00e9gager les mat\u00e9riaux vivants et surtout les m\u00e9thodes d&rsquo;un humanisme plus universel, mieux adapt\u00e9 aux probl\u00e8mes qui confrontent imp\u00e9rieusement l&rsquo;humanit\u00e9.<\/p>\n<p style=\"text-align: justify;\">Roger Godel sera avec nous dans cette \u0153uvre qu&rsquo;il a amorc\u00e9e et enrichie par avance. Il y participera par le rayonnement de sa pens\u00e9e et non seulement par la ferveur de son souvenir.<\/p>\n<p style=\"text-align: justify;\">Son \u0153uvre est d&rsquo;ailleurs de celles qui ne meurent pas. On va commencer \u00e0 conna\u00eetre Roger Godel. L&rsquo;aube de son message se l\u00e8ve \u00e0 peine.<\/p>\n<p style=\"text-align: justify;\">Il sera demain un des phares de l&rsquo;esprit, un de ces \u00ab grands bergers \u00bb dont jamais l&rsquo;humanit\u00e9 n&rsquo;eut autant besoin.<\/p>\n<p style=\"text-align: right;\" align=\"right\">Maurice LAMBILLIOTTE<\/p>\n","protected":false},"excerpt":{"rendered":"<p>Il est des \u00eatres \u00ab b\u00e9n\u00e9fiques \u00bb \u2014 c&rsquo;\u00e9tait une expression de Roger Godel. Elle s&rsquo;appliquait tellement \u00e0 lui qui certainement ne l&rsquo;aurait pas admis tant \u00e9taient grande sa pudeur, son oubli de soi et cette humilit\u00e9 qui sont l&rsquo;apanage de certains \u00eatres exceptionnels et qui n&rsquo;en sont pas moins rayonnants.<\/p>\n","protected":false},"author":1,"featured_media":0,"comment_status":"closed","ping_status":"closed","sticky":false,"template":"","format":"standard","meta":{"footnotes":""},"categories":[597,944],"tags":[37,598,191],"class_list":["post-12047","post","type-post","status-publish","format-standard","hentry","category-lambilliotte-maurice","category-temoignage","tag-conscience","tag-roger-godel","tag-teilhard"],"yoast_head":"<!-- This site is optimized with the Yoast SEO plugin v27.0 - https:\/\/yoast.com\/product\/yoast-seo-wordpress\/ -->\n<title>L&#039;aube du message de Roger Godel par Maurice Lambilliotte - 3e mill\u00e9naire - Spiritualit\u00e9 - Connaissance de soi - Non-dualit\u00e9 - M\u00e9ditation<\/title>\n<meta name=\"robots\" content=\"index, follow, max-snippet:-1, max-image-preview:large, max-video-preview:-1\" \/>\n<link rel=\"canonical\" href=\"https:\/\/www.revue3emillenaire.com\/blog\/laube-du-message-de-roger-godel-par-maurice-lambilliotte\/\" \/>\n<meta property=\"og:locale\" content=\"fr_FR\" \/>\n<meta property=\"og:type\" content=\"article\" \/>\n<meta property=\"og:title\" content=\"L&#039;aube du message de Roger Godel par Maurice Lambilliotte - 3e mill\u00e9naire - Spiritualit\u00e9 - Connaissance de soi - Non-dualit\u00e9 - M\u00e9ditation\" \/>\n<meta property=\"og:description\" content=\"Il est des \u00eatres \u00ab b\u00e9n\u00e9fiques \u00bb \u2014 c&#039;\u00e9tait une expression de Roger Godel. Elle s&#039;appliquait tellement \u00e0 lui qui certainement ne l&#039;aurait pas admis tant \u00e9taient grande sa pudeur, son oubli de soi et cette humilit\u00e9 qui sont l&#039;apanage de certains \u00eatres exceptionnels et qui n&#039;en sont pas moins rayonnants.\" \/>\n<meta property=\"og:url\" content=\"https:\/\/www.revue3emillenaire.com\/blog\/laube-du-message-de-roger-godel-par-maurice-lambilliotte\/\" \/>\n<meta property=\"og:site_name\" content=\"3e mill\u00e9naire - Spiritualit\u00e9 - Connaissance de soi - Non-dualit\u00e9 - M\u00e9ditation\" \/>\n<meta property=\"article:published_time\" content=\"2012-09-08T12:56:32+00:00\" \/>\n<meta property=\"article:modified_time\" content=\"2012-09-08T12:59:33+00:00\" \/>\n<meta name=\"author\" content=\"3e mill\u00e9naire\" \/>\n<meta name=\"twitter:card\" content=\"summary_large_image\" \/>\n<meta name=\"twitter:label1\" content=\"\u00c9crit par\" \/>\n\t<meta name=\"twitter:data1\" content=\"3e mill\u00e9naire\" \/>\n\t<meta name=\"twitter:label2\" content=\"Dur\u00e9e de lecture estim\u00e9e\" \/>\n\t<meta name=\"twitter:data2\" content=\"22 minutes\" \/>\n<script type=\"application\/ld+json\" class=\"yoast-schema-graph\">{\"@context\":\"https:\/\/schema.org\",\"@graph\":[{\"@type\":\"Article\",\"@id\":\"https:\/\/www.revue3emillenaire.com\/blog\/laube-du-message-de-roger-godel-par-maurice-lambilliotte\/#article\",\"isPartOf\":{\"@id\":\"https:\/\/www.revue3emillenaire.com\/blog\/laube-du-message-de-roger-godel-par-maurice-lambilliotte\/\"},\"author\":{\"name\":\"3e mill\u00e9naire\",\"@id\":\"https:\/\/www.revue3emillenaire.com\/blog\/#\/schema\/person\/9a3a7cc4ccaa707f402d4394327106d5\"},\"headline\":\"L&rsquo;aube du message de Roger Godel par Maurice Lambilliotte\",\"datePublished\":\"2012-09-08T12:56:32+00:00\",\"dateModified\":\"2012-09-08T12:59:33+00:00\",\"mainEntityOfPage\":{\"@id\":\"https:\/\/www.revue3emillenaire.com\/blog\/laube-du-message-de-roger-godel-par-maurice-lambilliotte\/\"},\"wordCount\":4401,\"keywords\":[\"Conscience\",\"Roger Godel\",\"Teilhard\"],\"articleSection\":[\"Lambilliotte Maurice\",\"T\u00e9moignage\"],\"inLanguage\":\"fr-FR\"},{\"@type\":\"WebPage\",\"@id\":\"https:\/\/www.revue3emillenaire.com\/blog\/laube-du-message-de-roger-godel-par-maurice-lambilliotte\/\",\"url\":\"https:\/\/www.revue3emillenaire.com\/blog\/laube-du-message-de-roger-godel-par-maurice-lambilliotte\/\",\"name\":\"L'aube du message de Roger Godel par Maurice Lambilliotte - 3e mill\u00e9naire - Spiritualit\u00e9 - Connaissance de soi - Non-dualit\u00e9 - M\u00e9ditation\",\"isPartOf\":{\"@id\":\"https:\/\/www.revue3emillenaire.com\/blog\/#website\"},\"datePublished\":\"2012-09-08T12:56:32+00:00\",\"dateModified\":\"2012-09-08T12:59:33+00:00\",\"author\":{\"@id\":\"https:\/\/www.revue3emillenaire.com\/blog\/#\/schema\/person\/9a3a7cc4ccaa707f402d4394327106d5\"},\"breadcrumb\":{\"@id\":\"https:\/\/www.revue3emillenaire.com\/blog\/laube-du-message-de-roger-godel-par-maurice-lambilliotte\/#breadcrumb\"},\"inLanguage\":\"fr-FR\",\"potentialAction\":[{\"@type\":\"ReadAction\",\"target\":[\"https:\/\/www.revue3emillenaire.com\/blog\/laube-du-message-de-roger-godel-par-maurice-lambilliotte\/\"]}]},{\"@type\":\"BreadcrumbList\",\"@id\":\"https:\/\/www.revue3emillenaire.com\/blog\/laube-du-message-de-roger-godel-par-maurice-lambilliotte\/#breadcrumb\",\"itemListElement\":[{\"@type\":\"ListItem\",\"position\":1,\"name\":\"Accueil\",\"item\":\"https:\/\/www.revue3emillenaire.com\/blog\/\"},{\"@type\":\"ListItem\",\"position\":2,\"name\":\"L&rsquo;aube du message de Roger Godel par Maurice Lambilliotte\"}]},{\"@type\":\"WebSite\",\"@id\":\"https:\/\/www.revue3emillenaire.com\/blog\/#website\",\"url\":\"https:\/\/www.revue3emillenaire.com\/blog\/\",\"name\":\"3e mill\u00e9naire - Spiritualit\u00e9 - Connaissance de soi - Non-dualit\u00e9 - M\u00e9ditation\",\"description\":\"L&#039;Homme en devenir\",\"potentialAction\":[{\"@type\":\"SearchAction\",\"target\":{\"@type\":\"EntryPoint\",\"urlTemplate\":\"https:\/\/www.revue3emillenaire.com\/blog\/?s={search_term_string}\"},\"query-input\":{\"@type\":\"PropertyValueSpecification\",\"valueRequired\":true,\"valueName\":\"search_term_string\"}}],\"inLanguage\":\"fr-FR\"},{\"@type\":\"Person\",\"@id\":\"https:\/\/www.revue3emillenaire.com\/blog\/#\/schema\/person\/9a3a7cc4ccaa707f402d4394327106d5\",\"name\":\"3e mill\u00e9naire\",\"url\":\"https:\/\/www.revue3emillenaire.com\/blog\/author\/admin\/\"}]}<\/script>\n<!-- \/ Yoast SEO plugin. -->","yoast_head_json":{"title":"L'aube du message de Roger Godel par Maurice Lambilliotte - 3e mill\u00e9naire - Spiritualit\u00e9 - Connaissance de soi - Non-dualit\u00e9 - M\u00e9ditation","robots":{"index":"index","follow":"follow","max-snippet":"max-snippet:-1","max-image-preview":"max-image-preview:large","max-video-preview":"max-video-preview:-1"},"canonical":"https:\/\/www.revue3emillenaire.com\/blog\/laube-du-message-de-roger-godel-par-maurice-lambilliotte\/","og_locale":"fr_FR","og_type":"article","og_title":"L'aube du message de Roger Godel par Maurice Lambilliotte - 3e mill\u00e9naire - Spiritualit\u00e9 - Connaissance de soi - Non-dualit\u00e9 - M\u00e9ditation","og_description":"Il est des \u00eatres \u00ab b\u00e9n\u00e9fiques \u00bb \u2014 c'\u00e9tait une expression de Roger Godel. Elle s'appliquait tellement \u00e0 lui qui certainement ne l'aurait pas admis tant \u00e9taient grande sa pudeur, son oubli de soi et cette humilit\u00e9 qui sont l'apanage de certains \u00eatres exceptionnels et qui n'en sont pas moins rayonnants.","og_url":"https:\/\/www.revue3emillenaire.com\/blog\/laube-du-message-de-roger-godel-par-maurice-lambilliotte\/","og_site_name":"3e mill\u00e9naire - Spiritualit\u00e9 - Connaissance de soi - Non-dualit\u00e9 - M\u00e9ditation","article_published_time":"2012-09-08T12:56:32+00:00","article_modified_time":"2012-09-08T12:59:33+00:00","author":"3e mill\u00e9naire","twitter_card":"summary_large_image","twitter_misc":{"\u00c9crit par":"3e mill\u00e9naire","Dur\u00e9e de lecture estim\u00e9e":"22 minutes"},"schema":{"@context":"https:\/\/schema.org","@graph":[{"@type":"Article","@id":"https:\/\/www.revue3emillenaire.com\/blog\/laube-du-message-de-roger-godel-par-maurice-lambilliotte\/#article","isPartOf":{"@id":"https:\/\/www.revue3emillenaire.com\/blog\/laube-du-message-de-roger-godel-par-maurice-lambilliotte\/"},"author":{"name":"3e mill\u00e9naire","@id":"https:\/\/www.revue3emillenaire.com\/blog\/#\/schema\/person\/9a3a7cc4ccaa707f402d4394327106d5"},"headline":"L&rsquo;aube du message de Roger Godel par Maurice Lambilliotte","datePublished":"2012-09-08T12:56:32+00:00","dateModified":"2012-09-08T12:59:33+00:00","mainEntityOfPage":{"@id":"https:\/\/www.revue3emillenaire.com\/blog\/laube-du-message-de-roger-godel-par-maurice-lambilliotte\/"},"wordCount":4401,"keywords":["Conscience","Roger Godel","Teilhard"],"articleSection":["Lambilliotte Maurice","T\u00e9moignage"],"inLanguage":"fr-FR"},{"@type":"WebPage","@id":"https:\/\/www.revue3emillenaire.com\/blog\/laube-du-message-de-roger-godel-par-maurice-lambilliotte\/","url":"https:\/\/www.revue3emillenaire.com\/blog\/laube-du-message-de-roger-godel-par-maurice-lambilliotte\/","name":"L'aube du message de Roger Godel par Maurice Lambilliotte - 3e mill\u00e9naire - Spiritualit\u00e9 - Connaissance de soi - Non-dualit\u00e9 - M\u00e9ditation","isPartOf":{"@id":"https:\/\/www.revue3emillenaire.com\/blog\/#website"},"datePublished":"2012-09-08T12:56:32+00:00","dateModified":"2012-09-08T12:59:33+00:00","author":{"@id":"https:\/\/www.revue3emillenaire.com\/blog\/#\/schema\/person\/9a3a7cc4ccaa707f402d4394327106d5"},"breadcrumb":{"@id":"https:\/\/www.revue3emillenaire.com\/blog\/laube-du-message-de-roger-godel-par-maurice-lambilliotte\/#breadcrumb"},"inLanguage":"fr-FR","potentialAction":[{"@type":"ReadAction","target":["https:\/\/www.revue3emillenaire.com\/blog\/laube-du-message-de-roger-godel-par-maurice-lambilliotte\/"]}]},{"@type":"BreadcrumbList","@id":"https:\/\/www.revue3emillenaire.com\/blog\/laube-du-message-de-roger-godel-par-maurice-lambilliotte\/#breadcrumb","itemListElement":[{"@type":"ListItem","position":1,"name":"Accueil","item":"https:\/\/www.revue3emillenaire.com\/blog\/"},{"@type":"ListItem","position":2,"name":"L&rsquo;aube du message de Roger Godel par Maurice Lambilliotte"}]},{"@type":"WebSite","@id":"https:\/\/www.revue3emillenaire.com\/blog\/#website","url":"https:\/\/www.revue3emillenaire.com\/blog\/","name":"3e mill\u00e9naire - Spiritualit\u00e9 - Connaissance de soi - Non-dualit\u00e9 - M\u00e9ditation","description":"L&#039;Homme en devenir","potentialAction":[{"@type":"SearchAction","target":{"@type":"EntryPoint","urlTemplate":"https:\/\/www.revue3emillenaire.com\/blog\/?s={search_term_string}"},"query-input":{"@type":"PropertyValueSpecification","valueRequired":true,"valueName":"search_term_string"}}],"inLanguage":"fr-FR"},{"@type":"Person","@id":"https:\/\/www.revue3emillenaire.com\/blog\/#\/schema\/person\/9a3a7cc4ccaa707f402d4394327106d5","name":"3e mill\u00e9naire","url":"https:\/\/www.revue3emillenaire.com\/blog\/author\/admin\/"}]}},"_links":{"self":[{"href":"https:\/\/www.revue3emillenaire.com\/blog\/wp-json\/wp\/v2\/posts\/12047","targetHints":{"allow":["GET"]}}],"collection":[{"href":"https:\/\/www.revue3emillenaire.com\/blog\/wp-json\/wp\/v2\/posts"}],"about":[{"href":"https:\/\/www.revue3emillenaire.com\/blog\/wp-json\/wp\/v2\/types\/post"}],"author":[{"embeddable":true,"href":"https:\/\/www.revue3emillenaire.com\/blog\/wp-json\/wp\/v2\/users\/1"}],"replies":[{"embeddable":true,"href":"https:\/\/www.revue3emillenaire.com\/blog\/wp-json\/wp\/v2\/comments?post=12047"}],"version-history":[{"count":0,"href":"https:\/\/www.revue3emillenaire.com\/blog\/wp-json\/wp\/v2\/posts\/12047\/revisions"}],"wp:attachment":[{"href":"https:\/\/www.revue3emillenaire.com\/blog\/wp-json\/wp\/v2\/media?parent=12047"}],"wp:term":[{"taxonomy":"category","embeddable":true,"href":"https:\/\/www.revue3emillenaire.com\/blog\/wp-json\/wp\/v2\/categories?post=12047"},{"taxonomy":"post_tag","embeddable":true,"href":"https:\/\/www.revue3emillenaire.com\/blog\/wp-json\/wp\/v2\/tags?post=12047"}],"curies":[{"name":"wp","href":"https:\/\/api.w.org\/{rel}","templated":true}]}}