{"id":12377,"date":"2012-11-07T04:51:32","date_gmt":"2012-11-07T03:51:32","guid":{"rendered":"http:\/\/www.revue3emillenaire.com\/blog\/?p=12377"},"modified":"2012-11-07T04:51:32","modified_gmt":"2012-11-07T03:51:32","slug":"au-dela-du-connu-par-jean-klein","status":"publish","type":"post","link":"https:\/\/www.revue3emillenaire.com\/blog\/au-dela-du-connu-par-jean-klein\/","title":{"rendered":"Au-del\u00e0 du connu par Jean Klein"},"content":{"rendered":"<p style=\"text-align: justify;\">(Revue \u00catre. N<sup>o<\/sup> 1. 1974. 2<sup>e<\/sup> Ann\u00e9e. Le titre est de 3<sup>e<\/sup>Mill\u00e9naire)<\/p>\n<p style=\"text-align: justify; padding-left: 390px;\"><em>Qui voit dans l&rsquo;acte le sans acte et dans le sans acte l&rsquo;acte, celui-l\u00e0 est un sage parmi les hommes, il est en \u00e9tat d&rsquo;union, il fait la totalit\u00e9 des actes.<\/em><\/p>\n<p style=\"padding-left: 360px; text-align: right;\" align=\"right\">Bhagavad-Gita, IV-18.<\/p>\n<p style=\"text-align: justify;\">Nous regarder comme une entit\u00e9 autonome, individuelle caract\u00e9rise notre conditionnement et, de ce point de vue, la compr\u00e9hension est impossible. Un concept est une fiction, d\u00e9pourvue de toute substance et d&rsquo;ind\u00e9pendance, comme une image de r\u00eave, et \u00e0 ce niveau, tout ce que nous entreprenons demeure conditionn\u00e9 par un moi, est intentionnel, est acte partiel.<\/p>\n<p style=\"text-align: justify;\">L&rsquo;acte accompli sous l&rsquo;influence d&rsquo;un concept, du je individuel, nous enferme dans un cercle vicieux, nous sommes alors acteur, penseur, et forc\u00e9ment encha\u00een\u00e9s aux conditions de cette action et de cette pens\u00e9e.<\/p>\n<p style=\"text-align: justify;\">L&rsquo;acte pur, sans choix, le non-choix, l&rsquo;acte infini de la conscience est compl\u00e8tement indiff\u00e9rent au pur et \u00e0 l&rsquo;impur, au beau et au laid. Les conceptions \u00e9labor\u00e9es d&rsquo;un point de vue moral ne sont qu&rsquo;une limitation de l&rsquo;acte, qui est en soi absolument indivis, pl\u00e9nitude. L&rsquo;acte spontan\u00e9 du Soi est libre de l&rsquo;oppos\u00e9 qu&rsquo;implique toute esp\u00e8ce de choix.<\/p>\n<p style=\"text-align: justify;\">Dans l&rsquo;absence d&rsquo;un moi, conscience unitive, il n&rsquo;y a ni penseur, ni acteur, dans un acte cr\u00e9atif, il n&rsquo;y a personne qui agit, tout se fait sans l&rsquo;ing\u00e9rence d&rsquo;un moi, \u00ab\u00a0cela se fait\u00a0\u00bb et cet acte est alors un acte total.<\/p>\n<p style=\"text-align: justify;\">Quand surgit un d\u00e9sir non encore formul\u00e9, qui n&rsquo;a pas pris consistance en rev\u00eatant une expression verbale ou en se fixant sur un objet, il faut en prendre conscience en restant compl\u00e8tement non engag\u00e9. Ainsi l&rsquo;agitation s&rsquo;apaise et son dynamisme se meurt dans le supr\u00eame observateur, notre Je qui contient tout et ne peut rien d\u00e9sirer que lui-m\u00eame. L&rsquo;impulsion, la sensation ne font que tendre obscur\u00e9ment vers une expression sans fixation sur un concept. Il s&rsquo;agit de devenir conscient en restant non engag\u00e9; il se produit alors un renvoi \u00e0 ce que nous sommes, pl\u00e9nitude sans objet. Quand cette claire vision est obtenue, rien ne s&rsquo;av\u00e8re plus \u00e9vident que l&rsquo;ultime r\u00e9alit\u00e9 de la conscience limit\u00e9e.<\/p>\n<p style=\"text-align: justify;\">La vie r\u00e9elle se situe au-del\u00e0 de la naissance et de la mort, de l&rsquo;apparition-disparition, elle n&rsquo;est pas limit\u00e9e par notre mental ni li\u00e9e par la m\u00e9moire. La vie, cette apparente inconnue, se fait connaitre quand le connu \u00e9ph\u00e9m\u00e8re actuel s&rsquo;av\u00e8re \u00eatre une compensation, une qu\u00eate sans issue; ce connu perd sa limitation et se r\u00e9sorbe dans l&rsquo;\u00e9ternel contemplateur qui se r\u00e9v\u00e8le comme \u00e9tant toute pr\u00e9sence, \u00eatre, vie.<\/p>\n<p style=\"text-align: justify;\">Dans la sph\u00e8re du connu, toute chose est class\u00e9e, catalogu\u00e9e, fig\u00e9e. Au-del\u00e0 de ce connu, il y a d\u00e9couverte constante, toute chose pointe vers la conscience-t\u00e9moin et toute chose se r\u00e9sorbe en elle.<\/p>\n<p style=\"text-align: justify;\">La peur, l&rsquo;anxi\u00e9t\u00e9 sont asservissement \u00e0 la m\u00e9moire, au connu. L&rsquo;\u00e9motivit\u00e9, l&rsquo;affectivit\u00e9 qui aveugle sont des r\u00e9flexes d&rsquo;un psychisme ali\u00e9n\u00e9, les id\u00e9es, les id\u00e9als ne sont que fuite devant un continuel renouvellement.<\/p>\n<p style=\"text-align: justify;\">Quand s&rsquo;ouvre la perspective de ce que nous sommes, notre Soi, cette connaissance est comme le point de d\u00e9part. D\u00e8s lors, notre vie prend une tout autre signification. C&rsquo;est une connaissance instantan\u00e9e, une perception directe et les investigations propos\u00e9es par l&rsquo;instructeur nous am\u00e8nent \u00e0 cette intuition. Perspective signifie orientation, \u00ab\u00a0pointer vers\u00a0\u00bb, et l&rsquo;exp\u00e9rience de notre vrai soi consiste \u00e0 \u00ab\u00a0s&rsquo;y \u00e9tablir\u00a0\u00bb, \u00e0 ne plus \u00eatre prisonnier de la perspective fausse et limit\u00e9e du moi.<\/p>\n<p style=\"text-align: justify;\">La pens\u00e9e discursive, intentionnelle, ne peut jamais nous conduire vers le point\u00e9, l&rsquo;\u00eatre. L&rsquo;intuition directe de la perspective nous \u00e9claire, nous montre qu&rsquo;il n&rsquo;y a rien \u00e0 accumuler, rien \u00e0 acqu\u00e9rir, et le dynamisme de la recherche se vide. D\u00e8s que l&rsquo;illusion se dissipe, le chercheur se r\u00e9v\u00e8le \u00eatre l&rsquo;objet m\u00eame de sa recherche, le trouv\u00e9, la pl\u00e9nitude qui est une gr\u00e2ce.<\/p>\n<p style=\"text-align: justify;\">L&rsquo;ultime \u00e9quilibre d\u00e9pend de l&rsquo;installation dans le soi. La crampe initiale, l&rsquo;\u00e9go, se r\u00e9sorbe en lui, et l&rsquo;esprit, le mental, le corps sont unifi\u00e9s, harmonis\u00e9s.<\/p>\n<p style=\"text-align: justify;\">Tout notre organisme psychosomatique baigne dans l&rsquo;euphorie, toute fluctuation mentale est apais\u00e9e quand sourd la joie. A ce premier fr\u00e9missement dont les flots passent avec une extr\u00eame rapidit\u00e9, laissez-vous glisser dans la joie sans objet; l&rsquo;objet n&rsquo;est au fond qu&rsquo;un reflet de la joie, paix infinie du soi. Ce dernier est une r\u00e9alit\u00e9 constamment pr\u00e9sente, sous-jacente, bien que nous ne l&rsquo;\u00e9prouvions g\u00e9n\u00e9ralement que sous une forme amoindrie.<\/p>\n<p style=\"text-align: justify;\">La nature essentielle du soi brille dans le vide apparent qui r\u00e9side toujours entre deux pens\u00e9es, deux sensations, deux \u00e9tats, et elle devient constante omnipr\u00e9sence, m\u00eame entour\u00e9e d&rsquo;objets.<\/p>\n<p style=\"text-align: justify;\">Toute paix, la joie de la vie courante est une expression de notre propre soi. Interroger une chose consiste \u00e0 la laisser parler, s&rsquo;exprimer, la laisser vivre sans interposer entre elle et nous un voile plus ou moins opaque, tiss\u00e9 par notre moi.<\/p>\n<p style=\"text-align: justify;\">En pr\u00e9servant les moments sans formulation, en demeurant dans la sensation, soit tactile, soit auditive, comme t\u00e9moin non engag\u00e9, on voit la sensation se r\u00e9sorber dans le t\u00e9moin silencieux.<\/p>\n<p style=\"text-align: justify;\">Ce que nous sommes, notre soi, toute pr\u00e9sence, a son apparente extension dans un espace-temps et, \u00e0 ce niveau-l\u00e0, on peut parler de vivre et de mourir : une image dans le mental, mais ce que nous sommes, notre nature fonci\u00e8re, n&rsquo;a ni naissance, ni mort.<\/p>\n<p style=\"text-align: justify;\">La naissance existe seulement comme naissance d&rsquo;un moi, d&rsquo;un je, et la mort seulement comme la mort de ce dernier.<\/p>\n<p style=\"text-align: justify;\">Tout ph\u00e9nom\u00e8ne se d\u00e9ploie dans un espace-temps, image de notre mental, un concept. S&rsquo;abstenir de penser pendant un laps de temps, par un acte de discipline, de volont\u00e9, est \u00e9galement produit par un moi conceptualis\u00e9, l&rsquo;affirmation d&rsquo;un moi. Tenter de ne pas conceptualiser est encore une conceptualisation. Pour que l&rsquo;arri\u00e8re-plan devienne un v\u00e9cu, il faut que tout concept soit r\u00e9sorb\u00e9; toute objectivation est une entrave pour int\u00e9grer ce que nous sommes fonci\u00e8rement. Dans les limites de la pens\u00e9e, du concept, nous ne pouvons jamais nous \u00e9veiller. Notre v\u00e9ritable nature n&rsquo;est pas objectivable. Pour avoir acc\u00e8s \u00e0 l&rsquo;\u00e9veil, tout effort dans un horizon conceptuel, circonscrit-par un moi objectiv\u00e9, est une entrave. Quand cette intention nous a abandonn\u00e9s, nous sommes envahis par la gr\u00e2ce, tout est gr\u00e2ce.<\/p>\n<p style=\"text-align: justify;\">Le soi est lucidit\u00e9 silencieuse qui ne se laisse pas d\u00e9finir comme un silence, avec comme oppos\u00e9 le bruit.<\/p>\n<p style=\"text-align: justify;\">Comment faut-il concevoir le silence et son oppos\u00e9 ? Si vous voulez vous d\u00e9faire de l&rsquo;agitation en vue d&rsquo;un \u00e9tat de silence, vous rejetez, vous agressez, vous vous d\u00e9fendez, par contre, si vous l&rsquo;acceptez, l&rsquo;agitation qui fait partie du silence se perd et se fond en lui; vous atteignez le silence du soi, au-del\u00e0 du silence et de l&rsquo;agitation. Il ne faut pas vouloir se d\u00e9faire de l&rsquo;agitation, en restant \u00e0 son niveau, il faut en avoir une \u00e9coute totale, elle se meurt alors dans le silence, car elle n&rsquo;est rien d&rsquo;autre que silence.<\/p>\n<p style=\"text-align: justify;\">Quand nous parlons du pr\u00e9sent, nous ne voulons parler que de ce pr\u00e9sent \u00e9ternel : \u00ab\u00a0pr\u00e9sent \u00e0 soi\u00a0\u00bb, d\u00e9nu\u00e9 de tout artifice mental, psychique.<\/p>\n<p style=\"text-align: justify;\">Le chercheur peut \u00eatre consid\u00e9r\u00e9 comme un moi projet\u00e9 qui \u00e9prouve une carence; d\u00e9tach\u00e9 de l&rsquo;unit\u00e9, il cherche vainement \u00e0 ne plus \u00eatre dans cet \u00e9tat de spasme. Quand la recherche est abandonn\u00e9e, le dynamisme se r\u00e9sorbe dans l&rsquo;observateur silencieux et le moi qui n&rsquo;est qu&rsquo;un mouvement centrip\u00e8te devient un mouvement centrifuge : l&rsquo;\u00eatre, notre Soi. Le chercheur que ne talonne plus le dynamisme de la recherche, s&rsquo;int\u00e8gre dans le trouv\u00e9, sa v\u00e9ritable nature, celle qu&rsquo;il conna\u00eet par une intuition inali\u00e9nable.<\/p>\n<p style=\"text-align: justify;\">Seule une entit\u00e9 conceptuelle peut \u00eatre li\u00e9e, enchain\u00e9e, ou libre; un \u00ab\u00a0je suis\u00a0\u00bb objectiv\u00e9, conceptualis\u00e9. Quand l&rsquo;habitude, le r\u00e9flexe nous a quitt\u00e9s, il n&rsquo;y a plus libert\u00e9 ni encha\u00eenement.<\/p>\n<p style=\"text-align: justify;\">Toute tendance \u00e0 vouloir conna\u00eetre objectivement le connaisseur, celui qui est inconnaissable conceptuellement, est un emp\u00eachement pour une aperception de notre vraie nature qui est Etre, connaissance non duelle.<\/p>\n<p style=\"text-align: justify;\">Toute conceptualisation, objectivation, est extraversion, ce que nous sommes fonci\u00e8rement est intraversion, l\u00e0 o\u00f9 il n&rsquo;y a ni ext\u00e9rieur, ni int\u00e9rieur.<\/p>\n<p style=\"text-align: justify;\">Pour que l&rsquo;inconnu devienne connu, le connu doit cesser d&rsquo;encombrer la conscience. C&rsquo;est le mental qui a cr\u00e9\u00e9 des notions comme encha\u00eenement et libert\u00e9. Il s&rsquo;\u00e9limine sans effort ni discipline quand le silence est devenu r\u00e9alit\u00e9 en nous. Il y a \u00eatre, connaissance et amour, sans la pr\u00e9sence d&rsquo;un moi. C&rsquo;est de ce silence-vie qu&rsquo;\u00e9mane le parfum de l&rsquo;existence.<\/p>\n","protected":false},"excerpt":{"rendered":"<p>Comment faut-il concevoir le silence et son oppos\u00e9 ? Si vous voulez vous d\u00e9faire de l&rsquo;agitation en vue d&rsquo;un \u00e9tat de silence, vous rejetez, vous agressez, vous vous d\u00e9fendez, par contre, si vous l&rsquo;acceptez, l&rsquo;agitation qui fait partie du silence se perd et se fond en lui; vous atteignez le silence du soi, au-del\u00e0 du silence et de l&rsquo;agitation. Il ne faut pas vouloir se d\u00e9faire de l&rsquo;agitation, en restant \u00e0 son niveau, il faut en avoir une \u00e9coute totale, elle se meurt alors dans le silence, car elle n&rsquo;est rien d&rsquo;autre que silence.<\/p>\n","protected":false},"author":1,"featured_media":12389,"comment_status":"closed","ping_status":"closed","sticky":false,"template":"","format":"standard","meta":{"footnotes":""},"categories":[231],"tags":[791,8,987,46],"class_list":["post-12377","post","type-post","status-publish","format-standard","has-post-thumbnail","hentry","category-j-klein","tag-ecoute","tag-non-dualite","tag-sensibilite","tag-silence"],"yoast_head":"<!-- This site is optimized with the Yoast SEO plugin v27.0 - https:\/\/yoast.com\/product\/yoast-seo-wordpress\/ -->\n<title>Au-del\u00e0 du connu par Jean Klein - 3e mill\u00e9naire - Spiritualit\u00e9 - Connaissance de soi - Non-dualit\u00e9 - M\u00e9ditation<\/title>\n<meta name=\"robots\" content=\"index, follow, max-snippet:-1, max-image-preview:large, max-video-preview:-1\" \/>\n<link rel=\"canonical\" href=\"https:\/\/www.revue3emillenaire.com\/blog\/au-dela-du-connu-par-jean-klein\/\" \/>\n<meta property=\"og:locale\" content=\"fr_FR\" \/>\n<meta property=\"og:type\" content=\"article\" \/>\n<meta property=\"og:title\" content=\"Au-del\u00e0 du connu par Jean Klein - 3e mill\u00e9naire - Spiritualit\u00e9 - Connaissance de soi - Non-dualit\u00e9 - M\u00e9ditation\" \/>\n<meta property=\"og:description\" content=\"Comment faut-il concevoir le silence et son oppos\u00e9 ? Si vous voulez vous d\u00e9faire de l&#039;agitation en vue d&#039;un \u00e9tat de silence, vous rejetez, vous agressez, vous vous d\u00e9fendez, par contre, si vous l&#039;acceptez, l&#039;agitation qui fait partie du silence se perd et se fond en lui; vous atteignez le silence du soi, au-del\u00e0 du silence et de l&#039;agitation. Il ne faut pas vouloir se d\u00e9faire de l&#039;agitation, en restant \u00e0 son niveau, il faut en avoir une \u00e9coute totale, elle se meurt alors dans le silence, car elle n&#039;est rien d&#039;autre que silence.\" \/>\n<meta property=\"og:url\" content=\"https:\/\/www.revue3emillenaire.com\/blog\/au-dela-du-connu-par-jean-klein\/\" \/>\n<meta property=\"og:site_name\" content=\"3e mill\u00e9naire - Spiritualit\u00e9 - Connaissance de soi - Non-dualit\u00e9 - M\u00e9ditation\" \/>\n<meta property=\"article:published_time\" content=\"2012-11-07T03:51:32+00:00\" \/>\n<meta property=\"og:image\" content=\"https:\/\/www.revue3emillenaire.com\/blog\/wp-content\/uploads\/2012\/11\/jklein3.jpg\" \/>\n\t<meta property=\"og:image:width\" content=\"220\" \/>\n\t<meta property=\"og:image:height\" content=\"286\" \/>\n\t<meta property=\"og:image:type\" content=\"image\/jpeg\" \/>\n<meta name=\"author\" content=\"3e mill\u00e9naire\" \/>\n<meta name=\"twitter:card\" content=\"summary_large_image\" \/>\n<meta name=\"twitter:label1\" content=\"\u00c9crit par\" \/>\n\t<meta name=\"twitter:data1\" content=\"3e mill\u00e9naire\" \/>\n\t<meta name=\"twitter:label2\" content=\"Dur\u00e9e de lecture estim\u00e9e\" \/>\n\t<meta name=\"twitter:data2\" content=\"7 minutes\" \/>\n<script type=\"application\/ld+json\" class=\"yoast-schema-graph\">{\"@context\":\"https:\/\/schema.org\",\"@graph\":[{\"@type\":\"Article\",\"@id\":\"https:\/\/www.revue3emillenaire.com\/blog\/au-dela-du-connu-par-jean-klein\/#article\",\"isPartOf\":{\"@id\":\"https:\/\/www.revue3emillenaire.com\/blog\/au-dela-du-connu-par-jean-klein\/\"},\"author\":{\"name\":\"3e mill\u00e9naire\",\"@id\":\"https:\/\/www.revue3emillenaire.com\/blog\/#\/schema\/person\/9a3a7cc4ccaa707f402d4394327106d5\"},\"headline\":\"Au-del\u00e0 du connu par Jean Klein\",\"datePublished\":\"2012-11-07T03:51:32+00:00\",\"mainEntityOfPage\":{\"@id\":\"https:\/\/www.revue3emillenaire.com\/blog\/au-dela-du-connu-par-jean-klein\/\"},\"wordCount\":1482,\"image\":{\"@id\":\"https:\/\/www.revue3emillenaire.com\/blog\/au-dela-du-connu-par-jean-klein\/#primaryimage\"},\"thumbnailUrl\":\"https:\/\/www.revue3emillenaire.com\/blog\/wp-content\/uploads\/2012\/11\/jklein3.jpg\",\"keywords\":[\"\u00c9coute\",\"Non-dualit\u00e9\",\"Sensibilit\u00e9\",\"Silence\"],\"articleSection\":[\"Klein Jean\"],\"inLanguage\":\"fr-FR\"},{\"@type\":\"WebPage\",\"@id\":\"https:\/\/www.revue3emillenaire.com\/blog\/au-dela-du-connu-par-jean-klein\/\",\"url\":\"https:\/\/www.revue3emillenaire.com\/blog\/au-dela-du-connu-par-jean-klein\/\",\"name\":\"Au-del\u00e0 du connu par Jean Klein - 3e mill\u00e9naire - Spiritualit\u00e9 - Connaissance de soi - Non-dualit\u00e9 - M\u00e9ditation\",\"isPartOf\":{\"@id\":\"https:\/\/www.revue3emillenaire.com\/blog\/#website\"},\"primaryImageOfPage\":{\"@id\":\"https:\/\/www.revue3emillenaire.com\/blog\/au-dela-du-connu-par-jean-klein\/#primaryimage\"},\"image\":{\"@id\":\"https:\/\/www.revue3emillenaire.com\/blog\/au-dela-du-connu-par-jean-klein\/#primaryimage\"},\"thumbnailUrl\":\"https:\/\/www.revue3emillenaire.com\/blog\/wp-content\/uploads\/2012\/11\/jklein3.jpg\",\"datePublished\":\"2012-11-07T03:51:32+00:00\",\"author\":{\"@id\":\"https:\/\/www.revue3emillenaire.com\/blog\/#\/schema\/person\/9a3a7cc4ccaa707f402d4394327106d5\"},\"breadcrumb\":{\"@id\":\"https:\/\/www.revue3emillenaire.com\/blog\/au-dela-du-connu-par-jean-klein\/#breadcrumb\"},\"inLanguage\":\"fr-FR\",\"potentialAction\":[{\"@type\":\"ReadAction\",\"target\":[\"https:\/\/www.revue3emillenaire.com\/blog\/au-dela-du-connu-par-jean-klein\/\"]}]},{\"@type\":\"ImageObject\",\"inLanguage\":\"fr-FR\",\"@id\":\"https:\/\/www.revue3emillenaire.com\/blog\/au-dela-du-connu-par-jean-klein\/#primaryimage\",\"url\":\"https:\/\/www.revue3emillenaire.com\/blog\/wp-content\/uploads\/2012\/11\/jklein3.jpg\",\"contentUrl\":\"https:\/\/www.revue3emillenaire.com\/blog\/wp-content\/uploads\/2012\/11\/jklein3.jpg\",\"width\":\"220\",\"height\":\"286\"},{\"@type\":\"BreadcrumbList\",\"@id\":\"https:\/\/www.revue3emillenaire.com\/blog\/au-dela-du-connu-par-jean-klein\/#breadcrumb\",\"itemListElement\":[{\"@type\":\"ListItem\",\"position\":1,\"name\":\"Accueil\",\"item\":\"https:\/\/www.revue3emillenaire.com\/blog\/\"},{\"@type\":\"ListItem\",\"position\":2,\"name\":\"Au-del\u00e0 du connu par Jean Klein\"}]},{\"@type\":\"WebSite\",\"@id\":\"https:\/\/www.revue3emillenaire.com\/blog\/#website\",\"url\":\"https:\/\/www.revue3emillenaire.com\/blog\/\",\"name\":\"3e mill\u00e9naire - Spiritualit\u00e9 - Connaissance de soi - Non-dualit\u00e9 - M\u00e9ditation\",\"description\":\"L&#039;Homme en devenir\",\"potentialAction\":[{\"@type\":\"SearchAction\",\"target\":{\"@type\":\"EntryPoint\",\"urlTemplate\":\"https:\/\/www.revue3emillenaire.com\/blog\/?s={search_term_string}\"},\"query-input\":{\"@type\":\"PropertyValueSpecification\",\"valueRequired\":true,\"valueName\":\"search_term_string\"}}],\"inLanguage\":\"fr-FR\"},{\"@type\":\"Person\",\"@id\":\"https:\/\/www.revue3emillenaire.com\/blog\/#\/schema\/person\/9a3a7cc4ccaa707f402d4394327106d5\",\"name\":\"3e mill\u00e9naire\",\"url\":\"https:\/\/www.revue3emillenaire.com\/blog\/author\/admin\/\"}]}<\/script>\n<!-- \/ Yoast SEO plugin. -->","yoast_head_json":{"title":"Au-del\u00e0 du connu par Jean Klein - 3e mill\u00e9naire - Spiritualit\u00e9 - Connaissance de soi - Non-dualit\u00e9 - M\u00e9ditation","robots":{"index":"index","follow":"follow","max-snippet":"max-snippet:-1","max-image-preview":"max-image-preview:large","max-video-preview":"max-video-preview:-1"},"canonical":"https:\/\/www.revue3emillenaire.com\/blog\/au-dela-du-connu-par-jean-klein\/","og_locale":"fr_FR","og_type":"article","og_title":"Au-del\u00e0 du connu par Jean Klein - 3e mill\u00e9naire - Spiritualit\u00e9 - Connaissance de soi - Non-dualit\u00e9 - M\u00e9ditation","og_description":"Comment faut-il concevoir le silence et son oppos\u00e9 ? Si vous voulez vous d\u00e9faire de l'agitation en vue d'un \u00e9tat de silence, vous rejetez, vous agressez, vous vous d\u00e9fendez, par contre, si vous l'acceptez, l'agitation qui fait partie du silence se perd et se fond en lui; vous atteignez le silence du soi, au-del\u00e0 du silence et de l'agitation. Il ne faut pas vouloir se d\u00e9faire de l'agitation, en restant \u00e0 son niveau, il faut en avoir une \u00e9coute totale, elle se meurt alors dans le silence, car elle n'est rien d'autre que silence.","og_url":"https:\/\/www.revue3emillenaire.com\/blog\/au-dela-du-connu-par-jean-klein\/","og_site_name":"3e mill\u00e9naire - Spiritualit\u00e9 - Connaissance de soi - Non-dualit\u00e9 - M\u00e9ditation","article_published_time":"2012-11-07T03:51:32+00:00","og_image":[{"width":220,"height":286,"url":"https:\/\/www.revue3emillenaire.com\/blog\/wp-content\/uploads\/2012\/11\/jklein3.jpg","type":"image\/jpeg"}],"author":"3e mill\u00e9naire","twitter_card":"summary_large_image","twitter_misc":{"\u00c9crit par":"3e mill\u00e9naire","Dur\u00e9e de lecture estim\u00e9e":"7 minutes"},"schema":{"@context":"https:\/\/schema.org","@graph":[{"@type":"Article","@id":"https:\/\/www.revue3emillenaire.com\/blog\/au-dela-du-connu-par-jean-klein\/#article","isPartOf":{"@id":"https:\/\/www.revue3emillenaire.com\/blog\/au-dela-du-connu-par-jean-klein\/"},"author":{"name":"3e mill\u00e9naire","@id":"https:\/\/www.revue3emillenaire.com\/blog\/#\/schema\/person\/9a3a7cc4ccaa707f402d4394327106d5"},"headline":"Au-del\u00e0 du connu par Jean Klein","datePublished":"2012-11-07T03:51:32+00:00","mainEntityOfPage":{"@id":"https:\/\/www.revue3emillenaire.com\/blog\/au-dela-du-connu-par-jean-klein\/"},"wordCount":1482,"image":{"@id":"https:\/\/www.revue3emillenaire.com\/blog\/au-dela-du-connu-par-jean-klein\/#primaryimage"},"thumbnailUrl":"https:\/\/www.revue3emillenaire.com\/blog\/wp-content\/uploads\/2012\/11\/jklein3.jpg","keywords":["\u00c9coute","Non-dualit\u00e9","Sensibilit\u00e9","Silence"],"articleSection":["Klein Jean"],"inLanguage":"fr-FR"},{"@type":"WebPage","@id":"https:\/\/www.revue3emillenaire.com\/blog\/au-dela-du-connu-par-jean-klein\/","url":"https:\/\/www.revue3emillenaire.com\/blog\/au-dela-du-connu-par-jean-klein\/","name":"Au-del\u00e0 du connu par Jean Klein - 3e mill\u00e9naire - Spiritualit\u00e9 - Connaissance de soi - Non-dualit\u00e9 - M\u00e9ditation","isPartOf":{"@id":"https:\/\/www.revue3emillenaire.com\/blog\/#website"},"primaryImageOfPage":{"@id":"https:\/\/www.revue3emillenaire.com\/blog\/au-dela-du-connu-par-jean-klein\/#primaryimage"},"image":{"@id":"https:\/\/www.revue3emillenaire.com\/blog\/au-dela-du-connu-par-jean-klein\/#primaryimage"},"thumbnailUrl":"https:\/\/www.revue3emillenaire.com\/blog\/wp-content\/uploads\/2012\/11\/jklein3.jpg","datePublished":"2012-11-07T03:51:32+00:00","author":{"@id":"https:\/\/www.revue3emillenaire.com\/blog\/#\/schema\/person\/9a3a7cc4ccaa707f402d4394327106d5"},"breadcrumb":{"@id":"https:\/\/www.revue3emillenaire.com\/blog\/au-dela-du-connu-par-jean-klein\/#breadcrumb"},"inLanguage":"fr-FR","potentialAction":[{"@type":"ReadAction","target":["https:\/\/www.revue3emillenaire.com\/blog\/au-dela-du-connu-par-jean-klein\/"]}]},{"@type":"ImageObject","inLanguage":"fr-FR","@id":"https:\/\/www.revue3emillenaire.com\/blog\/au-dela-du-connu-par-jean-klein\/#primaryimage","url":"https:\/\/www.revue3emillenaire.com\/blog\/wp-content\/uploads\/2012\/11\/jklein3.jpg","contentUrl":"https:\/\/www.revue3emillenaire.com\/blog\/wp-content\/uploads\/2012\/11\/jklein3.jpg","width":"220","height":"286"},{"@type":"BreadcrumbList","@id":"https:\/\/www.revue3emillenaire.com\/blog\/au-dela-du-connu-par-jean-klein\/#breadcrumb","itemListElement":[{"@type":"ListItem","position":1,"name":"Accueil","item":"https:\/\/www.revue3emillenaire.com\/blog\/"},{"@type":"ListItem","position":2,"name":"Au-del\u00e0 du connu par Jean Klein"}]},{"@type":"WebSite","@id":"https:\/\/www.revue3emillenaire.com\/blog\/#website","url":"https:\/\/www.revue3emillenaire.com\/blog\/","name":"3e mill\u00e9naire - Spiritualit\u00e9 - Connaissance de soi - Non-dualit\u00e9 - M\u00e9ditation","description":"L&#039;Homme en devenir","potentialAction":[{"@type":"SearchAction","target":{"@type":"EntryPoint","urlTemplate":"https:\/\/www.revue3emillenaire.com\/blog\/?s={search_term_string}"},"query-input":{"@type":"PropertyValueSpecification","valueRequired":true,"valueName":"search_term_string"}}],"inLanguage":"fr-FR"},{"@type":"Person","@id":"https:\/\/www.revue3emillenaire.com\/blog\/#\/schema\/person\/9a3a7cc4ccaa707f402d4394327106d5","name":"3e mill\u00e9naire","url":"https:\/\/www.revue3emillenaire.com\/blog\/author\/admin\/"}]}},"_links":{"self":[{"href":"https:\/\/www.revue3emillenaire.com\/blog\/wp-json\/wp\/v2\/posts\/12377","targetHints":{"allow":["GET"]}}],"collection":[{"href":"https:\/\/www.revue3emillenaire.com\/blog\/wp-json\/wp\/v2\/posts"}],"about":[{"href":"https:\/\/www.revue3emillenaire.com\/blog\/wp-json\/wp\/v2\/types\/post"}],"author":[{"embeddable":true,"href":"https:\/\/www.revue3emillenaire.com\/blog\/wp-json\/wp\/v2\/users\/1"}],"replies":[{"embeddable":true,"href":"https:\/\/www.revue3emillenaire.com\/blog\/wp-json\/wp\/v2\/comments?post=12377"}],"version-history":[{"count":0,"href":"https:\/\/www.revue3emillenaire.com\/blog\/wp-json\/wp\/v2\/posts\/12377\/revisions"}],"wp:featuredmedia":[{"embeddable":true,"href":"https:\/\/www.revue3emillenaire.com\/blog\/wp-json\/wp\/v2\/media\/12389"}],"wp:attachment":[{"href":"https:\/\/www.revue3emillenaire.com\/blog\/wp-json\/wp\/v2\/media?parent=12377"}],"wp:term":[{"taxonomy":"category","embeddable":true,"href":"https:\/\/www.revue3emillenaire.com\/blog\/wp-json\/wp\/v2\/categories?post=12377"},{"taxonomy":"post_tag","embeddable":true,"href":"https:\/\/www.revue3emillenaire.com\/blog\/wp-json\/wp\/v2\/tags?post=12377"}],"curies":[{"name":"wp","href":"https:\/\/api.w.org\/{rel}","templated":true}]}}