{"id":124,"date":"2008-09-19T00:00:00","date_gmt":"2008-09-19T00:00:00","guid":{"rendered":"http:\/\/www.revue3emillenaire.com\/blog\/?p=124"},"modified":"2011-09-18T13:14:30","modified_gmt":"2011-09-18T12:14:30","slug":"bouleversements-conomiques-et-leurs-solutions-par-robert-linssen","status":"publish","type":"post","link":"https:\/\/www.revue3emillenaire.com\/blog\/bouleversements-conomiques-et-leurs-solutions-par-robert-linssen\/","title":{"rendered":"Bouleversements \u00e9conomiques et leurs solutions par Robert Linssen"},"content":{"rendered":"<p style=\"text-align: justify;\">(Revue \u00catre Libre, Num\u00e9ro 258, Janvier-Mars 1974)<\/p>\n<p style=\"text-align: justify;\">La rapidit\u00e9 des rythmes \u00e9volutifs entraine de nombreux bouleversements parmi toutes les structures anciennes, et plus particuli\u00e8rement dans les structures \u00e9conomiques.<\/p>\n<p style=\"text-align: justify;\">Les d\u00e9fauts cach\u00e9s d&rsquo;une structure se r\u00e9v\u00e8lent de fa\u00e7on infiniment plus rapide et spectaculaire. Des erreurs qui, jadis \u00e9taient v\u00e9cues durant des si\u00e8cles avant que l&rsquo;homme prenne conscience de l&rsquo;\u00e9vidence de leur fausset\u00e9, se r\u00e9v\u00e8lent comme telles, actuellement, en quelques ann\u00e9es ou en quelques mois.<\/p>\n<p style=\"text-align: justify;\">Tel est le cas concernant la prise de conscience des d\u00e9sastres \u00e9conomiques accablant le monde au cours de la seconde moiti\u00e9 du XX<sup>\u00e8me<\/sup> si\u00e8cle.<\/p>\n<p style=\"text-align: justify;\">Nous assistons \u00e0 l&rsquo;agonie du syst\u00e8me \u00e9conomique actuel avec le cort\u00e8ge de mis\u00e8res qu&rsquo;il engendre : ch\u00f4mage, famines, guerres.<\/p>\n<p style=\"text-align: justify;\">Lorsqu&rsquo;un organisme est malade, atteint d&rsquo;une intoxication quelconque, il r\u00e9agit parce que l&rsquo;on appelle une \u00ab crise \u00bb. La \u00ab crise \u00bb, la maladie est un mode d&rsquo;avertissement pr\u00e9cieux enseignant \u00e0 celui qui l&rsquo;atteint qu&rsquo;il est en danger.<\/p>\n<p style=\"text-align: justify;\">Apr\u00e8s la \u00ab crise \u00bb, si l&rsquo;on a tenu compte de l&rsquo;avertissement, il y a convalescence puis \u00e9tat normal.<\/p>\n<p style=\"text-align: justify;\">Une \u00ab crise \u00bb est donc un ph\u00e9nom\u00e8ne passager auquel une issue peut \u00eatre trouv\u00e9e. En est-il de m\u00eame des crises \u00e9conomiques, qui de 1929 \u00e0 1974 ne font que s&rsquo;aggraver ?<\/p>\n<p style=\"text-align: justify;\">Suffirait-il d&rsquo;attendre patiemment le retour \u00e0 un \u00e9tat normal que seraient venus bouleverser pr\u00e9matur\u00e9ment les rythmes prodigieux des progr\u00e8s scientifiques et techniques ?<\/p>\n<p style=\"text-align: justify;\">Non. En vertu de la nature m\u00eame et des principes de base de nos structures \u00e9conomiques il n&rsquo;y a pas de retour possible \u00e0 une situation normale. <strong>Le d\u00e9s\u00e9quilibre \u00e9conomique actuel est sans issue.<\/strong><\/p>\n<p style=\"text-align: justify;\">Ne disons plus qu&rsquo;il y a une \u00ab crise \u00bb \u00e9conomique. Le terme est faux. Il nous trompe et fait esp\u00e9rer un retour \u00e0 l&rsquo;\u00e9tat normal d&rsquo;un organisme ou de structures saines qui n&rsquo;existent pas et n&rsquo;ont jamais exist\u00e9.<\/p>\n<p style=\"text-align: justify; padding-left: 300px;\">* * *<\/p>\n<p style=\"text-align: justify;\">Nous avons formul\u00e9 \u00e0 diverses reprises les bases de ce que nous avons appel\u00e9, faute de mieux, un \u00ab Mat\u00e9rialisme spirituel \u00bb. Nous l&rsquo;avons d\u00e9fini comme une science de la Nature, en insistant sur le fait que le mot \u00ab Nature \u00bb englobe ici l&rsquo;ensemble des \u00e9nergies physiques, psychiques et spirituelles auxquelles participent les \u00eatres et les choses.<\/p>\n<p style=\"text-align: justify;\">Le \u00ab Mat\u00e9rialisme spirituel \u00bb devrait \u00eatre non seulement une science de la Nature mais aussi un art de vivre en harmonie avec les lois naturelles des mondes physiques, psychiques et spirituels.<\/p>\n<p style=\"text-align: justify;\">La Nature nous offre le spectacle d&rsquo;une \u00e9conomie naturelle. Il semble que les d\u00e9s\u00e9quilibres et les crises s&rsquo;y manifestent de fa\u00e7on assez rare.<\/p>\n<p style=\"text-align: justify;\">Il nous a sembl\u00e9 utile d&rsquo;exposer ce qui \u00e0 nos yeux, constituerait les bases d&rsquo;une \u00ab Economie Naturelle \u00bb.<\/p>\n<p style=\"text-align: justify;\">Afin d&rsquo;en comprendre \u00e0 la fois le bien fond\u00e9 et l&rsquo;esprit il est important de consid\u00e9rer que l&rsquo;histoire de l&rsquo;\u00e9conomie pourrait \u00eatre divis\u00e9e en deux grandes phases nettement distinctes :<br \/>\n1) une phase de raret\u00e9.<br \/>\n2) une phase d&rsquo;abondance.<\/p>\n<p style=\"text-align: justify;\">Durant les temps pr\u00e9historiques l&rsquo;homme a lutt\u00e9 et souffert pour capter et transformer les \u00e9nergies de la Nature. Ses moyens de production \u00e9taient d\u00e9risoires.<\/p>\n<p style=\"text-align: justify;\">L&rsquo;\u00e2pret\u00e9 des premiers combats qu&rsquo;il d\u00fbt mener pour s&rsquo;assurer le strict n\u00e9cessaire, tant du point de vue alimentaire que vestimentaire l&rsquo;a conduit \u00e0 vivre en soci\u00e9t\u00e9.<\/p>\n<p style=\"text-align: justify;\">Tout l&rsquo;effort \u00e9conomique des hommes primitifs peut se r\u00e9sumer par une association mutuelle des forces, une organisation collective des \u00e9nergies pour combattre le grand ennemi du moment :<strong> la raret\u00e9 des produits<\/strong>, le manque de confort possible.<\/p>\n<p style=\"text-align: justify;\">Les hommes comprirent peu \u00e0 peu l&rsquo;int\u00e9r\u00eat du perfectionnement de certaines sp\u00e9cialit\u00e9s : ce fut le d\u00e9but de l&rsquo;\u00e8re des sp\u00e9cialisations.<\/p>\n<p style=\"text-align: justify;\">Les disciplines de la sp\u00e9cialisation ayant apport\u00e9 un certain perfectionnement et une vari\u00e9t\u00e9 assez riche dans les produits, les primitifs commenc\u00e8rent \u00e0 proc\u00e9der \u00e0 leurs <strong>\u00e9changes<\/strong>.<\/p>\n<p style=\"text-align: justify;\">Le troc fut facilit\u00e9 par l&rsquo;adoption d&rsquo;une sorte de marchandise tierce, de valeur purement conventionnelle : la monnaie.<\/p>\n<p style=\"text-align: justify;\">Peu \u00e0 peu, l&rsquo;intelligence humaine s&rsquo;est perfectionn\u00e9e. L&rsquo;homme discerna quels sont dans la Nature les \u00e9l\u00e9ments qui pourraient contribuer davantage \u00e0 son affranchissement. Il f\u00eet travailler les animaux.<\/p>\n<p style=\"text-align: justify;\">Devenant plus ambitieux et de plus en plus insatisfait il commen\u00e7a \u00e0 exploiter ses semblables : ce fut le r\u00e8gne de l&rsquo;esclavage.<\/p>\n<p style=\"text-align: justify;\">Au cours de cette premi\u00e8re phase de raret\u00e9, les chocs sociaux, les guerres, les invasions n&rsquo;eurent qu&rsquo;un objectif essentiel : <strong>la lutte contre la raret\u00e9<\/strong> par la conqu\u00eate des produits de nature \u00e0 satisfaire les besoins.<\/p>\n<p style=\"text-align: justify;\">Mais entre les 17<sup>\u00e8me<\/sup> et 20<sup>\u00e8me<\/sup> si\u00e8cles tout changea brusquement.<\/p>\n<p style=\"text-align: justify;\"><strong>La phase de raret\u00e9 se termina<\/strong>. Nous sommes, ou du moins, nous devrions \u00eatre dans <strong>l&rsquo;abondance<\/strong>.<\/p>\n<p style=\"text-align: justify;\">La quantit\u00e9 d&rsquo;\u00e9nergie disponible que nous permet d&rsquo;entrevoir l&rsquo;\u00e2ge atomique est \u00e9norme m\u00eame dans l&rsquo;hypoth\u00e8se d&rsquo;un \u00e9puisement des r\u00e9serves de charbon et de p\u00e9trole.<\/p>\n<p style=\"text-align: justify;\">En d\u00e9pit de tout cela, il est paradoxal de constater que lorsque le monde luttait au cours de sa phase de raret\u00e9 et de besoin, beaucoup d&rsquo;\u00eatres humains semblaient plus heureux et sereins.<\/p>\n<p style=\"text-align: justify;\">Ainsi que l&rsquo;exprimaient les grands pionniers fran\u00e7ais de l&rsquo;\u00e9conomie distributive Georges Valois et G. Rodrigue dans le \u00ab Plan du Nouvel \u00e2ge \u00bb.<\/p>\n<p style=\"text-align: justify;\">\u00ab Le r\u00e9gime actuel produit l&rsquo;abondance mais un syst\u00e8me \u00e9conomique p\u00e9rim\u00e9 en emp\u00eache la juste r\u00e9partition. <strong>Le r\u00e9gime produit l&rsquo;abondance mais distribue la mis\u00e8re<\/strong> \u00bb.<\/p>\n<p style=\"text-align: justify;\">Les progr\u00e8s de la technique, r\u00e9alis\u00e9s gr\u00e2ce \u00e0 un d\u00e9veloppement de la pens\u00e9e humaine ont pour mission profonde de lib\u00e9rer l&rsquo;existence de l&rsquo;homme d&rsquo;un travail mat\u00e9riel excessif.<\/p>\n<p style=\"text-align: justify;\">Mais des structures d\u00e9su\u00e8tes, corrompues par l&rsquo;esprit du profit aboutissent \u00e0 des r\u00e9sultats contraires.<\/p>\n<p style=\"text-align: justify;\">Seule une infime minorit\u00e9 de privil\u00e9gi\u00e9s jouissent pleinement des avantages de l&rsquo;\u00e9volution technique.<\/p>\n<p style=\"text-align: justify;\">De nos jours, certaines machines effectuent en une heure le travail semblable \u00e0 celui que des centaines hommes accomplissaient il y a moins d&rsquo;un si\u00e8cle en un jour.<\/p>\n<p style=\"text-align: justify;\">La machine pourrait lib\u00e9rer l&rsquo;homme du joug d&rsquo;un travail mat\u00e9riel excessif et lui permettre de r\u00e9aliser une dignit\u00e9 nouvelle par l&rsquo;accomplissement de ses plus hautes possibilit\u00e9s spirituelles. Mais nous en sommes loin.<\/p>\n<p style=\"text-align: justify;\">L&rsquo;\u00e9norme disparit\u00e9 entre une \u00e9volution technique consid\u00e9rable, d&rsquo;une part, et d&rsquo;autre part, une absence totale de maturit\u00e9 psychologique et spirituelle a pour effet d&rsquo;aggraver les difficult\u00e9s du monde dans une foule de secteurs totalement inattendus il y a moins de vingt ans encore.<\/p>\n<p style=\"text-align: justify;\">Il suffit de penser aux probl\u00e8mes de plus en plus graves de la pollution des rivi\u00e8res, des oc\u00e9ans, de la terre, de l&rsquo;air et des effets secondaires des crimes constants de l&rsquo;homme contre la Nature et les grands \u00e9quilibres biologiques.<\/p>\n<p style=\"text-align: justify;\">L&rsquo;homme pouvait, th\u00e9oriquement r\u00e9aliser un v\u00e9ritable paradis sur terre dans une abondance sans pr\u00e9c\u00e9dent dans l&rsquo;histoire. Mais le d\u00e9veloppement unilat\u00e9ral de la pens\u00e9e sans l&rsquo;\u00e9panouissement parall\u00e8le de l&rsquo;amour et de la spiritualit\u00e9 a tout g\u00e2ch\u00e9.<\/p>\n<p style=\"text-align: justify;\">Parce qu&rsquo;ils sont mal utilis\u00e9s, les progr\u00e8s techniques qui devaient lib\u00e9rer l&rsquo;homme, l&rsquo;entra\u00eenent dans des crises \u00e9conomiques de plus en plus graves et sans issue. Le spectre d&rsquo;une d\u00e9valuation monstrueuse et sans pr\u00e9c\u00e9dent dans l&rsquo;histoire est l\u00e0, plus que jamais pr\u00e9sent. Il est un sujet de cauchemar hallucinant pour tous les dirigeants de l&rsquo;\u00e9conomie mondiale en ce dernier quart du XX\u00e8me si\u00e8cle. Il s&rsquo;agit d&rsquo;un processus irr\u00e9versible que rien ne peut v\u00e9ritablement arr\u00eater.<\/p>\n<p style=\"text-align: justify;\">Il peut \u00eatre r\u00e9sum\u00e9 tr\u00e8s sch\u00e9matiquement de la fa\u00e7on suivante :<\/p>\n<p style=\"text-align: justify;\">Les progr\u00e8s techniques ont dot\u00e9 l&rsquo;homme de machines de plus en plus perfectionn\u00e9es. Celles-ci entra\u00eenent des millions de travailleurs au ch\u00f4mage que l&rsquo;on tente de neutraliser par des reconversions.<\/p>\n<p style=\"text-align: justify;\">Le ch\u00f4mage des hommes entra\u00eene le ch\u00f4mage des capitaux.<\/p>\n<p style=\"text-align: justify;\">Le d\u00e9veloppement des moyens de production entra\u00eene, dans une premi\u00e8re phase, un abaissement continuel des prix de revient ainsi qu&rsquo;une surproduction de plus en plus importante.<\/p>\n<p style=\"text-align: justify;\">La surproduction de chaque nouveaut\u00e9 s&rsquo;adresse d&rsquo;abord aux classes ais\u00e9es. Celles-ci sont rapidement satur\u00e9es. Les producteurs sont oblig\u00e9s ensuite de s&rsquo;adresser aux classes moins solvables. Les prix sont l&rsquo;objet d&rsquo;une phase de baisse provisoire.<\/p>\n<p style=\"text-align: justify;\">Mais le ch\u00f4mage grandissant, le pouvoir d&rsquo;achat diminue.<\/p>\n<p style=\"text-align: justify;\">Mais en d\u00e9pit du pouvoir d&rsquo;achat qui diminue, la surproduction, signe distinctif de la p\u00e9riode d&rsquo;abondance continue. Il y a embouteillage de produits, stockages \u00e9normes.<\/p>\n<p style=\"text-align: justify;\">Une urgente n\u00e9cessit\u00e9 de d\u00e9bouch\u00e9s nouveaux s&rsquo;impose. Au temps du colonialisme, les industriels tentaient de \u00ab sugg\u00e9rer des besoins \u00bb aux indig\u00e8nes de l&rsquo;Afrique et d&rsquo;autres r\u00e9gions afin d&rsquo;\u00e9couler les marchandises et parmi celles-ci, les plus novices, boissons alcooliques, drogues de toutes esp\u00e8ces.<\/p>\n<p style=\"text-align: justify;\">Ensuite, la publicit\u00e9, toujours plus \u00e9clair\u00e9e par les suggestions de psychologues avertis, tente de \u00ab sugg\u00e9rer des besoins \u00bb \u00e0 une foule d&rsquo;\u00eatres humains, qui sans cette publicit\u00e9, auraient pu mener une vie plus simple, et peut-\u00eatre plus profonde et plus heureuse. Les noirs du Za\u00efre, qu&rsquo;aux temps de la colonisation l&rsquo;on appelait le Congo Belge ne connaissaient ni l&rsquo;alcool ni la bi\u00e8re. Les \u00ab civilis\u00e9s \u00bb leur ont \u00ab sugg\u00e9r\u00e9 \u00bb d&rsquo;en prendre. Ils y ont pris go\u00fbt et beaucoup en consomment par quantit\u00e9s \u00e9normes.<\/p>\n<p style=\"text-align: justify;\">Nous voyons ici, le cercle vicieux dans lequel nous entra\u00eenent une \u00e9conomie de profit dont les s\u00e9quelles sont pernicieuses \u00e0 l&rsquo;infini.<\/p>\n<p style=\"text-align: justify;\">Les cons\u00e9quences de la diminution du pouvoir d&rsquo;achat sont graves pour tous les Etats.<\/p>\n<p style=\"text-align: justify;\">Les budgets gouvernementaux se forment en pr\u00e9levant une quotte part sur le budget individuel des contribuables. Or, ceux-ci sont boulevers\u00e9s. L&rsquo;Etat doit augmenter ses charges par des mesures d&rsquo;assistance, par le ch\u00f4mage, par des mesures de renflouement, de protection.<\/p>\n<p style=\"text-align: justify;\">Parall\u00e8lement \u00e0 l&rsquo;augmentation de ses charges l&rsquo;Etat voit diminuer ses recettes.<\/p>\n<p style=\"text-align: justify;\">Les r\u00e9flexes les plus fr\u00e9quents des Etats devant ces difficult\u00e9s sont tr\u00e8s connus :<\/p>\n<p style=\"text-align: justify;\">a) L&rsquo;augmentation des imp\u00f4ts. Celle-ci se traduit par une diminution du pouvoir d&rsquo;achat et du chiffre d&rsquo;affaires.<br \/>\nb) Diminution des d\u00e9penses de l&rsquo;Etat : mesures de d\u00e9flation, su-pression du cr\u00e9dit. Ces mesures diminuent le pouvoir d&rsquo;achat.<br \/>\nc) Emission d&#8217;emprunts. L&rsquo;argent investi dans les emprunts diminue le pouvoir d&rsquo;achat des investisseurs.<br \/>\nd) Alt\u00e9ration de la monnaie. D\u00e9valuation, inflation. C&rsquo;est la faillite proprement dite.<\/p>\n<p style=\"text-align: justify;\">La monnaie \u00e9tant de plus en plus d\u00e9pourvue de sa valeur primitive le prix de marchandises, des mati\u00e8res premi\u00e8res va augmenter.<\/p>\n<p style=\"text-align: justify;\">La vie devenant plus ch\u00e8re les traitements, les salaires devront \u00eatre augment\u00e9s \u00e0 leur tour.<\/p>\n<p style=\"text-align: justify;\">Les traitements et les salaires augmentant, la plupart des produits manufactur\u00e9s, les produits alimentaires, les transports, le chauffage, l&rsquo;\u00e9clairage sont irr\u00e9sistiblement entra\u00een\u00e9s dans un processus irr\u00e9versible conduisant \u00e0 de v\u00e9ritables d\u00e9sastres \u00e9conomiques.<\/p>\n<p style=\"text-align: justify;\">Ceux-ci entra\u00eenent d&rsquo;in\u00e9vitables r\u00e9percussions sociales de revendications, de graves, de troubles.<\/p>\n<p style=\"text-align: justify;\"><strong>L&rsquo;inflation consid\u00e9rable.<\/strong><\/p>\n<p style=\"text-align: justify;\">Les ann\u00e9es 1970 \u00e0 1974 nous d\u00e9montrent le bien fond\u00e9 de ce qui vient d&rsquo;\u00eatre expos\u00e9.<\/p>\n<p style=\"text-align: justify;\">Les monnaies \u00e9tant progressivement d\u00e9valu\u00e9es, les consommateurs tout en ayant l&rsquo;impression d&rsquo;avoir plus d&rsquo;argent, de b\u00e9n\u00e9ficier de salaires et de traitements plus \u00e9lev\u00e9s, pourront de moins en moins acqu\u00e9rir de marchandises, le pouvoir d&rsquo;achat des monnaies diminuant de semaines en semaines.<\/p>\n<p style=\"text-align: justify;\">Dans l&rsquo;\u00e9conomie actuelle, il n&rsquo;y a finalement aucun refuge certain pour quelque cat\u00e9gorie sociale que ce soit.<strong><br \/>\n<\/strong><\/p>\n<p style=\"text-align: justify;\"><strong>La phase de raret\u00e9 avait institu\u00e9 une \u00e9conomie bas\u00e9e sur le profit.<\/strong><\/p>\n<p style=\"text-align: justify;\">L&rsquo;\u00e9conomie de profit avec ses b\u00e9n\u00e9fices, ses rentes, ses traitements, ses salaires \u00e9tait une forme comptable qui pouvait vivre au cours de la phase de raret\u00e9 et de lenteur des si\u00e8cles pass\u00e9s. Cette phase est enti\u00e8rement d\u00e9pass\u00e9e.<\/p>\n<p style=\"text-align: justify;\"><strong>La phase d&rsquo;abondance th\u00e9orique o\u00f9 nous sommes exige non seulement une transformation mais une capitulation pure et simple des vieilles m\u00e9thodes.<\/strong><\/p>\n<p style=\"text-align: justify;\">Une \u00e9conomie nouvelle s&rsquo;impose dont l&rsquo;une des devises serait : <strong>produire pour consommer et non produire pour profiter.<\/strong><\/p>\n<p style=\"text-align: justify;\">Mais comment lib\u00e9rer l&rsquo;\u00e9conomie du profit qui pose tant de probl\u00e8mes ?<\/p>\n<p style=\"text-align: justify;\">Nous nous trouvons toujours devant la n\u00e9cessit\u00e9 d&rsquo;une transformation psychologique fondamentale de l&rsquo;\u00eatre humain consid\u00e9r\u00e9 en tant qu&rsquo;individu.<\/p>\n<p style=\"text-align: justify;\">Sans une prise de conscience de l&rsquo;impasse dans laquelle l&rsquo;\u00e9go\u00efsme l&rsquo;a conduit, aucune solution durable ne peut \u00eatre donn\u00e9e aux crises qui s\u00e9vissent \u00e0 tous les niveaux.<\/p>\n<p style=\"text-align: justify;\">Seule, une v\u00e9ritable mutation psychologique et spirituelle apportant une m\u00e9tamorphose totale de toutes les valeurs, peut r\u00e9soudre les difficult\u00e9s.<\/p>\n<p style=\"text-align: justify;\">De nombreux exemples historiques prouvent que les transformations de structures et d&rsquo;institutions sont inefficientes si, parall\u00e8lement, \u00e0 celle-ci des modifications psychologiques profondes ne se produisent pas dans l&rsquo;\u00eatre humain en tant qu&rsquo;individu.<\/p>\n<p style=\"text-align: justify;\">La destruction massive de produits, tels que bl\u00e9s, caf\u00e9s, viandes, l\u00e9gumes et fruits succulents, laits r\u00e9pandus dans les rivi\u00e8res tandis que des millions d&rsquo;\u00eatre humains meurent de faim, est un crime social monstrueux.<\/p>\n<p style=\"text-align: justify;\">Oui, ainsi que l&rsquo;avaient bien dit les pr\u00e9curseurs de l&rsquo;\u00e9conomie distributive, G. Valois et G. Rodrigue \u00ab le r\u00e9gime actuel produit l&rsquo;abondance mais distribue la mis\u00e8re \u00bb.<\/p>\n<p style=\"text-align: justify;\">Qu&rsquo;on le veuille ou non d&rsquo;ailleurs, le langage des faits actuels finit par obliger l&rsquo;adoption de nouveaux syst\u00e8mes d&rsquo;\u00e9changes rempla\u00e7ant les monnaies.<\/p>\n<p style=\"text-align: justify;\">Devant l&rsquo;ampleur du processus irr\u00e9versible de la d\u00e9valuation de toutes les monnaies du monde, les grands producteurs arabes du p\u00e9trole refusent d\u00e8s 1974 les paiements en monnaies quelles qu&rsquo;elles soient et exigent en remplacement de ces valeurs fictives, fragiles et incertaines soit de l&rsquo;or, soit des assistances techniques.<\/p>\n<p style=\"text-align: justify; padding-left: 360px;\">* * *<\/p>\n<p style=\"text-align: justify;\">Si les sp\u00e9cialistes de l&rsquo;\u00e9conomie, consentent enfin \u00e0 tirer du langage des faits actuels les le\u00e7ons qui s&rsquo;imposent et s&rsquo;orientent vers l&rsquo;\u00e9laboration de structures proches de l&rsquo;\u00e9conomie distributive il est \u00e9vident que la phase de transition entre les deux syst\u00e8mes \u00e9conomiques totalement oppos\u00e9s posera de nombreux et redoutables probl\u00e8mes.<\/p>\n<p style=\"text-align: justify;\">Parall\u00e8lement aux nouvelles structures \u00e9conomiques il est indispensable d&rsquo;\u00e9difier de nouvelles structures juridiques formulant les bases d&rsquo;un droit nouveau. Il n&rsquo;entre pas dans le cadre de ce modeste essai d&rsquo;exposer les grandes lignes de ce droit nouveau dont les principaux inspirateurs \u00e9taient G. Valois et G. Rodrigue ainsi que Jacques Duboin (1).<\/p>\n<p style=\"text-align: justify;\">Nous insistons particuli\u00e8rement sur le fait que les principes que nous exposons ici sont \u00e9nonc\u00e9s ind\u00e9pendamment de toute appartenance politique de gauche ou de droite.<\/p>\n<p style=\"text-align: justify;\">Parmi les lois nouvelles pr\u00e9sidant \u00e0 l&rsquo;\u00e9conomie naturelle nous citerons le point suivant : Tous les hommes de tous les peuples doivent \u00eatre coh\u00e9ritiers dans l&rsquo;indivision de tous les moyens de production et de toutes les mati\u00e8res premi\u00e8res n\u00e9cessaires \u00e0 la production.<\/p>\n<p style=\"text-align: justify; padding-left: 300px;\">* * *<\/p>\n<p style=\"text-align: justify;\">Quel serait le moteur fondamental de l&rsquo;Economie Naturelle ?<\/p>\n<p style=\"text-align: justify;\">Au cours de la phase de raret\u00e9 nous avons vu que ce moteur \u00e9tait le profit. Le profit est demeur\u00e9 le principal mobile de notre \u00e9conomie au cours de ce qui devait \u00eatre la phase d&rsquo;abondance.<\/p>\n<p style=\"text-align: justify;\">Dans l&rsquo;Economie Naturelle le seul moteur est<strong> le besoin r\u00e9el des consommateurs<\/strong>.<\/p>\n<p style=\"text-align: justify;\">En d\u00e9pit du caract\u00e8re simpliste de sa formulation, une v\u00e9rit\u00e9 essentielle est \u00e0 prendre en consid\u00e9ration : <strong>la seule puissance capable de faire fonctionner rationnellement les rouages de la machinerie industrielle est la somme des besoins individuels r\u00e9els de tous les consommateurs<\/strong>.<\/p>\n<p style=\"text-align: justify;\">Il suffit de s&rsquo;inspirer des exemples tr\u00e8s instructifs de la Nature mais afin d&rsquo;en tirer les le\u00e7ons qui s&rsquo;imposent il est pr\u00e9alablement n\u00e9cessaire d&rsquo;affranchir son esprit de tous les a priori, de toutes les valeurs, de tous les principes sacro-saints formul\u00e9s par les \u00ab grands experts \u00bb de l&rsquo;\u00e9conomie traditionnelle.<\/p>\n<p style=\"text-align: justify;\">L&rsquo;Economie Naturelle dont nous sugg\u00e9rons tr\u00e8s sch\u00e9matiquement certains aspects consiste en une transposition pure et simple des processus et des lois naturelles dans les domaines \u00e9conomiques et sociaux.<\/p>\n<p style=\"text-align: justify;\">Un c\u0153ur bat pour r\u00e9pondre aux besoins de la collectivit\u00e9 des organes formant le corps humain. C\u0153ur et organes sont dans une interd\u00e9pendance r\u00e9ciproque. L&rsquo;harmonie de chaque organe est li\u00e9e \u00e0 celle de tous les autres pris soit isol\u00e9ment soit collectivement.<\/p>\n<p style=\"text-align: justify;\">Le c\u0153ur, les appareils respiratoires et digestifs sont un peu aux cellules dans le corps humain, ce que sont les usines par rapport aux consommateurs individuels de notre soci\u00e9t\u00e9.<\/p>\n<p style=\"text-align: justify;\">Les probl\u00e8mes \u00e0 r\u00e9soudre consistent \u00e0 d\u00e9terminer quels sont, \u00e0 la base, les besoins r\u00e9els des individus, de les grouper, de les coordonner, de les satisfaire en \u00e9change de certificats de travail ou de production.<\/p>\n<p style=\"text-align: justify;\">Ceci implique la constitution de d\u00e9l\u00e9gu\u00e9s aux recensements des besoins r\u00e9els. Un vaste ensemble de structures et d&rsquo;organisations nouvelles sont \u00e0 fonder. Les partisans de l&rsquo;\u00e9conomie distributive en ont depuis longtemps \u00e9labor\u00e9 les bases th\u00e9oriques.<\/p>\n<p style=\"text-align: justify; padding-left: 300px;\">* * *<\/p>\n<p style=\"text-align: justify;\"><strong>N\u00e9cessit\u00e9 d&rsquo;un gouvernement mondial<\/strong><\/p>\n<p style=\"text-align: justify;\">Pour que \u00ab tous les individus de tous les peuples puissent b\u00e9n\u00e9ficier de l&rsquo;exploitation des moyens de production et des mati\u00e8res premi\u00e8res n\u00e9cessaires il faut abolir les nationalismes.<\/p>\n<p style=\"text-align: justify;\">Que les hommes le veuillent ou non les progr\u00e8s de la science et de la technique, le d\u00e9veloppement consid\u00e9rable des moyens de communication, les explorations interplan\u00e9taires nous obligent \u00e0 consid\u00e9rer le monde comme une unit\u00e9.<\/p>\n<p style=\"text-align: justify;\">Une communaut\u00e9 universelle existe dans les faits mais les vieilles id\u00e9es, les structures \u00e9conomiques, politiques et sociales d\u00e9su\u00e8tes s&rsquo;accrochent au pass\u00e9.<\/p>\n<p style=\"text-align: justify;\">Des \u00e9tats s&rsquo;arrogent ill\u00e9gitimement des privil\u00e8ges au nom de pr\u00e9tendues souverainet\u00e9s nationales dont les \u00e9v\u00e9nements proclament chaque jour davantage le caract\u00e8re ridicule.<\/p>\n<p style=\"text-align: justify;\">La suppression des guerres, de leurs cruaut\u00e9s d\u00e9pend de deux facteurs importants.<\/p>\n<p style=\"text-align: justify;\">D&rsquo;abord la transformation psychologique et spirituelle de l&rsquo;homme, cet \u00e9l\u00e9ment constitutif du monde, en sa qualit\u00e9 actuellement la plus agissante : l&rsquo;\u00e9go\u00efsme. Le chauvinisme national est une des expressions de cet \u00e9go\u00efsme, grossier ou subtil.<\/p>\n<p style=\"text-align: justify;\">Ensuite, et parall\u00e8lement \u00e0 cette transformation de profondeur une transformation imm\u00e9diate d&rsquo;une urgente n\u00e9cessit\u00e9: encouragement de la constitution d&rsquo;une conf\u00e9d\u00e9ration mondiale de peuples \u00e9tablissant un pouvoir l\u00e9gislatif charg\u00e9 de promulguer les lois mondiales. Ces lois seront interpr\u00e9t\u00e9es et contr\u00f4l\u00e9es par un pouvoir judiciaire. Elles seront mises en vigueur et appliqu\u00e9es par un pouvoir ex\u00e9cutif mondial.<\/p>\n<p style=\"text-align: justify;\">Constitution d&rsquo;un enseignement mondial apprenant aux enfants \u00e0 se consid\u00e9rer comme \u00ab citoyens du monde \u00bb et membres de la grande famille humaine en dehors de tout pr\u00e9jug\u00e9 de race, de couleur, de religion, de nationalit\u00e9.<\/p>\n<p style=\"text-align: justify;\">Rappelons enfin que parmi les signataires ou les sympathisants d&rsquo;une conf\u00e9d\u00e9ration mondiale nous relevons les noms d&rsquo;Albert Einstein, le Lord Beveridge, le Sir John Boyd Orr, d&rsquo;Albert Camus, de Gerhard Domagk, de Thomas Mann, de Jacques Maritain, de Yehudi Menuhin, du Pr\u00e9sident S. Radhakrishnan, de Daniel Rops, de L\u00e9opold Senghor, et cette rubrique est loin d&rsquo;\u00eatre limitative.<\/p>\n<p style=\"text-align: justify;\">(1) Jacques Duboin, \u00ab Demain \u00bb ou le socialisme de l&rsquo;abondance, \u00e9d. Ocia, 32 r. de Londres, Paris 9e, 1947.<\/p>\n","protected":false},"excerpt":{"rendered":"<p>La rapidit\u00e9 des rythmes \u00e9volutifs entraine de nombreux bouleversements parmi toutes les structures anciennes, et plus particuli\u00e8rement dans les structures \u00e9conomiques. Les d\u00e9fauts cach\u00e9s d&rsquo;une structure se r\u00e9v\u00e8lent de fa\u00e7on infiniment plus rapide et spectaculaire. Des erreurs qui, jadis \u00e9taient v\u00e9cues durant des si\u00e8cles avant que l&rsquo;homme prenne conscience de l&rsquo;\u00e9vidence de leur fausset\u00e9, se r\u00e9v\u00e8lent comme telles, actuellement, en quelques ann\u00e9es ou en quelques mois.<\/p>\n","protected":false},"author":1,"featured_media":0,"comment_status":"open","ping_status":"open","sticky":false,"template":"","format":"standard","meta":{"footnotes":""},"categories":[66],"tags":[],"class_list":["post-124","post","type-post","status-publish","format-standard","hentry","category-r-linssen"],"yoast_head":"<!-- This site is optimized with the Yoast SEO plugin v27.0 - https:\/\/yoast.com\/product\/yoast-seo-wordpress\/ -->\n<title>Bouleversements \u00e9conomiques et leurs solutions par Robert Linssen - 3e mill\u00e9naire - Spiritualit\u00e9 - Connaissance de soi - Non-dualit\u00e9 - M\u00e9ditation<\/title>\n<meta name=\"robots\" content=\"index, follow, max-snippet:-1, max-image-preview:large, max-video-preview:-1\" \/>\n<link rel=\"canonical\" href=\"https:\/\/www.revue3emillenaire.com\/blog\/bouleversements-conomiques-et-leurs-solutions-par-robert-linssen\/\" \/>\n<meta property=\"og:locale\" content=\"fr_FR\" \/>\n<meta property=\"og:type\" content=\"article\" \/>\n<meta property=\"og:title\" content=\"Bouleversements \u00e9conomiques et leurs solutions par Robert Linssen - 3e mill\u00e9naire - Spiritualit\u00e9 - Connaissance de soi - Non-dualit\u00e9 - M\u00e9ditation\" \/>\n<meta property=\"og:description\" content=\"La rapidit\u00e9 des rythmes \u00e9volutifs entraine de nombreux bouleversements parmi toutes les structures anciennes, et plus particuli\u00e8rement dans les structures \u00e9conomiques. Les d\u00e9fauts cach\u00e9s d&#039;une structure se r\u00e9v\u00e8lent de fa\u00e7on infiniment plus rapide et spectaculaire. Des erreurs qui, jadis \u00e9taient v\u00e9cues durant des si\u00e8cles avant que l&#039;homme prenne conscience de l&#039;\u00e9vidence de leur fausset\u00e9, se r\u00e9v\u00e8lent comme telles, actuellement, en quelques ann\u00e9es ou en quelques mois.\" \/>\n<meta property=\"og:url\" content=\"https:\/\/www.revue3emillenaire.com\/blog\/bouleversements-conomiques-et-leurs-solutions-par-robert-linssen\/\" \/>\n<meta property=\"og:site_name\" content=\"3e mill\u00e9naire - Spiritualit\u00e9 - Connaissance de soi - Non-dualit\u00e9 - M\u00e9ditation\" \/>\n<meta property=\"article:published_time\" content=\"2008-09-19T00:00:00+00:00\" \/>\n<meta property=\"article:modified_time\" content=\"2011-09-18T12:14:30+00:00\" \/>\n<meta name=\"author\" content=\"3e mill\u00e9naire\" \/>\n<meta name=\"twitter:card\" content=\"summary_large_image\" \/>\n<meta name=\"twitter:label1\" content=\"\u00c9crit par\" \/>\n\t<meta name=\"twitter:data1\" content=\"3e mill\u00e9naire\" \/>\n\t<meta name=\"twitter:label2\" content=\"Dur\u00e9e de lecture estim\u00e9e\" \/>\n\t<meta name=\"twitter:data2\" content=\"16 minutes\" \/>\n<script type=\"application\/ld+json\" class=\"yoast-schema-graph\">{\"@context\":\"https:\/\/schema.org\",\"@graph\":[{\"@type\":\"Article\",\"@id\":\"https:\/\/www.revue3emillenaire.com\/blog\/bouleversements-conomiques-et-leurs-solutions-par-robert-linssen\/#article\",\"isPartOf\":{\"@id\":\"https:\/\/www.revue3emillenaire.com\/blog\/bouleversements-conomiques-et-leurs-solutions-par-robert-linssen\/\"},\"author\":{\"name\":\"3e mill\u00e9naire\",\"@id\":\"https:\/\/www.revue3emillenaire.com\/blog\/#\/schema\/person\/9a3a7cc4ccaa707f402d4394327106d5\"},\"headline\":\"Bouleversements \u00e9conomiques et leurs solutions par Robert Linssen\",\"datePublished\":\"2008-09-19T00:00:00+00:00\",\"dateModified\":\"2011-09-18T12:14:30+00:00\",\"mainEntityOfPage\":{\"@id\":\"https:\/\/www.revue3emillenaire.com\/blog\/bouleversements-conomiques-et-leurs-solutions-par-robert-linssen\/\"},\"wordCount\":3129,\"commentCount\":0,\"articleSection\":[\"Linssen Robert\"],\"inLanguage\":\"fr-FR\",\"potentialAction\":[{\"@type\":\"CommentAction\",\"name\":\"Comment\",\"target\":[\"https:\/\/www.revue3emillenaire.com\/blog\/bouleversements-conomiques-et-leurs-solutions-par-robert-linssen\/#respond\"]}]},{\"@type\":\"WebPage\",\"@id\":\"https:\/\/www.revue3emillenaire.com\/blog\/bouleversements-conomiques-et-leurs-solutions-par-robert-linssen\/\",\"url\":\"https:\/\/www.revue3emillenaire.com\/blog\/bouleversements-conomiques-et-leurs-solutions-par-robert-linssen\/\",\"name\":\"Bouleversements \u00e9conomiques et leurs solutions par Robert Linssen - 3e mill\u00e9naire - Spiritualit\u00e9 - Connaissance de soi - Non-dualit\u00e9 - M\u00e9ditation\",\"isPartOf\":{\"@id\":\"https:\/\/www.revue3emillenaire.com\/blog\/#website\"},\"datePublished\":\"2008-09-19T00:00:00+00:00\",\"dateModified\":\"2011-09-18T12:14:30+00:00\",\"author\":{\"@id\":\"https:\/\/www.revue3emillenaire.com\/blog\/#\/schema\/person\/9a3a7cc4ccaa707f402d4394327106d5\"},\"breadcrumb\":{\"@id\":\"https:\/\/www.revue3emillenaire.com\/blog\/bouleversements-conomiques-et-leurs-solutions-par-robert-linssen\/#breadcrumb\"},\"inLanguage\":\"fr-FR\",\"potentialAction\":[{\"@type\":\"ReadAction\",\"target\":[\"https:\/\/www.revue3emillenaire.com\/blog\/bouleversements-conomiques-et-leurs-solutions-par-robert-linssen\/\"]}]},{\"@type\":\"BreadcrumbList\",\"@id\":\"https:\/\/www.revue3emillenaire.com\/blog\/bouleversements-conomiques-et-leurs-solutions-par-robert-linssen\/#breadcrumb\",\"itemListElement\":[{\"@type\":\"ListItem\",\"position\":1,\"name\":\"Accueil\",\"item\":\"https:\/\/www.revue3emillenaire.com\/blog\/\"},{\"@type\":\"ListItem\",\"position\":2,\"name\":\"Bouleversements \u00e9conomiques et leurs solutions par Robert Linssen\"}]},{\"@type\":\"WebSite\",\"@id\":\"https:\/\/www.revue3emillenaire.com\/blog\/#website\",\"url\":\"https:\/\/www.revue3emillenaire.com\/blog\/\",\"name\":\"3e mill\u00e9naire - Spiritualit\u00e9 - Connaissance de soi - Non-dualit\u00e9 - M\u00e9ditation\",\"description\":\"L&#039;Homme en devenir\",\"potentialAction\":[{\"@type\":\"SearchAction\",\"target\":{\"@type\":\"EntryPoint\",\"urlTemplate\":\"https:\/\/www.revue3emillenaire.com\/blog\/?s={search_term_string}\"},\"query-input\":{\"@type\":\"PropertyValueSpecification\",\"valueRequired\":true,\"valueName\":\"search_term_string\"}}],\"inLanguage\":\"fr-FR\"},{\"@type\":\"Person\",\"@id\":\"https:\/\/www.revue3emillenaire.com\/blog\/#\/schema\/person\/9a3a7cc4ccaa707f402d4394327106d5\",\"name\":\"3e mill\u00e9naire\",\"url\":\"https:\/\/www.revue3emillenaire.com\/blog\/author\/admin\/\"}]}<\/script>\n<!-- \/ Yoast SEO plugin. -->","yoast_head_json":{"title":"Bouleversements \u00e9conomiques et leurs solutions par Robert Linssen - 3e mill\u00e9naire - Spiritualit\u00e9 - Connaissance de soi - Non-dualit\u00e9 - M\u00e9ditation","robots":{"index":"index","follow":"follow","max-snippet":"max-snippet:-1","max-image-preview":"max-image-preview:large","max-video-preview":"max-video-preview:-1"},"canonical":"https:\/\/www.revue3emillenaire.com\/blog\/bouleversements-conomiques-et-leurs-solutions-par-robert-linssen\/","og_locale":"fr_FR","og_type":"article","og_title":"Bouleversements \u00e9conomiques et leurs solutions par Robert Linssen - 3e mill\u00e9naire - Spiritualit\u00e9 - Connaissance de soi - Non-dualit\u00e9 - M\u00e9ditation","og_description":"La rapidit\u00e9 des rythmes \u00e9volutifs entraine de nombreux bouleversements parmi toutes les structures anciennes, et plus particuli\u00e8rement dans les structures \u00e9conomiques. Les d\u00e9fauts cach\u00e9s d'une structure se r\u00e9v\u00e8lent de fa\u00e7on infiniment plus rapide et spectaculaire. Des erreurs qui, jadis \u00e9taient v\u00e9cues durant des si\u00e8cles avant que l'homme prenne conscience de l'\u00e9vidence de leur fausset\u00e9, se r\u00e9v\u00e8lent comme telles, actuellement, en quelques ann\u00e9es ou en quelques mois.","og_url":"https:\/\/www.revue3emillenaire.com\/blog\/bouleversements-conomiques-et-leurs-solutions-par-robert-linssen\/","og_site_name":"3e mill\u00e9naire - Spiritualit\u00e9 - Connaissance de soi - Non-dualit\u00e9 - M\u00e9ditation","article_published_time":"2008-09-19T00:00:00+00:00","article_modified_time":"2011-09-18T12:14:30+00:00","author":"3e mill\u00e9naire","twitter_card":"summary_large_image","twitter_misc":{"\u00c9crit par":"3e mill\u00e9naire","Dur\u00e9e de lecture estim\u00e9e":"16 minutes"},"schema":{"@context":"https:\/\/schema.org","@graph":[{"@type":"Article","@id":"https:\/\/www.revue3emillenaire.com\/blog\/bouleversements-conomiques-et-leurs-solutions-par-robert-linssen\/#article","isPartOf":{"@id":"https:\/\/www.revue3emillenaire.com\/blog\/bouleversements-conomiques-et-leurs-solutions-par-robert-linssen\/"},"author":{"name":"3e mill\u00e9naire","@id":"https:\/\/www.revue3emillenaire.com\/blog\/#\/schema\/person\/9a3a7cc4ccaa707f402d4394327106d5"},"headline":"Bouleversements \u00e9conomiques et leurs solutions par Robert Linssen","datePublished":"2008-09-19T00:00:00+00:00","dateModified":"2011-09-18T12:14:30+00:00","mainEntityOfPage":{"@id":"https:\/\/www.revue3emillenaire.com\/blog\/bouleversements-conomiques-et-leurs-solutions-par-robert-linssen\/"},"wordCount":3129,"commentCount":0,"articleSection":["Linssen Robert"],"inLanguage":"fr-FR","potentialAction":[{"@type":"CommentAction","name":"Comment","target":["https:\/\/www.revue3emillenaire.com\/blog\/bouleversements-conomiques-et-leurs-solutions-par-robert-linssen\/#respond"]}]},{"@type":"WebPage","@id":"https:\/\/www.revue3emillenaire.com\/blog\/bouleversements-conomiques-et-leurs-solutions-par-robert-linssen\/","url":"https:\/\/www.revue3emillenaire.com\/blog\/bouleversements-conomiques-et-leurs-solutions-par-robert-linssen\/","name":"Bouleversements \u00e9conomiques et leurs solutions par Robert Linssen - 3e mill\u00e9naire - Spiritualit\u00e9 - Connaissance de soi - Non-dualit\u00e9 - M\u00e9ditation","isPartOf":{"@id":"https:\/\/www.revue3emillenaire.com\/blog\/#website"},"datePublished":"2008-09-19T00:00:00+00:00","dateModified":"2011-09-18T12:14:30+00:00","author":{"@id":"https:\/\/www.revue3emillenaire.com\/blog\/#\/schema\/person\/9a3a7cc4ccaa707f402d4394327106d5"},"breadcrumb":{"@id":"https:\/\/www.revue3emillenaire.com\/blog\/bouleversements-conomiques-et-leurs-solutions-par-robert-linssen\/#breadcrumb"},"inLanguage":"fr-FR","potentialAction":[{"@type":"ReadAction","target":["https:\/\/www.revue3emillenaire.com\/blog\/bouleversements-conomiques-et-leurs-solutions-par-robert-linssen\/"]}]},{"@type":"BreadcrumbList","@id":"https:\/\/www.revue3emillenaire.com\/blog\/bouleversements-conomiques-et-leurs-solutions-par-robert-linssen\/#breadcrumb","itemListElement":[{"@type":"ListItem","position":1,"name":"Accueil","item":"https:\/\/www.revue3emillenaire.com\/blog\/"},{"@type":"ListItem","position":2,"name":"Bouleversements \u00e9conomiques et leurs solutions par Robert Linssen"}]},{"@type":"WebSite","@id":"https:\/\/www.revue3emillenaire.com\/blog\/#website","url":"https:\/\/www.revue3emillenaire.com\/blog\/","name":"3e mill\u00e9naire - Spiritualit\u00e9 - Connaissance de soi - Non-dualit\u00e9 - M\u00e9ditation","description":"L&#039;Homme en devenir","potentialAction":[{"@type":"SearchAction","target":{"@type":"EntryPoint","urlTemplate":"https:\/\/www.revue3emillenaire.com\/blog\/?s={search_term_string}"},"query-input":{"@type":"PropertyValueSpecification","valueRequired":true,"valueName":"search_term_string"}}],"inLanguage":"fr-FR"},{"@type":"Person","@id":"https:\/\/www.revue3emillenaire.com\/blog\/#\/schema\/person\/9a3a7cc4ccaa707f402d4394327106d5","name":"3e mill\u00e9naire","url":"https:\/\/www.revue3emillenaire.com\/blog\/author\/admin\/"}]}},"_links":{"self":[{"href":"https:\/\/www.revue3emillenaire.com\/blog\/wp-json\/wp\/v2\/posts\/124","targetHints":{"allow":["GET"]}}],"collection":[{"href":"https:\/\/www.revue3emillenaire.com\/blog\/wp-json\/wp\/v2\/posts"}],"about":[{"href":"https:\/\/www.revue3emillenaire.com\/blog\/wp-json\/wp\/v2\/types\/post"}],"author":[{"embeddable":true,"href":"https:\/\/www.revue3emillenaire.com\/blog\/wp-json\/wp\/v2\/users\/1"}],"replies":[{"embeddable":true,"href":"https:\/\/www.revue3emillenaire.com\/blog\/wp-json\/wp\/v2\/comments?post=124"}],"version-history":[{"count":0,"href":"https:\/\/www.revue3emillenaire.com\/blog\/wp-json\/wp\/v2\/posts\/124\/revisions"}],"wp:attachment":[{"href":"https:\/\/www.revue3emillenaire.com\/blog\/wp-json\/wp\/v2\/media?parent=124"}],"wp:term":[{"taxonomy":"category","embeddable":true,"href":"https:\/\/www.revue3emillenaire.com\/blog\/wp-json\/wp\/v2\/categories?post=124"},{"taxonomy":"post_tag","embeddable":true,"href":"https:\/\/www.revue3emillenaire.com\/blog\/wp-json\/wp\/v2\/tags?post=124"}],"curies":[{"name":"wp","href":"https:\/\/api.w.org\/{rel}","templated":true}]}}