{"id":12705,"date":"2012-12-31T16:04:05","date_gmt":"2012-12-31T15:04:05","guid":{"rendered":"http:\/\/www.revue3emillenaire.com\/blog\/?p=12705"},"modified":"2012-12-31T16:04:05","modified_gmt":"2012-12-31T15:04:05","slug":"detranges-experiences-voyages-conscients-hors-du-corps-par-jeanne-guesnee","status":"publish","type":"post","link":"https:\/\/www.revue3emillenaire.com\/blog\/detranges-experiences-voyages-conscients-hors-du-corps-par-jeanne-guesnee\/","title":{"rendered":"D&rsquo;\u00e9tranges exp\u00e9riences (voyages conscients hors du corps) par Jeanne Guesn\u00e9e"},"content":{"rendered":"<p style=\"text-align: justify;\">(Revue 3<sup>e<\/sup>\u00a0 Mill\u00e9naire \u2013 ancienne s\u00e9rie. N<sup>o<\/sup> 9. Juillet-Ao\u00fbt 1983)<\/p>\n<p style=\"text-align: justify;\"><em>Extrait d&rsquo;une lettre \u00e0 3e Mill\u00e9naire<\/em><\/p>\n<p>J&rsquo;appr\u00e9cie vivement votre revue pour sa recherche objective de la V\u00e9rit\u00e9 jusqu&rsquo;aux fronti\u00e8res actuelles de la Connaissance. Peut-\u00eatre serez-vous int\u00e9ress\u00e9 par le caract\u00e8re insolite de ma d\u00e9marche personnelle, compl\u00e8tement d\u00e9nu\u00e9e de toute r\u00e9sonance religieuse, occulte ou surnaturelle ? Je l&rsquo;ai relat\u00e9e il y a quelques ann\u00e9es dans un ouvrage : <em>le Grand Passage<\/em> aux \u00c9ditions Le Courrier du livre. Elle fut pr\u00e9fac\u00e9e par le physicien Jean E. Charon. J&rsquo;ai r\u00e9dig\u00e9 un ouvrage plus important et plus approfondi recelant l&rsquo;essence m\u00eame de ma recherche du R\u00e9el qui a pour titre <em>La Conscience d\u2019\u00catre, Ici et Maintenant<\/em> aux \u00c9ditions Arista.<\/p>\n<p style=\"text-align: justify;\">Une question s&rsquo;est toujours pos\u00e9e \u00e0 mon esprit avec une grande acuit\u00e9 : celle de la mort. Qu&rsquo;est-ce que la mort ? et, par voie de cons\u00e9quence, qu&rsquo;est-ce que la vie ? QUI SUIS-JE ? Un intense besoin de comprendre me poussa irr\u00e9sistiblement \u00e0 tenter l&rsquo;effort insolite et dangereux de me s\u00e9parer de mon corps, afin de savoir par moi-m\u00eame si la vie cessait hors de lui. Je r\u00e9ussis apr\u00e8s treize mois d&rsquo;efforts quotidiens \u00e0 le quitter sans que ma conscience d&rsquo;exister soit interrompue.<\/p>\n<p style=\"text-align: justify;\">L&rsquo;exp\u00e9rience est un fait, le raisonnement en est un autre. Le raisonnement est incompatible avec une certaine forme de r\u00e9alit\u00e9 que l&rsquo;exp\u00e9rience me fit d\u00e9couvrir. Exp\u00e9rience qui se d\u00e9robe \u00e0 toute formulation pr\u00e9cise, puisque je dois me servir de termes exclusivement sensoriels pour la traduire verbalement. Il est certain qu&rsquo;a priori cela para\u00eet incroyable, je ne cherche nullement \u00e0 convaincre qui que ce soit. Je vous livre certaines constatations fondamentales que j&rsquo;ai pu effectuer avec la plus grande lucidit\u00e9, en dehors de mon organisme physique. Il n&rsquo;est absolument pas question ici de technique hypnotique, d&rsquo;autosuggestion ou d&rsquo;extase m\u00e9diumnique ressemblant de pr\u00e8s ou de loin aux pratiques de soi-disant yogas ou syst\u00e8mes de m\u00e9ditations qui prolif\u00e8rent \u00e0 notre \u00e9poque. C&rsquo;est au contraire une lucidit\u00e9 et une conscience accrues en dehors de toute imagination. J&rsquo;ajoute que mon entourage imm\u00e9diat et mes nombreux amis s&rsquo;accordent \u00e0 me reconna\u00eetre un bon \u00e9quilibre psychologique.<\/p>\n<p style=\"text-align: justify;\">Ces exp\u00e9riences r\u00e9clament une parfaite neutralit\u00e9 \u00e9motive et mentale associ\u00e9e \u00e0 une facult\u00e9 aigu\u00eb d&rsquo;observation. Ce que j&rsquo;appelle une ATTENTION CONSCIENTE. Elles m&rsquo;ont apport\u00e9 la certitude que la Vie EST, et que ma petite existence au niveau du quotidien est un fragment dans le temps et l&rsquo;espace de la grande VIE UNIVERSELLE, que d&rsquo;autres sans doute appellent Dieu&#8230; La diff\u00e9rence ne se situe qu&rsquo;au niveau de la traduction verbale.<\/p>\n<p style=\"text-align: justify;\">Je ne pr\u00e9tends pas avoir fait l&rsquo;exp\u00e9rience de la mort. J&rsquo;ai fait l&rsquo;exp\u00e9rience de quitter mon corps \u00e0 plusieurs reprises volontairement et consciemment. Je me suis sentie exister hors de lui, restant tout pr\u00e8s et le voyant, le touchant, ou au contraire m&rsquo;en \u00e9loignant \u00e0 de grandes distances et le r\u00e9int\u00e9grant sans interruption de conscience, en toute lucidit\u00e9. Il est certain qu&rsquo;il s&rsquo;agit de l&rsquo;acte le plus extraordinaire qui puisse \u00eatre v\u00e9cu par un \u00eatre humain. De toute \u00e9vidence, il faut poss\u00e9der un grand calme, beaucoup de bon sens et un esprit critique qui observe au maximum avec l&rsquo;impartialit\u00e9 et l&rsquo;objectivit\u00e9 du chercheur scientifique. Je vous livre mon ultime certitude : rien n&rsquo;est termin\u00e9 hors du corps.<\/p>\n<p style=\"text-align: justify;\">Une assez longue pratique se r\u00e9v\u00e8le indispensable pour acqu\u00e9rir un minimum de contr\u00f4le sur ce qui se passe. La premi\u00e8re condition est d&rsquo;\u00eatre tr\u00e8s \u00e9veill\u00e9 et intens\u00e9ment lucide au moment o\u00f9 s&rsquo;op\u00e8re la s\u00e9paration. Il est certain qu&rsquo;il s&rsquo;agit d&rsquo;exister dans un espace-temps diff\u00e9rent de celui qui nous est familier, car la sensation d&rsquo;\u00eatre vivant et conscient est tr\u00e8s sup\u00e9rieure \u00e0 celle ressentie dans l&rsquo;\u00e9tat de veille quotidien.<\/p>\n<p style=\"text-align: justify;\">Une constatation s&rsquo;av\u00e8re fondamentale dans ce nouvel \u00e9tat de l\u2019\u00catre : la moindre pens\u00e9e s&rsquo;actualise instantan\u00e9ment. C&rsquo;est-\u00e0-dire que si vous pensez \u00ab chat \u00bb, le chat est l\u00e0, \u00ab rose \u00bb, la rose est l\u00e0, mais si vous pensez \u00ab lion, serpent \u00bb, le lion, le serpent sont l\u00e0 \u00e9galement avec une r\u00e9alit\u00e9 impressionnante. Je vous laisse imaginer quelles terreurs, quelles paniques en d\u00e9coulent&#8230; Vous mettez tr\u00e8s longtemps \u00e0 comprendre que ces choses et ces cr\u00e9atures que vous voyez avec tant d&rsquo;intensit\u00e9 sont des cr\u00e9ations de votre esprit, et qu&rsquo;en dehors de lui qui les fait appara\u00eetre, elles n&rsquo;ont pas d&rsquo;existence r\u00e9elle. Il me fallut dix ann\u00e9es d&rsquo;exp\u00e9riences r\u00e9p\u00e9t\u00e9es (toujours accompagn\u00e9es d&rsquo;une peur extr\u00eame \u00e0 l&rsquo;instant crucial de la s\u00e9paration), pour que cette r\u00e9alit\u00e9 de la Pens\u00e9e cr\u00e9atrice s&rsquo;impose \u00e0 ma conscience hors du corps, me lib\u00e9rant de ses cr\u00e9ations.<\/p>\n<p style=\"text-align: center;\" align=\"center\"><em>\u00ab Tu es la Vie&#8230; \u00bb<\/em><\/p>\n<p style=\"text-align: justify;\">Je n&rsquo;ai nullement l&rsquo;intention de vous engager \u00e0 m&rsquo;imiter, car il existe un r\u00e9el danger pour le cerveau et pour le c\u0153ur, qui peuvent tr\u00e8s bien ne pas r\u00e9sister au choc tr\u00e8s rude de la s\u00e9paration et surtout du retour. Il s&rsquo;agit l\u00e0 d&rsquo;un acte que je qualifie d&rsquo;antinaturel et qui comporte de grands risques ; seul mon intense d\u00e9sir de conna\u00eetre en la vivant cette possibilit\u00e9 justifie pour moi le fait de les avoir assum\u00e9s. Par exemple, il m&rsquo;arriva plusieurs fois de r\u00e9int\u00e9grer mon corps sans pouvoir r\u00e9tablir avec lui le moindre contact. Je m&rsquo;\u00e9prouvais bien vivante \u00e0 l&rsquo;int\u00e9rieur de lui, mais tel un cadavre il demeurait inerte. La premi\u00e8re fois que cela se produisit, je pensai vraiment que ma vie habituelle \u00e9tait termin\u00e9e et j&rsquo;acceptai ma mort. Aussit\u00f4t, une pens\u00e9e fulgurante s&rsquo;imposa \u00e0 ma compr\u00e9hension : \u00ab Tu ne peux pas mourir, tu es la Vie&#8230; \u00bb Instantan\u00e9ment, mes paupi\u00e8res s&rsquo;ouvrirent, mes membres s&rsquo;anim\u00e8rent, le contact \u00e9tait r\u00e9tabli. Souvent, je fus entra\u00een\u00e9e \u00e0 des vitesses vertigineuses, sans possibilit\u00e9 de contr\u00f4le sur la direction, avec des chutes verticales effrayantes dans un vide obscur; ou au contraire des envol\u00e9es en spirales \u00e0 travers des espaces lumineux, et cent autres choses encore&#8230;<\/p>\n<p style=\"text-align: justify;\">Toutefois, ces exp\u00e9riences, m&rsquo;ayant apport\u00e9 la preuve d&rsquo;une Vie Universelle omnipr\u00e9sente, me r\u00e9v\u00e9l\u00e8rent aussi l&rsquo;absence pour moi d&rsquo;une v\u00e9ritable autonomie et m&rsquo;inspir\u00e8rent une longue et profonde r\u00e9flexion sur notre condition humaine.<\/p>\n<p style=\"text-align: justify;\">Je compris qu&rsquo;\u00e0 ma vie, on peut tout faire. On peut la briser, l&rsquo;amoindrir, la mutiler, mais \u00e0 LA VIE dans ma vie on ne peut rien. Elle est invuln\u00e9rable, elle est ant\u00e9rieure \u00e0 moi, elle sera toujours alors que j&rsquo;aurai disparu. Je pense que la Vie est continue dans son Universalit\u00e9, et discontinue dans ses manifestations. D\u00e8s qu&rsquo;un corps est en ordre de marche, la vie est l\u00e0 qui l&rsquo;anime. Nous naissons avec chaque enfant qui vient au monde, nous mourons avec chacun d&rsquo;entre nous lorsque la vie se retire de son enveloppe corporelle, \u00e0 la mani\u00e8re du courant \u00e9lectrique dans l&rsquo;ampoule br\u00fbl\u00e9e. La naissance est un moment de la vie, la mort en est un autre. Entre les deux s&rsquo;\u00e9coule l&rsquo;existence fragmentaire d&rsquo;une entit\u00e9 temporaire.<\/p>\n<p style=\"text-align: justify;\">La certitude la plus indubitable de mes exp\u00e9riences hors du corps est que la vie de ma conscience continuait de fonctionner sur un rythme d&rsquo;une intensit\u00e9 tr\u00e8s sup\u00e9rieure \u00e0 celui de la vie quotidienne, un peu comme un appareil branch\u00e9 sur du courant 110 volts passant soudain sur du 220 volts sans exploser.<\/p>\n<p style=\"text-align: justify;\">Puis j&rsquo;acquis l&rsquo;\u00e9vidence que tout ce qui est \u00ab concevable \u00bb existe dans cette ou ces nouvelles dimensions de la conscience, car, je le r\u00e9p\u00e8te avec insistance, la pens\u00e9e s&rsquo;y actualise instantan\u00e9ment. C&rsquo;est le monde des dynamismes, des champs de force. La cr\u00e9ation y est mentale et s&rsquo;accomplit ensuite mat\u00e9riellement dans notre monde physique, selon l&rsquo;intensit\u00e9 de l&rsquo;\u00e9nergie initiale mise en action. Il s&rsquo;agit en fait d&rsquo;un \u00ab \u00e9tat \u00bb de la vie, origine et source des id\u00e9es manifest\u00e9es en images. Je compris instantan\u00e9ment que les \u00e9v\u00e9nements de notre vie quotidienne sont des \u00ab pens\u00e9es en cours de r\u00e9alisation \u00bb. Or les visionnaires, les proph\u00e8tes, les m\u00e9diums ont acc\u00e8s, \u00e0 des niveaux diff\u00e9rents, \u00e0 ce champ de force cr\u00e9ateur d&rsquo;images. Ils ne mentent, ni n&rsquo;affabulent (du moins ceux qui sont honn\u00eates avec eux-m\u00eames) avec les r\u00e9cits qu&rsquo;ils donnent. Mais ils ignorent qu&rsquo;ils ne voient chaque fois \u00ab qu&rsquo;un \u00bb possible entre l&rsquo;immense diversit\u00e9 des possibles que rec\u00e8le ce champ cr\u00e9ateur d&rsquo;images.<\/p>\n<p style=\"text-align: center;\" align=\"center\"><em>L&rsquo;impact de millions d&rsquo;\u00eatres<\/em><\/p>\n<p style=\"text-align: justify;\">Je ne discute pas la traduction plus ou moins s\u00e9rieuse des proph\u00e9ties qui nous sont rapport\u00e9es, le r\u00e9cit plus ou moins objectif des visions ; l\u00e0 n&rsquo;est pas mon propos, mais je suis effray\u00e9e de leurs cons\u00e9quences implicites. Par la gr\u00e2ce des m\u00e9dia, par l&rsquo;offensive publicitaire qui leur est consacr\u00e9e, par leur traduction en sept ou huit langues, les images qu&rsquo;elles sugg\u00e8rent dans un avenir imm\u00e9diat \u00e0 court terme d&rsquo;un avenir assez terrifiant envahissent les cryptes des subconscients qu&rsquo;elles investissent dangereusement. Echappant ainsi aux parapets intellectuels de la logique propre aux sciences exactes, elles ont tout loisir de construire l&rsquo;avenir en l&rsquo;orientant dans le sens de la proph\u00e9tie.<\/p>\n<p style=\"text-align: justify;\">Un homme, dix hommes, cent hommes, c&rsquo;est peu. Mais songez au fabuleux impact de dizaines de millions d&rsquo;hommes dont les pens\u00e9es concr\u00e9tisent la m\u00eame vision ?<\/p>\n<p style=\"text-align: justify;\">C&rsquo;est une force cr\u00e9atrice redoutable d\u00e8s lors qu&rsquo;elle passe un certain seuil&#8230; Deux facteurs entrent en jeu : la quantit\u00e9 et la qualit\u00e9 de l&rsquo;\u00e9nergie mise en action, c&rsquo;est-\u00e0-dire le voltage et la fr\u00e9quence. Pour ce qui est du voltage, je pense que la violence inh\u00e9rente \u00e0 nos soci\u00e9t\u00e9s actuelles parle d&rsquo;elle-m\u00eame&#8230; Il est temps de prendre conscience de ce danger dont nous menacent nos imaginations inconscientes nourries par cette programmation fantastique. L&rsquo;esprit humain est UN et cr\u00e9ateur du pire comme du meilleur. Nos exp\u00e9riences ant\u00e9rieures ont d\u00e9termin\u00e9 nos structures mentales qui projettent leurs chim\u00e8res sur l&rsquo;\u00e9cran de notre conscient. Mes exp\u00e9riences d&rsquo;outre-corps me montr\u00e8rent que lorsque nous voulons modifier les \u00e9v\u00e9nements nous nous trouvons dans la situation d&rsquo;une personne qui, se regardant dans un miroir et se d\u00e9couvrant une tache sur le front, cherche \u00e0 l&rsquo;enlever en frottant le miroir avec son mouchoir. Au niveau de l&rsquo;actualisation physique, il est trop tard. Ce n&rsquo;est pas une question de chronologie, mais d&rsquo;intensit\u00e9 de la conscience pr\u00e9sente.<\/p>\n<p style=\"text-align: justify;\">Je dus renouveler ces exp\u00e9riences transdimensionnelles durant plusieurs ann\u00e9es avant d&rsquo;en tirer certaines d\u00e9ductions fort pertinentes. Par exemple ceci : il faut \u00e0 l&rsquo;organisme humain deux \u00e0 cinq heures pour dig\u00e9rer la nourriture prise au cours d&rsquo;un repas. Celle-ci est alors transform\u00e9e en \u00e9nergie assimilable par notre sang et nos cellules. Elle appartient ensuite \u00e0 notre corps tout entier. Analogiquement, il faut parfois une heure, un an, ou dix ans ou vingt ans de la vie du corps pour assimiler une id\u00e9e sous forme de certitude, c&rsquo;est-\u00e0-dire poss\u00e9der dans son principe conscient qui s&rsquo;en nourrit l&rsquo;\u00e9nergie qu&rsquo;elle renferme. Il faut sans doute le temps d&rsquo;une vie humaine pour que l&rsquo;id\u00e9e \u00ab conscience-connaissance-unit\u00e9 \u00bb se convertisse en notre \u00catre et nous \u00e9veille \u00e0 son \u00e9vidence.<\/p>\n<p style=\"text-align: justify;\">Je compris en le vivant qu&rsquo;il importe peu \u00e0 la Vie d&rsquo;animer le corps d&rsquo;un Grand de ce monde ou celui d&rsquo;un paria. Elle est en lui pour le \u00ab travailler \u00bb, comme on baratte la cr\u00e8me pour en faire du beurre. Elle l&rsquo;\u00e9crase, le p\u00e9trit, le malaxe, le distille afin d&rsquo;en faire jaillir la Conscience.<\/p>\n<p style=\"text-align: justify;\">Les \u00e9v\u00e9nements tragiques de l&rsquo;existence, les chocs \u00e9motionnels, les traumatismes physiques, l&rsquo;inspiration artistique, un sentiment d&rsquo;amour d\u00e8s lors qu&rsquo;il atteint un certain niveau sont les outils que la Vie emploie pour obtenir cet \u00e9veil de la Conscience dans la relative inertie de la mati\u00e8re organique, afin de rendre cette mati\u00e8re accessible \u00e0 une nouvelle fr\u00e9quence vibratoire. Dans la connaissance que m&rsquo;offrent mes exp\u00e9riences, je d\u00e9couvre un ordre de plus en plus rigoureux. L&rsquo;\u00e9nergie qui m&rsquo;anime et qui me constitue ob\u00e9it \u00e0 des lois tr\u00e8s pr\u00e9cises. Dans les \u00e9tats \u00e0 forte densit\u00e9 de mati\u00e8re, je me d\u00e9place p\u00e9niblement, alors que dans ceux de moindre densit\u00e9, les d\u00e9placements sont pour ainsi dire instantan\u00e9s. L&rsquo;intensit\u00e9 d&rsquo;\u00e9nergie correspond toujours \u00e0 une luminosit\u00e9 accrue de l&rsquo;atmosph\u00e8re parcourue, et \u00e0 une pl\u00e9nitude qui n&rsquo;a pas de poids, \u00e9prouv\u00e9es dans une sensation impersonnelle de bonheur.<\/p>\n<p style=\"text-align: justify;\">Mon \u00e9tat int\u00e9rieur cr\u00e9e l&rsquo;environnement dont il est ins\u00e9parable, car il est le noyau dans le fruit et ensemble ils croissent&#8230; \u00e9clairant d&rsquo;un jour nouveau les paroles de l&rsquo;\u00c9vangile : \u00ab Cro\u00eetre et Multiplier \u00bb.<\/p>\n<p style=\"text-align: justify;\">Mon apport personnel dans les multiples questions pos\u00e9es sur l&rsquo;articulation v\u00e9cue de ma petite vie humaine \u00e0 la Vie Universelle est un peu celui d&rsquo;un astronaute effectuant des exp\u00e9riences hors des limites de l&rsquo;atmosph\u00e8re, pour en rapporter de pr\u00e9cieux renseignements sur l&rsquo;utilisation de la mati\u00e8re dont nous disposons sous ses diff\u00e9rents aspects \u00e0 une \u00e9quipe de savants travaillant dans une pluralit\u00e9 de disciplines.<\/p>\n<p style=\"text-align: justify;\">J&rsquo;ai souvent assimil\u00e9 le travail int\u00e9rieur \u00e0 l&rsquo;astronautique. Le travail d\u00e9bute au niveau de la pens\u00e9e r\u00e9fl\u00e9chie. Puis, sous la pression de ce travail, le sentiment s&rsquo;\u00e9veille et participe activement. Enfin, sous la pression conjugu\u00e9e de la pens\u00e9e et du sentiment, le corps \u00e9prouve le besoin de recevoir des impressions nouvelles qu&rsquo;il assimile comme une nourriture et qu&rsquo;il r\u00e9clame lorsqu&rsquo;il en est priv\u00e9. Il s&rsquo;\u00e9tablit ainsi un cycle complet d&rsquo;impulsions qui accro\u00eet le rythme du travail, et une transformation s&rsquo;amorce dans le comportement psychologique.<\/p>\n<p style=\"text-align: justify;\">Chaque exp\u00e9rience nouvelle approfondit ma compr\u00e9hension de mes exp\u00e9riences ant\u00e9rieures. Je cherche \u00e0 saisir le fil constituant le passage entre l&rsquo;\u00e9tat habituel de manifestation dans mon corps et l&rsquo;\u00e9tat de vie hors de lui. Chaque fois, je constate, qu&rsquo;il s&rsquo;agit d&rsquo;une activation int\u00e9rieure et simultan\u00e9e des facult\u00e9s de percevoir-associer-sentir, d&rsquo;une fa\u00e7on coh\u00e9rente et consciente. Cette sensation tr\u00e8s sp\u00e9ciale joue le r\u00f4le d&rsquo;un sas entre les deux \u00e9tats, un sas qui m&rsquo;oriente vers ce que je peux appeler : une Pr\u00e9sence-Conscience-Connaissance. Il semble que cet \u00e9tat soit un champ de force o\u00f9 les \u00e9v\u00e9nements s&rsquo;ordonnent comme la limaille de fer sur une plaque aimant\u00e9e.<\/p>\n<p style=\"text-align: justify;\">Entendons-nous bien, je ne veux pas sugg\u00e9rer une m\u00e9thode ou un syst\u00e8me tir\u00e9s de mes exp\u00e9riences. Je les livre \u00e0 qui voudra bien les \u00e9tudier, les approfondir selon son propre savoir. Je crains trop les enjolivures stylistes qui les d\u00e9natureraient en les recouvrant de leur vernis verbal. J&rsquo;\u00e9prouve une joie infinie \u00e0 la lecture des articles publi\u00e9s dans votre revue 3<sup>e<\/sup> \u00a0mill\u00e9naire par les grands savants que sont Jean Charon (qui nota dans la pr\u00e9face du <em>Grand Passage<\/em> que mes transferts de conscience \u00e9taient \u00ab th\u00e9oriquement possibles \u00bb), St\u00e9phane Lupasco dont j&rsquo;ai \u00ab v\u00e9cu \u00bb la th\u00e9orie de potentialisation et actualisation de l&rsquo;\u00e9nergie, David Bohm, Karl Pribam, Ilya Prigogine, Fritjof Capra, Bernard d&rsquo;Espagnat, Costa de Beauregard, \u00c9tienne Guill\u00e9, Jacques Oudot et les autres. Ils sont pour moi les cartographes d&rsquo;un pays que \u00ab je connais pour le parcourir et dont leurs expos\u00e9s me parlent du relief des terrains ou du climat et de l&rsquo;hydrographie, de la v\u00e9g\u00e9tation \u00bb, etc., dans des termes savants et des sch\u00e9mas herm\u00e9tiques pour le \u00ab Candide \u00bb que je suis. J&rsquo;aimerais qu&rsquo;ils se penchent avec toute leur science sur mes observations d&rsquo;explorateur \u00ab tout terrain \u00bb.<\/p>\n<p style=\"text-align: center;\" align=\"center\"><em>La plan\u00e8te est \u00ab\u00a0vivante \u00bb<\/em><\/p>\n<p style=\"text-align: justify;\">La connaissance est inaccessible \u00e0 la seule intelligence c\u00e9r\u00e9brale qui analyse pour comprendre, et cela divise, s\u00e9pare, alors qu&rsquo;il s&rsquo;agit d&rsquo;unir, de communier dans l&rsquo;identit\u00e9 du connaissant et du connu. L&rsquo;activit\u00e9 c\u00e9r\u00e9brale est l&rsquo;araign\u00e9e tissant sa toile dans laquelle nous nous laissons prendre et d\u00e9vorer vivants, sans jamais soup\u00e7onner qu&rsquo;il est un \u00ab au-del\u00e0 \u00bb de la toile.<\/p>\n<p style=\"text-align: justify;\">Il m&rsquo;arriva de vivre une exp\u00e9rience indicible, \u00e0 la limite du r\u00e9alisable, sans mourir totalement. Je l&rsquo;appellerai : \u00ab l&rsquo;exp\u00e9rience physique, biologique de LA VIE dans ma vie \u00bb. Je connus une dissociation de toutes mes fonctions organiques qui reprenaient leur libert\u00e9, une sorte d&rsquo;autonomie de mes cellules. Vous savez, lorsqu&rsquo;on est en classe et que sonne l&rsquo;heure de la r\u00e9cr\u00e9ation, l&rsquo;ordre \u00e9tabli dispara\u00eet dans une dispersion g\u00e9n\u00e9rale. Une Conscience TOTALE, IMMENSE, \u00e9tait l\u00e0&#8230; voyant TOUT. Une lucidit\u00e9 de cristal, aucun affolement, aucune \u00e9motion. Sans doute est-ce cette absence totale d&rsquo;\u00e9motion qui emp\u00eacha un vaisseau de craquer au c\u0153ur ou au cerveau ? &#8230; Toute s\u00e9paration disparut&#8230; Soi&#8230; l&rsquo;Autre&#8230; tous les autres&#8230; La VIE&#8230; Il n&rsquo;y a qu&rsquo;ELLE, Unique, Universelle&#8230; La Vie est la Conscience de notre Plan\u00e8te, son Intelligence ! &#8230;<\/p>\n<p style=\"text-align: justify;\">Quelle R\u00e9v\u00e9lation ! &#8230; Elle emplit nos petits conscients personnels pour s&rsquo;exprimer \u00e0 leur niveau, ou si l&rsquo;on veut, elle est un oc\u00e9an de conscience dans lequel ils baignent. Chacun d&rsquo;eux se fige, se coagule en une cristallisation particuli\u00e8re, \u00e0 l&rsquo;instar des gla\u00e7ons dans le cong\u00e9lateur&#8230; mais la r\u00e9alit\u00e9 des gla\u00e7ons ?&#8230; C&rsquo;est l&rsquo;eau ! Lorsqu&rsquo;elle est liquide, elle a cess\u00e9 d&rsquo;\u00eatre solide et n&rsquo;est pas encore un gaz&#8230;<\/p>\n<p style=\"text-align: justify;\">La Plan\u00e8te est \u00ab vivante \u00bb et je suis vivante en Elle. C&rsquo;est un \u00caTRE qui sent, qui respire, qui pense, et toujours la m\u00eame relativit\u00e9 \u00ab me saute aux yeux \u00bb : celle d&rsquo;une cellule de mon corps par rapport \u00e0 la cellule humaine Jeanne Guesn\u00e9&#8230; la connaissance continue de s&rsquo;int\u00e9grer dans mon conscient, surtout durant la nuit.<\/p>\n<p style=\"text-align: justify;\">Mes exp\u00e9riences m&rsquo;ont appris que le temps est une intensit\u00e9 d&rsquo;\u00e9nergie qui se d\u00e9roule en s\u00e9quences de perception plus ou moins concentr\u00e9e, c&rsquo;est-\u00e0-dire de diff\u00e9rentes fr\u00e9quences. Ce qui manque habituellement, c&rsquo;est l&rsquo;organe de r\u00e9ception ou son \u00e9veil. Dans une certaine optique, notre corps peut \u00eatre per\u00e7u comme des orgues miniaturis\u00e9es extr\u00eamement subtiles, susceptibles de recevoir des impressions \u00e9manant d&rsquo;\u00e9tats d&rsquo;\u00e9nergie sup\u00e9rieure et de les traduire dans des manifestations limit\u00e9es par les possibilit\u00e9s d&rsquo;expression de ses claviers. H\u00e9las, nous n&rsquo;utilisons en g\u00e9n\u00e9ral que les basses fr\u00e9quences de notre instrument, nous enfermant dans leurs rythmes hypnotisants qui anesth\u00e9sient la Conscience. L&rsquo;inspiration artistique sous toutes ses formes, un \u00e9lan d&rsquo;amour impersonnel ouvrent chaque fois une br\u00e8che dans la carapace \u00e9gocentrique de notre moi psychologique&#8230; Parfois au cours d&rsquo;une \u00e9poque, un Homme passe comme un m\u00e9t\u00e9ore dans notre obscurit\u00e9 et s&rsquo;adresse aux humains que nous sommes, suscitant l&rsquo;\u00e9veil d&rsquo;une gamme d&rsquo;impressions de haute Conscience&#8230; Puis il dispara\u00eet. On murmure ensuite ses paroles de bouche \u00e0 oreille. Elles \u00e9veillent un \u00e9cho chez ceux qui sont pr\u00eats \u00e0 les \u00ab entendre \u00bb. Trop souvent, elles sont d\u00e9chiquet\u00e9es par un intellect brillamment conditionn\u00e9 qui les r\u00e9duit \u00e0 son niveau conceptuel&#8230; et c&rsquo;est l&rsquo;avortement d&rsquo;une \u00e2me en gestation.<\/p>\n<p style=\"text-align: justify;\">Aurobindo a dit : \u00ab Quand la Puissance de l&rsquo;Amour remplacera l&rsquo;amour de la puissance dans le c\u0153ur des hommes, ce sera le r\u00e8gne de Dieu sur la terre. \u00bb Vous voyez comment cette condition r\u00e9alis\u00e9e ferait s&rsquo;\u00e9vanouir d&rsquo;innombrables probl\u00e8mes, insolubles dans nos soci\u00e9t\u00e9s actuelles. L&rsquo;Amour est une fr\u00e9quence vibratoire. L&rsquo;Amour est un \u00e9tat d&rsquo;\u00e9nergie. Et c&rsquo;est en nous qu&rsquo;il peut \u00eatre VECU. C&rsquo;est en NOUS qu&rsquo;IL DOIT ETRE VECU.<\/p>\n<p style=\"text-align: justify;\">Tout est en nous, l&rsquo;univers est en nous, et l&rsquo;univers est Conscience. Vivons en nous ces Valeurs \u00e9ternelles, afin \u00ab qu&rsquo;elles croissent et multiplient \u00bb dans notre vieux monde et \u00e9clairent ses t\u00e9n\u00e8bres.<\/p>\n<p style=\"text-align: justify;\">Telle est l&rsquo;\u00e9vidence apport\u00e9e par plus de quarante ann\u00e9es de travail et d&rsquo;exp\u00e9riences. Telle est ma n\u00e9cessit\u00e9 de les partager avec vous avant de quitter ce monde.<\/p>\n<p style=\"text-align: right;\" align=\"right\">Jeanne Guesn\u00e9<\/p>\n<p>&nbsp;<\/p>\n","protected":false},"excerpt":{"rendered":"<p>Une question s&rsquo;est toujours pos\u00e9e \u00e0 mon esprit avec une grande acuit\u00e9 : celle de la mort. Qu&rsquo;est-ce que la mort ? et, par voie de cons\u00e9quence, qu&rsquo;est-ce que la vie ? QUI SUIS-JE ? Un intense besoin de comprendre me poussa irr\u00e9sistiblement \u00e0 tenter l&rsquo;effort insolite et dangereux de me s\u00e9parer de mon corps, afin de savoir par moi-m\u00eame si la vie cessait hors de lui. Je r\u00e9ussis apr\u00e8s treize mois d&rsquo;efforts quotidiens \u00e0 le quitter sans que ma conscience d&rsquo;exister soit interrompue.<\/p>\n","protected":false},"author":1,"featured_media":12720,"comment_status":"closed","ping_status":"closed","sticky":false,"template":"","format":"standard","meta":{"footnotes":""},"categories":[337,85],"tags":[37,829],"class_list":["post-12705","post","type-post","status-publish","format-standard","has-post-thumbnail","hentry","category-j-guesne","category-parapsychologie","tag-conscience","tag-voyage-astral"],"yoast_head":"<!-- This site is optimized with the Yoast SEO plugin v27.0 - https:\/\/yoast.com\/product\/yoast-seo-wordpress\/ -->\n<title>D&#039;\u00e9tranges exp\u00e9riences (voyages conscients hors du corps) par Jeanne Guesn\u00e9e - 3e mill\u00e9naire - Spiritualit\u00e9 - Connaissance de soi - Non-dualit\u00e9 - M\u00e9ditation<\/title>\n<meta name=\"robots\" content=\"index, follow, max-snippet:-1, max-image-preview:large, max-video-preview:-1\" \/>\n<link rel=\"canonical\" href=\"https:\/\/www.revue3emillenaire.com\/blog\/detranges-experiences-voyages-conscients-hors-du-corps-par-jeanne-guesnee\/\" \/>\n<meta property=\"og:locale\" content=\"fr_FR\" \/>\n<meta property=\"og:type\" content=\"article\" \/>\n<meta property=\"og:title\" content=\"D&#039;\u00e9tranges exp\u00e9riences (voyages conscients hors du corps) par Jeanne Guesn\u00e9e - 3e mill\u00e9naire - Spiritualit\u00e9 - Connaissance de soi - Non-dualit\u00e9 - M\u00e9ditation\" \/>\n<meta property=\"og:description\" content=\"Une question s&#039;est toujours pos\u00e9e \u00e0 mon esprit avec une grande acuit\u00e9 : celle de la mort. Qu&#039;est-ce que la mort ? et, par voie de cons\u00e9quence, qu&#039;est-ce que la vie ? QUI SUIS-JE ? Un intense besoin de comprendre me poussa irr\u00e9sistiblement \u00e0 tenter l&#039;effort insolite et dangereux de me s\u00e9parer de mon corps, afin de savoir par moi-m\u00eame si la vie cessait hors de lui. Je r\u00e9ussis apr\u00e8s treize mois d&#039;efforts quotidiens \u00e0 le quitter sans que ma conscience d&#039;exister soit interrompue.\" \/>\n<meta property=\"og:url\" content=\"https:\/\/www.revue3emillenaire.com\/blog\/detranges-experiences-voyages-conscients-hors-du-corps-par-jeanne-guesnee\/\" \/>\n<meta property=\"og:site_name\" content=\"3e mill\u00e9naire - Spiritualit\u00e9 - Connaissance de soi - Non-dualit\u00e9 - M\u00e9ditation\" \/>\n<meta property=\"article:published_time\" content=\"2012-12-31T15:04:05+00:00\" \/>\n<meta property=\"og:image\" content=\"https:\/\/www.revue3emillenaire.com\/blog\/wp-content\/uploads\/2012\/12\/Guesn\u00e9.jpg\" \/>\n\t<meta property=\"og:image:width\" content=\"154\" \/>\n\t<meta property=\"og:image:height\" content=\"206\" \/>\n\t<meta property=\"og:image:type\" content=\"image\/jpeg\" \/>\n<meta name=\"author\" content=\"3e mill\u00e9naire\" \/>\n<meta name=\"twitter:card\" content=\"summary_large_image\" \/>\n<meta name=\"twitter:label1\" content=\"\u00c9crit par\" \/>\n\t<meta name=\"twitter:data1\" content=\"3e mill\u00e9naire\" \/>\n\t<meta name=\"twitter:label2\" content=\"Dur\u00e9e de lecture estim\u00e9e\" \/>\n\t<meta name=\"twitter:data2\" content=\"17 minutes\" \/>\n<script type=\"application\/ld+json\" class=\"yoast-schema-graph\">{\"@context\":\"https:\/\/schema.org\",\"@graph\":[{\"@type\":\"Article\",\"@id\":\"https:\/\/www.revue3emillenaire.com\/blog\/detranges-experiences-voyages-conscients-hors-du-corps-par-jeanne-guesnee\/#article\",\"isPartOf\":{\"@id\":\"https:\/\/www.revue3emillenaire.com\/blog\/detranges-experiences-voyages-conscients-hors-du-corps-par-jeanne-guesnee\/\"},\"author\":{\"name\":\"3e mill\u00e9naire\",\"@id\":\"https:\/\/www.revue3emillenaire.com\/blog\/#\/schema\/person\/9a3a7cc4ccaa707f402d4394327106d5\"},\"headline\":\"D&rsquo;\u00e9tranges exp\u00e9riences (voyages conscients hors du corps) par Jeanne Guesn\u00e9e\",\"datePublished\":\"2012-12-31T15:04:05+00:00\",\"mainEntityOfPage\":{\"@id\":\"https:\/\/www.revue3emillenaire.com\/blog\/detranges-experiences-voyages-conscients-hors-du-corps-par-jeanne-guesnee\/\"},\"wordCount\":3330,\"image\":{\"@id\":\"https:\/\/www.revue3emillenaire.com\/blog\/detranges-experiences-voyages-conscients-hors-du-corps-par-jeanne-guesnee\/#primaryimage\"},\"thumbnailUrl\":\"https:\/\/www.revue3emillenaire.com\/blog\/wp-content\/uploads\/2012\/12\/Guesn\u00e9.jpg\",\"keywords\":[\"Conscience\",\"Voyage astral\"],\"articleSection\":[\"Guesn\u00e9 Jeanne\",\"Parapsychologie \/ Ph\u00e9nom\u00e8nes\"],\"inLanguage\":\"fr-FR\"},{\"@type\":\"WebPage\",\"@id\":\"https:\/\/www.revue3emillenaire.com\/blog\/detranges-experiences-voyages-conscients-hors-du-corps-par-jeanne-guesnee\/\",\"url\":\"https:\/\/www.revue3emillenaire.com\/blog\/detranges-experiences-voyages-conscients-hors-du-corps-par-jeanne-guesnee\/\",\"name\":\"D'\u00e9tranges exp\u00e9riences (voyages conscients hors du corps) par Jeanne Guesn\u00e9e - 3e mill\u00e9naire - Spiritualit\u00e9 - Connaissance de soi - Non-dualit\u00e9 - M\u00e9ditation\",\"isPartOf\":{\"@id\":\"https:\/\/www.revue3emillenaire.com\/blog\/#website\"},\"primaryImageOfPage\":{\"@id\":\"https:\/\/www.revue3emillenaire.com\/blog\/detranges-experiences-voyages-conscients-hors-du-corps-par-jeanne-guesnee\/#primaryimage\"},\"image\":{\"@id\":\"https:\/\/www.revue3emillenaire.com\/blog\/detranges-experiences-voyages-conscients-hors-du-corps-par-jeanne-guesnee\/#primaryimage\"},\"thumbnailUrl\":\"https:\/\/www.revue3emillenaire.com\/blog\/wp-content\/uploads\/2012\/12\/Guesn\u00e9.jpg\",\"datePublished\":\"2012-12-31T15:04:05+00:00\",\"author\":{\"@id\":\"https:\/\/www.revue3emillenaire.com\/blog\/#\/schema\/person\/9a3a7cc4ccaa707f402d4394327106d5\"},\"breadcrumb\":{\"@id\":\"https:\/\/www.revue3emillenaire.com\/blog\/detranges-experiences-voyages-conscients-hors-du-corps-par-jeanne-guesnee\/#breadcrumb\"},\"inLanguage\":\"fr-FR\",\"potentialAction\":[{\"@type\":\"ReadAction\",\"target\":[\"https:\/\/www.revue3emillenaire.com\/blog\/detranges-experiences-voyages-conscients-hors-du-corps-par-jeanne-guesnee\/\"]}]},{\"@type\":\"ImageObject\",\"inLanguage\":\"fr-FR\",\"@id\":\"https:\/\/www.revue3emillenaire.com\/blog\/detranges-experiences-voyages-conscients-hors-du-corps-par-jeanne-guesnee\/#primaryimage\",\"url\":\"https:\/\/www.revue3emillenaire.com\/blog\/wp-content\/uploads\/2012\/12\/Guesn\u00e9.jpg\",\"contentUrl\":\"https:\/\/www.revue3emillenaire.com\/blog\/wp-content\/uploads\/2012\/12\/Guesn\u00e9.jpg\",\"width\":\"154\",\"height\":\"206\"},{\"@type\":\"BreadcrumbList\",\"@id\":\"https:\/\/www.revue3emillenaire.com\/blog\/detranges-experiences-voyages-conscients-hors-du-corps-par-jeanne-guesnee\/#breadcrumb\",\"itemListElement\":[{\"@type\":\"ListItem\",\"position\":1,\"name\":\"Accueil\",\"item\":\"https:\/\/www.revue3emillenaire.com\/blog\/\"},{\"@type\":\"ListItem\",\"position\":2,\"name\":\"D&rsquo;\u00e9tranges exp\u00e9riences (voyages conscients hors du corps) par Jeanne Guesn\u00e9e\"}]},{\"@type\":\"WebSite\",\"@id\":\"https:\/\/www.revue3emillenaire.com\/blog\/#website\",\"url\":\"https:\/\/www.revue3emillenaire.com\/blog\/\",\"name\":\"3e mill\u00e9naire - Spiritualit\u00e9 - Connaissance de soi - Non-dualit\u00e9 - M\u00e9ditation\",\"description\":\"L&#039;Homme en devenir\",\"potentialAction\":[{\"@type\":\"SearchAction\",\"target\":{\"@type\":\"EntryPoint\",\"urlTemplate\":\"https:\/\/www.revue3emillenaire.com\/blog\/?s={search_term_string}\"},\"query-input\":{\"@type\":\"PropertyValueSpecification\",\"valueRequired\":true,\"valueName\":\"search_term_string\"}}],\"inLanguage\":\"fr-FR\"},{\"@type\":\"Person\",\"@id\":\"https:\/\/www.revue3emillenaire.com\/blog\/#\/schema\/person\/9a3a7cc4ccaa707f402d4394327106d5\",\"name\":\"3e mill\u00e9naire\",\"url\":\"https:\/\/www.revue3emillenaire.com\/blog\/author\/admin\/\"}]}<\/script>\n<!-- \/ Yoast SEO plugin. -->","yoast_head_json":{"title":"D'\u00e9tranges exp\u00e9riences (voyages conscients hors du corps) par Jeanne Guesn\u00e9e - 3e mill\u00e9naire - Spiritualit\u00e9 - Connaissance de soi - Non-dualit\u00e9 - M\u00e9ditation","robots":{"index":"index","follow":"follow","max-snippet":"max-snippet:-1","max-image-preview":"max-image-preview:large","max-video-preview":"max-video-preview:-1"},"canonical":"https:\/\/www.revue3emillenaire.com\/blog\/detranges-experiences-voyages-conscients-hors-du-corps-par-jeanne-guesnee\/","og_locale":"fr_FR","og_type":"article","og_title":"D'\u00e9tranges exp\u00e9riences (voyages conscients hors du corps) par Jeanne Guesn\u00e9e - 3e mill\u00e9naire - Spiritualit\u00e9 - Connaissance de soi - Non-dualit\u00e9 - M\u00e9ditation","og_description":"Une question s'est toujours pos\u00e9e \u00e0 mon esprit avec une grande acuit\u00e9 : celle de la mort. Qu'est-ce que la mort ? et, par voie de cons\u00e9quence, qu'est-ce que la vie ? QUI SUIS-JE ? Un intense besoin de comprendre me poussa irr\u00e9sistiblement \u00e0 tenter l'effort insolite et dangereux de me s\u00e9parer de mon corps, afin de savoir par moi-m\u00eame si la vie cessait hors de lui. Je r\u00e9ussis apr\u00e8s treize mois d'efforts quotidiens \u00e0 le quitter sans que ma conscience d'exister soit interrompue.","og_url":"https:\/\/www.revue3emillenaire.com\/blog\/detranges-experiences-voyages-conscients-hors-du-corps-par-jeanne-guesnee\/","og_site_name":"3e mill\u00e9naire - Spiritualit\u00e9 - Connaissance de soi - Non-dualit\u00e9 - M\u00e9ditation","article_published_time":"2012-12-31T15:04:05+00:00","og_image":[{"width":154,"height":206,"url":"https:\/\/www.revue3emillenaire.com\/blog\/wp-content\/uploads\/2012\/12\/Guesn\u00e9.jpg","type":"image\/jpeg"}],"author":"3e mill\u00e9naire","twitter_card":"summary_large_image","twitter_misc":{"\u00c9crit par":"3e mill\u00e9naire","Dur\u00e9e de lecture estim\u00e9e":"17 minutes"},"schema":{"@context":"https:\/\/schema.org","@graph":[{"@type":"Article","@id":"https:\/\/www.revue3emillenaire.com\/blog\/detranges-experiences-voyages-conscients-hors-du-corps-par-jeanne-guesnee\/#article","isPartOf":{"@id":"https:\/\/www.revue3emillenaire.com\/blog\/detranges-experiences-voyages-conscients-hors-du-corps-par-jeanne-guesnee\/"},"author":{"name":"3e mill\u00e9naire","@id":"https:\/\/www.revue3emillenaire.com\/blog\/#\/schema\/person\/9a3a7cc4ccaa707f402d4394327106d5"},"headline":"D&rsquo;\u00e9tranges exp\u00e9riences (voyages conscients hors du corps) par Jeanne Guesn\u00e9e","datePublished":"2012-12-31T15:04:05+00:00","mainEntityOfPage":{"@id":"https:\/\/www.revue3emillenaire.com\/blog\/detranges-experiences-voyages-conscients-hors-du-corps-par-jeanne-guesnee\/"},"wordCount":3330,"image":{"@id":"https:\/\/www.revue3emillenaire.com\/blog\/detranges-experiences-voyages-conscients-hors-du-corps-par-jeanne-guesnee\/#primaryimage"},"thumbnailUrl":"https:\/\/www.revue3emillenaire.com\/blog\/wp-content\/uploads\/2012\/12\/Guesn\u00e9.jpg","keywords":["Conscience","Voyage astral"],"articleSection":["Guesn\u00e9 Jeanne","Parapsychologie \/ Ph\u00e9nom\u00e8nes"],"inLanguage":"fr-FR"},{"@type":"WebPage","@id":"https:\/\/www.revue3emillenaire.com\/blog\/detranges-experiences-voyages-conscients-hors-du-corps-par-jeanne-guesnee\/","url":"https:\/\/www.revue3emillenaire.com\/blog\/detranges-experiences-voyages-conscients-hors-du-corps-par-jeanne-guesnee\/","name":"D'\u00e9tranges exp\u00e9riences (voyages conscients hors du corps) par Jeanne Guesn\u00e9e - 3e mill\u00e9naire - Spiritualit\u00e9 - Connaissance de soi - Non-dualit\u00e9 - M\u00e9ditation","isPartOf":{"@id":"https:\/\/www.revue3emillenaire.com\/blog\/#website"},"primaryImageOfPage":{"@id":"https:\/\/www.revue3emillenaire.com\/blog\/detranges-experiences-voyages-conscients-hors-du-corps-par-jeanne-guesnee\/#primaryimage"},"image":{"@id":"https:\/\/www.revue3emillenaire.com\/blog\/detranges-experiences-voyages-conscients-hors-du-corps-par-jeanne-guesnee\/#primaryimage"},"thumbnailUrl":"https:\/\/www.revue3emillenaire.com\/blog\/wp-content\/uploads\/2012\/12\/Guesn\u00e9.jpg","datePublished":"2012-12-31T15:04:05+00:00","author":{"@id":"https:\/\/www.revue3emillenaire.com\/blog\/#\/schema\/person\/9a3a7cc4ccaa707f402d4394327106d5"},"breadcrumb":{"@id":"https:\/\/www.revue3emillenaire.com\/blog\/detranges-experiences-voyages-conscients-hors-du-corps-par-jeanne-guesnee\/#breadcrumb"},"inLanguage":"fr-FR","potentialAction":[{"@type":"ReadAction","target":["https:\/\/www.revue3emillenaire.com\/blog\/detranges-experiences-voyages-conscients-hors-du-corps-par-jeanne-guesnee\/"]}]},{"@type":"ImageObject","inLanguage":"fr-FR","@id":"https:\/\/www.revue3emillenaire.com\/blog\/detranges-experiences-voyages-conscients-hors-du-corps-par-jeanne-guesnee\/#primaryimage","url":"https:\/\/www.revue3emillenaire.com\/blog\/wp-content\/uploads\/2012\/12\/Guesn\u00e9.jpg","contentUrl":"https:\/\/www.revue3emillenaire.com\/blog\/wp-content\/uploads\/2012\/12\/Guesn\u00e9.jpg","width":"154","height":"206"},{"@type":"BreadcrumbList","@id":"https:\/\/www.revue3emillenaire.com\/blog\/detranges-experiences-voyages-conscients-hors-du-corps-par-jeanne-guesnee\/#breadcrumb","itemListElement":[{"@type":"ListItem","position":1,"name":"Accueil","item":"https:\/\/www.revue3emillenaire.com\/blog\/"},{"@type":"ListItem","position":2,"name":"D&rsquo;\u00e9tranges exp\u00e9riences (voyages conscients hors du corps) par Jeanne Guesn\u00e9e"}]},{"@type":"WebSite","@id":"https:\/\/www.revue3emillenaire.com\/blog\/#website","url":"https:\/\/www.revue3emillenaire.com\/blog\/","name":"3e mill\u00e9naire - Spiritualit\u00e9 - Connaissance de soi - Non-dualit\u00e9 - M\u00e9ditation","description":"L&#039;Homme en devenir","potentialAction":[{"@type":"SearchAction","target":{"@type":"EntryPoint","urlTemplate":"https:\/\/www.revue3emillenaire.com\/blog\/?s={search_term_string}"},"query-input":{"@type":"PropertyValueSpecification","valueRequired":true,"valueName":"search_term_string"}}],"inLanguage":"fr-FR"},{"@type":"Person","@id":"https:\/\/www.revue3emillenaire.com\/blog\/#\/schema\/person\/9a3a7cc4ccaa707f402d4394327106d5","name":"3e mill\u00e9naire","url":"https:\/\/www.revue3emillenaire.com\/blog\/author\/admin\/"}]}},"_links":{"self":[{"href":"https:\/\/www.revue3emillenaire.com\/blog\/wp-json\/wp\/v2\/posts\/12705","targetHints":{"allow":["GET"]}}],"collection":[{"href":"https:\/\/www.revue3emillenaire.com\/blog\/wp-json\/wp\/v2\/posts"}],"about":[{"href":"https:\/\/www.revue3emillenaire.com\/blog\/wp-json\/wp\/v2\/types\/post"}],"author":[{"embeddable":true,"href":"https:\/\/www.revue3emillenaire.com\/blog\/wp-json\/wp\/v2\/users\/1"}],"replies":[{"embeddable":true,"href":"https:\/\/www.revue3emillenaire.com\/blog\/wp-json\/wp\/v2\/comments?post=12705"}],"version-history":[{"count":0,"href":"https:\/\/www.revue3emillenaire.com\/blog\/wp-json\/wp\/v2\/posts\/12705\/revisions"}],"wp:featuredmedia":[{"embeddable":true,"href":"https:\/\/www.revue3emillenaire.com\/blog\/wp-json\/wp\/v2\/media\/12720"}],"wp:attachment":[{"href":"https:\/\/www.revue3emillenaire.com\/blog\/wp-json\/wp\/v2\/media?parent=12705"}],"wp:term":[{"taxonomy":"category","embeddable":true,"href":"https:\/\/www.revue3emillenaire.com\/blog\/wp-json\/wp\/v2\/categories?post=12705"},{"taxonomy":"post_tag","embeddable":true,"href":"https:\/\/www.revue3emillenaire.com\/blog\/wp-json\/wp\/v2\/tags?post=12705"}],"curies":[{"name":"wp","href":"https:\/\/api.w.org\/{rel}","templated":true}]}}