{"id":12797,"date":"2013-01-06T16:03:32","date_gmt":"2013-01-06T15:03:32","guid":{"rendered":"http:\/\/www.revue3emillenaire.com\/blog\/?p=12797"},"modified":"2013-01-06T16:03:32","modified_gmt":"2013-01-06T15:03:32","slug":"la-route-de-konya-par-jean-michel-varenne","status":"publish","type":"post","link":"https:\/\/www.revue3emillenaire.com\/blog\/la-route-de-konya-par-jean-michel-varenne\/","title":{"rendered":"La route de Konya par Jean-Michel Varenne"},"content":{"rendered":"<p style=\"text-align: justify;\">(Revue \u00catre. N<sup>o<\/sup> 3. 14<sup>e<\/sup> ann\u00e9e 1986)<\/p>\n<p style=\"text-align: justify;\">Voyager comme tournent les derviches. Pour d\u00e9shabiller l&rsquo;espace. Ecrire sur cela c&rsquo;est entendre une rumeur, la propagation d&rsquo;un silence.<\/p>\n<p style=\"text-align: justify;\">Les nuits \u00ab sur les routes \u00bb sont lourdes de bruits ; ahans des moteurs, cris, transistors, appels haut-parleurs dont l&rsquo;enchev\u00eatrement tisse une profonde solitude au sein de laquelle se r\u00e9jouit l&rsquo;\u00eatre de l&rsquo;homme et du monde.<\/p>\n<p style=\"text-align: justify;\">Cette rumeur ne d\u00e9semplit pas le silence mais le pr\u00e9c\u00e8de ; peut-\u00eatre qu&rsquo;elle le cr\u00e9e au fur et \u00e0 mesure de l&rsquo;\u00e9coute&#8230; Et l&rsquo;oreille, enfin assagie, d\u00e9sappropri\u00e9e de sa volont\u00e9, d\u00e9couvre l&rsquo;inhabituelle paix, l&rsquo;insondable qui jamais ne tarit&#8230;<\/p>\n<p style=\"text-align: justify;\">C&rsquo;est cette amplitude que soulignent les murmures incessants de la nuit tremp\u00e9e par les \u00e9toiles et les n\u00e9ons des restauroutes qui, seule rassasie la soif incommensurable de celui qui ne dort plus, accueille et offre son regard \u00e0 l&rsquo;entour invisible, au d\u00e9sert proche&#8230;<\/p>\n<p style=\"text-align: justify;\">Entendre, certainement \u00e0 notre insu, cette pr\u00e9cipitation sonore, ne plus pouvoir identifier cette cadence de sons et de bruits, c&rsquo;est l\u00e2cher soudainement le pied de la margelle qui recouvrait l&rsquo;inconnu ; enregistrer l&rsquo;inaudible&#8230;<\/p>\n<p style=\"text-align: justify;\">La joie vient de ce que nous ne pouvons plus nous fier aux rep\u00e8res auditifs habituels. Et pourtant \u00e0 quoi tenions-nous tant sinon \u00e0 une certaine familiarit\u00e9 sonore ? Et si l&rsquo;impression \u00ab \u00e9gotique \u00bb reposait d&rsquo;abord sur un ensemble de rep\u00e9rages auditifs qu&rsquo;elle reproduit apr\u00e8s l&rsquo;avoir assimil\u00e9 ?<\/p>\n<p style=\"text-align: justify;\">Le voyage invalide cette symphonie ordinaire. Sans que nous le sachions.<\/p>\n<p style=\"text-align: justify;\">Apr\u00e8s que la fatigue, survenue \u00e0 la suite des heures de bus, des nuits blanches, ait contribu\u00e9 \u00e0 abolir nos d\u00e9fenses ; nous r\u00e9alisons que nous ne sommes plus \u00ab l\u00e0 \u00bb, que l&rsquo;espace sonore a chang\u00e9 et que le \u00ab je \u00bb qui lui \u00e9tait attach\u00e9 a disparu&#8230;<\/p>\n<p style=\"text-align: justify;\">Cette sensation, tout \u00e0 fait saisissante, simultan\u00e9ment douce et brutale, jaillie des flots comme un poisson ou une fl\u00e8che de feu, recouvre de son aile bienveillante l&rsquo;\u00e2me du voyageur, appuy\u00e9 contre la vitre de l&rsquo;autocar qui cahote dans la nuit \u00e9paisse&#8230;<\/p>\n<p style=\"text-align: justify;\">La \u00ab r\u00e9alit\u00e9 \u00bb s&rsquo;est d\u00e9faite comme un d\u00e9cor ou un mirage. La joie fort douce qui s&rsquo;\u00e9panouit \u00e0 cet instant ne participe d&rsquo;aucune volont\u00e9, n&rsquo;exprime aucun choix, ne sert strictement \u00e0 rien.<\/p>\n<p style=\"text-align: justify;\">A la p\u00e9riph\u00e9rie de ce moment inoubliable r\u00f4dent la confusion, l&rsquo;amalgame, l&rsquo;association ; ils peuvent r\u00e9cup\u00e9rer, figer l&rsquo;espace qui vient de s&rsquo;ouvrir&#8230;<\/p>\n<p style=\"text-align: justify;\">La joie n&rsquo;est pas une pens\u00e9e, le fruit d&rsquo;une d\u00e9cision. Sensations innombrables, irr\u00e9parables, que les voyages favorisent n\u00e9anmoins.<\/p>\n<p style=\"text-align: justify;\">L&rsquo;ego ce sont les autres.<\/p>\n<p style=\"text-align: justify;\">C&rsquo;est-\u00e0-dire un r\u00e9seau \u00ab socio-culturel \u00bb compos\u00e9 d&rsquo;automatismes, de r\u00e9flexes, constamment entretenus et reproduits par l&rsquo;environnement.<\/p>\n<p style=\"text-align: justify;\">Un voyage peut, momentan\u00e9ment, briser cette dynamique ali\u00e9nante et priver ses ressorts de leurs subsides. C&rsquo;est la raison pour laquelle il est n\u00e9cessaire, \u00e0 condition que nous nous sentions disponibles, d&rsquo;acc\u00e9l\u00e9rer le rythme du voyage comme on souffle le feu sur la forge ; de faire reculer les possibilit\u00e9s, d&rsquo;\u00e9puiser les r\u00e9serves, d&rsquo;ass\u00e9cher les compensations : marcher jusqu&rsquo;\u00e0 l&rsquo;\u00e9puisement, sauter de train en bus, se nourrir de peu&#8230;<\/p>\n<p style=\"text-align: justify;\">Cette asc\u00e8se d\u00e9stabilise le r\u00e9gime du mental, provoque la disparition des pens\u00e9es.<\/p>\n<p style=\"text-align: justify;\">Alors les impressions, les sensations, les sons assi\u00e8gent et grignotent le \u00ab moi \u00bb comme la mar\u00e9e montante les ch\u00e2teaux de sable.<\/p>\n<p style=\"text-align: justify;\">Au d\u00e9tour d&rsquo;une rue dans une ville \u00e9trang\u00e8re, au r\u00e9veil dans une chambre inconnue, quand tout, \u00e0 l&rsquo;instant, a disparu comme la fum\u00e9e dans le soleil, quand la sensation d&rsquo;\u00eatre perdu s&rsquo;est \u00e9galement \u00e9vapor\u00e9e dans la chaleur brumeuse ou les notes d&rsquo;une fl\u00fbte, alors la joie dit que nous sommes.<\/p>\n","protected":false},"excerpt":{"rendered":"<p>Un voyage peut, momentan\u00e9ment, briser cette dynamique ali\u00e9nante et priver ses ressorts de leurs subsides. C&rsquo;est la raison pour laquelle il est n\u00e9cessaire, \u00e0 condition que nous nous sentions disponibles, d&rsquo;acc\u00e9l\u00e9rer le rythme du voyage comme on souffle le feu sur la forge ; de faire reculer les possibilit\u00e9s, d&rsquo;\u00e9puiser les r\u00e9serves, d&rsquo;ass\u00e9cher les compensations : marcher jusqu&rsquo;\u00e0 l&rsquo;\u00e9puisement, sauter de train en bus, se nourrir de peu&#8230;<br \/>\nCette asc\u00e8se d\u00e9stabilise le r\u00e9gime du mental, provoque la disparition des pens\u00e9es.<\/p>\n","protected":false},"author":1,"featured_media":0,"comment_status":"closed","ping_status":"closed","sticky":false,"template":"","format":"standard","meta":{"footnotes":""},"categories":[1150],"tags":[46,1151],"class_list":["post-12797","post","type-post","status-publish","format-standard","hentry","category-varenne-jean-michel","tag-silence","tag-voyage"],"yoast_head":"<!-- This site is optimized with the Yoast SEO plugin v27.0 - https:\/\/yoast.com\/product\/yoast-seo-wordpress\/ -->\n<title>La route de Konya par Jean-Michel Varenne - 3e mill\u00e9naire - Spiritualit\u00e9 - Connaissance de soi - Non-dualit\u00e9 - M\u00e9ditation<\/title>\n<meta name=\"robots\" content=\"index, follow, max-snippet:-1, max-image-preview:large, max-video-preview:-1\" \/>\n<link rel=\"canonical\" href=\"https:\/\/www.revue3emillenaire.com\/blog\/la-route-de-konya-par-jean-michel-varenne\/\" \/>\n<meta property=\"og:locale\" content=\"fr_FR\" \/>\n<meta property=\"og:type\" content=\"article\" \/>\n<meta property=\"og:title\" content=\"La route de Konya par Jean-Michel Varenne - 3e mill\u00e9naire - Spiritualit\u00e9 - Connaissance de soi - Non-dualit\u00e9 - M\u00e9ditation\" \/>\n<meta property=\"og:description\" content=\"Un voyage peut, momentan\u00e9ment, briser cette dynamique ali\u00e9nante et priver ses ressorts de leurs subsides. C&#039;est la raison pour laquelle il est n\u00e9cessaire, \u00e0 condition que nous nous sentions disponibles, d&#039;acc\u00e9l\u00e9rer le rythme du voyage comme on souffle le feu sur la forge ; de faire reculer les possibilit\u00e9s, d&#039;\u00e9puiser les r\u00e9serves, d&#039;ass\u00e9cher les compensations : marcher jusqu&#039;\u00e0 l&#039;\u00e9puisement, sauter de train en bus, se nourrir de peu... Cette asc\u00e8se d\u00e9stabilise le r\u00e9gime du mental, provoque la disparition des pens\u00e9es.\" \/>\n<meta property=\"og:url\" content=\"https:\/\/www.revue3emillenaire.com\/blog\/la-route-de-konya-par-jean-michel-varenne\/\" \/>\n<meta property=\"og:site_name\" content=\"3e mill\u00e9naire - Spiritualit\u00e9 - Connaissance de soi - Non-dualit\u00e9 - M\u00e9ditation\" \/>\n<meta property=\"article:published_time\" content=\"2013-01-06T15:03:32+00:00\" \/>\n<meta name=\"author\" content=\"3e mill\u00e9naire\" \/>\n<meta name=\"twitter:card\" content=\"summary_large_image\" \/>\n<meta name=\"twitter:label1\" content=\"\u00c9crit par\" \/>\n\t<meta name=\"twitter:data1\" content=\"3e mill\u00e9naire\" \/>\n\t<meta name=\"twitter:label2\" content=\"Dur\u00e9e de lecture estim\u00e9e\" \/>\n\t<meta name=\"twitter:data2\" content=\"3 minutes\" \/>\n<script type=\"application\/ld+json\" class=\"yoast-schema-graph\">{\"@context\":\"https:\/\/schema.org\",\"@graph\":[{\"@type\":\"Article\",\"@id\":\"https:\/\/www.revue3emillenaire.com\/blog\/la-route-de-konya-par-jean-michel-varenne\/#article\",\"isPartOf\":{\"@id\":\"https:\/\/www.revue3emillenaire.com\/blog\/la-route-de-konya-par-jean-michel-varenne\/\"},\"author\":{\"name\":\"3e mill\u00e9naire\",\"@id\":\"https:\/\/www.revue3emillenaire.com\/blog\/#\/schema\/person\/9a3a7cc4ccaa707f402d4394327106d5\"},\"headline\":\"La route de Konya par Jean-Michel Varenne\",\"datePublished\":\"2013-01-06T15:03:32+00:00\",\"mainEntityOfPage\":{\"@id\":\"https:\/\/www.revue3emillenaire.com\/blog\/la-route-de-konya-par-jean-michel-varenne\/\"},\"wordCount\":611,\"keywords\":[\"Silence\",\"Voyage\"],\"articleSection\":[\"Varenne Jean-Michel\"],\"inLanguage\":\"fr-FR\"},{\"@type\":\"WebPage\",\"@id\":\"https:\/\/www.revue3emillenaire.com\/blog\/la-route-de-konya-par-jean-michel-varenne\/\",\"url\":\"https:\/\/www.revue3emillenaire.com\/blog\/la-route-de-konya-par-jean-michel-varenne\/\",\"name\":\"La route de Konya par Jean-Michel Varenne - 3e mill\u00e9naire - Spiritualit\u00e9 - Connaissance de soi - Non-dualit\u00e9 - M\u00e9ditation\",\"isPartOf\":{\"@id\":\"https:\/\/www.revue3emillenaire.com\/blog\/#website\"},\"datePublished\":\"2013-01-06T15:03:32+00:00\",\"author\":{\"@id\":\"https:\/\/www.revue3emillenaire.com\/blog\/#\/schema\/person\/9a3a7cc4ccaa707f402d4394327106d5\"},\"breadcrumb\":{\"@id\":\"https:\/\/www.revue3emillenaire.com\/blog\/la-route-de-konya-par-jean-michel-varenne\/#breadcrumb\"},\"inLanguage\":\"fr-FR\",\"potentialAction\":[{\"@type\":\"ReadAction\",\"target\":[\"https:\/\/www.revue3emillenaire.com\/blog\/la-route-de-konya-par-jean-michel-varenne\/\"]}]},{\"@type\":\"BreadcrumbList\",\"@id\":\"https:\/\/www.revue3emillenaire.com\/blog\/la-route-de-konya-par-jean-michel-varenne\/#breadcrumb\",\"itemListElement\":[{\"@type\":\"ListItem\",\"position\":1,\"name\":\"Accueil\",\"item\":\"https:\/\/www.revue3emillenaire.com\/blog\/\"},{\"@type\":\"ListItem\",\"position\":2,\"name\":\"La route de Konya par Jean-Michel Varenne\"}]},{\"@type\":\"WebSite\",\"@id\":\"https:\/\/www.revue3emillenaire.com\/blog\/#website\",\"url\":\"https:\/\/www.revue3emillenaire.com\/blog\/\",\"name\":\"3e mill\u00e9naire - Spiritualit\u00e9 - Connaissance de soi - Non-dualit\u00e9 - M\u00e9ditation\",\"description\":\"L&#039;Homme en devenir\",\"potentialAction\":[{\"@type\":\"SearchAction\",\"target\":{\"@type\":\"EntryPoint\",\"urlTemplate\":\"https:\/\/www.revue3emillenaire.com\/blog\/?s={search_term_string}\"},\"query-input\":{\"@type\":\"PropertyValueSpecification\",\"valueRequired\":true,\"valueName\":\"search_term_string\"}}],\"inLanguage\":\"fr-FR\"},{\"@type\":\"Person\",\"@id\":\"https:\/\/www.revue3emillenaire.com\/blog\/#\/schema\/person\/9a3a7cc4ccaa707f402d4394327106d5\",\"name\":\"3e mill\u00e9naire\",\"url\":\"https:\/\/www.revue3emillenaire.com\/blog\/author\/admin\/\"}]}<\/script>\n<!-- \/ Yoast SEO plugin. -->","yoast_head_json":{"title":"La route de Konya par Jean-Michel Varenne - 3e mill\u00e9naire - Spiritualit\u00e9 - Connaissance de soi - Non-dualit\u00e9 - M\u00e9ditation","robots":{"index":"index","follow":"follow","max-snippet":"max-snippet:-1","max-image-preview":"max-image-preview:large","max-video-preview":"max-video-preview:-1"},"canonical":"https:\/\/www.revue3emillenaire.com\/blog\/la-route-de-konya-par-jean-michel-varenne\/","og_locale":"fr_FR","og_type":"article","og_title":"La route de Konya par Jean-Michel Varenne - 3e mill\u00e9naire - Spiritualit\u00e9 - Connaissance de soi - Non-dualit\u00e9 - M\u00e9ditation","og_description":"Un voyage peut, momentan\u00e9ment, briser cette dynamique ali\u00e9nante et priver ses ressorts de leurs subsides. C'est la raison pour laquelle il est n\u00e9cessaire, \u00e0 condition que nous nous sentions disponibles, d'acc\u00e9l\u00e9rer le rythme du voyage comme on souffle le feu sur la forge ; de faire reculer les possibilit\u00e9s, d'\u00e9puiser les r\u00e9serves, d'ass\u00e9cher les compensations : marcher jusqu'\u00e0 l'\u00e9puisement, sauter de train en bus, se nourrir de peu... Cette asc\u00e8se d\u00e9stabilise le r\u00e9gime du mental, provoque la disparition des pens\u00e9es.","og_url":"https:\/\/www.revue3emillenaire.com\/blog\/la-route-de-konya-par-jean-michel-varenne\/","og_site_name":"3e mill\u00e9naire - Spiritualit\u00e9 - Connaissance de soi - Non-dualit\u00e9 - M\u00e9ditation","article_published_time":"2013-01-06T15:03:32+00:00","author":"3e mill\u00e9naire","twitter_card":"summary_large_image","twitter_misc":{"\u00c9crit par":"3e mill\u00e9naire","Dur\u00e9e de lecture estim\u00e9e":"3 minutes"},"schema":{"@context":"https:\/\/schema.org","@graph":[{"@type":"Article","@id":"https:\/\/www.revue3emillenaire.com\/blog\/la-route-de-konya-par-jean-michel-varenne\/#article","isPartOf":{"@id":"https:\/\/www.revue3emillenaire.com\/blog\/la-route-de-konya-par-jean-michel-varenne\/"},"author":{"name":"3e mill\u00e9naire","@id":"https:\/\/www.revue3emillenaire.com\/blog\/#\/schema\/person\/9a3a7cc4ccaa707f402d4394327106d5"},"headline":"La route de Konya par Jean-Michel Varenne","datePublished":"2013-01-06T15:03:32+00:00","mainEntityOfPage":{"@id":"https:\/\/www.revue3emillenaire.com\/blog\/la-route-de-konya-par-jean-michel-varenne\/"},"wordCount":611,"keywords":["Silence","Voyage"],"articleSection":["Varenne Jean-Michel"],"inLanguage":"fr-FR"},{"@type":"WebPage","@id":"https:\/\/www.revue3emillenaire.com\/blog\/la-route-de-konya-par-jean-michel-varenne\/","url":"https:\/\/www.revue3emillenaire.com\/blog\/la-route-de-konya-par-jean-michel-varenne\/","name":"La route de Konya par Jean-Michel Varenne - 3e mill\u00e9naire - Spiritualit\u00e9 - Connaissance de soi - Non-dualit\u00e9 - M\u00e9ditation","isPartOf":{"@id":"https:\/\/www.revue3emillenaire.com\/blog\/#website"},"datePublished":"2013-01-06T15:03:32+00:00","author":{"@id":"https:\/\/www.revue3emillenaire.com\/blog\/#\/schema\/person\/9a3a7cc4ccaa707f402d4394327106d5"},"breadcrumb":{"@id":"https:\/\/www.revue3emillenaire.com\/blog\/la-route-de-konya-par-jean-michel-varenne\/#breadcrumb"},"inLanguage":"fr-FR","potentialAction":[{"@type":"ReadAction","target":["https:\/\/www.revue3emillenaire.com\/blog\/la-route-de-konya-par-jean-michel-varenne\/"]}]},{"@type":"BreadcrumbList","@id":"https:\/\/www.revue3emillenaire.com\/blog\/la-route-de-konya-par-jean-michel-varenne\/#breadcrumb","itemListElement":[{"@type":"ListItem","position":1,"name":"Accueil","item":"https:\/\/www.revue3emillenaire.com\/blog\/"},{"@type":"ListItem","position":2,"name":"La route de Konya par Jean-Michel Varenne"}]},{"@type":"WebSite","@id":"https:\/\/www.revue3emillenaire.com\/blog\/#website","url":"https:\/\/www.revue3emillenaire.com\/blog\/","name":"3e mill\u00e9naire - Spiritualit\u00e9 - Connaissance de soi - Non-dualit\u00e9 - M\u00e9ditation","description":"L&#039;Homme en devenir","potentialAction":[{"@type":"SearchAction","target":{"@type":"EntryPoint","urlTemplate":"https:\/\/www.revue3emillenaire.com\/blog\/?s={search_term_string}"},"query-input":{"@type":"PropertyValueSpecification","valueRequired":true,"valueName":"search_term_string"}}],"inLanguage":"fr-FR"},{"@type":"Person","@id":"https:\/\/www.revue3emillenaire.com\/blog\/#\/schema\/person\/9a3a7cc4ccaa707f402d4394327106d5","name":"3e mill\u00e9naire","url":"https:\/\/www.revue3emillenaire.com\/blog\/author\/admin\/"}]}},"_links":{"self":[{"href":"https:\/\/www.revue3emillenaire.com\/blog\/wp-json\/wp\/v2\/posts\/12797","targetHints":{"allow":["GET"]}}],"collection":[{"href":"https:\/\/www.revue3emillenaire.com\/blog\/wp-json\/wp\/v2\/posts"}],"about":[{"href":"https:\/\/www.revue3emillenaire.com\/blog\/wp-json\/wp\/v2\/types\/post"}],"author":[{"embeddable":true,"href":"https:\/\/www.revue3emillenaire.com\/blog\/wp-json\/wp\/v2\/users\/1"}],"replies":[{"embeddable":true,"href":"https:\/\/www.revue3emillenaire.com\/blog\/wp-json\/wp\/v2\/comments?post=12797"}],"version-history":[{"count":0,"href":"https:\/\/www.revue3emillenaire.com\/blog\/wp-json\/wp\/v2\/posts\/12797\/revisions"}],"wp:attachment":[{"href":"https:\/\/www.revue3emillenaire.com\/blog\/wp-json\/wp\/v2\/media?parent=12797"}],"wp:term":[{"taxonomy":"category","embeddable":true,"href":"https:\/\/www.revue3emillenaire.com\/blog\/wp-json\/wp\/v2\/categories?post=12797"},{"taxonomy":"post_tag","embeddable":true,"href":"https:\/\/www.revue3emillenaire.com\/blog\/wp-json\/wp\/v2\/tags?post=12797"}],"curies":[{"name":"wp","href":"https:\/\/api.w.org\/{rel}","templated":true}]}}