{"id":12935,"date":"2013-01-29T03:29:35","date_gmt":"2013-01-29T02:29:35","guid":{"rendered":"http:\/\/www.revue3emillenaire.com\/blog\/?p=12935"},"modified":"2013-01-29T03:29:35","modified_gmt":"2013-01-29T02:29:35","slug":"le-role-de-la-memoire-dans-lidentification-par-wolter-a-keers","status":"publish","type":"post","link":"https:\/\/www.revue3emillenaire.com\/blog\/le-role-de-la-memoire-dans-lidentification-par-wolter-a-keers\/","title":{"rendered":"Le r\u00f4le de la m\u00e9moire dans l&rsquo;identification par Wolter A. Keers"},"content":{"rendered":"<p style=\"text-align: justify;\">(Revue \u00catre. N<sup>o<\/sup> 3. 2<sup>e<\/sup>\u00a0 ann\u00e9e. 1974)<\/p>\n<p style=\"text-align: justify;\"><em>Le titre est de 3<sup>e<\/sup> \u00a0Mill\u00e9naire<\/em><\/p>\n<p style=\"text-align: justify;\"><strong>JNANA-YOGA<\/strong><\/p>\n<p style=\"text-align: justify;\">Un des moyens permettant de se d\u00e9faire de l&rsquo;identification avec le corps consiste \u00e0 examiner le r\u00f4le de la m\u00e9moire dans notre conception du temps. C&rsquo;est notre m\u00e9moire qui nous fait croire que nous sommes des personnalit\u00e9s ayant une identit\u00e9 constante dans le temps, par exemple que nous sommes aujourd&rsquo;hui celui-l\u00e0 m\u00eame qui a pass\u00e9 ses vacances \u00e0 Nice il y a trois mois, dont l&rsquo;enfance s&rsquo;est d\u00e9roul\u00e9e sous l&rsquo;\u0153il s\u00e9v\u00e8re ou bienveillant d&rsquo;un p\u00e8re, d&rsquo;une m\u00e8re ou d&rsquo;un tuteur quelconque. Chaque \u00e9v\u00e9nement enregistr\u00e9 par notre m\u00e9moire pr\u00e9suppose un pass\u00e9 qui nous appara\u00eet comme ayant une existence ind\u00e9pendante. Ce pass\u00e9 prend la forme d&rsquo;un assemblage d&rsquo;images pr\u00e9cieusement conserv\u00e9es dans notre subconscient. En quoi ce raisonnement est-il sp\u00e9cieux ? Le pr\u00e9sent, cet instant fugace qu&rsquo;on appelle maintenant, est le moment o\u00f9 le futur devient le pass\u00e9. A mesure qu&rsquo;ils appartiennent au pass\u00e9, une action, une perception, une pens\u00e9e cessent totalement d&rsquo;exister. Il est clair qu&rsquo;il y a pr\u00e9alablement conscience et que c&rsquo;est dans cette conscience qu&rsquo;une pens\u00e9e surgit pour ensuite s&rsquo;y dissoudre. Ce qui demeure est la pure conscience, qui en elle-m\u00eame est intemporelle et en laquelle se cr\u00e9e l&rsquo;id\u00e9e du temps comme de toute autre chose. Le pass\u00e9 est ce qui n&rsquo;existe plus et le futur est ce qui n&rsquo;existe pas encore mais ce sont l\u00e0 des fa\u00e7ons de penser dans le pr\u00e9sent. Sur la premi\u00e8re fa\u00e7on de penser je mets l&rsquo;\u00e9tiquette pass\u00e9 et sur la seconde je mets le mot futur.<\/p>\n<p style=\"text-align: justify;\">Personne ne peut \u00e9chapper, f\u00fbt-ce une fraction de seconde, \u00e0 cet instant indivisible qu&rsquo;est le pr\u00e9sent. Supposons qu&rsquo;il nous soit possible de voyager vers d&rsquo;autres plan\u00e8tes \u00e0 une vitesse sup\u00e9rieure \u00e0 celle de la lumi\u00e8re et de revenir sur la Terre avant de l&rsquo;avoir quitt\u00e9e. Jamais le pr\u00e9sent n&rsquo;aurait pu se d\u00e9rober. Le pass\u00e9 comme tel n&rsquo;existe pas \u00e9tant ce qui n&rsquo;existe plus et le futur comme tel n&rsquo;existe pas encore. Personne ne les a jamais exp\u00e9riment\u00e9s. Et s&rsquo;il est vrai que le pr\u00e9sent est l&rsquo;instant o\u00f9 le futur devient le pass\u00e9 on peut en d\u00e9duire que ce pr\u00e9sent fugace n&rsquo;a aucune existence r\u00e9elle et perceptible. Le temps correspond \u00e0 une fa\u00e7on de penser que les hommes ont adopt\u00e9e apr\u00e8s avoir d\u00e9couvert que le Soleil tournait autour de la Terre. La d\u00e9couverte ult\u00e9rieure que c&rsquo;est la Terre qui tourne autour du Soleil n&rsquo;a en rien modifi\u00e9 notre sens du temps. Que cette fa\u00e7on de penser apparaisse comme \u00e9tant tr\u00e8s relative devient \u00e9vident quand on consid\u00e8re les syst\u00e8mes plan\u00e9taires. Il n&rsquo;y a pas que le Soleil et la Terre qui ex\u00e9cutent cette danse cosmique, mais des millions d&rsquo;autres \u00e9toiles et le rapport entre ces deux vers luisants perd toute valeur comme norme par comparaison avec les rapports ind\u00e9finiment variables existant entre les multiples plan\u00e8tes des autres syst\u00e8mes galactiques.<\/p>\n<p style=\"text-align: justify;\">Au fond tout le probl\u00e8me du temps revient au raisonnement suivant. Nous divisons l&rsquo;unique exp\u00e9rience que Je suis en des parcelles infinit\u00e9simales que nous appelons moments pr\u00e9sents. Ensuite nous mesurons leur somme pour autant que nous en soyons capables et disons : le temps (c&rsquo;est-\u00e0-dire la distance) qui s\u00e9pare ce point-ci de celui-l\u00e0 \u00e9gale 3 ou 10 ou 100 fois cette parcelle. Je partage le tout en m\u00e8tres et je pr\u00e9tends ensuite qu&rsquo;une certaine distance vaut autant de fois la norme que j&rsquo;ai adopt\u00e9e. Qu&rsquo;est-ce qui garantit la validit\u00e9 de ce raisonnement ? Il est certain que cette notion du temps m&rsquo;est utile lorsque je voyage mais l&rsquo;utile ne m&rsquo;aide en rien dans la recherche de la v\u00e9rit\u00e9 car je suis incapable de justifier la norme que j&rsquo;ai adopt\u00e9e. Il m&rsquo;est impossible de dire ce qu&rsquo;est un, encore moins deux ou 1970. Toute la question du temps \u2014 et par cons\u00e9quent de l&rsquo;espace \u2014 revient donc \u00e0 une fa\u00e7on de penser et elle d\u00e9pend enti\u00e8rement de l&rsquo;identification avec le corps. Un objet me semble distant ou proche, grand ou petit, suivant sa relation par rapport \u00e0 mon corps et je traduis sa forme, ses proportions dans les termes de ma propre corpor\u00e9it\u00e9. Le probl\u00e8me s&rsquo;\u00e9claire d\u00e8s que je comprends que je ne suis pas le corps, que celui-ci est un ph\u00e9nom\u00e8ne dont je suis le t\u00e9moin chaque fois qu&rsquo;il se manifeste. C&rsquo;est en moi que se pr\u00e9sente l&rsquo;objet \u00ab\u00a0corps\u00a0\u00bb avec cette notion de temps qui lui est propre. Cette notion n&rsquo;est en aucune mani\u00e8re inh\u00e9rente \u00e0 mon \u00eatre. L&rsquo;isolement de quelques semaines dans une grotte obscure peut annihiler cette notion et m&rsquo;en faire cr\u00e9er une autre, mais \u00ab\u00a0Je\u00a0\u00bb reste ce que je suis \u2014 immuablement.<\/p>\n<p style=\"text-align: justify;\">Le temps ne devient r\u00e9el que dans la mesure o\u00f9 j&rsquo;attribue une r\u00e9alit\u00e9 ind\u00e9pendante \u00e0 des choses qui ne la poss\u00e8dent pas : le pass\u00e9 et le futur. C&rsquo;est en adoptant ce point de vue insoutenable que la m\u00e9moire r\u00e9ussit \u00e0 se cr\u00e9er une r\u00e9alit\u00e9, \u00e0 avoir une densit\u00e9 tout \u00e0 fait imaginaire. Elle s&rsquo;infiltre lentement et insidieusement dans la personnalit\u00e9 et devient une des ancres les plus solides de l&rsquo;\u00e9go. Car&#8230; \u00ab\u00a0c&rsquo;est tout de m\u00eame vrai que j&rsquo;ai pass\u00e9 mes vacances \u00e0 Nice cet \u00e9t\u00e9&#8230;, n&rsquo;est-ce pas ?\u00a0\u00bb Un tel raisonnement revient \u00e0 vouloir prouver l&rsquo;existence de la m\u00e9moire par le seul recours \u00e0 la m\u00e9moire. C&rsquo;est comme si, dans un r\u00eave, on faisait appara\u00eetre un personnage pour prouver que tout ce qui se passe dans ce r\u00eave est vrai, est r\u00e9el. Au r\u00e9veil on d\u00e9couvre que ce n&rsquo;\u00e9tait qu&rsquo;un r\u00eave et que tout ce qu&rsquo;on a vu et entendu se situait dans un monde imaginaire, n&rsquo;ayant aucune existence autonome et d\u00e9pendant uniquement de la conscience dans laquelle il se manifeste, qui en est toute la substance. La m\u00e9moire est comparable au d\u00e9roulement d&rsquo;un film cin\u00e9matographique et consiste \u00e0 projeter une s\u00e9rie d&rsquo;images sur l&rsquo;\u00e9cran de la conscience. De m\u00eame \u00e0 la t\u00e9l\u00e9vision l&rsquo;image provient d&rsquo;un point lumineux qui se d\u00e9place \u00e0 une vitesse vertigineuse pour cr\u00e9er l&rsquo;illusion du mouvement. L&rsquo;homme ordinaire ne se rend pas compte qu&rsquo;il proc\u00e8de de m\u00eame avec chaque perception, chaque pens\u00e9e. On a vu dans un article pr\u00e9c\u00e9dent que les aperceptions sensorielles ne sont pas autre chose que des pens\u00e9es. Ce qui vient d&rsquo;\u00eatre envisag\u00e9 ressortit exclusivement \u00e0 la cat\u00e9gorie pens\u00e9e et ce qui est vrai pour la pens\u00e9e l&rsquo;est pareillement pour une perception sensorielle. Lorsque je me concentre sur l&rsquo;instant atome qu&rsquo;est le pr\u00e9sent, je constate sans effort que je ne puis saisir une id\u00e9e enti\u00e8re en un seul moment. Prenons cette derni\u00e8re phrase comme exemple : lorsque j&rsquo;arrive au dernier mot \u00ab\u00a0moment\u00a0\u00bb ce qui pr\u00e9c\u00e8de n&rsquo;existe d\u00e9j\u00e0 plus et j&rsquo;ai besoin de la m\u00e9moire pour en faire un tout logique, coh\u00e9rent. Mais mon exp\u00e9rience au sens strict du mot se limite \u00e0 un son ou \u00e0 une partie infime du texte imprim\u00e9. Plus je me concentre sur ce pr\u00e9sent \u00e9vanescent et plus il s&rsquo;amenuise. Il existe un yoga-s\u00e2dhana qui fut recommand\u00e9 par Ramana Maharshi et qui consiste \u00e0 se concentrer sur l&rsquo;instant pr\u00e9sent. Celui-ci dans ce processus, se r\u00e9duit de plus en plus jusqu&rsquo;\u00e0 devenir un point qu&rsquo;on peut appeler litt\u00e9ralement atomique, un point indivisible, un moment si bref, si furtif qu&rsquo;il est impossible de le r\u00e9duire davantage. Alors se produit une sorte d&rsquo;explosion, l&rsquo;indivisible \u00e9clate et on vit tout \u00e0 coup \u00ab\u00a0l&rsquo;exp\u00e9rience cosmique\u00a0\u00bb, d\u00e9finition qu&rsquo;on surajoute peu apr\u00e8s.<\/p>\n<p style=\"text-align: justify;\">Le m\u00e9canisme mental fait appara\u00eetre le pr\u00e9sent comme \u00e9tant form\u00e9 d&rsquo;instants infinit\u00e9simaux, mais c&rsquo;est l&rsquo;intrusion de la m\u00e9moire qui nous fait croire que l&rsquo;instant indivisible n&rsquo;existe pas et qu&rsquo;on a affaire en r\u00e9alit\u00e9 \u00e0 une situation qui dure (\u00ab\u00a0comme je me sens bien ce soir\u00a0\u00bb&#8230;). Si l&rsquo;exp\u00e9rience est positive, agr\u00e9able, le pr\u00e9sent nous semble bref car l&rsquo;exp\u00e9rience du bonheur nous r\u00e9v\u00e8le notre \u00eatre v\u00e9ritable et nous d\u00e9pouille de ce \u00ab\u00a0moi\u00a0\u00bb imaginaire auquel nous pr\u00eatons vie. La souffrance, par contre, nous plonge dans un \u00e9tat de carence, de pesanteur; aussi un tel \u00e9tat nous para\u00eet insupportablement long. Le v\u00e9ritable bonheur est intemporel, au-del\u00e0 de la dur\u00e9e. Prenons un exemple neutre; fermons les yeux et imaginons un \u00e9l\u00e9phant : voil\u00e0 cet animal \u00e9trange, avec sa trompe \u00e9norme et sa queue si menue. Cette image qu&rsquo;est-elle au fond ? Elle est form\u00e9e par un nombre ind\u00e9fini de petits points lumineux co\u00efncidant avec chaque instant d&rsquo;une s\u00e9rie en ordre successif. Si l&rsquo;on regarde une torche agit\u00e9e circulairement nous ne voyons plus une flamme au bout d&rsquo;une torche mais un cercle de feu et de lumi\u00e8re. Les milliers de points lumineux correspondant \u00e0 chaque perception se confondent et forment un tout, nous faisant voir ce qui n&rsquo;est qu&rsquo;un effet de la vitesse avec laquelle les perceptions se succ\u00e8dent. Ce qui est vrai pour le cercle dans le domaine visuel l&rsquo;est \u00e9galement pour l&rsquo;\u00e9l\u00e9phant dans le domaine imaginaire. Autrement dit, la machine mentale met en sc\u00e8ne une action retard\u00e9e de telle mani\u00e8re que des perceptions pass\u00e9es semblent pr\u00e9sentes. Cette action r\u00e9currente caract\u00e9rise la m\u00e9moire. C&rsquo;est uniquement parce que nous nous rappelons le d\u00e9but d&rsquo;une phrase en arrivant \u00e0 la fin que nous comprenons le tout. La m\u00e9moire n&rsquo;est pas une qualit\u00e9 inh\u00e9rente \u00e0 nous-m\u00eame mais un ph\u00e9nom\u00e8ne propre \u00e0 l&rsquo;objet de la perception.<\/p>\n<p style=\"text-align: justify;\">Ce n&rsquo;est pas Moi \u2014 qui vis hors du temps et de l&rsquo;espace \u2014 qui me rappelle ce qui est arriv\u00e9 en tel ou tel lieu, \u00e0 tel ou tel moment, mais c&rsquo;est en moi qu&rsquo;en cet instant jaillit l&rsquo;id\u00e9e d&rsquo;une impression r\u00e9volue. M\u00eame un enfant peut constater que l&rsquo;id\u00e9e vient maintenant et c&rsquo;est encore trop dire. Je ne me rappelle rien, c&rsquo;est l&rsquo;id\u00e9e qui s&rsquo;impose \u00e0 moi sous forme de souvenir. En derni\u00e8re instance on pourrait dire qu&rsquo;il s&rsquo;agit d&rsquo;un vol. La m\u00e9moire tend \u00e0 nous faire croire que des \u00e9v\u00e9nements ant\u00e9rieurs continuent \u00e0 mener une existence permanente, comme les bandes programm\u00e9es d&rsquo;un ordinateur. En fait c&rsquo;est l&rsquo;\u00e9go qui usurpe la permanence de l&rsquo;\u00e9tat sans \u00e9go. Je sais intuitivement que Je ne suis pas un ph\u00e9nom\u00e8ne \u00e9vanescent : ne suis-je pas \u00e0 chaque moment de la vie moi-m\u00eame ? et cette conviction ne s&rsquo;impose-t-elle pas en permanence et \u00e0 chacun ? La question est donc : quel est ce Je qui est \u00e0 jamais pr\u00e9sent ? Ce n&rsquo;est pas le je-\u00e9go, le je minuscule, limit\u00e9, mais le Je qu&rsquo;on a d\u00e9j\u00e0 appel\u00e9 conscience, l&rsquo;essence dans laquelle le sentiment du je-\u00e9go se manifeste et gr\u00e2ce \u00e0 laquelle celui-ci peut surgir de temps \u00e0 autre. Le malentendu tient au fait que le petit je, qui n&rsquo;est qu&rsquo;une pens\u00e9e parmi d&rsquo;autres, un r\u00e9flexe, accapare ind\u00fbment la qualit\u00e9 de la permanence. \u00ab\u00a0N&rsquo;est-il pas vrai que je suis l\u00e0 toujours, en toutes circonstances, et depuis bien des ann\u00e9es ?\u00a0\u00bb Bien s\u00fbr. Il importe de d\u00e9m\u00ealer cette double signification du mot \u00ab\u00a0je\u00a0\u00bb car le \u00ab\u00a0je\u00a0\u00bb en tant que corps, perceptions sensorielle, pens\u00e9es et sentiments, dispara\u00eet \u00e0 chaque instant et est aussi \u00e9ph\u00e9m\u00e8re que la fleur des champs. \u00ab\u00a0Quand le vent l&rsquo;a enlac\u00e9e, elle n&rsquo;est d\u00e9j\u00e0 plus et son lieu de croissance lui devient inconnu\u00a0\u00bb (Psaumes, 103, 15-16). Etant donn\u00e9 que nous vivons dans le monde de nos propres pens\u00e9es, un monde auquel nul ne peut \u00e9chapper, cette r\u00e8gle s&rsquo;applique \u00e0 tout et \u00e0 tous.<\/p>\n<p style=\"text-align: justify;\">Nos nuits et nos jours \u2014 \u00e0 l&rsquo;exception du sommeil profond et des moments qui s\u00e9parent deux pens\u00e9es ou sentiments \u2014 sont form\u00e9s d&rsquo;une s\u00e9rie prodigieuse de formes-pens\u00e9es, d&rsquo;images \u00e9ph\u00e9m\u00e8res. Quand l&rsquo;image se dissout dans la conscience elle a cess\u00e9 pour toujours d&rsquo;exister et ne reviendra plus jamais dans le champ de l&rsquo;observation. Ce sera une autre image qui sera appel\u00e9e maison, corps, ami, ennemi, une autre pens\u00e9e, un autre sentiment. Ce qui est pass\u00e9 est&#8230; pass\u00e9 et ne revient jamais dans le pr\u00e9sent. Celui qui comprend cela d\u00e9pose pour toujours un lourd fardeau. Pourquoi regretter le pass\u00e9 ? En \u00e9prouvant des remords pour des fautes commises autrefois nous consolidons l&rsquo;illusion d&rsquo;un pass\u00e9 subsistant, nous r\u00e9trogradons au niveau o\u00f9 nous \u00e9tions autrefois. Les regrets ne font que renforcer l&rsquo;\u00e9go et avec cette fa\u00e7on illusoire de penser et de sentir nous revenons \u00e0 nos fautes, toujours les m\u00eames d&rsquo;ailleurs. C&rsquo;est une constatation que ne cessent de faire les psychoth\u00e9rapeutes. S&rsquo;arracher \u00e0 cette mis\u00e8re, car le pass\u00e9 n&rsquo;est souvent que mis\u00e8re, n&rsquo;est pas tellement difficile. Il suffit de comprendre que cette personnalit\u00e9-l\u00e0 est un leurre; ce ph\u00e9nom\u00e8ne qui est cens\u00e9 permanent est en r\u00e9alit\u00e9 \u00e9ph\u00e9m\u00e8re comme n&rsquo;importe quelle pens\u00e9e, n&rsquo;importe quel sentiment. En v\u00e9rit\u00e9, je suis cette Exp\u00e9rience unique et indivisible dans laquelle se manifeste tout le film y compris les images sur lesquelles je mets les \u00e9tiquettes \u00ab\u00a0je\u00a0\u00bb, \u00ab\u00a0moi\u00a0\u00bb, personnalit\u00e9, individualit\u00e9, etc. Le temps et la m\u00e9moire ne sont que des mani\u00e8res de penser qui n&rsquo;existent que pour autant qu&rsquo;ils deviennent une id\u00e9e parmi celles qui sont catalogu\u00e9es perceptions, conceptions, \u00e9motions, etc., et mon Moi v\u00e9ritable continue d&rsquo;exister, qu&rsquo;il y ait pens\u00e9e ou non. Je suis cette Exp\u00e9rience unique qui ne peut \u00eatre divis\u00e9e bien que la m\u00e9moire tende \u00e0 me le faire croire.<\/p>\n<p style=\"text-align: justify;\">La seule chose qui est toujours pr\u00e9sente est le Moi, en tant que Conscience, Essence. Tout le m\u00e9canisme de l&rsquo;intellect se situe dans la sph\u00e8re objective, c&rsquo;est un objet, subtil et raffin\u00e9 bien s\u00fbr, de la conscience. Dans ses tentatives pour me faire croire que je le per\u00e7ois comme une partie int\u00e9grante de moi-m\u00eame, il s&rsquo;efforce de me r\u00e9duire \u00e0 ses propres termes. En r\u00e9alit\u00e9, je ne suis ni actif, ni passif, je suis le t\u00e9moin impassible du temps et de l&rsquo;espace, de l&rsquo;activit\u00e9 et de la passivit\u00e9, des conceptualisations et des rem\u00e9morations. Je reste identique \u00e0 moi-m\u00eame comme l&rsquo;espace accueille les nuages qui le traversent sans le souiller, comme le soleil n&rsquo;est pas affect\u00e9 par les plan\u00e8tes qui passent dans son orbe et empruntent sa lumi\u00e8re.<\/p>\n<p style=\"text-align: justify;\">Celui qui saisit pleinement cette v\u00e9rit\u00e9 ne cherche pas le bonheur dans un concours de circonstances, car toute situation temporelle, qu&rsquo;elle soit agr\u00e9able ou non, est comme la \u00ab\u00a0fleur des champs\u00a0\u00bb. Celui qui ne perd pas de vue que toute chose n&rsquo;est qu&rsquo;une image dans la Conscience est le roi de l&rsquo;univers. Personne ne peut l&rsquo;amoindrir et rien ne peut l&rsquo;asservir. N&rsquo;\u00e9tant \u00ab\u00a0incorpor\u00e9\u00a0\u00bb qu&rsquo;en apparence, il est \u00e0 l&rsquo;abri de toutes les contraintes. Si l&rsquo;on attache son corps il ne sera jamais r\u00e9ellement li\u00e9. Si on l&rsquo;assujettit \u00e0 des lois il restera ce qu&rsquo;il est car, par del\u00e0 les apparences, il est et reste la libert\u00e9 m\u00eame.<\/p>\n","protected":false},"excerpt":{"rendered":"<p>C&rsquo;est en adoptant ce point de vue insoutenable que la m\u00e9moire r\u00e9ussit \u00e0 se cr\u00e9er une r\u00e9alit\u00e9, \u00e0 avoir une densit\u00e9 tout \u00e0 fait imaginaire. Elle s&rsquo;infiltre lentement et insidieusement dans la personnalit\u00e9 et devient une des ancres les plus solides de l&rsquo;\u00e9go. Car&#8230; \u00ab\u00a0c&rsquo;est tout de m\u00eame vrai que j&rsquo;ai pass\u00e9 mes vacances \u00e0 Nice cet \u00e9t\u00e9&#8230;, n&rsquo;est-ce pas ?\u00a0\u00bb Un tel raisonnement revient \u00e0 vouloir prouver l&rsquo;existence de la m\u00e9moire par le seul recours \u00e0 la m\u00e9moire. C&rsquo;est comme si, dans un r\u00eave, on faisait appara\u00eetre un personnage pour prouver que tout ce qui se passe dans ce r\u00eave est vrai, est r\u00e9el. Au r\u00e9veil on d\u00e9couvre que ce n&rsquo;\u00e9tait qu&rsquo;un r\u00eave et que tout ce qu&rsquo;on a vu et entendu se situait dans un monde imaginaire, n&rsquo;ayant aucune existence autonome et d\u00e9pendant uniquement de la conscience dans laquelle il se manifeste, qui en est toute la substance. La m\u00e9moire est comparable au d\u00e9roulement d&rsquo;un film cin\u00e9matographique et consiste \u00e0 projeter une s\u00e9rie d&rsquo;images sur l&rsquo;\u00e9cran de la conscience&#8230;<\/p>\n","protected":false},"author":1,"featured_media":12941,"comment_status":"closed","ping_status":"closed","sticky":false,"template":"","format":"standard","meta":{"footnotes":""},"categories":[1137],"tags":[1138,117,8,240,272,159],"class_list":["post-12935","post","type-post","status-publish","format-standard","has-post-thumbnail","hentry","category-keers-wolter-a","tag-identification","tag-memoire","tag-non-dualite","tag-processus-du-moi","tag-temoin","tag-temps"],"yoast_head":"<!-- This site is optimized with the Yoast SEO plugin v27.0 - https:\/\/yoast.com\/product\/yoast-seo-wordpress\/ -->\n<title>Le r\u00f4le de la m\u00e9moire dans l&#039;identification par Wolter A. Keers - 3e mill\u00e9naire - Spiritualit\u00e9 - Connaissance de soi - Non-dualit\u00e9 - M\u00e9ditation<\/title>\n<meta name=\"robots\" content=\"index, follow, max-snippet:-1, max-image-preview:large, max-video-preview:-1\" \/>\n<link rel=\"canonical\" href=\"https:\/\/www.revue3emillenaire.com\/blog\/le-role-de-la-memoire-dans-lidentification-par-wolter-a-keers\/\" \/>\n<meta property=\"og:locale\" content=\"fr_FR\" \/>\n<meta property=\"og:type\" content=\"article\" \/>\n<meta property=\"og:title\" content=\"Le r\u00f4le de la m\u00e9moire dans l&#039;identification par Wolter A. Keers - 3e mill\u00e9naire - Spiritualit\u00e9 - Connaissance de soi - Non-dualit\u00e9 - M\u00e9ditation\" \/>\n<meta property=\"og:description\" content=\"C&#039;est en adoptant ce point de vue insoutenable que la m\u00e9moire r\u00e9ussit \u00e0 se cr\u00e9er une r\u00e9alit\u00e9, \u00e0 avoir une densit\u00e9 tout \u00e0 fait imaginaire. Elle s&#039;infiltre lentement et insidieusement dans la personnalit\u00e9 et devient une des ancres les plus solides de l&#039;\u00e9go. Car... &quot;c&#039;est tout de m\u00eame vrai que j&#039;ai pass\u00e9 mes vacances \u00e0 Nice cet \u00e9t\u00e9..., n&#039;est-ce pas ?&quot; Un tel raisonnement revient \u00e0 vouloir prouver l&#039;existence de la m\u00e9moire par le seul recours \u00e0 la m\u00e9moire. C&#039;est comme si, dans un r\u00eave, on faisait appara\u00eetre un personnage pour prouver que tout ce qui se passe dans ce r\u00eave est vrai, est r\u00e9el. Au r\u00e9veil on d\u00e9couvre que ce n&#039;\u00e9tait qu&#039;un r\u00eave et que tout ce qu&#039;on a vu et entendu se situait dans un monde imaginaire, n&#039;ayant aucune existence autonome et d\u00e9pendant uniquement de la conscience dans laquelle il se manifeste, qui en est toute la substance. La m\u00e9moire est comparable au d\u00e9roulement d&#039;un film cin\u00e9matographique et consiste \u00e0 projeter une s\u00e9rie d&#039;images sur l&#039;\u00e9cran de la conscience...\" \/>\n<meta property=\"og:url\" content=\"https:\/\/www.revue3emillenaire.com\/blog\/le-role-de-la-memoire-dans-lidentification-par-wolter-a-keers\/\" \/>\n<meta property=\"og:site_name\" content=\"3e mill\u00e9naire - Spiritualit\u00e9 - Connaissance de soi - Non-dualit\u00e9 - M\u00e9ditation\" \/>\n<meta property=\"article:published_time\" content=\"2013-01-29T02:29:35+00:00\" \/>\n<meta property=\"og:image\" content=\"https:\/\/www.revue3emillenaire.com\/blog\/wp-content\/uploads\/2013\/01\/Wkeers3.jpg\" \/>\n\t<meta property=\"og:image:width\" content=\"222\" \/>\n\t<meta property=\"og:image:height\" content=\"239\" \/>\n\t<meta property=\"og:image:type\" content=\"image\/jpeg\" \/>\n<meta name=\"author\" content=\"3e mill\u00e9naire\" \/>\n<meta name=\"twitter:card\" content=\"summary_large_image\" \/>\n<meta name=\"twitter:label1\" content=\"\u00c9crit par\" \/>\n\t<meta name=\"twitter:data1\" content=\"3e mill\u00e9naire\" \/>\n\t<meta name=\"twitter:label2\" content=\"Dur\u00e9e de lecture estim\u00e9e\" \/>\n\t<meta name=\"twitter:data2\" content=\"13 minutes\" \/>\n<script type=\"application\/ld+json\" class=\"yoast-schema-graph\">{\"@context\":\"https:\/\/schema.org\",\"@graph\":[{\"@type\":\"Article\",\"@id\":\"https:\/\/www.revue3emillenaire.com\/blog\/le-role-de-la-memoire-dans-lidentification-par-wolter-a-keers\/#article\",\"isPartOf\":{\"@id\":\"https:\/\/www.revue3emillenaire.com\/blog\/le-role-de-la-memoire-dans-lidentification-par-wolter-a-keers\/\"},\"author\":{\"name\":\"3e mill\u00e9naire\",\"@id\":\"https:\/\/www.revue3emillenaire.com\/blog\/#\/schema\/person\/9a3a7cc4ccaa707f402d4394327106d5\"},\"headline\":\"Le r\u00f4le de la m\u00e9moire dans l&rsquo;identification par Wolter A. Keers\",\"datePublished\":\"2013-01-29T02:29:35+00:00\",\"mainEntityOfPage\":{\"@id\":\"https:\/\/www.revue3emillenaire.com\/blog\/le-role-de-la-memoire-dans-lidentification-par-wolter-a-keers\/\"},\"wordCount\":2575,\"image\":{\"@id\":\"https:\/\/www.revue3emillenaire.com\/blog\/le-role-de-la-memoire-dans-lidentification-par-wolter-a-keers\/#primaryimage\"},\"thumbnailUrl\":\"https:\/\/www.revue3emillenaire.com\/blog\/wp-content\/uploads\/2013\/01\/Wkeers3.jpg\",\"keywords\":[\"Identification\",\"m\u00e9moire\",\"Non-dualit\u00e9\",\"processus du moi\",\"T\u00e9moin\",\"temps\"],\"articleSection\":[\"Keers Wolter A.\"],\"inLanguage\":\"fr-FR\"},{\"@type\":\"WebPage\",\"@id\":\"https:\/\/www.revue3emillenaire.com\/blog\/le-role-de-la-memoire-dans-lidentification-par-wolter-a-keers\/\",\"url\":\"https:\/\/www.revue3emillenaire.com\/blog\/le-role-de-la-memoire-dans-lidentification-par-wolter-a-keers\/\",\"name\":\"Le r\u00f4le de la m\u00e9moire dans l'identification par Wolter A. Keers - 3e mill\u00e9naire - Spiritualit\u00e9 - Connaissance de soi - Non-dualit\u00e9 - M\u00e9ditation\",\"isPartOf\":{\"@id\":\"https:\/\/www.revue3emillenaire.com\/blog\/#website\"},\"primaryImageOfPage\":{\"@id\":\"https:\/\/www.revue3emillenaire.com\/blog\/le-role-de-la-memoire-dans-lidentification-par-wolter-a-keers\/#primaryimage\"},\"image\":{\"@id\":\"https:\/\/www.revue3emillenaire.com\/blog\/le-role-de-la-memoire-dans-lidentification-par-wolter-a-keers\/#primaryimage\"},\"thumbnailUrl\":\"https:\/\/www.revue3emillenaire.com\/blog\/wp-content\/uploads\/2013\/01\/Wkeers3.jpg\",\"datePublished\":\"2013-01-29T02:29:35+00:00\",\"author\":{\"@id\":\"https:\/\/www.revue3emillenaire.com\/blog\/#\/schema\/person\/9a3a7cc4ccaa707f402d4394327106d5\"},\"breadcrumb\":{\"@id\":\"https:\/\/www.revue3emillenaire.com\/blog\/le-role-de-la-memoire-dans-lidentification-par-wolter-a-keers\/#breadcrumb\"},\"inLanguage\":\"fr-FR\",\"potentialAction\":[{\"@type\":\"ReadAction\",\"target\":[\"https:\/\/www.revue3emillenaire.com\/blog\/le-role-de-la-memoire-dans-lidentification-par-wolter-a-keers\/\"]}]},{\"@type\":\"ImageObject\",\"inLanguage\":\"fr-FR\",\"@id\":\"https:\/\/www.revue3emillenaire.com\/blog\/le-role-de-la-memoire-dans-lidentification-par-wolter-a-keers\/#primaryimage\",\"url\":\"https:\/\/www.revue3emillenaire.com\/blog\/wp-content\/uploads\/2013\/01\/Wkeers3.jpg\",\"contentUrl\":\"https:\/\/www.revue3emillenaire.com\/blog\/wp-content\/uploads\/2013\/01\/Wkeers3.jpg\",\"width\":\"222\",\"height\":\"239\"},{\"@type\":\"BreadcrumbList\",\"@id\":\"https:\/\/www.revue3emillenaire.com\/blog\/le-role-de-la-memoire-dans-lidentification-par-wolter-a-keers\/#breadcrumb\",\"itemListElement\":[{\"@type\":\"ListItem\",\"position\":1,\"name\":\"Accueil\",\"item\":\"https:\/\/www.revue3emillenaire.com\/blog\/\"},{\"@type\":\"ListItem\",\"position\":2,\"name\":\"Le r\u00f4le de la m\u00e9moire dans l&rsquo;identification par Wolter A. Keers\"}]},{\"@type\":\"WebSite\",\"@id\":\"https:\/\/www.revue3emillenaire.com\/blog\/#website\",\"url\":\"https:\/\/www.revue3emillenaire.com\/blog\/\",\"name\":\"3e mill\u00e9naire - Spiritualit\u00e9 - Connaissance de soi - Non-dualit\u00e9 - M\u00e9ditation\",\"description\":\"L&#039;Homme en devenir\",\"potentialAction\":[{\"@type\":\"SearchAction\",\"target\":{\"@type\":\"EntryPoint\",\"urlTemplate\":\"https:\/\/www.revue3emillenaire.com\/blog\/?s={search_term_string}\"},\"query-input\":{\"@type\":\"PropertyValueSpecification\",\"valueRequired\":true,\"valueName\":\"search_term_string\"}}],\"inLanguage\":\"fr-FR\"},{\"@type\":\"Person\",\"@id\":\"https:\/\/www.revue3emillenaire.com\/blog\/#\/schema\/person\/9a3a7cc4ccaa707f402d4394327106d5\",\"name\":\"3e mill\u00e9naire\",\"url\":\"https:\/\/www.revue3emillenaire.com\/blog\/author\/admin\/\"}]}<\/script>\n<!-- \/ Yoast SEO plugin. -->","yoast_head_json":{"title":"Le r\u00f4le de la m\u00e9moire dans l'identification par Wolter A. Keers - 3e mill\u00e9naire - Spiritualit\u00e9 - Connaissance de soi - Non-dualit\u00e9 - M\u00e9ditation","robots":{"index":"index","follow":"follow","max-snippet":"max-snippet:-1","max-image-preview":"max-image-preview:large","max-video-preview":"max-video-preview:-1"},"canonical":"https:\/\/www.revue3emillenaire.com\/blog\/le-role-de-la-memoire-dans-lidentification-par-wolter-a-keers\/","og_locale":"fr_FR","og_type":"article","og_title":"Le r\u00f4le de la m\u00e9moire dans l'identification par Wolter A. Keers - 3e mill\u00e9naire - Spiritualit\u00e9 - Connaissance de soi - Non-dualit\u00e9 - M\u00e9ditation","og_description":"C'est en adoptant ce point de vue insoutenable que la m\u00e9moire r\u00e9ussit \u00e0 se cr\u00e9er une r\u00e9alit\u00e9, \u00e0 avoir une densit\u00e9 tout \u00e0 fait imaginaire. Elle s'infiltre lentement et insidieusement dans la personnalit\u00e9 et devient une des ancres les plus solides de l'\u00e9go. Car... \"c'est tout de m\u00eame vrai que j'ai pass\u00e9 mes vacances \u00e0 Nice cet \u00e9t\u00e9..., n'est-ce pas ?\" Un tel raisonnement revient \u00e0 vouloir prouver l'existence de la m\u00e9moire par le seul recours \u00e0 la m\u00e9moire. C'est comme si, dans un r\u00eave, on faisait appara\u00eetre un personnage pour prouver que tout ce qui se passe dans ce r\u00eave est vrai, est r\u00e9el. Au r\u00e9veil on d\u00e9couvre que ce n'\u00e9tait qu'un r\u00eave et que tout ce qu'on a vu et entendu se situait dans un monde imaginaire, n'ayant aucune existence autonome et d\u00e9pendant uniquement de la conscience dans laquelle il se manifeste, qui en est toute la substance. La m\u00e9moire est comparable au d\u00e9roulement d'un film cin\u00e9matographique et consiste \u00e0 projeter une s\u00e9rie d'images sur l'\u00e9cran de la conscience...","og_url":"https:\/\/www.revue3emillenaire.com\/blog\/le-role-de-la-memoire-dans-lidentification-par-wolter-a-keers\/","og_site_name":"3e mill\u00e9naire - Spiritualit\u00e9 - Connaissance de soi - Non-dualit\u00e9 - M\u00e9ditation","article_published_time":"2013-01-29T02:29:35+00:00","og_image":[{"width":222,"height":239,"url":"https:\/\/www.revue3emillenaire.com\/blog\/wp-content\/uploads\/2013\/01\/Wkeers3.jpg","type":"image\/jpeg"}],"author":"3e mill\u00e9naire","twitter_card":"summary_large_image","twitter_misc":{"\u00c9crit par":"3e mill\u00e9naire","Dur\u00e9e de lecture estim\u00e9e":"13 minutes"},"schema":{"@context":"https:\/\/schema.org","@graph":[{"@type":"Article","@id":"https:\/\/www.revue3emillenaire.com\/blog\/le-role-de-la-memoire-dans-lidentification-par-wolter-a-keers\/#article","isPartOf":{"@id":"https:\/\/www.revue3emillenaire.com\/blog\/le-role-de-la-memoire-dans-lidentification-par-wolter-a-keers\/"},"author":{"name":"3e mill\u00e9naire","@id":"https:\/\/www.revue3emillenaire.com\/blog\/#\/schema\/person\/9a3a7cc4ccaa707f402d4394327106d5"},"headline":"Le r\u00f4le de la m\u00e9moire dans l&rsquo;identification par Wolter A. Keers","datePublished":"2013-01-29T02:29:35+00:00","mainEntityOfPage":{"@id":"https:\/\/www.revue3emillenaire.com\/blog\/le-role-de-la-memoire-dans-lidentification-par-wolter-a-keers\/"},"wordCount":2575,"image":{"@id":"https:\/\/www.revue3emillenaire.com\/blog\/le-role-de-la-memoire-dans-lidentification-par-wolter-a-keers\/#primaryimage"},"thumbnailUrl":"https:\/\/www.revue3emillenaire.com\/blog\/wp-content\/uploads\/2013\/01\/Wkeers3.jpg","keywords":["Identification","m\u00e9moire","Non-dualit\u00e9","processus du moi","T\u00e9moin","temps"],"articleSection":["Keers Wolter A."],"inLanguage":"fr-FR"},{"@type":"WebPage","@id":"https:\/\/www.revue3emillenaire.com\/blog\/le-role-de-la-memoire-dans-lidentification-par-wolter-a-keers\/","url":"https:\/\/www.revue3emillenaire.com\/blog\/le-role-de-la-memoire-dans-lidentification-par-wolter-a-keers\/","name":"Le r\u00f4le de la m\u00e9moire dans l'identification par Wolter A. Keers - 3e mill\u00e9naire - Spiritualit\u00e9 - Connaissance de soi - Non-dualit\u00e9 - M\u00e9ditation","isPartOf":{"@id":"https:\/\/www.revue3emillenaire.com\/blog\/#website"},"primaryImageOfPage":{"@id":"https:\/\/www.revue3emillenaire.com\/blog\/le-role-de-la-memoire-dans-lidentification-par-wolter-a-keers\/#primaryimage"},"image":{"@id":"https:\/\/www.revue3emillenaire.com\/blog\/le-role-de-la-memoire-dans-lidentification-par-wolter-a-keers\/#primaryimage"},"thumbnailUrl":"https:\/\/www.revue3emillenaire.com\/blog\/wp-content\/uploads\/2013\/01\/Wkeers3.jpg","datePublished":"2013-01-29T02:29:35+00:00","author":{"@id":"https:\/\/www.revue3emillenaire.com\/blog\/#\/schema\/person\/9a3a7cc4ccaa707f402d4394327106d5"},"breadcrumb":{"@id":"https:\/\/www.revue3emillenaire.com\/blog\/le-role-de-la-memoire-dans-lidentification-par-wolter-a-keers\/#breadcrumb"},"inLanguage":"fr-FR","potentialAction":[{"@type":"ReadAction","target":["https:\/\/www.revue3emillenaire.com\/blog\/le-role-de-la-memoire-dans-lidentification-par-wolter-a-keers\/"]}]},{"@type":"ImageObject","inLanguage":"fr-FR","@id":"https:\/\/www.revue3emillenaire.com\/blog\/le-role-de-la-memoire-dans-lidentification-par-wolter-a-keers\/#primaryimage","url":"https:\/\/www.revue3emillenaire.com\/blog\/wp-content\/uploads\/2013\/01\/Wkeers3.jpg","contentUrl":"https:\/\/www.revue3emillenaire.com\/blog\/wp-content\/uploads\/2013\/01\/Wkeers3.jpg","width":"222","height":"239"},{"@type":"BreadcrumbList","@id":"https:\/\/www.revue3emillenaire.com\/blog\/le-role-de-la-memoire-dans-lidentification-par-wolter-a-keers\/#breadcrumb","itemListElement":[{"@type":"ListItem","position":1,"name":"Accueil","item":"https:\/\/www.revue3emillenaire.com\/blog\/"},{"@type":"ListItem","position":2,"name":"Le r\u00f4le de la m\u00e9moire dans l&rsquo;identification par Wolter A. Keers"}]},{"@type":"WebSite","@id":"https:\/\/www.revue3emillenaire.com\/blog\/#website","url":"https:\/\/www.revue3emillenaire.com\/blog\/","name":"3e mill\u00e9naire - Spiritualit\u00e9 - Connaissance de soi - Non-dualit\u00e9 - M\u00e9ditation","description":"L&#039;Homme en devenir","potentialAction":[{"@type":"SearchAction","target":{"@type":"EntryPoint","urlTemplate":"https:\/\/www.revue3emillenaire.com\/blog\/?s={search_term_string}"},"query-input":{"@type":"PropertyValueSpecification","valueRequired":true,"valueName":"search_term_string"}}],"inLanguage":"fr-FR"},{"@type":"Person","@id":"https:\/\/www.revue3emillenaire.com\/blog\/#\/schema\/person\/9a3a7cc4ccaa707f402d4394327106d5","name":"3e mill\u00e9naire","url":"https:\/\/www.revue3emillenaire.com\/blog\/author\/admin\/"}]}},"_links":{"self":[{"href":"https:\/\/www.revue3emillenaire.com\/blog\/wp-json\/wp\/v2\/posts\/12935","targetHints":{"allow":["GET"]}}],"collection":[{"href":"https:\/\/www.revue3emillenaire.com\/blog\/wp-json\/wp\/v2\/posts"}],"about":[{"href":"https:\/\/www.revue3emillenaire.com\/blog\/wp-json\/wp\/v2\/types\/post"}],"author":[{"embeddable":true,"href":"https:\/\/www.revue3emillenaire.com\/blog\/wp-json\/wp\/v2\/users\/1"}],"replies":[{"embeddable":true,"href":"https:\/\/www.revue3emillenaire.com\/blog\/wp-json\/wp\/v2\/comments?post=12935"}],"version-history":[{"count":0,"href":"https:\/\/www.revue3emillenaire.com\/blog\/wp-json\/wp\/v2\/posts\/12935\/revisions"}],"wp:featuredmedia":[{"embeddable":true,"href":"https:\/\/www.revue3emillenaire.com\/blog\/wp-json\/wp\/v2\/media\/12941"}],"wp:attachment":[{"href":"https:\/\/www.revue3emillenaire.com\/blog\/wp-json\/wp\/v2\/media?parent=12935"}],"wp:term":[{"taxonomy":"category","embeddable":true,"href":"https:\/\/www.revue3emillenaire.com\/blog\/wp-json\/wp\/v2\/categories?post=12935"},{"taxonomy":"post_tag","embeddable":true,"href":"https:\/\/www.revue3emillenaire.com\/blog\/wp-json\/wp\/v2\/tags?post=12935"}],"curies":[{"name":"wp","href":"https:\/\/api.w.org\/{rel}","templated":true}]}}