{"id":13006,"date":"2013-02-11T18:37:09","date_gmt":"2013-02-11T17:37:09","guid":{"rendered":"http:\/\/www.revue3emillenaire.com\/blog\/?p=13006"},"modified":"2013-02-11T18:37:09","modified_gmt":"2013-02-11T17:37:09","slug":"au-dela-par-jean-gontier","status":"publish","type":"post","link":"https:\/\/www.revue3emillenaire.com\/blog\/au-dela-par-jean-gontier\/","title":{"rendered":"Au-del\u00e0 par Jean Gontier"},"content":{"rendered":"<p style=\"text-align: justify;\">(Revue \u00catre. N<sup>o<\/sup> 3. 2<sup>e<\/sup>\u00a0 ann\u00e9e. 1974)<\/p>\n<p style=\"text-align: justify;\">Un concerto de Bach ou de Mozart ne signifie rien, n&rsquo;imite rien, ne traduit rien, ne sert \u00e0 rien. Il ne requiert de celui qui l&rsquo;\u00e9coute aucun engagement et \u00e9chappe \u00e0 toute analyse psychanalytique, structuraliste, marxiste ou autre. Il est, et il n&rsquo;est rien d&rsquo;autre que lui-m\u00eame. Il n&rsquo;y a rien \u00e0 en dire du point de vue de la v\u00e9rit\u00e9 et de l&rsquo;erreur, car il n&rsquo;appartient pas au monde de la pens\u00e9e logique, qui se circonscrit dans \u00ab\u00a0le comment sont les choses\u00a0\u00bb et non dans ce qu&rsquo;elles sont en soi (Le <em>Ding an sich<\/em> kantien).<\/p>\n<p style=\"text-align: justify;\">R\u00e9pondre \u00e0 la question : qu&rsquo;est-ce que je suis ? est impossible car ce serait vouloir exprimer dans le langage ce que le langage ne peut exprimer. Il n&rsquo;y a pas de r\u00e9ponse lorsque la question renferme une proposition qui n&rsquo;est pas d\u00e9finie. Si vous me demandez quelle est la date de P\u00e2ques, je ne pourrai vous r\u00e9pondre si vous ne me pr\u00e9cisez pas en quelle ann\u00e9e. Or dans la question : qu&rsquo;est-ce que je suis ? Cela que je suis n&rsquo;appartient pas au domaine de la logique et du langage parce que, dans le cas contraire, il y a des mill\u00e9naires que la solution de l&rsquo;\u00e9nigme aurait \u00e9t\u00e9 mise en une formule transmissible de g\u00e9n\u00e9ration en g\u00e9n\u00e9ration. La grande erreur de l&rsquo;homme est de croire que le tout du monde et de l&rsquo;homme appartient au domaine de la pens\u00e9e logique, de la raison, et que les diverses formules ou expressions qu&rsquo;il en a donn\u00e9es au cours des temps et suivant les lieux sont vraies en elles-m\u00eames ad aeternum. Il faut d\u00e9noncer l&rsquo;imposture qui consiste \u00e0 faire passer pour conforme \u00e0 la r\u00e9alit\u00e9 la d\u00e9finition que l&rsquo;on donne de ce qui peut \u00eatre d\u00e9fini par le langage. On ne peut \u00ab\u00a0comprendre\u00a0\u00bb l&rsquo;Inexprimable, mais on peut Le vivre comme on \u00e9coute un concert de Bach ou de Mozart.<\/p>\n<p style=\"text-align: justify;\">Il nous est difficile, \u00e0 nous Occidentaux, hypertrophi\u00e9s mentaux, de trouver la r\u00e9ponse \u00e0 la question fondamentale : qu&rsquo;est-ce que je suis ? Sur nous p\u00e8se le poids des si\u00e8cles d&rsquo;affirmation de l&rsquo;irr\u00e9ductible s\u00e9paration de l&rsquo;homme et de la divinit\u00e9, d&rsquo;un dualisme fondamental entre le cr\u00e9ateur et la cr\u00e9ature. Nous sommes englu\u00e9s dans un sentimentalisme de midinette et une m\u00e9taphysique qui ont fini par faire de Dieu le complice de l&rsquo;homme. Il y a une spiritualit\u00e9-fiction comme il y a une science-fiction avec cette diff\u00e9rence que les auteurs et les lecteurs de science-fiction savent qu&rsquo;ils jouent, tandis que les autres croient fermement \u00e0 la r\u00e9alit\u00e9, de ce qu&rsquo;ils disent, et entendent. Et l&rsquo;on comprend la parole d&rsquo;Eckhart : \u00ab\u00a0Je prie Dieu de me lib\u00e9rer de Dieu\u00a0\u00bb, c&rsquo;est-\u00e0-dire de ce que la pens\u00e9e et le sentiment ont fait de Dieu, de la conception et de la repr\u00e9sentation humaine de Dieu. Car dans l&rsquo;au-del\u00e0 de Dieu con\u00e7u, pens\u00e9, invoqu\u00e9, pri\u00e9, aim\u00e9, auquel on croit, il n&rsquo;y a que : Le Silence, le Rien, la Vacuit\u00e9 (qui n&rsquo;est pas le n\u00e9ant, mais l&rsquo;absence de forme et l&rsquo;absence m\u00eame de toute formulation possible, comme Etre ou Non-Etre, mais bien l&rsquo;au-del\u00e0 (<em>\u00e9p\u00e9kina<\/em> en grec) de toute expression).<\/p>\n<p style=\"text-align: justify;\">\u00ab\u00a0On ne saisit pas Dieu, Dieu est pur Rien\u00a0\u00bb (<em>ein Lauter Nichts<\/em>), \u00e9crit Angelus Silesius. Mais ce rien pourrait apr\u00e8s tout n&rsquo;\u00eatre que la constatation de la limite de la pens\u00e9e au-del\u00e0 de laquelle l&rsquo;homme honn\u00eate se refuserait \u00e0 suppl\u00e9er, comme c&rsquo;est le cas g\u00e9n\u00e9ralement, son ignorance par l&rsquo;imaginaire, pr\u00e9f\u00e9rant avouer \u00ab\u00a0Je ne sais pas\u00a0\u00bb, ce qui conduirait \u00e0 l&rsquo;agnosticisme ou \u00e0 l&rsquo;ath\u00e9isme si l&rsquo;homme n&rsquo;avait pas acc\u00e8s \u00e0 la Transcendance, ne devenait pas Un dans l&rsquo;Un.<\/p>\n<p style=\"text-align: justify;\">Et c&rsquo;est l\u00e0, en apparence du moins, que se s\u00e9parent la pens\u00e9e orientale et la pens\u00e9e occidentale. \u00ab\u00a0Ta nature v\u00e9ritable est l&rsquo;Inexprimable, sois-Le consciemment, vis-Le\u00a0\u00bb, voil\u00e0 ce que dit l&rsquo;Orient contemplatif, que l&rsquo;Inexprimable soit nomm\u00e9 le Brahman, la nature de Bouddha, le Tao, ce qui est au-del\u00e0 des mots, des formes, de la pens\u00e9e, de la sensation et du sentiment, le Cela lumineux, non le \u00e7a infrahumain, trouble et t\u00e9n\u00e9breux du freudisme.<\/p>\n<p style=\"text-align: justify;\">De son c\u00f4t\u00e9 la tradition chr\u00e9tienne a \u00e9touff\u00e9, et non tu\u00e9 car elle ne le peut, ce que certains consid\u00e8rent comme le comble de l&rsquo;orgueil : la possibilit\u00e9 pour l&rsquo;homme de devenir Dieu, oubliant la parole de saint Athanase : \u00ab\u00a0Dieu s&rsquo;est fait homme pour que les hommes deviennent Dieu\u00a0\u00bb, oubliant que le Dieu dont il s&rsquo;agit ici n&rsquo;est pas celui de la th\u00e9ologie du dogme ou de la bondieuserie saint-sulpicienne. \u00ab\u00a0On ne sait ce qu&rsquo;est Dieu : Il n&rsquo;est ni lumi\u00e8re, ni esprit, ni v\u00e9rit\u00e9, ni unit\u00e9, ni ce qu&rsquo;on nomme divinit\u00e9, ni sagesse, ni raison, ni amour, ni essence ou affect. Il est ce que ni moi, ni toi, ni nulle cr\u00e9ature jamais n&rsquo;apprennent qu&rsquo;en devenant ce qu&rsquo;Il est\u00a0\u00bb, \u00e9crit Angelus Silesius (IV-21) et aussi : \u00ab\u00a0Chr\u00e9tien, si tu peux \u00eatre enfant du fond du c\u0153ur, d\u00e8s cette terre est tien le Royaume des Cieux\u00a0\u00bb (I, 253) <a id=\"ftnref1\" href=\"#ftn1\">[1]<\/a>. Et encore \u00ab\u00a0On est pris par quelque chose de simple et d&rsquo;illimit\u00e9 et dans cette unit\u00e9 le sentiment du multiple s&rsquo;efface\u00a0\u00bb, dit Tauler \u2014 \u00ab\u00a0Quand je suis plong\u00e9 dans ce bien et le contemple, je ne me souviens plus de J\u00e9sus, ni de quoi que ce soit qui ait une forme. Je vois tout et cependant ne vois rien, je vois Dieu selon un mode qui ne peut \u00eatre ni exprim\u00e9, ni con\u00e7u, je vois que c&rsquo;est le bien absolu\u00a0\u00bb, \u00e9crit Ang\u00e8le de Foligno\u00a0\u00bb (Cit\u00e9 par Louis Pauwels dans son livre : <em>Ce que je crois<\/em>, Grasset, 1974).<\/p>\n<p style=\"text-align: justify;\">Mais il ne suffit pas d&rsquo;exhumer des textes d&rsquo;auteurs morts pour rendre une tradition vivante. Ce n&rsquo;est que vivre \u00ab\u00a0du parfum d&rsquo;un vase vide\u00a0\u00bb selon l&rsquo;expression de Renan. A s&rsquo;\u00eatre cristallis\u00e9e dans les \u00e9v\u00e9nements d&rsquo;un moment de l&rsquo;histoire, donnant ainsi une importance d\u00e9mesur\u00e9e aux faits, pour avoir accord\u00e9 le primat aux affaires du si\u00e8cle, quitte \u00e0 s&rsquo;en faire complice, pour avoir voulu ignorer et r\u00e9duire au silence de leur vivant ses spirituels authentiques, quand elle ne les a pas pers\u00e9cut\u00e9s et condamn\u00e9s, la tradition chr\u00e9tienne s&rsquo;est affaiblie dangereusement, pour ne pas dire plus, n&rsquo;apparaissant plus que comme moralisme et ritualisme.<\/p>\n<p style=\"text-align: justify;\">Il est une autre dimension de l&rsquo;homme que celle de la raison, des sensations et des sentiments, autre que celle de l\u2019imaginaire, du phantasme et du r\u00eave. Laissons la science et la logique, fortes de leurs succ\u00e8s dans le monde des ph\u00e9nom\u00e8nes mesurables et explicables par l&rsquo;exp\u00e9rience, couler par le fond ce qui sans preuve avait \u00e9t\u00e9 pr\u00e9sent\u00e9 comme vrai seulement avec des mots. Alors, quand tout aura \u00e9t\u00e9 expliqu\u00e9, en admettant que cela puisse jamais se produire, appara\u00eetra en sa nudit\u00e9 int\u00e9grale dans le c\u0153ur de l&rsquo;homme le d\u00e9sir de la Transcendance. Mais alors on ne pourra plus maquiller et d\u00e9guiser la Transcendance avec des pseudo-v\u00e9rit\u00e9s, de la pseudo-raison, et de la pseudo-logique pour endormir ce d\u00e9sir, comme on calme une douleur avec des analg\u00e9siques sans jamais faire dispara\u00eetre la cause de la douleur. Alors ce besoin essentiel ne pourra \u00eatre satisfait que par l&rsquo;acc\u00e8s effectif \u00e0 la Transcendance dont le domaine inaccessible \u00e0 la pens\u00e9e logique et au langage \u00e9chappe \u00e0 la science et \u00e0 l&rsquo;analyse.<\/p>\n<p style=\"text-align: justify;\">\u00ab\u00a0Vouloir exprimer la sagesse, c&rsquo;est comme chercher \u00e0 saisir une fl\u00e8che au vol. La tient-on qu&rsquo;on n&rsquo;a plus qu&rsquo;un morceau de bois entre les mains\u00a0\u00bb, dit un proverbe chinois. On ne p\u00e9n\u00e8tre pas dans l&rsquo;Ineffable encombr\u00e9 de bagages mais nu. Certains y acc\u00e8dent parce qu&rsquo;ils ont gard\u00e9 la transparence, la spontan\u00e9it\u00e9 et l&rsquo;innocence de l&rsquo;enfance, la nudit\u00e9 de la naissance. Pour les autres, il leur faut passer par la nudit\u00e9 de la mort. Non pas en se mutilant et en d\u00e9ployant des efforts surhumains, ou en sortant victorieux d&rsquo;\u00e9preuves \u00e0 la mani\u00e8re d&rsquo;un personnage de bandes dessin\u00e9es, mais en prenant conscience de la vanit\u00e9 de tels efforts. C&rsquo;est finalement dans un univers glac\u00e9, o\u00f9 tout a un go\u00fbt de cendre, o\u00f9 l&rsquo;on a capitul\u00e9 sans conditions, sans espoir de pouvoir atteindre la Transcendance, que la lumi\u00e8re peut appara\u00eetre : soit d&rsquo;elle-m\u00eame, soit parce que la rencontre d&rsquo;un \u00eatre vivant la Transcendance a permis la reconnaissance de la lumi\u00e8re. Alors on sait ce que l&rsquo;on est. Non parce qu&rsquo;une r\u00e9ponse a \u00e9t\u00e9 apport\u00e9e d&rsquo;une mani\u00e8re ou d&rsquo;une autre \u00e0 la question fondamentale, mais parce que la question, n&rsquo;ayant plus de raison d&rsquo;\u00eatre, n&rsquo;existe plus.<\/p>\n<p style=\"text-align: justify;\">Et \u00e0 tous ceux qui sinc\u00e8rement aspirent \u00e0 la Transcendance, pour s&rsquo;y fondre et dispara\u00eetre en Elle, et non pour obtenir un surcro\u00eet de jeunesse, de puissance, d&rsquo;intelligence ou d&rsquo;affectivit\u00e9 comme dans le mythe faustien, pour poss\u00e9der la cl\u00e9 qui ouvre toutes les portes, qu&rsquo;ils sachent que tout ce qu&rsquo;ils peuvent imaginer au sujet de la Transcendance \u00e0 partir de ce qu&rsquo;ils ont pu entendre dire, ou lire, auquel se m\u00eale le petit point de vue personnel issu du conditionnement social et \u00e9ducatif, ne sert \u00e0 rien pour l&rsquo;approcher, mais risque au contraire de dresser un mur infranchissable.<\/p>\n<p style=\"text-align: justify;\">Il ne s&rsquo;agit nullement de faire cesser volontairement son tintamarre int\u00e9rieur. C&rsquo;est aussi stupide que de vouloir par l&rsquo;effort devenir naturel et spontan\u00e9, le principe m\u00eame de l&rsquo;effort tuant le naturel et la spontan\u00e9it\u00e9. Tout ce que l&rsquo;on pense, \u00e9prouve et sent n&rsquo;est rien. Quoi que ce soit qui se puisse pr\u00e9senter en nous, que l&rsquo;on sache que ce n&rsquo;est jamais Cela et que l&rsquo;Ineffable est toujours au-del\u00e0, au-del\u00e0 de toute pens\u00e9e, de toute sensation, de tout sentiment, au-del\u00e0 de l&rsquo;imaginaire, au-del\u00e0 du r\u00eave, au-del\u00e0 ! Comme le concerto de Bach ou de Mozart, Il ne signifie rien, ne traduit rien, ne sert \u00e0 rien. Il est, c&rsquo;est tout. Comme il est des \u00eatres pour qui la musique est raison de vivre, il en est pour qui la Transcendance est la raison d&rsquo;Etre. Mais pour vivre la Transcendance il faut d&rsquo;abord que le silence de soi s&rsquo;\u00e9tablisse en soi afin que le Silence de l&rsquo;Inexprimable puisse \u00eatre entendu.<\/p>\n<p style=\"text-align: justify;\"><em>Ami j&rsquo;arr\u00eate l\u00e0. Si tu veux lire encore, Va, toi-m\u00eame deviens l&rsquo;\u00e9criture et l&rsquo;essence<\/em>, Angelus Silesius (VI, 263).<\/p>\n<div style=\"text-align: center;\">&#8212;&#8212;&#8212;&#8212;&#8212;&#8212;&#8212;&#8212;&#8212;<\/div>\n<div style=\"text-align: center;\"><\/div>\n<div style=\"text-align: center;\">\n<p style=\"text-align: justify;\">(Revue \u00catre. N<sup>o<\/sup> 3. 2<sup>e<\/sup>\u00a0 ann\u00e9e. 1974)<\/p>\n<p style=\"text-align: justify;\">Dans une lettre ouverte, \u00e9crite sur un mode ironique, Pierre Briot a tent\u00e9 de r\u00e9sumer les critiques dont ETRE et plus sp\u00e9cialement Jean Gontier ont \u00e9t\u00e9 l&rsquo;objet de la part de certains lecteurs.<\/p>\n<p style=\"text-align: justify;\"><strong>Lettre ouverte de Pierre Briot \u00e0 Jean Gontier<\/strong><\/p>\n<p style=\"text-align: justify;\">Monsieur,<\/p>\n<p style=\"text-align: justify;\">N&rsquo;y a-t-il pas quelque \u00e9go\u00efsme en vous \u00e0 vouloir rechercher un bonheur personnel en ignorant la mis\u00e8re et l&rsquo;injustice qui p\u00e8sent sur les autres ? Ni quelque l\u00e2chet\u00e9 \u00e0 fuir l&rsquo;angoisse qui \u00e9treint la multitude ? Vous \u00eates bourgeois, Monsieur, vous \u00eates bourgeois !<\/p>\n<p style=\"text-align: justify;\">Si votre refus de faire cause commune vous vous absteniez du moins de l&rsquo;afficher, en vertu du principe : qui ne dit mot consent, vous seriez indirectement r\u00e9cup\u00e9r\u00e9 par la foule, ne donnant plus ainsi lieu \u00e0 reproches. Abstenez-vous, Monsieur, abstenez-vous !<\/p>\n<p style=\"text-align: justify;\">Malgr\u00e9 tout, si le besoin d&rsquo;\u00e9crire vous poss\u00e8de, de gr\u00e2ce Monsieur, tenez-vous-en seulement \u00e0 l&rsquo;Essence et ne troublez pas le confort spirituel de ceux qui vous lisent. Pas de heurts, pas de bruits, les voix qui crient dans le d\u00e9sert, vous le savez bien, n&rsquo;ont jamais trouv\u00e9 d&rsquo;\u00e9cho. Du l\u00e9nitif, Monsieur, du l\u00e9nitif !<\/p>\n<p style=\"text-align: justify;\">Ne pensez-vous pas que les livres sacr\u00e9s, les \u0153uvres et la vie des grands morts de la Tradition suffisent amplement pour le pr\u00e9sent sans qu&rsquo;il soit n\u00e9cessaire d&rsquo;y ajouter encore un point de vue personnel qui s&rsquo;\u00e9carte du sillon trac\u00e9 par le pass\u00e9 dont il ne respecte ni les normes ni les canons ? Du conformisme, Monsieur, du conformisme !<\/p>\n<p style=\"text-align: justify;\">A vous voir pr\u00f4ner, comme vous le faites, une d\u00e9coh\u00e9sion d&rsquo;avec le monde, une sorte d&rsquo;autisme et d&rsquo;esth\u00e9tisme solitaire, je redoute que l&rsquo;on vous prenne pour quelque peu schizo\u00efde, ce qui \u00e9veille la commis\u00e9ration envers celui qui est tenu pour tel, mais le d\u00e9consid\u00e8re \u00e0 coup s\u00fbr d\u00e9finitivement. Je crains pour vous, Monsieur, je crains pour vous\u00a0!<\/p>\n<p style=\"text-align: justify;\">Nous attendons de vous autre chose, de la culture et de l&rsquo;agr\u00e9able sans scientisme et sans psychologisme. Nous l&rsquo;esp\u00e9rons, Monsieur, nous l&rsquo;esp\u00e9rons !<\/p>\n<p style=\"text-align: justify;\">Voil\u00e0 ce que je tenais \u00e0 vous dire, Monsieur, en raison de cette sympathie que j&rsquo;\u00e9prouve pour vous et au nom de laquelle je vous salue.<\/p>\n<p style=\"text-align: right;\" align=\"right\">Pierre BRIOT<\/p>\n<p style=\"text-align: justify;\"><strong>R\u00e9ponse de Jean Gontier \u00e0 Pierre Briot<\/strong><\/p>\n<p style=\"text-align: justify;\">Monsieur,<\/p>\n<p style=\"text-align: justify;\">Je vous r\u00e9pondrai que le monde des hommes avance \u00e0 coups d&rsquo;\u00e9paule seulement avec ceux qui le font. Ceux-l\u00e0 ont sculpt\u00e9 les pierres de Chartres et de Tournus, les vierges romanes et mis en port\u00e9e la musique ambrosienne. Ce ne sont pas ceux qui s&rsquo;imaginent avoir agi parce qu&rsquo;ils ont parl\u00e9 ou \u00e9crit. On ne change pas le sort du monde avec des colloques et des concertations.<\/p>\n<p style=\"text-align: justify;\">Pardonnez-moi, je ne compte pas parmi les fid\u00e8les de Sainte Parlance.<\/p>\n<p style=\"text-align: justify;\">Et ne pensez-vous pas qu&rsquo;avant de songer \u00e0 l&rsquo;Autre, il convient de se conna\u00eetre soi, c&rsquo;est-\u00e0-dire de d\u00e9couvrir son Moi r\u00e9el pour qu&rsquo;ainsi, transform\u00e9e par cette d\u00e9couverte m\u00eame, son action \u00e0 l&rsquo;\u00e9gard de l&rsquo;Autre devienne enfin juste et non plus seulement affective parce que la passion alors n&rsquo;y a plus aucune part ?<\/p>\n<p style=\"text-align: justify;\">Car l&rsquo;homme qui regarde les \u00e9toiles s&rsquo;appuie en m\u00eame temps sur le sol, les pieds dans la boue et le dos parfois courb\u00e9 par le vent. A ne vouloir consid\u00e9rer qu&rsquo;un seul aspect des choses en ignorant d\u00e9lib\u00e9r\u00e9ment l&rsquo;autre on ne peut aboutir qu&rsquo;\u00e0 la st\u00e9rilit\u00e9 et \u00e0 la confusion. Ignorer l&rsquo;homme emp\u00eache de conna\u00eetre la R\u00e9alit\u00e9. Ignorer la R\u00e9alit\u00e9 ne peut conduire qu&rsquo;au chaos et c&rsquo;est bien ce qui se passe actuellement.<\/p>\n<p style=\"text-align: justify;\">Mais l&rsquo;homme d\u00e9sire-t-il v\u00e9ritablement conna\u00eetre la R\u00e9alit\u00e9 ? Il s&rsquo;imagine entendre l&rsquo;appel de l&rsquo;Absolu, mais en d\u00e9finitive il aspire seulement \u00e0 r\u00eaver, \u00e0 jouir du merveilleux. Au fond il ne change pas avec l&rsquo;\u00e2ge, c&rsquo;est toujours des contes de f\u00e9es qu&rsquo;il d\u00e9sire, comme au temps de l&rsquo;enfance.<\/p>\n<p style=\"text-align: justify;\">Quant au reste il ne veut rien abandonner. Tout passe par le crible de sa petite programmation personnelle toute scl\u00e9ros\u00e9e, en vertu de laquelle les choses sont class\u00e9es une fois pour toutes comme convenables, justes, bonnes, belles ou le contraire. Ce qui importe ce n&rsquo;est pas de voir une chose telle qu&rsquo;elle est, relativement dans son ordre, mais de la tenir pour vraie ou fausse selon ses crit\u00e8res de r\u00e9f\u00e9rence personnels auxquels on accorde une valeur universelle. Encore faut-il s&rsquo;estimer heureux quand la forme et l&rsquo;apparence ne comptent pas davantage que le fond.<\/p>\n<p style=\"text-align: justify;\">Pour voir une chose dans son \u00e9tat initial il importe d&rsquo;enlever tout ce que les modes au fil des ans ont surajout\u00e9 comme peintures, vernis, trompe-l\u2019\u0153il et faux-semblants. Cela s&rsquo;appelle faire de la restauration. Pour cela l&rsquo;acide est parfois n\u00e9cessaire. Il existe d&rsquo;autres m\u00e9thodes, comme la lampe de Wood qui permet de d\u00e9couvrir sous la peinture apparente d&rsquo;autres dessins en profondeur, sans alt\u00e9rer ni changer en rien la surface. Il en est de m\u00eame pour tous les ajouts qui masquent le Moi r\u00e9el. L&rsquo;attention lucide port\u00e9e sur le moi apparent, simplement pour le voir tel qu&rsquo;il est sans aucune r\u00e9f\u00e9rence \u00e0 une \u00e9chelle de valeurs quelconque pour le juger et sans le comparer \u00e0 d&rsquo;autres, permet de passer au travers et de d\u00e9couvrir le Moi v\u00e9ritable.<\/p>\n<p style=\"text-align: justify;\">En ce qui me concerne, si ce qui existe au-del\u00e0 de ce monde sensible, des sentiments, des pens\u00e9es et des mots m&rsquo;a amen\u00e9 corr\u00e9lativement \u00e0 faire table rase de tout le reste, du moins en est-il ainsi pour moi et ne connaissant rien d&rsquo;autre actuellement qu&rsquo;une telle conception des choses, c&rsquo;est de celle-l\u00e0 seulement que je peux rendre compte, sans vouloir pr\u00e9tendre quoi que ce soit quant \u00e0 sa valeur, sa justesse ou sa v\u00e9racit\u00e9. Pour moi elle existe. Maintenant, qu&rsquo;elle soit accept\u00e9e ou non, qu&rsquo;elle trouve une audience ou pas, ce n&rsquo;est pas mon probl\u00e8me et d&rsquo;une certaine mani\u00e8re cela m&rsquo;indiff\u00e8re.<\/p>\n<p style=\"text-align: justify;\">Supr\u00eame orgueil, direz-vous. Peut-\u00eatre, mais je n&rsquo;ai pas de message \u00e0 d\u00e9livrer au monde \u00e0 la diff\u00e9rence de tant d&rsquo;autres qui \u00e9crivent parce qu&rsquo;ils le pensent. Je ne me sens charg\u00e9 d&rsquo;aucune mission. Il m&rsquo;a \u00e9t\u00e9 demand\u00e9 d&rsquo;exposer mon point de vue. Je l&rsquo;ai fait. C&rsquo;est tout. Quant aux \u00e9tats d&rsquo;\u00e2me de mon moi apparent je pense qu&rsquo;ils ne doivent pas davantage pr\u00e9senter d&rsquo;int\u00e9r\u00eat pour les autres que pour moi-m\u00eame.<\/p>\n<p style=\"text-align: justify;\">Croyez-moi, le son d&rsquo;une cloche de quelque \u00e9glise de village qui fait vibrer l&rsquo;air du soir \u00e0 l&rsquo;heure de l&rsquo;ang\u00e9lus a plus d&rsquo;importance que tout ce que j&rsquo;ai pu ou pourrai \u00e9crire sur l&rsquo;approche de l&rsquo;Inexprimable. Ne comptez pas sur moi pour \u00e9crire selon la Tradition, vous apporter de la culture ou des douceurs spirituelles. D&rsquo;autres sont beaucoup plus habiles et bien plus qualifi\u00e9s que moi, poss\u00e9dant tous les labels n\u00e9cessaires pour ce faire.<\/p>\n<p style=\"text-align: justify;\">Patientez, Monsieur, patientez, encore un temps et \u00e0 mon tour je franchirai la passe de l&rsquo;Ouest pour gagner le versant lumineux de la montagne, celui du silence. Nul n&rsquo;entendra plus parler de Gontier qui un instant, selon ses possibilit\u00e9s et \u00e0 sa mani\u00e8re, aura tent\u00e9 de dire non ce qu&rsquo;est l&rsquo;Inexprimable, \u00e0 moins d&rsquo;\u00eatre un hallucin\u00e9 ou un illusionniste aucun jamais ne pensera pouvoir le faire, mais ce que l&rsquo;Inexprimable n&rsquo;est pas. Qu&rsquo;il ait \u00e9t\u00e9 entendu ou pas demeure en soi de nulle importance.<\/p>\n<p style=\"text-align: justify;\">Recevez, Monsieur, l&rsquo;expression de mes sentiments les plus choisis.<\/p>\n<p style=\"text-align: right;\" align=\"right\">Jean GONTIER<\/p>\n<\/div>\n<hr align=\"left\" size=\"1\" width=\"33%\" \/>\n<div>\n<p style=\"text-align: justify;\"><a id=\"ftn1\" href=\"#ftnref1\">[1]<\/a> Angelus Silesius, <em>l&rsquo;Errant ch\u00e9rubinique<\/em>, dans l&rsquo;excellente traduction de Roger Laporte, \u2014 Collection \u00ab\u00a0l&rsquo;Exp\u00e9rience Int\u00e9rieure\u00a0\u00bb, \u00e9dition Plan\u00e8te, 1970.<\/p>\n<\/div>\n","protected":false},"excerpt":{"rendered":"<p>Tout ce que l&rsquo;on pense, \u00e9prouve et sent n&rsquo;est rien. Quoi que ce soit qui se puisse pr\u00e9senter en nous, que l&rsquo;on sache que ce n&rsquo;est jamais Cela et que l&rsquo;Ineffable est toujours au-del\u00e0, au-del\u00e0 de toute pens\u00e9e, de toute sensation, de tout sentiment, au-del\u00e0 de l&rsquo;imaginaire, au-del\u00e0 du r\u00eave, au-del\u00e0 ! Comme le concerto de Bach ou de Mozart, Il ne signifie rien, ne traduit rien, ne sert \u00e0 rien. Il est, c&rsquo;est tout. <\/p>\n","protected":false},"author":1,"featured_media":0,"comment_status":"closed","ping_status":"closed","sticky":false,"template":"","format":"standard","meta":{"footnotes":""},"categories":[1141],"tags":[136,8],"class_list":["post-13006","post","type-post","status-publish","format-standard","hentry","category-gontier-jean","tag-connaissance-de-soi","tag-non-dualite"],"yoast_head":"<!-- This site is optimized with the Yoast SEO plugin v27.0 - https:\/\/yoast.com\/product\/yoast-seo-wordpress\/ -->\n<title>Au-del\u00e0 par Jean Gontier - 3e mill\u00e9naire - Spiritualit\u00e9 - Connaissance de soi - Non-dualit\u00e9 - M\u00e9ditation<\/title>\n<meta name=\"robots\" content=\"index, follow, max-snippet:-1, max-image-preview:large, max-video-preview:-1\" \/>\n<link rel=\"canonical\" href=\"https:\/\/www.revue3emillenaire.com\/blog\/au-dela-par-jean-gontier\/\" \/>\n<meta property=\"og:locale\" content=\"fr_FR\" \/>\n<meta property=\"og:type\" content=\"article\" \/>\n<meta property=\"og:title\" content=\"Au-del\u00e0 par Jean Gontier - 3e mill\u00e9naire - Spiritualit\u00e9 - Connaissance de soi - Non-dualit\u00e9 - M\u00e9ditation\" \/>\n<meta property=\"og:description\" content=\"Tout ce que l&#039;on pense, \u00e9prouve et sent n&#039;est rien. Quoi que ce soit qui se puisse pr\u00e9senter en nous, que l&#039;on sache que ce n&#039;est jamais Cela et que l&#039;Ineffable est toujours au-del\u00e0, au-del\u00e0 de toute pens\u00e9e, de toute sensation, de tout sentiment, au-del\u00e0 de l&#039;imaginaire, au-del\u00e0 du r\u00eave, au-del\u00e0 ! Comme le concerto de Bach ou de Mozart, Il ne signifie rien, ne traduit rien, ne sert \u00e0 rien. Il est, c&#039;est tout.\" \/>\n<meta property=\"og:url\" content=\"https:\/\/www.revue3emillenaire.com\/blog\/au-dela-par-jean-gontier\/\" \/>\n<meta property=\"og:site_name\" content=\"3e mill\u00e9naire - Spiritualit\u00e9 - Connaissance de soi - Non-dualit\u00e9 - M\u00e9ditation\" \/>\n<meta property=\"article:published_time\" content=\"2013-02-11T17:37:09+00:00\" \/>\n<meta name=\"author\" content=\"3e mill\u00e9naire\" \/>\n<meta name=\"twitter:card\" content=\"summary_large_image\" \/>\n<meta name=\"twitter:label1\" content=\"\u00c9crit par\" \/>\n\t<meta name=\"twitter:data1\" content=\"3e mill\u00e9naire\" \/>\n\t<meta name=\"twitter:label2\" content=\"Dur\u00e9e de lecture estim\u00e9e\" \/>\n\t<meta name=\"twitter:data2\" content=\"15 minutes\" \/>\n<script type=\"application\/ld+json\" class=\"yoast-schema-graph\">{\"@context\":\"https:\/\/schema.org\",\"@graph\":[{\"@type\":\"Article\",\"@id\":\"https:\/\/www.revue3emillenaire.com\/blog\/au-dela-par-jean-gontier\/#article\",\"isPartOf\":{\"@id\":\"https:\/\/www.revue3emillenaire.com\/blog\/au-dela-par-jean-gontier\/\"},\"author\":{\"name\":\"3e mill\u00e9naire\",\"@id\":\"https:\/\/www.revue3emillenaire.com\/blog\/#\/schema\/person\/9a3a7cc4ccaa707f402d4394327106d5\"},\"headline\":\"Au-del\u00e0 par Jean Gontier\",\"datePublished\":\"2013-02-11T17:37:09+00:00\",\"mainEntityOfPage\":{\"@id\":\"https:\/\/www.revue3emillenaire.com\/blog\/au-dela-par-jean-gontier\/\"},\"wordCount\":3017,\"keywords\":[\"connaissance de soi\",\"Non-dualit\u00e9\"],\"articleSection\":[\"Gontier Jean\"],\"inLanguage\":\"fr-FR\"},{\"@type\":\"WebPage\",\"@id\":\"https:\/\/www.revue3emillenaire.com\/blog\/au-dela-par-jean-gontier\/\",\"url\":\"https:\/\/www.revue3emillenaire.com\/blog\/au-dela-par-jean-gontier\/\",\"name\":\"Au-del\u00e0 par Jean Gontier - 3e mill\u00e9naire - Spiritualit\u00e9 - Connaissance de soi - Non-dualit\u00e9 - M\u00e9ditation\",\"isPartOf\":{\"@id\":\"https:\/\/www.revue3emillenaire.com\/blog\/#website\"},\"datePublished\":\"2013-02-11T17:37:09+00:00\",\"author\":{\"@id\":\"https:\/\/www.revue3emillenaire.com\/blog\/#\/schema\/person\/9a3a7cc4ccaa707f402d4394327106d5\"},\"breadcrumb\":{\"@id\":\"https:\/\/www.revue3emillenaire.com\/blog\/au-dela-par-jean-gontier\/#breadcrumb\"},\"inLanguage\":\"fr-FR\",\"potentialAction\":[{\"@type\":\"ReadAction\",\"target\":[\"https:\/\/www.revue3emillenaire.com\/blog\/au-dela-par-jean-gontier\/\"]}]},{\"@type\":\"BreadcrumbList\",\"@id\":\"https:\/\/www.revue3emillenaire.com\/blog\/au-dela-par-jean-gontier\/#breadcrumb\",\"itemListElement\":[{\"@type\":\"ListItem\",\"position\":1,\"name\":\"Accueil\",\"item\":\"https:\/\/www.revue3emillenaire.com\/blog\/\"},{\"@type\":\"ListItem\",\"position\":2,\"name\":\"Au-del\u00e0 par Jean Gontier\"}]},{\"@type\":\"WebSite\",\"@id\":\"https:\/\/www.revue3emillenaire.com\/blog\/#website\",\"url\":\"https:\/\/www.revue3emillenaire.com\/blog\/\",\"name\":\"3e mill\u00e9naire - Spiritualit\u00e9 - Connaissance de soi - Non-dualit\u00e9 - M\u00e9ditation\",\"description\":\"L&#039;Homme en devenir\",\"potentialAction\":[{\"@type\":\"SearchAction\",\"target\":{\"@type\":\"EntryPoint\",\"urlTemplate\":\"https:\/\/www.revue3emillenaire.com\/blog\/?s={search_term_string}\"},\"query-input\":{\"@type\":\"PropertyValueSpecification\",\"valueRequired\":true,\"valueName\":\"search_term_string\"}}],\"inLanguage\":\"fr-FR\"},{\"@type\":\"Person\",\"@id\":\"https:\/\/www.revue3emillenaire.com\/blog\/#\/schema\/person\/9a3a7cc4ccaa707f402d4394327106d5\",\"name\":\"3e mill\u00e9naire\",\"url\":\"https:\/\/www.revue3emillenaire.com\/blog\/author\/admin\/\"}]}<\/script>\n<!-- \/ Yoast SEO plugin. -->","yoast_head_json":{"title":"Au-del\u00e0 par Jean Gontier - 3e mill\u00e9naire - Spiritualit\u00e9 - Connaissance de soi - Non-dualit\u00e9 - M\u00e9ditation","robots":{"index":"index","follow":"follow","max-snippet":"max-snippet:-1","max-image-preview":"max-image-preview:large","max-video-preview":"max-video-preview:-1"},"canonical":"https:\/\/www.revue3emillenaire.com\/blog\/au-dela-par-jean-gontier\/","og_locale":"fr_FR","og_type":"article","og_title":"Au-del\u00e0 par Jean Gontier - 3e mill\u00e9naire - Spiritualit\u00e9 - Connaissance de soi - Non-dualit\u00e9 - M\u00e9ditation","og_description":"Tout ce que l'on pense, \u00e9prouve et sent n'est rien. Quoi que ce soit qui se puisse pr\u00e9senter en nous, que l'on sache que ce n'est jamais Cela et que l'Ineffable est toujours au-del\u00e0, au-del\u00e0 de toute pens\u00e9e, de toute sensation, de tout sentiment, au-del\u00e0 de l'imaginaire, au-del\u00e0 du r\u00eave, au-del\u00e0 ! Comme le concerto de Bach ou de Mozart, Il ne signifie rien, ne traduit rien, ne sert \u00e0 rien. Il est, c'est tout.","og_url":"https:\/\/www.revue3emillenaire.com\/blog\/au-dela-par-jean-gontier\/","og_site_name":"3e mill\u00e9naire - Spiritualit\u00e9 - Connaissance de soi - Non-dualit\u00e9 - M\u00e9ditation","article_published_time":"2013-02-11T17:37:09+00:00","author":"3e mill\u00e9naire","twitter_card":"summary_large_image","twitter_misc":{"\u00c9crit par":"3e mill\u00e9naire","Dur\u00e9e de lecture estim\u00e9e":"15 minutes"},"schema":{"@context":"https:\/\/schema.org","@graph":[{"@type":"Article","@id":"https:\/\/www.revue3emillenaire.com\/blog\/au-dela-par-jean-gontier\/#article","isPartOf":{"@id":"https:\/\/www.revue3emillenaire.com\/blog\/au-dela-par-jean-gontier\/"},"author":{"name":"3e mill\u00e9naire","@id":"https:\/\/www.revue3emillenaire.com\/blog\/#\/schema\/person\/9a3a7cc4ccaa707f402d4394327106d5"},"headline":"Au-del\u00e0 par Jean Gontier","datePublished":"2013-02-11T17:37:09+00:00","mainEntityOfPage":{"@id":"https:\/\/www.revue3emillenaire.com\/blog\/au-dela-par-jean-gontier\/"},"wordCount":3017,"keywords":["connaissance de soi","Non-dualit\u00e9"],"articleSection":["Gontier Jean"],"inLanguage":"fr-FR"},{"@type":"WebPage","@id":"https:\/\/www.revue3emillenaire.com\/blog\/au-dela-par-jean-gontier\/","url":"https:\/\/www.revue3emillenaire.com\/blog\/au-dela-par-jean-gontier\/","name":"Au-del\u00e0 par Jean Gontier - 3e mill\u00e9naire - Spiritualit\u00e9 - Connaissance de soi - Non-dualit\u00e9 - M\u00e9ditation","isPartOf":{"@id":"https:\/\/www.revue3emillenaire.com\/blog\/#website"},"datePublished":"2013-02-11T17:37:09+00:00","author":{"@id":"https:\/\/www.revue3emillenaire.com\/blog\/#\/schema\/person\/9a3a7cc4ccaa707f402d4394327106d5"},"breadcrumb":{"@id":"https:\/\/www.revue3emillenaire.com\/blog\/au-dela-par-jean-gontier\/#breadcrumb"},"inLanguage":"fr-FR","potentialAction":[{"@type":"ReadAction","target":["https:\/\/www.revue3emillenaire.com\/blog\/au-dela-par-jean-gontier\/"]}]},{"@type":"BreadcrumbList","@id":"https:\/\/www.revue3emillenaire.com\/blog\/au-dela-par-jean-gontier\/#breadcrumb","itemListElement":[{"@type":"ListItem","position":1,"name":"Accueil","item":"https:\/\/www.revue3emillenaire.com\/blog\/"},{"@type":"ListItem","position":2,"name":"Au-del\u00e0 par Jean Gontier"}]},{"@type":"WebSite","@id":"https:\/\/www.revue3emillenaire.com\/blog\/#website","url":"https:\/\/www.revue3emillenaire.com\/blog\/","name":"3e mill\u00e9naire - Spiritualit\u00e9 - Connaissance de soi - Non-dualit\u00e9 - M\u00e9ditation","description":"L&#039;Homme en devenir","potentialAction":[{"@type":"SearchAction","target":{"@type":"EntryPoint","urlTemplate":"https:\/\/www.revue3emillenaire.com\/blog\/?s={search_term_string}"},"query-input":{"@type":"PropertyValueSpecification","valueRequired":true,"valueName":"search_term_string"}}],"inLanguage":"fr-FR"},{"@type":"Person","@id":"https:\/\/www.revue3emillenaire.com\/blog\/#\/schema\/person\/9a3a7cc4ccaa707f402d4394327106d5","name":"3e mill\u00e9naire","url":"https:\/\/www.revue3emillenaire.com\/blog\/author\/admin\/"}]}},"_links":{"self":[{"href":"https:\/\/www.revue3emillenaire.com\/blog\/wp-json\/wp\/v2\/posts\/13006","targetHints":{"allow":["GET"]}}],"collection":[{"href":"https:\/\/www.revue3emillenaire.com\/blog\/wp-json\/wp\/v2\/posts"}],"about":[{"href":"https:\/\/www.revue3emillenaire.com\/blog\/wp-json\/wp\/v2\/types\/post"}],"author":[{"embeddable":true,"href":"https:\/\/www.revue3emillenaire.com\/blog\/wp-json\/wp\/v2\/users\/1"}],"replies":[{"embeddable":true,"href":"https:\/\/www.revue3emillenaire.com\/blog\/wp-json\/wp\/v2\/comments?post=13006"}],"version-history":[{"count":0,"href":"https:\/\/www.revue3emillenaire.com\/blog\/wp-json\/wp\/v2\/posts\/13006\/revisions"}],"wp:attachment":[{"href":"https:\/\/www.revue3emillenaire.com\/blog\/wp-json\/wp\/v2\/media?parent=13006"}],"wp:term":[{"taxonomy":"category","embeddable":true,"href":"https:\/\/www.revue3emillenaire.com\/blog\/wp-json\/wp\/v2\/categories?post=13006"},{"taxonomy":"post_tag","embeddable":true,"href":"https:\/\/www.revue3emillenaire.com\/blog\/wp-json\/wp\/v2\/tags?post=13006"}],"curies":[{"name":"wp","href":"https:\/\/api.w.org\/{rel}","templated":true}]}}