{"id":13072,"date":"2013-02-27T00:08:48","date_gmt":"2013-02-26T23:08:48","guid":{"rendered":"http:\/\/www.revue3emillenaire.com\/blog\/?p=13072"},"modified":"2013-02-27T00:08:48","modified_gmt":"2013-02-26T23:08:48","slug":"etre-dans-la-perspective-de-verite-par-jean-klein","status":"publish","type":"post","link":"https:\/\/www.revue3emillenaire.com\/blog\/etre-dans-la-perspective-de-verite-par-jean-klein\/","title":{"rendered":"\u00catre dans la perspective de v\u00e9rit\u00e9 par Jean Klein"},"content":{"rendered":"<p style=\"text-align: justify;\">(Revue \u00catre. N<sup>o<\/sup> 3. 2<sup>e<\/sup>\u00a0 ann\u00e9e. 1974)<\/p>\n<p style=\"text-align: justify;\">Le titre est de 3<sup>e<\/sup> Mill\u00e9naire<\/p>\n<p style=\"text-align: justify;\">Chaque fois que la notion d&rsquo;individu s&rsquo;interpose comme entit\u00e9 ind\u00e9pendante, un moi surgit, l&rsquo;anxi\u00e9t\u00e9, l&rsquo;ins\u00e9curit\u00e9 s&rsquo;installent et in\u00e9vitablement surviennent d\u00e9sir et agitation. Au niveau d&rsquo;un moi nous ne pouvons qu&rsquo;ajourner, d\u00e9placer, restreindre la perturbation, mais non l&rsquo;\u00e9liminer. Nous ne pouvons que penser le connu et l&rsquo;intention nous laisse toujours dans un cercle vicieux.<\/p>\n<p style=\"text-align: justify;\">Nous connaissons tous des instants de pl\u00e9nitude sans qu&rsquo;il y ait d\u00e9sir ou intention de vouloir combler un vide, ou sans \u00e9prouver le moindre manque. Dans ce v\u00e9cu, il n&rsquo;y a pas la notion de moi ; c&rsquo;est seulement par la suite que le moi l&rsquo;accapare, le fait sien, comme un voleur ou un clown qui s&rsquo;attribue le talent de la ballerine et les ovations du public. Notre structure psychosomatique a certainement \u00e9t\u00e9 \u00e9branl\u00e9e par le v\u00e9cu, mais elle n&rsquo;est pas le foyer o\u00f9 s&rsquo;\u00e9labore l\u2019exp\u00e9rience de la pl\u00e9nitude.<\/p>\n<p style=\"text-align: justify;\"><strong>La voie directe<\/strong><\/p>\n<p style=\"text-align: justify;\">La notion d&rsquo;un moi a sa source dans le soi, conscience unitive, car autrement comment pourrait-on pressentir ce que nous ne connaissons pas ? L&rsquo;ultime d\u00e9sir est d&rsquo;\u00eatre le Soi. Dans les moments de pl\u00e9nitude l&rsquo;\u00e9tat de non-d\u00e9sir, la notion d&rsquo;un moi \u2014 comme d&rsquo;ailleurs de tout autre objet \u2014 est compl\u00e8tement absente. La cause de la pl\u00e9nitude est souvent attribu\u00e9e \u00e0 un objet, aussi nous consolidons de plus en plus la conviction, suscit\u00e9e en nous par un r\u00e9seau d&rsquo;habitudes o\u00f9 nous nous complaisons, que l&rsquo;\u00e9tat de pl\u00e9nitude est quelque chose \u00e0 acqu\u00e9rir, \u00e0 poss\u00e9der, \u00e0 cultiver.<\/p>\n<p style=\"text-align: justify;\">Vient le guru qui montre la perspective de la v\u00e9rit\u00e9 : pl\u00e9nitude. Le discernement prend naissance et les anciens r\u00e9sidus se consument. Il se fait un l\u00e2cher-prise, le chercheur cessant d&rsquo;orienter son dynamisme vers l&rsquo;ext\u00e9rieur et, du fait qu&rsquo;il n&rsquo;y a rien \u00e0 chercher, rien \u00e0 trouver, la notion d&rsquo;un moi et de son dynamisme se meurt, se fond dans sa source, le soi qui est pl\u00e9nitude. Cette pl\u00e9nitude v\u00e9cue, non duelle, ne se fixe pas dans un espace-temps : corps-mental. Le mental ne peut comprendre que ce qui lui est inh\u00e9rent, mais la v\u00e9rit\u00e9 transcende le mental et ne peut donc \u00eatre v\u00e9cue sur le plan mental, ni \u00eatre saisie au niveau du langage. Tout cela ne peut que pointer vers l&rsquo;ultime v\u00e9rit\u00e9, c&rsquo;est le blocage au niveau du mental, de la pens\u00e9e, qui emp\u00eache l&rsquo;\u00e9veil dans le soi, le v\u00e9cu.<\/p>\n<p style=\"text-align: justify;\"><em>Quelles sont les indications, pour moi, d&rsquo;une exp\u00e9rience ?<\/em><\/p>\n<p style=\"text-align: justify;\">S&rsquo;il y a un rappel par la pens\u00e9e, renouvel\u00e9 tr\u00e8s souvent de votre nature axiale, vous pouvez dire que vous \u00eates dans la perspective de la v\u00e9rit\u00e9. Des p\u00e9riodes se succ\u00e9deront o\u00f9 la joie vous envahira sans cause, sans stimulant, l&rsquo;impersonnel grandira en vous et vos valeurs se modifieront, int\u00e9grant un point de vue global ; le flot ininterrompu de la pens\u00e9e se meurt et laisse survivre le je sais. Vous pouvez vous dire qu&rsquo;il vous reste seulement \u00e0 vous \u00e9tablir d\u00e9finitivement dans cette exp\u00e9rience.<\/p>\n<p style=\"text-align: justify;\">Chaque fois que la notion d&rsquo;un \u00e9go appara\u00eet il ne faut pas fuir, lutter contre cette notion. L&rsquo;\u00e9go ne peut pas changer l&rsquo;\u00e9go, violent ou non-violent ; il reste toujours un \u00e9go et une fraction ne peut que cr\u00e9er une autre fraction. Il faut \u00e9viter de fuir, de compenser ou de surimposer. Log\u00e9s dans l&rsquo;inconfort, nous pouvons l&rsquo;objectiver : il se cr\u00e9e un observateur et une chose observ\u00e9e. Un moment arrive o\u00f9 la chose observ\u00e9e ne peut plus se maintenir ; elle n&rsquo;est plus aliment\u00e9e et, t\u00f4t ou tard, elle se r\u00e9sorbe dans l&rsquo;observation. L&rsquo;observateur seul subsiste et sa nature est pl\u00e9nitude, non duelle ; il perd alors son caract\u00e8re fonctionnel et se r\u00e9v\u00e8le conscience pure.<\/p>\n<p style=\"text-align: justify;\">A chaque moment de pens\u00e9e, de sensation, sentiment, il y a la pr\u00e9sence de la conscience, mais elle n&rsquo;est pas affect\u00e9e par toutes ces activit\u00e9s. Dans le sommeil profond, il y a absence de pens\u00e9es, de sensations, seule la conscience pure est pr\u00e9sente ; elle reste comme toile de fond. Elle est pr\u00e9sente dans toutes les actions, sans qu&rsquo;il y ait acteur : il n&rsquo;y a qu&rsquo;action. La pens\u00e9e que nous sommes l&rsquo;acteur volitif, absolument indispensable \u00e0 chaque action, est ancr\u00e9e en nous mais un examen en profondeur nous montre que nous ne sommes ni acteur, ni dormeur, mais uniquement pure conscience.<\/p>\n<p style=\"text-align: justify;\">Eliminer de notre \u00e9coute \u2014 par un proc\u00e9d\u00e9 quelconque \u2014 le corps, les sensations, les \u00e9motions, les pens\u00e9es, nous laisse un vide sans saveur, donc encore un objet.<\/p>\n<p style=\"text-align: justify;\">Le \u00ab\u00a0je ne sais pas\u00a0\u00bb rec\u00e8le encore le sansk\u00e2ra d&rsquo;un \u00ab\u00a0je sais\u00a0\u00bb et cette absence-attente d&rsquo;un \u00ab\u00a0je sais\u00a0\u00bb n&rsquo;est qu&rsquo;un vide mental, corps-objet ; un je sais conceptuel nous fixe dans une relation sujet-objet et ce \u00ab\u00a0je sais\u00a0\u00bb contient toujours une question \u00e0 r\u00e9soudre. Quand, par une vision non orient\u00e9e, une conviction instantan\u00e9e surgit qu&rsquo;il n&rsquo;y a rien \u00e0 savoir, \u00e0 conna\u00eetre, vous comprenez que le vrai savoir, le savoir total est un v\u00e9cu non mental, absolument non duel.<\/p>\n<p style=\"text-align: justify;\">Vous \u00eates la v\u00e9rit\u00e9 ; pas un instant vous ne pouvez ne pas l&rsquo;\u00eatre. Dans une approche directe, les obstacles s&rsquo;\u00e9liminent ainsi que le sens de la s\u00e9parativit\u00e9 par une juste vision de la perspective, lorsque les obstacles sont r\u00e9sorb\u00e9s, le je v\u00e9cu prend une r\u00e9alit\u00e9 constante. Il n&rsquo;a pas besoin d&rsquo;agent, il se conna\u00eet lui-m\u00eame par lui-m\u00eame. Toute autre approche par purification et appropriation nous laisse en s\u00e9parativit\u00e9 ; vous ne pouvez jamais changer le mental d&rsquo;un point de vue mental, vous ne pouvez qu&rsquo;atteindre une satisfaction ou un \u00e9tat d\u00e9sign\u00e9 par le terme sam\u00e2dhi, dans un contexte espace-temps. La v\u00e9rit\u00e9 est v\u00e9cue quand le silence dans la dualit\u00e9 nous a quitt\u00e9s ; les objets nous apparaissent alors comme une prolongation, une extension de cette v\u00e9rit\u00e9 v\u00e9cue.<\/p>\n<p style=\"text-align: justify;\">La conscience unitive, l&rsquo;ultime r\u00e9alit\u00e9 s&rsquo;exprime d&rsquo;abord comme conscience non duelle, sans intervention d&rsquo;un agent : connaissance par excellence, \u00eatre soi, au-del\u00e0 des relations sujet-objet. Cette conscience s&rsquo;exprime, s&rsquo;objective, s&rsquo;ext\u00e9riorise en tant qu&rsquo;objet des sens comme une id\u00e9e et vous dites \u00ab\u00a0je per\u00e7ois\u00a0\u00bb mais quand l&rsquo;apparente perception est accomplie, l&rsquo;objet perd ses caract\u00e9ristiques, se r\u00e9sorbe dans l&rsquo;essence-conscience, le soi non duel. Vous, le Soi, ne connaissez plus que le Soi, il n&rsquo;y a que le Soi.<\/p>\n","protected":false},"excerpt":{"rendered":"<p>L&rsquo;ultime d\u00e9sir est d&rsquo;\u00eatre le Soi. Dans les moments de pl\u00e9nitude l&rsquo;\u00e9tat de non-d\u00e9sir, la notion d&rsquo;un moi \u2014 comme d&rsquo;ailleurs de tout autre objet \u2014 est compl\u00e8tement absente. La cause de la pl\u00e9nitude est souvent attribu\u00e9e \u00e0 un objet, aussi nous consolidons de plus en plus la conviction, suscit\u00e9e en nous par un r\u00e9seau d&rsquo;habitudes o\u00f9 nous nous complaisons, que l&rsquo;\u00e9tat de pl\u00e9nitude est quelque chose \u00e0 acqu\u00e9rir, \u00e0 poss\u00e9der, \u00e0 cultiver.<\/p>\n","protected":false},"author":1,"featured_media":12583,"comment_status":"closed","ping_status":"closed","sticky":false,"template":"","format":"standard","meta":{"footnotes":""},"categories":[231],"tags":[37,168,8,35],"class_list":["post-13072","post","type-post","status-publish","format-standard","has-post-thumbnail","hentry","category-j-klein","tag-conscience","tag-desir","tag-non-dualite","tag-soi"],"yoast_head":"<!-- This site is optimized with the Yoast SEO plugin v27.0 - https:\/\/yoast.com\/product\/yoast-seo-wordpress\/ -->\n<title>\u00catre dans la perspective de v\u00e9rit\u00e9 par Jean Klein - 3e mill\u00e9naire - Spiritualit\u00e9 - Connaissance de soi - Non-dualit\u00e9 - M\u00e9ditation<\/title>\n<meta name=\"robots\" content=\"index, follow, max-snippet:-1, max-image-preview:large, max-video-preview:-1\" \/>\n<link rel=\"canonical\" href=\"https:\/\/www.revue3emillenaire.com\/blog\/etre-dans-la-perspective-de-verite-par-jean-klein\/\" \/>\n<meta property=\"og:locale\" content=\"fr_FR\" \/>\n<meta property=\"og:type\" content=\"article\" \/>\n<meta property=\"og:title\" content=\"\u00catre dans la perspective de v\u00e9rit\u00e9 par Jean Klein - 3e mill\u00e9naire - Spiritualit\u00e9 - Connaissance de soi - Non-dualit\u00e9 - M\u00e9ditation\" \/>\n<meta property=\"og:description\" content=\"L&#039;ultime d\u00e9sir est d&#039;\u00eatre le Soi. Dans les moments de pl\u00e9nitude l&#039;\u00e9tat de non-d\u00e9sir, la notion d&#039;un moi \u2014 comme d&#039;ailleurs de tout autre objet \u2014 est compl\u00e8tement absente. La cause de la pl\u00e9nitude est souvent attribu\u00e9e \u00e0 un objet, aussi nous consolidons de plus en plus la conviction, suscit\u00e9e en nous par un r\u00e9seau d&#039;habitudes o\u00f9 nous nous complaisons, que l&#039;\u00e9tat de pl\u00e9nitude est quelque chose \u00e0 acqu\u00e9rir, \u00e0 poss\u00e9der, \u00e0 cultiver.\" \/>\n<meta property=\"og:url\" content=\"https:\/\/www.revue3emillenaire.com\/blog\/etre-dans-la-perspective-de-verite-par-jean-klein\/\" \/>\n<meta property=\"og:site_name\" content=\"3e mill\u00e9naire - Spiritualit\u00e9 - Connaissance de soi - Non-dualit\u00e9 - M\u00e9ditation\" \/>\n<meta property=\"article:published_time\" content=\"2013-02-26T23:08:48+00:00\" \/>\n<meta property=\"og:image\" content=\"https:\/\/www.revue3emillenaire.com\/blog\/wp-content\/uploads\/2012\/12\/jklein4.jpg\" \/>\n\t<meta property=\"og:image:width\" content=\"334\" \/>\n\t<meta property=\"og:image:height\" content=\"392\" \/>\n\t<meta property=\"og:image:type\" content=\"image\/jpeg\" \/>\n<meta name=\"author\" content=\"3e mill\u00e9naire\" \/>\n<meta name=\"twitter:card\" content=\"summary_large_image\" \/>\n<meta name=\"twitter:label1\" content=\"\u00c9crit par\" \/>\n\t<meta name=\"twitter:data1\" content=\"3e mill\u00e9naire\" \/>\n\t<meta name=\"twitter:label2\" content=\"Dur\u00e9e de lecture estim\u00e9e\" \/>\n\t<meta name=\"twitter:data2\" content=\"6 minutes\" \/>\n<script type=\"application\/ld+json\" class=\"yoast-schema-graph\">{\"@context\":\"https:\/\/schema.org\",\"@graph\":[{\"@type\":\"Article\",\"@id\":\"https:\/\/www.revue3emillenaire.com\/blog\/etre-dans-la-perspective-de-verite-par-jean-klein\/#article\",\"isPartOf\":{\"@id\":\"https:\/\/www.revue3emillenaire.com\/blog\/etre-dans-la-perspective-de-verite-par-jean-klein\/\"},\"author\":{\"name\":\"3e mill\u00e9naire\",\"@id\":\"https:\/\/www.revue3emillenaire.com\/blog\/#\/schema\/person\/9a3a7cc4ccaa707f402d4394327106d5\"},\"headline\":\"\u00catre dans la perspective de v\u00e9rit\u00e9 par Jean Klein\",\"datePublished\":\"2013-02-26T23:08:48+00:00\",\"mainEntityOfPage\":{\"@id\":\"https:\/\/www.revue3emillenaire.com\/blog\/etre-dans-la-perspective-de-verite-par-jean-klein\/\"},\"wordCount\":1112,\"image\":{\"@id\":\"https:\/\/www.revue3emillenaire.com\/blog\/etre-dans-la-perspective-de-verite-par-jean-klein\/#primaryimage\"},\"thumbnailUrl\":\"https:\/\/www.revue3emillenaire.com\/blog\/wp-content\/uploads\/2012\/12\/jklein4.jpg\",\"keywords\":[\"Conscience\",\"d\u00e9sir\",\"Non-dualit\u00e9\",\"Soi\"],\"articleSection\":[\"Klein Jean\"],\"inLanguage\":\"fr-FR\"},{\"@type\":\"WebPage\",\"@id\":\"https:\/\/www.revue3emillenaire.com\/blog\/etre-dans-la-perspective-de-verite-par-jean-klein\/\",\"url\":\"https:\/\/www.revue3emillenaire.com\/blog\/etre-dans-la-perspective-de-verite-par-jean-klein\/\",\"name\":\"\u00catre dans la perspective de v\u00e9rit\u00e9 par Jean Klein - 3e mill\u00e9naire - Spiritualit\u00e9 - Connaissance de soi - Non-dualit\u00e9 - M\u00e9ditation\",\"isPartOf\":{\"@id\":\"https:\/\/www.revue3emillenaire.com\/blog\/#website\"},\"primaryImageOfPage\":{\"@id\":\"https:\/\/www.revue3emillenaire.com\/blog\/etre-dans-la-perspective-de-verite-par-jean-klein\/#primaryimage\"},\"image\":{\"@id\":\"https:\/\/www.revue3emillenaire.com\/blog\/etre-dans-la-perspective-de-verite-par-jean-klein\/#primaryimage\"},\"thumbnailUrl\":\"https:\/\/www.revue3emillenaire.com\/blog\/wp-content\/uploads\/2012\/12\/jklein4.jpg\",\"datePublished\":\"2013-02-26T23:08:48+00:00\",\"author\":{\"@id\":\"https:\/\/www.revue3emillenaire.com\/blog\/#\/schema\/person\/9a3a7cc4ccaa707f402d4394327106d5\"},\"breadcrumb\":{\"@id\":\"https:\/\/www.revue3emillenaire.com\/blog\/etre-dans-la-perspective-de-verite-par-jean-klein\/#breadcrumb\"},\"inLanguage\":\"fr-FR\",\"potentialAction\":[{\"@type\":\"ReadAction\",\"target\":[\"https:\/\/www.revue3emillenaire.com\/blog\/etre-dans-la-perspective-de-verite-par-jean-klein\/\"]}]},{\"@type\":\"ImageObject\",\"inLanguage\":\"fr-FR\",\"@id\":\"https:\/\/www.revue3emillenaire.com\/blog\/etre-dans-la-perspective-de-verite-par-jean-klein\/#primaryimage\",\"url\":\"https:\/\/www.revue3emillenaire.com\/blog\/wp-content\/uploads\/2012\/12\/jklein4.jpg\",\"contentUrl\":\"https:\/\/www.revue3emillenaire.com\/blog\/wp-content\/uploads\/2012\/12\/jklein4.jpg\",\"width\":\"334\",\"height\":\"392\"},{\"@type\":\"BreadcrumbList\",\"@id\":\"https:\/\/www.revue3emillenaire.com\/blog\/etre-dans-la-perspective-de-verite-par-jean-klein\/#breadcrumb\",\"itemListElement\":[{\"@type\":\"ListItem\",\"position\":1,\"name\":\"Accueil\",\"item\":\"https:\/\/www.revue3emillenaire.com\/blog\/\"},{\"@type\":\"ListItem\",\"position\":2,\"name\":\"\u00catre dans la perspective de v\u00e9rit\u00e9 par Jean Klein\"}]},{\"@type\":\"WebSite\",\"@id\":\"https:\/\/www.revue3emillenaire.com\/blog\/#website\",\"url\":\"https:\/\/www.revue3emillenaire.com\/blog\/\",\"name\":\"3e mill\u00e9naire - Spiritualit\u00e9 - Connaissance de soi - Non-dualit\u00e9 - M\u00e9ditation\",\"description\":\"L&#039;Homme en devenir\",\"potentialAction\":[{\"@type\":\"SearchAction\",\"target\":{\"@type\":\"EntryPoint\",\"urlTemplate\":\"https:\/\/www.revue3emillenaire.com\/blog\/?s={search_term_string}\"},\"query-input\":{\"@type\":\"PropertyValueSpecification\",\"valueRequired\":true,\"valueName\":\"search_term_string\"}}],\"inLanguage\":\"fr-FR\"},{\"@type\":\"Person\",\"@id\":\"https:\/\/www.revue3emillenaire.com\/blog\/#\/schema\/person\/9a3a7cc4ccaa707f402d4394327106d5\",\"name\":\"3e mill\u00e9naire\",\"url\":\"https:\/\/www.revue3emillenaire.com\/blog\/author\/admin\/\"}]}<\/script>\n<!-- \/ Yoast SEO plugin. -->","yoast_head_json":{"title":"\u00catre dans la perspective de v\u00e9rit\u00e9 par Jean Klein - 3e mill\u00e9naire - Spiritualit\u00e9 - Connaissance de soi - Non-dualit\u00e9 - M\u00e9ditation","robots":{"index":"index","follow":"follow","max-snippet":"max-snippet:-1","max-image-preview":"max-image-preview:large","max-video-preview":"max-video-preview:-1"},"canonical":"https:\/\/www.revue3emillenaire.com\/blog\/etre-dans-la-perspective-de-verite-par-jean-klein\/","og_locale":"fr_FR","og_type":"article","og_title":"\u00catre dans la perspective de v\u00e9rit\u00e9 par Jean Klein - 3e mill\u00e9naire - Spiritualit\u00e9 - Connaissance de soi - Non-dualit\u00e9 - M\u00e9ditation","og_description":"L'ultime d\u00e9sir est d'\u00eatre le Soi. Dans les moments de pl\u00e9nitude l'\u00e9tat de non-d\u00e9sir, la notion d'un moi \u2014 comme d'ailleurs de tout autre objet \u2014 est compl\u00e8tement absente. La cause de la pl\u00e9nitude est souvent attribu\u00e9e \u00e0 un objet, aussi nous consolidons de plus en plus la conviction, suscit\u00e9e en nous par un r\u00e9seau d'habitudes o\u00f9 nous nous complaisons, que l'\u00e9tat de pl\u00e9nitude est quelque chose \u00e0 acqu\u00e9rir, \u00e0 poss\u00e9der, \u00e0 cultiver.","og_url":"https:\/\/www.revue3emillenaire.com\/blog\/etre-dans-la-perspective-de-verite-par-jean-klein\/","og_site_name":"3e mill\u00e9naire - Spiritualit\u00e9 - Connaissance de soi - Non-dualit\u00e9 - M\u00e9ditation","article_published_time":"2013-02-26T23:08:48+00:00","og_image":[{"width":334,"height":392,"url":"https:\/\/www.revue3emillenaire.com\/blog\/wp-content\/uploads\/2012\/12\/jklein4.jpg","type":"image\/jpeg"}],"author":"3e mill\u00e9naire","twitter_card":"summary_large_image","twitter_misc":{"\u00c9crit par":"3e mill\u00e9naire","Dur\u00e9e de lecture estim\u00e9e":"6 minutes"},"schema":{"@context":"https:\/\/schema.org","@graph":[{"@type":"Article","@id":"https:\/\/www.revue3emillenaire.com\/blog\/etre-dans-la-perspective-de-verite-par-jean-klein\/#article","isPartOf":{"@id":"https:\/\/www.revue3emillenaire.com\/blog\/etre-dans-la-perspective-de-verite-par-jean-klein\/"},"author":{"name":"3e mill\u00e9naire","@id":"https:\/\/www.revue3emillenaire.com\/blog\/#\/schema\/person\/9a3a7cc4ccaa707f402d4394327106d5"},"headline":"\u00catre dans la perspective de v\u00e9rit\u00e9 par Jean Klein","datePublished":"2013-02-26T23:08:48+00:00","mainEntityOfPage":{"@id":"https:\/\/www.revue3emillenaire.com\/blog\/etre-dans-la-perspective-de-verite-par-jean-klein\/"},"wordCount":1112,"image":{"@id":"https:\/\/www.revue3emillenaire.com\/blog\/etre-dans-la-perspective-de-verite-par-jean-klein\/#primaryimage"},"thumbnailUrl":"https:\/\/www.revue3emillenaire.com\/blog\/wp-content\/uploads\/2012\/12\/jklein4.jpg","keywords":["Conscience","d\u00e9sir","Non-dualit\u00e9","Soi"],"articleSection":["Klein Jean"],"inLanguage":"fr-FR"},{"@type":"WebPage","@id":"https:\/\/www.revue3emillenaire.com\/blog\/etre-dans-la-perspective-de-verite-par-jean-klein\/","url":"https:\/\/www.revue3emillenaire.com\/blog\/etre-dans-la-perspective-de-verite-par-jean-klein\/","name":"\u00catre dans la perspective de v\u00e9rit\u00e9 par Jean Klein - 3e mill\u00e9naire - Spiritualit\u00e9 - Connaissance de soi - Non-dualit\u00e9 - M\u00e9ditation","isPartOf":{"@id":"https:\/\/www.revue3emillenaire.com\/blog\/#website"},"primaryImageOfPage":{"@id":"https:\/\/www.revue3emillenaire.com\/blog\/etre-dans-la-perspective-de-verite-par-jean-klein\/#primaryimage"},"image":{"@id":"https:\/\/www.revue3emillenaire.com\/blog\/etre-dans-la-perspective-de-verite-par-jean-klein\/#primaryimage"},"thumbnailUrl":"https:\/\/www.revue3emillenaire.com\/blog\/wp-content\/uploads\/2012\/12\/jklein4.jpg","datePublished":"2013-02-26T23:08:48+00:00","author":{"@id":"https:\/\/www.revue3emillenaire.com\/blog\/#\/schema\/person\/9a3a7cc4ccaa707f402d4394327106d5"},"breadcrumb":{"@id":"https:\/\/www.revue3emillenaire.com\/blog\/etre-dans-la-perspective-de-verite-par-jean-klein\/#breadcrumb"},"inLanguage":"fr-FR","potentialAction":[{"@type":"ReadAction","target":["https:\/\/www.revue3emillenaire.com\/blog\/etre-dans-la-perspective-de-verite-par-jean-klein\/"]}]},{"@type":"ImageObject","inLanguage":"fr-FR","@id":"https:\/\/www.revue3emillenaire.com\/blog\/etre-dans-la-perspective-de-verite-par-jean-klein\/#primaryimage","url":"https:\/\/www.revue3emillenaire.com\/blog\/wp-content\/uploads\/2012\/12\/jklein4.jpg","contentUrl":"https:\/\/www.revue3emillenaire.com\/blog\/wp-content\/uploads\/2012\/12\/jklein4.jpg","width":"334","height":"392"},{"@type":"BreadcrumbList","@id":"https:\/\/www.revue3emillenaire.com\/blog\/etre-dans-la-perspective-de-verite-par-jean-klein\/#breadcrumb","itemListElement":[{"@type":"ListItem","position":1,"name":"Accueil","item":"https:\/\/www.revue3emillenaire.com\/blog\/"},{"@type":"ListItem","position":2,"name":"\u00catre dans la perspective de v\u00e9rit\u00e9 par Jean Klein"}]},{"@type":"WebSite","@id":"https:\/\/www.revue3emillenaire.com\/blog\/#website","url":"https:\/\/www.revue3emillenaire.com\/blog\/","name":"3e mill\u00e9naire - Spiritualit\u00e9 - Connaissance de soi - Non-dualit\u00e9 - M\u00e9ditation","description":"L&#039;Homme en devenir","potentialAction":[{"@type":"SearchAction","target":{"@type":"EntryPoint","urlTemplate":"https:\/\/www.revue3emillenaire.com\/blog\/?s={search_term_string}"},"query-input":{"@type":"PropertyValueSpecification","valueRequired":true,"valueName":"search_term_string"}}],"inLanguage":"fr-FR"},{"@type":"Person","@id":"https:\/\/www.revue3emillenaire.com\/blog\/#\/schema\/person\/9a3a7cc4ccaa707f402d4394327106d5","name":"3e mill\u00e9naire","url":"https:\/\/www.revue3emillenaire.com\/blog\/author\/admin\/"}]}},"_links":{"self":[{"href":"https:\/\/www.revue3emillenaire.com\/blog\/wp-json\/wp\/v2\/posts\/13072","targetHints":{"allow":["GET"]}}],"collection":[{"href":"https:\/\/www.revue3emillenaire.com\/blog\/wp-json\/wp\/v2\/posts"}],"about":[{"href":"https:\/\/www.revue3emillenaire.com\/blog\/wp-json\/wp\/v2\/types\/post"}],"author":[{"embeddable":true,"href":"https:\/\/www.revue3emillenaire.com\/blog\/wp-json\/wp\/v2\/users\/1"}],"replies":[{"embeddable":true,"href":"https:\/\/www.revue3emillenaire.com\/blog\/wp-json\/wp\/v2\/comments?post=13072"}],"version-history":[{"count":0,"href":"https:\/\/www.revue3emillenaire.com\/blog\/wp-json\/wp\/v2\/posts\/13072\/revisions"}],"wp:featuredmedia":[{"embeddable":true,"href":"https:\/\/www.revue3emillenaire.com\/blog\/wp-json\/wp\/v2\/media\/12583"}],"wp:attachment":[{"href":"https:\/\/www.revue3emillenaire.com\/blog\/wp-json\/wp\/v2\/media?parent=13072"}],"wp:term":[{"taxonomy":"category","embeddable":true,"href":"https:\/\/www.revue3emillenaire.com\/blog\/wp-json\/wp\/v2\/categories?post=13072"},{"taxonomy":"post_tag","embeddable":true,"href":"https:\/\/www.revue3emillenaire.com\/blog\/wp-json\/wp\/v2\/tags?post=13072"}],"curies":[{"name":"wp","href":"https:\/\/api.w.org\/{rel}","templated":true}]}}