{"id":13287,"date":"2013-03-25T02:37:30","date_gmt":"2013-03-25T01:37:30","guid":{"rendered":"http:\/\/www.revue3emillenaire.com\/blog\/?p=13287"},"modified":"2013-03-25T02:37:30","modified_gmt":"2013-03-25T01:37:30","slug":"linnommable-par-wei-wu-wei","status":"publish","type":"post","link":"https:\/\/www.revue3emillenaire.com\/blog\/linnommable-par-wei-wu-wei\/","title":{"rendered":"L&rsquo;Innommable par Wei Wu Wei"},"content":{"rendered":"<p><span style=\"font-family: Times New Roman,serif;\">(Revue \u00catre. N<\/span><sup><span style=\"font-family: Times New Roman,serif;\"><span style=\"font-size: small;\">o<\/span><\/span><\/sup><span style=\"font-family: Times New Roman,serif;\"> 1. 1<\/span><sup><span style=\"font-family: Times New Roman,serif;\"><span style=\"font-size: small;\">\u00e8re<\/span><\/span><\/sup><span style=\"font-family: Times New Roman,serif;\"> ann\u00e9e. 1973)<\/span><\/p>\n<p align=\"JUSTIFY\">\u00a0<span style=\"font-family: Times New Roman,serif;\"><strong>L&rsquo;Innommable\u00a0<\/strong><\/span><\/p>\n<p align=\"JUSTIFY\"><span style=\"font-family: Times New Roman,serif;\">Qu&rsquo;est-ce qu&rsquo;il pourrait y avoir \u00e0 discuter,<\/span><\/p>\n<p align=\"JUSTIFY\"><span style=\"font-family: Times New Roman,serif;\">\u00c9tant donn\u00e9 que rien que l&rsquo;apparent ne peut para\u00eetre ?<\/span><\/p>\n<p align=\"JUSTIFY\"><span style=\"font-family: Times New Roman,serif;\">Vouloir objectiver la source de l&rsquo;objectivit\u00e9, <\/span><\/p>\n<p align=\"JUSTIFY\"><span style=\"font-family: Times New Roman,serif;\">Laquelle, comme telle, ne pourrait pas \u00eatre un objet, <\/span><\/p>\n<p align=\"JUSTIFY\"><span style=\"font-family: Times New Roman,serif;\">Comment cela r\u00e9ussirait-il ?<\/span><\/p>\n<p align=\"JUSTIFY\"><span style=\"font-family: Times New Roman,serif;\">La subjectivit\u00e9 ne pourrait jamais \u00eatre un objet <\/span><\/p>\n<p align=\"JUSTIFY\"><span style=\"font-family: Times New Roman,serif;\">De la subjectivit\u00e9 qu&rsquo;elle est.<\/span><\/p>\n<p align=\"JUSTIFY\"><span style=\"font-family: Times New Roman,serif;\">Et parler, \u00e9crire, penser au sujet de la non-objectivit\u00e9 <\/span><\/p>\n<p align=\"JUSTIFY\"><span style=\"font-family: Times New Roman,serif;\"><em>Ne pourrait jamais \u00eatre autre chose que cela !<\/em><\/span><\/p>\n<p align=\"JUSTIFY\"><span style=\"font-family: Times New Roman,serif;\">C&rsquo;est pourquoi Lao Tze nous dit que le Tao qui peut \u00eatre nomm\u00e9 <\/span><\/p>\n<p align=\"JUSTIFY\"><span style=\"font-family: Times New Roman,serif;\">N&rsquo;est pas Tao.<\/span><\/p>\n<p align=\"CENTER\"><span style=\"font-family: Times New Roman,serif;\">*** ***<\/span><\/p>\n<p align=\"JUSTIFY\"><span style=\"font-family: Times New Roman,serif;\"><strong>Dialectiquement<\/strong><\/span><\/p>\n<p style=\"padding-left: 90px;\" align=\"JUSTIFY\"><span style=\"font-family: Times New Roman,serif;\">\u00ab\u00a0<\/span><span style=\"font-family: Times New Roman,serif;\"><em>La perception que sujet et objet ne diff\u00e9rent pas am\u00e8nera \u00e0 l&rsquo;apercep\u00adtion par laquelle vous vous \u00e9veillerez \u00e0 la v\u00e9rit\u00e9 de \u2018Ch&rsquo;an\u2019<\/em><\/span><span style=\"font-family: Times New Roman,serif;\">\u00ab\u00a0<\/span><\/p>\n<p align=\"RIGHT\"><span style=\"font-family: Times New Roman,serif;\">(Huang Po, Wan Ling Record 26).<\/span><\/p>\n<p align=\"JUSTIFY\"><span style=\"font-family: Times New Roman,serif;\">S&rsquo;il y a absence, il faut qu&rsquo;un objet soit absent d&rsquo;un point quelconque, et de ce fait tel objet est aussi potentiellement pr\u00e9sent.<\/span><\/p>\n<p align=\"JUSTIFY\"><span style=\"font-family: Times New Roman,serif;\">S&rsquo;il y a pr\u00e9sence, il faut qu&rsquo;un objet soit pr\u00e9sent \u00e0 un point quelconque, et de ce fait, tel objet est potentiellement absent.<\/span><\/p>\n<p align=\"JUSTIFY\"><span style=\"font-family: Times New Roman,serif;\">Ainsi, tout objet, comme objet, doit n\u00e9cessairement \u00eatre potentiellement soit pr\u00e9sent, soit absent.<\/span><\/p>\n<p align=\"JUSTIFY\"><span style=\"font-family: Times New Roman,serif;\">Mais tel objet, pour qu&rsquo;il soit ou absent ou pr\u00e9sent, doit avoir une coordonn\u00e9e en fonction de laquelle il est l&rsquo;un ou l&rsquo;autre, et cette coordonn\u00e9e doit elle-m\u00eame \u00eatre pr\u00e9sente en fonction de l&rsquo;objet. Alors, \u00e9tant pr\u00e9sente, elle devient une \u00ab\u00a0pr\u00e9sence\u00a0\u00bb en relation avec l&rsquo;objet qui est connu. Sans une telle coordonn\u00e9e l&rsquo;existence de l&rsquo;objet ne pourrait pas \u00eatre \u00e9tablie.<\/span><\/p>\n<p align=\"JUSTIFY\"><span style=\"font-family: Times New Roman,serif;\">Mais telle coordonn\u00e9e ne pourrait \u00eatre que le sujet \u00ab\u00a0connaissant\u00a0\u00bb l&rsquo;objet et, partout o\u00f9 l&rsquo;objet peut \u00eatre per\u00e7u, l\u00e0, son sujet est obligatoirement pr\u00e9sent et, partout o\u00f9 l&rsquo;objet n&rsquo;est pas per\u00e7u, l\u00e0, son sujet est obligatoirement absent. La pr\u00e9sence ou l&rsquo;absence de l&rsquo;objet d\u00e9pend, donc, enti\u00e8rement de celui qui le per\u00e7oit.<\/span><\/p>\n<p align=\"JUSTIFY\"><span style=\"font-family: Times New Roman,serif;\">Est-ce qu&rsquo;il pourrait \u00eatre cens\u00e9 exister sans sa coordonn\u00e9e, ce qui voudrait dire \u00e9galement, pourrait-il exister sans son sujet ? Etant ni pr\u00e9sent ni absent par rapport \u00e0 quelqu&rsquo;un qui le per\u00e7oit, que pourrait-il \u00eatre ? Son existence ne pourrait en aucune fa\u00e7on \u00eatre maintenue. Il s&rsquo;ensuit que c&rsquo;est le sujet, non pas l&rsquo;objet, qui est soit absent soit pr\u00e9sent.<\/span><\/p>\n<p align=\"JUSTIFY\"><span style=\"font-family: Times New Roman,serif;\">Il ne peut donc pas \u00eatre affirm\u00e9 que l&rsquo;objet existe sans le sujet qui le per\u00e7oit. Mais quelle \u00e9vidence y a-t-il, ou pourrait-il y avoir, pour affirmer l&rsquo;existence d&rsquo;un sujet qui per\u00e7oit ind\u00e9pendamment de son objet per\u00e7u ? L&rsquo;existence apparente ou suppos\u00e9e de chacun d\u00e9pend de l&rsquo;existence apparente ou suppos\u00e9e de l&rsquo;autre. Donc, comment objet et sujet pourraient-ils \u00eatre diff\u00e9rents, \u00e9tant donn\u00e9 qu&rsquo;ils sont mutuellement interd\u00e9pendants dans leur \u00ab\u00a0existence\u00a0\u00bb suppos\u00e9e ? Ne devons-nous pas in\u00e9vitablement demander quelle \u00e9vidence il y a, ou pourrait-il y avoir, pour l&rsquo;existence apparente ou suppos\u00e9e de l&rsquo;un ou de l&rsquo;autre ?<\/span><\/p>\n<p align=\"JUSTIFY\"><span style=\"font-family: Times New Roman,serif;\">Est-ce que deux inexistences interd\u00e9pendantes peuvent faire un \u00ab\u00a0existant\u00a0\u00bb, sans parler de deux ? Deux absences ne font pas une pr\u00e9sence, ni deux pr\u00e9sences une absence. Si l&rsquo;objet et le sujet ne sont pas diff\u00e9rents c&rsquo;est parce que ni l&rsquo;un ni l&rsquo;autre n&rsquo;a d&rsquo;existence ind\u00e9pendante qui pourrait les rendre soit diff\u00e9rents, soit une unit\u00e9 objective qui serait de ce fait toujours relative.<\/span><\/p>\n<p align=\"JUSTIFY\"><span style=\"font-family: Times New Roman,serif;\">Ce que chacun relativement pourrait \u00eatre &#8211; absolument &#8211; ne serait pas soit \u00ab\u00a0existant ou inexistant\u00a0\u00bb, soit \u00ab\u00a0ni existant ni inexistant\u00a0\u00bb, les id\u00e9es d&rsquo;un \u00ab\u00a0sujet et d&rsquo;un objet\u00a0\u00bb \u00e9tant des concepts relatifs.<\/span><\/p>\n<p align=\"JUSTIFY\"><span style=\"font-family: Times New Roman,serif;\">Il s&rsquo;ensuit que ce qui les con\u00e7oit est tout ce qu&rsquo;ils pourraient \u00eatre absolument, et pour le \u00ab\u00a0concevant\u00a0\u00bb il n&rsquo;y a pas, et ne pourrait jamais y avoir, un nom, parce que les noms sont des concepts objectiv\u00e9s exprim\u00e9s en langage relatif. Mais tout \u00eatre sensible, en \u00e9tant sensible, repr\u00e9sente ce qu&rsquo;absolument il EST.<\/span><\/p>\n<p align=\"JUSTIFY\"><span style=\"font-family: Times New Roman,serif;\">Note : <\/span><span style=\"font-family: Times New Roman,serif;\"><em>M\u00e9taphysiquement, tout comme la \u00ab\u00a0forme et le vide\u00a0\u00bb dans le Sutra du C\u0153ur (Hridaya Sutra), \u00ab\u00a0l&rsquo;objet et le sujet\u00a0\u00bb ne sont que leur absence mutuelle relative, dont il r\u00e9sulte que pour chacun il peut \u00eatre dit qu&rsquo;il est l&rsquo;autre absolument.<\/em><\/span><\/p>\n<p align=\"CENTER\"><span style=\"font-family: Times New Roman,serif;\">*** ***<\/span><\/p>\n<p align=\"JUSTIFY\"><span style=\"font-family: Times New Roman,serif;\"><strong>Le m\u00e9canisme de r\u00e9int\u00e9gration<\/strong><\/span><\/p>\n<p align=\"JUSTIFY\"><span style=\"font-family: Times New Roman,serif;\">Quand je per\u00e7ois comme \u00ab\u00a0moi\u00a0\u00bb &#8211; n&rsquo;importe o\u00f9, quand, ou quoi je parais \u00eatre &#8211; je suis ce \u00ab\u00a0mental\u00a0\u00bb relatif dans lequel l&rsquo;univers objectivement para\u00eet.<\/span><\/p>\n<p align=\"JUSTIFY\"><span style=\"font-family: Times New Roman,serif;\">Je per\u00e7ois comme sujet relatif par l&rsquo;interm\u00e9diaire de son objet ph\u00e9nom\u00e9nal, lesquels constituent la pseudo-entit\u00e9 qui s&rsquo;appelle moi.<\/span><\/p>\n<p align=\"JUSTIFY\"><span style=\"font-family: Times New Roman,serif;\">Cette compr\u00e9hension peut \u00eatre consid\u00e9r\u00e9e comme \u00e9tant la base de l&rsquo;int\u00e9gration, ce qui implique la r\u00e9int\u00e9gration du sujet relatif avec ce qu&rsquo;il est.<\/span><\/p>\n<p align=\"JUSTIFY\"><span style=\"font-family: Times New Roman,serif;\">Puisque le sujet est relatif \u00e0 son objet, seulement l&rsquo;abolition de cet objet peut lib\u00e9rer son sujet relatif, lequel affranchi de la servitude de la relativit\u00e9 et perdant de ce fait sa fonction, se trouve r\u00e9int\u00e9gr\u00e9 et redevient absolu.<\/span><\/p>\n<p align=\"JUSTIFY\"><span style=\"font-family: Times New Roman,serif;\">Et c&rsquo;est en reconnaissant la ph\u00e9nom\u00e9nalit\u00e9 de mon moi objectif comme apparence spatio-temporelle &#8211; c&rsquo;est-\u00e0-dire une pseudo-entit\u00e9 \u00e9tendue dans l&rsquo;espace-temps &#8211; que, comme sujet relatif, automatiquement je retrouve ma libert\u00e9 absolue.<\/span><\/p>\n<p align=\"CENTER\"><span style=\"font-family: Times New Roman,serif;\">*** ***<\/span><\/p>\n<p align=\"JUSTIFY\"><span style=\"font-family: Times New Roman,serif;\"><strong>Deblayer le terrain<\/strong><\/span><\/p>\n<p align=\"JUSTIFY\"><strong><span style=\"font-family: Times New Roman,serif;\">I.<\/span><\/strong><\/p>\n<p align=\"JUSTIFY\"><span style=\"font-family: Times New Roman,serif;\">Si nous pouvons oublier, ou ignorer, ce que nous ne sommes pas, nous trouverons que nous sommes ce qu&rsquo;en effet nous avons toujours \u00e9t\u00e9.<\/span><\/p>\n<p align=\"JUSTIFY\"><span style=\"font-family: Times New Roman,serif;\">Nous ne pouvons pas trouver ce que nous sommes &#8211; parce que cela est ce que nous sommes et non pas ce que nous ne sommes pas.<\/span><\/p>\n<p align=\"JUSTIFY\"><span style=\"font-family: Times New Roman,serif;\">Nous ne pouvons pas non plus conna\u00eetre ce que nous sommes, parce que nous ne sommes pas quelqu&rsquo;un d&rsquo;autre pour pouvoir nous conna\u00ee\u00adtre.<\/span><\/p>\n<p align=\"JUSTIFY\"><span style=\"font-family: Times New Roman,serif;\">Que pourrait-il y avoir \u00e0 rechercher, que pourrait-il y avoir \u00e0 trouver ? Nous ne sommes pas double pour que l&rsquo;un de nous puisse rechercher et trouver l&rsquo;autre ! Pour jouer \u00e0 cache-cache il faut \u00eatre deux.<\/span><\/p>\n<p align=\"JUSTIFY\"><span style=\"font-family: Times New Roman,serif;\">Par cons\u00e9quent chaque fois que nous recherchons ce-que-nous-sommes ce ne peut qu&rsquo;\u00eatre ce-qui-est cherch\u00e9 qui est en train de rechercher ce\u00ad qu&rsquo;il-est-lui-m\u00eame. A-t-on d\u00e9j\u00e0 vu un chaton r\u00e9ussir \u00e0 rattraper sa pro\u00adpre queue lorsqu&rsquo;il tourne en rond ?<\/span><\/p>\n<p align=\"JUSTIFY\"><span style=\"font-family: Times New Roman,serif;\">Toutefois \u00e9tant donn\u00e9 que &#8211; absolument &#8211; il ne peut y avoir une entit\u00e9 relative, ni \u00e0 chercher ni \u00e0 trouver, tout ce qui peut \u00eatre aper\u00e7u est `d&rsquo;\u00eatre conscient&rsquo; de ce qui, dans la relativit\u00e9 de l&rsquo;espace-temps, est connu comme `le cherchant&rsquo;. Mais `chercher&rsquo; est lui-m\u00eame un concept dans l&rsquo;espace-temps, dont la contrepartie conceptuelle est `trouver&rsquo;, la n\u00e9gation mutuelle des deux ne laisse rien \u00e0 \u00eatre recherch\u00e9 ni trouv\u00e9. Et `d&rsquo;\u00eatre conscient&rsquo; de l&rsquo;absence totale de la relativit\u00e9 est ce qui est indiqu\u00e9 par le symbole verbal qui s&rsquo;appelle `l&rsquo;Absolu&rsquo;.<\/span><\/p>\n<p align=\"JUSTIFY\"><strong><span style=\"font-family: Times New Roman,serif;\">II.<\/span><\/strong><\/p>\n<p align=\"JUSTIFY\"><em><span style=\"font-family: Times New Roman,serif;\">Puis-je \u00eatre ce que je suis ?<\/span><\/em><\/p>\n<p align=\"JUSTIFY\"><span style=\"font-family: Times New Roman,serif;\">S\u00fbrement pas ! Comment pourrais-je ?<\/span><\/p>\n<p align=\"JUSTIFY\"><em><span style=\"font-family: Times New Roman,serif;\">Pas vous ! Ce que je suis. <\/span><\/em><\/p>\n<p align=\"JUSTIFY\"><span style=\"font-family: Times New Roman,serif;\">C&rsquo;est bien ce que j&rsquo;ai dit.<\/span><\/p>\n<p align=\"JUSTIFY\"><em><span style=\"font-family: Times New Roman,serif;\">Comme vous pouvez \u00eatre p\u00e9nible ! Je ne parlais pas de vous mais de moi-m\u00eame.<\/span><\/em><\/p>\n<p align=\"JUSTIFY\"><span style=\"font-family: Times New Roman,serif;\">Il n&rsquo;y a pas de telle entit\u00e9 \u2014 Cela n&rsquo;est qu&rsquo;une image dans le mental.<\/span><\/p>\n<p align=\"JUSTIFY\"><em><span style=\"font-family: Times New Roman,serif;\">Eh bien ! Mais je ne veux discuter de cela.<\/span><\/em><\/p>\n<p align=\"JUSTIFY\"><span style=\"font-family: Times New Roman,serif;\">Vous ne pouvez l&rsquo;\u00e9luder : vous l&rsquo;\u00eates d\u00e9j\u00e0.<\/span><\/p>\n<p align=\"JUSTIFY\"><em><span style=\"font-family: Times New Roman,serif;\">Alors, bien; est-ce que je peux l&rsquo;\u00eatre ?<\/span><\/em><\/p>\n<p align=\"JUSTIFY\"><span style=\"font-family: Times New Roman,serif;\">\u00c9tant<\/span><span style=\"font-family: Times New Roman,serif;\"> donn\u00e9 que vous l&rsquo;\u00eates d\u00e9j\u00e0, qu&rsquo;est-ce qu&rsquo;il y a \u00e0 l&rsquo;\u00eatre ?<\/span><\/p>\n<p align=\"JUSTIFY\"><em><span style=\"font-family: Times New Roman,serif;\">Donc &lsquo;\u00eatre&rsquo; c&rsquo;est `\u00e9tant&rsquo; ?<\/span><\/em><\/p>\n<p align=\"JUSTIFY\"><span style=\"font-family: Times New Roman,serif;\">Pr\u00e9cis\u00e9ment; toute esp\u00e8ce d&rsquo;action aurait besoin de quelqu&rsquo;un pour l&rsquo;accomplir.<\/span><\/p>\n<p align=\"JUSTIFY\"><em><span style=\"font-family: Times New Roman,serif;\">Et `\u00e9tant&rsquo; est une action ?<\/span><\/em><\/p>\n<p align=\"JUSTIFY\"><span style=\"font-family: Times New Roman,serif;\">S&rsquo;il n&rsquo;\u00e9tait pas un concept de `faire quelque chose&rsquo; vous n&rsquo;auriez pas pos\u00e9 cette pseudo-question.<\/span><\/p>\n<p align=\"JUSTIFY\"><em><span style=\"font-family: Times New Roman,serif;\">`\u00c9tant&rsquo;, donc, est obligatoirement une action ?<\/span><\/em><\/p>\n<p align=\"JUSTIFY\"><span style=\"font-family: Times New Roman,serif;\">C&rsquo;est un concept, un mouvement dans le mental. De plus il a besoin de la dur\u00e9e dans l&rsquo;espace-temps conceptuel !<\/span><\/p>\n<p align=\"JUSTIFY\"><em><span style=\"font-family: Times New Roman,serif;\">Ainsi je ne peux `\u00eatre&rsquo; ce que je suis ?<\/span><\/em><\/p>\n<p align=\"JUSTIFY\"><span style=\"font-family: Times New Roman,serif;\">Ce que je suis n&rsquo;a aucun besoin `d&rsquo;\u00eatre&rsquo; !<\/span><\/p>\n<p align=\"JUSTIFY\"><em><span style=\"font-family: Times New Roman,serif;\">Tout <\/span><span style=\"font-family: Times New Roman,serif;\">simplement<\/span><span style=\"font-family: Times New Roman,serif;\">, je, forc\u00e9ment, suis ?<\/span><\/em><\/p>\n<p align=\"JUSTIFY\"><span style=\"font-family: Times New Roman,serif;\">Faut-il le penser, encore moins le dire ?<\/span><\/p>\n<p align=\"JUSTIFY\"><em><span style=\"font-family: Times New Roman,serif;\">Alors je ne suis rien ?<\/span><\/em><\/p>\n<p align=\"JUSTIFY\"><span style=\"font-family: Times New Roman,serif;\">Pas du tout !<\/span><\/p>\n<p align=\"JUSTIFY\"><em><span style=\"font-family: Times New Roman,serif;\">Ainsi je dois \u00eatre quelque chose. ?<\/span><\/em><\/p>\n<p align=\"JUSTIFY\"><span style=\"font-family: Times New Roman,serif;\">Ni rien ni absence de rien.<\/span><\/p>\n<p align=\"JUSTIFY\"><em><span style=\"font-family: Times New Roman,serif;\">Simplement \u00eatre <\/span><span style=\"font-family: Times New Roman,serif;\">&lsquo;<\/span><span style=\"font-family: Times New Roman,serif;\">je&rsquo; ?<\/span><\/em><\/p>\n<p align=\"JUSTIFY\"><span style=\"font-family: Times New Roman,serif;\">Certainement pas !<\/span><\/p>\n<p align=\"JUSTIFY\"><em><span style=\"font-family: Times New Roman,serif;\">Pourquoi cela ?<\/span><\/em><\/p>\n<p align=\"JUSTIFY\"><span style=\"font-family: Times New Roman,serif;\">Toutes les fa\u00e7ons `d&rsquo;\u00eatre&rsquo; sont n\u00e9cessairement des concepts de quelque `chose&rsquo;, \u00e9tendus conceptuellement dans l&rsquo;espace et dans la dur\u00e9e.<\/span><\/p>\n<p align=\"JUSTIFY\"><em><span style=\"font-family: Times New Roman,serif;\">Un concept ne peut-il sugg\u00e9rer ce qu&rsquo;il n&rsquo;est pas ?<\/span><\/em><\/p>\n<p align=\"JUSTIFY\"><span style=\"font-family: Times New Roman,serif;\">N\u00e9gativement, oui; autrement les mots n&rsquo;auraient aucune utilit\u00e9 dans la m\u00e9taphysique. Mais tout `\u00eatre&rsquo; implique quelque `chose&rsquo; qui est cens\u00e9 exister.<\/span><\/p>\n<p align=\"JUSTIFY\"><span style=\"font-family: Times New Roman,serif;\"><em>Mais\u2014absolument\u2014je dois `\u00eatre&rsquo; !<\/em><\/span><\/p>\n<p align=\"JUSTIFY\"><span style=\"font-family: Times New Roman,serif;\">Non pas si vous le croyez.<\/span><\/p>\n<p align=\"JUSTIFY\"><em><span style=\"font-family: Times New Roman,serif;\">Pourquoi pas ?<\/span><\/em><\/p>\n<p align=\"JUSTIFY\"><span style=\"font-family: Times New Roman,serif;\">Parce que si vous le `croyez&rsquo; c&rsquo;est une entit\u00e9 que de le croire \u00e9tendu conceptuellement dans le `temps&rsquo; et dans `l&rsquo;espace&rsquo; !<\/span><\/p>\n<p align=\"JUSTIFY\"><em><span style=\"font-family: Times New Roman,serif;\">Impossible de vous parler ! ! Impossible d&rsquo;avoir une r\u00e9ponse !<\/span><\/em><\/p>\n<p align=\"JUSTIFY\"><span style=\"font-family: Times New Roman,serif;\">Dans l&rsquo;Absolu, bien s\u00fbr; autrement il faudrait qu&rsquo;il y ait une `r\u00e9ponse&rsquo; et quelqu&rsquo;un pour la donner.<\/span><\/p>\n<p align=\"JUSTIFY\"><em><span style=\"font-family: Times New Roman,serif;\">Et il n&rsquo;y en a que dans la relativit\u00e9 ?<\/span><\/em><\/p>\n<p align=\"JUSTIFY\"><span style=\"font-family: Times New Roman,serif;\">Enfin ! <\/span><span style=\"font-family: Times New Roman,serif;\">I<\/span><span style=\"font-family: Times New Roman,serif;\">1 ne peut y avoir une r\u00e9ponse relative \u00e0 une question qui, elle, n&rsquo;est pas relative.<\/span><\/p>\n<p align=\"JUSTIFY\"><em><span style=\"font-family: Times New Roman,serif;\">Mais vous venez d&rsquo;admettre qu&rsquo;un concept n\u00e9gatif peut sugg\u00e9rer ce que lui-m\u00eame n&rsquo;est pas.<\/span><\/em><\/p>\n<p align=\"JUSTIFY\"><span style=\"font-family: Times New Roman,serif;\">C&rsquo;est parce qu&rsquo;un concept, \u00e9tant relatif lui-m\u00eame, est relatif \u00e0 ce qu&rsquo;il est absolument.<\/span><\/p>\n<p align=\"JUSTIFY\"><em><span style=\"font-family: Times New Roman,serif;\">Donc, un concept quelconque peut \u00eatre vrai ? <\/span><\/em><\/p>\n<p align=\"JUSTIFY\"><span style=\"font-family: Times New Roman,serif;\">Absolument, oui; relativement, non.<\/span><\/p>\n<p align=\"JUSTIFY\"><em><span style=\"font-family: Times New Roman,serif;\">S&rsquo;il en est ainsi, dans lequel r\u00e9side sa v\u00e9rit\u00e9 ?<\/span><\/em><\/p>\n<p align=\"JUSTIFY\"><span style=\"font-family: Times New Roman,serif;\">Relativement par la n\u00e9gation mutuelle de ses facteurs relatifs. Absolu\u00adment dans l&rsquo;aperception qui r\u00e9sulte de cette n\u00e9gation-comme-telle.<\/span><\/p>\n<p align=\"JUSTIFY\"><em><span style=\"font-family: Times New Roman,serif;\">Telle aperception est-elle pour ainsi dire fondamentale ? <\/span><\/em><\/p>\n<p align=\"JUSTIFY\"><span style=\"font-family: Times New Roman,serif;\">Absolument ultime et `<\/span><span style=\"font-family: Times New Roman,serif;\">ultimement<\/span><span style=\"font-family: Times New Roman,serif;\">&lsquo; absolue. <\/span><\/p>\n<p align=\"JUSTIFY\"><em><span style=\"font-family: Times New Roman,serif;\">Pourquoi en est-il ainsi\u00a0?<\/span><\/em><\/p>\n<p align=\"JUSTIFY\"><span style=\"font-family: Times New Roman,serif;\">Parce qu&rsquo;alors aucune trace de relativit\u00e9 ne peut subsister.<\/span><\/p>\n<p align=\"JUSTIFY\"><em><span style=\"font-family: Times New Roman,serif;\">Ce qui laisse l&rsquo;Absolu absolument pr\u00e9sent ?<\/span><\/em><\/p>\n<p align=\"JUSTIFY\"><span style=\"font-family: Times New Roman,serif;\">Ni pr\u00e9sent ni absent\u2014parce qu&rsquo;eux aussi sont relatifs.<\/span><\/p>\n<p align=\"JUSTIFY\"><em><span style=\"font-family: Times New Roman,serif;\">Par exemple &#8230; ?<\/span><\/em><\/p>\n<p align=\"JUSTIFY\"><span style=\"font-family: Times New Roman,serif;\">\u00ab\u00a0Je ne suis ni ne suis pas\u00a0\u00bb.<\/span><\/p>\n<p align=\"JUSTIFY\"><em><span style=\"font-family: Times New Roman,serif;\">Ce qui veut dire &#8230; ?<\/span><\/em><\/p>\n<p align=\"JUSTIFY\"><span style=\"font-family: Times New Roman,serif;\">Ni aucun en l&rsquo;absence d&rsquo;aucun.<\/span><\/p>\n<p align=\"JUSTIFY\"><em><span style=\"font-family: Times New Roman,serif;\">Ce qui est inconcevable ?<\/span><\/em><\/p>\n<p align=\"JUSTIFY\"><span style=\"font-family: Times New Roman,serif;\">Ce peut-il ?<\/span><\/p>\n<p align=\"JUSTIFY\"><em><span style=\"font-family: Times New Roman,serif;\">S\u00fbrement pas. Cela le r\u00e9v\u00e8le donc ?<\/span><\/em><\/p>\n<p align=\"JUSTIFY\"><span style=\"font-family: Times New Roman,serif;\">Je ne le crois pas.<\/span><\/p>\n<p align=\"JUSTIFY\"><em><span style=\"font-family: Times New Roman,serif;\">Alors qui le permet ?<\/span><\/em><\/p>\n<p align=\"JUSTIFY\"><span style=\"font-family: Times New Roman,serif;\">La frustration qui en r\u00e9sulte, peut-\u00eatre ?<\/span><\/p>\n<p align=\"JUSTIFY\"><span style=\"font-family: Times New Roman,serif;\">C&rsquo;est-\u00e0-dire l&rsquo;\u00e9chec ?<\/span><\/p>\n<p align=\"JUSTIFY\"><span style=\"font-family: Times New Roman,serif;\">\u00c9chec<\/span><span style=\"font-family: Times New Roman,serif;\"> ou succ\u00e8s de quoi ?<\/span><\/p>\n<p align=\"JUSTIFY\"><em><span style=\"font-family: Times New Roman,serif;\">De ce qui essayait de concevoir.<\/span><\/em><\/p>\n<p align=\"JUSTIFY\"><span style=\"font-family: Times New Roman,serif;\">Il n&rsquo;y avait pas d&rsquo;entit\u00e9 pour faire cela !<\/span><\/p>\n<p align=\"JUSTIFY\"><em><span style=\"font-family: Times New Roman,serif;\">Qu&rsquo;est-ce qu&rsquo;il y avait donc ?<\/span><\/em><\/p>\n<p align=\"JUSTIFY\"><span style=\"font-family: Times New Roman,serif;\">N&rsquo;y avait-il pas un acte d&rsquo;essayer dans l&rsquo;espace-temps suppos\u00e9 ?<\/span><\/p>\n<p align=\"JUSTIFY\"><em><span style=\"font-family: Times New Roman,serif;\">Oui.<\/span><\/em><\/p>\n<p align=\"JUSTIFY\"><span style=\"font-family: Times New Roman,serif;\">Essay\u00e9 par quoi ?<\/span><\/p>\n<p align=\"JUSTIFY\"><em><span style=\"font-family: Times New Roman,serif;\">Ce qui a \u00e9chou\u00e9.<\/span><\/em><\/p>\n<p align=\"JUSTIFY\"><span style=\"font-family: Times New Roman,serif;\">Il y avait un acte d&rsquo;\u00e9chouer dans l&rsquo;espace-temps ?<\/span><\/p>\n<p align=\"JUSTIFY\"><em><span style=\"font-family: Times New Roman,serif;\">Je l&rsquo;\u00e9tais.<\/span><\/em><\/p>\n<p align=\"JUSTIFY\">\u2026<span style=\"font-family: Times New Roman,serif;\">&#8230;&#8230;&#8230;&#8230;&#8230;&#8230;&#8230;&#8230;&#8230;&#8230;&#8230;&#8230;&#8230;&#8230;&#8230;&#8230;&#8230;&#8230;&#8230;&#8230;&#8230;&#8230;&#8230;&#8230;&#8230;&#8230;&#8230;<\/span><\/p>\n<p align=\"JUSTIFY\"><span style=\"font-family: Times New Roman,serif;\">Pourquoi ne r\u00e9pondez-vous pas ? <\/span><\/p>\n<p align=\"JUSTIFY\"><span style=\"font-family: Times New Roman,serif;\">Un `vous&rsquo; ne peut pas. <\/span><\/p>\n<p align=\"JUSTIFY\"><em><span style=\"font-family: Times New Roman,serif;\">Pourquoi pas ?<\/span><\/em><\/p>\n<p align=\"JUSTIFY\"><span style=\"font-family: Times New Roman,serif;\">Parce qu&rsquo;un `vous&rsquo; quoi qu&rsquo;il soit, \u00e9tant objet, est toujours \u00e9tendu conceptuellement dans l&rsquo;espace-temps.<\/span><\/p>\n<p align=\"JUSTIFY\"><em><span style=\"font-family: Times New Roman,serif;\">Et alors ?<\/span><\/em><\/p>\n<p align=\"JUSTIFY\"><span style=\"font-family: Times New Roman,serif;\">Parce que seulement je suis\u2014n&rsquo;importe qui repr\u00e9sente ce qu&rsquo;objecti\u00advement je suis, c&rsquo;est-\u00e0-dire assujetti \u00e0 l&rsquo;extension spatio-temporelle.<\/span><\/p>\n<p align=\"JUSTIFY\"><span style=\"font-family: Times New Roman,serif;\"><em>C&rsquo;est cela la relativit\u00e9 ?<\/em><\/span><\/p>\n<p align=\"JUSTIFY\"><span style=\"font-family: Times New Roman,serif;\">C&rsquo;est cela la relativit\u00e9.<\/span><\/p>\n<p align=\"JUSTIFY\"><em><span style=\"font-family: Times New Roman,serif;\">Mais la relativit\u00e9 est tout ce qui est relatif \u00e0 l&rsquo;absolu !<\/span><\/em><\/p>\n<p align=\"JUSTIFY\"><span style=\"font-family: Times New Roman,serif;\">Tout ce qui est relatif \u00e0 l&rsquo;absolu l&rsquo;est par suite de l&rsquo;extension concep\u00adtuelle en contraste avec celle de son oppos\u00e9.<\/span><\/p>\n<p align=\"JUSTIFY\"><em><span style=\"font-family: Times New Roman,serif;\">Mutuellement interd\u00e9pendantes dans leur extension conceptuelle ? <\/span><\/em><\/p>\n<p align=\"JUSTIFY\"><span style=\"font-family: Times New Roman,serif;\">En effet.<\/span><\/p>\n<p align=\"JUSTIFY\"><em><span style=\"font-family: Times New Roman,serif;\">Et leur n\u00e9gation mutuelle abolit leur extension mutuelle ? <\/span><\/em><\/p>\n<p align=\"JUSTIFY\"><span style=\"font-family: Times New Roman,serif;\">In\u00e9vitablement.<\/span><\/p>\n<p align=\"JUSTIFY\"><em><span style=\"font-family: Times New Roman,serif;\">Ainsi c&rsquo;est l&rsquo;abolition de l&rsquo;extension conceptuelle dans l&rsquo;espace-temps qui abolit la relativit\u00e9 ?<\/span><\/em><\/p>\n<p align=\"JUSTIFY\"><span style=\"font-family: Times New Roman,serif;\">Indubitablement. <\/span><\/p>\n<p align=\"JUSTIFY\"><em><span style=\"font-family: Times New Roman,serif;\">En r\u00e9v\u00e9lant ce-que-nous-sommes, intemporel, infini, vide dans la non-extension, ainsi absolu ?<\/span><\/em><\/p>\n<p align=\"JUSTIFY\"><span style=\"font-family: Times New Roman,serif;\">Aucun commentaire.<\/span><\/p>\n<p align=\"JUSTIFY\"><em><span style=\"font-family: Times New Roman,serif;\">Pourquoi donc n&rsquo;enseignez-vous pas cela ?<\/span><\/em><\/p>\n<p align=\"JUSTIFY\"><span style=\"font-family: Times New Roman,serif;\">Je n&rsquo;enseigne rien. Que pourrait-il y avoir \u00e0 enseigner ? <\/span><\/p>\n<p align=\"JUSTIFY\"><em><span style=\"font-family: Times New Roman,serif;\">Pourquoi d&rsquo;autres ne l&rsquo;enseignent pas ?<\/span><\/em><\/p>\n<p align=\"JUSTIFY\"><span style=\"font-family: Times New Roman,serif;\">L&rsquo;aperception ne peut pas \u00eatre enseign\u00e9e, et l&rsquo;enseignement relatif est asservi par la tradition.<\/span><\/p>\n<p align=\"JUSTIFY\"><em><span style=\"font-family: Times New Roman,serif;\">L&rsquo;enseignement traditionnel est donc, diffus et confus, compliqu\u00e9 et \u00e9touff\u00e9 par un vocabulaire d\u00e9funt et de concepts d\u00e9pass\u00e9s.<\/span><\/em><\/p>\n<p align=\"JUSTIFY\"><span style=\"font-family: Times New Roman,serif;\">Je m&rsquo;incline.<\/span><\/p>\n<p align=\"JUSTIFY\"><span style=\"font-family: Times New Roman,serif;\"><em>Tandis que cette fa\u00e7on de le r\u00e9v\u00e9ler est simple, claire et \u00e9vidente.<\/em><\/span><\/p>\n<p align=\"JUSTIFY\"><span style=\"font-family: Times New Roman,serif;\">Je me prosterne.<\/span><\/p>\n<p align=\"JUSTIFY\"><em><span style=\"font-family: Times New Roman,serif;\">Que faire ?<\/span><\/em><\/p>\n<p align=\"JUSTIFY\"><span style=\"font-family: Times New Roman,serif;\">Appr\u00e9hendez l&rsquo;extension\u2014cela doit suffire.<\/span><\/p>\n<p align=\"JUSTIFY\"><em><span style=\"font-family: Times New Roman,serif;\">Non-\u00e9tendus, nous pouvons `\u00eatre&rsquo; ?<\/span><\/em><\/p>\n<p align=\"JUSTIFY\"><span style=\"font-family: Times New Roman,serif;\">Non-\u00e9tendus dans l&rsquo;espace-temps conceptuel, nous ne pouvons pas ne pas `\u00eatre&rsquo; \u2014 parce que nous SOMMES.<\/span><\/p>\n<p align=\"CENTER\"><span style=\"font-family: Times New Roman,serif;\">*** ***<\/span><\/p>\n<p align=\"JUSTIFY\"><span style=\"font-family: Times New Roman,serif;\"><strong>La voie immanente<\/strong><\/span><\/p>\n<p align=\"JUSTIFY\"><span style=\"font-family: Times New Roman,serif;\">\u00ab\u00a0Aucun `pass\u00e9&rsquo; n&rsquo;est pass\u00e9, aucun &lsquo;pr\u00e9sent&rsquo;, n&rsquo;est pr\u00e9sent, aucun `futur&rsquo; ne pourrait \u00eatre \u00e0 venir\u00a0\u00bb. Celle-l\u00e0 est une l\u00e9g\u00e8re mais plus nette `reverbalisation&rsquo; de l&rsquo;excellente traduction de John Blofeld de la derni\u00e8re exhortation de Huang Po \u00e0 la fin du Wan Ling Record, ch. 55, p. 131 (Rider and Co).<\/span><\/p>\n<p align=\"JUSTIFY\"><span style=\"font-family: Times New Roman,serif;\">En somme, l&rsquo;aspect temporel de la vie est fictif, tandis que ni \u00ab\u00a0mouvement&rsquo; ni `changement\u00a0\u00bb ne pourraient jamais avoir aucun degr\u00e9 de validit\u00e9 (prouv\u00e9 dialectiquement par Seng Chao) mais l&rsquo;appa\u00adrence de `vivre&rsquo; semble r\u00e9sulter.<\/span><\/p>\n<p align=\"JUSTIFY\"><span style=\"font-family: Times New Roman,serif;\">Est-ce que cela ne dit pas tout ? N&rsquo;est-ce pas assez ? Sommes-nous trop conditionn\u00e9s superficiellement dans l&rsquo;ignorance de notre conditionnement \u2014 pour nous permettre de Regarder directement du Mental-Entier et pour apercevoir la v\u00e9rit\u00e9 si simple et si \u00e9vidente que ceux qui savaient ont essay\u00e9 de r\u00e9v\u00e9ler ?<\/span><\/p>\n<p align=\"JUSTIFY\"><span style=\"font-family: Times New Roman,serif;\">\u00c9tant<\/span><span style=\"font-family: Times New Roman,serif;\"> donn\u00e9 que les faits peuvent \u00eatre regard\u00e9s en face, quel besoin pourrait-il y avoir de consacrer nos `vies&rsquo; \u00e0 essayer de les circon\u00advenir ?<\/span><\/p>\n<p align=\"JUSTIFY\"><strong><span style=\"font-family: Times New Roman,serif;\">II<\/span><\/strong><\/p>\n<p align=\"JUSTIFY\"><span style=\"font-family: Times New Roman,serif;\">Comment l&rsquo;illusion se produit-elle ? Chaque `geste&rsquo; a lieu maintenant, chaque `endroit&rsquo; est ici, chaque `objet&rsquo; est ceci, de tels faits \u00e9vidents, les concepts conditionn\u00e9s de la spatialit\u00e9-temporelle produisent l&rsquo;illusion de `mouvement&rsquo;, de la `dur\u00e9e&rsquo;, et du `changement&rsquo;. Lorsque nous nous \u00e9veillons des r\u00eaves (dans le sommeil) nous ne croyons plus \u00e0 ce que nous avons r\u00eav\u00e9, il en est de m\u00eame quand nous nous \u00e9veillons du songe `v\u00e9cu&rsquo;.<\/span><\/p>\n<p align=\"JUSTIFY\"><span style=\"font-family: Times New Roman,serif;\">Pourquoi donc sommes-nous si peu \u00e0 croire cela ? Parce que nous essayons de &lsquo;croire&rsquo; \u2014 et ne r\u00e9ussissons pas ? In\u00e9vitablement si nous essayons. Il ne peut pas \u00eatre `vu&rsquo; \u2014 il n&rsquo;y avait rien d&rsquo;objectif pour \u00eatre `vu&rsquo;. Il <\/span><span style=\"font-family: Times New Roman,serif;\">n<\/span><span style=\"font-family: Times New Roman,serif;\">&lsquo;y a besoin que de REGARDER.<\/span><\/p>\n<p align=\"JUSTIFY\"><span style=\"font-family: Times New Roman,serif;\">N.<\/span><span style=\"font-family: Times New Roman,serif;\">B<\/span><span style=\"font-family: Times New Roman,serif;\">.: Comme au cin\u00e9ma, du reste : chaque mouvement est une `photo&rsquo; ind\u00e9pendante (un `maintenant&rsquo;) : on nous fait `marcher&rsquo; l\u00e0 aussi !<\/span><\/p>\n","protected":false},"excerpt":{"rendered":"<p>Comment l\u2019illusion se produit-elle ? Chaque `geste\u2019 a lieu maintenant, chaque `endroit\u2019 est ici, chaque `objet\u2019 est ceci, de tels faits \u00e9vidents, les concepts conditionn\u00e9s de la spatialit\u00e9-temporelle produisent l\u2019illusion de `mouvement\u2019, de la `dur\u00e9e\u2019, et du `changement\u2019. Lorsque nous nous \u00e9veillons des r\u00eaves (dans le sommeil) nous ne croyons plus \u00e0 ce que nous avons r\u00eav\u00e9, il en est de m\u00eame quand nous nous \u00e9veillons du songe `v\u00e9cu\u2019.<\/p>\n","protected":false},"author":1,"featured_media":13293,"comment_status":"closed","ping_status":"closed","sticky":false,"template":"","format":"standard","meta":{"footnotes":""},"categories":[73],"tags":[136,8],"class_list":["post-13287","post","type-post","status-publish","format-standard","has-post-thumbnail","hentry","category-wei-wu-wei","tag-connaissance-de-soi","tag-non-dualite"],"yoast_head":"<!-- This site is optimized with the Yoast SEO plugin v27.0 - https:\/\/yoast.com\/product\/yoast-seo-wordpress\/ -->\n<title>L&#039;Innommable par Wei Wu Wei - 3e mill\u00e9naire - Spiritualit\u00e9 - Connaissance de soi - Non-dualit\u00e9 - M\u00e9ditation<\/title>\n<meta name=\"robots\" content=\"index, follow, max-snippet:-1, max-image-preview:large, max-video-preview:-1\" \/>\n<link rel=\"canonical\" href=\"https:\/\/www.revue3emillenaire.com\/blog\/linnommable-par-wei-wu-wei\/\" \/>\n<meta property=\"og:locale\" content=\"fr_FR\" \/>\n<meta property=\"og:type\" content=\"article\" \/>\n<meta property=\"og:title\" content=\"L&#039;Innommable par Wei Wu Wei - 3e mill\u00e9naire - Spiritualit\u00e9 - Connaissance de soi - Non-dualit\u00e9 - M\u00e9ditation\" \/>\n<meta property=\"og:description\" content=\"Comment l\u2019illusion se produit-elle ? Chaque `geste\u2019 a lieu maintenant, chaque `endroit\u2019 est ici, chaque `objet\u2019 est ceci, de tels faits \u00e9vidents, les concepts conditionn\u00e9s de la spatialit\u00e9-temporelle produisent l\u2019illusion de `mouvement\u2019, de la `dur\u00e9e\u2019, et du `changement\u2019. Lorsque nous nous \u00e9veillons des r\u00eaves (dans le sommeil) nous ne croyons plus \u00e0 ce que nous avons r\u00eav\u00e9, il en est de m\u00eame quand nous nous \u00e9veillons du songe `v\u00e9cu\u2019.\" \/>\n<meta property=\"og:url\" content=\"https:\/\/www.revue3emillenaire.com\/blog\/linnommable-par-wei-wu-wei\/\" \/>\n<meta property=\"og:site_name\" content=\"3e mill\u00e9naire - Spiritualit\u00e9 - Connaissance de soi - Non-dualit\u00e9 - M\u00e9ditation\" \/>\n<meta property=\"article:published_time\" content=\"2013-03-25T01:37:30+00:00\" \/>\n<meta property=\"og:image\" content=\"https:\/\/www.revue3emillenaire.com\/blog\/wp-content\/uploads\/2013\/03\/WWW2-123x150.jpg\" \/>\n\t<meta property=\"og:image:width\" content=\"123\" \/>\n\t<meta property=\"og:image:height\" content=\"150\" \/>\n\t<meta property=\"og:image:type\" content=\"image\/jpeg\" \/>\n<meta name=\"author\" content=\"3e mill\u00e9naire\" \/>\n<meta name=\"twitter:card\" content=\"summary_large_image\" \/>\n<meta name=\"twitter:label1\" content=\"\u00c9crit par\" \/>\n\t<meta name=\"twitter:data1\" content=\"3e mill\u00e9naire\" \/>\n\t<meta name=\"twitter:label2\" content=\"Dur\u00e9e de lecture estim\u00e9e\" \/>\n\t<meta name=\"twitter:data2\" content=\"11 minutes\" \/>\n<script type=\"application\/ld+json\" class=\"yoast-schema-graph\">{\"@context\":\"https:\/\/schema.org\",\"@graph\":[{\"@type\":\"Article\",\"@id\":\"https:\/\/www.revue3emillenaire.com\/blog\/linnommable-par-wei-wu-wei\/#article\",\"isPartOf\":{\"@id\":\"https:\/\/www.revue3emillenaire.com\/blog\/linnommable-par-wei-wu-wei\/\"},\"author\":{\"name\":\"3e mill\u00e9naire\",\"@id\":\"https:\/\/www.revue3emillenaire.com\/blog\/#\/schema\/person\/9a3a7cc4ccaa707f402d4394327106d5\"},\"headline\":\"L&rsquo;Innommable par Wei Wu Wei\",\"datePublished\":\"2013-03-25T01:37:30+00:00\",\"mainEntityOfPage\":{\"@id\":\"https:\/\/www.revue3emillenaire.com\/blog\/linnommable-par-wei-wu-wei\/\"},\"wordCount\":2222,\"image\":{\"@id\":\"https:\/\/www.revue3emillenaire.com\/blog\/linnommable-par-wei-wu-wei\/#primaryimage\"},\"thumbnailUrl\":\"https:\/\/www.revue3emillenaire.com\/blog\/wp-content\/uploads\/2013\/03\/WWW2-123x150.jpg\",\"keywords\":[\"connaissance de soi\",\"Non-dualit\u00e9\"],\"articleSection\":[\"Wei Wu Wei\"],\"inLanguage\":\"fr-FR\"},{\"@type\":\"WebPage\",\"@id\":\"https:\/\/www.revue3emillenaire.com\/blog\/linnommable-par-wei-wu-wei\/\",\"url\":\"https:\/\/www.revue3emillenaire.com\/blog\/linnommable-par-wei-wu-wei\/\",\"name\":\"L'Innommable par Wei Wu Wei - 3e mill\u00e9naire - Spiritualit\u00e9 - Connaissance de soi - Non-dualit\u00e9 - M\u00e9ditation\",\"isPartOf\":{\"@id\":\"https:\/\/www.revue3emillenaire.com\/blog\/#website\"},\"primaryImageOfPage\":{\"@id\":\"https:\/\/www.revue3emillenaire.com\/blog\/linnommable-par-wei-wu-wei\/#primaryimage\"},\"image\":{\"@id\":\"https:\/\/www.revue3emillenaire.com\/blog\/linnommable-par-wei-wu-wei\/#primaryimage\"},\"thumbnailUrl\":\"https:\/\/www.revue3emillenaire.com\/blog\/wp-content\/uploads\/2013\/03\/WWW2-123x150.jpg\",\"datePublished\":\"2013-03-25T01:37:30+00:00\",\"author\":{\"@id\":\"https:\/\/www.revue3emillenaire.com\/blog\/#\/schema\/person\/9a3a7cc4ccaa707f402d4394327106d5\"},\"breadcrumb\":{\"@id\":\"https:\/\/www.revue3emillenaire.com\/blog\/linnommable-par-wei-wu-wei\/#breadcrumb\"},\"inLanguage\":\"fr-FR\",\"potentialAction\":[{\"@type\":\"ReadAction\",\"target\":[\"https:\/\/www.revue3emillenaire.com\/blog\/linnommable-par-wei-wu-wei\/\"]}]},{\"@type\":\"ImageObject\",\"inLanguage\":\"fr-FR\",\"@id\":\"https:\/\/www.revue3emillenaire.com\/blog\/linnommable-par-wei-wu-wei\/#primaryimage\",\"url\":\"https:\/\/www.revue3emillenaire.com\/blog\/wp-content\/uploads\/2013\/03\/WWW2-123x150.jpg\",\"contentUrl\":\"https:\/\/www.revue3emillenaire.com\/blog\/wp-content\/uploads\/2013\/03\/WWW2-123x150.jpg\",\"width\":\"123\",\"height\":\"150\"},{\"@type\":\"BreadcrumbList\",\"@id\":\"https:\/\/www.revue3emillenaire.com\/blog\/linnommable-par-wei-wu-wei\/#breadcrumb\",\"itemListElement\":[{\"@type\":\"ListItem\",\"position\":1,\"name\":\"Accueil\",\"item\":\"https:\/\/www.revue3emillenaire.com\/blog\/\"},{\"@type\":\"ListItem\",\"position\":2,\"name\":\"L&rsquo;Innommable par Wei Wu Wei\"}]},{\"@type\":\"WebSite\",\"@id\":\"https:\/\/www.revue3emillenaire.com\/blog\/#website\",\"url\":\"https:\/\/www.revue3emillenaire.com\/blog\/\",\"name\":\"3e mill\u00e9naire - Spiritualit\u00e9 - Connaissance de soi - Non-dualit\u00e9 - M\u00e9ditation\",\"description\":\"L&#039;Homme en devenir\",\"potentialAction\":[{\"@type\":\"SearchAction\",\"target\":{\"@type\":\"EntryPoint\",\"urlTemplate\":\"https:\/\/www.revue3emillenaire.com\/blog\/?s={search_term_string}\"},\"query-input\":{\"@type\":\"PropertyValueSpecification\",\"valueRequired\":true,\"valueName\":\"search_term_string\"}}],\"inLanguage\":\"fr-FR\"},{\"@type\":\"Person\",\"@id\":\"https:\/\/www.revue3emillenaire.com\/blog\/#\/schema\/person\/9a3a7cc4ccaa707f402d4394327106d5\",\"name\":\"3e mill\u00e9naire\",\"url\":\"https:\/\/www.revue3emillenaire.com\/blog\/author\/admin\/\"}]}<\/script>\n<!-- \/ Yoast SEO plugin. -->","yoast_head_json":{"title":"L'Innommable par Wei Wu Wei - 3e mill\u00e9naire - Spiritualit\u00e9 - Connaissance de soi - Non-dualit\u00e9 - M\u00e9ditation","robots":{"index":"index","follow":"follow","max-snippet":"max-snippet:-1","max-image-preview":"max-image-preview:large","max-video-preview":"max-video-preview:-1"},"canonical":"https:\/\/www.revue3emillenaire.com\/blog\/linnommable-par-wei-wu-wei\/","og_locale":"fr_FR","og_type":"article","og_title":"L'Innommable par Wei Wu Wei - 3e mill\u00e9naire - Spiritualit\u00e9 - Connaissance de soi - Non-dualit\u00e9 - M\u00e9ditation","og_description":"Comment l\u2019illusion se produit-elle ? Chaque `geste\u2019 a lieu maintenant, chaque `endroit\u2019 est ici, chaque `objet\u2019 est ceci, de tels faits \u00e9vidents, les concepts conditionn\u00e9s de la spatialit\u00e9-temporelle produisent l\u2019illusion de `mouvement\u2019, de la `dur\u00e9e\u2019, et du `changement\u2019. Lorsque nous nous \u00e9veillons des r\u00eaves (dans le sommeil) nous ne croyons plus \u00e0 ce que nous avons r\u00eav\u00e9, il en est de m\u00eame quand nous nous \u00e9veillons du songe `v\u00e9cu\u2019.","og_url":"https:\/\/www.revue3emillenaire.com\/blog\/linnommable-par-wei-wu-wei\/","og_site_name":"3e mill\u00e9naire - Spiritualit\u00e9 - Connaissance de soi - Non-dualit\u00e9 - M\u00e9ditation","article_published_time":"2013-03-25T01:37:30+00:00","og_image":[{"width":123,"height":150,"url":"https:\/\/www.revue3emillenaire.com\/blog\/wp-content\/uploads\/2013\/03\/WWW2-123x150.jpg","type":"image\/jpeg"}],"author":"3e mill\u00e9naire","twitter_card":"summary_large_image","twitter_misc":{"\u00c9crit par":"3e mill\u00e9naire","Dur\u00e9e de lecture estim\u00e9e":"11 minutes"},"schema":{"@context":"https:\/\/schema.org","@graph":[{"@type":"Article","@id":"https:\/\/www.revue3emillenaire.com\/blog\/linnommable-par-wei-wu-wei\/#article","isPartOf":{"@id":"https:\/\/www.revue3emillenaire.com\/blog\/linnommable-par-wei-wu-wei\/"},"author":{"name":"3e mill\u00e9naire","@id":"https:\/\/www.revue3emillenaire.com\/blog\/#\/schema\/person\/9a3a7cc4ccaa707f402d4394327106d5"},"headline":"L&rsquo;Innommable par Wei Wu Wei","datePublished":"2013-03-25T01:37:30+00:00","mainEntityOfPage":{"@id":"https:\/\/www.revue3emillenaire.com\/blog\/linnommable-par-wei-wu-wei\/"},"wordCount":2222,"image":{"@id":"https:\/\/www.revue3emillenaire.com\/blog\/linnommable-par-wei-wu-wei\/#primaryimage"},"thumbnailUrl":"https:\/\/www.revue3emillenaire.com\/blog\/wp-content\/uploads\/2013\/03\/WWW2-123x150.jpg","keywords":["connaissance de soi","Non-dualit\u00e9"],"articleSection":["Wei Wu Wei"],"inLanguage":"fr-FR"},{"@type":"WebPage","@id":"https:\/\/www.revue3emillenaire.com\/blog\/linnommable-par-wei-wu-wei\/","url":"https:\/\/www.revue3emillenaire.com\/blog\/linnommable-par-wei-wu-wei\/","name":"L'Innommable par Wei Wu Wei - 3e mill\u00e9naire - Spiritualit\u00e9 - Connaissance de soi - Non-dualit\u00e9 - M\u00e9ditation","isPartOf":{"@id":"https:\/\/www.revue3emillenaire.com\/blog\/#website"},"primaryImageOfPage":{"@id":"https:\/\/www.revue3emillenaire.com\/blog\/linnommable-par-wei-wu-wei\/#primaryimage"},"image":{"@id":"https:\/\/www.revue3emillenaire.com\/blog\/linnommable-par-wei-wu-wei\/#primaryimage"},"thumbnailUrl":"https:\/\/www.revue3emillenaire.com\/blog\/wp-content\/uploads\/2013\/03\/WWW2-123x150.jpg","datePublished":"2013-03-25T01:37:30+00:00","author":{"@id":"https:\/\/www.revue3emillenaire.com\/blog\/#\/schema\/person\/9a3a7cc4ccaa707f402d4394327106d5"},"breadcrumb":{"@id":"https:\/\/www.revue3emillenaire.com\/blog\/linnommable-par-wei-wu-wei\/#breadcrumb"},"inLanguage":"fr-FR","potentialAction":[{"@type":"ReadAction","target":["https:\/\/www.revue3emillenaire.com\/blog\/linnommable-par-wei-wu-wei\/"]}]},{"@type":"ImageObject","inLanguage":"fr-FR","@id":"https:\/\/www.revue3emillenaire.com\/blog\/linnommable-par-wei-wu-wei\/#primaryimage","url":"https:\/\/www.revue3emillenaire.com\/blog\/wp-content\/uploads\/2013\/03\/WWW2-123x150.jpg","contentUrl":"https:\/\/www.revue3emillenaire.com\/blog\/wp-content\/uploads\/2013\/03\/WWW2-123x150.jpg","width":"123","height":"150"},{"@type":"BreadcrumbList","@id":"https:\/\/www.revue3emillenaire.com\/blog\/linnommable-par-wei-wu-wei\/#breadcrumb","itemListElement":[{"@type":"ListItem","position":1,"name":"Accueil","item":"https:\/\/www.revue3emillenaire.com\/blog\/"},{"@type":"ListItem","position":2,"name":"L&rsquo;Innommable par Wei Wu Wei"}]},{"@type":"WebSite","@id":"https:\/\/www.revue3emillenaire.com\/blog\/#website","url":"https:\/\/www.revue3emillenaire.com\/blog\/","name":"3e mill\u00e9naire - Spiritualit\u00e9 - Connaissance de soi - Non-dualit\u00e9 - M\u00e9ditation","description":"L&#039;Homme en devenir","potentialAction":[{"@type":"SearchAction","target":{"@type":"EntryPoint","urlTemplate":"https:\/\/www.revue3emillenaire.com\/blog\/?s={search_term_string}"},"query-input":{"@type":"PropertyValueSpecification","valueRequired":true,"valueName":"search_term_string"}}],"inLanguage":"fr-FR"},{"@type":"Person","@id":"https:\/\/www.revue3emillenaire.com\/blog\/#\/schema\/person\/9a3a7cc4ccaa707f402d4394327106d5","name":"3e mill\u00e9naire","url":"https:\/\/www.revue3emillenaire.com\/blog\/author\/admin\/"}]}},"_links":{"self":[{"href":"https:\/\/www.revue3emillenaire.com\/blog\/wp-json\/wp\/v2\/posts\/13287","targetHints":{"allow":["GET"]}}],"collection":[{"href":"https:\/\/www.revue3emillenaire.com\/blog\/wp-json\/wp\/v2\/posts"}],"about":[{"href":"https:\/\/www.revue3emillenaire.com\/blog\/wp-json\/wp\/v2\/types\/post"}],"author":[{"embeddable":true,"href":"https:\/\/www.revue3emillenaire.com\/blog\/wp-json\/wp\/v2\/users\/1"}],"replies":[{"embeddable":true,"href":"https:\/\/www.revue3emillenaire.com\/blog\/wp-json\/wp\/v2\/comments?post=13287"}],"version-history":[{"count":0,"href":"https:\/\/www.revue3emillenaire.com\/blog\/wp-json\/wp\/v2\/posts\/13287\/revisions"}],"wp:featuredmedia":[{"embeddable":true,"href":"https:\/\/www.revue3emillenaire.com\/blog\/wp-json\/wp\/v2\/media\/13293"}],"wp:attachment":[{"href":"https:\/\/www.revue3emillenaire.com\/blog\/wp-json\/wp\/v2\/media?parent=13287"}],"wp:term":[{"taxonomy":"category","embeddable":true,"href":"https:\/\/www.revue3emillenaire.com\/blog\/wp-json\/wp\/v2\/categories?post=13287"},{"taxonomy":"post_tag","embeddable":true,"href":"https:\/\/www.revue3emillenaire.com\/blog\/wp-json\/wp\/v2\/tags?post=13287"}],"curies":[{"name":"wp","href":"https:\/\/api.w.org\/{rel}","templated":true}]}}