{"id":13305,"date":"2013-03-25T02:37:41","date_gmt":"2013-03-25T01:37:41","guid":{"rendered":"http:\/\/www.revue3emillenaire.com\/blog\/?p=13305"},"modified":"2013-03-25T02:37:41","modified_gmt":"2013-03-25T01:37:41","slug":"le-coeur-et-lintelligence-de-lhomme-instruments-de-son-destin-par-roger-godel","status":"publish","type":"post","link":"https:\/\/www.revue3emillenaire.com\/blog\/le-coeur-et-lintelligence-de-lhomme-instruments-de-son-destin-par-roger-godel\/","title":{"rendered":"Le c\u0153ur et l&rsquo;intelligence de l&rsquo;homme, instruments de son destin par Roger Godel"},"content":{"rendered":"<p><span style=\"font-family: Times New Roman,serif;\">(Revue \u00catre. N<\/span><sup><span style=\"font-family: Times New Roman,serif;\"><span style=\"font-size: small;\">o<\/span><\/span><\/sup><span style=\"font-family: Times New Roman,serif;\"> 1. 1<\/span><sup><span style=\"font-family: Times New Roman,serif;\"><span style=\"font-size: small;\">\u00e8re<\/span><\/span><\/sup><span style=\"font-family: Times New Roman,serif;\"> ann\u00e9e. 1973)<\/span><\/p>\n<p align=\"JUSTIFY\"><span style=\"font-family: Times New Roman,serif;\"><em>Cet article est extrait d&rsquo;une s\u00e9rie d&rsquo;entretiens qui eurent lieu \u00e0 Beyrouth en avril-mai 1959 sur des th\u00e8mes propos\u00e9s par le Docteur Godel sous le titre g\u00e9n\u00e9ral de \u00ab\u00a0Colloques Orient-Occident\u00a0\u00bb.<\/em><\/span><\/p>\n<p align=\"JUSTIFY\"><span style=\"font-family: Times New Roman,serif;\">Nous pourrions peut-\u00eatre essayer de voir ensemble ce que signifie ce mot c\u0153ur qui risque d&rsquo;\u00eatre galvaud\u00e9 et qui l&rsquo;a \u00e9t\u00e9 beaucoup. Le c\u0153ur &#8211; si nous le consid\u00e9rons comme compl\u00e9mentaire de l&rsquo;intelligence \u2014 le c\u0153ur serait-ce le sentiment serait-ce la compassion serait-ce ce lien profond qui nous unit \u00e0 la fraternit\u00e9 humaine ? Je ne le crois m\u00eame pas. Je crois qu&rsquo;il nous faut revenir \u00e0 une tr\u00e8s ancienne conception du c\u0153ur qui est aujourd&rsquo;hui perdue.<\/span><\/p>\n<p align=\"JUSTIFY\"><span style=\"font-family: Times New Roman,serif;\">Dans l&rsquo;\u00c9gypte pharaonique, le mot c\u0153ur se disait <\/span><span style=\"font-family: Times New Roman,serif;\"><em>sia<\/em><\/span><span style=\"font-family: Times New Roman,serif;\">. Et <\/span><span style=\"font-family: Times New Roman,serif;\"><em>sia<\/em><\/span><span style=\"font-family: Times New Roman,serif;\"> signifiait connaissance, connaissance dans la lumi\u00e8re, connaissance que nous appellerions peut-\u00eatre aujourd&rsquo;hui : intuitive et directe. On dit bien aujourd&rsquo;hui : la connaissance du c\u0153ur. Qu&rsquo;est-ce que cela veut dire ? Qu&rsquo;une certaine optique domine, pour ainsi dire, l&rsquo;intelligence lorsque cette intelligence s&rsquo;oriente avec rectitude vers son objet ou vers le champ d&rsquo;investigation. Et, en effet, que serait l&rsquo;intelligence raisonneuse, dialectique, d\u00e9ductive ou inductive si elle n&rsquo;\u00e9tait \u00e9clair\u00e9e\u00a0? Pur verbiage. Eh bien, pour les anciens peuples, en de\u00e7\u00e0 ou au-del\u00e0 de l&rsquo;intelligence rationnelle se situait une capacit\u00e9 d&rsquo;orienter l&rsquo;intelligence de fa\u00e7on correcte, et c&rsquo;est \u00e0 cela que le mot c\u0153ur fait allusion.<\/span><\/p>\n<p align=\"JUSTIFY\"><span style=\"font-family: Times New Roman,serif;\">Il est dit, par exemple, dans les textes \u00e9gyptiens d&rsquo;\u00e9poque memphite, que la connaissance du monde proc\u00e8de d&rsquo;abord du c\u0153ur, <\/span><span style=\"font-family: Times New Roman,serif;\"><em>sia<\/em><\/span><span style=\"font-family: Times New Roman,serif;\">, puis de la langue, de la bouche &#8211; nous dirions aujourd&rsquo;hui de la pens\u00e9e. Cette connaissance est donc d&rsquo;abord \u00e9clairante, puis elle tente de se formuler. Mais avant qu&rsquo;une connaissance ait pris forme, elle est d&rsquo;abord per\u00e7ue par un principe qui transcende les d\u00e9marches de la raison. Ce c\u0153ur n&rsquo;est pas seulement cette lumi\u00e8re qui oriente l&rsquo;intelligence, qui lui conf\u00e8re du discernement, mais c&rsquo;est aussi le mouvement, l&rsquo;\u00e9lan qui am\u00e8ne l&rsquo;homme \u00e0 se consacrer totalement \u00e0 l&rsquo;objet de sa recherche.<\/span><\/p>\n<p align=\"JUSTIFY\"><span style=\"font-family: Times New Roman,serif;\">Quand on entreprend une \u0153uvre, quelle qu&rsquo;elle soit, c&rsquo;est en y investissant tout son \u00eatre qu&rsquo;on a quelque chance de la mener \u00e0 bien et de pouvoir pers\u00e9v\u00e9rer dans l&rsquo;entreprise. Cette cons\u00e9cration est en m\u00eame temps l&rsquo;investissement indispensable \u00e0 l&rsquo;\u00e9clairage de l&rsquo;\u0153uvre.<\/span><\/p>\n<p align=\"JUSTIFY\"><span style=\"font-family: Times New Roman,serif;\"><em>Ne pourrait-on pas diff\u00e9rencier la part du c\u0153ur, la part de l&rsquo;intelligence et celle de l&rsquo;esprit ? N&rsquo;y aurait-il pas quelque chose d&rsquo;essentiel dans la discrimination entre l&rsquo;intelligence d&rsquo;une part, et l&rsquo;esprit d&rsquo;autre part ? Je crois que c&rsquo;est une distinction importante.<\/em><\/span><\/p>\n<p align=\"JUSTIFY\">\u2014 <span style=\"font-family: Times New Roman,serif;\">Cette distinction, la voyez-vous entre intelligence et esprit ou entre c\u0153ur et esprit ?<\/span><\/p>\n<p align=\"JUSTIFY\">\u2014 <span style=\"font-family: Times New Roman,serif;\"><em>Les deux.<\/em><\/span><\/p>\n<p align=\"JUSTIFY\">\u2014 <span style=\"font-family: Times New Roman,serif;\">Notre terminologie moderne, la terminologie occidentale est confuse, elle est tr\u00e8s vague. Le fait de se trouver contraint d&#8217;employer le mot c\u0153ur pour parler d&rsquo;une connaissance est d\u00e9j\u00e0 une tr\u00e8s grande source de confusion, parce qu&rsquo;enfin nous avons l&rsquo;habitude de consid\u00e9rer le c\u0153ur comme un organe. C&rsquo;est donc une tr\u00e8s grossi\u00e8re m\u00e9taphore, une tr\u00e8s grossi\u00e8re figure de langage qui nous conduit vers l&rsquo;acception du mot dans le sens effusion. En g\u00e9n\u00e9ral, quand on fait appel au c\u0153ur de quelqu&rsquo;un, on attend de lui un sentiment, une cons\u00e9cration. Mais tout cela nous laisse bien loin de l&rsquo;esprit. Nous sommes dans le domaine du sentiment, nous ne sommes pas dans le domaine du discernement.<\/span><\/p>\n<p align=\"JUSTIFY\"><span style=\"font-family: Times New Roman,serif;\">Eh bien, pour les anciens, le c\u0153ur c&rsquo;est le c\u0153ur de l&rsquo;\u00eatre et le c\u0153ur de l&rsquo;\u00eatre c&rsquo;est sa source cr\u00e9atrice. C&rsquo;est \u00e9galement ce qu&rsquo;on traduirait en anglais par <\/span><span style=\"font-family: Times New Roman,serif;\"><em>core<\/em><\/span><span style=\"font-family: Times New Roman,serif;\">, le centre de toutes ses activit\u00e9s. Nous dirions en biologie que c&rsquo;est le centre d&rsquo;int\u00e9gration de l&rsquo;\u00eatre, non pas le centre mat\u00e9riellement localisable bien entendu, mais physiologiquement, dynamiquement compr\u00e9hensible. Et d&rsquo;autre part, l&rsquo;esprit. Qu&rsquo;est-ce que le mot esprit \u00e9voque pour un contemporain ? Quelque chose de tr\u00e8s vague aussi. On aspire \u00e0 d\u00e9finir l&rsquo;esprit, on n&rsquo;y parvient jamais.<\/span><\/p>\n<p align=\"JUSTIFY\"><span style=\"font-family: Times New Roman,serif;\">Donc, nous employons d&rsquo;apr\u00e8s la terminologie moderne des mots extr\u00eamement vagues, impr\u00e9cis, qui nous permettent \u00e0 peine de soup\u00e7onner ce que les anciens mettaient dans le mot <\/span><span style=\"font-family: Times New Roman,serif;\"><em>nous<\/em><\/span><span style=\"font-family: Times New Roman,serif;\"> pour les Grecs, <\/span><span style=\"font-family: Times New Roman,serif;\"><em>sia<\/em><\/span><span style=\"font-family: Times New Roman,serif;\"> pour les \u00c9gyptiens, et en sanskrit <\/span><span style=\"font-family: Times New Roman,serif;\"><em>jnana \u2014<\/em><\/span><span style=\"font-family: Times New Roman,serif;\"> connaissance, con\u00adnaissance non intellectuelle.<\/span><\/p>\n<p align=\"JUSTIFY\"><span style=\"font-family: Times New Roman,serif;\">Quand nous disons d&rsquo;un homme dont nous avons fait la rencontre : je connais Monsieur un Tel, est-ce que cela veut dire quel\u00adque chose ? Est-ce que nous connaissons quelqu&rsquo;un dont nous avons fait la rencontre ? Absolument pas. Alors comment pouvons-nous soutenir cette pr\u00e9tention ? Cela doit bien vouloir dire quelque chose quand m\u00eame. Qu&rsquo;est-ce que conna\u00eetre quelqu&rsquo;un ? Par quel moyen et selon quel mode peut-on conna\u00eetre ?<\/span><\/p>\n<p align=\"JUSTIFY\">\u2014 <span style=\"font-family: Times New Roman,serif;\"><em>Est-ce que le c\u0153ur n&rsquo;est pas aussi un moyen de conna\u00eetre, c&rsquo;est-\u00e0-dire de suppl\u00e9er \u00e0 l&rsquo;intelligence par un acte de co-naissance selon l&rsquo;or\u00adthographe d\u00e9j\u00e0 classique qui consiste \u00e0 na\u00eetre avec quelqu&rsquo;un pour, \u00e0 ce moment, au moinss le soup\u00e7onner sinon le comprendre ?<\/em><\/span><\/p>\n<p align=\"JUSTIFY\">\u2014 <span style=\"font-family: Times New Roman,serif;\"><em>Est-ce que les choses qui sont incluses dans le domaine de la raison et les choses qui sont exclues du domaine de la raison peuvent \u00eatre aussi comprises, dans notre discussion, comme \u00e9tant du domaine de l&rsquo;esprit et de celui du c\u0153ur ?<\/em><\/span><\/p>\n<p align=\"JUSTIFY\">\u2014 <span style=\"font-family: Times New Roman,serif;\">Il est difficile pour moi d&rsquo;adopter une terminologie ou une doctrine reposant sur des terminologies modernes, parce que je souhaiterais demeurer dans l&rsquo;exp\u00e9rience pratique. Plut\u00f4t que de th\u00e9oriser ou de m&rsquo;en r\u00e9f\u00e9rer \u00e0 de la philosophie je voudrais que nous essayions de conna\u00eetre ensemble ce qu&rsquo;est la Connaissance, de la conna\u00eetre par une exp\u00e9rience directe. Cette connaissance du c\u0153ur, cette connaissance qui d\u00e9passe les possibilit\u00e9s de la raison sans s&rsquo;opposer le moins du monde \u00e0 l&rsquo;intelligence, car il n&rsquo;est pas question de d\u00e9fier l&rsquo;intelligence ou de r\u00e9duire son domaine ou de la sous-estimer, il s&rsquo;agit de voir quel est son champ d&rsquo;action. Quel est le champ d&rsquo;action qui transcende la raison, et s&rsquo;il existe un champ d&rsquo;action propre \u00e0 l&rsquo;esprit et si ce champ d&rsquo;action qui est propre \u00e0 l&rsquo;esprit est objet d&rsquo;investigation scientifique. S&rsquo;il est scientifiquement permis de parler d&rsquo;un domaine dans lequel intervient ce mode de connaissance, non intellectuel, mais d&rsquo;autant plus p\u00e9n\u00e9trant. Eh bien, l\u00e0, nous allons peut-\u00eatre rejoindre l&rsquo;investiga\u00adtion scientifique en portant le d\u00e9bat sur ce plan-l\u00e0.<\/span><\/p>\n<p align=\"JUSTIFY\"><span style=\"font-family: Times New Roman,serif;\">Qu&rsquo;est-ce qu&rsquo;un pionnier dans le domaine scientifique explo\u00adre quand il se d\u00e9gage des routines intellectuelles du m\u00e9tier ? Qu&rsquo;est-ce qu&rsquo;il explore ? Il explore des possibilit\u00e9s, il explore un domaine encore totalement inconnu. Avec quoi peut-il l&rsquo;explorer puisque les instru\u00adments habituels dont font usage ses coll\u00e8gues n&rsquo;ont plus aucun pou\u00advoir de s&rsquo;exercer ? Par exemple, un math\u00e9maticien renonce \u00e0 faire usage des proc\u00e9d\u00e9s de math\u00e9matiques classiques. Il innove enti\u00e8rement. Il lui faut donc forger un instrument nouveau. D&rsquo;o\u00f9 lui viendra le discernement qui permet de se dire : voil\u00e0 une d\u00e9marche correcte et voil\u00e0 une d\u00e9marche incorrecte, une d\u00e9marche qui ne conduit \u00e0 rien ? Vous me direz : les r\u00e9sultats. Non, les r\u00e9sultats ne sont pas encore l\u00e0, le math\u00e9maticien op\u00e8re dans un domaine purement sp\u00e9culatif. Il ne peut donc pas en appeler aux r\u00e9sultats de l&rsquo;exp\u00e9rience.<\/span><\/p>\n<p align=\"JUSTIFY\"><span style=\"font-family: Times New Roman,serif;\">Alors, je reviens \u00e0 ma question. Quel est l&rsquo;instrument \u00e0 l&rsquo;aide duquel on explore l&rsquo;inconnu ? Cet inconnu \u00e9chappe aux d\u00e9mar\u00adches de l&rsquo;intelligence usuelle. Il faut cr\u00e9er de toutes pi\u00e8ces, il faut innover jusqu&rsquo;aux m\u00e9thodes et jusqu&rsquo;aux moyens de prospection de ce champ inconnu. On n&rsquo;oserait jamais employer le mot intuition, il est discr\u00e9dit\u00e9. Beaucoup de gens ont des intuitions et elles ne sont pas toujours heureuses. Et pourtant, le coup de g\u00e9nie du savant qui obtient une d\u00e9couverte parfois fulgurante, tout \u00e0 fait inattendue, constatable&#8230; comment lui est venu ce soudain \u00e9clairement ? Qu&rsquo;est-ce qui l&rsquo;a guid\u00e9 dans sa recherche ? Lui-m\u00eame ne peut pas en rendre compte, mais en tout cas, ce qui est certain c&rsquo;est qu&rsquo;il a investi tout son \u00eatre dans la recherche. I1 s&rsquo;y est consacr\u00e9 totalement, et je crois que quand m\u00eame c&rsquo;est en cons\u00e9quence de cette cons\u00e9cration que la possibilit\u00e9 lui est accord\u00e9e d&rsquo;acc\u00e9der \u00e0 cette lumi\u00e8re. Il y a l\u00e0 tout de m\u00eame un probl\u00e8me humain, non pas philosophique mais imm\u00e9diatement pratique.<\/span><\/p>\n<p align=\"JUSTIFY\"><span style=\"font-family: Times New Roman,serif;\">A quelle sorte de fonction sup\u00e9rieure \u00e0 la raison l&rsquo;homme peut-il faire appel lorsqu&rsquo;il est r\u00e9solu \u00e0 d\u00e9passer les limites habituelles de ce qui est acquis et lorsqu&rsquo;il veut s&rsquo;affranchir des routines et des conditionnements courants de la pens\u00e9e ?<\/span><\/p>\n<p align=\"JUSTIFY\">\u2014 <span style=\"font-family: Times New Roman,serif;\"><em>J&rsquo;estime que cette capacit\u00e9 de discernement qui d\u00e9passe l&rsquo;intelligence, cet amour de la recherche peuvent cadrer dans ce qu&rsquo;on appelle la sinc\u00e9\u00adrit\u00e9 ; et que c&rsquo;est \u00e0 partir d&rsquo;une certaine limite, l\u00e0 o\u00f9 s&rsquo;est arr\u00eat\u00e9 le cher\u00adcheur, qu&rsquo;il est engag\u00e9 \u00e0 chercher plus loin. Ce qui le fait chercher c&rsquo;est la sinc\u00e9rit\u00e9 dans sa recherche et c&rsquo;est son amour de ce qu&rsquo;il recher\u00adche. Alors je groupe tout cela sous le nom de sinc\u00e9rit\u00e9 du savant.<\/em><\/span><\/p>\n<p align=\"JUSTIFY\">\u2014 <span style=\"font-family: Times New Roman,serif;\">D&rsquo;accord absolument. Je crois en effet que sinc\u00e9rit\u00e9 et amour sont parmi les \u00e9l\u00e9ments essentiels de la recherche. Mais la sinc\u00e9rit\u00e9 envers quoi ? Parce qu&rsquo;en somme le chercheur s&rsquo;en va vers l&rsquo;inconnu. Il ne peut prouver \u00e0 l&rsquo;\u00e9gard de cet inconnu aucun amour en principe. Ce n&rsquo;est pas enti\u00e8rement cela ; je crois que ce que vous nous apportez l\u00e0 nous \u00e9claire beaucoup. Nous allons le prolonger pour faire progresser en quelque sorte le dialogue.<\/span><\/p>\n<p align=\"JUSTIFY\"><span style=\"font-family: Times New Roman,serif;\">Nous ne pouvons pas \u00e9prouver d&rsquo;amour pour l&rsquo;inconnu, pour une recherche dont nous ne savons rien, pour un champ d&rsquo;inves\u00adtigation qui est, jusqu&rsquo;au moment o\u00f9 il se r\u00e9v\u00e8le \u00e0 nous, pur n\u00e9ant. Et d&rsquo;o\u00f9 pourrait venir la sinc\u00e9rit\u00e9 que nous mettons dans cette recherche d&rsquo;\u00e9l\u00e9ment inconnu, la recherche d&rsquo;une terre inconnue ? Et pourtant c&rsquo;est bien vrai qu&rsquo;il y a sinc\u00e9rit\u00e9 et amour et c&rsquo;est bien cela qui semble repr\u00e9senter le ferment de la recherche.<\/span><\/p>\n<p align=\"JUSTIFY\">\u2014 <span style=\"font-family: Times New Roman,serif;\"><em>Il devient un facteur stimulant au travail.<\/em><\/span><\/p>\n<p align=\"JUSTIFY\">\u2014 <span style=\"font-family: Times New Roman,serif;\">Oui. Seulement, une fois encore, nous est-il possible d&rsquo;aimer ce que nous ne connaissons pas ? Nous est-il possible d&rsquo;\u00eatre sinc\u00e8res \u00e0 l&rsquo;\u00e9gard d&rsquo;une recherche dont nous ne savons absolument pas ce qu&rsquo;elle pro\u00adduira ? C&rsquo;est cela le myst\u00e8re, mais un myst\u00e8re tr\u00e8s irritant et en m\u00eame temps fascinant. Le m\u00eame fait se produit en sociologie dans une \u00e9quipe qui travaille \u00e0 la r\u00e9organisation des structures sociales. On ne sait pas vers quoi on va dans la recherche ni dans l&rsquo;accomplissement d&rsquo;une r\u00e9forme profonde. Et pourtant on est \u00e9pris de cette investigation et de cette t\u00e2che. Alors en vertu de quoi sommes-nous projet\u00e9s vers cet amour d&rsquo;un but qui nous est absolument inconnu, qui nous \u00e9chappe encore, qui ne se d\u00e9voilera que graduellement \u00e0 mesure que progresse\u00adront nos efforts ? Il y a l\u00e0 quelque chose. Alors, j&rsquo;ai pos\u00e9 la question parfois \u00e0 des savants. Ils disaient, quelquefois avec irritation : c&rsquo;est l&rsquo;amour de la v\u00e9rit\u00e9. Mais, qu&rsquo;est-ce que la v\u00e9rit\u00e9 ? La plupart des savants n&rsquo;aiment pas invoquer une v\u00e9rit\u00e9 parce qu&rsquo;il n&rsquo;y a pas de v\u00e9rit\u00e9 avec un grand \u00ab\u00a0V\u00a0\u00bb disent-ils. Et pourtant, c&rsquo;est bien par amour de l&rsquo;authentique d\u00e9couverte \u00e0 faire qu&rsquo;ils se livrent \u00e0 la recherche. Ils veulent des r\u00e9sultats qui soient vrais, qui soient v\u00e9ridiques. Ils veulent d\u00e9couvrir une formulation v\u00e9ridique des lois. Ils veulent la v\u00e9rit\u00e9 \u2014 que cela plaise ou non d&#8217;employer le mot \u2014 ils veulent la v\u00e9rit\u00e9. Alors, qu&rsquo;est-ce que la v\u00e9rit\u00e9 ?<\/span><\/p>\n<p align=\"RIGHT\"><span style=\"font-family: Times New Roman,serif;\">(\u00e0 suivre)<\/span><\/p>\n<p align=\"JUSTIFY\"><span style=\"font-family: Times New Roman,serif;\"><span style=\"font-size: small;\"><strong>Le c\u0153ur et l&rsquo;intelligence de l&rsquo;homme, instruments de son destin par Roger Godel<\/strong><\/span><\/span><\/p>\n<p align=\"JUSTIFY\"><span style=\"font-family: Times New Roman,serif;\"><span style=\"font-size: small;\">(Revue \u00catre. No 2. 1\u00e8re ann\u00e9e. 1973)<\/span><\/span><\/p>\n<p align=\"JUSTIFY\"><span style=\"font-family: Times New Roman,serif;\"><span style=\"font-size: small;\">(suite et fin)<\/span><\/span><\/p>\n<p align=\"JUSTIFY\">\u2014 <span style=\"font-family: Times New Roman,serif;\"><span style=\"font-size: small;\">Alors qu&rsquo;est-ce que la v\u00e9rit\u00e9 ?<\/span><\/span><\/p>\n<p align=\"JUSTIFY\">\u2014 <span style=\"font-family: Times New Roman,serif;\"><span style=\"font-size: small;\"><em>Pour nous qu&rsquo;est-ce que la v\u00e9rit\u00e9 ? Les recherches scientifi\u00adques nous am\u00e8nent \u00e0 croire en une v\u00e9rit\u00e9 objective, et en l&rsquo;existence de certaines lois dans la nature que certains appr\u00e9hendent. Essayer de b\u00e2tir une connaissance scientifique est en fait une tentative de d\u00e9cou\u00advrir ce qu&rsquo;a priori le savant croit \u00eatre une v\u00e9rit\u00e9 objective. Quant au spirituel, l&rsquo;homme n&rsquo;a pas encore acquis la certitude qu&rsquo;il existe une v\u00e9rit\u00e9 finale \u00e0 laquelle il doit aller et qu&rsquo;il faut chercher. S&rsquo;il n&rsquo;y avait pas une v\u00e9rit\u00e9 finale il n&rsquo;y aurait pas de lois v\u00e9ridiques qui guideraient nos recherches et il n&rsquo;y aurait pas de recherche possible. Il nous faut donc commencer par un acte de foi dans la nature spirituelle de l&rsquo;homme. Selon les anciens, selon les religions et les citadelles b\u00e2ties philosophiquement et \u00e9thiquement, l&rsquo;homme poss\u00e8de une nature spirituelle, dispose d&rsquo;une vie spirituelle qui font que sa destin\u00e9e est de se r\u00e9aliser en Dieu.<\/em><\/span><\/span><\/p>\n<p align=\"JUSTIFY\"><span style=\"font-family: Times New Roman,serif;\"><span style=\"font-size: small;\"><em>Depuis, il n&rsquo;a pas \u00e9t\u00e9 donn\u00e9 une science de l&rsquo;homme, une \u00e9thique qui ne soit pas une \u00e9thique religieuse. Ne pourrait-on pas faire en sorte que l&rsquo;homme soit amen\u00e9 \u00e0 une science de sa nature comme il l&rsquo;a fait pour les choses mat\u00e9rielles et pour son corps ? Il y a l\u00e0 un d\u00e9s\u00e9\u00adquilibre, les deux sciences n&rsquo;ayant pas \u00e9t\u00e9 men\u00e9es parall\u00e8lement.<\/em><\/span><\/span><\/p>\n<p align=\"JUSTIFY\">\u2014 <span style=\"font-family: Times New Roman,serif;\"><span style=\"font-size: small;\">Nous abordons maintenant le th\u00e8me fondamental de notre<\/span><\/span><span style=\"font-family: Times New Roman,serif;\"><span style=\"font-size: small;\">\u00e9tude. La conscience de l&rsquo;homme engag\u00e9e dans l&rsquo;engrenage de la civi\u00adlisation moderne oscille entre deux p\u00f4les : d&rsquo;une part, elle ob\u00e9it \u00e0 des modes de penser qui ont \u00e9t\u00e9 imprim\u00e9s dans le cerveau et qui le conditionnent, mais, d&rsquo;autre part, au p\u00f4le oppos\u00e9, elle \u00e9prouve une aspiration invincible \u00e0 sauvegarder sa libert\u00e9, sa capacit\u00e9 de renouvellement, sa fra\u00eecheur native, ses possibilit\u00e9s cr\u00e9atrices. Le drame des civilisations modernes r\u00e9side dans le conflit de puissance qui se joue entre ces deux p\u00f4les d&rsquo;attraction. Que l&rsquo;un d&rsquo;eux vienne \u00e0 dominer trop fortement son antagoniste et de graves d\u00e9sordres se produisent. Si la m\u00e9canique mentale avec ses automatismes pr\u00e9vaut sur les forces spirituelles alors l&rsquo;homme, ignorant son \u00e2me, est r\u00e9duit \u00e0 l&rsquo;\u00e9tat de robot. Il ex\u00e9cute<\/span><\/span><span style=\"font-family: Times New Roman,serif;\"><span style=\"font-size: small;\">sa t\u00e2che \u00e0 la mani\u00e8re d&rsquo;un automate, sans jamais sortir des routines inscrites dans son cerveau. Peu<\/span><\/span><span style=\"font-family: Times New Roman,serif;\"><span style=\"font-size: small;\"> \u00e0<\/span><\/span><span style=\"font-family: Times New Roman,serif;\"><span style=\"font-size: small;\"> peu il se d\u00e9shumanise, perd toute aptitude \u00e0 progresser, \u00e0 inventer, \u00e0 \u00e9voluer. Sa vie se d\u00e9roule dans une morne r\u00e9p\u00e9tition d&rsquo;actes similaires. L&rsquo;esprit en lui s&rsquo;est atrophi\u00e9. Son \u00e2me est st\u00e9rile, s\u00e8che.<\/span><\/span><\/p>\n<p align=\"JUSTIFY\"><span style=\"font-family: Times New Roman,serif;\"><span style=\"font-size: small;\">Par contre, si le bouillonnement des forces de r\u00e9bellion parvient \u00e0 rompre l&rsquo;armature constitu\u00e9e par l&rsquo;intelligence technique, des r\u00eaves fantastiques, d\u00e9sordonn\u00e9s occupent la sc\u00e8ne. Certes, parmi les laves de ce d\u00e9lire, des \u00e9l\u00e9ments de valeur, d&rsquo;\u00e9tranges d\u00e9couvertes prennent forme. Mais ces fragments pr\u00e9cieux de v\u00e9rit\u00e9 sont trop souvent inutilisables et restent isol\u00e9s dans une masse de d\u00e9raison. Ils surnagent comme des \u00eelots dans un oc\u00e9an livr\u00e9 \u00e0 la temp\u00eate. Examinons \u00e0 pr\u00e9sent ce qui se passe lorsque les deux p\u00f4les de la conscience \u2014 p\u00f4le technique et p\u00f4le spirituel \u2014 \u00e9quilibrent mutuellement leurs forces. L&rsquo;homme d\u00e9couvre alors dans l&rsquo;intime profondeur spirituelle de sa conscience la clart\u00e9 qui illumine les d\u00e9marches de son intellect. <\/span><\/span><\/p>\n<p align=\"JUSTIFY\"><span style=\"font-family: Times New Roman,serif;\"><span style=\"font-size: small;\">Cette m\u00eame lumi\u00e8re de l&rsquo;esprit \u2014 in\u00e9puisable en vertu de sa nature propre \u2014 assure une perp\u00e9tuelle r\u00e9novation de la recherche scientifique. Ainsi elle pr\u00e9serve l&rsquo;homme de tomber dans l&rsquo;automatisme, au rang de robot. Elle fait de lui un cr\u00e9ateur conscient de ses \u0153uvres. L&rsquo;activit\u00e9 de l&rsquo;esprit \u2014 source de libert\u00e9 et de compr\u00e9hension \u2014 soustrait l&rsquo;homme aux servitudes qui menacent de s&rsquo;\u00e9tendre sur les civilisations modernes. <\/span><\/span><\/p>\n<p align=\"JUSTIFY\">\u2014 <span style=\"font-family: Times New Roman,serif;\"><span style=\"font-size: small;\"><em>Nous avons donc \u00e0 consid\u00e9rer cet \u00eatre humain dans son ensemble, et l\u00e0 est le probl\u00e8me. Il me semble qu&rsquo;entre le c\u0153ur et la raison il y aurait \u00e0 chercher ce qui, en nous, d\u00e9termine notre propre connais\u00adsance. En d&rsquo;autres termes, peut-on conna\u00eetre quelque chose par le c\u0153ur ou d&rsquo;abord par la raison ? En allant plus loin, est-ce que nos peines, nos sensations, toutes les manifestations de notre \u00eatre sont d\u00e9termin\u00e9es par notre c\u0153ur ou par notre raison ? Et enfin, si on voulait d\u00e9finir la connaissance je crois qu&rsquo;en d\u00e9finitive elle s&rsquo;explique\u00adrait par l&rsquo;expression de conscience, conscience au sens philosophique&#8230; Je vous demande de nous \u00e9clairer.<\/em><\/span><\/span><\/p>\n<p align=\"JUSTIFY\">\u2014 <span style=\"font-family: Times New Roman,serif;\"><span style=\"font-size: small;\">\u00c9clairer. Le mot \u00e9clairer, si nous l&#8217;employons, il doit avoir un sens. Qu&rsquo;est-ce qu&rsquo;\u00eatre \u00e9clair\u00e9 ? Est-ce que ce n&rsquo;est pas disposer d&rsquo;une lumi\u00e8re qui donne \u00e0 l&rsquo;intelligence la facult\u00e9 de se reconna\u00eetre, et de proc\u00e9der \u00e0 sa recherche ? Parce que, en somme, nous usons de m\u00e9ta\u00adphores et vous venez d&rsquo;en employer une qui doit se justifier. Peut-on renvoyer au mot que vous venez vous-m\u00eame de prononcer \u00ab\u00a0nous voulons \u00eatre \u00e9clair\u00e9s\u00a0\u00bb? Nous ajouterions m\u00eame que nous voulons que notre intelligence soit \u00e9clair\u00e9e.<\/span><\/span><\/p>\n<p align=\"JUSTIFY\"><span style=\"font-family: Times New Roman,serif;\"><span style=\"font-size: small;\">Alors qu&rsquo;est-ce que c&rsquo;est que cette lumi\u00e8re \u00e0 laquelle vous faites allusion non pas seulement par m\u00e9taphore mais par exp\u00e9rience ? Peut-\u00eatre est-ce cela que nous confondons avec le c\u0153ur source de lumi\u00e8re. Et le changement de c\u0153ur dont nous parlait Socrate n&rsquo;est pas un changement de tout l&rsquo;\u00eatre, c&rsquo;est peut-\u00eatre un changement d&rsquo;op\u00adtique, et ce changement d&rsquo;optique va apporter \u00e0 notre pouvoir de discriminer, \u00e0 notre pouvoir de comprendre intellectuellement une transformation compl\u00e8te.<\/span><\/span><\/p>\n<p align=\"JUSTIFY\">\u2014 <span style=\"font-family: Times New Roman,serif;\"><span style=\"font-size: small;\"><em>Ce pourrait \u00eatre la raison.<\/em><\/span><\/span><\/p>\n<p align=\"JUSTIFY\">\u2014 <span style=\"font-family: Times New Roman,serif;\"><span style=\"font-size: small;\">Ah non. La raison b\u00e9n\u00e9ficiera de ce changement d&rsquo;optique, elle va pouvoir appliquer en quelque sorte sa fonction discriminante, sa fonction dialectique, parce que bien \u00e9clair\u00e9e. Elle est dirig\u00e9e par cette lumi\u00e8re. Il existe en nous une possibilit\u00e9 de mettre en jeu ou d&rsquo;accueillir cette fonction lumineuse \u00e0 laquelle les anciens croyaient parce qu&rsquo;ils en avaient fait l&rsquo;exp\u00e9rience, qu&rsquo;ils en avaient fait usage peut-\u00eatre beaucoup mieux que nous, \u00e9tant oblig\u00e9s de tout d\u00e9couvrir. Nous, nous partons de notions d\u00e9j\u00e0 solidement \u00e9tablies, d&rsquo;acquisitions \u00e9prouv\u00e9es. Les anciens \u00e9taient oblig\u00e9s d&rsquo;innover totalement. Ils sortent du domaine mythique, du domaine mythologique et il leur faut diriger la raison.<\/span><\/span><\/p>\n<p align=\"JUSTIFY\"><span style=\"font-family: Times New Roman,serif;\"><span style=\"font-size: small;\">Mais qu&rsquo;est-ce que la raison ? N&rsquo;existe-t-il pas une fonction qui la transcende, qui en assure l&rsquo;orientation correcte ? Et vous venez vous-m\u00eame d&rsquo;y faire allusion en parlant d&rsquo;\u00e9clairer, et c&rsquo;est ce que nous disons toujours : \u00e9clairons notre raison. Nous faisons appel toujours \u00e0 plus de lumi\u00e8re. Peut-on sonder l&rsquo;inconnu sans instrument pr\u00e9par\u00e9 si ce n&rsquo;est \u00e0 l&rsquo;aide d&rsquo;une lumi\u00e8re donn\u00e9e en quelque sorte, d&rsquo;une lumi\u00e8re que chaque homme porte comme h\u00e9ritage individuel et collectif en m\u00eame temps ?<\/span><\/span><\/p>\n<p align=\"JUSTIFY\"><span style=\"font-family: Times New Roman,serif;\"><span style=\"font-size: small;\">Les anciens avaient des mots beaucoup plus appropri\u00e9s et sp\u00e9cialement destin\u00e9s \u00e0 faire allusion \u00e0 cette lumi\u00e8re d&rsquo;une connaissance. Est-ce que ce n&rsquo;est pas cette connaissance \u00e9clairante qui porte l&rsquo;homme, d\u00e8s le d\u00e9but, d\u00e8s l&rsquo;\u00e9veil des premi\u00e8res civilisations \u00e0 se convaincre que l&rsquo;univers repr\u00e9sente un ordre, un cosmos ? Cosmos veut dire ordre. \u00c9galement, dans toutes les sciences de l&rsquo;ancien Orient\u00a0: babyloniennes ou \u00e9gyptiennes et ph\u00e9niciennes, la recherche d&rsquo;un ordre des choses, irr\u00e9vocablement consacr\u00e9 par des lois, engage l&rsquo;homme \u00e0 proc\u00e9der \u00e0 une sorte d&rsquo;inventaire, la preuve en est m\u00eame la cosmologie, toutes les d\u00e9couvertes d&rsquo;astronomie qui sont vraiment des choses prodigieuses : les d\u00e9couvertes des grands cycles et du trajet des \u00e9toiles, du lever par exemple en \u00c9gypte de l&rsquo;\u00e9toile Sotis (Sirius) qui se reproduit tous les deux mille ans seulement. D&rsquo;autres d\u00e9couvertes encore chez les populations qui sont bien loin de nous : les Mayas la production d&rsquo;un calendrier astronomique d&rsquo;une extraordinaire pr\u00e9cision et qui s&rsquo;\u00e9tend sur des mill\u00e9naires calcul\u00e9s d&rsquo;avance. Tout cela d\u00e9montre que l&rsquo;homme, d\u00e8s l&rsquo;origine de l&rsquo;histoire, et aussi loin que l&rsquo;on puisse saisir ses activit\u00e9s \u00e9tait convaincu que l&rsquo;univers est un cosmos, c&rsquo;est-\u00e0-dire un arrangement, un ordre de choses, qu&rsquo;il ob\u00e9it \u00e0 des lois immuables et que ces lois sont intelligibles. C&rsquo;est la conviction la plus profonde et la plus \u00e9prouv\u00e9e d\u00e8s l&rsquo;origine.<\/span><\/span><\/p>\n<p align=\"JUSTIFY\"><span style=\"font-family: Times New Roman,serif;\"><span style=\"font-size: small;\">Eh bien, aujourd&rsquo;hui encore on croit \u00e0 l&rsquo;existence des lois immuables, lois dont on cherche \u00e0 donner une formulation toujours approximative ; on cherche \u00e0 s&rsquo;en rapprocher. Aucune science ne serait possible si l&rsquo;on ne croyait pas \u00e0 la r\u00e9p\u00e9tition des ph\u00e9nom\u00e8nes et \u00e0 la possibilit\u00e9 d&rsquo;\u00e9tablir des loi. Ces lois sont compr\u00e9hensibles pour 1&rsquo;homme, par cons\u00e9quent elles sont de l&rsquo;ordre de l&rsquo;intelligence, non pas de la raison n\u00e9cessairement, mais de l&rsquo;ordre de l&rsquo;intelligence ; elles sont intelligibles. Bien plus, l&rsquo;homme est susceptible de les d\u00e9couvrir apr\u00e8s avoir fait l&rsquo;inventaire des donn\u00e9es, l&rsquo;inventaire en quelque sorte de cet ordre immuable. Il peut proc\u00e9der \u00e0 des d\u00e9couvertes. Par quel moyen ? Par l&rsquo;observation, et aussi par la m\u00e9ditation sur ses d\u00e9couvertes. Il int\u00e8gre ses d\u00e9couvertes, les assimile \u00e0 l&rsquo;aide de quoi ? A l&rsquo;aide d&rsquo;une fonction spirituelle.<\/span><\/span><\/p>\n<p align=\"JUSTIFY\"><span style=\"font-family: Times New Roman,serif;\"><span style=\"font-size: small;\">Pour poss\u00e9der une aptitude \u00e0 comprendre, nous en revenons in\u00e9\u00advitablement \u00e0 cela, l&rsquo;intelligence doit \u00eatre \u00e9clair\u00e9e. Alors n&rsquo;est-ce pas dans cette prise de conscience d&rsquo;un ordre universel, d&rsquo;un ordre intelli\u00adgible que se trouve tout de m\u00eame la preuve que la conscience du corps n&rsquo;est qu&rsquo;un aspect tout \u00e0 fait limit\u00e9 d&rsquo;une conscience qui transcende les identifications corporelles ? Ce n&rsquo;est pas avec son corps qu&rsquo;on pense. On pense \u00e0 l&rsquo;aide de son corps incontestablement. On utilise son corps pour penser mais le corps n&rsquo;est pas l&rsquo;organe pensant, pas plus que le cerveau. Le cerveau est indispensable \u00e0 l&rsquo;action de la pens\u00e9e. Nulle part vous ne trouvez un principe qui puisse \u00e9clairer les d\u00e9mar\u00adches de l&rsquo;intelligence \u00e0 l&rsquo;int\u00e9rieur du cerveau. Alors, cette connaissance du c\u0153ur et la connaissance de la nature spirituelle de l&rsquo;homme ne doi\u00advent-elles pas \u00eatre renvoy\u00e9es \u00e0 un principe \u00e9clairant, \u00e0 une facult\u00e9 dis\u00adcriminative dont l&rsquo;intelligence peut b\u00e9n\u00e9ficier ?<\/span><\/span><\/p>\n<p align=\"JUSTIFY\">\u2014 <span style=\"font-family: Times New Roman,serif;\"><span style=\"font-size: small;\"><em>Comment alors saisissons-nous l&rsquo;intelligible ?<\/em><\/span><\/span><\/p>\n<p align=\"JUSTIFY\">\u2014 <span style=\"font-family: Times New Roman,serif;\"><span style=\"font-size: small;\">Peut-\u00eatre parce qu&rsquo;il nous est donn\u00e9 une prise de conscience.<\/span><\/span><\/p>\n<p align=\"JUSTIFY\">\u2014 <span style=\"font-family: Times New Roman,serif;\"><span style=\"font-size: small;\"><em>Comment s&rsquo;op\u00e8re-t-elle puisque l&rsquo;intellect et les sens sont im\u00adpuissants ?<\/em><\/span><\/span><\/p>\n<p align=\"JUSTIFY\">\u2014 <span style=\"font-family: Times New Roman,serif;\"><span style=\"font-size: small;\">Toute donn\u00e9e est r\u00e9duite en conscience et est assimil\u00e9e. Le terme assimiler prouve que toute connaissance, toute d\u00e9marche de l&rsquo;intelligence sont conduites quelque part. Est-ce que ce n&rsquo;est pas l\u00e0 \u00eatre renvoy\u00e9 justement \u00e0 ce foyer de connaissance qui se trouve en nous, tout en d\u00e9tachant constamment les d\u00e9marches que nous pou\u00advons op\u00e9rer intellectuellement ? L\u00e0, je crois que vous venez de mettre l&rsquo;accent sur ce fait que quelque chose est en nous \u2014 une certaine fonc\u00adtion, alors que l&rsquo;intellect ou les fonctions sensorielles resteront confi\u00adn\u00e9es dans un certain domaine. D&rsquo;autres possibilit\u00e9s nous sont accor\u00add\u00e9es. Nous ne sommes pas condamn\u00e9s \u00e0 rester, nous, dans ce domaine puisque cette facult\u00e9 d&rsquo;\u00eatre conscients est un h\u00e9ritage inali\u00e9nable. Ce qui caract\u00e9rise tout de m\u00eame l&rsquo;homme c&rsquo;est qu&rsquo;il est un \u00eatre conscient \u2014 conscient de quelque chose, mais aussi tout simplement conscient.<\/span><\/span><\/p>\n<p align=\"JUSTIFY\"><span style=\"font-family: Times New Roman,serif;\"><span style=\"font-size: small;\">Il est conscient sans que cette conscience soit astreinte \u00e0 une recherche particuli\u00e8re et limit\u00e9e. Cette conscience est une donn\u00e9e permanente de l&rsquo;esprit, susceptible d&rsquo;\u00eatre investie dans une multitude d&rsquo;activit\u00e9s et de secteurs. Elle nous d\u00e9passe c&rsquo;est entendu, mais nous sommes toujours \u00e0 m\u00eame de l&rsquo;accueillir, de la recevoir, d&rsquo;en b\u00e9n\u00e9ficier. Puisque telle est l&rsquo;importance pour notre sauvegarde de la fonction spirituelle il importe que nous la reconnaissions partout o\u00f9 elle s&rsquo;exprime. Elle n&rsquo;est pas la derni\u00e8re venue, ni dans la hi\u00e9rarchie des valeurs ni dans le d\u00e9roulement de l&rsquo;histoire. Sa place fut toujours \u00e9minente au c\u0153ur des grandes civilisations. Sous les divers noms qui lui sont attribu\u00e9s elle brille d&rsquo;un \u00e9clat semblable et r\u00e8gne souverainement. Son pouvoir \u00e9clairant a illumin\u00e9 les sciences dans le pass\u00e9 comme il le fait aujourd&rsquo;hui de l&rsquo;Extr\u00eame-Orient \u00e0 l&rsquo;Extr\u00eame-Occident.<\/span><\/span><\/p>\n<p align=\"JUSTIFY\"><span style=\"font-family: Times New Roman,serif;\"><span style=\"font-size: small;\">Dans le Proche-Orient, nous en revenons \u00e0 le constater, il a per\u00admis, 3000 ans avant J.-C., aux peuples de Sumer et de Babylonie de r\u00e9soudre sans erreur des \u00e9quations du second degr\u00e9 \u00e0 trois inconnues, il les a conduits \u00e0 \u00e9difier une science grandiose de l&rsquo;astronomie et de la g\u00e9om\u00e9trie. Sous son inspiration, les \u00c9gyptiens ont exprim\u00e9 une sagesse profonde, formul\u00e9 une science de l&rsquo;homme bien sup\u00e9rieure \u00e0 la psychologie de notre \u00e9poque, propos\u00e9 une m\u00e9taphysique de haute valeur. Une grande sagesse pratique transmit aux Ph\u00e9niciens une science consomm\u00e9e de la navigation ainsi qu&rsquo;une s\u00e9mantique.<\/span><\/span><\/p>\n<p align=\"JUSTIFY\"><span style=\"font-family: Times New Roman,serif;\"><span style=\"font-size: small;\">Pour les Hell\u00e8nes, l&rsquo;esprit se manifestait en de multiples fonctions transcendantes et immanentes, sous des noms multiples : <\/span><\/span><span style=\"font-family: Times New Roman,serif;\"><span style=\"font-size: small;\"><em>Nous, Logos, Pneuma, Gn\u00f4m\u00e9, Epist\u00eam\u00ea<\/em><\/span><\/span><span style=\"font-family: Times New Roman,serif;\"><span style=\"font-size: small;\">. Chez eux aussi il assurait un \u00e9quilibre \u00e0 l&rsquo;\u00e9gard de la puissance toujours mena\u00e7ante de certain rationalisme. L&rsquo;histoire de la comp\u00e9tition qui se joua chez les Grecs entre la lumi\u00e8re et l&rsquo;esprit et les d\u00e9marches plus terre \u00e0 terre de la raison offre de pro\u00adfonds enseignements.<\/span><\/span><\/p>\n<p align=\"JUSTIFY\"><span style=\"font-family: Times New Roman,serif;\"><span style=\"font-size: small;\">Aujourd&rsquo;hui ce jeu reprend sur une sc\u00e8ne plus vaste, \u00e0 la mesure de notre plan\u00e8te. Il met en cause le destin m\u00eame de l&rsquo;homme sur la terre enti\u00e8re. L&rsquo;humanit\u00e9 subira-t-elle, dans une prosp\u00e9rit\u00e9 ch\u00e8rement acquise, le sort des soci\u00e9t\u00e9s d&rsquo;insectes qui demeurent depuis des milliers de si\u00e8cles fix\u00e9es dans la prison de leurs automatismes ? Ou s&rsquo;\u00e9teindra-t-elle dans la lente asphyxie d&rsquo;une existence priv\u00e9e des joies de l&rsquo;esprit ? Une soudaine crise de r\u00e9bellion auto-destructive pourrait aussi la con\u00adduire sa fin.<\/span><\/span><\/p>\n<p align=\"JUSTIFY\"><span style=\"font-family: Times New Roman,serif;\"><span style=\"font-size: small;\">Mais plus vraisemblablement la sagesse inali\u00e9nable et latente que<\/span><\/span><span style=\"font-family: Times New Roman,serif;\"><span style=\"font-size: small;\">l&rsquo;homme porte en lui saura pr\u00e9valoir sur tous les obstacles. Peut-\u00eatre sommes-nous au seuil d&rsquo;une grande \u00e9poque. Si nous surmontons \u00e0 force de patience, \u00e0 force d&rsquo;amour les difficult\u00e9s dress\u00e9es devant nous, je pr\u00e9sume qu&rsquo;une merveilleuse avenue s&rsquo;ouvrira. Et cette avenue d\u00e9bouche sur un monde o\u00f9 la science technique d\u00e9verse en abondance et gratuit\u00e9 ses innombrables bienfaits tandis que l&rsquo;Esprit rayonne comme mille soleils.<\/span><\/span><\/p>\n","protected":false},"excerpt":{"rendered":"<p>Notre terminologie moderne, la terminologie occidentale est confuse, elle est tr\u00e8s vague. Le fait de se trouver contraint d&#8217;employer le mot c\u0153ur pour parler d&rsquo;une connaissance est d\u00e9j\u00e0 une tr\u00e8s grande source de confusion, parce qu&rsquo;enfin nous avons l&rsquo;habitude de consid\u00e9rer le c\u0153ur comme un organe. C&rsquo;est donc une tr\u00e8s grossi\u00e8re m\u00e9taphore, une tr\u00e8s grossi\u00e8re figure de langage qui nous conduit vers l&rsquo;acception du mot dans le sens effusion. En g\u00e9n\u00e9ral, quand on fait appel au c\u0153ur de quelqu&rsquo;un, on attend de lui un sentiment, une cons\u00e9cration. Mais tout cela nous laisse bien loin de l&rsquo;esprit. Nous sommes dans le domaine du sentiment, nous ne sommes pas dans le domaine du discernement. Eh bien, pour les anciens, le c\u0153ur c&rsquo;est le c\u0153ur de l&rsquo;\u00eatre et le c\u0153ur de l&rsquo;\u00eatre c&rsquo;est sa source cr\u00e9atrice. C&rsquo;est \u00e9galement ce qu&rsquo;on traduirait en anglais par core, le centre de toutes ses activit\u00e9s. Nous dirions en biologie que c&rsquo;est le centre d&rsquo;int\u00e9gration de l&rsquo;\u00eatre, non pas le centre mat\u00e9riellement localisable bien entendu, mais physiologiquement, dynamiquement compr\u00e9hensible. Et d&rsquo;autre part, l&rsquo;esprit. Qu&rsquo;est-ce que le mot esprit \u00e9voque pour un contemporain ? Quelque chose de tr\u00e8s vague aussi. On aspire \u00e0 d\u00e9finir l&rsquo;esprit, on n&rsquo;y parvient jamais.<\/p>\n","protected":false},"author":1,"featured_media":13310,"comment_status":"closed","ping_status":"closed","sticky":false,"template":"","format":"standard","meta":{"footnotes":""},"categories":[67],"tags":[140,9],"class_list":["post-13305","post","type-post","status-publish","format-standard","has-post-thumbnail","hentry","category-r-godel","tag-etre","tag-science-et-spiritualite"],"yoast_head":"<!-- This site is optimized with the Yoast SEO plugin v27.0 - https:\/\/yoast.com\/product\/yoast-seo-wordpress\/ -->\n<title>Le c\u0153ur et l&#039;intelligence de l&#039;homme, instruments de son destin par Roger Godel - 3e mill\u00e9naire - Spiritualit\u00e9 - Connaissance de soi - Non-dualit\u00e9 - M\u00e9ditation<\/title>\n<meta name=\"robots\" content=\"index, follow, max-snippet:-1, max-image-preview:large, max-video-preview:-1\" \/>\n<link rel=\"canonical\" href=\"https:\/\/www.revue3emillenaire.com\/blog\/le-coeur-et-lintelligence-de-lhomme-instruments-de-son-destin-par-roger-godel\/\" \/>\n<meta property=\"og:locale\" content=\"fr_FR\" \/>\n<meta property=\"og:type\" content=\"article\" \/>\n<meta property=\"og:title\" content=\"Le c\u0153ur et l&#039;intelligence de l&#039;homme, instruments de son destin par Roger Godel - 3e mill\u00e9naire - Spiritualit\u00e9 - Connaissance de soi - Non-dualit\u00e9 - M\u00e9ditation\" \/>\n<meta property=\"og:description\" content=\"Notre terminologie moderne, la terminologie occidentale est confuse, elle est tr\u00e8s vague. Le fait de se trouver contraint d&#039;employer le mot c\u0153ur pour parler d&#039;une connaissance est d\u00e9j\u00e0 une tr\u00e8s grande source de confusion, parce qu&#039;enfin nous avons l&#039;habitude de consid\u00e9rer le c\u0153ur comme un organe. C&#039;est donc une tr\u00e8s grossi\u00e8re m\u00e9taphore, une tr\u00e8s grossi\u00e8re figure de langage qui nous conduit vers l&#039;acception du mot dans le sens effusion. En g\u00e9n\u00e9ral, quand on fait appel au c\u0153ur de quelqu&#039;un, on attend de lui un sentiment, une cons\u00e9cration. Mais tout cela nous laisse bien loin de l&#039;esprit. Nous sommes dans le domaine du sentiment, nous ne sommes pas dans le domaine du discernement. Eh bien, pour les anciens, le c\u0153ur c&#039;est le c\u0153ur de l&#039;\u00eatre et le c\u0153ur de l&#039;\u00eatre c&#039;est sa source cr\u00e9atrice. C&#039;est \u00e9galement ce qu&#039;on traduirait en anglais par core, le centre de toutes ses activit\u00e9s. Nous dirions en biologie que c&#039;est le centre d&#039;int\u00e9gration de l&#039;\u00eatre, non pas le centre mat\u00e9riellement localisable bien entendu, mais physiologiquement, dynamiquement compr\u00e9hensible. Et d&#039;autre part, l&#039;esprit. Qu&#039;est-ce que le mot esprit \u00e9voque pour un contemporain ? Quelque chose de tr\u00e8s vague aussi. On aspire \u00e0 d\u00e9finir l&#039;esprit, on n&#039;y parvient jamais.\" \/>\n<meta property=\"og:url\" content=\"https:\/\/www.revue3emillenaire.com\/blog\/le-coeur-et-lintelligence-de-lhomme-instruments-de-son-destin-par-roger-godel\/\" \/>\n<meta property=\"og:site_name\" content=\"3e mill\u00e9naire - Spiritualit\u00e9 - Connaissance de soi - Non-dualit\u00e9 - M\u00e9ditation\" \/>\n<meta property=\"article:published_time\" content=\"2013-03-25T01:37:41+00:00\" \/>\n<meta property=\"og:image\" content=\"https:\/\/www.revue3emillenaire.com\/blog\/wp-content\/uploads\/2013\/03\/RGodel-55x70.jpg\" \/>\n\t<meta property=\"og:image:width\" content=\"55\" \/>\n\t<meta property=\"og:image:height\" content=\"70\" \/>\n\t<meta property=\"og:image:type\" content=\"image\/jpeg\" \/>\n<meta name=\"author\" content=\"3e mill\u00e9naire\" \/>\n<meta name=\"twitter:card\" content=\"summary_large_image\" \/>\n<meta name=\"twitter:label1\" content=\"\u00c9crit par\" \/>\n\t<meta name=\"twitter:data1\" content=\"3e mill\u00e9naire\" \/>\n\t<meta name=\"twitter:label2\" content=\"Dur\u00e9e de lecture estim\u00e9e\" \/>\n\t<meta name=\"twitter:data2\" content=\"22 minutes\" \/>\n<script type=\"application\/ld+json\" class=\"yoast-schema-graph\">{\"@context\":\"https:\/\/schema.org\",\"@graph\":[{\"@type\":\"Article\",\"@id\":\"https:\/\/www.revue3emillenaire.com\/blog\/le-coeur-et-lintelligence-de-lhomme-instruments-de-son-destin-par-roger-godel\/#article\",\"isPartOf\":{\"@id\":\"https:\/\/www.revue3emillenaire.com\/blog\/le-coeur-et-lintelligence-de-lhomme-instruments-de-son-destin-par-roger-godel\/\"},\"author\":{\"name\":\"3e mill\u00e9naire\",\"@id\":\"https:\/\/www.revue3emillenaire.com\/blog\/#\/schema\/person\/9a3a7cc4ccaa707f402d4394327106d5\"},\"headline\":\"Le c\u0153ur et l&rsquo;intelligence de l&rsquo;homme, instruments de son destin par Roger Godel\",\"datePublished\":\"2013-03-25T01:37:41+00:00\",\"mainEntityOfPage\":{\"@id\":\"https:\/\/www.revue3emillenaire.com\/blog\/le-coeur-et-lintelligence-de-lhomme-instruments-de-son-destin-par-roger-godel\/\"},\"wordCount\":4322,\"image\":{\"@id\":\"https:\/\/www.revue3emillenaire.com\/blog\/le-coeur-et-lintelligence-de-lhomme-instruments-de-son-destin-par-roger-godel\/#primaryimage\"},\"thumbnailUrl\":\"https:\/\/www.revue3emillenaire.com\/blog\/wp-content\/uploads\/2013\/03\/RGodel-55x70.jpg\",\"keywords\":[\"\u00eatre\",\"Science et spiritualit\u00e9\"],\"articleSection\":[\"Godel Roger\"],\"inLanguage\":\"fr-FR\"},{\"@type\":\"WebPage\",\"@id\":\"https:\/\/www.revue3emillenaire.com\/blog\/le-coeur-et-lintelligence-de-lhomme-instruments-de-son-destin-par-roger-godel\/\",\"url\":\"https:\/\/www.revue3emillenaire.com\/blog\/le-coeur-et-lintelligence-de-lhomme-instruments-de-son-destin-par-roger-godel\/\",\"name\":\"Le c\u0153ur et l'intelligence de l'homme, instruments de son destin par Roger Godel - 3e mill\u00e9naire - Spiritualit\u00e9 - Connaissance de soi - Non-dualit\u00e9 - M\u00e9ditation\",\"isPartOf\":{\"@id\":\"https:\/\/www.revue3emillenaire.com\/blog\/#website\"},\"primaryImageOfPage\":{\"@id\":\"https:\/\/www.revue3emillenaire.com\/blog\/le-coeur-et-lintelligence-de-lhomme-instruments-de-son-destin-par-roger-godel\/#primaryimage\"},\"image\":{\"@id\":\"https:\/\/www.revue3emillenaire.com\/blog\/le-coeur-et-lintelligence-de-lhomme-instruments-de-son-destin-par-roger-godel\/#primaryimage\"},\"thumbnailUrl\":\"https:\/\/www.revue3emillenaire.com\/blog\/wp-content\/uploads\/2013\/03\/RGodel-55x70.jpg\",\"datePublished\":\"2013-03-25T01:37:41+00:00\",\"author\":{\"@id\":\"https:\/\/www.revue3emillenaire.com\/blog\/#\/schema\/person\/9a3a7cc4ccaa707f402d4394327106d5\"},\"breadcrumb\":{\"@id\":\"https:\/\/www.revue3emillenaire.com\/blog\/le-coeur-et-lintelligence-de-lhomme-instruments-de-son-destin-par-roger-godel\/#breadcrumb\"},\"inLanguage\":\"fr-FR\",\"potentialAction\":[{\"@type\":\"ReadAction\",\"target\":[\"https:\/\/www.revue3emillenaire.com\/blog\/le-coeur-et-lintelligence-de-lhomme-instruments-de-son-destin-par-roger-godel\/\"]}]},{\"@type\":\"ImageObject\",\"inLanguage\":\"fr-FR\",\"@id\":\"https:\/\/www.revue3emillenaire.com\/blog\/le-coeur-et-lintelligence-de-lhomme-instruments-de-son-destin-par-roger-godel\/#primaryimage\",\"url\":\"https:\/\/www.revue3emillenaire.com\/blog\/wp-content\/uploads\/2013\/03\/RGodel-55x70.jpg\",\"contentUrl\":\"https:\/\/www.revue3emillenaire.com\/blog\/wp-content\/uploads\/2013\/03\/RGodel-55x70.jpg\",\"width\":\"55\",\"height\":\"70\"},{\"@type\":\"BreadcrumbList\",\"@id\":\"https:\/\/www.revue3emillenaire.com\/blog\/le-coeur-et-lintelligence-de-lhomme-instruments-de-son-destin-par-roger-godel\/#breadcrumb\",\"itemListElement\":[{\"@type\":\"ListItem\",\"position\":1,\"name\":\"Accueil\",\"item\":\"https:\/\/www.revue3emillenaire.com\/blog\/\"},{\"@type\":\"ListItem\",\"position\":2,\"name\":\"Le c\u0153ur et l&rsquo;intelligence de l&rsquo;homme, instruments de son destin par Roger Godel\"}]},{\"@type\":\"WebSite\",\"@id\":\"https:\/\/www.revue3emillenaire.com\/blog\/#website\",\"url\":\"https:\/\/www.revue3emillenaire.com\/blog\/\",\"name\":\"3e mill\u00e9naire - Spiritualit\u00e9 - Connaissance de soi - Non-dualit\u00e9 - M\u00e9ditation\",\"description\":\"L&#039;Homme en devenir\",\"potentialAction\":[{\"@type\":\"SearchAction\",\"target\":{\"@type\":\"EntryPoint\",\"urlTemplate\":\"https:\/\/www.revue3emillenaire.com\/blog\/?s={search_term_string}\"},\"query-input\":{\"@type\":\"PropertyValueSpecification\",\"valueRequired\":true,\"valueName\":\"search_term_string\"}}],\"inLanguage\":\"fr-FR\"},{\"@type\":\"Person\",\"@id\":\"https:\/\/www.revue3emillenaire.com\/blog\/#\/schema\/person\/9a3a7cc4ccaa707f402d4394327106d5\",\"name\":\"3e mill\u00e9naire\",\"url\":\"https:\/\/www.revue3emillenaire.com\/blog\/author\/admin\/\"}]}<\/script>\n<!-- \/ Yoast SEO plugin. -->","yoast_head_json":{"title":"Le c\u0153ur et l'intelligence de l'homme, instruments de son destin par Roger Godel - 3e mill\u00e9naire - Spiritualit\u00e9 - Connaissance de soi - Non-dualit\u00e9 - M\u00e9ditation","robots":{"index":"index","follow":"follow","max-snippet":"max-snippet:-1","max-image-preview":"max-image-preview:large","max-video-preview":"max-video-preview:-1"},"canonical":"https:\/\/www.revue3emillenaire.com\/blog\/le-coeur-et-lintelligence-de-lhomme-instruments-de-son-destin-par-roger-godel\/","og_locale":"fr_FR","og_type":"article","og_title":"Le c\u0153ur et l'intelligence de l'homme, instruments de son destin par Roger Godel - 3e mill\u00e9naire - Spiritualit\u00e9 - Connaissance de soi - Non-dualit\u00e9 - M\u00e9ditation","og_description":"Notre terminologie moderne, la terminologie occidentale est confuse, elle est tr\u00e8s vague. Le fait de se trouver contraint d'employer le mot c\u0153ur pour parler d'une connaissance est d\u00e9j\u00e0 une tr\u00e8s grande source de confusion, parce qu'enfin nous avons l'habitude de consid\u00e9rer le c\u0153ur comme un organe. C'est donc une tr\u00e8s grossi\u00e8re m\u00e9taphore, une tr\u00e8s grossi\u00e8re figure de langage qui nous conduit vers l'acception du mot dans le sens effusion. En g\u00e9n\u00e9ral, quand on fait appel au c\u0153ur de quelqu'un, on attend de lui un sentiment, une cons\u00e9cration. Mais tout cela nous laisse bien loin de l'esprit. Nous sommes dans le domaine du sentiment, nous ne sommes pas dans le domaine du discernement. Eh bien, pour les anciens, le c\u0153ur c'est le c\u0153ur de l'\u00eatre et le c\u0153ur de l'\u00eatre c'est sa source cr\u00e9atrice. C'est \u00e9galement ce qu'on traduirait en anglais par core, le centre de toutes ses activit\u00e9s. Nous dirions en biologie que c'est le centre d'int\u00e9gration de l'\u00eatre, non pas le centre mat\u00e9riellement localisable bien entendu, mais physiologiquement, dynamiquement compr\u00e9hensible. Et d'autre part, l'esprit. Qu'est-ce que le mot esprit \u00e9voque pour un contemporain ? Quelque chose de tr\u00e8s vague aussi. On aspire \u00e0 d\u00e9finir l'esprit, on n'y parvient jamais.","og_url":"https:\/\/www.revue3emillenaire.com\/blog\/le-coeur-et-lintelligence-de-lhomme-instruments-de-son-destin-par-roger-godel\/","og_site_name":"3e mill\u00e9naire - Spiritualit\u00e9 - Connaissance de soi - Non-dualit\u00e9 - M\u00e9ditation","article_published_time":"2013-03-25T01:37:41+00:00","og_image":[{"width":55,"height":70,"url":"https:\/\/www.revue3emillenaire.com\/blog\/wp-content\/uploads\/2013\/03\/RGodel-55x70.jpg","type":"image\/jpeg"}],"author":"3e mill\u00e9naire","twitter_card":"summary_large_image","twitter_misc":{"\u00c9crit par":"3e mill\u00e9naire","Dur\u00e9e de lecture estim\u00e9e":"22 minutes"},"schema":{"@context":"https:\/\/schema.org","@graph":[{"@type":"Article","@id":"https:\/\/www.revue3emillenaire.com\/blog\/le-coeur-et-lintelligence-de-lhomme-instruments-de-son-destin-par-roger-godel\/#article","isPartOf":{"@id":"https:\/\/www.revue3emillenaire.com\/blog\/le-coeur-et-lintelligence-de-lhomme-instruments-de-son-destin-par-roger-godel\/"},"author":{"name":"3e mill\u00e9naire","@id":"https:\/\/www.revue3emillenaire.com\/blog\/#\/schema\/person\/9a3a7cc4ccaa707f402d4394327106d5"},"headline":"Le c\u0153ur et l&rsquo;intelligence de l&rsquo;homme, instruments de son destin par Roger Godel","datePublished":"2013-03-25T01:37:41+00:00","mainEntityOfPage":{"@id":"https:\/\/www.revue3emillenaire.com\/blog\/le-coeur-et-lintelligence-de-lhomme-instruments-de-son-destin-par-roger-godel\/"},"wordCount":4322,"image":{"@id":"https:\/\/www.revue3emillenaire.com\/blog\/le-coeur-et-lintelligence-de-lhomme-instruments-de-son-destin-par-roger-godel\/#primaryimage"},"thumbnailUrl":"https:\/\/www.revue3emillenaire.com\/blog\/wp-content\/uploads\/2013\/03\/RGodel-55x70.jpg","keywords":["\u00eatre","Science et spiritualit\u00e9"],"articleSection":["Godel Roger"],"inLanguage":"fr-FR"},{"@type":"WebPage","@id":"https:\/\/www.revue3emillenaire.com\/blog\/le-coeur-et-lintelligence-de-lhomme-instruments-de-son-destin-par-roger-godel\/","url":"https:\/\/www.revue3emillenaire.com\/blog\/le-coeur-et-lintelligence-de-lhomme-instruments-de-son-destin-par-roger-godel\/","name":"Le c\u0153ur et l'intelligence de l'homme, instruments de son destin par Roger Godel - 3e mill\u00e9naire - Spiritualit\u00e9 - Connaissance de soi - Non-dualit\u00e9 - M\u00e9ditation","isPartOf":{"@id":"https:\/\/www.revue3emillenaire.com\/blog\/#website"},"primaryImageOfPage":{"@id":"https:\/\/www.revue3emillenaire.com\/blog\/le-coeur-et-lintelligence-de-lhomme-instruments-de-son-destin-par-roger-godel\/#primaryimage"},"image":{"@id":"https:\/\/www.revue3emillenaire.com\/blog\/le-coeur-et-lintelligence-de-lhomme-instruments-de-son-destin-par-roger-godel\/#primaryimage"},"thumbnailUrl":"https:\/\/www.revue3emillenaire.com\/blog\/wp-content\/uploads\/2013\/03\/RGodel-55x70.jpg","datePublished":"2013-03-25T01:37:41+00:00","author":{"@id":"https:\/\/www.revue3emillenaire.com\/blog\/#\/schema\/person\/9a3a7cc4ccaa707f402d4394327106d5"},"breadcrumb":{"@id":"https:\/\/www.revue3emillenaire.com\/blog\/le-coeur-et-lintelligence-de-lhomme-instruments-de-son-destin-par-roger-godel\/#breadcrumb"},"inLanguage":"fr-FR","potentialAction":[{"@type":"ReadAction","target":["https:\/\/www.revue3emillenaire.com\/blog\/le-coeur-et-lintelligence-de-lhomme-instruments-de-son-destin-par-roger-godel\/"]}]},{"@type":"ImageObject","inLanguage":"fr-FR","@id":"https:\/\/www.revue3emillenaire.com\/blog\/le-coeur-et-lintelligence-de-lhomme-instruments-de-son-destin-par-roger-godel\/#primaryimage","url":"https:\/\/www.revue3emillenaire.com\/blog\/wp-content\/uploads\/2013\/03\/RGodel-55x70.jpg","contentUrl":"https:\/\/www.revue3emillenaire.com\/blog\/wp-content\/uploads\/2013\/03\/RGodel-55x70.jpg","width":"55","height":"70"},{"@type":"BreadcrumbList","@id":"https:\/\/www.revue3emillenaire.com\/blog\/le-coeur-et-lintelligence-de-lhomme-instruments-de-son-destin-par-roger-godel\/#breadcrumb","itemListElement":[{"@type":"ListItem","position":1,"name":"Accueil","item":"https:\/\/www.revue3emillenaire.com\/blog\/"},{"@type":"ListItem","position":2,"name":"Le c\u0153ur et l&rsquo;intelligence de l&rsquo;homme, instruments de son destin par Roger Godel"}]},{"@type":"WebSite","@id":"https:\/\/www.revue3emillenaire.com\/blog\/#website","url":"https:\/\/www.revue3emillenaire.com\/blog\/","name":"3e mill\u00e9naire - Spiritualit\u00e9 - Connaissance de soi - Non-dualit\u00e9 - M\u00e9ditation","description":"L&#039;Homme en devenir","potentialAction":[{"@type":"SearchAction","target":{"@type":"EntryPoint","urlTemplate":"https:\/\/www.revue3emillenaire.com\/blog\/?s={search_term_string}"},"query-input":{"@type":"PropertyValueSpecification","valueRequired":true,"valueName":"search_term_string"}}],"inLanguage":"fr-FR"},{"@type":"Person","@id":"https:\/\/www.revue3emillenaire.com\/blog\/#\/schema\/person\/9a3a7cc4ccaa707f402d4394327106d5","name":"3e mill\u00e9naire","url":"https:\/\/www.revue3emillenaire.com\/blog\/author\/admin\/"}]}},"_links":{"self":[{"href":"https:\/\/www.revue3emillenaire.com\/blog\/wp-json\/wp\/v2\/posts\/13305","targetHints":{"allow":["GET"]}}],"collection":[{"href":"https:\/\/www.revue3emillenaire.com\/blog\/wp-json\/wp\/v2\/posts"}],"about":[{"href":"https:\/\/www.revue3emillenaire.com\/blog\/wp-json\/wp\/v2\/types\/post"}],"author":[{"embeddable":true,"href":"https:\/\/www.revue3emillenaire.com\/blog\/wp-json\/wp\/v2\/users\/1"}],"replies":[{"embeddable":true,"href":"https:\/\/www.revue3emillenaire.com\/blog\/wp-json\/wp\/v2\/comments?post=13305"}],"version-history":[{"count":0,"href":"https:\/\/www.revue3emillenaire.com\/blog\/wp-json\/wp\/v2\/posts\/13305\/revisions"}],"wp:featuredmedia":[{"embeddable":true,"href":"https:\/\/www.revue3emillenaire.com\/blog\/wp-json\/wp\/v2\/media\/13310"}],"wp:attachment":[{"href":"https:\/\/www.revue3emillenaire.com\/blog\/wp-json\/wp\/v2\/media?parent=13305"}],"wp:term":[{"taxonomy":"category","embeddable":true,"href":"https:\/\/www.revue3emillenaire.com\/blog\/wp-json\/wp\/v2\/categories?post=13305"},{"taxonomy":"post_tag","embeddable":true,"href":"https:\/\/www.revue3emillenaire.com\/blog\/wp-json\/wp\/v2\/tags?post=13305"}],"curies":[{"name":"wp","href":"https:\/\/api.w.org\/{rel}","templated":true}]}}