{"id":13341,"date":"2013-03-30T13:45:34","date_gmt":"2013-03-30T12:45:34","guid":{"rendered":"http:\/\/www.revue3emillenaire.com\/blog\/?p=13341"},"modified":"2013-03-30T13:45:34","modified_gmt":"2013-03-30T12:45:34","slug":"connaissance-et-croyances-par-jean-gontier","status":"publish","type":"post","link":"https:\/\/www.revue3emillenaire.com\/blog\/connaissance-et-croyances-par-jean-gontier\/","title":{"rendered":"Connaissance et croyances par Jean Gontier"},"content":{"rendered":"<p style=\"text-align: justify;\"><span style=\"font-family: Times New Roman,serif;\">(Revue \u00catre. No 2. 1<\/span><sup><span style=\"font-family: Times New Roman,serif;\"><span style=\"font-size: small;\">\u00e8re<\/span><\/span><\/sup><span style=\"font-family: Times New Roman,serif;\"> ann\u00e9e. 1973)<\/span><\/p>\n<p style=\"text-align: justify;\" align=\"JUSTIFY\"><span style=\"font-family: Times New Roman,serif;\">Il existe en l&rsquo;homme un d\u00e9sir de conna\u00eetre l&rsquo;essence de toute chose et de trouver enfin l&rsquo;explication d\u00e9finitive des \u00eatres et de lui-m\u00eame. Son instrument de connaissance est son mental dont le si\u00e8ge r\u00e9side dans le n\u00e9ocortex orbito-frontal. Mais il n&rsquo;y a pas de pens\u00e9es, de connaissance, au sens habituel du terme, sans objet. En effet, l&rsquo;enfant nouveau-n\u00e9 n&rsquo;a pas d&rsquo;intellect faute d&rsquo;exp\u00e9riences sensibles et par l\u00e0 de souvenirs des objets. Si on \u00ab\u00a0<\/span><span style=\"font-family: Times New Roman,serif;\"><em>le laissait se d\u00e9velopper physiquement pendant plusieurs ann\u00e9es dans une privation sensorielle compl\u00e8te, un tel \u00eatre n&rsquo;aurait pas de fonction mentale. Son cerveau serait vide et d\u00e9pourvu d&rsquo;id\u00e9es, il n&rsquo;aurait pas de m\u00e9moire et serait incapable de comprendre son milieu<\/em><\/span><span style=\"font-family: Times New Roman,serif;\">\u00a0\u00bb (Docteur DELGADO, <\/span><span style=\"font-family: Times New Roman,serif;\"><em>Le Conditionnement du cerveau et la libert\u00e9 de l&rsquo;esprit<\/em><\/span><span style=\"font-family: Times New Roman,serif;\">, 1972). La pens\u00e9e associative, produit du n\u00e9ocortex, est une r\u00e9action \u00e9lectrochimique repr\u00e9sentative d&rsquo;une sensation qui mise en m\u00e9moire permet, par la suite, de reconna\u00eetre le ph\u00e9nom\u00e8ne qui l&rsquo;a initialement provoqu\u00e9e. Mais le cerveau ne per\u00e7oit pas les choses elles-m\u00eames. La repr\u00e9sentation qu&rsquo;il peut en avoir est fonction de la structure des neurones, de leur nombre et de leurs relations entre eux. En sorte qu&rsquo;on peut dire qu&rsquo;il n&rsquo;existe pas \u00ab\u00a0en soi\u00a0\u00bb de r\u00e9alit\u00e9 ext\u00e9rieure mais seulement des relations interneuroniques.<\/span><\/p>\n<p style=\"text-align: justify;\" align=\"JUSTIFY\"><span style=\"font-family: Times New Roman,serif;\">Ce mental, \u00e0 c\u00f4t\u00e9 de son aptitude \u00e0 recevoir, enregistrer et reconna\u00eetre les informations sensorielles, poss\u00e8de un pouvoir de g\u00e9n\u00e9ralisation. Une fois un certain nombre de r\u00e9actions similaires enregistr\u00e9es dans le cerveau, la pens\u00e9e r\u00e9unit dans un m\u00eame concept la partie commune aux diff\u00e9rents ph\u00e9nom\u00e8nes en n\u00e9gligeant les autres.<\/span><\/p>\n<p style=\"text-align: justify;\" align=\"JUSTIFY\"><span style=\"font-family: Times New Roman,serif;\">L&rsquo;appr\u00e9hension par la vision d&rsquo;une certaine forme donne naissance \u00e0 des images qui vont \u00eatre d\u00e9sign\u00e9es chacune par un mot : sapin, ch\u00eane, bouleau, par exemple. Mais le concept d&rsquo;arbre n&rsquo;a aucune existence en dehors du mental qui l&rsquo;a con\u00e7u. On ne peut voir, toucher, mesurer un arbre, mais seulement l&rsquo;\u00e9l\u00e9ment sensoriel, qui, avec d&rsquo;autres similaires, a donn\u00e9 naissance au concept d&rsquo;arbre. Enfin, de la m\u00eame mani\u00e8re, l&rsquo;intellect, \u00e0 partir des concepts issus des premiers ph\u00e9nom\u00e8nes sensoriels, en \u00e9labore d&rsquo;autres de plus en plus g\u00e9n\u00e9ralisateurs. Apr\u00e8s le concept d&rsquo;arbre, on passe \u00e0 celui de v\u00e9g\u00e9tal, \u00e0 c\u00f4t\u00e9 de ceux de min\u00e9ral, d&rsquo;animal, de liquide ou de gaz. A un niveau d&rsquo;abstraction encore plus grand, on arrive au concept d&rsquo;\u00eatre vivant, \u00e0 l&rsquo;oppos\u00e9 d&rsquo;\u00eatre inanim\u00e9 et en dernier lieu, de g\u00e9n\u00e9ralisation en g\u00e9n\u00e9ralisation, on parvient au concept d&rsquo;\u00e9l\u00e9ment universel qui suivant les temps et les civilisations aura un vocable diff\u00e9rent. En sens inverse, \u00e0 partir de cette source commune, on reconstruit logiquement tous les syst\u00e8mes m\u00e9taphysiques et cosmogoniques.<\/span><\/p>\n<p style=\"text-align: justify;\" align=\"JUSTIFY\"><span style=\"font-family: Times New Roman,serif;\">Cette d\u00e9marche de la pens\u00e9e tient au fonctionnement m\u00eame du cerveau humain. Parodiant le Tao To King on pourrait dire : le mental con\u00e7oit un, un con\u00e7oit deux, deux con\u00e7oit trois, trois con\u00e7oit tous les \u00eatres du monde. De plus, par suite de la confusion permanente des ph\u00e9nom\u00e8nes sensibles et des concepts intellectuels, nous croyons \u00e0 une r\u00e9alit\u00e9 ext\u00e9rieure, \u00ab\u00a0c&rsquo;est vrai, \u00e7a existe parce que je le pense\u00a0\u00bb. C&rsquo;est prendre ses pens\u00e9es pour la r\u00e9alit\u00e9 parce qu&rsquo;on croit \u00e0 la r\u00e9alit\u00e9 de ses pens\u00e9es. En fait, ceci rel\u00e8ve de la croyance, non de la certitude ou de la r\u00e9alit\u00e9.<\/span><\/p>\n<p style=\"text-align: justify;\" align=\"JUSTIFY\"><span style=\"font-family: Times New Roman,serif;\">Nous avons vu qu&rsquo;il n&rsquo;y a pas de concept inn\u00e9. Tout concept est fruit de l&rsquo;apprentissage, de l&rsquo;\u00e9ducation. On apprend \u00e0 l&rsquo;enfant le concept d&rsquo;arbre, d&rsquo;animal, etc. Pendant des mill\u00e9naires, \u00e0 moins de bouleversements amenant une civilisation \u00e0 en supprimer, absorber ou remplacer une autre, rien n&rsquo;est venu \u00e9branler les croyances. Il n&rsquo;en est plus de m\u00eame avec la connaissance scientifique \u00e0 partir du XVIe si\u00e8cle.<\/span><\/p>\n<p style=\"text-align: justify;\" align=\"JUSTIFY\"><span style=\"font-family: Times New Roman,serif;\">\u00c0<\/span><span style=\"font-family: Times New Roman,serif;\"> la diff\u00e9rence des syst\u00e8mes religieux et politiques qui proc\u00e8dent par affirmation et contrainte (ceci est la seule v\u00e9rit\u00e9 et qui n&rsquo;adh\u00e8re pas \u00e0 cette v\u00e9rit\u00e9 est contre elle), la d\u00e9marche scientifique, qui part des ph\u00e9nom\u00e8nes pour construire des mod\u00e8les intellectuels, \u00e0 leur tour soumis \u00e0 l&rsquo;exp\u00e9rience sensible, ne pose plus que des hypoth\u00e8ses, ces hypoth\u00e8ses n&rsquo;\u00e9tant que des structures logiques assurant provisoirement la poursuite de la recherche. Par science il faut entendre l&rsquo;exp\u00e9rimentation et l&rsquo;analyse des ph\u00e9nom\u00e8nes mesurables, reproductibles dans des conditions donn\u00e9es.<\/span><\/p>\n<p style=\"text-align: justify;\" align=\"JUSTIFY\"><span style=\"font-family: Times New Roman,serif;\">Si au XIXe si\u00e8cle on a pu concevoir une religion de la science au moyen de laquelle on allait tout expliquer, les th\u00e9ories scientifiques qui se sont effondr\u00e9es et s&rsquo;effondrent depuis cinquante ans, au fur et \u00e0 mesure que les moyens d&rsquo;investigation de l&rsquo;homme de science sont de plus en plus perfectionn\u00e9s, ne permettent plus d&rsquo;affirmer de v\u00e9rit\u00e9s absolues en ce domaine. Le concept de mati\u00e8re n&rsquo;a pas r\u00e9sist\u00e9 au d\u00e9veloppement de la physique atomique et nucl\u00e9aire. A c\u00f4t\u00e9 de la m\u00e9canique de la physique classique, il a fallu concevoir la m\u00e9canique quantique pour rendre compte des ph\u00e9nom\u00e8nes atomiques, laquelle \u00e0 son tour se trouve insuffisante pour traduire les ph\u00e9nom\u00e8nes nucl\u00e9aires.<\/span><\/p>\n<p style=\"text-align: justify;\" align=\"JUSTIFY\"><span style=\"font-family: Times New Roman,serif;\">Le v\u00e9ritable scientifique sait que certains concepts, moyens commodes pour d\u00e9signer certains ph\u00e9nom\u00e8nes, sont incapables d&rsquo;expliquer la nature causale des dits ph\u00e9nom\u00e8nes. Comme l&rsquo;\u00e9crit le biologiste Fran\u00e7ois Jacob dans <\/span><span style=\"font-family: Times New Roman,serif;\"><em>La Logique du Vivant<\/em><\/span><span style=\"font-family: Times New Roman,serif;\"> : \u00ab\u00a0<\/span><span style=\"font-family: Times New Roman,serif;\"><em>Depuis la connaissance de la thermodynamique, la valeur op\u00e9ratoire du concept de vie n&rsquo;a fait que se diluer et son pouvoir d&rsquo;abstraction que d\u00e9cliner. On n&rsquo;interroge plus la vie aujourd&rsquo;hui dans les laboratoires, on ne cherche plus \u00e0 en cerner les contours, on s&rsquo;efforce seulement d&rsquo;analyser des syst\u00e8mes vivants, leur structure, leur fonctionnement, leur histoire<\/em><\/span><span style=\"font-family: Times New Roman,serif;\">.\u00a0\u00bb Quel physicien s\u00e9rieux est capable de d\u00e9finir les concepts d&rsquo;\u00e9nergie, de champ gravitationnel ou magn\u00e9tique dont on constate les manifestations mesurables et reproductibles, mais dont la nature profonde \u00e9chappe ? Le mot ne peut plus masquer l&rsquo;ignorance, sauf \u00e0 \u00eatre reconnu comme tel, comme par le pass\u00e9 o\u00f9 le concept de phlogistique, puissance myst\u00e9rieuse, servait \u00e0 expliquer la combustion et o\u00f9 les humeurs peccantes masquaient l&rsquo;humeur p\u00e9dante des m\u00e9decins. De m\u00eame les derni\u00e8res d\u00e9couvertes de la neurobiologie et de la neuropsychiatrie commencent \u00e0 saper irr\u00e9m\u00e9diablement la <\/span><span style=\"font-family: Times New Roman,serif;\">scolastique<\/span><span style=\"font-family: Times New Roman,serif;\"> freudienne. Parce que tant d&rsquo;affirmations pr\u00e9sent\u00e9es comme des v\u00e9rit\u00e9s absolues se sont r\u00e9v\u00e9l\u00e9es fausses \u00e0 l&rsquo;exp\u00e9rience, on en vient \u00e0 mettre en doute toutes les croyances. Il semble que ce soit l\u00e0 la cause profonde de la d\u00e9saffection que connaissent actuellement les religions.<\/span><\/p>\n<p style=\"text-align: justify;\" align=\"JUSTIFY\"><span style=\"font-family: Times New Roman,serif;\">L&rsquo;homme est-il irr\u00e9m\u00e9diablement condamn\u00e9 \u00e0 ne jamais conna\u00eetre l&rsquo;Absolu, sous-jacent \u00e0 toute recherche ? Par le moyen de la repr\u00e9sentation mentale sans aucun doute !<\/span><\/p>\n<p style=\"text-align: justify;\" align=\"JUSTIFY\"><span style=\"font-family: Times New Roman,serif;\">Le mental est un syst\u00e8me fini. Les combinaisons possibles entre un nombre limit\u00e9 de neurones ne peuvent \u00eatre ind\u00e9finies. Or, le principe math\u00e9matique de non-contradiction montre que tout syst\u00e8me pour \u00eatre enti\u00e8rement d\u00e9fini, doit faire appel \u00e0 des notions appartenant \u00e0 un syst\u00e8me qui lui est sup\u00e9rieur. Ce n&rsquo;est pas possible pour le mental qui ne peut se d\u00e9passer lui-m\u00eame. De plus, nous avons vu que les perceptions sensorielles ne pouvaient rendre compte d&rsquo;une r\u00e9alit\u00e9 \u00ab\u00a0en soi\u00a0\u00bb ext\u00e9rieure et que les concepts n&rsquo;avaient pas de r\u00e9alit\u00e9 en dehors du syst\u00e8me qui les \u00e9laborait.<\/span><\/p>\n<p style=\"text-align: justify;\" align=\"JUSTIFY\"><span style=\"font-family: Times New Roman,serif;\">Pour reprendre la m\u00eame chose sous la forme de la th\u00e9orie math\u00e9matique des ensembles, nous disons que si l&rsquo;\u00e9l\u00e9ment d&rsquo;un ensemble appartient bien \u00e0 cet ensemble, en ce sens que toutes les qualit\u00e9s de l&rsquo;\u00e9l\u00e9ment se retrouvent aussi dans l&rsquo;ensemble tout entier, toutes les qualit\u00e9s de l&rsquo;ensemble, elles, d\u00e9passent infiniment celles de l&rsquo;\u00e9l\u00e9ment, en nombre et en puissance. En sorte que toute repr\u00e9sentation de l&rsquo;\u00e9l\u00e9ment pour rendre compte de l&rsquo;ensemble ne sera et ne pourra \u00eatre qu&rsquo;une caricature.. Et cependant parce que l&rsquo;\u00e9l\u00e9ment appartient \u00e0 l&rsquo;ensemble, l&rsquo;essence de l&rsquo;ensemble existe aussi dans l&rsquo;\u00e9l\u00e9ment. Il n&rsquo;y a pas de dualit\u00e9 entre l&rsquo;ensemble et l&rsquo;\u00e9l\u00e9ment. Il n&rsquo;y a pas un principe sup\u00e9rieur d&rsquo;un c\u00f4t\u00e9 et moi de l&rsquo;autre. Nous verrons ult\u00e9rieurement comment l&rsquo;homme en arrive \u00e0 se concevoir comme distinct, comme ego.<\/span><\/p>\n<p style=\"text-align: justify;\" align=\"JUSTIFY\"><span style=\"font-family: Times New Roman,serif;\">J&rsquo;appartiens en totalit\u00e9 \u00e0 ce qu&rsquo;en raison de l&rsquo;indigence du langage et du conceptuel je nomme l&rsquo;Ultime R\u00e9alit\u00e9, pour reprendre le vocable de Jean Klein. Je suis manifestation de cette Ultime R\u00e9alit\u00e9 au m\u00eame titre que toute autre manifestation et en m\u00eame temps je suis cette Ultime R\u00e9alit\u00e9 connue, non plus en mode de pens\u00e9e, de concept, mais en tant que \u00ab\u00a0v\u00e9cu\u00a0\u00bb.<\/span><\/p>\n<p style=\"text-align: justify;\" align=\"JUSTIFY\"><span style=\"font-family: Times New Roman,serif;\">Mais d\u00e9crire ou d\u00e9finir cette Ultime R\u00e9alit\u00e9, c&rsquo;est retomber dans les limites du mental, les concepts, les syst\u00e8mes et les croyances. La nommer est d\u00e9j\u00e0 faux. \u00ab\u00a0<\/span><span style=\"font-family: Times New Roman,serif;\"><em>Tout concept form\u00e9 par l&rsquo;entendement pour essayer d&rsquo;atteindre et de cerner la nature divine ne r\u00e9ussit qu&rsquo;\u00e0 fa\u00e7onner une idole de Dieu, non \u00e0 la faire conna\u00eetre<\/em><\/span><span style=\"font-family: Times New Roman,serif;\">\u00a0\u00bb <\/span><span style=\"font-family: Times New Roman,serif;\">[Gr\u00e9goire de Nysse, <\/span><span style=\"font-family: Times New Roman,serif;\"><em>Contemplation sur la vie de Moise<\/em><\/span><span style=\"font-family: Times New Roman,serif;\">, 377 B].<\/span><span style=\"font-family: Times New Roman,serif;\"> \u00ab\u00a0<\/span><span style=\"font-family: Times New Roman,serif;\"><em>Toutes ces conceptions des savants, telles que : <\/em><\/span><span style=\"font-family: Times New Roman,serif;\"><em>Il<\/em><\/span><span style=\"font-family: Times New Roman,serif;\"><em> est, Il n&rsquo;est pas, etc., qui s&rsquo;efforcent \u00e0 saisir l&rsquo;insaisissable ne sont qu&rsquo;un voile de la R\u00e9alit\u00e9<\/em><\/span><span style=\"font-family: Times New Roman,serif;\">\u00a0\u00bb <\/span><span style=\"font-family: Times New Roman,serif;\">[Shankar\u00e2ch\u00e2rya, <\/span><span style=\"font-family: Times New Roman,serif;\"><em>Commentaires sur la Mand\u00fbkya Upanishad<\/em><\/span><span style=\"font-family: Times New Roman,serif;\">, 4.83].<\/span><\/p>\n<p style=\"text-align: justify;\" align=\"JUSTIFY\"><span style=\"font-family: Times New Roman,serif;\">C&rsquo;est l&rsquo;Absolu v\u00e9cu, ici et maintenant en permanence, ce qu&rsquo;un ami de Freud d\u00e9signe comme \u00ab\u00a0<\/span><span style=\"font-family: Times New Roman,serif;\"><em>sensation d&rsquo;\u00e9ternit\u00e9, sentiment de quelque chose d&rsquo;illimit\u00e9, en un mot : d'\u00a0\u00bboc\u00e9anique<\/em><\/span><span style=\"font-family: Times New Roman,serif;\">\u00a0\u00bb <\/span><span style=\"font-family: Times New Roman,serif;\">[Freud, <\/span><span style=\"font-family: Times New Roman,serif;\"><em>Malaise dans la civilisation<\/em><\/span><span style=\"font-family: Times New Roman,serif;\"> (Rev. Fr. de Psychanalyse, 1.1970), p. 30]<\/span><span style=\"font-family: Times New Roman,serif;\">. Rien de comparable \u00e0 ces \u00e9tats provoqu\u00e9s par des moyens psychosomatiques ou chimiques, \u00e9tats transitoires desquels on sort pour se retrouver tel qu&rsquo;on \u00e9tait avant d&rsquo;y entrer, ne gardant qu&rsquo;un souvenir nostalgique d&rsquo;un paradis artificiel que l&rsquo;on cherche \u00e0 reprovoquer. <\/span><span style=\"font-family: Times New Roman,serif;\">Il<\/span><span style=\"font-family: Times New Roman,serif;\"> s&rsquo;agit d&rsquo;un retournement complet de l&rsquo;\u00eatre qui reconna\u00eet sa v\u00e9ritable nature. Exp\u00e9rience paradoxale s&rsquo;il en est. Au d\u00e9part, l&rsquo;ego veut acqu\u00e9rir, saisir pour lui cette connaissance ultime, s&rsquo;\u00e9puisant en vains efforts. C&rsquo;est seulement au terme d&rsquo;une enqu\u00eate, lorsque l&rsquo;ego reconna\u00eet l&rsquo;inutilit\u00e9 de ses tentatives et ne d\u00e9sire m\u00eame plus cette connaissance ultime, qu&rsquo;Elle est l\u00e0 avec la m\u00eame certitude absolue, certitude non conceptuelle, non mentale, que celle que tout homme a d&rsquo;exister.<\/span><\/p>\n","protected":false},"excerpt":{"rendered":"<p>L&rsquo;appr\u00e9hension par la vision d&rsquo;une certaine forme donne naissance \u00e0 des images qui vont \u00eatre d\u00e9sign\u00e9es chacune par un mot : sapin, ch\u00eane, bouleau, par exemple. Mais le concept d&rsquo;arbre n&rsquo;a aucune existence en dehors du mental qui l&rsquo;a con\u00e7u. On ne peut voir, toucher, mesurer un arbre, mais seulement l&rsquo;\u00e9l\u00e9ment sensoriel, qui, avec d&rsquo;autres similaires, a donn\u00e9 naissance au concept d&rsquo;arbre. Enfin, de la m\u00eame mani\u00e8re, l&rsquo;intellect, \u00e0 partir des concepts issus des premiers ph\u00e9nom\u00e8nes sensoriels, en \u00e9labore d&rsquo;autres de plus en plus g\u00e9n\u00e9ralisateurs. Apr\u00e8s le concept d&rsquo;arbre, on passe \u00e0 celui de v\u00e9g\u00e9tal, \u00e0 c\u00f4t\u00e9 de ceux de min\u00e9ral, d&rsquo;animal, de liquide ou de gaz. A un niveau d&rsquo;abstraction encore plus grand, on arrive au concept d&rsquo;\u00eatre vivant, \u00e0 l&rsquo;oppos\u00e9 d&rsquo;\u00eatre inanim\u00e9 et en dernier lieu, de g\u00e9n\u00e9ralisation en g\u00e9n\u00e9ralisation, on parvient au concept d&rsquo;\u00e9l\u00e9ment universel qui suivant les temps et les civilisations aura un vocable diff\u00e9rent. En sens inverse, \u00e0 partir de cette source commune, on reconstruit logiquement tous les syst\u00e8mes m\u00e9taphysiques et cosmogoniques.<\/p>\n","protected":false},"author":1,"featured_media":0,"comment_status":"closed","ping_status":"closed","sticky":false,"template":"","format":"standard","meta":{"footnotes":""},"categories":[1141],"tags":[8,9],"class_list":["post-13341","post","type-post","status-publish","format-standard","hentry","category-gontier-jean","tag-non-dualite","tag-science-et-spiritualite"],"yoast_head":"<!-- This site is optimized with the Yoast SEO plugin v27.0 - https:\/\/yoast.com\/product\/yoast-seo-wordpress\/ -->\n<title>Connaissance et croyances par Jean Gontier - 3e mill\u00e9naire - Spiritualit\u00e9 - Connaissance de soi - Non-dualit\u00e9 - M\u00e9ditation<\/title>\n<meta name=\"robots\" content=\"index, follow, max-snippet:-1, max-image-preview:large, max-video-preview:-1\" \/>\n<link rel=\"canonical\" href=\"https:\/\/www.revue3emillenaire.com\/blog\/connaissance-et-croyances-par-jean-gontier\/\" \/>\n<meta property=\"og:locale\" content=\"fr_FR\" \/>\n<meta property=\"og:type\" content=\"article\" \/>\n<meta property=\"og:title\" content=\"Connaissance et croyances par Jean Gontier - 3e mill\u00e9naire - Spiritualit\u00e9 - Connaissance de soi - Non-dualit\u00e9 - M\u00e9ditation\" \/>\n<meta property=\"og:description\" content=\"L&#039;appr\u00e9hension par la vision d&#039;une certaine forme donne naissance \u00e0 des images qui vont \u00eatre d\u00e9sign\u00e9es chacune par un mot : sapin, ch\u00eane, bouleau, par exemple. Mais le concept d&#039;arbre n&#039;a aucune existence en dehors du mental qui l&#039;a con\u00e7u. On ne peut voir, toucher, mesurer un arbre, mais seulement l&#039;\u00e9l\u00e9ment sensoriel, qui, avec d&#039;autres similaires, a donn\u00e9 naissance au concept d&#039;arbre. Enfin, de la m\u00eame mani\u00e8re, l&#039;intellect, \u00e0 partir des concepts issus des premiers ph\u00e9nom\u00e8nes sensoriels, en \u00e9labore d&#039;autres de plus en plus g\u00e9n\u00e9ralisateurs. Apr\u00e8s le concept d&#039;arbre, on passe \u00e0 celui de v\u00e9g\u00e9tal, \u00e0 c\u00f4t\u00e9 de ceux de min\u00e9ral, d&#039;animal, de liquide ou de gaz. A un niveau d&#039;abstraction encore plus grand, on arrive au concept d&#039;\u00eatre vivant, \u00e0 l&#039;oppos\u00e9 d&#039;\u00eatre inanim\u00e9 et en dernier lieu, de g\u00e9n\u00e9ralisation en g\u00e9n\u00e9ralisation, on parvient au concept d&#039;\u00e9l\u00e9ment universel qui suivant les temps et les civilisations aura un vocable diff\u00e9rent. En sens inverse, \u00e0 partir de cette source commune, on reconstruit logiquement tous les syst\u00e8mes m\u00e9taphysiques et cosmogoniques.\" \/>\n<meta property=\"og:url\" content=\"https:\/\/www.revue3emillenaire.com\/blog\/connaissance-et-croyances-par-jean-gontier\/\" \/>\n<meta property=\"og:site_name\" content=\"3e mill\u00e9naire - Spiritualit\u00e9 - Connaissance de soi - Non-dualit\u00e9 - M\u00e9ditation\" \/>\n<meta property=\"article:published_time\" content=\"2013-03-30T12:45:34+00:00\" \/>\n<meta name=\"author\" content=\"3e mill\u00e9naire\" \/>\n<meta name=\"twitter:card\" content=\"summary_large_image\" \/>\n<meta name=\"twitter:label1\" content=\"\u00c9crit par\" \/>\n\t<meta name=\"twitter:data1\" content=\"3e mill\u00e9naire\" \/>\n\t<meta name=\"twitter:label2\" content=\"Dur\u00e9e de lecture estim\u00e9e\" \/>\n\t<meta name=\"twitter:data2\" content=\"9 minutes\" \/>\n<script type=\"application\/ld+json\" class=\"yoast-schema-graph\">{\"@context\":\"https:\/\/schema.org\",\"@graph\":[{\"@type\":\"Article\",\"@id\":\"https:\/\/www.revue3emillenaire.com\/blog\/connaissance-et-croyances-par-jean-gontier\/#article\",\"isPartOf\":{\"@id\":\"https:\/\/www.revue3emillenaire.com\/blog\/connaissance-et-croyances-par-jean-gontier\/\"},\"author\":{\"name\":\"3e mill\u00e9naire\",\"@id\":\"https:\/\/www.revue3emillenaire.com\/blog\/#\/schema\/person\/9a3a7cc4ccaa707f402d4394327106d5\"},\"headline\":\"Connaissance et croyances par Jean Gontier\",\"datePublished\":\"2013-03-30T12:45:34+00:00\",\"mainEntityOfPage\":{\"@id\":\"https:\/\/www.revue3emillenaire.com\/blog\/connaissance-et-croyances-par-jean-gontier\/\"},\"wordCount\":1759,\"keywords\":[\"Non-dualit\u00e9\",\"Science et spiritualit\u00e9\"],\"articleSection\":[\"Gontier Jean\"],\"inLanguage\":\"fr-FR\"},{\"@type\":\"WebPage\",\"@id\":\"https:\/\/www.revue3emillenaire.com\/blog\/connaissance-et-croyances-par-jean-gontier\/\",\"url\":\"https:\/\/www.revue3emillenaire.com\/blog\/connaissance-et-croyances-par-jean-gontier\/\",\"name\":\"Connaissance et croyances par Jean Gontier - 3e mill\u00e9naire - Spiritualit\u00e9 - Connaissance de soi - Non-dualit\u00e9 - M\u00e9ditation\",\"isPartOf\":{\"@id\":\"https:\/\/www.revue3emillenaire.com\/blog\/#website\"},\"datePublished\":\"2013-03-30T12:45:34+00:00\",\"author\":{\"@id\":\"https:\/\/www.revue3emillenaire.com\/blog\/#\/schema\/person\/9a3a7cc4ccaa707f402d4394327106d5\"},\"breadcrumb\":{\"@id\":\"https:\/\/www.revue3emillenaire.com\/blog\/connaissance-et-croyances-par-jean-gontier\/#breadcrumb\"},\"inLanguage\":\"fr-FR\",\"potentialAction\":[{\"@type\":\"ReadAction\",\"target\":[\"https:\/\/www.revue3emillenaire.com\/blog\/connaissance-et-croyances-par-jean-gontier\/\"]}]},{\"@type\":\"BreadcrumbList\",\"@id\":\"https:\/\/www.revue3emillenaire.com\/blog\/connaissance-et-croyances-par-jean-gontier\/#breadcrumb\",\"itemListElement\":[{\"@type\":\"ListItem\",\"position\":1,\"name\":\"Accueil\",\"item\":\"https:\/\/www.revue3emillenaire.com\/blog\/\"},{\"@type\":\"ListItem\",\"position\":2,\"name\":\"Connaissance et croyances par Jean Gontier\"}]},{\"@type\":\"WebSite\",\"@id\":\"https:\/\/www.revue3emillenaire.com\/blog\/#website\",\"url\":\"https:\/\/www.revue3emillenaire.com\/blog\/\",\"name\":\"3e mill\u00e9naire - Spiritualit\u00e9 - Connaissance de soi - Non-dualit\u00e9 - M\u00e9ditation\",\"description\":\"L&#039;Homme en devenir\",\"potentialAction\":[{\"@type\":\"SearchAction\",\"target\":{\"@type\":\"EntryPoint\",\"urlTemplate\":\"https:\/\/www.revue3emillenaire.com\/blog\/?s={search_term_string}\"},\"query-input\":{\"@type\":\"PropertyValueSpecification\",\"valueRequired\":true,\"valueName\":\"search_term_string\"}}],\"inLanguage\":\"fr-FR\"},{\"@type\":\"Person\",\"@id\":\"https:\/\/www.revue3emillenaire.com\/blog\/#\/schema\/person\/9a3a7cc4ccaa707f402d4394327106d5\",\"name\":\"3e mill\u00e9naire\",\"url\":\"https:\/\/www.revue3emillenaire.com\/blog\/author\/admin\/\"}]}<\/script>\n<!-- \/ Yoast SEO plugin. -->","yoast_head_json":{"title":"Connaissance et croyances par Jean Gontier - 3e mill\u00e9naire - Spiritualit\u00e9 - Connaissance de soi - Non-dualit\u00e9 - M\u00e9ditation","robots":{"index":"index","follow":"follow","max-snippet":"max-snippet:-1","max-image-preview":"max-image-preview:large","max-video-preview":"max-video-preview:-1"},"canonical":"https:\/\/www.revue3emillenaire.com\/blog\/connaissance-et-croyances-par-jean-gontier\/","og_locale":"fr_FR","og_type":"article","og_title":"Connaissance et croyances par Jean Gontier - 3e mill\u00e9naire - Spiritualit\u00e9 - Connaissance de soi - Non-dualit\u00e9 - M\u00e9ditation","og_description":"L'appr\u00e9hension par la vision d'une certaine forme donne naissance \u00e0 des images qui vont \u00eatre d\u00e9sign\u00e9es chacune par un mot : sapin, ch\u00eane, bouleau, par exemple. Mais le concept d'arbre n'a aucune existence en dehors du mental qui l'a con\u00e7u. On ne peut voir, toucher, mesurer un arbre, mais seulement l'\u00e9l\u00e9ment sensoriel, qui, avec d'autres similaires, a donn\u00e9 naissance au concept d'arbre. Enfin, de la m\u00eame mani\u00e8re, l'intellect, \u00e0 partir des concepts issus des premiers ph\u00e9nom\u00e8nes sensoriels, en \u00e9labore d'autres de plus en plus g\u00e9n\u00e9ralisateurs. Apr\u00e8s le concept d'arbre, on passe \u00e0 celui de v\u00e9g\u00e9tal, \u00e0 c\u00f4t\u00e9 de ceux de min\u00e9ral, d'animal, de liquide ou de gaz. A un niveau d'abstraction encore plus grand, on arrive au concept d'\u00eatre vivant, \u00e0 l'oppos\u00e9 d'\u00eatre inanim\u00e9 et en dernier lieu, de g\u00e9n\u00e9ralisation en g\u00e9n\u00e9ralisation, on parvient au concept d'\u00e9l\u00e9ment universel qui suivant les temps et les civilisations aura un vocable diff\u00e9rent. En sens inverse, \u00e0 partir de cette source commune, on reconstruit logiquement tous les syst\u00e8mes m\u00e9taphysiques et cosmogoniques.","og_url":"https:\/\/www.revue3emillenaire.com\/blog\/connaissance-et-croyances-par-jean-gontier\/","og_site_name":"3e mill\u00e9naire - Spiritualit\u00e9 - Connaissance de soi - Non-dualit\u00e9 - M\u00e9ditation","article_published_time":"2013-03-30T12:45:34+00:00","author":"3e mill\u00e9naire","twitter_card":"summary_large_image","twitter_misc":{"\u00c9crit par":"3e mill\u00e9naire","Dur\u00e9e de lecture estim\u00e9e":"9 minutes"},"schema":{"@context":"https:\/\/schema.org","@graph":[{"@type":"Article","@id":"https:\/\/www.revue3emillenaire.com\/blog\/connaissance-et-croyances-par-jean-gontier\/#article","isPartOf":{"@id":"https:\/\/www.revue3emillenaire.com\/blog\/connaissance-et-croyances-par-jean-gontier\/"},"author":{"name":"3e mill\u00e9naire","@id":"https:\/\/www.revue3emillenaire.com\/blog\/#\/schema\/person\/9a3a7cc4ccaa707f402d4394327106d5"},"headline":"Connaissance et croyances par Jean Gontier","datePublished":"2013-03-30T12:45:34+00:00","mainEntityOfPage":{"@id":"https:\/\/www.revue3emillenaire.com\/blog\/connaissance-et-croyances-par-jean-gontier\/"},"wordCount":1759,"keywords":["Non-dualit\u00e9","Science et spiritualit\u00e9"],"articleSection":["Gontier Jean"],"inLanguage":"fr-FR"},{"@type":"WebPage","@id":"https:\/\/www.revue3emillenaire.com\/blog\/connaissance-et-croyances-par-jean-gontier\/","url":"https:\/\/www.revue3emillenaire.com\/blog\/connaissance-et-croyances-par-jean-gontier\/","name":"Connaissance et croyances par Jean Gontier - 3e mill\u00e9naire - Spiritualit\u00e9 - Connaissance de soi - Non-dualit\u00e9 - M\u00e9ditation","isPartOf":{"@id":"https:\/\/www.revue3emillenaire.com\/blog\/#website"},"datePublished":"2013-03-30T12:45:34+00:00","author":{"@id":"https:\/\/www.revue3emillenaire.com\/blog\/#\/schema\/person\/9a3a7cc4ccaa707f402d4394327106d5"},"breadcrumb":{"@id":"https:\/\/www.revue3emillenaire.com\/blog\/connaissance-et-croyances-par-jean-gontier\/#breadcrumb"},"inLanguage":"fr-FR","potentialAction":[{"@type":"ReadAction","target":["https:\/\/www.revue3emillenaire.com\/blog\/connaissance-et-croyances-par-jean-gontier\/"]}]},{"@type":"BreadcrumbList","@id":"https:\/\/www.revue3emillenaire.com\/blog\/connaissance-et-croyances-par-jean-gontier\/#breadcrumb","itemListElement":[{"@type":"ListItem","position":1,"name":"Accueil","item":"https:\/\/www.revue3emillenaire.com\/blog\/"},{"@type":"ListItem","position":2,"name":"Connaissance et croyances par Jean Gontier"}]},{"@type":"WebSite","@id":"https:\/\/www.revue3emillenaire.com\/blog\/#website","url":"https:\/\/www.revue3emillenaire.com\/blog\/","name":"3e mill\u00e9naire - Spiritualit\u00e9 - Connaissance de soi - Non-dualit\u00e9 - M\u00e9ditation","description":"L&#039;Homme en devenir","potentialAction":[{"@type":"SearchAction","target":{"@type":"EntryPoint","urlTemplate":"https:\/\/www.revue3emillenaire.com\/blog\/?s={search_term_string}"},"query-input":{"@type":"PropertyValueSpecification","valueRequired":true,"valueName":"search_term_string"}}],"inLanguage":"fr-FR"},{"@type":"Person","@id":"https:\/\/www.revue3emillenaire.com\/blog\/#\/schema\/person\/9a3a7cc4ccaa707f402d4394327106d5","name":"3e mill\u00e9naire","url":"https:\/\/www.revue3emillenaire.com\/blog\/author\/admin\/"}]}},"_links":{"self":[{"href":"https:\/\/www.revue3emillenaire.com\/blog\/wp-json\/wp\/v2\/posts\/13341","targetHints":{"allow":["GET"]}}],"collection":[{"href":"https:\/\/www.revue3emillenaire.com\/blog\/wp-json\/wp\/v2\/posts"}],"about":[{"href":"https:\/\/www.revue3emillenaire.com\/blog\/wp-json\/wp\/v2\/types\/post"}],"author":[{"embeddable":true,"href":"https:\/\/www.revue3emillenaire.com\/blog\/wp-json\/wp\/v2\/users\/1"}],"replies":[{"embeddable":true,"href":"https:\/\/www.revue3emillenaire.com\/blog\/wp-json\/wp\/v2\/comments?post=13341"}],"version-history":[{"count":0,"href":"https:\/\/www.revue3emillenaire.com\/blog\/wp-json\/wp\/v2\/posts\/13341\/revisions"}],"wp:attachment":[{"href":"https:\/\/www.revue3emillenaire.com\/blog\/wp-json\/wp\/v2\/media?parent=13341"}],"wp:term":[{"taxonomy":"category","embeddable":true,"href":"https:\/\/www.revue3emillenaire.com\/blog\/wp-json\/wp\/v2\/categories?post=13341"},{"taxonomy":"post_tag","embeddable":true,"href":"https:\/\/www.revue3emillenaire.com\/blog\/wp-json\/wp\/v2\/tags?post=13341"}],"curies":[{"name":"wp","href":"https:\/\/api.w.org\/{rel}","templated":true}]}}