{"id":13353,"date":"2013-04-06T03:35:42","date_gmt":"2013-04-06T02:35:42","guid":{"rendered":"http:\/\/www.revue3emillenaire.com\/blog\/?p=13353"},"modified":"2013-04-06T03:35:42","modified_gmt":"2013-04-06T02:35:42","slug":"etre-sans-qualification-par-jean-klein","status":"publish","type":"post","link":"https:\/\/www.revue3emillenaire.com\/blog\/etre-sans-qualification-par-jean-klein\/","title":{"rendered":"\u00catre sans qualification par Jean Klein"},"content":{"rendered":"<p style=\"text-align: justify;\">(Revue \u00catre. No 2. 1\u00e8re ann\u00e9e. 1973)<\/p>\n<p style=\"text-align: justify;\"><em>Le titre est de 3<sup>e<\/sup> Mill\u00e9naire<\/em><\/p>\n<p style=\"text-align: justify;\">Pour un esprit de faible discernement, le pronom \u00ab\u00a0je\u00a0\u00bb est toujours associ\u00e9 \u00e0 de nombreuses qualifications ; je suis assis, je marche, j&rsquo;\u00e9coute, je touche, je pense, je d\u00e9sire&#8230; et ce \u00ab\u00a0je\u00a0\u00bb est ainsi identifi\u00e9 \u00e0 notre organisme psychosomatique, ce \u00ab\u00a0je\u00a0\u00bb se prend pour une entit\u00e9 ind\u00e9pendante et o\u00f9 il se trouve, \u00e0 n&rsquo;importe quel niveau moral ou intellectuel, il est encha\u00een\u00e9, enlac\u00e9, entrav\u00e9. Du point de vue du \u00ab\u00a0je\u00a0\u00bb impersonnel, conscience unitive, il ne peut y avoir enlacement, ce \u00ab\u00a0je\u00a0\u00bb ne peut \u00eatre enlac\u00e9.<\/p>\n<p style=\"text-align: justify;\">La premi\u00e8re pens\u00e9e est celle du \u00ab\u00a0je\u00a0\u00bb. Elle est sans objet, et si nous dirigeons notre attention sur elle, elle se r\u00e9sorbe imm\u00e9diatement dans une lucidit\u00e9 silencieuse, ce qui signifie \u00eatre, sans qualification, absolument non-duelle. Ce je est ce que nous sommes. Il est supr\u00eame sujet et absolument non saisissable, il n&rsquo;est ni une image, ni un objet. La diff\u00e9rence entre le sujet supr\u00eame conscience et l&rsquo;objet est seulement apparente, elle est due \u00e0 la dualit\u00e9 : percipient-per\u00e7u. Ce que nous croyons \u00eatre, l&rsquo;extension dans un espace-temps, le monde, les objets ne sont rien d&rsquo;autre que des expressions, des prolongements de ce \u00ab\u00a0je\u00a0\u00bb ultime.<\/p>\n<p style=\"text-align: center;\" align=\"center\">***<\/p>\n<p style=\"text-align: justify;\"><strong>\u2014 Comment exp\u00e9rimenter le point de vue non duel ?<\/strong><\/p>\n<p style=\"text-align: justify;\">\u2014 Nous devons nous d\u00e9gager du sens commun, de notre conditionnement, de nos habitudes de penser, pour pouvoir concevoir les choses dans leur v\u00e9rit\u00e9. La perception directe, l&rsquo;appr\u00e9hension de ce que nous sommes se r\u00e9v\u00e8le quand il y a \u00e9limination de tout concept (objet) appel\u00e9 r\u00e9alit\u00e9, ph\u00e9nom\u00e8ne. Cette \u00e9limination n&rsquo;est pas le r\u00e9sultat d&rsquo;accumulations, d&rsquo;appropriations puisqu&rsquo;il n&rsquo;y a rien \u00e0 s&rsquo;approprier, rien \u00e0 atteindre, nous le sommes, nous ne pouvons, m\u00eame un instant, ne pas l&rsquo;\u00eatre. La pens\u00e9e appara\u00eet et dispara\u00eet d&rsquo;une mani\u00e8re discontinue, mais nous sommes un continuum.<\/p>\n<p style=\"text-align: center;\" align=\"center\">***<\/p>\n<p style=\"text-align: justify;\"><strong>\u2014 Vous nous dites que, dans la recherche scientifique, vous voulez toujours d\u00e9couvrir de nouvelles directions, des perspectives nouvelles, des formules math\u00e9matiques conceptuelles \u00e0 des degr\u00e9s plus abstraits, mais l&rsquo;origine est A, point de r\u00e9f\u00e9rence cependant o\u00f9 toutes les directions prennent leur d\u00e9part et c&rsquo;est A qui est le foyer d&rsquo;exp\u00e9riences. Toutes les directions nous en \u00e9loignent forc\u00e9ment, ce chercheur est le cherch\u00e9. L&rsquo;exp\u00e9rience v\u00e9cue ne peut jamais \u00eatre un concept, ni un objet, ni affectivit\u00e9, ni vue intellectuelle, elle est lucidit\u00e9 silencieuse du maintenant.<\/strong><\/p>\n<p style=\"text-align: justify;\">\u2014 Tant que nous nous consid\u00e9rons comme un acteur, un penseur, quoi que nous fassions ou pensions, c&rsquo;est toujours un moi (le soi objectiv\u00e9) qui agit, qui pense. La manipulation de notre conditionnement est enferm\u00e9e dans un cercle vicieux.<\/p>\n<p style=\"text-align: center;\" align=\"center\">***<\/p>\n<p style=\"text-align: justify;\"><strong>\u2014 Comment \u00e9liminer la peur, l&rsquo;anxi\u00e9t\u00e9 ?<\/strong><\/p>\n<p style=\"text-align: justify;\">\u2014 La peur, l&rsquo;anxi\u00e9t\u00e9, l&rsquo;affectivit\u00e9 sont des manifestations d&rsquo;un moi objectiv\u00e9, d&rsquo;un soi personnalis\u00e9. Ce dernier se consid\u00e8re libre dans son action, sa volition et est soumis dans ses actes \u00e0 la loi des compl\u00e9mentaires, des oppos\u00e9s (des contraires) : amour-haine, rouge-vert, etc., et l&rsquo;acteur est oblig\u00e9 de recueillir les fruits de son action.<\/p>\n<p style=\"text-align: justify;\">Si nous nous pla\u00e7ons tr\u00e8s souvent dans le soi impersonnel, nous ne retrouverons plus ces anciens sch\u00e9mas : \u00ab\u00a0je suis l&rsquo;acteur, le penseur\u00a0\u00bb et, de ce point de vue, celui du soi impersonnel, il ne peut y avoir affectivit\u00e9, peur, anxi\u00e9t\u00e9.<\/p>\n<p style=\"text-align: center;\" align=\"center\">***<\/p>\n<p style=\"text-align: justify;\">\u2014 Dans l&rsquo;exp\u00e9rience du soi, l&rsquo;ultime accomplissement se produit. Du point de vue du soi, conscience intuitive, il n&rsquo;y a pas de diff\u00e9rence entre le \u00ab\u00a0je suis\u00a0\u00bb, l&rsquo;entourage et le monde. Le soi est l&rsquo;autre. Le soi est au singulier, il n&rsquo;y a pas plusieurs soi. L&rsquo;homme identifi\u00e9, le sujet-objet, se place comme un objet pour le sujet-soi, il est compl\u00e8tement distanci\u00e9 des objets, il est de moins en moins complice des anciens moules. Le tic de la personnification de son image se vide. C&rsquo;est par la suite, par un \u00e9tablissement d\u00e9finitif, que le sujet et l&rsquo;objet se vident de leur s\u00e9parativit\u00e9. La dissolution des oppos\u00e9s, des compl\u00e9mentaires se fait, il n&rsquo;y a que le soi.<\/p>\n<p style=\"text-align: justify;\"><strong>\u2014 Pouvons-nous jamais transcender le triple temps ?<\/strong><\/p>\n<p style=\"text-align: justify;\">\u2014 Du point de vue du moi-m\u00eame, sujet-objet, nous ne pouvons pas conna\u00eetre le pr\u00e9sent, quand nous le consid\u00e9rons il est d\u00e9j\u00e0 le pass\u00e9, ou un pass\u00e9 futur suppos\u00e9. Du point de vue du sujet-soi, il ne peut y avoir de pass\u00e9 et de futur, le sujet-soi ne connaissant ni le temps ni l&rsquo;espace. C&rsquo;est une pr\u00e9sence \u00e9ternelle, non conceptuelle, \u00ab\u00a0\u00eatre\u00a0\u00bb v\u00e9cu.<\/p>\n<p style=\"text-align: justify;\">Comme il n&rsquo;y a plus de moi projet\u00e9, plus un penseur, un acteur, la pens\u00e9e devient spontan\u00e9e, directe, non conditionn\u00e9e. L&rsquo;acte est spontan\u00e9, non volitif, il n&rsquo;est pas engendr\u00e9 par les r\u00e9sidus du pass\u00e9, il n&rsquo;est pas une r\u00e9action. Il ne laisse pas lui-m\u00eame de r\u00e9sidus. Toutes les habitudes de r\u00e9capitulation et de strat\u00e9gie nous quittent sans que nous les quittions. La lucidit\u00e9 silencieuse est sans intention, but ou r\u00e9sultat.<\/p>\n<p style=\"text-align: center;\" align=\"center\">***<\/p>\n<p style=\"text-align: justify;\">\u2014 Si nous vivons du point de vue du soi, il n&rsquo;y a pas de conflit. Le conflit surgit quand nous occupons un moi, une entit\u00e9 ind\u00e9pendante, ce qui est d\u00e9j\u00e0 un conflit. Cesser de penser devrait \u00eatre cesser de penser comme un moi-m\u00eame, une personnalit\u00e9. Vivre int\u00e9gralement signifierait vivre d&rsquo;une fa\u00e7on impersonnelle, sans r\u00e9sultat, sans moins ni plus.<\/p>\n<p style=\"text-align: center;\" align=\"center\">***<\/p>\n<p style=\"text-align: justify;\">\u2014 L&rsquo;encha\u00eenement \u00e9prouv\u00e9 est seulement apparent. Si l&rsquo;on se demande du point de vue du soi qui est encha\u00een\u00e9, le qui est inexistant, c&rsquo;est un concept, une id\u00e9e, une image, nul n&rsquo;est encha\u00een\u00e9 ni \u00e0 lib\u00e9rer.<\/p>\n<p style=\"text-align: center;\" align=\"center\">***<\/p>\n<p style=\"text-align: justify;\">\u2014 Adopter des disciplines, des techniques se fait uniquement en vue d&rsquo;une extension, d&rsquo;une dilatation du moi pour se fabriquer une personnalit\u00e9, pour se distinguer de son entourage et entrer en comp\u00e9tition. Je ne pourrai jamais trouver ce que je suis, sujet-soi, au moyen d&rsquo;une objectivation de moi-m\u00eame, en faisant du soi un objet.<\/p>\n<p style=\"text-align: justify;\">Pour que cette habitude de la projection nous quitte, laissons vivre cette image illusoire \u00e0 laquelle nous sommes identifi\u00e9s. Nous avons besoin de le voir tr\u00e8s clairement, sur le vif. Tr\u00e8s clairement veut dire sans la moindre fuite ou justification, sans vouloir changer ni d\u00e9faire. Il faut l&rsquo;avoir pleinement accept\u00e9, s&rsquo;accepter. Si nous voyons ce m\u00e9canisme ainsi, en cours de route, aussi souvent que cela s&rsquo;impose \u00e0 nous, t\u00f4t ou tard cette image devient une forme vide, jusqu&rsquo;\u00e0 sa disparition d\u00e9finitive. Le sujet-objet image se r\u00e9sorbera dans je sujet-soi. Cette d\u00e9personnalisation nous am\u00e8ne spontan\u00e9ment \u00e0 \u00eatre ce que nous sommes.<\/p>\n<p style=\"text-align: center;\" align=\"center\">***<\/p>\n<p style=\"text-align: justify;\">\u2014 L&rsquo;ultime percipient est toujours intemporel : comment pourrait-il autrement observer ce qui est changement. Si vous \u00eates dans un train en marche, vous ne pouvez pas constater qu&rsquo;il est en marche, vous le pouvez seulement si vous vous placez \u00e0 l&rsquo;ext\u00e9rieur. Nous sommes l&rsquo;intemporalit\u00e9, seul ce que notre corps, nos sens, notre psychisme nous communiquent est temporel.<\/p>\n<p style=\"text-align: justify;\"><strong>\u2014 Que faire ?<\/strong><\/p>\n<p style=\"text-align: justify;\">\u2014 Comprendre sur le vif qu&rsquo;il n&rsquo;y a rien \u00e0 faire. La d\u00e9couverte de notre v\u00e9ritable nature ne d\u00e9pend pas d&rsquo;une action, elle n&rsquo;est pas une chose parmi d&rsquo;autres. Aussi longtemps qu&rsquo;il y a encore un moi qui agit, il n&rsquo;y a aucune diff\u00e9rence si vous agissez ou si vous n&rsquo;agissez pas, \u00e9tant donn\u00e9 que dans l&rsquo;un ou l&rsquo;autre cas c&rsquo;est toujours vous qui le faites, un moi.<\/p>\n<p style=\"text-align: center;\" align=\"center\">***<\/p>\n<p style=\"text-align: justify;\">\u2014 Les objets du monde, notre environnement, ne sont rien d&rsquo;autre que notre mental, notre organisme psychosomatique. Nous nous croyons une entit\u00e9 ind\u00e9pendante et nous sommes li\u00e9s, encha\u00een\u00e9s aux objets du monde et de notre environnement. C&rsquo;est \u00e0 ce carrefour que nous \u00e9prouvons r\u00e9pulsion-attraction, antipathie-sympathie. Ne cherchez donc pas \u00e0 vous distancer du monde, mais plut\u00f4t de cette entit\u00e9 fantomatique, le moi. Vous serez spontan\u00e9ment ainsi d\u00e9coll\u00e9s du monde et de votre environnement, vous vous \u00e9veillerez dans votre v\u00e9ritable soi.<\/p>\n<p style=\"text-align: center;\" align=\"center\">***<\/p>\n<p style=\"text-align: justify;\">\u2014 Le monde appara\u00eet toujours selon le point d&rsquo;observation que nous prenons. Du point de vue de la personnalit\u00e9, celui du conflit, il ne peut appara\u00eetre que comme un chaos. C&rsquo;est notre propre chaos que nous lui surimposons. Nous retrouvons toujours dans la vision du monde les m\u00eames anciens rouages, clich\u00e9s que nous avons d\u00e9j\u00e0 connus maintes fois. Du point de vue du soi impersonnel, il ne peut y avoir de conflit ; \u00e0 chaque instant, nous nous retrouvons sur un terrain neuf, in\u00e9dit.<\/p>\n<p style=\"text-align: center;\" align=\"center\">***<\/p>\n<p style=\"text-align: justify;\">\u2014 Les compl\u00e9mentaires, les oppos\u00e9s n&rsquo;ont aucune ind\u00e9pendance. Un concept se r\u00e9f\u00e8re toujours \u00e0 son oppos\u00e9 : l&rsquo;amour\/la haine, le bien\/ le mal, le chaud\/le froid. Ils ne peuvent jamais \u00eatre isol\u00e9s. C&rsquo;est par leur n\u00e9gation simultan\u00e9e qu&rsquo;ils se r\u00e9sorbent dans le soi v\u00e9ritable, non duel, intemporel. L&rsquo;intemporel est une exp\u00e9rience v\u00e9cue, non communicable par la parole car elle est strictement sans objet. C&rsquo;est la perception directe du soi qui nous lib\u00e9rera des oppos\u00e9s.<\/p>\n<p style=\"text-align: center;\" align=\"center\">***<\/p>\n<p style=\"text-align: justify;\">\u2014 L&rsquo;investigation se fait sur le vif, absolument non intentionnelle, sans anticipation. Avec, comme instrument, une \u00e9coute non pr\u00e9hensive, d\u00e9sint\u00e9ress\u00e9e, sans projection d&rsquo;un r\u00e9sultat. Elle d\u00e9clenche un processus d&rsquo;\u00e9limination spontan\u00e9e, ind\u00e9pendamment de notre intervention et pr\u00e9pare en quelque sorte le terrain pour une perception simultan\u00e9e, instantan\u00e9e de la v\u00e9rit\u00e9. Notre v\u00e9ritable nature.<\/p>\n<p style=\"text-align: center;\" align=\"center\">***<\/p>\n<p style=\"text-align: justify;\">\u2014 La projection d&rsquo;une entit\u00e9, d&rsquo;une image, entrave la d\u00e9couverte de notre propre nature. La compr\u00e9hension relative par raisonnement ne peut nous conduire \u00e0 cette certitude. C&rsquo;est la pr\u00e9hension d&rsquo;une mani\u00e8re simultan\u00e9e, instantan\u00e9e, totale qui entra\u00eene la r\u00e9sorption de cette pseudo-entit\u00e9 dans l&rsquo;ultime connaisseur, notre terrain propre, ce que nous sommes.<\/p>\n<p style=\"text-align: justify;\">Bien entendu, tout cela se passe plus vite que la caresse d&rsquo;un rayon de soleil qui fait scintiller une goutte d&rsquo;eau sur une feuille. Dans une parfaite non-temporalit\u00e9 o\u00f9 il y a, \u00e0 la fois, absence de la pr\u00e9sence d&rsquo;une pens\u00e9e (objet) et absence de l&rsquo;absence.<\/p>\n<p style=\"text-align: justify;\">Le discernement dans son sens le plus g\u00e9n\u00e9ral est une d\u00e9marche qui fonctionne d&rsquo;une mani\u00e8re lin\u00e9aire, par fraction, par s\u00e9rie, qui n&rsquo;est pas \u00e0 confondre avec une exp\u00e9rience intemporelle, non horizontale. L&rsquo;absence d&rsquo;un moi-m\u00eame est une pr\u00e9sence totale et une \u00e9coute totale. \u00catre est impensable, non objectifiable, mais seul Etre est v\u00e9ritablement conna\u00eetre.<\/p>\n","protected":false},"excerpt":{"rendered":"<p>La premi\u00e8re pens\u00e9e est celle du \u00ab\u00a0je\u00a0\u00bb. Elle est sans objet, et si nous dirigeons notre attention sur elle, elle se r\u00e9sorbe imm\u00e9diatement dans une lucidit\u00e9 silencieuse, ce qui signifie \u00eatre, sans qualification, absolument non-duelle. Ce je est ce que nous sommes. Il est supr\u00eame sujet et absolument non saisissable, il n&rsquo;est ni une image, ni un objet. La diff\u00e9rence entre le sujet supr\u00eame conscience et l&rsquo;objet est seulement apparente, elle est due \u00e0 la dualit\u00e9 : percipient-per\u00e7u. Ce que nous croyons \u00eatre, l&rsquo;extension dans un espace-temps, le monde, les objets ne sont rien d&rsquo;autre que des expressions, des prolongements de ce \u00ab\u00a0je\u00a0\u00bb ultime.<\/p>\n","protected":false},"author":1,"featured_media":12583,"comment_status":"closed","ping_status":"closed","sticky":false,"template":"","format":"standard","meta":{"footnotes":""},"categories":[5,231],"tags":[8],"class_list":["post-13353","post","type-post","status-publish","format-standard","has-post-thumbnail","hentry","category-interview","category-j-klein","tag-non-dualite"],"yoast_head":"<!-- This site is optimized with the Yoast SEO plugin v27.0 - https:\/\/yoast.com\/product\/yoast-seo-wordpress\/ -->\n<title>\u00catre sans qualification par Jean Klein - 3e mill\u00e9naire - Spiritualit\u00e9 - Connaissance de soi - Non-dualit\u00e9 - M\u00e9ditation<\/title>\n<meta name=\"robots\" content=\"index, follow, max-snippet:-1, max-image-preview:large, max-video-preview:-1\" \/>\n<link rel=\"canonical\" href=\"https:\/\/www.revue3emillenaire.com\/blog\/etre-sans-qualification-par-jean-klein\/\" \/>\n<meta property=\"og:locale\" content=\"fr_FR\" \/>\n<meta property=\"og:type\" content=\"article\" \/>\n<meta property=\"og:title\" content=\"\u00catre sans qualification par Jean Klein - 3e mill\u00e9naire - Spiritualit\u00e9 - Connaissance de soi - Non-dualit\u00e9 - M\u00e9ditation\" \/>\n<meta property=\"og:description\" content=\"La premi\u00e8re pens\u00e9e est celle du &quot;je&quot;. Elle est sans objet, et si nous dirigeons notre attention sur elle, elle se r\u00e9sorbe imm\u00e9diatement dans une lucidit\u00e9 silencieuse, ce qui signifie \u00eatre, sans qualification, absolument non-duelle. Ce je est ce que nous sommes. Il est supr\u00eame sujet et absolument non saisissable, il n&#039;est ni une image, ni un objet. La diff\u00e9rence entre le sujet supr\u00eame conscience et l&#039;objet est seulement apparente, elle est due \u00e0 la dualit\u00e9 : percipient-per\u00e7u. Ce que nous croyons \u00eatre, l&#039;extension dans un espace-temps, le monde, les objets ne sont rien d&#039;autre que des expressions, des prolongements de ce &quot;je&quot; ultime.\" \/>\n<meta property=\"og:url\" content=\"https:\/\/www.revue3emillenaire.com\/blog\/etre-sans-qualification-par-jean-klein\/\" \/>\n<meta property=\"og:site_name\" content=\"3e mill\u00e9naire - Spiritualit\u00e9 - Connaissance de soi - Non-dualit\u00e9 - M\u00e9ditation\" \/>\n<meta property=\"article:published_time\" content=\"2013-04-06T02:35:42+00:00\" \/>\n<meta property=\"og:image\" content=\"https:\/\/www.revue3emillenaire.com\/blog\/wp-content\/uploads\/2012\/12\/jklein4.jpg\" \/>\n\t<meta property=\"og:image:width\" content=\"334\" \/>\n\t<meta property=\"og:image:height\" content=\"392\" \/>\n\t<meta property=\"og:image:type\" content=\"image\/jpeg\" \/>\n<meta name=\"author\" content=\"3e mill\u00e9naire\" \/>\n<meta name=\"twitter:card\" content=\"summary_large_image\" \/>\n<meta name=\"twitter:label1\" content=\"\u00c9crit par\" \/>\n\t<meta name=\"twitter:data1\" content=\"3e mill\u00e9naire\" \/>\n\t<meta name=\"twitter:label2\" content=\"Dur\u00e9e de lecture estim\u00e9e\" \/>\n\t<meta name=\"twitter:data2\" content=\"9 minutes\" \/>\n<script type=\"application\/ld+json\" class=\"yoast-schema-graph\">{\"@context\":\"https:\/\/schema.org\",\"@graph\":[{\"@type\":\"Article\",\"@id\":\"https:\/\/www.revue3emillenaire.com\/blog\/etre-sans-qualification-par-jean-klein\/#article\",\"isPartOf\":{\"@id\":\"https:\/\/www.revue3emillenaire.com\/blog\/etre-sans-qualification-par-jean-klein\/\"},\"author\":{\"name\":\"3e mill\u00e9naire\",\"@id\":\"https:\/\/www.revue3emillenaire.com\/blog\/#\/schema\/person\/9a3a7cc4ccaa707f402d4394327106d5\"},\"headline\":\"\u00catre sans qualification par Jean Klein\",\"datePublished\":\"2013-04-06T02:35:42+00:00\",\"mainEntityOfPage\":{\"@id\":\"https:\/\/www.revue3emillenaire.com\/blog\/etre-sans-qualification-par-jean-klein\/\"},\"wordCount\":1725,\"image\":{\"@id\":\"https:\/\/www.revue3emillenaire.com\/blog\/etre-sans-qualification-par-jean-klein\/#primaryimage\"},\"thumbnailUrl\":\"https:\/\/www.revue3emillenaire.com\/blog\/wp-content\/uploads\/2012\/12\/jklein4.jpg\",\"keywords\":[\"Non-dualit\u00e9\"],\"articleSection\":[\"Entretien\/Interview\",\"Klein Jean\"],\"inLanguage\":\"fr-FR\"},{\"@type\":\"WebPage\",\"@id\":\"https:\/\/www.revue3emillenaire.com\/blog\/etre-sans-qualification-par-jean-klein\/\",\"url\":\"https:\/\/www.revue3emillenaire.com\/blog\/etre-sans-qualification-par-jean-klein\/\",\"name\":\"\u00catre sans qualification par Jean Klein - 3e mill\u00e9naire - Spiritualit\u00e9 - Connaissance de soi - Non-dualit\u00e9 - M\u00e9ditation\",\"isPartOf\":{\"@id\":\"https:\/\/www.revue3emillenaire.com\/blog\/#website\"},\"primaryImageOfPage\":{\"@id\":\"https:\/\/www.revue3emillenaire.com\/blog\/etre-sans-qualification-par-jean-klein\/#primaryimage\"},\"image\":{\"@id\":\"https:\/\/www.revue3emillenaire.com\/blog\/etre-sans-qualification-par-jean-klein\/#primaryimage\"},\"thumbnailUrl\":\"https:\/\/www.revue3emillenaire.com\/blog\/wp-content\/uploads\/2012\/12\/jklein4.jpg\",\"datePublished\":\"2013-04-06T02:35:42+00:00\",\"author\":{\"@id\":\"https:\/\/www.revue3emillenaire.com\/blog\/#\/schema\/person\/9a3a7cc4ccaa707f402d4394327106d5\"},\"breadcrumb\":{\"@id\":\"https:\/\/www.revue3emillenaire.com\/blog\/etre-sans-qualification-par-jean-klein\/#breadcrumb\"},\"inLanguage\":\"fr-FR\",\"potentialAction\":[{\"@type\":\"ReadAction\",\"target\":[\"https:\/\/www.revue3emillenaire.com\/blog\/etre-sans-qualification-par-jean-klein\/\"]}]},{\"@type\":\"ImageObject\",\"inLanguage\":\"fr-FR\",\"@id\":\"https:\/\/www.revue3emillenaire.com\/blog\/etre-sans-qualification-par-jean-klein\/#primaryimage\",\"url\":\"https:\/\/www.revue3emillenaire.com\/blog\/wp-content\/uploads\/2012\/12\/jklein4.jpg\",\"contentUrl\":\"https:\/\/www.revue3emillenaire.com\/blog\/wp-content\/uploads\/2012\/12\/jklein4.jpg\",\"width\":\"334\",\"height\":\"392\"},{\"@type\":\"BreadcrumbList\",\"@id\":\"https:\/\/www.revue3emillenaire.com\/blog\/etre-sans-qualification-par-jean-klein\/#breadcrumb\",\"itemListElement\":[{\"@type\":\"ListItem\",\"position\":1,\"name\":\"Accueil\",\"item\":\"https:\/\/www.revue3emillenaire.com\/blog\/\"},{\"@type\":\"ListItem\",\"position\":2,\"name\":\"\u00catre sans qualification par Jean Klein\"}]},{\"@type\":\"WebSite\",\"@id\":\"https:\/\/www.revue3emillenaire.com\/blog\/#website\",\"url\":\"https:\/\/www.revue3emillenaire.com\/blog\/\",\"name\":\"3e mill\u00e9naire - Spiritualit\u00e9 - Connaissance de soi - Non-dualit\u00e9 - M\u00e9ditation\",\"description\":\"L&#039;Homme en devenir\",\"potentialAction\":[{\"@type\":\"SearchAction\",\"target\":{\"@type\":\"EntryPoint\",\"urlTemplate\":\"https:\/\/www.revue3emillenaire.com\/blog\/?s={search_term_string}\"},\"query-input\":{\"@type\":\"PropertyValueSpecification\",\"valueRequired\":true,\"valueName\":\"search_term_string\"}}],\"inLanguage\":\"fr-FR\"},{\"@type\":\"Person\",\"@id\":\"https:\/\/www.revue3emillenaire.com\/blog\/#\/schema\/person\/9a3a7cc4ccaa707f402d4394327106d5\",\"name\":\"3e mill\u00e9naire\",\"url\":\"https:\/\/www.revue3emillenaire.com\/blog\/author\/admin\/\"}]}<\/script>\n<!-- \/ Yoast SEO plugin. -->","yoast_head_json":{"title":"\u00catre sans qualification par Jean Klein - 3e mill\u00e9naire - Spiritualit\u00e9 - Connaissance de soi - Non-dualit\u00e9 - M\u00e9ditation","robots":{"index":"index","follow":"follow","max-snippet":"max-snippet:-1","max-image-preview":"max-image-preview:large","max-video-preview":"max-video-preview:-1"},"canonical":"https:\/\/www.revue3emillenaire.com\/blog\/etre-sans-qualification-par-jean-klein\/","og_locale":"fr_FR","og_type":"article","og_title":"\u00catre sans qualification par Jean Klein - 3e mill\u00e9naire - Spiritualit\u00e9 - Connaissance de soi - Non-dualit\u00e9 - M\u00e9ditation","og_description":"La premi\u00e8re pens\u00e9e est celle du \"je\". Elle est sans objet, et si nous dirigeons notre attention sur elle, elle se r\u00e9sorbe imm\u00e9diatement dans une lucidit\u00e9 silencieuse, ce qui signifie \u00eatre, sans qualification, absolument non-duelle. Ce je est ce que nous sommes. Il est supr\u00eame sujet et absolument non saisissable, il n'est ni une image, ni un objet. La diff\u00e9rence entre le sujet supr\u00eame conscience et l'objet est seulement apparente, elle est due \u00e0 la dualit\u00e9 : percipient-per\u00e7u. Ce que nous croyons \u00eatre, l'extension dans un espace-temps, le monde, les objets ne sont rien d'autre que des expressions, des prolongements de ce \"je\" ultime.","og_url":"https:\/\/www.revue3emillenaire.com\/blog\/etre-sans-qualification-par-jean-klein\/","og_site_name":"3e mill\u00e9naire - Spiritualit\u00e9 - Connaissance de soi - Non-dualit\u00e9 - M\u00e9ditation","article_published_time":"2013-04-06T02:35:42+00:00","og_image":[{"width":334,"height":392,"url":"https:\/\/www.revue3emillenaire.com\/blog\/wp-content\/uploads\/2012\/12\/jklein4.jpg","type":"image\/jpeg"}],"author":"3e mill\u00e9naire","twitter_card":"summary_large_image","twitter_misc":{"\u00c9crit par":"3e mill\u00e9naire","Dur\u00e9e de lecture estim\u00e9e":"9 minutes"},"schema":{"@context":"https:\/\/schema.org","@graph":[{"@type":"Article","@id":"https:\/\/www.revue3emillenaire.com\/blog\/etre-sans-qualification-par-jean-klein\/#article","isPartOf":{"@id":"https:\/\/www.revue3emillenaire.com\/blog\/etre-sans-qualification-par-jean-klein\/"},"author":{"name":"3e mill\u00e9naire","@id":"https:\/\/www.revue3emillenaire.com\/blog\/#\/schema\/person\/9a3a7cc4ccaa707f402d4394327106d5"},"headline":"\u00catre sans qualification par Jean Klein","datePublished":"2013-04-06T02:35:42+00:00","mainEntityOfPage":{"@id":"https:\/\/www.revue3emillenaire.com\/blog\/etre-sans-qualification-par-jean-klein\/"},"wordCount":1725,"image":{"@id":"https:\/\/www.revue3emillenaire.com\/blog\/etre-sans-qualification-par-jean-klein\/#primaryimage"},"thumbnailUrl":"https:\/\/www.revue3emillenaire.com\/blog\/wp-content\/uploads\/2012\/12\/jklein4.jpg","keywords":["Non-dualit\u00e9"],"articleSection":["Entretien\/Interview","Klein Jean"],"inLanguage":"fr-FR"},{"@type":"WebPage","@id":"https:\/\/www.revue3emillenaire.com\/blog\/etre-sans-qualification-par-jean-klein\/","url":"https:\/\/www.revue3emillenaire.com\/blog\/etre-sans-qualification-par-jean-klein\/","name":"\u00catre sans qualification par Jean Klein - 3e mill\u00e9naire - Spiritualit\u00e9 - Connaissance de soi - Non-dualit\u00e9 - M\u00e9ditation","isPartOf":{"@id":"https:\/\/www.revue3emillenaire.com\/blog\/#website"},"primaryImageOfPage":{"@id":"https:\/\/www.revue3emillenaire.com\/blog\/etre-sans-qualification-par-jean-klein\/#primaryimage"},"image":{"@id":"https:\/\/www.revue3emillenaire.com\/blog\/etre-sans-qualification-par-jean-klein\/#primaryimage"},"thumbnailUrl":"https:\/\/www.revue3emillenaire.com\/blog\/wp-content\/uploads\/2012\/12\/jklein4.jpg","datePublished":"2013-04-06T02:35:42+00:00","author":{"@id":"https:\/\/www.revue3emillenaire.com\/blog\/#\/schema\/person\/9a3a7cc4ccaa707f402d4394327106d5"},"breadcrumb":{"@id":"https:\/\/www.revue3emillenaire.com\/blog\/etre-sans-qualification-par-jean-klein\/#breadcrumb"},"inLanguage":"fr-FR","potentialAction":[{"@type":"ReadAction","target":["https:\/\/www.revue3emillenaire.com\/blog\/etre-sans-qualification-par-jean-klein\/"]}]},{"@type":"ImageObject","inLanguage":"fr-FR","@id":"https:\/\/www.revue3emillenaire.com\/blog\/etre-sans-qualification-par-jean-klein\/#primaryimage","url":"https:\/\/www.revue3emillenaire.com\/blog\/wp-content\/uploads\/2012\/12\/jklein4.jpg","contentUrl":"https:\/\/www.revue3emillenaire.com\/blog\/wp-content\/uploads\/2012\/12\/jklein4.jpg","width":"334","height":"392"},{"@type":"BreadcrumbList","@id":"https:\/\/www.revue3emillenaire.com\/blog\/etre-sans-qualification-par-jean-klein\/#breadcrumb","itemListElement":[{"@type":"ListItem","position":1,"name":"Accueil","item":"https:\/\/www.revue3emillenaire.com\/blog\/"},{"@type":"ListItem","position":2,"name":"\u00catre sans qualification par Jean Klein"}]},{"@type":"WebSite","@id":"https:\/\/www.revue3emillenaire.com\/blog\/#website","url":"https:\/\/www.revue3emillenaire.com\/blog\/","name":"3e mill\u00e9naire - Spiritualit\u00e9 - Connaissance de soi - Non-dualit\u00e9 - M\u00e9ditation","description":"L&#039;Homme en devenir","potentialAction":[{"@type":"SearchAction","target":{"@type":"EntryPoint","urlTemplate":"https:\/\/www.revue3emillenaire.com\/blog\/?s={search_term_string}"},"query-input":{"@type":"PropertyValueSpecification","valueRequired":true,"valueName":"search_term_string"}}],"inLanguage":"fr-FR"},{"@type":"Person","@id":"https:\/\/www.revue3emillenaire.com\/blog\/#\/schema\/person\/9a3a7cc4ccaa707f402d4394327106d5","name":"3e mill\u00e9naire","url":"https:\/\/www.revue3emillenaire.com\/blog\/author\/admin\/"}]}},"_links":{"self":[{"href":"https:\/\/www.revue3emillenaire.com\/blog\/wp-json\/wp\/v2\/posts\/13353","targetHints":{"allow":["GET"]}}],"collection":[{"href":"https:\/\/www.revue3emillenaire.com\/blog\/wp-json\/wp\/v2\/posts"}],"about":[{"href":"https:\/\/www.revue3emillenaire.com\/blog\/wp-json\/wp\/v2\/types\/post"}],"author":[{"embeddable":true,"href":"https:\/\/www.revue3emillenaire.com\/blog\/wp-json\/wp\/v2\/users\/1"}],"replies":[{"embeddable":true,"href":"https:\/\/www.revue3emillenaire.com\/blog\/wp-json\/wp\/v2\/comments?post=13353"}],"version-history":[{"count":0,"href":"https:\/\/www.revue3emillenaire.com\/blog\/wp-json\/wp\/v2\/posts\/13353\/revisions"}],"wp:featuredmedia":[{"embeddable":true,"href":"https:\/\/www.revue3emillenaire.com\/blog\/wp-json\/wp\/v2\/media\/12583"}],"wp:attachment":[{"href":"https:\/\/www.revue3emillenaire.com\/blog\/wp-json\/wp\/v2\/media?parent=13353"}],"wp:term":[{"taxonomy":"category","embeddable":true,"href":"https:\/\/www.revue3emillenaire.com\/blog\/wp-json\/wp\/v2\/categories?post=13353"},{"taxonomy":"post_tag","embeddable":true,"href":"https:\/\/www.revue3emillenaire.com\/blog\/wp-json\/wp\/v2\/tags?post=13353"}],"curies":[{"name":"wp","href":"https:\/\/api.w.org\/{rel}","templated":true}]}}