{"id":13419,"date":"2013-04-11T01:47:27","date_gmt":"2013-04-11T00:47:27","guid":{"rendered":"http:\/\/www.revue3emillenaire.com\/blog\/?p=13419"},"modified":"2013-04-14T21:37:17","modified_gmt":"2013-04-14T20:37:17","slug":"specificite-de-la-perception-dermo-optique-par-yvonne-duplessis","status":"publish","type":"post","link":"https:\/\/www.revue3emillenaire.com\/blog\/specificite-de-la-perception-dermo-optique-par-yvonne-duplessis\/","title":{"rendered":"Sp\u00e9cificit\u00e9 de la perception dermo-optique par Yvonne Duplessis"},"content":{"rendered":"<p><span style=\"color: #000000;\"><span style=\"font-size: small;\">(Revue Psi International. N<\/span><\/span><span style=\"color: #000000;\"><span style=\"font-size: xx-small;\">o <\/span><\/span><span style=\"color: #000000;\"><span style=\"font-size: small;\">4. Mars-Avril 1978)<\/span><\/span><\/p>\n<p lang=\"fr-FR\" align=\"JUSTIFY\"><a href=\"http:\/\/www.scribd.com\/doc\/135886606\/Yvonne-Duplessis-Specificite-de-la-perception-dermo-optique\" target=\"_blank\">Version PDF illustr\u00e9e<\/a><\/p>\n<p lang=\"fr-FR\" align=\"JUSTIFY\"><span style=\"color: #000000;\"><span style=\"font-size: small;\"><em>Cet article a pour but de relever des confusions, semble-t-il, qui se produisent aux U.S.A. aussi bien qu&rsquo;en U.R.S.S. et dans d&rsquo;autres pays entre la perception extrasensorielle (extra-sensory perception, ESP) et la perception dermo-optique (dermo-optic perception, DOP).<\/em><\/span><\/span><\/p>\n<p lang=\"fr-FR\" align=\"JUSTIFY\"><span style=\"color: #000000;\"><span style=\"font-size: small;\"><em>La premi\u00e8re, la perception extra-sensorielle, qui comprend la t\u00e9l\u00e9pathie, la clairvoyance, la pr\u00e9cognition ainsi que la psychokin\u00e9sie, est une facult\u00e9 que le Pr Rhine et le Dr Pratt, voulant montrer qu&rsquo;elle est tr\u00e8s g\u00e9n\u00e9rale, ont test\u00e9e avec les techniques statistiques sur lesquelles nous n&rsquo;insisterons pas.<\/em><\/span><\/span><\/p>\n<p lang=\"fr-FR\" align=\"JUSTIFY\"><span style=\"color: #000000;\"><span style=\"font-size: small;\">Rappelons simplement en quoi cette facult\u00e9, que l&rsquo;on peut aussi appeler paranormale, consiste : elle est la connaissance ou la r\u00e9action \u00e0 une influence, une donn\u00e9e, un \u00e9v\u00e9nement non appr\u00e9hend\u00e9 par les voies sensorielles. Les exp\u00e9riences statistiques, pour d\u00e9montrer qu&rsquo;un facteur \u00ab\u00a0psi \u00bb peut perturber les r\u00e9sultats du hasard, sont faites avec les cartes de Zener et sur des sujets tr\u00e8s divers.<\/span><\/span><\/p>\n<p lang=\"fr-FR\" align=\"JUSTIFY\"><span style=\"color: #000000;\"><span style=\"font-size: small;\">La seconde, la perception dermo-optique, est d\u00e9velopp\u00e9e au niveau des mains, par une prise de conscience que fait le sujet d&rsquo;impressions non visuelles ressenties. Cette prise de conscience recouvre une sensibilit\u00e9 inh\u00e9rente \u00e0 tout \u00eatre humain qui s&rsquo;exprime par des r\u00e9actions sensorielles, et motrices, aux variations surtout thermiques de l&rsquo;environnement.<\/span><\/span><\/p>\n<p lang=\"fr-FR\" align=\"JUSTIFY\"><span style=\"color: #000000;\"><span style=\"font-size: small;\"><em>D&rsquo;o\u00f9 vient qu&rsquo;on ait pu faire des rapprochements, voire des confusions entre les deux ph\u00e9nom\u00e8nes ?<\/em><\/span><\/span><\/p>\n<p lang=\"fr-FR\" align=\"JUSTIFY\"><span style=\"color: #000000;\"><span style=\"font-size: small;\">C&rsquo;est d&rsquo;abord que, parmi tous les ph\u00e9nom\u00e8nes de perception extra-sensorielle, on n&rsquo;a retenu que la seule clairvoyance, et qu&rsquo;il s&rsquo;agit dans les deux cas de d\u00e9tecter des couleurs, des images, ou des signes graphiques cach\u00e9s \u00e0 la vue normale.<\/span><\/span><\/p>\n<p lang=\"fr-FR\" align=\"JUSTIFY\"><span style=\"color: #000000;\"><span style=\"font-size: small;\">Ce n&rsquo;est, en effet, que lorsque les facult\u00e9s que Rosa Kuleshova avait de percevoir des couleurs ou des lettres, les yeux band\u00e9s, que l&rsquo;attention a \u00e9t\u00e9 attir\u00e9e sur ce ph\u00e9nom\u00e8ne et que certains parapsychologues lui ont appliqu\u00e9, par une pente naturelle, les m\u00e9thodes de la clairvoyance, y voyant dans les deux cas une sorte de divination.<\/span><\/span><\/p>\n<p lang=\"fr-FR\" align=\"JUSTIFY\"><span style=\"color: #000000;\"><span style=\"font-size: small;\">Dans cette perspective on peut citer :<\/span><\/span><\/p>\n<p lang=\"fr-FR\" align=\"JUSTIFY\"><span style=\"color: #000000;\"><span style=\"font-size: small;\">Aux U.S.A. les travaux du Dr Milan Ryzl. Dans un de ses livres il \u00e9tudie l&rsquo;entra\u00eenement sous hypnose \u00e0 la clairvoyance de cartes plac\u00e9es dans des enveloppes opaques. Il remarqua un jour qu&rsquo;un de ses sujets d\u00e9clarait ressentir une impression tr\u00e8s nette de chaleur et pouvoir suivre de cette fa\u00e7on le contour des cartes de Zener (signes graphiques en noir sur blanc) alors que ses impressions habituelles de divination \u00e9taient visuelles ou auditives. Mais le Dr Ryzl en conclut, peut-\u00eatre un peu vite, que cette perception \u00ab thermique \u00bb \u00e9tait \u00e9galement une perception extra-sensorielle.<\/span><\/span><\/p>\n<p lang=\"fr-FR\" align=\"JUSTIFY\"><span style=\"color: #000000;\"><span style=\"font-size: small;\">Toujours aux U.S.A. Carol Ann Liaros et ses collaborateurs estiment, en ne faisant toujours pas la distinction, qu&rsquo;un d\u00e9veloppement des facult\u00e9s \u00ab psi \u00bb peut suffire \u00e0 les aider \u00e0 d\u00e9tecter \u00e0 distance, par les mains, par le front, soit des feuilles de papier de diverses couleurs, soit des photographies, soit des objets.<\/span><\/span><\/p>\n<p lang=\"fr-FR\" align=\"JUSTIFY\"><span style=\"color: #000000;\"><span style=\"font-size: small;\">Le Dr Scott Hill, Am\u00e9ricain \u00e9galement, qui poursuit des recherches \u00e0 Copenhague a commenc\u00e9, lui aussi, par ramener la perception dermo-optique \u00e0 la clairvoyance. Il demandait \u00e0 des sujets, ayant les yeux band\u00e9s, de deviner dix couleurs pr\u00e9sent\u00e9es al\u00e9atoirement, deux par deux, sous une feuille de plastique transparent ou sous verre.<\/span><\/span><\/p>\n<p lang=\"fr-FR\" align=\"JUSTIFY\"><span style=\"color: #000000;\"><span style=\"font-size: small;\">En U.R.S.S. enfin Larissa Vilenska\u00efa ram\u00e8ne avec plus d&rsquo;insistance encore la perception dermo-optique \u00e0 la perception extra-sensorielle puisque sa communication au Second Congr\u00e8s de \u00ab l&rsquo;Association Internationale de Recherche Psychotronique \u00bb (qui eut lieu en 1975 \u00e0 Monte-Carlo) et dont le pr\u00e9sident est le Dr Zdenek Rejdak s&rsquo;intitule \u00ab Recherche r\u00e9cente sur la perception dermo-optique et la perception extrasensorielle comme envisag\u00e9es dans le cadre de la psychotronique \u00bb.<\/span><\/span><\/p>\n<p lang=\"fr-FR\" align=\"JUSTIFY\"><span style=\"color: #000000;\"><span style=\"font-size: small;\">Elle proc\u00e8de de cette fa\u00e7on : elle fait faire \u00e0 de nombreux sujets, ayant les yeux band\u00e9s, des exp\u00e9riences de divination de papiers, de dessins color\u00e9s, recouverts d&rsquo;\u00e9crans transparents. Les sujets op\u00e8rent d&rsquo;abord par contact des doigts, puis \u00e0 une distance de 10 \u00e0 20 cm. Quelques-uns ayant \u00e9t\u00e9 s\u00e9lectionn\u00e9s d&rsquo;apr\u00e8s le pourcentage de leurs r\u00e9sultats exacts par rapport \u00e0 la probabilit\u00e9, doivent ensuite reconna\u00eetre des couleurs plac\u00e9es dans des enveloppes opaques, puis passent des tests de perception extrasensorielle.<\/span><\/span><\/p>\n<p lang=\"fr-FR\" align=\"JUSTIFY\"><span style=\"color: #000000;\"><span style=\"font-size: small;\">Les couleurs utilis\u00e9es furent : le noir, le bleu, le vert et le rouge, le jaune ayant \u00e9t\u00e9 supprim\u00e9, car souvent confondu avec le rouge, une autre confusion \u00e9tant celle du bleu et du noir.<\/span><\/span><\/p>\n<p lang=\"fr-FR\" align=\"JUSTIFY\"><span style=\"color: #000000;\"><span style=\"font-size: small;\">Larissa Vilenska\u00efa essaye d&rsquo;introduire une certaine vari\u00e9t\u00e9 dans ces exp\u00e9riences, la monotonie de ces tests statistiques ayant d\u00e9courag\u00e9 plusieurs de ses sujets et fait baisser le pourcentage des r\u00e9sultats significatifs.<\/span><\/span><\/p>\n<p lang=\"fr-FR\" align=\"JUSTIFY\"><span style=\"color: #000000;\"><span style=\"font-size: small;\">Elle en conclut que ces \u00ab exp\u00e9riences peuvent aussi bien \u00eatre interpr\u00e9t\u00e9es comme directement reli\u00e9es \u00e0 la clairvoyance ou \u00e0 la perception extra-sensorielle \u00bb. Aussi \u00e9crit-elle, \u00ab nous consid\u00e9rons nos buts atteints ; nous avons prouv\u00e9 que la perception dermo-optique est \u00e9troitement reli\u00e9e au groupe g\u00e9n\u00e9ral des capacit\u00e9s psi\u00a0\u00bb.<\/span><\/span><\/p>\n<p lang=\"fr-FR\" align=\"JUSTIFY\"><span style=\"color: #000000;\"><span style=\"font-size: small;\"><em>De la vision extra-r\u00e9tinienne \u00e0 la perception dermo-optique<\/em><\/span><\/span><\/p>\n<p lang=\"fr-FR\" align=\"JUSTIFY\"><span style=\"color: #000000;\"><span style=\"font-size: small;\">Or un bref historique permet de voir que d\u00e8s le XIXe si\u00e8cle il avait \u00e9t\u00e9 assez fr\u00e9quemment observ\u00e9, mais le plus souvent sous hypnose ou sur des sujets n\u00e9vros\u00e9s, que des couleurs, des textes pouvaient \u00eatre \u00ab vus \u00bb par d&rsquo;autres voies que celles de la vision ordinaire. On attribua cette \u00ab vision\u00a0\u00bb soit \u00e0 une transposition des sens, soit \u00e0 une hyperesth\u00e9sie du toucher, car \u00e0 cette \u00e9poque on se cantonnait au physiologique et on n&rsquo;avait pas encore \u00e9mis l&rsquo;hypoth\u00e8se d&rsquo;une perception extra-sensorielle.<\/span><\/span><\/p>\n<p lang=\"fr-FR\" align=\"JUSTIFY\"><span style=\"color: #000000;\"><span style=\"font-size: small;\">Ainsi dans son livre <\/span><\/span><span style=\"color: #000000;\"><span style=\"font-size: small;\"><em>Les ph\u00e9nom\u00e8nes physiques du mysticisme<\/em><\/span><\/span><span style=\"color: #000000;\"><span style=\"font-size: small;\"> le p\u00e8re Thurston d\u00e9crit des cas qu&rsquo;il appelle de \u00ab vision extra-oculaire \u00bb comme celui d&rsquo;une Am\u00e9ricaine qui, en 1848, souffrant de d\u00e9sordres nerveux, devenue aveugle et paralys\u00e9e du bras droit \u00ab voyait \u00bb par sa nuque, les couleurs d&rsquo;\u00e9cheveaux de laine qu&rsquo;elle tenait au-dessus de sa t\u00eate avec son bras gauche.<\/span><\/span><\/p>\n<p lang=\"fr-FR\" align=\"JUSTIFY\"><span style=\"color: #000000;\"><span style=\"font-size: small;\">Un autre cas : celui d&rsquo;une Anglaise totalement aveugle et sourde, et paralys\u00e9e du bras gauche en 1871, qui \u00ab voyait \u00bb des images repr\u00e9sent\u00e9es sur des cartes postales ou des photos par le visage ou par la main droite.<\/span><\/span><\/p>\n<p lang=\"fr-FR\" align=\"JUSTIFY\"><span style=\"color: #000000;\"><span style=\"font-size: small;\">\u00c0 la m\u00eame \u00e9poque en Russie le Dr Khovrin attribue \u00e0 une hyperesth\u00e9sie du toucher les r\u00e9sultats qu&rsquo;il obtint au cours d&rsquo;une exp\u00e9rimentation suivie avec une femme tr\u00e8s intelligente mais n\u00e9vros\u00e9e, capable elle aussi, de lire des lettres sous enveloppe, de \u00ab voir \u00bb des couleurs cach\u00e9es \u00e0 sa vue.<\/span><\/span><\/p>\n<p lang=\"fr-FR\" align=\"JUSTIFY\"><span style=\"color: #000000;\"><span style=\"font-size: small;\">En Italie le Pr Lombroso d\u00e9crit le comportement d&rsquo;une hyst\u00e9rique qui, en \u00e9tat de somnambulisme, pouvait lire des textes avec ses mains, m\u00eame dans l&rsquo;obscurit\u00e9.<\/span><\/span><\/p>\n<p lang=\"fr-FR\" align=\"JUSTIFY\"><span style=\"color: #000000;\"><span style=\"font-size: small;\">En France, \u00e0 la fin du XIXe si\u00e8cle, le Dr Pigeaire s&rsquo;effor\u00e7a de faire admettre par la Facult\u00e9 de M\u00e9decine que sa fille, en \u00e9tat de somnambulisme, les yeux band\u00e9s, pouvait lire, avec ses doigts, les pages d&rsquo;un livre recouvertes d&rsquo;une plaque de verre. Cet \u00e9cran montrait d\u00e9j\u00e0 qu&rsquo;il ne s&rsquo;agissait pas d&rsquo;un hyperesth\u00e9sie du toucher.<\/span><\/span><\/p>\n<p lang=\"fr-FR\" align=\"JUSTIFY\"><span style=\"color: #000000;\"><span style=\"font-size: small;\"><em>La vision extra-r\u00e9tinienne<\/em><\/span><\/span><\/p>\n<p lang=\"fr-FR\" align=\"JUSTIFY\"><span style=\"color: #000000;\"><span style=\"font-size: small;\">Puis c&rsquo;est Jules Romains qui confirma l&rsquo;existence du ph\u00e9nom\u00e8ne et en reprit l&rsquo;\u00e9tude en plein d\u00e9but du XXe si\u00e8cle. Jules Romains consid\u00e9rait comme un pr\u00e9jug\u00e9 lamentable le fait de taxer de pathologique un ph\u00e9nom\u00e8ne inhabituel tel qu&rsquo;un simple changement de r\u00e9gime de la conscience, capable pourtant de faire \u00e9merger d&rsquo;autres facult\u00e9s. Il consid\u00e9ra donc que, s&rsquo;il y avait une \u00ab vision \u00bb qu&rsquo;il devait appeler : \u00ab extra-r\u00e9tinienne \u00bb dans son livre publi\u00e9 en 1920, elle devait \u00eatre non seulement inh\u00e9rente \u00e0 tout \u00eatre humain mais s&rsquo;expliquer par une hypoth\u00e8se physiologique plausible.<\/span><\/span><\/p>\n<p lang=\"fr-FR\" align=\"JUSTIFY\"><span style=\"color: #000000;\"><span style=\"font-size: small;\">L&rsquo;hypoth\u00e8se qu&rsquo;il admit de petites cellules \u00e9pidermiques, les ocelles, qui seraient des yeux en miniature, est aujourd&rsquo;hui abandonn\u00e9e ; il n&rsquo;en reste pas moins qu&rsquo;il fut le pr\u00e9curseur des recherches actuelles sur un \u00ab sens paroptique \u00bb \u00e0 expliciter.<\/span><\/span><\/p>\n<p lang=\"fr-FR\" align=\"JUSTIFY\"><span style=\"color: #000000;\"><span style=\"font-size: small;\">Au cours d&rsquo;une longue recherche exp\u00e9rimentale, Jules Romains aboutissait \u00e0 cette conclusion, d&rsquo;une absolue certitude pour lui, qu&rsquo;il existait une v\u00e9ritable vision paroptique, rendue possible non seulement par le visage mais aussi par d&rsquo;autres parties du corps : la nuque et la poitrine notamment.<\/span><\/span><\/p>\n<p lang=\"fr-FR\" align=\"JUSTIFY\"><span style=\"color: #000000;\"><span style=\"font-size: small;\">Cette fonction pouvait se d\u00e9velopper par entra\u00eenement et son livre s&rsquo;efforce de retracer toutes les \u00e9tapes de l&rsquo;apprentissage de cette \u00ab vision extra-r\u00e9tinienne \u00bb non seulement des couleurs mais aussi des lettres ainsi que des objets.<\/span><\/span><\/p>\n<p lang=\"fr-FR\" align=\"JUSTIFY\"><span style=\"color: #000000;\"><span style=\"font-size: small;\">Il exp\u00e9rimenta, en outre, non plus sur des sujets sous hypnose, mais sur des sujets sans dons particuliers, ayant les yeux soigneusement band\u00e9s, ou encore avec des aveugles (le plus souvent accidentels), et sur lui-m\u00eame, estimant que cette fonction \u00e9tait inh\u00e9rente \u00e0 chacun d&rsquo;entre nous.<\/span><\/span><\/p>\n<p lang=\"fr-FR\" align=\"JUSTIFY\"><span style=\"color: #000000;\"><span style=\"font-size: small;\">Bien entendu toutes sortes de pr\u00e9cautions furent prises pour \u00e9viter soit une intervention possible de la t\u00e9l\u00e9pathie, soit surtout celle d&rsquo;une vision oculaire normale par une obturation insuffisante des yeux.<\/span><\/span><\/p>\n<p lang=\"fr-FR\" align=\"JUSTIFY\"><span style=\"color: #000000;\"><span style=\"font-size: small;\">Les r\u00e9sultats de ses exp\u00e9riences furent les suivants : sous un \u00e9clairage normal, la perception paroptique continuait sensiblement au-del\u00e0 des limites d&rsquo;\u00e9clairement valables pour la perception visuelle ordinaire. Les couleurs les mieux identifi\u00e9es \u00ab paroptiquement \u00bb \u00e9taient le rouge et le jaune.<\/span><\/span><\/p>\n<p lang=\"fr-FR\" align=\"JUSTIFY\"><span style=\"color: #000000;\"><span style=\"font-size: small;\">\u00c9largissant ses recherches il confia \u00e0 Ren\u00e9 Maublanc, professeur de philosophie, cette <\/span><\/span><span style=\"color: #000000;\"><span style=\"font-size: small;\"><em>\u00c9ducation paroptique<\/em><\/span><\/span><span style=\"color: #000000;\"><span style=\"font-size: small;\"> (titre de son livre), dont il analysa les \u00e9tapes sur une Am\u00e9ricaine, aveugle-n\u00e9e, ce qui exigea, on s&rsquo;en doute, aussi bien de l&rsquo;exp\u00e9rimentateur que du sujet, une certaine pers\u00e9v\u00e9rance.<\/span><\/span><\/p>\n<p lang=\"fr-FR\" align=\"JUSTIFY\"><span style=\"color: #000000;\"><span style=\"font-size: small;\">Mais cette d\u00e9couverte d&rsquo;une vision extra-r\u00e9tinienne fut mal accueillie, et plus par les philosophes scientistes que par les m\u00e9decins, si bien qu&rsquo;elle tomba dans l&rsquo;oubli.<\/span><\/span><\/p>\n<p lang=\"fr-FR\" align=\"JUSTIFY\"><span style=\"color: #000000;\"><span style=\"font-size: small;\"><em>La perception dermo-optique<\/em><\/span><\/span><\/p>\n<p lang=\"fr-FR\" align=\"JUSTIFY\"><span style=\"color: #000000;\"><span style=\"font-size: small;\">Mais de nos jours, le Pr A.S. Novomeysky a montr\u00e9 amplement que cette \u00ab vision \u00bb extra-r\u00e9tinienne recouvre une perception non analys\u00e9e, le sujet n&rsquo;indiquant alors que le r\u00e9sultat des sensations subies en dehors de la vue (par le visage ou par les mains ou par d&rsquo;autres parties du corps) d&rsquo;o\u00f9 on a pu conclure faussement et on en conclut encore actuellement, que \u00ab la main voit \u00bb.<\/span><\/span><\/p>\n<p lang=\"fr-FR\" align=\"JUSTIFY\"><span style=\"color: #000000;\"><span style=\"font-size: small;\"><strong>De plus il ne s&rsquo;agit ni d&rsquo;une visualisation (perception extra-sensorielle), ni d&rsquo;une vraie vision (vision extra-r\u00e9tinienne) mais d&rsquo;une prise de conscience interpr\u00e9tative d&rsquo;impressions qui n&rsquo;ont rien de visuel.<\/strong><\/span><\/span><\/p>\n<p lang=\"fr-FR\" align=\"JUSTIFY\"><span style=\"color: #000000;\"><span style=\"font-size: small;\">Toutes les critiques, m\u00eame actuelles, reposent sur ce refus de tenir compte qu&rsquo;il ne s&rsquo;agit nullement d&rsquo;une vision.<\/span><\/span><\/p>\n<p lang=\"fr-FR\" align=\"JUSTIFY\"><span style=\"color: #000000;\"><span style=\"font-size: small;\">Pour la clairvoyance et la vision extra-r\u00e9tinienne seule l&rsquo;image int\u00e9grale et utile se pr\u00e9sente \u00e0 la conscience, ses concomitants thermiques, pond\u00e9raux, etc&#8230; demeurent dans l&rsquo;inconscient et constituent la sensibilit\u00e9 dermo-optique en tant que telle.<\/span><\/span><\/p>\n<p lang=\"fr-FR\" align=\"JUSTIFY\"><span style=\"color: #000000;\"><span style=\"font-size: small;\">En revanche c&rsquo;est par une m\u00e9thode, cette fois analytique, que se d\u00e9veloppe la perception dermo-optique, c&rsquo;est-\u00e0-dire la prise de conscience de ces impressions latentes en tout \u00eatre humain.<\/span><\/span><\/p>\n<p lang=\"fr-FR\" align=\"JUSTIFY\"><span style=\"color: #000000;\"><span style=\"font-size: small;\">C&rsquo;est ainsi que, au lieu de vision extra-r\u00e9tinienne, le Pr Novomeysky, parle de sensibilit\u00e9 dermo-optique car il la fonde sur une hypoth\u00e8se physique, et pas seulement physiologique, et donc bien diff\u00e9rente de celle de son pr\u00e9d\u00e9cesseur comme nous allons le voir.<\/span><\/span><\/p>\n<p lang=\"fr-FR\" align=\"JUSTIFY\"><span style=\"color: #000000;\"><span style=\"font-size: small;\"><em>L&rsquo;explication de la sensibilit\u00e9 dermo-optique<\/em><\/span><\/span><\/p>\n<p lang=\"fr-FR\" align=\"JUSTIFY\"><span style=\"color: #000000;\"><span style=\"font-size: small;\">Donc dans le cas de la sensibilit\u00e9 dermo-optique, ni clairvoyance, ni vision extra-r\u00e9tinienne. Comment alors expliquer cette facult\u00e9 ?<\/span><\/span><\/p>\n<p lang=\"fr-FR\" align=\"JUSTIFY\"><span style=\"color: #000000;\"><span style=\"font-size: small;\">Chronologiquement c&rsquo;est en U.R.S.S. qu&rsquo;en 1963 le Pr Constantinov et le Pr Tchetine, tous deux acad\u00e9miciens, expliquent la sensibilit\u00e9 dermo-optique. Ce dernier est le collaborateur du Pr Novomeysky, \u00e0 l&rsquo;Institut p\u00e9dagogique de Sverdlovsk, et ils s&rsquo;accordent \u00e0 dire que ces impressions diff\u00e9rentielles de poids plus ou moins grand, de surfaces plus ou moins grandes, etc., induites par des stimuli identiques, color\u00e9s, seraient dues \u00e0 des interactions entre le rayonnement infra-rouge \u00e9mis par la main du sujet et celui \u00e9mis par la surface color\u00e9e. Des mesures thermiques de ces r\u00e9actions effectu\u00e9es par le Pr Novomeysky ont prouv\u00e9 cette hypoth\u00e8se thermodynamique.<\/span><\/span><\/p>\n<p lang=\"fr-FR\" align=\"JUSTIFY\"><span style=\"color: #000000;\"><span style=\"font-size: small;\">Aux U.S.A. un biologiste, le Dr Carroll Nash, s&rsquo;aper\u00e7ut tr\u00e8s vite de la diff\u00e9rence. Au cours d&rsquo;exp\u00e9riences de perception extra-sensorielle il se rendit compte que les r\u00e9sultats de tests pr\u00e9tendument de clairvoyance donnaient des r\u00e9sultats statistiques significatifs dans la proportion de 80 % alors que le hasard ne devait donner que 50 %. Il s&rsquo;agissait en effet de deviner deux couleurs : le rouge et le noir, pr\u00e9sent\u00e9es al\u00e9atoirement aux mains du sujet dont la t\u00eate \u00e9tait encapuchonn\u00e9e dans une bo\u00eete sp\u00e9ciale.<\/span><\/span><\/p>\n<p lang=\"fr-FR\" align=\"JUSTIFY\"><span style=\"color: #000000;\"><span style=\"font-size: small;\">Un tel r\u00e9sultat, inaccoutum\u00e9 lors d&rsquo;exp\u00e9riences de perception extra-sensorielle, ne peut \u00eatre attribu\u00e9 \u00e0 cette capacit\u00e9 mais \u00e0 une autre perception qu&rsquo;il appelle \u00ab cutan\u00e9e \u00bb.<\/span><\/span><\/p>\n<p lang=\"fr-FR\" align=\"JUSTIFY\"><span style=\"color: #000000;\"><span style=\"font-size: small;\">De plus, sachant que la perception extrasensorielle ne peut \u00eatre entrav\u00e9e par un \u00e9cran, il ne manqua pas de remarquer, au cours d&rsquo;exp\u00e9riences statistiques, que les r\u00e9sultats \u00e9taient plus significatifs quand les couleurs \u00e9taient directement touch\u00e9es par les mains du sujet ou quand ils \u00e9taient sous plastique transparent, plut\u00f4t que sous une plaque de verre.<\/span><\/span><\/p>\n<p lang=\"fr-FR\" align=\"JUSTIFY\"><span style=\"color: #000000;\"><span style=\"font-size: small;\">Et lui aussi se r\u00e9f\u00e8re \u00e0 une explication de cette perception par le rayonnement infra-rouge, celle \u00e9mise par Makous en 1966, selon laquelle les diff\u00e9rentes couleurs induisent des diff\u00e9rences thermiques par rapport au rayonnement infrarouge \u00e9mis par la paume de la main, le plastique laissant passer plus de radiations infra-rouges que le verre.<\/span><\/span><\/p>\n<p lang=\"fr-FR\" align=\"JUSTIFY\"><span style=\"color: #000000;\"><span style=\"font-size: small;\">Enfin le Pr Richard Youtz, apr\u00e8s avoir exp\u00e9rimentalement \u00e9limin\u00e9 l&rsquo;hypoth\u00e8se de la t\u00e9l\u00e9pathie, consid\u00e8re que ce sont aux diff\u00e9rentes longueurs d&rsquo;onde de la lumi\u00e8re visible que les objets absorbent ou \u00e9mettent que la peau humaine est sensible.<\/span><\/span><\/p>\n<p lang=\"fr-FR\" align=\"JUSTIFY\"><span style=\"color: #000000;\"><span style=\"font-size: small;\">Mais dans cette hypoth\u00e8se la lumi\u00e8re est une condition sine qua non de cette perception, selon lui, ce qui est inexact. Toutefois il se r\u00e9f\u00e8re aussi \u00e0 l&rsquo;hypoth\u00e8se thermique.<\/span><\/span><\/p>\n<p lang=\"fr-FR\" align=\"JUSTIFY\"><span style=\"color: #000000;\"><span style=\"font-size: small;\">Nous-m\u00eame poursuivons nos recherches dans cette direction de l&rsquo;explication physique de cette possibilit\u00e9, avec l&rsquo;appui de la Parapsychology Foundation Inc. (de New York).<\/span><\/span><\/p>\n<p lang=\"fr-FR\" align=\"JUSTIFY\"><span style=\"color: #000000;\"><span style=\"font-size: small;\"><em>M\u00e9thodes d&rsquo;\u00e9tude de la sensibilit\u00e9 dermo-optique<\/em><\/span><\/span><\/p>\n<p lang=\"fr-FR\" align=\"JUSTIFY\"><span style=\"color: #000000;\"><span style=\"font-size: small;\">Voyons \u00e0 pr\u00e9sent quelques-unes des m\u00e9thodes qui sont susceptibles de mettre en relief cette capacit\u00e9 tr\u00e8s g\u00e9n\u00e9rale inconsciente.<\/span><\/span><\/p>\n<p lang=\"fr-FR\" align=\"JUSTIFY\"><span style=\"color: #000000;\"><span style=\"font-size: small;\">Il existe des m\u00e9thodes objectives.<\/span><\/span><\/p>\n<p lang=\"fr-FR\" align=\"JUSTIFY\"><span style=\"color: #000000;\"><span style=\"font-size: small;\">D&rsquo;abord il y a ce que le Pr Novomeysky nomme la m\u00e9thode thermoscopique. Elle est une m\u00e9thode passive, l&rsquo;activit\u00e9 musculaire de la main du sujet n&rsquo;intervenant pas. Elle consiste pour l&rsquo;exp\u00e9rimentateur \u00e0 suivre sur l&rsquo;aiguille d&rsquo;un galvanom\u00e8tre \u00e0 miroir les diff\u00e9rences thermiques qui se produisent entre la main du sujet et le papier de couleur, sous \u00e9cran d&rsquo;aluminium, qui garnit l&rsquo;int\u00e9rieur d&rsquo;un cylindre, sur l&rsquo;ouverture duquel le sujet pose la main. Sa seule participation est donc de placer sa main sur le cylindre.<\/span><\/span><\/p>\n<p lang=\"fr-FR\" align=\"JUSTIFY\"><span style=\"color: #000000;\"><span style=\"font-size: small;\">Puis la m\u00e9thode dynamom\u00e9trique, que nous sommes seule \u00e0 pratiquer. C&rsquo;est une adaptation que nous avons faite aux couleurs non visuellement per\u00e7ues de la m\u00e9thode par laquelle le physiologiste fran\u00e7ais Ch. F\u00e9r\u00e9, \u00e0 la fin, du si\u00e8cle dernier, avait mis en \u00e9vidence surtout les effets dynamog\u00e9niques des couleurs per\u00e7ues visuellement.<\/span><\/span><\/p>\n<p lang=\"fr-FR\" align=\"JUSTIFY\"><span style=\"color: #000000;\"><span style=\"font-size: small;\">Elle est, elle, une m\u00e9thode active : le sujet doit serrer d&rsquo;une main un dynamom\u00e8tre, tout en tenant de l&rsquo;autre main un papier de couleur. L&rsquo;exp\u00e9rimentateur n&rsquo;a qu&rsquo;\u00e0 lire sur le galvanom\u00e8tre reli\u00e9 au dynamom\u00e8tre, les diff\u00e9rences de pression musculaire enregistr\u00e9es.<\/span><\/span><\/p>\n<p lang=\"fr-FR\" align=\"JUSTIFY\"><span style=\"color: #000000;\"><span style=\"font-size: small;\">Comme dans la m\u00e9thode pr\u00e9c\u00e9dente les tests sont faits en a double-aveugle \u00bb c&rsquo;est-\u00e0-dire que ni l&rsquo;exp\u00e9rimentateur, ni le sujet ne doivent conna\u00eetre la couleur des stimuli.<\/span><\/span><\/p>\n<p lang=\"fr-FR\" align=\"JUSTIFY\"><span style=\"color: #000000;\"><span style=\"font-size: small;\">Pr\u00e9cisons qu&rsquo;au cours de ces essais les sujets ont l&rsquo;impression de serrer, pour chaque couleur, le dynamom\u00e8tre avec la m\u00eame force, bien que les pressions soient enregistr\u00e9es tr\u00e8s diff\u00e9remment par l&rsquo;instrument.<\/span><\/span><\/p>\n<p lang=\"fr-FR\" align=\"JUSTIFY\"><span style=\"color: #000000;\"><span style=\"font-size: small;\">Mais comme la main est vite fatigu\u00e9e et que seulement 4 ou 5 essais peuvent \u00eatre faits successivement par chaque main les r\u00e9sultats ne sont recueillis que lentement ; aussi n&rsquo;indiquons-nous comme exemples ici que ceux de tests pilotes, que nous poursuivons depuis quelques ann\u00e9es, et dont l&rsquo;analyse statistique a \u00e9t\u00e9 \u00e9tablie par le Pr Novomeysky.<\/span><\/span><\/p>\n<p lang=\"fr-FR\" align=\"JUSTIFY\"><span style=\"color: #000000;\"><span style=\"font-size: small;\">Les tableaux partiels de cet article n&rsquo;ont \u00e9t\u00e9 donn\u00e9s qu&rsquo;\u00e0 titre d&rsquo;exemples.<\/span><\/span><\/p>\n<p lang=\"fr-FR\" align=\"JUSTIFY\"><span style=\"color: #000000;\"><span style=\"font-size: small;\"><strong>Rapports des pressions dynamom\u00e9triques exerc\u00e9es par les mains, droite et gauche d&rsquo;un sujet \u00e0 vue normale, \u00e0 deux des couleurs plac\u00e9es dans la bo\u00eete exp\u00e9rimentale (et qu&rsquo;il ne voit donc pas). L&rsquo;\u00e9clairage de la pi\u00e8ce \u00e9tait celui de la lumi\u00e8re \u00e9lectrique.<\/strong><\/span><\/span><\/p>\n<dl>\n<dd>\n<table width=\"381\" border=\"1\" cellspacing=\"0\" cellpadding=\"4\">\n<colgroup>\n<col width=\"258\" \/>\n<col width=\"186\" \/> <\/colgroup>\n<tbody>\n<tr valign=\"TOP\">\n<td rowspan=\"2\" width=\"258\">\n<p lang=\"fr-FR\" align=\"JUSTIFY\"><span style=\"color: #000000;\"><span style=\"font-size: small;\">Conditions de l&rsquo;exp\u00e9rience<\/span><\/span><\/p>\n<\/td>\n<td width=\"186\">\n<p lang=\"fr-FR\" align=\"JUSTIFY\"><span style=\"color: #000000;\"><span style=\"font-size: small;\">Couleurs<\/span><\/span><\/p>\n<\/td>\n<\/tr>\n<tr valign=\"TOP\">\n<td width=\"186\">\n<p lang=\"fr-FR\" align=\"JUSTIFY\"><span style=\"color: #000000;\"><span style=\"font-size: small;\">Vert \u00a0\u00a0\u00a0 Rouge<\/span><\/span><\/p>\n<\/td>\n<\/tr>\n<tr valign=\"TOP\">\n<td width=\"258\">\n<p lang=\"fr-FR\" align=\"JUSTIFY\"><span style=\"color: #000000;\"><span style=\"font-size: small;\">1) Nombre d&rsquo;essais \u00a0<\/span><\/span><\/p>\n<\/td>\n<td width=\"186\">\n<p lang=\"fr-FR\" align=\"JUSTIFY\"><span style=\"color: #000000;\"><span style=\"font-size: small;\">32\u00a0\u00a0\u00a0\u00a0\u00a0\u00a0\u00a0 32<\/span><\/span><\/p>\n<\/td>\n<\/tr>\n<tr valign=\"TOP\">\n<td width=\"258\">\n<p lang=\"fr-FR\" align=\"JUSTIFY\"><span style=\"color: #000000;\"><span style=\"font-size: small;\">2) Grandeur moyenne des pressions \u00a0<\/span><\/span><\/p>\n<\/td>\n<td width=\"186\">\n<p lang=\"fr-FR\" align=\"JUSTIFY\"><span style=\"color: #000000;\"><span style=\"font-size: small;\">16\u00a0\u00a0\u00a0\u00a0\u00a0\u00a0\u00a0 20<\/span><\/span><\/p>\n<\/td>\n<\/tr>\n<tr valign=\"TOP\">\n<td width=\"258\">\n<p lang=\"fr-FR\" align=\"JUSTIFY\"><span style=\"color: #000000;\"><span style=\"font-size: small;\">3) Pourcentage de l&rsquo;augmentation de la pression sous l&rsquo;effet du rouge (effet dit n\u00e9gatif) <\/span><\/span><\/p>\n<\/td>\n<td width=\"186\">\n<p lang=\"fr-FR\" align=\"JUSTIFY\"><span style=\"color: #000000;\"> <span style=\"font-size: small;\">25 %<\/span><\/span><\/p>\n<\/td>\n<\/tr>\n<tr valign=\"TOP\">\n<td width=\"258\">\n<p lang=\"fr-FR\" align=\"JUSTIFY\"><span style=\"color: #000000;\"><span style=\"font-size: small;\">4)\u00a0\u00a0\u00a0 Indice de cr\u00e9dibilit\u00e9 de l&rsquo;effet obtenu, les donn\u00e9es ayant \u00e9t\u00e9 trait\u00e9es selon le test de Student :<\/span><\/span><\/p>\n<p lang=\"fr-FR\" align=\"JUSTIFY\"><span style=\"color: #000000;\"><span style=\"font-size: small;\">t \u00a0\u00a0\u00a0 <\/span><\/span><\/p>\n<p lang=\"fr-FR\" align=\"JUSTIFY\"><span style=\"color: #000000;\"><span style=\"font-size: small;\">p<\/span><\/span><\/p>\n<\/td>\n<td width=\"186\">\n<p lang=\"fr-FR\" align=\"JUSTIFY\"><span style=\"color: #000000;\"><span style=\"font-size: small;\">5.06 <\/span><\/span><\/p>\n<p lang=\"fr-FR\" align=\"JUSTIFY\"><span style=\"color: #000000;\"> <span style=\"font-size: small;\">p &lt; 0,001<\/span><\/span><\/p>\n<\/td>\n<\/tr>\n<\/tbody>\n<\/table>\n<\/dd>\n<\/dl>\n<p lang=\"fr-FR\" align=\"JUSTIFY\"><span style=\"color: #000000;\">\u00a0\u00a0<\/span><\/p>\n<p lang=\"fr-FR\" align=\"JUSTIFY\"><span style=\"color: #000000;\"><span style=\"font-size: small;\"><strong>Rapports des pressions dynamom\u00e9triques exerc\u00e9es par les mains, droite et gauche d&rsquo;un sujet \u00e0 vue normale, \u00e0 deux des couleurs plac\u00e9es dans la bo\u00eete exp\u00e9rimentale (et qu&rsquo;il ne voit donc pas). <\/strong><\/span><\/span><span style=\"color: #000000;\"><span style=\"font-size: small;\"><em><strong>L&rsquo;\u00e9clairage de la pi\u00e8ce \u00e9tait celui de la lumi\u00e8re \u00e9lectrique.<\/strong><\/em><\/span><\/span><\/p>\n<dl>\n<dd>\n<table width=\"381\" border=\"1\" cellspacing=\"0\" cellpadding=\"4\">\n<colgroup>\n<col width=\"258\" \/>\n<col width=\"186\" \/> <\/colgroup>\n<tbody>\n<tr valign=\"TOP\">\n<td rowspan=\"2\" width=\"258\">\n<p lang=\"fr-FR\" align=\"JUSTIFY\"><span style=\"color: #000000;\"><span style=\"font-size: small;\">Conditions de l&rsquo;exp\u00e9rience<\/span><\/span><\/p>\n<\/td>\n<td width=\"186\">\n<p lang=\"fr-FR\" align=\"JUSTIFY\"><span style=\"color: #000000;\"><span style=\"font-size: small;\">Couleurs<\/span><\/span><\/p>\n<\/td>\n<\/tr>\n<tr valign=\"TOP\">\n<td width=\"186\">\n<p lang=\"fr-FR\" align=\"LEFT\"><span style=\"color: #000000;\"><span style=\"font-size: small;\">Bleu clair<\/span><\/span><span style=\"color: #000000;\"><span style=\"font-size: small;\"> \u00a0\u00a0 Rouge<\/span><\/span><\/p>\n<\/td>\n<\/tr>\n<tr valign=\"TOP\">\n<td width=\"258\">\n<p lang=\"fr-FR\" align=\"JUSTIFY\"><span style=\"color: #000000;\"><span style=\"font-size: small;\">1) Nombre d&rsquo;essais \u00a0<\/span><\/span><\/p>\n<\/td>\n<td width=\"186\">\n<p lang=\"fr-FR\" align=\"JUSTIFY\"><span style=\"color: #000000;\"><span style=\"font-size: small;\">32\u00a0\u00a0\u00a0\u00a0\u00a0\u00a0\u00a0\u00a0\u00a0\u00a0\u00a0\u00a0 32<\/span><\/span><\/p>\n<\/td>\n<\/tr>\n<tr valign=\"TOP\">\n<td width=\"258\">\n<p lang=\"fr-FR\" align=\"JUSTIFY\"><span style=\"color: #000000;\"><span style=\"font-size: small;\">2) Grandeur moyenne des pressions \u00a0<\/span><\/span><\/p>\n<\/td>\n<td width=\"186\">\n<p lang=\"fr-FR\" align=\"JUSTIFY\"><span style=\"color: #000000;\"><span style=\"font-size: small;\">1<\/span><\/span><span style=\"color: #000000;\"><span style=\"font-size: small;\">7<\/span><\/span><span style=\"color: #000000;\"><span style=\"font-size: small;\">\u00a0\u00a0\u00a0\u00a0\u00a0\u00a0\u00a0\u00a0\u00a0\u00a0\u00a0\u00a0 20<\/span><\/span><\/p>\n<\/td>\n<\/tr>\n<tr valign=\"TOP\">\n<td width=\"258\">\n<p lang=\"fr-FR\" align=\"JUSTIFY\"><span style=\"color: #000000;\"><span style=\"font-size: small;\">3) Pourcentage de l&rsquo;augmentation de la pression sous l&rsquo;effet du rouge (effet dit n\u00e9gatif) <\/span><\/span><\/p>\n<\/td>\n<td width=\"186\">\n<p lang=\"fr-FR\" align=\"JUSTIFY\"><span style=\"color: #000000;\"><span style=\"font-size: small;\">17.6<\/span><\/span><span style=\"color: #000000;\"><span style=\"font-size: small;\"> %<\/span><\/span><\/p>\n<\/td>\n<\/tr>\n<tr valign=\"TOP\">\n<td width=\"258\">\n<p lang=\"fr-FR\" align=\"JUSTIFY\"><span style=\"color: #000000;\"><span style=\"font-size: small;\">4)\u00a0\u00a0\u00a0 Indice de cr\u00e9dibilit\u00e9 de l&rsquo;effet obtenu, les donn\u00e9es ayant \u00e9t\u00e9 trait\u00e9es selon le test de Student :<\/span><\/span><\/p>\n<p lang=\"fr-FR\" align=\"JUSTIFY\"><span style=\"color: #000000;\"><span style=\"font-size: small;\">t \u00a0\u00a0\u00a0 <\/span><\/span><\/p>\n<p lang=\"fr-FR\" align=\"JUSTIFY\"><span style=\"color: #000000;\"><span style=\"font-size: small;\">p<\/span><\/span><\/p>\n<\/td>\n<td width=\"186\">\n<p lang=\"fr-FR\" align=\"JUSTIFY\"><span style=\"color: #000000;\"><span style=\"font-size: small;\">6.<\/span><\/span><span style=\"color: #000000;\"><span style=\"font-size: small;\">00<\/span><\/span><\/p>\n<p lang=\"fr-FR\" align=\"JUSTIFY\"><span style=\"color: #000000;\"> <span style=\"font-size: small;\">p &lt; 0,001<\/span><\/span><\/p>\n<\/td>\n<\/tr>\n<\/tbody>\n<\/table>\n<\/dd>\n<\/dl>\n<p lang=\"fr-FR\" align=\"JUSTIFY\"><span style=\"color: #000000;\"><span style=\"font-size: small;\">Si l&rsquo;indice t indique que p &lt; 0,001 cela signifie que si les essais \u00e9taient poursuivis jusqu&rsquo;\u00e0 1000 on peut s&rsquo;attendre \u00e0 ce que pour 999 d&rsquo;entre eux la pression sera plus forte pour le rouge.<\/span><\/span><\/p>\n<p lang=\"fr-FR\" align=\"JUSTIFY\"><strong><span style=\"color: #000000;\"><span style=\"font-size: small;\">Comparaison des pressions dynamom\u00e9triques obtenues par 2 sujets \u00e0 vue normale tenant, dans la bo\u00eete exp\u00e9rimentale, le dynamom\u00e8tre dans la main droite. <\/span><\/span><span style=\"color: #000000;\"><span style=\"font-size: small;\">Les<\/span><\/span><span style=\"color: #000000;\"><span style=\"font-size: small;\"> couleurs \u00e9tant successivement tenues dans la main gauche. (La lumi\u00e8re a \u00e9t\u00e9 celle du jour pour un sujet, pour l&rsquo;autre ce fut la lumi\u00e8re \u00e9lectrique.)<\/span><\/span><\/strong><\/p>\n<dl>\n<dd>\n<table width=\"523\" cellspacing=\"0\" cellpadding=\"4\">\n<colgroup>\n<col width=\"117\" \/>\n<col width=\"52\" \/>\n<col width=\"56\" \/>\n<col width=\"49\" \/>\n<col width=\"62\" \/>\n<col width=\"75\" \/>\n<col width=\"54\" \/> <\/colgroup>\n<tbody>\n<tr valign=\"TOP\">\n<td width=\"117\">\n<p lang=\"fr-FR\" align=\"JUSTIFY\"><span style=\"color: #000000;\"><span style=\"font-size: small;\">Conditions de l&rsquo;exp\u00e9rience<\/span><\/span><\/p>\n<\/td>\n<td colspan=\"6\" width=\"388\">\n<p lang=\"fr-FR\" align=\"JUSTIFY\"><span style=\"color: #000000;\"><span style=\"font-size: small;\">Couleurs<\/span><\/span><\/p>\n<p lang=\"fr-FR\" align=\"JUSTIFY\"><span style=\"color: #000000;\"><span style=\"font-size: small;\">Noir\u00a0\u00a0\u00a0\u00a0\u00a0 Bleu clair\u00a0\u00a0 Vert\u00a0\u00a0\u00a0\u00a0 Jaune\u00a0\u00a0\u00a0\u00a0\u00a0 Orange\u00a0\u00a0\u00a0\u00a0\u00a0\u00a0 Rouge<\/span><\/span><\/p>\n<\/td>\n<\/tr>\n<tr valign=\"TOP\">\n<td width=\"117\">\n<p lang=\"fr-FR\" align=\"LEFT\"><span style=\"color: #000000;\"><span style=\"font-size: small;\">1)\u00a0Nombre d&rsquo;essais \u00a0\u00a0\u00a0 <\/span><\/span><\/p>\n<p lang=\"fr-FR\" align=\"LEFT\"><span style=\"color: #000000;\"><span style=\"font-size: small;\">2)\u00a0Grandeur moyenne des pressions<\/span><\/span><\/p>\n<\/td>\n<td width=\"52\">\n<p lang=\"fr-FR\" align=\"JUSTIFY\">29<\/p>\n<p lang=\"fr-FR\" align=\"JUSTIFY\">33<\/p>\n<\/td>\n<td width=\"56\">\n<p lang=\"fr-FR\" align=\"JUSTIFY\">29<\/p>\n<p lang=\"fr-FR\" align=\"JUSTIFY\">26<\/p>\n<\/td>\n<td width=\"49\">\n<p lang=\"fr-FR\" align=\"JUSTIFY\">29<\/p>\n<p lang=\"fr-FR\" align=\"JUSTIFY\">28<\/p>\n<\/td>\n<td width=\"62\">\n<p lang=\"fr-FR\" align=\"JUSTIFY\">29<\/p>\n<p lang=\"fr-FR\" align=\"JUSTIFY\">28<\/p>\n<\/td>\n<td width=\"75\">\n<p lang=\"fr-FR\" align=\"JUSTIFY\">29<\/p>\n<p lang=\"fr-FR\" align=\"JUSTIFY\">29<\/p>\n<\/td>\n<td width=\"54\">\n<p lang=\"fr-FR\" align=\"JUSTIFY\">29<\/p>\n<p lang=\"fr-FR\" align=\"JUSTIFY\">30<\/p>\n<\/td>\n<\/tr>\n<\/tbody>\n<\/table>\n<\/dd>\n<\/dl>\n<p lang=\"fr-FR\" align=\"CENTER\"><strong><span style=\"color: #000000;\"><span style=\"font-size: small;\">R\u00e9partition des pressions selon les couleurs<\/span><\/span><\/strong><\/p>\n<p lang=\"fr-FR\" align=\"JUSTIFY\"><a href=\"http:\/\/www.revue3emillenaire.com\/blog\/wp-content\/uploads\/2013\/04\/dermo.jpg\"><img loading=\"lazy\" decoding=\"async\" class=\"aligncenter size-medium wp-image-13429\" title=\"dermo\" src=\"http:\/\/www.revue3emillenaire.com\/blog\/wp-content\/uploads\/2013\/04\/dermo-300x149.jpg\" alt=\"\" width=\"300\" height=\"149\" srcset=\"https:\/\/www.revue3emillenaire.com\/blog\/wp-content\/uploads\/2013\/04\/dermo-300x149.jpg 300w, https:\/\/www.revue3emillenaire.com\/blog\/wp-content\/uploads\/2013\/04\/dermo.jpg 772w\" sizes=\"auto, (max-width: 300px) 100vw, 300px\" \/><\/a><\/p>\n<p lang=\"fr-FR\" align=\"JUSTIFY\"><em><span style=\"color: #000000;\"><span style=\"font-size: small;\">Ce tableau montre que les pressions vont en d\u00e9clinant du rouge au bleu clair, dans l&rsquo;ordre du prisme.<\/span><\/span><\/em><\/p>\n<p lang=\"fr-FR\" align=\"JUSTIFY\"><em><span style=\"color: #000000;\"><span style=\"font-size: small;\">Le noir qui cache au fond le bleu fonc\u00e9 et le violet et que nous n&rsquo;avions pas pens\u00e9 \u00e0 sonder, ignorant que les r\u00e9sultats que nous allions obtenir se r\u00e9partiraient dans l&rsquo;ordre du prisme, comme de son c\u00f4t\u00e9 le Pr A.S. Novomeysky, par d&rsquo;autres m\u00e9thodes, que nous n&rsquo;indiquerons pas dans cet article, a pu l&rsquo;observer, induit la pression la plus forte.<\/span><\/span><\/em><\/p>\n<p lang=\"fr-FR\" align=\"JUSTIFY\"><em><span style=\"color: #000000;\"><span style=\"font-size: small;\">Ceci confirme, une fois de plus, que l&rsquo;on n&rsquo;est pas sur le plan de la perception extra-sensorielle mais sur celui de la physique.<\/span><\/span><\/em><\/p>\n<p lang=\"fr-FR\" align=\"JUSTIFY\"><span style=\"color: #000000;\"><span style=\"font-size: small;\">Quant aux m\u00e9thodes subjectives elles consistent \u00e0 d\u00e9velopper une prise de conscience de ces impressions inh\u00e9rentes, r\u00e9p\u00e9tons-le, \u00e0 tout \u00eatre humain.<\/span><\/span><\/p>\n<p lang=\"fr-FR\" align=\"JUSTIFY\"><span style=\"color: #000000;\"><span style=\"font-size: small;\">Le passage de la sensibilit\u00e9 \u00e0 la perception dermo-optique est en effet comparable au d\u00e9veloppement de la sensibilit\u00e9 musicale qui affine l&rsquo;ou\u00efe, ou \u00e0 celui de la sensibilit\u00e9 d&rsquo;un peintre capable de diff\u00e9rencier les plus subtiles nuances des couleurs.<\/span><\/span><\/p>\n<p lang=\"fr-FR\" align=\"JUSTIFY\"><span style=\"color: #000000;\"><span style=\"font-size: small;\">Un sujet, aveugle accidentel, ne partant plus de la vue, par d\u00e9finition, arrivera \u00e0 dire qu&rsquo;une couleur est jaune parce qu&rsquo;elle lui donne l&rsquo;impression d&rsquo;\u00eatre lisse et que telle autre est verte parce qu&rsquo;elle induit dans la paume de sa main telle ou telle impression d&rsquo;\u00e9paisseur.<\/span><\/span><\/p>\n<p lang=\"fr-FR\" align=\"JUSTIFY\"><span style=\"color: #000000;\"><span style=\"font-size: small;\">Et si le Pr Novomeysky a appel\u00e9 ce ph\u00e9nom\u00e8ne \u00ab perception dermo-optique \u00bb c&rsquo;est qu&rsquo;il pr\u00e9sente non seulement des analogies avec le langage tactile, utilis\u00e9 par les sujets pour d\u00e9crire leurs impressions mais aussi avec les lois de la perception visuelle normale des couleurs, comme celles de compl\u00e9mentarit\u00e9 de contraste.<\/span><\/span><\/p>\n<p lang=\"fr-FR\" align=\"JUSTIFY\"><span style=\"color: #000000;\"><span style=\"font-size: small;\">Cette m\u00e9thode introspective que nous utilisons avec des volontaires consiste \u00e0 montrer qu&rsquo;\u00e0 partir de ces impressions thermiques, pond\u00e9rales, etc., induites par les couleurs, le sujet arrive \u00e0 raisonner de plus en plus explicitement selon les impressions \u00e9prouv\u00e9es.<\/span><\/span><\/p>\n<p lang=\"fr-FR\" align=\"JUSTIFY\"><span style=\"color: #000000;\"><span style=\"font-size: small;\">Tous nos sujets \u2014 volontaires \u2014 sont test\u00e9s en ayant leurs deux mains pass\u00e9es dans des manches opaques fix\u00e9es sur des ouvertures circulaires d&rsquo;une bo\u00eete qui fait \u00e9cran \u00e0 leur regard. Au d\u00e9but de l&rsquo;entra\u00eenement, l&rsquo;exp\u00e9rimentateur, assis derri\u00e8re eux, ou mieux un magn\u00e9tophone, note les impressions qu&rsquo;ils d\u00e9crivent verbalement et qui sont induites par les stimuli color\u00e9s. Ceux-ci sont plac\u00e9s dans la bo\u00eete, pr\u00e9alablement aux essais et recouverts d&rsquo;un \u00e9cran transparent (plastique ou verre).<\/span><\/span><\/p>\n<p lang=\"fr-FR\" align=\"JUSTIFY\"><span style=\"color: #000000;\"><span style=\"font-size: small;\">L&rsquo;\u00e9clairage ambiant est soit celui du jour, soit celui de la lumi\u00e8re \u00e9lectrique, parfois m\u00eame le sujet exp\u00e9rimente dans l&rsquo;obscurit\u00e9.<\/span><\/span><\/p>\n<p lang=\"fr-FR\" align=\"JUSTIFY\"><span style=\"color: #000000;\"><span style=\"font-size: small;\">Les sujets proc\u00e8dent tant\u00f4t par contact de la paume de la main avec les stimuli tant\u00f4t en la pla\u00e7ant \u00e0 5 cm ou plus au-dessus.<\/span><\/span><\/p>\n<p lang=\"fr-FR\" align=\"JUSTIFY\"><span style=\"color: #000000;\"><span style=\"font-size: small;\">Ils d\u00e9tectent les couleurs par des impressions diff\u00e9renci\u00e9es et ne parviennent que tr\u00e8s rarement \u00e0 reconna\u00eetre une seule couleur \u00e0 la fois. Et ce sont surtout par des impressions de poids ou d&rsquo;\u00e9paisseur, quelquefois de lisse ou de rugueux, de chaud et de froid qu&rsquo;ils diff\u00e9rencient telle couleur par rapport \u00e0 telle autre ou qu&rsquo;ils classent de 4 \u00e0 6 couleurs.<\/span><\/span><\/p>\n<p lang=\"fr-FR\" align=\"JUSTIFY\"><span style=\"color: #000000;\"><span style=\"font-size: small;\">Il est \u00e0 souligner qu&rsquo;ils les r\u00e9partissent souvent dans l&rsquo;ordre du prisme, c&rsquo;est-\u00e0-dire du bleu au rouge, le bleu paraissant plus l\u00e9ger par exemple, et le rouge plus lourd. Le violet se situe soit avant le bleu, soit apr\u00e8s le rouge.<\/span><\/span><\/p>\n<p lang=\"fr-FR\" align=\"JUSTIFY\"><span style=\"color: #000000;\"><span style=\"font-size: small;\">La mati\u00e8re du stimulus doit varier : papier, carton, plastique rigide, souple, etc&#8230; <\/span><\/span><\/p>\n<p lang=\"fr-FR\" align=\"JUSTIFY\"><span style=\"color: #000000;\"><span style=\"font-size: small;\">Les tailles des stimuli vont de 25\/12 cm \u00e0 5\/2 cm, puis \u00e0 2\/2 cm, etc&#8230; Les volumes jouent \u00e9galement leur r\u00f4le : bo\u00eetes cylindriques, cubes, etc., qui, parfois sont plus difficiles \u00e0 identifier.<\/span><\/span><\/p>\n<p lang=\"fr-FR\" align=\"JUSTIFY\"><span style=\"color: #000000;\"><span style=\"font-size: small;\">Tous les sujets h\u00e9sitent \u00e0 d\u00e9signer les couleurs par leurs noms et pr\u00e9f\u00e8rent les d\u00e9signer par les impressions qui les caract\u00e9risent et qui, r\u00e9p\u00e9tons-le, sont non visuelles.<\/span><\/span><\/p>\n<p lang=\"fr-FR\" align=\"CENTER\"><strong><span style=\"color: #000000;\"><span style=\"font-size: small;\">M\u00e9thode subjective de d\u00e9veloppement de la perception dermo-optique<\/span><\/span><\/strong><\/p>\n<p lang=\"fr-FR\" align=\"JUSTIFY\"><a href=\"http:\/\/www.revue3emillenaire.com\/blog\/wp-content\/uploads\/2013\/04\/dermo2.jpg\"><img loading=\"lazy\" decoding=\"async\" class=\"aligncenter size-medium wp-image-13430\" title=\"dermo2\" src=\"http:\/\/www.revue3emillenaire.com\/blog\/wp-content\/uploads\/2013\/04\/dermo2-300x257.jpg\" alt=\"\" width=\"300\" height=\"257\" srcset=\"https:\/\/www.revue3emillenaire.com\/blog\/wp-content\/uploads\/2013\/04\/dermo2-300x257.jpg 300w, https:\/\/www.revue3emillenaire.com\/blog\/wp-content\/uploads\/2013\/04\/dermo2.jpg 329w\" sizes=\"auto, (max-width: 300px) 100vw, 300px\" \/><\/a><\/p>\n<p lang=\"fr-FR\" align=\"JUSTIFY\"><em><span style=\"color: #000000;\"><span style=\"font-size: small;\">Le sujet essaye de diff\u00e9rencier par des impressions, autres que visuelles, un papier jaune d&rsquo;un papier bleu clair. Au-dessus de la boite <\/span><\/span><span style=\"color: #000000;\"><span style=\"font-size: small;\">exp\u00e9rimentale<\/span><\/span><span style=\"color: #000000;\"><span style=\"font-size: small;\"> de gauche \u00e0 droite de la photo se trouent : le magn\u00e9tophone enregistrant les impressions (de poids, d&rsquo;\u00e9paisseur, etc.) induites dans les mains du sujet par les couleurs, un p\u00e8se-lettres pour la v\u00e9rification de l&rsquo;\u00e9galise de poids des stimuli, un thermom\u00e8tre et un hygrom\u00e8tre indiquant le degr\u00e9 d&rsquo;humidit\u00e9 de l&rsquo;air ambiant. De <\/span><\/span><span style=\"color: #000000;\"><span style=\"font-size: small;\">gauche<\/span><\/span><span style=\"color: #000000;\"><span style=\"font-size: small;\"> \u00e0 droite sur la table : le dynamom\u00e8tre, un <\/span><\/span><span style=\"color: #000000;\"><span style=\"font-size: small;\">chronom\u00e8tre<\/span><\/span><span style=\"color: #000000;\"><span style=\"font-size: small;\"> pour mesurer les <\/span><\/span><span style=\"color: #000000;\"><span style=\"font-size: small;\">diff\u00e9rences<\/span><\/span><span style=\"color: #000000;\"><span style=\"font-size: small;\"> de vitesse de d\u00e9tection des couleurs, un appareil permettant de faire carier l&rsquo;\u00e9clairage et d&rsquo;obtenir l&rsquo;obscurit\u00e9 compl\u00e8te (<\/span><\/span><span style=\"color: #000000;\"><span style=\"font-size: small;\">\u00e0<\/span><\/span><span style=\"color: #000000;\"><span style=\"font-size: small;\"> l&rsquo;insu du sujet s&rsquo;il est aveugle). La boite exp\u00e9rimentale repose sur une plaque de verre isol\u00e9e par des rondelles de caoutchouc du bois de lis table selon la disposition utilis\u00e9e par le Pr. A.S. <\/span><\/span><span style=\"color: #000000;\"><span style=\"font-size: small;\">Nov<\/span><\/span><span style=\"color: #000000;\"><span style=\"font-size: small;\">omeysk<\/span><\/span><span style=\"color: #000000;\"><span style=\"font-size: small;\">y<\/span><\/span><span style=\"color: #000000;\"><span style=\"font-size: small;\">.<\/span><\/span><\/em><\/p>\n<p lang=\"fr-FR\" align=\"CENTER\"><strong><span style=\"color: #000000;\"><span style=\"font-size: small;\">M\u00e9thode subjective de d\u00e9veloppement de la perception dermo-optique<\/span><\/span><\/strong><\/p>\n<p lang=\"fr-FR\" align=\"JUSTIFY\"><a href=\"http:\/\/www.revue3emillenaire.com\/blog\/wp-content\/uploads\/2013\/04\/dermo4.jpg\"><img loading=\"lazy\" decoding=\"async\" class=\"aligncenter size-medium wp-image-13431\" title=\"dermo4\" src=\"http:\/\/www.revue3emillenaire.com\/blog\/wp-content\/uploads\/2013\/04\/dermo4-300x254.jpg\" alt=\"\" width=\"300\" height=\"254\" srcset=\"https:\/\/www.revue3emillenaire.com\/blog\/wp-content\/uploads\/2013\/04\/dermo4-300x254.jpg 300w, https:\/\/www.revue3emillenaire.com\/blog\/wp-content\/uploads\/2013\/04\/dermo4.jpg 325w\" sizes=\"auto, (max-width: 300px) 100vw, 300px\" \/><\/a><\/p>\n<p lang=\"fr-FR\" align=\"JUSTIFY\"><em><span style=\"color: #000000;\"><span style=\"font-size: small;\">Diff\u00e9renciation des <\/span><\/span><span style=\"color: #000000;\"><span style=\"font-size: small;\">c<\/span><\/span><span style=\"color: #000000;\"><span style=\"font-size: small;\">ouleurs sans contact de la main avec le <\/span><\/span><span style=\"color: #000000;\"><span style=\"font-size: small;\">v<\/span><\/span><span style=\"color: #000000;\"><span style=\"font-size: small;\">erre les recouvrant. Les 2 boites sur la droite de la photo permettent de <\/span><\/span><span style=\"color: #000000;\"><span style=\"font-size: small;\">v<\/span><\/span><span style=\"color: #000000;\"><span style=\"font-size: small;\">oir que le support du papier, et le verre, pe<\/span><\/span><span style=\"color: #000000;\"><span style=\"font-size: small;\">uv<\/span><\/span><span style=\"color: #000000;\"><span style=\"font-size: small;\">ent <\/span><\/span><span style=\"color: #000000;\"><span style=\"font-size: small;\">\u00eatre<\/span><\/span><span style=\"color: #000000;\"><span style=\"font-size: small;\"> plac\u00e9s \u00e0 trois hauteurs diff\u00e9rentes.<\/span><\/span><\/em><\/p>\n<p lang=\"fr-FR\" align=\"CENTER\"><strong><span style=\"color: #000000;\"><span style=\"font-size: small;\">M\u00e9thode subjective de d\u00e9veloppement de la perception dermo-optique<\/span><\/span><\/strong><\/p>\n<p lang=\"fr-FR\" align=\"JUSTIFY\"><a href=\"http:\/\/www.revue3emillenaire.com\/blog\/wp-content\/uploads\/2013\/04\/dermo3.jpg\"><img loading=\"lazy\" decoding=\"async\" class=\"aligncenter size-medium wp-image-13432\" title=\"dermo3\" src=\"http:\/\/www.revue3emillenaire.com\/blog\/wp-content\/uploads\/2013\/04\/dermo3-242x300.jpg\" alt=\"\" width=\"242\" height=\"300\" srcset=\"https:\/\/www.revue3emillenaire.com\/blog\/wp-content\/uploads\/2013\/04\/dermo3-242x300.jpg 242w, https:\/\/www.revue3emillenaire.com\/blog\/wp-content\/uploads\/2013\/04\/dermo3.jpg 299w\" sizes=\"auto, (max-width: 242px) 100vw, 242px\" \/><\/a><\/p>\n<p lang=\"fr-FR\" align=\"JUSTIFY\"><em><span style=\"color: #000000;\"><span style=\"font-size: small;\">Diff\u00e9renciation de <\/span><\/span><span style=\"color: #000000;\"><span style=\"font-size: small;\">c<\/span><\/span><span style=\"color: #000000;\"><span style=\"font-size: small;\">ouleurs : jaune, bleu fonc\u00e9, blanc, noir, mises sous des plaques de <\/span><\/span><span style=\"color: #000000;\"><span style=\"font-size: small;\">v<\/span><\/span><span style=\"color: #000000;\"><span style=\"font-size: small;\">erre de 2 mm d&rsquo;\u00e9paisseur, par les impressions induites dans la main du sujet.<\/span><\/span><\/em><\/p>\n<p lang=\"fr-FR\" align=\"CENTER\"><strong><span style=\"color: #000000;\"><span style=\"font-size: small;\">M\u00e9thode subjective de d\u00e9veloppement de la perception dermo-optique<\/span><\/span><\/strong><\/p>\n<p lang=\"fr-FR\" align=\"JUSTIFY\"><a href=\"http:\/\/www.revue3emillenaire.com\/blog\/wp-content\/uploads\/2013\/04\/dermo5.jpg\"><img loading=\"lazy\" decoding=\"async\" class=\"aligncenter size-medium wp-image-13433\" title=\"dermo5\" src=\"http:\/\/www.revue3emillenaire.com\/blog\/wp-content\/uploads\/2013\/04\/dermo5-300x155.jpg\" alt=\"\" width=\"300\" height=\"155\" srcset=\"https:\/\/www.revue3emillenaire.com\/blog\/wp-content\/uploads\/2013\/04\/dermo5-300x155.jpg 300w, https:\/\/www.revue3emillenaire.com\/blog\/wp-content\/uploads\/2013\/04\/dermo5.jpg 367w\" sizes=\"auto, (max-width: 300px) 100vw, 300px\" \/><\/a><\/p>\n<p lang=\"fr-FR\" align=\"JUSTIFY\"><em><span style=\"color: #000000;\"><span style=\"font-size: small;\">Les stimuli sont des points de couleur (vert, noir, jaune, bleu clair) dont le nombre et la r\u00e9partition permettent de d\u00e9tecter des seuils de sensibilit\u00e9 de la perception dermo-optique. Ils sont plac\u00e9s sous verre.<\/span><\/span><\/em><\/p>\n<p lang=\"fr-FR\" align=\"JUSTIFY\"><span style=\"color: #000000;\"><span style=\"font-size: small;\"><em>Conclusion<\/em><\/span><\/span><\/p>\n<p lang=\"fr-FR\" align=\"JUSTIFY\"><span style=\"color: #000000;\"><span style=\"font-size: small;\">Ainsi, comme nous l&rsquo;avions soup\u00e7onn\u00e9 au d\u00e9but de cette \u00e9tude, tout concourt \u00e0 diff\u00e9rencier les ph\u00e9nom\u00e8nes de t\u00e9l\u00e9pathie, de clairvoyance ou de pr\u00e9cognition de ceux de la sensibilit\u00e9 dermo-optique. Et nous nous permettons de bien marquer cette diff\u00e9renciation dans le tableau qui suit :<\/span><\/span><\/p>\n<p lang=\"fr-FR\" align=\"CENTER\"><span style=\"color: #000000;\"><span style=\"font-size: small;\"><strong>Diff\u00e9rences entre la perception extra-sensorielle et la perception dermo-optique<\/strong><\/span><\/span><\/p>\n<dl>\n<dd>\n<table width=\"492\" border=\"1\" cellspacing=\"0\" cellpadding=\"7\">\n<colgroup>\n<col width=\"225\" \/>\n<col width=\"237\" \/> <\/colgroup>\n<tbody>\n<tr valign=\"TOP\">\n<td width=\"225\">\n<p lang=\"fr-FR\" align=\"CENTER\"><span style=\"font-size: x-small;\"><strong><span style=\"color: #000000;\"><span style=\"text-decoration: underline;\">La perception extra-sensorielle<\/span><\/span><\/strong><\/span><\/p>\n<p lang=\"fr-FR\" align=\"JUSTIFY\"><span style=\"font-size: x-small;\"><span style=\"color: #000000;\">Conditions liminaires : Les exp\u00e9riences de t\u00e9l\u00e9pathie, de clairvoyance&#8230; peuvent se faire \u00e0 des distances de plusieurs milliers de kilom\u00e8tres&#8230;<\/span><\/span><\/p>\n<p lang=\"fr-FR\" align=\"JUSTIFY\">\n<\/td>\n<td width=\"237\">\n<p lang=\"fr-FR\" align=\"CENTER\"><span style=\"font-size: x-small;\"><strong><span style=\"color: #000000;\"><span style=\"text-decoration: underline;\">La perception dermo-optique<\/span><\/span><\/strong><\/span><\/p>\n<p lang=\"fr-FR\" align=\"JUSTIFY\"><span style=\"font-size: x-small;\"><span style=\"color: #000000;\">&#8230; ce qui n&rsquo;est pas le cas des ph\u00e9nom\u00e8nes de sensibilit\u00e9 dermo-optique, les stimuli sont dans la m\u00eame pi\u00e8ce que le sujet et au voisinage de sa main.<\/span><\/span><\/p>\n<p lang=\"fr-FR\" align=\"JUSTIFY\">\n<\/td>\n<\/tr>\n<tr valign=\"TOP\">\n<td width=\"225\">\n<p lang=\"fr-FR\" align=\"JUSTIFY\"><span style=\"font-size: x-small;\"><span style=\"color: #000000;\">Des cas spontan\u00e9s se produisent depuis longtemps et sont relat\u00e9s dans les annales de toutes les soci\u00e9t\u00e9s de recherches psychiques.<\/span><\/span><\/p>\n<\/td>\n<td width=\"237\">\n<p lang=\"fr-FR\" align=\"JUSTIFY\"><span style=\"font-size: x-small;\"><span style=\"color: #000000;\">La mise en \u00e9vidence de ces ph\u00e9nom\u00e8nes est relativement r\u00e9cente.<\/span><\/span><\/p>\n<\/td>\n<\/tr>\n<tr valign=\"TOP\">\n<td width=\"225\">\n<p lang=\"fr-FR\" align=\"JUSTIFY\"><span style=\"font-size: x-small;\"><span style=\"color: #000000;\">Aucun entra\u00eenement ne semble indispensable.<\/span><\/span><\/p>\n<p lang=\"fr-FR\" align=\"JUSTIFY\">\n<\/td>\n<td width=\"237\">\n<p lang=\"fr-FR\" align=\"JUSTIFY\"><span style=\"font-size: x-small;\"><span style=\"color: #000000;\">Les r\u00e9sultats sont acquis par entra\u00eenement.<\/span><\/span><\/p>\n<p lang=\"fr-FR\" align=\"JUSTIFY\">\n<\/td>\n<\/tr>\n<tr valign=\"TOP\">\n<td width=\"225\">\n<p lang=\"fr-FR\" align=\"JUSTIFY\"><span style=\"font-size: x-small;\"><span style=\"color: #000000;\">En ce qui concerne les sujets \u00e9tudi\u00e9s, les effets sont beaucoup plus spectaculaires avec des m\u00e9diums ou des \u00ab\u00a0sensitifs\u00a0\u00bb ou du moins avec des sujets s\u00e9lectionn\u00e9s \u00e0 l&rsquo;aide de tests statistiques.<\/span><\/span><\/p>\n<p lang=\"fr-FR\" align=\"JUSTIFY\">\n<\/td>\n<td width=\"237\">\n<p lang=\"fr-FR\" align=\"JUSTIFY\"><span style=\"font-size: x-small;\"><span style=\"color: #000000;\">Au contraire pour ces ph\u00e9nom\u00e8nes, les sujets peuvent \u00eatre ordinaires (il y en a un sur six) mais il faut, comme on l&rsquo;a dit plus haut, les entra\u00eener individuellement et leur activit\u00e9 est vite \u00e9puisante avec des hauts et des bas.<\/span><\/span><\/p>\n<\/td>\n<\/tr>\n<tr valign=\"TOP\">\n<td width=\"225\">\n<p lang=\"fr-FR\" align=\"JUSTIFY\"><span style=\"font-size: x-small;\"><span style=\"color: #000000;\">En ce qui concerne la m\u00e9thode de pens\u00e9e il s&rsquo;agit d&rsquo;une sorte de divination, d&rsquo;intuition.<\/span><\/span><\/p>\n<p lang=\"fr-FR\" align=\"JUSTIFY\">\n<\/td>\n<td width=\"237\">\n<p lang=\"fr-FR\" align=\"JUSTIFY\"><span style=\"font-size: x-small;\"><span style=\"color: #000000;\">Il s&rsquo;agit ici, nous le r\u00e9p\u00e9tons, d&rsquo;un raisonnement analytique (implicite souvent) mais sur des impressions.<\/span><\/span><\/p>\n<\/td>\n<\/tr>\n<tr valign=\"TOP\">\n<td width=\"225\">\n<p lang=\"fr-FR\" align=\"JUSTIFY\"><span style=\"font-size: x-small;\"><span style=\"color: #000000;\">Les r\u00e9sultats observ\u00e9s dans ces ph\u00e9nom\u00e8nes avec des sujets ordinaires s\u00e9lectionn\u00e9s ne d\u00e9passent gu\u00e8re le double de la probabilit\u00e9 : (48 % au lieu de 20 % par exemple avec des tests faits avec les cartes de Zener).<\/span><\/span><\/p>\n<p lang=\"fr-FR\" align=\"JUSTIFY\">\n<\/td>\n<td width=\"237\">\n<p lang=\"fr-FR\" align=\"JUSTIFY\"><span style=\"font-size: x-small;\"><span style=\"color: #000000;\">Ils arrivent \u00e0 \u00eatre exacts dans les conditions que nous avons indiqu\u00e9es plus haut.<\/span><\/span><\/p>\n<p lang=\"fr-FR\" align=\"JUSTIFY\">\n<\/td>\n<\/tr>\n<tr valign=\"TOP\">\n<td width=\"225\">\n<p lang=\"fr-FR\" align=\"JUSTIFY\"><span style=\"font-size: x-small;\"><span style=\"color: #000000;\">Les r\u00e9sultats sont souvent difficiles \u00e0 r\u00e9p\u00e9ter.<\/span><\/span><\/p>\n<p lang=\"fr-FR\" align=\"JUSTIFY\">\n<\/td>\n<td width=\"237\">\n<p lang=\"fr-FR\" align=\"JUSTIFY\"><span style=\"font-size: x-small;\"><span style=\"color: #000000;\">Les r\u00e9sultats sont stables une fois acquis. Seules les conditions de sant\u00e9, les pr\u00e9occupations, l&rsquo;interruption de l&rsquo;entra\u00eenement peuvent les faire dispara\u00eetre.<\/span><\/span><\/p>\n<\/td>\n<\/tr>\n<tr valign=\"TOP\">\n<td width=\"225\">\n<p lang=\"fr-FR\" align=\"JUSTIFY\"><span style=\"font-size: x-small;\"><span style=\"color: #000000;\">Les stimuli consistent dans les cartes de Zener, des images&#8230; qu&rsquo;il s&rsquo;agit de deviner (voir plus haut) sans que les sens n&rsquo;interviennent d&rsquo;o\u00f9 l&rsquo;expression d&rsquo;extrasensorielle qualifiant cette perception. De plus, les signes graphiques peuvent \u00eatre bien reconnus.<\/span><\/span><\/p>\n<\/td>\n<td width=\"237\">\n<p lang=\"fr-FR\" align=\"JUSTIFY\"><span style=\"font-size: x-small;\"><span style=\"color: #000000;\">Au contraire, on a affaire le plus souvent \u00e0 des couleurs et mieux toujours \u00e0 plusieurs \u00e0 la fois de mani\u00e8re \u00e0 ce que le sujet puisse raisonner sur des impressions diff\u00e9renci\u00e9es. Les signes graphiques sont rarement reconnus.<\/span><\/span><\/p>\n<p lang=\"fr-FR\" align=\"JUSTIFY\">\n<\/td>\n<\/tr>\n<tr valign=\"TOP\">\n<td width=\"225\">\n<p lang=\"fr-FR\" align=\"JUSTIFY\"><span style=\"font-size: x-small;\"><span style=\"color: #000000;\">L&rsquo;\u00e9valuation des exp\u00e9riences se fait surtout pour leur signification statistique. Des r\u00e9sultats peuvent montrer que certaines formes ou certaines couleurs sont mieux \u00ab\u00a0per\u00e7ues \u00bb que d&rsquo;autres dans des conditions \u00e0 d\u00e9terminer.<\/span><\/span><\/p>\n<\/td>\n<td width=\"237\">\n<p lang=\"fr-FR\" align=\"JUSTIFY\"><span style=\"font-size: x-small;\"><span style=\"color: #000000;\">L&rsquo;\u00e9valuation des r\u00e9actions aux couleurs se fait dans l&rsquo;ordre du prisme ce qui implique une hypoth\u00e8se physique.<\/span><\/span><\/p>\n<p lang=\"fr-FR\" align=\"JUSTIFY\">\n<\/td>\n<\/tr>\n<tr valign=\"TOP\">\n<td width=\"225\">\n<p lang=\"fr-FR\" align=\"JUSTIFY\"><span style=\"font-size: x-small;\"><span style=\"color: #000000;\">Degr\u00e9s de conscience : le sujet n&rsquo;est pas, le plus souvent, conscient du suc<\/span><span style=\"color: #000000;\">c<\/span><span style=\"color: #000000;\">\u00e9s ou de l&rsquo;\u00e9chec, il apprend ses r\u00e9sultats par l&rsquo;exp\u00e9rimentateur.<\/span><\/span><\/p>\n<\/td>\n<td width=\"237\">\n<p lang=\"fr-FR\" align=\"JUSTIFY\"><span style=\"font-size: x-small;\"><span style=\"color: #000000;\">Le sujet est conscient de ses impressions et arrive progressivement : \u00e0 les pr\u00e9ciser, et \u00e0 pr\u00e9venir l&rsquo;exp\u00e9rimentateur quand il ne les ressent plus (apr\u00e8s 1\/4 d&rsquo;heure environ).<\/span><\/span><\/p>\n<p lang=\"fr-FR\" align=\"JUSTIFY\">\n<\/td>\n<\/tr>\n<tr valign=\"TOP\">\n<td width=\"225\">\n<p lang=\"fr-FR\" align=\"JUSTIFY\"><span style=\"font-size: x-small;\"><span style=\"color: #000000;\">II y a le plus souvent visualisation du stimulus, m\u00eame quand elle est erron\u00e9e : on \u00ab\u00a0voit\u00a0\u00bb le carr\u00e9 ou la croix (ou la lettre ce qui est tr\u00e8s rare).<\/span><\/span><\/p>\n<\/td>\n<td width=\"237\">\n<p lang=\"fr-FR\" align=\"JUSTIFY\"><span style=\"font-size: x-small;\"><span style=\"color: #000000;\">Aucune formulation de couleurs proprement dites ne se produit, a fortiori dans le cas des aveugles-n\u00e9s (ils n&rsquo;en ont jamais vue) les sujets pr\u00e9f\u00e9rant les caract\u00e9riser, par les impressions qu\u2019ils en ressentent : lourd, l\u00e9ger ; \u00e9pais, mince ; resserr\u00e9 ; lisse, rugueux et aussi chaud, froid, etc&#8230;<\/span><\/span><\/p>\n<\/td>\n<\/tr>\n<tr valign=\"TOP\">\n<td width=\"225\">\n<p lang=\"fr-FR\" align=\"JUSTIFY\"><span style=\"font-size: x-small;\"><span style=\"color: #000000;\">L&rsquo;impression est tout de suite syncr\u00e9tique.<\/span><\/span><\/p>\n<p lang=\"fr-FR\" align=\"JUSTIFY\">\n<\/td>\n<td width=\"237\">\n<p lang=\"fr-FR\" align=\"JUSTIFY\"><span style=\"font-size: x-small;\"><span style=\"color: #000000;\">&#8230; tandis que, nous l&rsquo;avons d\u00e9j\u00e0 dit, le processus ici est analytique.<\/span><\/span><\/p>\n<p lang=\"fr-FR\" align=\"JUSTIFY\">\n<\/td>\n<\/tr>\n<tr valign=\"TOP\">\n<td width=\"225\">\n<p lang=\"fr-FR\" align=\"JUSTIFY\"><span style=\"font-size: x-small;\"><span style=\"color: #000000;\">Les hypoth\u00e8ses explicatives ne sont pas encore d\u00e9finies.<\/span><\/span><\/p>\n<p lang=\"fr-FR\" align=\"JUSTIFY\">\n<\/td>\n<td width=\"237\">\n<p lang=\"fr-FR\" align=\"JUSTIFY\"><span style=\"font-size: x-small;\"><span style=\"color: #000000;\">Des hypoth\u00e8ses physiques selon des lois connues sont plausibles.<\/span><\/span><\/p>\n<p lang=\"fr-FR\" align=\"JUSTIFY\">\n<\/td>\n<\/tr>\n<\/tbody>\n<\/table>\n<\/dd>\n<\/dl>\n<p lang=\"fr-FR\" align=\"CENTER\"><span style=\"color: #000000;\"><span style=\"font-size: small;\"><strong>M\u00e9thode subjective de d\u00e9veloppement de la perception dermo-optique<\/strong><\/span><\/span><\/p>\n<p lang=\"fr-FR\" align=\"JUSTIFY\"><a href=\"http:\/\/www.revue3emillenaire.com\/blog\/wp-content\/uploads\/2013\/04\/dermo6.jpg\"><img loading=\"lazy\" decoding=\"async\" class=\"aligncenter size-medium wp-image-13434\" title=\"dermo6\" src=\"http:\/\/www.revue3emillenaire.com\/blog\/wp-content\/uploads\/2013\/04\/dermo6-300x260.jpg\" alt=\"\" width=\"300\" height=\"260\" srcset=\"https:\/\/www.revue3emillenaire.com\/blog\/wp-content\/uploads\/2013\/04\/dermo6-300x260.jpg 300w, https:\/\/www.revue3emillenaire.com\/blog\/wp-content\/uploads\/2013\/04\/dermo6.jpg 482w\" sizes=\"auto, (max-width: 300px) 100vw, 300px\" \/><\/a><\/p>\n<p lang=\"fr-FR\" align=\"JUSTIFY\"><em><span style=\"color: #000000;\"><span style=\"font-size: small;\">D\u00e9tection par diff\u00e9renciation des impressions induites dans les mains du sujet par des volumes dont les couleurs sont bleu fonc\u00e9 et orange ; les gobelets d\u00e9j\u00e0 class\u00e9s par le sujet ont les couleurs vert, jaune, rouge. Ces gobelets de carton peuvent \u00eatre d\u00e9tect\u00e9s sous un \u00e9cran transparent de plastique en \u00e9tant ins\u00e9r\u00e9s dans des gobelets analogues \u00e0 ceux photographi\u00e9s sur les photos pr\u00e9c\u00e9dentes.<\/span><\/span><\/em><\/p>\n<p lang=\"fr-FR\" align=\"JUSTIFY\"><a href=\"http:\/\/www.revue3emillenaire.com\/blog\/wp-content\/uploads\/2013\/04\/dermo7.jpg\"><img loading=\"lazy\" decoding=\"async\" class=\"aligncenter size-medium wp-image-13435\" title=\"dermo7\" src=\"http:\/\/www.revue3emillenaire.com\/blog\/wp-content\/uploads\/2013\/04\/dermo7-300x234.jpg\" alt=\"\" width=\"300\" height=\"234\" srcset=\"https:\/\/www.revue3emillenaire.com\/blog\/wp-content\/uploads\/2013\/04\/dermo7-300x234.jpg 300w, https:\/\/www.revue3emillenaire.com\/blog\/wp-content\/uploads\/2013\/04\/dermo7.jpg 541w\" sizes=\"auto, (max-width: 300px) 100vw, 300px\" \/><\/a><\/p>\n<p lang=\"fr-FR\" align=\"JUSTIFY\"><em><span style=\"color: #000000;\"><span style=\"font-size: small;\">Chiffres et lettres de couleur rouge, jaune, vert, f<\/span><\/span><span style=\"color: #000000;\"><span style=\"font-size: small;\">i<\/span><\/span><span style=\"color: #000000;\"><span style=\"font-size: small;\">x\u00e9s par aimantation sur un plateau magn\u00e9tique. Le sujet essaye de diff\u00e9rencier leurs couleurs et m\u00eame, parfois, leurs formes, <\/span><\/span><span style=\"color: #000000;\"><span style=\"font-size: small;\">\u00e0<\/span><\/span><span style=\"color: #000000;\"><span style=\"font-size: small;\"> distance.<\/span><\/span><\/em><\/p>\n<p lang=\"fr-FR\" align=\"JUSTIFY\"><span style=\"color: #000000;\"><span style=\"font-size: small;\">Les clich\u00e9s illustrant cet article ont \u00e9t\u00e9 pris dans le laboratoire d&rsquo;Yvonne Duplessis.<\/span><\/span><\/p>\n<p lang=\"fr-FR\" align=\"JUSTIFY\"><span style=\"color: #000000;\"><span style=\"font-size: small;\">De sorte que si les ph\u00e9nom\u00e8nes \u00e9tudi\u00e9s par la parapsychologie sont encore tr\u00e8s nombreux et, nous venons de le voir gr\u00e2ce aux m\u00e9thodes scientifiques employ\u00e9es pour les \u00e9tudier : statistiques, appareils de mesures physiologiques aussi bien que physiques, ils deviennent moins myst\u00e9rieux, en d\u00e9pit des \u00ab scientistes \u00bb, et sont en voie d\u2019\u00eatre englob\u00e9s par la science.<\/span><\/span><\/p>\n<p lang=\"fr-FR\" align=\"JUSTIFY\"><span style=\"color: #000000;\"><span style=\"font-size: small;\">Ainsi nous semble-t-il que les ph\u00e9nom\u00e8nes de sensibilit\u00e9 dermo-optique sont un exemple de cette d\u00e9mystification.<\/span><\/span><\/p>\n<p lang=\"fr-FR\" align=\"JUSTIFY\"><span style=\"color: #000000;\"><span style=\"font-size: small;\">Mieux, bien loin que la perception dermo-optique puisse \u00eatre consid\u00e9r\u00e9e, comme elle l&rsquo;est souvent, en tant que forme de clairvoyance, ce serait plut\u00f4t la clairvoyance, effectu\u00e9e par l&rsquo;interm\u00e9diaire des mains, qui pourrait s&rsquo;y ramener.<\/span><\/span><\/p>\n<p lang=\"fr-FR\" align=\"JUSTIFY\"><span style=\"color: #000000;\"><span style=\"font-size: small;\">Envisag\u00e9e d\u00e9sormais sous ce biais, la sensibilit\u00e9 dermo-optique n&rsquo;a pas fini d&rsquo;ouvrir de nouvelles perspectives de recherche.<\/span><\/span><\/p>\n<p lang=\"fr-FR\" align=\"JUSTIFY\"><span style=\"color: #000000;\"><span style=\"font-size: small;\"><a href=\"http:\/\/yduplessis.wordpress.com\/\" target=\"_blank\">Yvonne Duplessis<\/a> <\/span><\/span><span style=\"color: #000000;\"><span style=\"font-size: small;\">a f\u00eat\u00e9 ses cent ans en F\u00e9vrier 2013 <\/span><\/span><\/p>\n<p lang=\"fr-FR\" align=\"JUSTIFY\"><strong><span style=\"color: #000000;\"><span style=\"font-size: small;\">Biographie<\/span><\/span><\/strong><\/p>\n<p lang=\"fr-FR\" align=\"JUSTIFY\">Yvonne Duplessis fait ses premi\u00e8res \u00e9tudes \u00e0 Paris. Le baccalaur\u00e9at n\u2019\u00e9tant pas exig\u00e9, elle dut cependant le passer ult\u00e9rieurement pour terminer une licence de lettres \u00e0 la Sorbonne. Elle obtint en 1938 un dipl\u00f4me d\u2019\u00e9tudes sup\u00e9rieures de philosophie (\u00ab\u00a0La coloration des sensations non visuelles\u00a0\u00bb). Parall\u00e8lement, une amie \u00e9tudiant le symbolisme lui fit d\u00e9couvrir le Surr\u00e9alisme. En 1939, \u00e0 l\u2019universit\u00e9 des lettres de Montpellier, un professeur, f\u00e9ru de surr\u00e9alisme, lui fit pr\u00e9parer une th\u00e8se de doctorat d\u2019universit\u00e9, \u00ab\u00a0Itin\u00e9raires vers une surr\u00e9alit\u00e9\u00a0\u00bb, qu\u2019elle soutint en 1945. Elle servit de base \u00e0 son livre de la collection \u00ab\u00a0Que Sais-je\u00a0?\u00a0\u00bb qui en est \u00e0 sa dix-huiti\u00e8me \u00e9dition et est traduit en onze langues. Ce cheminement lui semble actuellement assez surr\u00e9aliste\u00a0!<\/p>\n<h4 lang=\"fr-FR\" align=\"JUSTIFY\">Parcours<\/h4>\n<p lang=\"fr-FR\" align=\"JUSTIFY\">Yvonne Duplessis continue de se documenter sur le surr\u00e9alisme devenu mouvement litt\u00e9raire.\u00a0Elle met ainsi \u00e0 jour les r\u00e9\u00e9ditions de son livre. Invit\u00e9e \u00e0 Bucarest en 2003, elle a \u00e9t\u00e9 \u00e9tonn\u00e9e de rencontrer de si nombreux surr\u00e9alistes. En ce pays, l\u2019activit\u00e9 surr\u00e9aliste continue \u00e0 s\u2019exprimer par le truchement de livres, de po\u00e8mes\u2026 en roumain.<\/p>\n<p lang=\"fr-FR\" align=\"JUSTIFY\">Un autre th\u00e8me pour Yvonne Duplessis en 1950\u00a0: les exp\u00e9riences de parapsychologie \u00e0 l\u2019Institut\u00a0m\u00e9tapsychique international (IMI). Andr\u00e9 Breton cite cet institut dans \u00ab\u00a0L\u2019art magique\u00a0\u00bb. Ainsi, pour un des pr\u00e9sidents de l\u2019IMI, \u00ab\u00a0le r\u00e9el n\u2019est pas le contraire de l\u2019imaginaire, mais n\u2019en est qu\u2019une partie\u2026\u00a0\u00bb Yvonne Duplessis entreprit alors des recherches pour ramener \u00e0 une explication physique certains ph\u00e9nom\u00e8nes dits de clairvoyance.<\/p>\n<p lang=\"fr-FR\" align=\"JUSTIFY\">Vers 1956, elle fit des exp\u00e9riences sur les interactions des radiations non visibles des couleurs avec les\u00a0r\u00e9actions motrices de l\u2019organisme, qualifi\u00e9es en URSS de sensibilit\u00e9 dermo-optique par le professeur Novomeysky en 1962, avec lequel elle a correspondu de 1975 \u00e0 1990. Gr\u00e2ce \u00e0 une subvention\u00a0am\u00e9ricaine, \u00e0 la suite d\u2019une conf\u00e9rence donn\u00e9e en 1975 \u00e0 New York, elle a pu mettre en place un laboratoire\u00a0dans sa cave.<\/p>\n<p lang=\"fr-FR\" align=\"JUSTIFY\">Cette facult\u00e9, appel\u00e9e d\u2019abord \u00ab\u00a0vision sans les yeux\u00a0\u00bb, avait int\u00e9ress\u00e9 Jules Romains qui fit partie en\u00a01923 du groupe d\u2019Andr\u00e9 Breton et surtout de celui de Ren\u00e9 Daumal, un des fondateurs du Grand Jeu, voisin du surr\u00e9alisme. Quarante ans apr\u00e8s, une hypoth\u00e8se physique fut donn\u00e9e \u00e0 ce ph\u00e9nom\u00e8ne physique, si bien qu\u2019on s\u2019aper\u00e7ut qu\u2019il ne s\u2019agissait pas \u00e0 proprement parler de \u00ab\u00a0vision\u00a0\u00bb.\u00a0Ses articles sur ses recherches lui ont valu des invitations dans des pays d\u2019Europe ainsi qu\u2019au Japon,\u00a0au Mexique, aux Antilles. Actuellement, sa correspondance se poursuit avec l\u2019Ukraine et l\u2019Irlande.<\/p>\n<p lang=\"fr-FR\" align=\"JUSTIFY\">En 1997, Yvonne Duplessis a \u00e9t\u00e9 \u00e9lue pr\u00e9sidente du Centre d\u2019information de la couleur. Elle peut ainsi\u00a0pr\u00e9senter dans la revue \u00ab\u00a0Couleur\u00a0\u00bb des comptes-rendus, des articles sur les diverses expositions, ainsi que les ouvrages se rapportant au surr\u00e9alisme.<\/p>\n","protected":false},"excerpt":{"rendered":"<p>Rappelons simplement en quoi cette facult\u00e9, que l\u2019on peut aussi appeler paranormale, consiste : elle est la connaissance ou la r\u00e9action \u00e0 une influence, une donn\u00e9e, un \u00e9v\u00e9nement non appr\u00e9hend\u00e9 par les voies sensorielles. Les exp\u00e9riences statistiques, pour d\u00e9montrer qu\u2019un facteur \u00ab psi \u00bb peut perturber les r\u00e9sultats du hasard, sont faites avec les cartes de Zener et sur des sujets tr\u00e8s divers. La seconde, la perception dermo-optique, est d\u00e9velopp\u00e9e au niveau des mains, par une prise de conscience que fait le sujet d\u2019impressions non visuelles ressenties. Cette prise de conscience recouvre une sensibilit\u00e9 inh\u00e9rente \u00e0 tout \u00eatre humain qui s\u2019exprime par des r\u00e9actions sensorielles, et motrices, aux variations surtout thermiques de l\u2019environnement.<\/p>\n<p>D\u2019o\u00f9 vient qu\u2019on ait pu faire des rapprochements, voire des confusions entre les deux ph\u00e9nom\u00e8nes ?<\/p>\n","protected":false},"author":1,"featured_media":13425,"comment_status":"closed","ping_status":"closed","sticky":false,"template":"","format":"standard","meta":{"footnotes":""},"categories":[85],"tags":[1159,52],"class_list":["post-13419","post","type-post","status-publish","format-standard","has-post-thumbnail","hentry","category-parapsychologie","tag-dermo-optique","tag-perception"],"yoast_head":"<!-- This site is optimized with the Yoast SEO plugin v27.0 - https:\/\/yoast.com\/product\/yoast-seo-wordpress\/ -->\n<title>Sp\u00e9cificit\u00e9 de la perception dermo-optique par Yvonne Duplessis - 3e mill\u00e9naire - Spiritualit\u00e9 - Connaissance de soi - Non-dualit\u00e9 - M\u00e9ditation<\/title>\n<meta name=\"robots\" content=\"index, follow, max-snippet:-1, max-image-preview:large, max-video-preview:-1\" \/>\n<link rel=\"canonical\" href=\"https:\/\/www.revue3emillenaire.com\/blog\/specificite-de-la-perception-dermo-optique-par-yvonne-duplessis\/\" \/>\n<meta property=\"og:locale\" content=\"fr_FR\" \/>\n<meta property=\"og:type\" content=\"article\" \/>\n<meta property=\"og:title\" content=\"Sp\u00e9cificit\u00e9 de la perception dermo-optique par Yvonne Duplessis - 3e mill\u00e9naire - Spiritualit\u00e9 - Connaissance de soi - Non-dualit\u00e9 - M\u00e9ditation\" \/>\n<meta property=\"og:description\" content=\"Rappelons simplement en quoi cette facult\u00e9, que l\u2019on peut aussi appeler paranormale, consiste : elle est la connaissance ou la r\u00e9action \u00e0 une influence, une donn\u00e9e, un \u00e9v\u00e9nement non appr\u00e9hend\u00e9 par les voies sensorielles. Les exp\u00e9riences statistiques, pour d\u00e9montrer qu\u2019un facteur \u00ab psi \u00bb peut perturber les r\u00e9sultats du hasard, sont faites avec les cartes de Zener et sur des sujets tr\u00e8s divers. La seconde, la perception dermo-optique, est d\u00e9velopp\u00e9e au niveau des mains, par une prise de conscience que fait le sujet d\u2019impressions non visuelles ressenties. Cette prise de conscience recouvre une sensibilit\u00e9 inh\u00e9rente \u00e0 tout \u00eatre humain qui s\u2019exprime par des r\u00e9actions sensorielles, et motrices, aux variations surtout thermiques de l\u2019environnement.  D\u2019o\u00f9 vient qu\u2019on ait pu faire des rapprochements, voire des confusions entre les deux ph\u00e9nom\u00e8nes ?\" \/>\n<meta property=\"og:url\" content=\"https:\/\/www.revue3emillenaire.com\/blog\/specificite-de-la-perception-dermo-optique-par-yvonne-duplessis\/\" \/>\n<meta property=\"og:site_name\" content=\"3e mill\u00e9naire - Spiritualit\u00e9 - Connaissance de soi - Non-dualit\u00e9 - M\u00e9ditation\" \/>\n<meta property=\"article:published_time\" content=\"2013-04-11T00:47:27+00:00\" \/>\n<meta property=\"article:modified_time\" content=\"2013-04-14T20:37:17+00:00\" \/>\n<meta property=\"og:image\" content=\"https:\/\/www.revue3emillenaire.com\/blog\/wp-content\/uploads\/2013\/04\/YDuplessis.jpg\" \/>\n\t<meta property=\"og:image:width\" content=\"131\" \/>\n\t<meta property=\"og:image:height\" content=\"183\" \/>\n\t<meta property=\"og:image:type\" content=\"image\/jpeg\" \/>\n<meta name=\"author\" content=\"3e mill\u00e9naire\" \/>\n<meta name=\"twitter:card\" content=\"summary_large_image\" \/>\n<meta name=\"twitter:label1\" content=\"\u00c9crit par\" \/>\n\t<meta name=\"twitter:data1\" content=\"3e mill\u00e9naire\" \/>\n\t<meta name=\"twitter:label2\" content=\"Dur\u00e9e de lecture estim\u00e9e\" \/>\n\t<meta name=\"twitter:data2\" content=\"27 minutes\" \/>\n<script type=\"application\/ld+json\" class=\"yoast-schema-graph\">{\"@context\":\"https:\/\/schema.org\",\"@graph\":[{\"@type\":\"Article\",\"@id\":\"https:\/\/www.revue3emillenaire.com\/blog\/specificite-de-la-perception-dermo-optique-par-yvonne-duplessis\/#article\",\"isPartOf\":{\"@id\":\"https:\/\/www.revue3emillenaire.com\/blog\/specificite-de-la-perception-dermo-optique-par-yvonne-duplessis\/\"},\"author\":{\"name\":\"3e mill\u00e9naire\",\"@id\":\"https:\/\/www.revue3emillenaire.com\/blog\/#\/schema\/person\/9a3a7cc4ccaa707f402d4394327106d5\"},\"headline\":\"Sp\u00e9cificit\u00e9 de la perception dermo-optique par Yvonne Duplessis\",\"datePublished\":\"2013-04-11T00:47:27+00:00\",\"dateModified\":\"2013-04-14T20:37:17+00:00\",\"mainEntityOfPage\":{\"@id\":\"https:\/\/www.revue3emillenaire.com\/blog\/specificite-de-la-perception-dermo-optique-par-yvonne-duplessis\/\"},\"wordCount\":5356,\"image\":{\"@id\":\"https:\/\/www.revue3emillenaire.com\/blog\/specificite-de-la-perception-dermo-optique-par-yvonne-duplessis\/#primaryimage\"},\"thumbnailUrl\":\"https:\/\/www.revue3emillenaire.com\/blog\/wp-content\/uploads\/2013\/04\/YDuplessis.jpg\",\"keywords\":[\"Dermo-optique\",\"Perception\"],\"articleSection\":[\"Parapsychologie \/ Ph\u00e9nom\u00e8nes\"],\"inLanguage\":\"fr-FR\"},{\"@type\":\"WebPage\",\"@id\":\"https:\/\/www.revue3emillenaire.com\/blog\/specificite-de-la-perception-dermo-optique-par-yvonne-duplessis\/\",\"url\":\"https:\/\/www.revue3emillenaire.com\/blog\/specificite-de-la-perception-dermo-optique-par-yvonne-duplessis\/\",\"name\":\"Sp\u00e9cificit\u00e9 de la perception dermo-optique par Yvonne Duplessis - 3e mill\u00e9naire - Spiritualit\u00e9 - Connaissance de soi - Non-dualit\u00e9 - M\u00e9ditation\",\"isPartOf\":{\"@id\":\"https:\/\/www.revue3emillenaire.com\/blog\/#website\"},\"primaryImageOfPage\":{\"@id\":\"https:\/\/www.revue3emillenaire.com\/blog\/specificite-de-la-perception-dermo-optique-par-yvonne-duplessis\/#primaryimage\"},\"image\":{\"@id\":\"https:\/\/www.revue3emillenaire.com\/blog\/specificite-de-la-perception-dermo-optique-par-yvonne-duplessis\/#primaryimage\"},\"thumbnailUrl\":\"https:\/\/www.revue3emillenaire.com\/blog\/wp-content\/uploads\/2013\/04\/YDuplessis.jpg\",\"datePublished\":\"2013-04-11T00:47:27+00:00\",\"dateModified\":\"2013-04-14T20:37:17+00:00\",\"author\":{\"@id\":\"https:\/\/www.revue3emillenaire.com\/blog\/#\/schema\/person\/9a3a7cc4ccaa707f402d4394327106d5\"},\"breadcrumb\":{\"@id\":\"https:\/\/www.revue3emillenaire.com\/blog\/specificite-de-la-perception-dermo-optique-par-yvonne-duplessis\/#breadcrumb\"},\"inLanguage\":\"fr-FR\",\"potentialAction\":[{\"@type\":\"ReadAction\",\"target\":[\"https:\/\/www.revue3emillenaire.com\/blog\/specificite-de-la-perception-dermo-optique-par-yvonne-duplessis\/\"]}]},{\"@type\":\"ImageObject\",\"inLanguage\":\"fr-FR\",\"@id\":\"https:\/\/www.revue3emillenaire.com\/blog\/specificite-de-la-perception-dermo-optique-par-yvonne-duplessis\/#primaryimage\",\"url\":\"https:\/\/www.revue3emillenaire.com\/blog\/wp-content\/uploads\/2013\/04\/YDuplessis.jpg\",\"contentUrl\":\"https:\/\/www.revue3emillenaire.com\/blog\/wp-content\/uploads\/2013\/04\/YDuplessis.jpg\",\"width\":\"131\",\"height\":\"183\"},{\"@type\":\"BreadcrumbList\",\"@id\":\"https:\/\/www.revue3emillenaire.com\/blog\/specificite-de-la-perception-dermo-optique-par-yvonne-duplessis\/#breadcrumb\",\"itemListElement\":[{\"@type\":\"ListItem\",\"position\":1,\"name\":\"Accueil\",\"item\":\"https:\/\/www.revue3emillenaire.com\/blog\/\"},{\"@type\":\"ListItem\",\"position\":2,\"name\":\"Sp\u00e9cificit\u00e9 de la perception dermo-optique par Yvonne Duplessis\"}]},{\"@type\":\"WebSite\",\"@id\":\"https:\/\/www.revue3emillenaire.com\/blog\/#website\",\"url\":\"https:\/\/www.revue3emillenaire.com\/blog\/\",\"name\":\"3e mill\u00e9naire - Spiritualit\u00e9 - Connaissance de soi - Non-dualit\u00e9 - M\u00e9ditation\",\"description\":\"L&#039;Homme en devenir\",\"potentialAction\":[{\"@type\":\"SearchAction\",\"target\":{\"@type\":\"EntryPoint\",\"urlTemplate\":\"https:\/\/www.revue3emillenaire.com\/blog\/?s={search_term_string}\"},\"query-input\":{\"@type\":\"PropertyValueSpecification\",\"valueRequired\":true,\"valueName\":\"search_term_string\"}}],\"inLanguage\":\"fr-FR\"},{\"@type\":\"Person\",\"@id\":\"https:\/\/www.revue3emillenaire.com\/blog\/#\/schema\/person\/9a3a7cc4ccaa707f402d4394327106d5\",\"name\":\"3e mill\u00e9naire\",\"url\":\"https:\/\/www.revue3emillenaire.com\/blog\/author\/admin\/\"}]}<\/script>\n<!-- \/ Yoast SEO plugin. -->","yoast_head_json":{"title":"Sp\u00e9cificit\u00e9 de la perception dermo-optique par Yvonne Duplessis - 3e mill\u00e9naire - Spiritualit\u00e9 - Connaissance de soi - Non-dualit\u00e9 - M\u00e9ditation","robots":{"index":"index","follow":"follow","max-snippet":"max-snippet:-1","max-image-preview":"max-image-preview:large","max-video-preview":"max-video-preview:-1"},"canonical":"https:\/\/www.revue3emillenaire.com\/blog\/specificite-de-la-perception-dermo-optique-par-yvonne-duplessis\/","og_locale":"fr_FR","og_type":"article","og_title":"Sp\u00e9cificit\u00e9 de la perception dermo-optique par Yvonne Duplessis - 3e mill\u00e9naire - Spiritualit\u00e9 - Connaissance de soi - Non-dualit\u00e9 - M\u00e9ditation","og_description":"Rappelons simplement en quoi cette facult\u00e9, que l\u2019on peut aussi appeler paranormale, consiste : elle est la connaissance ou la r\u00e9action \u00e0 une influence, une donn\u00e9e, un \u00e9v\u00e9nement non appr\u00e9hend\u00e9 par les voies sensorielles. Les exp\u00e9riences statistiques, pour d\u00e9montrer qu\u2019un facteur \u00ab psi \u00bb peut perturber les r\u00e9sultats du hasard, sont faites avec les cartes de Zener et sur des sujets tr\u00e8s divers. La seconde, la perception dermo-optique, est d\u00e9velopp\u00e9e au niveau des mains, par une prise de conscience que fait le sujet d\u2019impressions non visuelles ressenties. Cette prise de conscience recouvre une sensibilit\u00e9 inh\u00e9rente \u00e0 tout \u00eatre humain qui s\u2019exprime par des r\u00e9actions sensorielles, et motrices, aux variations surtout thermiques de l\u2019environnement.  D\u2019o\u00f9 vient qu\u2019on ait pu faire des rapprochements, voire des confusions entre les deux ph\u00e9nom\u00e8nes ?","og_url":"https:\/\/www.revue3emillenaire.com\/blog\/specificite-de-la-perception-dermo-optique-par-yvonne-duplessis\/","og_site_name":"3e mill\u00e9naire - Spiritualit\u00e9 - Connaissance de soi - Non-dualit\u00e9 - M\u00e9ditation","article_published_time":"2013-04-11T00:47:27+00:00","article_modified_time":"2013-04-14T20:37:17+00:00","og_image":[{"width":131,"height":183,"url":"https:\/\/www.revue3emillenaire.com\/blog\/wp-content\/uploads\/2013\/04\/YDuplessis.jpg","type":"image\/jpeg"}],"author":"3e mill\u00e9naire","twitter_card":"summary_large_image","twitter_misc":{"\u00c9crit par":"3e mill\u00e9naire","Dur\u00e9e de lecture estim\u00e9e":"27 minutes"},"schema":{"@context":"https:\/\/schema.org","@graph":[{"@type":"Article","@id":"https:\/\/www.revue3emillenaire.com\/blog\/specificite-de-la-perception-dermo-optique-par-yvonne-duplessis\/#article","isPartOf":{"@id":"https:\/\/www.revue3emillenaire.com\/blog\/specificite-de-la-perception-dermo-optique-par-yvonne-duplessis\/"},"author":{"name":"3e mill\u00e9naire","@id":"https:\/\/www.revue3emillenaire.com\/blog\/#\/schema\/person\/9a3a7cc4ccaa707f402d4394327106d5"},"headline":"Sp\u00e9cificit\u00e9 de la perception dermo-optique par Yvonne Duplessis","datePublished":"2013-04-11T00:47:27+00:00","dateModified":"2013-04-14T20:37:17+00:00","mainEntityOfPage":{"@id":"https:\/\/www.revue3emillenaire.com\/blog\/specificite-de-la-perception-dermo-optique-par-yvonne-duplessis\/"},"wordCount":5356,"image":{"@id":"https:\/\/www.revue3emillenaire.com\/blog\/specificite-de-la-perception-dermo-optique-par-yvonne-duplessis\/#primaryimage"},"thumbnailUrl":"https:\/\/www.revue3emillenaire.com\/blog\/wp-content\/uploads\/2013\/04\/YDuplessis.jpg","keywords":["Dermo-optique","Perception"],"articleSection":["Parapsychologie \/ Ph\u00e9nom\u00e8nes"],"inLanguage":"fr-FR"},{"@type":"WebPage","@id":"https:\/\/www.revue3emillenaire.com\/blog\/specificite-de-la-perception-dermo-optique-par-yvonne-duplessis\/","url":"https:\/\/www.revue3emillenaire.com\/blog\/specificite-de-la-perception-dermo-optique-par-yvonne-duplessis\/","name":"Sp\u00e9cificit\u00e9 de la perception dermo-optique par Yvonne Duplessis - 3e mill\u00e9naire - Spiritualit\u00e9 - Connaissance de soi - Non-dualit\u00e9 - M\u00e9ditation","isPartOf":{"@id":"https:\/\/www.revue3emillenaire.com\/blog\/#website"},"primaryImageOfPage":{"@id":"https:\/\/www.revue3emillenaire.com\/blog\/specificite-de-la-perception-dermo-optique-par-yvonne-duplessis\/#primaryimage"},"image":{"@id":"https:\/\/www.revue3emillenaire.com\/blog\/specificite-de-la-perception-dermo-optique-par-yvonne-duplessis\/#primaryimage"},"thumbnailUrl":"https:\/\/www.revue3emillenaire.com\/blog\/wp-content\/uploads\/2013\/04\/YDuplessis.jpg","datePublished":"2013-04-11T00:47:27+00:00","dateModified":"2013-04-14T20:37:17+00:00","author":{"@id":"https:\/\/www.revue3emillenaire.com\/blog\/#\/schema\/person\/9a3a7cc4ccaa707f402d4394327106d5"},"breadcrumb":{"@id":"https:\/\/www.revue3emillenaire.com\/blog\/specificite-de-la-perception-dermo-optique-par-yvonne-duplessis\/#breadcrumb"},"inLanguage":"fr-FR","potentialAction":[{"@type":"ReadAction","target":["https:\/\/www.revue3emillenaire.com\/blog\/specificite-de-la-perception-dermo-optique-par-yvonne-duplessis\/"]}]},{"@type":"ImageObject","inLanguage":"fr-FR","@id":"https:\/\/www.revue3emillenaire.com\/blog\/specificite-de-la-perception-dermo-optique-par-yvonne-duplessis\/#primaryimage","url":"https:\/\/www.revue3emillenaire.com\/blog\/wp-content\/uploads\/2013\/04\/YDuplessis.jpg","contentUrl":"https:\/\/www.revue3emillenaire.com\/blog\/wp-content\/uploads\/2013\/04\/YDuplessis.jpg","width":"131","height":"183"},{"@type":"BreadcrumbList","@id":"https:\/\/www.revue3emillenaire.com\/blog\/specificite-de-la-perception-dermo-optique-par-yvonne-duplessis\/#breadcrumb","itemListElement":[{"@type":"ListItem","position":1,"name":"Accueil","item":"https:\/\/www.revue3emillenaire.com\/blog\/"},{"@type":"ListItem","position":2,"name":"Sp\u00e9cificit\u00e9 de la perception dermo-optique par Yvonne Duplessis"}]},{"@type":"WebSite","@id":"https:\/\/www.revue3emillenaire.com\/blog\/#website","url":"https:\/\/www.revue3emillenaire.com\/blog\/","name":"3e mill\u00e9naire - Spiritualit\u00e9 - Connaissance de soi - Non-dualit\u00e9 - M\u00e9ditation","description":"L&#039;Homme en devenir","potentialAction":[{"@type":"SearchAction","target":{"@type":"EntryPoint","urlTemplate":"https:\/\/www.revue3emillenaire.com\/blog\/?s={search_term_string}"},"query-input":{"@type":"PropertyValueSpecification","valueRequired":true,"valueName":"search_term_string"}}],"inLanguage":"fr-FR"},{"@type":"Person","@id":"https:\/\/www.revue3emillenaire.com\/blog\/#\/schema\/person\/9a3a7cc4ccaa707f402d4394327106d5","name":"3e mill\u00e9naire","url":"https:\/\/www.revue3emillenaire.com\/blog\/author\/admin\/"}]}},"_links":{"self":[{"href":"https:\/\/www.revue3emillenaire.com\/blog\/wp-json\/wp\/v2\/posts\/13419","targetHints":{"allow":["GET"]}}],"collection":[{"href":"https:\/\/www.revue3emillenaire.com\/blog\/wp-json\/wp\/v2\/posts"}],"about":[{"href":"https:\/\/www.revue3emillenaire.com\/blog\/wp-json\/wp\/v2\/types\/post"}],"author":[{"embeddable":true,"href":"https:\/\/www.revue3emillenaire.com\/blog\/wp-json\/wp\/v2\/users\/1"}],"replies":[{"embeddable":true,"href":"https:\/\/www.revue3emillenaire.com\/blog\/wp-json\/wp\/v2\/comments?post=13419"}],"version-history":[{"count":0,"href":"https:\/\/www.revue3emillenaire.com\/blog\/wp-json\/wp\/v2\/posts\/13419\/revisions"}],"wp:featuredmedia":[{"embeddable":true,"href":"https:\/\/www.revue3emillenaire.com\/blog\/wp-json\/wp\/v2\/media\/13425"}],"wp:attachment":[{"href":"https:\/\/www.revue3emillenaire.com\/blog\/wp-json\/wp\/v2\/media?parent=13419"}],"wp:term":[{"taxonomy":"category","embeddable":true,"href":"https:\/\/www.revue3emillenaire.com\/blog\/wp-json\/wp\/v2\/categories?post=13419"},{"taxonomy":"post_tag","embeddable":true,"href":"https:\/\/www.revue3emillenaire.com\/blog\/wp-json\/wp\/v2\/tags?post=13419"}],"curies":[{"name":"wp","href":"https:\/\/api.w.org\/{rel}","templated":true}]}}