{"id":13673,"date":"2013-05-30T22:51:58","date_gmt":"2013-05-30T21:51:58","guid":{"rendered":"http:\/\/www.revue3emillenaire.com\/blog\/?p=13673"},"modified":"2013-05-30T22:51:58","modified_gmt":"2013-05-30T21:51:58","slug":"lexperience-fondamentale-par-jean-gontier","status":"publish","type":"post","link":"https:\/\/www.revue3emillenaire.com\/blog\/lexperience-fondamentale-par-jean-gontier\/","title":{"rendered":"L&rsquo;exp\u00e9rience fondamentale par Jean Gontier"},"content":{"rendered":"<p>(Revue \u00catre. No 4. 1973)<\/p>\n<p align=\"JUSTIFY\">Depuis plus de deux mill\u00e9naires le mode de pens\u00e9e occidental repose sur la logique d&rsquo;Aristote qui veut qu&rsquo;une proposition soit vraie ou fausse sans autre valeur possible. Il ne peut y avoir de troisi\u00e8me terme. C&rsquo;est le principe du tiers-exclu. Rien ne peut \u00eatre \u00e0 la fois A et non-A. \u00ab\u00a0Il n&rsquo;est pas possible qu&rsquo;une m\u00eame chose en un seul et m\u00eame temps soit et ne soit pas\u00a0\u00bb (Aristote, <em>M\u00e9taphysique<\/em>, K 1062a). Cette fa\u00e7on de raisonner est inh\u00e9rente au fonctionnement m\u00eame du cerveau humain. C&rsquo;est ce fonctionnement en tout ou rien qui a \u00e9t\u00e9 appliqu\u00e9 aux ordinateurs que l&rsquo;homme occidental a en quelque sorte con\u00e7us \u00e0 son image, faute de quoi il ne pourrait en comprendre les r\u00e9sultats. Le raisonnement logico-math\u00e9matique a conduit depuis Aristote, en passant par Leibniz, au marxisme pour qui la dissonance et la contra\u00addiction sont la loi de l&rsquo;existence, du moins, pense-t-il, jusqu&rsquo;au terme de l&rsquo;histoire. Plus-moins, vrai-faux, ciel-terre, jour-nuit, ignorance-illumination, droite-gauche, bien-mal, etc., cette dichotomie tient essentiellement, r\u00e9p\u00e9tons-le, \u00e0 la nature du cerveau humain.<\/p>\n<p align=\"JUSTIFY\">\u00c0 l&rsquo;oppos\u00e9 de la dissociation sujet-objet, la pens\u00e9e tao\u00efste appr\u00e9\u00adhende la manifestation comme une totalit\u00e9 dont tous les \u00e9l\u00e9ments sont li\u00e9s ins\u00e9parablement. Yin et Yang ne sont que les aspects d&rsquo;une seule R\u00e9alit\u00e9. L\u00e0 o\u00f9 l&rsquo;Occidental voit une opposition par nature, le tao\u00efste discerne une compl\u00e9mentarit\u00e9. Chaque chose est \u00e0 la fois, en partie variable, Yin et Yang, comme puissance potentielle et comme manifestation. L\u00e0 o\u00f9 l&rsquo;un ne voit que conflit, l&rsquo;autre consid\u00e8re un rapport. \u00ab\u00a0Tant\u00f4t les \u00eatres vont de l&rsquo;avant, tant\u00f4t ils suivent, tant\u00f4t ils soufflent l\u00e9g\u00e8rement, tant\u00f4t ils soufflent fort, tant\u00f4t ils sont vigou\u00adreux, tant\u00f4t ils sont d\u00e9biles, tant\u00f4t ils restent fermes, tant\u00f4t ils tom\u00adbent\u00a0\u00bb (Lao-Tseu, <em>Tao t<\/em><em>\u00f6<\/em><em> King<\/em>, trad. Liou Kia-Hway. Paris, Gallimard, collection \u00ab\u00a0Id\u00e9es\u00a0\u00bb, 1967, p. 100).<\/p>\n<p align=\"JUSTIFY\">La m\u00eame pens\u00e9e occidentale a conduit \u00e0 une s\u00e9paration radicale entre l&rsquo;essence et la substance. Les rapports d&rsquo;un croyant avec Dieu ne peuvent s&rsquo;\u00e9tablir que de Personne \u00e0 personne s\u00e9par\u00e9es, tandis que pour le tao\u00efste \u00ab\u00a0le Tao est le fond secret et commun \u00e0 tous les \u00eatres\u00a0\u00bb. Il n&#8217;emp\u00eache que le fonctionnement du cerveau \u00e9tant le m\u00eame pour tout \u00eatre humain normal, le tao\u00efste lui aussi, et peut-\u00eatre plus encore que l&rsquo;Occidental, est amen\u00e9 \u00e0 classer les choses en cat\u00e9gories selon qu&rsquo;il les juge Yin ou Yang, c&rsquo;est-\u00e0-dire moins ou plus selon le langage binaire. Mais pour lui ce ne sont que les aspects changeants et en per\u00adp\u00e9tuelle \u00e9volution d&rsquo;un tout ins\u00e9cable, comme le flux et le reflux sont les \u00e9tats transitoires, oppos\u00e9s seulement en apparence, de cette r\u00e9alit\u00e9 globale qu&rsquo;est l&rsquo;oc\u00e9an.<\/p>\n<p align=\"JUSTIFY\">La th\u00e9orie math\u00e9matique des ensembles, la physique ondulatoire ainsi que la biologie moderne inclinent de plus en plus, en Occident, \u00e0 consid\u00e9rer l&rsquo;existence comme une totalit\u00e9 o\u00f9 l&rsquo;homme n&rsquo;est plus un \u00c9tat dans l&rsquo;\u00c9tat, mais un des \u00e9l\u00e9ments de la manifestation. Nous n&rsquo;en\u00adtendons pas ici prendre position en faveur d&rsquo;une quelconque th\u00e9orie philosophique ou th\u00e9ologique concernant la transcendance, l&rsquo;imma\u00adnence ou le monisme spinoziste pour savoir si la totalit\u00e9 par r\u00e9tro\u00adaction peut se conna\u00eetre ou non dans chacune de ses parties. Ce ne sont l\u00e0 que sp\u00e9culations st\u00e9riles et jeux mentaux. Seule compte pour nous la certitude n\u00e9e de l&rsquo;exp\u00e9rience, si relative soit-elle, non en elle-m\u00eame mais quant \u00e0 sa conceptualisation, lorsqu&rsquo;on cherche \u00e0 l&rsquo;expri\u00admer, puisque v\u00e9cue \u00e0 travers une individualit\u00e9 humaine qui en constitue le support, ce qu&rsquo;on oublie g\u00e9n\u00e9ralement.<\/p>\n<p align=\"JUSTIFY\">Alors que la pens\u00e9e occidentale s&rsquo;appuie uniquement sur le mental logico-math\u00e9matique et ne con\u00e7oit rien d&rsquo;autre qu&rsquo;antagonisme, le tao\u00efste par la connaissance v\u00e9cue de cette R\u00e9alit\u00e9 qu&rsquo;il \u00ab\u00a0d\u00e9nomme Tao, ne connaissant pas son nom\u00a0\u00bb (<em>Tao t<\/em><em>\u00f6<\/em><em> King<\/em>, XXV), aper\u00e7oit toutes les choses comme des \u00e9l\u00e9ments r\u00e9sonnants. Expliquons-nous. Si l&rsquo;on place une corde capable de vibrer, de longueur et de tension convenables, \u00e0 proximit\u00e9 d&rsquo;une source vibrante, elle entre en r\u00e9sonance et, en r\u00e9ponse \u00e0 la vibration incidente, elle va \u00e9mettre une vibration r\u00e9fl\u00e9chie. Si l&rsquo;on place plusieurs cordes les unes pr\u00e8s des autres, on peut dire, en sim\u00adplifiant \u00e0 l&rsquo;extr\u00eame, car les ph\u00e9nom\u00e8nes acoustiques sont en fait bien plus complexes, que chaque son r\u00e9fl\u00e9chi par une corde devient \u00e0 son tour incident pour les autres. Il en r\u00e9sulte une multitude de r\u00e9percussions interd\u00e9pendantes et \u00ab\u00a0interr\u00e9actionnelles\u00a0\u00bb.<\/p>\n<p align=\"JUSTIFY\">Maintenant, si l&rsquo;on place cette corde \u00e0 l&rsquo;extr\u00e9mit\u00e9 d&rsquo;un diapa\u00adson dont la vibration est entretenue \u00e9lectriquement \u2014 exp\u00e9rience de Melde \u2014 elle vibre et semble former, dans le cas d&rsquo;ondes stationnai\u00adres, une s\u00e9rie de fuseaux reli\u00e9s entre eux en des points immobiles appel\u00e9s points nodaux ou n\u0153uds. Entre chaque n\u0153ud la corde se d\u00e9forme constamment en arc de cercle passant alternativement de chaque c\u00f4t\u00e9 de la ligne du centre imaginaire qui unit les points nodaux et qui n&rsquo;est autre que celle form\u00e9e par la corde elle-m\u00eame \u00e0 l&rsquo;\u00e9tat de repos. D&rsquo;o\u00f9 l&rsquo;impression de fuseau que l&rsquo;on observe. On peut dire aussi que la corde, entre les n\u0153uds, passe successivement, pour l&rsquo;observateur, \u00e0 droite et \u00e0 gauche de la ligne du centre et, par rapport \u00e0 la position qu&rsquo;il occupe, l&rsquo;observateur lui donnera une valeur plus ou une valeur moins, un tao\u00efste, lui, dira qu&rsquo;elle est tant\u00f4t yin tant\u00f4t yang ; alors qu&rsquo;aux n\u0153uds la corde est rigoureuse\u00adment immobile et ne r\u00e9sonne pas \u00e0 la vibration qui la meut en tous ses autres points. En r\u00e9sum\u00e9, la corde peut vibrer \u00e0 la fois sous l&rsquo;im\u00adpulsion d&rsquo;une source qui lui est propre et, par r\u00e9sonance, sous l&rsquo;impul\u00adsion de sources ext\u00e9rieures, mais une partie d&rsquo;elle-m\u00eame demeure immobile.<\/p>\n<p align=\"JUSTIFY\">On peut concevoir l&rsquo;existence cosmique comme un ensemble d&rsquo;\u00e9tats vibratoires interagissants en nombre incommensurable, entre\u00adtenus \u00e0 partir d&rsquo;une source vibrante unique. Il s&rsquo;agit l\u00e0, bien entendu, d&rsquo;une image intellectuelle qui, si elle trouve quelque fondement dans les ph\u00e9nom\u00e8nes physiques, ne saurait pr\u00e9tendre correspondre \u00e0 une r\u00e9alit\u00e9 globale et encore moins \u00e0 une v\u00e9rit\u00e9. Elle peut seulement aider par analogie \u00e0 repr\u00e9senter, le moins imparfaitement possible, ce qui ne peut \u00eatre connu que par l&rsquo;exp\u00e9rience v\u00e9cue. Il ne saurait donc \u00eatre question ici de panth\u00e9isme ou de n&rsquo;importe quelle th\u00e9orie en \u00ab\u00a0isme\u00a0\u00bb. Et on peut concevoir l&rsquo;homme non lib\u00e9r\u00e9 \u00e0 l&rsquo;\u00e9tat de veille comme un \u00eatre pr\u00e9occup\u00e9 par ses propres vibrations que repr\u00e9sentent ses besoins et ses d\u00e9sirs et par celles qu&rsquo;il re\u00e7oit de l&rsquo;ext\u00e9rieur, mais jamais par la vibration primordiale qui constitue la source de sa manifestation et de sa condition d'\u00a0\u00bbexistant\u00a0\u00bb. Qu&rsquo;importe le nom que les hommes donnent \u00e0 cette source qu&rsquo;ils nomment Tao, Tch&rsquo;an, Zen, Sat, Chit, Ananda et que nous d\u00e9signons par le terme \u00catre. Le mot ici n&rsquo;a aucune importance puisqu&rsquo;il s&rsquo;agit d&rsquo;une R\u00e9alit\u00e9 informelle, c&rsquo;est-\u00e0\u00ad-dire sans objet. Et tout ce que l&rsquo;on d\u00e9signe par lib\u00e9ration, \u00e9veil, d\u00e9li\u00advrance, r\u00e9alisation, etc., avec tout ce que ces termes portent en eux de fiction et de r\u00eaverie lorsqu&rsquo;ils sont employ\u00e9s par des personnes qui s&rsquo;imaginent conna\u00eetre ce dont elles parlent, mais qu&rsquo;en fait elles igno\u00adrent, n&rsquo;est que la connaissance de ce que nous d\u00e9finissons, faute de mieux, comme la vibration primordiale en nous et en toute chose ; connaissance qui ne peut se faire, r\u00e9p\u00e9tons-le, que par l&rsquo;exp\u00e9rience, laquelle est aussi concr\u00e8te et aussi simple que le fait de respirer. Rien n&rsquo;est \u00e0 acqu\u00e9rir, rien n&rsquo;est \u00e0 trouver qui ait \u00e9t\u00e9 perdu ou dont on ait \u00e9t\u00e9 s\u00e9par\u00e9. La vibration primordiale est toujours pr\u00e9sente en moi puisque sans elle je n&rsquo;existerais pas. Il suffit de la reconna\u00eetre pour qu&rsquo;elle se r\u00e9v\u00e8le d&rsquo;une \u00e9vidence et d&rsquo;une certitude \u00e9clatantes \u00e0 travers tous les faits de l&rsquo;existence, tel le th\u00e8me d&rsquo;une partition musicale, \u00e0 travers les sons qui en sont \u00e0 la fois le support et le moyen d&rsquo;expres\u00adsion.<\/p>\n<p align=\"JUSTIFY\">La premi\u00e8re cons\u00e9quence de l&rsquo;exp\u00e9rience primordiale v\u00e9cue est qu&rsquo;elle fait comprendre que l&rsquo;homme, \u00eatre fini, ne peut tout appr\u00e9\u00adhender concr\u00e8tement et par voie de cons\u00e9quence intellectuellement. La r\u00e9alit\u00e9 dans sa totalit\u00e9 est pour lui insaisissable. Cependant, dans le champs de mes possibilit\u00e9s, l&rsquo;observation du monde ph\u00e9nom\u00e9nal, surtout celui des \u00eatres vivants, m&rsquo;oblige, devant l&rsquo;extraordinaire orga\u00adnisation que je constate, \u00e0 admettre une structure totale dont je n&rsquo;aper\u00e7ois qu&rsquo;une fraction en mode sp\u00e9cifique. Force m&rsquo;est donc de reconna\u00eetre mon incapacit\u00e9 \u00e0 conna\u00eetre et \u00e0 expliquer en mode con\u00adceptuel ce qui d\u00e9passe le champ de mes possibilit\u00e9s. Hasard et n\u00e9cessit\u00e9 sont les noms que j&rsquo;avance pour masquer mon ignorance, comme Dieu est celui qui dissimule mon insuffisance. Sens de l&rsquo;histoire et finalit\u00e9 ne sont \u00e9galement que le paravent derri\u00e8re lequel se place l&rsquo;indi\u00adgence de la condition humaine, indigence que l&rsquo;homme ne saurait admettre car ce serait insultant pour la vision d\u00e9ifiante qu&rsquo;il a de lui-m\u00eame. Qu&rsquo;il ne puisse tout comprendre, tout savoir, lui est intol\u00e9rable.<\/p>\n<p align=\"JUSTIFY\">L&rsquo;esp\u00e8ce humaine fait partie de l&rsquo;existence. Elle s&rsquo;y trouve int\u00e9\u00adgralement enclose et elle ne peut en conna\u00eetre le dessein pour la bonne raison que la partie ne peut appr\u00e9hender le tout. Jadis on s&rsquo;en remettait aux pr\u00e9dictions des mages, maintenant on croit celles du scientifique ou du technocrate, ce faux scientifique. Un scientifique en dehors du domaine des ph\u00e9nom\u00e8nes qu&rsquo;il contr\u00f4le et mesure peut-il, lui aussi, faire autre chose que sp\u00e9culer ?<\/p>\n<p align=\"JUSTIFY\">La seconde cons\u00e9quence de l&rsquo;exp\u00e9rience primordiale v\u00e9cue est le fait que, dans le champ humain d&rsquo;action et de compr\u00e9hension, tous les ph\u00e9nom\u00e8nes, de quelque nature qu&rsquo;ils soient, non seulement pa\u00adraissent inexorablement interd\u00e9pendants et interagissants mais sem\u00adblent ob\u00e9ir \u00e0 des lois telles, qu&rsquo;en face d&rsquo;une situation donn\u00e9e, il serait possible d&rsquo;en pr\u00e9voir math\u00e9matiquement le d\u00e9roulement, si l&rsquo;on pouvait conna\u00eetre tous les param\u00e8tres qui la composent, ce qui malheureusement n&rsquo;est pas le cas. Si Einstein a pu \u00e9tablir une th\u00e9orie de la relativit\u00e9 en physique, il n&rsquo;en est pas de m\u00eame pour l&rsquo;activit\u00e9 humaine et ce n&rsquo;est pas parce que l&rsquo;on pr\u00e9tend actuellement que l&rsquo;\u00e9tude de cette derni\u00e8re constitue d\u00e9sormais une science (les sciences humaines, les science socio-\u00e9conomiques) que cela change quoi que ce soit \u00e0 la question; comme si un mot pouvait \u00e0 lui seul supprimer le caract\u00e8re de ce qui ne peut \u00eatre qu&rsquo;incertitude, pr\u00e9cis\u00e9ment parce que nombre d&rsquo;\u00e9l\u00e9ments \u00e9chappent \u00e0 l&rsquo;observation, l&rsquo;ensemble ne pou\u00advant \u00eatre de ce fait que supputation, au mieux probabilit\u00e9, mais jamais certitude.<\/p>\n<p align=\"JUSTIFY\">Quoi qu&rsquo;il en soit, \u00e0 travers l&rsquo;observation des ph\u00e9nom\u00e8nes physi\u00adques et du comportement humain, l&rsquo;homme a toujours cherch\u00e9 un mod\u00e8le intellectuel qui lui permettrait de rendre compte de toute situation et d&rsquo;en pr\u00e9voir le d\u00e9veloppement dans le temps et l&rsquo;espace. Certains physiciens et math\u00e9maticiens s&rsquo;efforcent d&rsquo;\u00e9tablir une th\u00e9o\u00adrie unitaire de l&rsquo;univers, les Chinois ont tent\u00e9, avec le Yi King, de repr\u00e9senter la totalit\u00e9, comme R. Abellio a cherch\u00e9 \u00e0 le faire avec le mod\u00e8le qu&rsquo;il a appel\u00e9 la Structure Absolue. Mais toute repr\u00e9sentation faite par l&rsquo;homme ne peut \u00eatre que sp\u00e9cifiquement humaine et par l\u00e0 limit\u00e9e, non absolue. D&rsquo;o\u00f9 l&rsquo;illusion de la gnose.<\/p>\n<p align=\"JUSTIFY\">Le monde dans son ensemble, vu par l&rsquo;homme, est en situation d&rsquo;\u00e9quilibre relatif et pr\u00e9caire. La rupture de cet \u00e9quilibre am\u00e8ne l&rsquo;expansion d&rsquo;une ou plusieurs forces au d\u00e9triment d&rsquo;une ou plusieurs autres, mais comme l&rsquo;\u00e9quilibre semble \u00eatre la loi de l&rsquo;univers, il se produit, \u00e0 plus ou moins longue \u00e9ch\u00e9ance, une r\u00e9action des forces mises sous contrainte qui \u00e0 leur tour vont comprimer les forces initia\u00adlement en expansion, lesquelles, en raison m\u00eame de leur expansion, se sont affaiblies ponctuellement. Et ainsi de suite. Ampleur et intensit\u00e9 alternent de chaque c\u00f4t\u00e9.<\/p>\n<p align=\"JUSTIFY\">Sur le plan humain, toute force, quelle que soit sa nature, qui se veut absolue, c&rsquo;est-\u00e0-dire Tout et ce qui n&rsquo;est pas elle Rien, ou encore qui ne peut qu&rsquo;\u00eatre Tout sinon elle n&rsquo;est Rien, ne peut tol\u00e9rer d&rsquo;oppo\u00adsition ni m\u00eame de neutralit\u00e9. Elle est irr\u00e9m\u00e9diablement conduite, se concevant comme le Bien absolu, \u00e0 an\u00e9antir le Mal absolu qu&rsquo;incar\u00adnent ceux qui n&rsquo;adh\u00e8rent pas \u00e0 sa foi, \u00e0 son dogme et \u00e0 sa cause. \u00ab\u00a0Celui qui ne croira pas sera condamn\u00e9\u00a0\u00bb. Pas de moyen terme possi\u00adble. Il ne peut en r\u00e9sulter que des holocaustes dans un sens donn\u00e9 jusqu&rsquo;au jour o\u00f9 la m\u00eame situation se produira mais en sens inverse. \u00ab\u00a0Qui s\u00e8me le vent r\u00e9colte la temp\u00eate\u00a0\u00bb. Tel est le destin de tout tota\u00adlitarisme.<\/p>\n<p align=\"JUSTIFY\">S&rsquo;imaginer qu&rsquo;en supprimant un des termes du conflit on abou\u00adtira \u00e0 une situation d\u00e9finitivement stable est une illusion. En fin de compte on n&rsquo;obtiendra en retour que la r\u00e9pression de la force qui un moment avait pr\u00e9tendu avoir seule le droit \u00e0 l&rsquo;existence. C&rsquo;est pourquoi le tao\u00efste pratique le non-agir, ce qui ne signifie pas l&rsquo;absence d&rsquo;action, mais l&rsquo;accomplissement de ce qui est n\u00e9cessaire pour le maintien d&rsquo;un \u00e9quilibre selon les lois de la compl\u00e9mentarit\u00e9 et non pour la satisfac\u00adtion d&rsquo;une volont\u00e9 de puissance, de l&rsquo;ambition ou du d\u00e9sir, qu&rsquo;ils soient individuels ou collectifs. \u00ab\u00a0Il (celui qui conna\u00eet le Tao) produit sans s&rsquo;approprier, agit sans rien attendre; son \u0153uvre accomplie, il ne s&rsquo;y attache pas, et puisqu&rsquo;il ne s&rsquo;y attache pas, son \u0153uvre restera\u00a0\u00bb. (<em>Tao t<\/em><em>\u00f6<\/em><em> King<\/em>, II) &#8211; \u00ab\u00a0Les ph\u00e9nom\u00e8nes du ciel et de la terre ne sont pas durables; comment les actions humaines le seraient-elles ? \u00a0\u00bb (XXIII) \u00ab\u00a0L&rsquo;expansion implique l&rsquo;\u00e9loignement, l&rsquo;\u00e9loignement exige le retour\u00a0\u00bb (XXV).<\/p>\n<p align=\"JUSTIFY\">Il reste \u00e0 examiner la position de celui qui vit l&rsquo;exp\u00e9rience pri\u00admordiale. L&rsquo;homme ignorant ne consid\u00e8re pas une situation dans son ensemble. Il ne se voit pas comme un des \u00e9l\u00e9ments de cette situation ni plus ni moins important que les autres, mais comme un \u00e9l\u00e9ment \u00e0 part, central et immuable, en dehors duquel existent des \u00e9l\u00e9ments qui lui sont favorables ou hostiles, suivant qu&rsquo;ils permettent ou non la r\u00e9a\u00adlisation de ses d\u00e9sirs. Face \u00e0 une sollicitation, la r\u00e9ponse de l&rsquo;homme ignorant va se trouver fauss\u00e9e par l&rsquo;importance d\u00e9mesur\u00e9e qu&rsquo;il s&rsquo;ac\u00adcorde. Elle ne sera pas harmonique mais dissonante. Elle ne r\u00e9tablira pas l&rsquo;\u00e9quilibre mais entretiendra le conflit qui ira en s&rsquo;accentuant si la nouvelle sollicitation concordante qui na\u00eetra de cette r\u00e9ponse s&rsquo;av\u00e8re \u00e0 son tour dissonante.<\/p>\n<p align=\"JUSTIFY\">Dans l&rsquo;exp\u00e9rience acoustique que nous avons d\u00e9crite de la mani\u00e8re la plus simplifi\u00e9e, nous avons vu que la corde n&rsquo;entre jamais tout en\u00adti\u00e8re en vibration. Elle demeure immobile aux points nodaux et pour\u00adtant la source vibratoire qui l&rsquo;anime la parcourt en chacun de ses points. Ceci pourrait servir d&rsquo;illustration au dernier verset du chapitre XIV du <em>Tao t<\/em><em>\u00f6<\/em><em> King<\/em> merveilleusement traduit par Liou Kia-Hway\u00a0: \u00ab\u00a0Conna\u00eetre ce qui est l&rsquo;origine, c&rsquo;est saisir le point nodal du Tao\u00a0\u00bb. Conna\u00eetre ma v\u00e9ritable nature c&rsquo;est vivre ma source primordiale en mon centre immobile, au point nodal de mon \u00eatre. Cette source est permanente, immuable, totalement inaffect\u00e9e par les \u00e9v\u00e9nements qu&rsquo;elle cr\u00e9e, comme la vibration du diapason n&rsquo;est pas modifi\u00e9e par les vibrations de la corde. Connaissant la source de mon \u00eatre, je la re\u00adconnais \u00e9galement en toute chose. Il ne s&rsquo;agit pas l\u00e0 d&rsquo;une croyance, d&rsquo;une figure po\u00e9tique ou d&rsquo;une construction intellectuelle, mais bien d&rsquo;un fait concret aussi inconcevable que cela puisse para\u00eetre pour qui n&rsquo;en a pas l&rsquo;exp\u00e9rience.<\/p>\n<p align=\"JUSTIFY\">Qui conna\u00eet sa v\u00e9ritable nature n&rsquo;oppose plus une volont\u00e9 tribu\u00adtaire de sch\u00e9mas pr\u00e9con\u00e7us aux \u00e9v\u00e9nements de l&rsquo;existence. Ses r\u00e9pon\u00adses aux sollicitations, qu&rsquo;elles proviennent de son individualit\u00e9 ou de l&rsquo;ext\u00e9rieur, n&rsquo;engendrent plus de discordances g\u00e9n\u00e9ratrices de conflit. Elles sont naturellement et spontan\u00e9ment concordantes, sans entra\u00ee\u00adner une suite de r\u00e9percussions. Elles sont sans \u00e9chos. C&rsquo;est pourquoi celui qui conna\u00eet sa v\u00e9ritable nature n&rsquo;est plus en conflit avec qui que ce soit et en premier lieu avec lui-m\u00eame. Les \u00e9v\u00e9nements, pour lui, semblent se d\u00e9rouler d&rsquo;eux-m\u00eames et, tout ce qu&rsquo;il doit faire lui appara\u00eet \u00e9vident. Il est sans \u00ab\u00a0vouloir faire\u00a0\u00bb car le moteur de ses actions est la n\u00e9cessit\u00e9 et non plus des crit\u00e8res de r\u00e9f\u00e9rence ni des jugements de valeur. Vivant en son centre la source primordiale de son \u00eatre, il n&rsquo;est plus m\u00fb par la passion et le d\u00e9sir qui, s&rsquo;\u00e9tant r\u00e9sorb\u00e9s, ne peuvent plus exercer leur emprise despotique.<\/p>\n<p align=\"JUSTIFY\">S&rsquo;imaginer que l&rsquo;on parviendra \u00e0 la connaissance de la source primordiale en immobilisant artificiellement ce qui naturellement est mouvement, la pens\u00e9e en particulier, ne peut d\u00e9boucher que sur une impasse. On aboutira \u00e0 des \u00e9tats temporaires de vide, d&rsquo;extase, d&rsquo;auto-hypnose ou de sam\u00e2dhi, non \u00e0 l&rsquo;exp\u00e9rience v\u00e9ritable. Ma source pri\u00admordiale est toujours pr\u00e9sente \u00e0 travers tous les \u00e9tats de mon exis\u00adtence. C&rsquo;est au centre immobile de mon \u00eatre que je la connais en tant que telle avant d&rsquo;en faire l&rsquo;exp\u00e9rience \u00e0 travers tous les aspects du monde ph\u00e9nom\u00e9nal. Il n&rsquo;y a rien \u00e0 changer, rien \u00e0 modifier ou \u00e0 sup\u00adprimer \u00e0 priori. C&rsquo;est seulement quand l&rsquo;exp\u00e9rience primordiale est v\u00e9cue que, par voie de cons\u00e9quence, la structure individuelle se trouve modifi\u00e9e, mais cela s&rsquo;accomplit de soi-m\u00eame et non par le fait d&rsquo;une volont\u00e9 d\u00e9lib\u00e9r\u00e9e. \u00ab\u00a0Toute pr\u00e9tendue technique ne saurait \u00eatre que trompeuse et nocive\u00a0\u00bb dit Tchouang tseu. Il n&rsquo;y a pas antinomie entre l\u2019\u00catre et la manifestation, pas plus qu&rsquo;il n&rsquo;en existe entre la source vibrante et la corde r\u00e9sonnante. Il n&rsquo;y a pas de dualit\u00e9. Le point nodal du Tao et le point nodal de mon \u00eatre sont le m\u00eame point. En tant qu&rsquo;individu je suis une vibration particuli\u00e8re du Tao. Au centre immo\u00adbile de mon \u00eatre je suis le Tao immobile. Il n&rsquo;y a qu&rsquo;une seule et m\u00eame R\u00e9alit\u00e9.<\/p>\n<p align=\"JUSTIFY\">L&rsquo;homme ignorant est tout entier perdu dans le monde ph\u00e9no\u00adm\u00e9nal. L&rsquo;homme \u00e0 la recherche de l\u2019\u00catre est \u00e9cartel\u00e9 entre le monde ph\u00e9nom\u00e9nal (qu&rsquo;il est enclin \u00e0 rejeter parce qu&rsquo;il le consid\u00e8re \u00e0 tort comme un obstacle), et ce vers quoi il tend et qu&rsquo;il croit ignorer. L'\u00a0\u00bbhomme dou\u00e9\u00a0\u00bb du tao\u00efsme vit \u00e0 la fois, sans aucune distinction ni s\u00e9paration possibles, l&rsquo;Ind\u00e9nommable et le monde ph\u00e9nom\u00e9nal, ce dernier d&rsquo;une mani\u00e8re spontan\u00e9e et originale \u00e0 chaque instant et non plus d\u00e9pendante des opinions pr\u00e9fabriqu\u00e9es, des cat\u00e9gories arbitraires et des valeurs artificielles qu&rsquo;imposent les croyances, la culture et l&rsquo;\u00e9tiquette. Mais, et on ne saurait trop insister sur ce point fondamen\u00adtal, pour l'\u00a0\u00bbhomme dou\u00e9\u00a0\u00bb il n&rsquo;y a pas l&rsquo;Ind\u00e9nommable d&rsquo;un c\u00f4t\u00e9 et un monde ph\u00e9nom\u00e9nal de l&rsquo;autre.<\/p>\n<p align=\"JUSTIFY\">L&rsquo;exp\u00e9rience v\u00e9cue \u00e0 chaque instant est en m\u00eame temps totalit\u00e9 et relativit\u00e9 ; comme la corde est une seule et m\u00eame corde \u00e0 la fois et au m\u00eame instant vibrante et immobile. La distinction, si elle n&rsquo;existe pas dans la R\u00e9alit\u00e9 v\u00e9cue, ne peut cependant \u00eatre \u00e9vit\u00e9e, en raison m\u00eame du mode de fonctionnement du cerveau humain, d\u00e8s lors que l&rsquo;on cherche \u00e0 traduire l&rsquo;exp\u00e9rience, c&rsquo;est-\u00e0-dire \u00e0 l&rsquo;exprimer au moyen de la pens\u00e9e et du langage. C&rsquo;est pourquoi l&rsquo;exp\u00e9rience primordiale est inexprimable dialectiquement. Ainsi l'\u00a0\u00bbhomme dou\u00e9\u00a0\u00bb est-il \u00e0 la fois et en m\u00eame temps enti\u00e8rement heureux et libre, heureux de ce bonheur sans cause qu&rsquo;est l&rsquo;Ind\u00e9nommable v\u00e9cu en Lui-m\u00eame et libre comme l&rsquo;oiseau qui traverse le ciel, par l&rsquo;Ind\u00e9nommable v\u00e9cu au sein du monde ph\u00e9nom\u00e9nal.<\/p>\n","protected":false},"excerpt":{"rendered":"<p>S&rsquo;imaginer que l&rsquo;on parviendra \u00e0 la connaissance de la source primordiale en immobilisant artificiellement ce qui naturellement est mouvement, la pens\u00e9e en particulier, ne peut d\u00e9boucher que sur une impasse. On aboutira \u00e0 des \u00e9tats temporaires de vide, d&rsquo;extase, d&rsquo;auto-hypnose ou de sam\u00e2dhi, non \u00e0 l&rsquo;exp\u00e9rience v\u00e9ritable. Ma source pri\u00admordiale est toujours pr\u00e9sente \u00e0 travers tous les \u00e9tats de mon exis\u00adtence. C&rsquo;est au centre immobile de mon \u00eatre que je la connais en tant que telle avant d&rsquo;en faire l&rsquo;exp\u00e9rience \u00e0 travers tous les aspects du monde ph\u00e9nom\u00e9nal. Il n&rsquo;y a rien \u00e0 changer, rien \u00e0 modifier ou \u00e0 sup\u00adprimer \u00e0 priori. C&rsquo;est seulement quand l&rsquo;exp\u00e9rience primordiale est v\u00e9cue que, par voie de cons\u00e9quence, la structure individuelle se trouve modifi\u00e9e, mais cela s&rsquo;accomplit de soi-m\u00eame et non par le fait d&rsquo;une volont\u00e9 d\u00e9lib\u00e9r\u00e9e.<\/p>\n","protected":false},"author":1,"featured_media":0,"comment_status":"closed","ping_status":"closed","sticky":false,"template":"","format":"standard","meta":{"footnotes":""},"categories":[1141],"tags":[275,23,8,123],"class_list":["post-13673","post","type-post","status-publish","format-standard","hentry","category-gontier-jean","tag-dualite","tag-liberation","tag-non-dualite","tag-unite"],"yoast_head":"<!-- This site is optimized with the Yoast SEO plugin v27.0 - https:\/\/yoast.com\/product\/yoast-seo-wordpress\/ -->\n<title>L&#039;exp\u00e9rience fondamentale par Jean Gontier - 3e mill\u00e9naire - Spiritualit\u00e9 - Connaissance de soi - Non-dualit\u00e9 - M\u00e9ditation<\/title>\n<meta name=\"robots\" content=\"index, follow, max-snippet:-1, max-image-preview:large, max-video-preview:-1\" \/>\n<link rel=\"canonical\" href=\"https:\/\/www.revue3emillenaire.com\/blog\/lexperience-fondamentale-par-jean-gontier\/\" \/>\n<meta property=\"og:locale\" content=\"fr_FR\" \/>\n<meta property=\"og:type\" content=\"article\" \/>\n<meta property=\"og:title\" content=\"L&#039;exp\u00e9rience fondamentale par Jean Gontier - 3e mill\u00e9naire - Spiritualit\u00e9 - Connaissance de soi - Non-dualit\u00e9 - M\u00e9ditation\" \/>\n<meta property=\"og:description\" content=\"S&#039;imaginer que l&#039;on parviendra \u00e0 la connaissance de la source primordiale en immobilisant artificiellement ce qui naturellement est mouvement, la pens\u00e9e en particulier, ne peut d\u00e9boucher que sur une impasse. On aboutira \u00e0 des \u00e9tats temporaires de vide, d&#039;extase, d&#039;auto-hypnose ou de sam\u00e2dhi, non \u00e0 l&#039;exp\u00e9rience v\u00e9ritable. Ma source pri\u00admordiale est toujours pr\u00e9sente \u00e0 travers tous les \u00e9tats de mon exis\u00adtence. C&#039;est au centre immobile de mon \u00eatre que je la connais en tant que telle avant d&#039;en faire l&#039;exp\u00e9rience \u00e0 travers tous les aspects du monde ph\u00e9nom\u00e9nal. Il n&#039;y a rien \u00e0 changer, rien \u00e0 modifier ou \u00e0 sup\u00adprimer \u00e0 priori. C&#039;est seulement quand l&#039;exp\u00e9rience primordiale est v\u00e9cue que, par voie de cons\u00e9quence, la structure individuelle se trouve modifi\u00e9e, mais cela s&#039;accomplit de soi-m\u00eame et non par le fait d&#039;une volont\u00e9 d\u00e9lib\u00e9r\u00e9e.\" \/>\n<meta property=\"og:url\" content=\"https:\/\/www.revue3emillenaire.com\/blog\/lexperience-fondamentale-par-jean-gontier\/\" \/>\n<meta property=\"og:site_name\" content=\"3e mill\u00e9naire - Spiritualit\u00e9 - Connaissance de soi - Non-dualit\u00e9 - M\u00e9ditation\" \/>\n<meta property=\"article:published_time\" content=\"2013-05-30T21:51:58+00:00\" \/>\n<meta name=\"author\" content=\"3e mill\u00e9naire\" \/>\n<meta name=\"twitter:card\" content=\"summary_large_image\" \/>\n<meta name=\"twitter:label1\" content=\"\u00c9crit par\" \/>\n\t<meta name=\"twitter:data1\" content=\"3e mill\u00e9naire\" \/>\n\t<meta name=\"twitter:label2\" content=\"Dur\u00e9e de lecture estim\u00e9e\" \/>\n\t<meta name=\"twitter:data2\" content=\"17 minutes\" \/>\n<script type=\"application\/ld+json\" class=\"yoast-schema-graph\">{\"@context\":\"https:\/\/schema.org\",\"@graph\":[{\"@type\":\"Article\",\"@id\":\"https:\/\/www.revue3emillenaire.com\/blog\/lexperience-fondamentale-par-jean-gontier\/#article\",\"isPartOf\":{\"@id\":\"https:\/\/www.revue3emillenaire.com\/blog\/lexperience-fondamentale-par-jean-gontier\/\"},\"author\":{\"name\":\"3e mill\u00e9naire\",\"@id\":\"https:\/\/www.revue3emillenaire.com\/blog\/#\/schema\/person\/9a3a7cc4ccaa707f402d4394327106d5\"},\"headline\":\"L&rsquo;exp\u00e9rience fondamentale par Jean Gontier\",\"datePublished\":\"2013-05-30T21:51:58+00:00\",\"mainEntityOfPage\":{\"@id\":\"https:\/\/www.revue3emillenaire.com\/blog\/lexperience-fondamentale-par-jean-gontier\/\"},\"wordCount\":3384,\"keywords\":[\"dualit\u00e9\",\"Lib\u00e9ration\",\"Non-dualit\u00e9\",\"Unit\u00e9\"],\"articleSection\":[\"Gontier Jean\"],\"inLanguage\":\"fr-FR\"},{\"@type\":\"WebPage\",\"@id\":\"https:\/\/www.revue3emillenaire.com\/blog\/lexperience-fondamentale-par-jean-gontier\/\",\"url\":\"https:\/\/www.revue3emillenaire.com\/blog\/lexperience-fondamentale-par-jean-gontier\/\",\"name\":\"L'exp\u00e9rience fondamentale par Jean Gontier - 3e mill\u00e9naire - Spiritualit\u00e9 - Connaissance de soi - Non-dualit\u00e9 - M\u00e9ditation\",\"isPartOf\":{\"@id\":\"https:\/\/www.revue3emillenaire.com\/blog\/#website\"},\"datePublished\":\"2013-05-30T21:51:58+00:00\",\"author\":{\"@id\":\"https:\/\/www.revue3emillenaire.com\/blog\/#\/schema\/person\/9a3a7cc4ccaa707f402d4394327106d5\"},\"breadcrumb\":{\"@id\":\"https:\/\/www.revue3emillenaire.com\/blog\/lexperience-fondamentale-par-jean-gontier\/#breadcrumb\"},\"inLanguage\":\"fr-FR\",\"potentialAction\":[{\"@type\":\"ReadAction\",\"target\":[\"https:\/\/www.revue3emillenaire.com\/blog\/lexperience-fondamentale-par-jean-gontier\/\"]}]},{\"@type\":\"BreadcrumbList\",\"@id\":\"https:\/\/www.revue3emillenaire.com\/blog\/lexperience-fondamentale-par-jean-gontier\/#breadcrumb\",\"itemListElement\":[{\"@type\":\"ListItem\",\"position\":1,\"name\":\"Accueil\",\"item\":\"https:\/\/www.revue3emillenaire.com\/blog\/\"},{\"@type\":\"ListItem\",\"position\":2,\"name\":\"L&rsquo;exp\u00e9rience fondamentale par Jean Gontier\"}]},{\"@type\":\"WebSite\",\"@id\":\"https:\/\/www.revue3emillenaire.com\/blog\/#website\",\"url\":\"https:\/\/www.revue3emillenaire.com\/blog\/\",\"name\":\"3e mill\u00e9naire - Spiritualit\u00e9 - Connaissance de soi - Non-dualit\u00e9 - M\u00e9ditation\",\"description\":\"L&#039;Homme en devenir\",\"potentialAction\":[{\"@type\":\"SearchAction\",\"target\":{\"@type\":\"EntryPoint\",\"urlTemplate\":\"https:\/\/www.revue3emillenaire.com\/blog\/?s={search_term_string}\"},\"query-input\":{\"@type\":\"PropertyValueSpecification\",\"valueRequired\":true,\"valueName\":\"search_term_string\"}}],\"inLanguage\":\"fr-FR\"},{\"@type\":\"Person\",\"@id\":\"https:\/\/www.revue3emillenaire.com\/blog\/#\/schema\/person\/9a3a7cc4ccaa707f402d4394327106d5\",\"name\":\"3e mill\u00e9naire\",\"url\":\"https:\/\/www.revue3emillenaire.com\/blog\/author\/admin\/\"}]}<\/script>\n<!-- \/ Yoast SEO plugin. -->","yoast_head_json":{"title":"L'exp\u00e9rience fondamentale par Jean Gontier - 3e mill\u00e9naire - Spiritualit\u00e9 - Connaissance de soi - Non-dualit\u00e9 - M\u00e9ditation","robots":{"index":"index","follow":"follow","max-snippet":"max-snippet:-1","max-image-preview":"max-image-preview:large","max-video-preview":"max-video-preview:-1"},"canonical":"https:\/\/www.revue3emillenaire.com\/blog\/lexperience-fondamentale-par-jean-gontier\/","og_locale":"fr_FR","og_type":"article","og_title":"L'exp\u00e9rience fondamentale par Jean Gontier - 3e mill\u00e9naire - Spiritualit\u00e9 - Connaissance de soi - Non-dualit\u00e9 - M\u00e9ditation","og_description":"S'imaginer que l'on parviendra \u00e0 la connaissance de la source primordiale en immobilisant artificiellement ce qui naturellement est mouvement, la pens\u00e9e en particulier, ne peut d\u00e9boucher que sur une impasse. On aboutira \u00e0 des \u00e9tats temporaires de vide, d'extase, d'auto-hypnose ou de sam\u00e2dhi, non \u00e0 l'exp\u00e9rience v\u00e9ritable. Ma source pri\u00admordiale est toujours pr\u00e9sente \u00e0 travers tous les \u00e9tats de mon exis\u00adtence. C'est au centre immobile de mon \u00eatre que je la connais en tant que telle avant d'en faire l'exp\u00e9rience \u00e0 travers tous les aspects du monde ph\u00e9nom\u00e9nal. Il n'y a rien \u00e0 changer, rien \u00e0 modifier ou \u00e0 sup\u00adprimer \u00e0 priori. C'est seulement quand l'exp\u00e9rience primordiale est v\u00e9cue que, par voie de cons\u00e9quence, la structure individuelle se trouve modifi\u00e9e, mais cela s'accomplit de soi-m\u00eame et non par le fait d'une volont\u00e9 d\u00e9lib\u00e9r\u00e9e.","og_url":"https:\/\/www.revue3emillenaire.com\/blog\/lexperience-fondamentale-par-jean-gontier\/","og_site_name":"3e mill\u00e9naire - Spiritualit\u00e9 - Connaissance de soi - Non-dualit\u00e9 - M\u00e9ditation","article_published_time":"2013-05-30T21:51:58+00:00","author":"3e mill\u00e9naire","twitter_card":"summary_large_image","twitter_misc":{"\u00c9crit par":"3e mill\u00e9naire","Dur\u00e9e de lecture estim\u00e9e":"17 minutes"},"schema":{"@context":"https:\/\/schema.org","@graph":[{"@type":"Article","@id":"https:\/\/www.revue3emillenaire.com\/blog\/lexperience-fondamentale-par-jean-gontier\/#article","isPartOf":{"@id":"https:\/\/www.revue3emillenaire.com\/blog\/lexperience-fondamentale-par-jean-gontier\/"},"author":{"name":"3e mill\u00e9naire","@id":"https:\/\/www.revue3emillenaire.com\/blog\/#\/schema\/person\/9a3a7cc4ccaa707f402d4394327106d5"},"headline":"L&rsquo;exp\u00e9rience fondamentale par Jean Gontier","datePublished":"2013-05-30T21:51:58+00:00","mainEntityOfPage":{"@id":"https:\/\/www.revue3emillenaire.com\/blog\/lexperience-fondamentale-par-jean-gontier\/"},"wordCount":3384,"keywords":["dualit\u00e9","Lib\u00e9ration","Non-dualit\u00e9","Unit\u00e9"],"articleSection":["Gontier Jean"],"inLanguage":"fr-FR"},{"@type":"WebPage","@id":"https:\/\/www.revue3emillenaire.com\/blog\/lexperience-fondamentale-par-jean-gontier\/","url":"https:\/\/www.revue3emillenaire.com\/blog\/lexperience-fondamentale-par-jean-gontier\/","name":"L'exp\u00e9rience fondamentale par Jean Gontier - 3e mill\u00e9naire - Spiritualit\u00e9 - Connaissance de soi - Non-dualit\u00e9 - M\u00e9ditation","isPartOf":{"@id":"https:\/\/www.revue3emillenaire.com\/blog\/#website"},"datePublished":"2013-05-30T21:51:58+00:00","author":{"@id":"https:\/\/www.revue3emillenaire.com\/blog\/#\/schema\/person\/9a3a7cc4ccaa707f402d4394327106d5"},"breadcrumb":{"@id":"https:\/\/www.revue3emillenaire.com\/blog\/lexperience-fondamentale-par-jean-gontier\/#breadcrumb"},"inLanguage":"fr-FR","potentialAction":[{"@type":"ReadAction","target":["https:\/\/www.revue3emillenaire.com\/blog\/lexperience-fondamentale-par-jean-gontier\/"]}]},{"@type":"BreadcrumbList","@id":"https:\/\/www.revue3emillenaire.com\/blog\/lexperience-fondamentale-par-jean-gontier\/#breadcrumb","itemListElement":[{"@type":"ListItem","position":1,"name":"Accueil","item":"https:\/\/www.revue3emillenaire.com\/blog\/"},{"@type":"ListItem","position":2,"name":"L&rsquo;exp\u00e9rience fondamentale par Jean Gontier"}]},{"@type":"WebSite","@id":"https:\/\/www.revue3emillenaire.com\/blog\/#website","url":"https:\/\/www.revue3emillenaire.com\/blog\/","name":"3e mill\u00e9naire - Spiritualit\u00e9 - Connaissance de soi - Non-dualit\u00e9 - M\u00e9ditation","description":"L&#039;Homme en devenir","potentialAction":[{"@type":"SearchAction","target":{"@type":"EntryPoint","urlTemplate":"https:\/\/www.revue3emillenaire.com\/blog\/?s={search_term_string}"},"query-input":{"@type":"PropertyValueSpecification","valueRequired":true,"valueName":"search_term_string"}}],"inLanguage":"fr-FR"},{"@type":"Person","@id":"https:\/\/www.revue3emillenaire.com\/blog\/#\/schema\/person\/9a3a7cc4ccaa707f402d4394327106d5","name":"3e mill\u00e9naire","url":"https:\/\/www.revue3emillenaire.com\/blog\/author\/admin\/"}]}},"_links":{"self":[{"href":"https:\/\/www.revue3emillenaire.com\/blog\/wp-json\/wp\/v2\/posts\/13673","targetHints":{"allow":["GET"]}}],"collection":[{"href":"https:\/\/www.revue3emillenaire.com\/blog\/wp-json\/wp\/v2\/posts"}],"about":[{"href":"https:\/\/www.revue3emillenaire.com\/blog\/wp-json\/wp\/v2\/types\/post"}],"author":[{"embeddable":true,"href":"https:\/\/www.revue3emillenaire.com\/blog\/wp-json\/wp\/v2\/users\/1"}],"replies":[{"embeddable":true,"href":"https:\/\/www.revue3emillenaire.com\/blog\/wp-json\/wp\/v2\/comments?post=13673"}],"version-history":[{"count":0,"href":"https:\/\/www.revue3emillenaire.com\/blog\/wp-json\/wp\/v2\/posts\/13673\/revisions"}],"wp:attachment":[{"href":"https:\/\/www.revue3emillenaire.com\/blog\/wp-json\/wp\/v2\/media?parent=13673"}],"wp:term":[{"taxonomy":"category","embeddable":true,"href":"https:\/\/www.revue3emillenaire.com\/blog\/wp-json\/wp\/v2\/categories?post=13673"},{"taxonomy":"post_tag","embeddable":true,"href":"https:\/\/www.revue3emillenaire.com\/blog\/wp-json\/wp\/v2\/tags?post=13673"}],"curies":[{"name":"wp","href":"https:\/\/api.w.org\/{rel}","templated":true}]}}