{"id":13866,"date":"2013-07-21T03:58:57","date_gmt":"2013-07-21T02:58:57","guid":{"rendered":"http:\/\/www.revue3emillenaire.com\/blog\/?p=13866"},"modified":"2013-07-21T04:08:52","modified_gmt":"2013-07-21T03:08:52","slug":"shankaracharya-la-meditation-du-matin","status":"publish","type":"post","link":"https:\/\/www.revue3emillenaire.com\/blog\/shankaracharya-la-meditation-du-matin\/","title":{"rendered":"Shankaracharya &#8211; La m\u00e9ditation du matin"},"content":{"rendered":"<p>(Revue \u00catre. No 1. 3<span style=\"color: #000000;\"><sup><span style=\"font-family: Times New Roman,serif;\"><span style=\"font-size: small;\">e<\/span><\/span><\/sup><\/span>ann\u00e9e. 1975)<\/p>\n<p align=\"JUSTIFY\"><strong>(PRATAHSMARANAM)<\/strong><\/p>\n<p align=\"JUSTIFY\">Le matin je m\u00e9dite l&rsquo;essence de l&rsquo;atma qui vibre dans mon c\u0153ur, qui est \u00catre, Conscience et B\u00e9atitude, le Quatri\u00e8me [1], le but des asc\u00e8tes paramahansas [2]. Ce qui, chaque jour, semble conna\u00eetre succes\u00adsivement les \u00e9tats de veille, de r\u00eave et de sommeil profond est en r\u00e9alit\u00e9 Brahma, qui est sans parties et c&rsquo;est Cela que je suis et non cette r\u00e9union d&rsquo;\u00e9l\u00e9ments grossiers.<\/p>\n<p align=\"JUSTIFY\">Le matin je v\u00e9n\u00e8re Ce qui d\u00e9passe toutes les paroles et toutes les pens\u00e9es, mais par la gr\u00e2ce de quoi sont manifest\u00e9es toutes les paroles, Celui que l&rsquo;on appelle le dieu des dieux, le sans-naissance, l&rsquo;immua\u00adble, le premier, Ce que les V\u00e9das ont d\u00e9sign\u00e9 par les mots : \u00ab\u00a0pas ceci\u00a0\u00bb, \u00ab\u00a0pas cela\u00a0\u00bb.<\/p>\n<p align=\"JUSTIFY\">Le matin je salue celui que l&rsquo;on nomme le Purusha supr\u00eame, le Lieu de la pl\u00e9nitude et de l&rsquo;\u00e9ternit\u00e9, resplendissant comme le Soleil au-del\u00e0 des t\u00e9n\u00e8bres, ce en dehors de quoi il n&rsquo;y a rien et en quoi ce monde tout entier appara\u00eet comme le serpent dans la corde.<\/p>\n<p align=\"JUSTIFY\">Ces trois stances sont l&rsquo;ornement sacr\u00e9 des trois mondes et celui qui les r\u00e9cite chaque matin parvient au but supr\u00eame.<\/p>\n<p align=\"RIGHT\">(Traduit du sanscrit par R.A.)<\/p>\n<p align=\"JUSTIFY\">[1] Pr\u00e9cisons que ce Quatri\u00e8me (Tur\u00eeyam) n&rsquo;est ni un autre \u00e9tat ni la somme des trois autres. Chacun de ces derniers est, dans son ordre, une manifestation int\u00e9grale du Soi (ou de Brahma), exclusive des deux autres comme l&rsquo;illusion du serpent exclut toute autre illusion dans la corde.<\/p>\n<div>\n<p align=\"JUSTIFY\">[2] Les paramahansas forment la cat\u00e9gorie la plus \u00e9lev\u00e9e des dix ordres asc\u00e9tiques fond\u00e9s par Shankara. Ils sont cens\u00e9s avoir r\u00e9alis\u00e9 la d\u00e9livrance ou s&rsquo;y consacrer exclusivement.<\/p>\n<\/div>\n","protected":false},"excerpt":{"rendered":"<p>Le matin je v\u00e9n\u00e8re Ce qui d\u00e9passe toutes les paroles et toutes les pens\u00e9es, mais par la gr\u00e2ce de quoi sont manifest\u00e9es toutes les paroles, Celui que l&rsquo;on appelle le dieu des dieux, le sans-naissance, l&rsquo;immua\u00adble, le premier, Ce que les V\u00e9das ont d\u00e9sign\u00e9 par les mots : \u00ab\u00a0pas ceci\u00a0\u00bb, \u00ab\u00a0pas cela\u00a0\u00bb.<\/p>\n","protected":false},"author":1,"featured_media":0,"comment_status":"closed","ping_status":"closed","sticky":false,"template":"","format":"standard","meta":{"footnotes":""},"categories":[1158],"tags":[8],"class_list":["post-13866","post","type-post","status-publish","format-standard","hentry","category-shankaracharya","tag-non-dualite"],"yoast_head":"<!-- This site is optimized with the Yoast SEO plugin v27.0 - https:\/\/yoast.com\/product\/yoast-seo-wordpress\/ -->\n<title>Shankaracharya - La m\u00e9ditation du matin - 3e mill\u00e9naire - Spiritualit\u00e9 - Connaissance de soi - Non-dualit\u00e9 - M\u00e9ditation<\/title>\n<meta name=\"robots\" content=\"index, follow, max-snippet:-1, max-image-preview:large, max-video-preview:-1\" \/>\n<link rel=\"canonical\" href=\"https:\/\/www.revue3emillenaire.com\/blog\/shankaracharya-la-meditation-du-matin\/\" \/>\n<meta property=\"og:locale\" content=\"fr_FR\" \/>\n<meta property=\"og:type\" content=\"article\" \/>\n<meta property=\"og:title\" content=\"Shankaracharya - La m\u00e9ditation du matin - 3e mill\u00e9naire - Spiritualit\u00e9 - Connaissance de soi - Non-dualit\u00e9 - M\u00e9ditation\" \/>\n<meta property=\"og:description\" content=\"Le matin je v\u00e9n\u00e8re Ce qui d\u00e9passe toutes les paroles et toutes les pens\u00e9es, mais par la gr\u00e2ce de quoi sont manifest\u00e9es toutes les paroles, Celui que l&#039;on appelle le dieu des dieux, le sans-naissance, l&#039;immua\u00adble, le premier, Ce que les V\u00e9das ont d\u00e9sign\u00e9 par les mots : &quot;pas ceci&quot;, &quot;pas cela&quot;.\" \/>\n<meta property=\"og:url\" content=\"https:\/\/www.revue3emillenaire.com\/blog\/shankaracharya-la-meditation-du-matin\/\" \/>\n<meta property=\"og:site_name\" content=\"3e mill\u00e9naire - Spiritualit\u00e9 - Connaissance de soi - Non-dualit\u00e9 - M\u00e9ditation\" \/>\n<meta property=\"article:published_time\" content=\"2013-07-21T02:58:57+00:00\" \/>\n<meta property=\"article:modified_time\" content=\"2013-07-21T03:08:52+00:00\" \/>\n<meta name=\"author\" content=\"3e mill\u00e9naire\" \/>\n<meta name=\"twitter:card\" content=\"summary_large_image\" \/>\n<meta name=\"twitter:label1\" content=\"\u00c9crit par\" \/>\n\t<meta name=\"twitter:data1\" content=\"3e mill\u00e9naire\" \/>\n\t<meta name=\"twitter:label2\" content=\"Dur\u00e9e de lecture estim\u00e9e\" \/>\n\t<meta name=\"twitter:data2\" content=\"2 minutes\" \/>\n<script type=\"application\/ld+json\" class=\"yoast-schema-graph\">{\"@context\":\"https:\/\/schema.org\",\"@graph\":[{\"@type\":\"Article\",\"@id\":\"https:\/\/www.revue3emillenaire.com\/blog\/shankaracharya-la-meditation-du-matin\/#article\",\"isPartOf\":{\"@id\":\"https:\/\/www.revue3emillenaire.com\/blog\/shankaracharya-la-meditation-du-matin\/\"},\"author\":{\"name\":\"3e mill\u00e9naire\",\"@id\":\"https:\/\/www.revue3emillenaire.com\/blog\/#\/schema\/person\/9a3a7cc4ccaa707f402d4394327106d5\"},\"headline\":\"Shankaracharya &#8211; La m\u00e9ditation du matin\",\"datePublished\":\"2013-07-21T02:58:57+00:00\",\"dateModified\":\"2013-07-21T03:08:52+00:00\",\"mainEntityOfPage\":{\"@id\":\"https:\/\/www.revue3emillenaire.com\/blog\/shankaracharya-la-meditation-du-matin\/\"},\"wordCount\":315,\"keywords\":[\"Non-dualit\u00e9\"],\"articleSection\":[\"Shankaracharya\"],\"inLanguage\":\"fr-FR\"},{\"@type\":\"WebPage\",\"@id\":\"https:\/\/www.revue3emillenaire.com\/blog\/shankaracharya-la-meditation-du-matin\/\",\"url\":\"https:\/\/www.revue3emillenaire.com\/blog\/shankaracharya-la-meditation-du-matin\/\",\"name\":\"Shankaracharya - La m\u00e9ditation du matin - 3e mill\u00e9naire - Spiritualit\u00e9 - Connaissance de soi - Non-dualit\u00e9 - M\u00e9ditation\",\"isPartOf\":{\"@id\":\"https:\/\/www.revue3emillenaire.com\/blog\/#website\"},\"datePublished\":\"2013-07-21T02:58:57+00:00\",\"dateModified\":\"2013-07-21T03:08:52+00:00\",\"author\":{\"@id\":\"https:\/\/www.revue3emillenaire.com\/blog\/#\/schema\/person\/9a3a7cc4ccaa707f402d4394327106d5\"},\"breadcrumb\":{\"@id\":\"https:\/\/www.revue3emillenaire.com\/blog\/shankaracharya-la-meditation-du-matin\/#breadcrumb\"},\"inLanguage\":\"fr-FR\",\"potentialAction\":[{\"@type\":\"ReadAction\",\"target\":[\"https:\/\/www.revue3emillenaire.com\/blog\/shankaracharya-la-meditation-du-matin\/\"]}]},{\"@type\":\"BreadcrumbList\",\"@id\":\"https:\/\/www.revue3emillenaire.com\/blog\/shankaracharya-la-meditation-du-matin\/#breadcrumb\",\"itemListElement\":[{\"@type\":\"ListItem\",\"position\":1,\"name\":\"Accueil\",\"item\":\"https:\/\/www.revue3emillenaire.com\/blog\/\"},{\"@type\":\"ListItem\",\"position\":2,\"name\":\"Shankaracharya &#8211; La m\u00e9ditation du matin\"}]},{\"@type\":\"WebSite\",\"@id\":\"https:\/\/www.revue3emillenaire.com\/blog\/#website\",\"url\":\"https:\/\/www.revue3emillenaire.com\/blog\/\",\"name\":\"3e mill\u00e9naire - Spiritualit\u00e9 - Connaissance de soi - Non-dualit\u00e9 - M\u00e9ditation\",\"description\":\"L&#039;Homme en devenir\",\"potentialAction\":[{\"@type\":\"SearchAction\",\"target\":{\"@type\":\"EntryPoint\",\"urlTemplate\":\"https:\/\/www.revue3emillenaire.com\/blog\/?s={search_term_string}\"},\"query-input\":{\"@type\":\"PropertyValueSpecification\",\"valueRequired\":true,\"valueName\":\"search_term_string\"}}],\"inLanguage\":\"fr-FR\"},{\"@type\":\"Person\",\"@id\":\"https:\/\/www.revue3emillenaire.com\/blog\/#\/schema\/person\/9a3a7cc4ccaa707f402d4394327106d5\",\"name\":\"3e mill\u00e9naire\",\"url\":\"https:\/\/www.revue3emillenaire.com\/blog\/author\/admin\/\"}]}<\/script>\n<!-- \/ Yoast SEO plugin. -->","yoast_head_json":{"title":"Shankaracharya - La m\u00e9ditation du matin - 3e mill\u00e9naire - Spiritualit\u00e9 - Connaissance de soi - Non-dualit\u00e9 - M\u00e9ditation","robots":{"index":"index","follow":"follow","max-snippet":"max-snippet:-1","max-image-preview":"max-image-preview:large","max-video-preview":"max-video-preview:-1"},"canonical":"https:\/\/www.revue3emillenaire.com\/blog\/shankaracharya-la-meditation-du-matin\/","og_locale":"fr_FR","og_type":"article","og_title":"Shankaracharya - La m\u00e9ditation du matin - 3e mill\u00e9naire - Spiritualit\u00e9 - Connaissance de soi - Non-dualit\u00e9 - M\u00e9ditation","og_description":"Le matin je v\u00e9n\u00e8re Ce qui d\u00e9passe toutes les paroles et toutes les pens\u00e9es, mais par la gr\u00e2ce de quoi sont manifest\u00e9es toutes les paroles, Celui que l'on appelle le dieu des dieux, le sans-naissance, l'immua\u00adble, le premier, Ce que les V\u00e9das ont d\u00e9sign\u00e9 par les mots : \"pas ceci\", \"pas cela\".","og_url":"https:\/\/www.revue3emillenaire.com\/blog\/shankaracharya-la-meditation-du-matin\/","og_site_name":"3e mill\u00e9naire - Spiritualit\u00e9 - Connaissance de soi - Non-dualit\u00e9 - M\u00e9ditation","article_published_time":"2013-07-21T02:58:57+00:00","article_modified_time":"2013-07-21T03:08:52+00:00","author":"3e mill\u00e9naire","twitter_card":"summary_large_image","twitter_misc":{"\u00c9crit par":"3e mill\u00e9naire","Dur\u00e9e de lecture estim\u00e9e":"2 minutes"},"schema":{"@context":"https:\/\/schema.org","@graph":[{"@type":"Article","@id":"https:\/\/www.revue3emillenaire.com\/blog\/shankaracharya-la-meditation-du-matin\/#article","isPartOf":{"@id":"https:\/\/www.revue3emillenaire.com\/blog\/shankaracharya-la-meditation-du-matin\/"},"author":{"name":"3e mill\u00e9naire","@id":"https:\/\/www.revue3emillenaire.com\/blog\/#\/schema\/person\/9a3a7cc4ccaa707f402d4394327106d5"},"headline":"Shankaracharya &#8211; La m\u00e9ditation du matin","datePublished":"2013-07-21T02:58:57+00:00","dateModified":"2013-07-21T03:08:52+00:00","mainEntityOfPage":{"@id":"https:\/\/www.revue3emillenaire.com\/blog\/shankaracharya-la-meditation-du-matin\/"},"wordCount":315,"keywords":["Non-dualit\u00e9"],"articleSection":["Shankaracharya"],"inLanguage":"fr-FR"},{"@type":"WebPage","@id":"https:\/\/www.revue3emillenaire.com\/blog\/shankaracharya-la-meditation-du-matin\/","url":"https:\/\/www.revue3emillenaire.com\/blog\/shankaracharya-la-meditation-du-matin\/","name":"Shankaracharya - La m\u00e9ditation du matin - 3e mill\u00e9naire - Spiritualit\u00e9 - Connaissance de soi - Non-dualit\u00e9 - M\u00e9ditation","isPartOf":{"@id":"https:\/\/www.revue3emillenaire.com\/blog\/#website"},"datePublished":"2013-07-21T02:58:57+00:00","dateModified":"2013-07-21T03:08:52+00:00","author":{"@id":"https:\/\/www.revue3emillenaire.com\/blog\/#\/schema\/person\/9a3a7cc4ccaa707f402d4394327106d5"},"breadcrumb":{"@id":"https:\/\/www.revue3emillenaire.com\/blog\/shankaracharya-la-meditation-du-matin\/#breadcrumb"},"inLanguage":"fr-FR","potentialAction":[{"@type":"ReadAction","target":["https:\/\/www.revue3emillenaire.com\/blog\/shankaracharya-la-meditation-du-matin\/"]}]},{"@type":"BreadcrumbList","@id":"https:\/\/www.revue3emillenaire.com\/blog\/shankaracharya-la-meditation-du-matin\/#breadcrumb","itemListElement":[{"@type":"ListItem","position":1,"name":"Accueil","item":"https:\/\/www.revue3emillenaire.com\/blog\/"},{"@type":"ListItem","position":2,"name":"Shankaracharya &#8211; La m\u00e9ditation du matin"}]},{"@type":"WebSite","@id":"https:\/\/www.revue3emillenaire.com\/blog\/#website","url":"https:\/\/www.revue3emillenaire.com\/blog\/","name":"3e mill\u00e9naire - Spiritualit\u00e9 - Connaissance de soi - Non-dualit\u00e9 - M\u00e9ditation","description":"L&#039;Homme en devenir","potentialAction":[{"@type":"SearchAction","target":{"@type":"EntryPoint","urlTemplate":"https:\/\/www.revue3emillenaire.com\/blog\/?s={search_term_string}"},"query-input":{"@type":"PropertyValueSpecification","valueRequired":true,"valueName":"search_term_string"}}],"inLanguage":"fr-FR"},{"@type":"Person","@id":"https:\/\/www.revue3emillenaire.com\/blog\/#\/schema\/person\/9a3a7cc4ccaa707f402d4394327106d5","name":"3e mill\u00e9naire","url":"https:\/\/www.revue3emillenaire.com\/blog\/author\/admin\/"}]}},"_links":{"self":[{"href":"https:\/\/www.revue3emillenaire.com\/blog\/wp-json\/wp\/v2\/posts\/13866","targetHints":{"allow":["GET"]}}],"collection":[{"href":"https:\/\/www.revue3emillenaire.com\/blog\/wp-json\/wp\/v2\/posts"}],"about":[{"href":"https:\/\/www.revue3emillenaire.com\/blog\/wp-json\/wp\/v2\/types\/post"}],"author":[{"embeddable":true,"href":"https:\/\/www.revue3emillenaire.com\/blog\/wp-json\/wp\/v2\/users\/1"}],"replies":[{"embeddable":true,"href":"https:\/\/www.revue3emillenaire.com\/blog\/wp-json\/wp\/v2\/comments?post=13866"}],"version-history":[{"count":0,"href":"https:\/\/www.revue3emillenaire.com\/blog\/wp-json\/wp\/v2\/posts\/13866\/revisions"}],"wp:attachment":[{"href":"https:\/\/www.revue3emillenaire.com\/blog\/wp-json\/wp\/v2\/media?parent=13866"}],"wp:term":[{"taxonomy":"category","embeddable":true,"href":"https:\/\/www.revue3emillenaire.com\/blog\/wp-json\/wp\/v2\/categories?post=13866"},{"taxonomy":"post_tag","embeddable":true,"href":"https:\/\/www.revue3emillenaire.com\/blog\/wp-json\/wp\/v2\/tags?post=13866"}],"curies":[{"name":"wp","href":"https:\/\/api.w.org\/{rel}","templated":true}]}}