{"id":141,"date":"2009-11-27T00:00:00","date_gmt":"2009-11-27T00:00:00","guid":{"rendered":"http:\/\/www.revue3emillenaire.com\/blog\/?p=141"},"modified":"2010-01-22T16:40:38","modified_gmt":"2010-01-22T15:40:38","slug":"naissance-et-cessation-du-karma-par-robert-linssen","status":"publish","type":"post","link":"https:\/\/www.revue3emillenaire.com\/blog\/naissance-et-cessation-du-karma-par-robert-linssen\/","title":{"rendered":"Naissance et cessation du Karma par Robert Linssen"},"content":{"rendered":"<p style=\"text-align: justify;\">(Revue \u00catre Libre, num\u00e9ros 199-201, Juillet-Septembre 1962)<\/p>\n<p style=\"text-align: justify;\">Les lignes qui suivent sont consacr\u00e9es \u00e0 l&rsquo;\u00e9tude sommaire du \u00ab karma individuel \u00bb et non du \u00ab karma collectif \u00bb. Ce dernier est beaucoup plus obscur et se trouve plus directement li\u00e9 \u00e0 un processus universel.<\/p>\n<p style=\"text-align: justify;\">La plupart des philosophies orientales attachent une grande importance \u00e0 la loi du karma. Du V\u00e9danta indien jusqu&rsquo;au Bouddhisme n\u00e9 aux Indes, puis diffus\u00e9 en Chine et au Japon, nous voyons l&rsquo;importance consid\u00e9rable accord\u00e9e \u00e0 ce processus de cause \u00e0 effet.<\/p>\n<p style=\"text-align: justify;\">La racine sanskrite du terme karma est li\u00e9e \u00e0 la notion d&rsquo;action, de production.<\/p>\n<p style=\"text-align: justify;\"><!--more--><\/p>\n<p style=\"text-align: justify;\">Nous connaissons en Occident cette pens\u00e9e tr\u00e8s commune : ce que l&rsquo;on s\u00e8me on le r\u00e9colte&#8230;, \u00ab qui s\u00e8me le vent r\u00e9colte la temp\u00eate \u00bb.<\/p>\n<p style=\"text-align: justify;\">Nous pouvons donc d\u00e9finir le \u00ab karma \u00bb comme une loi de cause \u00e0 effet. Chaque effet, chaque \u00e9v\u00e9nement actuel est le r\u00e9sultat d&rsquo;une cause ant\u00e9rieure.<\/p>\n<p style=\"text-align: justify;\">Nous ferons remarquer imm\u00e9diatement que pour les Ma\u00eetres de la Vue Juste, il n&rsquo;existe pas de s\u00e9paration absolue entre une cause et son effet. L&rsquo;impression d&rsquo;une s\u00e9paration entre la cause et l&rsquo;effet provient du facteur temps. Et comme ce dernier n&rsquo;est en grande partie que le r\u00e9sultat d&rsquo;une perception subjective, il n&rsquo;a pas l&rsquo;importance que nous lui accordons g\u00e9n\u00e9ralement. Pour Krishnamurti, par exemple, la cause et l&rsquo;effet sont une seule et m\u00eame chose. Un seul et m\u00eame processus les unit r\u00e9ciproquement.<\/p>\n<p style=\"text-align: justify;\">Pour cette raison d&rsquo;ailleurs, la cessation du karma, c&rsquo;est-\u00e0-dire la fin de l&rsquo;encha\u00eenement de notre processus de cause \u00e0 effet, ne peut \u00eatre le r\u00e9sultat d&rsquo;un entra\u00eenement progressif dans le temps. Au contraire, la rupture du processus temporel de cause \u00e0 effet ne peut \u00eatre qu&rsquo;instantan\u00e9e. Telle est \u00e9galement la position des Ma\u00eetres Zen dans la \u00ab Voie Abrupte \u00bb. Telle \u00e9tait \u00e9galement la position des Ma\u00eetres de l&rsquo;Adva\u00efta.<\/p>\n<p style=\"text-align: justify;\">Malgr\u00e9 cela, nous remarquons que la plupart des fid\u00e8les appartenant aux formes les plus r\u00e9pandues des diverses philosophies indiennes nous pr\u00e9sentent la lib\u00e9ration du karma comme un but en soi.<\/p>\n<p style=\"text-align: justify;\">Eh bien, NON ! La cessation du karma n&rsquo;est pas un moyen mais un r\u00e9sultat, une cons\u00e9quence. Il est ridicule d&rsquo;affirmer que l&rsquo;on s&rsquo;entra\u00eene \u00e0 se lib\u00e9rer du karma. L&rsquo;Eveill\u00e9 \u00e0 qui l&rsquo;ignorant \u00e9noncerait de telles sottises demanderait imm\u00e9diatement \u00ab qui \u00bb s&rsquo;entra\u00eene \u00e0 se lib\u00e9rer du karma ? Pourquoi voulez-vous vous lib\u00e9rer du karma ?<\/p>\n<p style=\"text-align: justify;\">Aussi longtemps que subsiste un centre permanent exprimant des d\u00e9sirs quels qu&rsquo;ils soient, y compris le d\u00e9sir de se lib\u00e9rer du karma, il y aura cr\u00e9ation du karma.<\/p>\n<p style=\"text-align: justify;\">La cessation du karma se r\u00e9alise d\u00e8s l&rsquo;instant o\u00f9 nous avons d\u00e9couvert dans leur jaillissement premier les \u00e9nergies qui font appara\u00eetre nos activit\u00e9s mentales. L\u00e0 se situent les mobiles profonds de nos actes. Aussi longtemps que nos actions exprimeront ces mobiles conscients et surtout inconscients, il y aura karma, encha\u00eenement de causes \u00e0 effets. La cessation du karma n&rsquo;est r\u00e9ellement atteinte que lorsque nous r\u00e9alisons une attitude d&rsquo;action spontan\u00e9e sans mobile.<\/p>\n<p style=\"text-align: justify;\">L\u00e0 o\u00f9 il y a mobile, but \u00e0 atteindre, d\u00e9sir, il y a karma. Car, l\u00e0 o\u00f9 il y a mobile, but \u00e0 atteindre, d\u00e9sir, il y a effort. Et tout effort est une cause qui entra\u00eene in\u00e9vitablement un effet.<\/p>\n<p style=\"text-align: justify;\">C&rsquo;est toujours dans le mental qu&rsquo;apparaissent les premi\u00e8res \u00e9nergies responsable du karma.<br \/>\nLes Eveill\u00e9s ne discr\u00e9ditent pas l&rsquo;activit\u00e9 mentale. Ils lui assignent simplement la juste place qu&rsquo;elle doit occuper dans une hi\u00e9rarchie de fonctions et de niveaux de conscience bien plus complexes que ceux qui nous sont familiers.<br \/>\nLe karma na\u00eet, d\u00e8s l&rsquo;instant o\u00f9 la pens\u00e9e, qui n&rsquo;est qu&rsquo;une fonction, se prend pour une entit\u00e9.<\/p>\n<p style=\"text-align: justify;\">Le \u00ab moi \u00bb, s&rsquo;identifiant ainsi \u00e0 sa propre continuit\u00e9, se prend r\u00e9ellement pour une entit\u00e9 distincte et se place ainsi, \u00e0 son insu, dans une situation d\u00e9sesp\u00e9r\u00e9e et sans issue. Le d\u00e9s\u00e9quilibre fondamental de sa position et la contradiction existant entre le \u00ab moi \u00bb apparemment s\u00e9par\u00e9 et son essence vraie sont \u00e0 l&rsquo;origine de l&rsquo;angoisse, de la peur, de l&rsquo;avidit\u00e9, du d\u00e9sir.<\/p>\n<p style=\"text-align: justify;\">Carlo Suar\u00e8s a d\u00e9montr\u00e9 admirablement ce qui pr\u00e9c\u00e8de dans son magistral ouvrage \u00ab La Com\u00e9die Psychologique \u00bb.<\/p>\n<p style=\"text-align: justify;\">Par suite d&rsquo;un vice de fonctionnement fondamental, le mental cherche \u00e0 tous prix, par tous les moyens, \u00e0 retrouver l&rsquo;\u00e9quilibre rompu. Ainsi appara\u00eet un faisceau de tendances \u00e0 l&rsquo;avidit\u00e9 que les bouddhistes d\u00e9signent par Tanha : soif de vivre, d\u00e9sir de dur\u00e9e, d\u00e9sir d&rsquo;avoir, d&rsquo;avoir toujours plus.<\/p>\n<p style=\"text-align: justify;\">Car, bien entendu, le \u00ab moi \u00bb prisonnier de l&rsquo;illusion de la conscience de soi, a pris l&rsquo;habitude de se consid\u00e9rer comme une entit\u00e9. Cette habitude \u0153uvre comme une force d&rsquo;inertie, d&rsquo;attachement au pass\u00e9. Elle ne veut en aucun cas abdiquer.<\/p>\n<p style=\"text-align: justify;\">Telle est la force axiale qui fait appara\u00eetre le d\u00e9fil\u00e9 de nos op\u00e9rations mentales, de nos d\u00e9sirs, et finalement de nos actes.<\/p>\n<p style=\"text-align: justify;\">Aussi longtemps qu&rsquo;existe cet instinct de conservation psychologique du \u00ab moi \u00bb, il y a d\u00e9sir, d\u00e9sir de dur\u00e9e, soif de poss\u00e9der, de jouir pour s&rsquo;\u00e9prouver en tant qu&rsquo;entit\u00e9 s\u00e9par\u00e9e et se convaincre que l&rsquo;on existe tel qu&rsquo;on le souhaite. Aussi longtemps qu&rsquo;existent ces tendances, il y a karma, encha\u00eenement aux effets innombrables que d\u00e9terminent ces causes.<\/p>\n<p style=\"text-align: justify;\">Par ceci nous ne nions pas l&rsquo;utilit\u00e9, \u00e0 titre provisoire, d&rsquo;un certain instinct de conservation. Sans cet instinct, nul ne serait en vie. Mais, ainsi que l&rsquo;exprimait le penseur indien Sri Aurobindo, \u00ab ce qui fut une aide, peut devenir une entrave&#8230; \u00bb L&rsquo;animalit\u00e9 fut une aide, elle est l&rsquo;entrave. La raison fut une aide, la raison est l&rsquo;entrave. Et de m\u00eame, l&rsquo;instinct de conservation fut une aide et pour nous il est l&rsquo;entrave.<\/p>\n<p style=\"text-align: justify;\">La premi\u00e8re t\u00e2che qui nous incombe consiste \u00e0 comprendre et \u00e0 ressentir effectivement la pr\u00e9sence en nous de cette force d&rsquo;instinct de conservation. Ce travail n&rsquo;est pas intellectuel. Il consiste \u00e0 percevoir la pouss\u00e9e qui fait appara\u00eetre les moindres mouvements de la pens\u00e9e. Cette pouss\u00e9e est l&rsquo;expression de l&rsquo;instinct de conservation du moi. Elle est le r\u00e9flexe d&rsquo;auto-d\u00e9fense d&rsquo;une peur fondamentale : la peur d&rsquo;\u00eatre rien, la peur de ne plus durer en tant que \u00ab pseudo-entit\u00e9 \u00bb, la peur de mettre fin au r\u00eave illusoire de la conscience de soi. Le d\u00e9fil\u00e9 rapide de nos pens\u00e9es conf\u00e8re \u00e0 notre vie int\u00e9rieure le sentiment de continuit\u00e9 souhait\u00e9. Lorsque la force qui fait appara\u00eetre le d\u00e9fil\u00e9 des op\u00e9rations mentales est d\u00e9masqu\u00e9e comme simple r\u00e9flexe d&rsquo;une peur fondamentale et d&rsquo;un d\u00e9sir \u00e9perdu de dur\u00e9e, la s\u00e9r\u00e9nit\u00e9, la paix et l&rsquo;amour s&rsquo;installent dans le c\u0153ur de celui qui \u00e0 cet instant m\u00eame est un Eveill\u00e9.<\/p>\n<p style=\"text-align: justify;\">La continuit\u00e9 st\u00e9rile de la pseudo entit\u00e9 du \u00ab moi \u00bb, avec son cort\u00e8ge de plaisirs et de souffrances, dispara\u00eet. Le karma n&rsquo;est plus engendr\u00e9.<\/p>\n<p style=\"text-align: justify;\">Le mental ne g\u00e9n\u00e8re plus de karma d\u00e8s l&rsquo;instant o\u00f9 chaque pens\u00e9e n&rsquo;est plus complice de l&rsquo;instinct de conservation du \u00ab moi \u00bb.<\/p>\n<p style=\"text-align: justify;\">L&rsquo;\u00eatre est alors Eveill\u00e9. Chaque pens\u00e9e appara\u00eet alors, se d\u00e9veloppe et se liquide dans l&rsquo;instant. Elle ne laisse pas de trace. Telle est la signification de la parole de Lao Tseu : \u00ab Celui qui marche bien ne laisse pas de trace \u00bb. Il ne g\u00e9n\u00e8re plus de karma.<\/p>\n<p style=\"text-align: justify;\">Chaque pens\u00e9e est simplement la r\u00e9ponse ad\u00e9quate aux n\u00e9cessit\u00e9s du pr\u00e9sent. Il n&rsquo;y a plus une \u00ab entit\u00e9 \u00bb, un \u00ab moi \u00bb qui tente, par cette pens\u00e9e, de s&rsquo;affirmer, de se projeter dans l&rsquo;avenir.<\/p>\n<p style=\"text-align: justify;\">Il y a cessation du karma lorsque nous vivons compl\u00e8tement dans le pr\u00e9sent. Nous ne nous projetons plus en tant qu&rsquo;entit\u00e9 s\u00e9par\u00e9e.<\/p>\n<p style=\"text-align: justify;\">Chaque seconde est compl\u00e8te en elle-m\u00eame. Nous sommes combl\u00e9s par la Pl\u00e9nitude d&rsquo;Amour et de lucidit\u00e9 de l&rsquo;Ananda du Pr\u00e9sent. Nous sommes. Nous ne conjuguons plus le verbe avoir, ou devenir. Nous conjuguons simplement le verbe \u00eatre. Nous sommes tout simplement la Totalit\u00e9 Cosmique qui a toujours \u00e9t\u00e9, qui EST. Etant complets, il ne nous manque rien, nous ne d\u00e9sirons pas \u00ab devenir \u00bb. Ne d\u00e9sirant plus devenir nous n&rsquo;engendrons plus de karma.<\/p>\n<p style=\"text-align: justify;\">En r\u00e9sum\u00e9 : le karma se cr\u00e9e d\u00e8s l&rsquo;instant o\u00f9 nous vivons de fa\u00e7on incompl\u00e8te, identifi\u00e9 au temps et au \u00ab moi \u00bb qui n&rsquo;est qu&rsquo;un r\u00e9sidu non dig\u00e9r\u00e9 du Temps. Il y a karma d\u00e8s qu&rsquo;il y a objectivation, identification au monde des dualit\u00e9s, perte de vue de l&rsquo;Unit\u00e9 fonci\u00e8re et ineffable de l&rsquo;Eternelle Pr\u00e9sence.<\/p>\n","protected":false},"excerpt":{"rendered":"<p>Les lignes qui suivent sont consacr\u00e9es \u00e0 l&rsquo;\u00e9tude sommaire du \u00ab karma individuel \u00bb et non du \u00ab karma collectif \u00bb. Ce dernier est beaucoup plus obscur et se trouve plus directement li\u00e9 \u00e0 un processus universel. La plupart des philosophies orientales attachent une grande importance \u00e0 la loi du karma. Du V\u00e9danta indien jusqu&rsquo;au Bouddhisme n\u00e9 aux Indes, puis diffus\u00e9 en Chine et au Japon, nous voyons l&rsquo;importance consid\u00e9rable accord\u00e9e \u00e0 ce processus de cause \u00e0 effet. La racine sanskrite du terme karma est li\u00e9e \u00e0 la notion d&rsquo;action, de production.<\/p>\n","protected":false},"author":1,"featured_media":0,"comment_status":"open","ping_status":"open","sticky":false,"template":"","format":"standard","meta":{"footnotes":""},"categories":[66],"tags":[42,19,6,88],"class_list":["post-141","post","type-post","status-publish","format-standard","hentry","category-r-linssen","tag-eveil","tag-karma","tag-krishnamurti","tag-le-moi"],"yoast_head":"<!-- This site is optimized with the Yoast SEO plugin v27.0 - https:\/\/yoast.com\/product\/yoast-seo-wordpress\/ -->\n<title>Naissance et cessation du Karma par Robert Linssen - 3e mill\u00e9naire - Spiritualit\u00e9 - Connaissance de soi - Non-dualit\u00e9 - M\u00e9ditation<\/title>\n<meta name=\"robots\" content=\"index, follow, max-snippet:-1, max-image-preview:large, max-video-preview:-1\" \/>\n<link rel=\"canonical\" href=\"https:\/\/www.revue3emillenaire.com\/blog\/naissance-et-cessation-du-karma-par-robert-linssen\/\" \/>\n<meta property=\"og:locale\" content=\"fr_FR\" \/>\n<meta property=\"og:type\" content=\"article\" \/>\n<meta property=\"og:title\" content=\"Naissance et cessation du Karma par Robert Linssen - 3e mill\u00e9naire - Spiritualit\u00e9 - Connaissance de soi - Non-dualit\u00e9 - M\u00e9ditation\" \/>\n<meta property=\"og:description\" content=\"Les lignes qui suivent sont consacr\u00e9es \u00e0 l&#039;\u00e9tude sommaire du \u00ab karma individuel \u00bb et non du \u00ab karma collectif \u00bb. Ce dernier est beaucoup plus obscur et se trouve plus directement li\u00e9 \u00e0 un processus universel. La plupart des philosophies orientales attachent une grande importance \u00e0 la loi du karma. Du V\u00e9danta indien jusqu&#039;au Bouddhisme n\u00e9 aux Indes, puis diffus\u00e9 en Chine et au Japon, nous voyons l&#039;importance consid\u00e9rable accord\u00e9e \u00e0 ce processus de cause \u00e0 effet. La racine sanskrite du terme karma est li\u00e9e \u00e0 la notion d&#039;action, de production.\" \/>\n<meta property=\"og:url\" content=\"https:\/\/www.revue3emillenaire.com\/blog\/naissance-et-cessation-du-karma-par-robert-linssen\/\" \/>\n<meta property=\"og:site_name\" content=\"3e mill\u00e9naire - Spiritualit\u00e9 - Connaissance de soi - Non-dualit\u00e9 - M\u00e9ditation\" \/>\n<meta property=\"article:published_time\" content=\"2009-11-27T00:00:00+00:00\" \/>\n<meta property=\"article:modified_time\" content=\"2010-01-22T15:40:38+00:00\" \/>\n<meta name=\"author\" content=\"3e mill\u00e9naire\" \/>\n<meta name=\"twitter:card\" content=\"summary_large_image\" \/>\n<meta name=\"twitter:label1\" content=\"\u00c9crit par\" \/>\n\t<meta name=\"twitter:data1\" content=\"3e mill\u00e9naire\" \/>\n\t<meta name=\"twitter:label2\" content=\"Dur\u00e9e de lecture estim\u00e9e\" \/>\n\t<meta name=\"twitter:data2\" content=\"7 minutes\" \/>\n<script type=\"application\/ld+json\" class=\"yoast-schema-graph\">{\"@context\":\"https:\/\/schema.org\",\"@graph\":[{\"@type\":\"Article\",\"@id\":\"https:\/\/www.revue3emillenaire.com\/blog\/naissance-et-cessation-du-karma-par-robert-linssen\/#article\",\"isPartOf\":{\"@id\":\"https:\/\/www.revue3emillenaire.com\/blog\/naissance-et-cessation-du-karma-par-robert-linssen\/\"},\"author\":{\"name\":\"3e mill\u00e9naire\",\"@id\":\"https:\/\/www.revue3emillenaire.com\/blog\/#\/schema\/person\/9a3a7cc4ccaa707f402d4394327106d5\"},\"headline\":\"Naissance et cessation du Karma par Robert Linssen\",\"datePublished\":\"2009-11-27T00:00:00+00:00\",\"dateModified\":\"2010-01-22T15:40:38+00:00\",\"mainEntityOfPage\":{\"@id\":\"https:\/\/www.revue3emillenaire.com\/blog\/naissance-et-cessation-du-karma-par-robert-linssen\/\"},\"wordCount\":1454,\"commentCount\":0,\"keywords\":[\"Eveil\",\"Karma\",\"Krishnamurti\",\"Le moi\"],\"articleSection\":[\"Linssen Robert\"],\"inLanguage\":\"fr-FR\",\"potentialAction\":[{\"@type\":\"CommentAction\",\"name\":\"Comment\",\"target\":[\"https:\/\/www.revue3emillenaire.com\/blog\/naissance-et-cessation-du-karma-par-robert-linssen\/#respond\"]}]},{\"@type\":\"WebPage\",\"@id\":\"https:\/\/www.revue3emillenaire.com\/blog\/naissance-et-cessation-du-karma-par-robert-linssen\/\",\"url\":\"https:\/\/www.revue3emillenaire.com\/blog\/naissance-et-cessation-du-karma-par-robert-linssen\/\",\"name\":\"Naissance et cessation du Karma par Robert Linssen - 3e mill\u00e9naire - Spiritualit\u00e9 - Connaissance de soi - Non-dualit\u00e9 - M\u00e9ditation\",\"isPartOf\":{\"@id\":\"https:\/\/www.revue3emillenaire.com\/blog\/#website\"},\"datePublished\":\"2009-11-27T00:00:00+00:00\",\"dateModified\":\"2010-01-22T15:40:38+00:00\",\"author\":{\"@id\":\"https:\/\/www.revue3emillenaire.com\/blog\/#\/schema\/person\/9a3a7cc4ccaa707f402d4394327106d5\"},\"breadcrumb\":{\"@id\":\"https:\/\/www.revue3emillenaire.com\/blog\/naissance-et-cessation-du-karma-par-robert-linssen\/#breadcrumb\"},\"inLanguage\":\"fr-FR\",\"potentialAction\":[{\"@type\":\"ReadAction\",\"target\":[\"https:\/\/www.revue3emillenaire.com\/blog\/naissance-et-cessation-du-karma-par-robert-linssen\/\"]}]},{\"@type\":\"BreadcrumbList\",\"@id\":\"https:\/\/www.revue3emillenaire.com\/blog\/naissance-et-cessation-du-karma-par-robert-linssen\/#breadcrumb\",\"itemListElement\":[{\"@type\":\"ListItem\",\"position\":1,\"name\":\"Accueil\",\"item\":\"https:\/\/www.revue3emillenaire.com\/blog\/\"},{\"@type\":\"ListItem\",\"position\":2,\"name\":\"Naissance et cessation du Karma par Robert Linssen\"}]},{\"@type\":\"WebSite\",\"@id\":\"https:\/\/www.revue3emillenaire.com\/blog\/#website\",\"url\":\"https:\/\/www.revue3emillenaire.com\/blog\/\",\"name\":\"3e mill\u00e9naire - Spiritualit\u00e9 - Connaissance de soi - Non-dualit\u00e9 - M\u00e9ditation\",\"description\":\"L&#039;Homme en devenir\",\"potentialAction\":[{\"@type\":\"SearchAction\",\"target\":{\"@type\":\"EntryPoint\",\"urlTemplate\":\"https:\/\/www.revue3emillenaire.com\/blog\/?s={search_term_string}\"},\"query-input\":{\"@type\":\"PropertyValueSpecification\",\"valueRequired\":true,\"valueName\":\"search_term_string\"}}],\"inLanguage\":\"fr-FR\"},{\"@type\":\"Person\",\"@id\":\"https:\/\/www.revue3emillenaire.com\/blog\/#\/schema\/person\/9a3a7cc4ccaa707f402d4394327106d5\",\"name\":\"3e mill\u00e9naire\",\"url\":\"https:\/\/www.revue3emillenaire.com\/blog\/author\/admin\/\"}]}<\/script>\n<!-- \/ Yoast SEO plugin. -->","yoast_head_json":{"title":"Naissance et cessation du Karma par Robert Linssen - 3e mill\u00e9naire - Spiritualit\u00e9 - Connaissance de soi - Non-dualit\u00e9 - M\u00e9ditation","robots":{"index":"index","follow":"follow","max-snippet":"max-snippet:-1","max-image-preview":"max-image-preview:large","max-video-preview":"max-video-preview:-1"},"canonical":"https:\/\/www.revue3emillenaire.com\/blog\/naissance-et-cessation-du-karma-par-robert-linssen\/","og_locale":"fr_FR","og_type":"article","og_title":"Naissance et cessation du Karma par Robert Linssen - 3e mill\u00e9naire - Spiritualit\u00e9 - Connaissance de soi - Non-dualit\u00e9 - M\u00e9ditation","og_description":"Les lignes qui suivent sont consacr\u00e9es \u00e0 l'\u00e9tude sommaire du \u00ab karma individuel \u00bb et non du \u00ab karma collectif \u00bb. Ce dernier est beaucoup plus obscur et se trouve plus directement li\u00e9 \u00e0 un processus universel. La plupart des philosophies orientales attachent une grande importance \u00e0 la loi du karma. Du V\u00e9danta indien jusqu'au Bouddhisme n\u00e9 aux Indes, puis diffus\u00e9 en Chine et au Japon, nous voyons l'importance consid\u00e9rable accord\u00e9e \u00e0 ce processus de cause \u00e0 effet. La racine sanskrite du terme karma est li\u00e9e \u00e0 la notion d'action, de production.","og_url":"https:\/\/www.revue3emillenaire.com\/blog\/naissance-et-cessation-du-karma-par-robert-linssen\/","og_site_name":"3e mill\u00e9naire - Spiritualit\u00e9 - Connaissance de soi - Non-dualit\u00e9 - M\u00e9ditation","article_published_time":"2009-11-27T00:00:00+00:00","article_modified_time":"2010-01-22T15:40:38+00:00","author":"3e mill\u00e9naire","twitter_card":"summary_large_image","twitter_misc":{"\u00c9crit par":"3e mill\u00e9naire","Dur\u00e9e de lecture estim\u00e9e":"7 minutes"},"schema":{"@context":"https:\/\/schema.org","@graph":[{"@type":"Article","@id":"https:\/\/www.revue3emillenaire.com\/blog\/naissance-et-cessation-du-karma-par-robert-linssen\/#article","isPartOf":{"@id":"https:\/\/www.revue3emillenaire.com\/blog\/naissance-et-cessation-du-karma-par-robert-linssen\/"},"author":{"name":"3e mill\u00e9naire","@id":"https:\/\/www.revue3emillenaire.com\/blog\/#\/schema\/person\/9a3a7cc4ccaa707f402d4394327106d5"},"headline":"Naissance et cessation du Karma par Robert Linssen","datePublished":"2009-11-27T00:00:00+00:00","dateModified":"2010-01-22T15:40:38+00:00","mainEntityOfPage":{"@id":"https:\/\/www.revue3emillenaire.com\/blog\/naissance-et-cessation-du-karma-par-robert-linssen\/"},"wordCount":1454,"commentCount":0,"keywords":["Eveil","Karma","Krishnamurti","Le moi"],"articleSection":["Linssen Robert"],"inLanguage":"fr-FR","potentialAction":[{"@type":"CommentAction","name":"Comment","target":["https:\/\/www.revue3emillenaire.com\/blog\/naissance-et-cessation-du-karma-par-robert-linssen\/#respond"]}]},{"@type":"WebPage","@id":"https:\/\/www.revue3emillenaire.com\/blog\/naissance-et-cessation-du-karma-par-robert-linssen\/","url":"https:\/\/www.revue3emillenaire.com\/blog\/naissance-et-cessation-du-karma-par-robert-linssen\/","name":"Naissance et cessation du Karma par Robert Linssen - 3e mill\u00e9naire - Spiritualit\u00e9 - Connaissance de soi - Non-dualit\u00e9 - M\u00e9ditation","isPartOf":{"@id":"https:\/\/www.revue3emillenaire.com\/blog\/#website"},"datePublished":"2009-11-27T00:00:00+00:00","dateModified":"2010-01-22T15:40:38+00:00","author":{"@id":"https:\/\/www.revue3emillenaire.com\/blog\/#\/schema\/person\/9a3a7cc4ccaa707f402d4394327106d5"},"breadcrumb":{"@id":"https:\/\/www.revue3emillenaire.com\/blog\/naissance-et-cessation-du-karma-par-robert-linssen\/#breadcrumb"},"inLanguage":"fr-FR","potentialAction":[{"@type":"ReadAction","target":["https:\/\/www.revue3emillenaire.com\/blog\/naissance-et-cessation-du-karma-par-robert-linssen\/"]}]},{"@type":"BreadcrumbList","@id":"https:\/\/www.revue3emillenaire.com\/blog\/naissance-et-cessation-du-karma-par-robert-linssen\/#breadcrumb","itemListElement":[{"@type":"ListItem","position":1,"name":"Accueil","item":"https:\/\/www.revue3emillenaire.com\/blog\/"},{"@type":"ListItem","position":2,"name":"Naissance et cessation du Karma par Robert Linssen"}]},{"@type":"WebSite","@id":"https:\/\/www.revue3emillenaire.com\/blog\/#website","url":"https:\/\/www.revue3emillenaire.com\/blog\/","name":"3e mill\u00e9naire - Spiritualit\u00e9 - Connaissance de soi - Non-dualit\u00e9 - M\u00e9ditation","description":"L&#039;Homme en devenir","potentialAction":[{"@type":"SearchAction","target":{"@type":"EntryPoint","urlTemplate":"https:\/\/www.revue3emillenaire.com\/blog\/?s={search_term_string}"},"query-input":{"@type":"PropertyValueSpecification","valueRequired":true,"valueName":"search_term_string"}}],"inLanguage":"fr-FR"},{"@type":"Person","@id":"https:\/\/www.revue3emillenaire.com\/blog\/#\/schema\/person\/9a3a7cc4ccaa707f402d4394327106d5","name":"3e mill\u00e9naire","url":"https:\/\/www.revue3emillenaire.com\/blog\/author\/admin\/"}]}},"_links":{"self":[{"href":"https:\/\/www.revue3emillenaire.com\/blog\/wp-json\/wp\/v2\/posts\/141","targetHints":{"allow":["GET"]}}],"collection":[{"href":"https:\/\/www.revue3emillenaire.com\/blog\/wp-json\/wp\/v2\/posts"}],"about":[{"href":"https:\/\/www.revue3emillenaire.com\/blog\/wp-json\/wp\/v2\/types\/post"}],"author":[{"embeddable":true,"href":"https:\/\/www.revue3emillenaire.com\/blog\/wp-json\/wp\/v2\/users\/1"}],"replies":[{"embeddable":true,"href":"https:\/\/www.revue3emillenaire.com\/blog\/wp-json\/wp\/v2\/comments?post=141"}],"version-history":[{"count":0,"href":"https:\/\/www.revue3emillenaire.com\/blog\/wp-json\/wp\/v2\/posts\/141\/revisions"}],"wp:attachment":[{"href":"https:\/\/www.revue3emillenaire.com\/blog\/wp-json\/wp\/v2\/media?parent=141"}],"wp:term":[{"taxonomy":"category","embeddable":true,"href":"https:\/\/www.revue3emillenaire.com\/blog\/wp-json\/wp\/v2\/categories?post=141"},{"taxonomy":"post_tag","embeddable":true,"href":"https:\/\/www.revue3emillenaire.com\/blog\/wp-json\/wp\/v2\/tags?post=141"}],"curies":[{"name":"wp","href":"https:\/\/api.w.org\/{rel}","templated":true}]}}