{"id":14271,"date":"2013-11-06T03:56:00","date_gmt":"2013-11-06T02:56:00","guid":{"rendered":"http:\/\/www.revue3emillenaire.com\/blog\/?p=14271"},"modified":"2013-11-06T03:56:00","modified_gmt":"2013-11-06T02:56:00","slug":"pour-une-pedagogie-du-non-savoir-par-francois-reingold","status":"publish","type":"post","link":"https:\/\/www.revue3emillenaire.com\/blog\/pour-une-pedagogie-du-non-savoir-par-francois-reingold\/","title":{"rendered":"Pour une p\u00e9dagogie du non-savoir par Fran\u00e7ois Reingold"},"content":{"rendered":"<p><span style=\"font-family: Times New Roman,serif;\">(Revue 3<\/span><span style=\"color: #000000;\"><sup><span style=\"font-family: Times New Roman,serif;\"><span style=\"font-size: medium;\">e<\/span><\/span><\/sup><\/span><span style=\"font-family: Times New Roman,serif;\"> Mill\u00e9naire ancienne s\u00e9rie. No 10. 1983)<\/span><\/p>\n<p align=\"JUSTIFY\"><span style=\"font-family: Times New Roman,serif;\">Les<\/span><span style=\"font-family: Times New Roman,serif;\"> p\u00e9riodes de mutation acc\u00e9l\u00e9r\u00e9e voient converger, se recouvrir et s&rsquo;opposer des vagues contradictoires, d\u00e9clenchant autant de remous et de courants alternativement de forces contraires ou conjugu\u00e9es. L&rsquo;\u00e9cole, l&rsquo;universit\u00e9 et le syst\u00e8me d&rsquo;\u00e9ducation nationale qui les animent sont constamment <\/span><span style=\"font-family: Times New Roman,serif;\">ballott\u00e9s<\/span><span style=\"font-family: Times New Roman,serif;\"> et fr\u00e9quemment submerg\u00e9s par ces courants.<\/span><\/p>\n<p align=\"JUSTIFY\"><span style=\"font-family: Times New Roman,serif;\">Nous vivons une phase intense de d\u00e9structuration des concepts, du contenu et des m\u00e9thodes de l&rsquo;\u00e9ducation. Les personnels de l&rsquo;enseignement sont eux-m\u00eames divis\u00e9s, partag\u00e9s ou incertains. Car il ne s&rsquo;agit pas, en cette fin du <\/span><span style=\"font-family: Times New Roman,serif;\">I<\/span><span style=\"font-family: Times New Roman,serif;\">IIe mill\u00e9naire, d&rsquo;une crise interne \u00e0 <\/span><span style=\"font-family: Times New Roman,serif;\">l\u2019\u00c9ducation<\/span><span style=\"font-family: Times New Roman,serif;\"> nationale mais des manifestations sur le syst\u00e8me d&rsquo;\u00e9ducation, des forces de d\u00e9structura\u00adtion et de restructuration qui s&rsquo;exercent sur la soci\u00e9t\u00e9 toute enti\u00e8re : disparitions des valeurs conventionnelles, recherches t\u00e2tonnantes et divergentes sur de nouvelles valeurs, r\u00e9surgence de celles de la tradition, interrogation humaine sur le destin du monde \u00e0 l&rsquo;aube d&rsquo;une \u00e8re nouvelle o\u00f9 les normes du d\u00e9veloppement industriel comme les \u00e9quilibres sociaux et \u00e9conomiques sont remis en cause, \u00e0 l&rsquo;\u00e9preuve d&rsquo;un \u00e9cosyst\u00e8me transform\u00e9 o\u00f9 les rapports de communication et les m\u00e9canismes <\/span><span style=\"font-family: Times New Roman,serif;\">interrelationnels<\/span><span style=\"font-family: Times New Roman,serif;\"> ne r\u00e9pondent plus \u00e0 la seule logique rationnelle.<\/span><\/p>\n<p align=\"JUSTIFY\"><span style=\"font-family: Times New Roman,serif;\">La crise que nous \u00e9prouvons est d&rsquo;autant plus durement ressentie qu&rsquo;elle est moins brutale dans ses manifestations physiques ou factuelles que par ses cons\u00e9quences psychiques et mentales. Elle est ainsi largement cr\u00e9atrice de n\u00e9vroses individuelles et sociales.<\/span><\/p>\n<p align=\"JUSTIFY\"><span style=\"font-family: Times New Roman,serif;\">La r\u00e9alit\u00e9 du monde moderne, l&rsquo;action comme la Science nous conduisent \u00e0 affronter le relatif dans le quotidien, l&rsquo;al\u00e9atoire dans l&rsquo;avenir, l&rsquo;incoh\u00e9rence apparente dans l&rsquo;action, le transfini dans le fini de la pens\u00e9e et l&rsquo;ind\u00e9fini du relationnel.<\/span><\/p>\n<p align=\"JUSTIFY\"><span style=\"font-family: Times New Roman,serif;\">L&rsquo;acc\u00e9l\u00e9rateur du rythme d&rsquo;actualisation des potentialit\u00e9s scientifi\u00adques et mentales potentialisant l&rsquo;actualisation de nouvelles \u00e9tapes avant m\u00eame qu&rsquo;un arr\u00eat d&rsquo;\u00e9volution soit marqu\u00e9 constitue autant de facteurs d&rsquo;incertitudes pour beaucoup, d&rsquo;angoisses pour certains et de blocages pour l&rsquo;enseignement.<\/span><\/p>\n<p align=\"JUSTIFY\"><span style=\"font-family: Times New Roman,serif;\">Celui-ci doit donc transformer sa m\u00e9thodologie en m\u00eame temps que celle des autres syst\u00e8mes de la soci\u00e9t\u00e9. Au m\u00eame moment en effet, les syst\u00e8mes techniques, \u00e9conomiques, scientifiques abandonnent progressivement aux machines programm\u00e9es l&rsquo;exercice du raisonnement binaire dans leurs op\u00e9rations les plus com\u00adplexes : analyses compl\u00e8tes des donn\u00e9es, synth\u00e8ses, critiques, corrections, auto<\/span><span style=\"font-family: Times New Roman,serif;\">&#8211;<\/span><span style=\"font-family: Times New Roman,serif;\">reprogrammations. L&rsquo;esprit humain se voit confront\u00e9 dans tous les domaines \u00e0 l&rsquo;obligation d&rsquo;une pens\u00e9e ternaire qui consiste pour l&rsquo;essentiel <\/span><span style=\"font-family: Times New Roman,serif;\">\u00e0<\/span><span style=\"font-family: Times New Roman,serif;\"> int\u00e9grer aux \u00e9l\u00e9ments d&rsquo;un raisonnement binaire la donn\u00e9e compl\u00e9men\u00adtaire et ext\u00e9rieure d&rsquo;un concept ou d&rsquo;un syst\u00e8me englobant.<\/span><\/p>\n<p align=\"JUSTIFY\"><span style=\"font-family: Times New Roman,serif;\">Celui-ci repose sur les valeurs classiques, conna\u00eetre et penser. De Socrate \u00e0 Descartes, la philosophie occidentale fond\u00e9e sur la rationalit\u00e9 binaire oscille entre ces deux termes de ce \u00ab bin\u00f4me horizontal \u00bb : conna\u00eetre-penser. Penser le conna\u00eetre pour \u00eatre c&rsquo;est le \u00ab connais-toi, toi-m\u00eame \u00bb de Socrate. Conna\u00eetre le penser pour \u00eatre r\u00e9sulte du \u00ab je pense donc je suis \u00bb de Descartes.<\/span><\/p>\n<p align=\"JUSTIFY\"><span style=\"font-family: Times New Roman,serif;\">L&rsquo;introduction d&rsquo;un troisi\u00e8me terme \u00ab <\/span><span style=\"font-family: Times New Roman,serif;\">\u00catre<\/span><span style=\"font-family: Times New Roman,serif;\"> \u00bb modifie totalement l&rsquo;approche classique r\u00e9introduisant la dimension cosmique, que la pens\u00e9e orientale mill\u00e9naire comme sans doute la pens\u00e9e primitive du Sapiens Sapiens avait toujours \u00e9tablie. Mais ces derniers, l&rsquo;oriental comme le primitif, \u00e9cras\u00e9s par la dimension cosmique de l&rsquo;\u00eatre ont assimil\u00e9 le conna\u00eetre \u00e0 l&rsquo;\u00eatre ou bien rejet\u00e9 le conna\u00eetre, revenant \u00e0 un param\u00e8tre \u00ab binaire vertical \u00bb. <\/span><span style=\"font-family: Times New Roman,serif;\">\u00catre-Penser<\/span><span style=\"font-family: Times New Roman,serif;\"> dans lequel le penser est le reflet imparfait de l&rsquo;\u00eatre.<\/span><\/p>\n<p align=\"JUSTIFY\"><span style=\"font-family: Times New Roman,serif;\">\u00ca<\/span><span style=\"font-family: Times New Roman,serif;\">TRE CONNAITRE PENSER<\/span><\/p>\n<p align=\"JUSTIFY\"><span style=\"font-family: Times New Roman,serif;\">L&rsquo;analyse ternaire du trin\u00f4me <\/span><span style=\"font-family: Times New Roman,serif;\">\u00ca<\/span><span style=\"font-family: Times New Roman,serif;\">tre-Conna\u00eetre-Penser d\u00e9crit les conceptions qui d\u00e9terminent les syst\u00e8mes d&rsquo;enseignement.<\/span><\/p>\n<p align=\"JUSTIFY\"><span style=\"font-family: Times New Roman,serif;\">1) L&rsquo;homme \u00ab classique \u00bb se situe en termes de connaissance d\u00e9termi\u00adnant deux attitudes :<\/span><\/p>\n<p align=\"JUSTIFY\">\u2014 <span style=\"font-family: Times New Roman,serif;\">conna\u00eetre l&rsquo;\u00eatre : ce qui ram\u00e8ne l&rsquo;inconnu au connu. C&rsquo;est une limitation volontaire du champ des questions \u00e0 celui des r\u00e9ponses, une r\u00e9duction du potentiel \u00e0 l&rsquo;actualis\u00e9. Il en d\u00e9coule un \u00e9quilibre apparent des structures mentales, des structures sociales et humaines stables, un monde de vie, d&rsquo;enseignement et de croyances religieuses ordonn\u00e9es o\u00f9 la mort s&rsquo;inscrit comme un if dans le jardin \u00e0 la fran\u00e7aise des pens\u00e9es calmes.<\/span><\/p>\n<p align=\"JUSTIFY\">\u2014 <span style=\"font-family: Times New Roman,serif;\">conna\u00eetre le penser : ce qui revient \u00e0 int\u00e9grer toute pens\u00e9e dans le connu, donc \u00e0 limiter le champ d&rsquo;investigation, \u00e0 rejeter toute pens\u00e9e qui exc\u00e8de les bornes de l&rsquo;admissible. Le mod\u00e8le classique engendre le d\u00e9mon et la folie comme bornage de leur champ culturel.<\/span><\/p>\n<p align=\"JUSTIFY\"><span style=\"font-family: Times New Roman,serif;\">2) L&rsquo;homme moderne confronte le monde \u00e0 la mesure de son penser. Ici encore deux modalit\u00e9s :<\/span><\/p>\n<p align=\"JUSTIFY\">\u2014 <span style=\"font-family: Times New Roman,serif;\">penser l&rsquo;\u00eatre : ce qui implique une interrogation sur l&rsquo;existence et ne peut conduire qu&rsquo;\u00e0 l&rsquo;angoisse existentielle ou au dogmatisme, attitudes largement r\u00e9pandues depuis un si\u00e8cle et demi.<\/span><\/p>\n<p align=\"JUSTIFY\">\u2014 <span style=\"font-family: Times New Roman,serif;\">penser le conna\u00eetre : ce qui exige une remise en question des syst\u00e8me<\/span><span style=\"font-family: Times New Roman,serif;\">s<\/span><span style=\"font-family: Times New Roman,serif;\"> sociaux, \u00e9ducatifs, culturels par le jeu des questions et des rejets. Une telle attitude critique a permis de r\u00e9aliser des progr\u00e8s intellectuels consid\u00e9rables notamment sur le plan scientifique, particuli\u00e8rement au cours des X<\/span><span style=\"font-family: Times New Roman,serif;\">I<\/span><span style=\"font-family: Times New Roman,serif;\">Xe et XXe si\u00e8cles.<\/span><\/p>\n<p align=\"JUSTIFY\"><span style=\"font-family: Times New Roman,serif;\">Mais, comme chacun le sait, ces progr\u00e8s immenses par leurs cons\u00e9quences mat\u00e9rielles n&rsquo;am\u00e8nent aucun \u00ab suppl\u00e9ment d&rsquo;\u00e2me \u00bb et peuvent conduire par leurs effets culturels d\u00e9structurants \u00e0 des catas\u00adtrophes incontr\u00f4l\u00e9es tels le nazisme, le stalinisme, etc.<\/span><\/p>\n<p align=\"JUSTIFY\"><span style=\"font-family: Times New Roman,serif;\">Notre \u00e9poque (fin et d\u00e9but des temps) est peut-\u00eatre \u00e0 cet \u00e9gard la fin du Sapiens Sapiens traditionnel et le commencement d&rsquo;un \u00ab Sapiens Novus \u00bb qui par l&rsquo;apprentissage du raisonnement ternaire progresserait sur le chemin d&rsquo;un \u00e9ventuel point om\u00e9ga tel que le d\u00e9crivait Theilard de Chardin.<\/span><\/p>\n<p align=\"JUSTIFY\"><span style=\"font-family: Times New Roman,serif;\">Sur le plan p\u00e9dagogique, la r\u00e9sultante de notre trin\u00f4me <\/span><span style=\"font-family: Times New Roman,serif;\">\u00ca<\/span><span style=\"font-family: Times New Roman,serif;\">tre<\/span><span style=\"font-family: Times New Roman,serif;\">&#8211;<\/span><span style=\"font-family: Times New Roman,serif;\">\u00adConna\u00eetre-Penser o\u00f9 aucun terme ne serait privil\u00e9gi\u00e9, serait une p\u00e9dagogie du non-savoir, sachant remplacer dans son cadre relatif, relationnel et \u00e9volutif des agr\u00e9gats de connaissances pr\u00e9cises, concr\u00e8tes objectives et limit\u00e9es qui font la mati\u00e8re d&rsquo;un enseignement.<\/span><\/p>\n<p align=\"JUSTIFY\"><span style=\"font-family: Times New Roman,serif;\">Une p\u00e9dagogie du non-savoir repose sur l&rsquo;id\u00e9e simple qu&rsquo;un savoir \u00e9volutif ne peut \u00eatre enseign\u00e9 par les \u00e9ducateurs et compris par les \u00e9tudiants qu&rsquo;\u00e0 la condition de le situer et donc de prendre par rapport \u00e0 lui la distance de l&rsquo;\u00eatre au conna\u00eetre et au penser.<\/span><\/p>\n<p align=\"JUSTIFY\"><span style=\"font-family: Times New Roman,serif;\">L&rsquo;apprentissage du non-savoir se traduit par une triple d\u00e9marche :<\/span><\/p>\n<p align=\"JUSTIFY\">\u2014 <span style=\"font-family: Times New Roman,serif;\">de distanciation par rapport \u00e0 l&rsquo;objet de l&rsquo;enseignement. Trop d&rsquo;enseignants sont limit\u00e9s aux seules connaissances qu&rsquo;ils enseignent. Ils sont comme englu\u00e9s en elles. Ils ne peuvent donc qu&rsquo;en restituer les \u00e9l\u00e9ments et non plus l&rsquo;essentiel, les forces directrices, le contenu r\u00e9el qui est au-del\u00e0 de l&rsquo;analyse.<\/span><\/p>\n<p align=\"JUSTIFY\"><span style=\"font-family: Times New Roman,serif;\">L&rsquo;enseign\u00e9 ne peut, du dedans, comprendre une mati\u00e8re d&rsquo;enseigne\u00adment que si on lui fait saisir la signification, l&rsquo;utilit\u00e9, l&rsquo;int\u00e9r\u00eat qu&rsquo;elle repr\u00e9sente dans son ensemble. Tout enseignant doit apprendre \u00e0 avoir une vue g\u00e9n\u00e9rale, \u00e0 prendre la distance n\u00e9cessaire par rapport \u00e0 lui-m\u00eame et \u00e0 ses connaissances s&rsquo;il veut \u00eatre compris et non pas seulement r\u00e9p\u00e9t\u00e9.<\/span><\/p>\n<p align=\"JUSTIFY\">\u2014 <span style=\"font-family: Times New Roman,serif;\">de relationnalit\u00e9 avec l&rsquo;environnement non seulement des autres mati\u00e8res mais aussi de ce qui lui est totalement ext\u00e9rieur. L&rsquo;enseignement est fond\u00e9 sur une logique rationnelle, o\u00f9 les \u00e9v\u00e9nements et les arguments r\u00e9sultent d&rsquo;un encha\u00eenement de cause \u00e0 effet.<\/span><\/p>\n<p align=\"JUSTIFY\"><span style=\"font-family: Times New Roman,serif;\">La r\u00e9alit\u00e9 du monde contemporain est celle d&rsquo;une logique relation\u00adnelle. Les explications ne surgissent plus forc\u00e9ment d&rsquo;une analyse logique, bien au contraire. L&rsquo;aval influence l&rsquo;amont tr\u00e8s souvent. Ainsi dans le domaine des recherches de pointe, il y a interactions permanentes avec les applications de la recherche, la technique et m\u00eame la vente (sans oublier le bilan financier). Pr\u00e9parer l&rsquo;enseign\u00e9 \u00e0 un monde r\u00e9el, c&rsquo;est lui faire sentir les articulations, les relations, les \u00ab bouclages \u00bb.<\/span><\/p>\n<p align=\"JUSTIFY\"><span style=\"font-family: Times New Roman,serif;\">L&rsquo;enseignant doit obligatoirement recevoir aujourd&rsquo;hui une formation syst\u00e9mique.<\/span><\/p>\n<p align=\"JUSTIFY\">\u2014 <span style=\"font-family: Times New Roman,serif;\">d&rsquo;int\u00e9gration par rapport au sujet de l&rsquo;enseignement c&rsquo;est-\u00e0-dire l&rsquo;enseign\u00e9 lui-m\u00eame.<\/span><\/p>\n<p align=\"JUSTIFY\"><span style=\"font-family: Times New Roman,serif;\">Il s&rsquo;agit de revenir \u00e0 une tradition \u00ab socratique \u00bb : celle d&rsquo;une relation personnalis\u00e9e enseignant-enseign\u00e9. Ce dernier n&rsquo;est plus un objet d&rsquo;ensei\u00adgnement qui a pour fonction d&rsquo;enregistrer et de r\u00e9p\u00e9ter. Il peut r\u00e9agir, il a le droit \u00e9vident de comprendre autrement, d&rsquo;exprimer son v\u00e9cu de l&rsquo;enseignement et devrait en cons\u00e9quence \u00eatre jug\u00e9 davantage sur sa capacit\u00e9 d&rsquo;int\u00e9gration active et personnelle de la mati\u00e8re enseign\u00e9e plut\u00f4t que sur une assimilation passive.<\/span><\/p>\n<p align=\"JUSTIFY\"><span style=\"font-family: Times New Roman,serif;\">Ce n&rsquo;est que dans la mesure o\u00f9 le sujet se sent personnellement concern\u00e9 par l&rsquo;enseignement que celui-ci cesse de s&rsquo;imposer comme une obligation et peut \u00eatre assimil\u00e9 \u00e0 soi-m\u00eame par l&rsquo;enseign\u00e9 en une confrontation entre le conna\u00eetre et l&rsquo;\u00eatre et non plus par la r\u00e9duction de l&rsquo;\u00eatre au conna\u00eetre.<\/span><\/p>\n<p align=\"JUSTIFY\"><span style=\"font-family: Times New Roman,serif;\">La p\u00e9dagogie du non-savoir s&rsquo;impose d&rsquo;abord aux enseignants, afin qu&rsquo;ils deviennent \u00ab\u00a0\u00e9veill\u00e9s \u00bb au sens de la Tradition. Qu&rsquo;ils s&rsquo;exercent \u00e0 l&rsquo;exp\u00e9rience <\/span><span style=\"font-family: Times New Roman,serif;\">d\u2019\u00catre<\/span><span style=\"font-family: Times New Roman,serif;\"> sans savoir, c&rsquo;est-\u00e0-dire \u00e0 l&rsquo;\u00e9tat de m\u00e9ditation (quels qu&rsquo;en soient le chemin et la m\u00e9thode) est le seul moyen leur permettant de savoir \u00eatre et de comprendre qu&rsquo;aucune connaissance ne doit \u00eatre enseign\u00e9e pour elle-m\u00eame.<\/span><\/p>\n<p align=\"JUSTIFY\"><span style=\"font-family: Times New Roman,serif;\">Enfin si tout enseignement s&rsquo;adresse \u00e0 l&rsquo;\u00eatre par l&rsquo;approche du conna\u00eetre et du penser, il ne peut exister d&rsquo;enseignement \u00e0 partir de l&rsquo;\u00eatre car on ne peut, selon l&rsquo;expression de Krishnamurti ramener l&rsquo;inconnu au connu, ni l&rsquo;\u00eatre \u00e0 l&rsquo;\u00e9tant.<\/span><\/p>\n","protected":false},"excerpt":{"rendered":"<p>Au m\u00eame moment en effet, les syst\u00e8mes techniques, \u00e9conomiques, scientifiques abandonnent progressivement aux machines programm\u00e9es l&rsquo;exercice du raisonnement binaire dans leurs op\u00e9rations les plus com\u00adplexes : analyses compl\u00e8tes des donn\u00e9es, synth\u00e8ses, critiques, corrections, auto-reprogrammations. L&rsquo;esprit humain se voit confront\u00e9 dans tous les domaines \u00e0 l&rsquo;obligation d&rsquo;une pens\u00e9e ternaire qui consiste pour l&rsquo;essentiel \u00e0 int\u00e9grer aux \u00e9l\u00e9ments d&rsquo;un raisonnement binaire la donn\u00e9e compl\u00e9men\u00adtaire et ext\u00e9rieure d&rsquo;un concept ou d&rsquo;un syst\u00e8me englobant.<\/p>\n","protected":false},"author":1,"featured_media":0,"comment_status":"closed","ping_status":"closed","sticky":false,"template":"","format":"standard","meta":{"footnotes":""},"categories":[28],"tags":[1183,140,1182,277],"class_list":["post-14271","post","type-post","status-publish","format-standard","hentry","category-education","tag-connaissance","tag-etre","tag-ternaire","tag-tradition"],"yoast_head":"<!-- This site is optimized with the Yoast SEO plugin v27.0 - https:\/\/yoast.com\/product\/yoast-seo-wordpress\/ -->\n<title>Pour une p\u00e9dagogie du non-savoir par Fran\u00e7ois Reingold - 3e mill\u00e9naire - Spiritualit\u00e9 - Connaissance de soi - Non-dualit\u00e9 - M\u00e9ditation<\/title>\n<meta name=\"robots\" content=\"index, follow, max-snippet:-1, max-image-preview:large, max-video-preview:-1\" \/>\n<link rel=\"canonical\" href=\"https:\/\/www.revue3emillenaire.com\/blog\/pour-une-pedagogie-du-non-savoir-par-francois-reingold\/\" \/>\n<meta property=\"og:locale\" content=\"fr_FR\" \/>\n<meta property=\"og:type\" content=\"article\" \/>\n<meta property=\"og:title\" content=\"Pour une p\u00e9dagogie du non-savoir par Fran\u00e7ois Reingold - 3e mill\u00e9naire - Spiritualit\u00e9 - Connaissance de soi - Non-dualit\u00e9 - M\u00e9ditation\" \/>\n<meta property=\"og:description\" content=\"Au m\u00eame moment en effet, les syst\u00e8mes techniques, \u00e9conomiques, scientifiques abandonnent progressivement aux machines programm\u00e9es l&#039;exercice du raisonnement binaire dans leurs op\u00e9rations les plus com\u00adplexes : analyses compl\u00e8tes des donn\u00e9es, synth\u00e8ses, critiques, corrections, auto-reprogrammations. L&#039;esprit humain se voit confront\u00e9 dans tous les domaines \u00e0 l&#039;obligation d&#039;une pens\u00e9e ternaire qui consiste pour l&#039;essentiel \u00e0 int\u00e9grer aux \u00e9l\u00e9ments d&#039;un raisonnement binaire la donn\u00e9e compl\u00e9men\u00adtaire et ext\u00e9rieure d&#039;un concept ou d&#039;un syst\u00e8me englobant.\" \/>\n<meta property=\"og:url\" content=\"https:\/\/www.revue3emillenaire.com\/blog\/pour-une-pedagogie-du-non-savoir-par-francois-reingold\/\" \/>\n<meta property=\"og:site_name\" content=\"3e mill\u00e9naire - Spiritualit\u00e9 - Connaissance de soi - Non-dualit\u00e9 - M\u00e9ditation\" \/>\n<meta property=\"article:published_time\" content=\"2013-11-06T02:56:00+00:00\" \/>\n<meta name=\"author\" content=\"3e mill\u00e9naire\" \/>\n<meta name=\"twitter:card\" content=\"summary_large_image\" \/>\n<meta name=\"twitter:label1\" content=\"\u00c9crit par\" \/>\n\t<meta name=\"twitter:data1\" content=\"3e mill\u00e9naire\" \/>\n\t<meta name=\"twitter:label2\" content=\"Dur\u00e9e de lecture estim\u00e9e\" \/>\n\t<meta name=\"twitter:data2\" content=\"8 minutes\" \/>\n<script type=\"application\/ld+json\" class=\"yoast-schema-graph\">{\"@context\":\"https:\/\/schema.org\",\"@graph\":[{\"@type\":\"Article\",\"@id\":\"https:\/\/www.revue3emillenaire.com\/blog\/pour-une-pedagogie-du-non-savoir-par-francois-reingold\/#article\",\"isPartOf\":{\"@id\":\"https:\/\/www.revue3emillenaire.com\/blog\/pour-une-pedagogie-du-non-savoir-par-francois-reingold\/\"},\"author\":{\"name\":\"3e mill\u00e9naire\",\"@id\":\"https:\/\/www.revue3emillenaire.com\/blog\/#\/schema\/person\/9a3a7cc4ccaa707f402d4394327106d5\"},\"headline\":\"Pour une p\u00e9dagogie du non-savoir par Fran\u00e7ois Reingold\",\"datePublished\":\"2013-11-06T02:56:00+00:00\",\"mainEntityOfPage\":{\"@id\":\"https:\/\/www.revue3emillenaire.com\/blog\/pour-une-pedagogie-du-non-savoir-par-francois-reingold\/\"},\"wordCount\":1559,\"keywords\":[\"Connaissance\",\"\u00eatre\",\"Ternaire\",\"Tradition\"],\"articleSection\":[\"Education\"],\"inLanguage\":\"fr-FR\"},{\"@type\":\"WebPage\",\"@id\":\"https:\/\/www.revue3emillenaire.com\/blog\/pour-une-pedagogie-du-non-savoir-par-francois-reingold\/\",\"url\":\"https:\/\/www.revue3emillenaire.com\/blog\/pour-une-pedagogie-du-non-savoir-par-francois-reingold\/\",\"name\":\"Pour une p\u00e9dagogie du non-savoir par Fran\u00e7ois Reingold - 3e mill\u00e9naire - Spiritualit\u00e9 - Connaissance de soi - Non-dualit\u00e9 - M\u00e9ditation\",\"isPartOf\":{\"@id\":\"https:\/\/www.revue3emillenaire.com\/blog\/#website\"},\"datePublished\":\"2013-11-06T02:56:00+00:00\",\"author\":{\"@id\":\"https:\/\/www.revue3emillenaire.com\/blog\/#\/schema\/person\/9a3a7cc4ccaa707f402d4394327106d5\"},\"breadcrumb\":{\"@id\":\"https:\/\/www.revue3emillenaire.com\/blog\/pour-une-pedagogie-du-non-savoir-par-francois-reingold\/#breadcrumb\"},\"inLanguage\":\"fr-FR\",\"potentialAction\":[{\"@type\":\"ReadAction\",\"target\":[\"https:\/\/www.revue3emillenaire.com\/blog\/pour-une-pedagogie-du-non-savoir-par-francois-reingold\/\"]}]},{\"@type\":\"BreadcrumbList\",\"@id\":\"https:\/\/www.revue3emillenaire.com\/blog\/pour-une-pedagogie-du-non-savoir-par-francois-reingold\/#breadcrumb\",\"itemListElement\":[{\"@type\":\"ListItem\",\"position\":1,\"name\":\"Accueil\",\"item\":\"https:\/\/www.revue3emillenaire.com\/blog\/\"},{\"@type\":\"ListItem\",\"position\":2,\"name\":\"Pour une p\u00e9dagogie du non-savoir par Fran\u00e7ois Reingold\"}]},{\"@type\":\"WebSite\",\"@id\":\"https:\/\/www.revue3emillenaire.com\/blog\/#website\",\"url\":\"https:\/\/www.revue3emillenaire.com\/blog\/\",\"name\":\"3e mill\u00e9naire - Spiritualit\u00e9 - Connaissance de soi - Non-dualit\u00e9 - M\u00e9ditation\",\"description\":\"L&#039;Homme en devenir\",\"potentialAction\":[{\"@type\":\"SearchAction\",\"target\":{\"@type\":\"EntryPoint\",\"urlTemplate\":\"https:\/\/www.revue3emillenaire.com\/blog\/?s={search_term_string}\"},\"query-input\":{\"@type\":\"PropertyValueSpecification\",\"valueRequired\":true,\"valueName\":\"search_term_string\"}}],\"inLanguage\":\"fr-FR\"},{\"@type\":\"Person\",\"@id\":\"https:\/\/www.revue3emillenaire.com\/blog\/#\/schema\/person\/9a3a7cc4ccaa707f402d4394327106d5\",\"name\":\"3e mill\u00e9naire\",\"url\":\"https:\/\/www.revue3emillenaire.com\/blog\/author\/admin\/\"}]}<\/script>\n<!-- \/ Yoast SEO plugin. -->","yoast_head_json":{"title":"Pour une p\u00e9dagogie du non-savoir par Fran\u00e7ois Reingold - 3e mill\u00e9naire - Spiritualit\u00e9 - Connaissance de soi - Non-dualit\u00e9 - M\u00e9ditation","robots":{"index":"index","follow":"follow","max-snippet":"max-snippet:-1","max-image-preview":"max-image-preview:large","max-video-preview":"max-video-preview:-1"},"canonical":"https:\/\/www.revue3emillenaire.com\/blog\/pour-une-pedagogie-du-non-savoir-par-francois-reingold\/","og_locale":"fr_FR","og_type":"article","og_title":"Pour une p\u00e9dagogie du non-savoir par Fran\u00e7ois Reingold - 3e mill\u00e9naire - Spiritualit\u00e9 - Connaissance de soi - Non-dualit\u00e9 - M\u00e9ditation","og_description":"Au m\u00eame moment en effet, les syst\u00e8mes techniques, \u00e9conomiques, scientifiques abandonnent progressivement aux machines programm\u00e9es l'exercice du raisonnement binaire dans leurs op\u00e9rations les plus com\u00adplexes : analyses compl\u00e8tes des donn\u00e9es, synth\u00e8ses, critiques, corrections, auto-reprogrammations. L'esprit humain se voit confront\u00e9 dans tous les domaines \u00e0 l'obligation d'une pens\u00e9e ternaire qui consiste pour l'essentiel \u00e0 int\u00e9grer aux \u00e9l\u00e9ments d'un raisonnement binaire la donn\u00e9e compl\u00e9men\u00adtaire et ext\u00e9rieure d'un concept ou d'un syst\u00e8me englobant.","og_url":"https:\/\/www.revue3emillenaire.com\/blog\/pour-une-pedagogie-du-non-savoir-par-francois-reingold\/","og_site_name":"3e mill\u00e9naire - Spiritualit\u00e9 - Connaissance de soi - Non-dualit\u00e9 - M\u00e9ditation","article_published_time":"2013-11-06T02:56:00+00:00","author":"3e mill\u00e9naire","twitter_card":"summary_large_image","twitter_misc":{"\u00c9crit par":"3e mill\u00e9naire","Dur\u00e9e de lecture estim\u00e9e":"8 minutes"},"schema":{"@context":"https:\/\/schema.org","@graph":[{"@type":"Article","@id":"https:\/\/www.revue3emillenaire.com\/blog\/pour-une-pedagogie-du-non-savoir-par-francois-reingold\/#article","isPartOf":{"@id":"https:\/\/www.revue3emillenaire.com\/blog\/pour-une-pedagogie-du-non-savoir-par-francois-reingold\/"},"author":{"name":"3e mill\u00e9naire","@id":"https:\/\/www.revue3emillenaire.com\/blog\/#\/schema\/person\/9a3a7cc4ccaa707f402d4394327106d5"},"headline":"Pour une p\u00e9dagogie du non-savoir par Fran\u00e7ois Reingold","datePublished":"2013-11-06T02:56:00+00:00","mainEntityOfPage":{"@id":"https:\/\/www.revue3emillenaire.com\/blog\/pour-une-pedagogie-du-non-savoir-par-francois-reingold\/"},"wordCount":1559,"keywords":["Connaissance","\u00eatre","Ternaire","Tradition"],"articleSection":["Education"],"inLanguage":"fr-FR"},{"@type":"WebPage","@id":"https:\/\/www.revue3emillenaire.com\/blog\/pour-une-pedagogie-du-non-savoir-par-francois-reingold\/","url":"https:\/\/www.revue3emillenaire.com\/blog\/pour-une-pedagogie-du-non-savoir-par-francois-reingold\/","name":"Pour une p\u00e9dagogie du non-savoir par Fran\u00e7ois Reingold - 3e mill\u00e9naire - Spiritualit\u00e9 - Connaissance de soi - Non-dualit\u00e9 - M\u00e9ditation","isPartOf":{"@id":"https:\/\/www.revue3emillenaire.com\/blog\/#website"},"datePublished":"2013-11-06T02:56:00+00:00","author":{"@id":"https:\/\/www.revue3emillenaire.com\/blog\/#\/schema\/person\/9a3a7cc4ccaa707f402d4394327106d5"},"breadcrumb":{"@id":"https:\/\/www.revue3emillenaire.com\/blog\/pour-une-pedagogie-du-non-savoir-par-francois-reingold\/#breadcrumb"},"inLanguage":"fr-FR","potentialAction":[{"@type":"ReadAction","target":["https:\/\/www.revue3emillenaire.com\/blog\/pour-une-pedagogie-du-non-savoir-par-francois-reingold\/"]}]},{"@type":"BreadcrumbList","@id":"https:\/\/www.revue3emillenaire.com\/blog\/pour-une-pedagogie-du-non-savoir-par-francois-reingold\/#breadcrumb","itemListElement":[{"@type":"ListItem","position":1,"name":"Accueil","item":"https:\/\/www.revue3emillenaire.com\/blog\/"},{"@type":"ListItem","position":2,"name":"Pour une p\u00e9dagogie du non-savoir par Fran\u00e7ois Reingold"}]},{"@type":"WebSite","@id":"https:\/\/www.revue3emillenaire.com\/blog\/#website","url":"https:\/\/www.revue3emillenaire.com\/blog\/","name":"3e mill\u00e9naire - Spiritualit\u00e9 - Connaissance de soi - Non-dualit\u00e9 - M\u00e9ditation","description":"L&#039;Homme en devenir","potentialAction":[{"@type":"SearchAction","target":{"@type":"EntryPoint","urlTemplate":"https:\/\/www.revue3emillenaire.com\/blog\/?s={search_term_string}"},"query-input":{"@type":"PropertyValueSpecification","valueRequired":true,"valueName":"search_term_string"}}],"inLanguage":"fr-FR"},{"@type":"Person","@id":"https:\/\/www.revue3emillenaire.com\/blog\/#\/schema\/person\/9a3a7cc4ccaa707f402d4394327106d5","name":"3e mill\u00e9naire","url":"https:\/\/www.revue3emillenaire.com\/blog\/author\/admin\/"}]}},"_links":{"self":[{"href":"https:\/\/www.revue3emillenaire.com\/blog\/wp-json\/wp\/v2\/posts\/14271","targetHints":{"allow":["GET"]}}],"collection":[{"href":"https:\/\/www.revue3emillenaire.com\/blog\/wp-json\/wp\/v2\/posts"}],"about":[{"href":"https:\/\/www.revue3emillenaire.com\/blog\/wp-json\/wp\/v2\/types\/post"}],"author":[{"embeddable":true,"href":"https:\/\/www.revue3emillenaire.com\/blog\/wp-json\/wp\/v2\/users\/1"}],"replies":[{"embeddable":true,"href":"https:\/\/www.revue3emillenaire.com\/blog\/wp-json\/wp\/v2\/comments?post=14271"}],"version-history":[{"count":0,"href":"https:\/\/www.revue3emillenaire.com\/blog\/wp-json\/wp\/v2\/posts\/14271\/revisions"}],"wp:attachment":[{"href":"https:\/\/www.revue3emillenaire.com\/blog\/wp-json\/wp\/v2\/media?parent=14271"}],"wp:term":[{"taxonomy":"category","embeddable":true,"href":"https:\/\/www.revue3emillenaire.com\/blog\/wp-json\/wp\/v2\/categories?post=14271"},{"taxonomy":"post_tag","embeddable":true,"href":"https:\/\/www.revue3emillenaire.com\/blog\/wp-json\/wp\/v2\/tags?post=14271"}],"curies":[{"name":"wp","href":"https:\/\/api.w.org\/{rel}","templated":true}]}}