{"id":14980,"date":"2014-01-29T23:26:40","date_gmt":"2014-01-29T22:26:40","guid":{"rendered":"http:\/\/www.revue3emillenaire.com\/blog\/?p=14980"},"modified":"2014-01-29T23:26:40","modified_gmt":"2014-01-29T22:26:40","slug":"les-elans-de-la-mystique-juive-par-armand-abecassis","status":"publish","type":"post","link":"https:\/\/www.revue3emillenaire.com\/blog\/les-elans-de-la-mystique-juive-par-armand-abecassis\/","title":{"rendered":"Les \u00e9lans de la mystique juive par Armand Abecassis"},"content":{"rendered":"<p>(Revue Itin\u00e9rance. No 1. Mai 1986)<\/p>\n<p align=\"JUSTIFY\"><span style=\"font-family: Times New Roman,serif;\"><span style=\"font-size: small;\"><em><strong>Les premiers chapitres de la Torah renferment les trois questions fondamentales pos\u00e9es \u00e0 l&rsquo;\u00eatre humain : Dieu, l&rsquo;homme et le monde.<\/strong><\/em><\/span><\/span><\/p>\n<p align=\"JUSTIFY\"><span style=\"font-family: Times New Roman,serif;\"><span style=\"font-size: small;\"><em><strong>Toute l&rsquo;histoire humaine n&rsquo;est que l&rsquo;explicitation de ces m\u00eames questions \u00e9ternelles et l&rsquo;interpellation permanente faite \u00e0 l&rsquo;individu comme au peuple qu&rsquo;as-tu fait de Dieu ? O\u00f9 en es-tu avec l&rsquo;homme? Qu&rsquo;est devenu le monde entre tes mains ? Les trois questions sont li\u00e9es \u00e9videmment et les mystiques juifs nous apprennent \u00e0 les combiner.<\/strong><\/em><\/span><\/span><\/p>\n<p align=\"JUSTIFY\"><span style=\"font-family: Times New Roman,serif;\"><span style=\"font-size: small;\">Qui proclame la \u00ab\u00a0mort de Dieu\u00a0\u00bb, est in\u00e9luc\u00adtablement conduit \u00e0 la \u00ab\u00a0mort de l&rsquo;homme\u00a0\u00bb, et \u00e0 la \u00ab\u00a0d\u00e9gradation du monde\u00a0\u00bb. L&rsquo;histoire contemporaine illustre dans une certaine mesure ce processus. L&rsquo;\u00e9quilibre d&rsquo;une civi\u00adlisation et sa force se mesurent \u00e0 la mani\u00e8re dont elle affronte simultan\u00e9ment ces trois questions, mais, dans d&rsquo;histoire de l&rsquo;Occi\u00addent, il semble que l&rsquo;on ait, tour \u00e0 tour, d\u00e9\u00advelopp\u00e9 l&rsquo;une ou l&rsquo;autre comme dominante, comme si une hi\u00e9rarchie \u00e9tait faite et qu&rsquo;une urgence imposait de la d\u00e9velopper au d\u00e9triment des deux autres questions.<\/span><\/span><\/p>\n<p align=\"JUSTIFY\"><span style=\"font-family: Times New Roman,serif;\"><span style=\"font-size: small;\">Et la question se pose en effet de savoir quelle est l&rsquo;interpellation premi\u00e8re de l&rsquo;\u00eatre humain, quel \u00e9lan, individuel ou collectif est fondamental et quel \u00e9lan, est secondaire. Est-ce le probl\u00e8me de Dieu qui est premier, ainsi que l&rsquo;a pens\u00e9 le moyen \u00e2ge ? Est-ce le probl\u00e8me du monde et de la nature ainsi que le croyaient les hommes du dix-sep\u00adti\u00e8me et du dix-huiti\u00e8me si\u00e8cles ? Est-ce la question de l&rsquo;homme comme on l&rsquo;a toujours affirm\u00e9 au lendemain des guerres et des catastrophes<\/span><\/span><span style=\"font-family: Times New Roman,serif;\"><span style=\"font-size: small;\">\u00a0<\/span><\/span><span style=\"font-family: Times New Roman,serif;\"><span style=\"font-size: small;\">? Or, c&rsquo;est un fait que les trois moments de la mystique juive correspon\u00addent \u00e0 cette triple interrogation.<\/span><\/span><\/p>\n<p align=\"JUSTIFY\"><span style=\"font-family: Times New Roman,serif;\"><span style=\"font-size: small;\">En effet, la \u00ab\u00a0mystique\u00a0\u00bb juive proprement dite, qui s&rsquo;est d\u00e9velopp\u00e9e entre le troisi\u00e8me si\u00e8cle avant l&rsquo;\u00e8re courante et le septi\u00e8me si\u00e8cle apr\u00e8s, est ce que l&rsquo;on a appel\u00e9 la \u00ab\u00a0mys\u00adtique de la MERKABAH\u00a0\u00bb, c&rsquo;est-\u00e0-dire du \u00ab\u00a0char divin\u00a0\u00bb. Elle s&rsquo;est pr\u00e9sent\u00e9e tout d&rsquo;abord comme un commentaire du pre\u00admier chapitre du livre d&rsquo;\u00c9z\u00e9chiel (Hizqiya\u00adhou) qui d\u00e9crit le char sur lequel se tient la divinit\u00e9. Cette litt\u00e9rature s&rsquo;est progressive\u00adment lib\u00e9r\u00e9e du mode ex\u00e9g\u00e9tique et a fini par s&rsquo;exprimer dans des livres ind\u00e9pendants qui traitaient des \u00ab\u00a0Palais divins\u00a0\u00bb (Hekhalot) et des diff\u00e9rents espaces et cieux que le postulant devait traverser pour parvenir \u00e0 l&rsquo;exp\u00e9rience mystique du face \u00e0 face avec la divinit\u00e9.<\/span><\/span><\/p>\n<p align=\"JUSTIFY\"><span style=\"font-family: Times New Roman,serif;\"><span style=\"font-size: small;\">Ce premier moment \u00e9tait donc celui o\u00f9 la tradition mystique se pr\u00e9occupait essentiellement de la question de Dieu et de sa transcendance par rapport \u00e0 l&rsquo;univers et aux hommes. Il s&rsquo;agissait alors d&rsquo;expliciter la notion de \u00ab\u00a0royaut\u00e9\u00a0\u00bb de Dieu et celle subs\u00e9quente, de royaume de Dieu. Mais d\u00e8s le septi\u00e8me si\u00e8cle de l&rsquo;\u00e8re courante, une nouvelle litt\u00e9rature vit le jour, celle des \u00ab\u00a0kabbalistes\u00a0\u00bb qui se pr\u00e9occup\u00e8rent d&rsquo;abord de la question cosmologique. La Qabbalah proprement dite a trouv\u00e9 son livre fondamental dans \u00ab\u00a0le Zohar\u00a0\u00bb (la splendeur) dont l&rsquo;auteur fut Mo\u00efse de L\u00e9on (XIIIe si\u00e8cle) qui le pr\u00e9sentait comme une ex\u00e9g\u00e8se de la Torah. L&rsquo;\u00e9panouissement de second courant se fit \u00e0 Safed (TSFAT), en Isra\u00ebl<\/span><\/span><span style=\"font-family: Times New Roman,serif;\"><span style=\"font-size: small;\">,<\/span><\/span><span style=\"font-family: Times New Roman,serif;\"><span style=\"font-size: small;\"> au seizi\u00e8me si\u00e8cle, gr\u00e2ce \u00e0 Mo\u00efse Cordovero et \u00e0 Isaac Louria. Le th\u00e8me dominant de la litt\u00e9rature kabbalistique proprement dite, est le \u00ab\u00a0syst\u00e8me du monde\u00a0\u00bb et l&rsquo;immanence divine aper\u00e7ue dans la cr\u00e9ation et dans les cr\u00e9atures. Il ne suffit pas, en effet, de d\u00e9couvrir la distance infinie qui s\u00e9pare la divinit\u00e9 de la cr\u00e9ature en attitude de respect et d&rsquo;adoration devant elle ; il faut encore montrer la proximit\u00e9 et l&rsquo;intimit\u00e9 que l&rsquo;\u00catre transcendant entretien avec elle et avec le monde. Le monde n&rsquo;est pas cr\u00e9\u00e9 \u00e0 \u00ab\u00a0l&rsquo;image de Dieu\u00a0\u00bb, mais il est structur\u00e9 par la parole divine. Il est inconnaissable en soi, mais il est per\u00e7u en tant que r\u00e9alisation quotidienne de la parole cr\u00e9atrice. \u00ab\u00a0Dieu parla et le monde fut\u00a0\u00bb<\/span><\/span><span style=\"font-family: Times New Roman,serif;\"><span style=\"font-size: small;\">\u00a0<\/span><\/span><span style=\"font-family: Times New Roman,serif;\"><span style=\"font-size: small;\">; il est donc possible de consid\u00e9rer l&rsquo;univers comme un immense livre \u00e9crit, non en langage math\u00e9matique et en combinaison num\u00e9rique seulement, mais aussi en lettres et en combinaisons de lettres, en mots et en \u00e9nonc\u00e9s. Le monde est \u00e9galement, \u00e0 sa mani\u00e8re, une parole adress\u00e9e \u00e0 l&rsquo;homme par le Cr\u00e9ateur.<\/span><\/span><\/p>\n<p align=\"JUSTIFY\"><span style=\"font-family: Times New Roman,serif;\"><span style=\"font-size: small;\">\u00c0 partir du dix-huiti\u00e8me si\u00e8cle, se d\u00e9ve\u00adloppe en Pologne, sous l&rsquo;influence d&rsquo;un grand initi\u00e9 \u2014 Le BECHT \u2014 (\u00ab\u00a0Le ma\u00eetre du bon nom\u00a0\u00bb), le troisi\u00e8me moment de la tradi\u00adtion initiatique juive. On l&rsquo;appela le \u00ab\u00a0Hassi\u00addisme\u00a0\u00bb (le pi\u00e9tisme) et il se centra autour de la question de l&rsquo;alt\u00e9rit\u00e9 et de la relation de l&rsquo;homme \u00e0 l&rsquo;homme. C&rsquo;est avec ce mou\u00advement, tant d\u00e9cim\u00e9 par la barbarie nazie, que nous apprenons \u00e0 remonter \u00e0 Dieu \u00e0 partir de l&rsquo;\u00eatre humain qui est, lui, cr\u00e9\u00e9 \u00ab\u00a0\u00e0 l&rsquo;image de Dieu, et \u00e0 sa ressemblance\u00a0\u00bb ; alors que les kabbalistes nous apprenaient \u00e0 aller \u00e0 Dieu depuis le spectacle et la connaissance de l&rsquo;univers, et que les mysti\u00adques cherchaient \u00e0 nous placer devant la di\u00advinit\u00e9 et sa transcendance pour redescendre ensuite vers l&rsquo;homme et vers le monde.<\/span><\/span><\/p>\n<p align=\"JUSTIFY\"><span style=\"font-family: Times New Roman,serif;\"><span style=\"font-size: small;\">Et telle est la question fondamentale qui parcourt ces trois \u00e9lans de la tradition ini\u00adtiatique juive vers Dieu, vers l&rsquo;homme et vers le monde. En tant qu&rsquo;\u00e9lans, ils surgis\u00adsent de ce qui, dans l&rsquo;homme, est irr\u00e9ducti\u00adble et constitue sa diff\u00e9rence et son carac\u00adt\u00e8re d&rsquo;image de Dieu. Les philosophes et les th\u00e9ologiens ont cru trouver ce en quoi l&rsquo;homme ressemble \u00e0 Dieu dans la raison, dans son pouvoir, ou dans sa place au sein de l&rsquo;univers. Les mystiques juifs la trouvent dans le c\u0153ur, et, dans celui-ci, le d\u00e9sir. La raison comme le pouvoir ne mettent pas, par eux-m\u00eames, en pr\u00e9sence du \u00ab\u00a0EN-SOPH\u00a0\u00bb (L&rsquo;Infini) auquel ouvre, au contraire, le d\u00e9\u00adsir ; celui-ci a, en outre, la qualit\u00e9 suppl\u00e9\u00admentaire, par rapport \u00e0 la raison et au pou\u00advoir, de porter tout l&rsquo;\u00eatre et pas seulement l&rsquo;une de ses fonctions, vers Dieu. Or c&rsquo;est l&rsquo;homme dans sa totalit\u00e9, et sans le sacrifice d&rsquo;aucun aspect de lui-m\u00eame, qui doit se porter vers la divinit\u00e9 et il ne le peut que par son d\u00e9sir. D&rsquo;autre part, la raison concep\u00adtuelle, cat\u00e9gorielle, objective, n&rsquo;a de cesse qu&rsquo;elle n&rsquo;ait r\u00e9duit la r\u00e9alit\u00e9 ext\u00e9rieure \u00e0 elle et \u00e0 ses repr\u00e9sentatives, et le pouvoir est toujours exerc\u00e9 au d\u00e9triment d&rsquo;autrui. Raison et pouvoir, en tant que tels, n&rsquo;admet\u00adtent pas l&rsquo;alt\u00e9rit\u00e9 et se d\u00e9veloppent en r\u00e9duisant l&rsquo;autre ou m\u00eame. Le D\u00e9sir au contraire est toujours d\u00e9sir de l&rsquo;autre en tant qu&rsquo;autre et il se nourrit de l&rsquo;alt\u00e9rit\u00e9.<\/span><\/span><\/p>\n<p align=\"JUSTIFY\"><span style=\"font-family: Times New Roman,serif;\"><span style=\"font-size: small;\">Celle-ci disparue, il dispara\u00eet avec elle. En\u00adfin, et pour l&rsquo;exprimer en termes m\u00e9taphysi\u00adques, le d\u00e9sir met seul en face de la Trans\u00adcendance, au contraire de la raison syst\u00e9ma\u00adtique et du pouvoir tyrannique. Les mysti\u00adques, les kabbalistes, les hassidim ne veu\u00adlent en aucun cas exclure la rationalit\u00e9 : ils veulent l&rsquo;ouvrir seulement \u00e0 l&rsquo;univers du D\u00e9\u00adsir et du C\u0153ur, c&rsquo;est-\u00e0-dire, \u00e0 l&rsquo;univers sym\u00adbolique. C&rsquo;est que, limiter la rationalit\u00e9 aux concepts et aux abstractions, aux cat\u00e9gories et \u00e0 la th\u00e9matisation, c&rsquo;est assur\u00e9ment l&rsquo;ap\u00adpauvrir, alors qu&rsquo;elle-m\u00eame se fonde sur la fonction symbolique, fondement de l&rsquo;appa\u00adreil psychique et de la culture. Si la pens\u00e9e n&rsquo;a point d&rsquo;arr\u00eat et si elle se d\u00e9ploie de re\u00adcherche en recherche, et de qu\u00eate en qu\u00eate, c&rsquo;est parce qu&rsquo;elle est anim\u00e9e int\u00e9rieure\u00adment par le d\u00e9sir, c&rsquo;est-\u00e0-dire, par le ren\u00advoi infini des significations les unes aux au\u00adtres. L&rsquo;\u00e9lan premier qui donne son \u00e2me \u00e0 l&rsquo;\u00eatre humain, est celui qui l&rsquo;ouvre et l&rsquo;ar\u00adrache \u00e0 lui-m\u00eame, pour le projeter, hors de lui-m\u00eame, dans une qu\u00eate qui n&rsquo;a d&rsquo;autre objet, que la qu\u00eate elle-m\u00eame par laquelle il se constitue dans l&rsquo;histoire.<\/span><\/span><\/p>\n<p align=\"JUSTIFY\"><span style=\"font-family: Times New Roman,serif;\"><span style=\"font-size: small;\">Par le d\u00e9sir, r\u00e9sonne en l&rsquo;homme une parole ant\u00e9rieure, ancienne, primordiale, qui l&rsquo;appelle \u00e0 donner r\u00e9ponse par sa vie et par son devenir. Parce que l&rsquo;homme est \u00e9lan, c&rsquo;est-\u00e0-dire d\u00e9sir de Dieu, du monde et de l&rsquo;homme, il se d\u00e9couvre comme second par rapport \u00e0 cette parole \u00e0 laquelle il ne peut \u00e9viter de donner r\u00e9ponse d&rsquo;une mani\u00e8re ou d&rsquo;une autre. En identifiant l&rsquo;homme \u00e0 son d\u00e9sir plus qu&rsquo;\u00e0 sa conscience ou \u00e0 sa raison, les initi\u00e9s juifs ont voulu le consacrer \u00e0 son \u0153uvre premi\u00e8re : se rendre capable d&rsquo;aimer et de se hausser ainsi au face \u00e0 face avec Dieu. L&rsquo;\u00e9lan vers le monde, vers l&rsquo;homme et vers Dieu, n&rsquo;est rien d&rsquo;autre en r\u00e9alit\u00e9, que la force qui nous porte vers l&rsquo;Autre dans lequel nous rencontrons notre centre. Si l&rsquo;\u00eatre est ainsi arrach\u00e9 \u00e0 lui-m\u00eame parce que le principe de son bonheur n&rsquo;est pas en lui, c&rsquo;est qu&rsquo;il ne peut se suffire \u00e0 lui-m\u00eame et que son accomplissement n&rsquo;est pas dans l&rsquo;\u00eatre mais dans l&rsquo;\u00eatre autre. Le mystique juif ne trouve sa perfection que dans l&rsquo;effort d&rsquo;\u00eatre autre, et pas seulement d&rsquo;\u00eatre mieux ou plus. Son \u00e9lan identifiant l&rsquo;homme \u00e0 son d\u00e9sir plus qu&rsquo;\u00e0 sa conscience ou \u00e0 sa raison, les initi\u00e9s juifs ont voulu le consacrer \u00e0 son \u0153uvre premi\u00e8re : se rendre capable d&rsquo;aimer et de se hausser ainsi au face \u00e0 face avec Dieu. L&rsquo;\u00e9lan vers le monde, vers l&rsquo;homme et vers Dieu, n&rsquo;est rien d&rsquo;autre en r\u00e9alit\u00e9, que la force qui nous porte vers l&rsquo;Autre dans lequel nous rencontrons notre centre. Si l&rsquo;\u00eatre est ainsi arrach\u00e9 \u00e0 lui-m\u00eame parce que le principe de son bonheur n&rsquo;est pas en lui, c&rsquo;est qu&rsquo;il ne peut se suffire \u00e0 lui-m\u00eame et que son accomplissement n&rsquo;est pas dans l&rsquo;\u00eatre mais dans l&rsquo;\u00eatre autre. Le mystique juif ne trouve sa perfection que dans l&rsquo;effort d&rsquo;\u00eatre autre, et pas seulement d&rsquo;\u00eatre mieux ou plus. Son \u00e9lan le porte vers l&rsquo;au-del\u00e0 de lui-m\u00eame, vers un ailleurs qu&rsquo;aucun lieu ni aucun instant ne peut contenir. L&rsquo;au-del\u00e0 du monde est l&rsquo;\u00eatre humain et l&rsquo;au-del\u00e0 de l&rsquo;homme c&rsquo;est Dieu. Mais Dieu ne peut \u00eatre vu : il peut seulement \u00eatre entendu et la m\u00e9diation premi\u00e8re qui s\u00e9pare et relie l&rsquo;homme \u00e0 lui, est constitu\u00e9e par la parole. Parole qui distingue, parole qui relie en se fondant sur la diff\u00e9rence infinie qui s\u00e9pare les interlocuteurs ; parole d&rsquo;esprit et d&rsquo;amour parce qu&rsquo;elle pr\u00e9serve et sauvegarde l&rsquo;autre dans son alt\u00e9rit\u00e9 radicale ; parole d&rsquo;alliance r\u00e9alisatrice d&rsquo;un projet commun ; parole ouverte et accueillante, de rencontre et de dialogue authentique. <\/span><\/span><\/p>\n<p align=\"JUSTIFY\"><a href=\"http:\/\/fr.wikipedia.org\/wiki\/Armand_Ab%C3%A9cassis\" target=\"_blank\"><strong>Armand Ab\u00e9cassis<\/strong><\/a>, n\u00e9 le 4 avril 1933 au Maroc, est un \u00e9crivain fran\u00e7ais, professeur de philosophie g\u00e9n\u00e9rale et compar\u00e9e \u00e0 l&rsquo;Universit\u00e9 Michel-de-Montaigne (Bordeaux III)<\/p>\n<p align=\"JUSTIFY\"><span style=\"font-family: Times New Roman,serif;\"><span style=\"font-size: small;\"><strong>Bibliographie<\/strong><\/span><\/span><\/p>\n<p align=\"JUSTIFY\"><span style=\"font-family: Times New Roman,serif;\"><span style=\"font-size: small;\">Gershom SCHOLEM : <\/span><\/span><span style=\"font-family: Times New Roman,serif;\"><span style=\"font-size: small;\"><em>Les grands courants de la mystique juive<\/em><\/span><\/span><span style=\"font-family: Times New Roman,serif;\"><span style=\"font-size: small;\"> Payot : 1960.<br \/>\nGershom SCHOLEM : <\/span><\/span><span style=\"font-family: Times New Roman,serif;\"><span style=\"font-size: small;\"><em>La Kabbale et sa symbolique<\/em><\/span><\/span><span style=\"font-family: Times New Roman,serif;\"><span style=\"font-size: small;\">. <\/span><\/span><span style=\"font-family: Times New Roman,serif;\"><span style=\"font-size: small;\">Payot : 1966.<br \/>\nGershom SCHOLEM : <\/span><\/span><span style=\"font-family: Times New Roman,serif;\"><span style=\"font-size: small;\"><em>Le messianisme juif<\/em><\/span><\/span><span style=\"font-family: Times New Roman,serif;\"><span style=\"font-size: small;\">. <\/span><\/span><span style=\"font-family: Times New Roman,serif;\"><span style=\"font-size: small;\">Calmam Levy 1974.<br \/>\nGershom SCHOLEM : <\/span><\/span><span style=\"font-family: Times New Roman,serif;\"><span style=\"font-size: small;\"><em>Les origines de la Kabbale<\/em><\/span><\/span><span style=\"font-family: Times New Roman,serif;\"><span style=\"font-size: small;\">. Aubier : Montaigne 1966.<br \/>\n<em>Encyclop\u00e9die de la mystique juive<\/em><\/span><\/span><span style=\"font-family: Times New Roman,serif;\"><span style=\"font-size: small;\"> : Collectif. \u00c9ditions Berg International 1977.<\/span><\/span><\/p>\n","protected":false},"excerpt":{"rendered":"<p>Qui proclame la \u00ab\u00a0mort de Dieu\u00a0\u00bb, est in\u00e9luc\u00adtablement conduit \u00e0 la \u00ab\u00a0mort de l&rsquo;homme\u00a0\u00bb, et \u00e0 la \u00ab\u00a0d\u00e9gradation du monde\u00a0\u00bb. L&rsquo;histoire contemporaine illustre dans une certaine mesure ce processus. L&rsquo;\u00e9quilibre d&rsquo;une civi\u00adlisation et sa force se mesurent \u00e0 la mani\u00e8re dont elle affronte simultan\u00e9ment ces trois questions, mais, dans d&rsquo;histoire de l&rsquo;Occi\u00addent, il semble que l&rsquo;on ait, tour \u00e0 tour, d\u00e9\u00advelopp\u00e9 l&rsquo;une ou l&rsquo;autre comme dominante, comme si une hi\u00e9rarchie \u00e9tait faite et qu&rsquo;une urgence imposait de la d\u00e9velopper au d\u00e9triment des deux autres questions.<\/p>\n","protected":false},"author":1,"featured_media":14983,"comment_status":"closed","ping_status":"closed","sticky":false,"template":"","format":"standard","meta":{"footnotes":""},"categories":[785],"tags":[440,24,47],"class_list":["post-14980","post","type-post","status-publish","format-standard","has-post-thumbnail","hentry","category-traditions","tag-judaisme","tag-kabbale","tag-mystique"],"yoast_head":"<!-- This site is optimized with the Yoast SEO plugin v27.0 - https:\/\/yoast.com\/product\/yoast-seo-wordpress\/ -->\n<title>Les \u00e9lans de la mystique juive par Armand Abecassis - 3e mill\u00e9naire - Spiritualit\u00e9 - Connaissance de soi - Non-dualit\u00e9 - M\u00e9ditation<\/title>\n<meta name=\"robots\" content=\"index, follow, max-snippet:-1, max-image-preview:large, max-video-preview:-1\" \/>\n<link rel=\"canonical\" href=\"https:\/\/www.revue3emillenaire.com\/blog\/les-elans-de-la-mystique-juive-par-armand-abecassis\/\" \/>\n<meta property=\"og:locale\" content=\"fr_FR\" \/>\n<meta property=\"og:type\" content=\"article\" \/>\n<meta property=\"og:title\" content=\"Les \u00e9lans de la mystique juive par Armand Abecassis - 3e mill\u00e9naire - Spiritualit\u00e9 - Connaissance de soi - Non-dualit\u00e9 - M\u00e9ditation\" \/>\n<meta property=\"og:description\" content=\"Qui proclame la &quot;mort de Dieu&quot;, est in\u00e9luc\u00adtablement conduit \u00e0 la &quot;mort de l&#039;homme&quot;, et \u00e0 la &quot;d\u00e9gradation du monde&quot;. L&#039;histoire contemporaine illustre dans une certaine mesure ce processus. L&#039;\u00e9quilibre d&#039;une civi\u00adlisation et sa force se mesurent \u00e0 la mani\u00e8re dont elle affronte simultan\u00e9ment ces trois questions, mais, dans d&#039;histoire de l&#039;Occi\u00addent, il semble que l&#039;on ait, tour \u00e0 tour, d\u00e9\u00advelopp\u00e9 l&#039;une ou l&#039;autre comme dominante, comme si une hi\u00e9rarchie \u00e9tait faite et qu&#039;une urgence imposait de la d\u00e9velopper au d\u00e9triment des deux autres questions.\" \/>\n<meta property=\"og:url\" content=\"https:\/\/www.revue3emillenaire.com\/blog\/les-elans-de-la-mystique-juive-par-armand-abecassis\/\" \/>\n<meta property=\"og:site_name\" content=\"3e mill\u00e9naire - Spiritualit\u00e9 - Connaissance de soi - Non-dualit\u00e9 - M\u00e9ditation\" \/>\n<meta property=\"article:published_time\" content=\"2014-01-29T22:26:40+00:00\" \/>\n<meta property=\"og:image\" content=\"https:\/\/www.revue3emillenaire.com\/blog\/wp-content\/uploads\/2014\/01\/Armand_Ab\u00e9cassis.jpg\" \/>\n\t<meta property=\"og:image:width\" content=\"144\" \/>\n\t<meta property=\"og:image:height\" content=\"194\" \/>\n\t<meta property=\"og:image:type\" content=\"image\/jpeg\" \/>\n<meta name=\"author\" content=\"3e mill\u00e9naire\" \/>\n<meta name=\"twitter:card\" content=\"summary_large_image\" \/>\n<meta name=\"twitter:label1\" content=\"\u00c9crit par\" \/>\n\t<meta name=\"twitter:data1\" content=\"3e mill\u00e9naire\" \/>\n\t<meta name=\"twitter:label2\" content=\"Dur\u00e9e de lecture estim\u00e9e\" \/>\n\t<meta name=\"twitter:data2\" content=\"9 minutes\" \/>\n<script type=\"application\/ld+json\" class=\"yoast-schema-graph\">{\"@context\":\"https:\/\/schema.org\",\"@graph\":[{\"@type\":\"Article\",\"@id\":\"https:\/\/www.revue3emillenaire.com\/blog\/les-elans-de-la-mystique-juive-par-armand-abecassis\/#article\",\"isPartOf\":{\"@id\":\"https:\/\/www.revue3emillenaire.com\/blog\/les-elans-de-la-mystique-juive-par-armand-abecassis\/\"},\"author\":{\"name\":\"3e mill\u00e9naire\",\"@id\":\"https:\/\/www.revue3emillenaire.com\/blog\/#\/schema\/person\/9a3a7cc4ccaa707f402d4394327106d5\"},\"headline\":\"Les \u00e9lans de la mystique juive par Armand Abecassis\",\"datePublished\":\"2014-01-29T22:26:40+00:00\",\"mainEntityOfPage\":{\"@id\":\"https:\/\/www.revue3emillenaire.com\/blog\/les-elans-de-la-mystique-juive-par-armand-abecassis\/\"},\"wordCount\":1861,\"image\":{\"@id\":\"https:\/\/www.revue3emillenaire.com\/blog\/les-elans-de-la-mystique-juive-par-armand-abecassis\/#primaryimage\"},\"thumbnailUrl\":\"https:\/\/www.revue3emillenaire.com\/blog\/wp-content\/uploads\/2014\/01\/Armand_Ab\u00e9cassis.jpg\",\"keywords\":[\"Judaisme\",\"Kabbale\",\"Mystique\"],\"articleSection\":[\"Traditions\"],\"inLanguage\":\"fr-FR\"},{\"@type\":\"WebPage\",\"@id\":\"https:\/\/www.revue3emillenaire.com\/blog\/les-elans-de-la-mystique-juive-par-armand-abecassis\/\",\"url\":\"https:\/\/www.revue3emillenaire.com\/blog\/les-elans-de-la-mystique-juive-par-armand-abecassis\/\",\"name\":\"Les \u00e9lans de la mystique juive par Armand Abecassis - 3e mill\u00e9naire - Spiritualit\u00e9 - Connaissance de soi - Non-dualit\u00e9 - M\u00e9ditation\",\"isPartOf\":{\"@id\":\"https:\/\/www.revue3emillenaire.com\/blog\/#website\"},\"primaryImageOfPage\":{\"@id\":\"https:\/\/www.revue3emillenaire.com\/blog\/les-elans-de-la-mystique-juive-par-armand-abecassis\/#primaryimage\"},\"image\":{\"@id\":\"https:\/\/www.revue3emillenaire.com\/blog\/les-elans-de-la-mystique-juive-par-armand-abecassis\/#primaryimage\"},\"thumbnailUrl\":\"https:\/\/www.revue3emillenaire.com\/blog\/wp-content\/uploads\/2014\/01\/Armand_Ab\u00e9cassis.jpg\",\"datePublished\":\"2014-01-29T22:26:40+00:00\",\"author\":{\"@id\":\"https:\/\/www.revue3emillenaire.com\/blog\/#\/schema\/person\/9a3a7cc4ccaa707f402d4394327106d5\"},\"breadcrumb\":{\"@id\":\"https:\/\/www.revue3emillenaire.com\/blog\/les-elans-de-la-mystique-juive-par-armand-abecassis\/#breadcrumb\"},\"inLanguage\":\"fr-FR\",\"potentialAction\":[{\"@type\":\"ReadAction\",\"target\":[\"https:\/\/www.revue3emillenaire.com\/blog\/les-elans-de-la-mystique-juive-par-armand-abecassis\/\"]}]},{\"@type\":\"ImageObject\",\"inLanguage\":\"fr-FR\",\"@id\":\"https:\/\/www.revue3emillenaire.com\/blog\/les-elans-de-la-mystique-juive-par-armand-abecassis\/#primaryimage\",\"url\":\"https:\/\/www.revue3emillenaire.com\/blog\/wp-content\/uploads\/2014\/01\/Armand_Ab\u00e9cassis.jpg\",\"contentUrl\":\"https:\/\/www.revue3emillenaire.com\/blog\/wp-content\/uploads\/2014\/01\/Armand_Ab\u00e9cassis.jpg\",\"width\":\"144\",\"height\":\"194\"},{\"@type\":\"BreadcrumbList\",\"@id\":\"https:\/\/www.revue3emillenaire.com\/blog\/les-elans-de-la-mystique-juive-par-armand-abecassis\/#breadcrumb\",\"itemListElement\":[{\"@type\":\"ListItem\",\"position\":1,\"name\":\"Accueil\",\"item\":\"https:\/\/www.revue3emillenaire.com\/blog\/\"},{\"@type\":\"ListItem\",\"position\":2,\"name\":\"Les \u00e9lans de la mystique juive par Armand Abecassis\"}]},{\"@type\":\"WebSite\",\"@id\":\"https:\/\/www.revue3emillenaire.com\/blog\/#website\",\"url\":\"https:\/\/www.revue3emillenaire.com\/blog\/\",\"name\":\"3e mill\u00e9naire - Spiritualit\u00e9 - Connaissance de soi - Non-dualit\u00e9 - M\u00e9ditation\",\"description\":\"L&#039;Homme en devenir\",\"potentialAction\":[{\"@type\":\"SearchAction\",\"target\":{\"@type\":\"EntryPoint\",\"urlTemplate\":\"https:\/\/www.revue3emillenaire.com\/blog\/?s={search_term_string}\"},\"query-input\":{\"@type\":\"PropertyValueSpecification\",\"valueRequired\":true,\"valueName\":\"search_term_string\"}}],\"inLanguage\":\"fr-FR\"},{\"@type\":\"Person\",\"@id\":\"https:\/\/www.revue3emillenaire.com\/blog\/#\/schema\/person\/9a3a7cc4ccaa707f402d4394327106d5\",\"name\":\"3e mill\u00e9naire\",\"url\":\"https:\/\/www.revue3emillenaire.com\/blog\/author\/admin\/\"}]}<\/script>\n<!-- \/ Yoast SEO plugin. -->","yoast_head_json":{"title":"Les \u00e9lans de la mystique juive par Armand Abecassis - 3e mill\u00e9naire - Spiritualit\u00e9 - Connaissance de soi - Non-dualit\u00e9 - M\u00e9ditation","robots":{"index":"index","follow":"follow","max-snippet":"max-snippet:-1","max-image-preview":"max-image-preview:large","max-video-preview":"max-video-preview:-1"},"canonical":"https:\/\/www.revue3emillenaire.com\/blog\/les-elans-de-la-mystique-juive-par-armand-abecassis\/","og_locale":"fr_FR","og_type":"article","og_title":"Les \u00e9lans de la mystique juive par Armand Abecassis - 3e mill\u00e9naire - Spiritualit\u00e9 - Connaissance de soi - Non-dualit\u00e9 - M\u00e9ditation","og_description":"Qui proclame la \"mort de Dieu\", est in\u00e9luc\u00adtablement conduit \u00e0 la \"mort de l'homme\", et \u00e0 la \"d\u00e9gradation du monde\". L'histoire contemporaine illustre dans une certaine mesure ce processus. L'\u00e9quilibre d'une civi\u00adlisation et sa force se mesurent \u00e0 la mani\u00e8re dont elle affronte simultan\u00e9ment ces trois questions, mais, dans d'histoire de l'Occi\u00addent, il semble que l'on ait, tour \u00e0 tour, d\u00e9\u00advelopp\u00e9 l'une ou l'autre comme dominante, comme si une hi\u00e9rarchie \u00e9tait faite et qu'une urgence imposait de la d\u00e9velopper au d\u00e9triment des deux autres questions.","og_url":"https:\/\/www.revue3emillenaire.com\/blog\/les-elans-de-la-mystique-juive-par-armand-abecassis\/","og_site_name":"3e mill\u00e9naire - Spiritualit\u00e9 - Connaissance de soi - Non-dualit\u00e9 - M\u00e9ditation","article_published_time":"2014-01-29T22:26:40+00:00","og_image":[{"width":144,"height":194,"url":"https:\/\/www.revue3emillenaire.com\/blog\/wp-content\/uploads\/2014\/01\/Armand_Ab\u00e9cassis.jpg","type":"image\/jpeg"}],"author":"3e mill\u00e9naire","twitter_card":"summary_large_image","twitter_misc":{"\u00c9crit par":"3e mill\u00e9naire","Dur\u00e9e de lecture estim\u00e9e":"9 minutes"},"schema":{"@context":"https:\/\/schema.org","@graph":[{"@type":"Article","@id":"https:\/\/www.revue3emillenaire.com\/blog\/les-elans-de-la-mystique-juive-par-armand-abecassis\/#article","isPartOf":{"@id":"https:\/\/www.revue3emillenaire.com\/blog\/les-elans-de-la-mystique-juive-par-armand-abecassis\/"},"author":{"name":"3e mill\u00e9naire","@id":"https:\/\/www.revue3emillenaire.com\/blog\/#\/schema\/person\/9a3a7cc4ccaa707f402d4394327106d5"},"headline":"Les \u00e9lans de la mystique juive par Armand Abecassis","datePublished":"2014-01-29T22:26:40+00:00","mainEntityOfPage":{"@id":"https:\/\/www.revue3emillenaire.com\/blog\/les-elans-de-la-mystique-juive-par-armand-abecassis\/"},"wordCount":1861,"image":{"@id":"https:\/\/www.revue3emillenaire.com\/blog\/les-elans-de-la-mystique-juive-par-armand-abecassis\/#primaryimage"},"thumbnailUrl":"https:\/\/www.revue3emillenaire.com\/blog\/wp-content\/uploads\/2014\/01\/Armand_Ab\u00e9cassis.jpg","keywords":["Judaisme","Kabbale","Mystique"],"articleSection":["Traditions"],"inLanguage":"fr-FR"},{"@type":"WebPage","@id":"https:\/\/www.revue3emillenaire.com\/blog\/les-elans-de-la-mystique-juive-par-armand-abecassis\/","url":"https:\/\/www.revue3emillenaire.com\/blog\/les-elans-de-la-mystique-juive-par-armand-abecassis\/","name":"Les \u00e9lans de la mystique juive par Armand Abecassis - 3e mill\u00e9naire - Spiritualit\u00e9 - Connaissance de soi - Non-dualit\u00e9 - M\u00e9ditation","isPartOf":{"@id":"https:\/\/www.revue3emillenaire.com\/blog\/#website"},"primaryImageOfPage":{"@id":"https:\/\/www.revue3emillenaire.com\/blog\/les-elans-de-la-mystique-juive-par-armand-abecassis\/#primaryimage"},"image":{"@id":"https:\/\/www.revue3emillenaire.com\/blog\/les-elans-de-la-mystique-juive-par-armand-abecassis\/#primaryimage"},"thumbnailUrl":"https:\/\/www.revue3emillenaire.com\/blog\/wp-content\/uploads\/2014\/01\/Armand_Ab\u00e9cassis.jpg","datePublished":"2014-01-29T22:26:40+00:00","author":{"@id":"https:\/\/www.revue3emillenaire.com\/blog\/#\/schema\/person\/9a3a7cc4ccaa707f402d4394327106d5"},"breadcrumb":{"@id":"https:\/\/www.revue3emillenaire.com\/blog\/les-elans-de-la-mystique-juive-par-armand-abecassis\/#breadcrumb"},"inLanguage":"fr-FR","potentialAction":[{"@type":"ReadAction","target":["https:\/\/www.revue3emillenaire.com\/blog\/les-elans-de-la-mystique-juive-par-armand-abecassis\/"]}]},{"@type":"ImageObject","inLanguage":"fr-FR","@id":"https:\/\/www.revue3emillenaire.com\/blog\/les-elans-de-la-mystique-juive-par-armand-abecassis\/#primaryimage","url":"https:\/\/www.revue3emillenaire.com\/blog\/wp-content\/uploads\/2014\/01\/Armand_Ab\u00e9cassis.jpg","contentUrl":"https:\/\/www.revue3emillenaire.com\/blog\/wp-content\/uploads\/2014\/01\/Armand_Ab\u00e9cassis.jpg","width":"144","height":"194"},{"@type":"BreadcrumbList","@id":"https:\/\/www.revue3emillenaire.com\/blog\/les-elans-de-la-mystique-juive-par-armand-abecassis\/#breadcrumb","itemListElement":[{"@type":"ListItem","position":1,"name":"Accueil","item":"https:\/\/www.revue3emillenaire.com\/blog\/"},{"@type":"ListItem","position":2,"name":"Les \u00e9lans de la mystique juive par Armand Abecassis"}]},{"@type":"WebSite","@id":"https:\/\/www.revue3emillenaire.com\/blog\/#website","url":"https:\/\/www.revue3emillenaire.com\/blog\/","name":"3e mill\u00e9naire - Spiritualit\u00e9 - Connaissance de soi - Non-dualit\u00e9 - M\u00e9ditation","description":"L&#039;Homme en devenir","potentialAction":[{"@type":"SearchAction","target":{"@type":"EntryPoint","urlTemplate":"https:\/\/www.revue3emillenaire.com\/blog\/?s={search_term_string}"},"query-input":{"@type":"PropertyValueSpecification","valueRequired":true,"valueName":"search_term_string"}}],"inLanguage":"fr-FR"},{"@type":"Person","@id":"https:\/\/www.revue3emillenaire.com\/blog\/#\/schema\/person\/9a3a7cc4ccaa707f402d4394327106d5","name":"3e mill\u00e9naire","url":"https:\/\/www.revue3emillenaire.com\/blog\/author\/admin\/"}]}},"_links":{"self":[{"href":"https:\/\/www.revue3emillenaire.com\/blog\/wp-json\/wp\/v2\/posts\/14980","targetHints":{"allow":["GET"]}}],"collection":[{"href":"https:\/\/www.revue3emillenaire.com\/blog\/wp-json\/wp\/v2\/posts"}],"about":[{"href":"https:\/\/www.revue3emillenaire.com\/blog\/wp-json\/wp\/v2\/types\/post"}],"author":[{"embeddable":true,"href":"https:\/\/www.revue3emillenaire.com\/blog\/wp-json\/wp\/v2\/users\/1"}],"replies":[{"embeddable":true,"href":"https:\/\/www.revue3emillenaire.com\/blog\/wp-json\/wp\/v2\/comments?post=14980"}],"version-history":[{"count":0,"href":"https:\/\/www.revue3emillenaire.com\/blog\/wp-json\/wp\/v2\/posts\/14980\/revisions"}],"wp:featuredmedia":[{"embeddable":true,"href":"https:\/\/www.revue3emillenaire.com\/blog\/wp-json\/wp\/v2\/media\/14983"}],"wp:attachment":[{"href":"https:\/\/www.revue3emillenaire.com\/blog\/wp-json\/wp\/v2\/media?parent=14980"}],"wp:term":[{"taxonomy":"category","embeddable":true,"href":"https:\/\/www.revue3emillenaire.com\/blog\/wp-json\/wp\/v2\/categories?post=14980"},{"taxonomy":"post_tag","embeddable":true,"href":"https:\/\/www.revue3emillenaire.com\/blog\/wp-json\/wp\/v2\/tags?post=14980"}],"curies":[{"name":"wp","href":"https:\/\/api.w.org\/{rel}","templated":true}]}}