{"id":151,"date":"2008-10-19T00:00:00","date_gmt":"2008-10-19T00:00:00","guid":{"rendered":"http:\/\/www.revue3emillenaire.com\/blog\/?p=151"},"modified":"2010-01-09T16:52:50","modified_gmt":"2010-01-09T15:52:50","slug":"labsolu-questions-et-rponses-par-robert-linssen","status":"publish","type":"post","link":"https:\/\/www.revue3emillenaire.com\/blog\/labsolu-questions-et-rponses-par-robert-linssen\/","title":{"rendered":"l&#39;Absolu ? (Questions et R&eacute;ponses) par Robert Linssen"},"content":{"rendered":"<p style=\"text-align: justify;\">Dialogue sur l&rsquo;Absolu<br \/>\n(Revue \u00catre Libre, Num\u00e9ro 227, Avril-Juin 1966)<\/p>\n<p style=\"padding-left: 300px; text-align: justify;\"><em>\u00ab Celui qui en parle ne Le conna\u00eet pas \u00bb<br \/>\n\u00ab Celui qui Le conna\u00eet n&rsquo;en parle pas \u00bb<br \/>\nLao-Tseu.<\/em><\/p>\n<p style=\"text-align: justify;\"><em>Question : Il m&rsquo;a \u00e9t\u00e9 rapport\u00e9 que vous niez l&rsquo;Absolu?<\/em><\/p>\n<p style=\"text-align: justify;\">R\u00e9ponse Linssen : Je ne nie rien du tout. Je ne connais rien qui soit absolu. Je trouve de telles discussions absolument inutiles. Je n&rsquo;ai pas de \u00ab position \u00bb fixe, car rien n&rsquo;est fixe. Il semble n\u00e9anmoins que l&rsquo;attitude de Suar\u00e8s d\u00e9clarant que \u00ab l&rsquo;absolu est un mot sans contenu \u00bb et celle de Krishnamurti qui consid\u00e8re \u00ab l&rsquo;absolu \u00bb comme une cr\u00e9ation de l&rsquo;esprit soient les bonnes.<\/p>\n<p style=\"text-align: justify;\"><em>Q. Mais tous les Rishis de tous les temps ont enseign\u00e9 l&rsquo;existence de l&rsquo;absolu ?<\/em><\/p>\n<p style=\"text-align: justify;\">R. L. Je n&rsquo;ignore pas que ce terme a \u00e9t\u00e9 \u00e9voqu\u00e9, de tous temps, non seulement par les Rishis de l&rsquo;Inde mais par de nombreux penseurs au cours des \u00e2ges les plus anciens jusqu&rsquo;aux th\u00e9ologiens de nos jours. Si l&rsquo;on con\u00e7oit l&rsquo;immobilit\u00e9, l&rsquo;immuabilit\u00e9, la staticit\u00e9 qui se trouvent impliqu\u00e9es dans la notion d&rsquo;absolu, telle que vous semblez l&rsquo;admettre, je regrette vous exprimer mon d\u00e9saccord total.<\/p>\n<p style=\"text-align: justify;\"><em>Q. Alors vous vous d\u00e9clarez, vous R. L., en opposition avec tout ce qu&rsquo;on dit les Rishis?<\/em><\/p>\n<p style=\"text-align: justify;\">R. L. Oui, si vous donnez au mot \u00ab Absolu \u00bb la signification de staticit\u00e9 que je viens d&rsquo;\u00e9voquer. Contrairement \u00e0 ce que vous supposez, j&rsquo;ai un grand respect pour les Rishis, mais j&rsquo;ai de s\u00e9rieuses raisons de croire que les textes actuellement en notre possession ne correspondent pas int\u00e9gralement aux enseignements initiaux, d&rsquo;autant plus que les Rishis authentiques que je connais actuellement partagent le point de vue que j&rsquo;adopte ici.<\/p>\n<p style=\"text-align: justify;\"><em>Q. Vous niez l&rsquo;Absolu parce que vous ne le connaissez pas?<\/em><\/p>\n<p style=\"text-align: justify;\">R. L. En effet, je ne le connais pas. Et les Eveill\u00e9s authentiques sont bien plus nets et incisifs que moi-m\u00eame \u00e0 cet \u00e9gard. Voyez Krishnamurti par exemple.<\/p>\n<p style=\"text-align: justify;\"><em>Q. (irrit\u00e9 et indign\u00e9) Alors les Rishis se sont tromp\u00e9s ? et Kr. et R. L. ont raison !<\/em><\/p>\n<p style=\"text-align: justify;\">R. L. Ne nous occupons plus, une fois pour toutes, de ce que les Rishis ont dit ou n&rsquo;ont pas dit.<\/p>\n<p style=\"text-align: justify;\">D&rsquo;abord, nul ne sait exactement ce que les anciens Rishis ont dit, car les enseignements ont \u00e9t\u00e9 transmis oralement, et l&rsquo;on a vu partout, tant dans le christianisme que dans les religions d&rsquo;Orient ce qu&rsquo;il nous en est rest\u00e9. Il y a trente ans, si quelqu&rsquo;un avait adopt\u00e9 vis-\u00e0-vis de l&rsquo;absolu l&rsquo;attitude que j&rsquo;adopte moi-m\u00eame maintenant, je me serais \u00e9galement emport\u00e9, car j&rsquo;\u00e9tais moi-m\u00eame un assoiff\u00e9 d&rsquo;absolu, un v\u00e9ritable fanatique d&rsquo;une R\u00e9alit\u00e9 qui \u00e9chapperait aux conditionnements qui nous emprisonnent. Mais quoique tr\u00e8s sinc\u00e8re et ardente, mon attitude \u00e9tait fausse.<\/p>\n<p style=\"text-align: justify;\"><em>Q. Mais Krishnamurti \u00e9voque souvent l&rsquo;existence d&rsquo;une R\u00e9alit\u00e9 \u00e9chappant aux conditionnements qui nous sont familiers.<\/em><\/p>\n<p style=\"text-align: justify;\">R. L. Oui. Peut-\u00eatre, si vous remplaciez le mot \u00ab absolu \u00bb par \u00ab R\u00e9alit\u00e9 \u00bb nous aurions un terrain de rencontre possible. Il existe une R\u00e9alit\u00e9 en dehors du temps et de l&rsquo;espace mais englobant le temps et l&rsquo;espace. Mais elle n&rsquo;est pas statique. Elle est VIE.<\/p>\n<p style=\"text-align: justify;\">Herm\u00e8s Trism\u00e9giste enseignait que \u00ab Dieu se mouvait intens\u00e9ment dans Sa stabilit\u00e9. \u00bb<\/p>\n<p style=\"text-align: justify;\"><em>Q. Vous dites de \u00ab rien n&rsquo;est immobile \u00bb et vous citez Krishnamurti. Ce dernier parle de l&rsquo;\u00e9tat du mental immobile.<\/em><\/p>\n<p style=\"text-align: justify;\">R. L. Certes, Krishnamurti parle du silence ou de l&rsquo;immobilit\u00e9 du mental. Mais c&rsquo;est pr\u00e9cis\u00e9ment pour permettre la manifestation d&rsquo;une R\u00e9alit\u00e9 intens\u00e9ment cr\u00e9atrice. Je rappelle ici la r\u00e9ponse qu&rsquo;avait donn\u00e9e Krishnamurti \u00e0 une question sur \u00ab l&rsquo;absolu \u00bb. \u00ab La v\u00e9rit\u00e9 \u00bb, demanda Krishnamurti \u00e0 son tour \u00ab est-elle quelque chose d&rsquo;absolu, de fixe&#8230;? Nous voudrions qu&rsquo;elle soit absolue afin de nous y abriter. Nous voudrions qu&rsquo;elle soit permanente pour que nous puissions\u00a0 nous y accrocher, y trouver la f\u00e9licit\u00e9. Mais est-elle vraiment absolue, continue, de fa\u00e7on qu&rsquo;on puisse en faire l&rsquo;exp\u00e9rience&#8230; ? La v\u00e9rit\u00e9 est-elle une permanence, un exercice de ma m\u00e9moire ? Lorsque je me comprends, le calme se produit.<\/p>\n<p style=\"text-align: justify;\">Dans ce silence, la r\u00e9alit\u00e9 peut venir \u00e0 moi. Cette immobilit\u00e9 n&rsquo;est \u00bb pas stagnation, elle n&rsquo;est pas la n\u00e9gation de l&rsquo;action, au contraire, elle est la plus haute forme de l&rsquo;action. En cette immobilit\u00e9 (du mental) il y a cr\u00e9ation \u00bb. (Paris 1950, p. 142)<\/p>\n<p style=\"text-align: justify;\">Telles sont les lignes essentielles de la \u00ab passivit\u00e9 cr\u00e9atrice \u00bb enseign\u00e9e par Krishnamurti : passivit\u00e9 du \u00ab moi \u00bb, immobilit\u00e9 ou transparence du mental, pour permettre l&rsquo;irruption du mouvement de cr\u00e9ation de la R\u00e9alit\u00e9 supr\u00eame.<\/p>\n<p style=\"text-align: justify;\"><em>Q. Pour moi, cette r\u00e9alit\u00e9 est l&rsquo;absolu. D&rsquo;ailleurs Sri Ramakrishna nous a d\u00e9clar\u00e9 qu&rsquo;il avait exp\u00e9riment\u00e9 l&rsquo;absolu.<\/em><\/p>\n<p style=\"text-align: justify;\">R. L. Une fois de plus, je ne d\u00e9sire pas me r\u00e9f\u00e9rer aux affirmations d&rsquo;un autre, non que je me prenne au s\u00e9rieux comme je vois que vous le supposez \u2014 car \u00ab je \u00bb ne suis rien \u2014 mais parce que j&rsquo;ai pris conscience du fait que l&rsquo;esprit humain n&rsquo;est que conditionnement, rien de ce qui fait partie de cet esprit (m\u00e9moires, acquises ou h\u00e9rit\u00e9es, connaissances quelles qu&rsquo;elles soient) ne peut r\u00e9v\u00e9ler la R\u00e9alit\u00e9 supr\u00eame. Ce n&rsquo;est que dans le silence du mental que CELA qui d\u00e9passe le mental peut se r\u00e9v\u00e9ler \u00e0 nous. Et CELA qui d\u00e9passe le mental, ne peut \u00eatre ni imagin\u00e9, ni pr\u00e9figur\u00e9, ni pens\u00e9, ni exprim\u00e9. Et surtout, CELA n&rsquo;est pas immobile, absolu, statique. CELA est cr\u00e9ation continuelle.<\/p>\n<p style=\"text-align: justify;\"><em>Q. Pour moi la r\u00e9alit\u00e9 est immuable, elle est l&rsquo;absolu. Si vous dites qu&rsquo;elle n&rsquo;est pas immobile, elle est en mouvement. Si elle est en mouvement, elle est dans la manifestation, dans le Sams\u00e2ra. Vous \u00eates prisonnier de la manifestation&#8230;<\/em><\/p>\n<p style=\"text-align: justify;\">R. L. Vous \u00e9noncez-l\u00e0 un syst\u00e8me enti\u00e8rement mental. J&rsquo;ai moi-m\u00eame enseign\u00e9 ces choses il y a plus de trente ans. Toutes les m\u00e9taphysiques nous enseignent qu&rsquo;il y a un univers manifest\u00e9 (l&rsquo;ensemble des ph\u00e9nom\u00e8nes) et un univers non-manifest\u00e9 (le noum\u00e8ne), et les orientaux nous enseignent m\u00eame qu&rsquo;au-del\u00e0 de ces deux p\u00f4les du r\u00e9el il y a un Univers \u00e9ternellement non-manifest\u00e9. Ce ne sont l\u00e0 que sp\u00e9culations agr\u00e9ables qui ne servent \u00e0 rien, sinon qu&rsquo;\u00e0 nous asphyxier l&rsquo;esprit par des pseudo-explications verbales. Le \u00ab mot \u00bb n&rsquo;est pas la chose. Il serait int\u00e9ressant d&rsquo;examiner d&rsquo;abord pourquoi de tous temps, tous les philosophes, m\u00e9taphysiciens et mystiques ont \u00e9t\u00e9 obs\u00e9d\u00e9s par la recherche d&rsquo;Absolu et pourquoi cet absolu a \u00e9t\u00e9 d\u00e9ifi\u00e9, codifi\u00e9, proclam\u00e9 par la plupart des religions et th\u00e9ologies.<\/p>\n<p style=\"text-align: justify;\"><em>Q. J&rsquo;affirme que l&rsquo;absolu existe, d&rsquo;abord parce que j&rsquo;en ai l&rsquo;exp\u00e9rience, que les sages en ont eu l&rsquo;exp\u00e9rience et je consid\u00e8re que le but de la vie est de nous affranchir du monde relatif, de l&rsquo;agitation, du mouvement pour atteindre le repos parfait.<\/em><\/p>\n<p style=\"text-align: justify;\">R. L. M\u00eame si l&rsquo;absolu tel que vous l&rsquo;imaginez existait, vous ne pourriez en faire l&rsquo;exp\u00e9rience&#8230; Ne vous \u00e9nervez pas, je vais tenter d&rsquo;expliquer clairement comment est n\u00e9e la notion d&rsquo;absolu ou de permanence. Depuis que l&rsquo;homme est apparu sur cette plan\u00e8te, il voit que tout nait, se d\u00e9veloppe et meurt. Il voit les fleurs qui s&rsquo;\u00e9panouissent et se fanent. Il voit que la jeunesse est suivie de la vieillesse avec les maladies, les souffrances et la mort. Il constate que toutes choses, tous les \u00eatres sont l&rsquo;objet du m\u00eame ph\u00e9nom\u00e8ne de changement d&rsquo;impermanence. Cette perception profonde lui est insupportable et, pour les besoins de la cause, il cr\u00e9e un id\u00e9al de permanence. Prenant conscience de la relativit\u00e9 du caract\u00e8re \u00e9ph\u00e9m\u00e8re de toute chose, y compris de lui-m\u00eame, l&rsquo;homme cr\u00e9e une compensation : l&rsquo;absolu.<\/p>\n<p style=\"text-align: justify;\">Mais il y a plus que cette simple compensation dont la psychologie moderne nous expose clairement le processus.<\/p>\n<p style=\"text-align: justify;\">C&rsquo;est qu&rsquo;effectivement, au-del\u00e0 de la vie, de l&rsquo;\u00e9panouissement, de la d\u00e9cr\u00e9pitude et de la mort, il existe une R\u00e9alit\u00e9 qui peut se r\u00e9v\u00e9ler \u00e0 nous, mais cette R\u00e9alit\u00e9 n&rsquo;a rien d&rsquo;un absolu, immobile, immuable.<\/p>\n<p style=\"text-align: justify;\">Si vous dites que vous avez fait l&rsquo;exp\u00e9rience de l&rsquo;absolu, vous \u00eates victime d&rsquo;un ph\u00e9nom\u00e8ne d&rsquo;autohypnose. Vous avez lu, soit dans les \u00e9crits v\u00e9diques, soit dans d&rsquo;autres \u00e9crits, qu&rsquo;il existe une r\u00e9alit\u00e9 absolue et d\u00e8s que ce mot est \u00e9voqu\u00e9, il est entour\u00e9 d&rsquo;un halo d&rsquo;associations mentales imaginaires tr\u00e8s souvent inconscientes qui se construit dans le champ de votre esprit.<\/p>\n<p style=\"text-align: justify;\"><em>Q. Dans la r\u00e9alisation de l&rsquo;exp\u00e9rience de l&rsquo;absolu, il n&rsquo;y a plus d&rsquo;images mentales, il n&rsquo;y a plus qu&rsquo;une lumi\u00e8re. L&rsquo;absolu est en dehors de la manifestation, il est la seul r\u00e9alit\u00e9.<\/em><\/p>\n<p style=\"text-align: justify;\">R. L. Ce que les mystiques thib\u00e9tains ou autres appellent la \u00ab vision de la Claire Lumi\u00e8re \u00bb est encore au niveau mental. Et m\u00eame la Claire Lumi\u00e8re n&rsquo;est pas immobile. Si nous la percevons avec un caract\u00e8re d&rsquo;immobilit\u00e9, c&rsquo;est uniquement par contraste avec nos agitations superficielles.<\/p>\n<p style=\"text-align: justify;\">C&rsquo;est cette perception de contraste qui induit beaucoup de chercheurs en erreur et tend \u00e0 leur donner une impression d&rsquo;immobilit\u00e9, ou de staticit\u00e9 du R\u00e9el. Lorsque nous approchons des couches les plus profondes de la conscience, nous abordons une r\u00e9gion extr\u00eamement sereine, paisible, et lorsqu&rsquo;il nous est possible de r\u00e9aliser un moment de silence mental r\u00e9el, cette paix se transforme en une joie extatique faite d&rsquo;amour r\u00e9el et de nuances qu&rsquo;aucun terme du langage humain ne peut exprimer ad\u00e9quatement.<\/p>\n<p style=\"text-align: justify;\">C&rsquo;est le silence mental et l&rsquo;immense paix des profondeurs qui, de prime abord, peuvent\u00a0 donner, par contraste avec nos agitations st\u00e9riles et superficielles, l&rsquo;impression d&rsquo;une immuabilit\u00e9 et d&rsquo;un absolu. Mais en fait, rien n&rsquo;est \u00ab absolu \u00bb au sens d&rsquo;immuabilit\u00e9. Au contraire.<\/p>\n<p style=\"text-align: justify;\">Dans le silence du mental, ou passivit\u00e9 du \u00ab moi \u00bb, se r\u00e9v\u00e8le une intensit\u00e9 prodigieuse, fulgurante, de CELA qui ne peut \u00eatre dit.<\/p>\n<p style=\"text-align: justify;\">C&rsquo;est la raison pour laquelle Krishnamurti, parlant de cette intensit\u00e9, parle de la \u00ab passion \u00bb. Ce terme ne doit pas \u00eatre \u00e9videmment compris dans le sens d&rsquo;une \u00ab passion \u00e9prouv\u00e9e par quelqu&rsquo;un pour quelque chose \u00bb, ce qui serait \u00e9minemment absurde, mais ici le terme \u00ab passion \u00bb employ\u00e9 par Krishnamurti devrait \u00eatre plut\u00f4t pris dans le sens \u00ab d&rsquo;intensit\u00e9 \u00bb, une intensit\u00e9 impersonnelle qui se situe au-del\u00e0 des consid\u00e9rations d&rsquo;objet et de sujet.<\/p>\n<p style=\"text-align: justify;\">L\u00e0 se situe l&rsquo;Action avec un grand A qui n&rsquo;a rien de commun avec nos actions personnelles qui ne sont que r\u00e9actions, qu&rsquo;agitations vaines et st\u00e9riles. L\u00e0 se situe le Travail avec un grand T, qui forme l&rsquo;origine ultime des \u00e9nergies cosmiques alimentant les innombrables niveaux des univers manifest\u00e9s et non-manifest\u00e9s.<\/p>\n<p style=\"text-align: justify;\"><em>Q. Mais l\u00e0 o\u00f9 il y a action et mouvement, vous \u00eates toujours dans un univers relatif, donc manifest\u00e9.<\/em><\/p>\n<p style=\"text-align: justify;\">R. L. Vous auriez raison s&rsquo;il n&rsquo;existait que les formes de mouvement et d&rsquo;action qui nous sont famili\u00e8res. Mais heureusement, il n&rsquo;y a pas que cela. Les mouvements qui nous sont familiers sont des mouvements relatifs, des mouvements lin\u00e9aires, des mouvements de translation s&rsquo;effectuant dans un univers \u00e0 quatre dimensions : ils impliquent les trois dimensions de l&rsquo;espace et une dimension de temps. Lors de ces mouvements, un mobile A se d\u00e9place selon une trajectoire lin\u00e9aire, droite ou incurv\u00e9e, d&rsquo;un point X \u00e0 un autre point Y. Cela, nous le connaissons tous.<\/p>\n<p style=\"text-align: justify;\">Il existe une toute autre esp\u00e8ce de mouvement : le mouvement non-lin\u00e9aire se r\u00e9alisant en totale ind\u00e9pendance des coordonn\u00e9es habituelles d&rsquo;espace et de temps. Ce mouvement est un mouvement de cr\u00e9ation. Rien, ou presque rien ne peut en \u00eatre dit. Il ne peut \u00eatre que v\u00e9cu, \u00e0 mon sens, dans le climat que nous pr\u00e9sente Krishnamurti, et \u2014 aussi paradoxal que cela puisse para\u00eetre \u2014 en ayant au pr\u00e9alable totalement oubli\u00e9 tout ce que Krishnamurti nous en a dit, ou tout ce qui aurait \u00e9t\u00e9 dit par autrui \u00e0 ce sujet, quelle que soit son autorit\u00e9 (et surtout s&rsquo;il fait autorit\u00e9).<\/p>\n<p style=\"text-align: justify;\">Dans le mouvement de cr\u00e9ation il n&rsquo;y a plus de temps, d&rsquo;espace, de causalit\u00e9, de d\u00e9terminisme, de continuit\u00e9, de dur\u00e9e. Je puis seulement vous dire ce qu&rsquo;il n&rsquo;est pas, et tout ceci me semble affreusement st\u00e9rile.<\/p>\n<p style=\"text-align: justify;\"><em>Q. Si vous le saviez vous pourriez me le dire.<\/em><\/p>\n<p style=\"text-align: justify;\">R. L. Non, heureusement, je ne le \u00ab sais pas \u00bb. Car une chose est certaine, cette R\u00e9alit\u00e9 (heureusement !) n&rsquo;est pas une \u00ab chose \u00bb que l&rsquo;on \u00ab sait \u00bb, comme nous savons g\u00e9n\u00e9ralement les choses. J&rsquo;aime beaucoup la prudence de Krishnamurti qui la d\u00e9signe comme \u00ab l&rsquo;Inconnu \u00bb, l&rsquo;Intemporel, l&rsquo;Insondable. J&rsquo;aime aussi l&rsquo;attitude d&rsquo;un Wei Wu Wei qui d\u00e9clare qu&rsquo;il vaudrait peut-\u00eatre mieux l&rsquo;appeler \u00ab non-R\u00e9alit\u00e9 \u00bb, car pour la plupart d&rsquo;entre-nous, le mot \u00ab R\u00e9alit\u00e9 \u00bb ne veut absolument rien dire. Il ne veut rien dire, car inconsciemment toutes nos valeurs de r\u00e9alit\u00e9s sont donn\u00e9es par des automatismes mentaux de notre esprit qui ont pris naissance au contact des perceptions sensorielles (notions de dur\u00e9e, notions de continuit\u00e9, de solidit\u00e9 qui n&rsquo;ont non seulement rien \u00e0 voir avec la R\u00e9alit\u00e9 mais qui en sont la n\u00e9gation). Ramakrishna lui-m\u00eame, que vous citez, disait un jour \u00ab m\u00e9fiez-vous de celui qui dit avoir vu Dieu \u00bb et Krishnamurti disait \u00e9galement \u00ab m\u00e9fiez-vous de celui qui dit qu&rsquo;il sait, car il ne sait pas \u00bb. Au moment de son illumination, Socrate disait \u00ab je sais que je ne sais rien \u00bb (par le mental).<\/p>\n<p style=\"text-align: justify;\">La R\u00e9alit\u00e9 \u00e9tant cr\u00e9ation perp\u00e9tuelle, elle est neuve \u00e0 chaque instant. Etant neuve \u00e0 chaque instant, elle ne peut \u00eatre connue.<\/p>\n<p style=\"text-align: justify;\">Celui qui \u00ab sait \u00bb et qui \u00ab d\u00e9crit \u00bb ou d\u00e9finit ne fait qu&rsquo;exprimer les r\u00e9sidus d&rsquo;un symbole qui s&rsquo;est fix\u00e9 dans son mental, ce mental qui n&rsquo;est lui-m\u00eame qu&rsquo;une accumulation de r\u00e9sidus, d&rsquo;informations ou de pseudo-r\u00e9v\u00e9lations sur lesquelles se construit souvent un personnage.<\/p>\n<p style=\"text-align: justify;\"><em>Q. Je sais que le \u00ab moi \u00bb et le monde sont des illusions. Seule existe la \u00ab Claire Lumi\u00e8re \u00bb de l&rsquo;Absolu.<\/em><\/p>\n<p style=\"text-align: justify;\">R. L. D&rsquo;abord, le \u00ab moi \u00bb et le monde ne sont pas absolument des illusions, mais nous avons \u2014 \u00e0 cause d&rsquo;un vice de fonctionnement mental \u2014 des notions illusoires, tant \u00e0 notre sujet qu&rsquo;au sujet du monde.<\/p>\n<p style=\"text-align: justify;\">Ensuite, la vision de la Claire Lumi\u00e8re faite par de nombreux mystiques se situe au niveau ultime du mental.<\/p>\n<p style=\"text-align: justify;\">De m\u00eame que la lumi\u00e8re physique provient d&rsquo;une rencontre des photons \u00e9manant du soleil avec la surface terrestre, de m\u00eame la lumi\u00e8re spirituelle dite souvent \u00ab Claire Lumi\u00e8re \u00bb r\u00e9sulte de l&rsquo;interf\u00e9rence se produisant entre le monde manifest\u00e9 et le monde non-manifest\u00e9 dans une zone tangentielle situ\u00e9e \u00e0 la \u00ab limite \u00bb des deux mondes.<\/p>\n<p style=\"text-align: justify;\">De m\u00eame qu&rsquo;en tr\u00e8s haute altitude physique, les rayons lumineux sont toujours l\u00e0, mais sans pr\u00e9sence de mati\u00e8re solide pour les refl\u00e9ter, il fait obscur; de m\u00eame aux niveaux profonds du r\u00e9el, il existe une zone appel\u00e9e par certains enseignements \u00ab la fulguration stable du plus que Lumi\u00e8re \u00bb. Nous voyons ici \u00e0 quel point les mots sont des pi\u00e8ges et combien il est ridicule de se perdre dans de telles consid\u00e9rations. Pour cette raison nous terminerons.<\/p>\n<p style=\"text-align: justify;\">La chose qui me semble essentielle pour vous est d&rsquo;abord de d\u00e9couvrir le mobile profond de votre recherche d&rsquo;absolu, de fixit\u00e9 et de permanence. Le fait que vous auriez tendance \u00e0 vous soustraire \u00e0 la magie qu&rsquo;exercent sur vous les formes du monde ext\u00e9rieur, le \u00ab Sams\u00e2ra \u00bb, et \u00e0 consid\u00e9rer exclusivement la valeur de l&rsquo;\u00e9tat de contemplation appel\u00e9 en Inde \u00ab Nirvikalpa Samadhi \u00bb est significatif. Si j&rsquo;acceptais, m\u00eame pour un instant, de parler votre propre langage, conditionn\u00e9 par les \u00e9crits indiens, j&rsquo;attirerais votre attention sur le fait suivant.<\/p>\n<p style=\"text-align: justify;\">Il y a trois \u00ab samadhis \u00bb, et non deux.<\/p>\n<p style=\"text-align: justify;\">Le premier, \u00ab savikalpa samadhi \u00bb, contemplation avec images, symboles, contemplation mineure au cours de laquelle le d\u00e9vot finit par \u00ab voir \u00bb les symboles sur lesquels il s&rsquo;\u00e9tait pr\u00e9alablement concentr\u00e9 avec toute sa ferveur. C&rsquo;est un \u00e9tat d&rsquo;autohypnose, tr\u00e8s fr\u00e9quent et connu dans toutes les religions.<\/p>\n<p style=\"text-align: justify;\">Ceux qui croient \u00ab voir \u00bb la Vierge ou le Bouddha ne voient \u00e9videmment ni la Vierge ni le Bouddha, mais assistent simplement \u00e0 la mat\u00e9rialisation des images qu&rsquo;ils se sont inconsciemment forg\u00e9es dans le champ de leur propre esprit.<\/p>\n<p style=\"text-align: justify;\">Le second samadhi : Nirvikalpa Samadhi, ou le mystique d\u00e9passant les identifications avec le corps, les images mentales arrivent \u00e0 la contemplation d&rsquo;une lumi\u00e8re essentielle d\u00e9passant la dualit\u00e9 du spectacle et du spectateur, du sujet et de l&rsquo;objet. L&rsquo;Univers entier est transfigur\u00e9 en une lumi\u00e8re (psychique et non-physique) p\u00e9n\u00e9trant toutes choses et formant la \u00ab substance \u00bb ultime des \u00eatres et des choses.<\/p>\n<p style=\"text-align: justify;\">Cette vision peut offrir un caract\u00e8re \u00e0 tel point prestigieux que le chercheur peut avoir tendance \u00e0 s&rsquo;y complaire et refuser l&rsquo;affrontement du monde concret et quotidien.<\/p>\n<p style=\"text-align: justify;\">Le troisi\u00e8me \u00ab samadhi \u00bb, qui est le \u00ab Sahaja Samadhi \u00bb, o\u00f9 enfin ayant explor\u00e9 la pure lumi\u00e8re des profondeurs, l&rsquo;homme revient \u00ab en surface \u00bb les yeux grands ouverts, voyant les \u00eatres et les choses \u00e0 la juste place qu&rsquo;ils occupent et comprenant enfin la signification des formes et des singularit\u00e9s. Pour ma part, je ne pense plus jamais \u00e0 ces choses qui font partie de scories et r\u00e9sidus d&rsquo;accumulations anciennes.<\/p>\n<p style=\"text-align: justify;\">Je d\u00e9sire surtout, en utilisant votre propre langage, vous montrer que l&rsquo;Eveil doit \u00eatre r\u00e9alis\u00e9, ici m\u00eame, dans ce monde physique concret par une attention de tous les instants et non par l&rsquo;acc\u00e8s souvent hypoth\u00e9tique et imagin\u00e9 d&rsquo;un monde spirituel.<\/p>\n<p style=\"text-align: justify;\">En mourant continuellement \u00e0 nous-m\u00eames, c&rsquo;est-\u00e0-dire dans le cas nous int\u00e9ressant ici, en mourant \u00e0 nos attachements, \u00e0 des id\u00e9es, \u00e0 des fixations de notre mental sur des notions d&rsquo;absolu, sur des valeurs dites \u00ab sacr\u00e9es \u00bb d&rsquo;enseignements traditionnels, nous pouvons d\u00e9couvrir CELA qui est au-del\u00e0 de nos cat\u00e9gories de \u00ab mobilit\u00e9 \u00bb ou \u00ab d&rsquo;immobilit\u00e9 \u00bb.<\/p>\n","protected":false},"excerpt":{"rendered":"<p>Krishnamurti parle du silence ou de l&rsquo;immobilit\u00e9 du mental. Mais c&rsquo;est pr\u00e9cis\u00e9ment pour permettre la manifestation d&rsquo;une R\u00e9alit\u00e9 intens\u00e9ment cr\u00e9atrice. Je rappelle ici la r\u00e9ponse qu&rsquo;avait donn\u00e9e Krishnamurti \u00e0 une question sur \u00ab l&rsquo;absolu \u00bb. \u00ab La v\u00e9rit\u00e9 \u00bb, demanda Krishnamurti \u00e0 son tour \u00ab est-elle quelque chose d&rsquo;absolu, de fixe&#8230;? Nous voudrions qu&rsquo;elle soit absolue afin de nous y abriter. Nous voudrions qu&rsquo;elle soit permanente pour que nous puissions  nous y accrocher, y trouver la f\u00e9licit\u00e9. Mais est-elle vraiment absolue, continue, de fa\u00e7on qu&rsquo;on puisse en faire l&rsquo;exp\u00e9rience&#8230; ? La v\u00e9rit\u00e9 est-elle une permanence, un exercice de ma m\u00e9moire ? Lorsque je me comprends, le calme se produit.<\/p>\n","protected":false},"author":1,"featured_media":0,"comment_status":"open","ping_status":"open","sticky":false,"template":"","format":"standard","meta":{"footnotes":""},"categories":[66],"tags":[],"class_list":["post-151","post","type-post","status-publish","format-standard","hentry","category-r-linssen"],"yoast_head":"<!-- This site is optimized with the Yoast SEO plugin v27.0 - https:\/\/yoast.com\/product\/yoast-seo-wordpress\/ -->\n<title>l&#039;Absolu ? (Questions et R&eacute;ponses) par Robert Linssen - 3e mill\u00e9naire - Spiritualit\u00e9 - Connaissance de soi - Non-dualit\u00e9 - M\u00e9ditation<\/title>\n<meta name=\"robots\" content=\"index, follow, max-snippet:-1, max-image-preview:large, max-video-preview:-1\" \/>\n<link rel=\"canonical\" href=\"https:\/\/www.revue3emillenaire.com\/blog\/labsolu-questions-et-rponses-par-robert-linssen\/\" \/>\n<meta property=\"og:locale\" content=\"fr_FR\" \/>\n<meta property=\"og:type\" content=\"article\" \/>\n<meta property=\"og:title\" content=\"l&#039;Absolu ? (Questions et R&eacute;ponses) par Robert Linssen - 3e mill\u00e9naire - Spiritualit\u00e9 - Connaissance de soi - Non-dualit\u00e9 - M\u00e9ditation\" \/>\n<meta property=\"og:description\" content=\"Krishnamurti parle du silence ou de l&#039;immobilit\u00e9 du mental. Mais c&#039;est pr\u00e9cis\u00e9ment pour permettre la manifestation d&#039;une R\u00e9alit\u00e9 intens\u00e9ment cr\u00e9atrice. Je rappelle ici la r\u00e9ponse qu&#039;avait donn\u00e9e Krishnamurti \u00e0 une question sur \u00ab l&#039;absolu \u00bb. \u00ab La v\u00e9rit\u00e9 \u00bb, demanda Krishnamurti \u00e0 son tour \u00ab est-elle quelque chose d&#039;absolu, de fixe...? Nous voudrions qu&#039;elle soit absolue afin de nous y abriter. Nous voudrions qu&#039;elle soit permanente pour que nous puissions nous y accrocher, y trouver la f\u00e9licit\u00e9. Mais est-elle vraiment absolue, continue, de fa\u00e7on qu&#039;on puisse en faire l&#039;exp\u00e9rience... ? La v\u00e9rit\u00e9 est-elle une permanence, un exercice de ma m\u00e9moire ? Lorsque je me comprends, le calme se produit.\" \/>\n<meta property=\"og:url\" content=\"https:\/\/www.revue3emillenaire.com\/blog\/labsolu-questions-et-rponses-par-robert-linssen\/\" \/>\n<meta property=\"og:site_name\" content=\"3e mill\u00e9naire - Spiritualit\u00e9 - Connaissance de soi - Non-dualit\u00e9 - M\u00e9ditation\" \/>\n<meta property=\"article:published_time\" content=\"2008-10-19T00:00:00+00:00\" \/>\n<meta property=\"article:modified_time\" content=\"2010-01-09T15:52:50+00:00\" \/>\n<meta name=\"author\" content=\"3e mill\u00e9naire\" \/>\n<meta name=\"twitter:card\" content=\"summary_large_image\" \/>\n<meta name=\"twitter:label1\" content=\"\u00c9crit par\" \/>\n\t<meta name=\"twitter:data1\" content=\"3e mill\u00e9naire\" \/>\n\t<meta name=\"twitter:label2\" content=\"Dur\u00e9e de lecture estim\u00e9e\" \/>\n\t<meta name=\"twitter:data2\" content=\"15 minutes\" \/>\n<script type=\"application\/ld+json\" class=\"yoast-schema-graph\">{\"@context\":\"https:\/\/schema.org\",\"@graph\":[{\"@type\":\"Article\",\"@id\":\"https:\/\/www.revue3emillenaire.com\/blog\/labsolu-questions-et-rponses-par-robert-linssen\/#article\",\"isPartOf\":{\"@id\":\"https:\/\/www.revue3emillenaire.com\/blog\/labsolu-questions-et-rponses-par-robert-linssen\/\"},\"author\":{\"name\":\"3e mill\u00e9naire\",\"@id\":\"https:\/\/www.revue3emillenaire.com\/blog\/#\/schema\/person\/9a3a7cc4ccaa707f402d4394327106d5\"},\"headline\":\"l&#39;Absolu ? (Questions et R&eacute;ponses) par Robert Linssen\",\"datePublished\":\"2008-10-19T00:00:00+00:00\",\"dateModified\":\"2010-01-09T15:52:50+00:00\",\"mainEntityOfPage\":{\"@id\":\"https:\/\/www.revue3emillenaire.com\/blog\/labsolu-questions-et-rponses-par-robert-linssen\/\"},\"wordCount\":2964,\"commentCount\":0,\"articleSection\":[\"Linssen Robert\"],\"inLanguage\":\"fr-FR\",\"potentialAction\":[{\"@type\":\"CommentAction\",\"name\":\"Comment\",\"target\":[\"https:\/\/www.revue3emillenaire.com\/blog\/labsolu-questions-et-rponses-par-robert-linssen\/#respond\"]}]},{\"@type\":\"WebPage\",\"@id\":\"https:\/\/www.revue3emillenaire.com\/blog\/labsolu-questions-et-rponses-par-robert-linssen\/\",\"url\":\"https:\/\/www.revue3emillenaire.com\/blog\/labsolu-questions-et-rponses-par-robert-linssen\/\",\"name\":\"l&#39;Absolu ? (Questions et R&eacute;ponses) par Robert Linssen - 3e mill\u00e9naire - Spiritualit\u00e9 - Connaissance de soi - Non-dualit\u00e9 - M\u00e9ditation\",\"isPartOf\":{\"@id\":\"https:\/\/www.revue3emillenaire.com\/blog\/#website\"},\"datePublished\":\"2008-10-19T00:00:00+00:00\",\"dateModified\":\"2010-01-09T15:52:50+00:00\",\"author\":{\"@id\":\"https:\/\/www.revue3emillenaire.com\/blog\/#\/schema\/person\/9a3a7cc4ccaa707f402d4394327106d5\"},\"breadcrumb\":{\"@id\":\"https:\/\/www.revue3emillenaire.com\/blog\/labsolu-questions-et-rponses-par-robert-linssen\/#breadcrumb\"},\"inLanguage\":\"fr-FR\",\"potentialAction\":[{\"@type\":\"ReadAction\",\"target\":[\"https:\/\/www.revue3emillenaire.com\/blog\/labsolu-questions-et-rponses-par-robert-linssen\/\"]}]},{\"@type\":\"BreadcrumbList\",\"@id\":\"https:\/\/www.revue3emillenaire.com\/blog\/labsolu-questions-et-rponses-par-robert-linssen\/#breadcrumb\",\"itemListElement\":[{\"@type\":\"ListItem\",\"position\":1,\"name\":\"Accueil\",\"item\":\"https:\/\/www.revue3emillenaire.com\/blog\/\"},{\"@type\":\"ListItem\",\"position\":2,\"name\":\"l&#39;Absolu ? (Questions et R&eacute;ponses) par Robert Linssen\"}]},{\"@type\":\"WebSite\",\"@id\":\"https:\/\/www.revue3emillenaire.com\/blog\/#website\",\"url\":\"https:\/\/www.revue3emillenaire.com\/blog\/\",\"name\":\"3e mill\u00e9naire - Spiritualit\u00e9 - Connaissance de soi - Non-dualit\u00e9 - M\u00e9ditation\",\"description\":\"L&#039;Homme en devenir\",\"potentialAction\":[{\"@type\":\"SearchAction\",\"target\":{\"@type\":\"EntryPoint\",\"urlTemplate\":\"https:\/\/www.revue3emillenaire.com\/blog\/?s={search_term_string}\"},\"query-input\":{\"@type\":\"PropertyValueSpecification\",\"valueRequired\":true,\"valueName\":\"search_term_string\"}}],\"inLanguage\":\"fr-FR\"},{\"@type\":\"Person\",\"@id\":\"https:\/\/www.revue3emillenaire.com\/blog\/#\/schema\/person\/9a3a7cc4ccaa707f402d4394327106d5\",\"name\":\"3e mill\u00e9naire\",\"url\":\"https:\/\/www.revue3emillenaire.com\/blog\/author\/admin\/\"}]}<\/script>\n<!-- \/ Yoast SEO plugin. -->","yoast_head_json":{"title":"l&#39;Absolu ? (Questions et R&eacute;ponses) par Robert Linssen - 3e mill\u00e9naire - Spiritualit\u00e9 - Connaissance de soi - Non-dualit\u00e9 - M\u00e9ditation","robots":{"index":"index","follow":"follow","max-snippet":"max-snippet:-1","max-image-preview":"max-image-preview:large","max-video-preview":"max-video-preview:-1"},"canonical":"https:\/\/www.revue3emillenaire.com\/blog\/labsolu-questions-et-rponses-par-robert-linssen\/","og_locale":"fr_FR","og_type":"article","og_title":"l&#39;Absolu ? (Questions et R&eacute;ponses) par Robert Linssen - 3e mill\u00e9naire - Spiritualit\u00e9 - Connaissance de soi - Non-dualit\u00e9 - M\u00e9ditation","og_description":"Krishnamurti parle du silence ou de l'immobilit\u00e9 du mental. Mais c'est pr\u00e9cis\u00e9ment pour permettre la manifestation d'une R\u00e9alit\u00e9 intens\u00e9ment cr\u00e9atrice. Je rappelle ici la r\u00e9ponse qu'avait donn\u00e9e Krishnamurti \u00e0 une question sur \u00ab l'absolu \u00bb. \u00ab La v\u00e9rit\u00e9 \u00bb, demanda Krishnamurti \u00e0 son tour \u00ab est-elle quelque chose d'absolu, de fixe...? Nous voudrions qu'elle soit absolue afin de nous y abriter. Nous voudrions qu'elle soit permanente pour que nous puissions nous y accrocher, y trouver la f\u00e9licit\u00e9. Mais est-elle vraiment absolue, continue, de fa\u00e7on qu'on puisse en faire l'exp\u00e9rience... ? La v\u00e9rit\u00e9 est-elle une permanence, un exercice de ma m\u00e9moire ? Lorsque je me comprends, le calme se produit.","og_url":"https:\/\/www.revue3emillenaire.com\/blog\/labsolu-questions-et-rponses-par-robert-linssen\/","og_site_name":"3e mill\u00e9naire - Spiritualit\u00e9 - Connaissance de soi - Non-dualit\u00e9 - M\u00e9ditation","article_published_time":"2008-10-19T00:00:00+00:00","article_modified_time":"2010-01-09T15:52:50+00:00","author":"3e mill\u00e9naire","twitter_card":"summary_large_image","twitter_misc":{"\u00c9crit par":"3e mill\u00e9naire","Dur\u00e9e de lecture estim\u00e9e":"15 minutes"},"schema":{"@context":"https:\/\/schema.org","@graph":[{"@type":"Article","@id":"https:\/\/www.revue3emillenaire.com\/blog\/labsolu-questions-et-rponses-par-robert-linssen\/#article","isPartOf":{"@id":"https:\/\/www.revue3emillenaire.com\/blog\/labsolu-questions-et-rponses-par-robert-linssen\/"},"author":{"name":"3e mill\u00e9naire","@id":"https:\/\/www.revue3emillenaire.com\/blog\/#\/schema\/person\/9a3a7cc4ccaa707f402d4394327106d5"},"headline":"l&#39;Absolu ? (Questions et R&eacute;ponses) par Robert Linssen","datePublished":"2008-10-19T00:00:00+00:00","dateModified":"2010-01-09T15:52:50+00:00","mainEntityOfPage":{"@id":"https:\/\/www.revue3emillenaire.com\/blog\/labsolu-questions-et-rponses-par-robert-linssen\/"},"wordCount":2964,"commentCount":0,"articleSection":["Linssen Robert"],"inLanguage":"fr-FR","potentialAction":[{"@type":"CommentAction","name":"Comment","target":["https:\/\/www.revue3emillenaire.com\/blog\/labsolu-questions-et-rponses-par-robert-linssen\/#respond"]}]},{"@type":"WebPage","@id":"https:\/\/www.revue3emillenaire.com\/blog\/labsolu-questions-et-rponses-par-robert-linssen\/","url":"https:\/\/www.revue3emillenaire.com\/blog\/labsolu-questions-et-rponses-par-robert-linssen\/","name":"l&#39;Absolu ? (Questions et R&eacute;ponses) par Robert Linssen - 3e mill\u00e9naire - Spiritualit\u00e9 - Connaissance de soi - Non-dualit\u00e9 - M\u00e9ditation","isPartOf":{"@id":"https:\/\/www.revue3emillenaire.com\/blog\/#website"},"datePublished":"2008-10-19T00:00:00+00:00","dateModified":"2010-01-09T15:52:50+00:00","author":{"@id":"https:\/\/www.revue3emillenaire.com\/blog\/#\/schema\/person\/9a3a7cc4ccaa707f402d4394327106d5"},"breadcrumb":{"@id":"https:\/\/www.revue3emillenaire.com\/blog\/labsolu-questions-et-rponses-par-robert-linssen\/#breadcrumb"},"inLanguage":"fr-FR","potentialAction":[{"@type":"ReadAction","target":["https:\/\/www.revue3emillenaire.com\/blog\/labsolu-questions-et-rponses-par-robert-linssen\/"]}]},{"@type":"BreadcrumbList","@id":"https:\/\/www.revue3emillenaire.com\/blog\/labsolu-questions-et-rponses-par-robert-linssen\/#breadcrumb","itemListElement":[{"@type":"ListItem","position":1,"name":"Accueil","item":"https:\/\/www.revue3emillenaire.com\/blog\/"},{"@type":"ListItem","position":2,"name":"l&#39;Absolu ? (Questions et R&eacute;ponses) par Robert Linssen"}]},{"@type":"WebSite","@id":"https:\/\/www.revue3emillenaire.com\/blog\/#website","url":"https:\/\/www.revue3emillenaire.com\/blog\/","name":"3e mill\u00e9naire - Spiritualit\u00e9 - Connaissance de soi - Non-dualit\u00e9 - M\u00e9ditation","description":"L&#039;Homme en devenir","potentialAction":[{"@type":"SearchAction","target":{"@type":"EntryPoint","urlTemplate":"https:\/\/www.revue3emillenaire.com\/blog\/?s={search_term_string}"},"query-input":{"@type":"PropertyValueSpecification","valueRequired":true,"valueName":"search_term_string"}}],"inLanguage":"fr-FR"},{"@type":"Person","@id":"https:\/\/www.revue3emillenaire.com\/blog\/#\/schema\/person\/9a3a7cc4ccaa707f402d4394327106d5","name":"3e mill\u00e9naire","url":"https:\/\/www.revue3emillenaire.com\/blog\/author\/admin\/"}]}},"_links":{"self":[{"href":"https:\/\/www.revue3emillenaire.com\/blog\/wp-json\/wp\/v2\/posts\/151","targetHints":{"allow":["GET"]}}],"collection":[{"href":"https:\/\/www.revue3emillenaire.com\/blog\/wp-json\/wp\/v2\/posts"}],"about":[{"href":"https:\/\/www.revue3emillenaire.com\/blog\/wp-json\/wp\/v2\/types\/post"}],"author":[{"embeddable":true,"href":"https:\/\/www.revue3emillenaire.com\/blog\/wp-json\/wp\/v2\/users\/1"}],"replies":[{"embeddable":true,"href":"https:\/\/www.revue3emillenaire.com\/blog\/wp-json\/wp\/v2\/comments?post=151"}],"version-history":[{"count":0,"href":"https:\/\/www.revue3emillenaire.com\/blog\/wp-json\/wp\/v2\/posts\/151\/revisions"}],"wp:attachment":[{"href":"https:\/\/www.revue3emillenaire.com\/blog\/wp-json\/wp\/v2\/media?parent=151"}],"wp:term":[{"taxonomy":"category","embeddable":true,"href":"https:\/\/www.revue3emillenaire.com\/blog\/wp-json\/wp\/v2\/categories?post=151"},{"taxonomy":"post_tag","embeddable":true,"href":"https:\/\/www.revue3emillenaire.com\/blog\/wp-json\/wp\/v2\/tags?post=151"}],"curies":[{"name":"wp","href":"https:\/\/api.w.org\/{rel}","templated":true}]}}