{"id":15513,"date":"2014-03-08T17:42:13","date_gmt":"2014-03-08T16:42:13","guid":{"rendered":"http:\/\/www.revue3emillenaire.com\/blog\/?p=15513"},"modified":"2014-03-08T17:42:13","modified_gmt":"2014-03-08T16:42:13","slug":"le-champ-unitaire-causal-entretien-emile-pinel-et-christine-hardy","status":"publish","type":"post","link":"https:\/\/www.revue3emillenaire.com\/blog\/le-champ-unitaire-causal-entretien-emile-pinel-et-christine-hardy\/","title":{"rendered":"Le champ unitaire causal, entretien \u00c9mile Pinel et Christine Hardy"},"content":{"rendered":"<p style=\"text-align: justify;\"><em><strong>L\u2019\u0153uvre d&rsquo;\u00c9mile Pinel (1906-1985) (math\u00e9maticien, biologiste et th\u00e9rapeute) est tr\u00e8s peu connu, probablement pour deux raisons principales. Premi\u00e8rement l&rsquo;utilisation tr\u00e8s pouss\u00e9e des math\u00e9matiques et de la physique et deuxi\u00e8mement les r\u00e9sultats obtenus qui vont \u00e0 l&rsquo;encontre des conceptions actuelles sur la vie et la mort. La regrett\u00e9e <a href=\"http:\/\/www.arsitra.org\/\" target=\"_blank\">Jacqueline Bousquet<\/a>\u00a0 a r\u00e9uni sur son site quelques articles sur les travaux de Pinel (<a href=\"http:\/\/www.arsitra.org\/yacs\/categories\/view.php?id=312&amp;action=emile-pinel\" target=\"_blank\">Lire articles ici<\/a>).<\/strong><\/em><\/p>\n<p style=\"text-align: justify;\">(Extrait de <em>La science devant l&rsquo;inconnu<\/em> par Christine Hardy. \u00c9dition Rocher 1983. Copyright Christine Hardy)<\/p>\n<p style=\"text-align: justify;\">Ancien Collaborateur Scientifique des services Techniques du Minist\u00e8re de l&rsquo;Air. Dipl\u00f4m\u00e9 d&rsquo;\u00c9tudes Sup\u00e9rieures de Math\u00e9matiques ; Docteur \u00e8s Sciences Math\u00e9matique (G.-B.) ; Docteur en M\u00e9decine Physique (U.S.A.) ; Directeur d&rsquo;\u00c9tudes \u00e0 l&rsquo;Universit\u00e9 de Paris.<\/p>\n<p style=\"text-align: justify;\"><strong>C. H. \u2014 Comment en \u00eates-vous venu dans vos travaux \u00e0 faire des relations avec la parapsychologie ?<\/strong><\/p>\n<p style=\"text-align: justify;\">E. P. \u2014 Toutes ces recherches proviennent de tr\u00e8s loin. Car, bien s\u00fbr, il ne s&rsquo;agissait pas de psychologie ou de parapsychologie quand j&rsquo;ai commenc\u00e9 mes travaux.<\/p>\n<p style=\"text-align: justify;\">Tout a d\u00e9but\u00e9 \u00e0 l&rsquo;h\u00f4pital Necker \u00e0 Paris, o\u00f9 ma s\u0153ur \u00e9tait externe au service du professeur Leguen, et dans ce service d&rsquo;urologie, se posaient des probl\u00e8mes que j&rsquo;ai pens\u00e9 r\u00e9soudre par les math\u00e9matiques. J&rsquo;ai donc \u00e9t\u00e9 amen\u00e9 \u00e0 \u00e9tudier la biologie de tr\u00e8s pr\u00e8s et, finalement, j&rsquo;ai \u00e9t\u00e9 \u00e0 m\u00eame d&rsquo;entrer dans la biologie et d&rsquo;y appliquer les math\u00e9matiques.<\/p>\n<p style=\"text-align: justify;\">Cela m&rsquo;a conduit \u00e0 mettre en \u00e9vidence les processus particuliers par lesquels la mati\u00e8re vivante (la cellule) r\u00e9alise les ph\u00e9nom\u00e8nes qui sont les g\u00e9n\u00e9ralisations des processus par lesquels la mati\u00e8re ordinaire (atomes) elle aussi r\u00e9alise ces ph\u00e9nom\u00e8nes ; et j&rsquo;ai eu la chance de trouver la correspondance entre les deux.<\/p>\n<p style=\"text-align: justify;\">Dans la cellule vivante, il y a deux domaines : celui du noyau et celui du cytoplasme, le noyau se promenant dans le cytoplasme et le d\u00e9formant en m\u00eame temps.<\/p>\n<p style=\"text-align: justify;\">Par cons\u00e9quent, m&rsquo;attaquant \u00e0 la cellule vivante, je me suis trouv\u00e9 devant un probl\u00e8me tr\u00e8s particulier (au point de vue math\u00e9matique), \u00e0 savoir que l&rsquo;on a l&rsquo;habitude de fixer la position de quelque chose par rapport \u00e0 trois dimensions (hauteur, largeur, profondeur). Or je ne pouvais pas trouver des axes fixes, puisque le noyau bouge tout le temps et que le cytoplasme, lui aussi, se d\u00e9forme. J&rsquo;ai donc \u00e9t\u00e9 amen\u00e9 \u00e0 investiguer en math\u00e9matiques un domaine dans lequel les ph\u00e9nom\u00e8nes se pr\u00e9sentent dans des espaces mouvants, et c&rsquo;est ce calcul, qu&rsquo;on appelle calcul tensoriel, que j&rsquo;ai utilis\u00e9, celui dont Einstein s&rsquo;\u00e9tait servi pour faire sa relativit\u00e9 physique.<\/p>\n<p style=\"text-align: justify;\"><strong>C. H. \u2014 Qu&rsquo;est-ce que le calcul tensoriel ?<\/strong><\/p>\n<p style=\"text-align: justify;\">E. P. \u2014 Le calcul tensoriel, au lieu de prendre trois axes fixes, consid\u00e8re des axes en mouvement qui rendent ainsi parfaitement compte de la mobilit\u00e9 permanente du noyau cellulaire dans le cytoplasme.<\/p>\n<p style=\"text-align: justify;\">Tout ph\u00e9nom\u00e8ne vivant r\u00e9sulte de deux facteurs fondamentaux : 1) Une p\u00e9riode d&rsquo;incubation dans laquelle tous les ph\u00e9nom\u00e8nes partiels qui vont constituer le ph\u00e9nom\u00e8ne global sont construits ; et, 2) Une phase biologique dans laquelle l&rsquo;arriv\u00e9e des ph\u00e9nom\u00e8nes se pr\u00e9sente. Or, dans la mati\u00e8re vivante, on constate une diff\u00e9rence tr\u00e8s nette avec la mati\u00e8re ordinaire ; dans la mati\u00e8re ordinaire on n&rsquo;obtient que des probabilit\u00e9s car les syst\u00e8mes atomiques sont tr\u00e8s variables et probables, tandis que dans la mati\u00e8re vivante c&rsquo;est la r\u00e9gulation, intervenant dans l&rsquo;arriv\u00e9e des ph\u00e9nom\u00e8nes partiels, qui impose la loi.<\/p>\n<p style=\"text-align: justify;\">Alors, parti de l\u00e0, je suis arriv\u00e9 \u00e0 mettre en \u00e9vidence des \u00e9quations, des lois, et diff\u00e9rentes propri\u00e9t\u00e9s qui m&rsquo;ont conduit : 1) A la r\u00e9gulation cellulaire, c&rsquo;est-\u00e0-dire aux causes rythm\u00e9es, aux rythmes biologiques et, 2) A une nouvelle d\u00e9finition des notions d&rsquo;observation et de loi en biologie.<\/p>\n<p style=\"text-align: justify;\"><strong>C. H. \u2014 Que sont ces causes rythm\u00e9es ?<\/strong><\/p>\n<p style=\"text-align: justify;\">E. P. \u2014 La cause rythm\u00e9e est une cause qui n&rsquo;est plus statistique ; \u00e9tant li\u00e9e \u00e0 un rythme, automatiquement elle n&rsquo;est plus rigide.<\/p>\n<p style=\"text-align: justify;\"><strong>C. H. \u2014 Alors, pourquoi est-elle li\u00e9e \u00e0 un rythme ? s&rsquo;agit-il de ph\u00e9nom\u00e8nes cycliques ?<\/strong><\/p>\n<p style=\"text-align: justify;\">E. P. \u2014 Mes travaux m&rsquo;ont conduit d&rsquo;abord \u00e0 ces causes, puis \u00e0 la r\u00e9gulation cellulaire, en 45, puis \u00e0 l&rsquo;immunologie, en 53, puis \u00e0 la relativit\u00e9 restreinte et g\u00e9n\u00e9rale. J&rsquo;ai d&rsquo;ailleurs publi\u00e9 un livre sur la Relativit\u00e9 restreinte et g\u00e9n\u00e9rale en biologie.<\/p>\n<p style=\"text-align: justify;\">De m\u00eame qu&rsquo;Einstein a d\u00fb remanier les notions d&rsquo;observation et de lois en physique, il m&rsquo;a fallu modifier les notions d&rsquo;observation et de lois en biologie.<\/p>\n<p style=\"text-align: justify;\">Einstein lui-m\u00eame, que j&rsquo;ai tr\u00e8s bien connu, pensait que la relativit\u00e9 physique devait rendre de grands services en biologie mais il me disait : \u00ab Je ne peux pas entrer dans la biologie parce que je n&rsquo;ai pas de formules de mesure\u00a0\u00bb.<\/p>\n<p style=\"text-align: justify;\"><strong>C. H. \u2014 Comment peut-on d\u00e9finir plus exactement ces causes rythm\u00e9es ?<\/strong><\/p>\n<p style=\"text-align: justify;\">E. P. \u2014 Dans la relativit\u00e9 biologique restreinte, le temps biologique est fonction du potentiel du champ de gravitation, alors&#8230;<\/p>\n<p style=\"text-align: justify;\"><strong>C. H. \u2014 Tout \u00e0 fait. Le temps est compl\u00e8tement reli\u00e9 aux \u00e9nergies de gravitation dans un espace-temps d\u00e9fini, par exemple un syst\u00e8me plan\u00e9taire.<\/strong><\/p>\n<p style=\"text-align: justify;\">E. P. \u2014 Et donc il est soumis aux rythmes de l&rsquo;univers.<\/p>\n<p style=\"text-align: justify;\"><strong>C. H. \u2014 C&rsquo;est s\u00fbr : aux rythmes cycliques provenant du d\u00e9placement d&rsquo;une plan\u00e8te dans l&rsquo;espace.<\/strong><\/p>\n<p style=\"text-align: justify;\">E. P. \u2014 Eh bien vous avez l&rsquo;explication du fait que ces causes soient rythm\u00e9es. Ce qui montre que ces rythmes circadiens, c&rsquo;est-\u00e0-dire ces rythmes de l&rsquo;univers, s&rsquo;incorporent \u00e0 la biologie, les rythmes circadiens \u00e9taient les rythmes normaux pour une cellule normale.<\/p>\n<p style=\"text-align: justify;\"><strong>C. H. \u2014 Un mouvement rotatoire cyclique ?<\/strong><\/p>\n<p style=\"text-align: justify;\">E. P. \u2014 Non pas rotatoire, mais de rotation. Rotatoire impliquerait un cercle, or il s&rsquo;agit d&rsquo;une ellipse. Mais la v\u00e9ritable gravitation, ce n&rsquo;est pas seulement l&rsquo;ellipse, c&rsquo;est l&rsquo;h\u00e9lico\u00efde d\u00e9crite par la terre, car il terre est entra\u00een\u00e9e par le soleil. Le mouvement sur l&rsquo;ellipse n&rsquo;est qu&rsquo;un mouvement relatif par rapport au mouvement g\u00e9n\u00e9ral qui est le mouvement en h\u00e9lico\u00efde, et justement le mouvement gravitationnel de la terre se retrouve dans l&rsquo;ADN.<\/p>\n<p style=\"text-align: justify;\"><strong>C. H. \u2014 Donc les causes rythm\u00e9es vous ont amen\u00e9 \u00e0 poser de nouvelles d\u00e9finitions des observations et des lois en biologie ?<\/strong><\/p>\n<p style=\"text-align: justify;\">E. P. \u2014 Comme je le disais, en biologie, vous avez la p\u00e9riode d&rsquo;incubation d&rsquo;un ph\u00e9nom\u00e8ne et la phase biologique dans laquelle se produit (sous l&rsquo;influence de la r\u00e9gulation) l&rsquo;arriv\u00e9e des \u00e9v\u00e9nements.<\/p>\n<p style=\"text-align: justify;\">La p\u00e9riode d&rsquo;incubation, c&rsquo;est la p\u00e9riode dans laquelle se pr\u00e9sentent les ph\u00e9nom\u00e8nes partiels qui vont construire la loi biologique ; l&rsquo;arriv\u00e9e de ces ph\u00e9nom\u00e8nes se fait dans la phase biologique et elle constitue alors la loi que nous pouvons \u00e9tudier dans cette phase. Mais la p\u00e9riode d&rsquo;incubation, nous n&rsquo;y assistons pas. Et c&rsquo;est l\u00e0 o\u00f9 j&rsquo;ai pu d\u00e9finir le temps biologique d&rsquo;une mani\u00e8re tr\u00e8s pr\u00e9cise, alors que beaucoup d&rsquo;autres s&rsquo;\u00e9taient lanc\u00e9s sur le temps biologique d&rsquo;une mani\u00e8re plus ou moins statistique.<\/p>\n<p style=\"text-align: justify;\">Quand j&rsquo;ai fait la relativit\u00e9 restreinte en biologie, j&rsquo;ai pu obtenir une formule de mesure par le fait m\u00eame que j&rsquo;avais admis ce qui est d\u00e9montr\u00e9 maintenant, c&rsquo;est-\u00e0-dire qu&rsquo;entre deux points quelconques d&rsquo;un tissu vivant existe une diff\u00e9rence de potentiel.<\/p>\n<p style=\"text-align: justify;\">Et c&rsquo;est cette diff\u00e9rence de potentiel qui m&rsquo;a permis, en \u00e9tudiant les mouvements dans le tr\u00e8s petit biologique, d&rsquo;\u00e9difier la formule de mesure en biologie ; cette formule de mesure est de m\u00eame forme que celle d&rsquo;Einstein en physique, mais, en plus, elle rend compte de l&rsquo;existence d&rsquo;un champ.<\/p>\n<p style=\"text-align: justify;\"><strong>C. H. \u2014 \u00c0 cause de cette diff\u00e9rence de potentiel ?<\/strong><\/p>\n<p style=\"text-align: justify;\">E. P. \u2014 Oui ; et ce champ est intracellulaire, je veux dire dans le noyau m\u00eame de la cellule et c&rsquo;est, je pense, le champ unitaire qui \u00e9tait recherch\u00e9 par Einstein. Ce champ, r\u00e9sultant d&rsquo;une loi magn\u00e9to-biologique d&rsquo;induction vitale, a diff\u00e9rentes propri\u00e9t\u00e9s.<\/p>\n<p style=\"text-align: justify;\">Alors il se produit ceci : nous sommes en pr\u00e9sence de ph\u00e9nom\u00e8nes qui r\u00e9sultent de lois physiques, c&rsquo;est maintenant reconnu.<\/p>\n<p style=\"text-align: justify;\"><strong>C. H. \u2014 Pouvez-vous pr\u00e9ciser votre pens\u00e9e ?<\/strong><\/p>\n<p style=\"text-align: justify;\">E. P. \u2014 En physique, un champ peut cr\u00e9er un courant en tournant, ou si vous voulez, une spire tournant dans un champ peut cr\u00e9er un courant, et cela cr\u00e9e des ph\u00e9nom\u00e8nes qui s&rsquo;appellent en physique des ph\u00e9nom\u00e8nes d&rsquo;induction \u00e9lectromagn\u00e9tique.<\/p>\n<p style=\"text-align: justify;\"><strong>C. H. \u2014 C&rsquo;est donc cela qui cr\u00e9e le champ \u00e9lectromagn\u00e9tique, et dans ce cas, on l&rsquo;\u00e9tend au niveau biologique ?<\/strong><\/p>\n<p style=\"text-align: justify;\">E. P. \u2014 Exactement.<\/p>\n<p style=\"text-align: justify;\"><strong>C. H. \u2014 Et d&rsquo;o\u00f9 viennent en biologie ces ph\u00e9nom\u00e8nes d&rsquo;induction ? Qu&rsquo;est-ce qui fait le mouvement ?<\/strong><\/p>\n<p style=\"text-align: justify;\">E. P. \u2014 Alors justement l&rsquo;\u00e9tude des mouvements dans le tr\u00e8s petit biologique (la cellule) m&rsquo;a conduit \u00e0 retrouver ces m\u00eames \u00e9quations au moyen de cette loi magn\u00e9to-biologique d&rsquo;induction vitale.<\/p>\n<p style=\"text-align: justify;\">En \u00e9tudiant les mouvements dans la cellule, je suis arriv\u00e9 \u00e0 des \u00e9quations math\u00e9matiques de ces mouvements. Or, si je prends des champs \u00e0 l&rsquo;int\u00e9rieur de la cellule, j&rsquo;arrive aux m\u00eames \u00e9quations et, cette fois-ci, en partant des lois physiques des champs.<\/p>\n<p style=\"text-align: justify;\"><strong>C. H. \u2014 Donc, d&rsquo;une part, vous avez fait des \u00e9quations math\u00e9matiques des mouvements dans le tr\u00e8s petit biologique et, d&rsquo;autre part, quand vous avez pris les \u00e9quations de la physique&#8230;<\/strong><\/p>\n<p style=\"text-align: justify;\">E. P. \u2014 Quand j&rsquo;ai fait des \u00e9quations \u00e0 partir des lois physiques&#8230;<\/p>\n<p style=\"text-align: justify;\"><strong>C. H. \u2014 Oui&#8230; quand vous les avez faites, vous \u00eates retomb\u00e9 sur les m\u00eames \u00e9quations ?<\/strong><\/p>\n<p style=\"text-align: justify;\">E. P. \u2014 C&rsquo;est cela. Et de l\u00e0 naissait la loi magn\u00e9to-biologique d&rsquo;induction vitale.<\/p>\n<p style=\"text-align: justify;\"><strong>C. H. \u2014 De ces \u00e9quations m\u00eames ?<\/strong><\/p>\n<p style=\"text-align: justify;\">E. P. \u2014 Voil\u00e0 ; la mani\u00e8re m\u00eame dont ces \u00e9quations se sont construites mettait en \u00e9vidence une loi magn\u00e9to-biologique d&rsquo;induction vitale qui m&rsquo;a donn\u00e9 trois composantes d&rsquo;un champ r\u00e9sultant, dans le noyau de la cellule.<\/p>\n<p style=\"text-align: justify;\"><strong>C. H. \u2014 Et quelles sont les trois composantes ? <\/strong><\/p>\n<p style=\"text-align: justify;\">E. P. <strong>\u2014 <\/strong>L&rsquo;une est un champ magn\u00e9tique, cela est facile \u00e0 comprendre.<\/p>\n<p style=\"text-align: justify;\">La deuxi\u00e8me est un champ qui, dans les \u00e9quations, est pr\u00e9c\u00e9d\u00e9 d&rsquo;un symbole imaginaire (appel\u00e9 symbole imaginaire de Cauchy) qui pr\u00e9sente dans ces conditions des propri\u00e9t\u00e9s semi mat\u00e9rielles.<\/p>\n<p style=\"text-align: justify;\"><strong>C. H. \u2014 Ah ! tr\u00e8s int\u00e9ressant ! Et c&rsquo;est \u00e0 cause de ces propri\u00e9t\u00e9s semi-mat\u00e9rielles que vous \u00eates oblig\u00e9 d&rsquo;utiliser un symbole imaginaire, parce qu&rsquo;il y a une inconnue ?<\/strong><\/p>\n<p style=\"text-align: justify;\">E. P. \u2014 Non, non. Il se trouve \u00e0 l&rsquo;int\u00e9rieur m\u00eame des \u00e9quations. Je les ai trouv\u00e9es comme cela, il a fallu introduire ce symbole imaginaire.<\/p>\n<p style=\"text-align: justify;\"><strong>C. H. \u2014 Pour rendre compte d&rsquo;une inconnue ?<\/strong><\/p>\n<p style=\"text-align: justify;\">E. P. \u2014 M\u00eame pas pour rendre compte. Automatiquement il s&rsquo;y est introduit. Vous comprenez, je n&rsquo;ai jamais fait d&rsquo;introduction volontaire. Ce symbole, ce sont les propri\u00e9t\u00e9s m\u00eames qui me l&rsquo;ont amen\u00e9.<\/p>\n<p style=\"text-align: justify;\"><strong>C. H. \u2014 Oui, d&rsquo;accord. Et qu&rsquo;appelez-vous les propri\u00e9t\u00e9s semi-mat\u00e9rielles ?<\/strong><\/p>\n<p style=\"text-align: justify;\">E. P. \u2014 Puisque ce champ est pr\u00e9c\u00e9d\u00e9 du symbole imaginaire de Cauchy (ce qui est connu en math\u00e9matiques, c&rsquo;est la th\u00e9orie des imaginaires) ce champ ne peut pas avoir une existence absolument r\u00e9elle. Il y a quelque chose qui lui \u00e9chappe.<\/p>\n<p style=\"text-align: justify;\"><strong>C. H. \u2014 Arrive-t-on \u00e0 ce moment-l\u00e0 \u00e0 d\u00e9terminer cette chose ?<\/strong><\/p>\n<p style=\"text-align: justify;\">E. P. \u2014 Nous allons y arriver.<\/p>\n<p style=\"text-align: justify;\"><strong>C. H. \u2014 Et quelle \u00e9tait la troisi\u00e8me composante ?<\/strong><\/p>\n<p style=\"text-align: justify;\">E. P. \u2014 La troisi\u00e8me composante est un champ de transmission qui am\u00e8ne les ordres du deuxi\u00e8me champ (pr\u00e9c\u00e9d\u00e9 du symbole imaginaire) au champ ex\u00e9cutant, qui est le premier champ magn\u00e9tique.<\/p>\n<p style=\"text-align: justify;\">Il faut donc se dire, \u00e0 ce moment-l\u00e0, \u00ab qu&rsquo;est-ce que c&rsquo;est que ce champ pr\u00e9c\u00e9d\u00e9 du symbole imaginaire ? \u00bb<\/p>\n<p style=\"text-align: justify;\"><strong>C. H. \u2014 Oui, d&rsquo;autant plus que ce champ pr\u00e9c\u00e9d\u00e9 du symbole imaginaire est le champ causal, en fait&#8230;<\/strong><\/p>\n<p style=\"text-align: justify;\">E. P. \u2014 Oui un champ causal, exactement.<\/p>\n<p style=\"text-align: justify;\"><strong>C. H. \u2014 C&rsquo;est \u00e7a qui est int\u00e9ressant, parce que l\u00e0 o\u00f9 on a cette dimension psychique, on retrouve justement une \u00e9vidence de causalit\u00e9.<\/strong><\/p>\n<p style=\"text-align: justify;\">E. P. <strong>\u2014 <\/strong>Vous y \u00eates ! mais il faut y arriver ! Pour le moment nous sommes dans le vague. Il existe donc un champ de base qui contient toute la programmation intranucl\u00e9aire, et, en observant ce qui se passe autour de nous, quel est le m\u00e9decin qui n&rsquo;a pas dit \u00e0 son malade : \u00ab Ayez bon moral, c&rsquo;est absolument n\u00e9cessaire \u00bb.<\/p>\n<p style=\"text-align: justify;\"><strong>C. H. \u2014 Bien s\u00fbr !<\/strong><\/p>\n<p style=\"text-align: justify;\">E. P. <strong>\u2014 <\/strong>Allons plus loin, car c&rsquo;est d\u00e9j\u00e0 bien, mais ce n&rsquo;est pas suffisant. \u00c0 l&rsquo;universit\u00e9 de Moscou, Boris Presman a mis en \u00e9vidence l&rsquo;influence des chocs psychologiques sur le comportement biologique.<\/p>\n<p style=\"text-align: justify;\"><strong>C. H. \u2014 C&rsquo;est un domaine maintenant prouv\u00e9.<\/strong><\/p>\n<p style=\"text-align: justify;\">E. P. <strong>\u2014 <\/strong>Et Elmergreen, aux U.S.A., est arriv\u00e9 aux m\u00eames conclusions que les Russes.<\/p>\n<p style=\"text-align: justify;\">Nous avons donc un premier champ, qui est un champ ex\u00e9cutant de nature physique. Appelons-le h<sup>1<\/sup>. Le deuxi\u00e8me champ est psychologique, appelons-le h<sup>2<\/sup>. Il existe un troisi\u00e8me champ, h<sup>3<\/sup>, de transmission, qui est en contact par rotation avec les deux autres champs et est de nature physico-psycho-biologique.<\/p>\n<p style=\"text-align: justify;\">Et le champ H, qui est aussi physico-psycho-biologique, est ce champ unitaire. Deux cas principaux sont \u00e0 consid\u00e9rer :<\/p>\n<p style=\"text-align: justify;\">a) Ce champ H donne les formes de la mol\u00e9cule g\u00e9ante d&rsquo;ADN, et c&rsquo;est important, c&rsquo;est une preuve de son existence puisqu&rsquo;on retrouve les formes de l&rsquo;ADN.<\/p>\n<p style=\"text-align: justify;\"><strong>C. H. \u2014 Vous voulez dire que les formes math\u00e9matiques qui r\u00e9sultent des \u00e9quations des mouvements sont les m\u00eames que les formes physiques ? Donc vous retrouvez les formes en h\u00e9lice de l&rsquo;ADN ?<\/strong><\/p>\n<p style=\"text-align: justify;\">E. P. <strong>\u2014 <\/strong>C&rsquo;est cela, double h\u00e9lice. Cela est d\u00e9montr\u00e9 biologiquement ; alors, je vais vous dire, on a pens\u00e9 d&rsquo;abord \u00ab Pinel est fou \u00bb, parce que j&rsquo;ai dit que l&rsquo;ADN avait plusieurs formes.<\/p>\n<p style=\"text-align: justify;\"><strong>C. H. \u2014 De toute fa\u00e7on, le premier stade de la cons\u00e9cration, c&rsquo;est toujours de passer pour un fou\u00a0!<\/strong><\/p>\n<p style=\"text-align: justify;\">E. P. <strong>\u2014 <\/strong>Oui ; on a donc dit Pinel est fou, il n&rsquo;y a qu&rsquo;une forme, c&rsquo;est la double h\u00e9lice ; or, ce n&rsquo;est pas vrai ; il y a plusieurs formes qui, elles, sont dans le champ H.<\/p>\n<p style=\"text-align: justify;\"><strong>C. H. \u2014 Quelles sont ces formes ?<\/strong><\/p>\n<p style=\"text-align: justify;\">E. P. <strong>\u2014 <\/strong>Depuis la forme plane jusqu&rsquo;\u00e0 la forme dans l&rsquo;espace de la double h\u00e9lice. Donc, vous voyez, toutes les formes interm\u00e9diaires ; mais on prend comme forme de base la double h\u00e9lice.<\/p>\n<p style=\"text-align: justify;\">Et deuxi\u00e8me cas, b) si on donne \u00e0 ce champ-l\u00e0 une variation infiniment petite, les calculs (ils sont compliqu\u00e9s) montrent que cette variation engendre une onde ; et on retrouve le premier symbole existant dans l&rsquo;\u00e9quation d&rsquo;Heisenberg.<\/p>\n<p style=\"text-align: justify;\"><strong>C. H. \u2014 C&rsquo;est-\u00e0-dire ?<\/strong><\/p>\n<p style=\"text-align: justify;\">E. P.\u00a0\u00a0\u00a0 L&rsquo;\u00e9quation d&rsquo;Heisenberg donne deux choses, une partie mat\u00e9rielle et une partie ondulatoire, et on tombe sur cette partie ondulatoire \u00e0 l&rsquo;exclusion de la partie corpusculaire.<\/p>\n<p style=\"text-align: justify;\"><strong>C. H. \u2014 On ne retrouve pas la partie corpusculaire\u00a0?<\/strong><\/p>\n<p style=\"text-align: justify;\">E. P. <strong>\u2014 <\/strong>Non ; pas pour le moment, parce que la partie corpusculaire dispara\u00eet. Pourquoi ? Parce que la vie devient ind\u00e9pendante de la partie mat\u00e9rielle. Le philosophe Le Dantec disait : \u00ab La vie est une forme servie par la mati\u00e8re \u00bb, et cela je l&rsquo;ai d\u00e9montr\u00e9. Alors une forme, ce n&rsquo;est plus l&rsquo;atome, ce n&rsquo;est plus la mati\u00e8re, c&rsquo;est quelque chose d&rsquo;immat\u00e9riel.<\/p>\n<p style=\"text-align: justify;\"><strong>C. H \u2014 C&rsquo;est tr\u00e8s bizarre, car dans mes recherches sur le processus de pens\u00e9e, j&rsquo;ai remarqu\u00e9 \u00e0 la fois le sch\u00e9ma ondulatoire et le sch\u00e9ma corpusculaire et, dans les ph\u00e9nom\u00e8nes de pens\u00e9e, j&rsquo;ai trouv\u00e9 des ph\u00e9nom\u00e8nes qui d\u00e9voilent l&rsquo;existence de champs de pens\u00e9e.<\/strong><\/p>\n<p style=\"text-align: justify;\">E. P. \u2014 Cela d\u00e9montre bien que Le Dantec avait raison.<\/p>\n<p style=\"text-align: justify;\"><strong>C. H. \u2014 Donc vous avez l\u00e0 l&rsquo;\u00e9vidence que le psychisme a un support ondulatoire aussi ?<\/strong><\/p>\n<p style=\"text-align: justify;\">E. P. <strong>\u2014 <\/strong>Oui ; si on \u00e9tudie le potentiel d&rsquo;un champ cr\u00e9\u00e9 par des quantit\u00e9s d&rsquo;\u00e9lectricit\u00e9 anim\u00e9es de mouvements quelconques, on retombe sur la m\u00eame \u00e9quation. J&rsquo;ai fait ces calculs.<\/p>\n<p style=\"text-align: justify;\"><strong>C. H. \u2014 Je ne comprends pas l&rsquo;incidence.<\/strong><\/p>\n<p style=\"text-align: justify;\">E. P. <strong>\u2014 <\/strong>Et bien je vais vous montrer ce qui se passe \u00e0 ce niveau. Cette correspondance, cette identit\u00e9, permet de relier la mati\u00e8re ordinaire (atomes) \u00e0 la mati\u00e8re vivante (cellules), c&rsquo;est pas joli ! \u00e7a ? Vous y \u00eates maintenant.<\/p>\n<p style=\"text-align: justify;\"><strong>C. H. \u2014 Aucun ph\u00e9nom\u00e8ne ondulatoire n&rsquo;avait jusqu&rsquo;\u00e0 pr\u00e9sent \u00e9t\u00e9 trouv\u00e9 dans la mati\u00e8re vivante\u00a0?<\/strong><\/p>\n<p style=\"text-align: justify;\">E. P. \u2014 Si, dans les \u00e9lectrons.<\/p>\n<p style=\"text-align: justify;\"><strong>C. H. \u2014 Je veux dire au niveau de la cellule ?<\/strong><\/p>\n<p style=\"text-align: justify;\">E. P. <strong>\u2014 <\/strong>En biologie, rien du tout.<\/p>\n<p style=\"text-align: justify;\"><strong>C. H. \u2014 Donc ces ph\u00e9nom\u00e8nes ondulatoires, on les retrouve au niveau microscopique de l&rsquo;\u00e9lectron et au niveau de la cellule globale ?<\/strong><\/p>\n<p style=\"text-align: justify;\">E. P. <strong>\u2014 <\/strong>Oui, oui, vous savez l&rsquo;\u00e9lectron a sa volont\u00e9, il choisit tel corps ou tel autre, tel atome ou tel autre atome&#8230;<\/p>\n<p style=\"text-align: justify;\"><strong>C. H. \u2014 \u00c7a, c&rsquo;est une grande synth\u00e8se \u00e0 \u00e9tablir. Et que peut-on d\u00e9duire dans le domaine de la pens\u00e9e du fait de trouver ces ondes au niveau de la cellule ?<\/strong><\/p>\n<p style=\"text-align: justify;\">E. P. <strong>\u2014 <\/strong>Prenons le probl\u00e8me inversement. Si vous partez de la pens\u00e9e, vous pouvez agir sur le plan h<sup>2<\/sup>, et agissant sur le plan h<sup>2<\/sup>, vous pouvez donc agir sur les manifestations du champ r\u00e9sultant H.<\/p>\n<p style=\"text-align: justify;\"><strong>C. H. \u2014 Vous mettez ainsi en \u00e9vidence la possibilit\u00e9 d&rsquo;action de l&rsquo;esprit sur la mati\u00e8re et inversement.<\/strong><\/p>\n<p style=\"text-align: justify;\">E. P. <strong>\u2014 <\/strong>L&rsquo;interaction entre la pens\u00e9e et la mati\u00e8re avec correspondance entre la mati\u00e8re ordinaire et la mati\u00e8re vivante. C&rsquo;est joli \u00e7a ! c&rsquo;est aussi beau que vous. C&rsquo;est pas vous dire une petite chose\u00a0!<\/p>\n<p style=\"text-align: justify;\"><strong>C. H. \u2014 Je ne pourrai pas mettre \u00e7a dans l&rsquo;interview !<\/strong><\/p>\n<p style=\"text-align: justify;\">E. P. <strong>\u2014 <\/strong>J&rsquo;ai soixante-quinze ans, je peux vous dire ! Enfin voil\u00e0 \u2014 bon \u2014 alors, si l&rsquo;on consid\u00e8re actuellement la science de pointe, elle arrive \u00e0 partir de la physique \u00e0 d\u00e9montrer l&rsquo;existence de la psychologie et de la parapsychologie.<\/p>\n<p style=\"text-align: justify;\"><strong>C. H. \u2014 Charon, par exemple ?<\/strong><\/p>\n<p style=\"text-align: justify;\">E. P.\u00a0\u00a0\u00a0 Beaucoup de physiciens, Costa de Beauregard, Charon, s&rsquo;int\u00e9ressent \u00e0 cette question&#8230;<\/p>\n<p style=\"text-align: justify;\"><strong>C. H. \u2014 De la preuve de l&rsquo;esprit dans la mati\u00e8re ?<\/strong><\/p>\n<p style=\"text-align: justify;\">E. P. \u2014 Justement ! ce n&rsquo;est pas uniquement que l&rsquo;esprit soit dans la mati\u00e8re, mais c&rsquo;est qu&rsquo;il y a une correspondance entre les champs cr\u00e9\u00e9s par la mati\u00e8re et les ondes cr\u00e9\u00e9es par les champs H ; car vous \u00eates dans le vrai dans ce que vous avez dit.<\/p>\n<p style=\"text-align: justify;\"><strong>C. H. \u2014 Alors o\u00f9 se trouve exactement cette correspondance, est-elle dans une harmonie vibratoire ?<\/strong><\/p>\n<p style=\"text-align: justify;\">E. P. <strong>\u2014 <\/strong>Vibratoire, exactement. Nous arrivons aux vibrations. Regardez par exemple, nous avons d\u00e9couvert les neutrinos, eh bien voyez les implications qui en d\u00e9coulent : cela donne l&rsquo;explication exacte de la t\u00e9l\u00e9pathie&#8230;<\/p>\n<p style=\"text-align: justify;\"><strong>C. H. \u2014 Qui a fait ces recherches ?<\/strong><\/p>\n<p style=\"text-align: justify;\">E. P. <strong>\u2014 <\/strong>Costa de Beauregard, et beaucoup d&rsquo;autres. On a mis le t\u00e9l\u00e9pathe \u00e9metteur dans les plus mauvaises conditions. Lorsque l&rsquo;\u00e9metteur a concentr\u00e9 sa pens\u00e9e, les neutrinos sont partis et sont all\u00e9s chez le t\u00e9l\u00e9pathe r\u00e9cepteur, automatiquement, malgr\u00e9 les mauvaises conditions. Il s&rsquo;est alors form\u00e9 toute une soci\u00e9t\u00e9 \u00e0 partir des neutrinos et de ces choses-l\u00e0, laquelle soci\u00e9t\u00e9 a d\u00e9montr\u00e9 qu&rsquo;il s&rsquo;agissait, dans la t\u00e9l\u00e9pathie (puisque nous ne faisons pas de science, je ne peux pas vous faire de d\u00e9monstration, mais c&rsquo;est calcul\u00e9, c&rsquo;est d\u00e9montr\u00e9) de neutrinos \u00e9mis par le cerveau de l&rsquo;\u00e9metteur, lesquels neutrinos arrivent dans le cerveau du r\u00e9cepteur.<\/p>\n<p style=\"text-align: justify;\">Or les neutrinos de l&rsquo;\u00e9metteur sont sortis des \u00e9lectrons et, arriv\u00e9s au r\u00e9cepteur, ils recr\u00e9ent des \u00e9lectrons, lesquels \u00e9lectrons dans leur mouvement recr\u00e9ent des courants, et les courants, automatiquement, recr\u00e9ent la pens\u00e9e.<\/p>\n<p style=\"text-align: justify;\"><strong>C. H. \u2014 Les \u00e9missions de pens\u00e9e seraient donc \u00e0 base de neutrinos ?<\/strong><\/p>\n<p style=\"text-align: justify;\">E. P. \u2014 \u00c0 base de neutrinos d&rsquo;apr\u00e8s les donn\u00e9es nouvelles. Or les neutrinos n&rsquo;ont pas de r\u00e9alit\u00e9 physique ; ce sont des \u00e9l\u00e9ments irr\u00e9els bien qu&rsquo;on les ait mis en \u00e9vidence.<\/p>\n<p style=\"text-align: justify;\"><strong>C. H. \u2014 L&rsquo;\u00e9lectron aussi ?<\/strong><\/p>\n<p style=\"text-align: justify;\">E. P. <strong>\u2014 <\/strong>L&rsquo;\u00e9lectron est tout de m\u00eame charg\u00e9, mais le neutrino n&rsquo;a rien du tout. Il est immat\u00e9riel pratiquement. Ils ont donc fait des \u00e9quations et sont arriv\u00e9s \u00e0 expliquer la t\u00e9l\u00e9pathie par ces \u00e9quations-l\u00e0.<\/p>\n<p style=\"text-align: justify;\">En fait les \u00e9lectrons dans leur mouvement programm\u00e9 (car ce sont des neutrinos programm\u00e9s qui sont envoy\u00e9s) cr\u00e9ent des courants \u00e9lectriques programm\u00e9s, accompagn\u00e9s de champs qui, justement, permettent la r\u00e9ception chez le r\u00e9cepteur.<\/p>\n<p style=\"text-align: justify;\">Mais c&rsquo;est tr\u00e8s curieux, cette correspondance que j&rsquo;ai trouv\u00e9e entre la mati\u00e8re ordinaire et la mati\u00e8re vivante. Quand vous regardez quelqu&rsquo;un chez un antiquaire, une dame de pr\u00e9f\u00e9rence car la femme est souvent plus expressive que l&rsquo;homme (l&rsquo;homme, lui, a les mains derri\u00e8re le dos et il regarde), donc vous voyez cette femme s&rsquo;\u00e9loigner d&rsquo;un meuble, se rapprocher d&rsquo;un autre, vous la voyez finalement \u00eatre attir\u00e9e par un troisi\u00e8me meuble ; elle ne peut plus s&rsquo;en d\u00e9tacher, elle l&rsquo;ach\u00e8te. Et bien \u00e7a, ce sont les ondes \u00e9mises par la mati\u00e8re ordinaire, par le meuble et la femme \u00e9galement, avec correspondance ou r\u00e9pulsion.<\/p>\n<p style=\"text-align: justify;\">Ainsi vous comprenez, chaque individu \u00e9met des ondes, et il y a attraction ou r\u00e9pulsion avec une onde, puisqu&rsquo;il s&rsquo;agit d&rsquo;ondes ; \u00e7a, c&rsquo;est automatique.<\/p>\n<p style=\"text-align: justify;\"><strong>C. H. \u2014 Donc l\u00e0, nous avons encore un nouveau point, c&rsquo;est une \u00e9vidence de polarit\u00e9 dans ces \u00e9missions psychiques.<\/strong><\/p>\n<p style=\"text-align: justify;\">E. P. <strong>\u2014 <\/strong>Exactement ! il y a une polarit\u00e9 dans toutes ces choses qui se pr\u00e9sentent mais, pour parler de polarit\u00e9, il faudrait tout de m\u00eame quelques \u00e9quations, c&rsquo;est \u00e7a qui est ennuyeux !<\/p>\n<p style=\"text-align: justify;\"><strong>C. H. \u2014 Nous savons qu&rsquo;elles existent.<\/strong><\/p>\n<p style=\"text-align: justify;\">E. P. <strong>\u2014 <\/strong>Ainsi donc un \u00e9lectron choisit l&rsquo;\u00e9l\u00e9ment qu&rsquo;il veut capter.<\/p>\n<p style=\"text-align: justify;\"><strong>C. H. \u2014 L\u00e0, on arrive \u00e0 la notion de choix et de but dans l&rsquo;\u00e9volution ?<\/strong><\/p>\n<p style=\"text-align: justify;\">E. P. <strong>\u2014 <\/strong>Il y a une autre d\u00e9finition de la pens\u00e9e, plus g\u00e9n\u00e9rale. Cette d\u00e9finition, vous la retrouvez aussi dans la mati\u00e8re ordinaire ; seulement il n&rsquo;y a pas d&rsquo;identit\u00e9 entre les deux d\u00e9finitions, il n&rsquo;y a pas d&rsquo;origine commune.<\/p>\n<p style=\"text-align: justify;\">Je veux dire que s&rsquo;il y a une correspondance possible entre les deux par les math\u00e9matiques, cela n&rsquo;indique pas qu&rsquo;elles sont de m\u00eame origine.<\/p>\n<p style=\"text-align: justify;\"><strong>C. H. \u2014 En tout cas, peut-on mettre en \u00e9vidence une direction donn\u00e9e \u00e0 la mati\u00e8re par l&rsquo;esprit ? ou une impulsion, une programmation, en ce sens que tout ce qui \u00e9volue dans la mati\u00e8re aurait un but ?<\/strong><\/p>\n<p style=\"text-align: justify;\">E. P. <strong>\u2014 <\/strong>Mais les effets PK existent (psychokin\u00e9sie). C&rsquo;est cela qui commence, dans la science de pointe, a \u00eatre mis en \u00e9vidence. Ce ne sont plus des futilit\u00e9s ; on y pense r\u00e9ellement.<\/p>\n<p style=\"text-align: justify;\"><strong>C. H. \u2014 Le champ causal, fondamental, c&rsquo;est donc ce champ synth\u00e9tique&#8230;<\/strong><\/p>\n<p style=\"text-align: justify;\">E. P. <strong>\u2014 <\/strong>&#8230; intra-nucl\u00e9aire.<\/p>\n<p style=\"text-align: justify;\"><strong>C. H. \u2014 Le champ H&#8230;<\/strong><\/p>\n<p style=\"text-align: justify;\">E. P. <strong>\u2014 <\/strong>Oui le champ H intra-nucl\u00e9aire.<\/p>\n<p style=\"text-align: justify;\"><strong>C. H. \u2014 Ce serait lui qui porterait le but de l&rsquo;\u00e9volution ?<\/strong><\/p>\n<p style=\"text-align: justify;\">E. P. <strong>\u2014 <\/strong>Oui, puisque ce champ m&rsquo;a donn\u00e9 les formes de la mol\u00e9cule g\u00e9ante d&rsquo;ADN tout seul. Je ne l&rsquo;ai pas cherch\u00e9. Je n&rsquo;ai pas introduit des donn\u00e9es de telle mani\u00e8re \u00e0 le prouver. Non, j&rsquo;ai horreur de cela. Ceux qui font ainsi ne sont pas de vrais math\u00e9maticiens.<\/p>\n<p style=\"text-align: justify;\"><strong>C. H. \u2014 Comment peut-on alors prouver les ondes de la pens\u00e9e ?<\/strong><\/p>\n<p style=\"text-align: justify;\">E. P. <strong>\u2014 <\/strong>Cela, Boris Presman les a mesur\u00e9es. Il a mesur\u00e9 les longueurs d&rsquo;onde, il a mesur\u00e9 les fr\u00e9quences, etc.<\/p>\n<p style=\"text-align: justify;\"><strong>C. H. \u2014 Et de quelle nature sont ces ondes ? <\/strong><\/p>\n<p style=\"text-align: justify;\">E. P. \u2014 \u00c9lectromagn\u00e9tiques.<\/p>\n<p style=\"text-align: justify;\"><strong>C. H. \u2014 Uniquement ?<\/strong><\/p>\n<p style=\"text-align: justify;\">E. P. <strong>\u2014 <\/strong>Oui.<\/p>\n<p style=\"text-align: justify;\"><strong>C. H. \u2014 Et ou se placent-elles sur l&rsquo;\u00e9chelle des ondes \u00e9lectromagn\u00e9tiques, est-ce au-del\u00e0 des rayons X ou \u00e0 une marge inf\u00e9rieure ?<\/strong><\/p>\n<p style=\"text-align: justify;\">E. P. \u2014 Une marge inf\u00e9rieure.<\/p>\n<p style=\"text-align: justify;\"><strong>C. H. \u2014 Peut-on faire une synth\u00e8se des propri\u00e9t\u00e9s de ce champ unitaire H tel que vous l&rsquo;avez d\u00e9fini ?<\/strong><\/p>\n<p style=\"text-align: justify;\">E. P. <strong>\u2014 <\/strong>Il est physico-psycho-biologique, donc :<\/p>\n<p style=\"text-align: justify;\">1) Au point de vue physique, ce sont les sch\u00e9mas de la mol\u00e9cule g\u00e9ante d&rsquo;ADN et les propri\u00e9t\u00e9s magn\u00e9tiques. Il est aussi capable d&rsquo;attirer les atomes, par exemple le cuivre, et l\u00e0, nous arrivons aux travaux de Guill\u00e9. Guill\u00e9, c&rsquo;est un grand soutien, avec sa barbe, Guill\u00e9 est un type formidable\u00a0!<\/p>\n<p style=\"text-align: justify;\">2) Au point de vue psychique. Tout choc psychologique cr\u00e9e une variation du champ r\u00e9sultant H, et par cons\u00e9quent une onde.<\/p>\n<p style=\"text-align: justify;\"><strong>C. H. \u2014 Il y a l\u00e0 une indication essentielle, vous dites : tout choc psychologique ; ce choc peut donc provenir aussi de sentiments que l&rsquo;on re\u00e7oit. Ainsi, ce que l&rsquo;on va recevoir, en fait, c&rsquo;est une onde, et on va r\u00e9agir en \u00e9mettant une autre onde, une onde polaire de r\u00e9pulsion ou d&rsquo;attraction ? <\/strong><\/p>\n<p style=\"text-align: justify;\">E. P. \u2014 C&rsquo;est cela.<\/p>\n<p style=\"text-align: justify;\"><strong>C. H. \u2014 On a donc les ondes dans le champ mat\u00e9riel, cela, c&rsquo;est \u00e9vident. On les d\u00e9couvre au niveau psychique des sentiments et on les d\u00e9couvrirait aussi au plan spirituel de la pens\u00e9e ?<\/strong><\/p>\n<p style=\"text-align: justify;\">E. P. \u2014 Exactement ; puisque l&rsquo;on explique m\u00eame ainsi les combustions spontan\u00e9es, celles qui sont reconnues existantes par la science.<\/p>\n<p style=\"text-align: justify;\"><strong>C. H. \u2014 Que sont ces combustions spontan\u00e9es ? <\/strong><\/p>\n<p style=\"text-align: justify;\">E. P. <strong>\u2014 <\/strong>Vous savez, il y a des gens qui se sont litt\u00e9ralement consum\u00e9s.<\/p>\n<p style=\"text-align: justify;\"><strong>C. H. \u2014 Donc nous avons dit en deuxi\u00e8me propri\u00e9t\u00e9 que les sentiments \u00e9chang\u00e9s sont support\u00e9s par des ondes.<\/strong><\/p>\n<p style=\"text-align: justify;\">E. P. <strong>\u2014 <\/strong>Oui, nous sommes dans une atmosph\u00e8re d&rsquo;ondes \u00e9lectromagn\u00e9tiques de toutes sortes et nous vivons dans ces ondes-l\u00e0. Reste, 3) le point de vue biologique.<\/p>\n<p style=\"text-align: justify;\">Les propri\u00e9t\u00e9s biologiques permettent au champ H de modifier les dispositions des mol\u00e9cules environnantes et de cr\u00e9er ainsi de nouveaux ph\u00e9nom\u00e8nes. Ce champ H dispose des mol\u00e9cules : une petite variation provoque une perturbation dans le domaine nucl\u00e9aire, car tout vient du noyau cellulaire.<\/p>\n<p style=\"text-align: justify;\">Quant au champ h<sup>3<\/sup>, c&rsquo;est un champ de forme intracellulaire, et c&rsquo;est gr\u00e2ce \u00e0 lui que, lorsque l&rsquo;individu meurt, les \u00e9quations nous donnent le devenir de l&rsquo;\u00eatre. J&rsquo;ai trait\u00e9 ce sujet dans un livre : <em>Vie et Mort<\/em>.<\/p>\n<p style=\"text-align: justify;\"><strong>C. H. \u2014 Ainsi on aurait les \u00e9quations du corps astral, pratiquement&#8230;<\/strong><\/p>\n<p style=\"text-align: justify;\">E. P. \u2014 Exactement.<\/p>\n<p style=\"text-align: justify;\"><strong>C. H. \u2014 Apportez-vous la preuve d&rsquo;un plan \u00e9nerg\u00e9tique de l&rsquo;homme diff\u00e9renci\u00e9 du plan mat\u00e9riel ?<\/strong><\/p>\n<p style=\"text-align: justify;\">E. P. \u2014 Ah oui, sans aucun doute. C&rsquo;est automatiquement diff\u00e9renci\u00e9 du plan mat\u00e9riel puisque l&rsquo;\u00e9nergie n&rsquo;a pas de consistance mat\u00e9rielle.<\/p>\n<p style=\"text-align: justify;\"><strong>C. H. \u2014 Et qu&rsquo;est-ce qui fait que ce champ garde sa conscience et son autonomie ?<\/strong><\/p>\n<p style=\"text-align: justify;\">E. P. <strong>\u2014 <\/strong>Justement, c&rsquo;est le champ h<sup>3<\/sup>, apr\u00e8s la mort. Le champ h<sup>3<\/sup> est un champ de forme, cela veut dire qu&rsquo;il donne sa forme \u00e0 la mol\u00e9cule g\u00e9ante d&rsquo;ADN. C&rsquo;est un champ de forme, donc, et lorsque l&rsquo;individu meurt le champ h<sup>2<\/sup> vient communiquer au champ h<sup>3<\/sup> (qui est un champ de transmission) toutes ses possibilit\u00e9s.<\/p>\n<p style=\"text-align: justify;\"><strong>C. H. \u2014 Toutes ses informations ?<\/strong><\/p>\n<p style=\"text-align: justify;\">E. P. \u2014 Oui, et toute sa psychologie, et le champ h<sup>3<\/sup> \u00e9tant un champ de forme, garde donc la forme de l&rsquo;individu.<\/p>\n<p style=\"text-align: justify;\"><strong>C. H. \u2014 Ainsi, on a la preuve que non seulement il existe un corps subtil, mais qu&rsquo;il a la m\u00eame forme que le corps physique ?<\/strong><\/p>\n<p style=\"text-align: justify;\">E. P. \u2014 Oui, la m\u00eame forme, mais aussi tous les impond\u00e9rables de l&rsquo;\u00eatre sont en lui. Voil\u00e0 pourquoi il peut y avoir, dans une certaine mesure, communication entre les morts et les vivants, parce que ce champ h<sup>3<\/sup> a la pens\u00e9e en lui dans sa forme.<\/p>\n<p style=\"text-align: justify;\"><strong>C. H. \u2014 Pens\u00e9e, conscience, possibilit\u00e9 donc de transmission t\u00e9l\u00e9pathique.<\/strong><\/p>\n<p style=\"text-align: justify;\">E. P. <strong>\u2014 <\/strong>Tout d\u00e9pend du champ H qui subsiste par le champ h<sup>3<\/sup> dans l&rsquo;\u00eatre et qui est variable d&rsquo;un \u00eatre \u00e0 l&rsquo;autre.<\/p>\n<p style=\"text-align: justify;\">Si par exemple (d&rsquo;apr\u00e8s la relativit\u00e9) un \u00eatre na\u00eet, c&rsquo;est le r\u00e9sultat de l&rsquo;association biologique d&rsquo;un spermatozo\u00efde et d&rsquo;un ovule ; mais l&rsquo;enfant qui na\u00eet, \u00e0 l&rsquo;heure z\u00e9ro de sa vie, ce n&rsquo;est rien du tout. Supposez qu&rsquo;il ait le m\u00eame champ qu&rsquo;un mort&#8230;<\/p>\n<p style=\"text-align: justify;\"><strong>C. H. \u2014 Il est en correspondance t\u00e9l\u00e9pathique totale avec ce mort.<\/strong><\/p>\n<p style=\"text-align: justify;\">E. P. <strong>\u2014 <\/strong>Et il aura donc le m\u00eame physique, la m\u00eame psychologie, mais ce n&rsquo;est pas le mort qui rena\u00eet. C&rsquo;est sa forme qui rena\u00eet et redevient vivante. Ce n&rsquo;est pas le mort qui se r\u00e9incarne.<\/p>\n<p style=\"text-align: justify;\"><strong>C. H. \u2014 Ainsi vous \u00eates contre la r\u00e9incarnation ?<\/strong><\/p>\n<p style=\"text-align: justify;\">E. P. <strong>\u2014 <\/strong>Plus exactement je suis pour la r\u00e9incarnation, mais entendue dans le sens suivant : si le champ d&rsquo;un f\u0153tus devient le m\u00eame que celui d&rsquo;un mort, il re\u00e7oit toutes les informations et il redevient ce qu&rsquo;\u00e9tait ce mort dans le vivant. Mais ce n&rsquo;est pas le mort qui revient.<\/p>\n<p style=\"text-align: justify;\">Allons plus loin. Il n&rsquo;y a pas d&rsquo;identit\u00e9 entre deux \u00eatres sur la terre. Dans la biologie, l&rsquo;identit\u00e9 n&rsquo;existe pas.<\/p>\n<p style=\"text-align: justify;\"><strong>C. H. \u2014 Il peut s&rsquo;agir seulement d&rsquo;un seuil de similitude.<\/strong><\/p>\n<p style=\"text-align: justify;\">E. P. <strong>\u2014 <\/strong>Dans l&rsquo;univers des morts, l&rsquo;identit\u00e9 n&rsquo;existe pas non plus. Si quelqu&rsquo;un avait le m\u00eame champ qu&rsquo;un mort, il faudrait que le mort disparaisse, parce que, lorsque cet individu mourrait, il y aurait alors de l&rsquo;autre c\u00f4t\u00e9 deux champs identiques, ce qui est impossible. Il y a une question d&rsquo;\u00e9quilibre entre vivants et morts.<\/p>\n<p style=\"text-align: justify;\"><strong>C. H. \u2014 Je crois que cela prouve qu&rsquo;il ne pourrait pas y avoir une forme identique \u00e0 celle d&rsquo;un mort sur le plan mat\u00e9riel si ce n&rsquo;\u00e9tait pas justement une r\u00e9percussion du m\u00eame \u00eatre sur un autre plan.<\/strong><\/p>\n<p style=\"text-align: justify;\">E. P. <strong>\u2014 <\/strong>Je vais vous dire. La gravitation est n\u00e9cessaire \u00e0 la forme dans la vie comme dans la mort. Voil\u00e0 ce qu&rsquo;on d\u00e9duit de la relativit\u00e9.<\/p>\n<p style=\"text-align: justify;\"><strong>C. H. \u2014 Tout \u00e0 fait. Cela je l&rsquo;ai rencontr\u00e9 aussi.<\/strong><\/p>\n<p style=\"text-align: justify;\">E. P. <strong>\u2014 <\/strong>Il faut donc que cet individu qui est mort \u00e9chappe \u00e0 la gravitation. Il faut qu&rsquo;il disparaisse dans un espace non sentant. Parce que dans l&rsquo;autre monde, il n&rsquo;y a pas de temps. Il faut qu&rsquo;il disparaisse dans un espace d\u00e9nu\u00e9 de lois physiques.<\/p>\n<p style=\"text-align: justify;\"><strong>C. H. \u2014 Je crois qu&rsquo;il suffit de concevoir un autre espace-temps.<\/strong><\/p>\n<p style=\"text-align: justify;\">E. P. \u2014 Non, non. Un espace d\u00e9nu\u00e9 de lois physiques ; et \u00e0 ce moment-l\u00e0 il diffuse dans cet espace ; c&rsquo;est le moyen qu&rsquo;il a de retrouver son cr\u00e9ateur qui est dans cet espace.<\/p>\n<p style=\"text-align: justify;\"><strong>C. H. \u2014 Je pense pourtant qu&rsquo;il n&rsquo;y a aucun plan de l&rsquo;univers d\u00e9nu\u00e9 de lois physiques, il n&rsquo;y a que des plans de plus en plus subtils, diff\u00e9rents espaces-temps.<\/strong><\/p>\n<p style=\"text-align: justify;\">E. P. <strong>\u2014 <\/strong>Oh si ! oh l\u00e0 l\u00e0 !<\/p>\n<p style=\"text-align: justify;\"><strong>C. H. \u2014 Non, parce que le plan \u00e9nerg\u00e9tique de la pens\u00e9e, pourtant synth\u00e9tique, a des lois aussi. On peut ne pas les appeler des lois physiques, on peut les appeler des lois de pens\u00e9e, des plans de pens\u00e9e&#8230;<\/strong><\/p>\n<p style=\"text-align: justify;\">E. P. <strong>\u2014 <\/strong>Alors l\u00e0 c&rsquo;est autre chose et vous rejoignez ce que je vous dis.<\/p>\n<p style=\"text-align: justify;\"><strong>C. H. \u2014 Mais ces plans ne sont pas totalement d\u00e9nu\u00e9s de mati\u00e8re, m\u00eame s&rsquo;il s&rsquo;agit de mati\u00e8re subtile. Ce sont simplement diff\u00e9rents plans de fr\u00e9quences.<\/strong><\/p>\n<p style=\"text-align: justify;\">E. P. <strong>\u2014 <\/strong>Il n&rsquo;y a plus de mati\u00e8re, il y a simplement des impond\u00e9rables. Et ce sont ces impond\u00e9rables qui font que l&rsquo;\u00eatre est dans cette lumi\u00e8re.<\/p>\n<p style=\"text-align: justify;\"><strong>C. H. \u2014 Cependant il y a des lois dans ce plan de pens\u00e9e. Des lois diff\u00e9rentes.<\/strong><\/p>\n<p style=\"text-align: justify;\">E. P. <strong>\u2014 <\/strong>Bien s\u00fbr, mais ce sont des lois psychologiques, des lois diff\u00e9rentes qui n&rsquo;ont plus rien de commun avec les lois physiques.<\/p>\n<p style=\"text-align: justify;\"><strong>C. H. \u2014 Quand on d\u00e9couvre que la pens\u00e9e et la psych\u00e9 fonctionnent par ondes, on peut en d\u00e9duire que les plans de pens\u00e9e ont des lois qui ressemblent aux lois de la mati\u00e8re physique.<\/strong><\/p>\n<p style=\"text-align: justify;\"><strong>C&rsquo;est simplement les plans de fr\u00e9quence qui sont diff\u00e9rents.<\/strong><\/p>\n<p style=\"text-align: justify;\">E. P. \u2014 Ah non ! parce que l&rsquo;onde fait penser \u00e0 l&rsquo;immat\u00e9riel et non pas au mat\u00e9riel. Voyez les ondes \u00e9lectromagn\u00e9tiques, la radio va marcher, on a tout ferm\u00e9, les ondes traversent les murs.<\/p>\n<p style=\"text-align: justify;\"><strong>C. H. \u2014 Oui, mais c&rsquo;est un autre plan de la mati\u00e8re, parce qu&rsquo;il y a des corpuscules aussi.<\/strong><\/p>\n<p style=\"text-align: justify;\">E. P. <strong>\u2014 <\/strong>Non non non, du tout. Je vais vous dire qu&rsquo;au fond de vous-m\u00eame, vous restez mat\u00e9rialiste.<\/p>\n<p style=\"text-align: justify;\"><strong>C. H. \u2014 J&rsquo;essaie seulement de faire le lien entre la mati\u00e8re et l&rsquo;esprit.<\/strong><\/p>\n<p style=\"text-align: justify;\">E. P. <strong>\u2014 <\/strong>Il faut quitter la mati\u00e8re pour aller \u00e0 l&rsquo;immat\u00e9riel. Toute la science moderne, la science de pointe, quitte le mat\u00e9riel pour aller \u00e0 l&rsquo;immat\u00e9riel.<\/p>\n<p style=\"text-align: justify;\"><strong>C. H. \u2014 Oui, mais en gardant les lois. Pour moi, si vous voulez, la dualit\u00e9 esprit\/mati\u00e8re n&rsquo;a plus aucun sens. Il y a des plans de fr\u00e9quences&#8230;<\/strong><\/p>\n<p style=\"text-align: justify;\">E. P. <strong>\u2014 <\/strong>Mais il n&rsquo;y a justement pas de dualit\u00e9 esprit\/mati\u00e8re, la preuve, je la donne dans mon livre, c&rsquo;est que la mati\u00e8re sert la vie, la vie est une forme servie par la mati\u00e8re, une forme, c&rsquo;est-\u00e0-dire quelque chose d&rsquo;impond\u00e9rable.<\/p>\n<p style=\"text-align: justify;\"><strong>C. H. \u2014 Si on a un plan causal, qui est le plan psychique spirituel que vous avez mis en \u00e9vidence \u2014 appelons-le un plan synth\u00e9tique causal \u2014 il y a de l&rsquo;\u00e9nergie dans ce plan. Cette \u00e9nergie n&rsquo;est pas \u00e0 un plan grossier comme notre mati\u00e8re, on peut l&rsquo;appeler de la mati\u00e8re subtile. De m\u00eame que la mati\u00e8re, on peut l&rsquo;appeler de l&rsquo;\u00e9nergie grossi\u00e8re. C&rsquo;est l\u00e0 o\u00f9 je vois qu&rsquo;il y a des lois qui r\u00e9gissent ces deux plans, et il n&rsquo;y a plus de diff\u00e9rence entre l&rsquo;esprit et la mati\u00e8re en ce sens o\u00f9 ce sont des plans de fr\u00e9quences d&rsquo;\u00e9nergie diff\u00e9rents. Mais l&rsquo;esprit ne sera jamais d\u00e9nu\u00e9 de lois.<\/strong><\/p>\n<p style=\"text-align: justify;\">E. P. <strong>\u2014 <\/strong>Il faut bien vous mettre dans l&rsquo;id\u00e9e que les plus grands mat\u00e9rialistes font rire, parce qu&rsquo;ils ne croient que dans le mat\u00e9riel. Eh bien je vais vous dire : cela n&rsquo;existe pas. Pour cette raison que lorsque vous parlez \u00e0 des \u00e9tudiants des rayons lumineux, jamais un rayon lumineux n&rsquo;a exist\u00e9. Il y a des faisceaux, mais il n&rsquo;y a pas de rayons lumineux. L&rsquo;\u00e9nergie, c&rsquo;est la m\u00eame chose, personne n&rsquo;a jamais eu de l&rsquo;\u00e9nergie dans la main.<\/p>\n<p style=\"text-align: justify;\"><strong>C. H. \u2014 C&rsquo;est quelque chose qu&rsquo;il faut dire en effet. On parle toujours de la science comme l&rsquo;\u00e9tude des ph\u00e9nom\u00e8nes observables, mais ne serait-ce que le sch\u00e9ma d&rsquo;un atome&#8230;<\/strong><\/p>\n<p style=\"text-align: justify;\">E. P. <strong>\u2014 <\/strong>Il y a encore beaucoup d&rsquo;autres choses. Par exemple, du vivant d&rsquo;Einstein, un astre est pass\u00e9 derri\u00e8re le soleil ; on a mesur\u00e9 la d\u00e9viation des rayons lumineux et on a trouv\u00e9 1,75. \u00c0 ce moment-l\u00e0, les autorit\u00e9s US ont demand\u00e9 \u00e0 Einstein de trouver la formule. Einstein a trouv\u00e9 un autre chiffre ; alors ces m\u00eames autorit\u00e9s lui ont dit : ou vous trouvez 1,75, ou l&rsquo;on vous renvoie en Allemagne. Un livre vient de para\u00eetre aux USA, \u00e9crit par sa secr\u00e9taire et son assistant, qui d\u00e9voile la mis\u00e8re d&rsquo;Einstein \u00e0 cause de la politique.<\/p>\n<p style=\"text-align: justify;\">Alors Einstein a fait des combinaisons malheureuses, et il a trouv\u00e9&#8230; 1,75 d&rsquo;axe. Ce qui est compl\u00e8tement faux.<\/p>\n<p style=\"text-align: justify;\"><strong>C. H. \u2014 On pourrait essayer de conclure en d\u00e9gageant les concepts fondamentaux en relation avec la parapsychologie. Il y avait donc tout d&rsquo;abord une preuve du corps subtil de l&rsquo;homme.<\/strong><\/p>\n<p style=\"text-align: justify;\">E. P. <strong>\u2014 <\/strong>Lorsque les facteurs de vie s&rsquo;annulent, c&rsquo;est-\u00e0-dire que la mort appara\u00eet, on pouvait penser que les \u00e9quations de la vie s&rsquo;annulaient. Or, ce n&rsquo;est pas du tout cela. Elles subsistent. Mais les champs h<sup>2<\/sup> et h<sup>1<\/sup> deviennent ind\u00e9termin\u00e9s alors que le champ h<sup>3<\/sup>, lui, reste d\u00e9termin\u00e9, poss\u00e9dant toutes les propri\u00e9t\u00e9s du champ h<sup>2<\/sup> qui est le champ contenant toute la programmation \u00e0 l&rsquo;int\u00e9rieur de lui-m\u00eame.<\/p>\n<p style=\"text-align: justify;\">Le biologique est pourri dans le tombeau. Tandis que par le champ cr\u00e9\u00e9 dans un f\u0153tus, qui peut \u00eatre identique (tout au moins en partie) \u00e0 celui d&rsquo;un mort, la famille quitte sa propri\u00e9t\u00e9 biologique pour devenir la famille universelle. Le p\u00e8re et la m\u00e8re, ce ne sont pas eux qui sont les parents ils ne sont les auteurs que de la partie biologique.<\/p>\n<p style=\"text-align: justify;\"><strong>C. H. \u2014 Mais \u00e0 ce moment-l\u00e0, si apr\u00e8s la mort le plan h<sup>3<\/sup> subsiste, il faudrait penser qu&rsquo;il existe d\u00e9j\u00e0 avant la naissance et qu&rsquo;il ne fait qu&rsquo;acqu\u00e9rir un nouveau plan mat\u00e9riel.<\/strong><\/p>\n<p style=\"text-align: justify;\">E. P. <strong>\u2014 <\/strong>Eh bien, il existe chez un mort par exemple.<\/p>\n<p style=\"text-align: justify;\"><strong>C. H. \u2014 Il existe \u00e9ternellement dans son plan ?<\/strong><\/p>\n<p style=\"text-align: justify;\">E. P. <strong>\u2014 <\/strong>Le champ H est un champ unitaire qui est valable pour tous avec des propri\u00e9t\u00e9s physiques, psychiques, biologiques diff\u00e9rentes, mais il est valable pour tous. C&rsquo;est le champ unitaire. Ce champ-l\u00e0 est immortel. Mais dans la transformation des \u00eatres, puisque l&rsquo;\u00eatre meurt, il est facile, gr\u00e2ce \u00e0 sa composante h<sup>3<\/sup>, de montrer comment les choses se passent apr\u00e8s la mort ; jusqu&rsquo;\u00e0 une certaine limite.<\/p>\n<p style=\"text-align: justify;\"><strong>C. H. \u2014 Mais que se passe-t-il \u00e0 la naissance ?<\/strong><\/p>\n<p style=\"text-align: justify;\">E. P. <strong>\u2014 <\/strong>L\u00e0 je n&rsquo;ai pas \u00e9tudi\u00e9 la question, dans le f\u0153tus, alors l\u00e0 !&#8230; Mais si, on peut expliquer cela.<\/p>\n<p style=\"text-align: justify;\">Le f\u0153tus, il a sa cellule fondamentale qui vient de l&rsquo;association du spermatozo\u00efde et d&rsquo;un ovule. Eh bien, c&rsquo;est cette cellule-l\u00e0 qui, pour qu&rsquo;elle puisse fonctionner, poss\u00e8de le champ H \u00e0 l&rsquo;int\u00e9rieur de son noyau, et ce champ est capable de faire vivre cette cellule, c&rsquo;est-\u00e0-dire de fabriquer des prot\u00e9ines par l&rsquo;ADN.<\/p>\n<p style=\"text-align: justify;\">Il faut donc qu&rsquo;il y ait un champ H qui cr\u00e9e l&rsquo;ADN ; parce qu&rsquo;au d\u00e9but, les mat\u00e9riaux des mol\u00e9cules sont p\u00eale-m\u00eale.<\/p>\n<p style=\"text-align: justify;\"><strong>C. H. \u2014 On a donc l\u00e0 le sch\u00e9ma d&rsquo;organisation de la mati\u00e8re par un plan plus subtil.<\/strong><\/p>\n<p style=\"text-align: justify;\">E. P. <strong>\u2014 <\/strong>Par le champ H.<\/p>\n<p style=\"text-align: justify;\"><strong>C. H. \u2014 D&rsquo;o\u00f9 le fait qu&rsquo;il n&rsquo;y ait pas de hasard dans l&rsquo;\u00e9volution vers un but. Et que le but est d\u00e9j\u00e0 au niveau du champ H de la premi\u00e8re cellule et probablement pr\u00e9existant \u00e0 cette cellule.<\/strong><\/p>\n<p style=\"text-align: justify;\">E. P. <strong>\u2014 <\/strong>Voil\u00e0 ce qui se passe au d\u00e9but.<\/p>\n<p style=\"text-align: justify;\"><strong>C. H. \u2014 Donc une organisation dans un certain but, un sch\u00e9ma d&rsquo;organisation programm\u00e9&#8230;<\/strong><\/p>\n<p style=\"text-align: justify;\">E. P. <strong>\u2014 <\/strong>Donc, le rapport entre l&rsquo;homme et la femme a fait l&rsquo;association ; mais cela est secondaire. Par contre, ce qui va faire tout l&rsquo;\u00eatre, c&rsquo;est le champ H. \u00c0 ce moment-l\u00e0, toutes les propri\u00e9t\u00e9s physiques, psychologiques, biologiques apparaissent.<\/p>\n<p style=\"text-align: justify;\"><strong>C. H. \u2014 Cela, c&rsquo;est le plan du corps subtil que vous avez prouv\u00e9. On a parl\u00e9 aussi de t\u00e9l\u00e9pathie, c&rsquo;est-\u00e0-dire de la possibilit\u00e9 d&rsquo;\u00e9mission d&rsquo;ondes.<\/strong><\/p>\n<p style=\"text-align: justify;\">E. P. <strong>\u2014 <\/strong>Oui : une petite variation du champ H cr\u00e9e l&rsquo;onde.<\/p>\n<p style=\"text-align: justify;\"><strong>C. H. \u2014 Par l\u00e0, on a une \u00e9vidence des ph\u00e9nom\u00e8nes t\u00e9l\u00e9pathiques.<\/strong><\/p>\n<p style=\"text-align: justify;\">E. P. <strong>\u2014 <\/strong>Il faut admettre tous ces calculs, puisque nous ne pouvons en discuter ici.<\/p>\n<p style=\"text-align: justify;\"><strong>C. H. \u2014 Quel autre domaine avez-vous investigu\u00e9 ? Il y aurait peut-\u00eatre possibilit\u00e9 de psychokin\u00e8se puisque le plan de l&rsquo;esprit est capable d&rsquo;agir sur la mati\u00e8re.<\/strong><\/p>\n<p style=\"text-align: justify;\">E. P. <strong>\u2014 <\/strong>Oui, parce que, du fait de certaines propri\u00e9t\u00e9s math\u00e9matiques, la correspondance existe entre le champ de la mati\u00e8re ordinaire (atomes) et le champ biologique (cellule).<\/p>\n<p style=\"text-align: justify;\">Quand j&rsquo;ai calcul\u00e9 le potentiel cr\u00e9\u00e9 par des quantit\u00e9s d&rsquo;\u00e9lectricit\u00e9 anim\u00e9es d&rsquo;un mouvement quelconque, je suis tomb\u00e9 sur la m\u00eame \u00e9quation que celle du champ H.<\/p>\n<p style=\"text-align: justify;\"><strong>C. H. \u2014 Et les vies extraterrestres existent-elles.\u00a0? Y a-t-il possibilit\u00e9 de contact t\u00e9l\u00e9pathique avec elles ?<\/strong><\/p>\n<p style=\"text-align: justify;\">E. P. <strong>\u2014 <\/strong>Je ne sais pas. L\u00e0, je n&rsquo;ai pas \u00e9tudi\u00e9 la question. Mais il est probable (et je parlerai en toute probabilit\u00e9), il est m\u00eame possible qu&rsquo;il existe des vies dans d&rsquo;autres plan\u00e8tes. Jusqu&rsquo;ici les plan\u00e8tes explor\u00e9es ne donnent pas signe de vie, tout au moins pour des \u00eatres de m\u00eame essence que nous&#8230;<\/p>\n<p style=\"text-align: justify;\"><strong>C. H. \u2014 Tout au moins pour ce qui en a \u00e9t\u00e9 dit. Parce que la NASA a \u00e9t\u00e9 oblig\u00e9e de reconna\u00eetre qu&rsquo;il y avait eu des ovnis vus par la foule au lancement de certaines fus\u00e9es (je me r\u00e9f\u00e8re, au livre de Chatelain).<\/strong><\/p>\n<p style=\"text-align: justify;\">E. P. <strong>\u2014 <\/strong>Mais la NASA a fait taire beaucoup d&rsquo;exp\u00e9riences, notamment les fameuses exp\u00e9riences du champ magn\u00e9tique.<\/p>\n<p style=\"text-align: justify;\"><strong>C. H. \u2014 Et que sont ces exp\u00e9riences ?<\/strong><\/p>\n<p style=\"text-align: justify;\">E. P. \u2014 Il y a eu une exp\u00e9rience de champ magn\u00e9tique faite sur un bateau. Un champ magn\u00e9tique de puissance formidable, avec un rayonnement de cent m\u00e8tres ; et ils sont arriv\u00e9s \u00e0 bloquer tous les marins du bateau. Ils ont eu beaucoup de mal \u00e0 les ranimer. Quant au bateau, il s&rsquo;est d\u00e9plac\u00e9 dans la mer.<\/p>\n<p style=\"text-align: justify;\"><strong>C. H. \u2014 Vous voulez dire qu&rsquo;il s&rsquo;est retrouv\u00e9 instantan\u00e9ment \u00e0 un autre endroit ?<\/strong><\/p>\n<p style=\"text-align: justify;\">E. P. <strong>\u2014 <\/strong>Oui, oui !<\/p>\n<p style=\"text-align: justify;\"><strong>C. H. \u2014 C&rsquo;est incroyable !<\/strong><\/p>\n<p style=\"text-align: justify;\">E. P. <strong>\u2014 <\/strong>Beaucoup d&rsquo;exp\u00e9riences ont \u00e9t\u00e9 tues par la NASA. Bien s\u00fbr, l&rsquo;homme est fait pour vivre, mais il ne pense qu&rsquo;\u00e0 tuer.<\/p>\n<p style=\"text-align: justify;\"><strong>C. H. \u2014 Pour l&rsquo;instant, oui. En fait, c&rsquo;est assez difficile d&rsquo;entrer dans des recherches sur le fondement de la vie alors qu&rsquo;on est en permanence confront\u00e9 \u00e0 des probl\u00e8mes de guerre et d&rsquo;armements.<\/strong><\/p>\n<p style=\"text-align: justify;\">E. P. <strong>\u2014 <\/strong>Ils ne pensent qu&rsquo;\u00e0 tuer, c&rsquo;est bien simple ! Enfin, il y a aussi le fait qu&rsquo;\u00e0 partir d&rsquo;un certain nombre d&rsquo;ann\u00e9es-lumi\u00e8re, l&rsquo;univers n&rsquo;a plus du tout les m\u00eames lois que les n\u00f4tres. Par cons\u00e9quent on ne sait plus du tout ce que l&rsquo;on fait.<\/p>\n<p style=\"text-align: justify;\"><strong>C. H. \u2014 On pourrait penser que dans cet espace la vitesse pourrait \u00eatre plus rapide que la lumi\u00e8re.<\/strong><\/p>\n<p style=\"text-align: justify;\">E. P. <strong>\u2014 <\/strong>Ces univers-l\u00e0 ne sont pas du tout explor\u00e9s. On ne conna\u00eet absolument pas les lois dans cet espace, et tout devient imaginaire.<\/p>\n<p style=\"text-align: justify;\">Ah ! si on d\u00e9passait la vitesse de la lumi\u00e8re, que ne pourrait-on voir !&#8230; la ville de Pomp\u00e9i&#8230; au lieu de ruines !<\/p>\n<p style=\"text-align: justify;\"><strong>BIBLIOGRAPHIE<\/strong><br \/>\n<em>Les fondement de la biologie math\u00e9matique non statistique<\/em>, Ed. Maloine ; 1973.<br \/>\n<em>La relativit\u00e9 en biologie<\/em>, Ed. Maloine ; 1975.<br \/>\n<em>Vie et mort. Cons\u00e9quences de la relativit\u00e9 en biologie<\/em>, Ed. Maloine ; 1978.<br \/>\n<em>Physique de la cellule vivante des origines \u00e0 nos jours\u00a0; applications en canc\u00e9rologie<\/em>, Ed. Maloine ; 1981.<\/p>\n<p style=\"text-align: justify;\"><strong><a href=\"http:\/\/www.revue3emillenaire.com\/blog\/wp-content\/uploads\/2014\/01\/C-Hardy.jpg\"><img loading=\"lazy\" decoding=\"async\" class=\"alignleft size-full wp-image-14875\" title=\"C Hardy\" src=\"http:\/\/www.revue3emillenaire.com\/blog\/wp-content\/uploads\/2014\/01\/C-Hardy.jpg\" alt=\"\" width=\"133\" height=\"135\" \/><\/a>Christine Hardy est <\/strong><strong>Dr es sciences humaines et ethnologue. Son blog en anglais : <a id=\"yui_3_13_0_ym1_1_1388254948177_2976\" href=\"http:\/\/chris-h-hardy-dna-of-the-gods.blogspot.fr\/\" rel=\"nofollow\" shape=\"rect\" target=\"_blank\">http:\/\/chris-h-hardy-dna-of-the-gods.blogspot.fr\/<\/a>. Dernier livre publi\u00e9 en Fran\u00e7ais : <em id=\"yui_3_13_0_ym1_1_1388254948177_3931\"> <\/em><strong><em id=\"yui_3_13_0_ym1_1_1388254948177_3930\">La Pr\u00e9diction de Jung : La m\u00e9tamorphose de la Terre<\/em><\/strong>. Dervy, 2012. En <strong>anglais<\/strong> : <em id=\"yui_3_13_0_ym1_1_1388254948177_4224\">DNA of the Gods: <\/em><em>T<strong>he Anunnaki Creation of Eve and the Alien Battle for Humanity<\/strong><\/em><em>, <\/em>Bear &amp; Co., USA &amp; Canada<em>, mars <\/em><em id=\"yui_3_13_0_ym1_1_1388254948177_3925\">2014<\/em><em id=\"yui_3_13_0_ym1_1_1388254948177_3927\">. \u00c0 Lire aussi son interview dans le num\u00e9ro 104 de 3e Mill\u00e9naire.<\/em><\/strong><\/p>\n","protected":false},"excerpt":{"rendered":"<p>Par cons\u00e9quent, m\u2019attaquant \u00e0 la cellule vivante, je me suis trouv\u00e9 devant un probl\u00e8me tr\u00e8s particulier (au point de vue math\u00e9matique), \u00e0 savoir que l\u2019on a l\u2019habitude de fixer la position de quelque chose par rapport \u00e0 trois dimensions (hauteur, largeur, profondeur). Or je ne pouvais pas trouver des axes fixes, puisque le noyau bouge tout le temps et que le cytoplasme, lui aussi, se d\u00e9forme. J\u2019ai donc \u00e9t\u00e9 amen\u00e9 \u00e0 investiguer en math\u00e9matiques un domaine dans lequel les ph\u00e9nom\u00e8nes se pr\u00e9sentent dans des espaces mouvants, et c\u2019est ce calcul, qu\u2019on appelle calcul tensoriel, que j\u2019ai utilis\u00e9, celui dont Einstein s\u2019\u00e9tait servi pour faire sa relativit\u00e9 physique.<\/p>\n","protected":false},"author":1,"featured_media":0,"comment_status":"closed","ping_status":"closed","sticky":false,"template":"","format":"standard","meta":{"footnotes":""},"categories":[5,927],"tags":[223,1220,417,99,17,41],"class_list":["post-15513","post","type-post","status-publish","format-standard","hentry","category-interview","category-hardy-christine","tag-biologie","tag-champ-unitaire","tag-relativite","tag-science","tag-survie","tag-vie"],"yoast_head":"<!-- This site is optimized with the Yoast SEO plugin v27.0 - https:\/\/yoast.com\/product\/yoast-seo-wordpress\/ -->\n<title>Le champ unitaire causal, entretien \u00c9mile Pinel et Christine Hardy - 3e mill\u00e9naire - Spiritualit\u00e9 - Connaissance de soi - Non-dualit\u00e9 - M\u00e9ditation<\/title>\n<meta name=\"robots\" content=\"index, follow, max-snippet:-1, max-image-preview:large, max-video-preview:-1\" \/>\n<link rel=\"canonical\" href=\"https:\/\/www.revue3emillenaire.com\/blog\/le-champ-unitaire-causal-entretien-emile-pinel-et-christine-hardy\/\" \/>\n<meta property=\"og:locale\" content=\"fr_FR\" \/>\n<meta property=\"og:type\" content=\"article\" \/>\n<meta property=\"og:title\" content=\"Le champ unitaire causal, entretien \u00c9mile Pinel et Christine Hardy - 3e mill\u00e9naire - Spiritualit\u00e9 - Connaissance de soi - Non-dualit\u00e9 - M\u00e9ditation\" \/>\n<meta property=\"og:description\" content=\"Par cons\u00e9quent, m\u2019attaquant \u00e0 la cellule vivante, je me suis trouv\u00e9 devant un probl\u00e8me tr\u00e8s particulier (au point de vue math\u00e9matique), \u00e0 savoir que l\u2019on a l\u2019habitude de fixer la position de quelque chose par rapport \u00e0 trois dimensions (hauteur, largeur, profondeur). Or je ne pouvais pas trouver des axes fixes, puisque le noyau bouge tout le temps et que le cytoplasme, lui aussi, se d\u00e9forme. J\u2019ai donc \u00e9t\u00e9 amen\u00e9 \u00e0 investiguer en math\u00e9matiques un domaine dans lequel les ph\u00e9nom\u00e8nes se pr\u00e9sentent dans des espaces mouvants, et c\u2019est ce calcul, qu\u2019on appelle calcul tensoriel, que j\u2019ai utilis\u00e9, celui dont Einstein s\u2019\u00e9tait servi pour faire sa relativit\u00e9 physique.\" \/>\n<meta property=\"og:url\" content=\"https:\/\/www.revue3emillenaire.com\/blog\/le-champ-unitaire-causal-entretien-emile-pinel-et-christine-hardy\/\" \/>\n<meta property=\"og:site_name\" content=\"3e mill\u00e9naire - Spiritualit\u00e9 - Connaissance de soi - Non-dualit\u00e9 - M\u00e9ditation\" \/>\n<meta property=\"article:published_time\" content=\"2014-03-08T16:42:13+00:00\" \/>\n<meta property=\"og:image\" content=\"http:\/\/www.revue3emillenaire.com\/blog\/wp-content\/uploads\/2014\/01\/C-Hardy.jpg\" \/>\n<meta name=\"author\" content=\"3e mill\u00e9naire\" \/>\n<meta name=\"twitter:card\" content=\"summary_large_image\" \/>\n<meta name=\"twitter:label1\" content=\"\u00c9crit par\" \/>\n\t<meta name=\"twitter:data1\" content=\"3e mill\u00e9naire\" \/>\n\t<meta name=\"twitter:label2\" content=\"Dur\u00e9e de lecture estim\u00e9e\" \/>\n\t<meta name=\"twitter:data2\" content=\"35 minutes\" \/>\n<script type=\"application\/ld+json\" class=\"yoast-schema-graph\">{\"@context\":\"https:\/\/schema.org\",\"@graph\":[{\"@type\":\"Article\",\"@id\":\"https:\/\/www.revue3emillenaire.com\/blog\/le-champ-unitaire-causal-entretien-emile-pinel-et-christine-hardy\/#article\",\"isPartOf\":{\"@id\":\"https:\/\/www.revue3emillenaire.com\/blog\/le-champ-unitaire-causal-entretien-emile-pinel-et-christine-hardy\/\"},\"author\":{\"name\":\"3e mill\u00e9naire\",\"@id\":\"https:\/\/www.revue3emillenaire.com\/blog\/#\/schema\/person\/9a3a7cc4ccaa707f402d4394327106d5\"},\"headline\":\"Le champ unitaire causal, entretien \u00c9mile Pinel et Christine Hardy\",\"datePublished\":\"2014-03-08T16:42:13+00:00\",\"mainEntityOfPage\":{\"@id\":\"https:\/\/www.revue3emillenaire.com\/blog\/le-champ-unitaire-causal-entretien-emile-pinel-et-christine-hardy\/\"},\"wordCount\":7025,\"image\":{\"@id\":\"https:\/\/www.revue3emillenaire.com\/blog\/le-champ-unitaire-causal-entretien-emile-pinel-et-christine-hardy\/#primaryimage\"},\"thumbnailUrl\":\"http:\/\/www.revue3emillenaire.com\/blog\/wp-content\/uploads\/2014\/01\/C-Hardy.jpg\",\"keywords\":[\"biologie\",\"Champ unitaire\",\"relativit\u00e9\",\"Science\",\"Survie\",\"Vie\"],\"articleSection\":[\"Entretien\/Interview\",\"Hardy Christine\"],\"inLanguage\":\"fr-FR\"},{\"@type\":\"WebPage\",\"@id\":\"https:\/\/www.revue3emillenaire.com\/blog\/le-champ-unitaire-causal-entretien-emile-pinel-et-christine-hardy\/\",\"url\":\"https:\/\/www.revue3emillenaire.com\/blog\/le-champ-unitaire-causal-entretien-emile-pinel-et-christine-hardy\/\",\"name\":\"Le champ unitaire causal, entretien \u00c9mile Pinel et Christine Hardy - 3e mill\u00e9naire - Spiritualit\u00e9 - Connaissance de soi - Non-dualit\u00e9 - M\u00e9ditation\",\"isPartOf\":{\"@id\":\"https:\/\/www.revue3emillenaire.com\/blog\/#website\"},\"primaryImageOfPage\":{\"@id\":\"https:\/\/www.revue3emillenaire.com\/blog\/le-champ-unitaire-causal-entretien-emile-pinel-et-christine-hardy\/#primaryimage\"},\"image\":{\"@id\":\"https:\/\/www.revue3emillenaire.com\/blog\/le-champ-unitaire-causal-entretien-emile-pinel-et-christine-hardy\/#primaryimage\"},\"thumbnailUrl\":\"http:\/\/www.revue3emillenaire.com\/blog\/wp-content\/uploads\/2014\/01\/C-Hardy.jpg\",\"datePublished\":\"2014-03-08T16:42:13+00:00\",\"author\":{\"@id\":\"https:\/\/www.revue3emillenaire.com\/blog\/#\/schema\/person\/9a3a7cc4ccaa707f402d4394327106d5\"},\"breadcrumb\":{\"@id\":\"https:\/\/www.revue3emillenaire.com\/blog\/le-champ-unitaire-causal-entretien-emile-pinel-et-christine-hardy\/#breadcrumb\"},\"inLanguage\":\"fr-FR\",\"potentialAction\":[{\"@type\":\"ReadAction\",\"target\":[\"https:\/\/www.revue3emillenaire.com\/blog\/le-champ-unitaire-causal-entretien-emile-pinel-et-christine-hardy\/\"]}]},{\"@type\":\"ImageObject\",\"inLanguage\":\"fr-FR\",\"@id\":\"https:\/\/www.revue3emillenaire.com\/blog\/le-champ-unitaire-causal-entretien-emile-pinel-et-christine-hardy\/#primaryimage\",\"url\":\"http:\/\/www.revue3emillenaire.com\/blog\/wp-content\/uploads\/2014\/01\/C-Hardy.jpg\",\"contentUrl\":\"http:\/\/www.revue3emillenaire.com\/blog\/wp-content\/uploads\/2014\/01\/C-Hardy.jpg\"},{\"@type\":\"BreadcrumbList\",\"@id\":\"https:\/\/www.revue3emillenaire.com\/blog\/le-champ-unitaire-causal-entretien-emile-pinel-et-christine-hardy\/#breadcrumb\",\"itemListElement\":[{\"@type\":\"ListItem\",\"position\":1,\"name\":\"Accueil\",\"item\":\"https:\/\/www.revue3emillenaire.com\/blog\/\"},{\"@type\":\"ListItem\",\"position\":2,\"name\":\"Le champ unitaire causal, entretien \u00c9mile Pinel et Christine Hardy\"}]},{\"@type\":\"WebSite\",\"@id\":\"https:\/\/www.revue3emillenaire.com\/blog\/#website\",\"url\":\"https:\/\/www.revue3emillenaire.com\/blog\/\",\"name\":\"3e mill\u00e9naire - Spiritualit\u00e9 - Connaissance de soi - Non-dualit\u00e9 - M\u00e9ditation\",\"description\":\"L&#039;Homme en devenir\",\"potentialAction\":[{\"@type\":\"SearchAction\",\"target\":{\"@type\":\"EntryPoint\",\"urlTemplate\":\"https:\/\/www.revue3emillenaire.com\/blog\/?s={search_term_string}\"},\"query-input\":{\"@type\":\"PropertyValueSpecification\",\"valueRequired\":true,\"valueName\":\"search_term_string\"}}],\"inLanguage\":\"fr-FR\"},{\"@type\":\"Person\",\"@id\":\"https:\/\/www.revue3emillenaire.com\/blog\/#\/schema\/person\/9a3a7cc4ccaa707f402d4394327106d5\",\"name\":\"3e mill\u00e9naire\",\"url\":\"https:\/\/www.revue3emillenaire.com\/blog\/author\/admin\/\"}]}<\/script>\n<!-- \/ Yoast SEO plugin. -->","yoast_head_json":{"title":"Le champ unitaire causal, entretien \u00c9mile Pinel et Christine Hardy - 3e mill\u00e9naire - Spiritualit\u00e9 - Connaissance de soi - Non-dualit\u00e9 - M\u00e9ditation","robots":{"index":"index","follow":"follow","max-snippet":"max-snippet:-1","max-image-preview":"max-image-preview:large","max-video-preview":"max-video-preview:-1"},"canonical":"https:\/\/www.revue3emillenaire.com\/blog\/le-champ-unitaire-causal-entretien-emile-pinel-et-christine-hardy\/","og_locale":"fr_FR","og_type":"article","og_title":"Le champ unitaire causal, entretien \u00c9mile Pinel et Christine Hardy - 3e mill\u00e9naire - Spiritualit\u00e9 - Connaissance de soi - Non-dualit\u00e9 - M\u00e9ditation","og_description":"Par cons\u00e9quent, m\u2019attaquant \u00e0 la cellule vivante, je me suis trouv\u00e9 devant un probl\u00e8me tr\u00e8s particulier (au point de vue math\u00e9matique), \u00e0 savoir que l\u2019on a l\u2019habitude de fixer la position de quelque chose par rapport \u00e0 trois dimensions (hauteur, largeur, profondeur). Or je ne pouvais pas trouver des axes fixes, puisque le noyau bouge tout le temps et que le cytoplasme, lui aussi, se d\u00e9forme. J\u2019ai donc \u00e9t\u00e9 amen\u00e9 \u00e0 investiguer en math\u00e9matiques un domaine dans lequel les ph\u00e9nom\u00e8nes se pr\u00e9sentent dans des espaces mouvants, et c\u2019est ce calcul, qu\u2019on appelle calcul tensoriel, que j\u2019ai utilis\u00e9, celui dont Einstein s\u2019\u00e9tait servi pour faire sa relativit\u00e9 physique.","og_url":"https:\/\/www.revue3emillenaire.com\/blog\/le-champ-unitaire-causal-entretien-emile-pinel-et-christine-hardy\/","og_site_name":"3e mill\u00e9naire - Spiritualit\u00e9 - Connaissance de soi - Non-dualit\u00e9 - M\u00e9ditation","article_published_time":"2014-03-08T16:42:13+00:00","og_image":[{"url":"http:\/\/www.revue3emillenaire.com\/blog\/wp-content\/uploads\/2014\/01\/C-Hardy.jpg","type":"","width":"","height":""}],"author":"3e mill\u00e9naire","twitter_card":"summary_large_image","twitter_misc":{"\u00c9crit par":"3e mill\u00e9naire","Dur\u00e9e de lecture estim\u00e9e":"35 minutes"},"schema":{"@context":"https:\/\/schema.org","@graph":[{"@type":"Article","@id":"https:\/\/www.revue3emillenaire.com\/blog\/le-champ-unitaire-causal-entretien-emile-pinel-et-christine-hardy\/#article","isPartOf":{"@id":"https:\/\/www.revue3emillenaire.com\/blog\/le-champ-unitaire-causal-entretien-emile-pinel-et-christine-hardy\/"},"author":{"name":"3e mill\u00e9naire","@id":"https:\/\/www.revue3emillenaire.com\/blog\/#\/schema\/person\/9a3a7cc4ccaa707f402d4394327106d5"},"headline":"Le champ unitaire causal, entretien \u00c9mile Pinel et Christine Hardy","datePublished":"2014-03-08T16:42:13+00:00","mainEntityOfPage":{"@id":"https:\/\/www.revue3emillenaire.com\/blog\/le-champ-unitaire-causal-entretien-emile-pinel-et-christine-hardy\/"},"wordCount":7025,"image":{"@id":"https:\/\/www.revue3emillenaire.com\/blog\/le-champ-unitaire-causal-entretien-emile-pinel-et-christine-hardy\/#primaryimage"},"thumbnailUrl":"http:\/\/www.revue3emillenaire.com\/blog\/wp-content\/uploads\/2014\/01\/C-Hardy.jpg","keywords":["biologie","Champ unitaire","relativit\u00e9","Science","Survie","Vie"],"articleSection":["Entretien\/Interview","Hardy Christine"],"inLanguage":"fr-FR"},{"@type":"WebPage","@id":"https:\/\/www.revue3emillenaire.com\/blog\/le-champ-unitaire-causal-entretien-emile-pinel-et-christine-hardy\/","url":"https:\/\/www.revue3emillenaire.com\/blog\/le-champ-unitaire-causal-entretien-emile-pinel-et-christine-hardy\/","name":"Le champ unitaire causal, entretien \u00c9mile Pinel et Christine Hardy - 3e mill\u00e9naire - Spiritualit\u00e9 - Connaissance de soi - Non-dualit\u00e9 - M\u00e9ditation","isPartOf":{"@id":"https:\/\/www.revue3emillenaire.com\/blog\/#website"},"primaryImageOfPage":{"@id":"https:\/\/www.revue3emillenaire.com\/blog\/le-champ-unitaire-causal-entretien-emile-pinel-et-christine-hardy\/#primaryimage"},"image":{"@id":"https:\/\/www.revue3emillenaire.com\/blog\/le-champ-unitaire-causal-entretien-emile-pinel-et-christine-hardy\/#primaryimage"},"thumbnailUrl":"http:\/\/www.revue3emillenaire.com\/blog\/wp-content\/uploads\/2014\/01\/C-Hardy.jpg","datePublished":"2014-03-08T16:42:13+00:00","author":{"@id":"https:\/\/www.revue3emillenaire.com\/blog\/#\/schema\/person\/9a3a7cc4ccaa707f402d4394327106d5"},"breadcrumb":{"@id":"https:\/\/www.revue3emillenaire.com\/blog\/le-champ-unitaire-causal-entretien-emile-pinel-et-christine-hardy\/#breadcrumb"},"inLanguage":"fr-FR","potentialAction":[{"@type":"ReadAction","target":["https:\/\/www.revue3emillenaire.com\/blog\/le-champ-unitaire-causal-entretien-emile-pinel-et-christine-hardy\/"]}]},{"@type":"ImageObject","inLanguage":"fr-FR","@id":"https:\/\/www.revue3emillenaire.com\/blog\/le-champ-unitaire-causal-entretien-emile-pinel-et-christine-hardy\/#primaryimage","url":"http:\/\/www.revue3emillenaire.com\/blog\/wp-content\/uploads\/2014\/01\/C-Hardy.jpg","contentUrl":"http:\/\/www.revue3emillenaire.com\/blog\/wp-content\/uploads\/2014\/01\/C-Hardy.jpg"},{"@type":"BreadcrumbList","@id":"https:\/\/www.revue3emillenaire.com\/blog\/le-champ-unitaire-causal-entretien-emile-pinel-et-christine-hardy\/#breadcrumb","itemListElement":[{"@type":"ListItem","position":1,"name":"Accueil","item":"https:\/\/www.revue3emillenaire.com\/blog\/"},{"@type":"ListItem","position":2,"name":"Le champ unitaire causal, entretien \u00c9mile Pinel et Christine Hardy"}]},{"@type":"WebSite","@id":"https:\/\/www.revue3emillenaire.com\/blog\/#website","url":"https:\/\/www.revue3emillenaire.com\/blog\/","name":"3e mill\u00e9naire - Spiritualit\u00e9 - Connaissance de soi - Non-dualit\u00e9 - M\u00e9ditation","description":"L&#039;Homme en devenir","potentialAction":[{"@type":"SearchAction","target":{"@type":"EntryPoint","urlTemplate":"https:\/\/www.revue3emillenaire.com\/blog\/?s={search_term_string}"},"query-input":{"@type":"PropertyValueSpecification","valueRequired":true,"valueName":"search_term_string"}}],"inLanguage":"fr-FR"},{"@type":"Person","@id":"https:\/\/www.revue3emillenaire.com\/blog\/#\/schema\/person\/9a3a7cc4ccaa707f402d4394327106d5","name":"3e mill\u00e9naire","url":"https:\/\/www.revue3emillenaire.com\/blog\/author\/admin\/"}]}},"_links":{"self":[{"href":"https:\/\/www.revue3emillenaire.com\/blog\/wp-json\/wp\/v2\/posts\/15513","targetHints":{"allow":["GET"]}}],"collection":[{"href":"https:\/\/www.revue3emillenaire.com\/blog\/wp-json\/wp\/v2\/posts"}],"about":[{"href":"https:\/\/www.revue3emillenaire.com\/blog\/wp-json\/wp\/v2\/types\/post"}],"author":[{"embeddable":true,"href":"https:\/\/www.revue3emillenaire.com\/blog\/wp-json\/wp\/v2\/users\/1"}],"replies":[{"embeddable":true,"href":"https:\/\/www.revue3emillenaire.com\/blog\/wp-json\/wp\/v2\/comments?post=15513"}],"version-history":[{"count":0,"href":"https:\/\/www.revue3emillenaire.com\/blog\/wp-json\/wp\/v2\/posts\/15513\/revisions"}],"wp:attachment":[{"href":"https:\/\/www.revue3emillenaire.com\/blog\/wp-json\/wp\/v2\/media?parent=15513"}],"wp:term":[{"taxonomy":"category","embeddable":true,"href":"https:\/\/www.revue3emillenaire.com\/blog\/wp-json\/wp\/v2\/categories?post=15513"},{"taxonomy":"post_tag","embeddable":true,"href":"https:\/\/www.revue3emillenaire.com\/blog\/wp-json\/wp\/v2\/tags?post=15513"}],"curies":[{"name":"wp","href":"https:\/\/api.w.org\/{rel}","templated":true}]}}