{"id":15540,"date":"2014-03-13T02:13:31","date_gmt":"2014-03-13T01:13:31","guid":{"rendered":"http:\/\/www.revue3emillenaire.com\/blog\/?p=15540"},"modified":"2014-03-13T02:13:31","modified_gmt":"2014-03-13T01:13:31","slug":"vision-de-lunite-entretien-basarab-nicolescu-et-christine-hardy","status":"publish","type":"post","link":"https:\/\/www.revue3emillenaire.com\/blog\/vision-de-lunite-entretien-basarab-nicolescu-et-christine-hardy\/","title":{"rendered":"Vision de l&rsquo;unit\u00e9, entretien Basarab Nicolescu et Christine Hardy"},"content":{"rendered":"<p style=\"text-align: justify;\"><em>Note\u00a0: Depuis la r\u00e9alisation de cet entretien en 1983, de nombreuses d\u00e9couvertes scientifiques viennent donner une appr\u00e9ciation diff\u00e9rente de certaines nouvelles tendances de l\u2019\u00e9poque comme cela s\u2019est pass\u00e9 dans la recherche sur la th\u00e9orie des cordes en physique, \u00e0 cela s\u2019ajoute le fait qu\u2019une pens\u00e9e ouverte et vivante comme celle de <a href=\"http:\/\/basarab-nicolescu.fr\/\" target=\"_blank\">Basarab Nicolescu<\/a> ne peut qu\u2019\u00e9voluer, s\u2019approfondir pour embrasser \u2013 dans une vision ouverte \u2013 d\u2019autres avenues de la recherche. Nous conseillons donc aux lecteurs int\u00e9ress\u00e9s de consulter les derniers \u00e9crits de M. Nicolescu pour \u00eatre \u00e0 jour avec l\u2019\u00e9volution de sa d\u00e9marche.<\/em><\/p>\n<p style=\"text-align: justify;\">(Extrait de <em>La science devant l&rsquo;inconnu<\/em> par Christine Hardy. \u00c9dition Rocher 1983. Copyright Christine Hardy)<\/p>\n<p style=\"text-align: justify;\"><strong>C. H. \u2014 Pouvez-vous nous donner une vue d&rsquo;ensemble de vos recherches actuelles ?<\/strong><\/p>\n<p style=\"text-align: justify;\">B. N. \u2014 Actuellement, je suis impliqu\u00e9 dans des recherches de physique th\u00e9orique des particules \u00e9l\u00e9mentaires et notre but est d&rsquo;essayer de comprendre ce qu&rsquo;on appelle les constituants de la mati\u00e8re par les lois g\u00e9n\u00e9rales de la physique des particules ; autrement dit d&rsquo;essayer de concilier le concept des constituants des particules avec le principe d&rsquo;auto-consistance de la nature.<\/p>\n<p style=\"text-align: justify;\"><strong>C. H. \u2014 Qu&rsquo;est ce principe d&rsquo;auto-consistance de la nature ?<\/strong><\/p>\n<p style=\"text-align: justify;\">B. N. \u2014 Je crois que nous aurons largement l&rsquo;occasion dans cette interview de parler de cela. Cela fait partie d&rsquo;une approche qui est apparue vers 1960 et qui s&rsquo;appelle le \u00ab bootstrap \u00bb ce mot, intraduisible en fran\u00e7ais, signifie essentiellement que le monde b\u00e2tit ses propres lois par l&rsquo;auto-consistance.<\/p>\n<p style=\"text-align: justify;\">Dans cette recherche, on essaie, \u00e0 partir de quelques principes g\u00e9n\u00e9raux, de b\u00e2tir la th\u00e9orie des particules, des quarks, et de tous les ph\u00e9nom\u00e8nes du monde naturel, selon les principes de consistance. Si vous voulez, voici une d\u00e9finition plus exacte du bootstrap qui a \u00e9t\u00e9 donn\u00e9e par celui qui a introduit pour la premi\u00e8re fois cette id\u00e9e, Geoffrey Chew, professeur \u00e0 l&rsquo;Universit\u00e9 de Berkeley :<\/p>\n<p style=\"text-align: justify;\">\u00ab Le seul m\u00e9canisme pour satisfaire aux principes g\u00e9n\u00e9raux de la physique est le m\u00e9canisme de la nature&#8230; ; &#8230; les particules observ\u00e9es&#8230; repr\u00e9sentent le seul syst\u00e8me quantique et relativiste qui peut \u00eatre con\u00e7u sans contradictions internes&#8230; Chaque particule nucl\u00e9aire a trois r\u00f4les diff\u00e9rents : 1) un r\u00f4le de constituant des ensembles compos\u00e9s ; 2) un r\u00f4le de m\u00e9diateur de la force responsable de la coh\u00e9sion de l&rsquo;ensemble compos\u00e9, et 3) un r\u00f4le de syst\u00e8me compos\u00e9&#8230; <a id=\"Y1\" href=\"#X1\">[1]<\/a> \u00a0\u00bb<\/p>\n<p style=\"text-align: justify;\">Comme vous le voyez, dans cette d\u00e9finition qui est assez complexe, je dirai m\u00eame assez vertigineuse, la partie appara\u00eet d\u00e9j\u00e0 en m\u00eame temps comme le tout. Et nous avons l\u00e0 une possibilit\u00e9 de relation avec l&rsquo;objet de notre entretien, qui est de d\u00e9chiffrer des liens possibles entre la physique contemporaine et la tradition. Or, en ce qui me concerne, je suis surtout int\u00e9ress\u00e9 par la tradition occidentale.<\/p>\n<p style=\"text-align: justify;\">Vous voyez donc que le bootstrap est essentiellement une vision de l&rsquo;unit\u00e9 du monde. L&rsquo;affirmation est celle-ci : le seul monde compatible avec les lois g\u00e9n\u00e9rales, c&rsquo;est le monde de la nature. Autrement dit, ce que nous, nous pouvons faire, c&rsquo;est une s\u00e9rie d&rsquo;approximations.<\/p>\n<p style=\"text-align: justify;\">Le bootstrap affirme qu&rsquo;il est impossible de trouver un syst\u00e8me sans contradiction interne sur le plan logique qui soit en m\u00eame temps en accord avec tout ce qui est observ\u00e9 ou qui sera observ\u00e9. Ainsi, c&rsquo;est la nature elle-m\u00eame qui b\u00e2tit sa propre unit\u00e9.<\/p>\n<p style=\"text-align: justify;\"><strong>C. H. \u2014 Oui ; rien dans la nature ne peut \u00eatre en dysharmonie<\/strong>.<\/p>\n<p style=\"text-align: justify;\">B. N. \u2014 C&rsquo;est beaucoup plus que cela. Le bootstrap exprime une loi de l&rsquo;harmonie. Mais en m\u00eame temps c&rsquo;est plus que cela. Quand Chew a dit : \u00ab\u00a0Une particule a le r\u00f4le de constituant, de m\u00e9diateur, et de syst\u00e8me compos\u00e9 \u00e0 la fois \u00bb, cela veut dire quoi, essentiellement ? Cela veut dire que ce que l&rsquo;on met en doute ici, c&rsquo;est la notion m\u00eame de l&rsquo;identit\u00e9 pr\u00e9cise d&rsquo;une particule, et on essaie de lui substituer la notion de relation entre particules. Ainsi, ce sont les relations entre les particules qui sont responsables de l&rsquo;apparition d&rsquo;un objet qu&rsquo;on appelle particule. Il n&rsquo;y a pas d&rsquo;objet en soi, ni d&rsquo;identit\u00e9 propre qu&rsquo;on puisse d\u00e9finir d&rsquo;une mani\u00e8re s\u00e9par\u00e9e ou distincte des autres particules.<\/p>\n<p style=\"text-align: justify;\">Une particule est ce qu&rsquo;elle est parce que toutes les autres particules existent \u00e0 la fois. Donc ce n&rsquo;est pas simplement une harmonie, c&rsquo;est plus que cela : c&rsquo;est un dynamisme, une loi dynamique qui fait que les caract\u00e9ristiques et les attributs d&rsquo;une entit\u00e9 d\u00e9termin\u00e9e physique sont le r\u00e9sultat des interactions avec toutes les autres particules qui existent dans cet ensemble, dans l&rsquo;ensemble de la nature.<\/p>\n<p style=\"text-align: justify;\">\u00c9videmment, c&rsquo;est une affirmation vertigineuse, parce que cela pose d\u00e8s le d\u00e9but le probl\u00e8me de la nature de la pr\u00e9diction scientifique. Parce que, bien s\u00fbr, c&rsquo;est impossible de conna\u00eetre le tout, de conna\u00eetre la nature dans son ensemble. Par cons\u00e9quent, il faut admettre au d\u00e9part que ce que l&rsquo;on cherche, ce sont des voies de lumi\u00e8re, des voies d&rsquo;\u00e9clairage de cette auto-consistance de la nature.<\/p>\n<p style=\"text-align: justify;\"><strong>C. H. \u2014 C&rsquo;est d\u00e9j\u00e0 une approche synth\u00e9tique et non plus s\u00e9paratiste.<\/strong><\/p>\n<p style=\"text-align: justify;\">B. N. \u2014 Oui, c&rsquo;est une approche de l&rsquo;unit\u00e9 du monde.<\/p>\n<p style=\"text-align: justify;\"><strong>C. H. \u2014 Il doit donc nous manquer forc\u00e9ment des facteurs qui interviennent dans le syst\u00e8me ?<\/strong><\/p>\n<p style=\"text-align: justify;\">B. N. \u2014 Il y a en m\u00eame temps des ensembles relativement ind\u00e9pendants qu&rsquo;on peut identifier en tant que particules, mais d&rsquo;une mani\u00e8re approximative. Il n&rsquo;y a pas de lois d&rsquo;identit\u00e9 fixe ; et cela est tout \u00e0 fait en accord avec l&rsquo;id\u00e9e que l&rsquo;on a de la particule \u00e0 partir de la m\u00e9canique quantique.<\/p>\n<p style=\"text-align: justify;\">Il est bien \u00e9tabli depuis 1930, essentiellement, qu&rsquo;on ne peut avoir \u00e0 la fois la position et l&rsquo;impulsion d&rsquo;une particule avec une pr\u00e9cision absolue, de m\u00eame on ne peut avoir \u00e0 la fois l&rsquo;\u00e9nergie et le temps de vie de la particule. Par cons\u00e9quent, la m\u00e9canique quantique a d\u00e9j\u00e0 mis en doute depuis longtemps la notion d&rsquo;identit\u00e9. Cette notion d&rsquo;identit\u00e9 fait que l&rsquo;on ne peut d\u00e9finir un objet d&rsquo;une mani\u00e8re s\u00e9parable. On voit plut\u00f4t l&rsquo;univers comme un syst\u00e8me de connexions, comme un syst\u00e8me de relations, d&rsquo;\u00e9v\u00e9nements, et non pas comme un syst\u00e8me d&rsquo;objets s\u00e9par\u00e9s.<\/p>\n<p style=\"text-align: justify;\">Il faut \u00eatre tr\u00e8s conscient que cela implique une nouvelle logique ; une logique o\u00f9 n&rsquo;existe plus l&rsquo;affirmation qu&rsquo;un objet est soit A, soit non-A. Cette affirmation rejoint une certaine tradition occidentale qui a eu, depuis longtemps, cette vision de l&rsquo;unit\u00e9 du monde. Elle rejoint aussi la logique de l&rsquo;antagonisme \u00e9nerg\u00e9tique de St\u00e9phane Lupasco.<\/p>\n<p style=\"text-align: justify;\">Le postulat de base de la logique de St\u00e9phane Lupasco, c&rsquo;est qu&rsquo;un objet est \u00e0 la fois A et non-A, ce qui semble une affirmation absurde sur le plan logique, mais qui est tout \u00e0 fait compatible avec ce que l&rsquo;on voit au niveau de la m\u00e9canique quantique.<\/p>\n<p style=\"text-align: justify;\">Au niveau logique, ce qui est mis en cause, c&rsquo;est la notion d&rsquo;identit\u00e9 d&rsquo;une particule en tant qu&rsquo;objet s\u00e9par\u00e9. Il est tr\u00e8s int\u00e9ressant qu&rsquo;il y ait une possibilit\u00e9 de relation, d&rsquo;une part, avec la tradition dans cette vision de l&rsquo;unit\u00e9 du monde et, d&rsquo;autre part, avec certaines approches qui sont faites en dehors de la physique, mais qui ont induit depuis assez longtemps la n\u00e9cessit\u00e9 d&rsquo;une nouvelle logique. Cela me semble crucial, parce que, m\u00eame si l&rsquo;on renonce \u00e0 la notion d&rsquo;identit\u00e9 d&rsquo;un objet s\u00e9par\u00e9, le monde reste rationnel, et cela est tr\u00e8s important \u00e0 comprendre.<\/p>\n<p style=\"text-align: justify;\">\u00c0 ma connaissance, le premier philosophe qui a essay\u00e9 d&rsquo;\u00e9laborer une nouvelle logique d&rsquo;une mani\u00e8re un peu plus formelle et dans une certaine relation avec la science de l&rsquo;\u00e9poque a \u00e9t\u00e9 le philosophe russe Ouspensky. Dans son livre <em>Tertium Organum<\/em>, paru en Russie vers 1912, il mettait \u00e0 la base de sa logique, comme principal axiome, \u2014 je le cite :<\/p>\n<p style=\"text-align: justify;\">\u00ab A est en m\u00eame temps A et non-A, ou chaque chose est A et non-A, ou chaque chose est le Tout <a id=\"Y2\" href=\"#X2\">[2]<\/a>. \u00bb<\/p>\n<p style=\"text-align: justify;\">Or il est tr\u00e8s remarquable qu&rsquo;Ouspensky ne pouvait pas avoir connaissance de la m\u00e9canique quantique, pour la simple raison que la m\u00e9canique quantique s&rsquo;est constitu\u00e9e plus tard. Mais il montrait l\u00e0 une certaine intuition des nouveaux ph\u00e9nom\u00e8nes de la physique.<\/p>\n<p style=\"text-align: justify;\">En ce qui concerne Lupasco, la nouveaut\u00e9 essentielle, c&rsquo;est que sa philosophie est partie de la science, et est bas\u00e9e sur la science. C&rsquo;est par cette d\u00e9marche qu&rsquo;il a d\u00e9couvert les lois de contradiction qu&rsquo;il appelle les lois d&rsquo;antagonisme \u00e9nerg\u00e9tique mais je dois dire que sa d\u00e9couverte n&rsquo;a pas \u00e9t\u00e9 assez \u00e9tudi\u00e9e jusqu&rsquo;\u00e0 pr\u00e9sent ; c&rsquo;est encore un domaine tout \u00e0 fait ouvert.<\/p>\n<p style=\"text-align: justify;\"><strong>C. H. \u2014 C&rsquo;est pourtant la raison pour laquelle on a fait tout d&rsquo;abord cette liaison avec la philosophie orientale, on a cherch\u00e9 des r\u00e9ponses en premier lieu dans la philosophie orientale parce que les enseignements \u00e9taient moins voil\u00e9s. Les mat\u00e9riaux sont beaucoup moins \u00e9vidents dans la mystique occidentale.<\/strong><\/p>\n<p style=\"text-align: justify;\">B. N. \u2014 Peut-\u00eatre y a-t-il un langage diff\u00e9rent, et cela fait partie de la mani\u00e8re de penser occidentale, mais du point de vue richesse de l&rsquo;enseignement, je -ne crois pas qu&rsquo;il y ait une diff\u00e9rence essentielle. Je crois aussi qu&rsquo;il y a une relation plus profonde entre la science qui est, il faut le reconna\u00eetre, un produit occidental et un mode de penser qui a exist\u00e9 ici, en Occident ; dans ce sens-l\u00e0, il y a continuit\u00e9.<\/p>\n<p style=\"text-align: justify;\">Je ne veux citer que deux noms, qui me sont plus familiers, bien qu&rsquo;il y en ait certainement bien d&rsquo;autres, ce sont ceux de Saint Jean de la Croix (1542-1591) et de Jakob B\u00f6hme (1575-1624).<\/p>\n<p style=\"text-align: justify;\">Pour vous donner un exemple, j&rsquo;ai cit\u00e9 tout \u00e0 l&rsquo;heure la d\u00e9finition du bootstrap donn\u00e9e par Geoffrey Chew. On a dit qu&rsquo;elle se rapprochait beaucoup de la vision de l&rsquo;unit\u00e9 du monde dans le bouddhisme Mahayana, mais on oublie que ces affirmations de l&rsquo;unit\u00e9 sont pr\u00e9sentes d&rsquo;une mani\u00e8re continue dans la tradition occidentale. Jakob B\u00f6hme, dans une affirmation extr\u00eamement condens\u00e9e, presque un axiome, dit, dans le <em>Mysterium Pansophicum<\/em> : \u00ab Le Tout ensemble n&rsquo;est qu&rsquo;un \u00eatre <a id=\"Y3\" href=\"#X3\">[3]<\/a>. \u00bb Eh bien il y a l\u00e0 l&rsquo;affirmation tr\u00e8s dense, tr\u00e8s riche, de l&rsquo;unit\u00e9 du monde.<\/p>\n<p style=\"text-align: justify;\">\u00c9videmment, dans le bootstrap, on dit pratiquement la m\u00eame chose : le monde, la nature est une entit\u00e9 globale, et chaque partie ressent ce qui se passe dans les autres parties de l&rsquo;univers. Il y a non-s\u00e9parabilit\u00e9 au niveau fondamental.<\/p>\n<p style=\"text-align: justify;\">Cependant, il y a certainement s\u00e9parabilit\u00e9 au niveau approximation, c&rsquo;est d&rsquo;ailleurs pour cela que l&rsquo;on peut faire des mesures, de la science d\u00e9taill\u00e9e et des pr\u00e9dictions, mais \u00e0 un certain niveau de compr\u00e9hension, il y a unit\u00e9.<\/p>\n<p style=\"text-align: justify;\">Cela est un exemple simple (il y en a des milliers d&rsquo;autres) qui nous montre que nous ne sommes pas oblig\u00e9s d&rsquo;aller chercher tr\u00e8s loin ce qui se trouve juste \u00e0 c\u00f4t\u00e9 de nous.<\/p>\n<p style=\"text-align: justify;\"><strong>C. H. \u2014 Il est merveilleux de pouvoir faire le lien avec toutes les traditions, malgr\u00e9 tout, parce que cela montre le passage d&rsquo;un univers rationnel scientifique, qui est rest\u00e9 au niveau de la mati\u00e8re, \u00e0 un univers scientifique qui s&rsquo;\u00e9tend \u00e0 des niveaux spirituels. Il est donc heureux que toutes les traditions concordent.<\/strong><\/p>\n<p style=\"text-align: justify;\">B. N. \u2014 C&rsquo;est vrai et c&rsquo;est faux, parce que la forme historique joue un r\u00f4le. Si je vous dis quelque chose d&rsquo;extr\u00eamement int\u00e9ressant, si je vous le dis en chinois et que vous ne compreniez pas le chinois \u00e9videmment, la signification peut ne pas \u00eatre per\u00e7ue. Encore une fois, si l&rsquo;on essaie de faire un jeu d&rsquo;analogies, un jeu de miroirs, on ne va pas apprendre grand-chose. On va \u00eatre satisfait \u00e0 un niveau de sentiments, \u00e0 un niveau d&rsquo;images po\u00e9tiques, mais pas n\u00e9cessairement \u00e0 un niveau de compr\u00e9hension. On oublie donc, dans cette mode actuelle du rapprochement entre la science et la tradition, que les deux domaines sont tr\u00e8s distincts, dans leurs d\u00e9finitions, dans leurs m\u00e9thodes, c&rsquo;est-\u00e0-dire dans pratiquement tout.<\/p>\n<p style=\"text-align: justify;\">Est-ce qu&rsquo;il y a s\u00e9paration totale, voil\u00e0 la question int\u00e9ressante. Je crois qu&rsquo;on peut progresser, si l&rsquo;on reconna\u00eet que les domaines sont tr\u00e8s diff\u00e9rents, et en essayant de voir o\u00f9 il y a des points d&rsquo;osmose, des points de contacts. Je vais simplifier beaucoup et c&rsquo;est une affirmation presque triviale : je crois que la science se livre, tous les jours, \u00e0 une manipulation du mental. Or la tradition essaie d&rsquo;\u00e9laborer une m\u00e9thode de connaissance bas\u00e9e sur le silence du mental. Il y a donc une sorte d&rsquo;opposition d\u00e8s le d\u00e9part. L\u00e0 o\u00f9 il peut y avoir un point de contact, c&rsquo;est justement dans les limites du mental lui-m\u00eame. Comment alors peut-on trouver les limites du mental, sinon par le mental lui-m\u00eame, par la science elle-m\u00eame.<\/p>\n<p style=\"text-align: justify;\">Autrement dit un point de d\u00e9part int\u00e9ressant existe justement dans les limites de la science. Ce mouvement int\u00e9rieur de la science arrive \u00e0 une certaine limite et l\u00e0, il peut se produire un saut vers un autre genre de compr\u00e9hension, et non seulement il y a un saut, mais un point de contact s&rsquo;\u00e9tablit.<\/p>\n<p style=\"text-align: justify;\"><strong>C. H. \u2014 Vous voulez parler de la limite du mental lui-m\u00eame, ou de la limite d&rsquo;une certaine logique face \u00e0 la r\u00e9alit\u00e9.<\/strong><\/p>\n<p style=\"text-align: justify;\">B. N. \u2014 De la limite d&rsquo;une certaine logique face \u00e0 la r\u00e9alit\u00e9. Voyez, j&rsquo;aime beaucoup cette id\u00e9e de Saint Jean de la Croix, que, dans le monde, il y a des degr\u00e9s de raison.<\/p>\n<p style=\"text-align: justify;\">Le monde de la m\u00e9canique quantique peut \u00eatre consid\u00e9r\u00e9 comme irrationnel par rapport au monde de la physique classique. De m\u00eame la po\u00e9sie de Mallarm\u00e9 par rapport \u00e0 une po\u00e9sie tr\u00e8s accessible. Cette notion de degr\u00e9 de raison est donc tr\u00e8s importante. Or des degr\u00e9s de raison, cela veut dire des logiques diff\u00e9rentes, mais le monde reste mat\u00e9riel, le monde reste rationnel \u00e0 chaque niveau.<\/p>\n<p style=\"text-align: justify;\"><strong>C. H. \u2014 Oui mais cela veut dire l&rsquo;insertion dans la science de toute une nouvelle sph\u00e8re de l&rsquo;homme.<\/strong><\/p>\n<p style=\"text-align: justify;\">B. N. \u2014 Oui, c&rsquo;est cela : consid\u00e9rer l&rsquo;homme en tant qu&rsquo;unit\u00e9 et non en tant que parties. C&rsquo;est la m\u00eame id\u00e9e d&rsquo;unit\u00e9 qui revient. Il me semble cependant que ce genre de discussion ne doit pas rester trop dans le vague. Ce qui est enrichissant, c&rsquo;est de voir comment, d\u00e8s l&rsquo;int\u00e9rieur de la science, on arrive \u00e0 ces limites, \u00e0 ces points de contacts.<\/p>\n<p style=\"text-align: justify;\"><strong>C. H. \u2014 Quels sont ces points de contacts ?<\/strong><\/p>\n<p style=\"text-align: justify;\">B. N. \u2014 C&rsquo;est un sujet extr\u00eamement riche et complexe qui demanderait \u00e0 \u00eatre d\u00e9velopp\u00e9 dans plusieurs livres. Mais je vais vous citer un exemple int\u00e9ressant, un ph\u00e9nom\u00e8ne quantique tr\u00e8s remarquable : celui de l&rsquo;augmentation de l&rsquo;\u00e9nergie vers l&rsquo;infiniment petit.<\/p>\n<p style=\"text-align: justify;\">Quand vous diminuez la taille d&rsquo;un objet, les particules qui sont \u00e0 l&rsquo;int\u00e9rieur sont oblig\u00e9es d&rsquo;avoir une vitesse de plus en plus grande et une \u00e9nergie associ\u00e9e de plus en plus grande. Il y a donc une sorte de densification de l&rsquo;\u00e9nergie vers l&rsquo;infiniment petit ; et l\u00e0, c&rsquo;est \u00e9videmment un myst\u00e8re tr\u00e8s int\u00e9ressant, n&rsquo;est-ce pas, comme une sorte d&rsquo;autoprotection du secret. On va vers l&rsquo;invisible dans une \u00e9chelle qui n&rsquo;est pas celle du corps et l&rsquo;on voit qu&rsquo;il y a l\u00e0 une \u00e9nergie disponible de plus en plus grande. Pour vous donner un exemple bien connu : si vous calculez l&rsquo;\u00e9nergie contenue dans un gramme de mati\u00e8re, cela \u00e9quivaut \u00e0 l&rsquo;\u00e9nergie d\u00e9gag\u00e9e par la chute de trente millions de tonnes de la hauteur de la tour Eiffel.<\/p>\n<p style=\"text-align: justify;\">Donc, vous voyez qu&rsquo;il y a l\u00e0 un myst\u00e8re li\u00e9 \u00e0 la densification de l&rsquo;\u00e9nergie. Ce n&rsquo;est d&rsquo;ailleurs pas tellement un myst\u00e8re pour la science puisque cela est d\u00e9crit par des \u00e9quations, en particulier par des relations qu&rsquo;on appelle, \u00e0 tort, peut-\u00eatre, des relations d&rsquo;incertitude. (Ces relations sont tr\u00e8s riches sur le plan de la pr\u00e9diction scientifique.) Voil\u00e0 un point de contact avec la tradition. Certains visionnaires, Swedenborg en particulier, parlent de la possibilit\u00e9 que les myst\u00e8res soient, en quelque sorte, localis\u00e9s ou trouv\u00e9s dans l&rsquo;infiniment petit.<\/p>\n<p style=\"text-align: justify;\">Je citerai aussi une formule de St\u00e9phane Lupasco qui me semble fulgurante. Il dit, \u00e0 propos de cette densification de l&rsquo;\u00e9nergie : \u00ab La contradiction est un principe de concentration et d&rsquo;intensification de l&rsquo;\u00e9nergie <a id=\"Y4\" href=\"#X4\">[4]<\/a>. \u00bb Et c&rsquo;est vrai parce qu&rsquo;\u00e0 cette \u00e9chelle \u00e9l\u00e9mentaire on n&rsquo;assiste pas tellement \u00e0 une harmonie, mais plut\u00f4t \u00e0 une lutte extraordinaire.<\/p>\n<p style=\"text-align: justify;\">Il y a cr\u00e9ation et destruction continuelles de particules. On ne peut plus parler de quelques objets stables et harmonieux. Les \u00e9v\u00e9nements se pr\u00e9sentent plus exactement comme des cr\u00e9ations et des destructions. Il s&rsquo;agit d&rsquo;une sorte de lutte continuelle associ\u00e9e \u00e0 une densification consid\u00e9rable de l&rsquo;\u00e9nergie ; or qui dit densification de l&rsquo;\u00e9nergie en pr\u00e9sence de diff\u00e9rentes caract\u00e9ristiques des particules, sous-entend en m\u00eame temps une grande quantit\u00e9 d&rsquo;information trouv\u00e9e \u00e0 cette \u00e9chelle de l&rsquo;infiniment petit. Voil\u00e0 un exemple tr\u00e8s simple, on pourrait en citer beaucoup d&rsquo;autres.<\/p>\n<p style=\"text-align: justify;\">Je vous ai donc parl\u00e9 d\u00e9j\u00e0 de la vision de l&rsquo;unit\u00e9 du monde qui est une constante dans la tradition occidentale et on peut rapprocher aussi certaines lois des formes, en physique, qui sont proches de ce que Jakob B\u00f6hme a d\u00e9crit dans ses livres.<\/p>\n<p style=\"text-align: justify;\"><strong>C. H. \u2014 Pouvez-vous nous expliquer ce que sont les lois des formes ?<\/strong><\/p>\n<p style=\"text-align: justify;\">B. N. \u2014 Vous connaissez s\u00fbrement l&rsquo;histoire de la vie de Jakob B\u00f6hme. En 1600, \u00e0 l&rsquo;\u00e2ge de vingt-cinq ans, il a eu une exp\u00e9rience assez extraordinaire : il regardait un objet brillant et il s&rsquo;est senti tout \u00e0 coup inond\u00e9 par un flot d&rsquo;informations. Je ne crois pas qu&rsquo;il soit tr\u00e8s exag\u00e9r\u00e9 de dire que, toute sa vie, il a essay\u00e9, dans ses livres, de rendre compte de ce moment d&rsquo;inondation par des flots d&rsquo;informations. Il a donc essay\u00e9 de d\u00e9crire, d&rsquo;une mani\u00e8re vraiment occidentale (c&rsquo;est-\u00e0-dire d&rsquo;analyser et d&rsquo;expliquer aux autres de fa\u00e7on intelligible) ce qu&rsquo;il a v\u00e9cu \u00e0 ce moment-l\u00e0.<\/p>\n<p style=\"text-align: justify;\">Parmi les id\u00e9es-forces de Jakob B\u00f6hme, il y a deux lois des formes que l&rsquo;on peut appeler, de fa\u00e7on condens\u00e9e : une loi des trois, et une loi des sept. J&rsquo;aimerais d\u00e9crire cela parce que Jakob B\u00f6hme est un pr\u00e9curseur de l&rsquo;id\u00e9e de discontinuit\u00e9, id\u00e9e qui n&rsquo;est pas tellement courante dans la philosophie occidentale et qu&rsquo;il a pr\u00e9sent\u00e9e d&rsquo;une mani\u00e8re magistrale dans ce qu&rsquo;on a appel\u00e9 la loi des sept. Son raisonnement est le suivant : \u00e0 la base du monde, de tout ce qu&rsquo;on voit (et tout ce qu&rsquo;on voit est signe de ce que l&rsquo;on ne voit pas, donc il y a manifestation et d\u00e9voilement dans la nature), \u00e0 la base de tous les ph\u00e9nom\u00e8nes, il y a une loi des trois. Cette loi de trinit\u00e9 est tr\u00e8s courante dans toutes les traditions, mais B\u00f6hme ajoute un quatri\u00e8me principe aux trois principes qui sont \u00e0 la base de tous les ph\u00e9nom\u00e8nes. En ce sens, sa trinit\u00e9 est plut\u00f4t une quaternit\u00e9. Et ce quatri\u00e8me principe est Sophia : la contemplation de Dieu. Sophia est une sorte de m\u00e9diateur entre les trois principes et les sept formes g\u00e9n\u00e9rales ou qualit\u00e9s qui d\u00e9terminent tout ph\u00e9nom\u00e8ne (la loi des sept). Dans notre langage moderne cela \u00e9quivaut \u00e0 la notion de temps ; c&rsquo;est le temps qui est le m\u00e9diateur entre les lois g\u00e9n\u00e9rales et ce qui est manifest\u00e9. La contemplation, la respiration de Dieu, c&rsquo;est en quelque sorte le temps.<\/p>\n<p style=\"text-align: justify;\">Ensuite il y a cette loi des sept qui dit que tout ph\u00e9nom\u00e8ne est une sorte de jeu entre sept qualit\u00e9s interchangeables, mais avec cette particularit\u00e9 qu&rsquo;il y a discontinuit\u00e9 entre les trois premi\u00e8res qualit\u00e9s et les quatre finales.<\/p>\n<p style=\"text-align: justify;\">B\u00f6hme ajoute que les trois premi\u00e8res qualit\u00e9s sont domin\u00e9es par le premier principe appel\u00e9 <em>Deus absconditus<\/em>. Les quatre derni\u00e8res sont une manifestation de <em>Deus revelatus<\/em>. Et dans l&rsquo;intervalle entre les trois premi\u00e8res et les quatre derni\u00e8res, il y a un principe que l&rsquo;on appelle Fiat, ou parole cr\u00e9atrice, qui est r\u00e9ellement un principe de discontinuit\u00e9.<\/p>\n<p style=\"text-align: justify;\">Les deux lois fondamentales, la loi des trois et la loi des sept, sont une constante de la Tradition. C&rsquo;est leur \u00e9clairage qui change. On les retrouve ainsi dans un enseignement contemporain, celui de Gurdjieff <a id=\"Y5\" href=\"#X5\">[5]<\/a>. Gurdjieff donne un \u00e9clairage tout \u00e0 fait nouveau, d&rsquo;une extraordinaire richesse, \u00e0 ces lois des formes. En particulier, l&rsquo;id\u00e9e de discontinuit\u00e9 est consid\u00e9rablement approfondie. Mais ceci pourrait \u00eatre l&rsquo;objet d&rsquo;un autre entretien.<\/p>\n<p style=\"text-align: justify;\">Je trouve ce sch\u00e9ma structurel tr\u00e8s int\u00e9ressant, parce que l&rsquo;id\u00e9e de discontinuit\u00e9 est une acquisition tr\u00e8s r\u00e9cente de la science occidentale. M\u00eame de nos jours, apr\u00e8s l&rsquo;apparition et le d\u00e9veloppement consid\u00e9rable de la m\u00e9canique quantique, qui est bas\u00e9e sur l&rsquo;id\u00e9e de discontinuit\u00e9, on essaie malgr\u00e9 tout de concilier cela avec des id\u00e9es de continuit\u00e9.<\/p>\n<p style=\"text-align: justify;\">Dans la th\u00e9orie du bootstrap, nous nous sommes pos\u00e9s les m\u00eames questions. Dans cette th\u00e9orie du bootstrap, qui est une autre voie d&rsquo;unification du monde, en 1979, on a reconnu la n\u00e9cessit\u00e9 de dimensions qui d\u00e9passent et soient en dehors de celles de l&rsquo;espace-temps, et cela gr\u00e2ce \u00e0 un outil math\u00e9matique que l&rsquo;on appelle la topologie.<\/p>\n<p style=\"text-align: justify;\"><strong>C. H. \u2014 Qu&rsquo;est-ce ?<\/strong><\/p>\n<p style=\"text-align: justify;\">B. N. \u2014 La topologie est la science math\u00e9matique qui essaie de d\u00e9terminer des lois de formes. Et dans cette version r\u00e9cente de la th\u00e9orie du bootstrap, \u00e9labor\u00e9e par Chew lui-m\u00eame et par Valentin Po\u00e9naru, math\u00e9maticien fran\u00e7ais, professeur \u00e0 l&rsquo;universit\u00e9 d&rsquo;Orsay, il y a deux espaces : un espace qui est li\u00e9 aux qualit\u00e9s des particules et un espace qui est li\u00e9 \u00e0 l&rsquo;espace-temps <a id=\"Y6\" href=\"#X6\">[6]<\/a>. La diff\u00e9rence avec les autres approches d&rsquo;unification est que l&rsquo;on reconna\u00eet trois niveaux du monde : la topologie introduit aussi une notion de complexit\u00e9 : on part de quelque chose de tr\u00e8s simple (\u00e0 complexit\u00e9 topologique nulle) et on essaie de b\u00e2tir des syst\u00e8mes de plus en plus compliqu\u00e9s, pour remonter jusqu&rsquo;au monde \u00ab r\u00e9el \u00bb, au monde observ\u00e9.<\/p>\n<p style=\"text-align: justify;\"><strong>C. H. \u2014 A certains niveaux de complexit\u00e9, la structure change ?<\/strong><\/p>\n<p style=\"text-align: justify;\">B. N. \u2014 C&rsquo;est cela. C&rsquo;est-\u00e0-dire qu&rsquo;il y a un niveau fondamental de complexit\u00e9 nulle o\u00f9, justement, cette loi d&rsquo;unit\u00e9 du bootstrap op\u00e8re de la mani\u00e8re la plus claire et la plus directe. Il ne s&rsquo;agit donc pas encore du monde r\u00e9el, mais d&rsquo;un monde sub-quantique, avant le monde des particules, dans lequel des lois fondamentales op\u00e8rent.<\/p>\n<p style=\"text-align: justify;\">Ensuite, avec un certain degr\u00e9 de complexit\u00e9 (ce que Chew appelle les \u00e9v\u00e9nements forts), on arrive au niveau des particules telles qu&rsquo;elles sont d\u00e9crites par la m\u00e9canique quantique ; mais ce n&rsquo;est pas encore le monde observ\u00e9. Pour atteindre le monde observ\u00e9, il faut une sommation, une complexit\u00e9 encore plus grande. Avec ces trois niveaux, on en vient, dans cette th\u00e9orie, \u00e0 l&rsquo;espace-temps comme approximation.<\/p>\n<p style=\"text-align: justify;\"><strong>C. H. \u2014 C&rsquo;est tr\u00e8s \u00e9tonnant de placer le niveau de complexit\u00e9 minimale dans l&rsquo;espace sub-quantique.<\/strong><\/p>\n<p style=\"text-align: justify;\">B. N. \u2014 Il n&rsquo;y a pas le choix ici, en ce sens qu&rsquo;il s&rsquo;agit d&rsquo;une th\u00e9orie math\u00e9matique et les lois de la consistance nous l&rsquo;imposent. Ce n&rsquo;est pas parce qu&rsquo;on l&rsquo;a voulu ou parce qu&rsquo;on a eu une id\u00e9e de derri\u00e8re la t\u00eate qu&rsquo;on a fait cela. C&rsquo;est la structure m\u00eame de la th\u00e9orie qui l&rsquo;impose.<\/p>\n<p style=\"text-align: justify;\"><strong>C. H. \u2014 Dans les niveaux sub-quantiques il y a un univers inconnu ordinaire (bien s\u00fbr, dans le monde observable aussi) il peut donc y avoir l\u00e0 une complexit\u00e9 beaucoup plus grande mais qu&rsquo;on ne per\u00e7oit pas.<\/strong><\/p>\n<p style=\"text-align: justify;\">B. N. \u2014 Vous venez cependant de faire une affirmation contraire \u00e0 la Tradition, je vous le signale, parce que s&rsquo;il y a des lois fondamentales, elles sont justement dans le domaine invisible.<\/p>\n<p style=\"text-align: justify;\"><strong>C. H. \u2014 Elles sont partout&#8230;<\/strong><\/p>\n<p style=\"text-align: justify;\">B. N. \u2014 Et le monde r\u00e9el, c&rsquo;est une sorte d&rsquo;approximation, d&rsquo;illusion malgr\u00e9 ce mot que je n&rsquo;aime pas.<\/p>\n<p style=\"text-align: justify;\"><strong>C. H. \u2014 C&rsquo;est pourquoi cela me para\u00eet beaucoup plus compliqu\u00e9 dans l&rsquo;invisible que dans le visible.<\/strong><\/p>\n<p style=\"text-align: justify;\">B. N. \u2014 C&rsquo;est l&rsquo;id\u00e9e de base : la complexit\u00e9 g\u00e9n\u00e8re la r\u00e9alit\u00e9.<\/p>\n<p style=\"text-align: justify;\"><strong>C. H. \u2014 Oui, mais la complexit\u00e9 la plus grande est dans l&rsquo;invisible, donc dans le sub-quantique.<\/strong><\/p>\n<p style=\"text-align: justify;\">B. N. \u2014 Non, il n&rsquo;y a pas de \u00ab donc\u00a0\u00bb. Si vous faites la construction. Si vous b\u00e2tissez, si vous donnez des lois, des r\u00e8gles<\/p>\n<p style=\"text-align: justify;\"><strong>C. H. \u2014 Je vois ce que vous voulez dire : les lois fondamentales sont beaucoup plus synth\u00e9tiques.<\/strong><\/p>\n<p style=\"text-align: justify;\">B. N. \u2014 C&rsquo;est cela, plus synth\u00e9tiques, et elles ne se retrouvent plus d&rsquo;une mani\u00e8re pure dans le manifest\u00e9, dans l&rsquo;espace-temps. Or, dans tout ce que nous faisons, par exemple parler, nous nous manifestons dans l&rsquo;espace-temps. Notre corps existe dans l&rsquo;espace-temps. Dans ce sens-l\u00e0, on peut voir la r\u00e9alit\u00e9 comme li\u00e9e \u00e0 l&rsquo;espace-temps. On arrive ainsi \u00e0 cette affirmation paradoxale et \u00e9tonnante dans la bouche des physiciens que, dans le contexte de ces th\u00e9ories, la r\u00e9alit\u00e9 observable appara\u00eet comme une approximation.<\/p>\n<p style=\"text-align: justify;\"><strong>C. H. \u2014 Cela veut dire que l&rsquo;on est une condensation, dans un espace-temps d\u00e9fini, de forces beaucoup plus grandes ; un point d&rsquo;apparition dans l&rsquo;espace-temps. Et l\u00e0 on a peut-\u00eatre une notion de plan par rapport \u00e0 l&rsquo;invisible. C&rsquo;est-\u00e0-dire que l&rsquo;on peut exister dans beaucoup de plans dans l&rsquo;invisible, mais on est condens\u00e9, on est manifest\u00e9 \u00e0 un moment de l&rsquo;espace-temps.<\/strong><\/p>\n<p style=\"text-align: justify;\">B. N. \u2014 C&rsquo;est cela. Autrement dit, la R\u00e9alit\u00e9 (dans le sens profond du mot) implique des dimensions sup\u00e9rieures.<\/p>\n<p style=\"text-align: justify;\"><strong>C. H. \u2014 Donc on ne peut pas se r\u00e9soudre simplement en tant qu&rsquo;individu \u00e0 ce que nous sommes maintenant en tant que manifestation dans l&rsquo;espace-temps.<\/strong><\/p>\n<p style=\"text-align: justify;\">B. N. \u2014 Citons encore Jakob B\u00f6hme, dans <em>Base des six points th\u00e9osophiques<\/em> : \u00ab Et ainsi nous devons entendre un triple \u00eatre, ou trois mondes l&rsquo;un dans l&rsquo;autre. Le premier est le monde de feu qui d\u00e9rive du centre de la nature&#8230; Et le second est le monde de lumi\u00e8re qui demeure dans la libert\u00e9&#8230; mais qui d\u00e9rive du monde du feu&#8230; Il demeure dans le feu et le feu ne le saisit pas, et c&rsquo;est l\u00e0 le monde mitoyen&#8230; Le troisi\u00e8me monde est l&rsquo;ext\u00e9rieur dans lequel nous demeurons selon le corps ext\u00e9rieur, avec les \u0153uvres et les essences ext\u00e9rieures qui ont \u00e9t\u00e9 cr\u00e9\u00e9es du t\u00e9n\u00e8bre et aussi du monde de lumi\u00e8re&#8230; <a id=\"Y7\" href=\"#X7\">[7]<\/a> \u00a0\u00bb<\/p>\n<p style=\"text-align: justify;\">Voil\u00e0 une vision qui essaie de formaliser les niveaux de r\u00e9alit\u00e9 selon une manifestation de la loi des trois. \u00c9videmment, on retrouve cette id\u00e9e de dimensions sup\u00e9rieures dans toute la tradition occidentale d&rsquo;une mani\u00e8re tr\u00e8s explicite et elle est li\u00e9e \u00e0 l&rsquo;espace-temps et \u00e0 quelque chose de plus large que l&rsquo;espace-temps.<\/p>\n<p style=\"text-align: justify;\">Personnellement, sur le plan scientifique, les exp\u00e9riences d\u00e9crites par Saint Jean de la Croix dans la Mont\u00e9e du Carmel m&rsquo;ont toujours int\u00e9ress\u00e9. Je dis bien du point de vue scientifique, car je trouve que Saint Jean de la Croix avait r\u00e9ellement la d\u00e9marche d&rsquo;un physicien exp\u00e9rimentateur de nos jours essayant de collectionner des donn\u00e9es pour d\u00e9couvrir des r\u00e9gularit\u00e9s, des lois. Bien s\u00fbr, il \u00e9tudiait des ph\u00e9nom\u00e8nes d&rsquo;un ordre bien sp\u00e9cial et il a d\u00fb, pour cette raison, inventer une nouvelle terminologie adapt\u00e9e \u00e0 ces nouveaux ph\u00e9nom\u00e8nes. Ensuite, par une m\u00e9thode de doute continuel, il a essay\u00e9 de d\u00e9crire, pour les autres, ce qu&rsquo;il avait v\u00e9cu.<\/p>\n<p style=\"text-align: justify;\">La Mont\u00e9e du Carmel, c&rsquo;est un trait\u00e9 didactique qui me semble plus int\u00e9ressant (c&rsquo;est un avis personnel) que ses po\u00e8mes. Or, ce qu&rsquo;il d\u00e9crit, c&rsquo;est essentiellement cette n\u00e9cessit\u00e9 de sortir de l&rsquo;espace-temps. \u00c9coutez par exemple : \u00ab Toutes les affections que l&rsquo;\u00e2me porte aux cr\u00e9atures sont devant Dieu comme de pures t\u00e9n\u00e8bres ; tant qu&rsquo;elle y est plong\u00e9e, elle est incapable d&rsquo;\u00eatre p\u00e9n\u00e9tr\u00e9e de la pure et simple lumi\u00e8re de Dieu&#8230; Car les t\u00e9n\u00e8bres ne sont rien, et moins que rien, puisqu&rsquo;elles sont une privation de la vue&#8230; <a id=\"Y8\" href=\"#X8\">[8]<\/a> \u00bb<\/p>\n<p style=\"text-align: justify;\">La m\u00e9thode qu&rsquo;il pr\u00e9conisait \u00e9tait donc justement de sonder des dimensions ext\u00e9rieures \u00e0 l&rsquo;espace-temps. Ces dimensions ext\u00e9rieures sont-elles les m\u00eames que celles dont nous parlons en science ? C&rsquo;est une hypoth\u00e8se que l&rsquo;on peut faire.<\/p>\n<p style=\"text-align: justify;\"><strong>C. H. \u2014 Il y a quelque chose qui me g\u00eane un peu : vous parlez de dimensions ext\u00e9rieures \u00e0 l&rsquo;espace-temps. Je crois qu&rsquo;il faut souligner que lorsqu&rsquo;on ajoute ces dimensions ext\u00e9rieures \u00e0 l&rsquo;espace-temps, cet espace-temps est toujours l\u00e0, mais il subit une transformation.<\/strong><\/p>\n<p style=\"text-align: justify;\">B. N. \u2014 Ce n&rsquo;est pas lui qui subit une transformation. C&rsquo;est la r\u00e9alit\u00e9 elle-m\u00eame qui subit une transformation. Oui, finalement, vous avez parfaitement raison.<\/p>\n<p style=\"text-align: justify;\"><strong>C. H. \u2014 C&rsquo;est-\u00e0-dire que quand on ajoute des dimensions, on change de plan, et alors l&rsquo;espace-temps est diff\u00e9rent.<\/strong><\/p>\n<p style=\"text-align: justify;\">B. N. \u2014 Vous m&rsquo;obligez \u00e0 parler de cela, j&rsquo;en parlerai. Car vous touchez l\u00e0 du doigt quelque chose d&rsquo;essentiel qui est la nature de l&rsquo;espace-temps. Et c&rsquo;est crucial. Si vous voulez, dans cet ensemble plus large des dimensions, un \u00e9v\u00e9nement se passe dans toutes les dimensions \u00e0 la fois. Par cons\u00e9quent, on ne peut plus parler \u00e0 ce niveau-l\u00e0 de temps continu.<\/p>\n<p style=\"text-align: justify;\"><strong>C. H. \u2014 Et lin\u00e9aire.<\/strong><\/p>\n<p style=\"text-align: justify;\">B. N. \u2014 Lin\u00e9aire et continu. \u00a0Il y a une loi de causalit\u00e9, mais l&rsquo;\u00e9v\u00e9nement se passe d&rsquo;une mani\u00e8re soudaine. Il n&rsquo;y a pas \u00ab avant \u00bb et \u00ab apr\u00e8s \u00bb dans le sens habituel du terme. Il y a comme une sorte de discontinuit\u00e9 dans la notion du temps lui-m\u00eame et le temps continu que l&rsquo;on observe est le r\u00e9sultat de ces op\u00e9rations de complexification et de sommation sur des degr\u00e9s de libert\u00e9 ; donc le temps continu lui-m\u00eame appara\u00eet comme une approximation. Ce que vous dites est vrai : il y a quelque chose dans la nature de l&rsquo;espace-temps qui n&rsquo;est pas encore compl\u00e8tement compris, il faut le dire, et c&rsquo;est un des grands probl\u00e8mes de la physique, de comprendre cette nature.<\/p>\n<p style=\"text-align: justify;\">Ainsi, par exemple, dans la th\u00e9orie du bootstrap, \u00e0 un niveau plus profond, on peut se poser le probl\u00e8me de d\u00e9river l&rsquo;espace-temps lui-m\u00eame, en tant que produit de l&rsquo;auto-consistance de l&rsquo;univers. Mais ce qu&rsquo;on sait actuellement, c&rsquo;est moins que cela, c&rsquo;est que le temps continu de la vie habituelle est une approximation dans le sens math\u00e9matique du terme.<\/p>\n<p style=\"text-align: justify;\"><strong>C. H. \u2014 Quand vous avez dit que l&rsquo;\u00e9v\u00e9nement se passe dans plusieurs dimensions en m\u00eame temps&#8230;<\/strong><\/p>\n<p style=\"text-align: justify;\">B. N. \u2014 Je vous arr\u00eate, \u00ab en m\u00eame temps \u00bb n&rsquo;a plus de sens.<\/p>\n<p style=\"text-align: justify;\"><strong>C. H. \u2014 Oui, tr\u00e8s juste ! Donc quand cet \u00e9v\u00e9nement se passe dans plusieurs dimensions, je peux dire que j&rsquo;existe, moi aussi, dans plusieurs dimensions, de fa\u00e7on discontinue et, malgr\u00e9 tout, dans chaque dimension, je suis dans une apparence de continu.<\/strong><\/p>\n<p style=\"text-align: justify;\">B. N. \u2014 Dans la mesure, faut-il ajouter, o\u00f9 il y a une relation entre votre corps et les mondes dont nous parlons ici, c&rsquo;est-\u00e0-dire les mondes des particules. Il y a bien s\u00fbr une relation \u00e9vidente, c&rsquo;est que votre corps est fait de particules. Est-ce que cela suffit pour transposer ces lois des formes qui existent dans l&rsquo;infiniment petit au niveau du corps tout entier, c&rsquo;est une autre histoire ; mais enfin, on peut envisager la question.<\/p>\n<p style=\"text-align: justify;\"><strong>C. H. \u2014 On pose ici le probl\u00e8me essentiel. Lorsque la science trouve ces nouvelles dimensions au niveau sub-quantique, un lien doit bien \u00eatre fait avec le mental de l&rsquo;homme dont on n&rsquo;a pas encore actuellement trouv\u00e9 les dimensions. Alors, o\u00f9 trouve-t-on les dimensions du mental ? Car un lien doit \u00eatre \u00e9tabli quelque part entre l&rsquo;infiniment grand et l&rsquo;infiniment petit, entre la dimension du mental qui n&rsquo;a pas encore sa place dans la science et les nouvelles dimensions trouv\u00e9es au niveau sub-quantique. Alors, o\u00f9 est le lien ?<\/strong><\/p>\n<p style=\"text-align: justify;\">B. N. \u2014 Le lien, dirai-je, c&rsquo;est vous !<\/p>\n<p style=\"text-align: justify;\"><strong>C. H. \u2014 Oui, mais \u00e7a ne suffit pas.<\/strong><\/p>\n<p style=\"text-align: justify;\">B. N. \u2014 Je crois que cela suffit. C&rsquo;est votre corps, votre pr\u00e9sence, votre \u00eatre.<\/p>\n<p style=\"text-align: justify;\"><strong>C. H. \u2014 Il est absolument anormal que la science actuellement ne donne pas les dimensions du mental et de l&rsquo;esprit.<\/strong><\/p>\n<p style=\"text-align: justify;\">B. N. \u2014 Non. La puissance des lois logiques, c&rsquo;est ce qu&rsquo;on fait tous les jours, ce que vous appelez les dimensions du mental.<\/p>\n<p style=\"text-align: justify;\"><strong>C. H. \u2014 Cela serait voir le mental uniquement au niveau de la manifestation. Or si l&rsquo;on pose l&rsquo;existence de domaines de causalit\u00e9 par rapport \u00e0 la manifestation, c&rsquo;est forc\u00e9ment l\u00e0 que se trouve le mental.<\/strong><\/p>\n<p style=\"text-align: justify;\">B. N. \u2014 C&rsquo;est l\u00e0 ce que j&rsquo;appelai les domaines limites. Il faut bien voir qu&rsquo;il n&rsquo;y a que certaines choses que l&rsquo;on peut faire dans la science telle qu&rsquo;elle est d\u00e9finie actuellement ; la d\u00e9finition peut changer mais dans la d\u00e9finition actuelle, c&rsquo;est-\u00e0-dire reproduire une exp\u00e9rience, avoir des lois v\u00e9rifiables, etc., je dirai que ce n&rsquo;est pas encore du domaine de la science.<\/p>\n<p style=\"text-align: justify;\"><strong>C. H. \u2014 Pourtant on en est tout pr\u00e8s.<\/strong><\/p>\n<p style=\"text-align: justify;\">B. N. \u2014 C&rsquo;est vrai, on en est tout pr\u00e8s, mais on n&rsquo;en est pas encore l\u00e0. Je me permets de vous citer une anecdote, pour d\u00e9tendre le ton trop formel de cette discussion, sur la fa\u00e7on dont on pr\u00e9pare la soupe allemande \u00e0 la poule : Vous prenez une grosse marmite et vous la remplissez d&rsquo;eau. Ensuite vous ouvrez toutes grandes les portes de la cuisine et vous laissez entrer une poule\u00a0; vous la poursuivez \u00e0 travers la cuisine et l&rsquo;instant d&rsquo;apr\u00e8s vous avez une extraordinaire soupe \u00e0 la poule dans votre marmite. Vous pouvez utiliser la m\u00eame poule des centaines et des centaines de fois, vous aurez toujours cette soupe extraordinaire \u00e0 la poule dans votre marmite jusqu&rsquo;au moment o\u00f9 la poule, fatigu\u00e9e, refusera de respirer. C&rsquo;est une anecdote, mais je dirai qu&rsquo;elle illustre assez bien la situation de la parapsychologie.<\/p>\n<p style=\"text-align: justify;\">Je crois donc qu&rsquo;il s&rsquo;agit de domaines diff\u00e9rents, nettement diff\u00e9rents. Si on regarde bien, tous les grands mystiques ont parl\u00e9 de ph\u00e9nom\u00e8nes que l&rsquo;on peut qualifier de parapsychologiques, de ph\u00e9nom\u00e8nes extraordinaires. Mais d&rsquo;une part, ces gens-l\u00e0 ont pass\u00e9 vingt ou trente ans de leur vie dans une purification spirituelle pour arriver \u00e0 ce genre de manifestations et, d&rsquo;autre part, ils refusaient ce genre de manifestations.<\/p>\n<p style=\"text-align: justify;\">Saint Jean de la Croix dit souvent : \u00ab C&rsquo;est la manifestation du diable. \u00bb Ce n&rsquo;\u00e9taient ni les pouvoirs, ni les ph\u00e9nom\u00e8nes paranormaux qu&rsquo;ils recherchaient, mais une vie spirituelle. Et c&rsquo;est l\u00e0 o\u00f9 je trouve, et je m&rsquo;excuse de le dire si cr\u00fbment, dans certaines d\u00e9marches de la parapsychologie contemporaine (je dis bien dans certaines) une sorte de r\u00e9cup\u00e9ration, qui est faite par une vision tout \u00e0 fait r\u00e9ductionniste, des faits qui d\u00e9passent de loin cet aspect na\u00eff et direct des choses. C&rsquo;est \u00e0 nouveau une sorte de manifestation de la pens\u00e9e r\u00e9ductionniste.<\/p>\n<p style=\"text-align: justify;\">J&rsquo;ai eu l&rsquo;occasion, en Californie, de rencontrer quelques-uns des plus grands parapsychologues actuels dans le monde, en particulier Charles Tart. J&rsquo;ai \u00e9t\u00e9 tr\u00e8s touch\u00e9 quand il m&rsquo;a dit : \u00ab Oui, la parapsychologie est actuellement dans un stade analogue \u00e0 la physique pr\u00e9-newtonienne \u00bb ; et cela est vrai. Il n&rsquo;y a pas encore de m\u00e9thodes, ni de faits r\u00e9ellement \u00e9tablis au sens scientifique. Alors pourquoi cette course apr\u00e8s l&rsquo;honorabilit\u00e9 scientifique ?<\/p>\n<p style=\"text-align: justify;\"><strong>C. H. \u2014 Le probl\u00e8me est que si les \u00e9sot\u00e9ristes restent dans un domaine uniquement spirituel, et si la science veut se cantonner dans le domaine uniquement rationnel, il ne pourra jamais y avoir de contact entre les deux visions du monde, et c&rsquo;est rester dans la dualit\u00e9.<\/strong><\/p>\n<p style=\"text-align: justify;\">B. N. \u2014 Si, il y a la limite. Toujours la limite.<\/p>\n<p style=\"text-align: justify;\"><strong>C. H. \u2014 Pourtant ce qui serait int\u00e9ressant, \u00e0 l&rsquo;\u00e9poque actuelle, alors que la science commence \u00e0 s&rsquo;ouvrir \u00e0 d&rsquo;autres dimensions de la r\u00e9alit\u00e9, c\u2019est que les \u00e9sot\u00e9ristes puissent, au moins eux aussi, essayer de trouver les lois de certains ph\u00e9nom\u00e8nes spirituels ou psychiques.<\/strong><\/p>\n<p style=\"text-align: justify;\">B. N. \u2014 Absolument, c&rsquo;est une d\u00e9marche tr\u00e8s honorable. Mais pourquoi le faire par les m\u00e9thodes scientifiques ? Pourquoi ne pas comprendre qu&rsquo;il s&rsquo;agit de rechercher des m\u00e9thodes tout \u00e0 fait nouvelles qui ne sont pas forc\u00e9ment appropri\u00e9es \u00e0. la science.<\/p>\n<p style=\"text-align: justify;\"><strong>C. H. \u2014 Oui, mais la science est en train de se transformer.<\/strong><\/p>\n<p style=\"text-align: justify;\">B. N. \u2014 Non, la science reste telle qu&rsquo;elle est. Vous voyez, j&rsquo;ai trop de respect, et pour la science, et pour la tradition, pour ne pas voir un certain danger dans cet emprunt des m\u00e9thodes scientifiques (encore une fois telles qu&rsquo;elles sont actuellement d\u00e9finies dans la science). La meilleure fa\u00e7on de me faire comprendre, c&rsquo;est de citer \u00e0 nouveau Jakob B\u00f6hme : \u00ab Le corps ext\u00e9rieur n&rsquo;a aucune puissance pour mouvoir le monde de lumi\u00e8re ; il s&rsquo;est seulement introduit ainsi dans le monde de lumi\u00e8re, ce qui a fait qu&rsquo;elle est \u00e9teinte dans l&rsquo;homme. Mais seulement le monde t\u00e9n\u00e9breux n&rsquo;en est pas moins demeur\u00e9-en soi ; et le monde de lumi\u00e8re demeure en lui, immobile, il est en lui comme cach\u00e9&#8230; \u00bb (R\u00e9f. 3, p. 134)<\/p>\n<p style=\"text-align: justify;\">Je crois que les mots cl\u00e9s sont l\u00e0 : \u00ab\u00a0Le corps ext\u00e9rieur n&rsquo;a aucune puissance pour mouvoir le monde de lumi\u00e8re. \u00bb C&rsquo;est une affirmation qu&rsquo;il faut, je crois, approfondir. Finalement, on peut dire que la science, telle qu&rsquo;on la pratique actuellement, s&rsquo;occupe du corps ext\u00e9rieur. Or on ne peut pas avoir acc\u00e8s directement, par ce corps ext\u00e9rieur (m\u00eame si l&rsquo;on croit aux id\u00e9es de la tradition) \u00e0 ce que vous appelez un autre plan de la r\u00e9alit\u00e9.<\/p>\n<p style=\"text-align: justify;\">Alors ! comment faire ? Je n&rsquo;ai pas une vision extr\u00e9miste des choses. Je vous dirai que j&rsquo;ai une certaine croyance qu&rsquo;il n&rsquo;y a pas cette distinction nette entre les mondes mat\u00e9riels et spirituels, je crois qu&rsquo;il y a un ordre de mat\u00e9rialit\u00e9&#8230;<\/p>\n<p style=\"text-align: justify;\"><strong>C. H. \u2014 Voil\u00e0 ! c&rsquo;est justement l\u00e0 o\u00f9 se trouve le lien entre la science et l&rsquo;\u00e9sot\u00e9risme.<\/strong><\/p>\n<p style=\"text-align: justify;\">B. N. \u2014 &#8230; Le monde est r\u00e9ellement mat\u00e9riel \u00e0 tous les ni veaux, il y a tout simplement une densit\u00e9 diff\u00e9rente. Il y a des lois, et qui dit lois dit essentiellement mati\u00e8re.<\/p>\n<p style=\"text-align: justify;\"><strong>C. H. \u2014 Vous voulez dire qu&rsquo;il n&rsquo;y aurait pas de lois dans le monde de l&rsquo;esprit ?<\/strong><\/p>\n<p style=\"text-align: justify;\">B. N. \u2014 Si, il y en a. Ce que je voulais dire, plus simplement, c&rsquo;est que les lois qui fonctionnent \u00e0 un certain niveau ne fonctionnent pas \u00e0 un autre niveau. Ce sont des lois nouvelles, et le saut n&rsquo;est pas compl\u00e8tement discontinu : il y a une discontinuit\u00e9, mais en m\u00eame temps une certaine relation. Alors, quelle relation ? D&rsquo;abord je vous dirai une chose tr\u00e8s simple qui apportera des arguments \u00e0 votre point de vue : il est clair que dans les t\u00e9moignages des grands hommes de science, on trouve d\u00e9crites des exp\u00e9riences qui touchent \u00e0 un autre domaine de r\u00e9alit\u00e9.<\/p>\n<p style=\"text-align: justify;\">Il y a l&rsquo;exemple c\u00e9l\u00e8bre de Niels Bohr, qui a eu une vision du monde plan\u00e9taire de l&rsquo;atome en r\u00eave. C&rsquo;est tellement beau que je voudrais le citer en entier, je l&rsquo;ai trouv\u00e9 dans un livre de Moufang et Stevens. Je cite : \u00ab Il (Niels Bohr)&#8230; se vit soudain transport\u00e9 sur le soleil de gaz br\u00fblant, d&rsquo;o\u00f9 il pouvait observer la terre. Des plan\u00e8tes passaient en sifflant devant le soleil. Elles \u00e9taient reli\u00e9es \u00e0 celui-ci par de minces filaments et tournaient autour. Soudain, le gaz sur lequel il croyait \u00eatre se solidifia et le soleil et les plan\u00e8tes se r\u00e9duisirent. Les plan\u00e8tes tournaient autour du soleil \u00e0 une vitesse effr\u00e9n\u00e9e. Niels Bohr se r\u00e9veilla \u00e0 ce moment et eut conscience d&rsquo;avoir d\u00e9couvert dans son r\u00eave le mod\u00e8le tant cherch\u00e9 de l&rsquo;atome. \u00bb (W. Moufang et W.O Stevens, \u00ab <em>Le myst\u00e8re des r\u00eaves<\/em> \u00bb, Deux Rives, 1956)<\/p>\n<p style=\"text-align: justify;\">C&rsquo;est un t\u00e9moignage int\u00e9ressant, parce que cela veut dire qu&rsquo;il y a des associations qui ne sont pas purement mentales et qui ne sont pas utilis\u00e9es dans notre \u00e9tat normal d&rsquo;\u00e9veil. Il y a des associations nouvelles, mais ces associations nouvelles passent par le r\u00eave par exemple, ou par l&rsquo;intuition, mais pas par la m\u00e9thode scientifique. Autrement dit : il y a moyen d&rsquo;acc\u00e8s, mais il ne faut pas r\u00e9duire tout au plan sp\u00e9cifique.<\/p>\n<p style=\"text-align: justify;\"><strong>C. H. \u2014 Ce n&rsquo;est pas une r\u00e9duction.<\/strong><\/p>\n<p style=\"text-align: justify;\">B. N. \u2014 C&rsquo;est une r\u00e9duction. Si l&rsquo;on fait les cartes, par exemple, ou si, pour la t\u00e9l\u00e9pathie, on va voir les co\u00efncidences, etc.<\/p>\n<p style=\"text-align: justify;\"><strong>C. H. \u2014 Pour le moment, la parapsychologie telle qu&rsquo;elle est \u00e9tudi\u00e9e (avec les cartes de Rhine par exemple) est en effet une r\u00e9duction. Mais si on voulait faire entrer dans la science certaines lois de l&rsquo;esprit qui sont nouvelles, la science serait oblig\u00e9e de s&rsquo;\u00e9largir pour comprendre ces lois-l\u00e0 et ce ne serait plus une r\u00e9duction de l&rsquo;esprit. Il est anormal que la science ne s&rsquo;occupe que de l&rsquo;homme ext\u00e9rieur et de l&rsquo;univers ext\u00e9rieur. Car nous avons en nous un \u00eatre de lumi\u00e8re qui est capable aussi de percevoir le monde de lumi\u00e8re avec ses lois.<\/strong><\/p>\n<p style=\"text-align: justify;\">B. N. \u2014 Attendez, car ce que vous dites de la science n&rsquo;est pas tout \u00e0 fait exact.<\/p>\n<p style=\"text-align: justify;\"><strong>C. H. \u2014 Il s&rsquo;agit de retrouver la science synth\u00e9tique. Avant que la science ne s&rsquo;occupe que de l&rsquo;observable et du r\u00e9p\u00e9table, les chercheurs, ne serait-ce qu&rsquo;il y a un ou deux si\u00e8cles, \u00e9taient des philosophes en m\u00eame temps que des scientifiques ; ils cr\u00e9aient une science synth\u00e9tique. Dans la tradition, la science a \u00e9t\u00e9 synth\u00e9tique.<\/strong><\/p>\n<p style=\"text-align: justify;\">B. N. \u2014 Absolument vrai, mais je parle de la science telle qu&rsquo;elle est d\u00e9finie actuellement. Si vous voulez la changer, c&rsquo;est une autre chose.<\/p>\n<p style=\"text-align: justify;\"><strong>C. H. \u2014 Oui, oui, justement !<\/strong><\/p>\n<p style=\"text-align: justify;\">B. N. \u2014 Tout mon point de vue, ma th\u00e8se, c&rsquo;est de faire remarquer que m\u00eame si on ne change pas de d\u00e9finition, m\u00eame si on reste dans le cadre de la science telle qu&rsquo;elle est actuellement, on a pourtant les moyens d&rsquo;\u00e9clairer la voie de cette recherche spirituelle. Vous voyez, il y a deux choses diff\u00e9rentes, et je dirai que c&rsquo;est Saint Jean de la Croix qui, paradoxalement, a parl\u00e9, de la mani\u00e8re la plus \u00e9tonnante, de ce r\u00f4le de la science telle qu&rsquo;elle est con\u00e7ue actuellement. J&rsquo;aime beaucoup cette citation de lui. Je vous la donne parce qu&rsquo;elle est contraire \u00e0 une certaine vision que l&rsquo;on a de lui : \u00ab Ainsi donc l&rsquo;\u00e2me qui aurait repouss\u00e9 et rejet\u00e9 le go\u00fbt de toutes les choses cr\u00e9\u00e9es, et mortifi\u00e9 toutes ses tendances, serait, nous pouvons le dire, comme dans la nuit et l&rsquo;obscurit\u00e9 ; ce ne serait en quelque sorte qu&rsquo;un vide complet par rapport \u00e0 tous les objets cr\u00e9\u00e9s. La cause de cela, c&rsquo;est que l&rsquo;\u00e2me&#8230; est, au moment o\u00f9 Dieu l&rsquo;unit au corps, comme une table rase ou lisse sur laquelle il n&rsquo;y aurait rien de peint ; et, \u00e0 part les connaissances qu&rsquo;elle acquiert peu \u00e0 peu par les sens, il ne lui en vient naturellement aucune autre d&rsquo;ailleurs&#8230; \u00d4tez-lui ce qu&rsquo;elle peut apprendre par les sens qui sont comme des fen\u00eatres de sa prison, elle ne peut naturellement rien conna\u00eetre par un autre moyen&#8230; \u00a0\u00bb (R\u00e9f. 8, p. 34)<\/p>\n<p style=\"text-align: justify;\">Je crois encore une fois qu&rsquo;il touche l\u00e0 le probl\u00e8me essentiel. On l&rsquo;a souvent pr\u00e9sent\u00e9 comme un ap\u00f4tre du non-savoir dans sa m\u00e9thode de connaissance. Or vous voyez que dans ce cas ce n&rsquo;est pas tellement vrai.<\/p>\n<p style=\"text-align: justify;\">Il dit : \u00ab Les organes des sens sont des fen\u00eatres de sa prison \u00bb, il ne dit pas \u00ab les murs de sa prison\u00a0\u00bb. C&rsquo;est tr\u00e8s important. Cela veut dire que m\u00eame si l&rsquo;on reste dans le cadre du monde ext\u00e9rieur, des organes des sens et des appareils qui prolongent les organes des sens, on a une possibilit\u00e9 d&rsquo;acc\u00e8s, de vue, de fen\u00eatres de la prison, par la science elle-m\u00eame. C&rsquo;est une des appr\u00e9ciations les plus extraordinaires de la science que j&rsquo;ai trouv\u00e9e chez un penseur traditionnel.<\/p>\n<p style=\"text-align: justify;\"><strong>C. H. \u2014 Je crois que c&rsquo;est la raison pour laquelle on peut dire tout d&rsquo;abord que l&rsquo;on est sur la terre pour apprendre quelque chose \u00e0 travers ces sens, ces fen\u00eatres, et ce n&rsquo;est pas pour rien, sinon on n&rsquo;acquerrait pas de connaissances, comme il le remarque justement, et ensuite, pour fixer ces connaissances, on doit utiliser le langage de l&rsquo;\u00e9poque, c&rsquo;est-\u00e0-dire actuellement le langage de la science. Faire ainsi, ce n&rsquo;est pas r\u00e9duire l&rsquo;esprit, mais lui donner une autre possibilit\u00e9 d&rsquo;application.<\/strong><\/p>\n<p style=\"text-align: justify;\">B. N. \u2014 Absolument. D&rsquo;ailleurs Lupasco, il y a pr\u00e8s de quarante ans, a \u00e9mis l&rsquo;hypoth\u00e8se, maintenant tr\u00e8s \u00e0 la mode, d&rsquo;une certaine relation entre le monde physique et le monde spirituel ou psychique, lorsqu&rsquo;il a d\u00e9couvert un troisi\u00e8me type de syst\u00e8mes possible, celui de syst\u00e8mes dynamiques antagonistes qui ne sont pas domin\u00e9s les uns par les autres. Ce sont des syst\u00e8mes neutres ou neutralisants dont les forces antagonistes s&rsquo;actualisent et se potentialisent simultan\u00e9ment. Lupasco dit que c&rsquo;est justement ce troisi\u00e8me type de syst\u00e8mes \u00e9nerg\u00e9tiques qui para\u00eet constituer le syst\u00e8me psychique, et qui d\u00e9finit en m\u00eame temps plus particuli\u00e8rement la r\u00e9alit\u00e9 quantique (R\u00e9f. 4, pp. 80-81).<\/p>\n<p style=\"text-align: justify;\">Je crois qu&rsquo;il faut bien comprendre cette hypoth\u00e8se parce qu&rsquo;elle est d&rsquo;une grande subtilit\u00e9. Il ne dit pas : \u00ab L&rsquo;\u00e2me est dans le neutron \u00bb ou \u00ab l&rsquo;\u00e2me est dans l&rsquo;\u00e9lectron \u00bb, ce serait une absurdit\u00e9 du point de vue scientifique et aussi du point de vue traditionnel : il y a des centaines de particules qui sont essentiellement sur le m\u00eame pied les unes que les autres. Ce que Lupasco dit, c&rsquo;est tout \u00e0 fait diff\u00e9rent : il montre qu&rsquo;il y a une certaine unit\u00e9 dans les lois des formes. Car, quand il parle de ces syst\u00e8mes \u00e9nerg\u00e9tiques, c&rsquo;est l&rsquo;\u00e9nergie qui unifie en quelque sorte des domaines tout \u00e0 fait distincts.<\/p>\n<p style=\"text-align: justify;\">Ce qui est \u00e0 la base du monde physique, c&rsquo;est l&rsquo;\u00e9nergie (depuis Einstein pourrait-on dire) et ce qui est \u00e0 la base du mot psychique, c&rsquo;est aussi l&rsquo;\u00e9nergie, mais l&rsquo;\u00e9nergie est r\u00e9gie par des lois des formes. Donc on peut voir une relation justement dans les lois des formes et non pas dans une manifestation plus ou moins accidentelle ou r\u00e9gie par des lois de d\u00e9tails.<\/p>\n<p style=\"text-align: justify;\"><strong>C. H. \u2014 Qu&rsquo;appelez-vous exactement \u00ab les lois des formes\u00a0\u00bb\u00a0? Sont-elles des lois de structures que l&rsquo;on pourrait retrouver de fa\u00e7on synth\u00e9tique \u00e0 diff\u00e9rents niveaux de r\u00e9alit\u00e9 ?<\/strong><\/p>\n<p style=\"text-align: justify;\">B. N. \u2014 Oui, ce sont des lois structurelles. Je vous ai d\u00e9j\u00e0 mentionn\u00e9 au cours de cet entretien la loi des trois et la loi des sept, qui sont des lois des formes, c&rsquo;est-\u00e0-dire qu&rsquo;elles peuvent s&rsquo;appliquer dans des domaines tout \u00e0 fait diff\u00e9rents.<\/p>\n<p style=\"text-align: justify;\">On peut revenir d&rsquo;ailleurs \u00e0 la loi des trois, car nous avons \u00e0 pr\u00e9sent assez de donn\u00e9es pour en discuter.<\/p>\n<p style=\"text-align: justify;\">La loi des trois est une manifestation plus subtile que la loi des sept qui montre la discontinuit\u00e9. Dans les approches contemporaines de la physique, que ce soit l&rsquo;approche du bootstrap ou que ce soit la th\u00e9orie des champs comme la chromodynamique quantique, c&rsquo;est-\u00e0-dire la th\u00e9orie des quarks et des champs qui leur sont associ\u00e9s, il y a une loi des trois tr\u00e8s profonde qui se manifeste.<\/p>\n<p style=\"text-align: justify;\">Ce qui se passe essentiellement, c&rsquo;est que les quarks apparaissent comme particules et comme non-particules \u00e0 la fois.<\/p>\n<p style=\"text-align: justify;\">Ils ne sont pas r\u00e9ellement des particules parce qu&rsquo;on ne les voit pas et qu&rsquo;on n&rsquo;est pas arriv\u00e9 \u00e0 les s\u00e9parer. Et pourquoi n&rsquo;est-on pas arriv\u00e9 \u00e0 les s\u00e9parer ? Parce que ces quarks, ces objets invisibles mais manifest\u00e9s d&rsquo;une mani\u00e8re indirecte, poss\u00e8dent un attribut que l&rsquo;on appelle la couleur. Bien s\u00fbr, il ne faut pas confondre cette \u00ab couleur \u00bb des quarks avec la couleur habituelle.<\/p>\n<p style=\"text-align: justify;\">C&rsquo;est ici un mot qui d\u00e9crit une certaine propri\u00e9t\u00e9 de l&rsquo;interaction entre les quarks ; et ces couleurs, selon nos connaissances, sont au nombre de trois et font que les quarks ne peuvent jamais sortir de la mati\u00e8re, c&rsquo;est ce qu&rsquo;on nomme \u00ab le confinement permanent \u00bb.<\/p>\n<p style=\"text-align: justify;\">On peut donc observer certains effets d&rsquo;une mani\u00e8re indirecte, mais \u00e0 cause de cette loi des trois (je simplifie beaucoup) ces objets, pour sortir, auraient besoin d&rsquo;une \u00e9nergie infinie. Or l&rsquo;\u00e9nergie qui est disponible \u00e0 l&rsquo;\u00e9chelle humaine est \u00e9videmment finie.<\/p>\n<p style=\"text-align: justify;\">Vous voyez comment une loi des formes peut \u00eatre li\u00e9e \u00e0 quelque chose de tr\u00e8s physique. D&rsquo;ailleurs cette loi des formes se manifeste de mani\u00e8re encore plus claire dans l&rsquo;approche topologique du bootstrap, dans laquelle les quarks apparaissent associ\u00e9s \u00e0 la division d&rsquo;une certaine surface bidimensionnelle sur laquelle les \u00e9v\u00e9nements sont d\u00e9ploy\u00e9s. Et dans cette division, il y a un objet fondamental math\u00e9matique qui permet de d\u00e9duire les lois, c&rsquo;est le triangle. Donc, par l&rsquo;interm\u00e9diaire du triangle qui nous donne les lois d&rsquo;invariance, nous avons une relation directe avec la loi des trois.<\/p>\n<p style=\"text-align: justify;\">Voil\u00e0 encore une relation entre une loi des formes et la r\u00e9alit\u00e9 physique. Ces lois des formes peuvent \u00e9videmment se manifester dans des domaines tr\u00e8s diff\u00e9rents comme la biologie ou la physique. Lupasco parle depuis longtemps des trois mati\u00e8res, des trois orientations privil\u00e9gi\u00e9es, des trois types de syst\u00e8mes, c&rsquo;est encore cette loi des trois, bien qu&rsquo;il ne l&rsquo;appelle pas ainsi. C&rsquo;est donc la base d&rsquo;une nouvelle logique par les lois des formes.<\/p>\n<p style=\"text-align: justify;\">Pourquoi cette loi des trois ? Justement parce que nous la retrouvons dans la loi du tiers inclus dans la nouvelle logique il n&rsquo;y a plus d&rsquo;identit\u00e9 d&rsquo;un objet. C&rsquo;est ce que j&rsquo;ai dit : un objet est A et non-A \u00e0 la fois.<\/p>\n<p style=\"text-align: justify;\"><strong>C. H. \u2014 Je crois que l&rsquo;on voit nettement se dessiner dans la science le passage d&rsquo;un univers duel ou polaire (A et non-A) \u00e0 un univers \u00e0 trois composantes.<\/strong><\/p>\n<p style=\"text-align: justify;\">B. N. \u2014 Oui, c&rsquo;est vrai, c&rsquo;est vrai.<\/p>\n<p style=\"text-align: justify;\"><strong>C. H. \u2014 Et c&rsquo;est tr\u00e8s important du point de vue logique, car le nombre trois rend d\u00e9j\u00e0 compte d&rsquo;une dimension spirituelle.<\/strong><\/p>\n<p style=\"text-align: justify;\">B. N. \u2014 Certainement. Et je crois que cela a mis tr\u00e8s long temps parce que le troisi\u00e8me terme de cette nouvelle logique, ou la troisi\u00e8me manifestation, si vous pr\u00e9f\u00e9rez, est beaucoup plus subtile, et donc beaucoup plus difficile \u00e0 trouver que les autres. Cependant cela reste une manifestation mat\u00e9rielle, car on manipule des \u00e9quations math\u00e9matiques et il ne s&rsquo;agit pas d&rsquo;introduire une id\u00e9e ext\u00e9rieure.<\/p>\n<p style=\"text-align: justify;\">La loi de polarit\u00e9 \u00e9tait visible depuis longtemps dans la physique : vous avez les particules et les antiparticules, la mati\u00e8re et l&rsquo;antimati\u00e8re. O\u00f9 est le troisi\u00e8me terme ? Il est tr\u00e8s difficile \u00e0 trouver. Le troisi\u00e8me terme, en quelque sorte, c&rsquo;est le m\u00e9diateur ; c&rsquo;est cet univers dont parle Lupasco, dans lequel les tendances s&rsquo;\u00e9quilibrent. C&rsquo;est la raison qui a fait que ce troisi\u00e8me terme a mis beaucoup plus de temps \u00e0 appara\u00eetre, mais j&rsquo;ajoute que maintenant, cette logique \u00e0 trois termes fait partie des id\u00e9es courantes.<\/p>\n<p style=\"text-align: justify;\">Il n&rsquo;y a pas que les mystiques qui ont entrevu cette loi des trois. Il y aussi des philosophes, avant Lupasco, mais ceux-ci avaient le d\u00e9savantage de ne pas conna\u00eetre la physique moderne. Je voudrais en citer un : Charles Saunders Peirce, consid\u00e9r\u00e9 comme le plus grand logicien et math\u00e9maticien am\u00e9ricain. Toute sa vie il a \u00e9t\u00e9 obs\u00e9d\u00e9 par cette loi des trois. Ce qu&rsquo;il disait essentiellement, c&rsquo;est que toutes les cat\u00e9gories logiques se r\u00e9duisent, par la repr\u00e9sentation des graphes, \u00e0 un vortex \u00e0 trois, et qu&rsquo;il y a donc une structure ternaire dans chaque concept, dans chaque ph\u00e9nom\u00e8ne. Cela a \u00e9t\u00e9 pouss\u00e9 beaucoup plus loin par l&rsquo;analyse de Lupasco, et l&rsquo;on voit appara\u00eetre dans les faits scientifiques eux-m\u00eames cette loi des trois.<\/p>\n<p style=\"text-align: justify;\"><strong>C. H. \u2014 Je pense m\u00eame que l&rsquo;on devrait utiliser cette logique ternaire dans les langages des ordinateurs.<\/strong><\/p>\n<p style=\"text-align: justify;\">B. N. \u2014 Certainement. Mais avant les langages des ordinateurs, on devrait d\u00e9j\u00e0 l&#8217;employer dans le langage scientifique. Or il faut bien reconna\u00eetre que nous sommes dans une situation paradoxale.<\/p>\n<p style=\"text-align: justify;\">Un moyen de d\u00e9crire la logique qui est \u00e0 la base de la m\u00e9canique quantique serait justement l&rsquo;adoption d&rsquo;une logique \u00e0 trois termes. Pourtant nous op\u00e9rons actuellement de nouveau avec une logique \u00e0 deux termes. Le langage n&rsquo;a pas chang\u00e9 bien que les faits exp\u00e9rimentaux eux-m\u00eames nous aient oblig\u00e9 \u00e0 voir la r\u00e9alit\u00e9 ainsi ; mais les concepts n&rsquo;ont pas suivi.<\/p>\n<p style=\"text-align: justify;\">Il faut bien se rendre compte que la physique est une science tr\u00e8s jeune. Elle n&rsquo;en est pas encore arriv\u00e9e \u00e0 ce point de maturit\u00e9 qui lui permettrait de se poser des questions sur ses propres m\u00e9thodes. Les math\u00e9maticiens l&rsquo;ont fait depuis longtemps, et c&rsquo;est en cela que des logiciens comme Peirce ou Lupasco sont des pr\u00e9curseurs parce qu&rsquo;un jour ou l&rsquo;autre nous serons oblig\u00e9s d&rsquo;adopter ce nouveau langage.<\/p>\n<p style=\"text-align: justify;\">On parle souvent des paradoxes de la m\u00e9canique quantique. Or c&rsquo;est peut-\u00eatre un faux probl\u00e8me parce que les paradoxes apparaissent souvent du fait de l&rsquo;inadaptation du langage \u00e0 la mati\u00e8re qui est manipul\u00e9e dans les th\u00e9ories actuelles. Cela cr\u00e9e forc\u00e9ment des paradoxes, ne serait-ce qu&rsquo;au niveau de la terminologie, au niveau \u00e9pist\u00e9mologique, car les paradoxes ne se situent pas tellement au niveau de la r\u00e9alit\u00e9 exp\u00e9rimentale elle-m\u00eame.<\/p>\n<p style=\"text-align: justify;\"><strong>C. H. \u2014 Malheureusement la structure m\u00eame de notre langage est duelle, dans la grammaire : le sujet et l&rsquo;objet, etc.<\/strong><\/p>\n<p style=\"text-align: justify;\"><strong>Je parlais tout \u00e0 l&rsquo;heure du langage des ordinateurs parce que cette nouvelle logique s&rsquo;introduit plus facilement d&rsquo;abord par l&rsquo;ordinateur. Mais si l&rsquo;humanit\u00e9 veut passer \u00e0 un autre niveau de conscience, notre grammaire elle-m\u00eame doit changer.<\/strong><\/p>\n<p style=\"text-align: justify;\">B. N. \u2014 Je dois dire que c&rsquo;est tout d&rsquo;abord notre mode de pens\u00e9e qui doit changer.<\/p>\n<p style=\"text-align: justify;\"><strong>C. H. \u2014 Oui, mais on sera repris sans cesse par la polarit\u00e9 si, au moment m\u00eame o\u00f9 on dit : je vois, on introduit d\u00e9j\u00e0 une dualit\u00e9.<\/strong><\/p>\n<p style=\"text-align: justify;\">B. N. \u2014 C&rsquo;est cela, \u00e9videmment. Tout cela est tr\u00e8s subtil et compliqu\u00e9 \u00e0 la fois. Changer notre mode de penser, cela suppose accepter la contradiction comme inh\u00e9rente dans le monde r\u00e9el, et c&rsquo;est une d\u00e9marche tr\u00e8s difficile puisque cela implique la mise en question de notre identit\u00e9 m\u00eame, ce qui provoque une certaine peur. Mais c&rsquo;est de cela que l&rsquo;on parle dans la logique quantique : accepter la contradiction, accepter que la notion fondamentale soit l&rsquo;interrelation, que l&rsquo;univers soit comme un \u00eatre dans lequel il y a des lois de maintenance qui font que si une partie change, toutes les autres parties sentent ce changement.<\/p>\n<p style=\"text-align: justify;\">Or la mani\u00e8re dont nous avons op\u00e9r\u00e9 jusqu&rsquo;\u00e0 pr\u00e9sent (dont on ne peut nier qu&rsquo;elle ait engendr\u00e9 beaucoup de succ\u00e8s sur le plan pratique) c&rsquo;est d&#8217;employer la m\u00e9thode de s\u00e9paration. Parce que nous avons pu s\u00e9parer les objets, nous avons pu faire des d\u00e9couvertes extraordinaires. Malgr\u00e9 tout, nous disons maintenant que la vraie compr\u00e9hension passe par la non-s\u00e9parabilit\u00e9.<\/p>\n<p style=\"text-align: justify;\">Si on accepte cette id\u00e9e tr\u00e8s riche, formul\u00e9e par Geoffrey Chew, de la r\u00e9alit\u00e9 comme approximation, il n&rsquo;y a plus vraiment de contradiction entre des objets s\u00e9parables et des objets non s\u00e9parables.<\/p>\n<p style=\"text-align: justify;\">Il faut que la science reste dans un domaine bien d\u00e9fini. Jusqu&rsquo;\u00e0 pr\u00e9sent, elle a eu un tel succ\u00e8s sur le plan pratique qu&rsquo;il ne faudrait pas, par un changement tout \u00e0 fait na\u00eff et brutal, prendre le risque de casser la maison tout enti\u00e8re.<\/p>\n<p style=\"text-align: justify;\"><strong>C. H. \u2014 Je ne crois tout de m\u00eame pas<\/strong>.<\/p>\n<p style=\"text-align: justify;\">B. N. \u2014 Si, parce qu&rsquo;il s&rsquo;agit d&rsquo;unifier les mondes plut\u00f4t que d&rsquo;essayer de les juxtaposer.<\/p>\n<p style=\"text-align: justify;\"><strong>C. H. \u2014 Justement, c&rsquo;est pour cela qu&rsquo;on ne peut laisser l&rsquo;esprit d&rsquo;un c\u00f4t\u00e9 et la mati\u00e8re de l&rsquo;autre. Si l&rsquo;on veut d\u00e9passer la dualit\u00e9, on est oblig\u00e9 de faire le lien entre les deux.<\/strong><\/p>\n<p style=\"text-align: justify;\">B. N \u2014 Bien s\u00fbr, c&rsquo;est absolument vrai. Mais encore une fois, pourquoi croire que les m\u00e9thodes de connaissance soient l&rsquo;apanage de la science telle qu&rsquo;elle est d\u00e9finie actuellement. Il y a d&rsquo;autres modes de connaissance aussi valables et il existe une relation tr\u00e8s subtile, peut-\u00eatre par cette loi des formes, entre les diff\u00e9rents domaines.<\/p>\n<p style=\"text-align: justify;\">Comment donc peut se produire cette unification ? Car je vois bien ce qui vous tracasse : c&rsquo;est que l&rsquo;homme doit \u00eatre une unit\u00e9 et ne doit pas \u00eatre s\u00e9par\u00e9 en lui-m\u00eame&#8230;<\/p>\n<p style=\"text-align: justify;\"><strong>C. H \u2014 Bien s\u00fbr, il ne peut pas s\u00e9parer son esprit de sa mati\u00e8re. D&rsquo;autre part, ces lois des formes, entre autres, ce sont d\u00e9j\u00e0 des lois synth\u00e9tiques qui vont \u00eatre valables sur tous les plans : mentaux, subquantiques ; et d\u00e8s ce moment-l\u00e0, on peut obtenir une unification extraordinaire.<\/strong><\/p>\n<p style=\"text-align: justify;\"><strong>\u00a0<\/strong><\/p>\n<p style=\"text-align: justify;\">B. N. \u2014 Exactement, mais cette unification est un processus qui ne peut pas s&rsquo;op\u00e9rer en appliquant les lois du mental aux lois du non-mental, car alors ce serait la catastrophe et pour le mental, et pour ce qui est extra-mental.<\/p>\n<p style=\"text-align: justify;\"><strong>C. H. \u2014 Il ne s&rsquo;agit pas d&rsquo;appliquer des lois \u00e0 un autre domaine mais de d\u00e9couvrir celles qui se r\u00e9percutent \u00e0 plusieurs niveaux.<\/strong><\/p>\n<p style=\"text-align: justify;\">B. N. \u2014 Bien s\u00fbr, celles qui ont une certaine cons\u00e9quence. C&rsquo;est d\u00e9j\u00e0 un pas \u00e9norme, qui montre que les scientifiques ne sont pas oppos\u00e9s \u00e0 une remise en question, de s&rsquo;\u00eatre rendu compte tr\u00e8s vite que l&rsquo;observateur est impliqu\u00e9 lui-m\u00eame dans le processus de mesure. Autrement dit : l&rsquo;observateur cesse d&rsquo;\u00eatre un \u00ab observateur \u00bb et devient, avec le mot de Wheeler, un \u00ab participant \u00bb.<\/p>\n<p style=\"text-align: justify;\">Alors, qui est le participant ? C&rsquo;est tout d&rsquo;abord le moyen de connaissance lui-m\u00eame, c&rsquo;est-\u00e0-dire le mental. Donc le mental fait d\u00e9j\u00e0 partie de la r\u00e9alit\u00e9 physique, ce qui est un \u00e9norme pas en avant, parce que avant, on gardait cette croyance profonde que le mental \u00e9tait s\u00e9par\u00e9 d&rsquo;une r\u00e9alit\u00e9 ext\u00e9rieure objective qui pouvait continuer \u00e0 exister sans le mental. Or, ce que la physique, par ses propres moyens, est arriv\u00e9e \u00e0 dire, c&rsquo;est que le mental est lui-m\u00eame une partie de l&rsquo;observation.<\/p>\n<p style=\"text-align: justify;\">La science aime \u00e0 avancer par petits pas. Dans un proche avenir, il s&rsquo;agira donc s&rsquo;investiguer les structures du mental, car elles ne sont pas connues. Comment le mental est-il li\u00e9 \u00e0 l&rsquo;espace-temps\u00a0? On ne le sait pas. Donc avant de parler des grandes lois de l&rsquo;esprit&#8230;<\/p>\n<p style=\"text-align: justify;\"><strong>C. H. \u2014 Je suis bien d&rsquo;accord : les lois que nous avons \u00e0 examiner sont les lois du mental. Mais d\u00e8s que l&rsquo;on \u00e9tudie le mental, on touche tout de suite au domaine spirituel.<\/strong><\/p>\n<p style=\"text-align: justify;\">B. N. \u2014 Oui.<\/p>\n<p style=\"text-align: justify;\"><strong>C. H. \u2014 Comment alors \u00e0 ce moment-l\u00e0 approcher les lois du mental de mani\u00e8re scientifique ?<\/strong><\/p>\n<p style=\"text-align: justify;\">B. N. \u2014 Personne n&rsquo;en sait rien pour l&rsquo;instant. C&rsquo;est d\u00e9j\u00e0 un progr\u00e8s immense que la question soit pos\u00e9e. Par exemple, dans les d\u00e9bats sur les paradoxes de la m\u00e9canique quantique, on se pose cette question. C&rsquo;est pourquoi je crois qu&rsquo;un avenir proche va nous amener des d\u00e9couvertes importantes dans cette direction.<\/p>\n<div style=\"text-align: justify;\"><\/div>\n<hr align=\"left\" size=\"1\" width=\"33%\" \/>\n<div style=\"text-align: justify;\">\n<p><a id=\"X1\" href=\"#Y1\">[1]<\/a> G.F. Chew, \u00ab Impasse du concept de particule \u00e9l\u00e9mentaire \u00bb, in The Great Ideas Today 1974, Encyclopaedia Britannica, p. 119.<\/p>\n<p>Voir aussi, pour comprendre l&rsquo;\u00e9volution du concept de \u00ab bootstrap \u00bb : G. F. Chew, \u00ab S-Matrix Theory of Strong Interactions \u00bb, Benjamin (USA), 1961. G.F. Chew, \u00ab The Analytic S-Matrix \u00bb. Benjamin (USA), 1966. G.F. Chew, \u00ab Bootstrap : A Scientific Idea ? \u00bb, Science, vol. 161, pp. 762-765, 1968. G.F. Chew, \u00ab Hadron Bootstrap : Triumph or Frustration ? \u00bb, physics Today, vol. 23, n<sup>o<\/sup> 10, pp. 23-28, 1970.<\/p>\n<\/div>\n<div style=\"text-align: justify;\">\n<p><a id=\"X2\" href=\"#Y2\">[2]<\/a> P.D. Ouspensky, \u00ab <em>Tertium Organum<\/em> \u00bb, Vintage Books, New York, 1970, p. 236 ; la premi\u00e8re \u00e9dition do ce livre est parue en 1912, en Russie. Pour la bibliographie compl\u00e8te des travaux de P.D. Ouspensky, voir \u00ab Remembering Pyott Demianovich Ouspensky \u00bb, Yale University, New Haven, Connecticut (USA), 1978.<\/p>\n<\/div>\n<div style=\"text-align: justify;\">\n<p><a id=\"X3\" href=\"#Y3\">[3]<\/a> \u00ab <em>Jakob B\u00f6hme<\/em> \u00bb, Cahiers de l&rsquo;Herm\u00e9tisme, \u00e9dit\u00e9s par Antoine Faivre et Fr\u00e9d\u00e9rick Tristan, Albin Michel, 1977, pp. 190-191.<\/p>\n<\/div>\n<div style=\"text-align: justify;\">\n<p><a id=\"X4\" href=\"#Y4\">[4]<\/a> St\u00e9phane Lupasco, \u00ab <em>Les trois mati\u00e8res<\/em> \u00bb, 10\/18, Julliard, 1970, p. 82, Pour comprendre la philosophie de Lupasco, voir la bibliographie en fin d&rsquo;interview, et aussi : \u00ab \u00catre et ne pas \u00eatre avec Lupasco \u00bb, num\u00e9ro sp\u00e9cial de La Tour de Feu, cahier 85, mars 1965.<\/p>\n<\/div>\n<div style=\"text-align: justify;\">\n<p><a id=\"X5\" href=\"#Y5\">[5]<\/a> Voir, par exemple, G.I. Gurdjieff, \u00ab <em>R\u00e9cits de Belz\u00e9buth \u00e0 son petit-fils<\/em> \u00bb, Ed. Stock Plus, 1979, vol. I, pp. 137-138, 441-461, vol. II, pp. 224-225, vol. III, pp. 9-63 (r\u00e9\u00e9d. Ed. du Rocher, 1983).<\/p>\n<\/div>\n<div style=\"text-align: justify;\">\n<p><a id=\"X6\" href=\"#Y6\">[6]<\/a> G.F. Chew et V. Po\u00e9naru, \u00ab Topological Bootstrap Theory old Hadron, \u00bb, Zeitschrift fiir Physik, C 11, 59, 1981.<\/p>\n<p>Pour les d\u00e9veloppements r\u00e9cents de la th\u00e9orie du bootstrap topologique, voir aussi : G.F. Chew, J. Finkelstein, R.Mc Murray et V. Po\u00e9naru, \u00ab A Topological Theory of Electromagnetism \u00bb, The Physical Review, D 24, 2287, 1981. P. Gauron, B. Nicolescu et S. Ouvry, \u00ab Topological Super-symmetric Structure of Hadron Cross Sections \u00bb, The Physical Review, D 24, 2501, 1981. G.F. Chew, J. Finkelstein, B. Nicolescu et V. Po\u00e9naru, \u00ab Topological Compositeness of Quarks, Leptons and Electroweak Bosons \u00bb, pr\u00e9publication de l&rsquo;Institut de Physique Nucl\u00e9aire d&rsquo;Orsay, IPNO\/TH 82-4, 1982.<\/p>\n<\/div>\n<div style=\"text-align: justify;\">\n<p><a id=\"X7\" href=\"#Y7\">[7]<\/a> R\u00e9f. 3, p. 133.<\/p>\n<\/div>\n<div style=\"text-align: justify;\">\n<p><a id=\"X8\" href=\"#Y8\">[8]<\/a> Saint Jean de la Croix, \u00ab <em>La Mont\u00e9e du Carmel<\/em> \u00bb, dans <em>\u0152uvres spirituelles<\/em>, Seuil, 1954, pp. 36-38.<\/p>\n<p><strong><a href=\"http:\/\/www.revue3emillenaire.com\/blog\/wp-content\/uploads\/2014\/01\/C-Hardy.jpg\"><img loading=\"lazy\" decoding=\"async\" class=\"alignleft size-full wp-image-14875\" title=\"C Hardy\" src=\"http:\/\/www.revue3emillenaire.com\/blog\/wp-content\/uploads\/2014\/01\/C-Hardy.jpg\" alt=\"\" width=\"133\" height=\"135\" \/><\/a>Christine Hardy est <\/strong><strong>Dr es sciences humaines et ethnologue. Son blog en anglais : <a id=\"yui_3_13_0_ym1_1_1388254948177_2976\" href=\"http:\/\/chris-h-hardy-dna-of-the-gods.blogspot.fr\/\" rel=\"nofollow\" shape=\"rect\" target=\"_blank\">http:\/\/chris-h-hardy-dna-of-the-gods.blogspot.fr\/<\/a>. Dernier livre publi\u00e9 en Fran\u00e7ais : <em id=\"yui_3_13_0_ym1_1_1388254948177_3931\"> <\/em><strong><em id=\"yui_3_13_0_ym1_1_1388254948177_3930\">La Pr\u00e9diction de Jung : La m\u00e9tamorphose de la Terre<\/em><\/strong>. Dervy, 2012. En <strong>anglais<\/strong> : <em id=\"yui_3_13_0_ym1_1_1388254948177_4224\">DNA of the Gods: <\/em><em>T<strong>he Anunnaki Creation of Eve and the Alien Battle for Humanity<\/strong><\/em><em>, <\/em>Bear &amp; Co., USA &amp; Canada<em>, mars <\/em><em id=\"yui_3_13_0_ym1_1_1388254948177_3925\">2014<\/em><em id=\"yui_3_13_0_ym1_1_1388254948177_3927\">. \u00c0 Lire aussi son interview dans le num\u00e9ro 104 de 3e Mill\u00e9naire.<\/em><\/strong><\/p>\n<\/div>\n","protected":false},"excerpt":{"rendered":"<p>Cela veut dire que ce que l&rsquo;on met en doute ici, c&rsquo;est la notion m\u00eame de l&rsquo;identit\u00e9 pr\u00e9cise d&rsquo;une particule, et on essaie de lui substituer la notion de relation entre particules. Ainsi, ce sont les relations entre les particules qui sont responsables de l&rsquo;apparition d&rsquo;un objet qu&rsquo;on appelle particule. Il n&rsquo;y a pas d&rsquo;objet en soi, ni d&rsquo;identit\u00e9 propre qu&rsquo;on puisse d\u00e9finir d&rsquo;une mani\u00e8re s\u00e9par\u00e9e ou distincte des autres particules. Une particule est ce qu&rsquo;elle est parce que toutes les autres particules existent \u00e0 la fois&#8230; <\/p>\n","protected":false},"author":1,"featured_media":15549,"comment_status":"closed","ping_status":"closed","sticky":false,"template":"","format":"standard","meta":{"footnotes":""},"categories":[5,927,416],"tags":[512,1221,270,743,47,100,744,277,123],"class_list":["post-15540","post","type-post","status-publish","format-standard","has-post-thumbnail","hentry","category-interview","category-hardy-christine","category-b-nicolescu","tag-esprit","tag-jacob-bohme","tag-lupasco","tag-matiere","tag-mystique","tag-physique","tag-tiers-inclus","tag-tradition","tag-unite"],"yoast_head":"<!-- This site is optimized with the Yoast SEO plugin v27.0 - https:\/\/yoast.com\/product\/yoast-seo-wordpress\/ -->\n<title>Vision de l&#039;unit\u00e9, entretien Basarab Nicolescu et Christine Hardy - 3e mill\u00e9naire - Spiritualit\u00e9 - Connaissance de soi - Non-dualit\u00e9 - M\u00e9ditation<\/title>\n<meta name=\"robots\" content=\"index, follow, max-snippet:-1, max-image-preview:large, max-video-preview:-1\" \/>\n<link rel=\"canonical\" href=\"https:\/\/www.revue3emillenaire.com\/blog\/vision-de-lunite-entretien-basarab-nicolescu-et-christine-hardy\/\" \/>\n<meta property=\"og:locale\" content=\"fr_FR\" \/>\n<meta property=\"og:type\" content=\"article\" \/>\n<meta property=\"og:title\" content=\"Vision de l&#039;unit\u00e9, entretien Basarab Nicolescu et Christine Hardy - 3e mill\u00e9naire - Spiritualit\u00e9 - Connaissance de soi - Non-dualit\u00e9 - M\u00e9ditation\" \/>\n<meta property=\"og:description\" content=\"Cela veut dire que ce que l&#039;on met en doute ici, c&#039;est la notion m\u00eame de l&#039;identit\u00e9 pr\u00e9cise d&#039;une particule, et on essaie de lui substituer la notion de relation entre particules. Ainsi, ce sont les relations entre les particules qui sont responsables de l&#039;apparition d&#039;un objet qu&#039;on appelle particule. Il n&#039;y a pas d&#039;objet en soi, ni d&#039;identit\u00e9 propre qu&#039;on puisse d\u00e9finir d&#039;une mani\u00e8re s\u00e9par\u00e9e ou distincte des autres particules. Une particule est ce qu&#039;elle est parce que toutes les autres particules existent \u00e0 la fois...\" \/>\n<meta property=\"og:url\" content=\"https:\/\/www.revue3emillenaire.com\/blog\/vision-de-lunite-entretien-basarab-nicolescu-et-christine-hardy\/\" \/>\n<meta property=\"og:site_name\" content=\"3e mill\u00e9naire - Spiritualit\u00e9 - Connaissance de soi - Non-dualit\u00e9 - M\u00e9ditation\" \/>\n<meta property=\"article:published_time\" content=\"2014-03-13T01:13:31+00:00\" \/>\n<meta property=\"og:image\" content=\"https:\/\/www.revue3emillenaire.com\/blog\/wp-content\/uploads\/2014\/03\/Nicolescu.jpg\" \/>\n\t<meta property=\"og:image:width\" content=\"180\" \/>\n\t<meta property=\"og:image:height\" content=\"184\" \/>\n\t<meta property=\"og:image:type\" content=\"image\/jpeg\" \/>\n<meta name=\"author\" content=\"3e mill\u00e9naire\" \/>\n<meta name=\"twitter:card\" content=\"summary_large_image\" \/>\n<meta name=\"twitter:label1\" content=\"\u00c9crit par\" \/>\n\t<meta name=\"twitter:data1\" content=\"3e mill\u00e9naire\" \/>\n\t<meta name=\"twitter:label2\" content=\"Dur\u00e9e de lecture estim\u00e9e\" \/>\n\t<meta name=\"twitter:data2\" content=\"52 minutes\" \/>\n<script type=\"application\/ld+json\" class=\"yoast-schema-graph\">{\"@context\":\"https:\/\/schema.org\",\"@graph\":[{\"@type\":\"Article\",\"@id\":\"https:\/\/www.revue3emillenaire.com\/blog\/vision-de-lunite-entretien-basarab-nicolescu-et-christine-hardy\/#article\",\"isPartOf\":{\"@id\":\"https:\/\/www.revue3emillenaire.com\/blog\/vision-de-lunite-entretien-basarab-nicolescu-et-christine-hardy\/\"},\"author\":{\"name\":\"3e mill\u00e9naire\",\"@id\":\"https:\/\/www.revue3emillenaire.com\/blog\/#\/schema\/person\/9a3a7cc4ccaa707f402d4394327106d5\"},\"headline\":\"Vision de l&rsquo;unit\u00e9, entretien Basarab Nicolescu et Christine Hardy\",\"datePublished\":\"2014-03-13T01:13:31+00:00\",\"mainEntityOfPage\":{\"@id\":\"https:\/\/www.revue3emillenaire.com\/blog\/vision-de-lunite-entretien-basarab-nicolescu-et-christine-hardy\/\"},\"wordCount\":10330,\"image\":{\"@id\":\"https:\/\/www.revue3emillenaire.com\/blog\/vision-de-lunite-entretien-basarab-nicolescu-et-christine-hardy\/#primaryimage\"},\"thumbnailUrl\":\"https:\/\/www.revue3emillenaire.com\/blog\/wp-content\/uploads\/2014\/03\/Nicolescu.jpg\",\"keywords\":[\"esprit\",\"Jacob B\u00f6hme\",\"Lupasco\",\"Mati\u00e8re\",\"Mystique\",\"Physique\",\"Tiers Inclus\",\"Tradition\",\"Unit\u00e9\"],\"articleSection\":[\"Entretien\/Interview\",\"Hardy Christine\",\"Nicolescu Basarab\"],\"inLanguage\":\"fr-FR\"},{\"@type\":\"WebPage\",\"@id\":\"https:\/\/www.revue3emillenaire.com\/blog\/vision-de-lunite-entretien-basarab-nicolescu-et-christine-hardy\/\",\"url\":\"https:\/\/www.revue3emillenaire.com\/blog\/vision-de-lunite-entretien-basarab-nicolescu-et-christine-hardy\/\",\"name\":\"Vision de l'unit\u00e9, entretien Basarab Nicolescu et Christine Hardy - 3e mill\u00e9naire - Spiritualit\u00e9 - Connaissance de soi - Non-dualit\u00e9 - M\u00e9ditation\",\"isPartOf\":{\"@id\":\"https:\/\/www.revue3emillenaire.com\/blog\/#website\"},\"primaryImageOfPage\":{\"@id\":\"https:\/\/www.revue3emillenaire.com\/blog\/vision-de-lunite-entretien-basarab-nicolescu-et-christine-hardy\/#primaryimage\"},\"image\":{\"@id\":\"https:\/\/www.revue3emillenaire.com\/blog\/vision-de-lunite-entretien-basarab-nicolescu-et-christine-hardy\/#primaryimage\"},\"thumbnailUrl\":\"https:\/\/www.revue3emillenaire.com\/blog\/wp-content\/uploads\/2014\/03\/Nicolescu.jpg\",\"datePublished\":\"2014-03-13T01:13:31+00:00\",\"author\":{\"@id\":\"https:\/\/www.revue3emillenaire.com\/blog\/#\/schema\/person\/9a3a7cc4ccaa707f402d4394327106d5\"},\"breadcrumb\":{\"@id\":\"https:\/\/www.revue3emillenaire.com\/blog\/vision-de-lunite-entretien-basarab-nicolescu-et-christine-hardy\/#breadcrumb\"},\"inLanguage\":\"fr-FR\",\"potentialAction\":[{\"@type\":\"ReadAction\",\"target\":[\"https:\/\/www.revue3emillenaire.com\/blog\/vision-de-lunite-entretien-basarab-nicolescu-et-christine-hardy\/\"]}]},{\"@type\":\"ImageObject\",\"inLanguage\":\"fr-FR\",\"@id\":\"https:\/\/www.revue3emillenaire.com\/blog\/vision-de-lunite-entretien-basarab-nicolescu-et-christine-hardy\/#primaryimage\",\"url\":\"https:\/\/www.revue3emillenaire.com\/blog\/wp-content\/uploads\/2014\/03\/Nicolescu.jpg\",\"contentUrl\":\"https:\/\/www.revue3emillenaire.com\/blog\/wp-content\/uploads\/2014\/03\/Nicolescu.jpg\",\"width\":\"180\",\"height\":\"184\"},{\"@type\":\"BreadcrumbList\",\"@id\":\"https:\/\/www.revue3emillenaire.com\/blog\/vision-de-lunite-entretien-basarab-nicolescu-et-christine-hardy\/#breadcrumb\",\"itemListElement\":[{\"@type\":\"ListItem\",\"position\":1,\"name\":\"Accueil\",\"item\":\"https:\/\/www.revue3emillenaire.com\/blog\/\"},{\"@type\":\"ListItem\",\"position\":2,\"name\":\"Vision de l&rsquo;unit\u00e9, entretien Basarab Nicolescu et Christine Hardy\"}]},{\"@type\":\"WebSite\",\"@id\":\"https:\/\/www.revue3emillenaire.com\/blog\/#website\",\"url\":\"https:\/\/www.revue3emillenaire.com\/blog\/\",\"name\":\"3e mill\u00e9naire - Spiritualit\u00e9 - Connaissance de soi - Non-dualit\u00e9 - M\u00e9ditation\",\"description\":\"L&#039;Homme en devenir\",\"potentialAction\":[{\"@type\":\"SearchAction\",\"target\":{\"@type\":\"EntryPoint\",\"urlTemplate\":\"https:\/\/www.revue3emillenaire.com\/blog\/?s={search_term_string}\"},\"query-input\":{\"@type\":\"PropertyValueSpecification\",\"valueRequired\":true,\"valueName\":\"search_term_string\"}}],\"inLanguage\":\"fr-FR\"},{\"@type\":\"Person\",\"@id\":\"https:\/\/www.revue3emillenaire.com\/blog\/#\/schema\/person\/9a3a7cc4ccaa707f402d4394327106d5\",\"name\":\"3e mill\u00e9naire\",\"url\":\"https:\/\/www.revue3emillenaire.com\/blog\/author\/admin\/\"}]}<\/script>\n<!-- \/ Yoast SEO plugin. -->","yoast_head_json":{"title":"Vision de l'unit\u00e9, entretien Basarab Nicolescu et Christine Hardy - 3e mill\u00e9naire - Spiritualit\u00e9 - Connaissance de soi - Non-dualit\u00e9 - M\u00e9ditation","robots":{"index":"index","follow":"follow","max-snippet":"max-snippet:-1","max-image-preview":"max-image-preview:large","max-video-preview":"max-video-preview:-1"},"canonical":"https:\/\/www.revue3emillenaire.com\/blog\/vision-de-lunite-entretien-basarab-nicolescu-et-christine-hardy\/","og_locale":"fr_FR","og_type":"article","og_title":"Vision de l'unit\u00e9, entretien Basarab Nicolescu et Christine Hardy - 3e mill\u00e9naire - Spiritualit\u00e9 - Connaissance de soi - Non-dualit\u00e9 - M\u00e9ditation","og_description":"Cela veut dire que ce que l'on met en doute ici, c'est la notion m\u00eame de l'identit\u00e9 pr\u00e9cise d'une particule, et on essaie de lui substituer la notion de relation entre particules. Ainsi, ce sont les relations entre les particules qui sont responsables de l'apparition d'un objet qu'on appelle particule. Il n'y a pas d'objet en soi, ni d'identit\u00e9 propre qu'on puisse d\u00e9finir d'une mani\u00e8re s\u00e9par\u00e9e ou distincte des autres particules. Une particule est ce qu'elle est parce que toutes les autres particules existent \u00e0 la fois...","og_url":"https:\/\/www.revue3emillenaire.com\/blog\/vision-de-lunite-entretien-basarab-nicolescu-et-christine-hardy\/","og_site_name":"3e mill\u00e9naire - Spiritualit\u00e9 - Connaissance de soi - Non-dualit\u00e9 - M\u00e9ditation","article_published_time":"2014-03-13T01:13:31+00:00","og_image":[{"width":180,"height":184,"url":"https:\/\/www.revue3emillenaire.com\/blog\/wp-content\/uploads\/2014\/03\/Nicolescu.jpg","type":"image\/jpeg"}],"author":"3e mill\u00e9naire","twitter_card":"summary_large_image","twitter_misc":{"\u00c9crit par":"3e mill\u00e9naire","Dur\u00e9e de lecture estim\u00e9e":"52 minutes"},"schema":{"@context":"https:\/\/schema.org","@graph":[{"@type":"Article","@id":"https:\/\/www.revue3emillenaire.com\/blog\/vision-de-lunite-entretien-basarab-nicolescu-et-christine-hardy\/#article","isPartOf":{"@id":"https:\/\/www.revue3emillenaire.com\/blog\/vision-de-lunite-entretien-basarab-nicolescu-et-christine-hardy\/"},"author":{"name":"3e mill\u00e9naire","@id":"https:\/\/www.revue3emillenaire.com\/blog\/#\/schema\/person\/9a3a7cc4ccaa707f402d4394327106d5"},"headline":"Vision de l&rsquo;unit\u00e9, entretien Basarab Nicolescu et Christine Hardy","datePublished":"2014-03-13T01:13:31+00:00","mainEntityOfPage":{"@id":"https:\/\/www.revue3emillenaire.com\/blog\/vision-de-lunite-entretien-basarab-nicolescu-et-christine-hardy\/"},"wordCount":10330,"image":{"@id":"https:\/\/www.revue3emillenaire.com\/blog\/vision-de-lunite-entretien-basarab-nicolescu-et-christine-hardy\/#primaryimage"},"thumbnailUrl":"https:\/\/www.revue3emillenaire.com\/blog\/wp-content\/uploads\/2014\/03\/Nicolescu.jpg","keywords":["esprit","Jacob B\u00f6hme","Lupasco","Mati\u00e8re","Mystique","Physique","Tiers Inclus","Tradition","Unit\u00e9"],"articleSection":["Entretien\/Interview","Hardy Christine","Nicolescu Basarab"],"inLanguage":"fr-FR"},{"@type":"WebPage","@id":"https:\/\/www.revue3emillenaire.com\/blog\/vision-de-lunite-entretien-basarab-nicolescu-et-christine-hardy\/","url":"https:\/\/www.revue3emillenaire.com\/blog\/vision-de-lunite-entretien-basarab-nicolescu-et-christine-hardy\/","name":"Vision de l'unit\u00e9, entretien Basarab Nicolescu et Christine Hardy - 3e mill\u00e9naire - Spiritualit\u00e9 - Connaissance de soi - Non-dualit\u00e9 - M\u00e9ditation","isPartOf":{"@id":"https:\/\/www.revue3emillenaire.com\/blog\/#website"},"primaryImageOfPage":{"@id":"https:\/\/www.revue3emillenaire.com\/blog\/vision-de-lunite-entretien-basarab-nicolescu-et-christine-hardy\/#primaryimage"},"image":{"@id":"https:\/\/www.revue3emillenaire.com\/blog\/vision-de-lunite-entretien-basarab-nicolescu-et-christine-hardy\/#primaryimage"},"thumbnailUrl":"https:\/\/www.revue3emillenaire.com\/blog\/wp-content\/uploads\/2014\/03\/Nicolescu.jpg","datePublished":"2014-03-13T01:13:31+00:00","author":{"@id":"https:\/\/www.revue3emillenaire.com\/blog\/#\/schema\/person\/9a3a7cc4ccaa707f402d4394327106d5"},"breadcrumb":{"@id":"https:\/\/www.revue3emillenaire.com\/blog\/vision-de-lunite-entretien-basarab-nicolescu-et-christine-hardy\/#breadcrumb"},"inLanguage":"fr-FR","potentialAction":[{"@type":"ReadAction","target":["https:\/\/www.revue3emillenaire.com\/blog\/vision-de-lunite-entretien-basarab-nicolescu-et-christine-hardy\/"]}]},{"@type":"ImageObject","inLanguage":"fr-FR","@id":"https:\/\/www.revue3emillenaire.com\/blog\/vision-de-lunite-entretien-basarab-nicolescu-et-christine-hardy\/#primaryimage","url":"https:\/\/www.revue3emillenaire.com\/blog\/wp-content\/uploads\/2014\/03\/Nicolescu.jpg","contentUrl":"https:\/\/www.revue3emillenaire.com\/blog\/wp-content\/uploads\/2014\/03\/Nicolescu.jpg","width":"180","height":"184"},{"@type":"BreadcrumbList","@id":"https:\/\/www.revue3emillenaire.com\/blog\/vision-de-lunite-entretien-basarab-nicolescu-et-christine-hardy\/#breadcrumb","itemListElement":[{"@type":"ListItem","position":1,"name":"Accueil","item":"https:\/\/www.revue3emillenaire.com\/blog\/"},{"@type":"ListItem","position":2,"name":"Vision de l&rsquo;unit\u00e9, entretien Basarab Nicolescu et Christine Hardy"}]},{"@type":"WebSite","@id":"https:\/\/www.revue3emillenaire.com\/blog\/#website","url":"https:\/\/www.revue3emillenaire.com\/blog\/","name":"3e mill\u00e9naire - Spiritualit\u00e9 - Connaissance de soi - Non-dualit\u00e9 - M\u00e9ditation","description":"L&#039;Homme en devenir","potentialAction":[{"@type":"SearchAction","target":{"@type":"EntryPoint","urlTemplate":"https:\/\/www.revue3emillenaire.com\/blog\/?s={search_term_string}"},"query-input":{"@type":"PropertyValueSpecification","valueRequired":true,"valueName":"search_term_string"}}],"inLanguage":"fr-FR"},{"@type":"Person","@id":"https:\/\/www.revue3emillenaire.com\/blog\/#\/schema\/person\/9a3a7cc4ccaa707f402d4394327106d5","name":"3e mill\u00e9naire","url":"https:\/\/www.revue3emillenaire.com\/blog\/author\/admin\/"}]}},"_links":{"self":[{"href":"https:\/\/www.revue3emillenaire.com\/blog\/wp-json\/wp\/v2\/posts\/15540","targetHints":{"allow":["GET"]}}],"collection":[{"href":"https:\/\/www.revue3emillenaire.com\/blog\/wp-json\/wp\/v2\/posts"}],"about":[{"href":"https:\/\/www.revue3emillenaire.com\/blog\/wp-json\/wp\/v2\/types\/post"}],"author":[{"embeddable":true,"href":"https:\/\/www.revue3emillenaire.com\/blog\/wp-json\/wp\/v2\/users\/1"}],"replies":[{"embeddable":true,"href":"https:\/\/www.revue3emillenaire.com\/blog\/wp-json\/wp\/v2\/comments?post=15540"}],"version-history":[{"count":0,"href":"https:\/\/www.revue3emillenaire.com\/blog\/wp-json\/wp\/v2\/posts\/15540\/revisions"}],"wp:featuredmedia":[{"embeddable":true,"href":"https:\/\/www.revue3emillenaire.com\/blog\/wp-json\/wp\/v2\/media\/15549"}],"wp:attachment":[{"href":"https:\/\/www.revue3emillenaire.com\/blog\/wp-json\/wp\/v2\/media?parent=15540"}],"wp:term":[{"taxonomy":"category","embeddable":true,"href":"https:\/\/www.revue3emillenaire.com\/blog\/wp-json\/wp\/v2\/categories?post=15540"},{"taxonomy":"post_tag","embeddable":true,"href":"https:\/\/www.revue3emillenaire.com\/blog\/wp-json\/wp\/v2\/tags?post=15540"}],"curies":[{"name":"wp","href":"https:\/\/api.w.org\/{rel}","templated":true}]}}