{"id":15627,"date":"2014-03-19T21:39:21","date_gmt":"2014-03-19T20:39:21","guid":{"rendered":"http:\/\/www.revue3emillenaire.com\/blog\/?p=15627"},"modified":"2014-03-19T21:39:21","modified_gmt":"2014-03-19T20:39:21","slug":"lether-constitutif-entretien-lucien-romani-et-christine-hardy","status":"publish","type":"post","link":"https:\/\/www.revue3emillenaire.com\/blog\/lether-constitutif-entretien-lucien-romani-et-christine-hardy\/","title":{"rendered":"L&rsquo;\u00c9ther constitutif, entretien Lucien Romani et Christine Hardy"},"content":{"rendered":"<p style=\"text-align: justify;\">(Extrait de <em>La science devant l&rsquo;inconnu<\/em> par Christine Hardy. \u00c9dition Rocher 1983. Copyright Christine Hardy)<\/p>\n<p style=\"text-align: justify;\"><strong><em><a href=\"http:\/\/acds.viabloga.com\/texts\/lucien-romani\" target=\"_blank\">Lucien Romani<\/a> (1909-1990) <\/em><\/strong><strong><em>\u00e9<\/em><\/strong><strong><em>tait le directeur technique du laboratoire Eiffel (Laboratoire d&rsquo;essais a<\/em><\/strong><strong><em>\u00e9<\/em><\/strong><strong><em>rodynamiques subsoniques). Romani est un autre chercheur s\u00e9rieux dont les travaux ne sont pas reconnus pour le moment&#8230;<br \/>\n<\/em><\/strong><\/p>\n<p style=\"text-align: justify;\">L. R. \u2014 La base de ma d\u00e9marche a \u00e9t\u00e9 de r\u00e9introduire l&rsquo;\u00e9ther, qui est un concept tr\u00e8s ancien. En fait l&rsquo;\u00e9ther, en Gr\u00e8ce, \u00e9tait une r\u00e9gion situ\u00e9e au sommet de l&rsquo;atmosph\u00e8re, baignant dans un fluide hypoth\u00e9tique tr\u00e8s dilu\u00e9 et tr\u00e8s chaud. Or, curieusement, c&rsquo;est exact. On a d\u00e9couvert il y a quelques ann\u00e9es, avec les satellites artificiels, qu&rsquo;effectivement il y a bien une couche d&rsquo;hydrog\u00e8ne \u00e0 500 degr\u00e9s de temp\u00e9rature.<\/p>\n<p style=\"text-align: justify;\">Apr\u00e8s cette p\u00e9riode grecque, le concept a \u00e9volu\u00e9 mais, par contre, le mot a disparu. Pour\u00a0 Descartes, il \u00e9tait clair qu&rsquo;il n&rsquo;y avait qu&rsquo;une seule substance dans la nature qu&rsquo;il appelait la \u00ab res extensa \u00bb, la chose \u00e9tendue. Cette chose \u00e9tendue, pour lui, n&rsquo;avait aucune lacune ; le vide ne pouvait pas exister. Il a affirm\u00e9 explicitement que, s&rsquo;il y avait le vide dans une bouteille, les deux parois de la bouteille se toucheraient. Autrement dit : c&rsquo;est un philosophe du \u00ab plein \u00bb, par opposition aux philosophes du \u00ab vide \u00bb pour qui le monde est constitu\u00e9 d&rsquo;un vide dans lequel des corps \u00e9voluent.<\/p>\n<p style=\"text-align: justify;\">Au XVII<sup>e<\/sup> si\u00e8cle, il y avait donc les tenants des \u00ab petits corps \u00bb (que l&rsquo;on a nomm\u00e9 plus tard les atomes) et les tenants de la \u00ab mati\u00e8re subtile \u00bb : l&rsquo;\u00e9ther. La th\u00e9orie mol\u00e9culaire ayant pr\u00e9valu (elle remontait \u00e0 la Gr\u00e8ce et \u00e0 D\u00e9mocrite), on a imagin\u00e9 au me si\u00e8cle qu&rsquo;on avait les deux, c&rsquo;est-\u00e0-dire que les petits corps (les atomes et les mol\u00e9cules) \u00e9taient plong\u00e9s dans la mati\u00e8re subtile : l&rsquo;\u00e9ther.<\/p>\n<p style=\"text-align: justify;\">On s&rsquo;est alors pos\u00e9 la question de savoir si les corps, en se d\u00e9pla\u00e7ant, entra\u00eenaient ou non l&rsquo;\u00e9ther, et pendant tout le XIX<sup>e<\/sup> si\u00e8cle, des tas d&rsquo;exp\u00e9riences ont \u00e9t\u00e9 faites, men\u00e9es par les plus grands physiciens de l\u2019\u00e9poque, comme Arago. Cependant les r\u00e9sultats \u00e9taient incompr\u00e9hensibles. Il y avait toujours, contre une exp\u00e9rience qui prouvait que l&rsquo;\u00e9ther n&rsquo;\u00e9tait pas entra\u00een\u00e9, une autre qui prouvait le contraire.<\/p>\n<p style=\"text-align: justify;\">On a m\u00eame essay\u00e9 de v\u00e9rifier s&rsquo;il n&rsquo;\u00e9tait pas entra\u00een\u00e9 partiellement et, comme on n&rsquo;aboutissait \u00e0 rien sur le plan exp\u00e9rimental, on a transpos\u00e9 le probl\u00e8me sur le plan th\u00e9orique. On a consid\u00e9r\u00e9 d&rsquo;abord que ce devait \u00eatre un fluide, ensuite, puisque les plan\u00e8tes circulent comme dans du vide, qu&rsquo;il fallait que ce soit un fluide tr\u00e8s subtil. D&rsquo;autre part, on comptait sur ce fluide pour propager la lumi\u00e8re, mais l\u00e0 on s&rsquo;est heurt\u00e9 \u00e0 deux difficult\u00e9s : tout d&rsquo;abord, la lumi\u00e8re se propageant \u00e0 une vitesse \u00e9norme, il fallait que ce fluide f\u00fbt, \u00e0 la fois, subtil et beaucoup plus rigide que l&rsquo;acier et en outre, la lumi\u00e8re est une onde transversale.<\/p>\n<p style=\"text-align: justify;\">Il y a deux esp\u00e8ces d&rsquo;ondes possibles, a priori :<\/p>\n<p style=\"text-align: justify;\">a) ou bien le mouvement ondulatoire est en travers de la direction de la propagation de l&rsquo;onde et, dans ce cas, l&rsquo;onde est dite transversale ; b) ou bien le mouvement est dans le sens de la propagation de l&rsquo;onde et, dans ce cas, l&rsquo;onde est dite longitudinale. Or, tous les fluides transportent l&rsquo;onde longitudinale mais ils ne propagent pas l&rsquo;onde transversale. Il est impossible \u00e0 un fluide compos\u00e9 de mol\u00e9cules de transmettre une onde transversale. Par exemple, la houle est transversale, mais elle ne peut \u00eatre propag\u00e9e qu&rsquo;\u00e0 la surface du fluide (la mer) ; \u00e0 l&rsquo;int\u00e9rieur du fluide ce n&rsquo;est pas possible. Le son est une onde longitudinale.<\/p>\n<p style=\"text-align: justify;\">Ainsi, dans les corps solides, les deux sortes d&rsquo;ondes existent et elles ne se propagent pas \u00e0 la m\u00eame vitesse \u2014 les transversales vont moins vite que les longitudinales. Dans les corps liquides et gazeux, seules les ondes longitudinales se propagent.<\/p>\n<p style=\"text-align: justify;\">L&rsquo;\u00e9ther du XIX<sup>e<\/sup> si\u00e8cle \u00e9tait donc d\u00e9cevant puisqu&rsquo;il fallait lui attribuer des propri\u00e9t\u00e9s contradictoires. Ce qui fait qu&rsquo;en 1905, Einstein a d\u00e9cid\u00e9 de se passer de l&rsquo;\u00e9ther. Il n&rsquo;a pas dit qu&rsquo;il n&rsquo;existait pas, il a dit qu&rsquo;il fallait faire les op\u00e9rations sans s&rsquo;en occuper, que l&rsquo;\u00e9ther existe ou n&rsquo;existe pas. Ainsi, tout le monde a renonc\u00e9 \u00e0 l&rsquo;\u00e9ther.<\/p>\n<p style=\"text-align: justify;\">Cependant Descartes avait eu un \u00e9minent successeur en la personne de Lord Kelvin, alias William Thomson. William Thomson a fait des travaux physiques tellement extraordinaires qu&rsquo;il f\u00fbt anobli.<\/p>\n<p style=\"text-align: justify;\">William Thomson avait repris l&rsquo;id\u00e9e de Descartes qui est tout \u00e0 fait diff\u00e9rente de celle des petits corps plong\u00e9s dans l&rsquo;\u00e9ther. L&rsquo;id\u00e9e de Descartes et de Thomson, c&rsquo;est l&rsquo;\u00e9ther constitutif, c&rsquo;est-\u00e0-dire qu&rsquo;il n&rsquo;y a pas de petits corps, il n&rsquo;y a que l&rsquo;\u00e9ther. C&rsquo;est la seule substance existante, la fameuse \u00ab \u00a0res extensa \u00bb. Et ce que nous prenons pour des particules, ce sont des tourbillons dans l&rsquo;\u00e9ther. Descartes avait con\u00e7u la th\u00e9orie des tourbillons et, comme il ne peut pas y avoir de vide, il disait que tous les tourbillons s&rsquo;appuient les uns contre les autres de mani\u00e8re \u00e0 ne jamais laisser de lacunes. Donc, pour Descartes, un gros tourbillon qui \u00e9tait la Terre s&rsquo;appuyait sur un autre tourbillon qui \u00e9tait V\u00e9nus, etc. Ce n&rsquo;\u00e9tait pas tr\u00e8s satisfaisant.<\/p>\n<p style=\"text-align: justify;\">Mais pour Thomson, cela se passait diff\u00e9remment : c&rsquo;\u00e9tait les atomes qui \u00e9taient des tourbillons microscopiques extr\u00eamement denses tournant tr\u00e8s tr\u00e8s vite et simulant des corps solides. Il demanda alors \u00e0 Helmholtz, physicien allemand c\u00e9l\u00e8bre et savant math\u00e9maticien, de bien vouloir \u00e9tablir la th\u00e9orie du tourbillon \u00e9l\u00e9mentaire d&rsquo;\u00e9ther. Helmholtz fit cette th\u00e9orie. Il prit mod\u00e8le sur les ronds de fum\u00e9e que vous savez peut-\u00eatre faire avec votre cigarette et mis cela en \u00e9quation. Il donna alors les calculs \u00e0 lord Kelvin qui v\u00e9rifia s&rsquo;ils pouvaient expliquer l&rsquo;atome d&rsquo;hydrog\u00e8ne (cela dans les ann\u00e9es 1870). Comme cela \u00e9tait impossible, il abandonna le concept d&rsquo;\u00e9ther et on n&rsquo;en parla plus. \u00c0 partir du XX<sup>e<\/sup> si\u00e8cle, l&rsquo;\u00e9ther fut donc r\u00e9pudi\u00e9.<\/p>\n<p style=\"text-align: justify;\">Ayant moi-m\u00eame r\u00e9fl\u00e9chi longuement \u00e0 ces questions et ignorant totalement les travaux de lord Kelvin sur le sujet, je retrouvai en 1965 la m\u00eame id\u00e9e : il fallait penser que les atomes \u00e9taient des tourbillons. J&rsquo;ai alors refait les calculs d&rsquo;Helmholtz, mais en m\u00e9canique relativiste ; en outre, je me suis aper\u00e7u d&rsquo;une particularit\u00e9 fondamentale qui avait totalement \u00e9chapp\u00e9 \u00e0 Helmholtz. Lorsque j&rsquo;ai fait le mod\u00e8le complet du tourbillon relativiste d&rsquo;\u00e9ther, il s&rsquo;est trouv\u00e9 que ce mod\u00e8le correspondait rigoureusement aux propri\u00e9t\u00e9s de l&rsquo;\u00e9lectron, particule que lord Kelvin ignorait. Il avait essay\u00e9 d&rsquo;appliquer sa th\u00e9orie sans succ\u00e8s \u00e0 l&rsquo;atome d&rsquo;hydrog\u00e8ne qui est beaucoup plus compliqu\u00e9, tandis qu&rsquo;en l&rsquo;appliquant \u00e0 l&rsquo;\u00e9lectron, j&rsquo;ai pu v\u00e9rifier sa th\u00e9orie. \u00c0 partir de ce moment, j&rsquo;ai revu la physique dans ce cadr\u00e9 ; le r\u00e9sultat en est la r\u00e9daction de ces deux livres que j&rsquo;ai mis dix ans \u00e0 \u00e9crire. J&rsquo;ai refait toute la physique <a id=\"Y1\" href=\"#X1\">[1]<\/a>.<\/p>\n<p style=\"text-align: justify;\">Pourquoi cela a-t-il march\u00e9 ? Parce que l&rsquo;\u00e9ther n&rsquo;\u00e9tant plus le r\u00e9ceptacle des petits corps mais \u00e9tant la seule mati\u00e8re existante universellement constitutive, j&rsquo;ai d\u00e9montr\u00e9 qu&rsquo;il ne pouvait pas \u00eatre compos\u00e9 de grains s\u00e9par\u00e9s. Autrement dit : l&rsquo;\u00e9ther n&rsquo;est pas atomique, il n&rsquo;est pas mol\u00e9culaire, il est d&rsquo;une seule pi\u00e8ce, il est compl\u00e8tement continu. Dans ce cas-l\u00e0, il transmet n&rsquo;importe quelle onde, il est \u00e9lastique dans tous les sens et par cons\u00e9quent, il transmet l&rsquo;onde longitudinale, transversale ou torsionnelle, peu importe.<\/p>\n<p style=\"text-align: justify;\">Ce que j&rsquo;ai d\u00e9montr\u00e9 ainsi, et qui est tout \u00e0 fait r\u00e9volutionnaire, c&rsquo;est qu&rsquo;il n&rsquo;est pas comprim\u00e9 comme l&rsquo;air ou comme un gaz mol\u00e9culaire, il est comme un morceau de caoutchouc : au repos, il n&rsquo;est pas tendu : il se tend quand il se met en marche, il est tendu par le mouvement. Il d\u00e9crit des trajectoires courbes, c&rsquo;est la force centrifuge qui tire dessus et qui le tend et c&rsquo;est pourquoi il peut transmettre aussi bien les ondes transversales que longitudinales. Il faut le concevoir comme une sorte de caoutchouc tendu se d\u00e9formant dans tous les sens.<\/p>\n<p style=\"text-align: justify;\">\u00c0 partir de l\u00e0, il n&rsquo;y avait plus aucune difficult\u00e9, toutes les contradictions \u00e9taient lev\u00e9es. J&rsquo;ai de plus d\u00e9montr\u00e9 que toutes les ondes d&rsquo;\u00e9ther se propagent \u00e0 la m\u00eame vitesse : la vitesse de la lumi\u00e8re. Il y a donc une diff\u00e9rence avec les corps solides pour lesquels la vitesse d\u00e9pend du type d&rsquo;onde.<\/p>\n<p style=\"text-align: justify;\">Dans l&rsquo;\u00e9ther, la vitesse d&rsquo;une onde quelconque est celle d&rsquo;une perturbation de pression dans le fluide. Ainsi, la vitesse de la lumi\u00e8re dans l&rsquo;\u00e9ther correspond \u00e0 la vitesse du son dans l&rsquo;air (mais elle est beaucoup plus grande).<\/p>\n<p style=\"text-align: justify;\">Or ici, une question se pose : y a-t-il un son dans l&rsquo;\u00e9ther ? Y a-t-il une onde longitudinale dans l&rsquo;\u00e9ther ?<\/p>\n<p style=\"text-align: justify;\">Premi\u00e8re constatation : c&rsquo;est l&rsquo;onde de gravitation ; dans la th\u00e9orie de l&rsquo;\u00e9ther constitutif, la gravitation provient, non pas de la courbure de l&rsquo;espace comme dans la th\u00e9orie de la relativit\u00e9 g\u00e9n\u00e9rale, mais du fait que l&rsquo;\u00e9ther n&rsquo;ayant pas partout la m\u00eame densit\u00e9, les parties denses ont tendance \u00e0 remplir le vide relatif des parties moins denses, et comme les tourbillons cr\u00e9ent une baisse de densit\u00e9, ils appellent l&rsquo;\u00e9ther \u00e0 eux de toutes parts. On n&rsquo;a plus besoin de l&rsquo;espace courbe et des folies de l&rsquo;espace-temps \u00e0 quatre dimensions, courb\u00e9, tordu. C&rsquo;est inutile.<\/p>\n<p style=\"text-align: justify;\">Ce n&rsquo;est pas faux du point de vue math\u00e9matique, c&rsquo;\u00e9tait m\u00eame g\u00e9nial, mais cela devient tout simplement superflu. Car, en supprimant l&rsquo;\u00e9ther, Einstein s&rsquo;est priv\u00e9 de la gravitation. Il s&rsquo;en est aper\u00e7u et il a alors invent\u00e9 quelque chose pour r\u00e9introduire la gravitation, c&rsquo;est sa fameuse courbure de l&rsquo;espace. Mais \u00e0 partir du moment o\u00f9 on garde l&rsquo;\u00e9ther, le temps et l&rsquo;espace classiques marchent tr\u00e8s bien.<\/p>\n<p style=\"text-align: justify;\">Donc je savais d\u00e9j\u00e0 tout de suite que l&rsquo;onde longitudinale d&rsquo;\u00e9ther me fournissait, indirectement, la gravitation. Ce n&rsquo;est pas elle qui est la gravitation, c&rsquo;est le fait qu&rsquo;en se propageant, cette onde cr\u00e9e des diff\u00e9rences de densit\u00e9 dans l&rsquo;\u00e9ther et ce sont ces diff\u00e9rences de densit\u00e9 qui font la gravitation.<\/p>\n<p style=\"text-align: justify;\">Il y a un Japonais qui est parti de la m\u00eame id\u00e9e ; il a refait le calcul avec cette hypoth\u00e8se et il a retrouv\u00e9 l&rsquo;avance du p\u00e9rih\u00e9lie de Mercure exactement comme dans la th\u00e9orie de la relativit\u00e9.<\/p>\n<p style=\"text-align: justify;\">De m\u00eame en \u00e9crivant les \u00e9quations de la m\u00e9canique des fluides pour l&rsquo;\u00e9ther \u00e9lastique, j&rsquo;ai retrouv\u00e9 tout le formalisme de la relativit\u00e9 restreinte. Donc, la relativit\u00e9 n&rsquo;est pas fausse, mais elle a des bases qui sont fausses. Du fait qu&rsquo;elle ne prend pas l&rsquo;\u00e9ther pour base, elle doit cr\u00e9er des bases artificielles comme la courbure de l&rsquo;espace et le couplage de l&rsquo;espace et du temps qui ne sont que des astuces math\u00e9matiques destin\u00e9es \u00e0 remplacer l&rsquo;\u00e9ther imprudemment abandonn\u00e9.<\/p>\n<p style=\"text-align: justify;\">Bien entendu, cette onde longitudinale de l&rsquo;\u00e9ther, ce \u00ab son de l&rsquo;\u00e9ther \u00bb se manifeste \u00e0 nous de diff\u00e9rentes mani\u00e8res et pas seulement par la gravitation ; de m\u00eame que les ondes \u00e9lectromagn\u00e9tiques de Maxwell se manifestent sous forme d&rsquo;ondes radio, de rayons X, de lumi\u00e8re et que, suivant les circonstances, la manifestation et le proc\u00e9d\u00e9 de d\u00e9tection ne sont pas les m\u00eames.<\/p>\n<p style=\"text-align: justify;\">Il se trouve que j&rsquo;ai moi-m\u00eame des facult\u00e9s t\u00e9l\u00e9pathiques, involontaires et pas contr\u00f4lables malheureusement, mais je suis \u00e9metteur de jour et r\u00e9cepteur de nuit. Alors j&rsquo;ai r\u00e9fl\u00e9chi car je m&rsquo;\u00e9tais toujours dit qu&rsquo;on ne pouvait pas s&rsquo;expliquer la t\u00e9l\u00e9pathie sans une onde pour propager le message. Or, cette onde, ce n&rsquo;est ni la lumi\u00e8re, ni une onde \u00e9lectromagn\u00e9tique quelconque. En effet, m\u00eame en pla\u00e7ant le r\u00e9cepteur dans une cage de Faraday, les exp\u00e9riences de t\u00e9l\u00e9pathie se sont av\u00e9r\u00e9es concluantes. Cette onde n&rsquo;\u00e9tait donc pas \u00e9lectromagn\u00e9tique sinon la cage de Faraday l&rsquo;aurait arr\u00eat\u00e9e.<\/p>\n<p style=\"text-align: justify;\">J&rsquo;ai donc \u00e9crit dans mon livre que l&rsquo;onde d&rsquo;\u00e9ther repr\u00e9sente \u00e0 la fois la t\u00e9l\u00e9pathie et la gravitation. On me l&rsquo;a reproch\u00e9. On m&rsquo;a dit : \u00ab Vous \u00eates fou\u00a0\u00bb. Non ; j&rsquo;ai fait le raisonnement et le r\u00e9sultat a corrobor\u00e9 la th\u00e9orie.<\/p>\n<p style=\"text-align: justify;\">De plus, il y a les ondes de De Broglie, qui s&rsquo;av\u00e8rent \u00eatre encore les m\u00eames ondes, mais \u00e0 l&rsquo;\u00e9tat stationnaire. De Broglie a fait la m\u00e9canique ondulatoire, et ses ondes, dont on n&rsquo;a jamais vu exactement ce qu&rsquo;elles \u00e9taient, elles peuvent \u00eatre interpr\u00e9t\u00e9es comme des ondes stationnaires de l&rsquo;\u00e9ther.<\/p>\n<p style=\"text-align: justify;\"><strong>C. H. <\/strong><strong>\u2014<\/strong><strong> Qu&rsquo;appelez-vous des ondes stationnaires ?<\/strong><\/p>\n<p style=\"text-align: justify;\">L. R. \u2014 Ce sont des ondes qui ne se propagent pas. Si vous envoyez une onde dans un sens et que vous la fassiez r\u00e9fl\u00e9chir, cela produit une autre onde qui arrive en sens inverse, \u00e0 ce moment-l\u00e0, cela fait des n\u0153uds et des ventres, mais rien ne se propage plus. Ainsi les deux ondes allant en sens contraires, la vitesse devient nulle.<\/p>\n<p style=\"text-align: justify;\"><strong>C. H. <\/strong><strong>\u2014<\/strong><strong> Voudriez-vous pr<\/strong><strong>\u00e9<\/strong><strong>ciser ce que vous appelez les ondes de De Broglie ?<\/strong><\/p>\n<p style=\"text-align: justify;\">L. R. \u2014 De Broglie a interpr\u00e9t\u00e9 les trajectoires des \u00e9lectrons dans les atomes sous forme d&rsquo;un ph\u00e9nom\u00e8ne d&rsquo;ondes stationnaires. Moi, je me suis dit : il faudrait d\u00e9tecter ces ondes ; mais c&rsquo;est tr\u00e8s difficile car elles ne transportent pas d&rsquo;\u00e9nergie. \u00c9tant donn\u00e9 que l&rsquo;\u00e9nergie, c&rsquo;est de la mati\u00e8re et que la mati\u00e8re, c&rsquo;est de l&rsquo;\u00e9ther, pour transporter de l&rsquo;\u00e9nergie, il faut transporter de l&rsquo;\u00e9ther, et pour transporter de l&rsquo;\u00e9ther, il faut un tourbillon. Une onde ne transporte pas de mati\u00e8re : seul, le mouvement se transmet. Chaque morceau d&rsquo;\u00e9ther se comprime ou se dilate, ou bien il se tortille en travers, mais en moyenne, il ne bouge pas. Par cons\u00e9quent, il n&rsquo;y a pas de transport d&rsquo;\u00e9nergie par une onde d&rsquo;\u00e9ther.<\/p>\n<p style=\"text-align: justify;\">Ceci \u00e9tonne beaucoup les gens. Ils ont du mal \u00e0 comprendre et ils me disent : \u00ab Comment se fait-il que le d\u00e9tecteur fonctionne si on ne lui apporte pas d&rsquo;\u00e9nergie \u00bb ? Ma r\u00e9ponse est \u00e9vidente : Le d\u00e9tecteur est form\u00e9 d&rsquo;\u00e9ther ; quand vous faites remuer l&rsquo;\u00e9ther, vous faites remuer le d\u00e9tecteur. C&rsquo;est tr\u00e8s curieux, l&rsquo;\u00e9ther constitutif n&rsquo;a rien \u00e0 voir avec l&rsquo;\u00e9ther contenant les petits corps comme une bouteille contient du sucre ; cela n&rsquo;a aucun rapport.<\/p>\n<p style=\"text-align: justify;\">Il est donc tr\u00e8s difficile de d\u00e9tecter cette onde d&rsquo;\u00e9ther puisqu&rsquo;elle ne transporte pas d&rsquo;\u00e9nergie. Alors le hasard des choses (le hasard est tr\u00e8s grand !) a voulu qu&rsquo;autrefois mes employ\u00e9s m&rsquo;aient fait cadeau d&rsquo;une pendule Atmos. C&rsquo;est une pendule fabriqu\u00e9e par Jaeger, en Suisse, que l&rsquo;on ne remonte jamais. Il y a un circuit fr\u00e9on \u00e0 l&rsquo;int\u00e9rieur, c&rsquo;est-\u00e0-dire qu&rsquo;on utilise ce gaz qui passe de l&rsquo;\u00e9tat gazeux \u00e0 l&rsquo;\u00e9tat liquide pratiquement \u00e0 la temp\u00e9rature normale. Chaque fois que le fr\u00e9on devient gazeux, cela dilate un soufflet, ce qui a pour effet de remonter la pendule, alors que, lorsque la temp\u00e9rature baisse, le gaz se recondense et le soufflet se ratatine, et ainsi de suite. Aussi, pour que la pendule s&rsquo;arr\u00eate, il faudrait que la temp\u00e9rature rest\u00e2t constante pendant quinze jours, ce qui n&rsquo;arrive jamais.<\/p>\n<p style=\"text-align: justify;\">Cela faisait donc dix ans que j&rsquo;avais cette pendule quand, un soir, vers neuf heures moins le quart, elle s&rsquo;arr\u00eata. Comme la temp\u00e9rature avait vari\u00e9 les jours pr\u00e9c\u00e9dents, je dis \u00e0 mon \u00e9pouse :<\/p>\n<p style=\"text-align: justify;\">\u2014 La pendule est morte.<\/p>\n<p style=\"text-align: justify;\">\u2014 Pourquoi ? me demande-t-elle.<\/p>\n<p style=\"text-align: justify;\">\u2014 Parce qu&rsquo;elle n&rsquo;a aucune raison de s&rsquo;arr\u00eater. Si elle s&rsquo;arr\u00eate, c&rsquo;est qu&rsquo;il y a du frottement ou que quelque chose est cass\u00e9.<\/p>\n<p style=\"text-align: justify;\">\u2014 Tout de m\u00eame, tu devrais essayer de la relancer.<\/p>\n<p style=\"text-align: justify;\">Pour ne pas la contrarier, je relance la pendule, je la remets \u00e0 l&rsquo;heure, et elle repart. Je me dis : \u00ab Bon, elle n&rsquo;a rien de cass\u00e9, c&rsquo;est du frottement, elle va prendre deux heures de retard d&rsquo;ici \u00e0 demain matin, le r\u00e9sultat sera le m\u00eame.<\/p>\n<p style=\"text-align: justify;\">L\u00e0-dessus on va se coucher. Et j&rsquo;ai une sensation bizarre dans la nuit. Le lendemain, je vais voir la pendule : elle \u00e9tait \u00e0 l&rsquo;heure. Je dis \u00e0 mon \u00e9pouse :<\/p>\n<p style=\"text-align: justify;\">\u2014 Il y a eu un tremblement de terre hier \u00e0 9 heures moins le quart, il n&rsquo;y a pas d&rsquo;autre explication.<\/p>\n<p style=\"text-align: justify;\">\u2014 C&rsquo;est de l&rsquo;imagination, ce n&rsquo;est pas possible, un tremblement de terre quelque part ne va pas arr\u00eater une horloge dans la r\u00e9gion parisienne<\/p>\n<p style=\"text-align: justify;\">\u2014 Va donc chercher le journal !<\/p>\n<p style=\"text-align: justify;\">Alors elle revient avec le journal et s&rsquo;\u00e9crie\u00a0: \u2014 C&rsquo;est quand m\u00eame trop fort ! Il y avait \u00ab cinq colonnes \u00e0 la une \u00bb : \u00ab Le tremblement de terre de l&rsquo;\u00eele d&rsquo;Ol\u00e9ron ressenti dans la r\u00e9gion parisienne. \u00bb<\/p>\n<p style=\"text-align: justify;\"><strong>C. H. <\/strong><strong>\u2014<\/strong><strong> Quand cela se passait-il ?<\/strong><\/p>\n<p style=\"text-align: justify;\">L. R. \u2014 Vers les ann\u00e9es 63, 64. Alors je lis l&rsquo;article : Tremblement de terre \u00e0 11 h 30 du soir. Ah, me dis-je, c&rsquo;est donc que ma pendule a r\u00e9agi \u00e0 une onde pr\u00e9monitoire en avance de deux \u00e0 trois heures. C&rsquo;\u00e9tait comme avec les animaux qui pr\u00e9voient les tremblements de terre quelques heures avant les premi\u00e8res secousses.<\/p>\n<p style=\"text-align: justify;\"><strong>C. H. <\/strong><strong>\u2014<\/strong><strong> Ne pouvait-il s&rsquo;agir d&rsquo;une onde sismique de faible intensit<\/strong><strong>\u00e9<\/strong><strong> avant la vague plus forte du tremblement de terre ?<\/strong><\/p>\n<p style=\"text-align: justify;\">L. R. \u2014 Justement ! J&rsquo;ai \u00e9crit \u00e0 l&rsquo;institut de physique du globe, demandant si l&rsquo;on avait per\u00e7u d&rsquo;autres ondes plus faibles avant 11 h 30. Ils m&rsquo;ont r\u00e9pondu qu&rsquo;ils n&rsquo;avaient rien enregistr\u00e9. Alors je regarde de plus pr\u00e8s leurs m\u00e9thodes d&rsquo;enregistrements des ondes sismiques. Eh bien, ce sont des gens qui s&rsquo;imaginent \u00eatre capables de tout enregistrer en pla\u00e7ant trois sismographes dans trois directions : deux perpendiculaires entre elles (\u00e0 l&rsquo;horizontale), et une autre \u00e0 la verticale, ce qui reproduit l&rsquo;arrangement de l&rsquo;oreille humaine. Ils n&rsquo;ont pas pens\u00e9 aux ondes de torsion.<\/p>\n<p style=\"text-align: justify;\">Les a\u00e9rodynamiciens, lorsqu&rsquo;ils font une balance, lui donnent six composantes : les trois d\u00e9j\u00e0 mentionn\u00e9es, et trois autres qui sont les moments. J&rsquo;ai donc compris que ma pendule \u00e9tait un sismographe d&rsquo;une esp\u00e8ce diff\u00e9rente, puisqu&rsquo;elle pouvait enregistrer les ondes de torsion. En effet, son pendule bat la minute en tortillant un fil de quartz, donc mon horloge ignore les oscillations enregistr\u00e9es par les sismographes (puisqu&rsquo;\u00e0 onze heures trente elle ne s&rsquo;est pas arr\u00eat\u00e9e de nouveau) et les sismographes ignorent les oscillations enregistr\u00e9es par mon horloge parce que ce sont des oscillations de torsion.<\/p>\n<p style=\"text-align: justify;\">J&rsquo;ai, \u00e0 ce moment-l\u00e0, fait l&rsquo;analyse des vibrations possibles dans l&rsquo;\u00e9ther et j&rsquo;ai compris qu&rsquo;il y en avait toute une m\u00e9nagerie. Quand les atomes s&rsquo;agitent, ils d\u00e9crivent un mouvement tr\u00e8s compliqu\u00e9 qu&rsquo;on peut diviser en six composantes, trois translations et trois rotatoires, comme les a\u00e9rodynamiciens d\u00e9composent la force sur l&rsquo;avion en six composantes : trois forces et trois moments.<\/p>\n<p style=\"text-align: justify;\"><strong>C. H. <\/strong><strong>\u2014<\/strong><strong> Que repr<\/strong><strong>\u00e9<\/strong><strong>sentent donc ces trois moments ?<\/strong><\/p>\n<p style=\"text-align: justify;\">L. R. \u2014 Vous avez les trois dimensions de l&rsquo;espace plus les rotations autour des trois axes. Ces messieurs auraient donc d\u00fb se payer trois sismographes.<\/p>\n<p style=\"text-align: justify;\">Un second hasard m&rsquo;a permis de conna\u00eetre la d\u00e9couverte d&rsquo;un m\u00e9decin allemand, le docteur Hartmann <a id=\"Y2\" href=\"#X2\">[2]<\/a> qui pouvait, au moyen d&rsquo;un pendule, d\u00e9tecter des \u00e9missions d&rsquo;ondes inconnues provenant du sol. J&rsquo;ai appris cela en allant chez Jaeger interroger les ing\u00e9nieurs sur la structure de la pendule Atmos et leur expliquer ce qui s&rsquo;\u00e9tait pass\u00e9. Ils m&rsquo;ont tout de suite dit que le pendule Hartmann fonctionnait exactement comme le pendule de leur horloge : il tourne autour d&rsquo;un axe vertical (on le tient dans la main) et quand on passe sur ces \u00e9missions du sol, il se met en travers.<\/p>\n<p style=\"text-align: justify;\"><strong>C. H. <\/strong><strong>\u2014<\/strong><strong> Il n&rsquo;y a aucun autre instrument capable de d<\/strong><strong>\u00e9<\/strong><strong>tecter ce genre d&rsquo;<\/strong><strong>\u00e9<\/strong><strong>missions ?<\/strong><\/p>\n<p style=\"text-align: justify;\">L. R. \u2014 Non, il n&rsquo;y en a pas. Et ce pendule, en plus, il faut qu&rsquo;il soit tenu par la main d&rsquo;un \u00eatre humain, car s&rsquo;il est accroch\u00e9 sur son petit chariot, \u00e7a ne marche pas.<\/p>\n<p style=\"text-align: justify;\">Rentr\u00e9 \u00e0 Paris, j&rsquo;ai donc pris un pendule et j&rsquo;ai refait dans mon laboratoire les exp\u00e9riences du docteur Hartmann.<\/p>\n<p style=\"text-align: justify;\"><strong>C. H. <\/strong><strong>\u2014<\/strong><strong> Quelles <\/strong><strong>\u00e9<\/strong><strong>taient ces exp<\/strong><strong>\u00e9<\/strong><strong>riences ?<\/strong><\/p>\n<p style=\"text-align: justify;\">L. R. \u2014 Ces exp\u00e9riences avaient montr\u00e9 qu&rsquo;il existe une \u00e9mission d\u00e9tectable tous les 2,20 m dans un sens, et 2,50 m dans l&rsquo;autre, et que ce r\u00e9seau rectangulaire est orient\u00e9 selon le nord magn\u00e9tique. Bien entendu, les gens, ignorant les ondes sonores de l&rsquo;\u00e9ther, s&rsquo;imaginent, chaque fois qu&rsquo;ils rencontrent une onde nouvelle, qu&rsquo;elle est \u00e9lectromagn\u00e9tique. J&rsquo;ai constat\u00e9 qu&rsquo;il n&rsquo;en \u00e9tait rien car le pendule fonctionne quelle que soit la mati\u00e8re employ\u00e9e. Hartmann prenait du fil de laiton, moi j&rsquo;ai employ\u00e9 de l&rsquo;acier inoxydable, du fil de fer, de la mati\u00e8re plastique, du caoutchouc et cela marchait toujours.<\/p>\n<p style=\"text-align: justify;\"><strong>C. H. <\/strong><strong>\u2014<\/strong><strong> Il est bien connu des radiesth<\/strong><strong>\u00e9<\/strong><strong>sistes que l&rsquo;on peut se servir de n&rsquo;importe quoi pour faire un pendule.<\/strong><\/p>\n<p style=\"text-align: justify;\">L. R. \u2014 Oui ; alors comme j&rsquo;\u00e9tais sceptique sur l&rsquo;orientation du nord magn\u00e9tique dans mon laboratoire, je me suis transport\u00e9 \u00e0 Beaugency en me disant que, l\u00e0-bas, la Loire, le chemin de fer et la route sont orient\u00e9s \u00e0 45 degr\u00e9s du nord. Et effectivement, \u00e0 Beaugency, le pendule se fiche compl\u00e8tement du nord magn\u00e9tique.<\/p>\n<p style=\"text-align: justify;\">Puis j&rsquo;ai construit la th\u00e9orie. Il s&rsquo;agissait donc d&rsquo;une onde d&rsquo;\u00e9ther \u00e0 laquelle l&rsquo;\u00eatre humain est sensible et qui fait se mouvoir le pendule en rotation dans un sens d\u00e9fini. Une analyse du ph\u00e9nom\u00e8ne montrait que, d&rsquo;un point critique Hartmann au suivant, le pendule aurait d\u00fb changer de sens. Or il n&rsquo;en \u00e9tait rien, il tournait toujours dans le m\u00eame sens pour un op\u00e9rateur donn\u00e9, mais il pouvait changer de sens d&rsquo;un op\u00e9rateur \u00e0 l&rsquo;autre.<\/p>\n<p style=\"text-align: justify;\">Alors cela m&rsquo;a mis la puce \u00e0 l&rsquo;oreille ; un jour de gr\u00e8ve g\u00e9n\u00e9rale, profitant de ce qu&rsquo;il n&rsquo;y avait ni perturbations m\u00e9caniques, ni perturbations \u00e9lectromagn\u00e9tiques, j&rsquo;ai examin\u00e9 le r\u00e9seau dans mon laboratoire. Et j&rsquo;ai trouv\u00e9 qu&rsquo;il \u00e9tait, non pas de 2,50 m, mais de 1,10 m au carr\u00e9 et que, conform\u00e9ment \u00e0 la th\u00e9orie, le pendule s&rsquo;inversait tous les 1,10 m.<\/p>\n<p style=\"text-align: justify;\"><strong>C. H. <\/strong><strong>\u2014<\/strong><strong> On d<\/strong><strong>\u00e9<\/strong><strong>montre l<\/strong><strong>\u00e0<\/strong><strong> l&rsquo;<\/strong><strong>\u00e9<\/strong><strong>vidence d&rsquo;ondes telluriques ?<\/strong><\/p>\n<p style=\"text-align: justify;\">L. R. \u2014 Oui. Puis je suis all\u00e9 voir \u00e0 Monthl\u00e9ry mes amis de l&rsquo;Union technique de l&rsquo;Automobile. Je les ai entra\u00een\u00e9s \u00e0 d\u00e9tecter le r\u00e9seau et nous nous sommes install\u00e9s dans la chambre sourde (qui sert \u00e0 v\u00e9rifier le bruit des camions) afin de rep\u00e9rer le r\u00e9seau sur le sol.<\/p>\n<p style=\"text-align: justify;\">Pour ce faire, nous avons mont\u00e9 un microphone au bout d&rsquo;une perche et, avec une petite source auxiliaire de 20 d\u00e9cibels, nous avons explor\u00e9 l&rsquo;espace de la chambre, simultan\u00e9ment au sol, avec le pendule et dans l&rsquo;espace, avec le microphone. L\u00e0 nous avons constat\u00e9 que la division de 1,10 m se retrouvait dans les trois dimensions. La perche permettait d&rsquo;aller jusqu&rsquo;\u00e0 4 m\u00e8tres de hauteur et nous avons \u00e9tabli que toute l&rsquo;atmosph\u00e8re est stratifi\u00e9e selon des cubes de 1,10 m.<\/p>\n<p style=\"text-align: justify;\">Les deux instruments \u00e9taient donc parfaitement d&rsquo;accord, c&rsquo;est-\u00e0-dire que lorsque le microphone descendait d&rsquo;intensit\u00e9 apr\u00e8s une hausse, le pendule changeait de sens, ceci \u00e0 quelques centim\u00e8tres pr\u00e9s, dans les trois dimensions. Seulement, si on arr\u00eatait la source sonore de 20 d\u00e9cibels, le microphone ne marchait plus, alors que le pendule continuait \u00e0 fonctionner.<\/p>\n<p style=\"text-align: justify;\"><strong>C. H. <\/strong><strong>\u2014<\/strong><strong> Je ne vois pas la n<\/strong><strong>\u00e9<\/strong><strong>cessit<\/strong><strong>\u00e9<\/strong><strong> de la source sonore de 20 d<\/strong><strong>\u00e9<\/strong><strong>cibels.<\/strong><\/p>\n<p style=\"text-align: justify;\">L. R. \u2014 Vous allez comprendre tout de suite. Il y a naturellement deux ondes :<\/p>\n<p style=\"text-align: justify;\">1) Une onde m\u00e9canique, qui est la microsismicit\u00e9, bien connue depuis sa d\u00e9couverte par Pierre Bernard \u00e0 Paris. La microsismicit\u00e9 du sol est un petit tremblement de terre permanent dont on pense qu&rsquo;il est d\u00fb aux vagues de la mer qui frappent les falaises et dont la vibration se transmettrait. Cela donne des ondes stationnaires qui d\u00e9coupent l&rsquo;espace en tranches et qui forment ce quadrillage. Cette onde est m\u00e9canique et c&rsquo;est elle que le microphone d\u00e9tecte, \u00e0 condition qu&rsquo;on lui fournisse un petit support pour qu&rsquo;il puisse d\u00e9vier, car il n&rsquo;est pas assez sensible pour d\u00e9vier seul ; mais comme cette onde m\u00e9canique stratifie l&rsquo;atmosph\u00e8re, quand on met une onde sonore, la stratification se retrouve dans les variations des sons d\u00e9tect\u00e9s.<\/p>\n<p style=\"text-align: justify;\">2) Maintenant, comme l&rsquo;\u00e9ther est constitutif, cette onde m\u00e9canique est identiquement li\u00e9e \u00e0 une onde d&rsquo;\u00e9ther. Et cette onde d&rsquo;\u00e9ther, c&rsquo;est le pendule qui la saisit et, lui, n&rsquo;a pas besoin de source auxiliaire pour fonctionner.<\/p>\n<p style=\"text-align: justify;\">Tout \u00e9tait donc clair. J&rsquo;avais ainsi trouv\u00e9 que l&rsquo;onde longitudinale de l&rsquo;\u00e9ther \u00e9tait : la gravitation, la t\u00e9l\u00e9pathie et l&rsquo;\u00e9mission Hartmann&#8230; mais je n&rsquo;\u00e9tais pas au bout, il y e\u00fbt d&rsquo;autres aventures.<\/p>\n<p style=\"text-align: justify;\">D&rsquo;abord, je me suis aper\u00e7u, par un nouveau hasard, que cette onde avait \u00e9t\u00e9 d\u00e9crite enti\u00e8rement en 1903 par le physicien de Nancy, Ren\u00e9 Blondlot <a id=\"Y3\" href=\"#X3\">[3]<\/a>. Je ne l&rsquo;ai su qu&rsquo;il y a deux ou trois ans seulement, lorsque la Recherche a publi\u00e9 un article intitul\u00e9 : \u00ab <em>Une erreur scientifique m<\/em><em>\u00e9<\/em><em>morable<\/em><em>\u00a0<\/em><em>: les rayons N de Blondlot<\/em>. \u00bb Au fur et \u00e0 mesure que je lisais l&rsquo;article, je reconnaissais mon \u00ab onde \u00bb ; \u00e0 la fin, j&rsquo;ai bien rigol\u00e9 en lisant les explications psychanalytiques de \u00ab l&rsquo;erreur \u00bb de Blondlot.<\/p>\n<p style=\"text-align: justify;\">Le rayon N, c&rsquo;est extraordinaire. Les physiciens de l&rsquo;\u00e9poque devaient en avoir les cheveux dress\u00e9s sur la t\u00eate. Or le livre donnait une explication imm\u00e9diate de toutes les caract\u00e9ristiques, aussi bizarres soient-elles.<\/p>\n<p style=\"text-align: justify;\">Le rayon N de Blondlot \u00e9tait beaucoup plus int\u00e9ressant que le pendule Hartmann, parce qu&rsquo;il ne n\u00e9cessitait pas la participation directe d&rsquo;un sujet humain. J&rsquo;ai donc refait sur le r\u00e9seau Hartmann, certaines des exp\u00e9riences de Blondlot et elles ont march\u00e9. J&rsquo;ai \u00e9tabli ainsi qu&rsquo;il y avait identit\u00e9 entre le rayon N de Blondlot et l&rsquo;\u00e9mission tellurique de Hartmann, puis je suis all\u00e9 plus loin.<\/p>\n<p style=\"text-align: justify;\">Je me suis dit que le signal du sourcier, que l&rsquo;on croyait \u00e9lectromagn\u00e9tique, devait \u00eatre aussi le rayon N. J&rsquo;ai op\u00e9r\u00e9 dans un jardin \u00e0 Sorgues, pr\u00e8s d&rsquo;Avignon, avec un sourcier ; voici ce qui s&rsquo;est pass\u00e9.<\/p>\n<p style=\"text-align: justify;\">Le sourcier, je vous le d\u00e9cris, est un petit homme extr\u00eamement puissant sur le plan musculaire. Quant \u00e0 la rivi\u00e8re souterraine, c&rsquo;est un affluent de la Sorgue, large de plusieurs m\u00e8tres, que tout le monde conna\u00eet dans le pays.<\/p>\n<p style=\"text-align: justify;\">Or quand le sourcier arrivait au-dessus de cette rivi\u00e8re souterraine, la baguette se redressait \u00e0 la verticale et, m\u00eame, lui \u00e9chappait des mains. Il m&rsquo;a alors demand\u00e9 de l&rsquo;aider \u00e0 la tenir ; rien \u00e0 faire, le couple moteur qui fait tourner la baguette est \u00e9norme, plusieurs m\u00e8tres par kilo. Lorsque j&rsquo;ai ajout\u00e9 mes efforts aux siens, le seul effet a \u00e9t\u00e9 d&rsquo;\u00e9corcer la baguette.<\/p>\n<p style=\"text-align: justify;\">Puis j&rsquo;ai op\u00e9r\u00e9 moi-m\u00eame. Avec moi, qui suis beaucoup moins muscl\u00e9 que ce sourcier, cela s&rsquo;est tr\u00e8s bien pass\u00e9 : la baguette s&rsquo;est redress\u00e9e mais j&rsquo;en ai gard\u00e9 le contr\u00f4le. J&rsquo;ai travers\u00e9 la source, en sentant l&rsquo;augmentation de la vibration jusqu&rsquo;au milieu de la rivi\u00e8re, puis sa diminution.<\/p>\n<p style=\"text-align: justify;\">Ma th\u00e9orie est simple : le sourcier est un \u00e9metteur de rayon N et la source lui renvoie son propre rayon. C&rsquo;est de l&rsquo;\u00e9cholocation ; c&rsquo;est ce que fait la chauve-souris pour d\u00e9tecter les obstacles, mais elle le fait avec des ondes a\u00e9riennes. En fait, c&rsquo;est la m\u00eame chose puisqu&rsquo;il s&rsquo;agit de l&rsquo;onde sonore de l&rsquo;\u00e9ther. Seulement il y a deux circuits : l&rsquo;un qui est inconscient, l&rsquo;\u00e9cholocation dont je viens de parler et l&rsquo;autre, qui fait le couple sur la baguette et qui est d\u00fb \u00e0 la force musculaire du sourcier. C&rsquo;est pour cette raison que le couple moteur est mod\u00e9r\u00e9, quand il s&rsquo;agit de moi, et qu&rsquo;il est \u00e9norme quand c&rsquo;est cet hercule qui man\u0153uvre la baguette. Il y a donc un circuit inconscient qui fait marcher la baguette et un circuit conscient qui la contr\u00f4le. Alors, suivant la volont\u00e9 et l&rsquo;\u00e9quilibre entre les deux circuits, la baguette est contr\u00f4lable ou non.<\/p>\n<p style=\"text-align: justify;\">Il fallait aussi expliquer comment le sourcier peut d\u00e9tecter des cavit\u00e9s souterraines. L&rsquo;explication est \u00e9vidente : s&rsquo;il y a une cavit\u00e9 souterraine, l&rsquo;onde se r\u00e9fl\u00e9chit sur la paroi.<\/p>\n<p style=\"text-align: justify;\">Il y avait aussi une autre difficult\u00e9 que voici : les sourciers disent, et c&rsquo;est vrai, qu&rsquo;il faut que la source soit vive, que l&rsquo;eau soit en mouvement : si l&rsquo;eau est stagnante on ne sent rien. C&rsquo;est ce qui a fait croire que le ph\u00e9nom\u00e8ne \u00e9tait \u00e9lectromagn\u00e9tique. Le professeur Yves Rocard <a id=\"Y4\" href=\"#X4\">[4]<\/a> a \u00e9nonc\u00e9 : \u00ab C&rsquo;est l&rsquo;\u00e9lectrofiltration. La source contient des ions et, comme elle se d\u00e9place, le d\u00e9placement des ions produit un champ magn\u00e9tique. \u00bb Yves Rocard a d&rsquo;ailleurs renonc\u00e9 \u00e0 cette explication depuis.<\/p>\n<p style=\"text-align: justify;\">Mais la v\u00e9rit\u00e9 n&rsquo;est pas l\u00e0. D&rsquo;apr\u00e8s les exp\u00e9riences de Blondlot, pour que l&rsquo;eau r\u00e9fl\u00e9chisse le rayon N, il faut qu&rsquo;elle soit pure. En effet, si elle n&rsquo;est pas pure, le rayon N passe \u00e0 travers et n&rsquo;est pas r\u00e9fl\u00e9chi.<\/p>\n<p style=\"text-align: justify;\">Il faut donc une certaine structure pour r\u00e9fl\u00e9chir le rayon N, structure que l&rsquo;eau poss\u00e8de. Mais si vous mettez du sel dans l&rsquo;eau, la dissolution du sel d\u00e9truit la structure de l&rsquo;eau. J&rsquo;ai m\u00eame fait cette exp\u00e9rience en chauffant l&rsquo;eau, tout simplement. \u00c0 moins de 50 degr\u00e9s, le pendule Hartmann fonctionne, mais d\u00e8s que la temp\u00e9rature d\u00e9passe 50\u00b0, le pendule ne fonctionne plus.<\/p>\n<p style=\"text-align: justify;\">J&rsquo;ai eu la bonne fortune de rencontrer un prospecteur minier qui avait employ\u00e9 des sourciers en Sib\u00e9rie. Il m&rsquo;a dit qu&rsquo;en Sib\u00e9rie, l&rsquo;eau est toujours pure, elle est sous la glace et on la d\u00e9tecte toujours, qu&rsquo;elle coule ou qu&rsquo;elle ne coule pas.<\/p>\n<p style=\"text-align: justify;\"><strong>\u00a0C. H. <\/strong><strong>\u2014<\/strong><strong> Les sourciers ne d<\/strong><strong>\u00e9<\/strong><strong>tectent pas que l&rsquo;eau, mais aussi les mines.<\/strong><\/p>\n<p style=\"text-align: justify;\">L. R. \u2014 Il n&rsquo;y a pas que l&rsquo;eau qui a cette propri\u00e9t\u00e9 r\u00e9fl\u00e9chissante, le verre aussi l&rsquo;a, mais pas le quartz. Par exemple les mines de potasse d&rsquo;Alsace ont \u00e9t\u00e9 d\u00e9couvertes par un sourcier qui croyait que c&rsquo;\u00e9tait de l&rsquo;eau. C&rsquo;est apparemment la potasse qu&rsquo;il y a dans le verre qui le rend r\u00e9fl\u00e9chissant, car la silice constitutive du quartz, ne r\u00e9fl\u00e9chit pas l&rsquo;onde N.<\/p>\n<p style=\"text-align: justify;\">Ainsi donc tout est parfaitement recoup\u00e9 et il n&rsquo;y a aucun doute : le rayon N est \u00e0 la fois l&rsquo;\u00e9mission Hartmann, le porteur de la t\u00e9l\u00e9pathie, le signal du sourcier, etc. Seulement voil\u00e0 : si les \u00eatres vivants ont la capacit\u00e9 de le d\u00e9tecter, ils ont aussi la propri\u00e9t\u00e9 de l&rsquo;\u00e9mettre, puisque le sourcier fait de l&rsquo;\u00e9cholocation. J&rsquo;ai donc exp\u00e9riment\u00e9 sur les cr\u00e2nes des gens et sur le cr\u00e2ne de mon chat.<\/p>\n<p style=\"text-align: justify;\">Pour ce qui est de mon chat, les h\u00e9misph\u00e8res c\u00e9r\u00e9braux faisaient tourner le pendule chacun dans un sens diff\u00e9rent.<\/p>\n<p style=\"text-align: justify;\">Chez les \u00eatres humains, c&rsquo;est beaucoup plus compliqu\u00e9. On peut approcher le cerveau de mani\u00e8res diff\u00e9rentes. Certains individus font tourner le pendule toujours dans le m\u00eame sens, quel que soit l&rsquo;h\u00e9misph\u00e8re vis\u00e9, d&rsquo;autres le font tourner dans un sens pour un h\u00e9misph\u00e8re, et dans l&rsquo;autre h\u00e9misph\u00e8re, cela tourne dans l&rsquo;autre sens au-dessus de certains points, mais pas tous&#8230; Bref, c&rsquo;est extr\u00eamement complexe. Il y a \u00e9galement \u00e9mission par les mains et par les pieds. Il faut tenir compte aussi de la sensibilit\u00e9 sp\u00e9cifique de l&rsquo;op\u00e9rateur. C&rsquo;est donc tr\u00e8s difficile d&rsquo;\u00e9tudier la question au sujet des \u00eatres humains puisque les r\u00e9sultats d\u00e9pendent \u00e0 la fois du r\u00e9cepteur et de l&rsquo;\u00e9metteur. Cela, d&rsquo;autant plus que les rayons N existent sous trois formes :<\/p>\n<p style=\"text-align: justify;\">1) Le rayon non polaris\u00e9, que Blondlot ne pouvait pas d\u00e9tecter.<\/p>\n<p style=\"text-align: justify;\">2) Le rayon polaris\u00e9 rectilignement.<\/p>\n<p style=\"text-align: justify;\">3) Le rayon polaris\u00e9 circulairement. En g\u00e9n\u00e9ral, ils sont m\u00e9lang\u00e9s tous les trois.<\/p>\n<p style=\"text-align: justify;\"><strong>C. H. <\/strong><strong>\u2014<\/strong><strong> Qu&rsquo;entendez-vous par polaris<\/strong><strong>\u00e9<\/strong><strong> ?<\/strong><\/p>\n<p style=\"text-align: justify;\">L. R. \u2014 Polaris\u00e9, cela veut dire que la vibration n&rsquo;est pas r\u00e9partie uniform\u00e9ment dans l&rsquo;espace, donc qu&rsquo;elle se produit dans un plan privil\u00e9gi\u00e9, comme pour la lumi\u00e8re.<\/p>\n<p style=\"text-align: justify;\">Autrefois, on pensait que les ondes sonores n&rsquo;\u00e9taient pas polarisables du fait qu&rsquo;elles sont dans le sens de la marche. Mais ce n&rsquo;est pas vrai ; on sait depuis quelques ann\u00e9es que les ondes sonores sont polaris\u00e9es si la source sonore oscille. C&rsquo;est donc le cas du rayon N : la source s&rsquo;agitant transversalement, elle \u00e9met de la lumi\u00e8re, mais en m\u00eame temps elle \u00e9met une autre onde d&rsquo;\u00e9ther longitudinale, polaris\u00e9e, le rayon N.<\/p>\n<p style=\"text-align: justify;\">On ne voulait pas croire Blondlot parce qu&rsquo;il disait : \u00ab Le rayon N est toujours polaris\u00e9, d\u00e8s qu&rsquo;il sort de la source il est polaris\u00e9. \u00bb Et cela paraissait bizarre. Mais ma th\u00e9orie a fourni une explication extr\u00eamement simple : la d\u00e9tection de Blondlot \u00e9tait indirecte et si le rayon n&rsquo;\u00e9tait pas polaris\u00e9, cela ne marchait pas. Il voyait donc toujours le rayon polaris\u00e9 puisque s&rsquo;il n&rsquo;\u00e9tait pas polaris\u00e9 il ne pouvait pas le d\u00e9tecter.<\/p>\n<p style=\"text-align: justify;\">Le rayon N n&rsquo;ayant pas d&rsquo;\u00e9nergie et n&rsquo;\u00e9tant pas accompagn\u00e9 de photons, il n&rsquo;est pas n\u00e9cessaire d&rsquo;avoir des yeux pour le voir. N&rsquo;importe quels neurones, ou peut-\u00eatre quelques neurones sp\u00e9cialis\u00e9s, le voient directement dans certains cas.<\/p>\n<p style=\"text-align: justify;\">Alors cela para\u00eet surnaturel. On peut penser que les visions des mystiques sont dues \u00e0 des hallucinations, \u00e0 la folie ou \u00e0 la drogue, mais il y a des cas o\u00f9 ce sont des visions induites par le rayon N et d\u00e9tect\u00e9es par les neurones.<\/p>\n<p style=\"text-align: justify;\">C&rsquo;est probablement le cas chez les animaux inf\u00e9rieurs non pourvus d&rsquo;yeux, car il existe des animalcules marins unicellulaires capables de construire des armures soud\u00e9es et de fabriquer des chausse-trapes pour capturer des proies. Or ils parviennent \u00e0 ces performances, g\u00e9om\u00e9triquement impeccables, sans avoir un organe visuel quelconque. Ils doivent donc poss\u00e9der une vision directe en rayon N, c&rsquo;est-\u00e0-dire en ondes longitudinales de l&rsquo;\u00e9ther.<\/p>\n<p style=\"text-align: justify;\">Voil\u00e0 o\u00f9 j&rsquo;en \u00e9tais lorsque, toujours par hasard, est sorti, la m\u00eame ann\u00e9e que le mien, un bouquin d&rsquo;un nomm\u00e9 Satprem <a id=\"Y5\" href=\"#X5\">[5]<\/a> ; et ce livre relatait les visions de M\u00e8re, gourou de l&rsquo;ashram d&rsquo;Auroville, pr\u00e8s de Pondich\u00e9ry, dont il fut longtemps le secr\u00e9taire.<\/p>\n<p style=\"text-align: justify;\">En lisant ce livre, je me suis aper\u00e7u que M\u00e8re appr\u00e9hendait l&rsquo;\u00e9ther, qu&rsquo;elle voyait en rayons N ; elle a dit des choses absolument extraordinaires. Les m\u00eames choses que j&rsquo;\u00e9crivais dans mon bouquin !<\/p>\n<p style=\"text-align: justify;\">Voil\u00e0 ce qu&rsquo;elle dit :<\/p>\n<p>&nbsp;<\/p>\n<table border=\"1\" cellspacing=\"0\" cellpadding=\"0\">\n<tbody>\n<tr>\n<td valign=\"top\" width=\"399\">\n<p align=\"center\"><strong>SATPREM<\/strong><\/p>\n<p align=\"center\"><strong>M<\/strong><strong>\u00c8<\/strong><strong>RE<\/strong><\/p>\n<p align=\"center\"><strong>L&rsquo;ESP<\/strong><strong>\u00c8<\/strong><strong>CE NOUVELLE<\/strong><\/p>\n<p align=\"center\"><strong>Robert Laffont, Paris, 1976<\/strong>.<\/p>\n<p>&nbsp;<\/td>\n<td valign=\"top\" width=\"399\">\n<p align=\"center\"><strong>L. ROMANI<\/strong><\/p>\n<p align=\"center\"><strong>TH<\/strong><strong>\u00c9<\/strong><strong>ORIE G<\/strong><strong>\u00c9<\/strong><strong>N<\/strong><strong>\u00c9<\/strong><strong>RALE<\/strong><\/p>\n<p align=\"center\"><strong>DE L&rsquo;UNIVERS PHYSIQUE<\/strong><\/p>\n<p align=\"center\"><strong>Albert Blanchard, Paris, 1975 (I) et 1976 (II).<\/strong><\/p>\n<p>&nbsp;<\/td>\n<\/tr>\n<tr>\n<td valign=\"top\" width=\"399\">La substance supramentale la plus proche du monde physique, la premi\u00e8re \u00e0 se manifester&#8230; L&rsquo;impression g\u00e9n\u00e9rale \u00e9tait d&rsquo;un monde sans ombre&#8230; Les v\u00eatements n&rsquo;\u00e9taient pas faits d&rsquo;\u00e9toffe et cette chose qui ressemblait \u00e0 de l&rsquo;\u00e9toffe n&rsquo;\u00e9tait pas fabriqu\u00e9e : elle faisait partie de leur corps, elle \u00e9tait faite de la m\u00eame substance qui prenait des formes diff\u00e9rentes&#8230;Il y avait une seule substance en toute chose : elle changeait la qualit\u00e9 de sa vibration suivant les besoins ou les usages (pp. 74-75).<\/td>\n<td valign=\"top\" width=\"399\">&#8230; tout ph\u00e9nom\u00e8ne physique ou tout objet peut \u00eatre ramen\u00e9 \u00e0 un mouvement dans un fluide universel qui est la seule substance existante. Ce fluide est parfait, barotrope, homog\u00e8ne, monobloc, sans lacunes, continu ( = non mol\u00e9culaire) (II, 185).<\/td>\n<\/tr>\n<tr>\n<td valign=\"top\" width=\"399\">&#8230;Je m&rsquo;y suis promen\u00e9e (dans le monde supramental) concr\u00e8tement, aussi concr\u00e8tement, que je me promenais \u00e0 Paris autrefois, dans un monde qui EXISTE EN SOI, en dehors de toute subjectivit\u00e9&#8230; C&rsquo;est comme un pont qui est en train d&rsquo;\u00eatre jet\u00e9 entre les deux mondes (pp. 79-80).<\/td>\n<td valign=\"top\" width=\"399\"><\/td>\n<\/tr>\n<tr>\n<td valign=\"top\" width=\"399\">Un bloc solide. Quelque chose d&rsquo;une seule pi\u00e8ce (p. 117).<\/td>\n<td valign=\"top\" width=\"399\">L&rsquo;\u00e9ther, infini ou pas, est monobloc (II, 156).<\/td>\n<\/tr>\n<tr>\n<td valign=\"top\" width=\"399\">On ne peut pas dire brillant, on ne peut pas dire sombre ; ce n&rsquo;\u00e9tait pas non plus de la lumi\u00e8re : une multitude de petits points d&rsquo;or, rien que cela (p. 131).<\/td>\n<td valign=\"top\" width=\"399\">Le fait que le fluide soit tendu le rend apte \u00e0 transmettre aussi bien les ondes transversales que les ondes longitudinales (I, 154).<\/td>\n<\/tr>\n<tr>\n<td valign=\"top\" width=\"399\">.. et je me suis retrouv\u00e9e dans un autre monde mais pas \u00ab loin\u00a0\u00bb. C&rsquo;\u00e9tait un monde presque aussi substantiel que le monde physique (p. 184).<\/td>\n<td valign=\"top\" width=\"399\">On sait que tout espace vectoriel peut \u00eatre transform\u00e9 en un espace associ\u00e9 dit espace dual (I, 98).<\/td>\n<\/tr>\n<tr>\n<td valign=\"top\" width=\"399\">Il m&rsquo;a fallu une bonne demi-heure pour comprendre que ce monde-ci (le n\u00f4tre) existait autant que l&rsquo;autre, que je n&rsquo;\u00e9tais plus de l&rsquo;\u00ab autre c\u00f4t\u00e9 \u00bb mais ici dans le monde du Mensonge&#8230;N&rsquo;est-ce pas, ce monde de V\u00e9rit\u00e9, ce n&rsquo;est pas comme s&rsquo;il fallait le cr\u00e9er de toutes pi\u00e8ces : il est tout pr\u00eat, il est l\u00e0 comme en doublure du n\u00f4tre (p. 185).<\/td>\n<td valign=\"top\" width=\"399\">Par cons\u00e9quent les grandeurs conjugu\u00e9es existent d\u00e9j\u00e0 dans l&rsquo;espace physique (I, 98).<\/td>\n<\/tr>\n<tr>\n<td valign=\"top\" width=\"399\">&#8230; On a une tr\u00e8s forte impression : qu&rsquo;il suffirait de condenser, pour ainsi dire, ce monde afin qu&rsquo;il devienne visible pour tous (p. 187).<\/td>\n<td valign=\"top\" width=\"399\">D&rsquo;autre part, l&rsquo;\u00e9ther est manifestement compressible&#8230; (I, 19).<\/td>\n<\/tr>\n<tr>\n<td valign=\"top\" width=\"399\">Quelque chose qui est de toute \u00e9ternit\u00e9 pour toute \u00e9ternit\u00e9&#8230; (p. 222).<\/td>\n<td valign=\"top\" width=\"399\">Or les anneaux (tourbillons de l&rsquo;\u00e9ther) sont immortels (II, 143).<\/td>\n<\/tr>\n<tr>\n<td valign=\"top\" width=\"399\">Et l&rsquo;autre chose qui est l\u00e0, on a tout de suite l&rsquo;impression : plein &#8211; plein &#8211; plein &#8211; plein &#8211; plein ! n&rsquo;est-ce pas, d\u00e9bordant, il n&rsquo;y a plus de limites (p. 224).<\/td>\n<td valign=\"top\" width=\"399\">L&rsquo;\u00e9ther emplit l&rsquo;espace mais les corps n&rsquo;existent pas en tant que substance distincte de la sienne (I, 17).<\/td>\n<\/tr>\n<tr>\n<td valign=\"top\" width=\"399\">Maintenant je vois \u00e7a constamment, associ\u00e9 \u00e0 tout et \u00e7a semble \u00eatre ce que l&rsquo;on pourrait appeler une perception de la vraie Mati\u00e8re. Toutes les couleurs possibles sont associ\u00e9es sans \u00eatre m\u00e9lang\u00e9es et associ\u00e9es par points lumineux. Tout est comme CONSTITU\u00c9 de cela (p. 250).<\/td>\n<td valign=\"top\" width=\"399\">Cette th\u00e9orie que nous appellerons Th\u00e9orie de l&rsquo;\u00e9ther constitutif&#8230; (I, 18).<\/td>\n<\/tr>\n<tr>\n<td valign=\"top\" width=\"399\">Et le corps a une curieuse perception \u00e0 la fois de subtilit\u00e9, de \u00ab p\u00e9n\u00e9trabilit\u00e9 \u00bb si l&rsquo;on peut dire, de souplesse de forme et pas positivement d&rsquo;une suppression mais d&rsquo;une diminution consid\u00e9rable de la rigidit\u00e9 des formes (p. 256).<\/td>\n<td valign=\"top\" width=\"399\">La transformation de Galil\u00e9e s&rsquo;appliquerait aux fluides incompressibles et aux corps solides&#8230; s&rsquo;il en existait ! (II, 4).<\/td>\n<\/tr>\n<tr>\n<td valign=\"top\" width=\"399\">C&rsquo;est parce que toute la substance est UNE. Tout est UN, n&rsquo;est-ce pas, c&rsquo;est cela que nous oublions tout le temps (p. 260).<\/td>\n<td valign=\"top\" width=\"399\">Il est impensable que la substance puisse \u00eatre, au nom de la structure, ind\u00e9finiment repouss\u00e9e ; il faut une substance primitive pour que commence la structuration (I, 16).<\/td>\n<\/tr>\n<tr>\n<td valign=\"top\" width=\"399\">C&rsquo;est une subtilit\u00e9, ce serait presque&#8230; c&rsquo;est presque comme si on \u00e9tait en bordure entre deux mondes. C&rsquo;est le m\u00eame monde et c&rsquo;est \u2014 est-ce deux aspects de ce monde ? &#8230; Je ne peux m\u00eame pas dire cela. C&rsquo;est pourtant le M\u00caME monde (p. 300).<\/td>\n<td valign=\"top\" width=\"399\">Mais l&rsquo;espace dual de l&rsquo;espace physique est identique \u00e0 celui-ci (I, 98).<\/td>\n<\/tr>\n<\/tbody>\n<\/table>\n<p style=\"text-align: justify;\">\u00a0J&rsquo;ai fait, depuis, la connaissance de Mlle T., qui a les m\u00eames visions que M\u00e8re, et je, lui ai tendu une perche. Car une chose me g\u00eanait dans le texte de Satprem : M\u00e8re dit bien que c&rsquo;est un monde sans ombre, mais elle ne dit pas que l&rsquo;on voit \u00e0 travers les objets. J&rsquo;ai donc demand\u00e9 : est-ce vrai que c&rsquo;est un monde sans ombre ? Et sans h\u00e9siter Mlle T. a r\u00e9pondu : \u00ab Non seulement il n&rsquo;y a pas d&rsquo;ombre, mais on voit \u00e0 travers les objets. \u00bb Elle m&rsquo;a donn\u00e9 ainsi les derni\u00e8res confirmations de la th\u00e9orie.<\/p>\n<p style=\"text-align: justify;\">Or, une th\u00e9orie biologique actuelle, que j&rsquo;ai des raisons de croire exacte, affirme que nous poss\u00e9dons trois cerveaux superpos\u00e9s. Nous poss\u00e9dons l&rsquo;hypothalamus, qui est le cerveau du poisson, puis le syst\u00e8me limbique, qui date du reptile, enfin le pal\u00e9ocortex et le n\u00e9ocortex, datant du mammif\u00e8re.<\/p>\n<p style=\"text-align: justify;\">J&rsquo;ai pu me rendre compte que l&rsquo;\u00e9mission et la r\u00e9ception t\u00e9l\u00e9pathiques se passent au niveau du syst\u00e8me limbique, mais pas du tout au niveau du cortex, c&rsquo;est pour cette raison d&rsquo;ailleurs que cela marche si mal.<\/p>\n<p style=\"text-align: justify;\">Le syst\u00e8me limbique ne sait pas parler. \u00c7a, c&rsquo;est la cl\u00e9 de la question ; par cons\u00e9quent ce qu&rsquo;il \u00e9met, ce sont des images, des sons, des pens\u00e9es, mais ce ne sont pas des mots. Il date du reptile, et le reptile ne parle pas. \u00c0 la r\u00e9ception, le syst\u00e8me limbique re\u00e7oit sous la m\u00eame forme.<\/p>\n<p style=\"text-align: justify;\">Mais les humains ont la conscience branch\u00e9e sur le cortex ; pour que la t\u00e9l\u00e9pathie marche, il faut donc franchir l&rsquo;interface du syst\u00e8me limbique au cortex, ce qui est tr\u00e8s difficile. En effet le cortex attend qu&rsquo;on lui parle, qu&rsquo;on lui donne des mots et c&rsquo;est pourquoi c&rsquo;est tr\u00e8s difficile chez l&rsquo;homme, tandis que, chez les animaux, du fait qu&rsquo;ils ne parlent pas, le cortex n&rsquo;attend pas de mots.<\/p>\n<p style=\"text-align: justify;\">Chez l&rsquo;homme existe donc, strictement parlant, la barri\u00e8re du langage. Je m&rsquo;en suis aper\u00e7u en faisant certaines observations t\u00e9l\u00e9pathiques \u00e9tranges, o\u00f9 tout marche bien sauf un d\u00e9tail, et quand on cherche \u00e0 d\u00e9finir ce d\u00e9tail, c&rsquo;est toujours un probl\u00e8me de mots.<\/p>\n<p style=\"text-align: justify;\">En voici un exemple :<\/p>\n<p style=\"text-align: justify;\">Un jour j&rsquo;ai fait deux r\u00eaves, en rapport avec deux lettres re\u00e7ues. Dans le premier r\u00eave, je parlais avec une femme de la couleur des cheveux d&rsquo;une autre. Je suis pass\u00e9 sans transition \u00e0 un autre r\u00eave o\u00f9 je recevais une lettre de mon petit-fils, et je disais \u00e0 ma femme : \u00ab on va comparer son \u00e9criture \u00e0 celle de sa s\u0153ur \u00bb ; et l\u00e0-dessus je me suis r\u00e9veill\u00e9. Ma femme est arriv\u00e9e alors et m&rsquo;a dit : \u00ab voil\u00e0 une lettre de Sophie, on va comparer son \u00e9criture avec celle de Bruno\u00a0\u00bb. J&rsquo;avais donc permut\u00e9 les deux noms ; c&rsquo;est un cas typique. Il y avait une autre lettre de ma fille, demandant qu&rsquo;on lui envoie de la teinture de henn\u00e9.<\/p>\n<p style=\"text-align: justify;\">Cette onde t\u00e9l\u00e9pathique est incroyable, car elle passe m\u00eame au travers de la terre. J&rsquo;ai fait des \u00e9missions involontaires avec une amie intime tous les jours \u00e0 4 heures quand je prenais le caf\u00e9. En temps normal, elle \u00e9tait au bureau, mais certains jours, elle allait faire des relev\u00e9s arch\u00e9ologiques \u00e0 40 m\u00e8tres de profondeur dans les souterrains de Saint-Germain-en-Laye. Elle m&rsquo;a dit un jour : \u00ab Il faut arr\u00eater de faire cela, car lorsque je suis en face de mon patron, il me voit changer de couleur.<\/p>\n<p style=\"text-align: justify;\">Moi : \u2014 Qu&rsquo;est-ce qui se passe ?<\/p>\n<p style=\"text-align: justify;\">\u2014 Eh bien, j&rsquo;ai l&rsquo;impression que vous m&#8217;embrassez, que vous me prenez dans vos bras, \u00e7a la fiche mal avec mon patron ! \u00bb et elle ajoute : \u00ab C&rsquo;est tous les jours \u00e0 quatre heures ! \u00bb<\/p>\n<p style=\"text-align: justify;\">Effectivement, tous les jours \u00e0 quatre heures, je m&rsquo;arr\u00eatais de travailler pour boire le caf\u00e9, le cortex se d\u00e9tendait et lib\u00e9rait le syst\u00e8me limbique qui fonctionnait \u00e0 mon insu : je ne m&rsquo;en rendais pas compte.<\/p>\n<p style=\"text-align: justify;\">Alors je lui dis : \u00ab Et \u00e0 Saint-Germain-en-Laye, quand vous \u00eates sous terre ? \u00bb Elle me r\u00e9pond : \u00ab Oh, c&rsquo;est exactement pareil, mais l\u00e0, cela m&rsquo;est \u00e9gal, je suis toute seule. \u00bb J&rsquo;\u00e9tais sceptique, mais elle pr\u00e9cisa alors : \u00ab Il n&rsquo;y a que le 5 septembre que cela ne s&rsquo;est pas pass\u00e9. \u00bb Je pris alors mon carnet de rendez-vous, je regardai au 5 septembre et, en effet, ce jour-l\u00e0 j&rsquo;avais eu un rendez-vous et n&rsquo;avais pu prendre le caf\u00e9.<\/p>\n<p style=\"text-align: justify;\">Je ne pouvais donc plus douter puisqu&rsquo;elle m&rsquo;avait donn\u00e9 la date exacte de la seule exception. Mais elle ne recevait que des sensations et des images, elle n&rsquo;entendait pas de mots.<\/p>\n<p style=\"text-align: justify;\"><strong>C. H. <\/strong><strong>\u2014<\/strong><strong> Pourquoi d<\/strong><strong>\u00e9<\/strong><strong>limitez-vous la fonction t<\/strong><strong>\u00e9<\/strong><strong>l<\/strong><strong>\u00e9<\/strong><strong>pathique dans la sph<\/strong><strong>\u00e8<\/strong><strong>re limbique ; pour ma part, je la situerais plus volontiers dans l&rsquo;hypothalamus.<\/strong><\/p>\n<p style=\"text-align: justify;\">L. R. \u2014 Eh bien parce que, premi\u00e8rement, si c&rsquo;\u00e9tait le cortex, il n&rsquo;y aurait pas de probl\u00e8mes de traduction ; et quant \u00e0 l&rsquo;hypothalamus, je pense que c&rsquo;est une structure trop primitive, cela date du poisson.<\/p>\n<p style=\"text-align: justify;\"><strong>C. H. <\/strong><strong>\u2014<\/strong><strong> Cela pourrait <\/strong><strong>\u00ea<\/strong><strong>tre un nouveau mode de fonctionnement de l&rsquo;hypothalamus.<\/strong><\/p>\n<p style=\"text-align: justify;\">L. R. \u2014 Le syst\u00e8me limbique date du reptile, et le reptile est l&rsquo;anc\u00eatre imm\u00e9diat du mammif\u00e8re.<\/p>\n<p style=\"text-align: justify;\"><strong>C. H. <\/strong><strong>\u2014<\/strong><strong> Il est quand m<\/strong><strong>\u00ea<\/strong><strong>me lui aussi une structure primitive.<\/strong><\/p>\n<p style=\"text-align: justify;\">L. R. \u2014 Non. C&rsquo;est tr\u00e8s simple ; l&rsquo;\u00e9volution des animaux se produit par additions successives. Le poisson avait un cerveau simple et primitif qui correspond \u00e0 notre hypothalamus, bien que le n\u00f4tre soit plus complexe que celui du poisson, \u00e9videmment.<\/p>\n<p style=\"text-align: justify;\">Quand le poisson est sorti de l&rsquo;eau, il s&rsquo;est pos\u00e9 tout un tas de probl\u00e8mes, alors il s&rsquo;est d\u00e9velopp\u00e9 un deuxi\u00e8me cerveau, beaucoup plus compliqu\u00e9, le syst\u00e8me limbique, qui s&rsquo;est superpos\u00e9.<\/p>\n<p style=\"text-align: justify;\"><strong>C. H. <\/strong><strong>\u2014<\/strong><strong> Lorsque l&rsquo;on d<\/strong><strong>\u00e9<\/strong><strong>finit la fonction d&rsquo;une zone c<\/strong><strong>\u00e9<\/strong><strong>r<\/strong><strong>\u00e9<\/strong><strong>brale, on ne sait pas si cette zone n&rsquo;a pas d&rsquo;autres fonctions non encore d<\/strong><strong>\u00e9<\/strong><strong>termin<\/strong><strong>\u00e9<\/strong><strong>es. D&rsquo;autre part, l&rsquo;hypothalamus, m<\/strong><strong>\u00ea<\/strong><strong>me s&rsquo;il est un cerveau ant<\/strong><strong>\u00e9<\/strong><strong>rieur, n&rsquo;a pas forc<\/strong><strong>\u00e9<\/strong><strong>ment fini son <\/strong><strong>\u00e9<\/strong><strong>volution.<\/strong><\/p>\n<p style=\"text-align: justify;\">L. R. \u2014 Bien s\u00fbr, depuis le poisson, il s&rsquo;est d\u00e9velopp\u00e9. Mais ce qui est symptomatique, c&rsquo;est que la t\u00e9l\u00e9pathie ne peut pas marcher quand le cortex fonctionne.<\/p>\n<p style=\"text-align: justify;\"><strong>C. H. <\/strong><strong>\u2014<\/strong><strong> Oui, cela est s<\/strong><strong>\u00fb<\/strong><strong>r.<\/strong><\/p>\n<p style=\"text-align: justify;\">L. R. \u2014 Or le cortex ne bloque pas l&rsquo;hypothalamus, mais par contre il bloque le syst\u00e8me limbique.<\/p>\n<p style=\"text-align: justify;\"><strong>C. H. <\/strong><strong>\u2014<\/strong><strong> Il para<\/strong><strong>\u00ee<\/strong><strong>t quand m<\/strong><strong>\u00ea<\/strong><strong>me n<\/strong><strong>\u00e9<\/strong><strong>cessaire de faire la liaison avec le cortex pour avoir des mots. M<\/strong><strong>\u00ea<\/strong><strong>me pour reconna<\/strong><strong>\u00ee<\/strong><strong>tre des impressions ou des images, il faut faire ce lien.<\/strong><\/p>\n<p style=\"text-align: justify;\">L. R. \u2014 De la fa\u00e7on dont sont plac\u00e9s les trois cerveaux, s&rsquo;il y a une difficult\u00e9 d&rsquo;interface, c&rsquo;est forc\u00e9ment au niveau limbique.<\/p>\n<p style=\"text-align: justify;\"><strong>C. H. <\/strong><strong>\u2014<\/strong><strong> La r<\/strong><strong>\u00e9<\/strong><strong>ception t<\/strong><strong>\u00e9<\/strong><strong>l<\/strong><strong>\u00e9<\/strong><strong>pathique pourrait se faire au niveau de l&rsquo;hypothalamus et se servir du syst<\/strong><strong>\u00e8<\/strong><strong>me limbique comme interm<\/strong><strong>\u00e9<\/strong><strong>diaire.<\/strong><\/p>\n<p style=\"text-align: justify;\">L. R. \u2014 De toute fa\u00e7on, il faut que cela passe par le syst\u00e8me limbique. L&rsquo;hypothalamus s\u00e9cr\u00e8te des hormones, c&rsquo;est une glande \u00e0 s\u00e9cr\u00e9tion interne, et l&rsquo;on sait maintenant qu&rsquo;il fabrique des tas de produits chimiques, tandis que le syst\u00e8me limbique est un syst\u00e8me plut\u00f4t \u00e9lectronique et beaucoup moins chimique. Il y a aussi des retransmetteurs, mais manifestement le syst\u00e8me limbique est d\u00e9j\u00e0 orient\u00e9 vers l&rsquo;ext\u00e9rieur, il est de m\u00eame nature que le cortex.<\/p>\n<p style=\"text-align: justify;\"><strong>C. H. <\/strong><strong>\u2014<\/strong><strong> Cela prouve justement que le syst<\/strong><strong>\u00e8<\/strong><strong>me limbique re<\/strong><strong>\u00e7<\/strong><strong>oit des ordres, ordres qui sont g<\/strong><strong>\u00e9<\/strong><strong>n<\/strong><strong>\u00e9<\/strong><strong>r<\/strong><strong>\u00e9<\/strong><strong>s ailleurs.<\/strong><\/p>\n<p style=\"text-align: justify;\">L. R. \u2014 Il en re\u00e7oit et il en donne. Il y a des choses que le syst\u00e8me limbique et le cortex peuvent faire tous les deux. Par exemple : quand vous marchez, c&rsquo;est d\u00fb au cortex, et quand un somnambule marche, c&rsquo;est le syst\u00e8me limbique qui fonctionne. Dans certaines n\u00e9vroses, ils entrent en conflit. Il est \u00e9vident que lorsque le cortex n&rsquo;existait pas, il fallait que le syst\u00e8me limbique sache tout faire. On voit d&rsquo;ailleurs que pour que la t\u00e9l\u00e9pathie puisse fonctionner volontairement, il faut arr\u00eater le cortex, et je connais quatre fa\u00e7ons de faire cela : le yoga, l&rsquo;an\u00e9mie, le je\u00fbne et le sommeil. Dans les quatre cas, il n&rsquo;y a pas assez de sang pour tout le syst\u00e8me, le cortex se met en rideau et, comme le syst\u00e8me limbique est beaucoup moins exigeant, il prend les commandes \u00e0 ce moment-l\u00e0. C&rsquo;est surprenant, car le cortex absorbe un huiti\u00e8me du d\u00e9bit sanguin alors qu&rsquo;il p\u00e8se tout au plus trois cents grammes. Mais il a la propri\u00e9t\u00e9, comme l&rsquo;hypothalamus, de percevoir directement les ondes d&rsquo;\u00e9ther sans avoir besoin de faire de la photochimie avec les photons.<\/p>\n<p style=\"text-align: justify;\"><strong>C. H. <\/strong><strong>\u2014<\/strong><strong> Pourriez-vous, par certaines exp<\/strong><strong>\u00e9<\/strong><strong>riences, d<\/strong><strong>\u00e9<\/strong><strong>celer les ondes t<\/strong><strong>\u00e9<\/strong><strong>l<\/strong><strong>\u00e9<\/strong><strong>pathiques ?<\/strong><\/p>\n<p style=\"text-align: justify;\">L. R. \u2014 Oui, on pourrait refaire une manipulation de Blondlot, et demander \u00e0 un t\u00e9l\u00e9pathe d&rsquo;\u00e9mettre un rayon N, mais la t\u00e9l\u00e9pathie est difficilement contr\u00f4lable.<\/p>\n<p style=\"text-align: justify;\"><strong>C. H. <\/strong><strong>\u2014<\/strong><strong> Ce serait certainement une exp<\/strong><strong>\u00e9<\/strong><strong>rience int<\/strong><strong>\u00e9<\/strong><strong>ressante <\/strong><strong>\u00e0<\/strong><strong> tenter.<\/strong><\/p>\n<p style=\"text-align: justify;\"><strong>BIBLIOGRAPHIE<\/strong><\/p>\n<p style=\"text-align: justify;\">Lucien Romani a condens\u00e9 la somme de ses recherches dans son ouvrage :<br \/>\n<em>Th<\/em><em>\u00e9<\/em><em>orie g<\/em><em>\u00e9<\/em><em>n<\/em><em>\u00e9<\/em><em>rale de l&rsquo;Univers physique<\/em> (r\u00e9duction \u00e0 la cin\u00e9matique), paru chez A. Blanchard, 1975-1976, 2 volumes.<br \/>\nLes Cahiers n\u00b0<sup>s<\/sup> 1, 2 et 3 de la Soci\u00e9t\u00e9 Fran\u00e7aise de Cybern\u00e9tique et des Syst\u00e8mes G\u00e9n\u00e9raux font \u00e9tat de ses travaux\u2026<\/p>\n<div style=\"text-align: justify;\"><\/div>\n<hr align=\"left\" size=\"1\" width=\"33%\" \/>\n<div>\n<p style=\"text-align: justify;\"><a id=\"X1\" href=\"#Y1\">[1]<\/a> <em>Th<\/em><em>\u00e9<\/em><em>orie g<\/em><em>\u00e9<\/em><em>n<\/em><em>\u00e9<\/em><em>rale de l&rsquo;Univers physique<\/em> (R\u00e9duction h la cin\u00e9matique), chez A. Blanchard 1975-1976 (2 volumes).<br \/>\n<a id=\"X2\" href=\"#Y2\">[2]<\/a> <em>Les rayons telluriques et leur influence sur tout ce qui vit<\/em>.<br \/>\n<a id=\"X3\" href=\"#Y3\">[3]<\/a> <em>Rayons <\/em><em>\u00ab<\/em><em> N <\/em><em>\u00bb<\/em><em>,<\/em> Gauthier-Villars, Paris, 1904.<br \/>\n<a id=\"X4\" href=\"#Y4\">[4]<\/a> <em>Le signal du sourcier<\/em>.<br \/>\n<a id=\"X5\" href=\"#Y5\">[5]<\/a> <em>M<\/em><em>\u00e8<\/em><em>re. L&rsquo;Esp<\/em><em>\u00e8<\/em><em>ce Nouvelle<\/em>, Robert Laffont, Paris, 1976.<\/p>\n<p style=\"text-align: justify;\"><strong><a href=\"http:\/\/www.revue3emillenaire.com\/blog\/wp-content\/uploads\/2014\/01\/C-Hardy.jpg\"><img loading=\"lazy\" decoding=\"async\" class=\"alignleft size-full wp-image-14875\" title=\"C Hardy\" src=\"http:\/\/www.revue3emillenaire.com\/blog\/wp-content\/uploads\/2014\/01\/C-Hardy.jpg\" alt=\"\" width=\"133\" height=\"135\" \/><\/a>Christine Hardy est <\/strong><strong>Dr es sciences humaines et ethnologue. Son blog en anglais : <a id=\"yui_3_13_0_ym1_1_1388254948177_2976\" href=\"http:\/\/chris-h-hardy-dna-of-the-gods.blogspot.fr\/\" rel=\"nofollow\" shape=\"rect\" target=\"_blank\">http:\/\/chris-h-hardy-dna-of-the-gods.blogspot.fr\/<\/a>. Dernier livre publi\u00e9 en Fran\u00e7ais : <em id=\"yui_3_13_0_ym1_1_1388254948177_3931\"> <\/em><strong><em id=\"yui_3_13_0_ym1_1_1388254948177_3930\">La Pr\u00e9diction de Jung : La m\u00e9tamorphose de la Terre<\/em><\/strong>. Dervy, 2012. En <strong>anglais<\/strong> : <em id=\"yui_3_13_0_ym1_1_1388254948177_4224\">DNA of the Gods: <\/em><em>T<strong>he Anunnaki Creation of Eve and the Alien Battle for Humanity<\/strong><\/em><em>, <\/em>Bear &amp; Co., USA &amp; Canada<em>, mars <\/em><em id=\"yui_3_13_0_ym1_1_1388254948177_3925\">2014<\/em><em id=\"yui_3_13_0_ym1_1_1388254948177_3927\">. \u00c0 Lire aussi son interview dans le num\u00e9ro 104 de 3e Mill\u00e9naire.<\/em><\/strong><\/p>\n<\/div>\n","protected":false},"excerpt":{"rendered":"<p>Ce que j&rsquo;ai d\u00e9montr\u00e9 ainsi, et qui est tout \u00e0 fait r\u00e9volutionnaire, c&rsquo;est que l&rsquo;\u00e9ther n&rsquo;est pas comprim\u00e9 comme l&rsquo;air ou comme un gaz mol\u00e9culaire, il est comme un morceau de caoutchouc : au repos, il n&rsquo;est pas tendu : il se tend quand il se met en marche, il est tendu par le mouvement. Il d\u00e9crit des trajectoires courbes, c&rsquo;est la force centrifuge qui tire dessus et qui le tend et c&rsquo;est pourquoi il peut transmettre aussi bien les ondes transversales que longitudinales. Il faut le concevoir comme une sorte de caoutchouc tendu se d\u00e9formant dans tous les sens. \u00c0 partir de l\u00e0, il n&rsquo;y avait plus aucune difficult\u00e9, toutes les contradictions \u00e9taient lev\u00e9es. J&rsquo;ai de plus d\u00e9montr\u00e9 que toutes les ondes d&rsquo;\u00e9ther se propagent \u00e0 la m\u00eame vitesse : la vitesse de la lumi\u00e8re. Il y a donc une diff\u00e9rence avec les corps solides pour lesquels la vitesse d\u00e9pend du type d&rsquo;onde. Dans l&rsquo;\u00e9ther, la vitesse d&rsquo;une onde quelconque est celle d&rsquo;une perturbation de pression dans le fluide. Ainsi, la vitesse de la lumi\u00e8re dans l&rsquo;\u00e9ther correspond \u00e0 la vitesse du son dans l&rsquo;air (mais elle est beaucoup plus grande).<\/p>\n","protected":false},"author":1,"featured_media":0,"comment_status":"closed","ping_status":"closed","sticky":false,"template":"","format":"standard","meta":{"footnotes":""},"categories":[5,927],"tags":[1226,184,279,100,417,1227,123],"class_list":["post-15627","post","type-post","status-publish","format-standard","hentry","category-interview","category-hardy-christine","tag-ether","tag-mere","tag-mysticisme","tag-physique","tag-relativite","tag-telepathie","tag-unite"],"yoast_head":"<!-- This site is optimized with the Yoast SEO plugin v27.0 - https:\/\/yoast.com\/product\/yoast-seo-wordpress\/ -->\n<title>L&#039;\u00c9ther constitutif, entretien Lucien Romani et Christine Hardy - 3e mill\u00e9naire - Spiritualit\u00e9 - Connaissance de soi - Non-dualit\u00e9 - M\u00e9ditation<\/title>\n<meta name=\"robots\" content=\"index, follow, max-snippet:-1, max-image-preview:large, max-video-preview:-1\" \/>\n<link rel=\"canonical\" href=\"https:\/\/www.revue3emillenaire.com\/blog\/lether-constitutif-entretien-lucien-romani-et-christine-hardy\/\" \/>\n<meta property=\"og:locale\" content=\"fr_FR\" \/>\n<meta property=\"og:type\" content=\"article\" \/>\n<meta property=\"og:title\" content=\"L&#039;\u00c9ther constitutif, entretien Lucien Romani et Christine Hardy - 3e mill\u00e9naire - Spiritualit\u00e9 - Connaissance de soi - Non-dualit\u00e9 - M\u00e9ditation\" \/>\n<meta property=\"og:description\" content=\"Ce que j&#039;ai d\u00e9montr\u00e9 ainsi, et qui est tout \u00e0 fait r\u00e9volutionnaire, c&#039;est que l&#039;\u00e9ther n&#039;est pas comprim\u00e9 comme l&#039;air ou comme un gaz mol\u00e9culaire, il est comme un morceau de caoutchouc : au repos, il n&#039;est pas tendu : il se tend quand il se met en marche, il est tendu par le mouvement. Il d\u00e9crit des trajectoires courbes, c&#039;est la force centrifuge qui tire dessus et qui le tend et c&#039;est pourquoi il peut transmettre aussi bien les ondes transversales que longitudinales. Il faut le concevoir comme une sorte de caoutchouc tendu se d\u00e9formant dans tous les sens. \u00c0 partir de l\u00e0, il n&#039;y avait plus aucune difficult\u00e9, toutes les contradictions \u00e9taient lev\u00e9es. J&#039;ai de plus d\u00e9montr\u00e9 que toutes les ondes d&#039;\u00e9ther se propagent \u00e0 la m\u00eame vitesse : la vitesse de la lumi\u00e8re. Il y a donc une diff\u00e9rence avec les corps solides pour lesquels la vitesse d\u00e9pend du type d&#039;onde. Dans l&#039;\u00e9ther, la vitesse d&#039;une onde quelconque est celle d&#039;une perturbation de pression dans le fluide. Ainsi, la vitesse de la lumi\u00e8re dans l&#039;\u00e9ther correspond \u00e0 la vitesse du son dans l&#039;air (mais elle est beaucoup plus grande).\" \/>\n<meta property=\"og:url\" content=\"https:\/\/www.revue3emillenaire.com\/blog\/lether-constitutif-entretien-lucien-romani-et-christine-hardy\/\" \/>\n<meta property=\"og:site_name\" content=\"3e mill\u00e9naire - Spiritualit\u00e9 - Connaissance de soi - Non-dualit\u00e9 - M\u00e9ditation\" \/>\n<meta property=\"article:published_time\" content=\"2014-03-19T20:39:21+00:00\" \/>\n<meta property=\"og:image\" content=\"http:\/\/www.revue3emillenaire.com\/blog\/wp-content\/uploads\/2014\/01\/C-Hardy.jpg\" \/>\n<meta name=\"author\" content=\"3e mill\u00e9naire\" \/>\n<meta name=\"twitter:card\" content=\"summary_large_image\" \/>\n<meta name=\"twitter:label1\" content=\"\u00c9crit par\" \/>\n\t<meta name=\"twitter:data1\" content=\"3e mill\u00e9naire\" \/>\n\t<meta name=\"twitter:label2\" content=\"Dur\u00e9e de lecture estim\u00e9e\" \/>\n\t<meta name=\"twitter:data2\" content=\"41 minutes\" \/>\n<script type=\"application\/ld+json\" class=\"yoast-schema-graph\">{\"@context\":\"https:\/\/schema.org\",\"@graph\":[{\"@type\":\"Article\",\"@id\":\"https:\/\/www.revue3emillenaire.com\/blog\/lether-constitutif-entretien-lucien-romani-et-christine-hardy\/#article\",\"isPartOf\":{\"@id\":\"https:\/\/www.revue3emillenaire.com\/blog\/lether-constitutif-entretien-lucien-romani-et-christine-hardy\/\"},\"author\":{\"name\":\"3e mill\u00e9naire\",\"@id\":\"https:\/\/www.revue3emillenaire.com\/blog\/#\/schema\/person\/9a3a7cc4ccaa707f402d4394327106d5\"},\"headline\":\"L&rsquo;\u00c9ther constitutif, entretien Lucien Romani et Christine Hardy\",\"datePublished\":\"2014-03-19T20:39:21+00:00\",\"mainEntityOfPage\":{\"@id\":\"https:\/\/www.revue3emillenaire.com\/blog\/lether-constitutif-entretien-lucien-romani-et-christine-hardy\/\"},\"wordCount\":8203,\"image\":{\"@id\":\"https:\/\/www.revue3emillenaire.com\/blog\/lether-constitutif-entretien-lucien-romani-et-christine-hardy\/#primaryimage\"},\"thumbnailUrl\":\"http:\/\/www.revue3emillenaire.com\/blog\/wp-content\/uploads\/2014\/01\/C-Hardy.jpg\",\"keywords\":[\"\u00c9ther\",\"M\u00e9re\",\"mysticisme\",\"Physique\",\"relativit\u00e9\",\"T\u00e9l\u00e9pathie\",\"Unit\u00e9\"],\"articleSection\":[\"Entretien\/Interview\",\"Hardy Christine\"],\"inLanguage\":\"fr-FR\"},{\"@type\":\"WebPage\",\"@id\":\"https:\/\/www.revue3emillenaire.com\/blog\/lether-constitutif-entretien-lucien-romani-et-christine-hardy\/\",\"url\":\"https:\/\/www.revue3emillenaire.com\/blog\/lether-constitutif-entretien-lucien-romani-et-christine-hardy\/\",\"name\":\"L'\u00c9ther constitutif, entretien Lucien Romani et Christine Hardy - 3e mill\u00e9naire - Spiritualit\u00e9 - Connaissance de soi - Non-dualit\u00e9 - M\u00e9ditation\",\"isPartOf\":{\"@id\":\"https:\/\/www.revue3emillenaire.com\/blog\/#website\"},\"primaryImageOfPage\":{\"@id\":\"https:\/\/www.revue3emillenaire.com\/blog\/lether-constitutif-entretien-lucien-romani-et-christine-hardy\/#primaryimage\"},\"image\":{\"@id\":\"https:\/\/www.revue3emillenaire.com\/blog\/lether-constitutif-entretien-lucien-romani-et-christine-hardy\/#primaryimage\"},\"thumbnailUrl\":\"http:\/\/www.revue3emillenaire.com\/blog\/wp-content\/uploads\/2014\/01\/C-Hardy.jpg\",\"datePublished\":\"2014-03-19T20:39:21+00:00\",\"author\":{\"@id\":\"https:\/\/www.revue3emillenaire.com\/blog\/#\/schema\/person\/9a3a7cc4ccaa707f402d4394327106d5\"},\"breadcrumb\":{\"@id\":\"https:\/\/www.revue3emillenaire.com\/blog\/lether-constitutif-entretien-lucien-romani-et-christine-hardy\/#breadcrumb\"},\"inLanguage\":\"fr-FR\",\"potentialAction\":[{\"@type\":\"ReadAction\",\"target\":[\"https:\/\/www.revue3emillenaire.com\/blog\/lether-constitutif-entretien-lucien-romani-et-christine-hardy\/\"]}]},{\"@type\":\"ImageObject\",\"inLanguage\":\"fr-FR\",\"@id\":\"https:\/\/www.revue3emillenaire.com\/blog\/lether-constitutif-entretien-lucien-romani-et-christine-hardy\/#primaryimage\",\"url\":\"http:\/\/www.revue3emillenaire.com\/blog\/wp-content\/uploads\/2014\/01\/C-Hardy.jpg\",\"contentUrl\":\"http:\/\/www.revue3emillenaire.com\/blog\/wp-content\/uploads\/2014\/01\/C-Hardy.jpg\"},{\"@type\":\"BreadcrumbList\",\"@id\":\"https:\/\/www.revue3emillenaire.com\/blog\/lether-constitutif-entretien-lucien-romani-et-christine-hardy\/#breadcrumb\",\"itemListElement\":[{\"@type\":\"ListItem\",\"position\":1,\"name\":\"Accueil\",\"item\":\"https:\/\/www.revue3emillenaire.com\/blog\/\"},{\"@type\":\"ListItem\",\"position\":2,\"name\":\"L&rsquo;\u00c9ther constitutif, entretien Lucien Romani et Christine Hardy\"}]},{\"@type\":\"WebSite\",\"@id\":\"https:\/\/www.revue3emillenaire.com\/blog\/#website\",\"url\":\"https:\/\/www.revue3emillenaire.com\/blog\/\",\"name\":\"3e mill\u00e9naire - Spiritualit\u00e9 - Connaissance de soi - Non-dualit\u00e9 - M\u00e9ditation\",\"description\":\"L&#039;Homme en devenir\",\"potentialAction\":[{\"@type\":\"SearchAction\",\"target\":{\"@type\":\"EntryPoint\",\"urlTemplate\":\"https:\/\/www.revue3emillenaire.com\/blog\/?s={search_term_string}\"},\"query-input\":{\"@type\":\"PropertyValueSpecification\",\"valueRequired\":true,\"valueName\":\"search_term_string\"}}],\"inLanguage\":\"fr-FR\"},{\"@type\":\"Person\",\"@id\":\"https:\/\/www.revue3emillenaire.com\/blog\/#\/schema\/person\/9a3a7cc4ccaa707f402d4394327106d5\",\"name\":\"3e mill\u00e9naire\",\"url\":\"https:\/\/www.revue3emillenaire.com\/blog\/author\/admin\/\"}]}<\/script>\n<!-- \/ Yoast SEO plugin. -->","yoast_head_json":{"title":"L'\u00c9ther constitutif, entretien Lucien Romani et Christine Hardy - 3e mill\u00e9naire - Spiritualit\u00e9 - Connaissance de soi - Non-dualit\u00e9 - M\u00e9ditation","robots":{"index":"index","follow":"follow","max-snippet":"max-snippet:-1","max-image-preview":"max-image-preview:large","max-video-preview":"max-video-preview:-1"},"canonical":"https:\/\/www.revue3emillenaire.com\/blog\/lether-constitutif-entretien-lucien-romani-et-christine-hardy\/","og_locale":"fr_FR","og_type":"article","og_title":"L'\u00c9ther constitutif, entretien Lucien Romani et Christine Hardy - 3e mill\u00e9naire - Spiritualit\u00e9 - Connaissance de soi - Non-dualit\u00e9 - M\u00e9ditation","og_description":"Ce que j'ai d\u00e9montr\u00e9 ainsi, et qui est tout \u00e0 fait r\u00e9volutionnaire, c'est que l'\u00e9ther n'est pas comprim\u00e9 comme l'air ou comme un gaz mol\u00e9culaire, il est comme un morceau de caoutchouc : au repos, il n'est pas tendu : il se tend quand il se met en marche, il est tendu par le mouvement. Il d\u00e9crit des trajectoires courbes, c'est la force centrifuge qui tire dessus et qui le tend et c'est pourquoi il peut transmettre aussi bien les ondes transversales que longitudinales. Il faut le concevoir comme une sorte de caoutchouc tendu se d\u00e9formant dans tous les sens. \u00c0 partir de l\u00e0, il n'y avait plus aucune difficult\u00e9, toutes les contradictions \u00e9taient lev\u00e9es. J'ai de plus d\u00e9montr\u00e9 que toutes les ondes d'\u00e9ther se propagent \u00e0 la m\u00eame vitesse : la vitesse de la lumi\u00e8re. Il y a donc une diff\u00e9rence avec les corps solides pour lesquels la vitesse d\u00e9pend du type d'onde. Dans l'\u00e9ther, la vitesse d'une onde quelconque est celle d'une perturbation de pression dans le fluide. Ainsi, la vitesse de la lumi\u00e8re dans l'\u00e9ther correspond \u00e0 la vitesse du son dans l'air (mais elle est beaucoup plus grande).","og_url":"https:\/\/www.revue3emillenaire.com\/blog\/lether-constitutif-entretien-lucien-romani-et-christine-hardy\/","og_site_name":"3e mill\u00e9naire - Spiritualit\u00e9 - Connaissance de soi - Non-dualit\u00e9 - M\u00e9ditation","article_published_time":"2014-03-19T20:39:21+00:00","og_image":[{"url":"http:\/\/www.revue3emillenaire.com\/blog\/wp-content\/uploads\/2014\/01\/C-Hardy.jpg","type":"","width":"","height":""}],"author":"3e mill\u00e9naire","twitter_card":"summary_large_image","twitter_misc":{"\u00c9crit par":"3e mill\u00e9naire","Dur\u00e9e de lecture estim\u00e9e":"41 minutes"},"schema":{"@context":"https:\/\/schema.org","@graph":[{"@type":"Article","@id":"https:\/\/www.revue3emillenaire.com\/blog\/lether-constitutif-entretien-lucien-romani-et-christine-hardy\/#article","isPartOf":{"@id":"https:\/\/www.revue3emillenaire.com\/blog\/lether-constitutif-entretien-lucien-romani-et-christine-hardy\/"},"author":{"name":"3e mill\u00e9naire","@id":"https:\/\/www.revue3emillenaire.com\/blog\/#\/schema\/person\/9a3a7cc4ccaa707f402d4394327106d5"},"headline":"L&rsquo;\u00c9ther constitutif, entretien Lucien Romani et Christine Hardy","datePublished":"2014-03-19T20:39:21+00:00","mainEntityOfPage":{"@id":"https:\/\/www.revue3emillenaire.com\/blog\/lether-constitutif-entretien-lucien-romani-et-christine-hardy\/"},"wordCount":8203,"image":{"@id":"https:\/\/www.revue3emillenaire.com\/blog\/lether-constitutif-entretien-lucien-romani-et-christine-hardy\/#primaryimage"},"thumbnailUrl":"http:\/\/www.revue3emillenaire.com\/blog\/wp-content\/uploads\/2014\/01\/C-Hardy.jpg","keywords":["\u00c9ther","M\u00e9re","mysticisme","Physique","relativit\u00e9","T\u00e9l\u00e9pathie","Unit\u00e9"],"articleSection":["Entretien\/Interview","Hardy Christine"],"inLanguage":"fr-FR"},{"@type":"WebPage","@id":"https:\/\/www.revue3emillenaire.com\/blog\/lether-constitutif-entretien-lucien-romani-et-christine-hardy\/","url":"https:\/\/www.revue3emillenaire.com\/blog\/lether-constitutif-entretien-lucien-romani-et-christine-hardy\/","name":"L'\u00c9ther constitutif, entretien Lucien Romani et Christine Hardy - 3e mill\u00e9naire - Spiritualit\u00e9 - Connaissance de soi - Non-dualit\u00e9 - M\u00e9ditation","isPartOf":{"@id":"https:\/\/www.revue3emillenaire.com\/blog\/#website"},"primaryImageOfPage":{"@id":"https:\/\/www.revue3emillenaire.com\/blog\/lether-constitutif-entretien-lucien-romani-et-christine-hardy\/#primaryimage"},"image":{"@id":"https:\/\/www.revue3emillenaire.com\/blog\/lether-constitutif-entretien-lucien-romani-et-christine-hardy\/#primaryimage"},"thumbnailUrl":"http:\/\/www.revue3emillenaire.com\/blog\/wp-content\/uploads\/2014\/01\/C-Hardy.jpg","datePublished":"2014-03-19T20:39:21+00:00","author":{"@id":"https:\/\/www.revue3emillenaire.com\/blog\/#\/schema\/person\/9a3a7cc4ccaa707f402d4394327106d5"},"breadcrumb":{"@id":"https:\/\/www.revue3emillenaire.com\/blog\/lether-constitutif-entretien-lucien-romani-et-christine-hardy\/#breadcrumb"},"inLanguage":"fr-FR","potentialAction":[{"@type":"ReadAction","target":["https:\/\/www.revue3emillenaire.com\/blog\/lether-constitutif-entretien-lucien-romani-et-christine-hardy\/"]}]},{"@type":"ImageObject","inLanguage":"fr-FR","@id":"https:\/\/www.revue3emillenaire.com\/blog\/lether-constitutif-entretien-lucien-romani-et-christine-hardy\/#primaryimage","url":"http:\/\/www.revue3emillenaire.com\/blog\/wp-content\/uploads\/2014\/01\/C-Hardy.jpg","contentUrl":"http:\/\/www.revue3emillenaire.com\/blog\/wp-content\/uploads\/2014\/01\/C-Hardy.jpg"},{"@type":"BreadcrumbList","@id":"https:\/\/www.revue3emillenaire.com\/blog\/lether-constitutif-entretien-lucien-romani-et-christine-hardy\/#breadcrumb","itemListElement":[{"@type":"ListItem","position":1,"name":"Accueil","item":"https:\/\/www.revue3emillenaire.com\/blog\/"},{"@type":"ListItem","position":2,"name":"L&rsquo;\u00c9ther constitutif, entretien Lucien Romani et Christine Hardy"}]},{"@type":"WebSite","@id":"https:\/\/www.revue3emillenaire.com\/blog\/#website","url":"https:\/\/www.revue3emillenaire.com\/blog\/","name":"3e mill\u00e9naire - Spiritualit\u00e9 - Connaissance de soi - Non-dualit\u00e9 - M\u00e9ditation","description":"L&#039;Homme en devenir","potentialAction":[{"@type":"SearchAction","target":{"@type":"EntryPoint","urlTemplate":"https:\/\/www.revue3emillenaire.com\/blog\/?s={search_term_string}"},"query-input":{"@type":"PropertyValueSpecification","valueRequired":true,"valueName":"search_term_string"}}],"inLanguage":"fr-FR"},{"@type":"Person","@id":"https:\/\/www.revue3emillenaire.com\/blog\/#\/schema\/person\/9a3a7cc4ccaa707f402d4394327106d5","name":"3e mill\u00e9naire","url":"https:\/\/www.revue3emillenaire.com\/blog\/author\/admin\/"}]}},"_links":{"self":[{"href":"https:\/\/www.revue3emillenaire.com\/blog\/wp-json\/wp\/v2\/posts\/15627","targetHints":{"allow":["GET"]}}],"collection":[{"href":"https:\/\/www.revue3emillenaire.com\/blog\/wp-json\/wp\/v2\/posts"}],"about":[{"href":"https:\/\/www.revue3emillenaire.com\/blog\/wp-json\/wp\/v2\/types\/post"}],"author":[{"embeddable":true,"href":"https:\/\/www.revue3emillenaire.com\/blog\/wp-json\/wp\/v2\/users\/1"}],"replies":[{"embeddable":true,"href":"https:\/\/www.revue3emillenaire.com\/blog\/wp-json\/wp\/v2\/comments?post=15627"}],"version-history":[{"count":0,"href":"https:\/\/www.revue3emillenaire.com\/blog\/wp-json\/wp\/v2\/posts\/15627\/revisions"}],"wp:attachment":[{"href":"https:\/\/www.revue3emillenaire.com\/blog\/wp-json\/wp\/v2\/media?parent=15627"}],"wp:term":[{"taxonomy":"category","embeddable":true,"href":"https:\/\/www.revue3emillenaire.com\/blog\/wp-json\/wp\/v2\/categories?post=15627"},{"taxonomy":"post_tag","embeddable":true,"href":"https:\/\/www.revue3emillenaire.com\/blog\/wp-json\/wp\/v2\/tags?post=15627"}],"curies":[{"name":"wp","href":"https:\/\/api.w.org\/{rel}","templated":true}]}}