{"id":15641,"date":"2014-04-04T22:55:37","date_gmt":"2014-04-04T21:55:37","guid":{"rendered":"http:\/\/www.revue3emillenaire.com\/blog\/?p=15641"},"modified":"2014-04-04T22:55:37","modified_gmt":"2014-04-04T21:55:37","slug":"lhomme-a-lecoute-du-cosmos-entretien-alfred-a-tomatis-et-christine-hardy","status":"publish","type":"post","link":"https:\/\/www.revue3emillenaire.com\/blog\/lhomme-a-lecoute-du-cosmos-entretien-alfred-a-tomatis-et-christine-hardy\/","title":{"rendered":"L&rsquo;homme \u00e0 l&rsquo;\u00e9coute du cosmos, entretien Alfred A. Tomatis et Christine Hardy"},"content":{"rendered":"<p style=\"text-align: justify;\">(Extrait de <em>La science devant l\u2019inconnu<\/em> par Christine Hardy. \u00c9dition Rocher 1983. Copyright Christine Hardy)<\/p>\n<p style=\"text-align: justify;\"><em><a href=\"http:\/\/fr.wikipedia.org\/wiki\/Alfred_Tomatis\" target=\"_blank\">Alfred A. Tomatis<\/a><strong> <\/strong>(1920-2001) Docteur en M<\/em><em>\u00e9<\/em><em>decine de la Facult<\/em><em>\u00e9<\/em><em> de Paris, Oto-Rhino-Laryngologiste. Sp<\/em><em>\u00e9<\/em><em>cialiste des troubles de l&rsquo;audition et du langage. Professeur d&rsquo;Audio-Psycho-Phonologie <\/em><em>\u00e0<\/em><em> l&rsquo;<\/em><em>\u00c9<\/em><em>cole d&rsquo;Anthropologie de Paris. Professeur de Psycholinguistique <\/em><em>\u00e0<\/em><em> l&rsquo;<\/em><em>\u00c9<\/em><em>cole des Psychologues praticiens de l&rsquo;Institut Catholique de Paris. Directeur du Centre International de Langage de Paris. Pr<\/em><em>\u00e9<\/em><em>sident de l&rsquo;Association Internationale d&rsquo;Audio-Psycho-Phonologie. Ex-Directeur du Laboratoire de Psycho-Physiologie Acoustique du Centre d&rsquo;Essai des Propulseurs de Saclay.<\/em><\/p>\n<p style=\"text-align: justify;\">A. T. \u2014 Partant toujours des choses simples, comme la mise en \u00e9vidence de ce que pourrait \u00eatre une oreille par rapport \u00e0 la phonation et au contr\u00f4le du langage, j&rsquo;en suis venu peu \u00e0 peu \u00e0 me rendre compte que l&rsquo;oreille avait une importance plus grande qu&rsquo;on ne lui accordait actuellement.<\/p>\n<p style=\"text-align: justify;\">De plus, elle est elle-m\u00eame attir\u00e9e vers un processus d&rsquo;un niveau beaucoup plus \u00e9lev\u00e9 qui joue sur une autre octave de notre perception et qui est l&rsquo;\u00e9coute. En fait, plus j&rsquo;avance, plus je me rends compte, en exag\u00e9rant un peu, que l&rsquo;homme est une oreille en totalit\u00e9.<\/p>\n<p style=\"text-align: justify;\">Mais quand je dis oreille, ce n&rsquo;est pas simplement de l&rsquo;oreille que l&rsquo;on voit sur le c\u00f4t\u00e9 de la t\u00eate que je veux parler mais bien de tout le syst\u00e8me nerveux qui lui est associ\u00e9. Alors, ce qui m&rsquo;int\u00e9resse de plus en plus, c&rsquo;est le fait que, prenant l&rsquo;oreille comme point de d\u00e9part de l&rsquo;organe qui est attir\u00e9 vers l&rsquo;\u00e9coute, par ce processus d&rsquo;induction, nous avons affaire, autour de cet appareil, \u00e0 toute une organisation qui semble s&rsquo;y associer jusqu&rsquo;\u00e0 faire que le sujet, non seulement parvient \u00e0 \u00e9couter, mais parvient \u00e0 \u00ab r\u00e9fl\u00e9chir \u00bb au sens propre du terme, tout ce que l&rsquo;univers lui dit.<\/p>\n<p style=\"text-align: justify;\">Autrement dit, il semble que l&rsquo;univers, dans son \u00e9nergie de cr\u00e9ation, ait une intentionnalit\u00e9 qui soit la suivante : celle de construire tout un ensemble qui lui permette de r\u00e9aliser sa propre r\u00e9flexion.<\/p>\n<p style=\"text-align: justify;\"><strong>C. H. <\/strong><strong>\u2014<\/strong><strong> Peut-<\/strong><strong>\u00ea<\/strong><strong>tre est-ce l<\/strong><strong>\u00e0<\/strong><strong> le point essentiel : quel est le but inh<\/strong><strong>\u00e9<\/strong><strong>rent <\/strong><strong>\u00e0<\/strong><strong> l&rsquo;univers, et peut-on le d<\/strong><strong>\u00e9<\/strong><strong>couvrir ?<\/strong><\/p>\n<p style=\"text-align: justify;\">A. T. \u2014 Je crois que c&rsquo;est dangereux de le faire, car l\u00e0 on risque de d\u00e9raisonner. Il faut prendre les choses comme elles sont et rester au niveau d&rsquo;une dynamique ph\u00e9nom\u00e9nologique.<\/p>\n<p style=\"text-align: justify;\"><strong>C. H. <\/strong><strong>\u2014<\/strong><strong> Justement, on peut s&rsquo;en apercevoir <\/strong><strong>\u00e0<\/strong><strong> travers l&rsquo;<\/strong><strong>\u00e9<\/strong><strong>volution m<\/strong><strong>\u00ea<\/strong><strong>me du corps de l&rsquo;homme, qui cr<\/strong><strong>\u00e9<\/strong><strong>e son oreille, par exemple&#8230;<\/strong><\/p>\n<p style=\"text-align: justify;\">A. T. \u2014 Oui, c&rsquo;est \u00e7a, il cr\u00e9e son oreille ; et je suis m\u00eame persuad\u00e9 que c&rsquo;est l&rsquo;oreille qui le cr\u00e9e, mais je pense qu&rsquo;on se perdrait en questions infinies en se demandant le pourquoi. Aussi, plus j&rsquo;avance dans la recherche, plus je suis persuad\u00e9 que c&rsquo;est le diable qui a invent\u00e9 le mot \u00ab pourquoi \u00bb.<\/p>\n<p style=\"text-align: justify;\">On peut \u00eatre admiratif devant une finalit\u00e9, on peut la suivre, mais le pourquoi peut ne pas \u00eatre donn\u00e9, car nous avons tr\u00e8s peu d&rsquo;octaves de pens\u00e9e, Nous avons onze octaves d&rsquo;audition, une octave de vision et je ne sais combien d&rsquo;octaves de pens\u00e9e. Et c&rsquo;est parce que nous cherchons toujours les pourquoi au-del\u00e0 de nos limites que nous n&rsquo;arrivons pas \u00e0 les investiguer. Je crois que c&rsquo;est le probl\u00e8me de l&rsquo;\u00e9sot\u00e9risme : certaines personnes se perdent dans des recherches ext\u00e9rieures et ne veulent pas se limiter aux concepts qui leur sont offerts.<\/p>\n<p style=\"text-align: justify;\">Alors ! l&rsquo;univers, c&rsquo;est quoi en fait ? Eh bien, l&rsquo;univers, nous pouvons nous le figurer comme un syst\u00e8me nerveux et nous arrivons tr\u00e8s bien en partant de l&rsquo;oreille, \u00e0 reconstruire le syst\u00e8me nerveux.<\/p>\n<p style=\"text-align: justify;\">La proposition est la suivante : comment faire pour qu&rsquo;un univers que nous connaissons dans certaines de ses r\u00e9alit\u00e9s, nous soit perceptible ; attendu qu&rsquo;il est support\u00e9 par d&rsquo;autres substrats qui nous \u00e9chappent en totalit\u00e9 ?<\/p>\n<p style=\"text-align: justify;\">L&rsquo;univers pr\u00e9sent est vraiment la manifestation ph\u00e9nom\u00e9nologique de l&rsquo;\u00eatre, de l&rsquo;\u00e9tant. La difficult\u00e9 pour moi est de concevoir que des gens arrivent \u00e0 ne pas croire \u00e0 ce substrat. La n\u00e9gation de ce qui fait que l&rsquo;univers est ce qu&rsquo;il est, est peut-\u00eatre la plus belle des absurdit\u00e9s humaines.<\/p>\n<p style=\"text-align: justify;\"><strong>C. H. <\/strong><strong>\u2014<\/strong><strong> C&rsquo;est tout nouveau, de d<\/strong><strong>\u00e9<\/strong><strong>couvrir dans la science le but inh<\/strong><strong>\u00e9<\/strong><strong>rent aux atomes, <\/strong><strong>\u00e0<\/strong><strong> l&rsquo;oreille, par exemple ?<\/strong><\/p>\n<p style=\"text-align: justify;\">A. T. \u2014 C&rsquo;est nouveau et ce n&rsquo;est pas nouveau. Nous avons toujours l&rsquo;impression que la science nous permet d&rsquo;entrer dans toute une dimension qui \u00e9tait inconnue. C&rsquo;est faux. Cette dimension a \u00e9t\u00e9 connue de tous temps. La seule chose que nous apporte la science actuellement, c&rsquo;est une technicit\u00e9 pour prouver ce que l&rsquo;on a d\u00e9couvert depuis longtemps. Nous n&rsquo;avons rien ajout\u00e9 de plus, ni sur l&rsquo;atome, ni sur le reste. Je pense que si l&rsquo;on regarde bien ce qu&rsquo;ont dit les Anciens, notamment sur l&rsquo;\u00e9coute, personne n&rsquo;a d\u00e9pass\u00e9 ce qui a \u00e9t\u00e9 introduit et inspir\u00e9 par la Bible.<\/p>\n<p style=\"text-align: justify;\">La Bible, c&rsquo;est le livre de l&rsquo;\u00e9coute. Le mot \u00ab \u00e9coute \u00bb est \u00e9crit cinq mille fois dans la Bible, avec une dimension que l&rsquo;on ne trouve nulle part ailleurs. Il y a vraiment l\u00e0 une sorte de pr\u00e9sence de l&rsquo;\u00e9coute par rapport \u00e0 tout le reste, notamment par rapport au monde de la vision.<\/p>\n<p style=\"text-align: justify;\">Nous sommes enferm\u00e9s dans un domaine de la vision, \u00e0 cause de toute notre culture gr\u00e9co-latine qui est une philosophie de la vision. On ne trouve rien chez les Grecs sur l&rsquo;audition, \u00e0 part peut-\u00eatre quelques \u00e9crits de Cresype ; dans tout le reste, je n&rsquo;ai rien relev\u00e9. Tandis que dans la Bible, il y a un th\u00e8me extraordinaire qui nous montre bien qu&rsquo;ils sont arriv\u00e9s \u00e0 d\u00e9finir certains plans ; c&rsquo;est le leitmotiv : \u00ab \u00e9coute et tu verras \u00bb. Si l&rsquo;on n&rsquo;\u00e9coute pas, ce qu&rsquo;on entend n&rsquo;\u00e9tant pas d\u00e9nomm\u00e9 n&rsquo;a pas de r\u00e9alit\u00e9 transmissible.<\/p>\n<p style=\"text-align: justify;\">Alors, la proposition que l&rsquo;on peut faire dans un domaine comme le mien, est la suivante : ce qui caract\u00e9rise l&rsquo;homme, c&rsquo;est la fonction de l&rsquo;\u00e9coute, c&rsquo;est-\u00e0-dire la possibilit\u00e9, pour lui, d&rsquo;\u00eatre inond\u00e9 par un bombardement de particules de toutes sortes, de pouvoir en faire une r\u00e9flexion \u2014 au sens r\u00e9el de r\u00e9fl\u00e9chir \u2014 \u00e0 travers l&rsquo;univers imprim\u00e9 dans son corps et de laisser sortir l&rsquo;expression de cet univers, sous forme d&rsquo;une fonction que j&rsquo;ai d\u00e9nomm\u00e9e \u00ab la fonction paroli\u00e8re \u00bb.<\/p>\n<p style=\"text-align: justify;\">On peut dire par ailleurs que le Logos (c&rsquo;est-\u00e0-dire l&rsquo;univers lui-m\u00eame et celui qui l&rsquo;a constitu\u00e9 sur le plan de l&rsquo;\u00e9nergie pure) suscite l&rsquo;action informative qu&rsquo;il a sur nous par l&rsquo;interm\u00e9diaire d&rsquo;une fonction qui lui est propre et que j&rsquo;ai d\u00e9nomm\u00e9e \u00ab la fonction langagi\u00e8re \u00bb.<\/p>\n<p style=\"text-align: justify;\">Cette fonction langagi\u00e8re va en quelque sorte nous sculpter, compte tenu des conditions du milieu ext\u00e9rieur ; nous sommes en fait dans cet univers comme des cristaux idiomorphes (ces cristaux form\u00e9s par les pressions de l&rsquo;ext\u00e9rieur). Prenez par exemple un sujet qui vit en Angleterre ; sa langue \u00e9tant l&rsquo;anglais, il n&rsquo;a pas de nasalisation. Un Napolitain, un Allemand, n&rsquo;ont pas de nasalisation non plus. Vous prenez ces trois individus, si diff\u00e9rents quant \u00e0 leur morphologie, vous les placez au Canada. Gr\u00e2ce \u00e0 l&rsquo;imp\u00e9dance acoustique du lieu, aux hautes pressions, et aussi aux contextures du sol (plus un sol est riche, plus il y a de modifications de l&rsquo;air environnant), ces sujets, au bout de quelque temps, commencent \u00e0 nasaliser, comme l&rsquo;Indien qui \u00e9tait l\u00e0. Et leurs langues vont se modifier ainsi que leurs morphologies. En l&rsquo;espace d&rsquo;une ou deux g\u00e9n\u00e9rations, les enfants seront plus grands, leurs visages seront plus plats. Ainsi l&rsquo;influence du milieu va les transformer,\u00a0\u00a0\u00a0 tout comme un cristal se trouve modifi\u00e9 par les forces ext\u00e9rieures.<\/p>\n<p style=\"text-align: justify;\">Donc, \u00e0 tout moment, l&rsquo;univers sollicite une r\u00e9ponse. Cette r\u00e9ponse est la fonction paroli\u00e8re. L&rsquo;homme est dot\u00e9 d&rsquo;une fonction paroli\u00e8re, et s&rsquo;il a la chance d&rsquo;\u00eatre d\u00e9pouill\u00e9, d\u00e9barrass\u00e9 de toute influence du milieu, d\u00e9barrass\u00e9 au sens d&rsquo;avoir un syst\u00e8me nerveux non encombr\u00e9, non pollu\u00e9 par l&rsquo;\u00e9ducation, notamment par papa-maman, etc., il aura la possibilit\u00e9 d&rsquo;entrer dans un plan de communication directe avec l&rsquo;univers, et de le traduire.<\/p>\n<p style=\"text-align: justify;\">Le malheur, c&rsquo;est qu&rsquo;il est oblig\u00e9 de passer par un langage social qui, lui, risque de g\u00eaner. Mais si sa r\u00e9ponse est r\u00e9alis\u00e9e correctement, s&rsquo;il arrive \u00e0 d\u00e9polluer son syst\u00e8me nerveux, il se trouvera face \u00e0 l&rsquo;univers lui-m\u00eame qui fera r\u00e9sonner l&rsquo;\u00eatre qui est en lui, cet \u00eatre qui n&rsquo;est jamais qu&rsquo;une partie de l&rsquo;\u00eatre global.<\/p>\n<p style=\"text-align: justify;\">En effet, l&rsquo;\u00eatre qui est en vous et celui qui est en moi sont une seule et m\u00eame chose. \u00c0 ceci pr\u00e8s peut-\u00eatre que je n&rsquo;ai pas votre \u00e2ge et que par cons\u00e9quent je ne suis pas \u00e0 la m\u00eame place que vous, puisque l&rsquo;univers se d\u00e9place. Il s&rsquo;agit donc, non pas d&rsquo;un probl\u00e8me d&rsquo;\u00e2ges mais d&rsquo;un probl\u00e8me de distances. Et si j&rsquo;arrive \u00e0 adh\u00e9rer en totalit\u00e9 \u00e0 l&rsquo;univers, \u00e0 ne pas \u00eatre la proie de tout ce qui se passe autour de moi, j&rsquo;aurai la chance, \u00e0 cet instant, d&rsquo;obtenir de cet univers qui m&rsquo;informe, une r\u00e9ponse qui sera la plus proche de la r\u00e9alit\u00e9.<\/p>\n<p style=\"text-align: justify;\">Cette r\u00e9alit\u00e9 va me permettre de comprendre ce que ces bombardements venant de l&rsquo;univers peuvent traduire de ce que le Logos nous dicte ; je vais avoir alors une r\u00e9ponse parall\u00e8le de ce qu&rsquo;il va me dire. En grec, r\u00e9ponse parall\u00e8le se dit \u00ab parabolos \u00bb : la parole vraie ou parabole. C&rsquo;est la traduction du message que l&rsquo;univers nous transmet et, au fond, la traduction des lois de l&rsquo;univers sur un plan de r\u00e9alit\u00e9.<\/p>\n<p style=\"text-align: justify;\"><strong>C. H. <\/strong><strong>\u2014<\/strong><strong> On peut donc dire qu&rsquo;il y a des centres de r<\/strong><strong>\u00e9<\/strong><strong>ception des <\/strong><strong>\u00e9<\/strong><strong>nergies dont l&rsquo;oreille serait un des plus subtils ; mais quand vous parlez de la fonction langagi<\/strong><strong>\u00e8<\/strong><strong>re, cela implique aussi une <\/strong><strong>\u00e9<\/strong><strong>mission.<\/strong><\/p>\n<p style=\"text-align: justify;\">A. T. \u2014 L&rsquo;\u00e9mission vient de l&rsquo;univers qui nous bombarde de tous les c\u00f4t\u00e9s.<\/p>\n<p style=\"text-align: justify;\"><strong>C. H. <\/strong><strong>\u2014<\/strong><strong> Oui, mais, par la parole, nous r<\/strong><strong>\u00e9<\/strong><strong>pondons aussi avec des <\/strong><strong>\u00e9<\/strong><strong>nergies et des ondes ?<\/strong><\/p>\n<p style=\"text-align: justify;\">A. T. \u2014 Ce n&rsquo;est qu&rsquo;une traduction analogique. Nous ne pouvons pas traduire exactement la r\u00e9alit\u00e9&#8230;<\/p>\n<p style=\"text-align: justify;\"><strong>C. H. <\/strong><strong>\u2014<\/strong><strong> Bien s<\/strong><strong>\u00fb<\/strong><strong>r, cela ne se passe pas sur le m<\/strong><strong>\u00ea<\/strong><strong>me plan.<\/strong><\/p>\n<p style=\"text-align: justify;\">A. T. \u2014 Non, pas du tout, c&rsquo;est d\u00e9j\u00e0 mat\u00e9rialis\u00e9, donc progressivement d\u00e9grad\u00e9, avec bien s\u00fbr, l&rsquo;obligation de passer par une fili\u00e8re culturelle. C&rsquo;est pour cela que ce que le Logos nous dicte peut nous \u00eatre insupportable. Combien de gens sont-ils capables de comprendre la parabole de l&rsquo;\u00c9vangile, et combien peuvent la vivre ? Car cela nous am\u00e8ne \u00e0 une profonde remise en cause et si nous acceptons cette dimension, nous nous rendons compte imm\u00e9diatement de ce vers quoi nous devons aller et ce pour quoi nous sommes faits.<\/p>\n<p style=\"text-align: justify;\">Et si par hasard cette parabole est per\u00e7ue parall\u00e8lement et qu&rsquo;\u00e0 mesure que je la pr\u00e9sente devant vous, elle d\u00e9veloppe chez vous la m\u00eame image, alors nous pouvons dire que la parabole et l&rsquo;image sont synchrones l&rsquo;une et l&rsquo;autre, et c&rsquo;est le \u00ab symbolos \u00bb. C&rsquo;est pourquoi les symboles sont identiques \u00e0 travers le monde, \u00e0 la condition qu&rsquo;ils soient toujours exprim\u00e9s par un langage adh\u00e9rant \u00e0 la parabole.<\/p>\n<p style=\"text-align: justify;\">Si, maintenant, nous n&rsquo;avons pas la chance de r\u00e9aliser cette rencontre, il n&rsquo;y aura pas de communication entre le Logos et nous, les fl\u00e8ches qui vont partir de vous \u00e0 moi n&rsquo;auront aucun rapport avec la r\u00e9alit\u00e9. C&rsquo;est alors le \u00ab diabolos \u00bb. Le diable, \u00e7a existe, c&rsquo;est ce qui nous fait perdre tellement de temps. Or, nous sommes sur terre pour comprendre et nous n&rsquo;avons que peu de temps pour le faire. L&rsquo;existence n&rsquo;est qu&rsquo;un \u00e9tat pr\u00e9caire qui permet \u00e0 quelques-uns de rencontrer la Vie. Ils sont tr\u00e8s rares.<\/p>\n<p style=\"text-align: justify;\">Alors ! qu&rsquo;est-ce que la Vie ? Eh bien, c&rsquo;est la manifestation de l&rsquo;\u00eatre dans toutes ses dimensions. Et le but qu&rsquo;il faut atteindre, c&rsquo;est de n&rsquo;\u00eatre plus le corps, mais uniquement la vie, de telle sorte qu&rsquo;il n&rsquo;y ait plus de discontinuit\u00e9. Vous vivez depuis toujours, et vous vivrez dans tous les temps, \u00e0 condition de n&rsquo;\u00eatre que la vie.<\/p>\n<p style=\"text-align: justify;\">Je pense que nous sommes \u00e0 une \u00e9poque o\u00f9, gr\u00e2ce \u00e0 l&rsquo;homme, la mati\u00e8re devient de plus en plus consciente. Mais tant que le dernier caillou est en train de souffrir d&rsquo;inertie, nous n&rsquo;avons pas fini notre course. Cela demande du temps, on s&rsquo;en doute.<\/p>\n<p style=\"text-align: justify;\"><strong>C. H. <\/strong><strong>\u2014<\/strong><strong> Mais ce sont des seuils <\/strong><strong>\u00e0<\/strong><strong> l&rsquo;infini, des cycles, il n&rsquo;y aura jamais un dernier caillou qui ne sera plus en train de souffrir&#8230;<\/strong><\/p>\n<p style=\"text-align: justify;\">A. T. \u2014 Ce n&rsquo;est pas \u00e0 nous de le savoir ; ce n&rsquo;est pas une question \u00e0 se poser. C&rsquo;est pr\u00e9d\u00e9termin\u00e9 car nous sommes dans un plan de cr\u00e9ation. Mais l\u00e0 o\u00f9 les gens font une confusion, c&rsquo;est que nous sommes dans un syst\u00e8me qui n&rsquo;a pas termin\u00e9 son temps de cr\u00e9ation. Il n&rsquo;est pas fini.<\/p>\n<p style=\"text-align: justify;\"><strong>C. H. <\/strong><strong>\u2014<\/strong><strong> Il ne sera jamais fini !<\/strong><\/p>\n<p style=\"text-align: justify;\">A. T. \u2014 Qu&rsquo;est-ce que vous en savez ? Si cela pla\u00eet au cr\u00e9ateur qu&rsquo;il soit fini demain, il sera fini, et si \u00e7a ne lui pla\u00eet pas !&#8230;<\/p>\n<p style=\"text-align: justify;\">Sa pens\u00e9e ne peut pas \u00eatre p\u00e9n\u00e9tr\u00e9e. Ne cherchez pas \u00e0 la p\u00e9n\u00e9trer, sans quoi vous n&rsquo;allez pas voir comment vous \u00eates situ\u00e9e dans l&rsquo;univers. Actuellement, vous avez la chance, comme moi, d&rsquo;\u00eatre un satellite largu\u00e9 sur un autre satellite plus gros : la Terre. Nous nous baladons \u00e0 travers l&rsquo;espace sid\u00e9ral. \u00c0 nous de percevoir ce qui nous entoure et les zones de pens\u00e9e que nous traversons. Cela nous permet de regarder, de confronter d&rsquo;autres espaces-temps, de savoir. C&rsquo;est fantastique d&rsquo;\u00eatre l\u00e0-dedans, et sans souffrance par-dessus le march\u00e9 ; sinon, nous allons arriver \u00e0 l&rsquo;attitude pascalienne : celle de se sentir trop petit. En fait, un rien qui \u00e9coute, n&rsquo;est-ce pas fabuleux ?<\/p>\n<p style=\"text-align: justify;\">Et ce rien qui \u00e9coute est muni d&rsquo;une oreille. Et l\u00e0, je crois qu&rsquo;il faut revoir ce qu&rsquo;est l&rsquo;oreille. Elle a une influence \u00e9norme sur le syst\u00e8me nerveux. En effet, elle s&rsquo;est form\u00e9e avant lui, et chaque fois que l&rsquo;oreille se complexifie, le syst\u00e8me nerveux, lui, se compl\u00e8te. Autrement dit, il est un additif, un accessoire de l&rsquo;oreille en quelque sorte. Ainsi, le syst\u00e8me nerveux est une oreille qui a mis en place tous ses circuits de contr\u00f4le.<\/p>\n<p style=\"text-align: justify;\">Vous pourrez aborder dans mon dernier livre <em>la Nuit ut<\/em><em>\u00e9<\/em><em>rine<\/em> les plans d&rsquo;organisation du syst\u00e8me nerveux en fonction des \u00e9tages de l&rsquo;\u00e9coute.<\/p>\n<p style=\"text-align: justify;\">Je pense qu&rsquo;actuellement nous sommes encore en \u00e9volution, peut-\u00eatre au dernier stade, je n&rsquo;en sais rien et cela ne m&rsquo;int\u00e9resse pas de le savoir. Ce qui est important, c&rsquo;est de comprendre qu&rsquo;il existe des stades.<\/p>\n<p style=\"text-align: justify;\">L&rsquo;oreille est, d&rsquo;abord, essentiellement vestibulaire et permet une insertion de l&rsquo;organicit\u00e9 dans le milieu. C&rsquo;est d\u00e9j\u00e0 un dialogue, mais ce dialogue n&rsquo;est pas subtil. Et \u00e0 mesure que nous avan\u00e7ons, sur le plan de la phylogen\u00e8se, c&rsquo;est-\u00e0-dire sur le plan de l&rsquo;\u00e9volution dans le temps au cours des mill\u00e9naires, cet appareil se compl\u00e8te par des \u00e9l\u00e9ments de d\u00e9tection plus grande, jusqu&rsquo;au stade de la cochl\u00e9e, celle-ci permettant de verbaliser. Disons en passant que la peau est un morceau de syst\u00e8me nerveux. Elle est aussi un morceau d&rsquo;oreille.<\/p>\n<p style=\"text-align: justify;\">Tout le syst\u00e8me nerveux se termine bien apr\u00e8s l&rsquo;oreille chez l&rsquo;\u00eatre humain. L&rsquo;oreille est fonctionnelle chez l&#8217;embryon. Son \u00e9volution est termin\u00e9e au quatri\u00e8me mois et demi sur le plan de la structure. D\u00e8s ce moment, elle entend tout. Or le syst\u00e8me nerveux ach\u00e8ve son \u00e9volution \u00e0 l&rsquo;\u00e2ge de 42 ans. C&rsquo;est une pr\u00e9cision de grande importance. Seulement tout est fait pour que l&rsquo;on n&rsquo;entende pas et pour que l&rsquo;on n&rsquo;\u00e9coute pas. Il y a l\u00e0 un barrage d\u00e9lib\u00e9r\u00e9.<\/p>\n<p style=\"text-align: justify;\">Eh bien, je pense que lorsque le plan du cr\u00e9ateur a \u00e9t\u00e9 r\u00e9alis\u00e9, il savait, Lui, que mettant en route des \u00e9nergies, il rencontrerait l&rsquo;inertie. Cela veut dire que chaque fois que l&rsquo;\u00eatre se met en activit\u00e9, le non-\u00eatre bouge lui aussi (inertie veut dire non-\u00eatre). Et la manifestation du non-\u00eatre, c&rsquo;est ce qui n&rsquo;est pas, c&rsquo;est-\u00e0-dire l&rsquo;existant : \u00ab l&rsquo;existant \u00bb, ce qui n&rsquo;est pas.<\/p>\n<p style=\"text-align: justify;\">Tant que vous existerez, vous serez d\u00e9pendante de votre corps, de votre environnement : papa-maman, la culture, tout ce que vous voudrez, mais vous ne serez toujours pas. Pour \u00eatre, il faut passer dans une dimension tout \u00e0 fait diff\u00e9rente, il faut se servir de cet instrument corporel pour laisser vibrer le \u00ab je suis \u00bb qui est \u00e0 l&rsquo;int\u00e9rieur.<\/p>\n<p style=\"text-align: justify;\">Nous sommes bien s\u00fbr en droit de nous demander si nous sommes arriv\u00e9s \u00e0 la fin ? Mais en fait ce n&rsquo;est pas \u00e7a l&rsquo;essentiel. Notre mission est de prendre notre individu par la peau du cou, de le d\u00e9sins\u00e9rer de son personnage qui le bloque compl\u00e8tement mais qui est malgr\u00e9 tout le fruit d&rsquo;une culture, et d&rsquo;essayer de le rendre conscient jusqu&rsquo;\u00e0 son dernier atome. Ce qui repr\u00e9sente un travail \u00e9norme. Et lorsque nous avons fait cela, que devons-nous faire d&rsquo;autre ? Eh bien, inviter les autres \u00e0 suivre le m\u00eame processus.<\/p>\n<p style=\"text-align: justify;\"><strong>C. H. <\/strong><strong>\u2014<\/strong><strong> Quelle est l&rsquo;<\/strong><strong>\u00e9<\/strong><strong>volution de l&rsquo;oreille des dauphins ou de celle d&rsquo;animaux extr<\/strong><strong>\u00ea<\/strong><strong>mement <\/strong><strong>\u00e9<\/strong><strong>volu<\/strong><strong>\u00e9<\/strong><strong>s comme la chauve-souris qui ont des syst<\/strong><strong>\u00e8<\/strong><strong>mes de sonar, par rapport <\/strong><strong>\u00e0<\/strong><strong> la n<\/strong><strong>\u00f4<\/strong><strong>tre ?<\/strong><\/p>\n<p style=\"text-align: justify;\">A. T. \u2014 Il y a toujours dans l&rsquo;\u00e9volution du cerveau et de l&rsquo;oreille une dialectique entre les deux, qui fait que chaque fois que l&rsquo;oreille atteint un plan, elle induit le cerveau \u00e0 faire de m\u00eame. De temps en temps, il y a des clivages, parce que l&rsquo;oreille a \u00e9t\u00e9 un peu trop vite et que le cerveau n&rsquo;a pas suivi.<\/p>\n<p style=\"text-align: justify;\">L&rsquo;oreille d&rsquo;un dauphin est fantastique. Elle atteint une performance d&rsquo;audition des aigus plus grande que la n\u00f4tre. En effet, celle-ci ne d\u00e9passe gu\u00e8re la possibilit\u00e9 de percevoir les sons au-del\u00e0 de 16000 \u00e0 20000 hertz ; or, la sienne va jusqu&rsquo;\u00e0 220000 hertz mais le cerveau, lui, n&rsquo;a pas atteint la m\u00eame \u00e9volution.<\/p>\n<p style=\"text-align: justify;\">Il y a un animal dont l&rsquo;oreille est encore plus puissante, mais qui n&rsquo;a pas de cerveau : c&rsquo;est l&rsquo;hippocampe. Il a d&rsquo;ailleurs, une rectitude, une verticalit\u00e9 extraordinaires, mais il n&rsquo;a pas de cerveau. La chauve-souris n&rsquo;est absolument qu&rsquo;une oreille. Quand on ouvre le cr\u00e2ne de ces animaux, on s&rsquo;aper\u00e7oit que ce sont des oreilles fantastiques, mais que le cerveau est vraiment minuscule, presque inexistant. Autrement dit, ce sont des animaux qui sont pour l&rsquo;instant peut-\u00eatre des \u00ab appr\u00eats \u00bb (ou en pr\u00e9paration) par rapport \u00e0 ce que nous sommes devenus.<\/p>\n<p style=\"text-align: justify;\">Je ne crois pas au syst\u00e8me strict de l&rsquo;\u00e9volution, je crois en des mutations qui font que l&rsquo;on \u00e9volue de stade en stade. Si vous regardez les plans de la cr\u00e9ation, vous constatez que ce sont des plans de mutations. Et si vous lisez bien la Gen\u00e8se, vous verrez que ce n&rsquo;est pas de jour en jour que les choses sont faites, mais de manifestation en manifestation. Les \u00ab Yom \u00bb, terme que l&rsquo;on traduit par jour, sont des manifestations de diff\u00e9rents plans, Yom voulant dire \u00ab l&rsquo;\u00e9nergie qui entre dans la mati\u00e8re \u00bb, ce qui est extraordinaire : donc il s&rsquo;agit vraiment de mises en forme de nouvelles structures.<\/p>\n<p style=\"text-align: justify;\"><strong>C. H. <\/strong><strong>\u2014<\/strong><strong> Les noms des patriarches se r<\/strong><strong>\u00e9<\/strong><strong>f<\/strong><strong>\u00e8<\/strong><strong>rent d&rsquo;ailleurs <\/strong><strong>\u00e0<\/strong><strong> des cycles ?<\/strong><\/p>\n<p style=\"text-align: justify;\">A. T. \u2014 Exactement. Et quand on dit que tel ou tel a atteint tel \u00e2ge, c&rsquo;est faux ; ce sont des cycles. Il s&rsquo;agit non pas d&rsquo;un homme, mais d&rsquo;une humanit\u00e9.<\/p>\n<p style=\"text-align: justify;\">Le plus grand livre de sociologie, c&rsquo;est l&rsquo;histoire de No\u00e9. Car No\u00e9 est une int\u00e9gration de l&rsquo;\u00e9nergie dans la mati\u00e8re et, si vous lisez bien la Bible, vous constatez que c&rsquo;est le premier qui a pris une image r\u00e9ellement charnelle, le reste n&rsquo;\u00e9tait que des plans d&rsquo;intentionnalit\u00e9 qui se mettent en route. Adam, par exemple, ne r\u00e9pond qu&rsquo;\u00e0 une des intentionnalit\u00e9s de mise en forme d&rsquo;une structure comme le confirme l&rsquo;analyse des lettres h\u00e9bra\u00efques qui le constituent, Adam, cela signifie \u00ab quelque chose qui met en route la mati\u00e8re \u00bb, en tenant compte pr\u00e9cis\u00e9ment de la position de l&rsquo;\u00e9nergie par rapport \u00e0 la mati\u00e8re.<\/p>\n<p style=\"text-align: justify;\"><strong>C. H. <\/strong><strong>\u2014<\/strong><strong> Et vous pensez qu&rsquo;<\/strong><strong>\u00e0<\/strong><strong> l&rsquo;<\/strong><strong>\u00e9<\/strong><strong>poque de No<\/strong><strong>\u00e9<\/strong><strong>, l&rsquo;homme a pass<\/strong><strong>\u00e9<\/strong><strong> un stade ?<\/strong><\/p>\n<p style=\"text-align: justify;\">A. T. \u2014 A l&rsquo;\u00e9poque de No\u00e9, l&rsquo;homme devient chair. De plus, No\u00e9 veut dire \u00ab l&rsquo;homme universel disant \u00a0\u00bb oui \u00a0\u00bb\u00a0\u00bb. C&rsquo;est pour cela qu&rsquo;il entre dans l&rsquo;alliance.<\/p>\n<p style=\"text-align: justify;\"><strong>C. H. <\/strong><strong>\u2014<\/strong><strong> C&rsquo;est la premi<\/strong><strong>\u00e8<\/strong><strong>re r<\/strong><strong>\u00e9<\/strong><strong>ponse de l&rsquo;homme ?<\/strong><\/p>\n<p style=\"text-align: justify;\">A. T. \u2014 C&rsquo;est la premi\u00e8re fois qu&rsquo;il est constitu\u00e9 en tant qu&rsquo;homme, donc c&rsquo;est la premi\u00e8re\u00a0 fois qu&rsquo;il peut adh\u00e9rer \u00e0 la marche de l&rsquo;univers. Mais on sait tr\u00e8s bien que s&rsquo;il adh\u00e8re, il y a toujours en lui ce facteur adamique avec le danger de croire qu&rsquo;il est uniquement par lui-m\u00eame. Or, d\u00e9j\u00e0 dans l&rsquo;intentionnalit\u00e9 Adam, \u00ab dam \u00bb voulant dire \u00ab la terre rouge \u00bb, le aleph (a) va l&rsquo;insuffler et lui donner un moyen d&rsquo;agir.<\/p>\n<p style=\"text-align: justify;\">Mais il y a aussi la lettre \u00ab d \u00bb \u2014 daleth, qui veut dire la d\u00e9pendance et la domination, car l&rsquo;homme est le g\u00e9rant de l&rsquo;univers. Remarquez qu&rsquo;il ne sait pas g\u00e9rer : c&rsquo;est pourquoi il d\u00e9truit. Il a cru en fait qu&rsquo;il \u00e9tait ind\u00e9pendant et il a voulu g\u00e9rer de lui-m\u00eame. Il a oubli\u00e9 que sans cette notion de d\u00e9pendance qui le met sur orbite, il ne peut rien faire. Le \u00ab daleth \u00bb signifie aussi la division. Autrement dit, on a \u00f4t\u00e9 le sens de d\u00e9pendance et il ne reste plus que celui de domination et de division. Si bien que d&#8217;embl\u00e9e, il existe d\u00e9j\u00e0 une sorte de scission et cette scission va subsister jusqu&rsquo;au moment de l&rsquo;apparition de No\u00e9.<\/p>\n<p style=\"text-align: justify;\">Mais on sait que les fils de No\u00e9 n&rsquo;\u00e9coutent pas toujours, et cela recommence. Mais cela va-t-il aller de pire en pire ? Je ne le pense pas. De nos jours, les gens sont pessimistes, ils ont raison quand on juge ce qui se passe, mais en fait, ce sont de petits troubles de surface. Ce qu&rsquo;il faut, c&rsquo;est cr\u00e9er des sortes d&rsquo;\u00eelots de respiration (vous savez qu&rsquo;avec trois litres d&rsquo;huile on peut faire mourir un \u00e9tang). Donc avec des petites ouvertures \u00e0 ce niveau-l\u00e0, on peut am\u00e9liorer les processus vitaux. L&rsquo;\u00e9coute est justement l&rsquo;un des grands moyens de cr\u00e9er ces \u00eelots de respiration.<\/p>\n<p style=\"text-align: justify;\">Si vous consid\u00e9rez l&rsquo;\u00e9volution des hommes sur le plan de la pens\u00e9e, vous pouvez constater qu&rsquo;au m\u00eame moment et dans plusieurs endroits du globe des gens ont \u00e9t\u00e9 imbib\u00e9s des m\u00eames grandes id\u00e9es (car c&rsquo;est l&rsquo;univers qui parle et non pas nous). Et vous pouvez avoir ainsi un Platon en m\u00eame temps qu&rsquo;un Bouddha, avec des filtres, des perceptions et des cultures diff\u00e9rents. Il y a donc eu des cristallisations de conscience assez fortes pour leur permettre de capter la pens\u00e9e universelle. Et je reste persuad\u00e9 qu&rsquo;il y aura de plus en plus de gens qui atteindront ces plans de conscience.<\/p>\n<p style=\"text-align: justify;\"><strong>C. H. <\/strong><strong>\u2014<\/strong><strong> Oui, je crois que malgr<\/strong><strong>\u00e9<\/strong><strong> les mouvements de surface dont vous avez parl<\/strong><strong>\u00e9<\/strong><strong>, ce que l&rsquo;on ressent le plus profond<\/strong><strong>\u00e9<\/strong><strong>ment <\/strong><strong>\u00e0<\/strong><strong> l&rsquo;heure actuelle, c&rsquo;est une sorte de prise de conscience <\/strong><strong>\u00e0<\/strong><strong> un niveau collectif.<\/strong><\/p>\n<p style=\"text-align: justify;\">A. T. \u2014 Bien s\u00fbr, c&rsquo;est pour cela qu&rsquo;il y a des r\u00e9sistances de plus en plus grandes. Encore une fois, la mati\u00e8re se d\u00e9fend. Elle ne veut pas se laisser faire. Tout ce qui est mat\u00e9riel, mat\u00e9rialis\u00e9 ou mat\u00e9rialiste entre en opposition. Nous g\u00eanons un statut ; cela n&rsquo;int\u00e9resse pas les gens de n&rsquo;avoir que des \u00e9tats de conscience. Et d\u00e8s que la conscience se manifeste, il n&rsquo;y a plus de pouvoir. On ne peut pas \u00ab prendre \u00bb la conscience, on ne peut qu&rsquo;\u00eatre pris par elle. C&rsquo;est la conscience qui nous habite, c&rsquo;est tout \u00e0 fait diff\u00e9rent.<\/p>\n<p style=\"text-align: justify;\">D&rsquo;ailleurs, vouloir prendre la connaissance, la conscience, c&rsquo;est encore un danger adamique. On ne peut rien prendre. Nous sommes de petits appareils de connaissance totale, nous sommes des m\u00e9moires \u00e9ternelles. Mais ce qui occulte nos m\u00e9moires \u00e9ternelles, c&rsquo;est le souvenir de notre v\u00e9cu, qui bloque tout l&rsquo;ensemble. Est-ce que le souvenir de notre v\u00e9cu nous d\u00e9range ? Non, si nous avons la chance de nous rendre compte que c&rsquo;est notre fichier de documentation.<\/p>\n<p style=\"text-align: justify;\"><strong>C. H. <\/strong><strong>\u2014<\/strong><strong> Peut-<\/strong><strong>\u00ea<\/strong><strong>tre parce que ce souvenir n&rsquo;est pas assez lointain. Il nous d<\/strong><strong>\u00e9<\/strong><strong>range si l&rsquo;on en reste au stade de la vie personnelle, mais si l&rsquo;on remonte plus avant dans la m<\/strong><strong>\u00e9<\/strong><strong>moire&#8230;<\/strong><\/p>\n<p style=\"text-align: justify;\">A. T. \u2014 Oui, mais vous ne pouvez pas avoir la chance de comprendre le reste sans avoir au moins ce param\u00e8tre, sans le placer imm\u00e9diatement dans votre computer, comme fiche de documentation. Si vous n&rsquo;avez jamais souffert, vous ne pourrez pas comprendre que l&rsquo;on puisse souffrir. Si vous n&rsquo;avez pas travers\u00e9 des zones de difficult\u00e9s, vous ne pourrez pas comprendre que l&rsquo;on soit oblig\u00e9 de passer par l\u00e0 ? Il existe de temps en temps des gens surprot\u00e9g\u00e9s qui ne se rendent compte de rien et qui risquent d&rsquo;entrer dans une sorte de b\u00e9atitude qui ne sert \u00e0 rien.<\/p>\n<p style=\"text-align: justify;\">Le p\u00e9riple existentiel du Bouddha nous en donne la preuve. Jusqu&rsquo;\u00e0 l&rsquo;\u00e2ge de 20 ans, il fut par son p\u00e8re fantastiquement prot\u00e9g\u00e9 jusqu&rsquo;au moment o\u00f9 il s&rsquo;est rendu compte que les gens souffraient autour de lui. Toute sa d\u00e9marche ult\u00e9rieure sera conditionn\u00e9e par la prise de conscience de cet \u00e9v\u00e9nement. Par ailleurs, certains Saints sont aussi des \u00eatres prot\u00e9g\u00e9s qui, \u00e0 partir de deux ou trois petits d\u00e9tails, deux ou trois \u00e9v\u00e9nements fortuits, arrivent \u00e0 tirer imm\u00e9diatement des conclusions ph\u00e9nom\u00e9nales sur la signification de ces \u00e9v\u00e9nements. Il y en a d&rsquo;autres qui ont besoin d&rsquo;une exp\u00e9rience plus longue et qui arrivent \u00e0 un \u00e9tat de saintet\u00e9 plus tardivement.<\/p>\n<p style=\"text-align: justify;\"><strong>C. H. <\/strong><strong>\u2014<\/strong><strong> La protection au d<\/strong><strong>\u00e9<\/strong><strong>but de la vie est n<\/strong><strong>\u00e9<\/strong><strong>cessaire pour que nous ayons confiance en nous-m<\/strong><strong>\u00ea<\/strong><strong>mes, et dans notre rapport avec le cosmos.<\/strong><\/p>\n<p style=\"text-align: justify;\">A. T. \u2014 La protection, oui. Un enfant semble \u00eatre prot\u00e9g\u00e9 en totalit\u00e9 par la coque ut\u00e9rine. Il y a l\u00e0 une protection extraordinaire de telle sorte que si vous faites un th\u00e8me astrologique par exemple, \u00e0 partir du moment de la conception, vous risquez de vous tromper \u00e0 cause de cette protection. On pourrait penser que l&rsquo;instant de la conception joue un r\u00f4le essentiel, or, il ne le joue pas car l&rsquo;ut\u00e9rus prot\u00e8ge m\u00eame contre les influences cosmiques. Malheureusement, si la m\u00e8re n&rsquo;inonde pas le f\u0153tus d&rsquo;un langage affectif doux et aimant, l&rsquo;enfant sera perturb\u00e9. C&rsquo;est donc la m\u00e8re qui le pr\u00e9pare \u00e0 la vie. Et la notion d&rsquo;amour de cette premi\u00e8re vibration, qui est une vibration de vie, est superpos\u00e9e \u00e0 l&rsquo;image maternelle. Donc, s&rsquo;il n&rsquo;y a pas cela, de grandes difficult\u00e9s sont \u00e0 pr\u00e9voir par la suite. En tout cas, cela g\u00eane pour l&rsquo;\u00e9veil de la conscience.<\/p>\n<p style=\"text-align: justify;\">Il nous est donc donn\u00e9 la possibilit\u00e9 d&rsquo;entrer peu \u00e0 peu dans ce processus de communication. Et je crois que si vous parvenez \u00e0 un certain stade, si vous passez \u00e0 une autre octave qui est celle de la Vie avec un grand V, vous atteignez un point sp\u00e9cifique \u00e0 partir duquel tout ce qui se passe ici-bas n&rsquo;a plus d&rsquo;importance. C&rsquo;est comme si nous \u00e9tions tr\u00e8s tr\u00e8s loin, avec la chance d&rsquo;\u00eatre projet\u00e9 \u00e0 l&rsquo;infini dans un satellite qui est notre corps et qui nous permet d&rsquo;assister \u00e0 un d\u00e9roulement, \u00e0 une sorte de r\u00e9flexion en retour pour nous montrer ce qui se passe dans l&rsquo;univers, et non ce qui se passe dans le milieu des hommes.<\/p>\n<p style=\"text-align: justify;\">Mais nous avons aussi la possibilit\u00e9 d&rsquo;aller nous balader dans le pass\u00e9 ou dans le futur. Le diable aidant on peut le faire ; mais c&rsquo;est tr\u00e8s dangereux car on entre dans des plans qui sont interdits. C&rsquo;est comme les gens qui s&rsquo;amusent \u00e0 sortir de leur corps pour voyager dans l&rsquo;espace. Un corps, cela ne se quitte pas car on prend vite sa place. Mais si on sait que ce corps est suspendu \u00e0 l&rsquo;\u00eatre qui l&rsquo;habite, c&rsquo;est dans les bras de ce dernier qu&rsquo;il doit r\u00e9sider. Et cela change tout.<\/p>\n<p style=\"text-align: justify;\"><strong>C. H. <\/strong><strong>\u2014<\/strong><strong> Le fait que l&rsquo;homme reste vraiment enserr<\/strong><strong>\u00e9<\/strong><strong> dans le plan mat<\/strong><strong>\u00e9<\/strong><strong>riel, qu&rsquo;il n&rsquo;ose pas quitter son corps, qu&rsquo;il n&rsquo;ose pas justement explorer l&rsquo;inconnu, ne pensez-vous pas que cela ressemble exactement <\/strong><strong>\u00e0<\/strong><strong> l&rsquo;enfant qui ne veut pas quitter le ventre de sa m<\/strong><strong>\u00e8<\/strong><strong>re ? Et n&rsquo;est-ce pas justement le m<\/strong><strong>\u00ea<\/strong><strong>me mode de pens<\/strong><strong>\u00e9<\/strong><strong>e : le fait de croire que l&rsquo;on est tout seul sur notre plan<\/strong><strong>\u00e8<\/strong><strong>te, ou d&rsquo;avoir l&rsquo;impression qu&rsquo;il y a une d<\/strong><strong>\u00e9<\/strong><strong>fense de rencontrer l&rsquo;inconnu ? Je ne con<\/strong><strong>\u00e7<\/strong><strong>ois pas profond<\/strong><strong>\u00e9<\/strong><strong>ment qu&rsquo;il puisse y avoir des plans d<\/strong><strong>\u00e9<\/strong><strong>fendus : simplement, ils nous font peur.<\/strong><\/p>\n<p style=\"text-align: justify;\">A. T. \u2014 Certes, il n&rsquo;y a pas de plans d\u00e9fendus \u00e0 proprement parler. Ce qui est d\u00e9fendu : c&rsquo;est de sortir de soi.<\/p>\n<p style=\"text-align: justify;\"><strong>C. H. <\/strong><strong>\u2014<\/strong><strong> Pourquoi ? Nous avons des protections !<\/strong><\/p>\n<p style=\"text-align: justify;\">A. T. \u2014 Il n&rsquo;y a pas de protections dans ce domaine. La vanit\u00e9 de penser que l&rsquo;on puisse sortir de soi risque de faire qu&rsquo;un certain jour, on ne puisse plus rentrer en soi. Mais cela ne veut pas dire pour autant que l&rsquo;on ne soit pas toujours ailleurs.<\/p>\n<p style=\"text-align: justify;\"><strong>C. H. <\/strong><strong>\u2014<\/strong><strong> En fait, on est toujours ailleurs !<\/strong><\/p>\n<p style=\"text-align: justify;\">A. T. \u2014 On est toujours ailleurs ; on est dans ce corps et il est un t\u00e9lescope ou un microscope n\u00e9cessaire pour assister au d\u00e9roulement des \u00e9v\u00e9nements. En fait, notre vision des choses de ce monde vient d&rsquo;ailleurs. Je veux dire que nous pouvons toujours regarder ce qui se passe ici-bas, mais en tenant compte que nous sommes toujours ailleurs. Cependant, cet instrument corporel que nous d\u00e9tenons, il faut le garder ; c&rsquo;est le seul que nous ayons \u00e0 notre disposition.<\/p>\n<p style=\"text-align: justify;\"><strong>C. H. <\/strong><strong>\u2014<\/strong><strong> Puisque la conscience se d<\/strong><strong>\u00e9<\/strong><strong>place sur plusieurs plans <\/strong><strong>\u00e0<\/strong><strong> la fois et que l&rsquo;on vit synth<\/strong><strong>\u00e9<\/strong><strong>tiquement dans plusieurs espaces-temps, on pourrait essayer de faire co<\/strong><strong>\u00ef<\/strong><strong>ncider dans le conscient les informations de ces diff<\/strong><strong>\u00e9<\/strong><strong>rents plans&#8230;<\/strong><\/p>\n<p style=\"text-align: justify;\">A. T. \u2014 Le corps est l&rsquo;instrument capable de le faire.<\/p>\n<p style=\"text-align: justify;\"><strong>C. H. <\/strong><strong>\u2014<\/strong><strong> Je voulais dire : en d<\/strong><strong>\u00e9<\/strong><strong>pla<\/strong><strong>\u00e7<\/strong><strong>ant la conscience.<\/strong><\/p>\n<p style=\"text-align: justify;\">A. T. \u2014 Elle se d\u00e9place sans arr\u00eat&#8230;<\/p>\n<p style=\"text-align: justify;\"><strong>C. H. <\/strong><strong>\u2014<\/strong><strong> Alors, c&rsquo;est ce qu&rsquo;on peut appeler le voyage astral, en fait ?<\/strong><\/p>\n<p style=\"text-align: justify;\">A. T. \u2014 Ce n&rsquo;est pas tout \u00e0 fait cela. Malheureusement, c&rsquo;est ce que font les gens qui n&rsquo;ont pas compris le sens de leur mission sur terre. C&rsquo;est aussi pour cela qu&rsquo;il est dangereux de les induire \u00e0 entreprendre un tel voyage. Les gens qui n&rsquo;ont pas la possibilit\u00e9 de vivre cette aventure croient pouvoir le faire ; et ils ont souvent des ennuis. Je pourrais vous montrer ici quelques patients. Ce sont des gens qui ont quitt\u00e9 leur corps.<\/p>\n<p style=\"text-align: justify;\"><strong>C. H. <\/strong><strong>\u2014<\/strong><strong> Je suis d&rsquo;accord pour penser qu&rsquo;en quittant son corps avant d&rsquo;<\/strong><strong>\u00ea<\/strong><strong>tre pr<\/strong><strong>\u00e9<\/strong><strong>par<\/strong><strong>\u00e9<\/strong><strong>, cela peut <\/strong><strong>\u00ea<\/strong><strong>tre dangereux.<\/strong><\/p>\n<p style=\"text-align: justify;\">A. T. \u2014 Il n&rsquo;est pas n\u00e9cessaire de le quitter. C&rsquo;est gr\u00e2ce \u00e0 ce corps que nous pouvons nous balader. Les perceptions que vous avez des diff\u00e9rents plans, vous pouvez aussi les avoir sans quitter votre corps.<\/p>\n<p style=\"text-align: justify;\"><strong>C. H. <\/strong><strong>\u2014<\/strong><strong> En cela, je suis d&rsquo;accord. Mais il s&rsquo;agit peut-<\/strong><strong>\u00ea<\/strong><strong>tre d&rsquo;un plan interm<\/strong><strong>\u00e9<\/strong><strong>diaire. C&rsquo;est comme un gu<\/strong><strong>\u00e9<\/strong><strong>risseur qui d<\/strong><strong>\u00e9<\/strong><strong>bute, il va prendre dans ses mains toutes les <\/strong><strong>\u00e9<\/strong><strong>nergies n<\/strong><strong>\u00e9<\/strong><strong>gatives du malade jusqu&rsquo;<\/strong><strong>\u00e0<\/strong><strong> ce qu&rsquo;il apprenne <\/strong><strong>\u00e0<\/strong><strong> les effacer dans le corps du malade lui-m<\/strong><strong>\u00ea<\/strong><strong>me. J&rsquo;ai l&rsquo;impression que ceux qui partent en astral quand ils sont pr<\/strong><strong>\u00ea<\/strong><strong>ts, (je ne parle pas des autres) c&rsquo;est parce qu&rsquo;ils n&rsquo;ont pas encore compris comment d<\/strong><strong>\u00e9<\/strong><strong>placer leur conscience en restant centr<\/strong><strong>\u00e9<\/strong><strong> dans leur corps. C&rsquo;est comme un stade interm<\/strong><strong>\u00e9<\/strong><strong>diaire qui n&rsquo;est pas parfait et qui a ses dangers.<\/strong><\/p>\n<p style=\"text-align: justify;\">A. T. \u2014 D&rsquo;accord. Mais personnellement, je consid\u00e8re que le corps ne se quitte pas.<\/p>\n<p style=\"text-align: justify;\"><strong>C. H. <\/strong><strong>\u2014<\/strong><strong> Oui, c&rsquo;est dangereux, mais il y a quand m<\/strong><strong>\u00ea<\/strong><strong>me des protections tr<\/strong><strong>\u00e8<\/strong><strong>s grandes.<\/strong><\/p>\n<p style=\"text-align: justify;\">A. T. \u2014 Il ne faut pas les lasser, ces protections. Qu&rsquo;on fasse une ou deux exp\u00e9riences pour d\u00e9couvrir les dangers, c&rsquo;est une chose ; il faut bien une exp\u00e9rience pour savoir. Mais si vous \u00eates d\u00e9cid\u00e9 \u00e0 \u00e9couter ces protecteurs, vous verrez qu&rsquo;ils vous demanderont un jour de rester en place. Cela ne veut pas dire qu&rsquo;ils ne vous conduiront pas \u00e0 d\u00e9couvrir certaines r\u00e9alit\u00e9s.<\/p>\n<p style=\"text-align: justify;\"><strong>C. H. <\/strong><strong>\u2014<\/strong><strong> Je crois justement que la fa<\/strong><strong>\u00e7<\/strong><strong>on qu&rsquo;ils ont de nous conduire c&rsquo;est de permettre, <\/strong><strong>\u00e0<\/strong><strong> un moment donn<\/strong><strong>\u00e9<\/strong><strong>, cette exp<\/strong><strong>\u00e9<\/strong><strong>rience. Puis, de la faire cesser afin que l&rsquo;on trouve une nouvelle fa<\/strong><strong>\u00e7<\/strong><strong>on de voir et d&rsquo;int<\/strong><strong>\u00e9<\/strong><strong>grer les autres plans. Si je me r<\/strong><strong>\u00e9<\/strong><strong>f<\/strong><strong>\u00e8<\/strong><strong>re <\/strong><strong>\u00e0<\/strong><strong> ma propre exp<\/strong><strong>\u00e9<\/strong><strong>rience, cela s&rsquo;est pass<\/strong><strong>\u00e9<\/strong><strong> exactement ainsi : la possibilit<\/strong><strong>\u00e9<\/strong><strong> de partir en astral a dur<\/strong><strong>\u00e9<\/strong><strong> trois ou quatre mois, mais apr<\/strong><strong>\u00e8<\/strong><strong>s, j&rsquo;ai vraiment senti que l&rsquo;on me for<\/strong><strong>\u00e7<\/strong><strong>ait <\/strong><strong>\u00e0<\/strong><strong> rester dans mon corps et que je devais chercher un autre mode d&rsquo;<\/strong><strong>\u00e9<\/strong><strong>coute. Mais il y a eu ce passage dangereux et n<\/strong><strong>\u00e9<\/strong><strong>cessaire.<\/strong><\/p>\n<p style=\"text-align: justify;\">A. T. \u2014 Oui, mais il y a des gens qui ne font que cela, et parce qu&rsquo;ils cherchent des pouvoirs. Or, il n&rsquo;y a pas de pouvoirs. Nous sommes fix\u00e9s \u00e0 des lois de l&rsquo;univers. Quelles sont donc ces lois ? Elles vont \u00e0 l&rsquo;encontre des lois des hommes, bien s\u00fbr. Il existe une l\u00e9gitimit\u00e9 sur laquelle l&rsquo;univers est bas\u00e9, cette l\u00e9gitimit\u00e9 \u00e9tant accol\u00e9e au Logos. Il s&rsquo;agit donc d&rsquo;une sorte de logique qui nous d\u00e9passe ; et tout ce que nous pouvons faire, c&rsquo;est appr\u00e9cier et regarder. Et toute l&rsquo;astronomie est bas\u00e9e sur cette loi. La science a permis de voir des plan\u00e8tes se mettre sur leur orbite et de constater qu&rsquo;un processus de cr\u00e9ativit\u00e9 est en cours.<\/p>\n<p style=\"text-align: justify;\">Malheureusement, \u00e0 cause de la nature inh\u00e9rente \u00e0 l&rsquo;homme et de tout ce qu&rsquo;il repr\u00e9sente est apparu l&rsquo;ego. Et cet ego va, non pas agir selon des l\u00e9gitimit\u00e9s, mais selon une l\u00e9galit\u00e9 qui est, elle, une loi des hommes.<\/p>\n<p style=\"text-align: justify;\"><strong>C. H. <\/strong><strong>\u2014<\/strong><strong> Vous pensez donc que les lois sont renvers<\/strong><strong>\u00e9<\/strong><strong>es entre l&rsquo;univers et l&rsquo;homme ?<\/strong><\/p>\n<p style=\"text-align: justify;\">A. T. \u2014 Elles devraient \u00eatre les m\u00eames. Vivre en harmonie ou en sympathie avec les lois de l&rsquo;univers, telle est notre recherche. C&rsquo;est l&rsquo;ego qui renverse les lois. Les gens ne savent pas \u00e9couter cet int\u00e9rieur qui dicte comment fonctionne l&rsquo;univers. Mais quand on a trouv\u00e9 ces lois-l\u00e0, point n&rsquo;est plus besoin d&rsquo;enseignement.<\/p>\n<p style=\"text-align: justify;\"><strong>C. H. <\/strong><strong>\u2014<\/strong><strong> Est-ce que ces cycles de division et de s<\/strong><strong>\u00e9<\/strong><strong>paration par rapport aux <\/strong><strong>\u00e9<\/strong><strong>nergies du cosmos ne sont pas justement pr<\/strong><strong>\u00e9<\/strong><strong>vus aussi dans l&rsquo;<\/strong><strong>\u00e9<\/strong><strong>volution de l&rsquo;humanit<\/strong><strong>\u00e9<\/strong><strong>. C&rsquo;est comme l&rsquo;adolescent qui se r<\/strong><strong>\u00e9<\/strong><strong>volte, on pourrait penser que l&rsquo;on est dans l&rsquo;<\/strong><strong>\u00e2<\/strong><strong>ge adolescent de l&rsquo;humanit<\/strong><strong>\u00e9<\/strong><strong> et que nous avons <\/strong><strong>\u00e9<\/strong><strong>t<\/strong><strong>\u00e9<\/strong><strong> coup<\/strong><strong>\u00e9<\/strong><strong> pendant longtemps&#8230;.<\/strong><\/p>\n<p style=\"text-align: justify;\">A. T. \u2014 On s&rsquo;est coup\u00e9 !<\/p>\n<p style=\"text-align: justify;\"><strong>C. H. <\/strong><strong>\u2014<\/strong><strong> Oui, on s&rsquo;est coup<\/strong><strong>\u00e9<\/strong><strong>, et peut-<\/strong><strong>\u00ea<\/strong><strong>tre qu&rsquo;alors, lorsqu&rsquo;on retrouve l&rsquo;harmonie, c&rsquo;est sur un plan sup<\/strong><strong>\u00e9<\/strong><strong>rieur.<\/strong><\/p>\n<p style=\"text-align: justify;\">A. T. \u2014 Bien s\u00fbr. Et je pense que c&rsquo;\u00e9tait pr\u00e9visible. Prenons l&rsquo;exemple d&rsquo;un bassin : si vous donnez une impulsion \u00e0 l&rsquo;eau qu&rsquo;il contient, vous voyez l&rsquo;onde qui se propage, puis revient. Nous avons toujours des ondes d&rsquo;aller-retour. Le plan de la cr\u00e9ation est comme cela. D\u00e8s l&rsquo;instant o\u00f9 le Cr\u00e9ateur a d\u00e9termin\u00e9 ce plan, sachant tout, il savait tr\u00e8s bien qu&rsquo;il y aurait des ondes en retour, sinon aucun \u00e9v\u00e9nement ne pourrait se passer. La mat\u00e9rialisation, ce sont des \u00e9nergies qui s&rsquo;affrontent. Il n&rsquo;y a pas de mati\u00e8re. Maintenant on sait que la mati\u00e8re n&rsquo;existe pas. Il n&rsquo;y a que de l&rsquo;\u00e9nergie plus ou moins expans\u00e9e, le mat\u00e9riau \u00e9tant encore une conscience inexpans\u00e9e.<\/p>\n<p style=\"text-align: justify;\"><strong>C. H. <\/strong><strong>\u2014<\/strong><strong> Pourriez-vous nous parler des centres de r<\/strong><strong>\u00e9<\/strong><strong>ception ?<\/strong><\/p>\n<p style=\"text-align: justify;\">A. T. \u2014 Du point de vue r\u00e9ception sonore, il y a donc l&rsquo;oreille et la peau. Dans l&rsquo;oreille, nous avons l&rsquo;organe de Corti. Ce dernier est fabriqu\u00e9 avec la cellule de Corti, qui est vieille de mill\u00e9naires, puisqu&rsquo;on la trouve d\u00e9j\u00e0 chez les m\u00e9duses. Or, l&rsquo;apparition des m\u00e9duses date de quelques millions d&rsquo;ann\u00e9es. Ces quelques millions d&rsquo;ann\u00e9es ont laiss\u00e9 une cellule intacte qui vit toujours dans l&rsquo;eau. Puis, peu \u00e0 peu, on va la voir s&rsquo;enfermer dans une cavit\u00e9 chez les serpents. On va la retrouver par la suite dans l&rsquo;oreille humaine, sur le c\u00f4t\u00e9, pour proc\u00e9der \u00e0 l&rsquo;analyse des sons.<\/p>\n<p style=\"text-align: justify;\">Mais elle a aussi un deuxi\u00e8me trajet qui va donner le poil et la plume, donc d\u00e9j\u00e0 la peau, ce qui suscite l&rsquo;apparition de tous les organes sensoriels de la peau. C&rsquo;est pourquoi il me pla\u00eet de dire de fa\u00e7on laconique, que nous ne sommes qu&rsquo;une oreille en totalit\u00e9.<\/p>\n<p style=\"text-align: justify;\">Quant \u00e0 nos dimensions spatiales, il y a \u00e9videmment tout le reste, par exemple et certaines perceptions, plus fines qui impliquent la participation de tout le corps. Tout notre syst\u00e8me nerveux se met alors en activit\u00e9 et notamment notre perception qui entra\u00eene elle-m\u00eame le syst\u00e8me glandulaire. Celui-ci est, \u00e0 mon avis, un appareil de perception bien que la m\u00e9decine occidentale continue de consid\u00e9rer seulement nos cinq sens comme organes de perception.<\/p>\n<p style=\"text-align: justify;\"><strong>C. H. <\/strong><strong>\u2014<\/strong><strong> J&rsquo;allais justement vous demander si, au niveau des chakras, on avait pu mettre <\/strong><strong>\u00e0<\/strong><strong> jour les syst<\/strong><strong>\u00e8<\/strong><strong>mes de r<\/strong><strong>\u00e9<\/strong><strong>ception et d&rsquo;<\/strong><strong>\u00e9<\/strong><strong>mission.<\/strong><\/p>\n<p style=\"text-align: justify;\">A. T. \u2014 Les mettre \u00e0 jour : non. On ne peut pas les observer comme on voudrait. Dans le domaine de la clairvoyance, on peut les voir.<\/p>\n<p style=\"text-align: justify;\"><strong>C. H. <\/strong><strong>\u2014<\/strong><strong> Arrive-t-on <\/strong><strong>\u00e0<\/strong><strong> les capter ?<\/strong><\/p>\n<p style=\"text-align: justify;\">A. T. \u2014 Certains ont essay\u00e9 de les photographier ; au niveau des auras, les r\u00e9sultats sont clairs. Mais pour les chakras, cela n&rsquo;est pas assez satisfaisant. Il est certain qu&rsquo;ils existent mais il manque en effet, le d\u00e9gagement des rayonnements.<\/p>\n<p style=\"text-align: justify;\"><strong>C. H. <\/strong><strong>\u2014<\/strong><strong> Mais <\/strong><strong>\u00e0<\/strong><strong> quelle <\/strong><strong>\u00e9<\/strong><strong>chelle se trouveraient ces fr<\/strong><strong>\u00e9<\/strong><strong>quences et comment pourrait-on les capter ?<\/strong><\/p>\n<p style=\"text-align: justify;\">A. T. \u2014 Les fr\u00e9quences ? Par un ph\u00e9nom\u00e8ne inverse. C&rsquo;est-\u00e0-dire qu&rsquo;on peut voir \u00e0 quelles fr\u00e9quences ces chakras sont sensibles ; donc ce sont les fr\u00e9quences d&rsquo;\u00e9mission qui entrent en ligne de compte.<\/p>\n<p style=\"text-align: justify;\">Actuellement, par l&rsquo;oreille, nous avons des r\u00e9ponses lorsque nous faisons une analyse de l&rsquo;audition. Cela veut dire que des zones corporelles du sujet r\u00e9pondent \u00e0 telle ou telle fr\u00e9quence. Ainsi, quand on fait passer ces fr\u00e9quences, on remarque une r\u00e9sonance au niveau des chakras. Autrement dit, lorsque nous analysons un test d&rsquo;\u00e9coute, nous savons \u00e0 quel niveau le sujet est en train de somatiser, ou de souffrir, ou de mal se porter.<\/p>\n<p style=\"text-align: justify;\">En examinant le spectre d&rsquo;\u00e9coute du sujet, nous savons qu&rsquo;\u00e0 telle ou telle tranche, il y a une d\u00e9faillance. Sur le test d&rsquo;\u00e9coute, on peut situer le corps humain, la t\u00eate \u00e9tant vers les aigus et les pieds vers les graves. Apr\u00e8s des milliers de recoupements on a pu obtenir des r\u00e9sultats assez pr\u00e9cis. Par exemple un sujet qui a une pointe \u00e0 1000 hertz a toujours un ulc\u00e8re d&rsquo;estomac ; son plexus solaire ne marche pas, le chakra correspondant est donc bloqu\u00e9.<\/p>\n<p style=\"text-align: justify;\"><strong>C. H. <\/strong><strong>\u2014<\/strong><strong> Et qu&rsquo;est-ce qui vous emp<\/strong><strong>\u00ea<\/strong><strong>che techniquement de capter ces <\/strong><strong>\u00e9<\/strong><strong>missions venant des chakras ?<\/strong><\/p>\n<p style=\"text-align: justify;\">A. T. \u2014 La mati\u00e8re qui se d\u00e9fend et qui ne veut pas. Il y a obscurcissement. L&rsquo;homme veut des pouvoirs auxquels il n&rsquo;a pas droit. Et tant qu&rsquo;il ne sera pas heureux d&rsquo;\u00eatre d\u00e9pendant des lois du Logos lui-m\u00eame, il sera dans l&rsquo;impossibilit\u00e9 de trouver quoi que ce soit.<\/p>\n<p style=\"text-align: justify;\"><strong>C. H. <\/strong><strong>\u2014<\/strong><strong> Je pense aussi que pour que l&rsquo;humanit<\/strong><strong>\u00e9<\/strong><strong> puisse entrer dans ce domaine de connaissance, il faudrait qu&rsquo;elle fasse preuve de plus de sagesse et de paix&#8230;<\/strong><\/p>\n<p style=\"text-align: justify;\">A. T. \u2014 La sagesse, c&rsquo;est l&rsquo;humilit\u00e9&#8230;<\/p>\n<p style=\"text-align: justify;\"><strong>C. H. <\/strong><strong>\u2014<\/strong><strong> &#8230; Parce qu&rsquo;il est trop dangereux d&rsquo;acc<\/strong><strong>\u00e9<\/strong><strong>der <\/strong><strong>\u00e0<\/strong><strong> ces connaissances alors que nous sommes toujours sur une plan<\/strong><strong>\u00e8<\/strong><strong>te sous la d<\/strong><strong>\u00e9<\/strong><strong>pendance de la guerre.<\/strong><\/p>\n<p style=\"text-align: justify;\">A. T. \u2014 Pour moi, je crois que nous sommes en train de d\u00e9velopper d\u00e9lib\u00e9r\u00e9ment une psychologie de la haine, qui est \u00e0 l&rsquo;inverse de la progression et ceci au b\u00e9n\u00e9fice de quelqu&rsquo;un. Ce quelqu&rsquo;un, c&rsquo;est une m\u00eame synarchie qui dirige tout \u00e0 l&rsquo;envers. Les gens n&rsquo;arrivent jamais \u00e0 atteindre un plan assez haut pour se rendre compte que celui qui suscite les guerres militaires, de religion ou de partis fait partie d&rsquo;une m\u00eame synarchie. Et notre travail c&rsquo;est de l&rsquo;\u00e9viter. Plus vous chercherez une v\u00e9rit\u00e9, plus vous aurez cette synarchie aux trousses.<\/p>\n<p style=\"text-align: justify;\">Et nous devons \u00eatre frapp\u00e9s d&rsquo;humilit\u00e9. Je pense qu&rsquo;\u00e0 tout moment nous devons nous rappeler que nous ne sommes rien : 80 % d&rsquo;eau&#8230; et quelques sels min\u00e9raux. Mais nous devons aussi nous rappeler que nous sommes un rien qui \u00e9coute.<\/p>\n<p style=\"text-align: justify;\"><strong>C. H. <\/strong><strong>\u2014<\/strong><strong> <\/strong><strong>\u00c9<\/strong><strong>videmment, par rapport au vide entre les particules de notre corps, nous ne sommes rien.<\/strong><\/p>\n<p style=\"text-align: justify;\">A. T. \u2014 Mais est-ce que ce vide n&rsquo;est pas plein, justement ?<\/p>\n<p style=\"text-align: justify;\"><strong>C. H. <\/strong><strong>\u2014<\/strong><strong> Oui, c&rsquo;est <\/strong><strong>\u00e7<\/strong><strong>a plein d&rsquo;inconnu.<\/strong><\/p>\n<p style=\"text-align: justify;\">A. T. \u2014 Cela vous g\u00eane-t-il qu&rsquo;il soit inconnu ?<\/p>\n<p style=\"text-align: justify;\"><strong>C. H. <\/strong><strong>\u2014<\/strong><strong> Ah non ! cela ne me g<\/strong><strong>\u00ea<\/strong><strong>ne pas du tout, au contraire, c&rsquo;est ce qui est <\/strong><strong>\u00e0<\/strong><strong> chercher. Par rapport <\/strong><strong>\u00e0<\/strong><strong> notre conscient, on est dans un oc<\/strong><strong>\u00e9<\/strong><strong>an d&rsquo;infini inconscient qui est l&rsquo;inconnu pour nous.<\/strong><\/p>\n<p style=\"text-align: justify;\">A. T. \u2014 Je crois que l&rsquo;on est g\u00ean\u00e9 par une question de langage. On s&rsquo;est tromp\u00e9 dans la terminologie : l&rsquo;inconscient est ce qui est dans la conscience ; inconscient : dans le conscient. Or, on en est arriv\u00e9 \u00e0 un \u00ab in \u00bb privatif, sans conscience, ce qui est dangereux. La conscience totale ne peut \u00eatre que le fait de Dieu, c&rsquo;est tout.<\/p>\n<p style=\"text-align: justify;\"><strong>C. H. <\/strong><strong>\u2014<\/strong><strong> Je suis d&rsquo;accord, cet inconscient, c&rsquo;est l&rsquo;univers entier.<\/strong><\/p>\n<p style=\"text-align: justify;\">A. T. \u2014 C&rsquo;est plus que l&rsquo;univers entier. Actuellement, en science, puisque vous vous int\u00e9ressez \u00e0 la science, on en est arriv\u00e9e au point o\u00f9 nous ne sommes assur\u00e9s que de tr\u00e8s peu de choses. Nous ne pouvons r\u00e9ellement compter que sur trois lois qui sont bien fond\u00e9es : la loi d&rsquo;Einstein, la formule de Planck, et celle de Boltzmann sur l&rsquo;entropie. C&rsquo;est tout et c&rsquo;est peu de choses.<\/p>\n<p style=\"text-align: justify;\">Une autre d\u00e9viation de la science actuelle est \u00e0 mon avis de ne pas comprendre la position exacte de l&rsquo;homme qui semble, gr\u00e2ce \u00e0 sa conscience, lutter contre la restructuration du chaos l&rsquo;homme semble \u00eatre le facteur d&rsquo;anti-entropie.<\/p>\n<p style=\"text-align: justify;\">Encore une fois, je crois que si nous avons la sagesse de rester dans les registres qui nous sont accord\u00e9s, nous pouvons observer et \u00e9prouver ce qu&rsquo;il nous est donn\u00e9 de pouvoir faire. Et pour cela, nous avons tr\u00e8s peu de temps.<\/p>\n<p style=\"text-align: justify;\"><strong>C. H. <\/strong><strong>\u2014<\/strong><strong> Pourquoi cette notion de tr<\/strong><strong>\u00e8<\/strong><strong>s peu de temps ? Et pour arriver <\/strong><strong>\u00e0<\/strong><strong> faire quoi, exactement ?<\/strong><\/p>\n<p style=\"text-align: justify;\">A. T. \u2014 Nous devons situer cette notion de temps par rapport \u00e0 nous-m\u00eames ou par rapport \u00e0 la mission qui nous a \u00e9t\u00e9 confi\u00e9e. Si nous n&rsquo;effectuons pas cette mission, nous trahissons. Chacun a son travail \u00e0 accomplir. Le danger d&rsquo;avoir une perception plus fine que certains autres \u00eatres humains, c&rsquo;est de nous prendre pour quelque chose. C&rsquo;est plus dangereux d&rsquo;avoir certains dons \u00e0 sa disposition, car on risque de d\u00e9raisonner plus vite que celui qui ne les a pas.<\/p>\n<p style=\"text-align: justify;\">Quant aux \u00e9nergies, Carlo Suar\u00e8s a fait une \u00e9tude tr\u00e8s int\u00e9ressante \u00e0 ce sujet, et j&rsquo;ai pu moi-m\u00eame mesurer les \u00e9nergies des lettres h\u00e9bra\u00efques.<\/p>\n<p style=\"text-align: justify;\"><strong>C. H. <\/strong><strong>\u2014<\/strong><strong> Comment ?<\/strong><\/p>\n<p style=\"text-align: justify;\">A. T. \u2014 J&rsquo;ai fait prononcer ces lettres par des rabbins et j&rsquo;ai pu enregistrer leur \u00e9nergie sur des tubes cathodiques.<\/p>\n<p style=\"text-align: justify;\"><strong>C. H. <\/strong><strong>\u2014<\/strong><strong> Pouvez-vous expliquer ce que sont ces tubes cathodiques ?<\/strong><\/p>\n<p style=\"text-align: justify;\">A. T. \u2014 Ce sont des plaques sur lesquelles les lettres s&rsquo;inscrivent comme si vous les aviez \u00e9crites \u00e0 la main. Autrement dit, les sages qui ont d\u00e9termin\u00e9 cette \u00e9criture avaient une perception tellement fine qu&rsquo;ils ont projet\u00e9 sur la pierre ce qu&rsquo;ils percevaient des sons eux-m\u00eames. Ils sont donc arriv\u00e9s \u00e0 fournir une r\u00e9ponse visuelle analogique \u00e0 une perception du bombardement sonore.<\/p>\n<p style=\"text-align: justify;\"><strong>C. H. <\/strong><strong>\u2014<\/strong><strong> Vous voulez dire que la lettre est une transcription exacte de l&rsquo;onde ?<\/strong><\/p>\n<p style=\"text-align: justify;\">A. T. \u2014 Oui, par exemple dans l&rsquo;aleph (a) vous avez des fr\u00e9quences qui vont des graves aux aigus, et l&rsquo;\u00e9talement du son reproduit la forme de la lettre.<\/p>\n<p style=\"text-align: justify;\"><strong>C. H. <\/strong><strong>\u2014<\/strong><strong> Donc, la courbe m<\/strong><strong>\u00ea<\/strong><strong>me des fr<\/strong><strong>\u00e9<\/strong><strong>quences forme un aleph ?<\/strong><\/p>\n<p style=\"text-align: justify;\">A. T. \u2014 Exactement. Par contre, vous avez une lettre qui ne donne rien. Vous pouvez la hurler. C&rsquo;est le \u00ab mem \u00bb, qui est l&rsquo;eau. Cela ne donne rien, il n&rsquo;y a pas d&rsquo;image.<\/p>\n<p style=\"text-align: justify;\">Je voudrais terminer en disant que si l&rsquo;on atteint un certain plan de recherche, on n&rsquo;a plus besoin de langage pour communiquer. Parce que le langage est presque un acc\u00e9l\u00e9rateur, un cyclotron qui permet de parvenir \u00e0 ce plan, \u00e0 ce mode de pens\u00e9e o\u00f9 l&rsquo;on n&rsquo;a plus besoin de langage. Reste \u00e0 savoir si l&rsquo;on peut penser sans parole. Je crois qu&rsquo;\u00e0 un tr\u00e8s tr\u00e8s haut niveau, l&rsquo;adh\u00e9sion au Logos n&rsquo;a pas besoin de langage. Seulement, pour pouvoir entra\u00eener l&rsquo;autre, on est oblig\u00e9 d&rsquo;utiliser ce mat\u00e9riau.<\/p>\n<p style=\"text-align: justify;\">D\u00e8s que vous parlez, vous avez la chance de mettre l&rsquo;autre \u00ab en forme \u00bb, cela se dit \u00ab informer \u00bb. Mais c&rsquo;est un danger de mettre l&rsquo;autre en \u00ab forme \u00bb : est-ce que ma parole va \u00eatre b\u00e9n\u00e9fique ou est-ce que je ne vais pas le d\u00e9truire ? C&rsquo;est tout le danger de l&rsquo;\u00e9ducation.<\/p>\n<p style=\"text-align: justify;\">Parler, c&rsquo;est donc jouer vraiment du syst\u00e8me nerveux de l&rsquo;autre. Or, nous avons la chance de pouvoir am\u00e9liorer ce langage. C&rsquo;est le but des cures que nous faisons dans certains centres appliquant nos techniques.<\/p>\n<p style=\"text-align: justify;\">Chaque fois que je vous parle, je suis le premier auditeur de ce que j&rsquo;exprime. Autrement dit, si je veux vous passer un message de qualit\u00e9, je dois pouvoir mesurer certains param\u00e8tres comme l&rsquo;intensit\u00e9, le timbre, la coul\u00e9e verbale, le s\u00e9mantique. La caresse acoustique que repr\u00e9sente mon langage pour mon interlocuteur est aussi une caresse que je dois ressentir. De plus, il faut consid\u00e9rer que le langage est quelque chose qui doit envelopper l&rsquo;autre de mani\u00e8re aimante, harmonieuse et non haineuse. Et pour aimer l&rsquo;autre, il faut s&rsquo;aimer soi-m\u00eame, se sentir bien dans sa peau. Ceci est important.<\/p>\n<p style=\"text-align: justify;\">Le langage doit \u00eatre domin\u00e9 du d\u00e9sir d&rsquo;avoir l&rsquo;autre, de le poss\u00e9der. Il implique donc une grande honn\u00eatet\u00e9, une grande humilit\u00e9.<\/p>\n<p style=\"text-align: justify;\"><strong>BIBLIOGRAPHIE<\/strong><\/p>\n<p style=\"text-align: justify;\">L\u00e9na Tomatis &#8211;<em> Int<\/em><em>\u00e9<\/em><em>gration des langues vivantes<\/em>, Ed. Soditap, 1974.<br \/>\nCarlo Suar\u00e8s &#8211; <em>Analyse de l&rsquo;alphabet h<\/em><em>\u00e9<\/em><em>bra<\/em><em>\u00ef<\/em><em>que<\/em>.<\/p>\n<p style=\"text-align: justify;\"><strong>PRINCIPAUX OUVRAGES DE A.A. TOMATIS<\/strong><\/p>\n<p><em>L&rsquo;Oreille et le Langage<\/em>, Ed. du Seuil, 1963. Collection \u00ab Point-Science\u00a0\u00bb.<br \/>\n<em>\u00c9<\/em><em>ducation et Dyslexie<\/em>. Ed. ESF, 1972. Collection \u00ab Sciences de l&rsquo;\u00e9ducation \u00bb.<br \/>\n<em>La Lib<\/em><em>\u00e9<\/em><em>ration d&rsquo;<\/em><em>\u0152<\/em><em>dipe<\/em>, Ed. ESF, 1973. Collection \u00ab Sciences de l&rsquo;\u00e9ducation \u00bb.<br \/>\n<em>Vers l&rsquo;<\/em><em>\u00c9<\/em><em>coute humaine<\/em> (2 tomes), Ed. ESF, 1974. Collection \u00ab Sciences de l&rsquo;\u00e9ducation \u00bb.<br \/>\n<em>L&rsquo;Oreille et la Vie<\/em>, Ed. Laffont, 1977. Collection \u00ab R\u00e9ponses-Sant\u00e9 \u00bb.<br \/>\n<em>La Nuit ut<\/em><em>\u00e9<\/em><em>rine<\/em>, Ed. Stock, 1981.<\/p>\n<p style=\"text-align: justify;\"><strong>QUELQUES ARTICLES ET COMPTES RENDUS DES CONF<\/strong><strong>\u00c9<\/strong><strong>RENCES<\/strong><\/p>\n<p style=\"text-align: justify;\"><em>Inconscient et conscience<\/em>, Bulletin Tomatis information, 1980.<br \/>\n<em>L&rsquo;Oreille et le chant<\/em>, conf\u00e9rence au conservatoire de Berne, 1980.<br \/>\n<em>Oreille et structure du corps<\/em>, interview avec Alain Gerber, revue Son, 1977.<\/p>\n<p style=\"text-align: justify;\"><strong><a href=\"http:\/\/www.revue3emillenaire.com\/blog\/wp-content\/uploads\/2014\/01\/C-Hardy.jpg\"><img loading=\"lazy\" decoding=\"async\" class=\"alignleft size-full wp-image-14875\" title=\"C Hardy\" src=\"http:\/\/www.revue3emillenaire.com\/blog\/wp-content\/uploads\/2014\/01\/C-Hardy.jpg\" alt=\"\" width=\"133\" height=\"135\" \/><\/a>Christine Hardy est <\/strong><strong>Dr es sciences humaines et ethnologue. Son blog en anglais : <a id=\"yui_3_13_0_ym1_1_1388254948177_2976\" href=\"http:\/\/chris-h-hardy-dna-of-the-gods.blogspot.fr\/\" rel=\"nofollow\" shape=\"rect\" target=\"_blank\">http:\/\/chris-h-hardy-dna-of-the-gods.blogspot.fr\/<\/a>. Dernier livre publi\u00e9 en Fran\u00e7ais : <em id=\"yui_3_13_0_ym1_1_1388254948177_3931\"> <\/em><strong><em id=\"yui_3_13_0_ym1_1_1388254948177_3930\">La Pr\u00e9diction de Jung : La m\u00e9tamorphose de la Terre<\/em><\/strong>. Dervy, 2012. En <strong>anglais<\/strong> : <em id=\"yui_3_13_0_ym1_1_1388254948177_4224\">DNA of the Gods: <\/em><em>T<strong>he Anunnaki Creation of Eve and the Alien Battle for Humanity<\/strong><\/em><em>, <\/em>Bear &amp; Co., USA &amp; Canada<em>, mars <\/em><em id=\"yui_3_13_0_ym1_1_1388254948177_3925\">2014<\/em><em id=\"yui_3_13_0_ym1_1_1388254948177_3927\">. \u00c0 Lire aussi son interview dans le num\u00e9ro 104 de 3e Mill\u00e9naire.<\/em><\/strong><\/p>\n","protected":false},"excerpt":{"rendered":"<p>Pour moi, je crois que nous sommes en train de d\u00e9velopper d\u00e9lib\u00e9r\u00e9ment une psychologie de la haine, qui est \u00e0 l\u2019inverse de la progression et ceci au b\u00e9n\u00e9fice de quelqu\u2019un. Ce quelqu\u2019un, c\u2019est une m\u00eame synarchie qui dirige tout \u00e0 l\u2019envers. Les gens n\u2019arrivent jamais \u00e0 atteindre un plan assez haut pour se rendre compte que celui qui suscite les guerres militaires, de religion ou de partis fait partie d\u2019une m\u00eame synarchie. Et notre travail c\u2019est de l\u2019\u00e9viter. Plus vous chercherez une v\u00e9rit\u00e9, plus vous aurez cette synarchie aux trousses. Et nous devons \u00eatre frapp\u00e9s d\u2019humilit\u00e9. Je pense qu\u2019\u00e0 tout moment nous devons nous rappeler que nous ne sommes rien : 80 % d\u2019eau\u2026 et quelques sels min\u00e9raux. Mais nous devons aussi nous rappeler que nous sommes un rien qui \u00e9coute.<\/p>\n","protected":false},"author":1,"featured_media":15648,"comment_status":"closed","ping_status":"closed","sticky":false,"template":"","format":"standard","meta":{"footnotes":""},"categories":[5,927,789],"tags":[93,209,791,790,1228],"class_list":["post-15641","post","type-post","status-publish","format-standard","has-post-thumbnail","hentry","category-interview","category-hardy-christine","category-tomatis-alfred","tag-bible","tag-cabale","tag-ecoute","tag-oreille","tag-receptivite"],"yoast_head":"<!-- This site is optimized with the Yoast SEO plugin v27.0 - https:\/\/yoast.com\/product\/yoast-seo-wordpress\/ -->\n<title>L&#039;homme \u00e0 l&#039;\u00e9coute du cosmos, entretien Alfred A. Tomatis et Christine Hardy - 3e mill\u00e9naire - Spiritualit\u00e9 - Connaissance de soi - Non-dualit\u00e9 - M\u00e9ditation<\/title>\n<meta name=\"robots\" content=\"index, follow, max-snippet:-1, max-image-preview:large, max-video-preview:-1\" \/>\n<link rel=\"canonical\" href=\"https:\/\/www.revue3emillenaire.com\/blog\/lhomme-a-lecoute-du-cosmos-entretien-alfred-a-tomatis-et-christine-hardy\/\" \/>\n<meta property=\"og:locale\" content=\"fr_FR\" \/>\n<meta property=\"og:type\" content=\"article\" \/>\n<meta property=\"og:title\" content=\"L&#039;homme \u00e0 l&#039;\u00e9coute du cosmos, entretien Alfred A. Tomatis et Christine Hardy - 3e mill\u00e9naire - Spiritualit\u00e9 - Connaissance de soi - Non-dualit\u00e9 - M\u00e9ditation\" \/>\n<meta property=\"og:description\" content=\"Pour moi, je crois que nous sommes en train de d\u00e9velopper d\u00e9lib\u00e9r\u00e9ment une psychologie de la haine, qui est \u00e0 l\u2019inverse de la progression et ceci au b\u00e9n\u00e9fice de quelqu\u2019un. Ce quelqu\u2019un, c\u2019est une m\u00eame synarchie qui dirige tout \u00e0 l\u2019envers. Les gens n\u2019arrivent jamais \u00e0 atteindre un plan assez haut pour se rendre compte que celui qui suscite les guerres militaires, de religion ou de partis fait partie d\u2019une m\u00eame synarchie. Et notre travail c\u2019est de l\u2019\u00e9viter. Plus vous chercherez une v\u00e9rit\u00e9, plus vous aurez cette synarchie aux trousses. Et nous devons \u00eatre frapp\u00e9s d\u2019humilit\u00e9. Je pense qu\u2019\u00e0 tout moment nous devons nous rappeler que nous ne sommes rien : 80 % d\u2019eau\u2026 et quelques sels min\u00e9raux. Mais nous devons aussi nous rappeler que nous sommes un rien qui \u00e9coute.\" \/>\n<meta property=\"og:url\" content=\"https:\/\/www.revue3emillenaire.com\/blog\/lhomme-a-lecoute-du-cosmos-entretien-alfred-a-tomatis-et-christine-hardy\/\" \/>\n<meta property=\"og:site_name\" content=\"3e mill\u00e9naire - Spiritualit\u00e9 - Connaissance de soi - Non-dualit\u00e9 - M\u00e9ditation\" \/>\n<meta property=\"article:published_time\" content=\"2014-04-04T21:55:37+00:00\" \/>\n<meta property=\"og:image\" content=\"https:\/\/www.revue3emillenaire.com\/blog\/wp-content\/uploads\/2014\/03\/alfred-tomatis.jpg\" \/>\n\t<meta property=\"og:image:width\" content=\"130\" \/>\n\t<meta property=\"og:image:height\" content=\"182\" \/>\n\t<meta property=\"og:image:type\" content=\"image\/jpeg\" \/>\n<meta name=\"author\" content=\"3e mill\u00e9naire\" \/>\n<meta name=\"twitter:card\" content=\"summary_large_image\" \/>\n<meta name=\"twitter:label1\" content=\"\u00c9crit par\" \/>\n\t<meta name=\"twitter:data1\" content=\"3e mill\u00e9naire\" \/>\n\t<meta name=\"twitter:label2\" content=\"Dur\u00e9e de lecture estim\u00e9e\" \/>\n\t<meta name=\"twitter:data2\" content=\"40 minutes\" \/>\n<script type=\"application\/ld+json\" class=\"yoast-schema-graph\">{\"@context\":\"https:\/\/schema.org\",\"@graph\":[{\"@type\":\"Article\",\"@id\":\"https:\/\/www.revue3emillenaire.com\/blog\/lhomme-a-lecoute-du-cosmos-entretien-alfred-a-tomatis-et-christine-hardy\/#article\",\"isPartOf\":{\"@id\":\"https:\/\/www.revue3emillenaire.com\/blog\/lhomme-a-lecoute-du-cosmos-entretien-alfred-a-tomatis-et-christine-hardy\/\"},\"author\":{\"name\":\"3e mill\u00e9naire\",\"@id\":\"https:\/\/www.revue3emillenaire.com\/blog\/#\/schema\/person\/9a3a7cc4ccaa707f402d4394327106d5\"},\"headline\":\"L&rsquo;homme \u00e0 l&rsquo;\u00e9coute du cosmos, entretien Alfred A. Tomatis et Christine Hardy\",\"datePublished\":\"2014-04-04T21:55:37+00:00\",\"mainEntityOfPage\":{\"@id\":\"https:\/\/www.revue3emillenaire.com\/blog\/lhomme-a-lecoute-du-cosmos-entretien-alfred-a-tomatis-et-christine-hardy\/\"},\"wordCount\":7920,\"image\":{\"@id\":\"https:\/\/www.revue3emillenaire.com\/blog\/lhomme-a-lecoute-du-cosmos-entretien-alfred-a-tomatis-et-christine-hardy\/#primaryimage\"},\"thumbnailUrl\":\"https:\/\/www.revue3emillenaire.com\/blog\/wp-content\/uploads\/2014\/03\/alfred-tomatis.jpg\",\"keywords\":[\"bible\",\"cabale\",\"\u00c9coute\",\"Oreille\",\"R\u00e9ceptivit\u00e9\"],\"articleSection\":[\"Entretien\/Interview\",\"Hardy Christine\",\"Tomatis Alfred\"],\"inLanguage\":\"fr-FR\"},{\"@type\":\"WebPage\",\"@id\":\"https:\/\/www.revue3emillenaire.com\/blog\/lhomme-a-lecoute-du-cosmos-entretien-alfred-a-tomatis-et-christine-hardy\/\",\"url\":\"https:\/\/www.revue3emillenaire.com\/blog\/lhomme-a-lecoute-du-cosmos-entretien-alfred-a-tomatis-et-christine-hardy\/\",\"name\":\"L'homme \u00e0 l'\u00e9coute du cosmos, entretien Alfred A. Tomatis et Christine Hardy - 3e mill\u00e9naire - Spiritualit\u00e9 - Connaissance de soi - Non-dualit\u00e9 - M\u00e9ditation\",\"isPartOf\":{\"@id\":\"https:\/\/www.revue3emillenaire.com\/blog\/#website\"},\"primaryImageOfPage\":{\"@id\":\"https:\/\/www.revue3emillenaire.com\/blog\/lhomme-a-lecoute-du-cosmos-entretien-alfred-a-tomatis-et-christine-hardy\/#primaryimage\"},\"image\":{\"@id\":\"https:\/\/www.revue3emillenaire.com\/blog\/lhomme-a-lecoute-du-cosmos-entretien-alfred-a-tomatis-et-christine-hardy\/#primaryimage\"},\"thumbnailUrl\":\"https:\/\/www.revue3emillenaire.com\/blog\/wp-content\/uploads\/2014\/03\/alfred-tomatis.jpg\",\"datePublished\":\"2014-04-04T21:55:37+00:00\",\"author\":{\"@id\":\"https:\/\/www.revue3emillenaire.com\/blog\/#\/schema\/person\/9a3a7cc4ccaa707f402d4394327106d5\"},\"breadcrumb\":{\"@id\":\"https:\/\/www.revue3emillenaire.com\/blog\/lhomme-a-lecoute-du-cosmos-entretien-alfred-a-tomatis-et-christine-hardy\/#breadcrumb\"},\"inLanguage\":\"fr-FR\",\"potentialAction\":[{\"@type\":\"ReadAction\",\"target\":[\"https:\/\/www.revue3emillenaire.com\/blog\/lhomme-a-lecoute-du-cosmos-entretien-alfred-a-tomatis-et-christine-hardy\/\"]}]},{\"@type\":\"ImageObject\",\"inLanguage\":\"fr-FR\",\"@id\":\"https:\/\/www.revue3emillenaire.com\/blog\/lhomme-a-lecoute-du-cosmos-entretien-alfred-a-tomatis-et-christine-hardy\/#primaryimage\",\"url\":\"https:\/\/www.revue3emillenaire.com\/blog\/wp-content\/uploads\/2014\/03\/alfred-tomatis.jpg\",\"contentUrl\":\"https:\/\/www.revue3emillenaire.com\/blog\/wp-content\/uploads\/2014\/03\/alfred-tomatis.jpg\",\"width\":\"130\",\"height\":\"182\"},{\"@type\":\"BreadcrumbList\",\"@id\":\"https:\/\/www.revue3emillenaire.com\/blog\/lhomme-a-lecoute-du-cosmos-entretien-alfred-a-tomatis-et-christine-hardy\/#breadcrumb\",\"itemListElement\":[{\"@type\":\"ListItem\",\"position\":1,\"name\":\"Accueil\",\"item\":\"https:\/\/www.revue3emillenaire.com\/blog\/\"},{\"@type\":\"ListItem\",\"position\":2,\"name\":\"L&rsquo;homme \u00e0 l&rsquo;\u00e9coute du cosmos, entretien Alfred A. Tomatis et Christine Hardy\"}]},{\"@type\":\"WebSite\",\"@id\":\"https:\/\/www.revue3emillenaire.com\/blog\/#website\",\"url\":\"https:\/\/www.revue3emillenaire.com\/blog\/\",\"name\":\"3e mill\u00e9naire - Spiritualit\u00e9 - Connaissance de soi - Non-dualit\u00e9 - M\u00e9ditation\",\"description\":\"L&#039;Homme en devenir\",\"potentialAction\":[{\"@type\":\"SearchAction\",\"target\":{\"@type\":\"EntryPoint\",\"urlTemplate\":\"https:\/\/www.revue3emillenaire.com\/blog\/?s={search_term_string}\"},\"query-input\":{\"@type\":\"PropertyValueSpecification\",\"valueRequired\":true,\"valueName\":\"search_term_string\"}}],\"inLanguage\":\"fr-FR\"},{\"@type\":\"Person\",\"@id\":\"https:\/\/www.revue3emillenaire.com\/blog\/#\/schema\/person\/9a3a7cc4ccaa707f402d4394327106d5\",\"name\":\"3e mill\u00e9naire\",\"url\":\"https:\/\/www.revue3emillenaire.com\/blog\/author\/admin\/\"}]}<\/script>\n<!-- \/ Yoast SEO plugin. -->","yoast_head_json":{"title":"L'homme \u00e0 l'\u00e9coute du cosmos, entretien Alfred A. Tomatis et Christine Hardy - 3e mill\u00e9naire - Spiritualit\u00e9 - Connaissance de soi - Non-dualit\u00e9 - M\u00e9ditation","robots":{"index":"index","follow":"follow","max-snippet":"max-snippet:-1","max-image-preview":"max-image-preview:large","max-video-preview":"max-video-preview:-1"},"canonical":"https:\/\/www.revue3emillenaire.com\/blog\/lhomme-a-lecoute-du-cosmos-entretien-alfred-a-tomatis-et-christine-hardy\/","og_locale":"fr_FR","og_type":"article","og_title":"L'homme \u00e0 l'\u00e9coute du cosmos, entretien Alfred A. Tomatis et Christine Hardy - 3e mill\u00e9naire - Spiritualit\u00e9 - Connaissance de soi - Non-dualit\u00e9 - M\u00e9ditation","og_description":"Pour moi, je crois que nous sommes en train de d\u00e9velopper d\u00e9lib\u00e9r\u00e9ment une psychologie de la haine, qui est \u00e0 l\u2019inverse de la progression et ceci au b\u00e9n\u00e9fice de quelqu\u2019un. Ce quelqu\u2019un, c\u2019est une m\u00eame synarchie qui dirige tout \u00e0 l\u2019envers. Les gens n\u2019arrivent jamais \u00e0 atteindre un plan assez haut pour se rendre compte que celui qui suscite les guerres militaires, de religion ou de partis fait partie d\u2019une m\u00eame synarchie. Et notre travail c\u2019est de l\u2019\u00e9viter. Plus vous chercherez une v\u00e9rit\u00e9, plus vous aurez cette synarchie aux trousses. Et nous devons \u00eatre frapp\u00e9s d\u2019humilit\u00e9. Je pense qu\u2019\u00e0 tout moment nous devons nous rappeler que nous ne sommes rien : 80 % d\u2019eau\u2026 et quelques sels min\u00e9raux. Mais nous devons aussi nous rappeler que nous sommes un rien qui \u00e9coute.","og_url":"https:\/\/www.revue3emillenaire.com\/blog\/lhomme-a-lecoute-du-cosmos-entretien-alfred-a-tomatis-et-christine-hardy\/","og_site_name":"3e mill\u00e9naire - Spiritualit\u00e9 - Connaissance de soi - Non-dualit\u00e9 - M\u00e9ditation","article_published_time":"2014-04-04T21:55:37+00:00","og_image":[{"width":130,"height":182,"url":"https:\/\/www.revue3emillenaire.com\/blog\/wp-content\/uploads\/2014\/03\/alfred-tomatis.jpg","type":"image\/jpeg"}],"author":"3e mill\u00e9naire","twitter_card":"summary_large_image","twitter_misc":{"\u00c9crit par":"3e mill\u00e9naire","Dur\u00e9e de lecture estim\u00e9e":"40 minutes"},"schema":{"@context":"https:\/\/schema.org","@graph":[{"@type":"Article","@id":"https:\/\/www.revue3emillenaire.com\/blog\/lhomme-a-lecoute-du-cosmos-entretien-alfred-a-tomatis-et-christine-hardy\/#article","isPartOf":{"@id":"https:\/\/www.revue3emillenaire.com\/blog\/lhomme-a-lecoute-du-cosmos-entretien-alfred-a-tomatis-et-christine-hardy\/"},"author":{"name":"3e mill\u00e9naire","@id":"https:\/\/www.revue3emillenaire.com\/blog\/#\/schema\/person\/9a3a7cc4ccaa707f402d4394327106d5"},"headline":"L&rsquo;homme \u00e0 l&rsquo;\u00e9coute du cosmos, entretien Alfred A. Tomatis et Christine Hardy","datePublished":"2014-04-04T21:55:37+00:00","mainEntityOfPage":{"@id":"https:\/\/www.revue3emillenaire.com\/blog\/lhomme-a-lecoute-du-cosmos-entretien-alfred-a-tomatis-et-christine-hardy\/"},"wordCount":7920,"image":{"@id":"https:\/\/www.revue3emillenaire.com\/blog\/lhomme-a-lecoute-du-cosmos-entretien-alfred-a-tomatis-et-christine-hardy\/#primaryimage"},"thumbnailUrl":"https:\/\/www.revue3emillenaire.com\/blog\/wp-content\/uploads\/2014\/03\/alfred-tomatis.jpg","keywords":["bible","cabale","\u00c9coute","Oreille","R\u00e9ceptivit\u00e9"],"articleSection":["Entretien\/Interview","Hardy Christine","Tomatis Alfred"],"inLanguage":"fr-FR"},{"@type":"WebPage","@id":"https:\/\/www.revue3emillenaire.com\/blog\/lhomme-a-lecoute-du-cosmos-entretien-alfred-a-tomatis-et-christine-hardy\/","url":"https:\/\/www.revue3emillenaire.com\/blog\/lhomme-a-lecoute-du-cosmos-entretien-alfred-a-tomatis-et-christine-hardy\/","name":"L'homme \u00e0 l'\u00e9coute du cosmos, entretien Alfred A. Tomatis et Christine Hardy - 3e mill\u00e9naire - Spiritualit\u00e9 - Connaissance de soi - Non-dualit\u00e9 - M\u00e9ditation","isPartOf":{"@id":"https:\/\/www.revue3emillenaire.com\/blog\/#website"},"primaryImageOfPage":{"@id":"https:\/\/www.revue3emillenaire.com\/blog\/lhomme-a-lecoute-du-cosmos-entretien-alfred-a-tomatis-et-christine-hardy\/#primaryimage"},"image":{"@id":"https:\/\/www.revue3emillenaire.com\/blog\/lhomme-a-lecoute-du-cosmos-entretien-alfred-a-tomatis-et-christine-hardy\/#primaryimage"},"thumbnailUrl":"https:\/\/www.revue3emillenaire.com\/blog\/wp-content\/uploads\/2014\/03\/alfred-tomatis.jpg","datePublished":"2014-04-04T21:55:37+00:00","author":{"@id":"https:\/\/www.revue3emillenaire.com\/blog\/#\/schema\/person\/9a3a7cc4ccaa707f402d4394327106d5"},"breadcrumb":{"@id":"https:\/\/www.revue3emillenaire.com\/blog\/lhomme-a-lecoute-du-cosmos-entretien-alfred-a-tomatis-et-christine-hardy\/#breadcrumb"},"inLanguage":"fr-FR","potentialAction":[{"@type":"ReadAction","target":["https:\/\/www.revue3emillenaire.com\/blog\/lhomme-a-lecoute-du-cosmos-entretien-alfred-a-tomatis-et-christine-hardy\/"]}]},{"@type":"ImageObject","inLanguage":"fr-FR","@id":"https:\/\/www.revue3emillenaire.com\/blog\/lhomme-a-lecoute-du-cosmos-entretien-alfred-a-tomatis-et-christine-hardy\/#primaryimage","url":"https:\/\/www.revue3emillenaire.com\/blog\/wp-content\/uploads\/2014\/03\/alfred-tomatis.jpg","contentUrl":"https:\/\/www.revue3emillenaire.com\/blog\/wp-content\/uploads\/2014\/03\/alfred-tomatis.jpg","width":"130","height":"182"},{"@type":"BreadcrumbList","@id":"https:\/\/www.revue3emillenaire.com\/blog\/lhomme-a-lecoute-du-cosmos-entretien-alfred-a-tomatis-et-christine-hardy\/#breadcrumb","itemListElement":[{"@type":"ListItem","position":1,"name":"Accueil","item":"https:\/\/www.revue3emillenaire.com\/blog\/"},{"@type":"ListItem","position":2,"name":"L&rsquo;homme \u00e0 l&rsquo;\u00e9coute du cosmos, entretien Alfred A. Tomatis et Christine Hardy"}]},{"@type":"WebSite","@id":"https:\/\/www.revue3emillenaire.com\/blog\/#website","url":"https:\/\/www.revue3emillenaire.com\/blog\/","name":"3e mill\u00e9naire - Spiritualit\u00e9 - Connaissance de soi - Non-dualit\u00e9 - M\u00e9ditation","description":"L&#039;Homme en devenir","potentialAction":[{"@type":"SearchAction","target":{"@type":"EntryPoint","urlTemplate":"https:\/\/www.revue3emillenaire.com\/blog\/?s={search_term_string}"},"query-input":{"@type":"PropertyValueSpecification","valueRequired":true,"valueName":"search_term_string"}}],"inLanguage":"fr-FR"},{"@type":"Person","@id":"https:\/\/www.revue3emillenaire.com\/blog\/#\/schema\/person\/9a3a7cc4ccaa707f402d4394327106d5","name":"3e mill\u00e9naire","url":"https:\/\/www.revue3emillenaire.com\/blog\/author\/admin\/"}]}},"_links":{"self":[{"href":"https:\/\/www.revue3emillenaire.com\/blog\/wp-json\/wp\/v2\/posts\/15641","targetHints":{"allow":["GET"]}}],"collection":[{"href":"https:\/\/www.revue3emillenaire.com\/blog\/wp-json\/wp\/v2\/posts"}],"about":[{"href":"https:\/\/www.revue3emillenaire.com\/blog\/wp-json\/wp\/v2\/types\/post"}],"author":[{"embeddable":true,"href":"https:\/\/www.revue3emillenaire.com\/blog\/wp-json\/wp\/v2\/users\/1"}],"replies":[{"embeddable":true,"href":"https:\/\/www.revue3emillenaire.com\/blog\/wp-json\/wp\/v2\/comments?post=15641"}],"version-history":[{"count":0,"href":"https:\/\/www.revue3emillenaire.com\/blog\/wp-json\/wp\/v2\/posts\/15641\/revisions"}],"wp:featuredmedia":[{"embeddable":true,"href":"https:\/\/www.revue3emillenaire.com\/blog\/wp-json\/wp\/v2\/media\/15648"}],"wp:attachment":[{"href":"https:\/\/www.revue3emillenaire.com\/blog\/wp-json\/wp\/v2\/media?parent=15641"}],"wp:term":[{"taxonomy":"category","embeddable":true,"href":"https:\/\/www.revue3emillenaire.com\/blog\/wp-json\/wp\/v2\/categories?post=15641"},{"taxonomy":"post_tag","embeddable":true,"href":"https:\/\/www.revue3emillenaire.com\/blog\/wp-json\/wp\/v2\/tags?post=15641"}],"curies":[{"name":"wp","href":"https:\/\/api.w.org\/{rel}","templated":true}]}}