{"id":16151,"date":"2014-05-21T21:20:27","date_gmt":"2014-05-21T20:20:27","guid":{"rendered":"http:\/\/www.revue3emillenaire.com\/blog\/?p=16151"},"modified":"2014-05-21T21:20:27","modified_gmt":"2014-05-21T20:20:27","slug":"le-christianisme-originel-et-lheresie-romaine-par-pierre-dangkor","status":"publish","type":"post","link":"https:\/\/www.revue3emillenaire.com\/blog\/le-christianisme-originel-et-lheresie-romaine-par-pierre-dangkor\/","title":{"rendered":"Le Christianisme originel et l&rsquo;h\u00e9r\u00e9sie romaine par Pierre D&rsquo;Angkor"},"content":{"rendered":"<p>(Extrait de <em>La lettre et L&rsquo;esprit<\/em>. \u00c9dition \u00catre Libre 1960)<\/p>\n<p><span style=\"font-family: Times New Roman,serif;\">Les paroles de J\u00e9sus s&rsquo;adressent-elles aux docteurs seulement, charg\u00e9s de les interpr\u00e9ter, ou \u00e0 tous les fid\u00e8les ?<\/span><\/p>\n<p align=\"justify\"><span style=\"font-family: Times New Roman,serif;\">Rome, en d\u00e9pit de l&rsquo;\u00e9vidente bonne foi, de l&rsquo;\u00e9clat m\u00eame et du m\u00e9rite de ses Pontifes, peut-elle pr\u00e9tendre \u00e0 \u00eatre la v\u00e9ritable \u00c9glise catholique, universelle, telle que la pens\u00e9e du Christ en avait con\u00e7u l&rsquo;image ? Ne serait-elle pas au contraire une construction tr\u00e8s humaine, greff\u00e9e par des hommes faillibles sur la cr\u00e9ation id\u00e9ale de leur Ma\u00eetre ? Cette \u00c9glise, si elle a d\u00e9velopp\u00e9 vigoureusement ses rameaux verdoyants sur le monde entier, et prosp\u00e9r\u00e9 durant tant de si\u00e8cles, le doit aux m\u00e9rites insignes de ses saints, \u00e0 la pi\u00e9t\u00e9 sinc\u00e8re de ses fid\u00e8les, \u00e0 l&rsquo;ardeur de foi de ses pros\u00e9lytes, bref \u00e0 tout ce psychisme int\u00e9rieur qui, dans son d\u00e9veloppe\u00adment effectif, a pr\u00e9valu en importance sur les errements doctrinaux de ses Pontifes. La sinc\u00e9rit\u00e9 de la croyance et la puret\u00e9 de la conduite se sont ainsi montr\u00e9s plus efficaces dans la vitalit\u00e9 profonde de la religion que les dogmatismes toujours faillibles de l&rsquo;intellect humain et le formalisme rituel ext\u00e9rieur pr\u00e9tendant les traduire\u00a0; plus efficaces m\u00eame que les d\u00e9faillances individuelles de ses membres, imputables \u00e0 la seule faiblesse humaine. En fait, nous nous trouvons ici devant un ph\u00e9nom\u00e8ne de caract\u00e8re social et non devant un ph\u00e9nom\u00e8ne de l&rsquo;ordre surnaturel. La p\u00e9rennit\u00e9 apparente de l\u2019\u00c9glise n&rsquo;est pas un miracle mais un ph\u00e9nom\u00e8ne de psycho\u00adlogie collective, la vitalit\u00e9 des religions dans le temps \u00e9tant toujours fonction naturelle de leur dynamisme int\u00e9rieur, c&rsquo;est-\u00e0-dire de l&rsquo;accumulation psychique des pens\u00e9es, des senti\u00adments de foi et des ardeurs de leurs fid\u00e8les respectifs.<\/span><\/p>\n<p align=\"justify\"><span style=\"font-family: Times New Roman,serif;\">Je dis donc que Rome \u2013 sa bonne foi n&rsquo;\u00e9tant pas en question \u2013 a m\u00e9connu dans sa doctrine traditionnelle l&rsquo;enseignement originel et formel de son Ma\u00eetre. Depuis dix-sept si\u00e8cles, en effet, \u2013 depuis le concile de Nic\u00e9e \u2013 elle a promulgu\u00e9 une s\u00e9rie de d\u00e9finitions dogmatiques, h\u00e9r\u00e9tiques au premier chef, puisqu&rsquo;elles allaient directement \u00e0 l&rsquo;encontre du sens obvie des paroles que l&rsquo;\u00c9vangile pr\u00eate au grand Ma\u00eetre Chr\u00e9tien. Et l&rsquo;h\u00e9r\u00e9sie qui fut ainsi officiellement pro\u00adclam\u00e9e et impos\u00e9e \u00e0 la foi commune par une longue suite de conciles, appara\u00eet avec un caract\u00e8re d&rsquo;autant plus grave qu&rsquo;elle porte sur le dogme le plus fondamental de la religion, la divinit\u00e9 de J\u00e9sus, du moins dans le sens o\u00f9 elle fut d\u00e9finie par l&rsquo;autorit\u00e9 eccl\u00e9siastique, et impos\u00e9e aux fid\u00e8les sous menace de damnation pour qui ne voudrait l&rsquo;admettre.<\/span><\/p>\n<p align=\"justify\"><span style=\"font-family: Times New Roman,serif;\">Aux dires des \u00c9vangiles, J\u00e9sus se disait \u00ab fils de Dieu \u00bb, \u00ab\u00a0un avec Dieu \u00bb, et nous verrons le sens pr\u00e9cis qu&rsquo;il donnait lui-m\u00eame \u00e0 ces expressions. Mais jamais il n&rsquo;a donn\u00e9 sa per\u00adsonne pour Dieu-le-Fils, Fils unique, \u00e9gal et consubstantiel au P\u00e8re, ainsi que le proclama le Concile de Nic\u00e9e. Maintes fois au contraire, il se d\u00e9fendit formellement d&rsquo;\u00eatre Dieu au sens de l&rsquo;orthodoxie Nic\u00e9enne. Ses d\u00e9clarations \u00e0 cet \u00e9gard sont explicites : \u00ab\u00a0N&rsquo;appelez personne sur la terre votre P\u00e8re, un seul est votre P\u00e8re qui est dans les Cieux \u00bb. Et au disciple qui l&rsquo;appelait \u00ab\u00a0Bon Ma\u00eetre\u00a0\u00bb, il objecte : \u00ab\u00a0Pourquoi m&rsquo;appelles-tu bon ? Il n&rsquo;y a de bon que Dieu seul \u00bb. Sans cesse, il r\u00e9p\u00e8te\u00a0: \u00ab\u00a0Je ne fais pas ma volont\u00e9, mais la volont\u00e9 de Celui qui m&rsquo;a envoy\u00e9. Au cours de son agonie au mont des Oliviers, il prie son P\u00e8re pour que ce Calice s&rsquo;\u00e9loigne de lui, mais ajoute aussit\u00f4t : \u00ab\u00a0que votre Volont\u00e9 soit faite et non la mienne \u00bb. Quelle subtilit\u00e9 th\u00e9ologique oppose ici la volont\u00e9 du P\u00e8re \u00e0 celle du Fils, s&rsquo;ils ne font qu&rsquo;un seul Dieu ? <a id=\"Y1\" href=\"#X1\">[1]<\/a>.<\/span><\/p>\n<p align=\"justify\"><span style=\"font-family: Times New Roman,serif;\">Apr\u00e8s de nombreux conciles, r\u00e9unis pour confondre les h\u00e9r\u00e9\u00adtiques, l\u2019\u00c9glise d\u00e9finit dans le Christ une dualit\u00e9 de natures \u2013 et partant de volont\u00e9s \u2013 dans l&rsquo;unit\u00e9 de la personne. Il en r\u00e9sulte que c&rsquo;est la personne de J\u00e9sus qui est proclam\u00e9e \u00e0 la fois divine et humaine. Mais il est de fait que J\u00e9sus ne se reconnut jamais personne divine. Autrement, il nous eut enjoint de le prier lui-m\u00eame. Mais non, il nous dit que pour prier Dieu, chacun doit rentrer dans sa demeure, c&rsquo;est-\u00e0-dire en soi-m\u00eame, et prier le P\u00e8re c\u00e9leste qui est dans le secret. Et lui-m\u00eame nous sugg\u00e8re la formule appropri\u00e9e : \u00ab\u00a0Notre P\u00e8re qui \u00eates aux Cieux&#8230; \u00bb Il ne nous dit pas non plus : \u00ab\u00a0Soyez parfait comme je suis parfait \u00bb, mais \u00ab\u00a0comme votre P\u00e8re c\u00e9leste est parfait \u00bb.<\/span><\/p>\n<p align=\"justify\"><span style=\"font-family: Times New Roman,serif;\">Unit\u00e9 de la personne du Christ et dualit\u00e9 de natures ? Comment la personne unique du Christ pourrait-elle concilier en elle deux natures irr\u00e9ductibles, sans aucun rapport mutuel, la divine et l&rsquo;humaine ? Comment pourrait-il \u00eatre \u00e0 la fois Dieu et subir en m\u00eame temps, sans pouvoir r\u00e9agir, les d\u00e9fail\u00adlances qui le rapprochent d&rsquo;une mani\u00e8re si \u00e9mouvante, si path\u00e9tique, de notre humaine faiblesse ? \u00ab\u00a0Mon \u00e2me est triste jusqu&rsquo;\u00e0 la mort \u00bb, dit-il, et sur la croix, il \u00e9met cette plainte supr\u00eame : \u00ab\u00a0Mon Dieu, mon Dieu, pourquoi m&rsquo;avez-vous abandonn\u00e9 ? \u00bb Un tel cri d&rsquo;angoisse ne pouvait \u00eatre pouss\u00e9 par Dieu fait homme, qui ne pouvait douter de Lui-m\u00eame, mais par un homme, messager de Dieu\u00a0; non par Dieu le Fils, deuxi\u00e8me Personne de la Ste-Trinit\u00e9, mais par un \u00ab\u00a0fils de Dieu\u00a0\u00bb, un envoy\u00e9 divin, que le crime des hommes faisait mourir ignominieusement sur la croix.<\/span><\/p>\n<p align=\"justify\"><span style=\"font-family: Times New Roman,serif;\">Mais que signifie alors cette expression \u00ab\u00a0fils de Dieu \u00bb que J\u00e9sus se donnait \u00e0 lui-m\u00eame ? Au surplus, ne se proclama-t-il pas aussi \u00ab\u00a0un avec son P\u00e8re\u00a0\u00bb ?<\/span><\/p>\n<p align=\"justify\"><span style=\"font-family: Times New Roman,serif;\">Oui, mais l&rsquo;on sait que l&rsquo;unification avec Dieu est l&rsquo;aspi\u00adration commune \u00e0 tous les vrais mystiques, le but supr\u00eame poursuivi par eux \u00e0 toutes les \u00e9poques et sous tous les climats religieux. J\u00e9sus l&rsquo;avait r\u00e9alis\u00e9, mais n&rsquo;entendait nullement que soit r\u00e9serv\u00e9e \u00e0 lui seul une divinisation \u00e0 laquelle, dit-il, sont appel\u00e9s tous les hommes, si l&rsquo;on s&rsquo;en rapporte \u00e0 la sublime pri\u00e8re qu&rsquo;il adresse \u00e0 son P\u00e8re. Sans doute, il dit : \u00ab Mon P\u00e8re et moi nous sommes un \u00bb, et \u00ab Qui me voit, voit aussi mon P\u00e8re \u00bb. Mais il a pris soin de proclamer qu&rsquo;un tel \u00e9tat est accessible \u00e0 tous, peut \u00eatre atteint par tout homme, et il prie Dieu pour ce retour de tous \u00e0 l&rsquo;Unit\u00e9 : \u00ab Comme Toi, mon P\u00e8re, tu es en moi et moi en toi, qu&rsquo;ainsi eux aussi soient un en nous \u00bb (St-Jean).<\/span><\/p>\n<p align=\"justify\"><span style=\"font-family: Times New Roman,serif;\">Quant \u00e0 l&rsquo;expression \u00ab fils de Dieu \u00bb, par laquelle il s&rsquo;est d\u00e9sign\u00e9, il prit soin \u00e9galement devant l&rsquo;indignation scandaleuse des Pharisiens, de pr\u00e9ciser le sens all\u00e9go\u00adrique qu&rsquo;il donnait \u00e0 l&rsquo;expression en rappelant \u00e0 ses interlo\u00adcuteurs leurs propres \u00c9critures, o\u00f9 il est \u00e9crit : \u00ab Vous \u00eates des Dieux, vous \u00eates tous des Fils du Tr\u00e8s-Haut \u00bb (Ps. 81, 6). Pas de diff\u00e9rence essentielle donc entre les hommes et lui. Tous sont pareillement appel\u00e9s, et sont \u00ab fils de Dieu \u00bb ceux qui r\u00e9pondent en eux \u00e0 cet appel divin. Nous sommes tous de \u00ab\u00a0race divine \u00bb, a dit St-Paul apr\u00e8s Pythagore et les Sages de l&rsquo;Inde, et J\u00e9sus, \u00ab fils de Dieu \u00bb est r\u00e9ellement le \u00ab fr\u00e8re a\u00een\u00e9 \u00bb des hommes. \u00ab Pourquoi donc, conclut le grand Ma\u00eetre Chr\u00e9tien, dites-vous que je blasph\u00e8me, moi, que mon P\u00e8re a sanctifi\u00e9 et envoy\u00e9 dans le monde, parce que j&rsquo;ai dit : \u00ab Je suis le Fils de Dieu \u00bb ? (St-Jean X, 33-36). Mais toujours aussi il se d\u00e9fend d&rsquo;\u00eatre l&rsquo;\u00e9gal de Dieu : \u00ab Mon P\u00e8re est plus grand que moi \u00bb, r\u00e9p\u00e8te-t-il (Jean XIV, 28). Mais les th\u00e9olo\u00adgiens de Nic\u00e9e prirent cette expression \u00ab fils de Dieu \u00bb au pied de la lettre, c&rsquo;est-\u00e0-dire en son sens propre et litt\u00e9ral. J\u00e9sus ne fut plus consid\u00e9r\u00e9 d\u00e8s lors comme un \u00ab fils de Dieu \u00bb au sens all\u00e9gorique, o\u00f9 il l&rsquo;entendait lui-m\u00eame, mais comme le Fils unique du P\u00e8re, la deuxi\u00e8me Personne de la Trinit\u00e9 divine, incarn\u00e9e en sa seule personne.<\/span><\/p>\n<p align=\"justify\"><span style=\"font-family: Times New Roman,serif;\">Comment une telle majoration de la personne du Christ fut-elle possible ? Comment l&rsquo;h\u00e9r\u00e9sie prit-elle naissance ?<\/span><\/p>\n<p align=\"justify\"><span style=\"font-family: Times New Roman,serif;\">Par suite de l&rsquo;acceptation par la primitive \u00c9glise de la doctrine Paulinienne sur la nature du Christ. La plus grande incertitude en effet r\u00e9gnait en ce moment \u00e0 cet \u00e9gard, je l&rsquo;ai dit, parmi les premiers chr\u00e9tiens juifs, encore tout d\u00e9sorient\u00e9s par les \u00e9v\u00e9nements tragiques du Calvaire et qui discutaient \u00e0 perte de vue sur leur signification et la port\u00e9e exacte qu&rsquo;il fallait leur accorder. La mort ignominieuse de leur Ma\u00eetre v\u00e9n\u00e9r\u00e9 et ses apparitions apr\u00e8s sa mort troublaient les esprits, et certains proposaient des explications naturelles, scanda\u00adlisant ceux qui, au contraire, transposaient le tout sur le plan surnaturel et miraculeux. C&rsquo;est \u00e0 ce moment que survint St-Paul, apr\u00e8s sa conversion sur le chemin de Damas. Pour bien comprendre la doctrine de St-Paul, il faut ne pas perdre de vue que l&rsquo;Ap\u00f4tre \u00e9tait un Juif convaincu, avec la foi et les pr\u00e9jug\u00e9s de sa race, prenant \u00e0 la lettre le mythe all\u00e9go\u00adrique du p\u00e9ch\u00e9 originel et du messie r\u00e9dempteur, promis par les \u00c9critures. D&rsquo;autre part, attir\u00e9 par les doctrines d&rsquo;Alexan\u00addrie, relatives au Logos (Verbe), il eut \u00e0 les concilier avec le fait du Christ qui lui fut r\u00e9v\u00e9l\u00e9. Pour St-Paul donc, le Logos cr\u00e9ateur, \u00ab per quem omnia facta sunt \u00bb, est le Fils unique du P\u00e8re, c&rsquo;est-\u00e0-dire la Puissance cr\u00e9atrice de Dieu manifest\u00e9e dans la Cr\u00e9ation toute enti\u00e8re et qui s&rsquo;incarna dans l&rsquo;homme J\u00e9sus pour la r\u00e9demption du genre humain. St-Paul consid\u00e9rait que si le Verbe \u00e9tait incarn\u00e9 en J\u00e9sus, Il \u00e9tait aussi bien potentiel, latent, en tout homme, car, comme le dit St-Jean, interpr\u00e8te de la doctrine Paulinienne : \u00ab il est la Lumi\u00e8re qui \u00e9claire tout homme venant en ce monde \u00bb, mais cette lumi\u00e8re, ajoute l&rsquo;\u00e9vang\u00e9liste, l&rsquo;homme ne la per\u00e7oit pas en lui, parce que ses propres \u00ab t\u00e9n\u00e8bres \u00bb \u2013 les ombres du \u00ab\u00a0Moi \u00bb \u2013 lui en masquent l&rsquo;\u00e9clat. L&rsquo;homme ordinaire ne per\u00e7oit donc pas en lui cette \u00e9tincelle du Verbe cosmique, son Moi divin, qu&rsquo;enrobe son \u00e2me immortelle, et qui est voil\u00e9 au tr\u00e9fonds de lui-m\u00eame, tandis que J\u00e9sus, percevant en Lui ce Principe divin, \u00e9tait donc bien en ce sens un \u00ab Fils de Dieu \u00bb. Mais ce Principe cach\u00e9 luit en tout homme et voil\u00e0 pourquoi l&rsquo;ap\u00f4tre nous dit que chacun doit atteindre \u00ab \u00e0 la stature parfaite du Christ \u00bb ; voil\u00e0 pourquoi il nous dit aussi cette parole, \u00e0 premi\u00e8re vue si \u00e9trange, que \u00ab s&rsquo;il a connu Christ selon la chair \u00bb, il ne le conna\u00eet plus de cette mani\u00e8re \u00bb. Ailleurs encore, il s&rsquo;\u00e9crie : \u00ab Ce n&rsquo;est plus moi qui vis, c&rsquo;est Christ qui vit en moi ! \u00bb Par l\u00e0, il n&rsquo;entend \u00e9videmment pas la personne historique de J\u00e9sus, mais cette \u00c9tincelle du Verbe divin qui brillait en J\u00e9sus et qu&rsquo;il voit \u00e0 pr\u00e9sent briller en lui-m\u00eame, comme en tout homme, malgr\u00e9 leur aveuglement.<\/span><\/p>\n<p align=\"justify\"><span style=\"font-family: Times New Roman,serif;\">Tous les ex\u00e9g\u00e8tes ind\u00e9pendants ont reconnu qu&rsquo;apr\u00e8s la conversion de l&rsquo;Ap\u00f4tre des Gentils, l&rsquo;hell\u00e9no-christianisme se substitua au jud\u00e9o-christianisme primitif. \u00c0 cette \u00e9poque, en effet, l&rsquo;\u00e9cole juive d&rsquo;Alexandrie, illustr\u00e9e par son plus c\u00e9l\u00e8bre philosophe, Philon d&rsquo;Alexandrie (vers l&rsquo;an 20 de notre \u00e8re), jetait le plus vif \u00e9clat. Philon avait pris \u00e0 Platon son id\u00e9e du Logos, l&rsquo;avait concili\u00e9 et identifi\u00e9 avec le Logos cr\u00e9ateur et croyait au Messie r\u00e9dempteur attendu par les Juifs, au point que certains prirent ce philosophe pour un philosophe Chr\u00e9tien. St-Paul, fortement imbu de ces id\u00e9es, les appliqua tout naturellement \u00e0 J\u00e9sus, apr\u00e8s son illumination sur le chemin de Damas. Et, d\u00e8s lors, J\u00e9sus ne fut plus seule\u00adment le Messie-homme, envoy\u00e9 par Dieu, comme il l&rsquo;\u00e9tait pour ses premiers disciples, mais devint bien vite, par l&rsquo;effet d&rsquo;une majoration progressivement accrue par l&rsquo;exaltation de la d\u00e9votion populaire, l&rsquo;incarnation unique du Verbe cos\u00admique. Les \u00c9vang\u00e9listes refl\u00e8tent cette transformation du Christianisme jud\u00e9o-chr\u00e9tien, sous l&rsquo;influence des id\u00e9es Pauli\u00adniennes, principalement celui selon St-Jean. N\u00e9anmoins, les \u00c9critures conservent encore quelques traces qui subsistent de la croyance primitive. Certains passages demeurent qui sont comme un vestige d&rsquo;une doctrine oubli\u00e9e, p\u00e9rim\u00e9e, d\u00e9pass\u00e9e. C&rsquo;est ainsi que dans les \u00ab Actes des Ap\u00f4tres \u00bb (II, 22-24), St-Pierre, parlant aux Juifs, leur dit : \u00ab Vous savez que J\u00e9sus de Nazareth a \u00e9t\u00e9 un homme que Dieu a rendu c\u00e9l\u00e8bre parmi vous par les merveilles, les prodiges, les miracles qu&rsquo;il a accomplis&#8230; \u00bb Et apr\u00e8s avoir rappel\u00e9, selon la th\u00e8se juive du Messie r\u00e9dempteur, que c&rsquo;est \u00ab par un ordre expr\u00e8s de la Volont\u00e9 de Dieu et un d\u00e9cret de sa prescience \u00bb que J\u00e9sus fut livr\u00e9 \u00e0 ses ennemis qui le firent mourir sur la croix, l&rsquo;ap\u00f4tre ajoute : \u00ab mais Dieu l&rsquo;a ressuscit\u00e9, ne voulant pas qu&rsquo;il fut retenu dans les douleurs de l&rsquo;enfer <a id=\"Y2\" href=\"#X2\">[2]<\/a>. C&rsquo;est Dieu qui l&rsquo;a ressuscit\u00e9, dit St-Pierre. Et resurrexit tertia die\u00a0; il s&rsquo;est ressuscit\u00e9 lui-m\u00eame, par sa propre puissance, proclame le Credo de Nic\u00e9e. Toute la majoration de la personne de J\u00e9sus est ici inscrite dans les textes. C&rsquo;est ce que j&rsquo;ai appel\u00e9 le passage du premier au second \u00e9tat de la conscience Chr\u00e9\u00adtienne.<\/span><\/p>\n<p align=\"justify\"><span style=\"font-family: Times New Roman,serif;\">D&rsquo;autre part, St-Paul nous parle de J\u00e9sus comme d&rsquo;une personne humaine ayant incarn\u00e9 la Nature divine du Verbe. C&rsquo;est le Verbe qui \u00e9tant \u00ab en forme de Dieu \u00bb s&rsquo;est montr\u00e9 \u00ab en forme d&rsquo;esclave \u00bb, c&rsquo;est-\u00e0-dire en la personne mortelle de J\u00e9sus, dit-il. Apr\u00e8s le drame du Calvaire, la personne humaine de J\u00e9sus est morte (voil\u00e0 pourquoi St-Paul dit : \u00ab si j&rsquo;ai connu le Christ selon la chair, je ne le connais plus de cette mani\u00e8re) ; seule subsiste la Personne divine du Verbe (Nestorius donc avait raison). Le Concile de <\/span><span style=\"font-family: Times New Roman,serif;\">Calc\u00e9doine<\/span><span style=\"font-family: Times New Roman,serif;\"> proclama au contraire que J\u00e9sus est la Personne divine du Verbe, ayant rev\u00eatu la nature humaine. Ici aussi donc les textes montrent le passage du deuxi\u00e8me au troisi\u00e8me \u00e9tat de la croyance.<\/span><\/p>\n<p align=\"justify\"><span style=\"font-family: Times New Roman,serif;\">Si donc l\u2019\u00c9glise primitive assimila la doctrine de St-Paul, est-il certain, pour autant, qu&rsquo;elle l&rsquo;ait bien comprise ? Bien plus, cette doctrine, l&rsquo;Ap\u00f4tre lui-m\u00eame l&rsquo;a-t-il formul\u00e9e, explicit\u00e9e enti\u00e8rement, litt\u00e9ralement, dans ses \u00e9p\u00eetres aux <\/span><span style=\"font-family: Times New Roman,serif;\">\u00c9glises<\/span><span style=\"font-family: Times New Roman,serif;\"> ? Certainement non. Toujours, en effet, il pr\u00e9sente le fait Chr\u00e9tien \u00e0 ses correspondants comme un myst\u00e8re cach\u00e9 \u00e0 tous les \u00e2ges, myst\u00e8re qu&rsquo;il se refuse encore \u00e9nergi\u00adquement \u00e0 leur d\u00e9voiler. C&rsquo;est ainsi qu&rsquo;il \u00e9crit \u00e0 <\/span><span style=\"font-family: Times New Roman,serif;\">l\u2019\u00c9glise<\/span><span style=\"font-family: Times New Roman,serif;\"> de Corinthe, form\u00e9e pourtant de Chr\u00e9tiens baptis\u00e9s et confirm\u00e9s dans la foi, qu&rsquo;il ne peut leur r\u00e9v\u00e9ler le myst\u00e8re Chr\u00e9tien, que, seuls, peuvent conna\u00eetre, dit-il, les \u00ab parfaits \u00bb, c&rsquo;est-\u00e0-dire les \u00ab initi\u00e9s \u00bb, parce qu&rsquo;ils sont, eux, Chr\u00e9tiens de Corinthe, encore \u00ab trop petits enfants dans la foi \u00bb, et qu&rsquo;on ne peut leur donner d\u00e8s lors \u00ab que du lait et non des viandes solides \u00bb. Il y a donc ici dans l&rsquo;enseignement de St-Paul une gnose, tout un \u00e9sot\u00e9risme sous-entendu. D&rsquo;autre part, comme cet enseignement donn\u00e9 par l&rsquo;ap\u00f4tre ne diff\u00e8re pas, litt\u00e9ra\u00adlement parlant, de la foi Chr\u00e9tienne, traditionnelle, on doit bien conclure que celle-ci aussi n&rsquo;a qu&rsquo;un sens all\u00e9gorique d&rsquo;une signification plus profonde, ignor\u00e9e ou rejet\u00e9e par <\/span><span style=\"font-family: Times New Roman,serif;\">l\u2019\u00c9glise<\/span><span style=\"font-family: Times New Roman,serif;\">, ou les <\/span><span style=\"font-family: Times New Roman,serif;\">\u00c9glises<\/span><span style=\"font-family: Times New Roman,serif;\"> Chr\u00e9tiennes <a id=\"Y3\" href=\"#X3\">[3]<\/a>. Quoiqu&rsquo;il en soit, St-Paul nous pr\u00e9sente <\/span><span style=\"font-family: Times New Roman,serif;\">l\u2019\u00c9vangile<\/span><span style=\"font-family: Times New Roman,serif;\"> nouveau, \u00e0 l&rsquo;instar des Mys\u00adt\u00e8res du paganisme, comme un myst\u00e8re initiatique, c&rsquo;est-\u00e0-dire comme un ensemble de v\u00e9rit\u00e9s sup\u00e9rieures, ne pouvant faire l&rsquo;objet d&rsquo;un enseignement public, non pas qu&rsquo;elles soient secr\u00e8tement r\u00e9serv\u00e9es \u00e0 un petit nombre de privil\u00e9gi\u00e9s, mais parce qu&rsquo;elles doivent \u00eatre acquises individuellement par chacun, comme le fruit m\u00fbr d&rsquo;une illumination int\u00e9rieure, d&rsquo;une initiation de l&rsquo;\u00e2me, d&rsquo;un \u00e9veil spirituel. Comment pourrait-on en effet enseigner des v\u00e9rit\u00e9s spirituelles \u00e0 des \u00eatres grossi\u00e8rement mat\u00e9riels ? \u00ab Non Margaritas ante porcos \u00bb, dit s\u00e9v\u00e8rement <\/span><span style=\"font-family: Times New Roman,serif;\">l\u2019\u00c9vangile.<\/span><span style=\"font-family: Times New Roman,serif;\"> Tout au plus peuvent-ils, comme de petits chiens, cueillir quelques miettes qui tombent de la table de leur ma\u00eetre, est-il encore affirm\u00e9. Comme son ma\u00eetre qui se refusait \u00e0 enseigner publiquement autrement qu&rsquo;en paraboles, St-Paul s&rsquo;interdisait donc de r\u00e9v\u00e9ler publiquement le Myst\u00e8re Chr\u00e9tien. Aussi son langage est-il \u00e9maill\u00e9 de termes initiatiques, emprunt\u00e9s aux myst\u00e8res de la Gr\u00e8ce antique. Ce langage n&rsquo;a donc qu&rsquo;une valeur de symbole, pour la bonne compr\u00e9hension duquel il insiste \u00e0 maintes reprises sur ce principe essentiel d&rsquo;interpr\u00e9tation : \u00ab\u00a0la lettre tue si l&rsquo;esprit ne vivifie \u00bb. Condamnant \u00e0 l&rsquo;avance les formules rigides impos\u00e9es \u00e0 la foi, il proclama la libert\u00e9 du Chr\u00e9tien, \u00ab la libert\u00e9 dans le Christ \u00bb, dit-il, autrement dit la libert\u00e9 de l&rsquo;interpr\u00e9tation, car \u00ab l&rsquo;Esprit souffle o\u00f9 il veut \u00bb. Ainsi d\u00e9nonce-t-il \u00e0 l&rsquo;avance ces contraintes auto\u00adritaires telles qu&rsquo;elles furent impos\u00e9es ult\u00e9rieurement \u00e0 la conscience des fid\u00e8les. \u00ab\u00a0Ego loquor, vos ipsi judicate quod dico \u00bb \u2013 \u00ab Omnia probate et quod bonum est tenete \u00bb. (I Thessal. V, 21). Toute libert\u00e9 est laiss\u00e9e \u00e0 ceux qui ont re\u00e7u le don d&rsquo;instruire ou de r\u00e9v\u00e9ler les secrets de Dieu. (I Cor. XIV, 26). En substituant \u00e0 cette libe<\/span><span style=\"font-family: Times New Roman,serif;\">r<\/span><span style=\"font-family: Times New Roman,serif;\">t\u00e9 int\u00e9rieure de la conscience une ob\u00e9issance rigide, en imposant aux fid\u00e8les une abdication de leur autonomie int\u00e9rieure, <\/span><span style=\"font-family: Times New Roman,serif;\">l\u2019\u00c9glise<\/span><span style=\"font-family: Times New Roman,serif;\"> romaine a manifestement trahi la pens\u00e9e de l&rsquo;Ap\u00f4tre.<\/span><\/p>\n<p align=\"justify\"><span style=\"font-family: Times New Roman,serif;\">Telle fut donc la seconde h\u00e9r\u00e9sie capitale dont se rendit coupable la pr\u00e9tendue orthodoxie romaine, soit cette concep\u00adtion absolutiste de sa propre nature, de son r\u00f4le, de sa mis\u00adsion, de son autorit\u00e9 dans le monde.<\/span><\/p>\n<p align=\"justify\"><span style=\"font-family: Times New Roman,serif;\">Une h\u00e9r\u00e9sie ? Comment cela, protestera-t-on ?<\/span><\/p>\n<p align=\"justify\"><span style=\"font-family: Times New Roman,serif;\">Dans la pens\u00e9e du Christ, l\u2019\u00c9glise \u00e9tait manifestement une institution fond\u00e9e par lui pour \u00eatre une aide secourable aux hommes, \u00e9veiller les \u00e2mes, \u00e9clairer les consciences. Telle \u00e9tait sa l\u00e9gitimit\u00e9, le fondement de son autorit\u00e9. Mais jamais le Ma\u00eetre n&rsquo;entendit \u00e9riger cette autorit\u00e9 contre la conscience de l&rsquo;homme, pour r\u00e9genter son c\u0153ur et sa raison. Or, c&rsquo;est en s&rsquo;appuyant lourdement sur des textes, que je n&rsquo;ai pas \u00e0 rappeler ici, que l\u2019\u00c9glise pr\u00e9tendit substituer son autorit\u00e9 \u00e0 la conscience m\u00eame de ses fid\u00e8les, en paralysant, en annihi\u00adlant celle-ci ! S&rsquo;affirmant seule d\u00e9positaire de la R\u00e9v\u00e9lation, seule habilit\u00e9e \u00e0 interpr\u00e9ter les textes, elle exigea une soumis\u00adsion aveugle non seulement \u00e0 ses d\u00e9cisions doctrinales, mais encore, quand elle fut au fa\u00eete de sa puissance, elle pr\u00e9tendit dominer, guider, de fa\u00e7on absolue, la pens\u00e9e, la conduite et la conscience int\u00e9rieure des hommes dans toutes les activit\u00e9s de leur existence.<\/span><\/p>\n<p align=\"justify\"><span style=\"font-family: Times New Roman,serif;\">Et c&rsquo;est ainsi que tout le long des si\u00e8cles \u2013 et sans m\u00e9conna\u00eetre pour cela les m\u00e9rites civilisateurs de l\u2019\u00c9glise \u2013 on eut ce spectacle p\u00e9nible d&rsquo;une humanit\u00e9 ayant \u00e0 se d\u00e9fendre sans cesse contre les emprises eccl\u00e9siastiques pour assurer graduellement l&rsquo;ind\u00e9pendance de sa pens\u00e9e scienti\u00adfique, philosophique et religieuse.<\/span><\/p>\n<p align=\"justify\"><span style=\"font-family: Times New Roman,serif;\">Pour asseoir son autorit\u00e9 souveraine, Rome s&rsquo;est r\u00e9f\u00e9r\u00e9e \u00e0 une science et inspiration divines qui transcendent nos facult\u00e9s humaines. Mais pr\u00e9cis\u00e9ment dans ces questions qui ressortissent \u00e0 la m\u00e9taphysique transcendantale, qui d\u00e9pas\u00adsent notre intelligence limit\u00e9e, \u00e9chappent au cadre de notre logique \u00e9troite et o\u00f9 la signification des mots, des formules dogmatiques n&rsquo;est plus ad\u00e9quate mais seulement loin\u00adtaine, analogique, il importait de reconna\u00eetre qu&rsquo;il est en ce domaine des degr\u00e9s diff\u00e9rents dans l&rsquo;\u00e9volution des \u00e2mes, partant une hi\u00e9rarchie dans la compr\u00e9hension que chacun a de la V\u00e9rit\u00e9, et que seule, d\u00e8s lors, la libert\u00e9 int\u00e9rieure de la conscience peut permettre cette \u00ab inspiration \u00bb sup\u00e9rieure qui se traduit par une perception ou une vision intuitive. C&rsquo;est ce que St-Paul nommait les \u00ab\u00a0dons \u00bb du St-Esprit, et c&rsquo;est peut-\u00eatre aussi pourquoi il disait : \u00ab Oportet haereses esse \u00bb.<\/span><\/p>\n<p align=\"justify\"><span style=\"font-family: Times New Roman,serif;\">Quoiqu&rsquo;il en soit, Rome n&rsquo;a pas suivi l&rsquo;ap\u00f4tre : elle a condamn\u00e9, poursuivi, pers\u00e9cut\u00e9 sans rel\u00e2che toute diver\u00adgence d&rsquo;avec l&rsquo;interpr\u00e9tation \u00e9troite de la lettre de son enseignement officiel, et ceux-l\u00e0 m\u00eame que J\u00e9sus accueillait avec bont\u00e9, le samaritain, la <\/span><span style=\"font-family: Times New Roman,serif;\">Canan\u00e9enne<\/span><span style=\"font-family: Times New Roman,serif;\">, le Centurion romain, c&rsquo;est-\u00e0-dire l&rsquo;h\u00e9r\u00e9tique, le pa\u00efen, elle les a, quand elle en eut le pouvoir, excommuni\u00e9s, martyris\u00e9s, br\u00fbl\u00e9s. Que l&rsquo;on se souvienne des anath\u00e8mes, des pers\u00e9cutions, de l&rsquo;inqui\u00adsition, des croisades, des guerres de religions, des massacres d&rsquo;h\u00e9r\u00e9tiques, toutes choses que la conscience chr\u00e9tienne a approuv\u00e9es au cours des si\u00e8cles, en vertu de l&rsquo;ob\u00e9issance aveugle due \u00e0 <\/span><span style=\"font-family: Times New Roman,serif;\">l\u2019\u00c9glise<\/span><span style=\"font-family: Times New Roman,serif;\"> m\u00eame qui les commandait. C&rsquo;est donc un fait que Rome a paralys\u00e9, annihil\u00e9, au cours de son histoire, les consciences chr\u00e9tiennes qu&rsquo;elle se devait de fortifier et de d\u00e9fendre <a id=\"Y4\" href=\"#X4\">[4]<\/a>. J&rsquo;ai rappel\u00e9 la parole de St-Paul : \u00ab Oportet haereses esse \u00bb. <\/span><span style=\"font-family: Times New Roman,serif;\">En<\/span><span style=\"font-family: Times New Roman,serif;\"> effet ce sont les h\u00e9r\u00e9tiques tant maudits qui ont forc\u00e9 <\/span><span style=\"font-family: Times New Roman,serif;\">l\u2019\u00c9glise<\/span><span style=\"font-family: Times New Roman,serif;\"> \u00e0 \u00e9noncer, \u00e0 d\u00e9finir plus avant, des v\u00e9rit\u00e9s qui avaient dans la r\u00e9alit\u00e9 une port\u00e9e autre \u2013 nous le verrons \u2013 que la solution des probl\u00e8mes apparemment vis\u00e9s. I<\/span><span style=\"font-family: Times New Roman,serif;\">l<\/span><span style=\"font-family: Times New Roman,serif;\"> en fut ainsi pour les discussions qui s&rsquo;\u00e9lev\u00e8rent concernant la nature du Christ historique et qui furent r\u00e9gl\u00e9es par une suite de conciles, fl\u00e9trissant et condamnant les h\u00e9r\u00e9\u00adsies successives qui s&rsquo;\u00e9taient \u00e9lev\u00e9es \u00e0 ce sujet.<\/span><\/p>\n<p align=\"justify\"><span style=\"font-family: Times New Roman,serif;\">Alfred Loizy les a magistralement r\u00e9sum\u00e9es en quelques lignes : \u00ab St-Paul avait identifi\u00e9 le Christ J\u00e9sus au Verbe \u00ab Le Verbe est de Dieu \u00bb et personnellement distinct du P\u00e8re. Est-il Dieu absolument et s&rsquo;il est \u00ab\u00a0le <\/span><span style=\"font-family: Times New Roman,serif;\">premier-n\u00e9<\/span><span style=\"font-family: Times New Roman,serif;\"> de la Cr\u00e9ation \u00bb, comme l&rsquo;a dit St-Paul, ne serait-il que la pre\u00admi\u00e8re des Cr\u00e9atures ? Arius dit oui. Athanase et le Concile de Nic\u00e9e r\u00e9pondirent non. Le Verbe devait \u00eatre consubstan\u00adtiel au P\u00e8re. Restait \u00e0 d\u00e9finir son rapport avec l&rsquo;humanit\u00e9 du Christ. Pouvait-on dire que J\u00e9sus \u00e9tait personnellement \u00e9ternel et consubstantiel \u00e0 Dieu ? Apollinaire crut trouver la solution de la difficult\u00e9 en admettant que le Verbe avait tenu \u00e0 l&rsquo;\u00e9gard de l&rsquo;humanit\u00e9 et dans l&rsquo;humanit\u00e9 de J\u00e9sus, la place de l&rsquo;\u00e2me spirituelle. L&rsquo;\u00c9glise le condamna : J\u00e9sus avait \u00e9t\u00e9 homme parfait. Donc, conclut Nestorius, il \u00e9tait une personne humaine indissolublement unie par un lien moral \u00e0 la Personne divine du Verbe. Nestorius est condamn\u00e9 : il ne faut pas diviser le Christ qui est un. S&rsquo;il est un, la nature humaine est incorpor\u00e9e \u00e0 la divinit\u00e9, dit Eutych\u00e8s, et l&rsquo;unit\u00e9 de nature est impliqu\u00e9e dans l&rsquo;unit\u00e9 de personne. Le Christ ne serait pas homme, si la nature humaine ne subsistait pas en lui \u00e0 c\u00f4t\u00e9 de la nature divine, d\u00e9clare le concile de <\/span><span style=\"font-family: Times New Roman,serif;\">Calc\u00e9doine.<\/span><span style=\"font-family: Times New Roman,serif;\"> Le cinqui\u00e8me concile <\/span><span style=\"font-family: Times New Roman,serif;\">\u0153cum\u00e9nique<\/span><span style=\"font-family: Times New Roman,serif;\"> ajoute qu&rsquo;elle est unie substantiellement au Verbe et subsistait dans le Verbe. <\/span><span style=\"font-family: Times New Roman,serif;\">Enfin<\/span><span style=\"font-family: Times New Roman,serif;\">, l&rsquo;on se demande si l&rsquo;unit\u00e9 de personne n&rsquo;entra\u00eene pas l&rsquo;unit\u00e9 de volont\u00e9 : le sixi\u00e8me concile maintient deux volont\u00e9s et deux op\u00e9rations pour faire droit aux deux natures. \u00bb (\u00ab <\/span><span style=\"font-family: Times New Roman,serif;\"><em>Autour d&rsquo;un petit livre<\/em><\/span><span style=\"font-family: Times New Roman,serif;\"> \u00bb, par A. Loizy. <\/span><span style=\"font-family: Times New Roman,serif;\">\u00c9d. <\/span><span style=\"font-family: Times New Roman,serif;\">Picard). Dualit\u00e9 de natures dans l&rsquo;unit\u00e9 de la personne, telle est donc la conclusion \u00e0 laquelle s&rsquo;est arr\u00eat\u00e9e l\u2019\u00c9glise dans sa discri\u00admination et condamnation des h\u00e9r\u00e9sies.<\/span><\/p>\n<p align=\"justify\"><span style=\"font-family: Times New Roman,serif;\">Disons-le : sur le plan historique et en ce qui concerne J\u00e9sus lui-m\u00eame, le probl\u00e8me est insoluble, la solution en \u00e9tant inv\u00e9rifiable. Mais la plus grande h\u00e9r\u00e9sie fut celle de <\/span><span style=\"font-family: Times New Roman,serif;\">l\u2019\u00c9glise<\/span><span style=\"font-family: Times New Roman,serif;\"> elle-m\u00eame, qui pr\u00e9tendit limiter \u00e0 la seule personne historique de J\u00e9sus un probl\u00e8me psychologique et m\u00e9taphysique concernant la nature de chaque homme, celui de l&rsquo;im\u00admanence en chacun de <\/span><span style=\"font-family: Times New Roman,serif;\">l\u2019\u00c9tincelle<\/span><span style=\"font-family: Times New Roman,serif;\"> divine, \u00ab\u00a0la Lumi\u00e8re qui \u00e9claire tout homme venant en ce monde \u00bb <a id=\"Y5\" href=\"#X5\">[5]<\/a>.<\/span><\/p>\n<p align=\"justify\"><span style=\"font-family: Times New Roman,serif;\">J&rsquo;ai montr\u00e9 qu&rsquo;\u00e0 l&rsquo;autonomie de la conscience individuelle, illumin\u00e9e par l&rsquo;Esprit \u2013 \u00ab spiritus omnia scrutatur, etiam mysteria Dei \u00bb, avait dit St-Paul \u2013 Rome avait substitu\u00e9, pour la dispensation de la V\u00e9rit\u00e9, le magist\u00e8re obliga\u00adtoire de <\/span><span style=\"font-family: Times New Roman,serif;\">l\u2019\u00c9glise.<\/span><span style=\"font-family: Times New Roman,serif;\">L\u2019\u00c9glise<\/span><span style=\"font-family: Times New Roman,serif;\"> devint d\u00e8s lors l&rsquo;autorit\u00e9 supr\u00eame et infaillible, et c&rsquo;est ainsi qu&rsquo;\u00e0 une religion de libert\u00e9 et d&rsquo;amour fut graduellement substitu\u00e9e une religion domin\u00e9e par la crainte. En opposition avec la doctrine de St-Paul, et pour annihiler la libert\u00e9 du Chr\u00e9tien, proclam\u00e9e par l&rsquo;ap\u00f4tre, l&rsquo;\u00c9glise enseigna donc que Dieu ne peut se manifester dans la conscience de l&rsquo;homme sans son interm\u00e9diaire. Aux paroles de J\u00e9sus instituant l&rsquo;\u00c9glise fut donn\u00e9e une port\u00e9e extensive qu&rsquo;elles n&rsquo;impliquaient pas. <\/span><span style=\"font-family: Times New Roman,serif;\">\u00c0<\/span><span style=\"font-family: Times New Roman,serif;\"> l&rsquo;organisation ext\u00e9\u00adrieure, \u00e0 l&rsquo;autorit\u00e9 disciplinaire de l&rsquo;\u00c9glise, fut conf\u00e9r\u00e9e abu\u00adsivement une puissance sur les \u00e2mes et consciences que ces paroles ne comportaient aucunement. Rome a ainsi pr\u00e9tendu contraindre Dieu lui-m\u00eame \u00e0 se servir de son canal pour agir dans le monde, se consid\u00e9rant comme la m\u00e9diatrice indis\u00adpensable entre Dieu et l&rsquo;humanit\u00e9.<\/span><\/p>\n<p align=\"justify\"><span style=\"font-family: Times New Roman,serif;\">L\u2019\u00c9glise \u00e9tait en r\u00e9alit\u00e9 l&rsquo;institution id\u00e9ale que le Ma\u00eetre avait con\u00e7ue pour \u00eatre mise au service de l&rsquo;homme et aider \u00e0 son salut. En conviant tous les hommes de bonne volont\u00e9 \u00e0 s&rsquo;unir sous la houlette de Pierre, par leur adh\u00e9sion \u00e0 une foi commune, J\u00e9sus ne semble pas s&rsquo;\u00eatre inqui\u00e9t\u00e9 beaucoup des croyances particuli\u00e8res de ses interlocuteurs. Il a la m\u00eame bont\u00e9 pour tous, car tous ont le m\u00eame P\u00e8re, et il s&rsquo;efforce seulement de les rallier \u00e0 l&rsquo;essentiel de la Reli\u00adgion universelle qu&rsquo;il d\u00e9finit et r\u00e9sume lui-m\u00eame : \u00ab Aimer Dieu par-dessus toute chose et son prochain comme soi-m\u00eame pour l&rsquo;amour de Dieu \u00bb. Son prochain, ce n&rsquo;est pas seulement ses <\/span><span style=\"font-family: Times New Roman,serif;\">coreligionnaires<\/span><span style=\"font-family: Times New Roman,serif;\">, car quel m\u00e9rite y a-t-il \u00e0 n&rsquo;aimer que ses amis ?<\/span><\/p>\n<p align=\"justify\"><span style=\"font-family: Times New Roman,serif;\">Mais l&rsquo;incompr\u00e9hension des hommes fit de l\u2019\u00c9glise une secte \u00e9troite et exclusive qui se crut autoris\u00e9e \u00e0 \u00e9difier toute une superstructure dogmatique, sacramentelle et rituelle, sur la pure substance de l&rsquo;\u00c9vangile et lan\u00e7a force condamnations et anath\u00e8mes contre ceux qui refus\u00e8rent d&rsquo;ajouter foi \u00e0 cet accroissement. Le vrai caract\u00e8re de l&rsquo;\u00c9glise fut m\u00e9connu, et c&rsquo;est ainsi qu&rsquo;apr\u00e8s avoir d\u00e9ifi\u00e9 le Ma\u00eetre, dans le sens que nous avons dit, les premi\u00e8res g\u00e9n\u00e9rations Chr\u00e9tiennes, par une majoration plus incroyable encore, d\u00e9ifi\u00e8rent l&rsquo;institution ou plut\u00f4t en firent cet \u00eatre hybride, le corps mystique du Christ. L\u2019\u00c9glise fut donc personnifi\u00e9e, divinis\u00e9e : elle devint \u00ab\u00a0l&rsquo;\u00e9pouse du Christ \u00bb, l&rsquo;\u00e9pouse de Dieu, \u00e0 laquelle r\u00e9v\u00e9rence, ob\u00e9issance et service \u00e9taient <\/span><span style=\"font-family: Times New Roman,serif;\">dus.<\/span><span style=\"font-family: Times New Roman,serif;\"> En fait, l\u2019\u00c9glise, pour le Chr\u00e9tien, est devenue une idole. Inconsciemment un culte idol\u00e2trique lui est rendu : elle est l&rsquo;habitacle de l&rsquo;Esprit du Christ. Alors que J\u00e9sus avait con\u00e7u son \u00c9glise comme une institution mise au service de l&rsquo;homme et de son salut, ses fid\u00e8les mirent l&rsquo;homme \u00e0 son service, le riv\u00e8rent \u00e0 l&rsquo;ob\u00e9is\u00adsance aveugle. La primaut\u00e9 n&rsquo;appartint plus \u00e0 l&rsquo;homme, mais \u00e0 l&rsquo;institution cr\u00e9\u00e9e pour lui et qui, au lieu de demeurer subordonn\u00e9e \u00e0 son salut, fut promue au rang sup\u00e9rieur, d&rsquo;interm\u00e9diaire divin, n\u00e9cessaire \u00e0 ce salut m\u00eame. Le Cardinal Ottaviani, secr\u00e9taire de la Sacr\u00e9e congr\u00e9gation du Saint-Office, personnalit\u00e9 toute puissance \u00e0 Rome, \u00e9crivait r\u00e9cemment aux chefs de la d\u00e9mocratie chr\u00e9tienne cette parole qui, dans sa pens\u00e9e, s&rsquo;appliquait pareillement \u00e0 tout fid\u00e8le de <\/span><span style=\"font-family: Times New Roman,serif;\">l\u2019\u00c9glise<\/span><span style=\"font-family: Times New Roman,serif;\"> : \u00ab\u00a0<\/span><span style=\"font-family: Times New Roman,serif;\">V<\/span><span style=\"font-family: Times New Roman,serif;\">otre devoir est de servir <\/span><span style=\"font-family: Times New Roman,serif;\">l\u2019\u00c9glise<\/span><span style=\"font-family: Times New Roman,serif;\">, et non de vous en servir \u00bb. Ainsi donc parle aujourd&rsquo;hui le disciple. Mais comment parlait le Ma\u00eetre ? \u00ab Je ne suis pas venu pour \u00eatre servi, mais pour servir \u00bb (Matth. XX, 28), disait-il.<\/span><\/p>\n<p align=\"justify\"><span style=\"font-family: Times New Roman,serif;\">Nous avons donc ici la plus \u00e9trange m\u00e9connaissance et d\u00e9formation de l&rsquo;enseignement du Ma\u00eetre que l&rsquo;on puisse imaginer. Sans doute le Cardinal a-t-il raison quand il enjoint aux fid\u00e8les de ne pas se servir de l&rsquo;\u00c9glise pour r\u00e9aliser des buts politiques ou assouvir des ambitions personnelles : mais il trahit la pens\u00e9e de son Ma\u00eetre quand il entend asservir la conscience int\u00e9rieure de l&rsquo;homme aux directives imp\u00e9ratives de l\u2019\u00c9glise. C&rsquo;est donc ce caract\u00e8re divin accord\u00e9 \u00e0 une \u00c9glise, compos\u00e9e d&rsquo;hommes faillibles, qui engendra l&rsquo;orgueil et la domination autoritaire des clerg\u00e9s sur les \u00e2mes et cons\u00adciences des fid\u00e8les. Cet orgueil collectif des clerg\u00e9s n&rsquo;est nullement incompatible avec une grande humilit\u00e9 person\u00adnelle de leurs membres pris individuellement. Mais quel est le pr\u00eatre, fut-il le desservant d&rsquo;une modeste chapelle, qui ne participe peu ou prou \u00e0 cet immense orgueil collectif d&rsquo;appar\u00adtenir \u00e0 l\u2019\u00c9glise enseignante et qui n&rsquo;en ressente au fond du c\u0153ur quelque secr\u00e8te suffisance ? Quoiqu&rsquo;il en soit, c&rsquo;est en raison de ce caract\u00e8re infaillible et divin attribu\u00e9 \u00e0 l\u2019\u00c9glise que ses d\u00e9cisions, ses activit\u00e9s pers\u00e9cutrices et guerri\u00e8res m\u00eame, furent, je l&rsquo;ai dit, docilement suivies et approuv\u00e9es par les fid\u00e8les. Qui donc e\u00fbt os\u00e9 s&rsquo;insurger contre sa puissance et son autorit\u00e9 ? Au Dieu qui se manifeste dans la Nature et dans la conscience de l&rsquo;homme fut donc oppos\u00e9 le Dieu qui se manifestait dans l&rsquo;\u00c9glise. Et celui qui pr\u00e9tendait y r\u00e9sister fut tax\u00e9 d&rsquo;orgueilleux et de r\u00e9volt\u00e9 contre Dieu. On confondit d\u00e9lib\u00e9r\u00e9ment l&rsquo;humilit\u00e9 du c\u0153ur qui est une vertu avec la servilit\u00e9 de la pens\u00e9e qui est indigne de l&rsquo;homme. Au nom de l&rsquo;une, on exigea l&rsquo;autre. Une fausse conception de l&rsquo;humi\u00adlit\u00e9 engendra une fausse vertu. La conscience publique en fut oblit\u00e9r\u00e9e, souvent annihil\u00e9e. Tout ce qu&rsquo;ordonnait l\u2019\u00c9glise fut le bien. N&rsquo;\u00e9tait-elle pas inspir\u00e9e sans cesse du St-Esprit, selon la promesse de J\u00e9sus-Christ ? L&rsquo;asservissement des cons\u00adciences \u00e9tant ainsi assur\u00e9, les pires crimes contre l&rsquo;humanit\u00e9 purent \u00eatre perp\u00e9tr\u00e9s, sans amener de r\u00e9action dans l&rsquo;\u00e2me des fid\u00e8les. Une r\u00e9action n&rsquo;e\u00fbt pu \u00eatre que l\u2019\u0153uvre du d\u00e9mon ! Puisque l&rsquo;\u00c9glise \u00e9tait seule d\u00e9positaire de la V\u00e9rit\u00e9, seule m\u00e9diatrice et dispensatrice de la Gr\u00e2ce divine en l&rsquo;homme, le Chr\u00e9tien se mit \u00e0 l&rsquo;abri des reproches de sa propre conscience en se r\u00e9fugiant dans les \u00e9glises, dans ces temples de pierre qui furent multipli\u00e9s dans la Chr\u00e9tient\u00e9 tout enti\u00e8re, en d\u00e9pit des avertissement r\u00e9p\u00e9t\u00e9s par deux fois dans les \u00c9critures que \u00ab Dieu habite pas dans les temples cr\u00e9\u00e9s de la main des hommes \u00bb <a id=\"Y6\" href=\"#X6\">[6]<\/a>. La conscience chr\u00e9tienne s&rsquo;y garda donc de toute inqui\u00e9tude en se couvrant derri\u00e8re le formalisme ext\u00e9rieur des pratiques culturelles et des rites sacramentels, lesquels, d\u00e9clarait l\u2019\u00c9glise, assurent le salut de l&rsquo;homme. Mais cette s\u00e9culaire pr\u00e9tention de l\u2019\u00c9glise \u00e0 \u00eatre l&rsquo;exclusive et n\u00e9cessaire m\u00e9diatrice entre Dieu et l&rsquo;\u00e2me humaine est de nos jours controuv\u00e9es par l&rsquo;exp\u00e9rience du mysticisme universel. La saintet\u00e9 et les illuminations divines en effet ne sont pas l&rsquo;apanage exclusif des mystiques chr\u00e9\u00adtiens, mais se retrouvent \u00e0 toutes les \u00e9poques et sous tous les climats religieux. Certes, l\u2019\u00c9glise en nie alors la valeur. Elle conteste que Dieu agisse ou se manifeste directement dans la conscience de l&rsquo;homme non r\u00e9dim\u00e9 par la gr\u00e2ce du bapt\u00eame. Elle s&rsquo;est d&rsquo;ailleurs toujours m\u00e9fi\u00e9e des mystiques, m\u00eame de ceux de son propre bord. Jeanne d&rsquo;Arc fut br\u00fbl\u00e9e vive comme h\u00e9r\u00e9tique et relapse, avant d&rsquo;\u00eatre canonis\u00e9e. Ste-Th\u00e9r\u00e8se fut suspect\u00e9e de panth\u00e9isme. Les \u00e9crits d&rsquo;Eck\u00adhart, de Tauler, de Ruysbroeck, de Suzo, furent condamn\u00e9s. Vers l&rsquo;an 1576, le G\u00e9n\u00e9ral des J\u00e9suites \u00e9dicta ce mandement : \u00ab Certains livres spirituels, tels que ceux de Tauler, Ruysbroeck, Suzo et autres de la m\u00eame cat\u00e9gorie, ne concordant pas avec notre mani\u00e8re de voir, il est interdit aux personnes professant notre foi de les lire. Nos coll\u00e8ges ne conserveront que les livres jug\u00e9s orthodoxes par le P\u00e8re Provincial <a id=\"Y7\" href=\"#X7\">[7]<\/a>.<\/span><\/p>\n<p align=\"justify\"><span style=\"font-family: Times New Roman,serif;\">Le Pape Sixte V confirma ult\u00e9rieurement cette condam\u00adnation en interdisant aux fid\u00e8les la lecture des sermons de Tauler. Sans doute le mysticisme n&rsquo;est-il pas sans dangers et ceux-ci expliquent partiellement la m\u00e9fiance de l\u2019\u00c9glise \u00e0 son \u00e9gard. Le livre dont nous avons extrait le texte qui pr\u00e9c\u00e8de, nous expose avec clart\u00e9 \u00e0 la fois les \u00e9cueils et la grandeur du mysticisme : \u00ab Le mystique qui s&rsquo;abandonne \u00e0 un Dieu cr\u00e9\u00e9 par l&rsquo;imagination est fatalement amen\u00e9 aux pratiques de la th\u00e9urgie, et s&rsquo;il s&rsquo;absorbe en un Dieu qui est une abstrac\u00adtion m\u00e9taphysique, c&rsquo;est dans le n\u00e9ant de l&rsquo;ind\u00e9fini qu&rsquo;il s&rsquo;ab\u00eeme <a id=\"Y8\" href=\"#X8\">[8]<\/a>, mais s&rsquo;il cherche \u00e0 s&rsquo;unir au Dieu r\u00e9v\u00e9l\u00e9 par la conscience, son mysticisme prend un tout autre caract\u00e8re : les facult\u00e9s propres de l&rsquo;\u00e2me ne sont pas annul\u00e9es, elles sont au contraire report\u00e9es \u00e0 leur plus haute puissance \u00bb. De tout temps, les conditions requises pour atteindre Dieu furent en effet l&rsquo;humilit\u00e9 et l&rsquo;amour, la purification du <\/span><span style=\"font-family: Times New Roman,serif;\">c\u0153ur<\/span><span style=\"font-family: Times New Roman,serif;\"> et de l&rsquo;esprit.<\/span><\/p>\n<p align=\"justify\"><span style=\"font-family: Times New Roman,serif;\">Je voudrais r\u00e9sumer et conclure ce chapitre.<\/span><\/p>\n<p align=\"justify\"><span style=\"font-family: Times New Roman,serif;\">J&rsquo;ai d\u00e9montr\u00e9 par des textes formels cette situation, invraisemblablement paradoxale, l&rsquo;\u00c9glise de Rome vivant dans l&rsquo;inconscience totale de sa double h\u00e9r\u00e9sie :<\/span><\/p>\n<p align=\"justify\"><span style=\"font-family: Times New Roman,serif;\">1\u00b0 d&rsquo;avoir identifi\u00e9 J\u00e9sus qui se disait \u00ab fils de Dieu \u00bb avec Dieu le Fils, deuxi\u00e8me Personne de la Ste-Trinit\u00e9, alors que le ma\u00eetre de l\u2019\u00c9vangile se d\u00e9fend sans cesse d&rsquo;\u00eatre Dieu. Aux termes d\u00e9j\u00e0 cit\u00e9s, j&rsquo;ajouterai encore ceux-ci : \u00ab Vous cherchez \u00e0 me tuer, moi qui vous ai dit la v\u00e9rit\u00e9 que j&rsquo;ai apprise de Dieu \u00bb (Jean VIII, 40). Si J\u00e9sus est Dieu au sens de l&rsquo;orthodoxie, il doit conna\u00eetre la v\u00e9rit\u00e9 par lui-m\u00eame\u00a0; non, il l&rsquo;a apprise de Dieu. \u00ab Nul n&rsquo;a jamais vu Dieu \u00bb, dit encore Jean I, 18;<\/span><\/p>\n<p align=\"justify\"><span style=\"font-family: Times New Roman,serif;\">2\u00b0 d&rsquo;avoir d\u00e9ifi\u00e9 l\u2019\u00c9glise, en invoquant sa p\u00e9rennit\u00e9 \u00e0 travers les si\u00e8cles comme l&rsquo;accomplissement miraculeux des promesses de son fondateur. Mais, nous l&rsquo;avons dit, la dur\u00e9e d&rsquo;une religion est fonction naturelle de son dynamisme int\u00e9\u00adrieur, celui-ci r\u00e9sultant \u00e0 la fois de l&rsquo;\u00e9l\u00e9vation spirituelle de l&rsquo;enseignement donn\u00e9 par son fondateur et de l&rsquo;ardeur des sentiments et des croyances, \u00e9veill\u00e9s dans les \u00e2mes par cet enseignement m\u00eame. C&rsquo;est pure cr\u00e9dulit\u00e9 que de croire \u00e0 un miracle permanent.<\/span><\/p>\n<p align=\"justify\"><span style=\"font-family: Times New Roman,serif;\">Sans doute, l&rsquo;argument ici invoqu\u00e9 soul\u00e8vera un toll\u00e9 g\u00e9n\u00e9ral ! S&rsquo;appuyer sur les paroles du Christ dans les <\/span><span style=\"font-family: Times New Roman,serif;\">\u00c9vangiles<\/span><span style=\"font-family: Times New Roman,serif;\"> pour rejeter la doctrine de <\/span><span style=\"font-family: Times New Roman,serif;\">l\u2019\u00c9glise<\/span><span style=\"font-family: Times New Roman,serif;\">, la doctrine tradition\u00adnelle de la lettre, ne peut que r\u00e9volter, scandaliser, les \u00e2mes catholiques. Qui \u00eates-vous, dira-t-on, pour vous \u00e9lever contre le magist\u00e8re de Rome, seule autoris\u00e9e pour interpr\u00e9ter les textes sacr\u00e9s ? Rien, r\u00e9pondrai-je : moins que rien. Aussi, la th\u00e8se n&rsquo;est-elle pas de moi, mais la tradition \u00e9sot\u00e9rique imm\u00e9\u00admoriale de l&rsquo;Esprit. Aujourd&rsquo;hui, signe des temps, des troubles angoissants agitent les membres les plus savants du Haut-clerg\u00e9. Le souci de concilier la science et la foi les mettent souvent en difficult\u00e9 avec l&rsquo;autorit\u00e9. Le cas r\u00e9cent du P\u00e8re Teilhard de Chardin fut le plus spectaculaire. Parfois encore les th\u00e9ories audacieuses s&rsquo;\u00e9tendirent au terrain dogmatique lui-m\u00eame. Je n&rsquo;en veux d&rsquo;autre preuve que ce texte assez ancien d\u00e9j\u00e0 et qui se rapportait pr\u00e9cis\u00e9ment \u00e0 la divinit\u00e9 du Christ. Le texte \u00e9mane d&rsquo;un savant th\u00e9ologien, le P\u00e8re D\u00e9odat Marie, franciscain. Il est donn\u00e9 comme l&rsquo;expression m\u00eame de la doctrine orthodoxe \u2013 ce dont on peut tout de m\u00eame douter \u2013 et si je le cite, c&rsquo;est qu&rsquo;il me para\u00eet voisiner avec la th\u00e8se \u00e9sot\u00e9rique que je d\u00e9fends.<\/span><\/p>\n<p align=\"justify\"><span style=\"font-family: Times New Roman,serif;\">Dans une r\u00e9futation de l&rsquo;ex-abb\u00e9 Loizy, notre th\u00e9olo\u00adgien s&rsquo;exprimait ainsi : \u00ab Avant de d\u00e9montrer cette proposi\u00adtion que J\u00e9sus-Christ est Dieu, l&rsquo;\u00e9cole sait la couper en deux. Qu&rsquo;entendez-vous par J\u00e9sus-Christ ? Et qu&rsquo;entendez-vous par Dieu ? Ni vous, ni M. Loizy, ni, je le crains, beaucoup parmi vos r\u00e9futateurs, ne vous \u00eates avis\u00e9s de chercher si \u00eatre Dieu comporte deux sens divers ou n&rsquo;a qu&rsquo;une <\/span><span style=\"font-family: Times New Roman,serif;\">signification<\/span><span style=\"font-family: Times New Roman,serif;\"> fran\u00adchement unique. Et vous vous \u00eates battus, vos r\u00e9futateurs et vous, comme si \u00ab \u00eatre Dieu \u00bb n&rsquo;avait pas deux sens mais un seul. <\/span><span style=\"font-family: Times New Roman,serif;\">I<\/span><span style=\"font-family: Times New Roman,serif;\">1 a paru, tant la clart\u00e9 des mots vous a tristement \u00e9blouis, paru \u00e0 vous et \u00e0 vos r\u00e9futateurs, qu&rsquo;\u00eatre Dieu c&rsquo;est \u00eatre la Divinit\u00e9. Or qui est la Divinit\u00e9 est l&rsquo;\u00e9ternit\u00e9; qui est l&rsquo;\u00e9ternit\u00e9, est l&rsquo;immensit\u00e9.<\/span><\/p>\n<p align=\"justify\"><span style=\"font-family: Times New Roman,serif;\">Et<\/span><span style=\"font-family: Times New Roman,serif;\"> sous le mot J\u00e9sus-Christ, vous avez vu l&rsquo;homme, fils de Marie. Vos r\u00e9futateurs ont vu le Verbe. Et vous avez conclu, vous : l&rsquo;homme, fils de Marie n&rsquo;est pas l&rsquo;immensit\u00e9, n&rsquo;est pas l&rsquo;immortalit\u00e9, n&rsquo;est pas l&rsquo;\u00e9ternit\u00e9, donc, il n&rsquo;est pas la Divinit\u00e9, donc il n&rsquo;est pas Dieu. Et vos r\u00e9futateurs ont dit (du moins je le suppose, car, du sens donn\u00e9 par eux, ils le devaient) : J\u00e9sus-Christ est la divinit\u00e9. Ardents \u00e0 se dire de l&rsquo;\u00e9cole, sans en avoir peut-\u00eatre franchi le seuil, vos r\u00e9futa\u00adteurs ne vous ont pas appris qu&rsquo;\u00eatre Dieu signifie de seconde mani\u00e8re, avoir la divinit\u00e9. Et qui a la divinit\u00e9 a l&rsquo;\u00e9ternit\u00e9, a l&rsquo;immensit\u00e9, a l&rsquo;immutabilit\u00e9. Dieu seul est la divinit\u00e9, ni Lui, ni personne hormis Dieu, n&rsquo;est l&rsquo;immensit\u00e9, n&rsquo;est l&rsquo;immor\u00adtalit\u00e9. Mais l&rsquo;homme, n\u00e9 de Marie, n&rsquo;est pas la divinit\u00e9. Il ne l&rsquo;est pas, il l&rsquo;a. Il l&rsquo;a et il est Dieu. Le Verbe n&rsquo;est pas l&rsquo;hu\u00admanit\u00e9, il l&rsquo;a. Et le Verbe est un homme. Et cet homme, n\u00e9 de la Vierge Marie, a la Divinit\u00e9 du chef de son rapport transcendant avec le Verbe. Et le th\u00e9ologien conclut : \u00ab Mille autres Christs pourraient <\/span><span style=\"font-family: Times New Roman,serif;\">avoir<\/span><span style=\"font-family: Times New Roman,serif;\"> la Divinit\u00e9 et \u00eatre Dieu comme J\u00e9sus-Christ, alors que seul Dieu est Dieu comme il est Dieu <a id=\"Y9\" href=\"#X9\">[9]<\/a>. N&rsquo;en d\u00e9plaise pourtant au P\u00e8re D\u00e9odat Marie, c&rsquo;est un bien autre langage que nous fait entendre le \u00ab Credo \u00bb lorsqu&rsquo;il nomme la personne de J\u00e9sus \u00ab unum dominum filium Dei, consubstantialem Patri \u00bb. Si cela est vrai du Verbe, ce ne peut \u00eatre vrai de la personne de J\u00e9sus. Si le Verbe est Personne divine, alors l&rsquo;h\u00e9r\u00e9tique Nestorius avait raison de distinguer entre la personne de J\u00e9sus et la Personne du Verbe. Les th\u00e9ologiens ont donc eu tort de d\u00e9ifier la personne de J\u00e9sus, c&rsquo;est-\u00e0-dire son moi humain, au lieu de r\u00e9server leur culte \u00e0 l&rsquo;\u00c9tincelle du Verbe, immanente en lui, latente et potentielle en tout homme. \u00bb Je conclurai donc en r\u00e9p\u00e9tant ce que j&rsquo;ai \u00e9crit pr\u00e9c\u00e9demment : le Christ fut r\u00e9el\u00adlement le \u00ab fr\u00e8re <\/span><span style=\"font-family: Times New Roman,serif;\">a\u00een\u00e9<\/span><span style=\"font-family: Times New Roman,serif;\"> \u00bb des hommes, le prototype historique, pour nous Occidentaux, d&rsquo;un \u00e9tat divin auquel tout homme est appel\u00e9, l&rsquo;\u00e9tat de l&rsquo;Homme-Christ ou l&rsquo;Homme-Dieu, parce que la divine \u00e9tincelle de <\/span><span style=\"font-family: Times New Roman,serif;\">l\u2019Esprit<\/span><span style=\"font-family: Times New Roman,serif;\"> est le tr\u00e9fonds de tout homme. <\/span><span style=\"font-family: Times New Roman,serif;\">Et<\/span><span style=\"font-family: Times New Roman,serif;\"> cela seul peut et doit nous emp\u00eacher de d\u00e9sesp\u00e9rer de l&rsquo;humanit\u00e9 et nous faire conserver intacte notre foi en l&rsquo;avenir humain.<\/span><\/p>\n<p align=\"justify\"><span style=\"font-family: Times New Roman,serif;\">Voil\u00e0 donc aussi pourquoi j&rsquo;ai adh\u00e9r\u00e9 \u00e0 la th\u00e8se de l&rsquo;unit\u00e9 \u00e9sot\u00e9rique des religions. <\/span><span style=\"font-family: Times New Roman,serif;\">\u00c0<\/span><span style=\"font-family: Times New Roman,serif;\"> cette th\u00e8se m\u00eame, Jean Guitton m&rsquo;oppose que \u00ab de toutes les religions connues \u00bb, le Christianisme est celle \u00ab\u00a0qui a \u00e9t\u00e9 le plus repr\u00e9sentative des plus hautes aspirations de l&rsquo;homme \u00bb, et que l&rsquo;influence de J\u00e9sus dans l&rsquo;Histoire est un fait unique, sans pr\u00e9c\u00e9dent, sans \u00e9quivalent. Mais, m\u00eame en admettant le bien-fond\u00e9 de ces affirmations \u2013 contestables d&rsquo;ailleurs pour l&rsquo;Asie, je l&rsquo;ai dit<\/span><br \/>\n<span style=\"font-family: Times New Roman,serif;\">\u2013 elles ne font que confirmer ma th\u00e8se, parce que la marche de l&rsquo;humanit\u00e9, nous enseigne-t-on, est une marche ascen\u00addante, en spirale, et qu&rsquo;il est donc naturel qu&rsquo;au cours du temps le progr\u00e8s spirituel et moral des hommes se traduise par des manifestations progressives aussi du divin dans l&rsquo;hu\u00admanit\u00e9, celles-ci s&rsquo;exprimant p\u00e9riodiquement et \u00e0 de longs intervalles par des doctrines toujours plus \u00e9lev\u00e9es, plus exal\u00adtantes, et par des <\/span><span style=\"font-family: Times New Roman,serif;\">\u00catres<\/span><span style=\"font-family: Times New Roman,serif;\"> plus parfaits. Tel est le vrai lien de J\u00e9sus avec le pass\u00e9, avec l&rsquo;avenir. \u00ab\u00a0Que votre r\u00e8gne arrive sur la terre comme au ciel \u00bb, est-il dit dans le \u00ab\u00a0Pater \u00bb.<\/span><\/p>\n<p align=\"justify\"><span style=\"font-family: Times New Roman,serif;\">Il est de fait que depuis 2.000 ans le Christianisme eccl\u00e9siastique n&rsquo;a pu amener l&rsquo;av\u00e8nement de ce r\u00e8gne de Dieu sur la terre. On pourrait en incriminer les erreurs d&rsquo;enseignement \u2013 et m\u00eame parler de trahison, si la bonne foi des responsables pouvait \u00eatre ici suspect\u00e9e, ce qui assur\u00e9ment n&rsquo;est pas. Il demeure n\u00e9anmoins que cet av\u00e8nement du r\u00e8gne de Dieu reste situ\u00e9 dans l&rsquo;avenir. Peut-\u00eatre une dispensation nouvelle de la V\u00e9rit\u00e9 peut-elle \u00eatre attendue qui fera triom\u00adpher l&rsquo;Esprit de l&rsquo;enseignement sur son litt\u00e9ralisme \u00e9touffant, lequel a toujours pr\u00e9valu jusqu&rsquo;\u00e0 nos jours, comme nous le montre l&rsquo;examen sommaire de quelques dogmes que je vais m&rsquo;efforcer maintenant de survoler objectivement et sans pr\u00e9jug\u00e9s.<\/span><\/p>\n<div>\n<p style=\"text-align: justify;\"><a id=\"X1\" href=\"#Y1\">[1]<\/a> Au surplus la subordination du Fils au P\u00e8re est affir\u00adm\u00e9e dans ce texte \u00e9vang\u00e9lique relatif \u00e0 la fin du monde, dont nul, nous dit J\u00e9sus, ne conna\u00eet le jour ni l&rsquo;heure, ni les anges qui sont dans le Ciel, ni m\u00eame le Fils, mais seulement le P\u00e8re. (Marc XIII, 32.)<br \/>\n<a id=\"X2\" href=\"#Y2\">[2]<\/a> L&rsquo;enfer \u00e9tait, pour les Juifs, le \u00ab sch\u00e9ol \u00bb, ce monde o\u00f9 allaient les \u00e2mes des morts avant de pouvoir, apr\u00e8s leur purification, rejoindre le \u00ab Sein d&rsquo;Abraham \u00bb.<br \/>\n<a id=\"X3\" href=\"#Y3\">[3]<\/a> L\u2019\u00c9glise s&rsquo;est r\u00e9serv\u00e9e \u00e0 elle seule l&rsquo;interpr\u00e9tation du sym\u00adbolisme des \u00c9critures. Elle a condamn\u00e9 le symbolisme g\u00e9n\u00e9ralis\u00e9 comme une des trois erreurs du Modernisme.<br \/>\n<a id=\"X4\" href=\"#Y4\">[4]<\/a> Certes avant les croisades, avant l&rsquo;inquisition, a \u00e9crit Mme Zo\u00e9 Oldenbourg, \u00ab des voix d&rsquo;\u00e9v\u00eaques et d&rsquo;abb\u00e9s s&rsquo;\u00e9levaient encore pour pr\u00eacher la mis\u00e9ricorde envers les fr\u00e8res \u00e9gar\u00e9s \u00bb. Mais que pouvaient ces quelques voix isol\u00e9es et suspectes devant le fanatisme g\u00e9n\u00e9ral d\u00e9cha\u00een\u00e9 par l\u2019\u00c9glise elle-m\u00eame ? \u00ab <em>Le b\u00fbcher de Monts\u00e9gur<\/em> \u00bb, par Zo\u00e9 Oldenbourg. (Gallimard.)<br \/>\n<a id=\"X5\" href=\"#Y5\">[5]<\/a> Avec le symbolisme et l&rsquo;\u00e9volutionnisme appliqu\u00e9s aux \u00c9critures, l&rsquo;immanentisme, c&rsquo;est-\u00e0-dire la pr\u00e9sence ontologique d&rsquo;un Principe divin en l&rsquo;homme, est la troisi\u00e8me des h\u00e9r\u00e9sies modernistes condamn\u00e9es par Pie X dans son encyclique \u00ab Pas\u00adcendi \u00bb. L\u2019\u00c9glise n&rsquo;admet en l&rsquo;homme que l&rsquo;immanence surnatu\u00adrelle de Dieu par un effet de la gr\u00e2ce.<br \/>\n<a id=\"X6\" href=\"#Y6\">[6]<\/a> Dans les \u00ab Actes des Ap\u00f4tres \u00bb, discours de St-Paul et de St-\u00c9tienne, proto-martyr.<br \/>\n<a id=\"X7\" href=\"#Y7\">[7]<\/a> Citation d&rsquo;apr\u00e8s le livre \u00ab <em>Le mysticisme et la nouvelle science psychique<\/em> \u00bb, par A. Cornelius. (Castaigne, Bruxelles, 1922.)<br \/>\n<a id=\"X8\" href=\"#Y8\">[8]<\/a> De plus graves aberrations sont \u00e0 redouter chez les mystiques asc\u00e9tiques, qui n&rsquo;ont pas domin\u00e9 \u00e0 suffisance leur sentimentalit\u00e9 \u00e9motive. Les exemples ne manquent pas.<br \/>\n<a id=\"X9\" href=\"#Y9\">[9]<\/a> Article paru dans la collection \u00ab La bonne Parole \u00bb et cit\u00e9 par Paul Valliaud, l&rsquo;\u00e9minent cabaliste, dans sa revue : \u00ab Entretiens id\u00e9alistes \u00bb (ao\u00fbt 1912).<\/p>\n<\/div>\n","protected":false},"excerpt":{"rendered":"<p>Au Dieu qui se manifeste dans la Nature et dans la conscience de l&rsquo;homme fut donc oppos\u00e9 le Dieu qui se manifestait dans l&rsquo;\u00c9glise. Et celui qui pr\u00e9tendait y r\u00e9sister fut tax\u00e9 d&rsquo;orgueilleux et de r\u00e9volt\u00e9 contre Dieu. On confondit d\u00e9lib\u00e9r\u00e9ment l&rsquo;humilit\u00e9 du c\u0153ur qui est une vertu avec la servilit\u00e9 de la pens\u00e9e qui est indigne de l&rsquo;homme. Au nom de l&rsquo;une, on exigea l&rsquo;autre. Une fausse conception de l&rsquo;humi\u00adlit\u00e9 engendra une fausse vertu. La conscience publique en fut oblit\u00e9r\u00e9e, souvent annihil\u00e9e. Tout ce qu&rsquo;ordonnait l\u2019\u00c9glise fut le bien. N&rsquo;\u00e9tait-elle pas inspir\u00e9e sans cesse du St-Esprit, selon la promesse de J\u00e9sus-Christ ? L&rsquo;asservissement des cons\u00adciences \u00e9tant ainsi assur\u00e9, les pires crimes contre l&rsquo;humanit\u00e9 purent \u00eatre perp\u00e9tr\u00e9s, sans amener de r\u00e9action dans l&rsquo;\u00e2me des fid\u00e8les. Une r\u00e9action n&rsquo;e\u00fbt pu \u00eatre que l\u2019\u0153uvre du d\u00e9mon !<\/p>\n","protected":false},"author":1,"featured_media":16156,"comment_status":"closed","ping_status":"closed","sticky":false,"template":"","format":"standard","meta":{"footnotes":""},"categories":[64],"tags":[280,371,1347],"class_list":["post-16151","post","type-post","status-publish","format-standard","has-post-thumbnail","hentry","category-p-dangkor","tag-christianisme","tag-eglise","tag-spiritualite"],"yoast_head":"<!-- This site is optimized with the Yoast SEO plugin v27.0 - https:\/\/yoast.com\/product\/yoast-seo-wordpress\/ -->\n<title>Le Christianisme originel et l&#039;h\u00e9r\u00e9sie romaine par Pierre D&#039;Angkor - 3e mill\u00e9naire - Spiritualit\u00e9 - Connaissance de soi - Non-dualit\u00e9 - M\u00e9ditation<\/title>\n<meta name=\"robots\" content=\"index, follow, max-snippet:-1, max-image-preview:large, max-video-preview:-1\" \/>\n<link rel=\"canonical\" href=\"https:\/\/www.revue3emillenaire.com\/blog\/le-christianisme-originel-et-lheresie-romaine-par-pierre-dangkor\/\" \/>\n<meta property=\"og:locale\" content=\"fr_FR\" \/>\n<meta property=\"og:type\" content=\"article\" \/>\n<meta property=\"og:title\" content=\"Le Christianisme originel et l&#039;h\u00e9r\u00e9sie romaine par Pierre D&#039;Angkor - 3e mill\u00e9naire - Spiritualit\u00e9 - Connaissance de soi - Non-dualit\u00e9 - M\u00e9ditation\" \/>\n<meta property=\"og:description\" content=\"Au Dieu qui se manifeste dans la Nature et dans la conscience de l&#039;homme fut donc oppos\u00e9 le Dieu qui se manifestait dans l&#039;\u00c9glise. Et celui qui pr\u00e9tendait y r\u00e9sister fut tax\u00e9 d&#039;orgueilleux et de r\u00e9volt\u00e9 contre Dieu. On confondit d\u00e9lib\u00e9r\u00e9ment l&#039;humilit\u00e9 du c\u0153ur qui est une vertu avec la servilit\u00e9 de la pens\u00e9e qui est indigne de l&#039;homme. Au nom de l&#039;une, on exigea l&#039;autre. Une fausse conception de l&#039;humi\u00adlit\u00e9 engendra une fausse vertu. La conscience publique en fut oblit\u00e9r\u00e9e, souvent annihil\u00e9e. Tout ce qu&#039;ordonnait l\u2019\u00c9glise fut le bien. N&#039;\u00e9tait-elle pas inspir\u00e9e sans cesse du St-Esprit, selon la promesse de J\u00e9sus-Christ ? L&#039;asservissement des cons\u00adciences \u00e9tant ainsi assur\u00e9, les pires crimes contre l&#039;humanit\u00e9 purent \u00eatre perp\u00e9tr\u00e9s, sans amener de r\u00e9action dans l&#039;\u00e2me des fid\u00e8les. Une r\u00e9action n&#039;e\u00fbt pu \u00eatre que l\u2019\u0153uvre du d\u00e9mon !\" \/>\n<meta property=\"og:url\" content=\"https:\/\/www.revue3emillenaire.com\/blog\/le-christianisme-originel-et-lheresie-romaine-par-pierre-dangkor\/\" \/>\n<meta property=\"og:site_name\" content=\"3e mill\u00e9naire - Spiritualit\u00e9 - Connaissance de soi - Non-dualit\u00e9 - M\u00e9ditation\" \/>\n<meta property=\"article:published_time\" content=\"2014-05-21T20:20:27+00:00\" \/>\n<meta property=\"og:image\" content=\"https:\/\/www.revue3emillenaire.com\/blog\/wp-content\/uploads\/2014\/05\/angkor.jpg\" \/>\n\t<meta property=\"og:image:width\" content=\"201\" \/>\n\t<meta property=\"og:image:height\" content=\"281\" \/>\n\t<meta property=\"og:image:type\" content=\"image\/jpeg\" \/>\n<meta name=\"author\" content=\"3e mill\u00e9naire\" \/>\n<meta name=\"twitter:card\" content=\"summary_large_image\" \/>\n<meta name=\"twitter:label1\" content=\"\u00c9crit par\" \/>\n\t<meta name=\"twitter:data1\" content=\"3e mill\u00e9naire\" \/>\n\t<meta name=\"twitter:label2\" content=\"Dur\u00e9e de lecture estim\u00e9e\" \/>\n\t<meta name=\"twitter:data2\" content=\"36 minutes\" \/>\n<script type=\"application\/ld+json\" class=\"yoast-schema-graph\">{\"@context\":\"https:\/\/schema.org\",\"@graph\":[{\"@type\":\"Article\",\"@id\":\"https:\/\/www.revue3emillenaire.com\/blog\/le-christianisme-originel-et-lheresie-romaine-par-pierre-dangkor\/#article\",\"isPartOf\":{\"@id\":\"https:\/\/www.revue3emillenaire.com\/blog\/le-christianisme-originel-et-lheresie-romaine-par-pierre-dangkor\/\"},\"author\":{\"name\":\"3e mill\u00e9naire\",\"@id\":\"https:\/\/www.revue3emillenaire.com\/blog\/#\/schema\/person\/9a3a7cc4ccaa707f402d4394327106d5\"},\"headline\":\"Le Christianisme originel et l&rsquo;h\u00e9r\u00e9sie romaine par Pierre D&rsquo;Angkor\",\"datePublished\":\"2014-05-21T20:20:27+00:00\",\"mainEntityOfPage\":{\"@id\":\"https:\/\/www.revue3emillenaire.com\/blog\/le-christianisme-originel-et-lheresie-romaine-par-pierre-dangkor\/\"},\"wordCount\":7236,\"image\":{\"@id\":\"https:\/\/www.revue3emillenaire.com\/blog\/le-christianisme-originel-et-lheresie-romaine-par-pierre-dangkor\/#primaryimage\"},\"thumbnailUrl\":\"https:\/\/www.revue3emillenaire.com\/blog\/wp-content\/uploads\/2014\/05\/angkor.jpg\",\"keywords\":[\"christianisme\",\"\u00e9glise\",\"Spiritualit\u00e9\"],\"articleSection\":[\"d'Angkor Pierre\"],\"inLanguage\":\"fr-FR\"},{\"@type\":\"WebPage\",\"@id\":\"https:\/\/www.revue3emillenaire.com\/blog\/le-christianisme-originel-et-lheresie-romaine-par-pierre-dangkor\/\",\"url\":\"https:\/\/www.revue3emillenaire.com\/blog\/le-christianisme-originel-et-lheresie-romaine-par-pierre-dangkor\/\",\"name\":\"Le Christianisme originel et l'h\u00e9r\u00e9sie romaine par Pierre D'Angkor - 3e mill\u00e9naire - Spiritualit\u00e9 - Connaissance de soi - Non-dualit\u00e9 - M\u00e9ditation\",\"isPartOf\":{\"@id\":\"https:\/\/www.revue3emillenaire.com\/blog\/#website\"},\"primaryImageOfPage\":{\"@id\":\"https:\/\/www.revue3emillenaire.com\/blog\/le-christianisme-originel-et-lheresie-romaine-par-pierre-dangkor\/#primaryimage\"},\"image\":{\"@id\":\"https:\/\/www.revue3emillenaire.com\/blog\/le-christianisme-originel-et-lheresie-romaine-par-pierre-dangkor\/#primaryimage\"},\"thumbnailUrl\":\"https:\/\/www.revue3emillenaire.com\/blog\/wp-content\/uploads\/2014\/05\/angkor.jpg\",\"datePublished\":\"2014-05-21T20:20:27+00:00\",\"author\":{\"@id\":\"https:\/\/www.revue3emillenaire.com\/blog\/#\/schema\/person\/9a3a7cc4ccaa707f402d4394327106d5\"},\"breadcrumb\":{\"@id\":\"https:\/\/www.revue3emillenaire.com\/blog\/le-christianisme-originel-et-lheresie-romaine-par-pierre-dangkor\/#breadcrumb\"},\"inLanguage\":\"fr-FR\",\"potentialAction\":[{\"@type\":\"ReadAction\",\"target\":[\"https:\/\/www.revue3emillenaire.com\/blog\/le-christianisme-originel-et-lheresie-romaine-par-pierre-dangkor\/\"]}]},{\"@type\":\"ImageObject\",\"inLanguage\":\"fr-FR\",\"@id\":\"https:\/\/www.revue3emillenaire.com\/blog\/le-christianisme-originel-et-lheresie-romaine-par-pierre-dangkor\/#primaryimage\",\"url\":\"https:\/\/www.revue3emillenaire.com\/blog\/wp-content\/uploads\/2014\/05\/angkor.jpg\",\"contentUrl\":\"https:\/\/www.revue3emillenaire.com\/blog\/wp-content\/uploads\/2014\/05\/angkor.jpg\",\"width\":\"201\",\"height\":\"281\"},{\"@type\":\"BreadcrumbList\",\"@id\":\"https:\/\/www.revue3emillenaire.com\/blog\/le-christianisme-originel-et-lheresie-romaine-par-pierre-dangkor\/#breadcrumb\",\"itemListElement\":[{\"@type\":\"ListItem\",\"position\":1,\"name\":\"Accueil\",\"item\":\"https:\/\/www.revue3emillenaire.com\/blog\/\"},{\"@type\":\"ListItem\",\"position\":2,\"name\":\"Le Christianisme originel et l&rsquo;h\u00e9r\u00e9sie romaine par Pierre D&rsquo;Angkor\"}]},{\"@type\":\"WebSite\",\"@id\":\"https:\/\/www.revue3emillenaire.com\/blog\/#website\",\"url\":\"https:\/\/www.revue3emillenaire.com\/blog\/\",\"name\":\"3e mill\u00e9naire - Spiritualit\u00e9 - Connaissance de soi - Non-dualit\u00e9 - M\u00e9ditation\",\"description\":\"L&#039;Homme en devenir\",\"potentialAction\":[{\"@type\":\"SearchAction\",\"target\":{\"@type\":\"EntryPoint\",\"urlTemplate\":\"https:\/\/www.revue3emillenaire.com\/blog\/?s={search_term_string}\"},\"query-input\":{\"@type\":\"PropertyValueSpecification\",\"valueRequired\":true,\"valueName\":\"search_term_string\"}}],\"inLanguage\":\"fr-FR\"},{\"@type\":\"Person\",\"@id\":\"https:\/\/www.revue3emillenaire.com\/blog\/#\/schema\/person\/9a3a7cc4ccaa707f402d4394327106d5\",\"name\":\"3e mill\u00e9naire\",\"url\":\"https:\/\/www.revue3emillenaire.com\/blog\/author\/admin\/\"}]}<\/script>\n<!-- \/ Yoast SEO plugin. -->","yoast_head_json":{"title":"Le Christianisme originel et l'h\u00e9r\u00e9sie romaine par Pierre D'Angkor - 3e mill\u00e9naire - Spiritualit\u00e9 - Connaissance de soi - Non-dualit\u00e9 - M\u00e9ditation","robots":{"index":"index","follow":"follow","max-snippet":"max-snippet:-1","max-image-preview":"max-image-preview:large","max-video-preview":"max-video-preview:-1"},"canonical":"https:\/\/www.revue3emillenaire.com\/blog\/le-christianisme-originel-et-lheresie-romaine-par-pierre-dangkor\/","og_locale":"fr_FR","og_type":"article","og_title":"Le Christianisme originel et l'h\u00e9r\u00e9sie romaine par Pierre D'Angkor - 3e mill\u00e9naire - Spiritualit\u00e9 - Connaissance de soi - Non-dualit\u00e9 - M\u00e9ditation","og_description":"Au Dieu qui se manifeste dans la Nature et dans la conscience de l'homme fut donc oppos\u00e9 le Dieu qui se manifestait dans l'\u00c9glise. Et celui qui pr\u00e9tendait y r\u00e9sister fut tax\u00e9 d'orgueilleux et de r\u00e9volt\u00e9 contre Dieu. On confondit d\u00e9lib\u00e9r\u00e9ment l'humilit\u00e9 du c\u0153ur qui est une vertu avec la servilit\u00e9 de la pens\u00e9e qui est indigne de l'homme. Au nom de l'une, on exigea l'autre. Une fausse conception de l'humi\u00adlit\u00e9 engendra une fausse vertu. La conscience publique en fut oblit\u00e9r\u00e9e, souvent annihil\u00e9e. Tout ce qu'ordonnait l\u2019\u00c9glise fut le bien. N'\u00e9tait-elle pas inspir\u00e9e sans cesse du St-Esprit, selon la promesse de J\u00e9sus-Christ ? L'asservissement des cons\u00adciences \u00e9tant ainsi assur\u00e9, les pires crimes contre l'humanit\u00e9 purent \u00eatre perp\u00e9tr\u00e9s, sans amener de r\u00e9action dans l'\u00e2me des fid\u00e8les. Une r\u00e9action n'e\u00fbt pu \u00eatre que l\u2019\u0153uvre du d\u00e9mon !","og_url":"https:\/\/www.revue3emillenaire.com\/blog\/le-christianisme-originel-et-lheresie-romaine-par-pierre-dangkor\/","og_site_name":"3e mill\u00e9naire - Spiritualit\u00e9 - Connaissance de soi - Non-dualit\u00e9 - M\u00e9ditation","article_published_time":"2014-05-21T20:20:27+00:00","og_image":[{"width":201,"height":281,"url":"https:\/\/www.revue3emillenaire.com\/blog\/wp-content\/uploads\/2014\/05\/angkor.jpg","type":"image\/jpeg"}],"author":"3e mill\u00e9naire","twitter_card":"summary_large_image","twitter_misc":{"\u00c9crit par":"3e mill\u00e9naire","Dur\u00e9e de lecture estim\u00e9e":"36 minutes"},"schema":{"@context":"https:\/\/schema.org","@graph":[{"@type":"Article","@id":"https:\/\/www.revue3emillenaire.com\/blog\/le-christianisme-originel-et-lheresie-romaine-par-pierre-dangkor\/#article","isPartOf":{"@id":"https:\/\/www.revue3emillenaire.com\/blog\/le-christianisme-originel-et-lheresie-romaine-par-pierre-dangkor\/"},"author":{"name":"3e mill\u00e9naire","@id":"https:\/\/www.revue3emillenaire.com\/blog\/#\/schema\/person\/9a3a7cc4ccaa707f402d4394327106d5"},"headline":"Le Christianisme originel et l&rsquo;h\u00e9r\u00e9sie romaine par Pierre D&rsquo;Angkor","datePublished":"2014-05-21T20:20:27+00:00","mainEntityOfPage":{"@id":"https:\/\/www.revue3emillenaire.com\/blog\/le-christianisme-originel-et-lheresie-romaine-par-pierre-dangkor\/"},"wordCount":7236,"image":{"@id":"https:\/\/www.revue3emillenaire.com\/blog\/le-christianisme-originel-et-lheresie-romaine-par-pierre-dangkor\/#primaryimage"},"thumbnailUrl":"https:\/\/www.revue3emillenaire.com\/blog\/wp-content\/uploads\/2014\/05\/angkor.jpg","keywords":["christianisme","\u00e9glise","Spiritualit\u00e9"],"articleSection":["d'Angkor Pierre"],"inLanguage":"fr-FR"},{"@type":"WebPage","@id":"https:\/\/www.revue3emillenaire.com\/blog\/le-christianisme-originel-et-lheresie-romaine-par-pierre-dangkor\/","url":"https:\/\/www.revue3emillenaire.com\/blog\/le-christianisme-originel-et-lheresie-romaine-par-pierre-dangkor\/","name":"Le Christianisme originel et l'h\u00e9r\u00e9sie romaine par Pierre D'Angkor - 3e mill\u00e9naire - Spiritualit\u00e9 - Connaissance de soi - Non-dualit\u00e9 - M\u00e9ditation","isPartOf":{"@id":"https:\/\/www.revue3emillenaire.com\/blog\/#website"},"primaryImageOfPage":{"@id":"https:\/\/www.revue3emillenaire.com\/blog\/le-christianisme-originel-et-lheresie-romaine-par-pierre-dangkor\/#primaryimage"},"image":{"@id":"https:\/\/www.revue3emillenaire.com\/blog\/le-christianisme-originel-et-lheresie-romaine-par-pierre-dangkor\/#primaryimage"},"thumbnailUrl":"https:\/\/www.revue3emillenaire.com\/blog\/wp-content\/uploads\/2014\/05\/angkor.jpg","datePublished":"2014-05-21T20:20:27+00:00","author":{"@id":"https:\/\/www.revue3emillenaire.com\/blog\/#\/schema\/person\/9a3a7cc4ccaa707f402d4394327106d5"},"breadcrumb":{"@id":"https:\/\/www.revue3emillenaire.com\/blog\/le-christianisme-originel-et-lheresie-romaine-par-pierre-dangkor\/#breadcrumb"},"inLanguage":"fr-FR","potentialAction":[{"@type":"ReadAction","target":["https:\/\/www.revue3emillenaire.com\/blog\/le-christianisme-originel-et-lheresie-romaine-par-pierre-dangkor\/"]}]},{"@type":"ImageObject","inLanguage":"fr-FR","@id":"https:\/\/www.revue3emillenaire.com\/blog\/le-christianisme-originel-et-lheresie-romaine-par-pierre-dangkor\/#primaryimage","url":"https:\/\/www.revue3emillenaire.com\/blog\/wp-content\/uploads\/2014\/05\/angkor.jpg","contentUrl":"https:\/\/www.revue3emillenaire.com\/blog\/wp-content\/uploads\/2014\/05\/angkor.jpg","width":"201","height":"281"},{"@type":"BreadcrumbList","@id":"https:\/\/www.revue3emillenaire.com\/blog\/le-christianisme-originel-et-lheresie-romaine-par-pierre-dangkor\/#breadcrumb","itemListElement":[{"@type":"ListItem","position":1,"name":"Accueil","item":"https:\/\/www.revue3emillenaire.com\/blog\/"},{"@type":"ListItem","position":2,"name":"Le Christianisme originel et l&rsquo;h\u00e9r\u00e9sie romaine par Pierre D&rsquo;Angkor"}]},{"@type":"WebSite","@id":"https:\/\/www.revue3emillenaire.com\/blog\/#website","url":"https:\/\/www.revue3emillenaire.com\/blog\/","name":"3e mill\u00e9naire - Spiritualit\u00e9 - Connaissance de soi - Non-dualit\u00e9 - M\u00e9ditation","description":"L&#039;Homme en devenir","potentialAction":[{"@type":"SearchAction","target":{"@type":"EntryPoint","urlTemplate":"https:\/\/www.revue3emillenaire.com\/blog\/?s={search_term_string}"},"query-input":{"@type":"PropertyValueSpecification","valueRequired":true,"valueName":"search_term_string"}}],"inLanguage":"fr-FR"},{"@type":"Person","@id":"https:\/\/www.revue3emillenaire.com\/blog\/#\/schema\/person\/9a3a7cc4ccaa707f402d4394327106d5","name":"3e mill\u00e9naire","url":"https:\/\/www.revue3emillenaire.com\/blog\/author\/admin\/"}]}},"_links":{"self":[{"href":"https:\/\/www.revue3emillenaire.com\/blog\/wp-json\/wp\/v2\/posts\/16151","targetHints":{"allow":["GET"]}}],"collection":[{"href":"https:\/\/www.revue3emillenaire.com\/blog\/wp-json\/wp\/v2\/posts"}],"about":[{"href":"https:\/\/www.revue3emillenaire.com\/blog\/wp-json\/wp\/v2\/types\/post"}],"author":[{"embeddable":true,"href":"https:\/\/www.revue3emillenaire.com\/blog\/wp-json\/wp\/v2\/users\/1"}],"replies":[{"embeddable":true,"href":"https:\/\/www.revue3emillenaire.com\/blog\/wp-json\/wp\/v2\/comments?post=16151"}],"version-history":[{"count":0,"href":"https:\/\/www.revue3emillenaire.com\/blog\/wp-json\/wp\/v2\/posts\/16151\/revisions"}],"wp:featuredmedia":[{"embeddable":true,"href":"https:\/\/www.revue3emillenaire.com\/blog\/wp-json\/wp\/v2\/media\/16156"}],"wp:attachment":[{"href":"https:\/\/www.revue3emillenaire.com\/blog\/wp-json\/wp\/v2\/media?parent=16151"}],"wp:term":[{"taxonomy":"category","embeddable":true,"href":"https:\/\/www.revue3emillenaire.com\/blog\/wp-json\/wp\/v2\/categories?post=16151"},{"taxonomy":"post_tag","embeddable":true,"href":"https:\/\/www.revue3emillenaire.com\/blog\/wp-json\/wp\/v2\/tags?post=16151"}],"curies":[{"name":"wp","href":"https:\/\/api.w.org\/{rel}","templated":true}]}}