{"id":16244,"date":"2014-06-24T16:52:29","date_gmt":"2014-06-24T15:52:29","guid":{"rendered":"http:\/\/www.revue3emillenaire.com\/blog\/?p=16244"},"modified":"2014-06-24T16:52:29","modified_gmt":"2014-06-24T15:52:29","slug":"qui-connait-la-personna%c2%adlite-par-jean-klein","status":"publish","type":"post","link":"https:\/\/www.revue3emillenaire.com\/blog\/qui-connait-la-personna%c2%adlite-par-jean-klein\/","title":{"rendered":"Qui conna\u00eet la personna\u00adlit\u00e9 ? par Jean Klein"},"content":{"rendered":"<p align=\"justify\">(Revue \u00catre. No 1. 15<span style=\"color: #000000;\"><sup><span style=\"font-size: medium;\"><span lang=\"fr-FR\">e<\/span><\/span><\/sup><\/span> ann\u00e9e. 1987)<\/p>\n<p align=\"justify\"><i>Le titre est de 3<sup>e<\/sup> Mill\u00e9naire<\/i><\/p>\n<p align=\"justify\">Avez-vous approfondi le motif qui vous a pouss\u00e9s \u00e0 venir ici aujourd&rsquo;hui ?<\/p>\n<p align=\"justify\"><i><b>Vous nous demandez pourquoi nous sommes ici ? Mais vous y \u00eates bien vous aussi !<\/b><\/i><\/p>\n<p align=\"justify\">Si je vous ai fait cette r\u00e9flexion, c&rsquo;est pour vous engager \u00e0 d\u00e9tecter le mobile de vos actions. Bien s\u00fbr, c&rsquo;est par amiti\u00e9 que nous nous retrouvons. Seulement, avez-vous remarqu\u00e9 que tr\u00e8s souvent vos occupations sont en r\u00e9alit\u00e9 des compen\u00adsations ? Compensations de quoi ? La plupart du temps, vous ne le savez m\u00eame pas ; c&rsquo;est une sensation de vide, une carence que vous essayez de combler. Interrogez ces manques : vous allez au cin\u00e9ma, vous t\u00e9l\u00e9phonez, vous faites votre valise pour partir en voyage, etc., sans remarquer qu&rsquo;en g\u00e9n\u00e9ral, vous vous masquez \u00e0 vous-m\u00eame la v\u00e9ritable raison de ce besoin d&rsquo;agir.<\/p>\n<p align=\"justify\">Je ne veux pas dire : n&rsquo;allez pas au cin\u00e9ma, ne voyagez pas, n&rsquo;allez pas au concert, \u00e9videmment non, mais au moment o\u00f9 vous sentez une incompl\u00e9tude vous tourmenter, contemplez ce malaise, interrogez-le. Venir ici peut \u00e9galement \u00eatre une s\u00e9curisation, ce n&rsquo;est pas forc\u00e9ment le cas, mais ce n&rsquo;est pas impossible. Voyez-le. Si cela est exact \u2013 m\u00eame partiellement \u2013 d\u00e9passez ce stade, cherchez pourquoi vous \u00eates habit\u00e9 par ce vide morne, anxieux. En fait, c&rsquo;est l&rsquo;homme qui a toujours besoin de se rassurer. Seulement, la r\u00e9ponse est derri\u00e8re le chercheur, celui-ci ne peut jamais acc\u00e9der \u00e0 l&rsquo;ultime suffisance. Une intuition, un appel puissant de l&rsquo;\u00eatre vous aidera \u00e0 vous int\u00e9rioriser et fera dispara\u00eetre votre angoisse. Cette pl\u00e9nitude ne peut se pr\u00e9senter sur un plan verbal, repr\u00e9\u00adsentatif, c&rsquo;est le profond saisissement d&rsquo;un soi-m\u00eame ; un moment o\u00f9 disparaissent le d\u00e9sir d&rsquo;\u00eatre ceci ou cela, la division sujet\/objet observateur\/chose observ\u00e9e, moi et le monde, Dieu et moi, etc. Voil\u00e0 pourquoi je vous sugg\u00e9rais qu&rsquo;il aurait peut-\u00eatre \u00e9t\u00e9 pr\u00e9f\u00e9rable de rester chez vous \u00e0 examiner les motifs qui vous font agir. Bien entendu, ceci n&#8217;emp\u00eache pas l&rsquo;agr\u00e9\u00adment et aussi l&rsquo;ouverture plus lucide que peuvent susciter nos rencontres, tout au moins, je l&rsquo;esp\u00e8re.<\/p>\n<p align=\"justify\">Certains jours sont mieux appropri\u00e9s que d&rsquo;autres pour vous interroger ainsi. Vous pouvez \u00eatre dans de meilleures dispositions et port\u00e9 \u00e0 faire face \u00e0 votre inqui\u00e9tude au lieu de fuir vos carences. Le noyau qui les s\u00e9cr\u00e8te est l&rsquo;id\u00e9e de vous prendre pour une entit\u00e9 personnelle. Celle-ci est toujours isol\u00e9e, elle se sent seule, malheureuse et veut y rem\u00e9dier, vous le savez. Soyez donc \u00e0 l&rsquo;\u00e9coute pour saisir l&rsquo;instant opportun afin d&rsquo;affronter cette sonnette d&rsquo;alarme qui vous permet de vous situer d&rsquo;une mani\u00e8re plus juste, plus exacte. Vous devez le comprendre. Je ne vous parle pas de la compr\u00e9hension obtenue gr\u00e2ce aux \u00e9l\u00e9ments que vous connaissez d\u00e9j\u00e0, mais plut\u00f4t de vivre avec ces arguments, d&rsquo;\u00ab \u00eatre compr\u00e9hension \u00bb, et vous vous sentirez envahi par une \u00e9vidence. Si vous vivez avec cette interrogation sans vouloir l&rsquo;\u00e9trangler, sans essayer de savoir (c&rsquo;est la personne qui veut \u00e0 tout prix une solution) elle se transformera chaque jour, chaque semaine, elle perdra son c\u00f4t\u00e9 concret et votre totalit\u00e9 apportera la r\u00e9ponse vivante, non intellectuelle.<\/p>\n<p align=\"justify\">Une v\u00e9ritable question surgit d&rsquo;un besoin intuitif de conna\u00eetre, de savoir. En fraternisant silencieusement avec elle, vous lui donnez la possibilit\u00e9 de se d\u00e9voiler. Cela ne peut se faire au moyen de la m\u00e9moire. D&rsquo;autres choses montent \u00e0 la surface et consument cette inqui\u00e9tude, r\u00e9v\u00e9lant en quelque sorte, la r\u00e9ponse. Dans la vie, nous ne devons jamais d\u00e9ter\u00adminer, affirmer, conclure. Bien s\u00fbr, nous y sommes contraints de temps \u00e0 autre, mais cette conclusion a sa signification dans l&rsquo;instant m\u00eame, pour un cas particulier.<\/p>\n<p align=\"justify\"><i><b>Sommes-nous la conscience ? Est-ce notre \u00e9tat ultime ?<\/b><\/i><\/p>\n<p align=\"justify\">Notre conscience est la supr\u00eame r\u00e9alit\u00e9, elle ne se laisse pas repr\u00e9senter, pas objectiver. La personne ne peut la situer, elle est au-del\u00e0 de ses perceptions, au-del\u00e0 des possibilit\u00e9s du mental et se reconna\u00eet donc seulement elle-m\u00eame. Lorsque vous \u00eates attentif \u2013 geste naturel inh\u00e9rent \u00e0 notre intelligence \u2013 sans ing\u00e9rence de jugement ou d&rsquo;\u00e9valuation et que vous laissez tout ce qui est per\u00e7u se livrer enti\u00e8rement \u00e0 vous, cette attention prend une sorte d&rsquo;expansion, elle cro\u00eet et devient conscience\/ pr\u00e9sence.<\/p>\n<p align=\"justify\"><i><b>Justement, au-del\u00e0 de ce que vous nous dites, il passe quelque chose. Est-ce d\u00fb uniquement \u00e0 votre pr\u00e9sence, ou bien, est-ce une projection, une cr\u00e9ation de notre imagination ?<\/b><\/i><\/p>\n<p align=\"justify\">Pour que quelque chose passe, restez \u00e0 l&rsquo;\u00e9coute, ne vous r\u00e9f\u00e9rez pas \u00e0 votre m\u00e9moire, \u00e0 ce que vous savez par ailleurs. L&rsquo;explication sollicit\u00e9e surgit de cet \u00ab au-del\u00e0 \u00bb, elle ne se rapporte \u00e0 rien d&rsquo;objectif, mais \u00e0 ce que vous \u00eates profond\u00e9\u00adment, \u00e0 votre totalit\u00e9. Pour que le message soit ressenti, votre comportement, votre r\u00e9ceptivit\u00e9 jouent un r\u00f4le tr\u00e8s important. Vous voulez souvent rester au niveau intellectuel que vous avez choisi ; il est essentiel d&rsquo;examiner le point de d\u00e9part de votre interrogation, si elle n&rsquo;est pas superficielle, si elle est v\u00e9ritablement v\u00e9cue, vous l&rsquo;exprimez, puis il y a attente. C&rsquo;est une ouverture totale, exempte de tout d\u00e9sir de comprendre au plan verbal, un l\u00e2cher prise de toute ext\u00e9riorisation. Alors, vous \u00eates saisi par l&rsquo;inexprimable, la r\u00e9ponse est vivante, comme nous le disions \u00e0 l&rsquo;instant.<\/p>\n<p align=\"justify\">Si nous discutons de probl\u00e8mes d&rsquo;objets, vous pouvez obtenir certains renseignements, il peut \u00eatre fait allusion \u00e0 des r\u00e9f\u00e9rences, \u00e0 des analogies. Vous avez une repr\u00e9sentation, par exemple du go\u00fbt de l&rsquo;orange ou de la mandarine par des comparaisons approximatives. Nous parlons actuellement d&rsquo;un v\u00e9cu qui ne peut \u00eatre objectiv\u00e9, on ne peut le chercher dans le domaine des concepts, des percepts.<\/p>\n<p align=\"justify\"><i><b>Si le corps n&rsquo;est pas un concept, qu&rsquo;est-il ?<\/b><\/i><\/p>\n<p align=\"justify\">C&rsquo;est un objet fait des cinq sens, il n&rsquo;a pas de r\u00e9alit\u00e9, \u00e0 la fa\u00e7on ordinaire d&rsquo;utiliser ce mot, c&rsquo;est-\u00e0-dire : \u00ab quelque chose qui a une existence en soi \u00bb. Il n&rsquo;a pas d&rsquo;existence ind\u00e9\u00adpendante, il a besoin de la conscience pour \u00eatre connu. Dans ce sens-l\u00e0, il n&rsquo;a pas de r\u00e9alit\u00e9.<\/p>\n<p align=\"justify\"><i><b>La compr\u00e9hension gr\u00e2ce \u00e0 l&rsquo;approche corporelle \u00e9mane-t-elle de la conscience ?<\/b><\/i><\/p>\n<p align=\"justify\">Nous sommes attentifs, conscients au moment o\u00f9 nous donnons un ordre \u00e0 notre corps, mais si vous avez vraiment saisi ce qui vous est enseign\u00e9, vous verrez qu&rsquo;en lui accordant momentan\u00e9ment une importance, c&rsquo;est notre mani\u00e8re de l&rsquo;approcher qui est vis\u00e9e, une \u00e9coute de notre comportement \u00e0 tout point de vue, libre de volition. C&rsquo;est cette attente qui nous int\u00e9resse, le reste n&rsquo;est que pr\u00e9texte. Elle doit \u00eatre iden\u00adtique dans vos activit\u00e9s journali\u00e8res, dans vos contacts avec les autres et vis-\u00e0-vis de vos sensations. Familiarisez-vous avec une observation vierge, innocente, ouverte, o\u00f9 l&rsquo;objet se rapporte uniquement \u00e0 la totalit\u00e9 et se d\u00e9voile sans restric\u00adtion, sinon il resterait conditionn\u00e9, habill\u00e9 ; un centre qui interpr\u00e8te ne peut pr\u00e9tendre conna\u00eetre les perceptions, il voit par le biais de ses r\u00e9sistances, de ses r\u00e9actions. Au fond, nous devons \u00eatre dignes de ce d\u00e9shabillage, l&rsquo;objet daigne nous confier son secret si nous l&rsquo;accueillons dans cette lumineuse ouverture.<\/p>\n<p align=\"justify\">Dans le travail corporel, quand votre int\u00e9r\u00eat n&rsquo;est plus dirig\u00e9 vers l&rsquo;individu, vous n&rsquo;\u00eates plus noy\u00e9 dans cet objet, un espace s&rsquo;ouvre entre l&rsquo;observation et la chose observ\u00e9e. Une \u00e9coute attentive vous fait sentir ce recul, vous n&rsquo;\u00eates plus concern\u00e9, impliqu\u00e9 et ce d\u00e9tachement entra\u00eene le pressenti\u00adment de la pr\u00e9sence, le pressentiment de votre autonomie.<\/p>\n<p align=\"justify\">Votre lucidit\u00e9 a d&rsquo;abord \u00e9t\u00e9 retenue par quelque chose : conscience fonctionnelle, puis, lorsque cette perception s&rsquo;efface, la pure conscience se r\u00e9v\u00e8le \u00e0 vous. Pour en revenir \u00e0 notre probl\u00e8me, le corps est un objet per\u00e7u comme les autres.<\/p>\n<p align=\"justify\"><i><b>La personnalit\u00e9 humaine doit se rendre compte qu&rsquo;elle d\u00e9pend de l&rsquo;ultime t\u00e9moin et faire de cela sa raison de vivre. Comment r\u00e9soudre cette contradiction, puisqu&rsquo;elle n&rsquo;a plus de but ?<\/b><\/i><\/p>\n<p align=\"justify\">Le moins ne peut discerner le plus, la personne est dans l&rsquo;impossibilit\u00e9 de comprendre \u00e9tant elle-m\u00eame une perception. Je me demanderais \u00e0 votre place : Qui conna\u00eet la personna\u00adlit\u00e9 ? Elle est en grande partie compos\u00e9e d&rsquo;\u00e9l\u00e9ments qui assu\u00adrent la survie en tant qu&rsquo;individu, de choses apprises, d&rsquo;\u00e9du\u00adcation, d&rsquo;exp\u00e9riences. C&rsquo;est un produit de la soci\u00e9t\u00e9 avec lequel vous vous identifiez. Je poserais plut\u00f4t la question d&rsquo;une autre mani\u00e8re : Quelle est la lumi\u00e8re qui l&rsquo;\u00e9claire, qui est derri\u00e8re toute repr\u00e9sentation ? Vous ne trouverez jamais la r\u00e9ponse, mais vous serez saisi par un silence, pr\u00e9sence ultime qui se suffit \u00e0 elle-m\u00eame.<\/p>\n<p align=\"justify\"><i><b>En parlant de manifestation, vous choisissez le film comme point de comparaison. Je croyais qu&rsquo;il \u00e9tait fix\u00e9 une fois pour toutes. Par ailleurs, vous nous indiquez que les \u00e9v\u00e9nements se cr\u00e9ent d&rsquo;instant en instant. Par moment, j&rsquo;ai pourtant l&rsquo;impression qu&rsquo;on peut intervenir dans le d\u00e9roulement de la bobine.<\/b><\/i><\/p>\n<p align=\"justify\">Cette intervention est \u00e9galement inscrite sur la pellicule. Vous n&rsquo;\u00eates qu&rsquo;une maille dans une immense toile d&rsquo;araign\u00e9e multi-dimensionnelle. Imaginez cela : vous \u00eates une simple maille minuscule !<\/p>\n<p align=\"justify\"><i><b>L&rsquo;autre jour, en me promenant avec vous, nous remar\u00adquions la beaut\u00e9 de la nature. Nous avons rencontr\u00e9 une petite fille adorable et la maille que je suis s&rsquo;est dit : Que faire pour pr\u00e9server tout cela, car il y a aussi une maille qui s&rsquo;appelle Khadafi ou autre. Elle peut nous faire tr\u00e8s peur. \u00c0 un plan plus personnel, je pense \u00e9galement ceci : Comment orienter ma vie ? Je pr\u00e9f\u00e9rerais avoir un m\u00e9tier enrichissant \u00e0 tout point de vue, plut\u00f4t que de terminer comme un clochard !<\/b><\/i><\/p>\n<p align=\"justify\">La r\u00e9flexion : Qu&rsquo;est-ce que la vie ? Quelle est la mienne ? est sur le film, la d\u00e9cision que vous prendrez \u00e9galement. Tout ce qui se passe y est d\u00e9j\u00e0 inscrit.<\/p>\n<p align=\"justify\"><i><b>\u00c0 quel moment se pr\u00e9pare le sc\u00e9nario ?<\/b><\/i><\/p>\n<p align=\"justify\">\u00c0 chaque instant. N&rsquo;oubliez pas que nous sommes condi\u00adtionn\u00e9s par le triple temps : pass\u00e9, pr\u00e9sent, futur. C&rsquo;est notre pens\u00e9e qui fonctionne de la sorte, nous ne pouvons saisir la simultan\u00e9it\u00e9 des choses, mais une seule \u00e0 la fois. Nous connais\u00adsons, bon gr\u00e9, mal gr\u00e9, les \u00e9v\u00e9nements en succession. En r\u00e9alit\u00e9, le temps n&rsquo;existe pas, il est invent\u00e9 par la m\u00e9moire, tout est instantan\u00e9it\u00e9, que nous l&rsquo;acceptions ou non ; du reste cela aussi est sur la pellicule.<\/p>\n<p align=\"justify\"><i><b>Je peux oublier cette constante interrogation en regardant la mer, mais en tant que maillon ne dois-je pas chercher ? Quel est mon r\u00f4le, que fais-je l\u00e0-dedans ?<\/b><\/i><\/p>\n<p align=\"justify\">C&rsquo;est vrai, mais comprenez que tout est d\u00e9j\u00e0 inscrit, sauf vous en tant que conscience. C&rsquo;est cette pr\u00e9sence qui \u00e9claire le film, sans elle, il ne pourrait d\u00e9filer. Elle est la vie, ce qui se d\u00e9roule en est une expression, un jeu, ne l&rsquo;interpr\u00e9tez pas dans le sens d&rsquo;une \u00e9volution. Cela se passe, c&rsquo;est tout.<\/p>\n<p align=\"justify\"><i><b>Vous donnez pourtant des conseils ?<\/b><\/i><\/p>\n<p align=\"justify\">C&rsquo;est inscrit \u00e9galement.<\/p>\n<p align=\"justify\"><i><b>Je m&rsquo;entra\u00eene sans r\u00e9sultat depuis des ann\u00e9es \u00e0 me convain\u00adcre de cette id\u00e9e ! \u00ab Je suis le Soi \u00bb, je n\u2019arrive pas \u00e0 le croire vraiment.<\/b><\/i><\/p>\n<p align=\"justify\">Ne cherchez pas ce que vous \u00eates, vous vous \u00e9loigneriez, pensez plut\u00f4t \u00e0 ce que vous n&rsquo;\u00eates pas.<\/p>\n<p align=\"justify\"><i><b>Ici, par exemple, je contemple la mer et toute angoisse existentielle dispara\u00eet. Cependant, je n&rsquo;ai pas eu de r\u00e9v\u00e9lation qui me permette d&rsquo;\u00eatre Un avec ce qui m&rsquo;entoure.<\/b><\/i><\/p>\n<p align=\"justify\">Vous vous r\u00e9v\u00e9lez en vous-m\u00eame. L\u00e0, se trouve la joie, raison d&rsquo;\u00eatre du film, si l&rsquo;on s&rsquo;y r\u00e9f\u00e8re. Ce que vous appelez \u00ab les \u00e9l\u00e9ments qui le composent \u00bb sont des manifestations de la vie qu&rsquo;elle laisse filtrer en les illuminant, car tout ce qui est en vous est beaucoup plus extraordinaire, plus grand, plus merveilleux qu&rsquo;il n&rsquo;est possible de l&rsquo;imaginer.<\/p>\n<p align=\"justify\"><i><b>Le souvenir de ma petite enfance m&rsquo;a \u00e9t\u00e9 parfois doulou\u00adreux. Maintenant, je regarde ces r\u00e9miniscences avec b\u00e9atitude.<\/b><\/i><\/p>\n<p align=\"justify\">Cette image fait aussi partie de ce qui a filtr\u00e9, mais le fait d&rsquo;en parler vous montre que vous en \u00e9tiez l&rsquo;\u00e9clairage. Vous l&rsquo;\u00eates toujours, soyez-le sciemment, c&rsquo;est tout.<\/p>\n<p align=\"justify\"><i><b>Si je ne venais pas ici depuis longtemps, je vous dirais : Comment le vivre sciemment ? Mon regard n&rsquo;est pas aussi pur devant vous que devant la mer : j&rsquo;attends encore quelque chose.<\/b><\/i><\/p>\n<p align=\"justify\">Vous me regardez du point de vue de la personne. Vous pensez, voil\u00e0 un corps, il fonctionne comme les autres. Le jour o\u00f9 vous vous consid\u00e9rez seulement comme \u00e9clairage, vous voyez uniquement l&rsquo;\u00e9clairage en face de vous. Pour le mental, tout a un nom, une caract\u00e9ristique, etc., du point de vue du Soi, tout est conscience.<\/p>\n<p align=\"justify\">Il me semble important d&rsquo;examiner ce que vous appelez votre vie, qui n&rsquo;est \u00e9videmment qu&rsquo;une expression du Soi. L&rsquo;existence de la maille que vous repr\u00e9sentez dans cette immense toile d&rsquo;araign\u00e9e est inscrite depuis l&rsquo;\u00e9ternit\u00e9 : pass\u00e9, pr\u00e9sent, futur. La lumi\u00e8re de la totalit\u00e9, de l&rsquo;ultime r\u00e9alit\u00e9 fait appara\u00eetre l&rsquo;ensemble, comme pour chacun d&rsquo;entre nous. Ne montez pas sur la sc\u00e8ne, ne vous identifiez pas avec les acteurs, vous jouerez obligatoirement votre r\u00f4le, restez tranquillement assis sur un fauteuil d&rsquo;orchestre, vous serez heureux, en paix, croyez-moi.<\/p>\n<p align=\"justify\"><i><b>Le cr\u00e9ateur du film ne se manifeste donc jamais durant le sc\u00e9nario ?<\/b><\/i><\/p>\n<p align=\"justify\">Tout ce qui est objectivit\u00e9 y appara\u00eet, nous le percevons en succession. Votre position affecte non seulement votre entou\u00adrage, mais Madras, Shanghai, Rome, Singapour. Vous \u00eates \u00e9troitement li\u00e9 \u00e0 l&rsquo;univers, en tant qu&rsquo;acteur. Vous connaissez par ailleurs des moments merveilleux o\u00f9 vous \u00eates en dehors de ce jeu qui continue pourtant. Cultivez-les, sans monter sur la sc\u00e8ne car si vous le faites, vous boiterez. Dans l&rsquo;absence du je, d&rsquo;une repr\u00e9sentation sous une forme ou une autre, concep\u00adtuelle ou perceptuelle, vous n&rsquo;\u00eates pas enferm\u00e9 dans la struc\u00adture d&rsquo;un mental qui \u00e9value, compare et juge ; vous occupez la globalit\u00e9. L&rsquo;absence du positif entra\u00eene celle du n\u00e9gatif, ils sont tous deux \u00e9limin\u00e9s. Cette pr\u00e9sence n&rsquo;est pas individuelle, elle habite tout \u00eatre vivant : Appelez-la Amour, c&rsquo;est, je crois, la meilleure formulation. L&rsquo;individualit\u00e9 n&rsquo;a pas de place lorsque nous vivons cet amour, nous l&rsquo;utilisons \u00e0 l&rsquo;occasion, bien entendu, mais nous ne nous confondons plus avec les carac\u00adt\u00e9ristiques de notre personnalit\u00e9. L&rsquo;artisan a besoin de cer\u00adtaines connaissances pour ext\u00e9rioriser son imagination, nous les employons normalement, c&rsquo;est la mission de notre intellect, en quelque sorte.<\/p>\n<p align=\"justify\">Dans la totalit\u00e9, si la personne est absente, la relation entre les \u00eatres est une non-relation, sinon, c&rsquo;est un contact d&rsquo;affaires, toujours int\u00e9ress\u00e9, le v\u00e9ritable don se fait dans une absence \u00e0 soi-m\u00eame. Voyez-le sur le vif et vous ne vous laisserez plus charmer par l&rsquo;id\u00e9e d&rsquo;\u00eatre tel ou tel.<\/p>\n<p align=\"justify\"><i><b>Oui, mais quel recours avons-nous le jour o\u00f9 cette per\u00adsonnalit\u00e9 d\u00e9borde la conscience ? Vous nous avez dit qu&rsquo;on ne soignait pas le mental par le mental. Nous connaissons ces moments privil\u00e9gi\u00e9s \u00e9voqu\u00e9s \u00e0 l&rsquo;instant, nous connaissons \u00e9galement ceux o\u00f9 nous sommes envahis, noy\u00e9s dans notre ego. Que faire en ce cas ?<\/b><\/i><\/p>\n<p align=\"justify\">Votre moi vit dans votre pr\u00e9sence dont il d\u00e9coule. Ne vous d\u00e9fendez pas de ses d\u00e9bordements, laissez-les s&rsquo;exprimer, sans chercher \u00e0 les diriger, \u00e0 les att\u00e9nuer. Votre lucidit\u00e9 va s&rsquo;\u00e9veiller et vous vous situerez \u00e0 l&rsquo;ext\u00e9rieur, en quelque sorte. En r\u00e9alit\u00e9, ces d\u00e9bordements sont en vous, vous n&rsquo;\u00eates pas en eux. Constatez-le, il se fera automatiquement un l\u00e2cher prise devant ce d\u00e9ploiement effr\u00e9n\u00e9 d&rsquo;\u00e9nergies dans l&rsquo;espace\/temps.<\/p>\n<p align=\"justify\"><i><b>Mais, nous n&rsquo;en sommes pas souvent ma\u00eetres !<\/b><\/i><\/p>\n<p align=\"justify\">Vous vous sentez envahis avec toute l&rsquo;affectivit\u00e9 que cela comporte ; allongez-vous, laissez passer ces vagues. Nous som\u00admes parfois stimul\u00e9s par d&rsquo;anciens sch\u00e9mas du pass\u00e9, par des actions de notre entourage qui nous suffoquent, nous sommes hors de nous. Alors, asseyez-vous sur une banquette, l\u00e2chez prise, ne soyez pas complice de cet \u00e9chauffement, de ces d\u00e9bordements.<\/p>\n<p align=\"justify\"><i><b>Nous sommes de temps \u00e0 autre confront\u00e9s \u00e0 des situations auxquelles nous ne pouvons rien changer, mais que nous n&rsquo;acceptons pas, le mental se fait alors tout un cin\u00e9ma. Quelle est la meilleure attitude pour en sortir ?<\/b><\/i><\/p>\n<p align=\"justify\">Rendons-nous compte que de toute mani\u00e8re, nous faisons toujours du cin\u00e9ma \u00e0 longueur de journ\u00e9e. Nous vivons dans un temps psychologique, nous retournons vers notre pass\u00e9, projetons le futur et restons peu dans le pr\u00e9sent. Observez-le. Il est bien difficile d&rsquo;arriver \u00e0 une vision saine du jour au len\u00addemain. En principe si, mais nous sommes tellement condi\u00adtionn\u00e9s que nous retombons g\u00e9n\u00e9ralement dans nos errements pass\u00e9s. Nos actions sont-elles chaque fois n\u00e9cessaires ? Proba\u00adblement non, mais nous restons dans la conceptualisation et le moi veut survivre. Comprenez bien : la v\u00e9ritable pr\u00e9sence se manifeste seulement dans l&rsquo;absence de projection d&rsquo;un personnage, le manque est uniquement exp\u00e9riment\u00e9 par lui. Vivez cette conviction et vous constaterez la l\u00e9g\u00e8ret\u00e9, la libert\u00e9, la joie, l&rsquo;amour qui vous empliront alors. La vie de tous les jours nous commande, bien s\u00fbr, diverses actions, par contre, ce n&rsquo;est pas l&rsquo;intellect discriminatif mais la situation qui dirigera nos pas.<\/p>\n<p align=\"justify\"><i><b>Il est hors de doute que la vie est toujours au pr\u00e9sent, maintenant. Nous \u00e9tions diff\u00e9rents le mois dernier et nous ne serons pas semblables dans un an, tout cela est facile \u00e0 saisir sur le plan du mental, mais l&rsquo;incarner, le vivre vraiment ? O\u00f9 est la pr\u00e9sence ?<\/b><\/i><\/p>\n<p align=\"justify\">Vous pouvez uniquement la d\u00e9couvrir dans la vie de chaque jour, dans les moments o\u00f9 tout semble \u00eatre accompli, sans r\u00e9capitulation ni jugement. Votre esprit est au repos, sans que le pass\u00e9 intervienne pour \u00e9chafauder le futur. Soyez en identit\u00e9 avec cet instant privil\u00e9gi\u00e9, sans repr\u00e9sentation : telle nationalit\u00e9, telle qualit\u00e9, tel compte en banque, telle connaissance. Notre carte d&rsquo;identit\u00e9 nous isole, nous cherchons la s\u00e9curit\u00e9, nous cherchons \u00e0 \u00eatre, mais n&rsquo;allons pas dans la bonne direction. Ce que nous sommes ne peut \u00eatre objectiv\u00e9. Lorsque nous disons : je connais le monde, une situation, nous les avons vus sous un certain angle, nous en avons saisi une fraction, l&rsquo;action qui en r\u00e9sulte n&rsquo;est pas harmonieuse, elle laisse des r\u00e9sidus, vous risquez un \u00e9chec.<\/p>\n<p align=\"justify\">Si vous regardez un probl\u00e8me globalement, sans person\u00adnage interpos\u00e9, vous ne remarquez pas seulement les \u00e9l\u00e9ments qu&rsquo;il aurait choisis, mais l&rsquo;ensemble de la situation. Les choses les plus simples, les plus directes nous semblent souvent plus difficiles, vous le savez par exp\u00e9rience. Quand nous voulons acqu\u00e9rir quelque chose, nous nous documentons, nous accu\u00admulons afin d&rsquo;avoir un instrument apte en diff\u00e9rentes cir\u00adconstances. Nous voulons acqu\u00e9rir la r\u00e9ponse au : \u00ab Qui suis-je ? \u00bb, d&rsquo;une fa\u00e7on identique ; comme si nous voulions jouer aux \u00e9checs ou nous servir d&rsquo;un instrument ! Vous ne pouvez conqu\u00e9rir ce que vous \u00eates fonci\u00e8rement de toute \u00e9ternit\u00e9 ; c&rsquo;est hors de l&rsquo;agir, et du non-agir, de la pens\u00e9e et du silence voulu, hors de toute formulation, du pass\u00e9\/futur. Vous \u00eates l\u00e0, c&rsquo;est tout et lorsque vous l&rsquo;\u00eates vraiment, consciemment, un saisissement vous submerge, vous \u00eates pr\u00e9sence, globalit\u00e9, dans le silence et dans vos activit\u00e9s.<\/p>\n<p align=\"justify\"><i><b>Peut-on encore parler de libre arbitre dans la non-dualit\u00e9 ?<\/b><\/i><\/p>\n<p align=\"justify\">Cette question ne se pose plus dans l&rsquo;absence d&rsquo;un vous-m\u00eame. En ce cas, parler encore de libre arbitre serait une pr\u00e9tention. Le film est pr\u00eat, il se compose et se d\u00e9roule \u00e0 chaque instant, mais est programm\u00e9, il est \u00e9crit aussi : je le crois ou ne le crois pas.<\/p>\n<p align=\"justify\"><i><b>Quel peut \u00eatre l&rsquo;apport de la philosophie indienne pour nous ?<\/b><\/i><\/p>\n<p align=\"justify\">Qu&rsquo;entend-on par philosophie indienne ? C&rsquo;est la convic\u00adtion v\u00e9cue d&rsquo;une v\u00e9rit\u00e9 qu&rsquo;on appelle Atman, c&rsquo;est-\u00e0-dire, Dieu seul est. Toute manifestation dans un espace\/temps est une expansion de Dieu, c&rsquo;est lui qui se prolonge, qui s&rsquo;objective, se manifeste. La dualit\u00e9 n&rsquo;existe pas. Si la personne est absente, vos actes, vos pens\u00e9es \u00e9manent en quelque sorte de Dieu. Sur cela se sont greff\u00e9es diff\u00e9rentes psychologies, diff\u00e9rentes formes, diff\u00e9rentes religions, mais, m\u00eame tr\u00e8s \u00e9labor\u00e9es, elles se r\u00e9f\u00e8rent toutes \u00e0 l&rsquo;Atman, au Divin, \u00e0 l&rsquo;Un.<\/p>\n","protected":false},"excerpt":{"rendered":"<p>Le moins ne peut discerner le plus, la personne est dans l&rsquo;impossibilit\u00e9 de comprendre \u00e9tant elle-m\u00eame une perception. Je me demanderais \u00e0 votre place : Qui conna\u00eet la personna\u00adlit\u00e9 ? Elle est en grande partie compos\u00e9e d&rsquo;\u00e9l\u00e9ments qui assu\u00adrent la survie en tant qu&rsquo;individu, de choses apprises, d&rsquo;\u00e9du\u00adcation, d&rsquo;exp\u00e9riences. C&rsquo;est un produit de la soci\u00e9t\u00e9 avec lequel vous vous identifiez. Je poserais plut\u00f4t la question d&rsquo;une autre mani\u00e8re : Quelle est la lumi\u00e8re qui l&rsquo;\u00e9claire, qui est derri\u00e8re toute repr\u00e9sentation ? Vous ne trouverez jamais la r\u00e9ponse, mais vous serez saisi par un silence, pr\u00e9sence ultime qui se suffit \u00e0 elle-m\u00eame.<\/p>\n","protected":false},"author":1,"featured_media":12265,"comment_status":"closed","ping_status":"closed","sticky":false,"template":"","format":"standard","meta":{"footnotes":""},"categories":[5,231],"tags":[136,8,44,46],"class_list":["post-16244","post","type-post","status-publish","format-standard","has-post-thumbnail","hentry","category-interview","category-j-klein","tag-connaissance-de-soi","tag-non-dualite","tag-observation","tag-silence"],"yoast_head":"<!-- This site is optimized with the Yoast SEO plugin v27.0 - https:\/\/yoast.com\/product\/yoast-seo-wordpress\/ -->\n<title>Qui conna\u00eet la personna\u00adlit\u00e9 ? par Jean Klein - 3e mill\u00e9naire - Spiritualit\u00e9 - Connaissance de soi - Non-dualit\u00e9 - M\u00e9ditation<\/title>\n<meta name=\"robots\" content=\"index, follow, max-snippet:-1, max-image-preview:large, max-video-preview:-1\" \/>\n<link rel=\"canonical\" href=\"https:\/\/www.revue3emillenaire.com\/blog\/qui-connait-la-personna\u00adlite-par-jean-klein\/\" \/>\n<meta property=\"og:locale\" content=\"fr_FR\" \/>\n<meta property=\"og:type\" content=\"article\" \/>\n<meta property=\"og:title\" content=\"Qui conna\u00eet la personna\u00adlit\u00e9 ? par Jean Klein - 3e mill\u00e9naire - Spiritualit\u00e9 - Connaissance de soi - Non-dualit\u00e9 - M\u00e9ditation\" \/>\n<meta property=\"og:description\" content=\"Le moins ne peut discerner le plus, la personne est dans l&#039;impossibilit\u00e9 de comprendre \u00e9tant elle-m\u00eame une perception. Je me demanderais \u00e0 votre place : Qui conna\u00eet la personna\u00adlit\u00e9 ? Elle est en grande partie compos\u00e9e d&#039;\u00e9l\u00e9ments qui assu\u00adrent la survie en tant qu&#039;individu, de choses apprises, d&#039;\u00e9du\u00adcation, d&#039;exp\u00e9riences. C&#039;est un produit de la soci\u00e9t\u00e9 avec lequel vous vous identifiez. Je poserais plut\u00f4t la question d&#039;une autre mani\u00e8re : Quelle est la lumi\u00e8re qui l&#039;\u00e9claire, qui est derri\u00e8re toute repr\u00e9sentation ? Vous ne trouverez jamais la r\u00e9ponse, mais vous serez saisi par un silence, pr\u00e9sence ultime qui se suffit \u00e0 elle-m\u00eame.\" \/>\n<meta property=\"og:url\" content=\"https:\/\/www.revue3emillenaire.com\/blog\/qui-connait-la-personna\u00adlite-par-jean-klein\/\" \/>\n<meta property=\"og:site_name\" content=\"3e mill\u00e9naire - Spiritualit\u00e9 - Connaissance de soi - Non-dualit\u00e9 - M\u00e9ditation\" \/>\n<meta property=\"article:published_time\" content=\"2014-06-24T15:52:29+00:00\" \/>\n<meta property=\"og:image\" content=\"https:\/\/www.revue3emillenaire.com\/blog\/wp-content\/uploads\/2012\/10\/jklein2.jpg\" \/>\n\t<meta property=\"og:image:width\" content=\"334\" \/>\n\t<meta property=\"og:image:height\" content=\"448\" \/>\n\t<meta property=\"og:image:type\" content=\"image\/jpeg\" \/>\n<meta name=\"author\" content=\"3e mill\u00e9naire\" \/>\n<meta name=\"twitter:card\" content=\"summary_large_image\" \/>\n<meta name=\"twitter:label1\" content=\"\u00c9crit par\" \/>\n\t<meta name=\"twitter:data1\" content=\"3e mill\u00e9naire\" \/>\n\t<meta name=\"twitter:label2\" content=\"Dur\u00e9e de lecture estim\u00e9e\" \/>\n\t<meta name=\"twitter:data2\" content=\"17 minutes\" \/>\n<script type=\"application\/ld+json\" class=\"yoast-schema-graph\">{\"@context\":\"https:\/\/schema.org\",\"@graph\":[{\"@type\":\"Article\",\"@id\":\"https:\/\/www.revue3emillenaire.com\/blog\/qui-connait-la-personna%c2%adlite-par-jean-klein\/#article\",\"isPartOf\":{\"@id\":\"https:\/\/www.revue3emillenaire.com\/blog\/qui-connait-la-personna%c2%adlite-par-jean-klein\/\"},\"author\":{\"name\":\"3e mill\u00e9naire\",\"@id\":\"https:\/\/www.revue3emillenaire.com\/blog\/#\/schema\/person\/9a3a7cc4ccaa707f402d4394327106d5\"},\"headline\":\"Qui conna\u00eet la personna\u00adlit\u00e9 ? par Jean Klein\",\"datePublished\":\"2014-06-24T15:52:29+00:00\",\"mainEntityOfPage\":{\"@id\":\"https:\/\/www.revue3emillenaire.com\/blog\/qui-connait-la-personna%c2%adlite-par-jean-klein\/\"},\"wordCount\":3412,\"image\":{\"@id\":\"https:\/\/www.revue3emillenaire.com\/blog\/qui-connait-la-personna%c2%adlite-par-jean-klein\/#primaryimage\"},\"thumbnailUrl\":\"https:\/\/www.revue3emillenaire.com\/blog\/wp-content\/uploads\/2012\/10\/jklein2.jpg\",\"keywords\":[\"connaissance de soi\",\"Non-dualit\u00e9\",\"Observation\",\"Silence\"],\"articleSection\":[\"Entretien\/Interview\",\"Klein Jean\"],\"inLanguage\":\"fr-FR\"},{\"@type\":\"WebPage\",\"@id\":\"https:\/\/www.revue3emillenaire.com\/blog\/qui-connait-la-personna%c2%adlite-par-jean-klein\/\",\"url\":\"https:\/\/www.revue3emillenaire.com\/blog\/qui-connait-la-personna%c2%adlite-par-jean-klein\/\",\"name\":\"Qui conna\u00eet la personna\u00adlit\u00e9 ? par Jean Klein - 3e mill\u00e9naire - Spiritualit\u00e9 - Connaissance de soi - Non-dualit\u00e9 - M\u00e9ditation\",\"isPartOf\":{\"@id\":\"https:\/\/www.revue3emillenaire.com\/blog\/#website\"},\"primaryImageOfPage\":{\"@id\":\"https:\/\/www.revue3emillenaire.com\/blog\/qui-connait-la-personna%c2%adlite-par-jean-klein\/#primaryimage\"},\"image\":{\"@id\":\"https:\/\/www.revue3emillenaire.com\/blog\/qui-connait-la-personna%c2%adlite-par-jean-klein\/#primaryimage\"},\"thumbnailUrl\":\"https:\/\/www.revue3emillenaire.com\/blog\/wp-content\/uploads\/2012\/10\/jklein2.jpg\",\"datePublished\":\"2014-06-24T15:52:29+00:00\",\"author\":{\"@id\":\"https:\/\/www.revue3emillenaire.com\/blog\/#\/schema\/person\/9a3a7cc4ccaa707f402d4394327106d5\"},\"breadcrumb\":{\"@id\":\"https:\/\/www.revue3emillenaire.com\/blog\/qui-connait-la-personna%c2%adlite-par-jean-klein\/#breadcrumb\"},\"inLanguage\":\"fr-FR\",\"potentialAction\":[{\"@type\":\"ReadAction\",\"target\":[\"https:\/\/www.revue3emillenaire.com\/blog\/qui-connait-la-personna%c2%adlite-par-jean-klein\/\"]}]},{\"@type\":\"ImageObject\",\"inLanguage\":\"fr-FR\",\"@id\":\"https:\/\/www.revue3emillenaire.com\/blog\/qui-connait-la-personna%c2%adlite-par-jean-klein\/#primaryimage\",\"url\":\"https:\/\/www.revue3emillenaire.com\/blog\/wp-content\/uploads\/2012\/10\/jklein2.jpg\",\"contentUrl\":\"https:\/\/www.revue3emillenaire.com\/blog\/wp-content\/uploads\/2012\/10\/jklein2.jpg\",\"width\":\"334\",\"height\":\"448\"},{\"@type\":\"BreadcrumbList\",\"@id\":\"https:\/\/www.revue3emillenaire.com\/blog\/qui-connait-la-personna%c2%adlite-par-jean-klein\/#breadcrumb\",\"itemListElement\":[{\"@type\":\"ListItem\",\"position\":1,\"name\":\"Accueil\",\"item\":\"https:\/\/www.revue3emillenaire.com\/blog\/\"},{\"@type\":\"ListItem\",\"position\":2,\"name\":\"Qui conna\u00eet la personna\u00adlit\u00e9 ? par Jean Klein\"}]},{\"@type\":\"WebSite\",\"@id\":\"https:\/\/www.revue3emillenaire.com\/blog\/#website\",\"url\":\"https:\/\/www.revue3emillenaire.com\/blog\/\",\"name\":\"3e mill\u00e9naire - Spiritualit\u00e9 - Connaissance de soi - Non-dualit\u00e9 - M\u00e9ditation\",\"description\":\"L&#039;Homme en devenir\",\"potentialAction\":[{\"@type\":\"SearchAction\",\"target\":{\"@type\":\"EntryPoint\",\"urlTemplate\":\"https:\/\/www.revue3emillenaire.com\/blog\/?s={search_term_string}\"},\"query-input\":{\"@type\":\"PropertyValueSpecification\",\"valueRequired\":true,\"valueName\":\"search_term_string\"}}],\"inLanguage\":\"fr-FR\"},{\"@type\":\"Person\",\"@id\":\"https:\/\/www.revue3emillenaire.com\/blog\/#\/schema\/person\/9a3a7cc4ccaa707f402d4394327106d5\",\"name\":\"3e mill\u00e9naire\",\"url\":\"https:\/\/www.revue3emillenaire.com\/blog\/author\/admin\/\"}]}<\/script>\n<!-- \/ Yoast SEO plugin. -->","yoast_head_json":{"title":"Qui conna\u00eet la personna\u00adlit\u00e9 ? par Jean Klein - 3e mill\u00e9naire - Spiritualit\u00e9 - Connaissance de soi - Non-dualit\u00e9 - M\u00e9ditation","robots":{"index":"index","follow":"follow","max-snippet":"max-snippet:-1","max-image-preview":"max-image-preview:large","max-video-preview":"max-video-preview:-1"},"canonical":"https:\/\/www.revue3emillenaire.com\/blog\/qui-connait-la-personna\u00adlite-par-jean-klein\/","og_locale":"fr_FR","og_type":"article","og_title":"Qui conna\u00eet la personna\u00adlit\u00e9 ? par Jean Klein - 3e mill\u00e9naire - Spiritualit\u00e9 - Connaissance de soi - Non-dualit\u00e9 - M\u00e9ditation","og_description":"Le moins ne peut discerner le plus, la personne est dans l'impossibilit\u00e9 de comprendre \u00e9tant elle-m\u00eame une perception. Je me demanderais \u00e0 votre place : Qui conna\u00eet la personna\u00adlit\u00e9 ? Elle est en grande partie compos\u00e9e d'\u00e9l\u00e9ments qui assu\u00adrent la survie en tant qu'individu, de choses apprises, d'\u00e9du\u00adcation, d'exp\u00e9riences. C'est un produit de la soci\u00e9t\u00e9 avec lequel vous vous identifiez. Je poserais plut\u00f4t la question d'une autre mani\u00e8re : Quelle est la lumi\u00e8re qui l'\u00e9claire, qui est derri\u00e8re toute repr\u00e9sentation ? Vous ne trouverez jamais la r\u00e9ponse, mais vous serez saisi par un silence, pr\u00e9sence ultime qui se suffit \u00e0 elle-m\u00eame.","og_url":"https:\/\/www.revue3emillenaire.com\/blog\/qui-connait-la-personna\u00adlite-par-jean-klein\/","og_site_name":"3e mill\u00e9naire - Spiritualit\u00e9 - Connaissance de soi - Non-dualit\u00e9 - M\u00e9ditation","article_published_time":"2014-06-24T15:52:29+00:00","og_image":[{"width":334,"height":448,"url":"https:\/\/www.revue3emillenaire.com\/blog\/wp-content\/uploads\/2012\/10\/jklein2.jpg","type":"image\/jpeg"}],"author":"3e mill\u00e9naire","twitter_card":"summary_large_image","twitter_misc":{"\u00c9crit par":"3e mill\u00e9naire","Dur\u00e9e de lecture estim\u00e9e":"17 minutes"},"schema":{"@context":"https:\/\/schema.org","@graph":[{"@type":"Article","@id":"https:\/\/www.revue3emillenaire.com\/blog\/qui-connait-la-personna%c2%adlite-par-jean-klein\/#article","isPartOf":{"@id":"https:\/\/www.revue3emillenaire.com\/blog\/qui-connait-la-personna%c2%adlite-par-jean-klein\/"},"author":{"name":"3e mill\u00e9naire","@id":"https:\/\/www.revue3emillenaire.com\/blog\/#\/schema\/person\/9a3a7cc4ccaa707f402d4394327106d5"},"headline":"Qui conna\u00eet la personna\u00adlit\u00e9 ? par Jean Klein","datePublished":"2014-06-24T15:52:29+00:00","mainEntityOfPage":{"@id":"https:\/\/www.revue3emillenaire.com\/blog\/qui-connait-la-personna%c2%adlite-par-jean-klein\/"},"wordCount":3412,"image":{"@id":"https:\/\/www.revue3emillenaire.com\/blog\/qui-connait-la-personna%c2%adlite-par-jean-klein\/#primaryimage"},"thumbnailUrl":"https:\/\/www.revue3emillenaire.com\/blog\/wp-content\/uploads\/2012\/10\/jklein2.jpg","keywords":["connaissance de soi","Non-dualit\u00e9","Observation","Silence"],"articleSection":["Entretien\/Interview","Klein Jean"],"inLanguage":"fr-FR"},{"@type":"WebPage","@id":"https:\/\/www.revue3emillenaire.com\/blog\/qui-connait-la-personna%c2%adlite-par-jean-klein\/","url":"https:\/\/www.revue3emillenaire.com\/blog\/qui-connait-la-personna%c2%adlite-par-jean-klein\/","name":"Qui conna\u00eet la personna\u00adlit\u00e9 ? par Jean Klein - 3e mill\u00e9naire - Spiritualit\u00e9 - Connaissance de soi - Non-dualit\u00e9 - M\u00e9ditation","isPartOf":{"@id":"https:\/\/www.revue3emillenaire.com\/blog\/#website"},"primaryImageOfPage":{"@id":"https:\/\/www.revue3emillenaire.com\/blog\/qui-connait-la-personna%c2%adlite-par-jean-klein\/#primaryimage"},"image":{"@id":"https:\/\/www.revue3emillenaire.com\/blog\/qui-connait-la-personna%c2%adlite-par-jean-klein\/#primaryimage"},"thumbnailUrl":"https:\/\/www.revue3emillenaire.com\/blog\/wp-content\/uploads\/2012\/10\/jklein2.jpg","datePublished":"2014-06-24T15:52:29+00:00","author":{"@id":"https:\/\/www.revue3emillenaire.com\/blog\/#\/schema\/person\/9a3a7cc4ccaa707f402d4394327106d5"},"breadcrumb":{"@id":"https:\/\/www.revue3emillenaire.com\/blog\/qui-connait-la-personna%c2%adlite-par-jean-klein\/#breadcrumb"},"inLanguage":"fr-FR","potentialAction":[{"@type":"ReadAction","target":["https:\/\/www.revue3emillenaire.com\/blog\/qui-connait-la-personna%c2%adlite-par-jean-klein\/"]}]},{"@type":"ImageObject","inLanguage":"fr-FR","@id":"https:\/\/www.revue3emillenaire.com\/blog\/qui-connait-la-personna%c2%adlite-par-jean-klein\/#primaryimage","url":"https:\/\/www.revue3emillenaire.com\/blog\/wp-content\/uploads\/2012\/10\/jklein2.jpg","contentUrl":"https:\/\/www.revue3emillenaire.com\/blog\/wp-content\/uploads\/2012\/10\/jklein2.jpg","width":"334","height":"448"},{"@type":"BreadcrumbList","@id":"https:\/\/www.revue3emillenaire.com\/blog\/qui-connait-la-personna%c2%adlite-par-jean-klein\/#breadcrumb","itemListElement":[{"@type":"ListItem","position":1,"name":"Accueil","item":"https:\/\/www.revue3emillenaire.com\/blog\/"},{"@type":"ListItem","position":2,"name":"Qui conna\u00eet la personna\u00adlit\u00e9 ? par Jean Klein"}]},{"@type":"WebSite","@id":"https:\/\/www.revue3emillenaire.com\/blog\/#website","url":"https:\/\/www.revue3emillenaire.com\/blog\/","name":"3e mill\u00e9naire - Spiritualit\u00e9 - Connaissance de soi - Non-dualit\u00e9 - M\u00e9ditation","description":"L&#039;Homme en devenir","potentialAction":[{"@type":"SearchAction","target":{"@type":"EntryPoint","urlTemplate":"https:\/\/www.revue3emillenaire.com\/blog\/?s={search_term_string}"},"query-input":{"@type":"PropertyValueSpecification","valueRequired":true,"valueName":"search_term_string"}}],"inLanguage":"fr-FR"},{"@type":"Person","@id":"https:\/\/www.revue3emillenaire.com\/blog\/#\/schema\/person\/9a3a7cc4ccaa707f402d4394327106d5","name":"3e mill\u00e9naire","url":"https:\/\/www.revue3emillenaire.com\/blog\/author\/admin\/"}]}},"_links":{"self":[{"href":"https:\/\/www.revue3emillenaire.com\/blog\/wp-json\/wp\/v2\/posts\/16244","targetHints":{"allow":["GET"]}}],"collection":[{"href":"https:\/\/www.revue3emillenaire.com\/blog\/wp-json\/wp\/v2\/posts"}],"about":[{"href":"https:\/\/www.revue3emillenaire.com\/blog\/wp-json\/wp\/v2\/types\/post"}],"author":[{"embeddable":true,"href":"https:\/\/www.revue3emillenaire.com\/blog\/wp-json\/wp\/v2\/users\/1"}],"replies":[{"embeddable":true,"href":"https:\/\/www.revue3emillenaire.com\/blog\/wp-json\/wp\/v2\/comments?post=16244"}],"version-history":[{"count":0,"href":"https:\/\/www.revue3emillenaire.com\/blog\/wp-json\/wp\/v2\/posts\/16244\/revisions"}],"wp:featuredmedia":[{"embeddable":true,"href":"https:\/\/www.revue3emillenaire.com\/blog\/wp-json\/wp\/v2\/media\/12265"}],"wp:attachment":[{"href":"https:\/\/www.revue3emillenaire.com\/blog\/wp-json\/wp\/v2\/media?parent=16244"}],"wp:term":[{"taxonomy":"category","embeddable":true,"href":"https:\/\/www.revue3emillenaire.com\/blog\/wp-json\/wp\/v2\/categories?post=16244"},{"taxonomy":"post_tag","embeddable":true,"href":"https:\/\/www.revue3emillenaire.com\/blog\/wp-json\/wp\/v2\/tags?post=16244"}],"curies":[{"name":"wp","href":"https:\/\/api.w.org\/{rel}","templated":true}]}}