{"id":16290,"date":"2014-09-14T02:50:44","date_gmt":"2014-09-14T01:50:44","guid":{"rendered":"http:\/\/www.revue3emillenaire.com\/blog\/?p=16290"},"modified":"2014-09-14T02:50:44","modified_gmt":"2014-09-14T01:50:44","slug":"le-mental-indivis-par-wei-wu-wei","status":"publish","type":"post","link":"https:\/\/www.revue3emillenaire.com\/blog\/le-mental-indivis-par-wei-wu-wei\/","title":{"rendered":"Le mental indivis par Wei Wu Wei"},"content":{"rendered":"<p class=\"western\" align=\"justify\"><span style=\"color: #000000;\"><span style=\"font-family: Times New Roman,serif;\"><span style=\"font-size: medium;\"><span lang=\"fr-CA\">(Revue \u00catre. No 3. 15<\/span><\/span><\/span><\/span><span style=\"color: #000000;\"><sup><span style=\"font-family: Times New Roman,serif;\"><span style=\"font-size: medium;\"><span lang=\"fr-CA\">e<\/span><\/span><\/span><\/sup><\/span><span style=\"color: #000000;\"><span style=\"font-family: Times New Roman,serif;\"><span style=\"font-size: medium;\"><span lang=\"fr-CA\"> ann\u00e9e. 1987)<\/span><\/span><\/span><\/span><\/p>\n<p class=\"western\" lang=\"fr-CA\" align=\"justify\"><span style=\"font-family: Times New Roman,serif;\"><span style=\"font-size: medium;\"><i>Extrait de \u00ab Posthumous Pieces \u00bb, 92, pp. 183-187, traduit par Wei Wu Wei\u2026 <\/i><\/span><\/span><\/p>\n<p class=\"western\" align=\"justify\"><span style=\"color: #000000;\"><span style=\"font-family: Times New Roman,serif;\"><span style=\"font-size: medium;\"><span lang=\"fr-CA\"><b>1. <\/b><\/span><\/span><\/span><\/span><span style=\"color: #000000;\"><span style=\"font-family: Times New Roman,serif;\"><span style=\"font-size: medium;\"><span lang=\"fr-CA\"><i><b>Le mental qui r\u00eave<\/b><\/i><\/span><\/span><\/span><\/span><\/p>\n<p class=\"western\" lang=\"fr-CA\" align=\"justify\"><span style=\"font-family: Times New Roman,serif;\"><span style=\"font-size: medium;\">Comme le futur, le pass\u00e9 est en fait une structure de r\u00eave : endormis ou \u00e9veill\u00e9s, nuit ou jour, nous les r\u00eavons tous les deux. Cela n&rsquo;est-il pas \u00e9vident ? Donc, quand ne r\u00eavons-nous pas ? Dans le pr\u00e9sent ? Quand cela pourrait-il \u00eatre ? Tout ce que cela pourrait \u00eatre est pass\u00e9 depuis longtemps avant que les proc\u00e9d\u00e9s de la perception et de la conception puissent \u00eatre compl\u00e9t\u00e9s. Donc cela est enti\u00e8rement imagin\u00e9, et de ce fait les trois \u00e9tats temporels sont conceptuels.<\/span><\/span><\/p>\n<p class=\"western\" align=\"justify\"><span style=\"color: #000000;\"><span style=\"font-family: Times New Roman,serif;\"><span style=\"font-size: medium;\"><span lang=\"fr-CA\">Nous sommes, quoi que nous soyons, ici et maintenant, et pour toujours. Le temps et l&rsquo;espace sont nos objectivations. Nous imaginons toutes ces absurdit\u00e9s <\/span><\/span><\/span><\/span><span style=\"font-family: Times New Roman,serif;\"><span lang=\"fr-CA\">\u2014 <\/span><\/span><span style=\"color: #000000;\"><span style=\"font-family: Times New Roman,serif;\"><span style=\"font-size: medium;\"><span lang=\"fr-CA\">les \u00ab r\u00eavons \u00bb comme nous le disons, et les croyons comme \u00e9tant arriv\u00e9es <\/span><\/span><\/span><\/span><span style=\"font-family: Times New Roman,serif;\"><span lang=\"fr-CA\">\u2014 <\/span><\/span><span style=\"color: #000000;\"><span style=\"font-family: Times New Roman,serif;\"><span style=\"font-size: medium;\"><span lang=\"fr-CA\">ou ce que nous appelons \u00ab r\u00e9elles \u00bb !<\/span><\/span><\/span><\/span><\/p>\n<p class=\"western\" align=\"justify\"><span style=\"color: #000000;\"><span style=\"font-family: Times New Roman,serif;\"><span style=\"font-size: medium;\"><span lang=\"fr-CA\">Quoi que nous soyons ? Oui, bien s\u00fbr. Mais non pas ce que, par erreur, nous avons \u00e9t\u00e9 induits \u00e0 croire que nous sommes. C&rsquo;\u00e9tait une composition <\/span><\/span><\/span><\/span><span style=\"font-family: Times New Roman,serif;\"><span lang=\"fr-CA\">\u2014 <\/span><\/span><span style=\"color: #000000;\"><span style=\"font-family: Times New Roman,serif;\"><span style=\"font-size: medium;\"><span lang=\"fr-CA\">des concepts actualis\u00e9s mentalement ; c&rsquo;\u00e9tait notre r\u00eave v\u00e9cu, et s&rsquo;apercevoir de cela serait s\u00fbrement percevoir ce que nous \u00e9tions quand nous r\u00eavions et jouions tous les r\u00f4les dans notre r\u00eave de \u00ab vie et mort \u00bb dans un contexte temporel.<\/span><\/span><\/span><\/span><\/p>\n<p class=\"western\" lang=\"fr-CA\" align=\"justify\"><span style=\"font-family: Times New Roman,serif;\"><span style=\"font-size: medium;\">Nous n&rsquo;avons jamais \u00e9t\u00e9 que le \u00ab r\u00eavant \u00bb notre \u00ab vie \u00bb ! Que pourrions-nous \u00eatre d&rsquo;autre ? C&rsquo;est aussi la raison pour laquelle ce que nous sommes ne peut \u00eatre aucune chose objective qui soit.<\/span><\/span><\/p>\n<p class=\"western\" align=\"justify\"><span style=\"color: #000000;\"><span style=\"font-family: Times New Roman,serif;\"><span style=\"font-size: medium;\"><span lang=\"fr-CA\">Cela est notre nature dont parlent si souvent les ma\u00eetres chinois et sur laquelle ils travaillent inlassablement pour nous permettre de l&rsquo;envisager, dans le T&rsquo;Chan, cela serait appel\u00e9 Prajn\u00e2 <\/span><\/span><\/span><\/span><span style=\"font-family: Times New Roman,serif;\"><span lang=\"fr-CA\">\u2014 <\/span><\/span><span style=\"color: #000000;\"><span style=\"font-family: Times New Roman,serif;\"><span style=\"font-size: medium;\"><span lang=\"fr-CA\">l&rsquo;aspect fonctionnel de Dhy\u00e2na <\/span><\/span><\/span><\/span><span style=\"font-family: Times New Roman,serif;\"><span lang=\"fr-CA\">\u2014 <\/span><\/span><span style=\"color: #000000;\"><span style=\"font-family: Times New Roman,serif;\"><span style=\"font-size: medium;\"><span lang=\"fr-CA\">comme tels nous ne sommes que potentiels. Cette diff\u00e9renciation essentielle entre immanence et transcendance, noum\u00e9nalement ins\u00e9parables mais conceptuellement \u00e0 part, ne semble pas \u00eatre apparente dans le V\u00e9d\u00e2nta.<\/span><\/span><\/span><\/span><\/p>\n<p class=\"western\" align=\"justify\"><span style=\"color: #000000;\"><span style=\"font-family: Times New Roman,serif;\"><span style=\"font-size: medium;\"><span lang=\"fr-CA\"><b>2. <\/b><\/span><\/span><\/span><\/span><span style=\"color: #000000;\"><span style=\"font-family: Times New Roman,serif;\"><span style=\"font-size: medium;\"><span lang=\"fr-CA\"><i><b>TAO ou La Voie Comme Telle<\/b><\/i><\/span><\/span><\/span><\/span><\/p>\n<p class=\"western\" align=\"justify\"><span style=\"color: #000000;\"><span style=\"font-family: Times New Roman,serif;\"><span style=\"font-size: medium;\"><span lang=\"fr-CA\">Je <\/span><\/span><\/span><\/span><span style=\"font-family: Times New Roman,serif;\"><span lang=\"fr-CA\">\u2014 <\/span><\/span><span style=\"color: #000000;\"><span style=\"font-family: Times New Roman,serif;\"><span style=\"font-size: medium;\"><span lang=\"fr-CA\">comme moi <\/span><\/span><\/span><\/span><span style=\"font-family: Times New Roman,serif;\"><span lang=\"fr-CA\">\u2014 <\/span><\/span><span style=\"color: #000000;\"><span style=\"font-family: Times New Roman,serif;\"><span style=\"font-size: medium;\"><span lang=\"fr-CA\">suis tout ce qui est per\u00e7u et con\u00e7u comme vous : vous et lui ne sont que ce qui est per\u00e7u et con\u00e7u.<\/span><\/span><\/span><\/span><\/p>\n<p class=\"western\" lang=\"fr-CA\" align=\"justify\"><span style=\"font-family: Times New Roman,serif;\"><span style=\"font-size: medium;\">Il n&rsquo;y a aucun je, aucun vous, aucun lui. Nous sommes le percevant et le concevant qui, comme perceptions con\u00e7ues, sont dor\u00e9navant \u00e9tiquet\u00e9s ainsi comme objets.<\/span><\/span><\/p>\n<p class=\"western\" align=\"justify\"><span style=\"color: #000000;\"><span style=\"font-family: Times New Roman,serif;\"><span style=\"font-size: medium;\"><span lang=\"fr-CA\">Des nous comme tels <\/span><\/span><\/span><\/span><span style=\"font-family: Times New Roman,serif;\"><span lang=\"fr-CA\">\u2014 <\/span><\/span><span style=\"color: #000000;\"><span style=\"font-family: Times New Roman,serif;\"><span style=\"font-size: medium;\"><span lang=\"fr-CA\">comme quelque chose, comme n&rsquo;importe quel objet empirique <\/span><\/span><\/span><\/span><span style=\"font-family: Times New Roman,serif;\"><span lang=\"fr-CA\">\u2014 <\/span><\/span><span style=\"color: #000000;\"><span style=\"font-family: Times New Roman,serif;\"><span style=\"font-size: medium;\"><span lang=\"fr-CA\">n&rsquo;existent absolument pas. Il ne peut donc y avoir aucune chose telle qu&rsquo;un je percevant et qui con\u00e7oit. \u00c9tant donn\u00e9 qu&rsquo;il n&rsquo;y a aucune entit\u00e9 connaissable, il ne peut y avoir aucune entit\u00e9 pour conna\u00eetre. C&rsquo;est pour cela que connaissant ne peut pas \u00eatre connu, et c&rsquo;est la raison pour laquelle connaissant <\/span><\/span><\/span><\/span><span style=\"font-family: Times New Roman,serif;\"><span lang=\"fr-CA\">\u2014 <\/span><\/span><span style=\"color: #000000;\"><span style=\"font-family: Times New Roman,serif;\"><span style=\"font-size: medium;\"><span lang=\"fr-CA\">le Mental dans le bouddhisme, la Conscience dans le V\u00e9d\u00e2nta, Tao en Chine, le Saint-Esprit dans la Bible, chacun des noms d&rsquo;Allah dans le soufisme <\/span><\/span><\/span><\/span><span style=\"font-family: Times New Roman,serif;\"><span lang=\"fr-CA\">\u2014 <\/span><\/span><span style=\"color: #000000;\"><span style=\"font-family: Times New Roman,serif;\"><span style=\"font-size: medium;\"><span lang=\"fr-CA\">n&rsquo;est qu&rsquo;un symbole par lequel la manifestation ph\u00e9nom\u00e9nale de connaissant peut \u00eatre indiqu\u00e9e dans un contexte spatio-temporel.<\/span><\/span><\/span><\/span><\/p>\n<p class=\"western\" lang=\"fr-CA\" align=\"justify\"><span style=\"font-family: Times New Roman,serif;\"><span style=\"font-size: medium;\">Si, dans notre contexte spatio-temporel, nous parlions entre nos \u00ab soi \u00bb apparents mutuels, au niveau noum\u00e9nal de cette compr\u00e9hension, chacun de nous parlerait de la connaissance que chaque autre n&rsquo;a comme existence que son apparence dans le mental de chacun, laquelle existence comme je n&rsquo;est ni plurielle ni singuli\u00e8re, mais dont le concevant dans le mental divis\u00e9 est n\u00e9cessairement multiple.<\/span><\/span><\/p>\n<p class=\"western\" lang=\"fr-CA\" align=\"justify\"><span style=\"font-family: Times New Roman,serif;\"><span style=\"font-size: medium;\">Dans la pratique, cela veut dire que n&rsquo;importe quelle conception que A a de B, C de B, B de B (son \u00ab soi \u00bb) est tout ce que B est ou pourrait \u00eatre \u00e0 ce moment du temps. A aucun moment du temps il ne peut y avoir d&rsquo;entit\u00e9 pouvant \u00eatre autre que conceptuelle, parce qu&rsquo;il n&rsquo;y a que connaissant, et ni connaissant ni connaissance ne peuvent avoir une existence autonome.<\/span><\/span><\/p>\n<p class=\"western\" lang=\"fr-CA\" align=\"justify\"><span style=\"font-family: Times New Roman,serif;\"><span style=\"font-size: medium;\">Une objectification conceptuelle dans le mental n&rsquo;est que cela et n&rsquo;est aucune sorte de chose empirique ; rien n&rsquo;a jamais exist\u00e9 autrement que comme une apparence dans un contexte spatio-temporel dans ce qui est appel\u00e9 le mental ou la conscience, ce sont des symboles pour le processus de la connaissance qui, elle-m\u00eame, est une manifestation conceptuelle dans un espace-temps imagin\u00e9.<\/span><\/span><\/p>\n<p class=\"western\" lang=\"fr-CA\" align=\"justify\"><span style=\"font-family: Times New Roman,serif;\"><span style=\"font-size: medium;\">Les symboles eux-m\u00eames n&rsquo;ont pas d&rsquo;existence et il est vain de chercher quelque chose de conceptuel qui pourrait exprimer ce qui est connaissant, \u00e9tant donn\u00e9 que connaissant n&rsquo;est aucune chose.<\/span><\/span><\/p>\n<p class=\"western\" align=\"justify\"><span style=\"color: #000000;\"><span style=\"font-family: Times New Roman,serif;\"><span style=\"font-size: medium;\"><span lang=\"fr-CA\">Pourquoi en est-il ainsi ? Il en est ainsi parce que connaissant semble avoir lieu dans ce qui est conceptualis\u00e9 comme l&rsquo;espace-temps, ce qui veut dire qu&rsquo;il (se) manifeste dans l&rsquo;extension spatio-temporelle impliquant que ces objets peuvent \u00eatre rendus visibles dans l&rsquo;espace et qu&rsquo;ils ont la dur\u00e9e dans le temps, dont la totalit\u00e9 des proc\u00e9d\u00e9s conceptuels sont ce que nous sommes oblig\u00e9s de d\u00e9crire comme fonctionnant subjectif <\/span><\/span><\/span><\/span><span style=\"font-family: Times New Roman,serif;\"><span lang=\"fr-CA\">\u2014 <\/span><\/span><span style=\"color: #000000;\"><span style=\"font-family: Times New Roman,serif;\"><span style=\"font-size: medium;\"><span lang=\"fr-CA\">le fonctionnant subjectif de connaissant lui-m\u00eame.<\/span><\/span><\/span><\/span><\/p>\n<p class=\"western\" align=\"justify\"><span style=\"color: #000000;\"><span style=\"font-family: Times New Roman,serif;\"><span style=\"font-size: medium;\"><span lang=\"fr-CA\">Connaissant, comme les cinq autres facult\u00e9s de la sensibilit\u00e9 (skandh\u00e2s) est en fait une expression dualiste d&rsquo;\u00e9tant conscient, ce qui est l&rsquo;aspect <\/span><\/span><\/span><\/span><span style=\"color: #000000;\"><span style=\"font-family: Times New Roman,serif;\"><span style=\"font-size: medium;\"><span lang=\"fr-CA\"><i>prajn\u00e2<\/i><\/span><\/span><\/span><\/span><span style=\"color: #000000;\"><span style=\"font-family: Times New Roman,serif;\"><span style=\"font-size: medium;\"><span lang=\"fr-CA\">-ique de dhy\u00e2na. Comme \u00e9tant conscient il est ph\u00e9nom\u00e9nal, comme dhy\u00e2na il est noum\u00e9nal. Comme le dernier, consid\u00e9r\u00e9 ph\u00e9nom\u00e9nalement, il est inconscient.<\/span><\/span><\/span><\/span><\/p>\n<p class=\"western\" lang=\"fr-CA\" align=\"justify\"><span style=\"font-family: Times New Roman,serif;\"><span style=\"font-size: medium;\">De ce fait, ce que nous sommes noum\u00e9nalement n&rsquo;appara\u00eet pas (n&rsquo;est pas ph\u00e9nom\u00e9nal) et on en parle n\u00e9gativement comme \u00e9tant inconnaissance, non-mental (Bouddhisme), ou sommeil profond (V\u00e9d\u00e2nta).<\/span><\/span><\/p>\n<p class=\"western\" lang=\"fr-CA\" align=\"justify\"><span style=\"font-family: Times New Roman,serif;\"><span style=\"font-size: medium;\">Rien de plus ne peut \u00eatre dit, parce que tout disant est la connaissance exprim\u00e9e, c&rsquo;est-\u00e0-dire est dualis\u00e9 comme sujet-objet conceptualisant par la relativit\u00e9 des contreparties interd\u00e9pendantes et oppos\u00e9es.<\/span><\/span><\/p>\n<p class=\"western\" lang=\"fr-CA\" align=\"justify\"><span style=\"font-family: Times New Roman,serif;\"><span style=\"font-size: medium;\">A part cela, tout ce qui a toujours \u00e9t\u00e9 est toujours, sera toujours, est la noum\u00e9nalit\u00e9 pure, indivise, apercevant, spontan\u00e9e enti\u00e8rement, ph\u00e9nom\u00e9nalement transcendante et indescriptible dans la terminologie dualiste.<\/span><\/span><\/p>\n<p class=\"western\" align=\"justify\"><span style=\"color: #000000;\"><span style=\"font-family: Times New Roman,serif;\"><span style=\"font-size: medium;\"><span lang=\"fr-CA\">Certainement disponible, cet apercevant ne peut pas \u00eatre produit ni acquis par aucun moyen qui soit assujetti aux limitations de l&rsquo;espace-temps et la raison fondamentale de cela nous pouvons la deviner parce que cette \u00ab noum\u00e9nalit\u00e9 indivise \u00bb est ce que nous sommes, tout ce que nous sommes et <\/span><\/span><\/span><\/span><span style=\"font-family: Times New Roman,serif;\"><span lang=\"fr-CA\">\u2014 <\/span><\/span><span style=\"color: #000000;\"><span style=\"font-family: Times New Roman,serif;\"><span style=\"font-size: medium;\"><span lang=\"fr-CA\">l&rsquo;\u00e9tant <\/span><\/span><\/span><\/span><span style=\"font-family: Times New Roman,serif;\"><span lang=\"fr-CA\">\u2014 <\/span><\/span><span style=\"color: #000000;\"><span style=\"font-family: Times New Roman,serif;\"><span style=\"font-size: medium;\"><span lang=\"fr-CA\">il nous est impossible de la conna\u00eetre du fait que nous sommes assujettis aux limitations du proc\u00e9d\u00e9 dualis\u00e9 de l&rsquo;objectification.<\/span><\/span><\/span><\/span><\/p>\n<p class=\"western\" align=\"justify\"><span style=\"color: #000000;\"><span style=\"font-family: Times New Roman,serif;\"><span style=\"font-size: medium;\"><span lang=\"fr-CA\"><b>3. <\/b><\/span><\/span><\/span><\/span><span style=\"color: #000000;\"><span style=\"font-family: Times New Roman,serif;\"><span style=\"font-size: medium;\"><span lang=\"fr-CA\"><i><b>Notice N\u00e9crologique<\/b><\/i><\/span><\/span><\/span><\/span><\/p>\n<p class=\"western\" lang=\"fr-CA\" align=\"justify\"><span style=\"font-family: Times New Roman,serif;\"><span style=\"font-size: medium;\">La pr\u00e9tendue V\u00e9rit\u00e9 est au-del\u00e0 de tout le non-sens positif que nous disons et \u00e9crivons. Jamais nous ne plongeons assez profond\u00e9ment dans l&rsquo;ab\u00eeme de la n\u00e9gation, parce que telle V\u00e9rit\u00e9 est au-del\u00e0 de toutes les formes de l&rsquo;activit\u00e9 mentale.<\/span><\/span><\/p>\n<p class=\"western\" lang=\"fr-CA\" align=\"justify\"><span style=\"font-family: Times New Roman,serif;\"><span style=\"font-size: medium;\">N\u00e9gation est positivit\u00e9 n\u00e9gative.<\/span><\/span><\/p>\n<p class=\"western\" align=\"justify\"><span style=\"color: #000000;\"><span style=\"font-family: Times New Roman,serif;\"><span style=\"font-size: medium;\"><span lang=\"fr-CA\">Avant que la n\u00e9gation ne soit ni\u00e9e <\/span><\/span><\/span><\/span><span style=\"font-family: Times New Roman,serif;\"><span lang=\"fr-CA\">\u2014 <\/span><\/span><span style=\"color: #000000;\"><span style=\"font-family: Times New Roman,serif;\"><span style=\"font-size: medium;\"><span lang=\"fr-CA\">la pens\u00e9e est encore pr\u00e9sente.<\/span><\/span><\/span><\/span><\/p>\n<p class=\"western\" lang=\"fr-CA\" align=\"justify\"><span style=\"font-family: Times New Roman,serif;\"><span style=\"font-size: medium;\">L&rsquo;absence de la Conscience indique toujours la pr\u00e9sence de l&rsquo;inconscience. Seulement dans l&rsquo;absence de la conscience positive autant que de la conscience n\u00e9gative, est l&rsquo;absence de l&rsquo;Absolu absolument absent.<\/span><\/span><\/p>\n<p class=\"western\" lang=\"fr-CA\" align=\"justify\"><span style=\"font-family: Times New Roman,serif;\"><span style=\"font-size: medium;\">La V\u00e9rit\u00e9 est l&rsquo;absence absolue de toute esp\u00e8ce de v\u00e9rit\u00e9.<\/span><\/span><\/p>\n<p class=\"western\" lang=\"fr-CA\" align=\"justify\"><span style=\"font-family: Times New Roman,serif;\"><span style=\"font-size: medium;\">Pr\u00e9sence et absence sont les aspects doubles de l&rsquo;apparence.<\/span><\/span><\/p>\n<p class=\"western\" lang=\"fr-CA\" align=\"justify\"><span style=\"font-family: Times New Roman,serif;\"><span style=\"font-size: medium;\">Un absolu est positif et pr\u00e9sent.<\/span><\/span><\/p>\n<p class=\"western\" lang=\"fr-CA\" align=\"justify\"><span style=\"font-family: Times New Roman,serif;\"><span style=\"font-size: medium;\">Il n&rsquo;y a pas de pr\u00e9sence, il n&rsquo;y a pas d&rsquo;absence, toutes les deux sont des concepts positifs ph\u00e9nom\u00e9naux.<\/span><\/span><\/p>\n<p class=\"western\" lang=\"fr-CA\" align=\"justify\"><span style=\"font-family: Times New Roman,serif;\"><span style=\"font-size: medium;\">Existe et n&rsquo;existe pas sont existence positive et n\u00e9gative, mais aucune esp\u00e8ce d&rsquo;existence n&rsquo;existe [\u00ab Exister \u00bb \u2014 ex-sistere \u2014 veut dire se tenir (ou se placer) dehors !].<\/span><\/span><\/p>\n<p class=\"western\" lang=\"fr-CA\" align=\"justify\"><span style=\"font-family: Times New Roman,serif;\"><span style=\"font-size: medium;\">Tout disant est pensant, tout pensant est activit\u00e9 mentale. Seule, l&rsquo;absence absolue est au-del\u00e0 de la ph\u00e9nom\u00e9nalit\u00e9.<\/span><\/span><\/p>\n<p class=\"western\" align=\"justify\"><span style=\"color: #000000;\"><span style=\"font-family: Times New Roman,serif;\"><span style=\"font-size: medium;\"><span lang=\"fr-CA\"><b>4. <\/b><\/span><\/span><\/span><\/span><span style=\"color: #000000;\"><span style=\"font-family: Times New Roman,serif;\"><span style=\"font-size: medium;\"><span lang=\"fr-CA\"><i><b>Dor\u00e9navant<\/b><\/i><\/span><\/span><\/span><\/span><\/p>\n<p class=\"western\" lang=\"fr-CA\" align=\"justify\"><span style=\"font-family: Times New Roman,serif;\"><span style=\"font-size: medium;\">Un voyage long et ardu ? Nullement ! Il est plut\u00f4t l&rsquo;absence totale de d\u00e9placement.<\/span><\/span><\/p>\n<p class=\"western\" lang=\"fr-CA\" align=\"justify\"><span style=\"font-family: Times New Roman,serif;\"><span style=\"font-size: medium;\">Pourquoi ? Parce qu&rsquo;il n&rsquo;y a ni place, ni plac\u00e9 \u00e0 d\u00e9placer ! Absolument impossible ? Nullement : toute ph\u00e9nom\u00e9nalit\u00e9, toute positivit\u00e9, toute n\u00e9gation, d\u00e9pendent conceptuellement de l&rsquo;extension dans l&rsquo;espace et dans la dur\u00e9e.<\/span><\/span><\/p>\n<p class=\"western\" lang=\"fr-CA\" align=\"justify\"><span style=\"font-family: Times New Roman,serif;\"><span style=\"font-size: medium;\">Et puis ? Le continuum de l&rsquo;espace-temps est une bulle qui \u00e9clate dans le vacuum de la n\u00e9gation totale.<\/span><\/span><\/p>\n<p class=\"western\" lang=\"fr-CA\" align=\"justify\"><span style=\"font-family: Times New Roman,serif;\"><span style=\"font-size: medium;\">Sans ici ou l\u00e0, \u00e9tait ou sera.<\/span><\/span><\/p>\n<p class=\"western\" lang=\"fr-CA\" align=\"justify\"><span style=\"font-family: Times New Roman,serif;\"><span style=\"font-size: medium;\">Quand ou pourquoi, qui ou quoi.<\/span><\/span><\/p>\n<p class=\"western\" lang=\"fr-CA\" align=\"justify\"><span style=\"font-family: Times New Roman,serif;\"><span style=\"font-size: medium;\">Tel est l&rsquo;Absolu.<\/span><\/span><\/p>\n<p class=\"western\" lang=\"fr-CA\" align=\"justify\"><span style=\"font-family: Times New Roman,serif;\"><span style=\"font-size: medium;\">Au-del\u00e0, il n&rsquo;y a aucune chose pour \u00eatre une chose derri\u00e8re.<\/span><\/span><\/p>\n<p class=\"western\" lang=\"fr-CA\" align=\"justify\"><span style=\"font-family: Times New Roman,serif;\"><span style=\"font-size: medium;\">La n\u00e9gation absolue de l&rsquo;apparence, l&rsquo;absence ph\u00e9nom\u00e9nale totale, est la v\u00e9rit\u00e9 de Tao, et il n&rsquo;y a nulle part ailleurs pour qu&rsquo;elle soit, sauf partout o\u00f9 je suis.<\/span><\/span><\/p>\n<p class=\"western\" align=\"justify\"><span style=\"color: #000000;\"><span style=\"font-family: Times New Roman,serif;\"><span style=\"font-size: medium;\"><span lang=\"fr-CA\"><b>5. <\/b><\/span><\/span><\/span><\/span><span style=\"color: #000000;\"><span style=\"font-family: Times New Roman,serif;\"><span style=\"font-size: medium;\"><span lang=\"fr-CA\"><i><b>Ce que veulent dire Noumenon et Ph\u00e9nom\u00e8nes<\/b><\/i><\/span><\/span><\/span><\/span><\/p>\n<p class=\"western\" lang=\"fr-CA\" align=\"justify\"><span style=\"font-family: Times New Roman,serif;\"><span style=\"font-size: medium;\">Le ph\u00e9nom\u00e9nal est tout ce qui appara\u00eet, tout ce qui est pr\u00e9sent, tout ce qui n&rsquo;est pas absent. Ph\u00e9nom\u00e9nalement donc la noum\u00e9nalit\u00e9, qui n&rsquo;est pas apparente comme telle, est absente.<\/span><\/span><\/p>\n<p class=\"western\" lang=\"fr-CA\" align=\"justify\"><span style=\"font-family: Times New Roman,serif;\"><span style=\"font-size: medium;\">Noum\u00e9nalement toutefois, la ph\u00e9nom\u00e9nalit\u00e9 n&rsquo;est pas pr\u00e9sente, de m\u00eame elle n&rsquo;est pas absente ; elle pourrait \u00eatre appel\u00e9e potentielle. Elle n&rsquo;est pas comme telle, donc elle n&rsquo;est ni pr\u00e9sente ni absente ; le seul \u00e9tant de la ph\u00e9nom\u00e9nalit\u00e9 est noum\u00e9nal.<\/span><\/span><\/p>\n<p class=\"western\" lang=\"fr-CA\" align=\"justify\"><span style=\"font-family: Times New Roman,serif;\"><span style=\"font-size: medium;\">Et noumenon, principe de la potentialit\u00e9 qui est l&rsquo;apparition, ne peut avoir aucune existence conceptuelle ou objective, \u00e9tant un symbole pour l&rsquo;origine de concevoir comme tel.<\/span><\/span><\/p>\n","protected":false},"excerpt":{"rendered":"<p>Dans la pratique, cela veut dire que n&rsquo;importe quelle conception que A a de B, C de B, B de B (son \u00ab soi \u00bb) est tout ce que B est ou pourrait \u00eatre \u00e0 ce moment du temps. A aucun moment du temps il ne peut y avoir d&rsquo;entit\u00e9 pouvant \u00eatre autre que conceptuelle, parce qu&rsquo;il n&rsquo;y a que connaissant, et ni connaissant ni connaissance ne peuvent avoir une existence autonome.<\/p>\n","protected":false},"author":1,"featured_media":12794,"comment_status":"closed","ping_status":"closed","sticky":false,"template":"","format":"standard","meta":{"footnotes":""},"categories":[73],"tags":[8,1267,1266],"class_list":["post-16290","post","type-post","status-publish","format-standard","has-post-thumbnail","hentry","category-wei-wu-wei","tag-non-dualite","tag-noumene","tag-phenmene"],"yoast_head":"<!-- This site is optimized with the Yoast SEO plugin v27.0 - https:\/\/yoast.com\/product\/yoast-seo-wordpress\/ -->\n<title>Le mental indivis par Wei Wu Wei - 3e mill\u00e9naire - Spiritualit\u00e9 - Connaissance de soi - Non-dualit\u00e9 - M\u00e9ditation<\/title>\n<meta name=\"robots\" content=\"index, follow, max-snippet:-1, max-image-preview:large, max-video-preview:-1\" \/>\n<link rel=\"canonical\" href=\"https:\/\/www.revue3emillenaire.com\/blog\/le-mental-indivis-par-wei-wu-wei\/\" \/>\n<meta property=\"og:locale\" content=\"fr_FR\" \/>\n<meta property=\"og:type\" content=\"article\" \/>\n<meta property=\"og:title\" content=\"Le mental indivis par Wei Wu Wei - 3e mill\u00e9naire - Spiritualit\u00e9 - Connaissance de soi - Non-dualit\u00e9 - M\u00e9ditation\" \/>\n<meta property=\"og:description\" content=\"Dans la pratique, cela veut dire que n&#039;importe quelle conception que A a de B, C de B, B de B (son \u00ab soi \u00bb) est tout ce que B est ou pourrait \u00eatre \u00e0 ce moment du temps. A aucun moment du temps il ne peut y avoir d&#039;entit\u00e9 pouvant \u00eatre autre que conceptuelle, parce qu&#039;il n&#039;y a que connaissant, et ni connaissant ni connaissance ne peuvent avoir une existence autonome.\" \/>\n<meta property=\"og:url\" content=\"https:\/\/www.revue3emillenaire.com\/blog\/le-mental-indivis-par-wei-wu-wei\/\" \/>\n<meta property=\"og:site_name\" content=\"3e mill\u00e9naire - Spiritualit\u00e9 - Connaissance de soi - Non-dualit\u00e9 - M\u00e9ditation\" \/>\n<meta property=\"article:published_time\" content=\"2014-09-14T01:50:44+00:00\" \/>\n<meta property=\"og:image\" content=\"https:\/\/www.revue3emillenaire.com\/blog\/wp-content\/uploads\/2013\/01\/WWW1.gif\" \/>\n\t<meta property=\"og:image:width\" content=\"119\" \/>\n\t<meta property=\"og:image:height\" content=\"146\" \/>\n\t<meta property=\"og:image:type\" content=\"image\/gif\" \/>\n<meta name=\"author\" content=\"3e mill\u00e9naire\" \/>\n<meta name=\"twitter:card\" content=\"summary_large_image\" \/>\n<meta name=\"twitter:label1\" content=\"\u00c9crit par\" \/>\n\t<meta name=\"twitter:data1\" content=\"3e mill\u00e9naire\" \/>\n\t<meta name=\"twitter:label2\" content=\"Dur\u00e9e de lecture estim\u00e9e\" \/>\n\t<meta name=\"twitter:data2\" content=\"7 minutes\" \/>\n<script type=\"application\/ld+json\" class=\"yoast-schema-graph\">{\"@context\":\"https:\/\/schema.org\",\"@graph\":[{\"@type\":\"Article\",\"@id\":\"https:\/\/www.revue3emillenaire.com\/blog\/le-mental-indivis-par-wei-wu-wei\/#article\",\"isPartOf\":{\"@id\":\"https:\/\/www.revue3emillenaire.com\/blog\/le-mental-indivis-par-wei-wu-wei\/\"},\"author\":{\"name\":\"3e mill\u00e9naire\",\"@id\":\"https:\/\/www.revue3emillenaire.com\/blog\/#\/schema\/person\/9a3a7cc4ccaa707f402d4394327106d5\"},\"headline\":\"Le mental indivis par Wei Wu Wei\",\"datePublished\":\"2014-09-14T01:50:44+00:00\",\"mainEntityOfPage\":{\"@id\":\"https:\/\/www.revue3emillenaire.com\/blog\/le-mental-indivis-par-wei-wu-wei\/\"},\"wordCount\":1492,\"image\":{\"@id\":\"https:\/\/www.revue3emillenaire.com\/blog\/le-mental-indivis-par-wei-wu-wei\/#primaryimage\"},\"thumbnailUrl\":\"https:\/\/www.revue3emillenaire.com\/blog\/wp-content\/uploads\/2013\/01\/WWW1.gif\",\"keywords\":[\"Non-dualit\u00e9\",\"Noum\u00e8ne\",\"Ph\u00e9nm\u00e8ne\"],\"articleSection\":[\"Wei Wu Wei\"],\"inLanguage\":\"fr-FR\"},{\"@type\":\"WebPage\",\"@id\":\"https:\/\/www.revue3emillenaire.com\/blog\/le-mental-indivis-par-wei-wu-wei\/\",\"url\":\"https:\/\/www.revue3emillenaire.com\/blog\/le-mental-indivis-par-wei-wu-wei\/\",\"name\":\"Le mental indivis par Wei Wu Wei - 3e mill\u00e9naire - Spiritualit\u00e9 - Connaissance de soi - Non-dualit\u00e9 - M\u00e9ditation\",\"isPartOf\":{\"@id\":\"https:\/\/www.revue3emillenaire.com\/blog\/#website\"},\"primaryImageOfPage\":{\"@id\":\"https:\/\/www.revue3emillenaire.com\/blog\/le-mental-indivis-par-wei-wu-wei\/#primaryimage\"},\"image\":{\"@id\":\"https:\/\/www.revue3emillenaire.com\/blog\/le-mental-indivis-par-wei-wu-wei\/#primaryimage\"},\"thumbnailUrl\":\"https:\/\/www.revue3emillenaire.com\/blog\/wp-content\/uploads\/2013\/01\/WWW1.gif\",\"datePublished\":\"2014-09-14T01:50:44+00:00\",\"author\":{\"@id\":\"https:\/\/www.revue3emillenaire.com\/blog\/#\/schema\/person\/9a3a7cc4ccaa707f402d4394327106d5\"},\"breadcrumb\":{\"@id\":\"https:\/\/www.revue3emillenaire.com\/blog\/le-mental-indivis-par-wei-wu-wei\/#breadcrumb\"},\"inLanguage\":\"fr-FR\",\"potentialAction\":[{\"@type\":\"ReadAction\",\"target\":[\"https:\/\/www.revue3emillenaire.com\/blog\/le-mental-indivis-par-wei-wu-wei\/\"]}]},{\"@type\":\"ImageObject\",\"inLanguage\":\"fr-FR\",\"@id\":\"https:\/\/www.revue3emillenaire.com\/blog\/le-mental-indivis-par-wei-wu-wei\/#primaryimage\",\"url\":\"https:\/\/www.revue3emillenaire.com\/blog\/wp-content\/uploads\/2013\/01\/WWW1.gif\",\"contentUrl\":\"https:\/\/www.revue3emillenaire.com\/blog\/wp-content\/uploads\/2013\/01\/WWW1.gif\",\"width\":\"119\",\"height\":\"146\"},{\"@type\":\"BreadcrumbList\",\"@id\":\"https:\/\/www.revue3emillenaire.com\/blog\/le-mental-indivis-par-wei-wu-wei\/#breadcrumb\",\"itemListElement\":[{\"@type\":\"ListItem\",\"position\":1,\"name\":\"Accueil\",\"item\":\"https:\/\/www.revue3emillenaire.com\/blog\/\"},{\"@type\":\"ListItem\",\"position\":2,\"name\":\"Le mental indivis par Wei Wu Wei\"}]},{\"@type\":\"WebSite\",\"@id\":\"https:\/\/www.revue3emillenaire.com\/blog\/#website\",\"url\":\"https:\/\/www.revue3emillenaire.com\/blog\/\",\"name\":\"3e mill\u00e9naire - Spiritualit\u00e9 - Connaissance de soi - Non-dualit\u00e9 - M\u00e9ditation\",\"description\":\"L&#039;Homme en devenir\",\"potentialAction\":[{\"@type\":\"SearchAction\",\"target\":{\"@type\":\"EntryPoint\",\"urlTemplate\":\"https:\/\/www.revue3emillenaire.com\/blog\/?s={search_term_string}\"},\"query-input\":{\"@type\":\"PropertyValueSpecification\",\"valueRequired\":true,\"valueName\":\"search_term_string\"}}],\"inLanguage\":\"fr-FR\"},{\"@type\":\"Person\",\"@id\":\"https:\/\/www.revue3emillenaire.com\/blog\/#\/schema\/person\/9a3a7cc4ccaa707f402d4394327106d5\",\"name\":\"3e mill\u00e9naire\",\"url\":\"https:\/\/www.revue3emillenaire.com\/blog\/author\/admin\/\"}]}<\/script>\n<!-- \/ Yoast SEO plugin. -->","yoast_head_json":{"title":"Le mental indivis par Wei Wu Wei - 3e mill\u00e9naire - Spiritualit\u00e9 - Connaissance de soi - Non-dualit\u00e9 - M\u00e9ditation","robots":{"index":"index","follow":"follow","max-snippet":"max-snippet:-1","max-image-preview":"max-image-preview:large","max-video-preview":"max-video-preview:-1"},"canonical":"https:\/\/www.revue3emillenaire.com\/blog\/le-mental-indivis-par-wei-wu-wei\/","og_locale":"fr_FR","og_type":"article","og_title":"Le mental indivis par Wei Wu Wei - 3e mill\u00e9naire - Spiritualit\u00e9 - Connaissance de soi - Non-dualit\u00e9 - M\u00e9ditation","og_description":"Dans la pratique, cela veut dire que n'importe quelle conception que A a de B, C de B, B de B (son \u00ab soi \u00bb) est tout ce que B est ou pourrait \u00eatre \u00e0 ce moment du temps. A aucun moment du temps il ne peut y avoir d'entit\u00e9 pouvant \u00eatre autre que conceptuelle, parce qu'il n'y a que connaissant, et ni connaissant ni connaissance ne peuvent avoir une existence autonome.","og_url":"https:\/\/www.revue3emillenaire.com\/blog\/le-mental-indivis-par-wei-wu-wei\/","og_site_name":"3e mill\u00e9naire - Spiritualit\u00e9 - Connaissance de soi - Non-dualit\u00e9 - M\u00e9ditation","article_published_time":"2014-09-14T01:50:44+00:00","og_image":[{"width":119,"height":146,"url":"https:\/\/www.revue3emillenaire.com\/blog\/wp-content\/uploads\/2013\/01\/WWW1.gif","type":"image\/gif"}],"author":"3e mill\u00e9naire","twitter_card":"summary_large_image","twitter_misc":{"\u00c9crit par":"3e mill\u00e9naire","Dur\u00e9e de lecture estim\u00e9e":"7 minutes"},"schema":{"@context":"https:\/\/schema.org","@graph":[{"@type":"Article","@id":"https:\/\/www.revue3emillenaire.com\/blog\/le-mental-indivis-par-wei-wu-wei\/#article","isPartOf":{"@id":"https:\/\/www.revue3emillenaire.com\/blog\/le-mental-indivis-par-wei-wu-wei\/"},"author":{"name":"3e mill\u00e9naire","@id":"https:\/\/www.revue3emillenaire.com\/blog\/#\/schema\/person\/9a3a7cc4ccaa707f402d4394327106d5"},"headline":"Le mental indivis par Wei Wu Wei","datePublished":"2014-09-14T01:50:44+00:00","mainEntityOfPage":{"@id":"https:\/\/www.revue3emillenaire.com\/blog\/le-mental-indivis-par-wei-wu-wei\/"},"wordCount":1492,"image":{"@id":"https:\/\/www.revue3emillenaire.com\/blog\/le-mental-indivis-par-wei-wu-wei\/#primaryimage"},"thumbnailUrl":"https:\/\/www.revue3emillenaire.com\/blog\/wp-content\/uploads\/2013\/01\/WWW1.gif","keywords":["Non-dualit\u00e9","Noum\u00e8ne","Ph\u00e9nm\u00e8ne"],"articleSection":["Wei Wu Wei"],"inLanguage":"fr-FR"},{"@type":"WebPage","@id":"https:\/\/www.revue3emillenaire.com\/blog\/le-mental-indivis-par-wei-wu-wei\/","url":"https:\/\/www.revue3emillenaire.com\/blog\/le-mental-indivis-par-wei-wu-wei\/","name":"Le mental indivis par Wei Wu Wei - 3e mill\u00e9naire - Spiritualit\u00e9 - Connaissance de soi - Non-dualit\u00e9 - M\u00e9ditation","isPartOf":{"@id":"https:\/\/www.revue3emillenaire.com\/blog\/#website"},"primaryImageOfPage":{"@id":"https:\/\/www.revue3emillenaire.com\/blog\/le-mental-indivis-par-wei-wu-wei\/#primaryimage"},"image":{"@id":"https:\/\/www.revue3emillenaire.com\/blog\/le-mental-indivis-par-wei-wu-wei\/#primaryimage"},"thumbnailUrl":"https:\/\/www.revue3emillenaire.com\/blog\/wp-content\/uploads\/2013\/01\/WWW1.gif","datePublished":"2014-09-14T01:50:44+00:00","author":{"@id":"https:\/\/www.revue3emillenaire.com\/blog\/#\/schema\/person\/9a3a7cc4ccaa707f402d4394327106d5"},"breadcrumb":{"@id":"https:\/\/www.revue3emillenaire.com\/blog\/le-mental-indivis-par-wei-wu-wei\/#breadcrumb"},"inLanguage":"fr-FR","potentialAction":[{"@type":"ReadAction","target":["https:\/\/www.revue3emillenaire.com\/blog\/le-mental-indivis-par-wei-wu-wei\/"]}]},{"@type":"ImageObject","inLanguage":"fr-FR","@id":"https:\/\/www.revue3emillenaire.com\/blog\/le-mental-indivis-par-wei-wu-wei\/#primaryimage","url":"https:\/\/www.revue3emillenaire.com\/blog\/wp-content\/uploads\/2013\/01\/WWW1.gif","contentUrl":"https:\/\/www.revue3emillenaire.com\/blog\/wp-content\/uploads\/2013\/01\/WWW1.gif","width":"119","height":"146"},{"@type":"BreadcrumbList","@id":"https:\/\/www.revue3emillenaire.com\/blog\/le-mental-indivis-par-wei-wu-wei\/#breadcrumb","itemListElement":[{"@type":"ListItem","position":1,"name":"Accueil","item":"https:\/\/www.revue3emillenaire.com\/blog\/"},{"@type":"ListItem","position":2,"name":"Le mental indivis par Wei Wu Wei"}]},{"@type":"WebSite","@id":"https:\/\/www.revue3emillenaire.com\/blog\/#website","url":"https:\/\/www.revue3emillenaire.com\/blog\/","name":"3e mill\u00e9naire - Spiritualit\u00e9 - Connaissance de soi - Non-dualit\u00e9 - M\u00e9ditation","description":"L&#039;Homme en devenir","potentialAction":[{"@type":"SearchAction","target":{"@type":"EntryPoint","urlTemplate":"https:\/\/www.revue3emillenaire.com\/blog\/?s={search_term_string}"},"query-input":{"@type":"PropertyValueSpecification","valueRequired":true,"valueName":"search_term_string"}}],"inLanguage":"fr-FR"},{"@type":"Person","@id":"https:\/\/www.revue3emillenaire.com\/blog\/#\/schema\/person\/9a3a7cc4ccaa707f402d4394327106d5","name":"3e mill\u00e9naire","url":"https:\/\/www.revue3emillenaire.com\/blog\/author\/admin\/"}]}},"_links":{"self":[{"href":"https:\/\/www.revue3emillenaire.com\/blog\/wp-json\/wp\/v2\/posts\/16290","targetHints":{"allow":["GET"]}}],"collection":[{"href":"https:\/\/www.revue3emillenaire.com\/blog\/wp-json\/wp\/v2\/posts"}],"about":[{"href":"https:\/\/www.revue3emillenaire.com\/blog\/wp-json\/wp\/v2\/types\/post"}],"author":[{"embeddable":true,"href":"https:\/\/www.revue3emillenaire.com\/blog\/wp-json\/wp\/v2\/users\/1"}],"replies":[{"embeddable":true,"href":"https:\/\/www.revue3emillenaire.com\/blog\/wp-json\/wp\/v2\/comments?post=16290"}],"version-history":[{"count":0,"href":"https:\/\/www.revue3emillenaire.com\/blog\/wp-json\/wp\/v2\/posts\/16290\/revisions"}],"wp:featuredmedia":[{"embeddable":true,"href":"https:\/\/www.revue3emillenaire.com\/blog\/wp-json\/wp\/v2\/media\/12794"}],"wp:attachment":[{"href":"https:\/\/www.revue3emillenaire.com\/blog\/wp-json\/wp\/v2\/media?parent=16290"}],"wp:term":[{"taxonomy":"category","embeddable":true,"href":"https:\/\/www.revue3emillenaire.com\/blog\/wp-json\/wp\/v2\/categories?post=16290"},{"taxonomy":"post_tag","embeddable":true,"href":"https:\/\/www.revue3emillenaire.com\/blog\/wp-json\/wp\/v2\/tags?post=16290"}],"curies":[{"name":"wp","href":"https:\/\/api.w.org\/{rel}","templated":true}]}}