{"id":16329,"date":"2014-09-27T14:01:28","date_gmt":"2014-09-27T13:01:28","guid":{"rendered":"http:\/\/www.revue3emillenaire.com\/blog\/?p=16329"},"modified":"2014-09-27T14:01:29","modified_gmt":"2014-09-27T13:01:29","slug":"survivre-a-ses-parents-par-le-docteur-pierre-wiltzer","status":"publish","type":"post","link":"https:\/\/www.revue3emillenaire.com\/blog\/survivre-a-ses-parents-par-le-docteur-pierre-wiltzer\/","title":{"rendered":"Survivre \u00e0 ses parents par le docteur Pierre Wiltzer"},"content":{"rendered":"<p align=\"justify\"><span style=\"color: #000000;\"><span style=\"font-size: medium;\"><span lang=\"fr-CA\">(Revue Itin\u00e9rance. No 2. Novembre 1986)<\/span><\/span><\/span><\/p>\n<p align=\"justify\"><span style=\"color: #000000;\"><span style=\"text-decoration: none;\"><span style=\"font-size: medium;\"><span style=\"letter-spacing: normal;\"><b>Chaque fois que la r\u00e9alisation d&rsquo;un de nos d\u00e9sirs se trouve menac\u00e9, le m\u00e9canisme de la peur et de la violence s&rsquo;enclenche. Le r\u00f4le ambigu des parents est \u00e0 la fois protecteur et canalisateur, mais il pr\u00e9pare aussi l&rsquo;enfant \u00e0 devenir victorieux de ses d\u00e9pendances et \u00e0 s&rsquo;affirmer face au monde. L&rsquo;enfant fait alors l&rsquo;apprentissage de ce difficile \u00e9quilibre entre l&rsquo;acte de se vaincre soi-m\u00eame et celui de s&rsquo;imposer <\/b><\/span><\/span><\/span><\/span><span style=\"color: #000000;\"><span style=\"text-decoration: none;\"><span style=\"font-size: medium;\"><span style=\"letter-spacing: normal;\"><b>aux autres. <\/b><\/span><\/span><\/span><\/span><\/p>\n<p align=\"justify\"><span style=\"color: #000000;\"><span style=\"text-decoration: none;\"><span style=\"font-size: medium;\"><span style=\"letter-spacing: normal;\">\u00ab Je ne comprends plus, disait Freud en 1930, que nous puissions rester aveugles \u00e0 l&rsquo;ubiquit\u00e9 de l&rsquo;agression et de la destruction non \u00e9rotis\u00e9e et n\u00e9gliger de leur accorder la place qu&rsquo;elles m\u00e9ri\u00adtent dans l&rsquo;interpr\u00e9tation des ph\u00e9nom\u00e8nes de la vie. \u00bb Ainsi l&rsquo;ubiquit\u00e9 de l&rsquo;agression non \u00e9rotis\u00e9e qui d\u00e9finit la violence et la diff\u00e9rencie de l&rsquo;agressivit\u00e9 nous am\u00e8ne \u00e0 nous interroger avec Freud sur l&rsquo;existence \u00ab d&rsquo;une violence originaire organis\u00e9e sur le mode de l&rsquo;instinct, d&rsquo;une pul\u00adsion d&rsquo;agression \u00bb ou encore avec J. Bergeret \u00ab d&rsquo;une violence fonda\u00admentale \u00bb.<\/span><\/span><\/span><\/span><\/p>\n<p align=\"justify\"><span style=\"color: #000000;\"><span style=\"text-decoration: none;\"><span style=\"font-size: medium;\"><span style=\"letter-spacing: normal;\">Cette derni\u00e8re serait inscrite d&rsquo;apr\u00e8s l&rsquo;auteur \u00ab\u00a0symboliquement\u00a0\u00bb chez le nouveau-n\u00e9 ; sollicit\u00e9e par l&rsquo;imaginaire maternel, elle r\u00e9pondrait \u00e0 une probl\u00e9matique de survie \u00ab\u00a0lui ou moi\u00a0\u00bb, \u00e9cho \u00e0 ce que disait Freud : \u00ab\u00a0La violence peut \u00eatre consid\u00e9r\u00e9e comme une application \u00e0 la vie psychique de ce dilemme qui domine la vie organique : manger ou \u00eatre mang\u00e9 ; de tels fantasmes seraient, de fait, tout aussi pr\u00e9sents du c\u00f4t\u00e9 de l&rsquo;enfant que du c\u00f4t\u00e9 de la m\u00e8re&#8230;\u00a0\u00bb Mais s&rsquo;agit-il toujours d&rsquo;une violence fantas\u00admatique telle qu&rsquo;on peut l&rsquo;observer dans les phobies d&rsquo;impulsions chez les m\u00e8res, peur d&rsquo;attenter \u00e0 la vie de l&rsquo;enfant ? I<\/span><\/span><\/span><\/span><span style=\"color: #000000;\"><span style=\"text-decoration: none;\"><span style=\"font-size: medium;\"><span style=\"letter-spacing: normal;\">l<\/span><\/span><\/span><\/span><span style=\"color: #000000;\"><span style=\"text-decoration: none;\"><span style=\"font-size: medium;\"><span style=\"letter-spacing: normal;\"> y a une violence bien r\u00e9elle dans les infanticides perp\u00e9tr\u00e9s dans certains \u00e9tats d\u00e9lirants qui succ\u00e8dent \u00e0 l&rsquo;accouchement.<\/span><\/span><\/span><\/span><\/p>\n<p align=\"justify\"><span style=\"color: #000000;\"><span style=\"text-decoration: none;\"><span style=\"font-size: medium;\"><span style=\"letter-spacing: normal;\">Mais en dehors de la pathologie, il existe une violence des adultes \u00e0 l&rsquo;\u00e9gard de l&rsquo;enfant lorsque les premiers imposent leur d\u00e9sir, ou s&rsquo;opposent au d\u00e9sir du second, que cela soit justifi\u00e9 ou non.<\/span><\/span><\/span><\/span><\/p>\n<p align=\"justify\"><span style=\"color: #000000;\"><span style=\"text-decoration: none;\"><span style=\"font-size: medium;\"><span style=\"letter-spacing: normal;\">Que cette violence soit constitutive de la personnalit\u00e9 sans aucun doute : \u00ab\u00a0Si, apr\u00e8s la naissance, dans un premier temps, la m\u00e8re satisfait les <\/span><\/span><\/span><\/span><span style=\"color: #000000;\"><span style=\"text-decoration: none;\"><span style=\"font-size: medium;\"><span style=\"letter-spacing: normal;\">besoins de l&rsquo;enfant, dans un deuxi\u00e8me temps, continue R. Diatkine, ce dernier d\u00e9couvrirait que sa m\u00e8re existe et qu&rsquo;elle a d&rsquo;autres int\u00e9r\u00eats que le sujet lui-m\u00eame\u00a0\u00bb, notamment le p\u00e8re, porteur de la loi, qui s&rsquo;interpose entre l&rsquo;enfant et sa m\u00e8re ; ainsi \u00ab\u00a0dans un troisi\u00e8me temps se d\u00e9velop\u00adperaient le complexe <\/span><\/span><\/span><\/span><span style=\"color: #000000;\"><span style=\"text-decoration: none;\"><span style=\"font-size: medium;\"><span style=\"letter-spacing: normal;\">d\u2019\u0152dipe<\/span><\/span><\/span><\/span><span style=\"color: #000000;\"><span style=\"text-decoration: none;\"><span style=\"font-size: medium;\"><span style=\"letter-spacing: normal;\"> et l&rsquo;angoisse de la castration, le conflit dominant \u00e9tant constitu\u00e9 par l&rsquo;\u00e9laboration la plus pouss\u00e9e de la violence vers autrui et vers soi-m\u00eame, \u00eatre comme autrui entra\u00eenant n\u00e9cessaire\u00adment fantasmes de mort et d\u00e9sir de survie tant pour l&rsquo;un que pour l&rsquo;autre\u00a0\u00bb.<\/span><\/span><\/span><\/span><\/p>\n<p align=\"justify\"><span style=\"color: #000000;\"><span style=\"text-decoration: none;\"><span style=\"font-size: medium;\"><span style=\"letter-spacing: normal;\">\u00ab\u00a0La violence n&rsquo;est jamais absente dans les formations fantasmatiques infantiles ; il existe, dit Freud, des r\u00eaves de d\u00e9sir de la mort du p\u00e8re et une hostilit\u00e9 envers la m\u00e8re ; toutes les fois que quelqu&rsquo;un nous barre le chemin, l&rsquo;imaginaire se montre pr\u00eat \u00e0 le supprimer.\u00a0\u00bb<\/span><\/span><\/span><\/span><\/p>\n<p align=\"justify\"><span style=\"color: #000000;\"><span style=\"text-decoration: none;\"><span style=\"font-size: medium;\"><span style=\"letter-spacing: normal;\">Pourtant \u00ab\u00a0il est n\u00e9cessaire, souligne J. Bergeret, que le p\u00e8re s&rsquo;oppose pour que l&rsquo;enfant devienne victorieux de ses anciens comportements de d\u00e9pendance. Les p\u00e8res dont on ne parvient pas <\/span><\/span><\/span><\/span><span style=\"color: #000000;\"><span style=\"text-decoration: none;\"><span style=\"font-size: medium;\"><span style=\"letter-spacing: normal;\">\u00e0<\/span><\/span><\/span><\/span><span style=\"color: #000000;\"><span style=\"text-decoration: none;\"><span style=\"font-size: medium;\"><span style=\"letter-spacing: normal;\"> triompher pr\u00e9pa\u00adrent des enfants dont la violence n&rsquo;aura pas pu \u00eatre int\u00e9gr\u00e9e dans une victoire n\u00e9goci\u00e9e aupr\u00e8s de la femme ; ce sont d&rsquo;\u00e9ternels sujets en r\u00e9volte. Mais les p\u00e8res qui ne s&rsquo;opposent pas laissent les enfants sans possibilit\u00e9 d&rsquo;utilisation de leur potentiel violent ; ce sont des d\u00e9pressifs souvent instructurables et ne pouvant finalement retourner leur violence que contre eux-m\u00eames\u00a0\u00bb.<\/span><\/span><\/span><\/span><\/p>\n<p align=\"justify\"><span style=\"color: #000000;\"><span style=\"text-decoration: none;\"><span style=\"font-size: medium;\"><span style=\"letter-spacing: normal;\">La violence n&rsquo;est pas seulement intrafamiliale ; il existe une violence qui s&rsquo;exerce vis-\u00e0-vis du sujet lui-m\u00eame et la pathologie mentale nous en offre des exemples caricaturaux, tant dans la m\u00e9lancolie o\u00f9, comme le souligne J. Nadal \u00ab\u00a0la perte de l&rsquo;objet conduit le Moi en s&rsquo;identifiant \u00e0 <\/span><\/span><\/span><\/span><span style=\"color: #000000;\"><span style=\"text-decoration: none;\"><span style=\"font-size: medium;\"><span style=\"letter-spacing: normal;\">l&rsquo;objet perdu \u00e0 se d\u00e9vorer lui-m\u00eame par la pression du Surmoi destructeur\u00a0\u00bb, que dans les conduites automutilatrices chez l&rsquo;enfant et la toxi\u00adcomanie chez l&rsquo;adolescent. Dans l&rsquo;anorexie de la jeune fille on retrouve une auto-affirmation narcissique de toute-puissance \u00e0 l&rsquo;image de cette m\u00eame \u00ab\u00a0toute puissance\u00a0\u00bb dont parle B. Grunberger, \u00e0 laquelle participe le chasseur qui abat sa victime.<\/span><\/span><\/span><\/span><\/p>\n<p align=\"justify\"><span style=\"color: #000000;\"><span style=\"text-decoration: none;\"><span style=\"font-size: medium;\"><span style=\"letter-spacing: normal;\">C&rsquo;est K. Lorenz, cit\u00e9 par J. Bergeret, qui a montr\u00e9 \u00ab\u00a0la pr\u00e9sence univer\u00adselle de la violence premi\u00e8re chez les \u00eatres vivants et sa n\u00e9cessit\u00e9 ini\u00adtiale pour la survie des esp\u00e8ces comme des individus\u00a0\u00bb.<\/span><\/span><\/span><\/span><\/p>\n<p align=\"justify\"><span style=\"color: #000000;\"><span style=\"text-decoration: none;\"><span style=\"font-size: medium;\"><span style=\"letter-spacing: normal;\">Mais le m\u00eame auteur insiste sur \u00ab\u00a0l&rsquo;apport dynamique op\u00e9r\u00e9 par la violence \u00e0 toute attitude cr\u00e9ative\u00a0\u00bb&#8230; cr\u00e9ation artistique, cr\u00e9ation tout court, et l\u00e0 c&rsquo;est l&rsquo;aspect positif de la violence d\u00e9finie en derni\u00e8re analyse par les dictionnaires contemporains comme \u00ab\u00a0une intensit\u00e9, une vivacit\u00e9, une ardeur\u00a0\u00bb&#8230; Et ainsi, si la violence permet \u00e0 l&rsquo;enfant de se constituer une personnalit\u00e9 comme il a \u00e9t\u00e9 soulign\u00e9 plus haut, elle sous-tend, au total, tout acte et elle est fondatrice de tout sentiment. \u00ab\u00a0L&rsquo;homme \u00e9tant con\u00e7u avec la chance de vivre sa violence absolue et \u00e9go\u00efste premi\u00e8re avant de parvenir \u00e0 la relation amoureuse.\u00a0\u00bb<\/span><\/span><\/span><\/span><\/p>\n<p align=\"justify\"><span style=\"color: #000000;\"><span style=\"text-decoration: none;\"><span style=\"font-size: medium;\"><span style=\"letter-spacing: normal;\">Il en est autrement de l&rsquo;agressivit\u00e9 humaine pour laquelle R. Diatkine a montr\u00e9 \u00ab\u00a0la participation de la libido et qui vise comme objets des repr\u00e9\u00adsentations parentales qu&rsquo;il est question de d\u00e9truire\u00a0\u00bb. D\u00e9j\u00e0 J. Bergeret a pu souligner \u00ab\u00a0que du point de vue \u00e9thologique les comportements agressifs sont des comportements ayant un objet et un but d\u00e9termin\u00e9 auquel participe un certain degr\u00e9 d&rsquo;\u00e9laboration, de secondarisation et de plaisir\u00a0\u00bb et c&rsquo;est surtout par le plaisir que l&rsquo;agressivit\u00e9 se distingue de la violence.<\/span><\/span><\/span><\/span><\/p>\n<p align=\"justify\"><span style=\"color: #000000;\"><span style=\"text-decoration: none;\"><span style=\"font-size: medium;\"><span style=\"letter-spacing: normal;\">L&rsquo;agressivit\u00e9 humaine a pour le m\u00eame auteur \u00ab\u00a0un objet sexuel et <\/span><\/span><\/span><\/span><span style=\"color: #000000;\"><span style=\"text-decoration: none;\"><span style=\"font-size: medium;\"><span style=\"letter-spacing: normal;\">\u0153dipien<\/span><\/span><\/span><\/span><span style=\"color: #000000;\"><span style=\"text-decoration: none;\"><span style=\"font-size: medium;\"><span style=\"letter-spacing: normal;\">, elle vise \u00e0 nuire \u00e0 l&rsquo;objet, elle d\u00e9coule de la pulsion de mort alors que la violence fait partie des instincts de vie, elle s&rsquo;articule avec la sexualit\u00e9 d&rsquo;un point de vue synchronique, la violence assurant un \u00e9tayage dyna\u00admique au profit de la sexualit\u00e9\u00a0\u00bb, et \u00e9tant en derni\u00e8re analyse \u00ab\u00a0une pul\u00adsion d&rsquo;auto-conservation\u00a0\u00bb participant \u00e0 <\/span><\/span><\/span><\/span><span style=\"color: #000000;\"><span style=\"text-decoration: none;\"><span style=\"font-size: medium;\"><span style=\"letter-spacing: normal;\">l<\/span><\/span><\/span><\/span><span style=\"color: #000000;\"><span style=\"text-decoration: none;\"><span style=\"font-size: medium;\"><span style=\"letter-spacing: normal;\">\u00ab\u00a0&lsquo;\u00e9lan vital\u00a0\u00bb. L&rsquo;agressivit\u00e9 inter\u00advient donc dans la relation \u00e0 l&rsquo;autre \u00e9tant vectrice d&rsquo;un sentiment de culpabilit\u00e9 en raison de son objet <\/span><\/span><\/span><\/span><span style=\"color: #000000;\"><span style=\"text-decoration: none;\"><span style=\"font-size: medium;\"><span style=\"letter-spacing: normal;\">\u0153dipien<\/span><\/span><\/span><\/span><span style=\"color: #000000;\"><span style=\"text-decoration: none;\"><span style=\"font-size: medium;\"><span style=\"letter-spacing: normal;\">, \u00e0 savoir souvent une figure parentale.<\/span><\/span><\/span><\/span><\/p>\n<p align=\"justify\"><span style=\"color: #000000;\"><span style=\"text-decoration: none;\"><span style=\"font-size: medium;\"><span style=\"letter-spacing: normal;\">\u00ab\u00a0On s&rsquo;int\u00e9resse surtout \u00e0 la violence des autres, comme si la violence n&rsquo;\u00e9tait pas d&rsquo;abord naturelle et m\u00eame d&rsquo;importance vitale, d\u00e8s la nais\u00adsance, chez chaque humain et comme si cette violence pouvait \u00eatre int\u00e9\u00adgr\u00e9e, r\u00e9sorb\u00e9e une fois pour toutes, sans r\u00e9activation possible chez l&rsquo;adulte\u00a0\u00bb, souligne J. Bergeret. De fait, nos soci\u00e9t\u00e9s ont voulu bannir la violence gr\u00e2ce \u00e0 l&rsquo;\u00e9volution des lois, des sanctions, des religions, de la m\u00e9decine (accouchement sans douleur), de la morale, des <\/span><\/span><\/span><\/span><span style=\"color: #000000;\"><span style=\"text-decoration: none;\"><span style=\"font-size: medium;\"><span style=\"letter-spacing: normal;\">m\u0153urs.<\/span><\/span><\/span><\/span><span style=\"color: #000000;\"><span style=\"text-decoration: none;\"><span style=\"font-size: medium;\"><span style=\"letter-spacing: normal;\"> Aussi les explosions de violence n&rsquo;apparaissent plus que comme des accidents et les individus violents comme des d\u00e9s\u00e9quilibr\u00e9s capables de violences. Ici le terme de violence employ\u00e9 au pluriel d\u00e9signe alors les actes du criminel et J. Picat a dress\u00e9 la liste des violences meurtri\u00e8\u00adres et sexuelles, homicides, parricides, magnicides, viols, incestes et manifestations p\u00e9dophiliques. \u00ab\u00a0Le risque de la punition est un facteur important de la gen\u00e8se du crime\u00a0\u00bb, nous dit l&rsquo;auteur en citant S. Lebovici ; et d&rsquo;ajouter que la victime \u00ab\u00a0vient souvent d\u00e9clencher sa propre fin\u00a0\u00bb. Les travaux de Raymondis en \u00e9thologie sont ax\u00e9s sur le p\u00f4le dominant-domin\u00e9 (ce dernier devant contribuer \u00e0 l&rsquo;apaisement du dominant) ; \u00e0 propos de l&rsquo;homicide, J. Picat analysant les meurtres rituels, conclut que ce dernier \u00ab\u00a0demeure justement un rite annulatoire, une suppression en miroir du fr\u00e8re, une destruction de l&rsquo;image de soi, une pulsion agie destin\u00e9e \u00e0 r\u00e9duire les tensions internes, \u00e0 ramener l&rsquo;\u00e9quilibre int\u00e9rieur et l&rsquo;homog\u00e9n\u00e9it\u00e9 : c&rsquo;est-\u00e0-dire sa propre mort\u00a0\u00bb. D\u00e9truire l&rsquo;image de soi, ou d\u00e9truire (dans le fantasme maternel \u00ab\u00a0on tue un enfant\u00a0\u00bb, analys\u00e9 par S. Leclaire), \u00ab\u00a0l&rsquo;enfant immortel du d\u00e9sir de la m\u00e8re\u00a0\u00bb, il s&rsquo;agit toujours d&rsquo;effacer son image.<\/span><\/span><\/span><\/span><\/p>\n<p align=\"justify\"><span style=\"color: #000000;\"><span style=\"text-decoration: none;\"><span style=\"font-size: medium;\"><span style=\"letter-spacing: normal;\">On ne saurait \u00eatre exhaustif sur la violence si on ne parlait pas de l\u00e0 o\u00f9 elle \u00e9clate, tant dans la mythologie, parricide et inceste dans le mythe d\u2019\u0152dipe, d\u00e9voration, incorporation retrouv\u00e9es chez le cyclope de l&rsquo;Odys\u00ads\u00e9e, que dans les r\u00e9cits populaires, les contes o\u00f9 la mise en sc\u00e8ne de la violence a un effet exutoire.<\/span><\/span><\/span><\/span><\/p>\n<p align=\"justify\"><span style=\"color: #000000;\"><span style=\"text-decoration: none;\"><span style=\"font-size: medium;\"><span style=\"letter-spacing: normal;\">Ainsi l&rsquo;ubiquit\u00e9 de la violence nous am\u00e8ne en derni\u00e8re analyse \u00e0 consi\u00add\u00e9rer qu&rsquo;elle est li\u00e9e \u00e0 l&rsquo;\u00eatre vivant, \u00e0 la vie.<\/span><\/span><\/span><\/span><\/p>\n<p align=\"right\"><span style=\"color: #000000;\"><span style=\"text-decoration: none;\"><span style=\"font-size: medium;\"><span style=\"letter-spacing: normal;\">Docteur Pierre Wiltzer<\/span><\/span><\/span><\/span><\/p>\n<p align=\"justify\"><span style=\"color: #000000;\"><span style=\"text-decoration: none;\"><span style=\"font-size: medium;\"><span style=\"letter-spacing: normal;\"><b>BIBLIOGRAPHIE<\/b><\/span><\/span><\/span><\/span><\/p>\n<p align=\"justify\"><span style=\"color: #000000;\"><span style=\"text-decoration: none;\"><span style=\"font-size: medium;\"><span style=\"letter-spacing: normal;\">J. BERGERET, <\/span><\/span><\/span><\/span><span style=\"color: #000000;\"><span style=\"text-decoration: none;\"><span style=\"font-size: medium;\"><span style=\"letter-spacing: normal;\"><i><span style=\"font-weight: normal;\">La Violence fondamentale<\/span><\/i><\/span><\/span><\/span><\/span><span style=\"color: #000000;\"><span style=\"text-decoration: none;\"><span style=\"font-size: medium;\"><span style=\"letter-spacing: normal;\">, Dunod, Paris, 1985. <\/span><\/span><\/span><\/span><\/p>\n<p align=\"justify\"><span style=\"color: #000000;\"><span style=\"text-decoration: none;\"><span style=\"font-size: medium;\"><span style=\"letter-spacing: normal;\">S. FREUD, <\/span><\/span><\/span><\/span><span style=\"color: #000000;\"><span style=\"text-decoration: none;\"><span style=\"font-size: medium;\"><span style=\"letter-spacing: normal;\"><i>Totem et tabou<\/i><\/span><\/span><\/span><\/span><span style=\"color: #000000;\"><span style=\"text-decoration: none;\"><span style=\"font-size: medium;\"><span style=\"letter-spacing: normal;\">, Payot, Paris, 1951.<\/span><\/span><\/span><\/span><\/p>\n<p align=\"justify\"><span style=\"color: #000000;\"><span style=\"text-decoration: none;\"><span style=\"font-size: medium;\"><span style=\"letter-spacing: normal;\">S. FREUD, <\/span><\/span><\/span><\/span><span style=\"color: #000000;\"><span style=\"text-decoration: none;\"><span style=\"font-size: medium;\"><span style=\"letter-spacing: normal;\"><i>Malaise dans la civilisation<\/i><\/span><\/span><\/span><\/span><span style=\"color: #000000;\"><span style=\"text-decoration: none;\"><span style=\"font-size: medium;\"><span style=\"letter-spacing: normal;\">, PUF, Paris, 1971.<\/span><\/span><\/span><\/span><\/p>\n<p align=\"justify\"><span style=\"color: #000000;\"><span style=\"text-decoration: none;\"><span style=\"font-size: medium;\"><span style=\"letter-spacing: normal;\">B. GRUNBERGER, <\/span><\/span><\/span><\/span><span style=\"color: #000000;\"><span style=\"text-decoration: none;\"><span style=\"font-size: medium;\"><span style=\"letter-spacing: normal;\"><i>Br\u00e8ve communication sur le narcissisme, l&rsquo;agressivit\u00e9 et l&rsquo;antis\u00e9mitisme<\/i><\/span><\/span><\/span><\/span><span style=\"color: #000000;\"><span style=\"text-decoration: none;\"><span style=\"font-size: medium;\"><span style=\"letter-spacing: normal;\">, PUF, Revue fran\u00e7aise de psychanalyse, Paris, 1984.<\/span><\/span><\/span><\/span><\/p>\n<p align=\"justify\"><span style=\"color: #000000;\"><span style=\"text-decoration: none;\"><span style=\"font-size: medium;\"><span style=\"letter-spacing: normal;\">R. DIATKINE, <\/span><\/span><\/span><\/span><span style=\"color: #000000;\"><span style=\"text-decoration: none;\"><span style=\"font-size: medium;\"><span style=\"letter-spacing: normal;\"><i>Agression et violence<\/i><\/span><\/span><\/span><\/span><span style=\"color: #000000;\"><span style=\"text-decoration: none;\"><span style=\"font-size: medium;\"><span style=\"letter-spacing: normal;\">, PUF, Revue fran\u00e7aise de psychanalyse n\u00b0 4, Paris, 1984.<\/span><\/span><\/span><\/span><\/p>\n<p align=\"justify\"><span style=\"color: #000000;\"><span style=\"text-decoration: none;\"><span style=\"font-size: medium;\"><span style=\"letter-spacing: normal;\">S. LECLAIRE, <\/span><\/span><\/span><\/span><span style=\"color: #000000;\"><span style=\"text-decoration: none;\"><span style=\"font-size: medium;\"><span style=\"letter-spacing: normal;\"><i>On tue un enfant<\/i><\/span><\/span><\/span><\/span><span style=\"color: #000000;\"><span style=\"text-decoration: none;\"><span style=\"font-size: medium;\"><span style=\"letter-spacing: normal;\">, Le Seuil, Paris, 1975. <\/span><\/span><\/span><\/span><\/p>\n<p align=\"justify\"><span style=\"color: #000000;\"><span style=\"text-decoration: none;\"><span style=\"font-size: medium;\"><span style=\"letter-spacing: normal;\">J. NADAL, <\/span><\/span><\/span><\/span><span style=\"color: #000000;\"><span style=\"text-decoration: none;\"><span style=\"font-size: medium;\"><span style=\"letter-spacing: normal;\"><i>L\u2019\u00c9veil du r\u00eave<\/i><\/span><\/span><\/span><\/span><span style=\"color: #000000;\"><span style=\"text-decoration: none;\"><span style=\"font-size: medium;\"><span style=\"letter-spacing: normal;\">, Anthropos, Paris, 1985. <\/span><\/span><\/span><\/span><\/p>\n<p align=\"justify\"><span style=\"color: #000000;\"><span style=\"text-decoration: none;\"><span style=\"font-size: medium;\"><span style=\"letter-spacing: normal;\">J. PICAT, <\/span><\/span><\/span><\/span><span style=\"color: #000000;\"><span style=\"text-decoration: none;\"><span style=\"font-size: medium;\"><span style=\"letter-spacing: normal;\"><i>Violences meurtri\u00e8res et sexuelles<\/i><\/span><\/span><\/span><\/span><span style=\"color: #000000;\"><span style=\"text-decoration: none;\"><span style=\"font-size: medium;\"><span style=\"letter-spacing: normal;\">, PUF, Paris, 1982.<\/span><\/span><\/span><\/span><\/p>\n","protected":false},"excerpt":{"rendered":"<p>La violence n\u2019est pas seulement intrafamiliale ; il existe une violence qui s\u2019exerce vis-\u00e0-vis du sujet lui-m\u00eame et la pathologie mentale nous en offre des exemples caricaturaux, tant dans la m\u00e9lancolie o\u00f9, comme le souligne J. Nadal \u00ab la perte de l\u2019objet conduit le Moi en s\u2019identifiant \u00e0 l\u2019objet perdu \u00e0 se d\u00e9vorer lui-m\u00eame par la pression du Surmoi destructeur \u00bb, que dans les conduites automutilatrices chez l\u2019enfant et la toxi\u00adcomanie chez l\u2019adolescent. Dans l\u2019anorexie de la jeune fille on retrouve une auto-affirmation narcissique de toute-puissance \u00e0 l\u2019image de cette m\u00eame \u00ab toute puissance \u00bb dont parle B. Grunberger, \u00e0 laquelle participe le chasseur qui abat sa victime.<\/p>\n","protected":false},"author":1,"featured_media":0,"comment_status":"closed","ping_status":"closed","sticky":false,"template":"","format":"standard","meta":{"footnotes":""},"categories":[1280],"tags":[634,29,679],"class_list":["post-16329","post","type-post","status-publish","format-standard","hentry","category-wiltzer-pierre","tag-complexe","tag-peur","tag-violence"],"yoast_head":"<!-- This site is optimized with the Yoast SEO plugin v27.0 - https:\/\/yoast.com\/product\/yoast-seo-wordpress\/ -->\n<title>Survivre \u00e0 ses parents par le docteur Pierre Wiltzer - 3e mill\u00e9naire - Spiritualit\u00e9 - Connaissance de soi - Non-dualit\u00e9 - M\u00e9ditation<\/title>\n<meta name=\"robots\" content=\"index, follow, max-snippet:-1, max-image-preview:large, max-video-preview:-1\" \/>\n<link rel=\"canonical\" href=\"https:\/\/www.revue3emillenaire.com\/blog\/survivre-a-ses-parents-par-le-docteur-pierre-wiltzer\/\" \/>\n<meta property=\"og:locale\" content=\"fr_FR\" \/>\n<meta property=\"og:type\" content=\"article\" \/>\n<meta property=\"og:title\" content=\"Survivre \u00e0 ses parents par le docteur Pierre Wiltzer - 3e mill\u00e9naire - Spiritualit\u00e9 - Connaissance de soi - Non-dualit\u00e9 - M\u00e9ditation\" \/>\n<meta property=\"og:description\" content=\"La violence n\u2019est pas seulement intrafamiliale ; il existe une violence qui s\u2019exerce vis-\u00e0-vis du sujet lui-m\u00eame et la pathologie mentale nous en offre des exemples caricaturaux, tant dans la m\u00e9lancolie o\u00f9, comme le souligne J. Nadal \u00ab la perte de l\u2019objet conduit le Moi en s\u2019identifiant \u00e0 l\u2019objet perdu \u00e0 se d\u00e9vorer lui-m\u00eame par la pression du Surmoi destructeur \u00bb, que dans les conduites automutilatrices chez l\u2019enfant et la toxi\u00adcomanie chez l\u2019adolescent. Dans l\u2019anorexie de la jeune fille on retrouve une auto-affirmation narcissique de toute-puissance \u00e0 l\u2019image de cette m\u00eame \u00ab toute puissance \u00bb dont parle B. Grunberger, \u00e0 laquelle participe le chasseur qui abat sa victime.\" \/>\n<meta property=\"og:url\" content=\"https:\/\/www.revue3emillenaire.com\/blog\/survivre-a-ses-parents-par-le-docteur-pierre-wiltzer\/\" \/>\n<meta property=\"og:site_name\" content=\"3e mill\u00e9naire - Spiritualit\u00e9 - Connaissance de soi - Non-dualit\u00e9 - M\u00e9ditation\" \/>\n<meta property=\"article:published_time\" content=\"2014-09-27T13:01:28+00:00\" \/>\n<meta property=\"article:modified_time\" content=\"2014-09-27T13:01:29+00:00\" \/>\n<meta name=\"author\" content=\"3e mill\u00e9naire\" \/>\n<meta name=\"twitter:card\" content=\"summary_large_image\" \/>\n<meta name=\"twitter:label1\" content=\"\u00c9crit par\" \/>\n\t<meta name=\"twitter:data1\" content=\"3e mill\u00e9naire\" \/>\n\t<meta name=\"twitter:label2\" content=\"Dur\u00e9e de lecture estim\u00e9e\" \/>\n\t<meta name=\"twitter:data2\" content=\"8 minutes\" \/>\n<script type=\"application\/ld+json\" class=\"yoast-schema-graph\">{\"@context\":\"https:\/\/schema.org\",\"@graph\":[{\"@type\":\"Article\",\"@id\":\"https:\/\/www.revue3emillenaire.com\/blog\/survivre-a-ses-parents-par-le-docteur-pierre-wiltzer\/#article\",\"isPartOf\":{\"@id\":\"https:\/\/www.revue3emillenaire.com\/blog\/survivre-a-ses-parents-par-le-docteur-pierre-wiltzer\/\"},\"author\":{\"name\":\"3e mill\u00e9naire\",\"@id\":\"https:\/\/www.revue3emillenaire.com\/blog\/#\/schema\/person\/9a3a7cc4ccaa707f402d4394327106d5\"},\"headline\":\"Survivre \u00e0 ses parents par le docteur Pierre Wiltzer\",\"datePublished\":\"2014-09-27T13:01:28+00:00\",\"dateModified\":\"2014-09-27T13:01:29+00:00\",\"mainEntityOfPage\":{\"@id\":\"https:\/\/www.revue3emillenaire.com\/blog\/survivre-a-ses-parents-par-le-docteur-pierre-wiltzer\/\"},\"wordCount\":1536,\"keywords\":[\"Complexe\",\"Peur\",\"Violence\"],\"articleSection\":[\"Wiltzer Pierre\"],\"inLanguage\":\"fr-FR\"},{\"@type\":\"WebPage\",\"@id\":\"https:\/\/www.revue3emillenaire.com\/blog\/survivre-a-ses-parents-par-le-docteur-pierre-wiltzer\/\",\"url\":\"https:\/\/www.revue3emillenaire.com\/blog\/survivre-a-ses-parents-par-le-docteur-pierre-wiltzer\/\",\"name\":\"Survivre \u00e0 ses parents par le docteur Pierre Wiltzer - 3e mill\u00e9naire - Spiritualit\u00e9 - Connaissance de soi - Non-dualit\u00e9 - M\u00e9ditation\",\"isPartOf\":{\"@id\":\"https:\/\/www.revue3emillenaire.com\/blog\/#website\"},\"datePublished\":\"2014-09-27T13:01:28+00:00\",\"dateModified\":\"2014-09-27T13:01:29+00:00\",\"author\":{\"@id\":\"https:\/\/www.revue3emillenaire.com\/blog\/#\/schema\/person\/9a3a7cc4ccaa707f402d4394327106d5\"},\"breadcrumb\":{\"@id\":\"https:\/\/www.revue3emillenaire.com\/blog\/survivre-a-ses-parents-par-le-docteur-pierre-wiltzer\/#breadcrumb\"},\"inLanguage\":\"fr-FR\",\"potentialAction\":[{\"@type\":\"ReadAction\",\"target\":[\"https:\/\/www.revue3emillenaire.com\/blog\/survivre-a-ses-parents-par-le-docteur-pierre-wiltzer\/\"]}]},{\"@type\":\"BreadcrumbList\",\"@id\":\"https:\/\/www.revue3emillenaire.com\/blog\/survivre-a-ses-parents-par-le-docteur-pierre-wiltzer\/#breadcrumb\",\"itemListElement\":[{\"@type\":\"ListItem\",\"position\":1,\"name\":\"Accueil\",\"item\":\"https:\/\/www.revue3emillenaire.com\/blog\/\"},{\"@type\":\"ListItem\",\"position\":2,\"name\":\"Survivre \u00e0 ses parents par le docteur Pierre Wiltzer\"}]},{\"@type\":\"WebSite\",\"@id\":\"https:\/\/www.revue3emillenaire.com\/blog\/#website\",\"url\":\"https:\/\/www.revue3emillenaire.com\/blog\/\",\"name\":\"3e mill\u00e9naire - Spiritualit\u00e9 - Connaissance de soi - Non-dualit\u00e9 - M\u00e9ditation\",\"description\":\"L&#039;Homme en devenir\",\"potentialAction\":[{\"@type\":\"SearchAction\",\"target\":{\"@type\":\"EntryPoint\",\"urlTemplate\":\"https:\/\/www.revue3emillenaire.com\/blog\/?s={search_term_string}\"},\"query-input\":{\"@type\":\"PropertyValueSpecification\",\"valueRequired\":true,\"valueName\":\"search_term_string\"}}],\"inLanguage\":\"fr-FR\"},{\"@type\":\"Person\",\"@id\":\"https:\/\/www.revue3emillenaire.com\/blog\/#\/schema\/person\/9a3a7cc4ccaa707f402d4394327106d5\",\"name\":\"3e mill\u00e9naire\",\"url\":\"https:\/\/www.revue3emillenaire.com\/blog\/author\/admin\/\"}]}<\/script>\n<!-- \/ Yoast SEO plugin. -->","yoast_head_json":{"title":"Survivre \u00e0 ses parents par le docteur Pierre Wiltzer - 3e mill\u00e9naire - Spiritualit\u00e9 - Connaissance de soi - Non-dualit\u00e9 - M\u00e9ditation","robots":{"index":"index","follow":"follow","max-snippet":"max-snippet:-1","max-image-preview":"max-image-preview:large","max-video-preview":"max-video-preview:-1"},"canonical":"https:\/\/www.revue3emillenaire.com\/blog\/survivre-a-ses-parents-par-le-docteur-pierre-wiltzer\/","og_locale":"fr_FR","og_type":"article","og_title":"Survivre \u00e0 ses parents par le docteur Pierre Wiltzer - 3e mill\u00e9naire - Spiritualit\u00e9 - Connaissance de soi - Non-dualit\u00e9 - M\u00e9ditation","og_description":"La violence n\u2019est pas seulement intrafamiliale ; il existe une violence qui s\u2019exerce vis-\u00e0-vis du sujet lui-m\u00eame et la pathologie mentale nous en offre des exemples caricaturaux, tant dans la m\u00e9lancolie o\u00f9, comme le souligne J. Nadal \u00ab la perte de l\u2019objet conduit le Moi en s\u2019identifiant \u00e0 l\u2019objet perdu \u00e0 se d\u00e9vorer lui-m\u00eame par la pression du Surmoi destructeur \u00bb, que dans les conduites automutilatrices chez l\u2019enfant et la toxi\u00adcomanie chez l\u2019adolescent. Dans l\u2019anorexie de la jeune fille on retrouve une auto-affirmation narcissique de toute-puissance \u00e0 l\u2019image de cette m\u00eame \u00ab toute puissance \u00bb dont parle B. Grunberger, \u00e0 laquelle participe le chasseur qui abat sa victime.","og_url":"https:\/\/www.revue3emillenaire.com\/blog\/survivre-a-ses-parents-par-le-docteur-pierre-wiltzer\/","og_site_name":"3e mill\u00e9naire - Spiritualit\u00e9 - Connaissance de soi - Non-dualit\u00e9 - M\u00e9ditation","article_published_time":"2014-09-27T13:01:28+00:00","article_modified_time":"2014-09-27T13:01:29+00:00","author":"3e mill\u00e9naire","twitter_card":"summary_large_image","twitter_misc":{"\u00c9crit par":"3e mill\u00e9naire","Dur\u00e9e de lecture estim\u00e9e":"8 minutes"},"schema":{"@context":"https:\/\/schema.org","@graph":[{"@type":"Article","@id":"https:\/\/www.revue3emillenaire.com\/blog\/survivre-a-ses-parents-par-le-docteur-pierre-wiltzer\/#article","isPartOf":{"@id":"https:\/\/www.revue3emillenaire.com\/blog\/survivre-a-ses-parents-par-le-docteur-pierre-wiltzer\/"},"author":{"name":"3e mill\u00e9naire","@id":"https:\/\/www.revue3emillenaire.com\/blog\/#\/schema\/person\/9a3a7cc4ccaa707f402d4394327106d5"},"headline":"Survivre \u00e0 ses parents par le docteur Pierre Wiltzer","datePublished":"2014-09-27T13:01:28+00:00","dateModified":"2014-09-27T13:01:29+00:00","mainEntityOfPage":{"@id":"https:\/\/www.revue3emillenaire.com\/blog\/survivre-a-ses-parents-par-le-docteur-pierre-wiltzer\/"},"wordCount":1536,"keywords":["Complexe","Peur","Violence"],"articleSection":["Wiltzer Pierre"],"inLanguage":"fr-FR"},{"@type":"WebPage","@id":"https:\/\/www.revue3emillenaire.com\/blog\/survivre-a-ses-parents-par-le-docteur-pierre-wiltzer\/","url":"https:\/\/www.revue3emillenaire.com\/blog\/survivre-a-ses-parents-par-le-docteur-pierre-wiltzer\/","name":"Survivre \u00e0 ses parents par le docteur Pierre Wiltzer - 3e mill\u00e9naire - Spiritualit\u00e9 - Connaissance de soi - Non-dualit\u00e9 - M\u00e9ditation","isPartOf":{"@id":"https:\/\/www.revue3emillenaire.com\/blog\/#website"},"datePublished":"2014-09-27T13:01:28+00:00","dateModified":"2014-09-27T13:01:29+00:00","author":{"@id":"https:\/\/www.revue3emillenaire.com\/blog\/#\/schema\/person\/9a3a7cc4ccaa707f402d4394327106d5"},"breadcrumb":{"@id":"https:\/\/www.revue3emillenaire.com\/blog\/survivre-a-ses-parents-par-le-docteur-pierre-wiltzer\/#breadcrumb"},"inLanguage":"fr-FR","potentialAction":[{"@type":"ReadAction","target":["https:\/\/www.revue3emillenaire.com\/blog\/survivre-a-ses-parents-par-le-docteur-pierre-wiltzer\/"]}]},{"@type":"BreadcrumbList","@id":"https:\/\/www.revue3emillenaire.com\/blog\/survivre-a-ses-parents-par-le-docteur-pierre-wiltzer\/#breadcrumb","itemListElement":[{"@type":"ListItem","position":1,"name":"Accueil","item":"https:\/\/www.revue3emillenaire.com\/blog\/"},{"@type":"ListItem","position":2,"name":"Survivre \u00e0 ses parents par le docteur Pierre Wiltzer"}]},{"@type":"WebSite","@id":"https:\/\/www.revue3emillenaire.com\/blog\/#website","url":"https:\/\/www.revue3emillenaire.com\/blog\/","name":"3e mill\u00e9naire - Spiritualit\u00e9 - Connaissance de soi - Non-dualit\u00e9 - M\u00e9ditation","description":"L&#039;Homme en devenir","potentialAction":[{"@type":"SearchAction","target":{"@type":"EntryPoint","urlTemplate":"https:\/\/www.revue3emillenaire.com\/blog\/?s={search_term_string}"},"query-input":{"@type":"PropertyValueSpecification","valueRequired":true,"valueName":"search_term_string"}}],"inLanguage":"fr-FR"},{"@type":"Person","@id":"https:\/\/www.revue3emillenaire.com\/blog\/#\/schema\/person\/9a3a7cc4ccaa707f402d4394327106d5","name":"3e mill\u00e9naire","url":"https:\/\/www.revue3emillenaire.com\/blog\/author\/admin\/"}]}},"_links":{"self":[{"href":"https:\/\/www.revue3emillenaire.com\/blog\/wp-json\/wp\/v2\/posts\/16329","targetHints":{"allow":["GET"]}}],"collection":[{"href":"https:\/\/www.revue3emillenaire.com\/blog\/wp-json\/wp\/v2\/posts"}],"about":[{"href":"https:\/\/www.revue3emillenaire.com\/blog\/wp-json\/wp\/v2\/types\/post"}],"author":[{"embeddable":true,"href":"https:\/\/www.revue3emillenaire.com\/blog\/wp-json\/wp\/v2\/users\/1"}],"replies":[{"embeddable":true,"href":"https:\/\/www.revue3emillenaire.com\/blog\/wp-json\/wp\/v2\/comments?post=16329"}],"version-history":[{"count":0,"href":"https:\/\/www.revue3emillenaire.com\/blog\/wp-json\/wp\/v2\/posts\/16329\/revisions"}],"wp:attachment":[{"href":"https:\/\/www.revue3emillenaire.com\/blog\/wp-json\/wp\/v2\/media?parent=16329"}],"wp:term":[{"taxonomy":"category","embeddable":true,"href":"https:\/\/www.revue3emillenaire.com\/blog\/wp-json\/wp\/v2\/categories?post=16329"},{"taxonomy":"post_tag","embeddable":true,"href":"https:\/\/www.revue3emillenaire.com\/blog\/wp-json\/wp\/v2\/tags?post=16329"}],"curies":[{"name":"wp","href":"https:\/\/api.w.org\/{rel}","templated":true}]}}