{"id":16354,"date":"2014-10-19T00:07:50","date_gmt":"2014-10-18T23:07:50","guid":{"rendered":"http:\/\/www.revue3emillenaire.com\/blog\/?p=16354"},"modified":"2014-10-19T00:07:50","modified_gmt":"2014-10-18T23:07:50","slug":"une-observation-non-selective-par-jean-klein","status":"publish","type":"post","link":"https:\/\/www.revue3emillenaire.com\/blog\/une-observation-non-selective-par-jean-klein\/","title":{"rendered":"Une observation non s\u00e9lective par Jean Klein"},"content":{"rendered":"<p class=\"western\" align=\"justify\"><span lang=\"fr-FR\">(Revue \u00catre. No 4. 15<\/span><sup><span lang=\"fr-FR\">e<\/span><\/sup><span lang=\"fr-FR\"> ann\u00e9e. 1987)<\/span><\/p>\n<p class=\"western\" align=\"justify\"><span style=\"color: #00000a;\"><span style=\"font-family: Times New Roman,serif;\"><span style=\"font-size: small;\"><span lang=\"fr-FR\"><i>Le titre est de 3<\/i><\/span><\/span><\/span><\/span><span style=\"color: #00000a;\"><sup><span style=\"font-family: Times New Roman,serif;\"><span style=\"font-size: small;\"><span lang=\"fr-FR\"><i>e<\/i><\/span><\/span><\/span><\/sup><\/span><span style=\"color: #00000a;\"><span style=\"font-family: Times New Roman,serif;\"><span style=\"font-size: small;\"><span lang=\"fr-FR\"><i> Mill\u00e9naire<\/i><\/span><\/span><\/span><\/span><\/p>\n<p class=\"western\" align=\"justify\"><span style=\"color: #000000;\"><span style=\"text-decoration: none;\"><span style=\"font-size: medium;\"><span style=\"letter-spacing: normal;\"><span lang=\"fr-FR\"><i><b>Je me demande, au fond, \u00e0 quoi sert la m\u00e9ditation ? J&rsquo;aimerais que vous m&rsquo;\u00e9clairiez sur ce point ?<\/b><\/i><\/span><\/span><\/span><\/span><\/span><\/p>\n<p class=\"western\" align=\"justify\"><span style=\"color: #000000;\"><span style=\"text-decoration: none;\"><span style=\"font-size: medium;\"><span style=\"letter-spacing: normal;\"><span lang=\"fr-FR\">S&rsquo;il est permis de parler de but, on peut dire que la m\u00e9di\u00adtation, dans la plupart des cas, est un moyen d&rsquo;entretenir nos illusions. L&rsquo;entit\u00e9 qui cherche la v\u00e9rit\u00e9 des choses, la paix ne l&rsquo;obtiendra ni par l&rsquo;interm\u00e9diaire d&rsquo;une b\u00e9quille ou d&rsquo;une autre, ni par celui de l&rsquo;intellect, on se heurte aux limitations de ce dernier. Une d\u00e9couverte aussi \u00e9vidente entra\u00eene instantan\u00e9ment la cessation de la m\u00e9ditation qui n&rsquo;a plus de raison d&rsquo;\u00eatre et donc la disparition du m\u00e9ditant. Il reste un \u00e9veil dans la pr\u00e9sence.<\/span><\/span><\/span><\/span><\/span><\/p>\n<p class=\"western\" align=\"justify\"><span style=\"color: #000000;\"><span style=\"text-decoration: none;\"><span style=\"font-size: medium;\"><span style=\"letter-spacing: normal;\"><span lang=\"fr-FR\">P\u00e9dagogiquement parlant, je vous conseillerais d&rsquo;observer ce qui est per\u00e7u : votre corps, vos sensations, votre \u00e9motivit\u00e9, vos pens\u00e9es, votre entourage, tout ce qui fait partie de la mani\u00adfestation ; vous verrez qu&rsquo;en r\u00e9alit\u00e9, votre attention est distraite, partielle, meubl\u00e9e par la m\u00e9moire, par vos ins\u00e9curit\u00e9s, vos peurs, vos anxi\u00e9t\u00e9s, etc. Cette constatation va aiguiser votre lucidit\u00e9 qui, par la suite, perdra son caract\u00e8re volitif. Une fusion s&rsquo;\u00e9laborera, \u00e0 ce moment-l\u00e0, entre l&rsquo;observateur et l&rsquo;observ\u00e9.<\/span><\/span><\/span><\/span><\/span><\/p>\n<p class=\"western\" align=\"justify\"><span style=\"color: #000000;\"><span style=\"text-decoration: none;\"><span style=\"font-size: medium;\"><span style=\"letter-spacing: normal;\"><span lang=\"fr-FR\">Si vous regardez avec plus d&rsquo;acuit\u00e9, un peu plus en pro\u00adfondeur, vous vous apercevrez que l&rsquo;objet de votre int\u00e9r\u00eat existait uniquement parce qu&rsquo;il \u00e9tait maintenu, aliment\u00e9 par le m\u00e9ditant. Lorsque celui-ci perd sa qualit\u00e9, l&rsquo;objet en question ne trouve plus d&rsquo;argument pour subsister et meurt en quelque sorte. Seule la disparition du contr\u00f4leur permet donc une v\u00e9ritable transformation.<\/span><\/span><\/span><\/span><\/span><\/p>\n<p class=\"western\" align=\"justify\"><span style=\"color: #000000;\"><span style=\"text-decoration: none;\"><span style=\"font-size: medium;\"><span style=\"letter-spacing: normal;\"><span lang=\"fr-FR\"><i><b>Un grand nombre d&rsquo;habitudes de penser et d&rsquo;agir s&rsquo;interposent, s&rsquo;ajoutent \u00e0 notre inattention et un climat d\u00e9favorable s&rsquo;installe, augmentant nos insuffisances naturelles. Devons-nous faire un effort de volont\u00e9 pour combattre ces distractions, afin d&rsquo;arriver \u00e0 l&rsquo;observation pure, spontan\u00e9e ? C&rsquo;est un \u00e9tat naturel, mais il me semble qu&rsquo;il faille une discipline de spartiate pour arriver \u00e0 maintenir notre int\u00e9r\u00eat.<\/b><\/i><\/span><\/span><\/span><\/span><\/span><\/p>\n<p class=\"western\" align=\"justify\"><span style=\"color: #000000;\"><span style=\"text-decoration: none;\"><span style=\"font-size: medium;\"><span style=\"letter-spacing: normal;\"><span lang=\"fr-FR\">Examinez sur le vif votre mode de fonctionnement. Vous vous apercevrez que tout d&rsquo;abord, vous \u00eates libre de pens\u00e9es. Par la suite, apr\u00e8s l&rsquo;action, vous vous mettez \u00e0 nommer, \u00e0 qualifier.<\/span><\/span><\/span><\/span><\/span><\/p>\n<p class=\"western\" align=\"justify\"><span style=\"color: #000000;\"><span style=\"text-decoration: none;\"><span style=\"font-size: medium;\"><span style=\"letter-spacing: normal;\"><span lang=\"fr-FR\"><i><b>Aucune discipline n&rsquo;est n\u00e9cessaire ?<\/b><\/i><\/span><\/span><\/span><\/span><\/span><\/p>\n<p class=\"western\" align=\"justify\"><span style=\"color: #000000;\"><span style=\"text-decoration: none;\"><span style=\"font-size: medium;\"><span style=\"letter-spacing: normal;\"><span lang=\"fr-FR\">Regardez soigneusement le d\u00e9veloppement de ces deux mouvements, vous serez \u00e9tonn\u00e9 par l&rsquo;interf\u00e9rence psychologique qui a r\u00e9ussi \u00e0 s\u2019infiltrer entre la premi\u00e8re et la deuxi\u00e8me \u00e9tape. En second lieu, votre observation n&rsquo;\u00e9tait plus r\u00e9elle, mais impr\u00e9gn\u00e9e d&rsquo;un dynamisme de s\u00e9curisation. Vous aviez arrach\u00e9 quelques \u00e9l\u00e9ments de ce qui s&rsquo;\u00e9tait pr\u00e9sent\u00e9, en vue de vous r\u00e9conforter, votre regard \u00e9tait devenu s\u00e9lectif.<\/span><\/span><\/span><\/span><\/span><\/p>\n<p class=\"western\" align=\"justify\"><span style=\"color: #000000;\"><span style=\"text-decoration: none;\"><span style=\"font-size: medium;\"><span style=\"letter-spacing: normal;\"><span lang=\"fr-FR\">Rendez-vous compte de cela \u00e0 chaque instant, au fur et \u00e0 mesure, tr\u00e8s clairement ; peu \u00e0 peu, la transformation sur\u00adviendra. Seulement, n&rsquo;oubliez surtout pas ceci : celui qui veut s&rsquo;am\u00e9liorer fait partie de ce qui est \u00e0 changer et le mental n&rsquo;a pas la possibilit\u00e9 de se modifier lui-m\u00eame. Vous \u00eates naturellement attentif, vous n&rsquo;avez pas \u00e0 l&rsquo;apprendre, c&rsquo;est une fonction inh\u00e9rente au cerveau.<\/span><\/span><\/span><\/span><\/span><\/p>\n<p class=\"western\" align=\"justify\"><span style=\"color: #000000;\"><span style=\"text-decoration: none;\"><span style=\"font-size: medium;\"><span style=\"letter-spacing: normal;\"><span lang=\"fr-FR\"><i><b>On oublie cette fonction, il faudrait se la rem\u00e9morer cha\u00adque matin, sinon, on est repris par le ronronnement habituel.<\/b><\/i><\/span><\/span><\/span><\/span><\/span><\/p>\n<p class=\"western\" align=\"justify\"><span style=\"color: #000000;\"><span style=\"text-decoration: none;\"><span style=\"font-size: medium;\"><span style=\"letter-spacing: normal;\"><span lang=\"fr-FR\">L&rsquo;observation doit trouver elle-m\u00eame sa source en quelque sorte. Par exemple, au moment o\u00f9 vous \u00eates absolument \u00e9mer\u00adveill\u00e9, vous \u00eates v\u00e9ritablement vigilant, vous attendez sans attendre, dans une ouverture compl\u00e8te. C&rsquo;est un abord r\u00e9ceptif des choses in\u00e9dites, elles le sont toutes dans ce cas-l\u00e0 et cet accueil s&rsquo;adresse \u00e0 lui-m\u00eame. La solution se trouve d\u00e9j\u00e0 conte\u00adnue dans la question qui na\u00eet, sinon vous ne pourriez r\u00e9pondre qu&rsquo;avec les \u00e9l\u00e9ments du pass\u00e9. On en revient toujours \u00e0 l&rsquo;atten\u00adtion non-volutive.<\/span><\/span><\/span><\/span><\/span><\/p>\n<p class=\"western\" align=\"justify\"><span style=\"color: #000000;\"><span style=\"text-decoration: none;\"><span style=\"font-size: medium;\"><span style=\"letter-spacing: normal;\"><span lang=\"fr-FR\"><i><b>Pour moi, la compr\u00e9hension n&rsquo;est pas forc\u00e9ment spontan\u00e9e, le plus souvent, c&rsquo;est une r\u00e9flexion faite \u00e0 l&rsquo;aide de la m\u00e9moire ; l&rsquo;individu s&rsquo;en sert pour extorquer la v\u00e9rit\u00e9 aux faits.<\/b><\/i><\/span><\/span><\/span><\/span><\/span><\/p>\n<p class=\"western\" align=\"justify\"><span style=\"color: #000000;\"><span style=\"text-decoration: none;\"><span style=\"font-size: medium;\"><span style=\"letter-spacing: normal;\"><span lang=\"fr-FR\">Seule une lucidit\u00e9 libre de toute attente, de tout souvenir permet \u00e0 la perception d&rsquo;avouer son secret. Cette clairvoyance doit \u00eatre ouverte aux choses et ne proc\u00e9der \u00e0 aucune analyse. Laissez-vous imbiber par ce qu&rsquo;elle per\u00e7oit, afin d&rsquo;en obtenir la r\u00e9v\u00e9lation.<\/span><\/span><\/span><\/span><\/span><\/p>\n<p class=\"western\" align=\"justify\"><span style=\"color: #000000;\"><span style=\"text-decoration: none;\"><span style=\"font-size: medium;\"><span style=\"letter-spacing: normal;\"><span lang=\"fr-FR\">C&rsquo;est comme si vous regardiez le regard, vous ne le scrutez m\u00eame pas, cela se contemple en vous, vous vous laissez enti\u00e8\u00adrement impr\u00e9gner. En passant par vos facult\u00e9s c\u00e9r\u00e9brales, bien s\u00fbr, mais pour finir, tout est simplement une expression de votre observation. Il n&rsquo;y a pas de dualit\u00e9.<\/span><\/span><\/span><\/span><\/span><\/p>\n<p class=\"western\" align=\"justify\"><span style=\"color: #000000;\"><span style=\"text-decoration: none;\"><span style=\"font-size: medium;\"><span style=\"letter-spacing: normal;\"><span lang=\"fr-FR\"><i><b>Cette lucidit\u00e9 sans but se r\u00e9f\u00e8re toujours \u00e0 elle-m\u00eame, elle est sans objet. Quelle est sa source ?<\/b><\/i><\/span><\/span><\/span><\/span><\/span><\/p>\n<p class=\"western\" align=\"justify\"><span style=\"color: #000000;\"><span style=\"text-decoration: none;\"><span style=\"font-size: medium;\"><span style=\"letter-spacing: normal;\"><span lang=\"fr-FR\">Lorsqu&rsquo;elle est en extension, elle se d\u00e9pouille totalement, c&rsquo;est la conscience.<\/span><\/span><\/span><\/span><\/span><\/p>\n<p class=\"western\" align=\"justify\"><span style=\"color: #000000;\"><span style=\"text-decoration: none;\"><span style=\"font-size: medium;\"><span style=\"letter-spacing: normal;\"><span lang=\"fr-FR\"><i><b>Si j&rsquo;essaie de voir le point de d\u00e9part de mon observation, je suis sans cesse ramen\u00e9 \u00e0 mon corps, mon mental, \u00e0 l&rsquo;id\u00e9e d&rsquo;\u00eatre une personne particuli\u00e8re. Il me semble que cet obstacle se dresse constamment devant moi. Je ne suis pas cet individu, je le sais intellectuellement. Alors, comment le vivre ? Comment sortir de ce dilemme ?<\/b><\/i><\/span><\/span><\/span><\/span><\/span><\/p>\n<p class=\"western\" align=\"justify\"><span style=\"color: #000000;\"><span style=\"text-decoration: none;\"><span style=\"font-size: medium;\"><span style=\"letter-spacing: normal;\"><span lang=\"fr-FR\">L&rsquo;attention pure, sans repr\u00e9sentation est votre espace, votre totalit\u00e9, tout ce qui vous appara\u00eet s&rsquo;y rapporte. N\u00e9anmoins, tant que vous vous consid\u00e9rez comme une entit\u00e9 particuli\u00e8re, chaque \u00e9vocation en entra\u00eene une autre. C&rsquo;est une relation d&rsquo;objet \u00e0 objet. Le mieux serait de vous poser cette question Qu&rsquo;y a-t-il de plus pr\u00e8s du pr\u00e8s ? C&rsquo;est forc\u00e9ment la conscience, toutes choses, vous-m\u00eames y compris, en sont une expression, une prolongation \u00e0 laquelle vous donnez un nom. Retirez ce nom, vous voil\u00e0 identique \u00e0 ce que vous \u00e9voquiez, une \u00e9mana\u00adtion de la R\u00e9alit\u00e9. La diff\u00e9rence illusoire entre son essence et la v\u00f4tre s&rsquo;est \u00e9vapor\u00e9e, le t\u00e9moin et ce qu&rsquo;il examine se sont fondus dans l&rsquo;Ultime.<\/span><\/span><\/span><\/span><\/span><\/p>\n<p class=\"western\" align=\"justify\"><span style=\"color: #000000;\"><span style=\"text-decoration: none;\"><span style=\"font-size: medium;\"><span style=\"letter-spacing: normal;\"><span lang=\"fr-FR\">Tout ce qui existe est en quelque sorte dans la conscience qui n&rsquo;est ni devant, ni derri\u00e8re, ni en haut, ni en bas, elle occupe l&rsquo;espace et s&rsquo;y exprime, s&rsquo;y prolonge sans subir le moin\u00addre changement. Elle est du reste au-del\u00e0 des conceptions de notre intellect.<\/span><\/span><\/span><\/span><\/span><\/p>\n<p class=\"western\" align=\"justify\"><span style=\"color: #000000;\"><span style=\"text-decoration: none;\"><span style=\"font-size: medium;\"><span style=\"letter-spacing: normal;\"><span lang=\"fr-FR\"><i><b>Peut-on tout de m\u00eame la situer dans l&rsquo;espace ?<\/b><\/i><\/span><\/span><\/span><\/span><\/span><\/p>\n<p class=\"western\" align=\"justify\"><span style=\"color: #000000;\"><span style=\"text-decoration: none;\"><span style=\"font-size: medium;\"><span style=\"letter-spacing: normal;\"><span lang=\"fr-FR\">L&rsquo;objet appara\u00eet dans la conscience. Il est important de savoir que nous en sommes un jaillissement parmi tous les autres. Seulement, il est impossible de nommer, de localiser ce dont nous \u00e9manons. Si vous arrivez \u00e0 une profonde tran\u00adquillit\u00e9, une attente vide de d\u00e9sir ou de besoin, vous conna\u00eetrez d\u00e9j\u00e0 une ouverture qui se r\u00e9f\u00e8re \u00e0 elle-m\u00eame. Tout ce que vous regardez alors, corps, activit\u00e9 c\u00e9r\u00e9brale sont d\u00e9tendus, repos\u00e9s r\u00e9ceptifs, c&rsquo;est une premi\u00e8re \u00e9tape.<\/span><\/span><\/span><\/span><\/span><\/p>\n<p class=\"western\" align=\"justify\"><span style=\"color: #000000;\"><span style=\"text-decoration: none;\"><span style=\"font-size: medium;\"><span style=\"letter-spacing: normal;\"><span lang=\"fr-FR\">Ensuite, lorsque cet apaisement s&rsquo;approfondit, votre atten\u00adtion est plus alerte, plus aigu\u00eb. Vous avez certainement remar\u00adqu\u00e9, si vous les laissez s&rsquo;exprimer librement, une v\u00e9ritable explosion, quand vous contemplez vos peurs, vos anxi\u00e9t\u00e9s ; l&rsquo;\u00e9nergie condens\u00e9e sous cette forme s&rsquo;est lib\u00e9r\u00e9e gr\u00e2ce \u00e0 votre pr\u00e9sence en tant qu&rsquo;observateur. Les justifications psycholo\u00adgiques n&rsquo;auraient pas permis cette \u00e9limination. Enfin, le moment arrive o\u00f9 tout se fond dans l&rsquo;unit\u00e9 primordiale.<\/span><\/span><\/span><\/span><\/span><\/p>\n<p class=\"western\" align=\"justify\"><span style=\"color: #000000;\"><span style=\"text-decoration: none;\"><span style=\"font-size: medium;\"><span style=\"letter-spacing: normal;\"><span lang=\"fr-FR\"><i><b>L&rsquo;objet consid\u00e9r\u00e9 en g\u00e9n\u00e9ral comme un obstacle devient-il parfois aussi une aide ?<\/b><\/i><\/span><\/span><\/span><\/span><\/span><\/p>\n<p class=\"western\" align=\"justify\"><span style=\"color: #000000;\"><span style=\"text-decoration: none;\"><span style=\"font-size: medium;\"><span style=\"letter-spacing: normal;\"><span lang=\"fr-FR\">Vu sous l&rsquo;angle de la dualit\u00e9, par un regard int\u00e9ress\u00e9, il est un obstacle, mais lorsque notre vision devient pure en l&rsquo;absence d&rsquo;un soi-m\u00eame, il nous r\u00e9v\u00e8le la r\u00e9alit\u00e9, la pl\u00e9nitude.<\/span><\/span><\/span><\/span><\/span><\/p>\n<p class=\"western\" align=\"justify\"><span style=\"color: #000000;\"><span style=\"text-decoration: none;\"><span style=\"font-size: medium;\"><span style=\"letter-spacing: normal;\"><span lang=\"fr-FR\"><i><b>Quelle diff\u00e9rence faites-vous entre le t\u00e9moin et le schizo\u00adphr\u00e8ne ?<\/b><\/i><\/span><\/span><\/span><\/span><\/span><\/p>\n<p class=\"western\" align=\"justify\"><span style=\"color: #000000;\"><span style=\"text-decoration: none;\"><span style=\"font-size: medium;\"><span style=\"letter-spacing: normal;\"><span lang=\"fr-FR\">Si vous gardez la notion d&rsquo;\u00eatre une entit\u00e9 ind\u00e9pendante, le t\u00e9moin demeure, il part quand ce r\u00e9flexe vous a quitt\u00e9. C&rsquo;est une vision originelle, sans percipient ni chose per\u00e7ue, votre totalit\u00e9 se saisit elle-m\u00eame sans interm\u00e9diaire.<\/span><\/span><\/span><\/span><\/span><\/p>\n<p class=\"western\" align=\"justify\"><span style=\"color: #000000;\"><span style=\"text-decoration: none;\"><span style=\"font-size: medium;\"><span style=\"letter-spacing: normal;\"><span lang=\"fr-FR\"><i><b>Que devient alors le t\u00e9moin ? <\/b><\/i><\/span><\/span><\/span><\/span><\/span><\/p>\n<p class=\"western\" align=\"justify\"><span style=\"color: #000000;\"><span style=\"text-decoration: none;\"><span style=\"font-size: medium;\"><span style=\"letter-spacing: normal;\"><span lang=\"fr-FR\">Cette abstraction a disparu.<\/span><\/span><\/span><\/span><\/span><\/p>\n<p class=\"western\" align=\"justify\"><span style=\"color: #000000;\"><span style=\"text-decoration: none;\"><span style=\"font-size: medium;\"><span style=\"letter-spacing: normal;\"><span lang=\"fr-FR\"><i><b>Il n&rsquo;y a pas de joie sans objet non plus ?<\/b><\/i><\/span><\/span><\/span><\/span><\/span><\/p>\n<p class=\"western\" align=\"justify\"><span style=\"color: #000000;\"><span style=\"text-decoration: none;\"><span style=\"font-size: medium;\"><span style=\"letter-spacing: normal;\"><span lang=\"fr-FR\">Le mot joie est interpr\u00e9t\u00e9 le plus couramment d&rsquo;une fa\u00e7on psychologique. Vivre sciemment votre absence n&rsquo;a pas de for\u00admulation possible, peut-\u00eatre pourrait-on dire \u00ab \u00e9tat d&rsquo;amour \u00bb, personne n&rsquo;aime, ce n&rsquo;est pas non plus un \u00e9tat, on n&rsquo;est nulle part et pourtant \u00e9minemment l\u00e0.<\/span><\/span><\/span><\/span><\/span><\/p>\n<p class=\"western\" align=\"justify\"><span style=\"color: #000000;\"><span style=\"text-decoration: none;\"><span style=\"font-size: medium;\"><span style=\"letter-spacing: normal;\"><span lang=\"fr-FR\"><i><b>La pr\u00e9sence du moi est-elle n\u00e9cessaire \u00e0 la r\u00e9alisation de l&rsquo;absence ?<\/b><\/i><\/span><\/span><\/span><\/span><\/span><\/p>\n<p class=\"western\" align=\"justify\"><span style=\"color: #000000;\"><span style=\"text-decoration: none;\"><span style=\"font-size: medium;\"><span style=\"letter-spacing: normal;\"><span lang=\"fr-FR\">Le moi, la personne est une fabrication de notre soci\u00e9t\u00e9, de nos imaginations, de notre \u00e9ducation, de notre exp\u00e9rience, c&rsquo;est un ramassis de choses avec lesquelles on s&rsquo;identifie et qui vous laissent en ins\u00e9curit\u00e9. Notre discrimination nous fait discerner que nous vivons dans un univers de concepts et que nous cherchons \u00e0 nous en d\u00e9gager par de multiples compensa\u00adtions. Devant notre impuissance, quelque chose en nous se demande : Comment en sortir ? N&rsquo;essayez pas d&rsquo;avoir une r\u00e9ponse, vous n&rsquo;ignorez pas que celui qui veut s&rsquo;\u00e9vader de cet univers de contraintes en fait lui-m\u00eame partie ; vous \u00eates enferm\u00e9 dans une cage, pourquoi taper contre les barreaux ? Cette conviction provoque un arr\u00eat. Vivez-le et vous vous trou\u00adverez enfin en dehors de tout ce processus. Une grande humi\u00adlit\u00e9 surgira. Les situations se d\u00e9velopperont clairement devant vous dans cette simplicit\u00e9. Tout sera alors net, limpide, \u00e9clatant d&rsquo;authenticit\u00e9.<\/span><\/span><\/span><\/span><\/span><\/p>\n<p class=\"western\" align=\"justify\"><span style=\"color: #000000;\"><span style=\"text-decoration: none;\"><span style=\"font-size: medium;\"><span style=\"letter-spacing: normal;\"><span lang=\"fr-FR\"><i><b>Vous avez parl\u00e9 des limites de l&rsquo;intellect. \u00c0 quoi cela correspond-il ?<\/b><\/i><\/span><\/span><\/span><\/span><\/span><\/p>\n<p class=\"western\" align=\"justify\"><span style=\"color: #000000;\"><span style=\"text-decoration: none;\"><span style=\"font-size: medium;\"><span style=\"letter-spacing: normal;\"><span lang=\"fr-FR\">L&rsquo;amour, la joie, la libert\u00e9 ne peuvent \u00eatre pens\u00e9s. Il est possible d&rsquo;avoir une id\u00e9e, des informations \u00e0 leur sujet mais vous n&rsquo;en conna\u00eetrez pas le go\u00fbt de cette mani\u00e8re l\u00e0. \u00c0 un moment donn\u00e9, apr\u00e8s avoir fouill\u00e9 \u00e0 droite, \u00e0 gauche, en haut, en bas, on l\u00e2che prise et on se trouve sans direction. Il reste la source de toutes les directions, c&rsquo;est-\u00e0-dire, celle du c\u0153ur qui a une autre dimension.<\/span><\/span><\/span><\/span><\/span><\/p>\n<p class=\"western\" align=\"justify\"><span style=\"color: #000000;\"><span style=\"text-decoration: none;\"><span style=\"font-size: medium;\"><span style=\"letter-spacing: normal;\"><span lang=\"fr-FR\"><i><b>Nous apprenons \u00e0 penser, \u00e0 agir dans la vie courante. Nous le faisons dans un sens ou dans un autre. Si nous nous apercevons que nous avons commis une erreur, est-il positif d&rsquo;abandonner, de ne pas essayer de tirer une le\u00e7on de cette erreur sur tous les plans ?<\/b><\/i><\/span><\/span><\/span><\/span><\/span><\/p>\n<p class=\"western\" align=\"justify\"><span style=\"color: #000000;\"><span style=\"text-decoration: none;\"><span style=\"font-size: medium;\"><span style=\"letter-spacing: normal;\"><span lang=\"fr-FR\">Constatez sur le vif que vous agissez g\u00e9n\u00e9ralement \u00e0 tra\u00advers les m\u00eames r\u00e9seaux, cherchant la s\u00e9curit\u00e9. Dans ce cas, votre fa\u00e7on de vivre est stagnante, sans cr\u00e9ativit\u00e9, sans enver\u00adgure. Voyez-le, voyez vos r\u00e9actions, vous ne vous laisserez plus entra\u00eener dans ce processus sans issue, un l\u00e2cher prise s&rsquo;en d\u00e9gagera.<\/span><\/span><\/span><\/span><\/span><\/p>\n<p class=\"western\" align=\"justify\"><span style=\"color: #000000;\"><span style=\"text-decoration: none;\"><span style=\"font-size: medium;\"><span style=\"letter-spacing: normal;\"><span lang=\"fr-FR\"><i><b>N&rsquo;est-ce pas un abandon, ou un appui sur une instance sup\u00e9rieure ?<\/b><\/i><\/span><\/span><\/span><\/span><\/span><\/p>\n<p class=\"western\" align=\"justify\"><span style=\"color: #000000;\"><span style=\"text-decoration: none;\"><span style=\"font-size: medium;\"><span style=\"letter-spacing: normal;\"><span lang=\"fr-FR\">C&rsquo;est un abandon de la m\u00e9moire. Ce que vous appelez votre peur psychologique est sur la pellicule, votre attention qui l&rsquo;\u00e9claire n&rsquo;y est pas.<\/span><\/span><\/span><\/span><\/span><\/p>\n<p class=\"western\" align=\"justify\"><span style=\"color: #000000;\"><span style=\"text-decoration: none;\"><span style=\"font-size: medium;\"><span style=\"letter-spacing: normal;\"><span lang=\"fr-FR\"><i><b>Il est indispensable de revenir \u00e0 notre innocence primor\u00addiale pour observer correctement. Ce n&rsquo;est pas facile avec les interventions du mental, des \u00e9motions, de tout ce bataclan qui nous joue des tours.<\/b><\/i><\/span><\/span><\/span><\/span><\/span><\/p>\n<p class=\"western\" align=\"justify\"><span style=\"color: #000000;\"><span style=\"text-decoration: none;\"><span style=\"font-size: medium;\"><span style=\"letter-spacing: normal;\"><span lang=\"fr-FR\">Examinez aussi cela, sans juger pour autant. Bient\u00f4t, ils n&rsquo;auront plus de r\u00f4le \u00e0 jouer.<\/span><\/span><\/span><\/span><\/span><\/p>\n<p class=\"western\" align=\"justify\"><span style=\"color: #000000;\"><span style=\"text-decoration: none;\"><span style=\"font-size: medium;\"><span style=\"letter-spacing: normal;\"><span lang=\"fr-FR\"><i><b>La joie de vivre se trouve dans le regard ?<\/b><\/i><\/span><\/span><\/span><\/span><\/span><\/p>\n<p class=\"western\" align=\"justify\"><span style=\"color: #000000;\"><span style=\"text-decoration: none;\"><span style=\"font-size: medium;\"><span style=\"letter-spacing: normal;\"><span lang=\"fr-FR\">La joie de vivre, le bonheur n&rsquo;ont pas besoin de satisfac\u00adtions provenant de l&rsquo;ext\u00e9rieur. Ce sont des expressions de l&rsquo;\u00eatre, ils sont l\u00e0 pour nous le r\u00e9v\u00e9ler.<\/span><\/span><\/span><\/span><\/span><\/p>\n<p class=\"western\" align=\"justify\"><span style=\"color: #000000;\"><span style=\"text-decoration: none;\"><span style=\"font-size: medium;\"><span style=\"letter-spacing: normal;\"><span lang=\"fr-FR\"><i><b>Pour en revenir au probl\u00e8me de l&rsquo;asc\u00e8se, comment se fait-il que l&rsquo;on perde cet \u00e9tat naturel, v\u00e9cu en face de vous, et que l&rsquo;on peut conna\u00eetre aussi parfois ailleurs ; mais les acti\u00advit\u00e9s l&#8217;emportent rapidement dans leur sillage. Ne serait-il pas utile de cr\u00e9er volontairement des moments pour le retrouver ? Je prends un exemple tr\u00e8s pr\u00e9cis : Se lever t\u00f4t le matin pour consacrer une heure \u00e0 la m\u00e9ditation, sachant fort bien que plus tard on ne le fera plus. C&rsquo;est une d\u00e9cision de l&rsquo;intellect, mais n&rsquo;est-ce pas aussi se donner la possibilit\u00e9 d&rsquo;un v\u00e9cu ? Cette question est importante pour moi : Faut-il faire intervenir la volont\u00e9 dans ce qui n&rsquo;en n\u00e9cessite pas ? N&rsquo;y a-t-il pas un entra\u00eenement de l&rsquo;instrument qui le rende de plus en plus souple, libre ?<\/b><\/i><\/span><\/span><\/span><\/span><\/span><\/p>\n<p class=\"western\" align=\"justify\"><span style=\"color: #000000;\"><span style=\"text-decoration: none;\"><span style=\"font-size: medium;\"><span style=\"letter-spacing: normal;\"><span lang=\"fr-FR\">Cette joie que vous constatez quelquefois, cette paix se manifeste toujours en l&rsquo;absence d&rsquo;un vous-m\u00eame. D\u00e8s que vous ne faites plus intervenir votre mental, vous sortez de ce personnage.<\/span><\/span><\/span><\/span><\/span><\/p>\n<p class=\"western\" align=\"justify\"><span style=\"color: #000000;\"><span style=\"text-decoration: none;\"><span style=\"font-size: medium;\"><span style=\"letter-spacing: normal;\"><span lang=\"fr-FR\"><i><b>Je voudrais bien ne plus laisser de prise au moi, mais justement, je n&rsquo;arrive pas \u00e0 rester serein ! Il revient toujours.<\/b><\/i><\/span><\/span><\/span><\/span><\/span><\/p>\n<p class=\"western\" align=\"justify\"><span style=\"color: #000000;\"><span style=\"text-decoration: none;\"><span style=\"font-size: medium;\"><span style=\"letter-spacing: normal;\"><span lang=\"fr-FR\">Vos efforts vous font abandonner la s\u00e9r\u00e9nit\u00e9, voyez-le. Par quelle asc\u00e8se voulez-vous conqu\u00e9rir ce que vous ne pouvez cesser d&rsquo;\u00eatre !<\/span><\/span><\/span><\/span><\/span><\/p>\n<p class=\"western\" align=\"justify\"><span style=\"color: #000000;\"><span style=\"text-decoration: none;\"><span style=\"font-size: medium;\"><span style=\"letter-spacing: normal;\"><span lang=\"fr-FR\"><i><b>On quitte souvent cet \u00e9tat par un besoin de s&rsquo;objectiver comme entit\u00e9 personnelle et aussi par peur de la voir dispara\u00ee\u00adtre. On se demande : Que vais-je devenir, alors ?<\/b><\/i><\/span><\/span><\/span><\/span><\/span><\/p>\n<p class=\"western\" align=\"justify\"><span style=\"color: #000000;\"><span style=\"text-decoration: none;\"><span style=\"font-size: medium;\"><span style=\"letter-spacing: normal;\"><span lang=\"fr-FR\">C&rsquo;est surtout une mauvaise habitude. Dans la journ\u00e9e, quand vous vous prenez pour une personne, vous \u00eates en rela\u00adtion avec les objets. Rappelez-vous les moments de calme pen\u00addant lesquels vous n&rsquo;aviez plus de perception, vous aviez la sensation ultime de la disparition de toute repr\u00e9sentation. Cet oubli du moi provoque une dilatation, une expansion consi\u00add\u00e9rable.<\/span><\/span><\/span><\/span><\/span><\/p>\n<p class=\"western\" align=\"justify\"><span style=\"color: #000000;\"><span style=\"text-decoration: none;\"><span style=\"font-size: medium;\"><span style=\"letter-spacing: normal;\"><span lang=\"fr-FR\"><i><b>J&rsquo;ai peur de me laisser aller dans cette esp\u00e8ce de vide.<\/b><\/i><\/span><\/span><\/span><\/span><\/span><\/p>\n<p class=\"western\" align=\"justify\"><span style=\"color: #000000;\"><span style=\"text-decoration: none;\"><span style=\"font-size: medium;\"><span style=\"letter-spacing: normal;\"><span lang=\"fr-FR\">Bien entendu, le \u00ab je \u00bb ne veut pas mourir, il se d\u00e9fend \u00e0 sa mani\u00e8re. Dans la disparition d&rsquo;un vous-m\u00eame, vous \u00eates appel\u00e9 par une pr\u00e9sence.<\/span><\/span><\/span><\/span><\/span><\/p>\n<p class=\"western\" align=\"justify\"><span style=\"color: #000000;\"><span style=\"text-decoration: none;\"><span style=\"font-size: medium;\"><span style=\"letter-spacing: normal;\"><span lang=\"fr-FR\"><i><b>Je dois donc changer ma fa\u00e7on de vivre ?<\/b><\/i><\/span><\/span><\/span><\/span><\/span><\/p>\n<p class=\"western\" align=\"justify\"><span style=\"color: #000000;\"><span style=\"text-decoration: none;\"><span style=\"font-size: medium;\"><span style=\"letter-spacing: normal;\"><span lang=\"fr-FR\">Ne changez surtout rien. Soyez uniquement lucide, vigilant.<\/span><\/span><\/span><\/span><\/span><\/p>\n<p class=\"western\" align=\"justify\"><span style=\"color: #000000;\"><span style=\"text-decoration: none;\"><span style=\"font-size: medium;\"><span style=\"letter-spacing: normal;\"><span lang=\"fr-FR\"><i><b>Et quand apr\u00e8s bien des ann\u00e9es, on ne conna\u00eet toujours pas ce regard innocent, dont vous nous parlez, doit-on garder cette attitude en acceptant ce manque, cette fausse vision ?<\/b><\/i><\/span><\/span><\/span><\/span><\/span><\/p>\n<p class=\"western\" align=\"justify\"><span style=\"color: #000000;\"><span style=\"text-decoration: none;\"><span style=\"font-size: medium;\"><span style=\"letter-spacing: normal;\"><span lang=\"fr-FR\">Oui, dans la v\u00e9ritable attente, d\u00e9nu\u00e9e de projection, tout vous est donn\u00e9. Les \u00e9l\u00e9ments qui composent cette pause pro\u00adviennent de la R\u00e9alit\u00e9 et vous y dirigent ensuite \u00e0 nouveau.<\/span><\/span><\/span><\/span><\/span><\/p>\n<p class=\"western\" align=\"justify\"><span style=\"color: #000000;\"><span style=\"text-decoration: none;\"><span style=\"font-size: medium;\"><span style=\"letter-spacing: normal;\"><span lang=\"fr-FR\"><i><b>Dans un lieu sans espace ?<\/b><\/i><\/span><\/span><\/span><\/span><\/span><\/p>\n<p class=\"western\" align=\"justify\"><span style=\"color: #000000;\"><span style=\"text-decoration: none;\"><span style=\"font-size: medium;\"><span style=\"letter-spacing: normal;\"><span lang=\"fr-FR\">En termes religieux, on pourrait dire : Il est.<\/span><\/span><\/span><\/span><\/span><\/p>\n<p class=\"western\" align=\"center\"><span style=\"color: #000000;\"><span style=\"text-decoration: none;\"><span style=\"font-size: medium;\"><span style=\"letter-spacing: normal;\"><span lang=\"fr-FR\">***<\/span><\/span><\/span><\/span><\/span><\/p>\n<p class=\"western\" align=\"justify\"><span style=\"color: #000000;\"><span style=\"text-decoration: none;\"><span style=\"font-size: medium;\"><span style=\"letter-spacing: normal;\"><span lang=\"fr-FR\">C&rsquo;est uniquement dans votre absence que vous vivez votre pr\u00e9sence. Celle-ci ne peut \u00eatre ni pens\u00e9e, ni concr\u00e9tis\u00e9e. Ce que vous avez l&rsquo;habitude de nommer pr\u00e9sent est un artifice de la m\u00e9moire auquel vous attribuez la situation du moment. Restez dans ce vide o\u00f9 tout peut advenir. Vous vous trouverez alors face \u00e0 la vie, aux \u00e9v\u00e9nements, sans choisir, sans s\u00e9lectionner, sinon vous resterez dans la cha\u00eene des plaisirs et des souf\u00adfrances. Transcendez cette compl\u00e9mentarit\u00e9, cette dualit\u00e9.<\/span><\/span><\/span><\/span><\/span><\/p>\n<p class=\"western\" align=\"justify\"><span style=\"color: #000000;\"><span style=\"text-decoration: none;\"><span style=\"font-size: medium;\"><span style=\"letter-spacing: normal;\"><span lang=\"fr-FR\"><i><b>L&rsquo;absence dont vous parlez est-elle la mort ?<\/b><\/i><\/span><\/span><\/span><\/span><\/span><\/p>\n<p class=\"western\" align=\"justify\"><span style=\"color: #000000;\"><span style=\"text-decoration: none;\"><span style=\"font-size: medium;\"><span style=\"letter-spacing: normal;\"><span lang=\"fr-FR\">La mort est un concept, une id\u00e9e, de m\u00eame que la pens\u00e9e de la naissance. Savez-vous \u00e0 quel moment vous \u00eates n\u00e9 ? Ne vous attardez pas l\u00e0-dessus, essayez plut\u00f4t de comprendre la vie qui s&rsquo;exprime \u00e9videmment sous de multiples aspects qui naissent et meurent. La vie n&rsquo;est pas li\u00e9e \u00e0 cela, elle est. Vous disparaissez \u00e0 tout instant pour rena\u00eetre aussit\u00f4t.<\/span><\/span><\/span><\/span><\/span><\/p>\n<p class=\"western\" align=\"justify\"><span style=\"color: #000000;\"><span style=\"text-decoration: none;\"><span style=\"font-size: medium;\"><span style=\"letter-spacing: normal;\"><span lang=\"fr-FR\"><i><b>On peut se souvenir d&rsquo;une premi\u00e8re perception, c&rsquo;est en quelque sorte notre naissance ; comme lorsqu&rsquo;on s&rsquo;\u00e9veille le matin ?<\/b><\/i><\/span><\/span><\/span><\/span><\/span><\/p>\n<p class=\"western\" align=\"justify\"><span style=\"color: #000000;\"><span style=\"text-decoration: none;\"><span style=\"font-size: medium;\"><span style=\"letter-spacing: normal;\"><span lang=\"fr-FR\">Oui, de m\u00eame, vous cr\u00e9ez le monde d\u00e8s que vous le concr\u00e9\u00adtisez dans votre esprit.<\/span><\/span><\/span><\/span><\/span><\/p>\n<p class=\"western\" align=\"justify\"><span style=\"color: #000000;\"><span style=\"text-decoration: none;\"><span style=\"font-size: medium;\"><span style=\"letter-spacing: normal;\"><span lang=\"fr-FR\"><i><b>Voir la lumi\u00e8re me semble le premier souvenir que l&rsquo;on ait. Il remonte tr\u00e8s loin.<\/b><\/i><\/span><\/span><\/span><\/span><\/span><\/p>\n<p class=\"western\" align=\"justify\"><span style=\"color: #000000;\"><span style=\"text-decoration: none;\"><span style=\"font-size: medium;\"><span style=\"letter-spacing: normal;\"><span lang=\"fr-FR\">Oui, c&rsquo;est votre premi\u00e8re perception, elle a vari\u00e9 constam\u00adment depuis lors, mais celui qui per\u00e7oit est immuable.<\/span><\/span><\/span><\/span><\/span><\/p>\n<p class=\"western\" align=\"justify\"><span style=\"color: #000000;\"><span style=\"text-decoration: none;\"><span style=\"font-size: medium;\"><span style=\"letter-spacing: normal;\"><span lang=\"fr-FR\"><i><b>Quand vous dites, attendre sans attendre, c&rsquo;est parce que tout est l\u00e0 ? Vivre notre absence devient aussi un concept, dans ce cas ?<\/b><\/i><\/span><\/span><\/span><\/span><\/span><\/p>\n<p class=\"western\" align=\"justify\"><span style=\"color: #000000;\"><span style=\"text-decoration: none;\"><span style=\"font-size: medium;\"><span style=\"letter-spacing: normal;\"><span lang=\"fr-FR\">Si vous prenez ce mot dans le sens courant du terme, c&rsquo;est un concept. C&rsquo;est une absence \u00e0 l&rsquo;absence que nous devons vivre. Lib\u00e9rez-vous du r\u00e9flexe d&rsquo;\u00eatre quelqu&rsquo;un \u00e0 ce moment-l\u00e0, vous serez la totalit\u00e9 et la vraie communication avec le monde s&rsquo;\u00e9bauchera, s&rsquo;ouvrira.<\/span><\/span><\/span><\/span><\/span><\/p>\n<p class=\"western\" align=\"justify\"><span style=\"color: #000000;\"><span style=\"text-decoration: none;\"><span style=\"font-size: medium;\"><span style=\"letter-spacing: normal;\"><span lang=\"fr-FR\"><i><b>Le Maharshi recommandait de poser sans cesse la ques\u00adtion : Qui suis-je ? Cela ne conduit-il pas \u00e0 avoir une image de soi-m\u00eame ?<\/b><\/i><\/span><\/span><\/span><\/span><\/span><\/p>\n<p class=\"western\" align=\"justify\"><span style=\"color: #000000;\"><span style=\"text-decoration: none;\"><span style=\"font-size: medium;\"><span style=\"letter-spacing: normal;\"><span lang=\"fr-FR\">La personne ne peut r\u00e9soudre ce probl\u00e8me. La r\u00e9ponse vivante vous envahira en quelque sorte. Si vous \u00eates empli de cette interrogation lancinante, angoissante, vous comprendrez l&rsquo;impossibilit\u00e9 de la formuler, de l&rsquo;approcher par la m\u00e9moire. Que vous restera-t-il alors ? Vous ne chercherez plus \u00e0 compren\u00addre, \u00e0 agir, vous vivrez totalement avec le \u00ab Qui suis-je ? \u00bb en le laissant se vider peu \u00e0 peu de l&rsquo;angoisse qu&rsquo;il a provoqu\u00e9e et qui se consumera d&rsquo;elle-m\u00eame. La solution est sur un plan o\u00f9 il n&rsquo;y a plus de pens\u00e9e, d&rsquo;ext\u00e9riorisation, elle se d\u00e9voile seu\u00adlement lorsque vous n&rsquo;intervenez plus. Ne cherchez pas \u00e0 appr\u00e9\u00adhender, \u00e0 produire, \u00e0 manipuler, vous serez ouvert, vous accueil\u00adlerez tout ce qui se pr\u00e9sentera \u00e0 vous.<\/span><\/span><\/span><\/span><\/span><\/p>\n<p class=\"western\" align=\"justify\"><span style=\"color: #000000;\"><span style=\"text-decoration: none;\"><span style=\"font-size: medium;\"><span style=\"letter-spacing: normal;\"><span lang=\"fr-FR\"><i><b>Cette question garde pour moi une connotation intellec\u00adtuelle, j&rsquo;ai l&rsquo;impression de mieux ressentir : Qui s&rsquo;\u00e9veille le matin ? Qui per\u00e7oit quelque chose ? Qui agit ? et je me demande si cela ne me fait pas d\u00e9river, ne m&rsquo;\u00e9carte pas du principal ?<\/b><\/i><\/span><\/span><\/span><\/span><\/span><\/p>\n<p class=\"western\" align=\"justify\"><span style=\"color: #000000;\"><span style=\"text-decoration: none;\"><span style=\"font-size: medium;\"><span style=\"letter-spacing: normal;\"><span lang=\"fr-FR\">Vos interrogations demeurent mentales, abordez-les d&rsquo;une autre mani\u00e8re.<\/span><\/span><\/span><\/span><\/span><\/p>\n<p class=\"western\" align=\"justify\"><span style=\"color: #000000;\"><span style=\"text-decoration: none;\"><span style=\"font-size: medium;\"><span style=\"letter-spacing: normal;\"><span lang=\"fr-FR\"><i><b>Dois-je me poser la question ainsi : Que suis-je ?<\/b><\/i><\/span><\/span><\/span><\/span><\/span><\/p>\n<p class=\"western\" align=\"justify\"><span style=\"color: #000000;\"><span style=\"text-decoration: none;\"><span style=\"font-size: medium;\"><span style=\"letter-spacing: normal;\"><span lang=\"fr-FR\">Je verrai d&rsquo;abord ce que je ne suis pas, en d&rsquo;autres mots, ce qui n&rsquo;a pas de r\u00e9alit\u00e9 en soi : le corps, les sensations, les affectivit\u00e9s, les pens\u00e9es ; ils d\u00e9pendent de la conscience. Cette \u00e9limination vous apportera peu \u00e0 peu une sorte de repos int\u00e9\u00adrieur, sans anticipation. Apr\u00e8s avoir parcouru ce chemin, vous vous trouverez en face d&rsquo;un immense : Je ne sais pas, un vrai : Je ne sais pas, o\u00f9 il n&rsquo;y a plus de savoir possible. C&rsquo;est le sai\u00adsissement d&rsquo;un soi-m\u00eame qui vous am\u00e8ne l\u00e0 o\u00f9 centre et p\u00e9ri\u00adph\u00e9rie n&rsquo;ont plus de raison d&rsquo;\u00eatre, qui est pure conscience.<\/span><\/span><\/span><\/span><\/span><\/p>\n<p class=\"western\" align=\"justify\"><span style=\"color: #000000;\"><span style=\"text-decoration: none;\"><span style=\"font-size: medium;\"><span style=\"letter-spacing: normal;\"><span lang=\"fr-FR\"><i><b>Peut-on prolonger le : Qui suis-je ? par : Deviens ce que tu es ? Sois ce que tu es ?<\/b><\/i><\/span><\/span><\/span><\/span><\/span><\/p>\n<p class=\"western\" align=\"justify\"><span style=\"color: #000000;\"><span style=\"text-decoration: none;\"><span style=\"font-size: medium;\"><span style=\"letter-spacing: normal;\"><span lang=\"fr-FR\">Cela vous conduira \u00e0 vivre totalement votre absence. Les \u00e9v\u00e9nements de la vie s&rsquo;y manifestent, ils y apparaissent et disparaissent. Vous avez une relation sp\u00e9ciale avec ce qui vous entoure lorsque vous r\u00e9alisez ce qui ne se peut nommer, vous n&rsquo;\u00eates plus coll\u00e9 \u00e0 rien, plus impliqu\u00e9 dans les situations, vous n&rsquo;avez plus de r\u00e9sistances, de r\u00e9actions.<\/span><\/span><\/span><\/span><\/span><\/p>\n<p class=\"western\" align=\"justify\"><span style=\"color: #000000;\"><span style=\"text-decoration: none;\"><span style=\"font-size: medium;\"><span style=\"letter-spacing: normal;\"><span lang=\"fr-FR\"><i><b>Pour acc\u00e9der \u00e0 cet \u00e9tat, ne faut-il pas proc\u00e9der \u00e0 un travail d&rsquo;observation du moi et constater que tous ces \u00e9l\u00e9ments assez enracin\u00e9s ont \u00e9t\u00e9 dissous par le feu de l&rsquo;attention ?<\/b><\/i><\/span><\/span><\/span><\/span><\/span><\/p>\n<p class=\"western\" align=\"justify\"><span style=\"color: #000000;\"><span style=\"text-decoration: none;\"><span style=\"font-size: medium;\"><span style=\"letter-spacing: normal;\"><span lang=\"fr-FR\">Comme nous l&rsquo;avons d\u00e9j\u00e0 formul\u00e9, p\u00e9dagogiquement, on devrait consid\u00e9rer ce qui est per\u00e7u comme un objet ; par exemple, le corps. Quand il devient une perception directe, la complicit\u00e9 avec son conditionnement issu du pass\u00e9, se pr\u00e9sen\u00adtant sous forme de r\u00e9action, de r\u00e9sistances dispara\u00eet. C&rsquo;est la personne qui maintenait ce fantasme.<\/span><\/span><\/span><\/span><\/span><\/p>\n<p class=\"western\" align=\"justify\"><span style=\"color: #000000;\"><span style=\"text-decoration: none;\"><span style=\"font-size: medium;\"><span style=\"letter-spacing: normal;\"><span lang=\"fr-FR\">Dans une lucidit\u00e9 sans s\u00e9lection, cette image n&rsquo;est plus aliment\u00e9e, donc elle ne survit pas. Un l\u00e2cher prise des diff\u00e9\u00adrentes couches de r\u00e9actions n\u00e9gatives, superficielles s&rsquo;est effec\u00adtu\u00e9. Les ressources \u00e9nerg\u00e9tiques de votre corps, mieux dirig\u00e9es, se sont d\u00e9velopp\u00e9es, ses r\u00e9flexes sont beaucoup plus subtils. Une v\u00e9ritable explosion va se produire, toutes les \u00e9nergies bloqu\u00e9es, fix\u00e9es, maintenues par la personne s&rsquo;\u00e9limineront.<\/span><\/span><\/span><\/span><\/span><\/p>\n<p class=\"western\" align=\"justify\"><span style=\"color: #000000;\"><span style=\"text-decoration: none;\"><span style=\"font-size: medium;\"><span style=\"letter-spacing: normal;\"><span lang=\"fr-FR\"><i><b>Ce travail se d\u00e9veloppe dans le temps ?<\/b><\/i><\/span><\/span><\/span><\/span><\/span><\/p>\n<p class=\"western\" align=\"justify\"><span style=\"color: #000000;\"><span style=\"text-decoration: none;\"><span style=\"font-size: medium;\"><span style=\"letter-spacing: normal;\"><span lang=\"fr-FR\">L&rsquo;\u00e9limination se r\u00e9alise dans le temps ; par contre, la prise de conscience \u00ab Je suis \u00bb est instantan\u00e9e. Votre absence r\u00e9elle est spontan\u00e9e, vous la vivez d&rsquo;une fa\u00e7on foudroyante.<\/span><\/span><\/span><\/span><\/span><\/p>\n<p class=\"western\" align=\"justify\"><span style=\"color: #000000;\"><span style=\"text-decoration: none;\"><span style=\"font-size: medium;\"><span style=\"letter-spacing: normal;\"><span lang=\"fr-FR\"><i><b>Cela peut se produire maintenant ou dans quarante ans ? <\/b><\/i><\/span><\/span><\/span><\/span><\/span><\/p>\n<p class=\"western\" align=\"justify\"><span style=\"color: #000000;\"><span style=\"text-decoration: none;\"><span style=\"font-size: medium;\"><span style=\"letter-spacing: normal;\"><span lang=\"fr-FR\">\u00c0 l&rsquo;instant m\u00eame. Et tant mieux pour vous !<\/span><\/span><\/span><\/span><\/span><\/p>\n<p class=\"western\" align=\"justify\"><span style=\"color: #000000;\"><span style=\"text-decoration: none;\"><span style=\"font-size: medium;\"><span style=\"letter-spacing: normal;\"><span lang=\"fr-FR\"><i><b>On ne peut d\u00e9cider du moment o\u00f9 cela va vous envahir ?<\/b><\/i><\/span><\/span><\/span><\/span><\/span><\/p>\n<p class=\"western\" align=\"justify\"><span style=\"color: #000000;\"><span style=\"text-decoration: none;\"><span style=\"font-size: medium;\"><span style=\"letter-spacing: normal;\"><span lang=\"fr-FR\">Ce n&rsquo;est pas une d\u00e9cision, c&rsquo;est une ouverture en nous qui a permis cette illumination. Vous saisissez ce que je vous propose ou non. C&rsquo;est tout.<\/span><\/span><\/span><\/span><\/span><\/p>\n<p class=\"western\" align=\"center\"><span style=\"color: #000000;\"><span style=\"text-decoration: none;\"><span style=\"font-size: medium;\"><span style=\"letter-spacing: normal;\"><span lang=\"fr-FR\">***<\/span><\/span><\/span><\/span><\/span><\/p>\n<p class=\"western\" align=\"justify\"><span style=\"color: #000000;\"><span style=\"text-decoration: none;\"><span style=\"font-size: medium;\"><span style=\"letter-spacing: normal;\"><span lang=\"fr-FR\"><i><b>Ce qui est inscrit sur le th\u00e8me astrologique d&rsquo;une personne sera-t-il d\u00e9pass\u00e9 d&rsquo;une mani\u00e8re foudroyante, dans l&rsquo;affirmative ? N&rsquo;est-ce pas ce que vous sugg\u00e9rez ?<\/b><\/i><\/span><\/span><\/span><\/span><\/span><\/p>\n<p class=\"western\" align=\"justify\"><span style=\"color: #000000;\"><span style=\"text-decoration: none;\"><span style=\"font-size: medium;\"><span style=\"letter-spacing: normal;\"><span lang=\"fr-FR\">La personne n&rsquo;est pas dans le th\u00e8me. Celui-ci est un ensemble de fonctions, un ensemble de faits fa\u00e7onn\u00e9s par la suite en tant qu&rsquo;individu ; la vie qui s&rsquo;exprime par ce dernier, m\u00eame le t\u00e9moin se situent en dehors.<\/span><\/span><\/span><\/span><\/span><\/p>\n<p class=\"western\" align=\"justify\"><span style=\"color: #000000;\"><span style=\"text-decoration: none;\"><span style=\"font-size: medium;\"><span style=\"letter-spacing: normal;\"><span lang=\"fr-FR\"><i><b>L&rsquo;\u00e9tude astrologique serait donc simplement le chemine\u00adment historique de la personne ?<\/b><\/i><\/span><\/span><\/span><\/span><\/span><\/p>\n<p class=\"western\" align=\"justify\"><span style=\"color: #000000;\"><span style=\"text-decoration: none;\"><span style=\"font-size: medium;\"><span style=\"letter-spacing: normal;\"><span lang=\"fr-FR\">L&rsquo;accumulation des \u00e9l\u00e9ments qui se pr\u00e9sentent est attri\u00adbu\u00e9e \u00e0 une personne. En r\u00e9alit\u00e9, celle-ci n&rsquo;existe pas. C&rsquo;est une composition faite de choses dont vous \u00eates seulement le t\u00e9moin et avec lesquelles est construit l&rsquo;individu. Comparez ce sch\u00e9ma avec les \u00e9v\u00e9nements se succ\u00e9dant sur une pellicule au cin\u00e9ma, l&rsquo;\u00e9clairage qui les d\u00e9veloppe n&rsquo;est pas dans le film.<\/span><\/span><\/span><\/span><\/span><\/p>\n<p class=\"western\" align=\"justify\"><span style=\"color: #000000;\"><span style=\"text-decoration: none;\"><span style=\"font-size: medium;\"><span style=\"letter-spacing: normal;\"><span lang=\"fr-FR\">Il est tr\u00e8s important de vous en rendre compte si vous voulez comprendre un th\u00e8me astrologique et le transmettre \u00e0 quelqu&rsquo;un d&rsquo;autre ; vous devez lui faire saisir ce qu&rsquo;il n&rsquo;est pas.<\/span><\/span><\/span><\/span><\/span><\/p>\n<p class=\"western\" align=\"justify\"><span style=\"color: #000000;\"><span style=\"text-decoration: none;\"><span style=\"font-size: medium;\"><span style=\"letter-spacing: normal;\"><span lang=\"fr-FR\"><i><b>Au lieu de pr\u00e9ciser \u00e0 la personne incrimin\u00e9e : Vous \u00eates de ce signe, vous \u00eates comme ceci ou autrement, il serait pr\u00e9\u00adf\u00e9rable de lui sugg\u00e9rer : Ce pourrait \u00eatre tel, mais vous n&rsquo;\u00eates pas cela ?<\/b><\/i><\/span><\/span><\/span><\/span><\/span><\/p>\n<p class=\"western\" align=\"justify\"><span style=\"color: #000000;\"><span style=\"text-decoration: none;\"><span style=\"font-size: medium;\"><span style=\"letter-spacing: normal;\"><span lang=\"fr-FR\">\u00c0 proprement parler, la v\u00e9rit\u00e9 d&rsquo;un \u00eatre n&rsquo;est pas dans le th\u00e8me, les \u00e9l\u00e9ments que l&rsquo;on y trouve tout comme l&rsquo;individu et le th\u00e8me du reste sont des concepts.<\/span><\/span><\/span><\/span><\/span><\/p>\n<p class=\"western\" align=\"justify\"><span style=\"color: #000000;\"><span style=\"text-decoration: none;\"><span style=\"font-size: medium;\"><span style=\"letter-spacing: normal;\"><span lang=\"fr-FR\"><i><b>Nous avons abord\u00e9 la question du t\u00e9moin entra\u00eenant une prise de conscience qui n&rsquo;occulte pas le d\u00e9roulement de la vie courante. Cette prise de conscience conduit-elle \u00e0 \u00eatre le t\u00e9moin du t\u00e9moin ? Est-ce le : Je suis ?<\/b><\/i><\/span><\/span><\/span><\/span><\/span><\/p>\n<p class=\"western\" align=\"justify\"><span style=\"color: #000000;\"><span style=\"text-decoration: none;\"><span style=\"font-size: medium;\"><span style=\"letter-spacing: normal;\"><span lang=\"fr-FR\">Cette notion est une b\u00e9quille tr\u00e8s importante dans l&rsquo;ensei\u00adgnement, elle vous \u00e9vite de toujours entrer dans les m\u00eames r\u00e9seaux : Je suis celui qui agit, qui souffre, se r\u00e9jouit ; je suis l&rsquo;auteur, l&rsquo;acteur de mes actions. Nous nous servons de ce biais pour sortir de ce moule et afin de faciliter la compr\u00e9\u00adhension. Par la suite, votre th\u00e8me se d\u00e9roulera dans votre conscience. Lorsque vous l&rsquo;aurez parfaitement assimil\u00e9e, vous verrez que cette imagination est \u00e9galement vous-m\u00eame. L&rsquo;indi\u00advidu est une prolongation, une extension du Soi, de la Conscience.<\/span><\/span><\/span><\/span><\/span><\/p>\n<p class=\"western\" align=\"justify\"><span style=\"color: #000000;\"><span style=\"text-decoration: none;\"><span style=\"font-size: medium;\"><span style=\"letter-spacing: normal;\"><span lang=\"fr-FR\">Au fond, vous pouvez consid\u00e9rer la vie comme un r\u00eave, le \u00ab Je suis \u00bb vous approche au maximum de la r\u00e9alit\u00e9. Quand il devient une totalit\u00e9 v\u00e9cue, il s&rsquo;efface aussi. C&rsquo;est la b\u00e9atitude infinie.<\/span><\/span><\/span><\/span><\/span><\/p>\n","protected":false},"excerpt":{"rendered":"<p>P\u00e9dagogiquement parlant, je vous conseillerais d&rsquo;observer ce qui est per\u00e7u : votre corps, vos sensations, votre \u00e9motivit\u00e9, vos pens\u00e9es, votre entourage, tout ce qui fait partie de la mani\u00adfestation ; vous verrez qu&rsquo;en r\u00e9alit\u00e9, votre attention est distraite, partielle, meubl\u00e9e par la m\u00e9moire, par vos ins\u00e9curit\u00e9s, vos peurs, vos anxi\u00e9t\u00e9s, etc. Cette constatation va aiguiser votre lucidit\u00e9 qui, par la suite, perdra son caract\u00e8re volitif. Une fusion s&rsquo;\u00e9laborera, \u00e0 ce moment-l\u00e0, entre l&rsquo;observateur et l&rsquo;observ\u00e9. Si vous regardez avec plus d&rsquo;acuit\u00e9, un peu plus en pro\u00adfondeur, vous vous apercevrez que l&rsquo;objet de votre int\u00e9r\u00eat existait uniquement parce qu&rsquo;il \u00e9tait maintenu, aliment\u00e9 par le m\u00e9ditant. Lorsque celui-ci perd sa qualit\u00e9, l&rsquo;objet en question ne trouve plus d&rsquo;argument pour subsister et meurt en quelque sorte. Seule la disparition du contr\u00f4leur permet donc une v\u00e9ritable transformation.<\/p>\n","protected":false},"author":1,"featured_media":12583,"comment_status":"closed","ping_status":"closed","sticky":false,"template":"","format":"standard","meta":{"footnotes":""},"categories":[5,231],"tags":[14,8,44],"class_list":["post-16354","post","type-post","status-publish","format-standard","has-post-thumbnail","hentry","category-interview","category-j-klein","tag-meditation","tag-non-dualite","tag-observation"],"yoast_head":"<!-- This site is optimized with the Yoast SEO plugin v27.0 - https:\/\/yoast.com\/product\/yoast-seo-wordpress\/ -->\n<title>Une observation non s\u00e9lective par Jean Klein - 3e mill\u00e9naire - Spiritualit\u00e9 - Connaissance de soi - Non-dualit\u00e9 - M\u00e9ditation<\/title>\n<meta name=\"robots\" content=\"index, follow, max-snippet:-1, max-image-preview:large, max-video-preview:-1\" \/>\n<link rel=\"canonical\" href=\"https:\/\/www.revue3emillenaire.com\/blog\/une-observation-non-selective-par-jean-klein\/\" \/>\n<meta property=\"og:locale\" content=\"fr_FR\" \/>\n<meta property=\"og:type\" content=\"article\" \/>\n<meta property=\"og:title\" content=\"Une observation non s\u00e9lective par Jean Klein - 3e mill\u00e9naire - Spiritualit\u00e9 - Connaissance de soi - Non-dualit\u00e9 - M\u00e9ditation\" \/>\n<meta property=\"og:description\" content=\"P\u00e9dagogiquement parlant, je vous conseillerais d&#039;observer ce qui est per\u00e7u : votre corps, vos sensations, votre \u00e9motivit\u00e9, vos pens\u00e9es, votre entourage, tout ce qui fait partie de la mani\u00adfestation ; vous verrez qu&#039;en r\u00e9alit\u00e9, votre attention est distraite, partielle, meubl\u00e9e par la m\u00e9moire, par vos ins\u00e9curit\u00e9s, vos peurs, vos anxi\u00e9t\u00e9s, etc. Cette constatation va aiguiser votre lucidit\u00e9 qui, par la suite, perdra son caract\u00e8re volitif. Une fusion s&#039;\u00e9laborera, \u00e0 ce moment-l\u00e0, entre l&#039;observateur et l&#039;observ\u00e9. Si vous regardez avec plus d&#039;acuit\u00e9, un peu plus en pro\u00adfondeur, vous vous apercevrez que l&#039;objet de votre int\u00e9r\u00eat existait uniquement parce qu&#039;il \u00e9tait maintenu, aliment\u00e9 par le m\u00e9ditant. Lorsque celui-ci perd sa qualit\u00e9, l&#039;objet en question ne trouve plus d&#039;argument pour subsister et meurt en quelque sorte. Seule la disparition du contr\u00f4leur permet donc une v\u00e9ritable transformation.\" \/>\n<meta property=\"og:url\" content=\"https:\/\/www.revue3emillenaire.com\/blog\/une-observation-non-selective-par-jean-klein\/\" \/>\n<meta property=\"og:site_name\" content=\"3e mill\u00e9naire - Spiritualit\u00e9 - Connaissance de soi - Non-dualit\u00e9 - M\u00e9ditation\" \/>\n<meta property=\"article:published_time\" content=\"2014-10-18T23:07:50+00:00\" \/>\n<meta property=\"og:image\" content=\"https:\/\/www.revue3emillenaire.com\/blog\/wp-content\/uploads\/2012\/12\/jklein4.jpg\" \/>\n\t<meta property=\"og:image:width\" content=\"334\" \/>\n\t<meta property=\"og:image:height\" content=\"392\" \/>\n\t<meta property=\"og:image:type\" content=\"image\/jpeg\" \/>\n<meta name=\"author\" content=\"3e mill\u00e9naire\" \/>\n<meta name=\"twitter:card\" content=\"summary_large_image\" \/>\n<meta name=\"twitter:label1\" content=\"\u00c9crit par\" \/>\n\t<meta name=\"twitter:data1\" content=\"3e mill\u00e9naire\" \/>\n\t<meta name=\"twitter:label2\" content=\"Dur\u00e9e de lecture estim\u00e9e\" \/>\n\t<meta name=\"twitter:data2\" content=\"18 minutes\" \/>\n<script type=\"application\/ld+json\" class=\"yoast-schema-graph\">{\"@context\":\"https:\/\/schema.org\",\"@graph\":[{\"@type\":\"Article\",\"@id\":\"https:\/\/www.revue3emillenaire.com\/blog\/une-observation-non-selective-par-jean-klein\/#article\",\"isPartOf\":{\"@id\":\"https:\/\/www.revue3emillenaire.com\/blog\/une-observation-non-selective-par-jean-klein\/\"},\"author\":{\"name\":\"3e mill\u00e9naire\",\"@id\":\"https:\/\/www.revue3emillenaire.com\/blog\/#\/schema\/person\/9a3a7cc4ccaa707f402d4394327106d5\"},\"headline\":\"Une observation non s\u00e9lective par Jean Klein\",\"datePublished\":\"2014-10-18T23:07:50+00:00\",\"mainEntityOfPage\":{\"@id\":\"https:\/\/www.revue3emillenaire.com\/blog\/une-observation-non-selective-par-jean-klein\/\"},\"wordCount\":3690,\"image\":{\"@id\":\"https:\/\/www.revue3emillenaire.com\/blog\/une-observation-non-selective-par-jean-klein\/#primaryimage\"},\"thumbnailUrl\":\"https:\/\/www.revue3emillenaire.com\/blog\/wp-content\/uploads\/2012\/12\/jklein4.jpg\",\"keywords\":[\"M\u00e9ditation\",\"Non-dualit\u00e9\",\"Observation\"],\"articleSection\":[\"Entretien\/Interview\",\"Klein Jean\"],\"inLanguage\":\"fr-FR\"},{\"@type\":\"WebPage\",\"@id\":\"https:\/\/www.revue3emillenaire.com\/blog\/une-observation-non-selective-par-jean-klein\/\",\"url\":\"https:\/\/www.revue3emillenaire.com\/blog\/une-observation-non-selective-par-jean-klein\/\",\"name\":\"Une observation non s\u00e9lective par Jean Klein - 3e mill\u00e9naire - Spiritualit\u00e9 - Connaissance de soi - Non-dualit\u00e9 - M\u00e9ditation\",\"isPartOf\":{\"@id\":\"https:\/\/www.revue3emillenaire.com\/blog\/#website\"},\"primaryImageOfPage\":{\"@id\":\"https:\/\/www.revue3emillenaire.com\/blog\/une-observation-non-selective-par-jean-klein\/#primaryimage\"},\"image\":{\"@id\":\"https:\/\/www.revue3emillenaire.com\/blog\/une-observation-non-selective-par-jean-klein\/#primaryimage\"},\"thumbnailUrl\":\"https:\/\/www.revue3emillenaire.com\/blog\/wp-content\/uploads\/2012\/12\/jklein4.jpg\",\"datePublished\":\"2014-10-18T23:07:50+00:00\",\"author\":{\"@id\":\"https:\/\/www.revue3emillenaire.com\/blog\/#\/schema\/person\/9a3a7cc4ccaa707f402d4394327106d5\"},\"breadcrumb\":{\"@id\":\"https:\/\/www.revue3emillenaire.com\/blog\/une-observation-non-selective-par-jean-klein\/#breadcrumb\"},\"inLanguage\":\"fr-FR\",\"potentialAction\":[{\"@type\":\"ReadAction\",\"target\":[\"https:\/\/www.revue3emillenaire.com\/blog\/une-observation-non-selective-par-jean-klein\/\"]}]},{\"@type\":\"ImageObject\",\"inLanguage\":\"fr-FR\",\"@id\":\"https:\/\/www.revue3emillenaire.com\/blog\/une-observation-non-selective-par-jean-klein\/#primaryimage\",\"url\":\"https:\/\/www.revue3emillenaire.com\/blog\/wp-content\/uploads\/2012\/12\/jklein4.jpg\",\"contentUrl\":\"https:\/\/www.revue3emillenaire.com\/blog\/wp-content\/uploads\/2012\/12\/jklein4.jpg\",\"width\":\"334\",\"height\":\"392\"},{\"@type\":\"BreadcrumbList\",\"@id\":\"https:\/\/www.revue3emillenaire.com\/blog\/une-observation-non-selective-par-jean-klein\/#breadcrumb\",\"itemListElement\":[{\"@type\":\"ListItem\",\"position\":1,\"name\":\"Accueil\",\"item\":\"https:\/\/www.revue3emillenaire.com\/blog\/\"},{\"@type\":\"ListItem\",\"position\":2,\"name\":\"Une observation non s\u00e9lective par Jean Klein\"}]},{\"@type\":\"WebSite\",\"@id\":\"https:\/\/www.revue3emillenaire.com\/blog\/#website\",\"url\":\"https:\/\/www.revue3emillenaire.com\/blog\/\",\"name\":\"3e mill\u00e9naire - Spiritualit\u00e9 - Connaissance de soi - Non-dualit\u00e9 - M\u00e9ditation\",\"description\":\"L&#039;Homme en devenir\",\"potentialAction\":[{\"@type\":\"SearchAction\",\"target\":{\"@type\":\"EntryPoint\",\"urlTemplate\":\"https:\/\/www.revue3emillenaire.com\/blog\/?s={search_term_string}\"},\"query-input\":{\"@type\":\"PropertyValueSpecification\",\"valueRequired\":true,\"valueName\":\"search_term_string\"}}],\"inLanguage\":\"fr-FR\"},{\"@type\":\"Person\",\"@id\":\"https:\/\/www.revue3emillenaire.com\/blog\/#\/schema\/person\/9a3a7cc4ccaa707f402d4394327106d5\",\"name\":\"3e mill\u00e9naire\",\"url\":\"https:\/\/www.revue3emillenaire.com\/blog\/author\/admin\/\"}]}<\/script>\n<!-- \/ Yoast SEO plugin. -->","yoast_head_json":{"title":"Une observation non s\u00e9lective par Jean Klein - 3e mill\u00e9naire - Spiritualit\u00e9 - Connaissance de soi - Non-dualit\u00e9 - M\u00e9ditation","robots":{"index":"index","follow":"follow","max-snippet":"max-snippet:-1","max-image-preview":"max-image-preview:large","max-video-preview":"max-video-preview:-1"},"canonical":"https:\/\/www.revue3emillenaire.com\/blog\/une-observation-non-selective-par-jean-klein\/","og_locale":"fr_FR","og_type":"article","og_title":"Une observation non s\u00e9lective par Jean Klein - 3e mill\u00e9naire - Spiritualit\u00e9 - Connaissance de soi - Non-dualit\u00e9 - M\u00e9ditation","og_description":"P\u00e9dagogiquement parlant, je vous conseillerais d'observer ce qui est per\u00e7u : votre corps, vos sensations, votre \u00e9motivit\u00e9, vos pens\u00e9es, votre entourage, tout ce qui fait partie de la mani\u00adfestation ; vous verrez qu'en r\u00e9alit\u00e9, votre attention est distraite, partielle, meubl\u00e9e par la m\u00e9moire, par vos ins\u00e9curit\u00e9s, vos peurs, vos anxi\u00e9t\u00e9s, etc. Cette constatation va aiguiser votre lucidit\u00e9 qui, par la suite, perdra son caract\u00e8re volitif. Une fusion s'\u00e9laborera, \u00e0 ce moment-l\u00e0, entre l'observateur et l'observ\u00e9. Si vous regardez avec plus d'acuit\u00e9, un peu plus en pro\u00adfondeur, vous vous apercevrez que l'objet de votre int\u00e9r\u00eat existait uniquement parce qu'il \u00e9tait maintenu, aliment\u00e9 par le m\u00e9ditant. Lorsque celui-ci perd sa qualit\u00e9, l'objet en question ne trouve plus d'argument pour subsister et meurt en quelque sorte. Seule la disparition du contr\u00f4leur permet donc une v\u00e9ritable transformation.","og_url":"https:\/\/www.revue3emillenaire.com\/blog\/une-observation-non-selective-par-jean-klein\/","og_site_name":"3e mill\u00e9naire - Spiritualit\u00e9 - Connaissance de soi - Non-dualit\u00e9 - M\u00e9ditation","article_published_time":"2014-10-18T23:07:50+00:00","og_image":[{"width":334,"height":392,"url":"https:\/\/www.revue3emillenaire.com\/blog\/wp-content\/uploads\/2012\/12\/jklein4.jpg","type":"image\/jpeg"}],"author":"3e mill\u00e9naire","twitter_card":"summary_large_image","twitter_misc":{"\u00c9crit par":"3e mill\u00e9naire","Dur\u00e9e de lecture estim\u00e9e":"18 minutes"},"schema":{"@context":"https:\/\/schema.org","@graph":[{"@type":"Article","@id":"https:\/\/www.revue3emillenaire.com\/blog\/une-observation-non-selective-par-jean-klein\/#article","isPartOf":{"@id":"https:\/\/www.revue3emillenaire.com\/blog\/une-observation-non-selective-par-jean-klein\/"},"author":{"name":"3e mill\u00e9naire","@id":"https:\/\/www.revue3emillenaire.com\/blog\/#\/schema\/person\/9a3a7cc4ccaa707f402d4394327106d5"},"headline":"Une observation non s\u00e9lective par Jean Klein","datePublished":"2014-10-18T23:07:50+00:00","mainEntityOfPage":{"@id":"https:\/\/www.revue3emillenaire.com\/blog\/une-observation-non-selective-par-jean-klein\/"},"wordCount":3690,"image":{"@id":"https:\/\/www.revue3emillenaire.com\/blog\/une-observation-non-selective-par-jean-klein\/#primaryimage"},"thumbnailUrl":"https:\/\/www.revue3emillenaire.com\/blog\/wp-content\/uploads\/2012\/12\/jklein4.jpg","keywords":["M\u00e9ditation","Non-dualit\u00e9","Observation"],"articleSection":["Entretien\/Interview","Klein Jean"],"inLanguage":"fr-FR"},{"@type":"WebPage","@id":"https:\/\/www.revue3emillenaire.com\/blog\/une-observation-non-selective-par-jean-klein\/","url":"https:\/\/www.revue3emillenaire.com\/blog\/une-observation-non-selective-par-jean-klein\/","name":"Une observation non s\u00e9lective par Jean Klein - 3e mill\u00e9naire - Spiritualit\u00e9 - Connaissance de soi - Non-dualit\u00e9 - M\u00e9ditation","isPartOf":{"@id":"https:\/\/www.revue3emillenaire.com\/blog\/#website"},"primaryImageOfPage":{"@id":"https:\/\/www.revue3emillenaire.com\/blog\/une-observation-non-selective-par-jean-klein\/#primaryimage"},"image":{"@id":"https:\/\/www.revue3emillenaire.com\/blog\/une-observation-non-selective-par-jean-klein\/#primaryimage"},"thumbnailUrl":"https:\/\/www.revue3emillenaire.com\/blog\/wp-content\/uploads\/2012\/12\/jklein4.jpg","datePublished":"2014-10-18T23:07:50+00:00","author":{"@id":"https:\/\/www.revue3emillenaire.com\/blog\/#\/schema\/person\/9a3a7cc4ccaa707f402d4394327106d5"},"breadcrumb":{"@id":"https:\/\/www.revue3emillenaire.com\/blog\/une-observation-non-selective-par-jean-klein\/#breadcrumb"},"inLanguage":"fr-FR","potentialAction":[{"@type":"ReadAction","target":["https:\/\/www.revue3emillenaire.com\/blog\/une-observation-non-selective-par-jean-klein\/"]}]},{"@type":"ImageObject","inLanguage":"fr-FR","@id":"https:\/\/www.revue3emillenaire.com\/blog\/une-observation-non-selective-par-jean-klein\/#primaryimage","url":"https:\/\/www.revue3emillenaire.com\/blog\/wp-content\/uploads\/2012\/12\/jklein4.jpg","contentUrl":"https:\/\/www.revue3emillenaire.com\/blog\/wp-content\/uploads\/2012\/12\/jklein4.jpg","width":"334","height":"392"},{"@type":"BreadcrumbList","@id":"https:\/\/www.revue3emillenaire.com\/blog\/une-observation-non-selective-par-jean-klein\/#breadcrumb","itemListElement":[{"@type":"ListItem","position":1,"name":"Accueil","item":"https:\/\/www.revue3emillenaire.com\/blog\/"},{"@type":"ListItem","position":2,"name":"Une observation non s\u00e9lective par Jean Klein"}]},{"@type":"WebSite","@id":"https:\/\/www.revue3emillenaire.com\/blog\/#website","url":"https:\/\/www.revue3emillenaire.com\/blog\/","name":"3e mill\u00e9naire - Spiritualit\u00e9 - Connaissance de soi - Non-dualit\u00e9 - M\u00e9ditation","description":"L&#039;Homme en devenir","potentialAction":[{"@type":"SearchAction","target":{"@type":"EntryPoint","urlTemplate":"https:\/\/www.revue3emillenaire.com\/blog\/?s={search_term_string}"},"query-input":{"@type":"PropertyValueSpecification","valueRequired":true,"valueName":"search_term_string"}}],"inLanguage":"fr-FR"},{"@type":"Person","@id":"https:\/\/www.revue3emillenaire.com\/blog\/#\/schema\/person\/9a3a7cc4ccaa707f402d4394327106d5","name":"3e mill\u00e9naire","url":"https:\/\/www.revue3emillenaire.com\/blog\/author\/admin\/"}]}},"_links":{"self":[{"href":"https:\/\/www.revue3emillenaire.com\/blog\/wp-json\/wp\/v2\/posts\/16354","targetHints":{"allow":["GET"]}}],"collection":[{"href":"https:\/\/www.revue3emillenaire.com\/blog\/wp-json\/wp\/v2\/posts"}],"about":[{"href":"https:\/\/www.revue3emillenaire.com\/blog\/wp-json\/wp\/v2\/types\/post"}],"author":[{"embeddable":true,"href":"https:\/\/www.revue3emillenaire.com\/blog\/wp-json\/wp\/v2\/users\/1"}],"replies":[{"embeddable":true,"href":"https:\/\/www.revue3emillenaire.com\/blog\/wp-json\/wp\/v2\/comments?post=16354"}],"version-history":[{"count":0,"href":"https:\/\/www.revue3emillenaire.com\/blog\/wp-json\/wp\/v2\/posts\/16354\/revisions"}],"wp:featuredmedia":[{"embeddable":true,"href":"https:\/\/www.revue3emillenaire.com\/blog\/wp-json\/wp\/v2\/media\/12583"}],"wp:attachment":[{"href":"https:\/\/www.revue3emillenaire.com\/blog\/wp-json\/wp\/v2\/media?parent=16354"}],"wp:term":[{"taxonomy":"category","embeddable":true,"href":"https:\/\/www.revue3emillenaire.com\/blog\/wp-json\/wp\/v2\/categories?post=16354"},{"taxonomy":"post_tag","embeddable":true,"href":"https:\/\/www.revue3emillenaire.com\/blog\/wp-json\/wp\/v2\/tags?post=16354"}],"curies":[{"name":"wp","href":"https:\/\/api.w.org\/{rel}","templated":true}]}}