{"id":16358,"date":"2014-10-29T17:57:42","date_gmt":"2014-10-29T16:57:42","guid":{"rendered":"http:\/\/www.revue3emillenaire.com\/blog\/?p=16358"},"modified":"2014-10-29T17:57:42","modified_gmt":"2014-10-29T16:57:42","slug":"le-theatre-et-le-sacre-entretien-avec-wolfram-mehring","status":"publish","type":"post","link":"https:\/\/www.revue3emillenaire.com\/blog\/le-theatre-et-le-sacre-entretien-avec-wolfram-mehring\/","title":{"rendered":"Le th\u00e9\u00e2tre et le sacr\u00e9 entretien avec Wolfram Mehring"},"content":{"rendered":"<p align=\"justify\"><span style=\"color: #000000;\"><span style=\"font-size: medium;\"><span lang=\"fr-CA\">(Revue Question De. No 52. Avril-Mai-Juin 1983)<\/span><\/span><\/span><\/p>\n<p align=\"justify\"><b><span lang=\"fr-FR\">Pour une politique de l&rsquo;authenticit\u00e9<\/span><\/b><\/p>\n<p align=\"justify\"><span lang=\"fr-FR\"><i><a href=\"http:\/\/www.wolframmehring.de\/\" target=\"_blank\">Wolfram Mehring<\/a>, fondateur du th\u00e9\u00e2tre de la Mandragore, com\u00e9\u00addien et metteur en sc\u00e8ne inter\u00adnational, <\/i><\/span><span lang=\"fr-FR\"><i>a publi\u00e9 <\/i><\/span><span lang=\"fr-FR\"><i>aux \u00c9ditions Cesare Rancilio <\/i><\/span><span lang=\"fr-FR\"><i>un<\/i><\/span><span lang=\"fr-FR\"><i> remarquable ouvrage d&rsquo;aphoris\u00admes sur le th\u00e9\u00e2tre, le jeu, la vie, la mort : \u00ab Masques br\u00fbl\u00e9s \u00bb. Nous lui avons demand\u00e9 ses sentiments sur le sens du sacr\u00e9 dans le social et au th\u00e9\u00e2tre.<\/i><\/span><\/p>\n<p align=\"justify\"><i><b><span lang=\"fr-FR\">Est-ce que le th\u00e9\u00e2tre a une origine sacr\u00e9e ?<\/span><\/b><\/i><\/p>\n<p align=\"justify\"><span lang=\"fr-FR\">C&rsquo;est ce qu&rsquo;on a l&rsquo;habitude d&rsquo;affirmer. Je pense qu&rsquo;il y a des formes et expressions th\u00e9\u00e2trales qui ne sont pas n\u00e9es dans le sacr\u00e9. Du th\u00e9\u00e2tre politique ou de critique sociale jusqu&rsquo;au th\u00e9\u00e2tre de distraction, l&rsquo;\u00e9ventail en est large. J&rsquo;en ai eu la confir\u00admation en Asie et en Afrique, o\u00f9 nos d\u00e9tenteurs de la spiritualit\u00e9 ont cru trou\u00adver la preuve de l&rsquo;origine d&rsquo;un seul th\u00e9\u00e2tre sacr\u00e9. Partout j&rsquo;ai rencontr\u00e9 des troupes qu<\/span><span lang=\"fr-FR\">i<\/span><span lang=\"fr-FR\"> se promenaient de f\u00eate en f\u00eate pour amuser un public sur tous les niveaux possibles. <\/span><\/p>\n<p align=\"justify\"><i><b><span lang=\"fr-FR\">Ces formes de spectacles tr\u00e8s simples, qu&rsquo;on trouve dans les f\u00eates, dans les mariages, n&rsquo;\u00e9taient-elles pas, \u00e0 l&rsquo;origine, quelque chose de diff\u00e9rent ?<\/span><\/b><\/i><\/p>\n<p align=\"justify\"><span lang=\"fr-FR\">C&rsquo;est une hypoth\u00e8se. Le fait est que par\u00admi la population tr\u00e8s simple il y a des troupes qui pr\u00e9sentent toutes sortes d&rsquo;histoires plus ou moins artistiques, sans vouloir dire autre chose que ce qu&rsquo;ils pr\u00e9sentent au premier degr\u00e9. Leurs spectacles sont autrement vrais et vivants que ces repr\u00e9sentations tr\u00e8s \u00e9labor\u00e9es cod\u00e9es scl\u00e9ros\u00e9es et vid\u00e9es d&rsquo;es\u00adprit des grandes traditions princi\u00e8res, cultiv\u00e9es et religieuses.<\/span><\/p>\n<p align=\"justify\"><i><b><span lang=\"fr-FR\">Mais les codes, les signes qu&rsquo;on continue de voir, n&rsquo;avaient-ils pas une signification liturgique \u00e0 l&rsquo;origine qui a \u00e9t\u00e9 perdue ensuite ?<\/span><\/b><\/i><\/p>\n<p align=\"justify\"><span lang=\"fr-FR\">Mais \u00e9videmment ! Il me para\u00eet absurde de penser que l&rsquo;ennui qui se d\u00e9gage de ces formes th\u00e9\u00e2trales vides ait exist\u00e9 \u00e0 leur origine. Je ne nie pas l&rsquo;origine sacr\u00e9e d&rsquo;un certain th\u00e9\u00e2tre. Je m&rsquo;insurge contre l&rsquo;affirmation que tout th\u00e9\u00e2tre est sacr\u00e9 au d\u00e9part. Si l&rsquo;on dit que chaque geste, chaque son prononc\u00e9 \u00e9tait sacr\u00e9 \u00e0 l&rsquo;origine, que les mots et les mouvements de l&rsquo;homme d&rsquo;aujourd&rsquo;hui qui ne repr\u00e9sentent plus que ce qu&rsquo;ils disent, qui ne font que v\u00e9hiculer un contenu profane, \u00e9taient autre chose <\/span><span lang=\"fr-FR\">a<\/span><span lang=\"fr-FR\">u d\u00e9but, nous sommes d&rsquo;accord. Mais de l\u00e0 \u00e0 dire que le th\u00e9\u00e2tre est sacr\u00e9&#8230; \u00c0 ce moment-l\u00e0, tout est sacr\u00e9, comme toute manifestation de la vie est sacr\u00e9e en soi.<\/span><\/p>\n<p align=\"justify\"><span lang=\"fr-FR\">\u00c0 un certain moment de notre histoire les ph\u00e9nom\u00e8nes n&rsquo;avaient sans doute pas encore une identit\u00e9 autonome et fixe : chaque chose \u00e9tait le signe d&rsquo;autre chose, signe de l&rsquo;inexprimable, signe du sacr\u00e9. Encore aujourd&rsquo;hui c&rsquo;est ainsi dans nom\u00adbre de populations naturelles et simples, dites primitives. Le th\u00e9\u00e2tre y garde une relation avec le sacr\u00e9, avec l&rsquo;invisible, avec des forces magiques.<\/span><\/p>\n<p align=\"justify\"><span lang=\"fr-FR\">Mais dans ces m\u00eames pays de l&rsquo;Asie, de l&rsquo;Afrique, j&rsquo;ai \u00e9galement vu des troupes qui ne faisaient que pratiquer une cri\u00adtique sociale tr\u00e8s directe ou qui faisaient rire, qui amusaient&#8230; Souvent le sacr\u00e9 et le profane cohabitent aussi dans le m\u00eame spectacle. Si vous affirmez que tout th\u00e9\u00e2tre est sacr\u00e9 d\u00e8s l&rsquo;origine vous excluez le th\u00e9\u00e2tre politique et comique qui sont en relation avec la vie profane et qui la corrigent.<\/span><\/p>\n<p align=\"justify\"><i><b><span lang=\"fr-FR\">Vous pensez que quand on dit \u00ab sacr\u00e9 \u00bb on exclut le comique ? Dans le Th\u00e9\u00e2tre M\u00e9di\u00e9val le comique faisait partie int\u00e9\u00adgrante du spectacle rituel.<\/span><\/b><\/i><\/p>\n<p align=\"justify\"><span lang=\"fr-FR\">L<\/span><span lang=\"fr-FR\">e comique y jouait un r\u00f4le de contesta\u00adtion. Souvent il corrige et peut \u00eatre ainsi indirectement en relation avec le sacr\u00e9. Les exemples sont nombreux : au Carna\u00adval de l&rsquo;Allemagne \u2014 qui aujourd&rsquo;hui est devenu n&rsquo;importe quoi \u2014 les croyants imitaient au Moyen \u00c2ge le pr\u00eatre en le transformant en un \u00e2ne. Le rite religieux \u00e9tait c\u00e9l\u00e9br\u00e9 par cet \u00e2ne et la commu\u00adnaut\u00e9 chr\u00e9tienne y participait. Parce que le geste rituel \u00e9tait vid\u00e9 de son sens religieux on le rendait ridicule. On le profanait encore davantage et volontaire\u00adment. On d\u00e9truisait le rite pour le retrou\u00adver \u00e0 la racine, dans son essence. Mais il ne s&rsquo;agit que d&rsquo;une certaine forme de comique, ch\u00e8re aussi \u00e0 Aristophane. Il y en a d&rsquo;autres.<\/span><\/p>\n<p align=\"justify\"><i><b><span lang=\"fr-FR\">Mais parlons de la situation actuelle : Qu&rsquo;est-ce qui existe actuellement dans le th\u00e9\u00e2tre ?<\/span><\/b><\/i><\/p>\n<p align=\"justify\"><span lang=\"fr-FR\">Un esprit profane qui est l&rsquo;image exacte de la soci\u00e9t\u00e9 profane dans laquelle nous vivons. Le th\u00e9\u00e2tre sacr\u00e9 survit en force dans cer\u00adtaines cultures primitives. Sa manifesta\u00adtion me para\u00eet suspecte dans des cultures \u00e9volu\u00e9es mais atteintes par l&rsquo;esprit moderne et occidental, au moins en ce qui concerne son int\u00e9gration dans la soci\u00e9t\u00e9. L&rsquo;exotisme d&rsquo;un certain th\u00e9\u00e2tre asiatique par exemple fait croire au public de l&rsquo;Eu\u00adrope que ce th\u00e9\u00e2tre aux rites religieux anciens est encore vivant \u00e0 notre \u00e9poque. L&rsquo;art gestuel de la plupart des danses sacr\u00e9es par exemple ne rel\u00e8ve aujour\u00add&rsquo;hui que du formalisme, de l&rsquo;esth\u00e9tique et repr\u00e9sente une sorte de mus\u00e9e du mouvement. Les cultures s&rsquo;y accrochent ne voulant par perdre l&rsquo;illusion d&rsquo;une relation avec leurs propres sources authentiques, taries pourtant depuis longtemps. On conserve ces formes th\u00e9\u00e2trales comme ces temples qu&rsquo;on r\u00e9nove depuis des si\u00e8cles mais dont ne reste souvent plus le moindre bout de bois de l&rsquo;origine. Il en est de m\u00eame avec l&rsquo;esprit du sacr\u00e9. C&rsquo;est la lutte, la d\u00e9fense de l&rsquo;homme contre le temps qui use, d\u00e9truit et transforme. La peur de perdre est peut-\u00eatre encore plus grande dans l&rsquo;Asie mill\u00e9naire que dans la plus courte histoire de l&rsquo;Europe. De plus un th\u00e9\u00e2tre sacr\u00e9 ne saura exister, vivre et se d\u00e9ve\u00adlopper que dans la relation avec une communaut\u00e9, un public qui le re\u00e7oit comme tel ; or cette communaut\u00e9 est quasiment r\u00e9duite \u00e0 n\u00e9ant \u2014 au moins<\/span><span lang=\"fr-FR\"><br \/>\n<\/span><span lang=\"fr-FR\">en Europe et dans la plupart des pays asiatiques qui ont pris le chemin de la civilisation occidentale. Ce qui reste des rites plein et authen\u00adtique, d&rsquo;un th\u00e9\u00e2tre sacr\u00e9 de jadis est mis au rayon des curiosit\u00e9s historiques, dans lesquelles nombre de metteurs en sc\u00e8ne de nos pays vont chercher l\u2019inspiration pour habiller \u00e0 neuf les vieilles id\u00e9es d&rsquo;un th\u00e9\u00e2tre du culte.<\/span><\/p>\n<dl>\n<dd>\n<table style=\"height: 88px;\" width=\"342\" cellspacing=\"0\" cellpadding=\"4\">\n<colgroup>\n<col width=\"421\" \/> <\/colgroup>\n<tbody>\n<tr>\n<td style=\"border: 1px solid #000000; padding: 0.1cm;\" valign=\"top\" width=\"421\">\n<p style=\"text-align: center;\" align=\"justify\"><span lang=\"fr-FR\">La d\u00e9couverte de la r\u00e9alit\u00e9 n&rsquo;a d&rsquo;autre but qu&rsquo;elle-m\u00eame.<\/span><span lang=\"fr-FR\"><br \/>\n<\/span><span lang=\"fr-FR\">Elle nous sert dans la mesure o\u00f9 nous n&rsquo;avons pas<\/span><span lang=\"fr-FR\"><br \/>\n<\/span><span lang=\"fr-FR\">l&rsquo;intention de nous en servir.<\/span><\/p>\n<\/td>\n<\/tr>\n<\/tbody>\n<\/table>\n<\/dd>\n<\/dl>\n<p align=\"justify\"><span lang=\"fr-FR\">Faut-il encore savoir du culte de quoi. La notion du sacr\u00e9 a une signification toute diff\u00e9rente pour un chr\u00e9tien de l&rsquo;Eu\u00adrope, un animiste de d&rsquo;Afrique, un Bouddhiste de l&rsquo;Asie ou un Musulman du Proche-Orient. Pour un rationaliste mo\u00adderne cependant elle ne rev\u00eat qu&rsquo;un seul sens propre \u00e0 toute religion : celui d&rsquo;une dimension d\u00e9passant l&rsquo;actuelle pens\u00e9e pragmatique, celui d&rsquo;un univers de tabous, inaccessible \u00e0 la logique de la pens\u00e9e profane, celui d&rsquo;un univers qui a droit au respect et \u00e0 la v\u00e9n\u00e9ration de ceux qui y croient, car il re\u00e7oit sa valeur d&rsquo;un \u00ab au-del\u00e0 \u00bb de la pens\u00e9e de l&rsquo;homme. Les religions sont consid\u00e9r\u00e9es comme des v\u00e9hicules permettant d&rsquo;atteindre cet univers. Dans cet objectif, les ressources de nos propres cultes ayant \u00e9t\u00e9 \u00e9puis\u00e9es on a recours plut\u00f4t aux pratiques reli\u00adgieuses et spirituelles de cultures loin\u00adtaines, plus myst\u00e9rieuses que le connu de chez soi. Ainsi on voyage de culte en culte, donnant \u00e0 chaque Dieu aban\u00addonn\u00e9 la faute de l&rsquo;\u00e9chec au lieu de la trouver dans sa propre incapacit\u00e9 de se prendre en charge, de se transcender.<\/span><\/p>\n<p align=\"justify\"><i><b><span lang=\"fr-FR\">Au th\u00e9\u00e2tre nous trouvons ces voyageurs du mysticisme comme dans tous les autres domaines de l&rsquo;art et de la vie spi\u00adrituelle.<\/span><\/b><\/i><\/p>\n<p align=\"justify\"><span lang=\"fr-FR\">Si l&rsquo;on veut acc\u00e9der \u00e0 une vie sacr\u00e9e il nous faudra d&rsquo;abord assumer celle qui nous emprisonne actuellement et la rendre consciente. Sinon nous risquons toujours de parler du sacr\u00e9 tout en conti\u00adnuant \u00e0 appartenir, sans le savoir, au profane.<\/span><\/p>\n<p align=\"justify\"><span lang=\"fr-FR\">Tel qu&rsquo;il se pr\u00e9sente actuellement, le th\u00e9\u00e2tre me para\u00eet immobile, arr\u00eat\u00e9. Le foisonnement de formes diff\u00e9rentes, cette agitation culturelle o\u00f9 chaque chose nouvelle vieillit aussit\u00f4t pour laisser place \u00e0 la nouveaut\u00e9 du jour ne font que le confirmer. Le th\u00e9\u00e2tre est soumis aux modes au lieu de traduire des changements de fond. On change sans cesse les meubles de place mais continue \u00e0 habiter dans la m\u00eame chambre. Au lieu de faire \u00e9clater les murs qui nous emprisonnent nous nous enfermons chaque jour davantage dans la s\u00e9curit\u00e9 d&rsquo;une pens\u00e9e utilitariste et pro\u00adfane. Cette production th\u00e9\u00e2trale est en \u00e9troite relation avec la soci\u00e9t\u00e9 qui la finance ; elle la sert consciemment ou inconsciemment. Elle veut influer sur le public, le convaincre ou simplement l&rsquo;in\u00adformer. C&rsquo;est un th\u00e9\u00e2tre de la vulgarisa\u00adtion, qu&rsquo;elle soit politique, culturelle, esth\u00e9tique ou m\u00e9taphysique.<\/span><\/p>\n<p align=\"justify\"><i><b><span lang=\"fr-FR\">On pourrait dire aussi d&rsquo;une mani\u00e8re g\u00e9n\u00e9rale que ce th\u00e9\u00e2tre, qu&rsquo;il soit poli\u00adtique ou culturel, est un th\u00e9\u00e2tre de la foi ?<\/span><\/b><\/i><\/p>\n<p align=\"justify\"><span lang=\"fr-FR\">Je dirais plut\u00f4t : un th\u00e9\u00e2tre des convic\u00adtions acquises. C&rsquo;est en g\u00e9n\u00e9ral un th\u00e9\u00e2tre qui parle et explique beaucoup. Il utilise des moyens \u2014 langues, corps, images \u2014 pour transmettre un contenu dont l&rsquo;origine n&rsquo;est plus mise en ques\u00adtion. Sur une base aussi assur\u00e9e, stable, immuable, il est facile de consacrer toute la cr\u00e9ativit\u00e9 \u00e0 des formes convaincantes, adroites et cosm\u00e9tiques.<\/span><\/p>\n<p align=\"justify\"><span lang=\"fr-FR\">C&rsquo;est un th\u00e9\u00e2tre qui poss\u00e8de des moyens s\u00fbrs, des techniques professionnelles \u00e9la\u00adbor\u00e9es dans les Centres d&rsquo;apprentissage avertis ; mais les conservatoires, aussi r\u00e9novateurs qu&rsquo;ils se manifestent, sont les institutions financ\u00e9es par nos sys\u00adt\u00e8mes et doivent ales servir en tant que conservateurs de fond.<\/span><\/p>\n<p align=\"justify\"><span lang=\"fr-FR\">L&rsquo;immobilit\u00e9 du th\u00e9\u00e2tre politique qu&rsquo;il soit contestateur ou non, d&rsquo;un th\u00e9\u00e2tre id\u00e9olo\u00adgique et culturel, me para\u00eet \u00e9vidente : on ne saura convaincre que si l&rsquo;on a acquis une opinion fixe : lorsque l&rsquo;on est en transformation, lorsque <\/span><span lang=\"fr-FR\">l<\/span><span lang=\"fr-FR\">&lsquo;on change soi-m\u00eame on n&rsquo;est pas convaincant.<\/span><\/p>\n<p align=\"justify\"><span lang=\"fr-FR\">Moins \u00e9vidente est \u00e0 premi\u00e8re vue l&rsquo;im\u00admobilit\u00e9 de ce th\u00e9\u00e2tre du subconscient ou m\u00e9taphysique qui a envahi les sc\u00e8nes, promettant aux acteurs et spectateurs de les lib\u00e9rer du d\u00e9terminisme, de les faire sortir de la prison d&rsquo;une conscience arr\u00eat\u00e9e, mat\u00e9rialiste, de les remettre en fin de compte en relation avec eux-m\u00eames \u2014 et avec le sacr\u00e9.<\/span><\/p>\n<p align=\"justify\"><span lang=\"fr-FR\">C&rsquo;est effectivement \u2014 comme vous dites \u2014 un th\u00e9\u00e2tre de la foi. Les pratiques spi\u00adrituelles de toutes sortes \u2014 du Yoga aux arts martiaux \u2014 y foisonnent autant que les formes emprunt\u00e9es aux th\u00e9\u00e2tres rituels les plus herm\u00e9tiques et lointains. Nous vivons l&rsquo;\u00e9poque de l&rsquo;\u00e9clectisme. L\u2019ethnologie, l&rsquo;anthropologie sont \u00e0 l&rsquo;ordre du jour et chacun s&rsquo;en accapare des bribes. Ext\u00e9rieurement tout est \u00e0 la por\u00adt\u00e9e de chacun \u2014 mais le message reste vain ; il n&rsquo;est pas v\u00e9cu.<\/span><\/p>\n<p align=\"justify\"><span lang=\"fr-FR\">Tout ce bric \u00e0 brac spirituel, sacr\u00e9, mys\u00adtique, mythologique, \u00e9sot\u00e9rique pr\u00e9sente \u00e0 mes oreilles des r\u00e9sonances peu authentiques. Signes et symboles sont appris en nombre impressionnant dans les livres au lieu d&rsquo;\u00eatre d\u00e9couvert par chacun, en lui-m\u00eame. C&rsquo;est encore un th\u00e9\u00e2tre de la vulgarisation, parfois scien\u00adtifique, souvent fumeux, mais aussi immobile que l&rsquo;autre, parce que pas v\u00e9cu. On se sert du sacr\u00e9 pour donner un message au lieu de s&rsquo;y identifier. Dans le meilleur des cas c&rsquo;est un hom\u00admage de notre temps profane \u00e0 l&rsquo;art sacr\u00e9, \u00e0 ses expressions, aux symboles qu&rsquo;il a produit \u00e0 une \u00e9poque perdue ; mais en g\u00e9n\u00e9ral on croit poss\u00e9der l&rsquo;esprit en collectionnant les formes dans lesquelles il s&rsquo;est manifest\u00e9.<\/span><\/p>\n<p align=\"justify\"><i><b><span lang=\"fr-FR\">Est-ce que vous niez au th\u00e9\u00e2tre un r\u00f4le d&rsquo;\u00e9ducation, d&rsquo;enseignement ?<\/span><\/b><\/i><\/p>\n<p align=\"justify\"><span lang=\"fr-FR\">Pas du tout ! Mais dans ce cas qu&rsquo;il ne pr\u00e9tende pas avoir une fonction autre que celle-l\u00e0. Je lui conteste de s&rsquo;appeler th\u00e9\u00e2tre sacr\u00e9 parce qu&rsquo;il s&rsquo;exprime dans un langage ext\u00e9rieur appris chez Levi-Strauss, Eliade, C.G. Jung.<\/span><\/p>\n<p align=\"justify\"><span lang=\"fr-FR\">Le th\u00e9\u00e2tre r\u00e9solument politique, de quelque tendance qu&rsquo;il soit me para\u00eet plus honn\u00eate. Il ne veut pas para\u00eetre autrement qu&rsquo;il est : il ne ment pas.<\/span><\/p>\n<p align=\"justify\"><span lang=\"fr-FR\">Pour r\u00e9sumer : les formes th\u00e9\u00e2trales ne font que refl\u00e9ter ce qui se passe dans la structure profane de notre \u00e9poque. C&rsquo;est le miroir de la vie actuelle. C&rsquo;est un th\u00e9\u00e2tre qui aide peut-\u00eatre \u00e0 prendre conscience de ce qui est, sur tous les plans \u2014 sil peut proposer des solutions aux probl\u00e8mes \u00e0 l&rsquo;int\u00e9rieur de notre struc\u00adture et r\u00e9pondre \u00e0 des questions qui la concerne : il ne peut pas indiquer, communiquer un chemin qui d\u00e9passe cette structure tant que les hommes, consciem\u00adment ou inconsciemment esclave du profane (combien de pr\u00eatres qui ne font que parler du sacr\u00e9 appartiennent dans leur vie au profane !), tant que l&rsquo;homme de th\u00e9\u00e2tre ne se cherche pas lui-m\u00eame au lieu d&rsquo;appartenir aux syst\u00e8mes qui le subventionnent aujourd&rsquo;hui.<\/span><\/p>\n<dl>\n<dd>\n<table style=\"height: 88px;\" width=\"389\" cellspacing=\"0\" cellpadding=\"4\">\n<colgroup>\n<col width=\"457\" \/> <\/colgroup>\n<tbody>\n<tr>\n<td style=\"border: 1px solid #000000; padding: 0.1cm;\" valign=\"top\" width=\"457\">\n<p style=\"text-align: center;\" align=\"justify\"><span lang=\"fr-FR\">Le son commence au lointain, bien avant que nous le percevions<\/span><span lang=\"fr-FR\"><br \/>\n<\/span><span lang=\"fr-FR\">et le geste nous arrive de l&rsquo;infini, nous rattrape, passe \u00e0 travers<\/span><span lang=\"fr-FR\"><br \/>\n<\/span><span lang=\"fr-FR\">les fibres de notre \u00eatre, dispara\u00eet au loin, rejoignant le pass\u00e9.<\/span><\/p>\n<\/td>\n<\/tr>\n<\/tbody>\n<\/table>\n<\/dd>\n<\/dl>\n<p align=\"justify\"><i><b><span lang=\"fr-FR\">Qu&rsquo;est-ce qui pousse quelqu&rsquo;un qui ne veut rien enseigner ni d\u00e9montrer, mais qui veut chercher et se chercher, \u00e0 faire du th\u00e9\u00e2tre ?<\/span><\/b><\/i><\/p>\n<p align=\"justify\"><span lang=\"fr-FR\">Le th\u00e9\u00e2tre est souvent associ\u00e9 \u00e0 l&rsquo;esprit du sacr\u00e9. A juste titre : l&rsquo;\u00e9v\u00e9nement th\u00e9\u00e2tral est une c\u00e9r\u00e9monie, sort de l&rsquo;ha\u00adbituel. Son aspect collectif, le r\u00f4le m\u00e9\u00addiateur de l&rsquo;acteur par rapport \u00e0 une communaut\u00e9, son esprit incantatoire et exceptionnel le pr\u00e9destine \u00e0 remettre l&rsquo;homme en relation avec des puissances divines, avec le subconscient, avec un monde magique ou sacr\u00e9. Dans les soci\u00e9\u00adt\u00e9s naturelles et non utilitaristes la f\u00eate th\u00e9\u00e2trale \u00e9tait une c\u00e9l\u00e9bration. Dans des espaces sacr\u00e9s on entrait sans difficult\u00e9s en contact avec des univers qui \u00e9taient interdits tous les jours mais qui \u00e9taient virtuellement pr\u00e9sents. Il suffisait de se r\u00e9unir et de se concentrer dans un espace ou autour d&rsquo;un lieu sacr\u00e9 (lieu naturel ou temple, \u00e9glise, Centres de toutes sortes), pour casser la barri\u00e8re entre le conscient et l&rsquo;inconscient, le visible et l&rsquo;invisible, le profane et le sacr\u00e9, pour cr\u00e9er la f\u00eate.<\/span><\/p>\n<p align=\"justify\"><span lang=\"fr-FR\">Ces lieux, ces espaces n&rsquo;existent plus pour nous : le monde est d\u00e9sacralis\u00e9. Un arbre est un arbre, \u2014 du bois et rien de plus ; une source produit de l&rsquo;eau et rien de plus ; une \u00e9glise, un temple est une salle vide et rien de plus.<\/span><\/p>\n<dl>\n<dd>\n<table width=\"461\" cellspacing=\"0\" cellpadding=\"4\">\n<colgroup>\n<col width=\"451\" \/> <\/colgroup>\n<tbody>\n<tr>\n<td style=\"border: 1px solid #000000; padding: 0.1cm;\" valign=\"top\" width=\"451\">\n<p style=\"text-align: center;\" align=\"justify\"><span lang=\"fr-FR\">Nous sommes nous-m\u00eames l&rsquo;obstacle le plus important entre nous et le r\u00e9el.<\/span><\/p>\n<\/td>\n<\/tr>\n<\/tbody>\n<\/table>\n<\/dd>\n<\/dl>\n<p align=\"justify\"><span lang=\"fr-FR\">Ainsi pour l&rsquo;acteur d&rsquo;aujourd&rsquo;hui le th\u00e9\u00e2tre n&rsquo;est plus un lieu sacr\u00e9 mais un centre culturel ; la sc\u00e8ne n&rsquo;est plus \u00e0 priori l&rsquo;espace d&rsquo;une c\u00e9l\u00e9bration mais le lieu d&rsquo;une d\u00e9monstration et lui-m\u00eame est devenu l&rsquo;expression profane d&rsquo;un monde d\u00e9sacralis\u00e9.<\/span><\/p>\n<p align=\"justify\"><span lang=\"fr-FR\">Il lui reste une chance s&rsquo;il d\u00e9sire \u00e9chap\u00adper \u00e0 cet univers d\u00e9terministe : il peut faire de la sc\u00e8ne le lieu de sa propre provocation. Le monde autour de lui, l&rsquo;es\u00adpace, \u00e9tant d\u00e9sacralis\u00e9 il doit provoquer la vie en lui-m\u00eame \u2014 et cette vie est sacr\u00e9e. Et cette vie provoqu\u00e9e en lui transforme le lieu en espace sacr\u00e9.<\/span><\/p>\n<p align=\"justify\"><i><b><span lang=\"fr-FR\">I<\/span><span lang=\"fr-FR\">l s&rsquo;agit donc d&rsquo;une \u00e9vasion. ?<\/span><\/b><\/i><\/p>\n<p align=\"justify\"><span lang=\"fr-FR\">Si vous appelez \u00e9vasion l&rsquo;abandon de ce monde ext\u00e9rieur, mat\u00e9rialiste en faveur d&rsquo;un monde int\u00e9rieur, spirituel de mou\u00advement et de transformation constante, je le veux bien. Le fait est qu&rsquo;il est im\u00adpossible aujourd&rsquo;hui d&rsquo;avoir acc\u00e8s \u00e0 cet univers sacr\u00e9 si l&rsquo;on ne quitte pas l&rsquo;uni\u00advers syst\u00e9matis\u00e9 de nos soci\u00e9t\u00e9s avec leurs pens\u00e9es finalistes, si, au lieu de penser et d&rsquo;agir pour des buts et des r\u00e9\u00adsultats on n&rsquo;apprend pas \u00e0 vivre des sources de cette existence ; si, au lieu de chercher au th\u00e9\u00e2tre le <\/span><span lang=\"fr-FR\">li<\/span><span lang=\"fr-FR\">eu ou on ajoute encore des costumes aux d\u00e9guisements que la soci\u00e9t\u00e9 nous impose jour apr\u00e8s jour on ne r\u00e9ussit pas \u00e0 enlever tous ces v\u00eatements pour pouvoir se r\u00e9v\u00e9ler dans sa nudit\u00e9.<\/span><\/p>\n<p align=\"justify\"><span lang=\"fr-FR\">Pascal pensait encore qu&rsquo;il suffisait de se mettre \u00e0 genoux et de joindre ses mains pour apprendre \u00e0 prier, \u00e0 entrer en communication avec un au-del\u00e0, une divi\u00adnit\u00e9, le sacr\u00e9. C&rsquo;\u00e9tait sans doute encore possible \u00e0 l&rsquo;\u00e9poque de Pascal. Je ne pense pas que l&rsquo;on puisse par la simple r\u00e9p\u00e9tition des signes, des formes, retrouver aujourd&rsquo;hui l&rsquo;esprit qui les a produit. Ces signes, ces formes ne sont pas seulement vid\u00e9s par une habitude \u2014 comme souvent dans l&rsquo;ancien temps, mais elles sont mortes parce que l&rsquo;homme y a transform\u00e9 le sacr\u00e9 : l&rsquo;esprit mat\u00e9ria\u00adliste est incapable de se transcender. Le point de d\u00e9part est autre part : savoir quitter le profane.<\/span><\/p>\n<p align=\"justify\"><span lang=\"fr-FR\"><i><b>Il n&rsquo;y a donc pas de s\u00e9paration possible : soit on vit dans le profane, soit on vit dans le sacr\u00e9 : on ne peut pas partager.<\/b><\/i><\/span><\/p>\n<p align=\"justify\"><span lang=\"fr-FR\">Je veux dire que par une simple d\u00e9cision et en utilisant des signes et des sym\u00adboles nous ne saurons que \u00ab faire du sacr\u00e9 \u00bb tout en restant dans le profane. La capacit\u00e9 de se transcender et d&rsquo;attein\u00addre un univers au-del\u00e0 de cette vie mat\u00e9\u00adrialiste ne s&rsquo;acquiert que par la d\u00e9can\u00adtation de notre \u00eatre. C&rsquo;est la PR\u00c9SENCE de l&rsquo;acteur qui met en relation avec le sacr\u00e9. Or cette pr\u00e9sence ne compte plus : le monde profane dans lequel nous vivons appartient tout entier \u00e0 l&rsquo;activit\u00e9, \u00e0 &lsquo;l&rsquo;agitation.<\/span><\/p>\n<p align=\"justify\"><span lang=\"fr-FR\">Mais la capacit\u00e9 d&rsquo;\u00eatre avant de faire ne se trouve pas du jour au lendemain. Elle ne s&rsquo;apprend pas par c\u0153ur, pendant des r\u00e9p\u00e9titions ; <\/span><span lang=\"fr-FR\">elle <\/span><span lang=\"fr-FR\">s&rsquo;acquiert bien avant l&rsquo;\u00e9v\u00e9nement th\u00e9\u00e2tral dans le silence et dans la concentration. Elle concerne l&rsquo;homme tout entier et non pas la r\u00e9a\u00adlisation d&rsquo;une pi\u00e8ce, d&rsquo;un th\u00e8me particulier.<\/span><\/p>\n<p align=\"justify\"><span lang=\"fr-FR\">Et ce ne sont pas les faiseurs de th\u00e9\u00e2tre, les r\u00e9alisateurs et les metteurs en sc\u00e8ne qui sauront retransformer la sc\u00e8ne en un lieu sacr\u00e9, mais seulement l&rsquo;homme qui depuis toujours a \u00e9t\u00e9 le centre du th\u00e9\u00e2tre, le m\u00e9diateur de la vie : l&rsquo;acteur.<\/span><\/p>\n","protected":false},"excerpt":{"rendered":"<p>Si l&rsquo;on veut acc\u00e9der \u00e0 une vie sacr\u00e9e il nous faudra d&rsquo;abord assumer celle qui nous emprisonne actuellement et la rendre consciente. Sinon nous risquons toujours de parler du sacr\u00e9 tout en conti\u00adnuant \u00e0 appartenir, sans le savoir, au profane. Tel qu&rsquo;il se pr\u00e9sente actuellement, le th\u00e9\u00e2tre me para\u00eet immobile, arr\u00eat\u00e9. Le foisonnement de formes diff\u00e9rentes, cette agitation culturelle o\u00f9 chaque chose nouvelle vieillit aussit\u00f4t pour laisser place \u00e0 la nouveaut\u00e9 du jour ne font que le confirmer. Le th\u00e9\u00e2tre est soumis aux modes au lieu de traduire des changements de fond. On change sans cesse les meubles de place mais continue \u00e0 habiter dans la m\u00eame chambre. Au lieu de faire \u00e9clater les murs qui nous emprisonnent nous nous enfermons chaque jour davantage dans la s\u00e9curit\u00e9 d&rsquo;une pens\u00e9e utilitariste et pro\u00adfane. Cette production th\u00e9\u00e2trale est en \u00e9troite relation avec la soci\u00e9t\u00e9 qui la finance ; elle la sert consciemment ou inconsciemment. Elle veut influer sur le public, le convaincre ou simplement l&rsquo;in\u00adformer. C&rsquo;est un th\u00e9\u00e2tre de la vulgarisa\u00adtion, qu&rsquo;elle soit politique, culturelle, esth\u00e9tique ou m\u00e9taphysique.<\/p>\n","protected":false},"author":1,"featured_media":16359,"comment_status":"closed","ping_status":"closed","sticky":false,"template":"","format":"standard","meta":{"footnotes":""},"categories":[5],"tags":[268,362,1269],"class_list":["post-16358","post","type-post","status-publish","format-standard","has-post-thumbnail","hentry","category-interview","tag-art","tag-sacre","tag-theatre"],"yoast_head":"<!-- This site is optimized with the Yoast SEO plugin v27.0 - https:\/\/yoast.com\/product\/yoast-seo-wordpress\/ -->\n<title>Le th\u00e9\u00e2tre et le sacr\u00e9 entretien avec Wolfram Mehring - 3e mill\u00e9naire - Spiritualit\u00e9 - Connaissance de soi - Non-dualit\u00e9 - M\u00e9ditation<\/title>\n<meta name=\"robots\" content=\"index, follow, max-snippet:-1, max-image-preview:large, max-video-preview:-1\" \/>\n<link rel=\"canonical\" href=\"https:\/\/www.revue3emillenaire.com\/blog\/le-theatre-et-le-sacre-entretien-avec-wolfram-mehring\/\" \/>\n<meta property=\"og:locale\" content=\"fr_FR\" \/>\n<meta property=\"og:type\" content=\"article\" \/>\n<meta property=\"og:title\" content=\"Le th\u00e9\u00e2tre et le sacr\u00e9 entretien avec Wolfram Mehring - 3e mill\u00e9naire - Spiritualit\u00e9 - Connaissance de soi - Non-dualit\u00e9 - M\u00e9ditation\" \/>\n<meta property=\"og:description\" content=\"Si l&#039;on veut acc\u00e9der \u00e0 une vie sacr\u00e9e il nous faudra d&#039;abord assumer celle qui nous emprisonne actuellement et la rendre consciente. Sinon nous risquons toujours de parler du sacr\u00e9 tout en conti\u00adnuant \u00e0 appartenir, sans le savoir, au profane. Tel qu&#039;il se pr\u00e9sente actuellement, le th\u00e9\u00e2tre me para\u00eet immobile, arr\u00eat\u00e9. Le foisonnement de formes diff\u00e9rentes, cette agitation culturelle o\u00f9 chaque chose nouvelle vieillit aussit\u00f4t pour laisser place \u00e0 la nouveaut\u00e9 du jour ne font que le confirmer. Le th\u00e9\u00e2tre est soumis aux modes au lieu de traduire des changements de fond. On change sans cesse les meubles de place mais continue \u00e0 habiter dans la m\u00eame chambre. Au lieu de faire \u00e9clater les murs qui nous emprisonnent nous nous enfermons chaque jour davantage dans la s\u00e9curit\u00e9 d&#039;une pens\u00e9e utilitariste et pro\u00adfane. Cette production th\u00e9\u00e2trale est en \u00e9troite relation avec la soci\u00e9t\u00e9 qui la finance ; elle la sert consciemment ou inconsciemment. Elle veut influer sur le public, le convaincre ou simplement l&#039;in\u00adformer. C&#039;est un th\u00e9\u00e2tre de la vulgarisa\u00adtion, qu&#039;elle soit politique, culturelle, esth\u00e9tique ou m\u00e9taphysique.\" \/>\n<meta property=\"og:url\" content=\"https:\/\/www.revue3emillenaire.com\/blog\/le-theatre-et-le-sacre-entretien-avec-wolfram-mehring\/\" \/>\n<meta property=\"og:site_name\" content=\"3e mill\u00e9naire - Spiritualit\u00e9 - Connaissance de soi - Non-dualit\u00e9 - M\u00e9ditation\" \/>\n<meta property=\"article:published_time\" content=\"2014-10-29T16:57:42+00:00\" \/>\n<meta property=\"og:image\" content=\"https:\/\/www.revue3emillenaire.com\/blog\/wp-content\/uploads\/2014\/10\/Wolfram-Mehring.jpg\" \/>\n\t<meta property=\"og:image:width\" content=\"186\" \/>\n\t<meta property=\"og:image:height\" content=\"300\" \/>\n\t<meta property=\"og:image:type\" content=\"image\/jpeg\" \/>\n<meta name=\"author\" content=\"3e mill\u00e9naire\" \/>\n<meta name=\"twitter:card\" content=\"summary_large_image\" \/>\n<meta name=\"twitter:label1\" content=\"\u00c9crit par\" \/>\n\t<meta name=\"twitter:data1\" content=\"3e mill\u00e9naire\" \/>\n\t<meta name=\"twitter:label2\" content=\"Dur\u00e9e de lecture estim\u00e9e\" \/>\n\t<meta name=\"twitter:data2\" content=\"15 minutes\" \/>\n<script type=\"application\/ld+json\" class=\"yoast-schema-graph\">{\"@context\":\"https:\/\/schema.org\",\"@graph\":[{\"@type\":\"Article\",\"@id\":\"https:\/\/www.revue3emillenaire.com\/blog\/le-theatre-et-le-sacre-entretien-avec-wolfram-mehring\/#article\",\"isPartOf\":{\"@id\":\"https:\/\/www.revue3emillenaire.com\/blog\/le-theatre-et-le-sacre-entretien-avec-wolfram-mehring\/\"},\"author\":{\"name\":\"3e mill\u00e9naire\",\"@id\":\"https:\/\/www.revue3emillenaire.com\/blog\/#\/schema\/person\/9a3a7cc4ccaa707f402d4394327106d5\"},\"headline\":\"Le th\u00e9\u00e2tre et le sacr\u00e9 entretien avec Wolfram Mehring\",\"datePublished\":\"2014-10-29T16:57:42+00:00\",\"mainEntityOfPage\":{\"@id\":\"https:\/\/www.revue3emillenaire.com\/blog\/le-theatre-et-le-sacre-entretien-avec-wolfram-mehring\/\"},\"wordCount\":3056,\"image\":{\"@id\":\"https:\/\/www.revue3emillenaire.com\/blog\/le-theatre-et-le-sacre-entretien-avec-wolfram-mehring\/#primaryimage\"},\"thumbnailUrl\":\"https:\/\/www.revue3emillenaire.com\/blog\/wp-content\/uploads\/2014\/10\/Wolfram-Mehring.jpg\",\"keywords\":[\"art\",\"sacr\u00e9\",\"Th\u00e9\u00e2tre\"],\"articleSection\":[\"Entretien\/Interview\"],\"inLanguage\":\"fr-FR\"},{\"@type\":\"WebPage\",\"@id\":\"https:\/\/www.revue3emillenaire.com\/blog\/le-theatre-et-le-sacre-entretien-avec-wolfram-mehring\/\",\"url\":\"https:\/\/www.revue3emillenaire.com\/blog\/le-theatre-et-le-sacre-entretien-avec-wolfram-mehring\/\",\"name\":\"Le th\u00e9\u00e2tre et le sacr\u00e9 entretien avec Wolfram Mehring - 3e mill\u00e9naire - Spiritualit\u00e9 - Connaissance de soi - Non-dualit\u00e9 - M\u00e9ditation\",\"isPartOf\":{\"@id\":\"https:\/\/www.revue3emillenaire.com\/blog\/#website\"},\"primaryImageOfPage\":{\"@id\":\"https:\/\/www.revue3emillenaire.com\/blog\/le-theatre-et-le-sacre-entretien-avec-wolfram-mehring\/#primaryimage\"},\"image\":{\"@id\":\"https:\/\/www.revue3emillenaire.com\/blog\/le-theatre-et-le-sacre-entretien-avec-wolfram-mehring\/#primaryimage\"},\"thumbnailUrl\":\"https:\/\/www.revue3emillenaire.com\/blog\/wp-content\/uploads\/2014\/10\/Wolfram-Mehring.jpg\",\"datePublished\":\"2014-10-29T16:57:42+00:00\",\"author\":{\"@id\":\"https:\/\/www.revue3emillenaire.com\/blog\/#\/schema\/person\/9a3a7cc4ccaa707f402d4394327106d5\"},\"breadcrumb\":{\"@id\":\"https:\/\/www.revue3emillenaire.com\/blog\/le-theatre-et-le-sacre-entretien-avec-wolfram-mehring\/#breadcrumb\"},\"inLanguage\":\"fr-FR\",\"potentialAction\":[{\"@type\":\"ReadAction\",\"target\":[\"https:\/\/www.revue3emillenaire.com\/blog\/le-theatre-et-le-sacre-entretien-avec-wolfram-mehring\/\"]}]},{\"@type\":\"ImageObject\",\"inLanguage\":\"fr-FR\",\"@id\":\"https:\/\/www.revue3emillenaire.com\/blog\/le-theatre-et-le-sacre-entretien-avec-wolfram-mehring\/#primaryimage\",\"url\":\"https:\/\/www.revue3emillenaire.com\/blog\/wp-content\/uploads\/2014\/10\/Wolfram-Mehring.jpg\",\"contentUrl\":\"https:\/\/www.revue3emillenaire.com\/blog\/wp-content\/uploads\/2014\/10\/Wolfram-Mehring.jpg\",\"width\":186,\"height\":300},{\"@type\":\"BreadcrumbList\",\"@id\":\"https:\/\/www.revue3emillenaire.com\/blog\/le-theatre-et-le-sacre-entretien-avec-wolfram-mehring\/#breadcrumb\",\"itemListElement\":[{\"@type\":\"ListItem\",\"position\":1,\"name\":\"Accueil\",\"item\":\"https:\/\/www.revue3emillenaire.com\/blog\/\"},{\"@type\":\"ListItem\",\"position\":2,\"name\":\"Le th\u00e9\u00e2tre et le sacr\u00e9 entretien avec Wolfram Mehring\"}]},{\"@type\":\"WebSite\",\"@id\":\"https:\/\/www.revue3emillenaire.com\/blog\/#website\",\"url\":\"https:\/\/www.revue3emillenaire.com\/blog\/\",\"name\":\"3e mill\u00e9naire - Spiritualit\u00e9 - Connaissance de soi - Non-dualit\u00e9 - M\u00e9ditation\",\"description\":\"L&#039;Homme en devenir\",\"potentialAction\":[{\"@type\":\"SearchAction\",\"target\":{\"@type\":\"EntryPoint\",\"urlTemplate\":\"https:\/\/www.revue3emillenaire.com\/blog\/?s={search_term_string}\"},\"query-input\":{\"@type\":\"PropertyValueSpecification\",\"valueRequired\":true,\"valueName\":\"search_term_string\"}}],\"inLanguage\":\"fr-FR\"},{\"@type\":\"Person\",\"@id\":\"https:\/\/www.revue3emillenaire.com\/blog\/#\/schema\/person\/9a3a7cc4ccaa707f402d4394327106d5\",\"name\":\"3e mill\u00e9naire\",\"url\":\"https:\/\/www.revue3emillenaire.com\/blog\/author\/admin\/\"}]}<\/script>\n<!-- \/ Yoast SEO plugin. -->","yoast_head_json":{"title":"Le th\u00e9\u00e2tre et le sacr\u00e9 entretien avec Wolfram Mehring - 3e mill\u00e9naire - Spiritualit\u00e9 - Connaissance de soi - Non-dualit\u00e9 - M\u00e9ditation","robots":{"index":"index","follow":"follow","max-snippet":"max-snippet:-1","max-image-preview":"max-image-preview:large","max-video-preview":"max-video-preview:-1"},"canonical":"https:\/\/www.revue3emillenaire.com\/blog\/le-theatre-et-le-sacre-entretien-avec-wolfram-mehring\/","og_locale":"fr_FR","og_type":"article","og_title":"Le th\u00e9\u00e2tre et le sacr\u00e9 entretien avec Wolfram Mehring - 3e mill\u00e9naire - Spiritualit\u00e9 - Connaissance de soi - Non-dualit\u00e9 - M\u00e9ditation","og_description":"Si l'on veut acc\u00e9der \u00e0 une vie sacr\u00e9e il nous faudra d'abord assumer celle qui nous emprisonne actuellement et la rendre consciente. Sinon nous risquons toujours de parler du sacr\u00e9 tout en conti\u00adnuant \u00e0 appartenir, sans le savoir, au profane. Tel qu'il se pr\u00e9sente actuellement, le th\u00e9\u00e2tre me para\u00eet immobile, arr\u00eat\u00e9. Le foisonnement de formes diff\u00e9rentes, cette agitation culturelle o\u00f9 chaque chose nouvelle vieillit aussit\u00f4t pour laisser place \u00e0 la nouveaut\u00e9 du jour ne font que le confirmer. Le th\u00e9\u00e2tre est soumis aux modes au lieu de traduire des changements de fond. On change sans cesse les meubles de place mais continue \u00e0 habiter dans la m\u00eame chambre. Au lieu de faire \u00e9clater les murs qui nous emprisonnent nous nous enfermons chaque jour davantage dans la s\u00e9curit\u00e9 d'une pens\u00e9e utilitariste et pro\u00adfane. Cette production th\u00e9\u00e2trale est en \u00e9troite relation avec la soci\u00e9t\u00e9 qui la finance ; elle la sert consciemment ou inconsciemment. Elle veut influer sur le public, le convaincre ou simplement l'in\u00adformer. C'est un th\u00e9\u00e2tre de la vulgarisa\u00adtion, qu'elle soit politique, culturelle, esth\u00e9tique ou m\u00e9taphysique.","og_url":"https:\/\/www.revue3emillenaire.com\/blog\/le-theatre-et-le-sacre-entretien-avec-wolfram-mehring\/","og_site_name":"3e mill\u00e9naire - Spiritualit\u00e9 - Connaissance de soi - Non-dualit\u00e9 - M\u00e9ditation","article_published_time":"2014-10-29T16:57:42+00:00","og_image":[{"width":186,"height":300,"url":"https:\/\/www.revue3emillenaire.com\/blog\/wp-content\/uploads\/2014\/10\/Wolfram-Mehring.jpg","type":"image\/jpeg"}],"author":"3e mill\u00e9naire","twitter_card":"summary_large_image","twitter_misc":{"\u00c9crit par":"3e mill\u00e9naire","Dur\u00e9e de lecture estim\u00e9e":"15 minutes"},"schema":{"@context":"https:\/\/schema.org","@graph":[{"@type":"Article","@id":"https:\/\/www.revue3emillenaire.com\/blog\/le-theatre-et-le-sacre-entretien-avec-wolfram-mehring\/#article","isPartOf":{"@id":"https:\/\/www.revue3emillenaire.com\/blog\/le-theatre-et-le-sacre-entretien-avec-wolfram-mehring\/"},"author":{"name":"3e mill\u00e9naire","@id":"https:\/\/www.revue3emillenaire.com\/blog\/#\/schema\/person\/9a3a7cc4ccaa707f402d4394327106d5"},"headline":"Le th\u00e9\u00e2tre et le sacr\u00e9 entretien avec Wolfram Mehring","datePublished":"2014-10-29T16:57:42+00:00","mainEntityOfPage":{"@id":"https:\/\/www.revue3emillenaire.com\/blog\/le-theatre-et-le-sacre-entretien-avec-wolfram-mehring\/"},"wordCount":3056,"image":{"@id":"https:\/\/www.revue3emillenaire.com\/blog\/le-theatre-et-le-sacre-entretien-avec-wolfram-mehring\/#primaryimage"},"thumbnailUrl":"https:\/\/www.revue3emillenaire.com\/blog\/wp-content\/uploads\/2014\/10\/Wolfram-Mehring.jpg","keywords":["art","sacr\u00e9","Th\u00e9\u00e2tre"],"articleSection":["Entretien\/Interview"],"inLanguage":"fr-FR"},{"@type":"WebPage","@id":"https:\/\/www.revue3emillenaire.com\/blog\/le-theatre-et-le-sacre-entretien-avec-wolfram-mehring\/","url":"https:\/\/www.revue3emillenaire.com\/blog\/le-theatre-et-le-sacre-entretien-avec-wolfram-mehring\/","name":"Le th\u00e9\u00e2tre et le sacr\u00e9 entretien avec Wolfram Mehring - 3e mill\u00e9naire - Spiritualit\u00e9 - Connaissance de soi - Non-dualit\u00e9 - M\u00e9ditation","isPartOf":{"@id":"https:\/\/www.revue3emillenaire.com\/blog\/#website"},"primaryImageOfPage":{"@id":"https:\/\/www.revue3emillenaire.com\/blog\/le-theatre-et-le-sacre-entretien-avec-wolfram-mehring\/#primaryimage"},"image":{"@id":"https:\/\/www.revue3emillenaire.com\/blog\/le-theatre-et-le-sacre-entretien-avec-wolfram-mehring\/#primaryimage"},"thumbnailUrl":"https:\/\/www.revue3emillenaire.com\/blog\/wp-content\/uploads\/2014\/10\/Wolfram-Mehring.jpg","datePublished":"2014-10-29T16:57:42+00:00","author":{"@id":"https:\/\/www.revue3emillenaire.com\/blog\/#\/schema\/person\/9a3a7cc4ccaa707f402d4394327106d5"},"breadcrumb":{"@id":"https:\/\/www.revue3emillenaire.com\/blog\/le-theatre-et-le-sacre-entretien-avec-wolfram-mehring\/#breadcrumb"},"inLanguage":"fr-FR","potentialAction":[{"@type":"ReadAction","target":["https:\/\/www.revue3emillenaire.com\/blog\/le-theatre-et-le-sacre-entretien-avec-wolfram-mehring\/"]}]},{"@type":"ImageObject","inLanguage":"fr-FR","@id":"https:\/\/www.revue3emillenaire.com\/blog\/le-theatre-et-le-sacre-entretien-avec-wolfram-mehring\/#primaryimage","url":"https:\/\/www.revue3emillenaire.com\/blog\/wp-content\/uploads\/2014\/10\/Wolfram-Mehring.jpg","contentUrl":"https:\/\/www.revue3emillenaire.com\/blog\/wp-content\/uploads\/2014\/10\/Wolfram-Mehring.jpg","width":186,"height":300},{"@type":"BreadcrumbList","@id":"https:\/\/www.revue3emillenaire.com\/blog\/le-theatre-et-le-sacre-entretien-avec-wolfram-mehring\/#breadcrumb","itemListElement":[{"@type":"ListItem","position":1,"name":"Accueil","item":"https:\/\/www.revue3emillenaire.com\/blog\/"},{"@type":"ListItem","position":2,"name":"Le th\u00e9\u00e2tre et le sacr\u00e9 entretien avec Wolfram Mehring"}]},{"@type":"WebSite","@id":"https:\/\/www.revue3emillenaire.com\/blog\/#website","url":"https:\/\/www.revue3emillenaire.com\/blog\/","name":"3e mill\u00e9naire - Spiritualit\u00e9 - Connaissance de soi - Non-dualit\u00e9 - M\u00e9ditation","description":"L&#039;Homme en devenir","potentialAction":[{"@type":"SearchAction","target":{"@type":"EntryPoint","urlTemplate":"https:\/\/www.revue3emillenaire.com\/blog\/?s={search_term_string}"},"query-input":{"@type":"PropertyValueSpecification","valueRequired":true,"valueName":"search_term_string"}}],"inLanguage":"fr-FR"},{"@type":"Person","@id":"https:\/\/www.revue3emillenaire.com\/blog\/#\/schema\/person\/9a3a7cc4ccaa707f402d4394327106d5","name":"3e mill\u00e9naire","url":"https:\/\/www.revue3emillenaire.com\/blog\/author\/admin\/"}]}},"_links":{"self":[{"href":"https:\/\/www.revue3emillenaire.com\/blog\/wp-json\/wp\/v2\/posts\/16358","targetHints":{"allow":["GET"]}}],"collection":[{"href":"https:\/\/www.revue3emillenaire.com\/blog\/wp-json\/wp\/v2\/posts"}],"about":[{"href":"https:\/\/www.revue3emillenaire.com\/blog\/wp-json\/wp\/v2\/types\/post"}],"author":[{"embeddable":true,"href":"https:\/\/www.revue3emillenaire.com\/blog\/wp-json\/wp\/v2\/users\/1"}],"replies":[{"embeddable":true,"href":"https:\/\/www.revue3emillenaire.com\/blog\/wp-json\/wp\/v2\/comments?post=16358"}],"version-history":[{"count":0,"href":"https:\/\/www.revue3emillenaire.com\/blog\/wp-json\/wp\/v2\/posts\/16358\/revisions"}],"wp:featuredmedia":[{"embeddable":true,"href":"https:\/\/www.revue3emillenaire.com\/blog\/wp-json\/wp\/v2\/media\/16359"}],"wp:attachment":[{"href":"https:\/\/www.revue3emillenaire.com\/blog\/wp-json\/wp\/v2\/media?parent=16358"}],"wp:term":[{"taxonomy":"category","embeddable":true,"href":"https:\/\/www.revue3emillenaire.com\/blog\/wp-json\/wp\/v2\/categories?post=16358"},{"taxonomy":"post_tag","embeddable":true,"href":"https:\/\/www.revue3emillenaire.com\/blog\/wp-json\/wp\/v2\/tags?post=16358"}],"curies":[{"name":"wp","href":"https:\/\/api.w.org\/{rel}","templated":true}]}}