{"id":16360,"date":"2014-11-02T22:12:57","date_gmt":"2014-11-02T21:12:57","guid":{"rendered":"http:\/\/www.revue3emillenaire.com\/blog\/?p=16360"},"modified":"2014-11-02T22:12:57","modified_gmt":"2014-11-02T21:12:57","slug":"letat-feerique-par-vincent-bardet","status":"publish","type":"post","link":"https:\/\/www.revue3emillenaire.com\/blog\/letat-feerique-par-vincent-bardet\/","title":{"rendered":"L&rsquo;\u00e9tat f\u00e9erique par Vincent Bardet"},"content":{"rendered":"<p align=\"justify\"><span style=\"color: #000000;\"><span style=\"font-size: medium;\"><span lang=\"fr-CA\">(Revue Question De. No 52. Avril-Mai-Juin 1983)<\/span><\/span><\/span><\/p>\n<p align=\"right\"><span lang=\"fr-FR\"> \u00ab <\/span><span lang=\"fr-FR\"><i>J&rsquo;a<\/i><\/span><span lang=\"fr-FR\"><i>i<\/i><\/span><span lang=\"fr-FR\"><i> r\u00eav\u00e9 dans la Grotte o\u00f9 nage la Sir\u00e8ne&#8230;<br \/>\nEt j&rsquo;ai deux fois vainqueur travers\u00e9 l&rsquo;Ach\u00e9ron :<br \/>\nModulant tour \u00e0 tour sur la lyre d&rsquo;Orph\u00e9e<br \/>\nLes soupirs de la Sainte et les cris de la F\u00e9e<\/i><\/span><span lang=\"fr-FR\"> \u00bb.<\/span><\/p>\n<p align=\"right\"><span lang=\"fr-FR\">G\u00c9RARD DE NERVAL<\/span><\/p>\n<p align=\"justify\"><span lang=\"fr-FR\">La relation que chaque \u00eatre humain entretient avec le merveilleux demeure une affaire hau\u00adtement personnelle. Il y va du retour \u00e0 l&rsquo;ori\u00adgine, toujours nouvelle \u00e9coute du chant de la source intime. Les astres, les vents et les nuages ont partie li\u00e9e avec cette entreprise. L&rsquo;enchantement nous fascine et nous fa\u00e7onne en nous donnant chance de r\u00e9aliser notre humanit\u00e9 au plein sens d&rsquo;animalit\u00e9 et de divinit\u00e9 que la danse implique.<\/span><\/p>\n<p align=\"justify\"><span lang=\"fr-FR\">En tant qu&rsquo;exp\u00e9rience des limites, connaissance par les gouffres, grandes \u00e9preuves de l&rsquo;esprit, travers\u00e9e du d\u00e9sert, nuit obscure, cette farandole dionysiaque mobilise les antiques vertus du guerrier aux prises avec l&rsquo;absolu.<\/span><\/p>\n<p align=\"justify\"><span lang=\"fr-FR\">\u00c9tat f\u00e9erique : r\u00e9instauration d&rsquo;une conscience p<\/span><span lang=\"fr-FR\">ri<\/span><span lang=\"fr-FR\">mitive d&rsquo;\u00eatre-au-monde, moyennant quelque technique ou art de la bascule, du saut dans le vide. Acc\u00e8s, d\u00e8s lors, \u00e0 ce versant de la r\u00e9alit\u00e9 qualifi\u00e9 de radicalement autre en ce qu&rsquo;il s&rsquo;av\u00e8re confondant pour la conscience et le langage ordinaires.<\/span><\/p>\n<p align=\"justify\"><span lang=\"fr-FR\">La F\u00e9e : source, miroir, \u00e9cho. Intime, puissance du mas\u00adculin. Omnipr\u00e9sence d&rsquo;un champ vibratoire selon lequel l\u2019\u0153il existe l&rsquo;\u00e9tat sauvage, propice \u00e0 l&rsquo;\u00e9merveillement. Pourvu que, sans craindre ce que dit la bouche d&rsquo;ombre, on sache voir l&rsquo;infini dans un grain de sable, traverser les apparences, voyager avec le vent.<\/span><\/p>\n<p align=\"justify\"><span lang=\"fr-FR\">Sylphide, ondine et fille du feu tout \u00e0 la fois, la muse du po\u00e8te, la folle du logis, l&rsquo;enfant chim\u00e9rique s&rsquo;entre\u00adtient avec l&rsquo;enchanteur en un jeu, une joute infiniment poursuivis dans l&rsquo;\u00e9ternit\u00e9 incarn\u00e9e du corps de diamant. Transmutation difficile \u00e0 d\u00e9peindre, sur un chemin pav\u00e9 d&rsquo;herbe fra\u00eeche et scand\u00e9 d&rsquo;inconcevables retraites.<\/span><\/p>\n<p align=\"justify\"><span lang=\"fr-FR\">Grand Jeu pratiqu\u00e9 sans filet ni public. Le voyage est \u00e0 ce prix, celui, impr\u00e9visible, de la rencontre. L&rsquo;inconnu, l&rsquo;impossible, sont les pi\u00e8ges du sacr\u00e9 qui nous hante. Les brumes du haut risque se l\u00e8vent sur le parc du palais de cristal aux mille p\u00e9rils.<\/span><\/p>\n<p align=\"justify\"><span lang=\"fr-FR\">La conscience f\u00e9erique est pouvoir, en cela r\u00e9side le danger, et m\u00eame les portes de l&rsquo;enfer ne sauraient pr\u00e9\u00advaloir contre les men\u00e9es grotesques de la magie noire. La claire lumi\u00e8re irradie la sph\u00e8re mystique du monde blanc. Arbre de vie ou \u00e9chelle de Jacob, une science des \u00e9tats de l&rsquo;\u00e2me \u0153uvre dans le corps de chaque initi\u00e9. Iris\u00e9 par le chatoiement des passions humaines, le ch\u00e2\u00adteau de transparence s&rsquo;entoure du cercle de flammes de l&rsquo;\u00e9ternel retour. Et pourtant, le drame se joue dans le supplice et dans l&rsquo;extase de civilisations irr\u00e9sistiblement vou\u00e9es \u00e0 l&rsquo;oubli de leurs racines, et \u00e0 l&#8217;empoisonnement de leurs sources.<\/span><\/p>\n<p align=\"justify\"><span lang=\"fr-FR\">A ce titre, notre temps est comme l&rsquo;envers d&rsquo;une aurore. Instant d\u00e9cisif que le Yi King qualifie d&rsquo;obscurcissement de la lumi\u00e8re. Heure du sorcier, entre chien et loup, moment de la vision d\u00e9terminante. A minuit brille la vraie lumi\u00e8re et l&rsquo;aube n&rsquo;est pas claire : le Graal s&rsquo;av\u00e8re diamant incandescent de la conscience humaine, et la Qu\u00eate est de toutes les f\u00eates \u2013 celle du langage en est une.<\/span><\/p>\n","protected":false},"excerpt":{"rendered":"<p>La relation que chaque \u00eatre humain entretient avec le merveilleux demeure une affaire hau\u00adtement personnelle. Il y va du retour \u00e0 l&rsquo;ori\u00adgine, toujours nouvelle \u00e9coute du chant de la source intime. Les astres, les vents et les nuages ont partie li\u00e9e avec cette entreprise. L&rsquo;enchantement nous fascine et nous fa\u00e7onne en nous donnant chance de r\u00e9aliser notre humanit\u00e9 au plein sens d&rsquo;animalit\u00e9 et de divinit\u00e9 que la danse implique.<\/p>\n","protected":false},"author":1,"featured_media":15307,"comment_status":"closed","ping_status":"closed","sticky":false,"template":"","format":"standard","meta":{"footnotes":""},"categories":[1207],"tags":[],"class_list":["post-16360","post","type-post","status-publish","format-standard","has-post-thumbnail","hentry","category-bardet-vincent"],"yoast_head":"<!-- This site is optimized with the Yoast SEO plugin v27.0 - https:\/\/yoast.com\/product\/yoast-seo-wordpress\/ -->\n<title>L&#039;\u00e9tat f\u00e9erique par Vincent Bardet - 3e mill\u00e9naire - Spiritualit\u00e9 - Connaissance de soi - Non-dualit\u00e9 - M\u00e9ditation<\/title>\n<meta name=\"robots\" content=\"index, follow, max-snippet:-1, max-image-preview:large, max-video-preview:-1\" \/>\n<link rel=\"canonical\" href=\"https:\/\/www.revue3emillenaire.com\/blog\/letat-feerique-par-vincent-bardet\/\" \/>\n<meta property=\"og:locale\" content=\"fr_FR\" \/>\n<meta property=\"og:type\" content=\"article\" \/>\n<meta property=\"og:title\" content=\"L&#039;\u00e9tat f\u00e9erique par Vincent Bardet - 3e mill\u00e9naire - Spiritualit\u00e9 - Connaissance de soi - Non-dualit\u00e9 - M\u00e9ditation\" \/>\n<meta property=\"og:description\" content=\"La relation que chaque \u00eatre humain entretient avec le merveilleux demeure une affaire hau\u00adtement personnelle. Il y va du retour \u00e0 l&#039;ori\u00adgine, toujours nouvelle \u00e9coute du chant de la source intime. Les astres, les vents et les nuages ont partie li\u00e9e avec cette entreprise. L&#039;enchantement nous fascine et nous fa\u00e7onne en nous donnant chance de r\u00e9aliser notre humanit\u00e9 au plein sens d&#039;animalit\u00e9 et de divinit\u00e9 que la danse implique.\" \/>\n<meta property=\"og:url\" content=\"https:\/\/www.revue3emillenaire.com\/blog\/letat-feerique-par-vincent-bardet\/\" \/>\n<meta property=\"og:site_name\" content=\"3e mill\u00e9naire - Spiritualit\u00e9 - Connaissance de soi - Non-dualit\u00e9 - M\u00e9ditation\" \/>\n<meta property=\"article:published_time\" content=\"2014-11-02T21:12:57+00:00\" \/>\n<meta property=\"og:image\" content=\"https:\/\/www.revue3emillenaire.com\/blog\/wp-content\/uploads\/2014\/02\/Vincent-Bardet-53x75.jpg\" \/>\n\t<meta property=\"og:image:width\" content=\"53\" \/>\n\t<meta property=\"og:image:height\" content=\"75\" \/>\n\t<meta property=\"og:image:type\" content=\"image\/jpeg\" \/>\n<meta name=\"author\" content=\"3e mill\u00e9naire\" \/>\n<meta name=\"twitter:card\" content=\"summary_large_image\" \/>\n<meta name=\"twitter:label1\" content=\"\u00c9crit par\" \/>\n\t<meta name=\"twitter:data1\" content=\"3e mill\u00e9naire\" \/>\n\t<meta name=\"twitter:label2\" content=\"Dur\u00e9e de lecture estim\u00e9e\" \/>\n\t<meta name=\"twitter:data2\" content=\"3 minutes\" \/>\n<script type=\"application\/ld+json\" class=\"yoast-schema-graph\">{\"@context\":\"https:\/\/schema.org\",\"@graph\":[{\"@type\":\"Article\",\"@id\":\"https:\/\/www.revue3emillenaire.com\/blog\/letat-feerique-par-vincent-bardet\/#article\",\"isPartOf\":{\"@id\":\"https:\/\/www.revue3emillenaire.com\/blog\/letat-feerique-par-vincent-bardet\/\"},\"author\":{\"name\":\"3e mill\u00e9naire\",\"@id\":\"https:\/\/www.revue3emillenaire.com\/blog\/#\/schema\/person\/9a3a7cc4ccaa707f402d4394327106d5\"},\"headline\":\"L&rsquo;\u00e9tat f\u00e9erique par Vincent Bardet\",\"datePublished\":\"2014-11-02T21:12:57+00:00\",\"mainEntityOfPage\":{\"@id\":\"https:\/\/www.revue3emillenaire.com\/blog\/letat-feerique-par-vincent-bardet\/\"},\"wordCount\":560,\"image\":{\"@id\":\"https:\/\/www.revue3emillenaire.com\/blog\/letat-feerique-par-vincent-bardet\/#primaryimage\"},\"thumbnailUrl\":\"https:\/\/www.revue3emillenaire.com\/blog\/wp-content\/uploads\/2014\/02\/Vincent-Bardet-53x75.jpg\",\"articleSection\":[\"Bardet Vincent\"],\"inLanguage\":\"fr-FR\"},{\"@type\":\"WebPage\",\"@id\":\"https:\/\/www.revue3emillenaire.com\/blog\/letat-feerique-par-vincent-bardet\/\",\"url\":\"https:\/\/www.revue3emillenaire.com\/blog\/letat-feerique-par-vincent-bardet\/\",\"name\":\"L'\u00e9tat f\u00e9erique par Vincent Bardet - 3e mill\u00e9naire - Spiritualit\u00e9 - Connaissance de soi - Non-dualit\u00e9 - M\u00e9ditation\",\"isPartOf\":{\"@id\":\"https:\/\/www.revue3emillenaire.com\/blog\/#website\"},\"primaryImageOfPage\":{\"@id\":\"https:\/\/www.revue3emillenaire.com\/blog\/letat-feerique-par-vincent-bardet\/#primaryimage\"},\"image\":{\"@id\":\"https:\/\/www.revue3emillenaire.com\/blog\/letat-feerique-par-vincent-bardet\/#primaryimage\"},\"thumbnailUrl\":\"https:\/\/www.revue3emillenaire.com\/blog\/wp-content\/uploads\/2014\/02\/Vincent-Bardet-53x75.jpg\",\"datePublished\":\"2014-11-02T21:12:57+00:00\",\"author\":{\"@id\":\"https:\/\/www.revue3emillenaire.com\/blog\/#\/schema\/person\/9a3a7cc4ccaa707f402d4394327106d5\"},\"breadcrumb\":{\"@id\":\"https:\/\/www.revue3emillenaire.com\/blog\/letat-feerique-par-vincent-bardet\/#breadcrumb\"},\"inLanguage\":\"fr-FR\",\"potentialAction\":[{\"@type\":\"ReadAction\",\"target\":[\"https:\/\/www.revue3emillenaire.com\/blog\/letat-feerique-par-vincent-bardet\/\"]}]},{\"@type\":\"ImageObject\",\"inLanguage\":\"fr-FR\",\"@id\":\"https:\/\/www.revue3emillenaire.com\/blog\/letat-feerique-par-vincent-bardet\/#primaryimage\",\"url\":\"https:\/\/www.revue3emillenaire.com\/blog\/wp-content\/uploads\/2014\/02\/Vincent-Bardet-53x75.jpg\",\"contentUrl\":\"https:\/\/www.revue3emillenaire.com\/blog\/wp-content\/uploads\/2014\/02\/Vincent-Bardet-53x75.jpg\",\"width\":\"53\",\"height\":\"75\"},{\"@type\":\"BreadcrumbList\",\"@id\":\"https:\/\/www.revue3emillenaire.com\/blog\/letat-feerique-par-vincent-bardet\/#breadcrumb\",\"itemListElement\":[{\"@type\":\"ListItem\",\"position\":1,\"name\":\"Accueil\",\"item\":\"https:\/\/www.revue3emillenaire.com\/blog\/\"},{\"@type\":\"ListItem\",\"position\":2,\"name\":\"L&rsquo;\u00e9tat f\u00e9erique par Vincent Bardet\"}]},{\"@type\":\"WebSite\",\"@id\":\"https:\/\/www.revue3emillenaire.com\/blog\/#website\",\"url\":\"https:\/\/www.revue3emillenaire.com\/blog\/\",\"name\":\"3e mill\u00e9naire - Spiritualit\u00e9 - Connaissance de soi - Non-dualit\u00e9 - M\u00e9ditation\",\"description\":\"L&#039;Homme en devenir\",\"potentialAction\":[{\"@type\":\"SearchAction\",\"target\":{\"@type\":\"EntryPoint\",\"urlTemplate\":\"https:\/\/www.revue3emillenaire.com\/blog\/?s={search_term_string}\"},\"query-input\":{\"@type\":\"PropertyValueSpecification\",\"valueRequired\":true,\"valueName\":\"search_term_string\"}}],\"inLanguage\":\"fr-FR\"},{\"@type\":\"Person\",\"@id\":\"https:\/\/www.revue3emillenaire.com\/blog\/#\/schema\/person\/9a3a7cc4ccaa707f402d4394327106d5\",\"name\":\"3e mill\u00e9naire\",\"url\":\"https:\/\/www.revue3emillenaire.com\/blog\/author\/admin\/\"}]}<\/script>\n<!-- \/ Yoast SEO plugin. -->","yoast_head_json":{"title":"L'\u00e9tat f\u00e9erique par Vincent Bardet - 3e mill\u00e9naire - Spiritualit\u00e9 - Connaissance de soi - Non-dualit\u00e9 - M\u00e9ditation","robots":{"index":"index","follow":"follow","max-snippet":"max-snippet:-1","max-image-preview":"max-image-preview:large","max-video-preview":"max-video-preview:-1"},"canonical":"https:\/\/www.revue3emillenaire.com\/blog\/letat-feerique-par-vincent-bardet\/","og_locale":"fr_FR","og_type":"article","og_title":"L'\u00e9tat f\u00e9erique par Vincent Bardet - 3e mill\u00e9naire - Spiritualit\u00e9 - Connaissance de soi - Non-dualit\u00e9 - M\u00e9ditation","og_description":"La relation que chaque \u00eatre humain entretient avec le merveilleux demeure une affaire hau\u00adtement personnelle. Il y va du retour \u00e0 l'ori\u00adgine, toujours nouvelle \u00e9coute du chant de la source intime. Les astres, les vents et les nuages ont partie li\u00e9e avec cette entreprise. L'enchantement nous fascine et nous fa\u00e7onne en nous donnant chance de r\u00e9aliser notre humanit\u00e9 au plein sens d'animalit\u00e9 et de divinit\u00e9 que la danse implique.","og_url":"https:\/\/www.revue3emillenaire.com\/blog\/letat-feerique-par-vincent-bardet\/","og_site_name":"3e mill\u00e9naire - Spiritualit\u00e9 - Connaissance de soi - Non-dualit\u00e9 - M\u00e9ditation","article_published_time":"2014-11-02T21:12:57+00:00","og_image":[{"width":53,"height":75,"url":"https:\/\/www.revue3emillenaire.com\/blog\/wp-content\/uploads\/2014\/02\/Vincent-Bardet-53x75.jpg","type":"image\/jpeg"}],"author":"3e mill\u00e9naire","twitter_card":"summary_large_image","twitter_misc":{"\u00c9crit par":"3e mill\u00e9naire","Dur\u00e9e de lecture estim\u00e9e":"3 minutes"},"schema":{"@context":"https:\/\/schema.org","@graph":[{"@type":"Article","@id":"https:\/\/www.revue3emillenaire.com\/blog\/letat-feerique-par-vincent-bardet\/#article","isPartOf":{"@id":"https:\/\/www.revue3emillenaire.com\/blog\/letat-feerique-par-vincent-bardet\/"},"author":{"name":"3e mill\u00e9naire","@id":"https:\/\/www.revue3emillenaire.com\/blog\/#\/schema\/person\/9a3a7cc4ccaa707f402d4394327106d5"},"headline":"L&rsquo;\u00e9tat f\u00e9erique par Vincent Bardet","datePublished":"2014-11-02T21:12:57+00:00","mainEntityOfPage":{"@id":"https:\/\/www.revue3emillenaire.com\/blog\/letat-feerique-par-vincent-bardet\/"},"wordCount":560,"image":{"@id":"https:\/\/www.revue3emillenaire.com\/blog\/letat-feerique-par-vincent-bardet\/#primaryimage"},"thumbnailUrl":"https:\/\/www.revue3emillenaire.com\/blog\/wp-content\/uploads\/2014\/02\/Vincent-Bardet-53x75.jpg","articleSection":["Bardet Vincent"],"inLanguage":"fr-FR"},{"@type":"WebPage","@id":"https:\/\/www.revue3emillenaire.com\/blog\/letat-feerique-par-vincent-bardet\/","url":"https:\/\/www.revue3emillenaire.com\/blog\/letat-feerique-par-vincent-bardet\/","name":"L'\u00e9tat f\u00e9erique par Vincent Bardet - 3e mill\u00e9naire - Spiritualit\u00e9 - Connaissance de soi - Non-dualit\u00e9 - M\u00e9ditation","isPartOf":{"@id":"https:\/\/www.revue3emillenaire.com\/blog\/#website"},"primaryImageOfPage":{"@id":"https:\/\/www.revue3emillenaire.com\/blog\/letat-feerique-par-vincent-bardet\/#primaryimage"},"image":{"@id":"https:\/\/www.revue3emillenaire.com\/blog\/letat-feerique-par-vincent-bardet\/#primaryimage"},"thumbnailUrl":"https:\/\/www.revue3emillenaire.com\/blog\/wp-content\/uploads\/2014\/02\/Vincent-Bardet-53x75.jpg","datePublished":"2014-11-02T21:12:57+00:00","author":{"@id":"https:\/\/www.revue3emillenaire.com\/blog\/#\/schema\/person\/9a3a7cc4ccaa707f402d4394327106d5"},"breadcrumb":{"@id":"https:\/\/www.revue3emillenaire.com\/blog\/letat-feerique-par-vincent-bardet\/#breadcrumb"},"inLanguage":"fr-FR","potentialAction":[{"@type":"ReadAction","target":["https:\/\/www.revue3emillenaire.com\/blog\/letat-feerique-par-vincent-bardet\/"]}]},{"@type":"ImageObject","inLanguage":"fr-FR","@id":"https:\/\/www.revue3emillenaire.com\/blog\/letat-feerique-par-vincent-bardet\/#primaryimage","url":"https:\/\/www.revue3emillenaire.com\/blog\/wp-content\/uploads\/2014\/02\/Vincent-Bardet-53x75.jpg","contentUrl":"https:\/\/www.revue3emillenaire.com\/blog\/wp-content\/uploads\/2014\/02\/Vincent-Bardet-53x75.jpg","width":"53","height":"75"},{"@type":"BreadcrumbList","@id":"https:\/\/www.revue3emillenaire.com\/blog\/letat-feerique-par-vincent-bardet\/#breadcrumb","itemListElement":[{"@type":"ListItem","position":1,"name":"Accueil","item":"https:\/\/www.revue3emillenaire.com\/blog\/"},{"@type":"ListItem","position":2,"name":"L&rsquo;\u00e9tat f\u00e9erique par Vincent Bardet"}]},{"@type":"WebSite","@id":"https:\/\/www.revue3emillenaire.com\/blog\/#website","url":"https:\/\/www.revue3emillenaire.com\/blog\/","name":"3e mill\u00e9naire - Spiritualit\u00e9 - Connaissance de soi - Non-dualit\u00e9 - M\u00e9ditation","description":"L&#039;Homme en devenir","potentialAction":[{"@type":"SearchAction","target":{"@type":"EntryPoint","urlTemplate":"https:\/\/www.revue3emillenaire.com\/blog\/?s={search_term_string}"},"query-input":{"@type":"PropertyValueSpecification","valueRequired":true,"valueName":"search_term_string"}}],"inLanguage":"fr-FR"},{"@type":"Person","@id":"https:\/\/www.revue3emillenaire.com\/blog\/#\/schema\/person\/9a3a7cc4ccaa707f402d4394327106d5","name":"3e mill\u00e9naire","url":"https:\/\/www.revue3emillenaire.com\/blog\/author\/admin\/"}]}},"_links":{"self":[{"href":"https:\/\/www.revue3emillenaire.com\/blog\/wp-json\/wp\/v2\/posts\/16360","targetHints":{"allow":["GET"]}}],"collection":[{"href":"https:\/\/www.revue3emillenaire.com\/blog\/wp-json\/wp\/v2\/posts"}],"about":[{"href":"https:\/\/www.revue3emillenaire.com\/blog\/wp-json\/wp\/v2\/types\/post"}],"author":[{"embeddable":true,"href":"https:\/\/www.revue3emillenaire.com\/blog\/wp-json\/wp\/v2\/users\/1"}],"replies":[{"embeddable":true,"href":"https:\/\/www.revue3emillenaire.com\/blog\/wp-json\/wp\/v2\/comments?post=16360"}],"version-history":[{"count":0,"href":"https:\/\/www.revue3emillenaire.com\/blog\/wp-json\/wp\/v2\/posts\/16360\/revisions"}],"wp:featuredmedia":[{"embeddable":true,"href":"https:\/\/www.revue3emillenaire.com\/blog\/wp-json\/wp\/v2\/media\/15307"}],"wp:attachment":[{"href":"https:\/\/www.revue3emillenaire.com\/blog\/wp-json\/wp\/v2\/media?parent=16360"}],"wp:term":[{"taxonomy":"category","embeddable":true,"href":"https:\/\/www.revue3emillenaire.com\/blog\/wp-json\/wp\/v2\/categories?post=16360"},{"taxonomy":"post_tag","embeddable":true,"href":"https:\/\/www.revue3emillenaire.com\/blog\/wp-json\/wp\/v2\/tags?post=16360"}],"curies":[{"name":"wp","href":"https:\/\/api.w.org\/{rel}","templated":true}]}}