{"id":16374,"date":"2014-11-21T19:31:24","date_gmt":"2014-11-21T18:31:24","guid":{"rendered":"http:\/\/www.revue3emillenaire.com\/blog\/?p=16374"},"modified":"2014-11-21T19:31:24","modified_gmt":"2014-11-21T18:31:24","slug":"les-societes-secretes-modernes-3-la-geometrie-symbolique-par-rene-alleau","status":"publish","type":"post","link":"https:\/\/www.revue3emillenaire.com\/blog\/les-societes-secretes-modernes-3-la-geometrie-symbolique-par-rene-alleau\/","title":{"rendered":"Les soci\u00e9t\u00e9s secr\u00e8tes modernes : 3 La g\u00e9om\u00e9trie symbolique par Ren\u00e9 Alleau"},"content":{"rendered":"<p class=\"western\" align=\"justify\"><span style=\"color: #000000;\"><span style=\"text-decoration: none;\"><span style=\"font-size: medium;\"><span style=\"letter-spacing: normal;\"><span lang=\"fr-FR\">(Extrait de <em>Les Soci\u00e9t\u00e9s Secr\u00e8tes<\/em>. Encyclop\u00e9die Plan\u00e8te. LDP 1969) <\/span><\/span><\/span><\/span><\/span><\/p>\n<p class=\"western\" align=\"justify\"><em><a href=\"http:\/\/www.revue3emillenaire.com\/blog\/les-societes-secretes-modernes-2-les-origines-de-la-franc-maconnerie-par-rene-alleau\/\">Chapitre pr\u00e9c\u00e9dent<\/a> <a href=\"http:\/\/www.revue3emillenaire.com\/blog\/?p=16376\">Chapitre suivant<\/a><\/em><\/p>\n<p class=\"western\" align=\"justify\"><span style=\"color: #000000;\"><span style=\"text-decoration: none;\"><span style=\"font-size: medium;\"><span style=\"letter-spacing: normal;\"><span lang=\"fr-FR\">Toute connaissance syst\u00e9matique consiste \u00e0 \u00e9tablir des rap\u00adports entre des objets ou des concepts \u00e0 l&rsquo;aide d&rsquo;un type d\u00e9ter\u00admin\u00e9 de relations. Un \u00eatre ou une chose peuvent \u00eatre consi\u00add\u00e9r\u00e9s comme appartenant \u00e0 l&rsquo;inconnu lorsque les types de relations utilis\u00e9s par notre intelligence \u2014 par exemple, la quantit\u00e9, la causalit\u00e9, la finalit\u00e9 \u2014 sont ind\u00e9termin\u00e9s ou ind\u00e9\u00adterminables en ce qui concerne cet \u00eatre ou cette chose. Dans la plupart des cas, la recherche scientifique de l&rsquo;explication des ph\u00e9nom\u00e8nes consiste en une ou plusieurs d\u00e9couvertes de relations entre des perceptions successives qui ne semblent d&rsquo;abord pr\u00e9senter aucun rapport entre elles.<\/span><\/span><\/span><\/span><\/span><\/p>\n<p class=\"western\" align=\"justify\"><span style=\"color: #000000;\"><span style=\"text-decoration: none;\"><span style=\"font-size: medium;\"><span style=\"letter-spacing: normal;\"><span lang=\"fr-FR\">Un b\u00e2ton plong\u00e9 dans l&rsquo;eau produit sur nos sens l&rsquo;impres\u00adsion d&rsquo;\u00eatre cass\u00e9. Dans ces conditions, il nous est impossible de relier entre elles deux images : celle du b\u00e2ton droit et celle du b\u00e2ton cass\u00e9.<\/span><\/span><\/span><\/span><\/span><\/p>\n<p class=\"western\" align=\"justify\"><span style=\"color: #000000;\"><span style=\"text-decoration: none;\"><span style=\"font-size: medium;\"><span style=\"letter-spacing: normal;\"><span lang=\"fr-FR\">Mais si nous connaissons les lois de la r\u00e9fraction nous comprenons qu&rsquo;il existe l\u00e0 un rapport certain et mesurable de fa\u00e7on pr\u00e9cise. Nous expliquons ainsi la divergence initiale de nos repr\u00e9sentations et nous passons sans heurts ni contra\u00addictions d&rsquo;un type ind\u00e9termin\u00e9 de relations \u00e0 un type d\u00e9ter\u00admin\u00e9 dans tous les cas analogues. Aussi peut-on penser que si, selon l&rsquo;expression de Pierre Curie, \u00ab l&rsquo;asym\u00e9trie cr\u00e9e le ph\u00e9nom\u00e8ne \u00bb l&rsquo;esprit humain \u00e9prouve, en revanche, le besoin de compenser l&rsquo;asym\u00e9trie ph\u00e9nom\u00e9nale et la discontinuit\u00e9 physique des donn\u00e9es du monde ext\u00e9rieur par une continuit\u00e9 logique d&rsquo;ordre intellectuel, par la coh\u00e9rence et par la sym\u00e9\u00adtrie des concepts et des relations qu&rsquo;il d\u00e9couvre entre les \u00e9v\u00e9nements et leurs lois.<\/span><\/span><\/span><\/span><\/span><\/p>\n<p class=\"western\" align=\"justify\"><span style=\"color: #000000;\"><span style=\"text-decoration: none;\"><span style=\"font-size: medium;\"><span style=\"letter-spacing: normal;\"><span lang=\"fr-FR\">L&rsquo;une des expressions significatives de ce besoin a \u00e9t\u00e9 la formation de la science g\u00e9om\u00e9trique et de l&rsquo;espace euclidien. Cet espace id\u00e9al rationnel a \u00e9t\u00e9 construit par l&rsquo;homme \u00e0 par\u00adtir de l&rsquo;intuition sensible et de la conformit\u00e9 que pr\u00e9sente cet espace avec les exigences de la technique, \u00e0 un certain degr\u00e9 de l&rsquo;\u00e9volution de celle-ci. Il importe de rappeler, d&rsquo;une part, qu&rsquo;\u00e0 notre \u00e9chelle l&rsquo;espace euclidien demeure le seul qui soit encore pratiquement utilisable par la plupart des arts, des m\u00e9tiers et des industries et que, d&rsquo;autre part, les difficult\u00e9s qui peuvent d\u00e9river de son application \u00e0 l&rsquo;astronomie, \u00e0 la m\u00e9canique et \u00e0 l&rsquo;optique, ou bien celles que soul\u00e8ve la th\u00e9orie de la relativit\u00e9 ne l&rsquo;atteignent point dans son essence <a class=\"sdfootnoteanc\" href=\"#sdfootnote1sym\" name=\"sdfootnote1anc\"><sup>1<\/sup><\/a>.<\/span><\/span><\/span><\/span><\/span><\/p>\n<p class=\"western\" align=\"justify\"><span style=\"color: #000000;\"><span style=\"text-decoration: none;\"><span style=\"font-size: medium;\"><span style=\"letter-spacing: normal;\"><span lang=\"fr-FR\"><b>D&rsquo;une g\u00e9om\u00e9trie \u00e0 l&rsquo;autre<\/b><\/span><\/span><\/span><\/span><\/span><\/p>\n<p class=\"western\" align=\"justify\"><span style=\"color: #000000;\"><span style=\"text-decoration: none;\"><span style=\"font-size: medium;\"><span style=\"letter-spacing: normal;\"><span lang=\"fr-FR\">La g\u00e9om\u00e9trie a \u00e9volu\u00e9 consid\u00e9rablement depuis Euclide <a class=\"sdfootnoteanc\" href=\"#sdfootnote2sym\" name=\"sdfootnote2anc\"><sup>2<\/sup><\/a>. Nous n&rsquo;\u00e9tudierons pas les cons\u00e9quences philosophiques des sp\u00e9culations g\u00e9om\u00e9triques modernes pour plusieurs raisons. D&rsquo;abord parce que rien n&rsquo;est moins certain que ces cons\u00e9\u00adquences philosophiques en raison du caract\u00e8re rigoureuse\u00adment abstrait et purement math\u00e9matique de ces syst\u00e8mes.<\/span><\/span><\/span><\/span><\/span><\/p>\n<p class=\"western\" align=\"justify\"><span style=\"color: #000000;\"><span style=\"text-decoration: none;\"><span style=\"font-size: medium;\"><span style=\"letter-spacing: normal;\"><span lang=\"fr-FR\">Ensuite, parce qu&rsquo;elles sont encore trop r\u00e9centes pour avoir exerc\u00e9 une influence historique de longue dur\u00e9e sur les civi\u00adlisations. Enfin parce qu&rsquo;il s&rsquo;agit seulement pour nous de rendre accessible une g\u00e9om\u00e9trie symbolique \u00e9l\u00e9mentaire, n\u00e9cessaire \u00e0 l&rsquo;intelligence de la langue des signes des soci\u00e9t\u00e9s secr\u00e8tes plut\u00f4t que de pr\u00e9tendre r\u00e9soudre des probl\u00e8mes qui comptent parmi les plus difficiles que puisse poser l&rsquo;esprit humain. Aussi bornerons-nous nos recherches \u00e0 la g\u00e9om\u00e9trie symbolique d\u00e9riv\u00e9e de l&rsquo;espace euclidien bien qu&rsquo;il ne soit pas th\u00e9oriquement absurde de se proposer d&rsquo;\u00e9tudier d&rsquo;autres g\u00e9om\u00e9tries symboliques non euclidiennes, ce qui toutefois, \u00e0 notre connaissance du moins, n&rsquo;a jamais encore \u00e9t\u00e9 entrepris.<\/span><\/span><\/span><\/span><\/span><\/p>\n<p class=\"western\" align=\"justify\"><span style=\"color: #000000;\"><span style=\"text-decoration: none;\"><span style=\"font-size: medium;\"><span style=\"letter-spacing: normal;\"><span lang=\"fr-FR\">Qu&rsquo;entendons-nous par l&rsquo;expression : \u00ab g\u00e9om\u00e9trie symbo\u00adlique \u00bb ? Nous avons nagu\u00e8re essay\u00e9 de distinguer aussi pr\u00e9\u00adcis\u00e9ment que possible les \u00ab synth\u00e8mes \u00bb et les symboles \u00e0 partir de la diff\u00e9rence qui s\u00e9pare des signes de liens mutuels, de nature sociale et profane, des signes d&rsquo;une ou de plusieurs liaisons, de nature religieuse et sacr\u00e9e, attest\u00e9e soit par des initiations, soit par les rites <a class=\"sdfootnoteanc\" href=\"#sdfootnote3sym\" name=\"sdfootnote3anc\"><sup>3<\/sup><\/a>.<\/span><\/span><\/span><\/span><\/span><\/p>\n<p class=\"western\" align=\"justify\"><span style=\"color: #000000;\"><span style=\"text-decoration: none;\"><span style=\"font-size: medium;\"><span style=\"letter-spacing: normal;\"><span lang=\"fr-FR\">Les \u00ab synth\u00e8mes \u00bb sugg\u00e8rent des rapports rationnels descrip\u00adtibles ; les symboles \u00e9voquent, dans leur essence, des rela\u00adtions spirituelles qui ne sont ni mesurables ni exprimables de fa\u00e7on totalement ad\u00e9quate. De plus, nous avons indiqu\u00e9 qu&rsquo;entre les synth\u00e8mes sociaux et les symboles sacr\u00e9s se situaient les embl\u00e8mes, bases du langage de l&rsquo;art. Ainsi peut-on concevoir qu&rsquo;une g\u00e9om\u00e9trie puisse \u00eatre synth\u00e9matique, embl\u00e9matique ou symbolique, selon sa structure propre et sa finalit\u00e9.<\/span><\/span><\/span><\/span><\/span><\/p>\n<p class=\"western\" align=\"justify\"><span style=\"color: #000000;\"><span style=\"text-decoration: none;\"><span style=\"font-size: medium;\"><span style=\"letter-spacing: normal;\"><span lang=\"fr-FR\">Par exemple, la g\u00e9om\u00e9trie peut \u00eatre consid\u00e9r\u00e9e comme une simple m\u00e9thode pratique de la mesure des terrains dans ses applications aux besoins initiaux d&rsquo;une soci\u00e9t\u00e9 agricole. Puis, par l&rsquo;effet d&rsquo;une complexit\u00e9 croissante des relations qu&rsquo;elle d\u00e9couvre, elle tend \u00e0 se constituer en tant que science lorsqu&rsquo;elle s&rsquo;applique \u00e0 des objets id\u00e9aux qui forment alors des cadres abstraits propres \u00e0 ordonner et \u00e0 interpr\u00e9ter de fa\u00e7on syst\u00e9matique les faits de la r\u00e9alit\u00e9 physique. \u00c0 ce stade, quels que soient ses d\u00e9veloppements ult\u00e9rieurs, la g\u00e9om\u00e9trie est enti\u00e8rement achev\u00e9e quant \u00e0 la nature du principe rationnel qui la constitue essentiellement.<\/span><\/span><\/span><\/span><\/span><\/p>\n<p class=\"western\" align=\"justify\"><span style=\"color: #000000;\"><span style=\"text-decoration: none;\"><span style=\"font-size: medium;\"><span style=\"letter-spacing: normal;\"><span lang=\"fr-FR\"><b>De la logique \u00e0 l&rsquo;art<\/b><\/span><\/span><\/span><\/span><\/span><\/p>\n<p class=\"western\" align=\"justify\"><span style=\"color: #000000;\"><span style=\"text-decoration: none;\"><span style=\"font-size: medium;\"><span style=\"letter-spacing: normal;\"><span lang=\"fr-FR\">Toutefois, comme l&rsquo;activit\u00e9 logique de l&rsquo;esprit humain ne peut \u00eatre s\u00e9par\u00e9e de ses ant\u00e9c\u00e9dents et de ses cons\u00e9quences psy\u00adchologiques, l&rsquo;art exprime, \u00e0 son tour, par des signes emprun\u00adt\u00e9s \u00e0 la science g\u00e9om\u00e9trique, des relations qui ne sont plus purement descriptives ni simplement rationnelles entre les \u00eatres id\u00e9aux qu&rsquo;il con\u00e7oit. Ainsi l&rsquo;activit\u00e9 et les besoins qu&rsquo;elle provoque ajoutent-ils une complexit\u00e9 croissante \u00e0 des rela\u00adtions n\u00e9es, d&rsquo;abord, des exigences propres \u00e0 l&rsquo;intellectualit\u00e9 humaine.<\/span><\/span><\/span><\/span><\/span><\/p>\n<p class=\"western\" align=\"justify\"><span style=\"color: #000000;\"><span style=\"text-decoration: none;\"><span style=\"font-size: medium;\"><span style=\"letter-spacing: normal;\"><span lang=\"fr-FR\">\u00c0 ce stade, la description de certains rapports de position sociale peut \u00eatre, par exemple, emprunt\u00e9e par l&rsquo;art au lan\u00adgage de la science g\u00e9n\u00e9rale de la position qu&rsquo;est la g\u00e9om\u00e9trie. Les embl\u00e8mes du blason semblent avoir pr\u00e9cis\u00e9ment pris naissance quand les connaissances g\u00e9om\u00e9triques antiques ont peu \u00e0 peu \u00e9t\u00e9 transmises par les Arabes aux artistes du Moyen \u00c2ge et appliqu\u00e9es par ceux-ci \u00e0 des relations sociales qu&rsquo;il s&rsquo;agissait de montrer de fa\u00e7on claire \u00e0 une soci\u00e9t\u00e9 compos\u00e9e en majeure partie d&rsquo;illettr\u00e9s. C&rsquo;est pourquoi l&rsquo;on est en droit de parler d&rsquo;une g\u00e9om\u00e9trie embl\u00e9matique consti\u00adtu\u00e9e, de toutes pi\u00e8ces, par les h\u00e9rauts d&rsquo;armes \u00e0 cette \u00e9poque, en tant que technique distincte et poss\u00e9dant ses lois propres. <\/span><\/span><\/span><\/span><\/span><span style=\"color: #000000;\"><span style=\"text-decoration: none;\"><span style=\"font-size: medium;\"><span style=\"letter-spacing: normal;\"><span lang=\"fr-FR\">\u00c0<\/span><\/span><\/span><\/span><\/span><span style=\"color: #000000;\"><span style=\"text-decoration: none;\"><span style=\"font-size: medium;\"><span style=\"letter-spacing: normal;\"><span lang=\"fr-FR\"> partir de ce transfert des signes de la g\u00e9om\u00e9trie \u00e0 des rela\u00adtions plus complexes de nature sociale, on peut constater qu&rsquo;existent aussi chez l&rsquo;homme des besoins qui ne rel\u00e8vent ni de l&rsquo;intellectualit\u00e9 ni de l&rsquo;affectivit\u00e9 et que ne sauraient satisfaire ni la science ni l&rsquo;art. Ce sont ces exigences d&rsquo;ordre spirituel qui s&rsquo;expriment \u00e0 travers les rites initiatiques des soci\u00e9t\u00e9s secr\u00e8tes traditionnelles. Ceux-ci, dans la mesure o\u00f9 ils situent l&rsquo;homme par rapport au non-humain selon la perspective d&rsquo;une tradition sacr\u00e9e, impliquent n\u00e9cessairement l&rsquo;existence d&rsquo;un savoir de la position de notre esprit dans l&rsquo;esprit et une connaissance des relations formelles par les\u00adquelles les structures de l&rsquo;univers ont \u00e9t\u00e9, sont et seront cr\u00e9\u00e9es \u00e0 l&rsquo;image de leur principe initial et final. Dans ces conditions, l&rsquo;on peut d\u00e9couvrir entre l&rsquo;esprit et l&rsquo;espace des rapports analogiques assez profonds pour que s&rsquo;\u00e9difient dans l&rsquo;\u00e9ternit\u00e9 m\u00eame du sans-forme des formes temporelles. Celles-ci rendent manifeste \u00e0 travers les lois de leur construction l&rsquo;harmonie essentielle qui les relie toutes entre elles en un m\u00eame ordre que seul peut contempler totalement celui qui l&rsquo;a con\u00e7u dans le myst\u00e8re de son unit\u00e9 infinie.<\/span><\/span><\/span><\/span><\/span><\/p>\n<p class=\"western\" align=\"justify\"><span style=\"color: #000000;\"><span style=\"text-decoration: none;\"><span style=\"font-size: medium;\"><span style=\"letter-spacing: normal;\"><span lang=\"fr-FR\">Mais comme il a \u00e9t\u00e9 donn\u00e9 \u00e0 l&rsquo;esprit humain par son essence incr\u00e9\u00e9e de participer de cette puissance divine de contempla\u00adtion, c&rsquo;est, en r\u00e9alit\u00e9, l&rsquo;esprit qui se reconna\u00eet soi-m\u00eame \u00e0 tra\u00advers notre esprit et qui sonde ses propres myst\u00e8res dans les limites de notre manifestation. La g\u00e9om\u00e9trie symbolique est ainsi n\u00e9cessairement born\u00e9e physiquement, d&rsquo;o\u00f9 le r\u00f4le qu&rsquo;y joue l&rsquo;espace euclidien, tout en demeurant illimit\u00e9e logi\u00adquement dans ses possibilit\u00e9s d&rsquo;extension et de compr\u00e9hen\u00adsion des rapports qu&rsquo;elle con\u00e7oit et qu&rsquo;elle appr\u00e9hende, par l&rsquo;interm\u00e9diaire des formes et des figures, entre le connu et l&rsquo;inconnu. La g\u00e9om\u00e9trie peut donc \u00eatre d\u00e9finie comme la haute science de la position dans l&rsquo;esprit, \u00e9tudi\u00e9e par la m\u00e9thode de la relation ou du \u00ab moyen terme \u00bb.<\/span><\/span><\/span><\/span><\/span><\/p>\n<p class=\"western\" align=\"justify\"><span style=\"color: #000000;\"><span style=\"text-decoration: none;\"><span style=\"font-size: medium;\"><span style=\"letter-spacing: normal;\"><span lang=\"fr-FR\">Que faut-il entendre par \u00ab position \u00bb ? Remarquons d&rsquo;abord que la g\u00e9om\u00e9trie, m\u00eame la plus \u00e9l\u00e9mentaire, n&rsquo;est pas autre chose qu&rsquo;une \u00e9tude de la position. Ce concept diff\u00e8re de celui de la quantit\u00e9 et il est irr\u00e9ductible \u00e0 la qualit\u00e9. La position est une situation dans l&rsquo;espace. La quantit\u00e9 implique toujours une \u00e9chelle ou une s\u00e9rie croissante et d\u00e9croissante. Quand on con\u00e7oit un point ou un corps dans une position P et un autre point ou un autre corps dans une position P&rsquo;, on peut comparer ces deux positions et \u00e9tudier les rapports qu&rsquo;elles pr\u00e9sentent entre elles. L&rsquo;une des possibilit\u00e9s de l&rsquo;exa\u00admen de ces rapports correspond \u00e0 la connaissance de la grandeur, c&rsquo;est-\u00e0-dire de la quantit\u00e9 de distance entre P et P&rsquo;. Mais on peut \u00e9galement concevoir cette distance comme une droite, c&rsquo;est-\u00e0-dire comme un syst\u00e8me de positions et faire entrer cette droite consid\u00e9r\u00e9e en tant qu&rsquo;\u00e9l\u00e9ment simple dans une \u00e9tude plus ample et plus complexe des deux positions examin\u00e9es. Ainsi, en g\u00e9om\u00e9trie \u00e9l\u00e9mentaire, la position est-elle ind\u00e9pendante de la quantit\u00e9. C&rsquo;est d&rsquo;ailleurs pour cette raison, notamment, que la d\u00e9finition souvent propos\u00e9e pour les sciences math\u00e9matiques consid\u00e9r\u00e9es comme des sciences de la quantit\u00e9 est fausse, car elles \u00e9tudient non seulement la quantit\u00e9 mais aussi la position et les concepts qui se fondent sur l&rsquo;application mutuelle de ces deux principes fonda\u00admentaux.<\/span><\/span><\/span><\/span><\/span><\/p>\n<p class=\"western\" align=\"justify\"><b><span style=\"color: #000000;\"><span style=\"text-decoration: none;\"><span style=\"font-size: medium;\"><span style=\"letter-spacing: normal;\"><span lang=\"fr-FR\">La g\u00e9om\u00e9trie, recherche de la position<\/span><\/span><\/span><\/span><\/span><\/b><\/p>\n<p class=\"western\" align=\"justify\"><span style=\"color: #000000;\"><span style=\"text-decoration: none;\"><span style=\"font-size: medium;\"><span style=\"letter-spacing: normal;\"><span lang=\"fr-FR\">Contrairement \u00e0 une opinion g\u00e9n\u00e9ralement r\u00e9pandue, la posi\u00adtion n&rsquo;est pas un principe essentiellement relatif, ce qui impli\u00adquerait l&rsquo;impossibilit\u00e9 de conna\u00eetre ou de constater une posi\u00adtion absolument exacte. C&rsquo;est, l\u00e0, confondre la relativit\u00e9 de l&rsquo;espace physique avec le fait que toute connaissance sys\u00adt\u00e9matique ne peut s&rsquo;\u00e9tablir que sur des relations et des complexes de relations.<\/span><\/span><\/span><\/span><\/span><\/p>\n<p class=\"western\" align=\"justify\"><span style=\"color: #000000;\"><span style=\"text-decoration: none;\"><span style=\"font-size: medium;\"><span style=\"letter-spacing: normal;\"><span lang=\"fr-FR\">Une position pure et unique est logiquement un concept absurde. S&rsquo;il n&rsquo;existe, en effet, aucune position \u00e0 laquelle on puisse la rapporter, il est \u00e9videmment impossible de la conna\u00eetre. Si l&rsquo;on imagine, par exemple, dans l&rsquo;espace id\u00e9al, un point P, unique et solitaire, il est impossible d&rsquo;en dire g\u00e9om\u00e9triquement quoi que ce soit. Il faut au moins un autre point ou plusieurs points pour \u00e9tablir un syst\u00e8me g\u00e9om\u00e9trique et pour \u00e9tudier une ou des positions v\u00e9ritables. Or l&rsquo;espace dans lequel ces positions sont examin\u00e9es n&rsquo;est pas un espace physique ; il n&rsquo;est ni celui de Newton, ni celui de Kant, ni celui d&rsquo;Einstein. C&rsquo;est un espace rationnel o\u00f9 l&rsquo;on peut fixer des positions et \u00e9tablir des rapports aussi stables, aussi d\u00e9ter\u00admin\u00e9s, aussi absolus que l&rsquo;on voudra.<\/span><\/span><\/span><\/span><\/span><\/p>\n<p class=\"western\" align=\"justify\"><span style=\"color: #000000;\"><span style=\"text-decoration: none;\"><span style=\"font-size: medium;\"><span style=\"letter-spacing: normal;\"><span lang=\"fr-FR\">De m\u00eame, l&rsquo;espace con\u00e7u par l&rsquo;esprit pour l&rsquo;Esprit dans la g\u00e9om\u00e9trie symbolique n&rsquo;est point un espace relatif \u00e0 quoi que ce soit d&rsquo;autre qu&rsquo;\u00e0 lui-m\u00eame dans son essence. Aussi les rapports qu&rsquo;il d\u00e9couvre entre les structures qu&rsquo;il con\u00e7oit ont-ils tout le degr\u00e9 de certitude que l&rsquo;on est en droit d&rsquo;attendre de la connaissance syst\u00e9matique elle-m\u00eame. Allant plus loin que la g\u00e9om\u00e9trie \u00e9l\u00e9mentaire dans le sens de l&rsquo;abstraction des donn\u00e9es du monde ext\u00e9rieur, la g\u00e9om\u00e9trie symbolique atteint \u00e0 une plus vive lumi\u00e8re intellectuelle et \u00e0 une capacit\u00e9 de g\u00e9n\u00e9ralisation moins d\u00e9pendante de l&rsquo;intuition sensible. C&rsquo;est pourquoi elle pr\u00e9sente \u00e0 l&rsquo;esprit des cadres plus \u00e9tendus et propres \u00e0 mieux ordonner les ph\u00e9nom\u00e8nes. Ainsi peut-elle \u00eatre appliqu\u00e9e non seulement aux relations des faits naturels entre eux, mais aussi aux \u00e9v\u00e9nements appartenant \u00e0 la pure int\u00e9riorit\u00e9 de m\u00eame qu&rsquo;aux rapports des valeurs entre elles. Il existe donc des applications psychologiques et m\u00e9taphy\u00adsiques l\u00e9gitimes de la g\u00e9om\u00e9trie symbolique et qui ne sont pas moins certaines que les applications physiques des math\u00e9\u00admatiques.<\/span><\/span><\/span><\/span><\/span><\/p>\n<p class=\"western\" align=\"justify\"><span style=\"color: #000000;\"><span style=\"text-decoration: none;\"><span style=\"font-size: medium;\"><span style=\"letter-spacing: normal;\"><span lang=\"fr-FR\">En r\u00e9sum\u00e9, la position dont nous parlons se rapporte \u00e0 l&rsquo;espace int\u00e9rieur id\u00e9al o\u00f9 tout syst\u00e8me de points reste tou\u00adjours inalt\u00e9rable, malgr\u00e9 tous les d\u00e9placements qu&rsquo;il pourrait subir. Si la repr\u00e9sentation concr\u00e8te par laquelle nous expri\u00admons symboliquement des notions abstraites nous oblige \u00e0 faire usage de formes r\u00e9elles, il convient de remarquer que l&rsquo;on peut toujours n\u00e9gliger quelques caract\u00e8res ou quelques propri\u00e9t\u00e9s de celles-ci au cas o\u00f9 ces caract\u00e8res ou ces pro\u00adpri\u00e9t\u00e9s ne s&rsquo;accordent point avec la notion pure qu&rsquo;il faut repr\u00e9senter.<\/span><\/span><\/span><\/span><\/span><\/p>\n<p class=\"western\" align=\"justify\"><span style=\"color: #000000;\"><span style=\"text-decoration: none;\"><span style=\"font-size: medium;\"><span style=\"letter-spacing: normal;\"><span lang=\"fr-FR\">Quand nous disons, par exemple, que la verticale peut \u00eatre figur\u00e9e par le fil \u00e0 plomb, ce symbole est physiquement faux puisqu&rsquo;en raison de la sph\u00e9ricit\u00e9 terrestre deux fils \u00e0 plomb sont toujours convergents et jamais parall\u00e8les. Pourtant, en pratique, dans la technique de l&rsquo;architecture, on n&rsquo;en consi\u00add\u00e8re pas moins les fils \u00e0 plomb comme parall\u00e8les et les droites qui leur sont perpendiculaires comme horizontales. Ainsi la relation des notions g\u00e9om\u00e9triques avec les r\u00e9alit\u00e9s physiques et astronomiques ne peut-elle exercer la moindre influence sur le caract\u00e8re id\u00e9al et invariable de ces notions dont le sens logique entier est donn\u00e9 par leurs d\u00e9finitions m\u00eames.<\/span><\/span><\/span><\/span><\/span><\/p>\n<p class=\"western\" align=\"justify\"><b><span style=\"color: #000000;\"><span style=\"text-decoration: none;\"><span style=\"font-size: medium;\"><span style=\"letter-spacing: normal;\"><span lang=\"fr-FR\">La notion de relation ou de moyen terme<\/span><\/span><\/span><\/span><\/span><\/b><\/p>\n<p class=\"western\" align=\"justify\"><span style=\"color: #000000;\"><span style=\"text-decoration: none;\"><span style=\"font-size: medium;\"><span style=\"letter-spacing: normal;\"><span lang=\"fr-FR\">Apr\u00e8s avoir expliqu\u00e9 ce que nous entendons par \u00ab position \u00bb, nous rappellerons ce qu&rsquo;est la m\u00e9thode de la relation ou du \u00ab moyen terme \u00bb. La connaissance syst\u00e9matique est toujours m\u00e9diate en ce sens qu&rsquo;elle exige un interm\u00e9diaire au moyen duquel l&rsquo;objet nouveau est incorpor\u00e9 \u00e0 la s\u00e9rie de nos connaissances et s&rsquo;ajoute, tel un maillon nouveau, \u00e0 l&rsquo;encha\u00eenement de celles-ci. La connaissance intuitive, en revanche, est imm\u00e9\u00addiate et, se faisant enti\u00e8re par un seul acte de l&rsquo;esprit, consis\u00adtant en une communication directe entre celui qui conna\u00eet et ce qui est connu, le moi s&rsquo;y rapporte directement \u00e0 l&rsquo;objet sans le moindre d\u00e9tour explicatif.<\/span><\/span><\/span><\/span><\/span><\/p>\n<p class=\"western\" align=\"justify\"><span style=\"color: #000000;\"><span style=\"text-decoration: none;\"><span style=\"font-size: medium;\"><span style=\"letter-spacing: normal;\"><span lang=\"fr-FR\">Le type de la connaissance intuitive est la douleur. Aussi est-il assez \u00e9vident qu&rsquo;il demeure impossible de transmettre une connaissance intuitive quant \u00e0 l&rsquo;essentiel de son contenu. Si un malade d\u00e9crit \u00e0 son m\u00e9decin les douleurs qu&rsquo;il \u00e9prouve, il ne lui transmet pas pour autant la connaissance directe et imm\u00e9diate de la souffrance qu&rsquo;il ressent. De m\u00eame, l&rsquo;exp\u00e9\u00adrience spirituelle, qu&rsquo;elle soit initiatique ou religieuse, ne r\u00e9pond pas <\/span><\/span><\/span><\/span><\/span><span style=\"color: #000000;\"><span style=\"text-decoration: none;\"><span style=\"font-size: medium;\"><span style=\"letter-spacing: normal;\"><span lang=\"fr-FR\">\u00e0<\/span><\/span><\/span><\/span><\/span><span style=\"color: #000000;\"><span style=\"text-decoration: none;\"><span style=\"font-size: medium;\"><span style=\"letter-spacing: normal;\"><span lang=\"fr-FR\"> un langage ad\u00e9quat en ce sens qu&rsquo;il est impos\u00adsible de l&rsquo;exprimer de fa\u00e7on \u00e9gale \u00e0 son contenu comme \u00e0 son objet.<\/span><\/span><\/span><\/span><\/span><\/p>\n<p class=\"western\" align=\"justify\"><span style=\"color: #000000;\"><span style=\"text-decoration: none;\"><span style=\"font-size: medium;\"><span style=\"letter-spacing: normal;\"><span lang=\"fr-FR\">Il faut donc distinguer tr\u00e8s nettement la connaissance syst\u00e9\u00admatique ou discursive de l&rsquo;exp\u00e9rience spirituelle et la connais\u00adsance intuitive de celle-ci par le sujet. L&rsquo;une est transmis\u00adsible ; l&rsquo;autre ne l&rsquo;est point. La g\u00e9om\u00e9trie symbolique ne doit pas \u00eatre confondue avec l&rsquo;exp\u00e9rience initiatique dont elle \u00e9mane et qui l&rsquo;\u00e9difie. Toutefois, \u00e0 partir du moment o\u00f9 cette g\u00e9om\u00e9trie est transmise par le langage des figures et des formes, elle n&rsquo;est plus intuitive mais discursive ; elle n&rsquo;est plus imm\u00e9diate, car elle est devenue m\u00e9diate. Par l\u00e0, elle peut \u00eatre syst\u00e9matique et r\u00e9pondre ainsi \u00e0 une science v\u00e9ri\u00adtable de certains rapports dans la mesure o\u00f9 elle se r\u00e9f\u00e8re constamment \u00e0 une situation exp\u00e9rimentale de l&rsquo;esprit qu&rsquo;elle met, en quelque sorte, entre parenth\u00e8ses, et qu&rsquo;elle n&rsquo;expli\u00adcite point.<\/span><\/span><\/span><\/span><\/span><\/p>\n<p class=\"western\" align=\"justify\"><span style=\"color: #000000;\"><span style=\"text-decoration: none;\"><span style=\"font-size: medium;\"><span style=\"letter-spacing: normal;\"><span lang=\"fr-FR\">Cette attitude n&rsquo;est pas moins rationnelle que celle de la g\u00e9om\u00e9trie math\u00e9matique, car, m\u00eame dans ses formes \u00e9l\u00e9men\u00adtaires, celle-ci suppose qu&rsquo;existe une exp\u00e9rience intuitive dont elle ne rend point compte dans ses premiers postulats. C&rsquo;est pourquoi la g\u00e9om\u00e9trie symbolique, consid\u00e9r\u00e9e sous sa forme discursive et syst\u00e9matique, ne fait appel qu&rsquo;\u00e0 la seule raison et, qui mieux est, aux simples lumi\u00e8res du sens commun. Le myst\u00e8re n&rsquo;existe qu&rsquo;au niveau de l&rsquo;incommunicable exp\u00e9\u00adrience intuitive.<\/span><\/span><\/span><\/span><\/span><\/p>\n<p class=\"western\" align=\"justify\"><span style=\"color: #000000;\"><span style=\"text-decoration: none;\"><span style=\"font-size: medium;\"><span style=\"letter-spacing: normal;\"><span lang=\"fr-FR\">Mais, de ce point de vue, on oublie trop souvent que les bases de la g\u00e9om\u00e9trie profane ne sont pas moins myst\u00e9rieuses que les sommets de la g\u00e9om\u00e9trie sacr\u00e9e. En d&rsquo;autres termes, il y a diff\u00e9rentes modalit\u00e9s de la science, mais il n&rsquo;existe qu&rsquo;une seule science comme il y a diff\u00e9rentes modalit\u00e9s du myst\u00e8re, mais, finalement et initialement, qu&rsquo;un seul myst\u00e8re. Par cons\u00e9quent, le rationalisme tel que nous le connaissons n&rsquo;est que l&rsquo;une des modalit\u00e9s de l&rsquo;exercice entier de notre raison, et c&rsquo;est au nom de cette seule raison qu&rsquo;il convient d&rsquo;\u00e9tendre le champ qu&rsquo;elle peut l\u00e9gitimement explorer et conna\u00eetre.<\/span><\/span><\/span><\/span><\/span><\/p>\n<p class=\"western\" align=\"justify\"><span style=\"color: #000000;\"><span style=\"text-decoration: none;\"><span style=\"font-size: medium;\"><span style=\"letter-spacing: normal;\"><span lang=\"fr-FR\">Nous comprendrons ainsi pourquoi la m\u00e9thode utilis\u00e9e par la g\u00e9om\u00e9trie symbolique n&rsquo;est point diff\u00e9rente de celle de toute connaissance syst\u00e9matique. Elle consiste \u00e0 rapporter deux objets ou deux concepts l&rsquo;un \u00e0 l&rsquo;autre par le moyen d&rsquo;un troisi\u00e8me qui sert, en quelque sorte, de pont entre les deux pr\u00e9c\u00e9dents et que l&rsquo;on nomme le moyen terme de comparaison.<\/span><\/span><\/span><\/span><\/span><\/p>\n<p class=\"western\" align=\"justify\"><b><span style=\"color: #000000;\"><span style=\"text-decoration: none;\"><span style=\"font-size: medium;\"><span style=\"letter-spacing: normal;\"><span lang=\"fr-FR\">L&rsquo;exp\u00e9rience incommunicable du sacr\u00e9<\/span><\/span><\/span><\/span><\/span><\/b><\/p>\n<p class=\"western\" align=\"justify\"><span style=\"color: #000000;\"><span style=\"text-decoration: none;\"><span style=\"font-size: medium;\"><span style=\"letter-spacing: normal;\"><span lang=\"fr-FR\">L&rsquo;homme, en effet, ne peut conna\u00eetre que par le moyen de raisonnements et de concepts. Seules, les donn\u00e9es imm\u00e9diates de la conscience ont un caract\u00e8re intuitif, mais elles ne forment ni un corps de doctrines ni un syst\u00e8me logique coh\u00e9rent. Par l\u00e0, elles ne peuvent compenser aucune diver\u00adgence de nos repr\u00e9sentations, ni de nos id\u00e9es, ni de nos valeurs, et elles ne vont que de l&rsquo;incommunicable \u00e0 l&rsquo;inconnu. Objets d&rsquo;exp\u00e9riences r\u00e9elles pour un sujet d\u00e9termin\u00e9, elles demeurent inaccessibles \u00e0 tout autre sujet hors des conditions m\u00eames de ces exp\u00e9riences. Le fait de la reconstitution de ces conditions \u00e0 travers le temps appartient \u00e0 la dynamique du rite initiatique ou religieux. C&rsquo;est en ce sens seulement que l&rsquo;on est en droit de parler d&rsquo;une exp\u00e9rience du sacr\u00e9 et d&rsquo;une transmission d&rsquo;influences spirituelles. Mais le corps de doc\u00adtrines et les syst\u00e8mes logiques ainsi constitu\u00e9s, s&rsquo;ils se dis\u00adtinguent, en droit et par leur origine m\u00eame, des doctrines et des syst\u00e8mes profanes, utilisent, en fait, des v\u00e9hicules de transmission qui sont logistiquement identiques \u00e0 ceux de toute connaissance syst\u00e9matique. C&rsquo;est pourquoi la diff\u00e9rence qui existe n\u00e9anmoins entre les synth\u00e8mes et les sym\u00adboles ne provient pas de la nature des signes et des figures utilis\u00e9s, mais de la dynamique propre \u00e0 l&rsquo;exp\u00e9rience dont ils \u00e9manent et des milieux distincts o\u00f9 ils sont \u00e9difi\u00e9s et trans\u00admis. C&rsquo;est aussi pour ces raisons qu&rsquo;\u00e0 partir du moment o\u00f9 cette dynamique et ces milieux n&rsquo;existent plus, ou ne t\u00e9moi\u00adgnent plus d&rsquo;une pr\u00e9sence ni d&rsquo;une puissance v\u00e9ritables, les symboles se d\u00e9gradent et retombent au niveau profane des synth\u00e8mes sociaux. Inversement, on peut concevoir le pas\u00adsage de signes de liens mutuels appartenant \u00e0 l&rsquo;exp\u00e9rience quotidienne vulgaire \u00e0 un ordre de relations plus complexes et plus \u00e9lev\u00e9es.<\/span><\/span><\/span><\/span><\/span><\/p>\n<p class=\"western\" align=\"justify\"><span style=\"color: #000000;\"><span style=\"text-decoration: none;\"><span style=\"font-size: medium;\"><span style=\"letter-spacing: normal;\"><span lang=\"fr-FR\">Cela d\u00e9pend, en fait, de la seule \u00e9nergie spirituelle des milieux dans lesquels s&rsquo;\u00e9difie cet ordre nouveau, par exemple sous l&rsquo;effet d&rsquo;une r\u00e9v\u00e9lation d&rsquo;un type encore inconnu d&rsquo;exp\u00e9\u00adrience du sacr\u00e9. C&rsquo;est, en effet, la vie \u00e0 sa plus haute puis\u00adsance et non pas la scl\u00e9rose des id\u00e9es ou des valeurs qui constitue l&rsquo;essentiel de la spiritualit\u00e9 v\u00e9ritable. Par l\u00e0, cette spiritualit\u00e9 n&rsquo;est pas seulement la modalit\u00e9 la plus haute de l&rsquo;attente du divin et de la tension constante vers Lui qu&rsquo;elle implique, elle est aussi une perp\u00e9tuelle contestation des formes et des valeurs toujours insuffisantes que con\u00e7oit notre esprit dans ses rapports avec l&rsquo;Esprit.<\/span><\/span><\/span><\/span><\/span><\/p>\n<p class=\"western\" align=\"justify\"><span style=\"color: #000000;\"><span style=\"text-decoration: none;\"><span style=\"font-size: medium;\"><span style=\"letter-spacing: normal;\"><span lang=\"fr-FR\">Par l\u00e0, chaque r\u00e9v\u00e9lation authentique du sacr\u00e9 demeure \u00e0 l&rsquo;origine et au terme de chaque r\u00e9volution profane r\u00e9elle. L&rsquo;histoire, pour peu qu&rsquo;on la contemple d&rsquo;assez haut pour que la prolif\u00e9ration de ses d\u00e9tails ne nous cache pas ses rythmes d&rsquo;ensemble, justifie par d&rsquo;assez nombreux exemples cette conception g\u00e9n\u00e9rale pour nous dispenser d&rsquo;en apporter les preuves. La g\u00e9om\u00e9trie symbolique nous l&rsquo;enseigne de fa\u00e7on claire : toute figure de r\u00e9volution est li\u00e9e \u00e0 un centre dont elle proc\u00e8de et qui demeure distinct, par sa nature ponctuelle, de l&rsquo;\u00e9tendue dont il rend manifestes les change\u00adments.<\/span><\/span><\/span><\/span><\/span><\/p>\n<div id=\"sdfootnote1\">\n<p class=\"sdfootnote-western\" style=\"margin-left: 0cm; text-indent: 0cm; page-break-before: always;\" align=\"justify\"><a class=\"sdfootnotesym\" href=\"#sdfootnote1anc\" name=\"sdfootnote1sym\">1<\/a><span style=\"color: #000000;\"><span style=\"text-decoration: none;\"><span style=\"font-size: medium;\"><span style=\"letter-spacing: normal;\"><span lang=\"fr-FR\"> L&rsquo;essence de la g\u00e9om\u00e9trie eucli\u00addienne n&rsquo;est ni purement logique \u2014 puisqu&rsquo;elle d\u00e9pend des conditions sensibles cr\u00e9ant en nous, d\u00e8s l&rsquo;en\u00adfance, une notion intuitive \u2014 ni purement physique puisque l&rsquo;espace d&rsquo;Euclide poss\u00e8de le caract\u00e8re id\u00e9al de l&rsquo;espace math\u00e9matique et qu&rsquo;en cons\u00e9quence la r\u00e9alit\u00e9 des \u00e9v\u00e9ne\u00adments et des choses \u00e0 d&rsquo;autres \u00e9chelles que la n\u00f4tre ne saurait modifier son caract\u00e8re abstrait. En d&rsquo;autres termes, l&rsquo;espace euclidien est \u00e0 la fois existant et non exis\u00adtant ; en ce sens, il ne poss\u00e8de aucun caract\u00e8re transcendant, comme l&rsquo;a bien vu Kant, mais il n&rsquo;a pas non plus de valeur purement existentielle. Il est, en effet, un \u00eatre double exp\u00e9rimental et id\u00e9al, un mixte parfait et, ainsi, celui qui s&rsquo;adapte le mieux aux propri\u00e9t\u00e9s des mixtes qu&rsquo;il contient dans le milieu terrestre o\u00f9 nous les obser\u00advons de fa\u00e7on statistique et moyenne. D&rsquo;ailleurs, l&rsquo;\u00e9volution de la g\u00e9om\u00e9trie depuis Euclide a s\u00e9\u00adpar\u00e9 peu \u00e0 peu l&rsquo;espace et les choses, mais elle n&rsquo;aurait pu y r\u00e9ussir sans la constatation pr\u00e9alable de la pr\u00e9\u00adsence des choses.<\/span><\/span><\/span><\/span><\/span><\/p>\n<\/div>\n<div id=\"sdfootnote2\">\n<p class=\"sdfootnote-western\" style=\"margin-left: 0cm; text-indent: 0cm; page-break-before: always;\" align=\"justify\"><a class=\"sdfootnotesym\" href=\"#sdfootnote2anc\" name=\"sdfootnote2sym\">2<\/a><span style=\"color: #000000;\"><span style=\"text-decoration: none;\"><span style=\"font-size: medium;\"><span style=\"letter-spacing: normal;\"><span lang=\"fr-FR\"> L&rsquo;univers des Anciens \u00e9tait repr\u00e9sent\u00e9 comme un monde d&rsquo;ob\u00adjets concrets ayant des formes d\u00e9fi\u00adnies en des endroits bien localis\u00e9s, enferm\u00e9s dans des limites fixes, au-del\u00e0 desquelles il n&rsquo;y avait que le n\u00e9ant. Cette conception finie et fer\u00adm\u00e9e s&rsquo;est vue d&rsquo;abord opposer la distinction fondamentale entre l&rsquo;espace en tant que contenant et les choses qui s&rsquo;y trouvent contenues. Enfin l&rsquo;esprit consid\u00e8re l&rsquo;espace pur comme la condition supr\u00eame de toute connaissance ob\u00adjective. La conception cart\u00e9sienne des coordonn\u00e9es, fondement de la g\u00e9om\u00e9trie analytique, a \u00e9t\u00e9 l&rsquo;expres\u00adsion parfaite d&rsquo;un espace de ce type, lieu universel des choses et des figures et non pas simple \u00e9tendue de celles-ci. La forme est devenue alors une relation des diff\u00e9rentes positions relativement \u00e0 un sys\u00adt\u00e8me auquel chaque point a \u00e9t\u00e9 rapport\u00e9. Enfin, \u00e0 notre \u00e9poque, les g\u00e9om\u00e9\u00adtries non euclidiennes ont mis en question la forme m\u00eame de l&rsquo;es\u00adpace. Trois formes se sont pr\u00e9sen\u00adt\u00e9es alors : la premi\u00e8re, celle d&rsquo;un espace de type euclidien, de cour\u00adbure nulle ou \u00e9gale \u00e0 z\u00e9ro \u2014 dans lequel existe une seule parall\u00e8le par un point ext\u00e9rieur \u00e0 une droite \u2014 la deuxi\u00e8me, celle d&rsquo;un espace de type riemannien de courbure positive \u2014 dans lequel, notamment, il n&rsquo;y a pas de parall\u00e8les ; o\u00f9 la ligne droite est une ligne ferm\u00e9e, de lon\u00adgueur finie ; o\u00f9 la somme des angles d&rsquo;un triangle g\u00e9od\u00e9sique est plus grande que deux angles droits, son aire \u00e9tant proportionnelle \u00e0 l&rsquo;exc\u00e8s de la somme de ses trois angles par rapport \u00e0 ces deux angles. La troi\u00adsi\u00e8me, celle d&rsquo;un espace de courbure plus petite que z\u00e9ro ou de courbure n\u00e9gative, d&rsquo;un type imagin\u00e9 par Bolyai et Lobatchevski, dans lequel, notamment, par un point passent deux parall\u00e8les \u00e0 une droite avec un angle de parall\u00e9lisme variable selon la distance du point \u00e0 la droite.<\/span><\/span><\/span><\/span><\/span><\/p>\n<p class=\"sdfootnote-western\" style=\"margin-left: 0cm; text-indent: 0cm;\" align=\"justify\"><span style=\"color: #000000;\"><span style=\"text-decoration: none;\"><span style=\"font-size: medium;\"><span style=\"letter-spacing: normal;\"><span lang=\"fr-FR\">C&rsquo;est au g\u00e9nie de Gauss que l&rsquo;on doit, en fait, les g\u00e9om\u00e9tries non euclidiennes. Gauss, le premier, semble avoir compris qu&rsquo;il \u00e9tait im\u00adpossible de d\u00e9montrer le postulat d&rsquo;Euclide et que cette impossibilit\u00e9 venait du fait que ce postulat ajou\u00adtait, en r\u00e9alit\u00e9, un \u00e9l\u00e9ment nou\u00adveau. Par cons\u00e9quent, en laissant de c\u00f4t\u00e9 ce postulat, ou pouvait construire une g\u00e9om\u00e9trie parfaite\u00adment coh\u00e9rente. Gauss appela cette g\u00e9om\u00e9trie \u00ab anti-euclidienne \u00bb puis \u00ab astrale \u00bb et enfin \u00ab non eucli\u00addienne \u00bb. Les travaux de Lobatchevski datent de 1840 et ceux de Riemann de 1854. Ces recherches demeur\u00e8rent in\u00e9dites.<\/span><\/span><\/span><\/span><\/span><\/p>\n<\/div>\n<div id=\"sdfootnote3\">\n<p class=\"sdfootnote-western\" style=\"margin-left: 0cm; text-indent: 0cm; page-break-before: always;\" align=\"justify\"><a class=\"sdfootnotesym\" href=\"#sdfootnote3anc\" name=\"sdfootnote3sym\">3<\/a><span style=\"color: #000000;\"><span style=\"text-decoration: none;\"><span style=\"font-size: medium;\"><span style=\"letter-spacing: normal;\"><span lang=\"fr-FR\"> Nous avons tent\u00e9 d&rsquo;\u00e9tablir cette distinction dans un pr\u00e9c\u00e9dent ouvrage : \u00ab <\/span><\/span><\/span><\/span><\/span><span style=\"color: #000000;\"><span style=\"text-decoration: none;\"><span style=\"font-size: medium;\"><span style=\"letter-spacing: normal;\"><span lang=\"fr-FR\"><i>De la nature des sym\u00adboles<\/i><\/span><\/span><\/span><\/span><\/span><span style=\"color: #000000;\"><span style=\"text-decoration: none;\"><span style=\"font-size: medium;\"><span style=\"letter-spacing: normal;\"><span lang=\"fr-FR\"> \u00bb (Flammarion, 1958).<\/span><\/span><\/span><\/span><\/span><\/p>\n<\/div>\n","protected":false},"excerpt":{"rendered":"<p>Qu\u2019entendons-nous par l\u2019expression : \u00ab g\u00e9om\u00e9trie symbo\u00adlique \u00bb ? Nous avons nagu\u00e8re essay\u00e9 de distinguer aussi pr\u00e9\u00adcis\u00e9ment que possible les \u00ab synth\u00e8mes \u00bb et les symboles \u00e0 partir de la diff\u00e9rence qui s\u00e9pare des signes de liens mutuels, de nature sociale et profane, des signes d\u2019une ou de plusieurs liaisons, de nature religieuse et sacr\u00e9e, attest\u00e9e soit par des initiations, soit par les rites. Les \u00ab synth\u00e8mes \u00bb sugg\u00e8rent des rapports rationnels descrip\u00adtibles ; les symboles \u00e9voquent, dans leur essence, des rela\u00adtions spirituelles qui ne sont ni mesurables ni exprimables de fa\u00e7on totalement ad\u00e9quate. De plus, nous avons indiqu\u00e9 qu\u2019entre les synth\u00e8mes sociaux et les symboles sacr\u00e9s se situaient les embl\u00e8mes, bases du langage de l\u2019art. Ainsi peut-on concevoir qu\u2019une g\u00e9om\u00e9trie puisse \u00eatre synth\u00e9matique, embl\u00e9matique ou symbolique, selon sa structure propre et sa finalit\u00e9.<\/p>\n","protected":false},"author":1,"featured_media":13575,"comment_status":"closed","ping_status":"closed","sticky":false,"template":"","format":"standard","meta":{"footnotes":""},"categories":[664],"tags":[1286,362,127],"class_list":["post-16374","post","type-post","status-publish","format-standard","has-post-thumbnail","hentry","category-alleau-rene","tag-geometrie","tag-sacre","tag-symbolisme"],"yoast_head":"<!-- This site is optimized with the Yoast SEO plugin v27.0 - https:\/\/yoast.com\/product\/yoast-seo-wordpress\/ -->\n<title>Les soci\u00e9t\u00e9s secr\u00e8tes modernes : 3 La g\u00e9om\u00e9trie symbolique par Ren\u00e9 Alleau - 3e mill\u00e9naire - Spiritualit\u00e9 - Connaissance de soi - Non-dualit\u00e9 - M\u00e9ditation<\/title>\n<meta name=\"robots\" content=\"index, follow, max-snippet:-1, max-image-preview:large, max-video-preview:-1\" \/>\n<link rel=\"canonical\" href=\"https:\/\/www.revue3emillenaire.com\/blog\/les-societes-secretes-modernes-3-la-geometrie-symbolique-par-rene-alleau\/\" \/>\n<meta property=\"og:locale\" content=\"fr_FR\" \/>\n<meta property=\"og:type\" content=\"article\" \/>\n<meta property=\"og:title\" content=\"Les soci\u00e9t\u00e9s secr\u00e8tes modernes : 3 La g\u00e9om\u00e9trie symbolique par Ren\u00e9 Alleau - 3e mill\u00e9naire - Spiritualit\u00e9 - Connaissance de soi - Non-dualit\u00e9 - M\u00e9ditation\" \/>\n<meta property=\"og:description\" content=\"Qu\u2019entendons-nous par l\u2019expression : \u00ab g\u00e9om\u00e9trie symbo\u00adlique \u00bb ? Nous avons nagu\u00e8re essay\u00e9 de distinguer aussi pr\u00e9\u00adcis\u00e9ment que possible les \u00ab synth\u00e8mes \u00bb et les symboles \u00e0 partir de la diff\u00e9rence qui s\u00e9pare des signes de liens mutuels, de nature sociale et profane, des signes d\u2019une ou de plusieurs liaisons, de nature religieuse et sacr\u00e9e, attest\u00e9e soit par des initiations, soit par les rites. Les \u00ab synth\u00e8mes \u00bb sugg\u00e8rent des rapports rationnels descrip\u00adtibles ; les symboles \u00e9voquent, dans leur essence, des rela\u00adtions spirituelles qui ne sont ni mesurables ni exprimables de fa\u00e7on totalement ad\u00e9quate. De plus, nous avons indiqu\u00e9 qu\u2019entre les synth\u00e8mes sociaux et les symboles sacr\u00e9s se situaient les embl\u00e8mes, bases du langage de l\u2019art. Ainsi peut-on concevoir qu\u2019une g\u00e9om\u00e9trie puisse \u00eatre synth\u00e9matique, embl\u00e9matique ou symbolique, selon sa structure propre et sa finalit\u00e9.\" \/>\n<meta property=\"og:url\" content=\"https:\/\/www.revue3emillenaire.com\/blog\/les-societes-secretes-modernes-3-la-geometrie-symbolique-par-rene-alleau\/\" \/>\n<meta property=\"og:site_name\" content=\"3e mill\u00e9naire - Spiritualit\u00e9 - Connaissance de soi - Non-dualit\u00e9 - M\u00e9ditation\" \/>\n<meta property=\"article:published_time\" content=\"2014-11-21T18:31:24+00:00\" \/>\n<meta property=\"og:image\" content=\"https:\/\/www.revue3emillenaire.com\/blog\/wp-content\/uploads\/2013\/05\/alleau.jpg\" \/>\n\t<meta property=\"og:image:width\" content=\"107\" \/>\n\t<meta property=\"og:image:height\" content=\"112\" \/>\n\t<meta property=\"og:image:type\" content=\"image\/jpeg\" \/>\n<meta name=\"author\" content=\"3e mill\u00e9naire\" \/>\n<meta name=\"twitter:card\" content=\"summary_large_image\" \/>\n<meta name=\"twitter:label1\" content=\"\u00c9crit par\" \/>\n\t<meta name=\"twitter:data1\" content=\"3e mill\u00e9naire\" \/>\n\t<meta name=\"twitter:label2\" content=\"Dur\u00e9e de lecture estim\u00e9e\" \/>\n\t<meta name=\"twitter:data2\" content=\"20 minutes\" \/>\n<script type=\"application\/ld+json\" class=\"yoast-schema-graph\">{\"@context\":\"https:\/\/schema.org\",\"@graph\":[{\"@type\":\"Article\",\"@id\":\"https:\/\/www.revue3emillenaire.com\/blog\/les-societes-secretes-modernes-3-la-geometrie-symbolique-par-rene-alleau\/#article\",\"isPartOf\":{\"@id\":\"https:\/\/www.revue3emillenaire.com\/blog\/les-societes-secretes-modernes-3-la-geometrie-symbolique-par-rene-alleau\/\"},\"author\":{\"name\":\"3e mill\u00e9naire\",\"@id\":\"https:\/\/www.revue3emillenaire.com\/blog\/#\/schema\/person\/9a3a7cc4ccaa707f402d4394327106d5\"},\"headline\":\"Les soci\u00e9t\u00e9s secr\u00e8tes modernes : 3 La g\u00e9om\u00e9trie symbolique par Ren\u00e9 Alleau\",\"datePublished\":\"2014-11-21T18:31:24+00:00\",\"mainEntityOfPage\":{\"@id\":\"https:\/\/www.revue3emillenaire.com\/blog\/les-societes-secretes-modernes-3-la-geometrie-symbolique-par-rene-alleau\/\"},\"wordCount\":4097,\"image\":{\"@id\":\"https:\/\/www.revue3emillenaire.com\/blog\/les-societes-secretes-modernes-3-la-geometrie-symbolique-par-rene-alleau\/#primaryimage\"},\"thumbnailUrl\":\"https:\/\/www.revue3emillenaire.com\/blog\/wp-content\/uploads\/2013\/05\/alleau.jpg\",\"keywords\":[\"G\u00e9om\u00e9trie\",\"sacr\u00e9\",\"symbolisme\"],\"articleSection\":[\"Alleau Ren\u00e9\"],\"inLanguage\":\"fr-FR\"},{\"@type\":\"WebPage\",\"@id\":\"https:\/\/www.revue3emillenaire.com\/blog\/les-societes-secretes-modernes-3-la-geometrie-symbolique-par-rene-alleau\/\",\"url\":\"https:\/\/www.revue3emillenaire.com\/blog\/les-societes-secretes-modernes-3-la-geometrie-symbolique-par-rene-alleau\/\",\"name\":\"Les soci\u00e9t\u00e9s secr\u00e8tes modernes : 3 La g\u00e9om\u00e9trie symbolique par Ren\u00e9 Alleau - 3e mill\u00e9naire - Spiritualit\u00e9 - Connaissance de soi - Non-dualit\u00e9 - M\u00e9ditation\",\"isPartOf\":{\"@id\":\"https:\/\/www.revue3emillenaire.com\/blog\/#website\"},\"primaryImageOfPage\":{\"@id\":\"https:\/\/www.revue3emillenaire.com\/blog\/les-societes-secretes-modernes-3-la-geometrie-symbolique-par-rene-alleau\/#primaryimage\"},\"image\":{\"@id\":\"https:\/\/www.revue3emillenaire.com\/blog\/les-societes-secretes-modernes-3-la-geometrie-symbolique-par-rene-alleau\/#primaryimage\"},\"thumbnailUrl\":\"https:\/\/www.revue3emillenaire.com\/blog\/wp-content\/uploads\/2013\/05\/alleau.jpg\",\"datePublished\":\"2014-11-21T18:31:24+00:00\",\"author\":{\"@id\":\"https:\/\/www.revue3emillenaire.com\/blog\/#\/schema\/person\/9a3a7cc4ccaa707f402d4394327106d5\"},\"breadcrumb\":{\"@id\":\"https:\/\/www.revue3emillenaire.com\/blog\/les-societes-secretes-modernes-3-la-geometrie-symbolique-par-rene-alleau\/#breadcrumb\"},\"inLanguage\":\"fr-FR\",\"potentialAction\":[{\"@type\":\"ReadAction\",\"target\":[\"https:\/\/www.revue3emillenaire.com\/blog\/les-societes-secretes-modernes-3-la-geometrie-symbolique-par-rene-alleau\/\"]}]},{\"@type\":\"ImageObject\",\"inLanguage\":\"fr-FR\",\"@id\":\"https:\/\/www.revue3emillenaire.com\/blog\/les-societes-secretes-modernes-3-la-geometrie-symbolique-par-rene-alleau\/#primaryimage\",\"url\":\"https:\/\/www.revue3emillenaire.com\/blog\/wp-content\/uploads\/2013\/05\/alleau.jpg\",\"contentUrl\":\"https:\/\/www.revue3emillenaire.com\/blog\/wp-content\/uploads\/2013\/05\/alleau.jpg\",\"width\":\"107\",\"height\":\"112\"},{\"@type\":\"BreadcrumbList\",\"@id\":\"https:\/\/www.revue3emillenaire.com\/blog\/les-societes-secretes-modernes-3-la-geometrie-symbolique-par-rene-alleau\/#breadcrumb\",\"itemListElement\":[{\"@type\":\"ListItem\",\"position\":1,\"name\":\"Accueil\",\"item\":\"https:\/\/www.revue3emillenaire.com\/blog\/\"},{\"@type\":\"ListItem\",\"position\":2,\"name\":\"Les soci\u00e9t\u00e9s secr\u00e8tes modernes : 3 La g\u00e9om\u00e9trie symbolique par Ren\u00e9 Alleau\"}]},{\"@type\":\"WebSite\",\"@id\":\"https:\/\/www.revue3emillenaire.com\/blog\/#website\",\"url\":\"https:\/\/www.revue3emillenaire.com\/blog\/\",\"name\":\"3e mill\u00e9naire - Spiritualit\u00e9 - Connaissance de soi - Non-dualit\u00e9 - M\u00e9ditation\",\"description\":\"L&#039;Homme en devenir\",\"potentialAction\":[{\"@type\":\"SearchAction\",\"target\":{\"@type\":\"EntryPoint\",\"urlTemplate\":\"https:\/\/www.revue3emillenaire.com\/blog\/?s={search_term_string}\"},\"query-input\":{\"@type\":\"PropertyValueSpecification\",\"valueRequired\":true,\"valueName\":\"search_term_string\"}}],\"inLanguage\":\"fr-FR\"},{\"@type\":\"Person\",\"@id\":\"https:\/\/www.revue3emillenaire.com\/blog\/#\/schema\/person\/9a3a7cc4ccaa707f402d4394327106d5\",\"name\":\"3e mill\u00e9naire\",\"url\":\"https:\/\/www.revue3emillenaire.com\/blog\/author\/admin\/\"}]}<\/script>\n<!-- \/ Yoast SEO plugin. -->","yoast_head_json":{"title":"Les soci\u00e9t\u00e9s secr\u00e8tes modernes : 3 La g\u00e9om\u00e9trie symbolique par Ren\u00e9 Alleau - 3e mill\u00e9naire - Spiritualit\u00e9 - Connaissance de soi - Non-dualit\u00e9 - M\u00e9ditation","robots":{"index":"index","follow":"follow","max-snippet":"max-snippet:-1","max-image-preview":"max-image-preview:large","max-video-preview":"max-video-preview:-1"},"canonical":"https:\/\/www.revue3emillenaire.com\/blog\/les-societes-secretes-modernes-3-la-geometrie-symbolique-par-rene-alleau\/","og_locale":"fr_FR","og_type":"article","og_title":"Les soci\u00e9t\u00e9s secr\u00e8tes modernes : 3 La g\u00e9om\u00e9trie symbolique par Ren\u00e9 Alleau - 3e mill\u00e9naire - Spiritualit\u00e9 - Connaissance de soi - Non-dualit\u00e9 - M\u00e9ditation","og_description":"Qu\u2019entendons-nous par l\u2019expression : \u00ab g\u00e9om\u00e9trie symbo\u00adlique \u00bb ? Nous avons nagu\u00e8re essay\u00e9 de distinguer aussi pr\u00e9\u00adcis\u00e9ment que possible les \u00ab synth\u00e8mes \u00bb et les symboles \u00e0 partir de la diff\u00e9rence qui s\u00e9pare des signes de liens mutuels, de nature sociale et profane, des signes d\u2019une ou de plusieurs liaisons, de nature religieuse et sacr\u00e9e, attest\u00e9e soit par des initiations, soit par les rites. Les \u00ab synth\u00e8mes \u00bb sugg\u00e8rent des rapports rationnels descrip\u00adtibles ; les symboles \u00e9voquent, dans leur essence, des rela\u00adtions spirituelles qui ne sont ni mesurables ni exprimables de fa\u00e7on totalement ad\u00e9quate. De plus, nous avons indiqu\u00e9 qu\u2019entre les synth\u00e8mes sociaux et les symboles sacr\u00e9s se situaient les embl\u00e8mes, bases du langage de l\u2019art. Ainsi peut-on concevoir qu\u2019une g\u00e9om\u00e9trie puisse \u00eatre synth\u00e9matique, embl\u00e9matique ou symbolique, selon sa structure propre et sa finalit\u00e9.","og_url":"https:\/\/www.revue3emillenaire.com\/blog\/les-societes-secretes-modernes-3-la-geometrie-symbolique-par-rene-alleau\/","og_site_name":"3e mill\u00e9naire - Spiritualit\u00e9 - Connaissance de soi - Non-dualit\u00e9 - M\u00e9ditation","article_published_time":"2014-11-21T18:31:24+00:00","og_image":[{"width":107,"height":112,"url":"https:\/\/www.revue3emillenaire.com\/blog\/wp-content\/uploads\/2013\/05\/alleau.jpg","type":"image\/jpeg"}],"author":"3e mill\u00e9naire","twitter_card":"summary_large_image","twitter_misc":{"\u00c9crit par":"3e mill\u00e9naire","Dur\u00e9e de lecture estim\u00e9e":"20 minutes"},"schema":{"@context":"https:\/\/schema.org","@graph":[{"@type":"Article","@id":"https:\/\/www.revue3emillenaire.com\/blog\/les-societes-secretes-modernes-3-la-geometrie-symbolique-par-rene-alleau\/#article","isPartOf":{"@id":"https:\/\/www.revue3emillenaire.com\/blog\/les-societes-secretes-modernes-3-la-geometrie-symbolique-par-rene-alleau\/"},"author":{"name":"3e mill\u00e9naire","@id":"https:\/\/www.revue3emillenaire.com\/blog\/#\/schema\/person\/9a3a7cc4ccaa707f402d4394327106d5"},"headline":"Les soci\u00e9t\u00e9s secr\u00e8tes modernes : 3 La g\u00e9om\u00e9trie symbolique par Ren\u00e9 Alleau","datePublished":"2014-11-21T18:31:24+00:00","mainEntityOfPage":{"@id":"https:\/\/www.revue3emillenaire.com\/blog\/les-societes-secretes-modernes-3-la-geometrie-symbolique-par-rene-alleau\/"},"wordCount":4097,"image":{"@id":"https:\/\/www.revue3emillenaire.com\/blog\/les-societes-secretes-modernes-3-la-geometrie-symbolique-par-rene-alleau\/#primaryimage"},"thumbnailUrl":"https:\/\/www.revue3emillenaire.com\/blog\/wp-content\/uploads\/2013\/05\/alleau.jpg","keywords":["G\u00e9om\u00e9trie","sacr\u00e9","symbolisme"],"articleSection":["Alleau Ren\u00e9"],"inLanguage":"fr-FR"},{"@type":"WebPage","@id":"https:\/\/www.revue3emillenaire.com\/blog\/les-societes-secretes-modernes-3-la-geometrie-symbolique-par-rene-alleau\/","url":"https:\/\/www.revue3emillenaire.com\/blog\/les-societes-secretes-modernes-3-la-geometrie-symbolique-par-rene-alleau\/","name":"Les soci\u00e9t\u00e9s secr\u00e8tes modernes : 3 La g\u00e9om\u00e9trie symbolique par Ren\u00e9 Alleau - 3e mill\u00e9naire - Spiritualit\u00e9 - Connaissance de soi - Non-dualit\u00e9 - M\u00e9ditation","isPartOf":{"@id":"https:\/\/www.revue3emillenaire.com\/blog\/#website"},"primaryImageOfPage":{"@id":"https:\/\/www.revue3emillenaire.com\/blog\/les-societes-secretes-modernes-3-la-geometrie-symbolique-par-rene-alleau\/#primaryimage"},"image":{"@id":"https:\/\/www.revue3emillenaire.com\/blog\/les-societes-secretes-modernes-3-la-geometrie-symbolique-par-rene-alleau\/#primaryimage"},"thumbnailUrl":"https:\/\/www.revue3emillenaire.com\/blog\/wp-content\/uploads\/2013\/05\/alleau.jpg","datePublished":"2014-11-21T18:31:24+00:00","author":{"@id":"https:\/\/www.revue3emillenaire.com\/blog\/#\/schema\/person\/9a3a7cc4ccaa707f402d4394327106d5"},"breadcrumb":{"@id":"https:\/\/www.revue3emillenaire.com\/blog\/les-societes-secretes-modernes-3-la-geometrie-symbolique-par-rene-alleau\/#breadcrumb"},"inLanguage":"fr-FR","potentialAction":[{"@type":"ReadAction","target":["https:\/\/www.revue3emillenaire.com\/blog\/les-societes-secretes-modernes-3-la-geometrie-symbolique-par-rene-alleau\/"]}]},{"@type":"ImageObject","inLanguage":"fr-FR","@id":"https:\/\/www.revue3emillenaire.com\/blog\/les-societes-secretes-modernes-3-la-geometrie-symbolique-par-rene-alleau\/#primaryimage","url":"https:\/\/www.revue3emillenaire.com\/blog\/wp-content\/uploads\/2013\/05\/alleau.jpg","contentUrl":"https:\/\/www.revue3emillenaire.com\/blog\/wp-content\/uploads\/2013\/05\/alleau.jpg","width":"107","height":"112"},{"@type":"BreadcrumbList","@id":"https:\/\/www.revue3emillenaire.com\/blog\/les-societes-secretes-modernes-3-la-geometrie-symbolique-par-rene-alleau\/#breadcrumb","itemListElement":[{"@type":"ListItem","position":1,"name":"Accueil","item":"https:\/\/www.revue3emillenaire.com\/blog\/"},{"@type":"ListItem","position":2,"name":"Les soci\u00e9t\u00e9s secr\u00e8tes modernes : 3 La g\u00e9om\u00e9trie symbolique par Ren\u00e9 Alleau"}]},{"@type":"WebSite","@id":"https:\/\/www.revue3emillenaire.com\/blog\/#website","url":"https:\/\/www.revue3emillenaire.com\/blog\/","name":"3e mill\u00e9naire - Spiritualit\u00e9 - Connaissance de soi - Non-dualit\u00e9 - M\u00e9ditation","description":"L&#039;Homme en devenir","potentialAction":[{"@type":"SearchAction","target":{"@type":"EntryPoint","urlTemplate":"https:\/\/www.revue3emillenaire.com\/blog\/?s={search_term_string}"},"query-input":{"@type":"PropertyValueSpecification","valueRequired":true,"valueName":"search_term_string"}}],"inLanguage":"fr-FR"},{"@type":"Person","@id":"https:\/\/www.revue3emillenaire.com\/blog\/#\/schema\/person\/9a3a7cc4ccaa707f402d4394327106d5","name":"3e mill\u00e9naire","url":"https:\/\/www.revue3emillenaire.com\/blog\/author\/admin\/"}]}},"_links":{"self":[{"href":"https:\/\/www.revue3emillenaire.com\/blog\/wp-json\/wp\/v2\/posts\/16374","targetHints":{"allow":["GET"]}}],"collection":[{"href":"https:\/\/www.revue3emillenaire.com\/blog\/wp-json\/wp\/v2\/posts"}],"about":[{"href":"https:\/\/www.revue3emillenaire.com\/blog\/wp-json\/wp\/v2\/types\/post"}],"author":[{"embeddable":true,"href":"https:\/\/www.revue3emillenaire.com\/blog\/wp-json\/wp\/v2\/users\/1"}],"replies":[{"embeddable":true,"href":"https:\/\/www.revue3emillenaire.com\/blog\/wp-json\/wp\/v2\/comments?post=16374"}],"version-history":[{"count":0,"href":"https:\/\/www.revue3emillenaire.com\/blog\/wp-json\/wp\/v2\/posts\/16374\/revisions"}],"wp:featuredmedia":[{"embeddable":true,"href":"https:\/\/www.revue3emillenaire.com\/blog\/wp-json\/wp\/v2\/media\/13575"}],"wp:attachment":[{"href":"https:\/\/www.revue3emillenaire.com\/blog\/wp-json\/wp\/v2\/media?parent=16374"}],"wp:term":[{"taxonomy":"category","embeddable":true,"href":"https:\/\/www.revue3emillenaire.com\/blog\/wp-json\/wp\/v2\/categories?post=16374"},{"taxonomy":"post_tag","embeddable":true,"href":"https:\/\/www.revue3emillenaire.com\/blog\/wp-json\/wp\/v2\/tags?post=16374"}],"curies":[{"name":"wp","href":"https:\/\/api.w.org\/{rel}","templated":true}]}}