{"id":16376,"date":"2014-11-27T01:23:09","date_gmt":"2014-11-27T00:23:09","guid":{"rendered":"http:\/\/www.revue3emillenaire.com\/blog\/?p=16376"},"modified":"2015-01-15T22:35:58","modified_gmt":"2015-01-15T21:35:58","slug":"les-societes-secretes-modernes-4-les-methodes-initiatiques-et-levolution-des-sciences","status":"publish","type":"post","link":"https:\/\/www.revue3emillenaire.com\/blog\/les-societes-secretes-modernes-4-les-methodes-initiatiques-et-levolution-des-sciences\/","title":{"rendered":"Les soci\u00e9t\u00e9s secr\u00e8tes modernes : 4 Les m\u00e9thodes initiatiques et l&rsquo;\u00e9volution des sciences"},"content":{"rendered":"<p class=\"western\" align=\"justify\"><span style=\"color: #000000;\"><span style=\"text-decoration: none;\"><span style=\"font-size: medium;\"><span style=\"letter-spacing: normal;\"><span lang=\"fr-FR\">(Extrait de <em>Les Soci\u00e9t\u00e9s Secr\u00e8tes<\/em>. Encyclop\u00e9die Plan\u00e8te. LDP 1969) <\/span><\/span><\/span><\/span><\/span><\/p>\n<p class=\"western\" align=\"justify\"><em><a href=\"http:\/\/www.revue3emillenaire.com\/blog\/?p=16374\">Chapitre pr\u00e9c\u00e9dent<\/a> <a href=\"http:\/\/www.revue3emillenaire.com\/blog\/?p=16406\">Chapitre suivant<\/a><\/em><\/p>\n<p class=\"western\" align=\"justify\"><span style=\"color: #000000;\"><span style=\"text-decoration: none;\"><span style=\"font-size: medium;\"><span style=\"letter-spacing: normal;\"><span lang=\"fr-FR\">La science moderne est n\u00e9e \u00e0 la fois de l&rsquo;exploration du monde sensible par l&rsquo;exp\u00e9rience physique et de l&rsquo;explication de l&rsquo;exp\u00e9rience physique par le monde intelligible des math\u00e9matiques. Ainsi, en <\/span><\/span><\/span><\/span><\/span><span style=\"color: #000000;\"><span style=\"text-decoration: none;\"><span style=\"font-size: medium;\"><span style=\"letter-spacing: normal;\"><span lang=\"fr-FR\">derni\u00e8re<\/span><\/span><\/span><\/span><\/span><span style=\"color: #000000;\"><span style=\"text-decoration: none;\"><span style=\"font-size: medium;\"><span style=\"letter-spacing: normal;\"><span lang=\"fr-FR\"> analyse, c&rsquo;est sur les prin\u00adcipes m\u00eames des math\u00e9matiques, c&rsquo;est-\u00e0-dire sur les pre\u00admiers principes de la logique que repose tout l&rsquo;\u00e9difice des sciences contemporaines. Essayons d&rsquo;abstraire encore et demandons-nous quel est le premier principe des principes de la logique. Nous constatons que c&rsquo;est le principe d&rsquo;iden\u00adtit\u00e9 que Leibniz a exprim\u00e9 sous une forme simple : A est A <a class=\"sdfootnoteanc\" href=\"#sdfootnote1sym\" name=\"sdfootnote1anc\"><sup>1<\/sup><\/a>. Avant le d\u00e9veloppement de la science exp\u00e9rimentale moderne on s&rsquo;accordait g\u00e9n\u00e9ralement \u00e0 reconna\u00eetre une distinction entre le monde sensible, celui de la science, et le monde intelligible, celui de la m\u00e9taphysique. Pourquoi ? Parce que, dans le premier, le savant juge, raisonne \u00e0 partir d&rsquo;exp\u00e9\u00adriences sensibles ou bien v\u00e9rifie par des exp\u00e9riences sensibles la validit\u00e9 de ses th\u00e9ories et de ses raisonnements. Ainsi est-il parfaitement clair que le crit\u00e8re, c&rsquo;est-\u00e0-dire le moyen de distinguer le vrai du faux dans les sciences, appartient au sensible, et ne peut appartenir dans un \u00e9tat d\u00e9termin\u00e9 du d\u00e9veloppement de la pens\u00e9e scientifique \u00e0 aucun autre ordre qu&rsquo;\u00e0 l&rsquo;ordre du sensible. Le point de d\u00e9part et le point d&rsquo;arriv\u00e9e de la science ne peuvent pas \u00eatre h\u00e9t\u00e9rog\u00e8nes. Dans cette perspective, l&rsquo;ordre m\u00e9taphysique est distinct de l&rsquo;ordre sensible, car la m\u00e9taphysique \u00e9tudie l&rsquo;\u00eatre en tant qu&rsquo;\u00eatre, l&rsquo;affirmable en tant qu&rsquo;affirmable. Elle repose donc sur des principes d&rsquo;\u00e9vidence intelligible, des principes de raison suffisante, de causalit\u00e9, de finalit\u00e9, etc.<\/span><\/span><\/span><\/span><\/span><\/p>\n<p class=\"western\" align=\"justify\"><span style=\"color: #000000;\"><span style=\"text-decoration: none;\"><span style=\"font-size: medium;\"><span style=\"letter-spacing: normal;\"><span lang=\"fr-FR\">Selon les bases de cette structure, c&rsquo;est \u00e0 la philosophie et non pas \u00e0 la science qu&rsquo;appartient la connaissance des lois universellement valables, pour tout \u00eatre, du fondement de la pens\u00e9e et de l&rsquo;action. En d&rsquo;autres termes, il appartient \u00e0 la philosophie de se prononcer en derni\u00e8re instance sur l&rsquo;interpr\u00e9tation scientifique du r\u00e9el.<\/span><\/span><\/span><\/span><\/span><\/p>\n<p class=\"western\" align=\"justify\"><span style=\"color: #000000;\"><span style=\"text-decoration: none;\"><span style=\"font-size: medium;\"><span style=\"letter-spacing: normal;\"><span lang=\"fr-FR\">Il n&rsquo;est pas douteux que dans le monde moderne, le domaine de l&rsquo;intelligible sur lequel a r\u00e9gn\u00e9 de fa\u00e7on incontest\u00e9e la m\u00e9taphysique jusqu&rsquo;\u00e0 une \u00e9poque r\u00e9cente a \u00e9t\u00e9 envahi peu a peu par la math\u00e9matique. Ce sont maintenant des math\u00e9\u00admaticiens et non pas des m\u00e9taphysiciens qui \u00e9tudient la cau\u00adsalit\u00e9, le d\u00e9terminisme, l&rsquo;objectivit\u00e9. Dans ces conditions, il \u00e9tait <\/span><\/span><\/span><\/span><\/span><span style=\"color: #000000;\"><span style=\"text-decoration: none;\"><span style=\"font-size: medium;\"><span style=\"letter-spacing: normal;\"><span lang=\"fr-FR\">in\u00e9vitable <\/span><\/span><\/span><\/span><\/span><span style=\"color: #000000;\"><span style=\"text-decoration: none;\"><span style=\"font-size: medium;\"><span style=\"letter-spacing: normal;\"><span lang=\"fr-FR\">que la philosophie de l&rsquo;\u00c9glise catholique pr\u00e9sent\u00e9e comme <\/span><\/span><\/span><\/span><\/span><span style=\"color: #000000;\"><span style=\"text-decoration: none;\"><span style=\"font-size: medium;\"><span style=\"letter-spacing: normal;\"><span lang=\"fr-FR\">\u00e9ternelle<\/span><\/span><\/span><\/span><\/span><span style=\"color: #000000;\"><span style=\"text-decoration: none;\"><span style=\"font-size: medium;\"><span style=\"letter-spacing: normal;\"><span lang=\"fr-FR\"> et immuable, \u00ab philosophia perennis \u00bb, se heurt\u00e2t \u00e0 de profondes contradictions th\u00e9oriques et exp\u00e9\u00adrimentales <a class=\"sdfootnoteanc\" href=\"#sdfootnote2sym\" name=\"sdfootnote2anc\"><sup>2<\/sup><\/a>.<\/span><\/span><\/span><\/span><\/span><\/p>\n<p class=\"western\" align=\"justify\"><span style=\"color: #000000;\"><span style=\"text-decoration: none;\"><span style=\"font-size: medium;\"><span style=\"letter-spacing: normal;\"><span lang=\"fr-FR\"><b>L&rsquo;\u00c9glise et la science<\/b><\/span><\/span><\/span><\/span><\/span><\/p>\n<p class=\"western\" align=\"justify\"><span style=\"color: #000000;\"><span style=\"text-decoration: none;\"><span style=\"font-size: medium;\"><span style=\"letter-spacing: normal;\"><span lang=\"fr-FR\">Mais d&rsquo;o\u00f9 vient cette situation ? Tout simplement du fait que cette philosophie pr\u00e9sent\u00e9e comme \u00ab catholique \u00bb, c&rsquo;est-\u00e0-dire \u00ab universelle \u00bb, n&rsquo;est qu&rsquo;une adaptation des th\u00e8ses par\u00adticuli\u00e8res de l&rsquo;Antiquit\u00e9 grecque sur l&rsquo;intelligible et notam\u00adment des philosophies aristot\u00e9licienne et platonicienne aux\u00adquelles la science contemporaine tend, de plus en plus, \u00e0 opposer la philosophie h\u00e9raclit\u00e9enne <a class=\"sdfootnoteanc\" href=\"#sdfootnote3sym\" name=\"sdfootnote3anc\"><sup>3<\/sup><\/a>.<\/span><\/span><\/span><\/span><\/span><\/p>\n<p class=\"western\" align=\"justify\"><span style=\"color: #000000;\"><span style=\"text-decoration: none;\"><span style=\"font-size: medium;\"><span style=\"letter-spacing: normal;\"><span lang=\"fr-FR\">La religion chr\u00e9tienne est une chose ; la philosophie catho\u00adlique est une autre chose. Ne les confondons pas entre elles. Or la philosophie catholique est n\u00e9cessairement fond\u00e9e sur la valeur objective de l&rsquo;autorit\u00e9 de l&rsquo;\u00c9glise. C&rsquo;est pourquoi, par une logique in\u00e9vitable, la philosophie traditionnelle qu&rsquo;ad\u00admet encore l&rsquo;\u00c9glise d\u00e9pend de la valeur authentiquement objective de la connaissance humaine. Ce qui engage une certaine philosophie des sciences, mais aussi une certaine conception des structures m\u00eames de l&rsquo;\u00c9glise. Et pour appuyer cette position, le p\u00e8re Isaye, de la Compagnie de J\u00e9sus, auteur d&rsquo;une \u00e9tude sur les sciences sous le pontificat de Pie XII, ajoute : \u00ab Si toute la connaissance humaine \u00e9tait caduque, la connaissance scientifique le serait aussi. S&rsquo;il n&rsquo;y avait aucune v\u00e9rit\u00e9 certaine, il n&rsquo;y aurait aucune certitude scien\u00adtifique. Si tous les principes universels \u00e9taient douteux, il n&rsquo;y aurait aucun raisonnement valide. \u00bb Mais ces arguments sont plus sp\u00e9cieux que solides. Il ne s&rsquo;agit pas de savoir si toute la connaissance humaine est caduque, il convient de savoir si les principes pr\u00e9tendument universels d\u00e9fendus par une certaine philosophie historiquement rep\u00e9rable, et dont on conna\u00eet fort bien les sources et les th\u00e8ses, sont douteux ou vrais par rapport aux exp\u00e9riences scientifiques et math\u00e9\u00admatiques actuelles. Or la r\u00e9ponse est \u00e9vidente ; elle est si claire qu&rsquo;il faut ne pas vouloir voir l&rsquo;\u00e9vidence pour la nier : cette philosophie a fait son temps ; elle est mortelle comme les civilisations, simplement parce que c&rsquo;est une philosophie et non pas la philosophie enti\u00e8re.<\/span><\/span><\/span><\/span><\/span><\/p>\n<p class=\"western\" align=\"justify\"><b><span style=\"color: #000000;\"><span style=\"text-decoration: none;\"><span style=\"font-size: medium;\"><span style=\"letter-spacing: normal;\"><span lang=\"fr-FR\">Les bases du sacr\u00e9<\/span><\/span><\/span><\/span><\/span><\/b><\/p>\n<p class=\"western\" align=\"justify\"><span style=\"color: #000000;\"><span style=\"text-decoration: none;\"><span style=\"font-size: medium;\"><span style=\"letter-spacing: normal;\"><span lang=\"fr-FR\">En r\u00e9alit\u00e9, le sacr\u00e9 ne repose ni sur l&rsquo;intelligible, ni sur le sensible, ni sur la science, ni sur la m\u00e9taphysique. Le monde du sacr\u00e9 est fond\u00e9 \u00e9ternellement sur l&rsquo;incarnation du myst\u00e8re, c&rsquo;est-\u00e0-dire sur l&rsquo;ordre de l&rsquo;inconnu et de l&rsquo;inconnaissable, sur l&rsquo;ordre du non-humain et non pas sur la seule raison humaine. Et s&rsquo;il n&rsquo;y avait pas de transcendance \u00e0 la base m\u00eame des myst\u00e8res, alors il n&rsquo;y aurait pas non plus de myst\u00e8res et toutes les soci\u00e9t\u00e9s secr\u00e8tes traditionnelles ne seraient que des \u00e9coles de philosophie et des syst\u00e8mes de morale qui passeraient comme tous les syst\u00e8mes et comme toutes les \u00e9coles. Mais si elles sont fond\u00e9es sur la transcen\u00addance, alors les myst\u00e8res initiatiques sont r\u00e9els et non seule\u00adment r\u00e9els mais \u00e9ternels comme leur principe universel. D&rsquo;autre part, la voie traditionnelle vers le divin se propose de changer l&rsquo;homme tout entier et non pas de d\u00e9velopper des pouvoirs humains particuliers. Le processus de cette lente m\u00e9tamorphose, c&rsquo;est l&rsquo;initiation, et ses m\u00e9thodes ne pr\u00e9\u00adsentent aucun rapport avec celles de l&rsquo;enseignement et de la pratique des sciences.<\/span><\/span><\/span><\/span><\/span><\/p>\n<p class=\"western\" align=\"justify\"><span style=\"color: #000000;\"><span style=\"text-decoration: none;\"><span style=\"font-size: medium;\"><span style=\"letter-spacing: normal;\"><span lang=\"fr-FR\">Revenons en effet \u00e0 la base m\u00eame de la m\u00e9taphysique et des sciences, c&rsquo;est-\u00e0-dire au principe d&rsquo;identit\u00e9 pos\u00e9 par Leibniz : \u00ab A est A \u00bb et demandons-nous, d&rsquo;abord, ce que c&rsquo;est que la connaissance. Nous constaterons que son objet le plus g\u00e9n\u00e9ral englobe le connu et l&rsquo;inconnu, car s&rsquo;il n&rsquo;y avait pas d&rsquo;inconnu dans le connu, il n&rsquo;y aurait pas non plus de connaissance possible. Or si son objet participe toujours du connu et de l&rsquo;inconnu, la connaissance est divisible perp\u00e9tuellement dans ses existants finis, c&rsquo;est-\u00e0-dire dans ses relations connues qu&rsquo;elle \u00e9tablit entre les id\u00e9es intelligibles et entre les faits v\u00e9rifiables. Par cons\u00e9quent, la relation est, dans son essence, plus g\u00e9n\u00e9rale que tout principe logique, et le principe d&rsquo;identit\u00e9 lui-m\u00eame n&rsquo;est qu&rsquo;une relation entre A et A telle que toute valeur donn\u00e9e \u00e0 A v\u00e9rifie sa relation avec A. Ce n&rsquo;est donc pas un principe, mais une approxima\u00adtion d&rsquo;identit\u00e9 et qui pr\u00e9suppose l&rsquo;existence de la relation <a class=\"sdfootnoteanc\" href=\"#sdfootnote4sym\" name=\"sdfootnote4anc\"><sup>4<\/sup><\/a>. Ni la science ni la philosophie ne peuvent atteindre \u00e0 la certitude parce qu&rsquo;elles ont l&rsquo;une et l&rsquo;autre un point de d\u00e9part qui est un miroir o\u00f9 A refl\u00e8te A, qui, \u00e9tant lui-m\u00eame approch\u00e9, mais jamais atteint, est une approximation finie de similitude, mais non pas une \u00e9quivalence totale d&rsquo;identit\u00e9. La table que nous voyons maintenant n&rsquo;est pas la table que nous verrons tout \u00e0 l&rsquo;heure simplement parce que nous la s\u00e9parons du tout en tant qu&rsquo;objet de connaissance dis\u00adtincte, et que, l&rsquo;ayant une fois s\u00e9par\u00e9e, nous ne la connais\u00adsons que selon les degr\u00e9s sans fin qui mesurent cette rupture initiale entre la diff\u00e9rence et l&rsquo;identit\u00e9. Mais si nous nous appuyons sur une autre base que le principe d&rsquo;identit\u00e9, si au lieu de nous laisser emporter par le vertige du multiple qui court sans fin apr\u00e8s l&rsquo;unit\u00e9 sans la rejoindre jamais, si hardiment nous nous \u00e9levons vers l&rsquo;infini et vers l&rsquo;inconnu en affirmant avec toute l&rsquo;\u00e9nergie obscure de notre propre unit\u00e9 vivante : \u00ab un est le tout \u00bb, alors d&rsquo;un trait nous relions l&rsquo;un \u00e0 l&rsquo;infini et, au m\u00eame instant, l&rsquo;esprit se d\u00e9livre \u00e0 la fois du sensible et de l&rsquo;intelligible.<\/span><\/span><\/span><\/span><\/span><\/p>\n<p class=\"western\" align=\"justify\"><b><span style=\"color: #000000;\"><span style=\"text-decoration: none;\"><span style=\"font-size: medium;\"><span style=\"letter-spacing: normal;\"><span lang=\"fr-FR\">Un savoir circulaire<\/span><\/span><\/span><\/span><\/span><\/b><\/p>\n<p class=\"western\" align=\"justify\"><span style=\"color: #000000;\"><span style=\"text-decoration: none;\"><span style=\"font-size: medium;\"><span style=\"letter-spacing: normal;\"><span lang=\"fr-FR\">Car si nous affirmons : \u00ab un est le tout \u00bb, nous le faisons au nom du principe le plus profond de notre unit\u00e9 vivante et nous d\u00e9passons alors les antinomies de la raison et les erreurs des sens. Nous ne disons pas \u00ab un est un \u00bb, ni \u00ab le tout est le tout \u00bb, ni \u00ab A est A \u00bb, ni \u00ab B est B \u00bb, nous affir\u00admons : \u00ab A est dans B et B est dans A \u00bb et nous fondons ainsi l&rsquo;analogie : \u00ab A comme B, B comme A \u00bb et nous constatons alors que l&rsquo;infini, le possible, le tout sont reli\u00e9s au fini, \u00e0 l&rsquo;\u00eatre, \u00e0 l&rsquo;un. Au lieu d&rsquo;\u00e9difier une science et une philosophie qui par leur structure logique doivent n\u00e9cessaire\u00adment conduire la connaissance \u00e0 un travail parcellaire de plus en plus divis\u00e9 en fragments de plus en plus \u00e9loign\u00e9s les uns des autres, l&rsquo;initiation \u00e9difie un savoir immuable circu\u00adlaire, revenant sans cesse sur soi-m\u00eame, le savoir unitaire de l&rsquo;analogie, le haut savoir de l&rsquo;Unit\u00e9 supr\u00eame.<\/span><\/span><\/span><\/span><\/span><\/p>\n<p class=\"western\" align=\"justify\"><span style=\"color: #000000;\"><span style=\"text-decoration: none;\"><span style=\"font-size: medium;\"><span style=\"letter-spacing: normal;\"><span lang=\"fr-FR\">Mais o\u00f9 en trouverons-nous le fondement assur\u00e9 ? Nous ne le chercherons ni dans le sensible, ni dans l&rsquo;intelligible, ni dans nos sens, ni dans notre cerveau ; alors nous pourrons le trouver au centre m\u00eame de notre propre <\/span><\/span><\/span><\/span><\/span><span style=\"color: #000000;\"><span style=\"text-decoration: none;\"><span style=\"font-size: medium;\"><span style=\"letter-spacing: normal;\"><span lang=\"fr-FR\">c\u0153ur.<\/span><\/span><\/span><\/span><\/span><span style=\"color: #000000;\"><span style=\"text-decoration: none;\"><span style=\"font-size: medium;\"><span style=\"letter-spacing: normal;\"><span lang=\"fr-FR\"> Centre aveugle mais qui voit, centre sourd mais qui entend, centre silencieux mais qui parle, centre ignorant mais qui sait. Pourquoi ? Parce qu&rsquo;il est l&rsquo;unit\u00e9 m\u00eame autour de laquelle gravitent l&rsquo;universalit\u00e9 des \u00eatres et la totalit\u00e9 des choses.<\/span><\/span><\/span><\/span><\/span><\/p>\n<p class=\"western\" align=\"justify\"><span style=\"color: #000000;\"><span style=\"text-decoration: none;\"><span style=\"font-size: medium;\"><span style=\"letter-spacing: normal;\"><span lang=\"fr-FR\">L&rsquo;enseignement initiatique est ce long, ce douloureux pro\u00adcessus de la renaissance de chacun \u00e0 partir du centre seul situ\u00e9 dans son propre <\/span><\/span><\/span><\/span><\/span><span style=\"color: #000000;\"><span style=\"text-decoration: none;\"><span style=\"font-size: medium;\"><span style=\"letter-spacing: normal;\"><span lang=\"fr-FR\">c\u0153ur.<\/span><\/span><\/span><\/span><\/span><span style=\"color: #000000;\"><span style=\"text-decoration: none;\"><span style=\"font-size: medium;\"><span style=\"letter-spacing: normal;\"><span lang=\"fr-FR\"> Cet enseignement myst\u00e9rieux \u00e9voque la vraie m\u00e9moire qui est gnose de soi et non pas gnose du moi ni du monde. Les sens nous \u00e9garent, la raison nous trompe, mais non pas le savoir inn\u00e9 de notre propre <\/span><\/span><\/span><\/span><\/span><span style=\"color: #000000;\"><span style=\"text-decoration: none;\"><span style=\"font-size: medium;\"><span style=\"letter-spacing: normal;\"><span lang=\"fr-FR\">c\u0153ur.<\/span><\/span><\/span><\/span><\/span><span style=\"color: #000000;\"><span style=\"text-decoration: none;\"><span style=\"font-size: medium;\"><span style=\"letter-spacing: normal;\"><span lang=\"fr-FR\"> Car il ne bat pas seulement dans le temps ; il est stable aussi dans l&rsquo;\u00e9ternit\u00e9 de son principe, et c&rsquo;est en lui seul que coexistent l&rsquo;apparence du mouvement et la r\u00e9alit\u00e9 du repos, l&rsquo;apparence de la guerre et la r\u00e9alit\u00e9 de la paix pro\u00adfonde.<\/span><\/span><\/span><\/span><\/span><\/p>\n<p class=\"western\" align=\"justify\"><span style=\"color: #000000;\"><span style=\"text-decoration: none;\"><span style=\"font-size: medium;\"><span style=\"letter-spacing: normal;\"><span lang=\"fr-FR\">Ainsi, comment les v\u00e9rit\u00e9s scientifiques, comment les v\u00e9rit\u00e9s philosophiques pourraient-elles opposer leurs crit\u00e8res \u00e9ph\u00e9\u00adm\u00e8res et perp\u00e9tuellement inachev\u00e9s aux v\u00e9rit\u00e9s initiatiques qui n&rsquo;ont ni commencement ni fin et qui, par cons\u00e9quent, n&rsquo;\u00e9voluent jamais ?<\/span><\/span><\/span><\/span><\/span><\/p>\n<p class=\"western\" align=\"justify\"><span style=\"color: #000000;\"><span style=\"text-decoration: none;\"><span style=\"font-size: medium;\"><span style=\"letter-spacing: normal;\"><span lang=\"fr-FR\">C&rsquo;est donc du <\/span><\/span><\/span><\/span><\/span><span style=\"color: #000000;\"><span style=\"text-decoration: none;\"><span style=\"font-size: medium;\"><span style=\"letter-spacing: normal;\"><span lang=\"fr-FR\">c\u0153ur<\/span><\/span><\/span><\/span><\/span><span style=\"color: #000000;\"><span style=\"text-decoration: none;\"><span style=\"font-size: medium;\"><span style=\"letter-spacing: normal;\"><span lang=\"fr-FR\"> du myst\u00e8re, de la sagesse initiatique de tous les temps qu&rsquo;\u00e9mane la vraie lumi\u00e8re qui peut \u00e9clairer l&rsquo;esprit humain et, de ce point de vue, il est assez superficiel, quoique n\u00e9cessaire parfois, de parler de l&rsquo;histoire des soci\u00e9t\u00e9s secr\u00e8tes traditionnelles. En r\u00e9alit\u00e9, elles n&rsquo;ont pas d&rsquo;histoire et c&rsquo;est pourquoi elles ont exerc\u00e9 et elles exerceront encore une influence essentielle sur l&rsquo;Histoire.<\/span><\/span><\/span><\/span><\/span><\/p>\n<p class=\"western\" align=\"justify\"><span style=\"color: #000000;\"><span style=\"text-decoration: none;\"><span style=\"font-size: medium;\"><span style=\"letter-spacing: normal;\"><span lang=\"fr-FR\">Il faut en effet reconstituer en un seul corps l&rsquo;unit\u00e9 tradi\u00adtionnelle des myst\u00e8res afin de proposer \u00e0 la science, \u00e0 la philosophie, \u00e0 l&rsquo;art et \u00e0 la religion elle-m\u00eame, une <\/span><\/span><\/span><\/span><\/span><span style=\"color: #000000;\"><span style=\"text-decoration: none;\"><span style=\"font-size: medium;\"><span style=\"letter-spacing: normal;\"><span lang=\"fr-FR\">\u0153cum\u00e9nie<\/span><\/span><\/span><\/span><\/span><span style=\"color: #000000;\"><span style=\"text-decoration: none;\"><span style=\"font-size: medium;\"><span style=\"letter-spacing: normal;\"><span lang=\"fr-FR\"> fond\u00e9e sur un ordre, l&rsquo;ordre des myst\u00e8res, et non pas sur une <\/span><\/span><\/span><\/span><\/span><span style=\"color: #000000;\"><span style=\"text-decoration: none;\"><span style=\"font-size: medium;\"><span style=\"letter-spacing: normal;\"><span lang=\"fr-FR\">\u00c9glise.<\/span><\/span><\/span><\/span><\/span><\/p>\n<p class=\"western\" align=\"justify\"><span style=\"color: #000000;\"><span style=\"text-decoration: none;\"><span style=\"font-size: medium;\"><span style=\"letter-spacing: normal;\"><span lang=\"fr-FR\">C&rsquo;est l\u00e0 v\u00e9ritablement la clef non pas seulement d&rsquo;une r\u00e9vo\u00adlution \u00e9conomique et sociale qui doit, de toute fa\u00e7on, inter\u00advenir afin de restituer le monde \u00e0 l&rsquo;homme et au plus grand nombre possible d&rsquo;\u00eatres humains ; c&rsquo;est aussi la clef d&rsquo;une r\u00e9v\u00e9lation morale et spirituelle qui peut restituer l&rsquo;homme au monde sacr\u00e9 et sans laquelle toute r\u00e9volution seulement mat\u00e9\u00adrielle n&rsquo;est qu&rsquo;un leurre.<\/span><\/span><\/span><\/span><\/span><\/p>\n<p class=\"western\" align=\"justify\"><b><span style=\"color: #000000;\"><span style=\"text-decoration: none;\"><span style=\"font-size: medium;\"><span style=\"letter-spacing: normal;\"><span lang=\"fr-FR\">Tout l&rsquo;homme est \u00e0 changer<\/span><\/span><\/span><\/span><\/span><\/b><\/p>\n<p class=\"western\" align=\"justify\"><span style=\"color: #000000;\"><span style=\"text-decoration: none;\"><span style=\"font-size: medium;\"><span style=\"letter-spacing: normal;\"><span lang=\"fr-FR\">Nous l&rsquo;affirmons : c&rsquo;est tout l&rsquo;homme et non pas l&rsquo;homme social et \u00e9conomique seulement qu&rsquo;il faut changer, et c&rsquo;est le <\/span><\/span><\/span><\/span><\/span><span style=\"color: #000000;\"><span style=\"text-decoration: none;\"><span style=\"font-size: medium;\"><span style=\"letter-spacing: normal;\"><span lang=\"fr-FR\">c\u0153ur<\/span><\/span><\/span><\/span><\/span><span style=\"color: #000000;\"><span style=\"text-decoration: none;\"><span style=\"font-size: medium;\"><span style=\"letter-spacing: normal;\"><span lang=\"fr-FR\"> de l&rsquo;homme et non pas seulement son corps qui doit \u00eatre le centre et le but de tous nos efforts. Par ce travail obstin\u00e9, inlassable, alors quelque chose d&rsquo;enti\u00e8rement nou\u00adveau pourra un jour appara\u00eetre, une nouvelle conscience qui peut seule r\u00e9aliser l&rsquo;\u00e9quilibre que nous cherchons douloureusement encore entre la connaissance et l&rsquo;\u00e9volution spiri\u00adtuelle ; la conscience d&rsquo;un \u00e9tat que pour mieux distinguer du r\u00eave et de l&rsquo;\u00e9tat de veille nous nommerons l&rsquo;\u00e9tat d&rsquo;\u00e9veil, \u00e9tat dont la possession totale est le but m\u00eame de l&rsquo;initiation. <\/span><\/span><\/span><\/span><\/span><\/p>\n<p class=\"western\" align=\"justify\"><span style=\"color: #000000;\"><span style=\"text-decoration: none;\"><span style=\"font-size: medium;\"><span style=\"letter-spacing: normal;\"><span lang=\"fr-FR\">L&rsquo;\u00e9volution harmonieuse du monde profane d\u00e9pend de la stabilit\u00e9 du monde sacr\u00e9. En effet, la r\u00e9alit\u00e9 ne consiste pas seulement dans le mouvement, mais dans la coexistence du mouvement apparent et du repos profond. D&rsquo;un certain point de vue, le temps et le mouvement n&rsquo;existent point. Ils ne sont que des cons\u00e9quences de l&rsquo;extr\u00eame limitation de notre champ de conscience. Afin de mieux faire comprendre ce que nous voulons dire ainsi, nous prendrons un exemple tr\u00e8s simple : supposons que nous plongions dans un liquide parfaitement immobile une bouteille vide, au goulot tr\u00e8s \u00e9troit, muni d&rsquo;une mince membrane. Si un observateur se trouve \u00e0 l&rsquo;int\u00e9rieur de la bouteille, il verra se former de ce c\u00f4t\u00e9 de la membrane des gouttes successives. Si dans ces gouttes se trouvent des \u00e9l\u00e9ments vibrants en raison du fait qu&rsquo;ils ont travers\u00e9 la membrane, cet observateur constatera \u00e0 la fois la succession, c&rsquo;est-\u00e0-dire le temps, et le mouvement, c&rsquo;est-\u00e0-dire la vibra\u00adtion. Il pourra mesurer la position relative des \u00e9l\u00e9ments vibrants, leurs formes, leurs positions, leurs grandeurs. Par l\u00e0, il constatera le mouvement, mais il n&rsquo;aura aucun \u00e9talon de mesure temporel en dehors du mouvement, m\u00eame dans le cas du mouvement local uniforme, comme l&rsquo;a tr\u00e8s bien vu Henri Poincar\u00e9. Chaque ph\u00e9nom\u00e8ne nous appara\u00eet ainsi entour\u00e9 d&rsquo;une goutte de dur\u00e9e qui associe le mouvement \u00e0 la limitation spatiale et temporelle, mais nous ne pouvons pas du tout prouver que le temps existe en dehors de la forme qui le limite n\u00e9cessairement. Maintenant, supposons que l&rsquo;observateur se d\u00e9tourne de l&rsquo;\u00e9vidence de la membrane, c&rsquo;est-\u00e0-dire du monde sensible des ph\u00e9nom\u00e8nes, et qu&rsquo;il des\u00adcende peu \u00e0 peu vers le fond de la bouteille.<\/span><\/span><\/span><\/span><\/span><\/p>\n<p class=\"western\" align=\"justify\"><span style=\"color: #000000;\"><span style=\"text-decoration: none;\"><span style=\"font-size: medium;\"><span style=\"letter-spacing: normal;\"><span lang=\"fr-FR\">Il atteindra d&rsquo;abord la surface de l&rsquo;eau. Il y verra des reflets, des images relativement fixes par rapport aux ph\u00e9nom\u00e8nes sensibles. Or, l&rsquo;id\u00e9e \u00e9tymologiquement est une image, et le monde de l&rsquo;intelligible repr\u00e9sente un monde de reflets rela\u00adtivement<\/span><\/span><\/span><\/span><\/span><span style=\"color: #000000;\"><span style=\"text-decoration: none;\"><span style=\"font-size: medium;\"><span style=\"letter-spacing: normal;\"><span lang=\"fr-FR\"> soustraits \u00e0 la succession des ph\u00e9nom\u00e8nes bien que d\u00e9pendant encore du sensible.<\/span><\/span><\/span><\/span><\/span><\/p>\n<p class=\"western\" align=\"justify\"><b><span style=\"color: #000000;\"><span style=\"text-decoration: none;\"><span style=\"font-size: medium;\"><span style=\"letter-spacing: normal;\"><span lang=\"fr-FR\">L&rsquo;illusion qui nous domine<\/span><\/span><\/span><\/span><\/span><\/b><\/p>\n<p class=\"western\" align=\"justify\"><span style=\"color: #000000;\"><span style=\"text-decoration: none;\"><span style=\"font-size: medium;\"><span style=\"letter-spacing: normal;\"><span lang=\"fr-FR\">Supposons que cet observateur se d\u00e9tourne m\u00eame de ces reflets et qu&rsquo;il plonge au-dessous de la surface des eaux, au-dessous du monde des id\u00e9es, qu&rsquo;il descende plus profon\u00add\u00e9ment encore en lui-m\u00eame et dans la r\u00e9alit\u00e9 myst\u00e9rieuse de sa condition. D&rsquo;abord, il ne verra plus rien, il ne compren\u00addra plus rien, il \u00e9touffera et puis, peu \u00e0 peu, il s&rsquo;apercevra qu&rsquo;il voit confus\u00e9ment sans voir et surtout qu&rsquo;il repose maint<\/span><\/span><\/span><\/span><\/span><span style=\"color: #000000;\"><span style=\"text-decoration: none;\"><span style=\"font-size: medium;\"><span style=\"letter-spacing: normal;\"><span lang=\"fr-FR\">en<\/span><\/span><\/span><\/span><\/span><span style=\"color: #000000;\"><span style=\"text-decoration: none;\"><span style=\"font-size: medium;\"><span style=\"letter-spacing: normal;\"><span lang=\"fr-FR\">ant sur quelque chose de tout \u00e0 fait stable : le fond de la bouteille, le fond de son propre <\/span><\/span><\/span><\/span><\/span><span style=\"color: #000000;\"><span style=\"text-decoration: none;\"><span style=\"font-size: medium;\"><span style=\"letter-spacing: normal;\"><span lang=\"fr-FR\">c\u0153ur.<\/span><\/span><\/span><\/span><\/span><span style=\"color: #000000;\"><span style=\"text-decoration: none;\"><span style=\"font-size: medium;\"><span style=\"letter-spacing: normal;\"><span lang=\"fr-FR\"> Et, l\u00e0, c&rsquo;est r\u00e9elle\u00adment un autre monde que d\u00e9couvre sa conscience, car la succession semble avoir disparu ; le temps s&rsquo;\u00e9tale en nappes ; il ne se succ\u00e8de plus en gouttes pr\u00e9cipit\u00e9es. Tous les \u00e2ges sont l\u00e0 et tous les \u00eatres de tous les \u00e2ges dans ce \u00ab monde des eaux \u00bb, dans ce monde des myst\u00e8res qu&rsquo;est le monde du sacr\u00e9, le monde du fond de la conscience, le monde du fond de la \u00ab dive bouteille \u00bb.<\/span><\/span><\/span><\/span><\/span><\/p>\n<p class=\"western\" align=\"justify\"><span style=\"color: #000000;\"><span style=\"text-decoration: none;\"><span style=\"font-size: medium;\"><span style=\"letter-spacing: normal;\"><span lang=\"fr-FR\">L&rsquo;histoire est vue, alors, \u00e0 travers l&rsquo;\u00e9ternit\u00e9. Chaque goutte de la dur\u00e9e tombe sans troubler \u00ab la paix des profondeurs \u00bb. Et c&rsquo;est \u00e0 partir de cette paix profonde du <\/span><\/span><\/span><\/span><\/span><span style=\"color: #000000;\"><span style=\"text-decoration: none;\"><span style=\"font-size: medium;\"><span style=\"letter-spacing: normal;\"><span lang=\"fr-FR\">c\u0153ur<\/span><\/span><\/span><\/span><\/span><span style=\"color: #000000;\"><span style=\"text-decoration: none;\"><span style=\"font-size: medium;\"><span style=\"letter-spacing: normal;\"><span lang=\"fr-FR\"> que com\u00admence le rite qui est exactement l&rsquo;inverse de l&rsquo;exp\u00e9rience scientifique du sensible, l&rsquo;inverse de l&rsquo;exp\u00e9rience du temps et qui, par l\u00e0, remet tout \u00eatre et toute chose \u00e0 l&rsquo;endroit et \u00e0 sa juste place ; \u00e0 cette place d&rsquo;ailleurs que chacun de nous n&rsquo;a jamais quitt\u00e9e et qu&rsquo;il ne quittera jamais et qui est ce par quoi nous sommes r\u00e9ellement plong\u00e9s dans l&rsquo;\u00e9ternit\u00e9. Or, ce que l&rsquo;on d\u00e9couvre dans cette eau-l\u00e0, ce ne sont plus des \u00eatres ni des choses, ce sont des temples et des symboles plong\u00e9s dans une m\u00eame lumi\u00e8re venue \u00ab du ciel qui n&rsquo;est jamais couvert \u00bb.<\/span><\/span><\/span><\/span><\/span><\/p>\n<p class=\"western\" align=\"justify\"><span style=\"color: #000000;\"><span style=\"text-decoration: none;\"><span style=\"font-size: medium;\"><span style=\"letter-spacing: normal;\"><span lang=\"fr-FR\">Et c&rsquo;est par l\u00e0 que tout rite est un rappel aux apparences de l&rsquo;histoire et du temps, de l&rsquo;infini et de l&rsquo;\u00e9ternit\u00e9.<\/span><\/span><\/span><\/span><\/span><\/p>\n<p class=\"western\" align=\"justify\"><span style=\"color: #000000;\"><span style=\"text-decoration: none;\"><span style=\"font-size: medium;\"><span style=\"letter-spacing: normal;\"><span lang=\"fr-FR\">Si donc le monde du sacr\u00e9 est stable et si, en lui, l&rsquo;homme est profond\u00e9ment plong\u00e9, alors l&rsquo;\u00e9volution du monde pro\u00adfane se fait dans un seul sens ; elle va de la superficie, c&rsquo;est-\u00e0-dire des ph\u00e9nom\u00e8nes, \u00e0 la profondeur, c&rsquo;est-\u00e0-dire \u00e0 l&rsquo;esprit. Si, en revanche, l&rsquo;homme n&rsquo;est plus justement situ\u00e9 par le rite, alors il s&rsquo;identifie aux gouttes qui perlent de la mem\u00adbrane. Il reste du c\u00f4t\u00e9 du pu\u00e9ril revers des choses et dans l&rsquo;angoisse de la dur\u00e9e. Cet engloutissement de la condition humaine par le temps est une illusion, mais c&rsquo;est cette illu\u00adsion qui domine toute notre \u00e9poque et qui, r\u00e9ellement, nous r\u00e9duit en esclavage, nous encha\u00eene \u00e0 l&rsquo;idol\u00e2trie de l&rsquo;histoire, du mouvement et de la quantit\u00e9. Contre cette idol\u00e2trie, il faut lutter de toutes nos forces, car c&rsquo;est un processus \u00ab dia\u00adbolique \u00bb \u2014 au sens de \u00ab diaballein \u00bb, \u00ab jeter de part et d&rsquo;autre \u00bb, \u00ab disperser \u00bb. La condition humaine actuelle est dispersion de l&rsquo;homme, dispersion dans le temps, dispersion dans l&rsquo;espace, dispersion dans les d\u00e9sirs, dispersion dans la connaissance, dispersion dans l&rsquo;action. L&rsquo;humanit\u00e9 moderne est une humanit\u00e9 dispers\u00e9e en une multitude de fragments et de mondes logiques autonomes et sans communication mutuelle. Or toute dispersion a pour r\u00e9sultat la diminution de la conscience. L&rsquo;humanit\u00e9 actuelle est en train de perdre conscience et cela est plus grave encore que les dangers atomiques. Il faut donc lui rendre le sens du sacr\u00e9 et lui restituer ainsi \u00e0 la fois sa vraie m\u00e9moire et la dignit\u00e9 de sa vocation primordiale.<\/span><\/span><\/span><\/span><\/span><\/p>\n<p class=\"western\" align=\"justify\">____________________________________________________________<\/p>\n<div id=\"sdfootnote1\">\n<p class=\"sdfootnote-western\" style=\"margin-left: 0cm; text-indent: 0cm; page-break-before: always;\" align=\"justify\"><a class=\"sdfootnotesym\" href=\"#sdfootnote1anc\" name=\"sdfootnote1sym\">1<\/a><span style=\"color: #000000;\"><span style=\"text-decoration: none;\"><span style=\"font-size: medium;\"><span style=\"letter-spacing: normal;\"><span lang=\"fr-FR\"> C&rsquo;est en effet du principe d&rsquo;iden\u00adtit\u00e9 que l&rsquo;on d\u00e9rive le principe de non-contradiction et le principe du tiers-exclu. Leur \u00e9nonc\u00e9 ne pr\u00e9\u00adsente aucun int\u00e9r\u00eat particulier puis\u00adqu&rsquo;il suffit d&rsquo;admettre le principe d&rsquo;identit\u00e9 \u00ab A est A \u00bb non seule\u00adment pour en d\u00e9duire tous les prin\u00adcipes de la logique, mais tous ceux des math\u00e9matiques et, de proche en proche, des sciences actuelle\u00adment connues.<\/span><\/span><\/span><\/span><\/span><\/p>\n<\/div>\n<div id=\"sdfootnote2\">\n<p class=\"sdfootnote-western\" style=\"margin-left: 0cm; text-indent: 0cm;\" align=\"justify\"><a class=\"sdfootnotesym\" href=\"#sdfootnote2anc\" name=\"sdfootnote2sym\">2<\/a> <span style=\"color: #000000;\"><span style=\"text-decoration: none;\"><span style=\"font-size: medium;\"><span style=\"letter-spacing: normal;\"><span lang=\"fr-FR\">C&rsquo;est pourquoi Pie XII n&rsquo;a pas h\u00e9sit\u00e9 \u00e0 intervenir dans un discours, le 13 septembre 1955, adress\u00e9 au congr\u00e8s thomiste \u00e0 propos de l&rsquo;in\u00adcertitude constat\u00e9e en microphy\u00adsique et au sujet du changement de la masse en \u00e9nergie. La masse \u00e9tant une manifestation sensible d&rsquo;un mode d&rsquo;action comme l&rsquo;\u00e9nergie, ni l&rsquo;une ni l&rsquo;autre n&rsquo;\u00e9tant des substances, et la philosophie tho\u00admiste admettant des changements substantiels, on comprend qu&rsquo;il est, \u00ab a fortiori \u00bb, possible \u00e0 cette phi\u00adlosophie d&rsquo;admettre le changement accidentel de la masse en \u00e9nergie. Quelle que soit la valeur de cette intervention pontificale et de ces arguments thomistes, ils r\u00e9v\u00e8lent n\u00e9anmoins l&rsquo;existence d&rsquo;un profond malaise dans la pens\u00e9e catholique moderne.<\/span><\/span><\/span><\/span><\/span><\/p>\n<\/div>\n<div id=\"sdfootnote3\">\n<p class=\"sdfootnote-western\" style=\"margin-left: 0cm; text-indent: 0cm;\" align=\"justify\"><a class=\"sdfootnotesym\" href=\"#sdfootnote3anc\" name=\"sdfootnote3sym\">3<\/a> <span style=\"color: #000000;\"><span style=\"text-decoration: none;\"><span style=\"font-size: medium;\"><span style=\"letter-spacing: normal;\"><span lang=\"fr-FR\">H\u00e9raclite (576-480 avant J.-C.), n\u00e9 \u00e0 \u00c9ph\u00e8se, concevait l&rsquo;univers comme le produit des forces dynamiques d&rsquo;un flux \u00e9ternel. Le monde \u00e9tait pour lui en perp\u00e9tuel change\u00adment, en perp\u00e9tuel devenir sous l&rsquo;ac\u00adtion de pouss\u00e9es et de tensions cr\u00e9a\u00adtrices. Sa philosophie aboutit aux premiers atomistes, tel D\u00e9mocrite. La science moderne rejoint les lignes essentielles de cette philoso\u00adphie antique.<\/span><\/span><\/span><\/span><\/span><\/p>\n<\/div>\n<div id=\"sdfootnote4\">\n<p class=\"sdfootnote-western\" style=\"margin-left: 0cm; text-indent: 0cm;\" align=\"justify\"><a class=\"sdfootnotesym\" href=\"#sdfootnote4anc\" name=\"sdfootnote4sym\">4<\/a> <span style=\"color: #000000;\"><span style=\"text-decoration: none;\"><span style=\"font-size: medium;\"><span style=\"letter-spacing: normal;\"><span lang=\"fr-FR\">Dans ces conditions, nous re\u00adtrouverons dans la divisibilit\u00e9 m\u00eame de la connaissance en concepts le probl\u00e8me pos\u00e9 par la divisibilit\u00e9 de la mati\u00e8re en nombre fini. \u00ab Chaque intervalle, \u00e9crit \u00e0 ce sujet le p\u00e8re Boscovitch en parlant de cette divisibilit\u00e9, sera certes divi\u00adsible \u00e0 l&rsquo;infini par l&rsquo;interposition d&rsquo;autres points mat\u00e9riels puis d&rsquo;autres encore et ainsi de suite, lesquels, une fois pos\u00e9s, seront de m\u00eame en nombre fini et laisseront la place pour bien d&rsquo;autres ; et ceux-ci quand ils existeront forme\u00adront eux aussi un nombre fini de sorte que l&rsquo;infini sera uniquement dans les possibles, mais non pas dans les existants. \u00bb On comprend ainsi pourquoi la connaissance du sensible comme celle de l&rsquo;intelligible est perp\u00e9tuellement inachev\u00e9e et pourquoi elle le sera toujours parce que l&rsquo;inconnu qui est dans les possibles, empi\u00e8te sans cesse sur le connu, c&rsquo;est-\u00e0-dire sur les existants.<\/span><\/span><\/span><\/span><\/span><\/p>\n<p class=\"sdfootnote-western\" style=\"margin-left: 0cm; text-indent: 0cm;\" align=\"justify\"><span style=\"color: #000000;\"><span style=\"text-decoration: none;\"><span style=\"font-size: medium;\"><span style=\"letter-spacing: normal;\"><span lang=\"fr-FR\">\u00c0<\/span><\/span><\/span><\/span><\/span><span style=\"color: #000000;\"><span style=\"text-decoration: none;\"><span style=\"font-size: medium;\"><span style=\"letter-spacing: normal;\"><span lang=\"fr-FR\"> la fin du XVIIIe si\u00e8cle, le g\u00e9nie universel du p\u00e8re Boscovitch \u00e9ton\u00adnait l&rsquo;Europe. On ressent devant son <\/span><\/span><\/span><\/span><\/span><span style=\"color: #000000;\"><span style=\"text-decoration: none;\"><span style=\"font-size: medium;\"><span style=\"letter-spacing: normal;\"><span lang=\"fr-FR\">\u0153uvre<\/span><\/span><\/span><\/span><\/span><span style=\"color: #000000;\"><span style=\"text-decoration: none;\"><span style=\"font-size: medium;\"><span style=\"letter-spacing: normal;\"><span lang=\"fr-FR\"> une impression ana\u00adlogue \u00e0 celle que peut provoquer, chez le touriste, l&rsquo;alignement cyclo\u00adp\u00e9en des menhirs. Sans parler des m\u00e9moires et des communications scientifiques, Boscovitch a \u00e9crit 14 ouvrages de math\u00e9matiques pures, 15 d&rsquo;astronomie, 21 ou\u00advrages de physique, 7 d&rsquo;optique, 5 d&rsquo;arch\u00e9ologie et 7 livres de po\u00e9sie latine. Il a \u00e9mis des id\u00e9es qui n&rsquo;ont \u00e9t\u00e9 red\u00e9couvertes que r\u00e9cemment et certains consid\u00e8rent cet homme, mort en 1787, sinon comme un mutant, du moins comme un esprit du XX<\/span><\/span><\/span><\/span><\/span><span style=\"color: #000000;\"><span style=\"text-decoration: none;\"><span style=\"font-size: medium;\"><span style=\"letter-spacing: normal;\"><span lang=\"fr-FR\">I<\/span><\/span><\/span><\/span><\/span><span style=\"color: #000000;\"><span style=\"text-decoration: none;\"><span style=\"font-size: medium;\"><span style=\"letter-spacing: normal;\"><span lang=\"fr-FR\">e si\u00e8cle \u00e9gar\u00e9 au <\/span><\/span><\/span><\/span><\/span><span style=\"color: #000000;\"><span style=\"text-decoration: none;\"><span style=\"font-size: medium;\"><span style=\"letter-spacing: normal;\"><span lang=\"fr-FR\">X<\/span><\/span><\/span><\/span><\/span><span style=\"color: #000000;\"><span style=\"text-decoration: none;\"><span style=\"font-size: medium;\"><span style=\"letter-spacing: normal;\"><span lang=\"fr-FR\">VIIIe si\u00e8cle.<\/span><\/span><\/span><\/span><\/span><\/p>\n<\/div>\n","protected":false},"excerpt":{"rendered":"<p>En r\u00e9alit\u00e9, le sacr\u00e9 ne repose ni sur l\u2019intelligible, ni sur le sensible, ni sur la science, ni sur la m\u00e9taphysique. Le monde du sacr\u00e9 est fond\u00e9 \u00e9ternellement sur l\u2019incarnation du myst\u00e8re, c\u2019est-\u00e0-dire sur l\u2019ordre de l\u2019inconnu et de l\u2019inconnaissable, sur l\u2019ordre du non-humain et non pas sur la seule raison humaine. Et s\u2019il n\u2019y avait pas de transcendance \u00e0 la base m\u00eame des myst\u00e8res, alors il n\u2019y aurait pas non plus de myst\u00e8res et toutes les soci\u00e9t\u00e9s secr\u00e8tes traditionnelles ne seraient que des \u00e9coles de philosophie et des syst\u00e8mes de morale qui passeraient comme tous les syst\u00e8mes et comme toutes les \u00e9coles. Mais si elles sont fond\u00e9es sur la transcen\u00addance, alors les myst\u00e8res initiatiques sont r\u00e9els et non seule\u00adment r\u00e9els mais \u00e9ternels comme leur principe universel. D\u2019autre part, la voie traditionnelle vers le divin se propose de changer l\u2019homme tout entier et non pas de d\u00e9velopper des pouvoirs humains particuliers. Le processus de cette lente m\u00e9tamorphose, c\u2019est l\u2019initiation, et ses m\u00e9thodes ne pr\u00e9\u00adsentent aucun rapport avec celles de l\u2019enseignement et de la pratique des sciences&#8230;<\/p>\n","protected":false},"author":1,"featured_media":13575,"comment_status":"closed","ping_status":"closed","sticky":false,"template":"","format":"standard","meta":{"footnotes":""},"categories":[664],"tags":[353,131,362,99],"class_list":["post-16376","post","type-post","status-publish","format-standard","has-post-thumbnail","hentry","category-alleau-rene","tag-initiation","tag-logique","tag-sacre","tag-science"],"yoast_head":"<!-- This site is optimized with the Yoast SEO plugin v27.0 - https:\/\/yoast.com\/product\/yoast-seo-wordpress\/ -->\n<title>Les soci\u00e9t\u00e9s secr\u00e8tes modernes : 4 Les m\u00e9thodes initiatiques et l&#039;\u00e9volution des sciences - 3e mill\u00e9naire - Spiritualit\u00e9 - Connaissance de soi - Non-dualit\u00e9 - M\u00e9ditation<\/title>\n<meta name=\"robots\" content=\"index, follow, max-snippet:-1, max-image-preview:large, max-video-preview:-1\" \/>\n<link rel=\"canonical\" href=\"https:\/\/www.revue3emillenaire.com\/blog\/les-societes-secretes-modernes-4-les-methodes-initiatiques-et-levolution-des-sciences\/\" \/>\n<meta property=\"og:locale\" content=\"fr_FR\" \/>\n<meta property=\"og:type\" content=\"article\" \/>\n<meta property=\"og:title\" content=\"Les soci\u00e9t\u00e9s secr\u00e8tes modernes : 4 Les m\u00e9thodes initiatiques et l&#039;\u00e9volution des sciences - 3e mill\u00e9naire - Spiritualit\u00e9 - Connaissance de soi - Non-dualit\u00e9 - M\u00e9ditation\" \/>\n<meta property=\"og:description\" content=\"En r\u00e9alit\u00e9, le sacr\u00e9 ne repose ni sur l\u2019intelligible, ni sur le sensible, ni sur la science, ni sur la m\u00e9taphysique. Le monde du sacr\u00e9 est fond\u00e9 \u00e9ternellement sur l\u2019incarnation du myst\u00e8re, c\u2019est-\u00e0-dire sur l\u2019ordre de l\u2019inconnu et de l\u2019inconnaissable, sur l\u2019ordre du non-humain et non pas sur la seule raison humaine. Et s\u2019il n\u2019y avait pas de transcendance \u00e0 la base m\u00eame des myst\u00e8res, alors il n\u2019y aurait pas non plus de myst\u00e8res et toutes les soci\u00e9t\u00e9s secr\u00e8tes traditionnelles ne seraient que des \u00e9coles de philosophie et des syst\u00e8mes de morale qui passeraient comme tous les syst\u00e8mes et comme toutes les \u00e9coles. Mais si elles sont fond\u00e9es sur la transcen\u00addance, alors les myst\u00e8res initiatiques sont r\u00e9els et non seule\u00adment r\u00e9els mais \u00e9ternels comme leur principe universel. D\u2019autre part, la voie traditionnelle vers le divin se propose de changer l\u2019homme tout entier et non pas de d\u00e9velopper des pouvoirs humains particuliers. Le processus de cette lente m\u00e9tamorphose, c\u2019est l\u2019initiation, et ses m\u00e9thodes ne pr\u00e9\u00adsentent aucun rapport avec celles de l\u2019enseignement et de la pratique des sciences...\" \/>\n<meta property=\"og:url\" content=\"https:\/\/www.revue3emillenaire.com\/blog\/les-societes-secretes-modernes-4-les-methodes-initiatiques-et-levolution-des-sciences\/\" \/>\n<meta property=\"og:site_name\" content=\"3e mill\u00e9naire - Spiritualit\u00e9 - Connaissance de soi - Non-dualit\u00e9 - M\u00e9ditation\" \/>\n<meta property=\"article:published_time\" content=\"2014-11-27T00:23:09+00:00\" \/>\n<meta property=\"article:modified_time\" content=\"2015-01-15T21:35:58+00:00\" \/>\n<meta property=\"og:image\" content=\"https:\/\/www.revue3emillenaire.com\/blog\/wp-content\/uploads\/2013\/05\/alleau.jpg\" \/>\n\t<meta property=\"og:image:width\" content=\"107\" \/>\n\t<meta property=\"og:image:height\" content=\"112\" \/>\n\t<meta property=\"og:image:type\" content=\"image\/jpeg\" \/>\n<meta name=\"author\" content=\"3e mill\u00e9naire\" \/>\n<meta name=\"twitter:card\" content=\"summary_large_image\" \/>\n<meta name=\"twitter:label1\" content=\"\u00c9crit par\" \/>\n\t<meta name=\"twitter:data1\" content=\"3e mill\u00e9naire\" \/>\n\t<meta name=\"twitter:label2\" content=\"Dur\u00e9e de lecture estim\u00e9e\" \/>\n\t<meta name=\"twitter:data2\" content=\"18 minutes\" \/>\n<script type=\"application\/ld+json\" class=\"yoast-schema-graph\">{\"@context\":\"https:\/\/schema.org\",\"@graph\":[{\"@type\":\"Article\",\"@id\":\"https:\/\/www.revue3emillenaire.com\/blog\/les-societes-secretes-modernes-4-les-methodes-initiatiques-et-levolution-des-sciences\/#article\",\"isPartOf\":{\"@id\":\"https:\/\/www.revue3emillenaire.com\/blog\/les-societes-secretes-modernes-4-les-methodes-initiatiques-et-levolution-des-sciences\/\"},\"author\":{\"name\":\"3e mill\u00e9naire\",\"@id\":\"https:\/\/www.revue3emillenaire.com\/blog\/#\/schema\/person\/9a3a7cc4ccaa707f402d4394327106d5\"},\"headline\":\"Les soci\u00e9t\u00e9s secr\u00e8tes modernes : 4 Les m\u00e9thodes initiatiques et l&rsquo;\u00e9volution des sciences\",\"datePublished\":\"2014-11-27T00:23:09+00:00\",\"dateModified\":\"2015-01-15T21:35:58+00:00\",\"mainEntityOfPage\":{\"@id\":\"https:\/\/www.revue3emillenaire.com\/blog\/les-societes-secretes-modernes-4-les-methodes-initiatiques-et-levolution-des-sciences\/\"},\"wordCount\":3556,\"image\":{\"@id\":\"https:\/\/www.revue3emillenaire.com\/blog\/les-societes-secretes-modernes-4-les-methodes-initiatiques-et-levolution-des-sciences\/#primaryimage\"},\"thumbnailUrl\":\"https:\/\/www.revue3emillenaire.com\/blog\/wp-content\/uploads\/2013\/05\/alleau.jpg\",\"keywords\":[\"Initiation\",\"logique\",\"sacr\u00e9\",\"Science\"],\"articleSection\":[\"Alleau Ren\u00e9\"],\"inLanguage\":\"fr-FR\"},{\"@type\":\"WebPage\",\"@id\":\"https:\/\/www.revue3emillenaire.com\/blog\/les-societes-secretes-modernes-4-les-methodes-initiatiques-et-levolution-des-sciences\/\",\"url\":\"https:\/\/www.revue3emillenaire.com\/blog\/les-societes-secretes-modernes-4-les-methodes-initiatiques-et-levolution-des-sciences\/\",\"name\":\"Les soci\u00e9t\u00e9s secr\u00e8tes modernes : 4 Les m\u00e9thodes initiatiques et l'\u00e9volution des sciences - 3e mill\u00e9naire - Spiritualit\u00e9 - Connaissance de soi - Non-dualit\u00e9 - M\u00e9ditation\",\"isPartOf\":{\"@id\":\"https:\/\/www.revue3emillenaire.com\/blog\/#website\"},\"primaryImageOfPage\":{\"@id\":\"https:\/\/www.revue3emillenaire.com\/blog\/les-societes-secretes-modernes-4-les-methodes-initiatiques-et-levolution-des-sciences\/#primaryimage\"},\"image\":{\"@id\":\"https:\/\/www.revue3emillenaire.com\/blog\/les-societes-secretes-modernes-4-les-methodes-initiatiques-et-levolution-des-sciences\/#primaryimage\"},\"thumbnailUrl\":\"https:\/\/www.revue3emillenaire.com\/blog\/wp-content\/uploads\/2013\/05\/alleau.jpg\",\"datePublished\":\"2014-11-27T00:23:09+00:00\",\"dateModified\":\"2015-01-15T21:35:58+00:00\",\"author\":{\"@id\":\"https:\/\/www.revue3emillenaire.com\/blog\/#\/schema\/person\/9a3a7cc4ccaa707f402d4394327106d5\"},\"breadcrumb\":{\"@id\":\"https:\/\/www.revue3emillenaire.com\/blog\/les-societes-secretes-modernes-4-les-methodes-initiatiques-et-levolution-des-sciences\/#breadcrumb\"},\"inLanguage\":\"fr-FR\",\"potentialAction\":[{\"@type\":\"ReadAction\",\"target\":[\"https:\/\/www.revue3emillenaire.com\/blog\/les-societes-secretes-modernes-4-les-methodes-initiatiques-et-levolution-des-sciences\/\"]}]},{\"@type\":\"ImageObject\",\"inLanguage\":\"fr-FR\",\"@id\":\"https:\/\/www.revue3emillenaire.com\/blog\/les-societes-secretes-modernes-4-les-methodes-initiatiques-et-levolution-des-sciences\/#primaryimage\",\"url\":\"https:\/\/www.revue3emillenaire.com\/blog\/wp-content\/uploads\/2013\/05\/alleau.jpg\",\"contentUrl\":\"https:\/\/www.revue3emillenaire.com\/blog\/wp-content\/uploads\/2013\/05\/alleau.jpg\",\"width\":\"107\",\"height\":\"112\"},{\"@type\":\"BreadcrumbList\",\"@id\":\"https:\/\/www.revue3emillenaire.com\/blog\/les-societes-secretes-modernes-4-les-methodes-initiatiques-et-levolution-des-sciences\/#breadcrumb\",\"itemListElement\":[{\"@type\":\"ListItem\",\"position\":1,\"name\":\"Accueil\",\"item\":\"https:\/\/www.revue3emillenaire.com\/blog\/\"},{\"@type\":\"ListItem\",\"position\":2,\"name\":\"Les soci\u00e9t\u00e9s secr\u00e8tes modernes : 4 Les m\u00e9thodes initiatiques et l&rsquo;\u00e9volution des sciences\"}]},{\"@type\":\"WebSite\",\"@id\":\"https:\/\/www.revue3emillenaire.com\/blog\/#website\",\"url\":\"https:\/\/www.revue3emillenaire.com\/blog\/\",\"name\":\"3e mill\u00e9naire - Spiritualit\u00e9 - Connaissance de soi - Non-dualit\u00e9 - M\u00e9ditation\",\"description\":\"L&#039;Homme en devenir\",\"potentialAction\":[{\"@type\":\"SearchAction\",\"target\":{\"@type\":\"EntryPoint\",\"urlTemplate\":\"https:\/\/www.revue3emillenaire.com\/blog\/?s={search_term_string}\"},\"query-input\":{\"@type\":\"PropertyValueSpecification\",\"valueRequired\":true,\"valueName\":\"search_term_string\"}}],\"inLanguage\":\"fr-FR\"},{\"@type\":\"Person\",\"@id\":\"https:\/\/www.revue3emillenaire.com\/blog\/#\/schema\/person\/9a3a7cc4ccaa707f402d4394327106d5\",\"name\":\"3e mill\u00e9naire\",\"url\":\"https:\/\/www.revue3emillenaire.com\/blog\/author\/admin\/\"}]}<\/script>\n<!-- \/ Yoast SEO plugin. -->","yoast_head_json":{"title":"Les soci\u00e9t\u00e9s secr\u00e8tes modernes : 4 Les m\u00e9thodes initiatiques et l'\u00e9volution des sciences - 3e mill\u00e9naire - Spiritualit\u00e9 - Connaissance de soi - Non-dualit\u00e9 - M\u00e9ditation","robots":{"index":"index","follow":"follow","max-snippet":"max-snippet:-1","max-image-preview":"max-image-preview:large","max-video-preview":"max-video-preview:-1"},"canonical":"https:\/\/www.revue3emillenaire.com\/blog\/les-societes-secretes-modernes-4-les-methodes-initiatiques-et-levolution-des-sciences\/","og_locale":"fr_FR","og_type":"article","og_title":"Les soci\u00e9t\u00e9s secr\u00e8tes modernes : 4 Les m\u00e9thodes initiatiques et l'\u00e9volution des sciences - 3e mill\u00e9naire - Spiritualit\u00e9 - Connaissance de soi - Non-dualit\u00e9 - M\u00e9ditation","og_description":"En r\u00e9alit\u00e9, le sacr\u00e9 ne repose ni sur l\u2019intelligible, ni sur le sensible, ni sur la science, ni sur la m\u00e9taphysique. Le monde du sacr\u00e9 est fond\u00e9 \u00e9ternellement sur l\u2019incarnation du myst\u00e8re, c\u2019est-\u00e0-dire sur l\u2019ordre de l\u2019inconnu et de l\u2019inconnaissable, sur l\u2019ordre du non-humain et non pas sur la seule raison humaine. Et s\u2019il n\u2019y avait pas de transcendance \u00e0 la base m\u00eame des myst\u00e8res, alors il n\u2019y aurait pas non plus de myst\u00e8res et toutes les soci\u00e9t\u00e9s secr\u00e8tes traditionnelles ne seraient que des \u00e9coles de philosophie et des syst\u00e8mes de morale qui passeraient comme tous les syst\u00e8mes et comme toutes les \u00e9coles. Mais si elles sont fond\u00e9es sur la transcen\u00addance, alors les myst\u00e8res initiatiques sont r\u00e9els et non seule\u00adment r\u00e9els mais \u00e9ternels comme leur principe universel. D\u2019autre part, la voie traditionnelle vers le divin se propose de changer l\u2019homme tout entier et non pas de d\u00e9velopper des pouvoirs humains particuliers. Le processus de cette lente m\u00e9tamorphose, c\u2019est l\u2019initiation, et ses m\u00e9thodes ne pr\u00e9\u00adsentent aucun rapport avec celles de l\u2019enseignement et de la pratique des sciences...","og_url":"https:\/\/www.revue3emillenaire.com\/blog\/les-societes-secretes-modernes-4-les-methodes-initiatiques-et-levolution-des-sciences\/","og_site_name":"3e mill\u00e9naire - Spiritualit\u00e9 - Connaissance de soi - Non-dualit\u00e9 - M\u00e9ditation","article_published_time":"2014-11-27T00:23:09+00:00","article_modified_time":"2015-01-15T21:35:58+00:00","og_image":[{"width":107,"height":112,"url":"https:\/\/www.revue3emillenaire.com\/blog\/wp-content\/uploads\/2013\/05\/alleau.jpg","type":"image\/jpeg"}],"author":"3e mill\u00e9naire","twitter_card":"summary_large_image","twitter_misc":{"\u00c9crit par":"3e mill\u00e9naire","Dur\u00e9e de lecture estim\u00e9e":"18 minutes"},"schema":{"@context":"https:\/\/schema.org","@graph":[{"@type":"Article","@id":"https:\/\/www.revue3emillenaire.com\/blog\/les-societes-secretes-modernes-4-les-methodes-initiatiques-et-levolution-des-sciences\/#article","isPartOf":{"@id":"https:\/\/www.revue3emillenaire.com\/blog\/les-societes-secretes-modernes-4-les-methodes-initiatiques-et-levolution-des-sciences\/"},"author":{"name":"3e mill\u00e9naire","@id":"https:\/\/www.revue3emillenaire.com\/blog\/#\/schema\/person\/9a3a7cc4ccaa707f402d4394327106d5"},"headline":"Les soci\u00e9t\u00e9s secr\u00e8tes modernes : 4 Les m\u00e9thodes initiatiques et l&rsquo;\u00e9volution des sciences","datePublished":"2014-11-27T00:23:09+00:00","dateModified":"2015-01-15T21:35:58+00:00","mainEntityOfPage":{"@id":"https:\/\/www.revue3emillenaire.com\/blog\/les-societes-secretes-modernes-4-les-methodes-initiatiques-et-levolution-des-sciences\/"},"wordCount":3556,"image":{"@id":"https:\/\/www.revue3emillenaire.com\/blog\/les-societes-secretes-modernes-4-les-methodes-initiatiques-et-levolution-des-sciences\/#primaryimage"},"thumbnailUrl":"https:\/\/www.revue3emillenaire.com\/blog\/wp-content\/uploads\/2013\/05\/alleau.jpg","keywords":["Initiation","logique","sacr\u00e9","Science"],"articleSection":["Alleau Ren\u00e9"],"inLanguage":"fr-FR"},{"@type":"WebPage","@id":"https:\/\/www.revue3emillenaire.com\/blog\/les-societes-secretes-modernes-4-les-methodes-initiatiques-et-levolution-des-sciences\/","url":"https:\/\/www.revue3emillenaire.com\/blog\/les-societes-secretes-modernes-4-les-methodes-initiatiques-et-levolution-des-sciences\/","name":"Les soci\u00e9t\u00e9s secr\u00e8tes modernes : 4 Les m\u00e9thodes initiatiques et l'\u00e9volution des sciences - 3e mill\u00e9naire - Spiritualit\u00e9 - Connaissance de soi - Non-dualit\u00e9 - M\u00e9ditation","isPartOf":{"@id":"https:\/\/www.revue3emillenaire.com\/blog\/#website"},"primaryImageOfPage":{"@id":"https:\/\/www.revue3emillenaire.com\/blog\/les-societes-secretes-modernes-4-les-methodes-initiatiques-et-levolution-des-sciences\/#primaryimage"},"image":{"@id":"https:\/\/www.revue3emillenaire.com\/blog\/les-societes-secretes-modernes-4-les-methodes-initiatiques-et-levolution-des-sciences\/#primaryimage"},"thumbnailUrl":"https:\/\/www.revue3emillenaire.com\/blog\/wp-content\/uploads\/2013\/05\/alleau.jpg","datePublished":"2014-11-27T00:23:09+00:00","dateModified":"2015-01-15T21:35:58+00:00","author":{"@id":"https:\/\/www.revue3emillenaire.com\/blog\/#\/schema\/person\/9a3a7cc4ccaa707f402d4394327106d5"},"breadcrumb":{"@id":"https:\/\/www.revue3emillenaire.com\/blog\/les-societes-secretes-modernes-4-les-methodes-initiatiques-et-levolution-des-sciences\/#breadcrumb"},"inLanguage":"fr-FR","potentialAction":[{"@type":"ReadAction","target":["https:\/\/www.revue3emillenaire.com\/blog\/les-societes-secretes-modernes-4-les-methodes-initiatiques-et-levolution-des-sciences\/"]}]},{"@type":"ImageObject","inLanguage":"fr-FR","@id":"https:\/\/www.revue3emillenaire.com\/blog\/les-societes-secretes-modernes-4-les-methodes-initiatiques-et-levolution-des-sciences\/#primaryimage","url":"https:\/\/www.revue3emillenaire.com\/blog\/wp-content\/uploads\/2013\/05\/alleau.jpg","contentUrl":"https:\/\/www.revue3emillenaire.com\/blog\/wp-content\/uploads\/2013\/05\/alleau.jpg","width":"107","height":"112"},{"@type":"BreadcrumbList","@id":"https:\/\/www.revue3emillenaire.com\/blog\/les-societes-secretes-modernes-4-les-methodes-initiatiques-et-levolution-des-sciences\/#breadcrumb","itemListElement":[{"@type":"ListItem","position":1,"name":"Accueil","item":"https:\/\/www.revue3emillenaire.com\/blog\/"},{"@type":"ListItem","position":2,"name":"Les soci\u00e9t\u00e9s secr\u00e8tes modernes : 4 Les m\u00e9thodes initiatiques et l&rsquo;\u00e9volution des sciences"}]},{"@type":"WebSite","@id":"https:\/\/www.revue3emillenaire.com\/blog\/#website","url":"https:\/\/www.revue3emillenaire.com\/blog\/","name":"3e mill\u00e9naire - Spiritualit\u00e9 - Connaissance de soi - Non-dualit\u00e9 - M\u00e9ditation","description":"L&#039;Homme en devenir","potentialAction":[{"@type":"SearchAction","target":{"@type":"EntryPoint","urlTemplate":"https:\/\/www.revue3emillenaire.com\/blog\/?s={search_term_string}"},"query-input":{"@type":"PropertyValueSpecification","valueRequired":true,"valueName":"search_term_string"}}],"inLanguage":"fr-FR"},{"@type":"Person","@id":"https:\/\/www.revue3emillenaire.com\/blog\/#\/schema\/person\/9a3a7cc4ccaa707f402d4394327106d5","name":"3e mill\u00e9naire","url":"https:\/\/www.revue3emillenaire.com\/blog\/author\/admin\/"}]}},"_links":{"self":[{"href":"https:\/\/www.revue3emillenaire.com\/blog\/wp-json\/wp\/v2\/posts\/16376","targetHints":{"allow":["GET"]}}],"collection":[{"href":"https:\/\/www.revue3emillenaire.com\/blog\/wp-json\/wp\/v2\/posts"}],"about":[{"href":"https:\/\/www.revue3emillenaire.com\/blog\/wp-json\/wp\/v2\/types\/post"}],"author":[{"embeddable":true,"href":"https:\/\/www.revue3emillenaire.com\/blog\/wp-json\/wp\/v2\/users\/1"}],"replies":[{"embeddable":true,"href":"https:\/\/www.revue3emillenaire.com\/blog\/wp-json\/wp\/v2\/comments?post=16376"}],"version-history":[{"count":0,"href":"https:\/\/www.revue3emillenaire.com\/blog\/wp-json\/wp\/v2\/posts\/16376\/revisions"}],"wp:featuredmedia":[{"embeddable":true,"href":"https:\/\/www.revue3emillenaire.com\/blog\/wp-json\/wp\/v2\/media\/13575"}],"wp:attachment":[{"href":"https:\/\/www.revue3emillenaire.com\/blog\/wp-json\/wp\/v2\/media?parent=16376"}],"wp:term":[{"taxonomy":"category","embeddable":true,"href":"https:\/\/www.revue3emillenaire.com\/blog\/wp-json\/wp\/v2\/categories?post=16376"},{"taxonomy":"post_tag","embeddable":true,"href":"https:\/\/www.revue3emillenaire.com\/blog\/wp-json\/wp\/v2\/tags?post=16376"}],"curies":[{"name":"wp","href":"https:\/\/api.w.org\/{rel}","templated":true}]}}