{"id":16378,"date":"2014-11-21T19:31:43","date_gmt":"2014-11-21T18:31:43","guid":{"rendered":"http:\/\/www.revue3emillenaire.com\/blog\/?p=16378"},"modified":"2014-11-21T19:31:43","modified_gmt":"2014-11-21T18:31:43","slug":"moi-la-violence-et-les-autres-par-docteur-bernard-pernel","status":"publish","type":"post","link":"https:\/\/www.revue3emillenaire.com\/blog\/moi-la-violence-et-les-autres-par-docteur-bernard-pernel\/","title":{"rendered":"Moi, la violence et les autres par docteur Bernard Pernel"},"content":{"rendered":"<p align=\"justify\"><span style=\"color: #000000;\"><span style=\"font-size: medium;\"><span lang=\"fr-CA\">(Revue Itin\u00e9rance. No 2. Novembre 1986)<\/span><\/span><\/span><\/p>\n<p align=\"justify\"><b><span style=\"color: #000000;\"><span style=\"text-decoration: none;\"><span style=\"font-size: medium;\"><span style=\"letter-spacing: normal;\"><span lang=\"fr-FR\">LES RACINES DE LA VIOLENCE<\/span><\/span><\/span><\/span><\/span><\/b><\/p>\n<p align=\"justify\"><span style=\"color: #000000;\"><span style=\"text-decoration: none;\"><span style=\"font-size: medium;\"><span style=\"letter-spacing: normal;\"><span lang=\"fr-FR\">Pourquoi cette violence ? Il n&rsquo;y a pas de violence sans peur ou sans souffrance. PEUR ET SOUFFRANCE sont les racines de la violence.<\/span><\/span><\/span><\/span><\/span><\/p>\n<p align=\"justify\"><span style=\"color: #000000;\"><span style=\"text-decoration: none;\"><span style=\"font-size: medium;\"><span style=\"letter-spacing: normal;\"><span lang=\"fr-FR\">D&rsquo;o\u00f9 naissent cette peur et cette souffrance ? Probablement \u00e0 l&rsquo;aube de notre existence, d\u00e8s la premi\u00e8re phase de la naissance, quand exil\u00e9 du paradis perdu de l&rsquo;unit\u00e9 primordiale avec notre m\u00e8re, nous tombons dans l&rsquo;enfer de la dualit\u00e9 d\u00e8s les premi\u00e8res contractions ut\u00e9rines.<\/span><\/span><\/span><\/span><\/span><\/p>\n<p align=\"justify\"><span style=\"color: #000000;\"><span style=\"text-decoration: none;\"><span style=\"font-size: medium;\"><span style=\"letter-spacing: normal;\"><span lang=\"fr-FR\">\u00ab\u00a0La naissance est souffrance\u00a0\u00bb a dit le Bouddha ; en cet instant fatal appa\u00adra\u00eet en nous la conscience de la dualit\u00e9, \u00ab\u00a0Moi et non-Moi\u00a0\u00bb germe de toute la souffrance \u00e0 venir, car ce non-Moi surgit comme un tremble\u00adment de terre, comme un cataclysme d\u00e9truisant le sentiment d&rsquo;unit\u00e9 au sein de l&rsquo;oc\u00e9an maternel&#8230; puis, violemment projet\u00e9 dans un espace de vie immense et sans rep\u00e8re, nous allons rencontrer cette r\u00e9alit\u00e9 du \u00ab\u00a0non-Moi\u00a0\u00bb sous les visages des monstres terrifiants que sont la faim, la solitude, l&rsquo;agression au multiples facettes. L&rsquo;inacceptable, le doulou\u00adreux est rejet\u00e9 le plus profond\u00e9ment en nous-m\u00eame, d\u00e9ni\u00e9, refoul\u00e9.<\/span><\/span><\/span><\/span><\/span><\/p>\n<p align=\"justify\"><span style=\"color: #000000;\"><span style=\"text-decoration: none;\"><span style=\"font-size: medium;\"><span style=\"letter-spacing: normal;\"><span lang=\"fr-FR\">LA SOUFFRANCE NA\u00ceT DU REFUS. Toute situation refu\u00ads\u00e9e est douloureuse. Toute situation v\u00e9cue comme doulou\u00adreuse cr\u00e9e en nous la peur de la retrouver.<\/span><\/span><\/span><\/span><\/span><\/p>\n<p align=\"justify\"><b><span style=\"color: #000000;\"><span style=\"text-decoration: none;\"><span style=\"font-size: medium;\"><span style=\"letter-spacing: normal;\"><span lang=\"fr-FR\">ORIGINE M\u00c9TAPHYSIQUE DE LA VIOLENCE<\/span><\/span><\/span><\/span><\/span><\/b><\/p>\n<p align=\"justify\"><span style=\"color: #000000;\"><span style=\"text-decoration: none;\"><span style=\"font-size: medium;\"><span style=\"letter-spacing: normal;\"><span lang=\"fr-FR\">Au cours de tous les enseignements spirituels de chaque tradition, qu&rsquo;elle soit chr\u00e9tienne, hindoue, bouddhiste, soufie ou autre, le principe essen\u00adtiel, le d\u00e9nominateur commun \u00e0 tous ces enseignements, semble \u00eatre une recherche d&rsquo;identit\u00e9, la r\u00e9alisation d&rsquo;un \u00ab\u00a0\u00e9tat de conscience libre de l&rsquo;illusion\u00a0\u00bb.<\/span><\/span><\/span><\/span><\/span><\/p>\n<p align=\"justify\"><span style=\"color: #000000;\"><span style=\"text-decoration: none;\"><span style=\"font-size: medium;\"><span style=\"letter-spacing: normal;\"><span lang=\"fr-FR\">Je suis moi, donc libre de la vision dualiste \u00ab\u00a0Moi et non-Moi\u00a0\u00bb. Cette identification au moi, \u00e0 l&rsquo;ego, \u00e9tant la cause, la racine m\u00eame de la souf\u00adfrance, donc de la violence. En effet, celui qui ne souffre pas, ou n&rsquo;est pas dans la peur de souffrir, n&rsquo;est jamais violent.<\/span><\/span><\/span><\/span><\/span><\/p>\n<p align=\"justify\"><span style=\"color: #000000;\"><span style=\"text-decoration: none;\"><span style=\"font-size: medium;\"><span style=\"letter-spacing: normal;\"><span lang=\"fr-FR\">La violence est la r\u00e9action du Moi et du Mental \u00e0 la souffrance. En effet ce sens du Moi \u00ab\u00a0AHAMKARA\u00a0\u00bb pour le v\u00e9danta, le fait d&rsquo;\u00eatre une vague identifi\u00e9e \u00e0 sa forme et non pas situ\u00e9e au niveau de conscience \u00ab\u00a0je suis l&rsquo;oc\u00e9an\u00a0\u00bb, fait qu&rsquo;en se vivant s\u00e9par\u00e9s des autres et de toutes les formes cr\u00e9es dans l&rsquo;univers, nous nous sentons menac\u00e9s en permanence.<\/span><\/span><\/span><\/span><\/span><\/p>\n<p align=\"justify\"><span style=\"color: #000000;\"><span style=\"text-decoration: none;\"><span style=\"font-size: medium;\"><span style=\"letter-spacing: normal;\"><span lang=\"fr-FR\">Refusant la loi du changement dans l&rsquo;univers, celle de la diff\u00e9rence, sen\u00adtant \u00ab\u00a0je suis moi\u00a0\u00bb, nous tombons dans l&rsquo;\u00e9gocentrisme \u00ab\u00a0c&rsquo;est \u00e0 moi\u00a0\u00bb, pris au pi\u00e8ge du d\u00e9sir d&rsquo;avoir, et de la peur de perdre ce que l&rsquo;on poss\u00e8de, enferm\u00e9s inexorablement dans la dualit\u00e9 \u00ab\u00a0j&rsquo;aime, j&rsquo;aime pas\u00a0\u00bb, cher\u00adchant <\/span><\/span><\/span><\/span><\/span><span style=\"color: #000000;\"><span style=\"text-decoration: none;\"><span style=\"font-size: medium;\"><span style=\"letter-spacing: normal;\"><span lang=\"fr-FR\">d\u00e9sesp\u00e9r\u00e9ment<\/span><\/span><\/span><\/span><\/span><span style=\"color: #000000;\"><span style=\"text-decoration: none;\"><span style=\"font-size: medium;\"><span style=\"letter-spacing: normal;\"><span lang=\"fr-FR\"> \u00e0 obtenir \u00ab\u00a0ce que j&rsquo;aime\u00a0\u00bb et \u00e0 \u00e9viter \u00ab\u00a0ce que je n&rsquo;aime pas\u00a0\u00bb, nous pataugeons dans la souffrance.<\/span><\/span><\/span><\/span><\/span><\/p>\n<p align=\"justify\"><span style=\"color: #000000;\"><span style=\"text-decoration: none;\"><span style=\"font-size: medium;\"><span style=\"letter-spacing: normal;\"><span lang=\"fr-FR\">Nous nous sentons menac\u00e9s en permanence, et devant ce danger ima\u00adginaire construit par notre mental, soit nous fuyons, soit nous agres\u00adsons. Cette agression doit \u00eatre \u00e9galement envisag\u00e9e comme une tentative de retourner \u00e0 l&rsquo;unit\u00e9, par la destruction de ce \u00ab\u00a0non-Moi\u00a0\u00bb qui nous menace.<\/span><\/span><\/span><\/span><\/span><\/p>\n<p align=\"justify\"><b><span style=\"color: #000000;\"><span style=\"text-decoration: none;\"><span style=\"font-size: medium;\"><span style=\"letter-spacing: normal;\"><span lang=\"fr-FR\">LA VIOLENCE ET L&rsquo;AUTRE<\/span><\/span><\/span><\/span><\/span><\/b><\/p>\n<p align=\"justify\"><span style=\"color: #000000;\"><span style=\"text-decoration: none;\"><span style=\"font-size: medium;\"><span style=\"letter-spacing: normal;\"><span lang=\"fr-FR\">Cette violence en moi est par nature li\u00e9e \u00e0 l&rsquo;existence de l&rsquo;autre, puis\u00adque c&rsquo;est l&rsquo;autre qui me fait mal.<\/span><\/span><\/span><\/span><\/span><\/p>\n<p align=\"justify\"><b><span style=\"color: #000000;\"><span style=\"text-decoration: none;\"><span style=\"font-size: medium;\"><span style=\"letter-spacing: normal;\"><span lang=\"fr-FR\">L&rsquo;AUTRE ET SA VIOLENCE<\/span><\/span><\/span><\/span><\/span><\/b><\/p>\n<p align=\"justify\"><span style=\"color: #000000;\"><span style=\"text-decoration: none;\"><span style=\"font-size: medium;\"><span style=\"letter-spacing: normal;\"><span lang=\"fr-FR\">L&rsquo;autre me fait mal parce qu&rsquo;il r\u00e9veille en moi les attitudes anciennes de cet autre si primitivement privil\u00e9gi\u00e9 que fut ma m\u00e8re, puis celle de cet autre que fut mon p\u00e8re&#8230; et peut-\u00eatre aussi celles de personnages de \u00ab\u00a0vies ant\u00e9rieures\u00a0\u00bb.<\/span><\/span><\/span><\/span><\/span><\/p>\n<p align=\"justify\"><span style=\"color: #000000;\"><span style=\"text-decoration: none;\"><span style=\"font-size: medium;\"><span style=\"letter-spacing: normal;\"><span lang=\"fr-FR\">La SOUFFRANCE est donc en moi d\u00e8s ma naissance, par les refus suc\u00adcessifs des comportements parentaux. La violence est en moi, elle aussi d\u00e8s l&rsquo;origine, sous forme de haine vis-\u00e0-vis de mon p\u00e8re et de ma m\u00e8re. La violence de l&rsquo;autre, dont l&rsquo;origine est semblable \u00e0 la mienne au sein de sa propre histoire, r\u00e9veille la souffrance qui est d\u00e9j\u00e0 l\u00e0, en moi&#8230; cette r\u00e9action de haine qui s&rsquo;actualise en violence.<\/span><\/span><\/span><\/span><\/span><\/p>\n<p align=\"justify\"><span style=\"color: #000000;\"><span style=\"text-decoration: none;\"><span style=\"font-size: medium;\"><span style=\"letter-spacing: normal;\"><span lang=\"fr-FR\">Ainsi, le cycle infernal \u00ab\u00a0violence-souffrance-violence\u00a0\u00bb s&rsquo;auto\u00ad-entretient avec toutes les escalades possibles de la violence.<\/span><\/span><\/span><\/span><\/span><\/p>\n<p align=\"justify\"><b><span style=\"color: #000000;\"><span style=\"text-decoration: none;\"><span style=\"font-size: medium;\"><span style=\"letter-spacing: normal;\"><span lang=\"fr-FR\">LA VIOLENCE DANS LA RELATION AVEC L&rsquo;AUTRE<\/span><\/span><\/span><\/span><\/span><\/b><\/p>\n<p align=\"justify\"><span style=\"color: #000000;\"><span style=\"text-decoration: none;\"><span style=\"font-size: medium;\"><span style=\"letter-spacing: normal;\"><span lang=\"fr-FR\">La loi universelle de la diff\u00e9rence : il n&rsquo;y a pas deux formes identiques dans l&rsquo;univers, chaque forme est unique, pratiquement toujours viol\u00e9e, d&rsquo;o\u00f9 rapprochement entre viol et violence.<\/span><\/span><\/span><\/span><\/span><\/p>\n<p align=\"justify\"><i><span style=\"color: #000000;\"><span style=\"text-decoration: none;\"><span style=\"font-size: medium;\"><span style=\"letter-spacing: normal;\"><span lang=\"fr-FR\">L&rsquo;Autre est un autre<br \/>\nl&rsquo;Autre est diff\u00e9rent<br \/>\nJe refuse cette r\u00e9alit\u00e9<br \/>\nl&rsquo;Autre aussi la refuse !<\/span><\/span><\/span><\/span><\/span><\/i><\/p>\n<p align=\"justify\"><span style=\"color: #000000;\"><span style=\"text-decoration: none;\"><span style=\"font-size: medium;\"><span style=\"letter-spacing: normal;\"><span lang=\"fr-FR\">Je veux que l&rsquo;autre soi un autre moi-m\u00eame, qu&rsquo;il aime ce que j&rsquo;aime, qu&rsquo;il ait l&rsquo;attitude que j&rsquo;attends de lui, etc. Il en est de m\u00eame pour l&rsquo;autre.<\/span><\/span><\/span><\/span><\/span><\/p>\n<p align=\"justify\"><span style=\"color: #000000;\"><span style=\"text-decoration: none;\"><span style=\"font-size: medium;\"><span style=\"letter-spacing: normal;\"><span lang=\"fr-FR\">Ainsi, je refuse l&rsquo;autre, quand, \u00e9tant lui-m\u00eame, il est un autre que celui que j&rsquo;attends. En lui refusant d&rsquo;\u00eatre un autre diff\u00e9rent de moi ou de ma demande, je lui fais mal, je suis violent&#8230; c&rsquo;est le contraire de l&rsquo;amour, l&rsquo;amour, c&rsquo;est accepter l&rsquo;autre.<\/span><\/span><\/span><\/span><\/span><\/p>\n<p align=\"justify\"><span style=\"color: #000000;\"><span style=\"text-decoration: none;\"><span style=\"font-size: medium;\"><span style=\"letter-spacing: normal;\"><span lang=\"fr-FR\">J&rsquo;ai peur d&rsquo;\u00eatre abandonn\u00e9 par l&rsquo;autre, je deviens possessif, je l&rsquo;\u00e9touffe, je lui fais violence.<\/span><\/span><\/span><\/span><\/span><\/p>\n<p align=\"justify\"><span style=\"color: #000000;\"><span style=\"text-decoration: none;\"><span style=\"font-size: medium;\"><span style=\"letter-spacing: normal;\"><span lang=\"fr-FR\">L&rsquo;autre a peur d&rsquo;\u00eatre abandonn\u00e9, je manipule sa peur, et ma violence est perverse et camoufl\u00e9e. Les m\u00eames m\u00e9canismes existent chez l&rsquo;autre, c&rsquo;est le cycle infernal, l&rsquo;enfer&#8230; ou le paradis artificiel de beaucoup de couples.<\/span><\/span><\/span><\/span><\/span><\/p>\n<p align=\"justify\"><span style=\"color: #000000;\"><span style=\"text-decoration: none;\"><span style=\"font-size: medium;\"><span style=\"letter-spacing: normal;\"><span lang=\"fr-FR\">Un aspect particuli\u00e8rement intense du refus que l&rsquo;autre soit un autre diff\u00e9rent de nous, c&rsquo;est le RACISME ! Le plus violent racisme est celui que nous dirigeons contre nous-m\u00eame ! Une partie en nous refuse un autre aspect de nous-m\u00eame que nous ha\u00efssons, rejetons, refoulons, vio\u00adlemment divis\u00e9 en nous-m\u00eame, non unifi\u00e9 dans nos actions, r\u00e9agissant au lieu d&rsquo;agir, nous sommes profond\u00e9ment n\u00e9vros\u00e9s, voire schizophr\u00e8\u00adnes. La souffrance et la violence en nous-m\u00eame sont intenses, cette vio\u00adlence est insidieusement dirig\u00e9e contre soi, tout un secteur de la patho\u00adlogie mentale trouve son origine dans ces m\u00e9canismes.<\/span><\/span><\/span><\/span><\/span><\/p>\n<p align=\"justify\"><b><span style=\"color: #000000;\"><span style=\"text-decoration: none;\"><span style=\"font-size: medium;\"><span style=\"letter-spacing: normal;\"><span lang=\"fr-FR\">NOTIONS DE BOURREAU ET DE VICTIMES<\/span><\/span><\/span><\/span><\/span><\/b><\/p>\n<p align=\"justify\"><span style=\"color: #000000;\"><span style=\"text-decoration: none;\"><span style=\"font-size: medium;\"><span style=\"letter-spacing: normal;\"><span lang=\"fr-FR\">Au niveau de conscience ordinaire o\u00f9 nous vivons celui de l&rsquo;identification au moi, \u00e0 <\/span><\/span><\/span><\/span><\/span><span style=\"color: #000000;\"><span style=\"text-decoration: none;\"><span style=\"font-size: medium;\"><span style=\"letter-spacing: normal;\"><span lang=\"fr-FR\">l\u2019ego<\/span><\/span><\/span><\/span><\/span><span style=\"color: #000000;\"><span style=\"text-decoration: none;\"><span style=\"font-size: medium;\"><span style=\"letter-spacing: normal;\"><span lang=\"fr-FR\">, au mental, si nous regardons attentivement, nous d\u00e9cou\u00advrons que nous sommes en r\u00e9alit\u00e9 \u00e0 la fois bourreau et victime. Bien souvent, nous nous identifions \u00e0 notre r\u00f4le de victime, nous nous <\/span><\/span><\/span><\/span><\/span><span style=\"color: #000000;\"><span style=\"text-decoration: none;\"><span style=\"font-size: medium;\"><span style=\"letter-spacing: normal;\"><span lang=\"fr-FR\">cr\u00e9ons<\/span><\/span><\/span><\/span><\/span><span style=\"color: #000000;\"><span style=\"text-decoration: none;\"><span style=\"font-size: medium;\"><span style=\"letter-spacing: normal;\"><span lang=\"fr-FR\"> un mental de victime attirant sur nous toutes sortes de situations et d&rsquo;attitudes violentes.<\/span><\/span><\/span><\/span><\/span><\/p>\n<p align=\"justify\"><span style=\"color: #000000;\"><span style=\"text-decoration: none;\"><span style=\"font-size: medium;\"><span style=\"letter-spacing: normal;\"><span lang=\"fr-FR\">LA NON-VIOLENCE de certains mouvements masque bien souvent la vio\u00adlence des non-violents, qui refusent tr\u00e8s vivement la violence dans le monde parce qu&rsquo;elle leur <\/span><\/span><\/span><\/span><\/span><span style=\"color: #000000;\"><span style=\"text-decoration: none;\"><span style=\"font-size: medium;\"><span style=\"letter-spacing: normal;\"><span lang=\"fr-FR\">renvoi<\/span><\/span><\/span><\/span><\/span><span style=\"color: #000000;\"><span style=\"text-decoration: none;\"><span style=\"font-size: medium;\"><span style=\"letter-spacing: normal;\"><span lang=\"fr-FR\"> l&rsquo;image de leur propre violence (exemple de Gandhi : son chantage au suicide, sa violence envers le sexe, ses attitudes de dictateur envers les membres de sa famille).<\/span><\/span><\/span><\/span><\/span><\/p>\n<p align=\"justify\"><span style=\"color: #000000;\"><span style=\"text-decoration: none;\"><span style=\"font-size: medium;\"><span style=\"letter-spacing: normal;\"><span lang=\"fr-FR\">Bien d&rsquo;autres aspects de la violence pourraient \u00eatre abord\u00e9s, par exemple :<\/span><\/span><\/span><\/span><\/span><\/p>\n<p align=\"justify\"><b><span style=\"color: #000000;\"><span style=\"text-decoration: none;\"><span style=\"font-size: medium;\"><span style=\"letter-spacing: normal;\"><span lang=\"fr-FR\">VIOLENCE ET SEXUALIT\u00c9<\/span><\/span><\/span><\/span><\/span><\/b><\/p>\n<p align=\"justify\"><span style=\"color: #000000;\"><span style=\"text-decoration: none;\"><span style=\"font-size: medium;\"><span style=\"letter-spacing: normal;\"><span lang=\"fr-FR\">Normalement le sexe, l&rsquo;\u00e9nergie sexuelle, se transforme en amour, en communion, en \u00e9change libre d&rsquo;\u00e9nergie. Aujourd&rsquo;hui, dans notre soci\u00e9t\u00e9, la sexualit\u00e9 est souvent v\u00e9cue comme un combat (dans ce cas Marcuse a raison), c&rsquo;est un bon exutoire \u00e0 la violence : \u00ab\u00a0Faites l&rsquo;amour pas la guerre\u00a0\u00bb. C&rsquo;est vrai !<\/span><\/span><\/span><\/span><\/span><\/p>\n<p align=\"justify\"><b><span style=\"color: #000000;\"><span style=\"text-decoration: none;\"><span style=\"font-size: medium;\"><span style=\"letter-spacing: normal;\"><span lang=\"fr-FR\">QUEL REM\u00c8DE A LA VIOLENCE ?<\/span><\/span><\/span><\/span><\/span><\/b><\/p>\n<p align=\"justify\"><span style=\"color: #000000;\"><span style=\"text-decoration: none;\"><span style=\"font-size: medium;\"><span style=\"letter-spacing: normal;\"><span lang=\"fr-FR\">La solution est psychologique et surtout spirituelle. La solution est directement li\u00e9e \u00e0 la question. Comment se lib\u00e9rer de la souffrance ? elle-m\u00eame li\u00e9e \u00e0 la question \u00ab\u00a0qui souffre ?\u00a0\u00bb Donc celle de l&rsquo;identit\u00e9 \u00ab\u00a0qui suis-je ?\u00a0\u00bb<\/span><\/span><\/span><\/span><\/span><\/p>\n<p align=\"justify\"><span style=\"color: #000000;\"><span style=\"text-decoration: none;\"><span style=\"font-size: medium;\"><span style=\"letter-spacing: normal;\"><span lang=\"fr-FR\">\u00ab\u00a0Je n&rsquo;enseigne que deux choses, a dit le Bouddha, la souf\u00adfrance, et comment s&rsquo;en lib\u00e9rer !\u00a0\u00bb<\/span><\/span><\/span><\/span><\/span><\/p>\n<p align=\"justify\"><span style=\"color: #000000;\"><span style=\"text-decoration: none;\"><span style=\"font-size: medium;\"><span style=\"letter-spacing: normal;\"><span lang=\"fr-FR\">La souffrance naissant du REFUS que ce qui est soit. Seule L&rsquo;ACCEPTA\u00adTION, le OUI \u00e0 ce qui est, repr\u00e9sente une voie de salut : OUI, AUM, AMEN. L\u00e2cher prise, Surrender, soumission \u00e0 la volont\u00e9 de Dieu (Islam).<\/span><\/span><\/span><\/span><\/span><\/p>\n<p align=\"justify\"><span style=\"color: #000000;\"><span style=\"text-decoration: none;\"><span style=\"font-size: medium;\"><span style=\"letter-spacing: normal;\"><span lang=\"fr-FR\">COMMENT r\u00e9aliser concr\u00e8tement cette acceptation en retournant aux situations sources des refus en nous, en les revivant, non plus dans le d\u00e9ni, mais dans l&rsquo;adh\u00e9sion progressive. Neutraliser en nous les emprein\u00adtes du pass\u00e9, sources de ces refus, par une purification de l&rsquo;inconscient.<\/span><\/span><\/span><\/span><\/span><\/p>\n<p align=\"justify\"><span style=\"color: #000000;\"><span style=\"text-decoration: none;\"><span style=\"font-size: medium;\"><span style=\"letter-spacing: normal;\"><span lang=\"fr-FR\">\u00ab\u00a0Sautez dans les flammes de l&rsquo;enfer, l\u00e0 o\u00f9 elles sont les plus hautes\u00a0\u00bb a dit le ma\u00eetre tao\u00efste au disciple qui lui demandait comment sortir de l&rsquo;enfer.<\/span><\/span><\/span><\/span><\/span><\/p>\n<p align=\"justify\"><span style=\"color: #000000;\"><span style=\"text-decoration: none;\"><span style=\"font-size: medium;\"><span style=\"letter-spacing: normal;\"><span lang=\"fr-FR\">Toute situation, f\u00fbt-elle douloureuse, si elle est accept\u00e9e cesse d&rsquo;\u00eatre une souffrance ! Cette acceptation peut nous faire passer de l&rsquo;enfer \u00e0 la dualit\u00e9, souffrance au paradis de l&rsquo;unit\u00e9 retrouv\u00e9e, de la \u00ab\u00a0joie qui demeure\u00a0\u00bb\u2026 \u00ab\u00a0de la paix qui d\u00e9passe toute compr\u00e9hension\u00a0\u00bb.<\/span><\/span><\/span><\/span><\/span><\/p>\n<p align=\"justify\"><span style=\"color: #000000;\"><span style=\"text-decoration: none;\"><span style=\"font-size: medium;\"><span style=\"letter-spacing: normal;\"><span lang=\"fr-FR\">En sortant peu \u00e0 peu de l&rsquo;enfer, je suis de moins en moins violent, et aussi je cesse peu \u00e0 peu par mon attitude d&rsquo;illustrer la sentence Sar\u00adtrienne \u00ab\u00a0L&rsquo;enfer c&rsquo;est les autres\u00a0\u00bb.<\/span><\/span><\/span><\/span><\/span><\/p>\n<p align=\"justify\"><span style=\"color: #000000;\"><span style=\"text-decoration: none;\"><span style=\"font-size: medium;\"><span style=\"letter-spacing: normal;\"><span lang=\"fr-FR\">Tant que je vivrai au niveau de conscience dualiste JE SUIS MO<\/span><\/span><\/span><\/span><\/span><span style=\"color: #000000;\"><span style=\"text-decoration: none;\"><span style=\"font-size: medium;\"><span style=\"letter-spacing: normal;\"><span lang=\"fr-FR\">I<\/span><\/span><\/span><\/span><\/span><span style=\"color: #000000;\"><span style=\"text-decoration: none;\"><span style=\"font-size: medium;\"><span style=\"letter-spacing: normal;\"><span lang=\"fr-FR\"> s\u00e9par\u00e9 des autres, je serai violent ! Seule, la r\u00e9alisation progressive de \u00ab\u00a0JE SUIS\u00a0\u00bb m\u00e8ne \u00e0 la suppression de toute violence en moi-m\u00eame.<\/span><\/span><\/span><\/span><\/span><\/p>\n<p align=\"justify\"><span style=\"color: #000000;\"><span style=\"text-decoration: none;\"><span style=\"font-size: medium;\"><span style=\"letter-spacing: normal;\"><span lang=\"fr-FR\">Pour devenir r\u00e9ellement non-violent, il faut d&rsquo;abord r\u00e9ussir \u00e0 <\/span><\/span><\/span><\/span><\/span><span style=\"color: #000000;\"><span style=\"text-decoration: none;\"><span style=\"font-size: medium;\"><span style=\"letter-spacing: normal;\"><span lang=\"fr-FR\"><b>\u00caTRE HEUREUX<\/b><\/span><\/span><\/span><\/span><\/span><\/p>\n<p align=\"justify\"><span style=\"color: #000000;\"><span style=\"text-decoration: none;\"><span style=\"font-size: medium;\"><span style=\"letter-spacing: normal;\"><span lang=\"fr-FR\">Mais pour \u00eatre heureux, i<\/span><\/span><\/span><\/span><\/span><span style=\"color: #000000;\"><span style=\"text-decoration: none;\"><span style=\"font-size: medium;\"><span style=\"letter-spacing: normal;\"><span lang=\"fr-FR\">l<\/span><\/span><\/span><\/span><\/span><span style=\"color: #000000;\"><span style=\"text-decoration: none;\"><span style=\"font-size: medium;\"><span style=\"letter-spacing: normal;\"><span lang=\"fr-FR\"> faut \u00ab\u00a0\u00caTRE\u00a0\u00bb tout court, devenir soi-m\u00eame ce que l&rsquo;on est en r\u00e9alit\u00e9, cette conscience, cette unique infinie \u00e9nergie, cette r\u00e9alit\u00e9 \u00ab\u00a0une sans un second\u00a0\u00bb, non s\u00e9par\u00e9e et non s\u00e9parante, qu&rsquo;on l&rsquo;appelle le SOI, DIEU, ou la nature de BOUDDHA. La seule solution \u00e0 la violence ne peut \u00eatre que spirituelle. Cette dimension, cet \u00e9clairage, que l&rsquo;on appelle aujourd&rsquo;hui \u00ab\u00a0Transpersonnel\u00a0\u00bb doit inspirer toutes les actions futures dans les domaines de l&rsquo;\u00e9ducation, de la psychoth\u00e9rapie, de la m\u00e9decine, de la biologie, de la science, de la communication, dans tous les secteurs de la vie humaine.<\/span><\/span><\/span><\/span><\/span><\/p>\n<p align=\"justify\"><span style=\"color: #000000;\"><span style=\"text-decoration: none;\"><span style=\"font-size: medium;\"><span style=\"letter-spacing: normal;\"><span lang=\"fr-FR\">Cette vision de la r\u00e9alit\u00e9, ce nouveau \u00ab\u00a0paradigme\u00a0\u00bb, est le plus grand d\u00e9fi qui nous est lanc\u00e9 !<\/span><\/span><\/span><\/span><\/span><\/p>\n<p align=\"right\"><span style=\"color: #000000;\"><span style=\"text-decoration: none;\"><span style=\"font-size: medium;\"><span style=\"letter-spacing: normal;\"><span lang=\"fr-FR\">Docteur Bernard Pernel<\/span><\/span><\/span><\/span><\/span><\/p>\n","protected":false},"excerpt":{"rendered":"<p>Pourquoi cette violence ? Il n&rsquo;y a pas de violence sans peur ou sans souffrance. PEUR ET SOUFFRANCE sont les racines de la violence. D&rsquo;o\u00f9 naissent cette peur et cette souffrance ? Probablement \u00e0 l&rsquo;aube de notre existence, d\u00e8s la premi\u00e8re phase de la naissance, quand exil\u00e9 du paradis perdu de l&rsquo;unit\u00e9 primordiale avec notre m\u00e8re, nous tombons dans l&rsquo;enfer de la dualit\u00e9 d\u00e8s les premi\u00e8res contractions ut\u00e9rines.<\/p>\n","protected":false},"author":1,"featured_media":0,"comment_status":"closed","ping_status":"closed","sticky":false,"template":"","format":"standard","meta":{"footnotes":""},"categories":[1014],"tags":[275,29,32,679],"class_list":["post-16378","post","type-post","status-publish","format-standard","hentry","category-essais","tag-dualite","tag-peur","tag-souffrance","tag-violence"],"yoast_head":"<!-- This site is optimized with the Yoast SEO plugin v27.0 - https:\/\/yoast.com\/product\/yoast-seo-wordpress\/ -->\n<title>Moi, la violence et les autres par docteur Bernard Pernel - 3e mill\u00e9naire - Spiritualit\u00e9 - Connaissance de soi - Non-dualit\u00e9 - M\u00e9ditation<\/title>\n<meta name=\"robots\" content=\"index, follow, max-snippet:-1, max-image-preview:large, max-video-preview:-1\" \/>\n<link rel=\"canonical\" href=\"https:\/\/www.revue3emillenaire.com\/blog\/moi-la-violence-et-les-autres-par-docteur-bernard-pernel\/\" \/>\n<meta property=\"og:locale\" content=\"fr_FR\" \/>\n<meta property=\"og:type\" content=\"article\" \/>\n<meta property=\"og:title\" content=\"Moi, la violence et les autres par docteur Bernard Pernel - 3e mill\u00e9naire - Spiritualit\u00e9 - Connaissance de soi - Non-dualit\u00e9 - M\u00e9ditation\" \/>\n<meta property=\"og:description\" content=\"Pourquoi cette violence ? Il n&#039;y a pas de violence sans peur ou sans souffrance. PEUR ET SOUFFRANCE sont les racines de la violence. D&#039;o\u00f9 naissent cette peur et cette souffrance ? Probablement \u00e0 l&#039;aube de notre existence, d\u00e8s la premi\u00e8re phase de la naissance, quand exil\u00e9 du paradis perdu de l&#039;unit\u00e9 primordiale avec notre m\u00e8re, nous tombons dans l&#039;enfer de la dualit\u00e9 d\u00e8s les premi\u00e8res contractions ut\u00e9rines.\" \/>\n<meta property=\"og:url\" content=\"https:\/\/www.revue3emillenaire.com\/blog\/moi-la-violence-et-les-autres-par-docteur-bernard-pernel\/\" \/>\n<meta property=\"og:site_name\" content=\"3e mill\u00e9naire - Spiritualit\u00e9 - Connaissance de soi - Non-dualit\u00e9 - M\u00e9ditation\" \/>\n<meta property=\"article:published_time\" content=\"2014-11-21T18:31:43+00:00\" \/>\n<meta name=\"author\" content=\"3e mill\u00e9naire\" \/>\n<meta name=\"twitter:card\" content=\"summary_large_image\" \/>\n<meta name=\"twitter:label1\" content=\"\u00c9crit par\" \/>\n\t<meta name=\"twitter:data1\" content=\"3e mill\u00e9naire\" \/>\n\t<meta name=\"twitter:label2\" content=\"Dur\u00e9e de lecture estim\u00e9e\" \/>\n\t<meta name=\"twitter:data2\" content=\"8 minutes\" \/>\n<script type=\"application\/ld+json\" class=\"yoast-schema-graph\">{\"@context\":\"https:\/\/schema.org\",\"@graph\":[{\"@type\":\"Article\",\"@id\":\"https:\/\/www.revue3emillenaire.com\/blog\/moi-la-violence-et-les-autres-par-docteur-bernard-pernel\/#article\",\"isPartOf\":{\"@id\":\"https:\/\/www.revue3emillenaire.com\/blog\/moi-la-violence-et-les-autres-par-docteur-bernard-pernel\/\"},\"author\":{\"name\":\"3e mill\u00e9naire\",\"@id\":\"https:\/\/www.revue3emillenaire.com\/blog\/#\/schema\/person\/9a3a7cc4ccaa707f402d4394327106d5\"},\"headline\":\"Moi, la violence et les autres par docteur Bernard Pernel\",\"datePublished\":\"2014-11-21T18:31:43+00:00\",\"mainEntityOfPage\":{\"@id\":\"https:\/\/www.revue3emillenaire.com\/blog\/moi-la-violence-et-les-autres-par-docteur-bernard-pernel\/\"},\"wordCount\":1601,\"keywords\":[\"dualit\u00e9\",\"Peur\",\"Souffrance\",\"Violence\"],\"articleSection\":[\"Essais\"],\"inLanguage\":\"fr-FR\"},{\"@type\":\"WebPage\",\"@id\":\"https:\/\/www.revue3emillenaire.com\/blog\/moi-la-violence-et-les-autres-par-docteur-bernard-pernel\/\",\"url\":\"https:\/\/www.revue3emillenaire.com\/blog\/moi-la-violence-et-les-autres-par-docteur-bernard-pernel\/\",\"name\":\"Moi, la violence et les autres par docteur Bernard Pernel - 3e mill\u00e9naire - Spiritualit\u00e9 - Connaissance de soi - Non-dualit\u00e9 - M\u00e9ditation\",\"isPartOf\":{\"@id\":\"https:\/\/www.revue3emillenaire.com\/blog\/#website\"},\"datePublished\":\"2014-11-21T18:31:43+00:00\",\"author\":{\"@id\":\"https:\/\/www.revue3emillenaire.com\/blog\/#\/schema\/person\/9a3a7cc4ccaa707f402d4394327106d5\"},\"breadcrumb\":{\"@id\":\"https:\/\/www.revue3emillenaire.com\/blog\/moi-la-violence-et-les-autres-par-docteur-bernard-pernel\/#breadcrumb\"},\"inLanguage\":\"fr-FR\",\"potentialAction\":[{\"@type\":\"ReadAction\",\"target\":[\"https:\/\/www.revue3emillenaire.com\/blog\/moi-la-violence-et-les-autres-par-docteur-bernard-pernel\/\"]}]},{\"@type\":\"BreadcrumbList\",\"@id\":\"https:\/\/www.revue3emillenaire.com\/blog\/moi-la-violence-et-les-autres-par-docteur-bernard-pernel\/#breadcrumb\",\"itemListElement\":[{\"@type\":\"ListItem\",\"position\":1,\"name\":\"Accueil\",\"item\":\"https:\/\/www.revue3emillenaire.com\/blog\/\"},{\"@type\":\"ListItem\",\"position\":2,\"name\":\"Moi, la violence et les autres par docteur Bernard Pernel\"}]},{\"@type\":\"WebSite\",\"@id\":\"https:\/\/www.revue3emillenaire.com\/blog\/#website\",\"url\":\"https:\/\/www.revue3emillenaire.com\/blog\/\",\"name\":\"3e mill\u00e9naire - Spiritualit\u00e9 - Connaissance de soi - Non-dualit\u00e9 - M\u00e9ditation\",\"description\":\"L&#039;Homme en devenir\",\"potentialAction\":[{\"@type\":\"SearchAction\",\"target\":{\"@type\":\"EntryPoint\",\"urlTemplate\":\"https:\/\/www.revue3emillenaire.com\/blog\/?s={search_term_string}\"},\"query-input\":{\"@type\":\"PropertyValueSpecification\",\"valueRequired\":true,\"valueName\":\"search_term_string\"}}],\"inLanguage\":\"fr-FR\"},{\"@type\":\"Person\",\"@id\":\"https:\/\/www.revue3emillenaire.com\/blog\/#\/schema\/person\/9a3a7cc4ccaa707f402d4394327106d5\",\"name\":\"3e mill\u00e9naire\",\"url\":\"https:\/\/www.revue3emillenaire.com\/blog\/author\/admin\/\"}]}<\/script>\n<!-- \/ Yoast SEO plugin. -->","yoast_head_json":{"title":"Moi, la violence et les autres par docteur Bernard Pernel - 3e mill\u00e9naire - Spiritualit\u00e9 - Connaissance de soi - Non-dualit\u00e9 - M\u00e9ditation","robots":{"index":"index","follow":"follow","max-snippet":"max-snippet:-1","max-image-preview":"max-image-preview:large","max-video-preview":"max-video-preview:-1"},"canonical":"https:\/\/www.revue3emillenaire.com\/blog\/moi-la-violence-et-les-autres-par-docteur-bernard-pernel\/","og_locale":"fr_FR","og_type":"article","og_title":"Moi, la violence et les autres par docteur Bernard Pernel - 3e mill\u00e9naire - Spiritualit\u00e9 - Connaissance de soi - Non-dualit\u00e9 - M\u00e9ditation","og_description":"Pourquoi cette violence ? Il n'y a pas de violence sans peur ou sans souffrance. PEUR ET SOUFFRANCE sont les racines de la violence. D'o\u00f9 naissent cette peur et cette souffrance ? Probablement \u00e0 l'aube de notre existence, d\u00e8s la premi\u00e8re phase de la naissance, quand exil\u00e9 du paradis perdu de l'unit\u00e9 primordiale avec notre m\u00e8re, nous tombons dans l'enfer de la dualit\u00e9 d\u00e8s les premi\u00e8res contractions ut\u00e9rines.","og_url":"https:\/\/www.revue3emillenaire.com\/blog\/moi-la-violence-et-les-autres-par-docteur-bernard-pernel\/","og_site_name":"3e mill\u00e9naire - Spiritualit\u00e9 - Connaissance de soi - Non-dualit\u00e9 - M\u00e9ditation","article_published_time":"2014-11-21T18:31:43+00:00","author":"3e mill\u00e9naire","twitter_card":"summary_large_image","twitter_misc":{"\u00c9crit par":"3e mill\u00e9naire","Dur\u00e9e de lecture estim\u00e9e":"8 minutes"},"schema":{"@context":"https:\/\/schema.org","@graph":[{"@type":"Article","@id":"https:\/\/www.revue3emillenaire.com\/blog\/moi-la-violence-et-les-autres-par-docteur-bernard-pernel\/#article","isPartOf":{"@id":"https:\/\/www.revue3emillenaire.com\/blog\/moi-la-violence-et-les-autres-par-docteur-bernard-pernel\/"},"author":{"name":"3e mill\u00e9naire","@id":"https:\/\/www.revue3emillenaire.com\/blog\/#\/schema\/person\/9a3a7cc4ccaa707f402d4394327106d5"},"headline":"Moi, la violence et les autres par docteur Bernard Pernel","datePublished":"2014-11-21T18:31:43+00:00","mainEntityOfPage":{"@id":"https:\/\/www.revue3emillenaire.com\/blog\/moi-la-violence-et-les-autres-par-docteur-bernard-pernel\/"},"wordCount":1601,"keywords":["dualit\u00e9","Peur","Souffrance","Violence"],"articleSection":["Essais"],"inLanguage":"fr-FR"},{"@type":"WebPage","@id":"https:\/\/www.revue3emillenaire.com\/blog\/moi-la-violence-et-les-autres-par-docteur-bernard-pernel\/","url":"https:\/\/www.revue3emillenaire.com\/blog\/moi-la-violence-et-les-autres-par-docteur-bernard-pernel\/","name":"Moi, la violence et les autres par docteur Bernard Pernel - 3e mill\u00e9naire - Spiritualit\u00e9 - Connaissance de soi - Non-dualit\u00e9 - M\u00e9ditation","isPartOf":{"@id":"https:\/\/www.revue3emillenaire.com\/blog\/#website"},"datePublished":"2014-11-21T18:31:43+00:00","author":{"@id":"https:\/\/www.revue3emillenaire.com\/blog\/#\/schema\/person\/9a3a7cc4ccaa707f402d4394327106d5"},"breadcrumb":{"@id":"https:\/\/www.revue3emillenaire.com\/blog\/moi-la-violence-et-les-autres-par-docteur-bernard-pernel\/#breadcrumb"},"inLanguage":"fr-FR","potentialAction":[{"@type":"ReadAction","target":["https:\/\/www.revue3emillenaire.com\/blog\/moi-la-violence-et-les-autres-par-docteur-bernard-pernel\/"]}]},{"@type":"BreadcrumbList","@id":"https:\/\/www.revue3emillenaire.com\/blog\/moi-la-violence-et-les-autres-par-docteur-bernard-pernel\/#breadcrumb","itemListElement":[{"@type":"ListItem","position":1,"name":"Accueil","item":"https:\/\/www.revue3emillenaire.com\/blog\/"},{"@type":"ListItem","position":2,"name":"Moi, la violence et les autres par docteur Bernard Pernel"}]},{"@type":"WebSite","@id":"https:\/\/www.revue3emillenaire.com\/blog\/#website","url":"https:\/\/www.revue3emillenaire.com\/blog\/","name":"3e mill\u00e9naire - Spiritualit\u00e9 - Connaissance de soi - Non-dualit\u00e9 - M\u00e9ditation","description":"L&#039;Homme en devenir","potentialAction":[{"@type":"SearchAction","target":{"@type":"EntryPoint","urlTemplate":"https:\/\/www.revue3emillenaire.com\/blog\/?s={search_term_string}"},"query-input":{"@type":"PropertyValueSpecification","valueRequired":true,"valueName":"search_term_string"}}],"inLanguage":"fr-FR"},{"@type":"Person","@id":"https:\/\/www.revue3emillenaire.com\/blog\/#\/schema\/person\/9a3a7cc4ccaa707f402d4394327106d5","name":"3e mill\u00e9naire","url":"https:\/\/www.revue3emillenaire.com\/blog\/author\/admin\/"}]}},"_links":{"self":[{"href":"https:\/\/www.revue3emillenaire.com\/blog\/wp-json\/wp\/v2\/posts\/16378","targetHints":{"allow":["GET"]}}],"collection":[{"href":"https:\/\/www.revue3emillenaire.com\/blog\/wp-json\/wp\/v2\/posts"}],"about":[{"href":"https:\/\/www.revue3emillenaire.com\/blog\/wp-json\/wp\/v2\/types\/post"}],"author":[{"embeddable":true,"href":"https:\/\/www.revue3emillenaire.com\/blog\/wp-json\/wp\/v2\/users\/1"}],"replies":[{"embeddable":true,"href":"https:\/\/www.revue3emillenaire.com\/blog\/wp-json\/wp\/v2\/comments?post=16378"}],"version-history":[{"count":0,"href":"https:\/\/www.revue3emillenaire.com\/blog\/wp-json\/wp\/v2\/posts\/16378\/revisions"}],"wp:attachment":[{"href":"https:\/\/www.revue3emillenaire.com\/blog\/wp-json\/wp\/v2\/media?parent=16378"}],"wp:term":[{"taxonomy":"category","embeddable":true,"href":"https:\/\/www.revue3emillenaire.com\/blog\/wp-json\/wp\/v2\/categories?post=16378"},{"taxonomy":"post_tag","embeddable":true,"href":"https:\/\/www.revue3emillenaire.com\/blog\/wp-json\/wp\/v2\/tags?post=16378"}],"curies":[{"name":"wp","href":"https:\/\/api.w.org\/{rel}","templated":true}]}}