{"id":16381,"date":"2014-12-04T01:21:41","date_gmt":"2014-12-04T00:21:41","guid":{"rendered":"http:\/\/www.revue3emillenaire.com\/blog\/?p=16381"},"modified":"2014-12-30T17:23:49","modified_gmt":"2014-12-30T16:23:49","slug":"les-esseniens-etaient-ils-gnostiques-par-emile-gillabert","status":"publish","type":"post","link":"https:\/\/www.revue3emillenaire.com\/blog\/les-esseniens-etaient-ils-gnostiques-par-emile-gillabert\/","title":{"rendered":"Les Ess\u00e9niens \u00e9taient-ils gnostiques ? par \u00c9mile Gillabert"},"content":{"rendered":"<p class=\"western\" align=\"justify\">(Revue Question De. No 53. Juillet-Ao\u00fbt-Septembre 1983)<\/p>\n<p class=\"western\" align=\"justify\"><span style=\"color: #000000;\"><span style=\"text-decoration: none;\"><span style=\"font-size: medium;\"><span style=\"letter-spacing: normal;\"><span lang=\"fr-FR\">Depuis les d\u00e9couvertes des manuscrits de la mer Morte, \u00e0 partir de 1947, la secte des Ess\u00e9niens nous est beaucoup mieux connue. Nous n&rsquo;avions sur elle jusqu&rsquo;alors que les t\u00e9moignages de Pline l&rsquo;Ancien, de Philon et de Jos\u00e8phe ; et seul un petit cercle de sp\u00e9cia\u00adlistes avaient lu les notices anciennes les concernant. Aujourd&rsquo;hui, il en va des Ess\u00e9\u00adniens comme des gnostiques : les d\u00e9couvertes arch\u00e9ologiques qui remontent \u00e0 peu pr\u00e8s \u00e0 la m\u00eame date permettent une \u00e9tude approfondie et compl\u00e8tement renouvel\u00e9e, aussi bien des Ess\u00e9niens que des gnostiques gr\u00e2ce \u00e0 l&rsquo;apport de nombreux documents. Certains manuscrits de la mer Morte nous introduisent directement au sein de la secte et mettent en lumi\u00e8re leurs rites, leurs m\u0153urs et leurs doctrines ; ils nous fournissent des renseignements sur des faits et des croyances que les autres anciens n&rsquo;avaient pas r\u00e9v\u00e9l\u00e9s, comme ce qui a trait au calendrier religieux que les chr\u00e9tiens adopteront, \u00e0 l&rsquo;esp\u00e9rance mes\u00adsianique li\u00e9e au myst\u00e9rieux Ma\u00eetre de Justice, mis \u00e0 mort cent ans environ avant J\u00e9sus et dont les fid\u00e8les atten\u00addaient le retour glorieux \u00e0 la fin des temps, etc.<\/span><\/span><\/span><\/span><\/span><\/p>\n<p class=\"western\" align=\"justify\"><span style=\"color: #000000;\"><span style=\"text-decoration: none;\"><span style=\"font-size: medium;\"><span style=\"letter-spacing: normal;\"><span lang=\"fr-FR\">Ce qui, dans le christianisme, ne provenait pas du fond juif comme pouvait appara\u00eetre comme original alors qu&rsquo;il r\u00e9v\u00e8le tr\u00e8s souvent, nous le savons maintenant, la conti\u00adnuation des croyances et des rites de l&rsquo;antique secte. N\u00e9anmoins, sans disposer des mat\u00e9riaux consid\u00e9rables dont nous b\u00e9n\u00e9ficions aujourd&rsquo;hui, Renan, faisant preuve d&rsquo;une intuition remarquable, \u00e9crivait nagu\u00e8re : \u00ab Le Chris\u00adtianisme est un Ess\u00e9nisme qui a largement r\u00e9ussi. \u00bb<\/span><\/span><\/span><\/span><\/span><\/p>\n<p class=\"western\" align=\"justify\"><span style=\"color: #000000;\"><span style=\"text-decoration: none;\"><span style=\"font-size: medium;\"><span style=\"letter-spacing: normal;\"><span lang=\"fr-FR\"><b>LES D\u00c9COUVERTES<\/b><\/span><\/span><\/span><\/span><\/span><\/p>\n<p class=\"western\" align=\"justify\"><span style=\"color: #000000;\"><span style=\"text-decoration: none;\"><span style=\"font-size: medium;\"><span style=\"letter-spacing: normal;\"><span lang=\"fr-FR\">On connaissait depuis Pline l&rsquo;Ancien et Dion Chrysos\u00adtome la pr\u00e9sence d&rsquo;une communaut\u00e9 ess\u00e9nienne pr\u00e8s de la mer Morte, \u00e0 une douzaine de kilom\u00e8tres au sud de l&rsquo;actuelle ville de J\u00e9richo. De l&rsquo;ancien monast\u00e8re des Ess\u00e9niens, il ne subsiste plus aujourd&rsquo;hui que des ruines appel\u00e9es par les indig\u00e8nes Khirbet Qumr\u00e2n. C&rsquo;est dans des grottes situ\u00e9es non loin des ruines qu&rsquo;un B\u00e9n\u00e9dictin d\u00e9couvrit en 1947 tout un lot d&rsquo;anciens rouleaux h\u00e9breux. Les rouleaux ainsi trouv\u00e9s devinrent bient\u00f4t c\u00e9l\u00e8bres sous le nom de manuscrits de la mer Morte ou aussi manus\u00adcrits de Qumran. Cette trouvaille fortuite fut bient\u00f4t suivie de plusieurs autres dans la r\u00e9gion m\u00eame de Qumr\u00e2n et de 1951 \u00e0 1956, c&rsquo;est onze grottes contenant des rouleaux et des fragments de manuscrits qui furent d\u00e9couvertes.<\/span><\/span><\/span><\/span><\/span><\/p>\n<p class=\"western\" align=\"justify\"><span style=\"color: #000000;\"><span style=\"text-decoration: none;\"><span style=\"font-size: medium;\"><span style=\"letter-spacing: normal;\"><span lang=\"fr-FR\">L&rsquo;inventaire des manuscrits fit appara\u00eetre qu&rsquo;environ un quart d&rsquo;entre eux est constitu\u00e9 par des copies de livres proprement bibliques. Le sp\u00e9cialiste des \u00e9tudes qumr\u00e2\u00adniennes, le Pr A. Dupont-Sommer, dans son livre <\/span><\/span><\/span><\/span><\/span><span style=\"color: #000000;\"><span style=\"text-decoration: none;\"><span style=\"font-size: medium;\"><span style=\"letter-spacing: normal;\"><span lang=\"fr-FR\"><i>Les \u00e9crits ess\u00e9niens d\u00e9couverts pr\u00e8s de la mer Morte<\/i><\/span><\/span><\/span><\/span><\/span><span style=\"color: #000000;\"><span style=\"text-decoration: none;\"><span style=\"font-size: medium;\"><span style=\"letter-spacing: normal;\"><span lang=\"fr-FR\"> (Payot 1959) signale que les grottes nous ont livr\u00e9 des sp\u00e9cimens de chacun des livres de la Bible juive canonique, \u00e0 l&rsquo;exception du livre d&rsquo;<\/span><\/span><\/span><\/span><\/span><span style=\"color: #000000;\"><span style=\"text-decoration: none;\"><span style=\"font-size: medium;\"><span style=\"letter-spacing: normal;\"><span lang=\"fr-FR\"><i>Esther<\/i><\/span><\/span><\/span><\/span><\/span><span style=\"color: #000000;\"><span style=\"text-decoration: none;\"><span style=\"font-size: medium;\"><span style=\"letter-spacing: normal;\"><span lang=\"fr-FR\">. Certains se trouvent en plusieurs exemplaires : celui des Psaumes en 35 exem\u00adplaires, celui du Deut\u00e9ronome en 14 exemplaires, celui d&rsquo;Isa\u00efe en 15 exemplaires. \u00c0 cela s&rsquo;ajoutent les livres de <\/span><\/span><\/span><\/span><\/span><span style=\"color: #000000;\"><span style=\"text-decoration: none;\"><span style=\"font-size: medium;\"><span style=\"letter-spacing: normal;\"><span lang=\"fr-FR\"><i>Tobie<\/i><\/span><\/span><\/span><\/span><\/span><span style=\"color: #000000;\"><span style=\"text-decoration: none;\"><span style=\"font-size: medium;\"><span style=\"letter-spacing: normal;\"><span lang=\"fr-FR\"> et de <\/span><\/span><\/span><\/span><\/span><span style=\"color: #000000;\"><span style=\"text-decoration: none;\"><span style=\"font-size: medium;\"><span style=\"letter-spacing: normal;\"><span lang=\"fr-FR\"><i>l&rsquo;Eccl\u00e9sistique<\/i><\/span><\/span><\/span><\/span><\/span><span style=\"color: #000000;\"><span style=\"text-decoration: none;\"><span style=\"font-size: medium;\"><span style=\"letter-spacing: normal;\"><span lang=\"fr-FR\">, qui ne font pas partie de la Bible juive mais appartiennent au canon de l\u2019\u00c9glise romaine.<\/span><\/span><\/span><\/span><\/span><\/p>\n<p class=\"western\" align=\"justify\"><span style=\"color: #000000;\"><span style=\"text-decoration: none;\"><span style=\"font-size: medium;\"><span style=\"letter-spacing: normal;\"><span lang=\"fr-FR\">Les autres livres non bibliques forment le reste des manuscrits ; fort nombreux ; ils r\u00e9v\u00e8lent une grande homog\u00e9n\u00e9it\u00e9 de croyances t\u00e9moignant en cela qu&rsquo;ils pro\u00adviennent d&rsquo;un m\u00eame milieu religieux. Ils permettent aussi d&rsquo;approfondir la doctrine de la secte et le r\u00f4le d&rsquo;un per\u00adsonnage de premier plan, le ma\u00eetre de justice, objet d&rsquo;une fervente admiration de la part des fid\u00e8les.<\/span><\/span><\/span><\/span><\/span><\/p>\n<p class=\"western\" align=\"justify\"><span style=\"color: #000000;\"><span style=\"text-decoration: none;\"><span style=\"font-size: medium;\"><span style=\"letter-spacing: normal;\"><span lang=\"fr-FR\">Certains \u00e9crits, comme le livre des <\/span><\/span><\/span><\/span><\/span><span style=\"color: #000000;\"><span style=\"text-decoration: none;\"><span style=\"font-size: medium;\"><span style=\"letter-spacing: normal;\"><span lang=\"fr-FR\"><i>Jubil\u00e9s<\/i><\/span><\/span><\/span><\/span><\/span><span style=\"color: #000000;\"><span style=\"text-decoration: none;\"><span style=\"font-size: medium;\"><span style=\"letter-spacing: normal;\"><span lang=\"fr-FR\">, le livre d&rsquo;<\/span><\/span><\/span><\/span><\/span><span style=\"color: #000000;\"><span style=\"text-decoration: none;\"><span style=\"font-size: medium;\"><span style=\"letter-spacing: normal;\"><span lang=\"fr-FR\"><i>H\u00e9noch<\/i><\/span><\/span><\/span><\/span><\/span><span style=\"color: #000000;\"><span style=\"text-decoration: none;\"><span style=\"font-size: medium;\"><span style=\"letter-spacing: normal;\"><span lang=\"fr-FR\">, les <\/span><\/span><\/span><\/span><\/span><span style=\"color: #000000;\"><span style=\"text-decoration: none;\"><span style=\"font-size: medium;\"><span style=\"letter-spacing: normal;\"><span lang=\"fr-FR\"><i>Testaments des Douze Patriarches<\/i><\/span><\/span><\/span><\/span><\/span><span style=\"color: #000000;\"><span style=\"text-decoration: none;\"><span style=\"font-size: medium;\"><span style=\"letter-spacing: normal;\"><span lang=\"fr-FR\">, \u00e9taient tenus en haute estime par la secte et plus tard par cer\u00adtaines communaut\u00e9s chr\u00e9tiennes.<\/span><\/span><\/span><\/span><\/span><\/p>\n<p class=\"western\" align=\"justify\"><span style=\"color: #000000;\"><span style=\"text-decoration: none;\"><span style=\"font-size: medium;\"><span style=\"letter-spacing: normal;\"><span lang=\"fr-FR\">Dans les \u00e9crits plus sp\u00e9cifiquement ess\u00e9niens, mention\u00adnons : le <\/span><\/span><\/span><\/span><\/span><span style=\"color: #000000;\"><span style=\"text-decoration: none;\"><span style=\"font-size: medium;\"><span style=\"letter-spacing: normal;\"><span lang=\"fr-FR\"><i>rouleau de la R\u00e8gle<\/i><\/span><\/span><\/span><\/span><\/span><span style=\"color: #000000;\"><span style=\"text-decoration: none;\"><span style=\"font-size: medium;\"><span style=\"letter-spacing: normal;\"><span lang=\"fr-FR\">, l&rsquo;<\/span><\/span><\/span><\/span><\/span><span style=\"color: #000000;\"><span style=\"text-decoration: none;\"><span style=\"font-size: medium;\"><span style=\"letter-spacing: normal;\"><span lang=\"fr-FR\"><i>\u00c9crit de Damas<\/i><\/span><\/span><\/span><\/span><\/span><span style=\"color: #000000;\"><span style=\"text-decoration: none;\"><span style=\"font-size: medium;\"><span style=\"letter-spacing: normal;\"><span lang=\"fr-FR\">, le <\/span><\/span><\/span><\/span><\/span><span style=\"color: #000000;\"><span style=\"text-decoration: none;\"><span style=\"font-size: medium;\"><span style=\"letter-spacing: normal;\"><span lang=\"fr-FR\"><i>R\u00e8gle\u00adment de la Guerre des Fils de Lumi\u00e8re<\/i><\/span><\/span><\/span><\/span><\/span><span style=\"color: #000000;\"><span style=\"text-decoration: none;\"><span style=\"font-size: medium;\"><span style=\"letter-spacing: normal;\"><span lang=\"fr-FR\">, le rouleau des <\/span><\/span><\/span><\/span><\/span><span style=\"color: #000000;\"><span style=\"text-decoration: none;\"><span style=\"font-size: medium;\"><span style=\"letter-spacing: normal;\"><span lang=\"fr-FR\"><i>Hymnes d&rsquo;action de gr\u00e2ce<\/i><\/span><\/span><\/span><\/span><\/span><span style=\"color: #000000;\"><span style=\"text-decoration: none;\"><span style=\"font-size: medium;\"><span style=\"letter-spacing: normal;\"><span lang=\"fr-FR\">. \u00c0 ces ouvrages s&rsquo;ajoutent des \u00e9crits de caract\u00e8res divers : liturgique, apocalyptique, sapientiel, etc&#8230;<\/span><\/span><\/span><\/span><\/span><\/p>\n<p class=\"western\" align=\"justify\"><span style=\"color: #000000;\"><span style=\"text-decoration: none;\"><span style=\"font-size: medium;\"><span style=\"letter-spacing: normal;\"><span lang=\"fr-FR\"><b>L&rsquo;APPORT DES TEXTES<\/b><\/span><\/span><\/span><\/span><\/span><\/p>\n<p class=\"western\" align=\"justify\"><span style=\"color: #000000;\"><span style=\"text-decoration: none;\"><span style=\"font-size: medium;\"><span style=\"letter-spacing: normal;\"><span lang=\"fr-FR\">Les notices anciennes, pour int\u00e9ressantes qu&rsquo;elles soient, sont loin de pr\u00e9senter l&rsquo;int\u00e9r\u00eat qu&rsquo;offrent les textes de Qumr\u00e2n eux-m\u00eames. Les membres de la secte, ainsi que le montrent les rouleaux, donnaient \u00e0 celle-ci le nom d&rsquo;Alliance ou de Nouvelle Alliance, l&rsquo;Ancienne Alliance, celle transmise par Mo\u00efse, se trouvait rompue \u00e0 cause de l&rsquo;infid\u00e9lit\u00e9 d&rsquo;Isra\u00ebl. On sait que les ess\u00e9niens qui menaient une vie monastique tr\u00e8s asc\u00e9tique \u00e0 Qumr\u00e2n, se recru\u00adtaient surtout parmi les pharisiens. Ils avaient en com\u00admun la m\u00eame fid\u00e9lit\u00e9 \u00e0 la Loi, mais le rel\u00e2chement du juda\u00efsme officiel avait fini par faire croire aux ess\u00e9niens que Yahv\u00e9 ne pouvait plus se compromettre avec Isra\u00ebl ; aussi ne pouvaient-ils concevoir que le Messie ne vint pas chez eux. L&rsquo;imminence de la conflagration finale et du jugement se retrouve pour ainsi dire \u00e0 chaque page de certains livres de la secte.<\/span><\/span><\/span><\/span><\/span><\/p>\n<p class=\"western\" align=\"justify\"><span style=\"color: #000000;\"><span style=\"text-decoration: none;\"><span style=\"font-size: medium;\"><span style=\"letter-spacing: normal;\"><span lang=\"fr-FR\"><b>LE ROULEAU DE LA R\u00c8GLE<\/b><\/span><\/span><\/span><\/span><\/span><\/p>\n<p class=\"western\" align=\"justify\"><span style=\"color: #000000;\"><span style=\"text-decoration: none;\"><span style=\"font-size: medium;\"><span style=\"letter-spacing: normal;\"><span lang=\"fr-FR\">Cet \u00e9crit est important car il nous introduit dans le secret de la vie religieuse de la secte et de ses c\u00e9r\u00e9monies. Il commence par pr\u00e9ciser le but et l&rsquo;id\u00e9al de la Commu\u00adnaut\u00e9.<\/span><\/span><\/span><\/span><\/span><\/p>\n<p class=\"western\" align=\"justify\"><span style=\"color: #000000;\"><span style=\"text-decoration: none;\"><span style=\"font-size: medium;\"><span style=\"letter-spacing: normal;\"><span lang=\"fr-FR\">Pour l&rsquo;homme intelligent, afin qu&rsquo;il instruise les saints, pour qu&rsquo;ils vivent selon la r\u00e8gle de la Communaut\u00e9 ; pour rechercher Dieu de tout leur c\u0153ur et de toute leur \u00e2me, et pour faire ce qui est bon et droit devant lui selon ce qu&rsquo;Il a prescrit par l&rsquo;interm\u00e9diaire de Mo\u00efse et par l&rsquo;interm\u00e9diaire de tous Ses serviteurs les Proph\u00e8tes ; et pour aimer tout ce qu&rsquo;il a \u00e9lu et pour ha\u00efr tout ce qu&rsquo;Il a m\u00e9pris\u00e9 ; et pour s&rsquo;\u00e9loigner de tout mal et pour s&rsquo;atta\u00adcher \u00e0 toutes les bonnes choses ; et pour pratiquer la v\u00e9rit\u00e9 et la justice et le droit sur la terre (op. cit., p. 88). L&rsquo;indication \u00ab homme intelligent \u00bb revient fr\u00e9quemment dans les documents de Qumr\u00e2n ; elle signale qu&rsquo;on a affaire \u00e0 un livre secret propre \u00e0 la secte. Ce livre men\u00adtionne les c\u00e9r\u00e9monies d&rsquo;entr\u00e9e dans la communaut\u00e9 \u00e0 laquelle l&rsquo;ess\u00e9nien appartient tout entier, corps, \u00e2me et biens ; il pr\u00e9cise les f\u00eates r\u00e9glementaires fix\u00e9es par le calendrier de la secte, et, \u00e0 ce propos, il est important de noter que le christianisme reprendra ce calendrier, lequel ne correspondait pas au calendrier en vigueur dans le juda\u00efsme de la Synagogue. Cependant, comme dans la synagogue officielle, la communaut\u00e9 comprend trois cat\u00e9gories : les pr\u00eatres, les l\u00e9vites et les la\u00efcs. Le repas est communautaire et se d\u00e9roule suivant un c\u00e9r\u00e9\u00admonial que nous retrouvons chez les chr\u00e9tiens \u00e0 la C\u00e8ne du Jeudi-Saint : le Pr\u00eatre \u00e9tend les mains sur le pain et le vin avant le repas et les b\u00e9nit.<\/span><\/span><\/span><\/span><\/span><\/p>\n<p class=\"western\" align=\"justify\"><span style=\"color: #000000;\"><span style=\"text-decoration: none;\"><span style=\"font-size: medium;\"><span style=\"letter-spacing: normal;\"><span lang=\"fr-FR\">Le rouleau de la R\u00e8gle, comme son nom l&rsquo;indique, pr\u00e9voit dans le d\u00e9tail la vie des ess\u00e9niens dans la communaut\u00e9. Cependant, il traite aussi de la sanctification de ses moines et de la doctrine dont ils doivent s&rsquo;impr\u00e9gner. Le caract\u00e8re essentiel de la doctrine, telle qu&rsquo;elle ressort du rouleau de la R\u00e8gle, est d&rsquo;\u00eatre fondamentalement dualiste. Dieu cr\u00e9ateur a dispos\u00e9 pour l&rsquo;homme deux esprits, l&rsquo;Esprit de v\u00e9rit\u00e9 et l&rsquo;Esprit de perversion ; le premier est aussi appel\u00e9 Esprit de lumi\u00e8re et le second esprit de t\u00e9n\u00e8bres. Comme l&rsquo;explique le texte, le Dieu cr\u00e9ateur a fond\u00e9 toute son \u0153uvre sur ces deux Esprits. Dieu aime le premier esprit pour toute la dur\u00e9e des si\u00e8cles et se compla\u00eet en tous ses actes tandis qu&rsquo;il abo\u00admine l&rsquo;autre et toutes ses voies et les hait pour toujours.<\/span><\/span><\/span><\/span><\/span><\/p>\n<p class=\"western\" align=\"justify\"><span style=\"color: #000000;\"><span style=\"text-decoration: none;\"><span style=\"font-size: medium;\"><span style=\"letter-spacing: normal;\"><span lang=\"fr-FR\"><b>L\u2019\u00c9CRIT DE DAMAS<\/b><\/span><\/span><\/span><\/span><\/span><\/p>\n<p class=\"western\" align=\"justify\"><span style=\"color: #000000;\"><span style=\"text-decoration: none;\"><span style=\"font-size: medium;\"><span style=\"letter-spacing: normal;\"><span lang=\"fr-FR\">Chacun des deux Esprits tient en son pouvoir une partie de l&rsquo;humanit\u00e9 : l&rsquo;Esprit de v\u00e9rit\u00e9, les fils de lumi\u00e8re ; l&rsquo;Esprit mauvais, les fils de t\u00e9n\u00e8bres. Les historiens ont eu souvent dans cette r\u00e9partition de l&rsquo;humanit\u00e9 en deux camps tranch\u00e9s une influence mazd\u00e9enne. Sans aller jusque-l\u00e0, il suffit de rappeler que chez les juifs ce m\u00e9\u00adlange du Bien et du Mal, qui est le propre de l&rsquo;humanit\u00e9, ne cessera qu&rsquo;au jour du jugement fix\u00e9 par Dieu qui verra l&rsquo;extermination du Mal. Du reste toute la vie de la communaut\u00e9 est organis\u00e9e en fonction de ce grand jour. Plusieurs \u00e9crits de Qumran r\u00e9v\u00e8lent une v\u00e9ritable psychose de la fin des temps : l&rsquo;attente est si exacerb\u00e9e qu&rsquo;on s&rsquo;attend d&rsquo;un jour \u00e0 l&rsquo;autre \u00e0 la supr\u00eame visite de Dieu.<\/span><\/span><\/span><\/span><\/span><\/p>\n<p class=\"western\" align=\"justify\"><span style=\"color: #000000;\"><span style=\"text-decoration: none;\"><span style=\"font-size: medium;\"><span style=\"letter-spacing: normal;\"><span lang=\"fr-FR\">Sur l&rsquo;imminence du grand Jugement, et son influence sur le comportement des ess\u00e9niens, l\u2019<\/span><\/span><\/span><\/span><\/span><span style=\"color: #000000;\"><span style=\"text-decoration: none;\"><span style=\"font-size: medium;\"><span style=\"letter-spacing: normal;\"><span lang=\"fr-FR\"><i>\u00c9crit de Damas<\/i><\/span><\/span><\/span><\/span><\/span><span style=\"color: #000000;\"><span style=\"text-decoration: none;\"><span style=\"font-size: medium;\"><span style=\"letter-spacing: normal;\"><span lang=\"fr-FR\"> est de la plus haute importance. En outre, l&rsquo;ouvrage fit \u00e9tat \u00e0 plusieurs reprises de deux personnages de pre\u00admier plan : \u00ab le Ma\u00eetre de Justice \u00bb, d&rsquo;une part, et \u00ab l&rsquo;Homme de mensonge \u00bb, d&rsquo;autre part ; le premier fut le fondateur de la secte et le second fut le pers\u00e9cuteur du Ma\u00eetre. L&rsquo;\u00ab Homme de mensonge \u00bb est aussi appel\u00e9 le \u00ab Pr\u00eatre impie \u00bb. Ce dernier est vraisemblablement le grand-pr\u00eatre de la Synagogue officielle, Hyrcan II qui exer\u00e7a ses fonctions \u00e0 partir de 76 avant J.-C. et mit \u00e0 mort \u00ab le Ma\u00eetre de Justice \u00bb vers 65-63. \u00c0 ce moment-l\u00e0, la secte se r\u00e9fugia dans la Damasc\u00e8ne, loin des atteintes du grand pr\u00eatre, puis revint \u00e0 Qumr\u00e2n vers 40 avant J.-C. et y resta jusqu&rsquo;\u00e0 la grande R\u00e9volte juive ; c&rsquo;est-\u00e0-dire jusqu&rsquo;en 68 de l&rsquo;\u00e8re chr\u00e9tienne. Les \u00e9v\u00e9nements de l&rsquo;\u00e9poque permettent aux historiens de dater l\u2019<\/span><\/span><\/span><\/span><\/span><span style=\"color: #000000;\"><span style=\"text-decoration: none;\"><span style=\"font-size: medium;\"><span style=\"letter-spacing: normal;\"><span lang=\"fr-FR\"><i>\u00c9crit de Damas<\/i><\/span><\/span><\/span><\/span><\/span><span style=\"color: #000000;\"><span style=\"text-decoration: none;\"><span style=\"font-size: medium;\"><span style=\"letter-spacing: normal;\"><span lang=\"fr-FR\"> entre 18 et 48 avant J.-C. et la R\u00e8gle, qui, si elle n&rsquo;est pas de la main du Ma\u00eetre de Justice, porte son empreinte profonde, avant 63.<\/span><\/span><\/span><\/span><\/span><\/p>\n<p class=\"western\" align=\"justify\"><span style=\"color: #000000;\"><span style=\"text-decoration: none;\"><span style=\"font-size: medium;\"><span style=\"letter-spacing: normal;\"><span lang=\"fr-FR\">L&rsquo;<\/span><\/span><\/span><\/span><\/span><span style=\"color: #000000;\"><span style=\"text-decoration: none;\"><span style=\"font-size: medium;\"><span style=\"letter-spacing: normal;\"><span lang=\"fr-FR\"><i>\u00c9crit de Damas<\/i><\/span><\/span><\/span><\/span><\/span><span style=\"color: #000000;\"><span style=\"text-decoration: none;\"><span style=\"font-size: medium;\"><span style=\"letter-spacing: normal;\"><span lang=\"fr-FR\"> sp\u00e9cifie que, entre le jour o\u00f9 fut enlev\u00e9 le Ma\u00eetre de Justice et le jour du grand Jugement, il s&rsquo;\u00e9coulera le temps d&rsquo;une g\u00e9n\u00e9ration, c&rsquo;est-\u00e0-dire environ quarante ans. C&rsquo;est ce m\u00eame temps qui est indiqu\u00e9 dans le Commentaire du psaume 37 retrouv\u00e9 aussi \u00e0 Qumr\u00e2n : \u00ab Encore un peu de temps, et l&rsquo;impie ne sera plus ; j&rsquo;examinerai sa place et il ne sera plus (v. 10 du Ps. 37). Et voici le commentaire accompagnant le verset : \u00ab L&rsquo;explication de ceci concerne toute l&rsquo;impi\u00e9t\u00e9 ; c&rsquo;est au bout des quarante ans qu&rsquo;ils seront supprim\u00e9s et qu&rsquo;on ne trouvera plus sur la terre aucun homme impie. \u00bb<\/span><\/span><\/span><\/span><\/span><\/p>\n<p class=\"western\" align=\"justify\"><span style=\"color: #000000;\"><span style=\"text-decoration: none;\"><span style=\"font-size: medium;\"><span style=\"letter-spacing: normal;\"><span lang=\"fr-FR\">C&rsquo;est donc tout au d\u00e9but de l&rsquo;\u00e8re chr\u00e9tienne que devait avoir lieu le fameux Jugement. On comprend que les chr\u00e9tiens, qui ont pris aux ess\u00e9niens l&rsquo;essentiel de leur doctrine, aient \u00e9galement subi la contagion de la psy\u00adchose de la fin des temps.<\/span><\/span><\/span><\/span><\/span><\/p>\n<p class=\"western\" align=\"justify\"><span style=\"color: #000000;\"><span style=\"text-decoration: none;\"><span style=\"font-size: medium;\"><span style=\"letter-spacing: normal;\"><span lang=\"fr-FR\"><b>LE ROULEAU DU R\u00c8GLEMENT DE LA GUERRE<\/b><\/span><\/span><\/span><\/span><\/span><\/p>\n<p class=\"western\" align=\"justify\"><span style=\"color: #000000;\"><span style=\"text-decoration: none;\"><span style=\"font-size: medium;\"><span style=\"letter-spacing: normal;\"><span lang=\"fr-FR\">La guerre que devait livrer les Fils de Lumi\u00e8re contre les Fils des T\u00e9n\u00e8bres exigeait de mobiliser toutes les \u00e9nergies, c&rsquo;est pourquoi chaque adepte de la secte, chaque ess\u00e9nien \u00e9tait essentiellement un soldat, un com\u00adbattant de cette guerre future en vue de laquelle la Communaut\u00e9 \u00e9tait tout enti\u00e8re con\u00e7ue et organis\u00e9e comme une milice divine non seulement pour combattre le mal pr\u00e9sent mais surtout pour \u00eatre pr\u00eate \u00e0 livrer le grand combat de Dieu qui am\u00e8nerait l&rsquo;extermination du mal. L&rsquo;enjeu de la guerre, le drame colossal, r\u00e9ellement apocalyptique, devait permettre non seulement la d\u00e9faite des ennemis d&rsquo;Isra\u00ebl mais d\u00e9cider \u00e0 jamais du sort du monde. Les fils de lumi\u00e8re auraient \u00e0 d\u00e9ployer toute leur vaillance.<\/span><\/span><\/span><\/span><\/span><\/p>\n<p class=\"western\" align=\"justify\"><span style=\"color: #000000;\"><span style=\"text-decoration: none;\"><span style=\"font-size: medium;\"><span style=\"letter-spacing: normal;\"><span lang=\"fr-FR\"><i>Le R\u00e8glement de la Guerre<\/i><\/span><\/span><\/span><\/span><\/span><span style=\"color: #000000;\"><span style=\"text-decoration: none;\"><span style=\"font-size: medium;\"><span style=\"letter-spacing: normal;\"><span lang=\"fr-FR\"> trouv\u00e9 \u00e0 Qumran avait pour objet de pr\u00e9parer les ess\u00e9niens \u00e0 ce combat supr\u00eame. Dans ce rouleau, la guerre sainte est d\u00e9crite de fa\u00e7on concr\u00e8te et d\u00e9taill\u00e9e : tout y est pr\u00e9vu : le commande\u00adment, la mobilisation, le plan de conqu\u00eate du monde qui doit s&rsquo;ensuivre, la d\u00e9faite de l&rsquo;ennemi, les \u00e9tendards, les trompettes, le b\u00e2ton de commandement, la formation en lignes, l&rsquo;armement de l&rsquo;infanterie, ses man\u0153uvres, celles de la cavalerie, la puret\u00e9 du camp, le r\u00f4le des pr\u00eatres et des l\u00e9vites durant le combat, et, sans pr\u00e9tendre \u00e9tablir ici une \u00e9num\u00e9ration compl\u00e8te, il faut aussi mentionner la supplication du grand pr\u00eatre avant le combat, les b\u00e9n\u00e9dictions et les mal\u00e9dictions \u00e0 prononcer pendant le combat, et enfin les hymnes d&rsquo;action de gr\u00e2ces apr\u00e8s le combat. L&rsquo;auteur s&rsquo;inspire visiblement du livre de Daniel qu&rsquo;il cite par endroit textuellement.<\/span><\/span><\/span><\/span><\/span><\/p>\n<p class=\"western\" align=\"justify\"><span style=\"color: #000000;\"><span style=\"text-decoration: none;\"><span style=\"font-size: medium;\"><span style=\"letter-spacing: normal;\"><span lang=\"fr-FR\"><i>Le R\u00e8glement de la Guerre<\/i><\/span><\/span><\/span><\/span><\/span><span style=\"color: #000000;\"><span style=\"text-decoration: none;\"><span style=\"font-size: medium;\"><span style=\"letter-spacing: normal;\"><span lang=\"fr-FR\">, selon les historiens, est sensi\u00adblement de la m\u00eame \u00e9poque que l\u2019<\/span><\/span><\/span><\/span><\/span><span style=\"color: #000000;\"><span style=\"text-decoration: none;\"><span style=\"font-size: medium;\"><span style=\"letter-spacing: normal;\"><span lang=\"fr-FR\"><i>\u00c9crit de Damas<\/i><\/span><\/span><\/span><\/span><\/span><span style=\"color: #000000;\"><span style=\"text-decoration: none;\"><span style=\"font-size: medium;\"><span style=\"letter-spacing: normal;\"><span lang=\"fr-FR\"> ; il peut donc \u00eatre situ\u00e9 entre 63 et 68 avant J.-C. Il fut certaine\u00adment un des livres fondamentaux de la secte car les grottes ont livr\u00e9 six manuscrits de cet ouvrage. L&rsquo;auteur du <\/span><\/span><\/span><\/span><\/span><span style=\"color: #000000;\"><span style=\"text-decoration: none;\"><span style=\"font-size: medium;\"><span style=\"letter-spacing: normal;\"><span lang=\"fr-FR\"><i>R\u00e8glement de la Guerre<\/i><\/span><\/span><\/span><\/span><\/span><span style=\"color: #000000;\"><span style=\"text-decoration: none;\"><span style=\"font-size: medium;\"><span style=\"letter-spacing: normal;\"><span lang=\"fr-FR\"> fut, \u00e0 n&rsquo;en pas douter, un fantastique visionnaire qui sut admirablement exploiter la cr\u00e9dulit\u00e9 et les r\u00eaves de grandeur de la secte. Mais peut-on \u00e0 ce point \u00eatre coup\u00e9 du r\u00e9el sans \u00eatre un extra\u00adordinaire m\u00e9galomane ?<\/span><\/span><\/span><\/span><\/span><\/p>\n<p class=\"western\" align=\"justify\"><span style=\"color: #000000;\"><span style=\"text-decoration: none;\"><span style=\"font-size: medium;\"><span style=\"letter-spacing: normal;\"><span lang=\"fr-FR\"><b>LE ROULEAU DES HYMNES<\/b><\/span><\/span><\/span><\/span><\/span><\/p>\n<p class=\"western\" align=\"justify\"><span style=\"color: #000000;\"><span style=\"text-decoration: none;\"><span style=\"font-size: medium;\"><span style=\"letter-spacing: normal;\"><span lang=\"fr-FR\">Cette \u0153uvre semble avoir \u00e9t\u00e9 l&rsquo;une des plus sacr\u00e9es et les plus v\u00e9n\u00e9r\u00e9es de la secte car il existe des fragments d&rsquo;au moins six exemplaires du manuscrit. Les hymnes sont des chants d&rsquo;une haute \u00e9l\u00e9vation o\u00f9 l&rsquo;auteur se livre dans un lyrisme exalt\u00e9 exprimant tour \u00e0 tour son ado\u00adration, sa soumission et son amour envers Dieu Tr\u00e8s-Haut mais aussi sa haine pour B\u00e9lial, incarnation du Mal, ses d\u00e9sespoirs, ses affres mortelles.<\/span><\/span><\/span><\/span><\/span><\/p>\n<p class=\"western\" align=\"justify\"><span style=\"color: #000000;\"><span style=\"text-decoration: none;\"><span style=\"font-size: medium;\"><span style=\"letter-spacing: normal;\"><span lang=\"fr-FR\">L&rsquo;auteur parle \u00e0 la premi\u00e8re personne du singulier ; il exprime les plaintes du juste pers\u00e9cute et se pr\u00e9sente comme le chef de la secte de l&rsquo;Alliance ; il est le b\u00e2tisseur de la Communaut\u00e9 des \u00c9lus, le Ma\u00eetre qui enseigne, le P\u00e8re qui prot\u00e8ge, etc. Il ne faut pas s&rsquo;\u00e9tonner d\u00e8s lors que la plupart des historiens aient consid\u00e9r\u00e9 l&rsquo;auteur des Hymnes comme le Ma\u00eetre de Justice, lui-m\u00eame, dont l&rsquo;<\/span><\/span><\/span><\/span><\/span><span style=\"color: #000000;\"><span style=\"text-decoration: none;\"><span style=\"font-size: medium;\"><span style=\"letter-spacing: normal;\"><span lang=\"fr-FR\"><i>\u00e9crit de Damas<\/i><\/span><\/span><\/span><\/span><\/span><span style=\"color: #000000;\"><span style=\"text-decoration: none;\"><span style=\"font-size: medium;\"><span style=\"letter-spacing: normal;\"><span lang=\"fr-FR\"> nous a relat\u00e9 la destin\u00e9e tragique, le prestige exceptionnel et le r\u00f4le messianique.<\/span><\/span><\/span><\/span><\/span><\/p>\n<p class=\"western\" align=\"justify\"><span style=\"color: #000000;\"><span style=\"text-decoration: none;\"><span style=\"font-size: medium;\"><span style=\"letter-spacing: normal;\"><span lang=\"fr-FR\"><i>Les Hymnes<\/i><\/span><\/span><\/span><\/span><\/span><span style=\"color: #000000;\"><span style=\"text-decoration: none;\"><span style=\"font-size: medium;\"><span style=\"letter-spacing: normal;\"><span lang=\"fr-FR\"> nous font conna\u00eetre, en m\u00eame temps que le c\u00f4t\u00e9 mystique du personnage, son r\u00f4le de fondateur et d&rsquo;initiateur de la communaut\u00e9. S&rsquo;adressant \u00e0 Dieu, il se situe comme l&rsquo;homme que les puissances du Mal cher\u00adchent \u00e0 abattre et, en m\u00eame temps le m\u00e9diateur entre Dieu et son peuple : &#8230;\u00ab Et tous les hommes de tromperie grondaient contre moi comme le bruit du grondement des grandes eaux et les ruses de B\u00e9lial \u00e9taient toutes leurs pens\u00e9es, et ils ont renvers\u00e9 vers la fosse la vie de l&rsquo;homme par la bouche duquel Tu as fond\u00e9 la doctrine et dans le c\u0153ur duquel Tu as plac\u00e9 l&rsquo;intelligence pour qu&rsquo;il ouvrit la source de la Connaissance pour tous les intelligents&#8230; Hymne II <\/span><\/span><\/span><\/span><\/span><\/p>\n<p class=\"western\" align=\"justify\"><span style=\"color: #000000;\"><span style=\"text-decoration: none;\"><span style=\"font-size: medium;\"><span style=\"letter-spacing: normal;\"><span lang=\"fr-FR\">Comment ne pas voir en celui qui a re\u00e7u la doctrine, qui a acc\u00e8s \u00e0 la source de la Connaissance, le Ma\u00eetre de Justice en personne ? Comme il se r\u00e9v\u00e8le le d\u00e9tenteur de la Connaissance salvatrice, certains historiens ont cru voir en lui un gnostique et sont m\u00eame all\u00e9s jusqu&rsquo;\u00e0 pr\u00e9\u00adtendre que les ess\u00e9niens \u00e9taient une secte gnostique, l&rsquo;en\u00adseignement \u00e9tant r\u00e9serv\u00e9 soi-disant \u00e0 des initi\u00e9s.<\/span><\/span><\/span><\/span><\/span><\/p>\n<p class=\"western\" align=\"justify\"><span style=\"color: #000000;\"><span style=\"text-decoration: none;\"><span style=\"font-size: medium;\"><span style=\"letter-spacing: normal;\"><span lang=\"fr-FR\"><b>LE MA\u00ceTRE DE JUSTICE<\/b><\/span><\/span><\/span><\/span><\/span><\/p>\n<p class=\"western\" align=\"justify\"><span style=\"color: #000000;\"><span style=\"text-decoration: none;\"><span style=\"font-size: medium;\"><span style=\"letter-spacing: normal;\"><span lang=\"fr-FR\">La question de savoir si les ess\u00e9niens pouvaient \u00eatre consid\u00e9r\u00e9s comme des gnostiques se pose d&rsquo;abord pour le Ma\u00eetre de Justice lui-m\u00eame. Celui-ci se donne une double mission : restaurer la v\u00e9ritable Alliance d&rsquo;Isra\u00ebl que la Synagogue officielle a compromise et apporter le salut aux nations. Aux fid\u00e8les de la secte rassembl\u00e9s autour de lui, le Ma\u00eetre de Justice emploie l&rsquo;expression : \u00ab Ceux qui sont entr\u00e9s dans mon Alliance \u00bb (V.23). Ce langage montre qu&rsquo;il se consid\u00e8re comme le chef de l&rsquo;Alliance divine. Et il pr\u00e9cise dans un important passage des Hymnes (VI, 10-13) comment il con\u00e7oit la mission :<\/span><\/span><\/span><\/span><\/span><\/p>\n<p class=\"western\" style=\"margin-bottom: 0cm; line-height: 100%; text-align: left; padding-left: 90px;\" align=\"justify\"><span style=\"color: #000000;\"><span style=\"text-decoration: none;\"><span style=\"font-size: medium;\"><span style=\"letter-spacing: normal;\"><span lang=\"fr-FR\">\u00ab Et c&rsquo;est \u00e0 cause de toi que tu m&rsquo;as cr\u00e9\u00e9<\/span><\/span><\/span><\/span><\/span><\/p>\n<p class=\"western\" style=\"margin-bottom: 0cm; line-height: 100%; text-align: left; padding-left: 90px;\" align=\"justify\"><span style=\"color: #000000;\"><span style=\"text-decoration: none;\"><span style=\"font-size: medium;\"><span style=\"letter-spacing: normal;\"><span lang=\"fr-FR\">pour accomplir la Loi<\/span><\/span><\/span><\/span><\/span><\/p>\n<p class=\"western\" style=\"margin-bottom: 0cm; line-height: 100%; text-align: left; padding-left: 90px;\" align=\"justify\"><span style=\"color: #000000;\"><span style=\"text-decoration: none;\"><span style=\"font-size: medium;\"><span style=\"letter-spacing: normal;\"><span lang=\"fr-FR\">et pour instruire par ma bouche les hommes de ton conseil<\/span><\/span><\/span><\/span><\/span><\/p>\n<p class=\"western\" style=\"margin-bottom: 0cm; line-height: 100%; text-align: left; padding-left: 90px;\" align=\"justify\"><span style=\"color: #000000;\"><span style=\"text-decoration: none;\"><span style=\"font-size: medium;\"><span style=\"letter-spacing: normal;\"><span lang=\"fr-FR\">au milieu des fils des hommes&#8230;<\/span><\/span><\/span><\/span><\/span><\/p>\n<p class=\"western\" style=\"margin-bottom: 0cm; line-height: 100%; text-align: left; padding-left: 90px;\" align=\"justify\"><span style=\"color: #000000;\"><span style=\"text-decoration: none;\"><span style=\"font-size: medium;\"><span style=\"letter-spacing: normal;\"><span lang=\"fr-FR\">Et toutes les nations conna\u00eetront ta v\u00e9rit\u00e9,<\/span><\/span><\/span><\/span><\/span><\/p>\n<p class=\"western\" style=\"margin-bottom: 0cm; line-height: 100%; text-align: left; padding-left: 90px;\" align=\"justify\"><span style=\"color: #000000;\"><span style=\"text-decoration: none;\"><span style=\"font-size: medium;\"><span style=\"letter-spacing: normal;\"><span lang=\"fr-FR\">et tous les peuples, ta gloire.<\/span><\/span><\/span><\/span><\/span><\/p>\n<p class=\"western\" style=\"margin-bottom: 0cm; line-height: 100%; text-align: left; padding-left: 90px;\" align=\"justify\"><span style=\"color: #000000;\"><span style=\"text-decoration: none;\"><span style=\"font-size: medium;\"><span style=\"letter-spacing: normal;\"><span lang=\"fr-FR\">Car tu les as fait entrer dans ton Alliance glorieuse <\/span><\/span><\/span><\/span><\/span><\/p>\n<p class=\"western\" style=\"margin-bottom: 0cm; line-height: 100%; text-align: left; padding-left: 90px;\" align=\"justify\"><span style=\"color: #000000;\"><span style=\"text-decoration: none;\"><span style=\"font-size: medium;\"><span style=\"letter-spacing: normal;\"><span lang=\"fr-FR\">aupr\u00e8s de tous les hommes de ton conseil <\/span><\/span><\/span><\/span><\/span><\/p>\n<p class=\"western\" style=\"margin-bottom: 0cm; line-height: 100%; text-align: left; padding-left: 90px;\" align=\"justify\"><span style=\"color: #000000;\"><span style=\"text-decoration: none;\"><span style=\"font-size: medium;\"><span style=\"letter-spacing: normal;\"><span lang=\"fr-FR\">et dans un lot commun avec les Anges de la Face&#8230; \u00bb<\/span><\/span><\/span><\/span><\/span><\/p>\n<p class=\"western\" align=\"justify\"><span style=\"color: #000000;\"><span style=\"text-decoration: none;\"><span style=\"font-size: medium;\"><span style=\"letter-spacing: normal;\"><span lang=\"fr-FR\">Le Ma\u00eetre de justice se pr\u00e9sente donc comme le chef et le m\u00e9diateur de la Nouvelle Alliance, comme le nouveau Mo\u00efse dont le Deut\u00e9ronome annon\u00e7ait la venue (XVIII, 18-19). Comme le Serviteur de Yahv\u00e9 (Isa\u00efe LIII, 11), le Ma\u00eetre de justice attend avec une foi in\u00e9branlable la d\u00e9livrance et le triomphe final (VII, 23-25) :<\/span><\/span><\/span><\/span><\/span><\/p>\n<p class=\"western\" style=\"margin-bottom: 0cm; line-height: 100%; padding-left: 90px;\" align=\"justify\"><span style=\"color: #000000;\"><span style=\"text-decoration: none;\"><span style=\"font-size: medium;\"><span style=\"letter-spacing: normal;\"><span lang=\"fr-FR\"><span style=\"color: #000000;\"><span style=\"text-decoration: none;\"><span style=\"font-size: medium;\"><span style=\"letter-spacing: normal;\"><span lang=\"fr-FR\">\u00ab<\/span><\/span><\/span><\/span><\/span>Et toi, \u00f4 mon Dieu, tu as secouru mon \u00e2me, <\/span><\/span><\/span><\/span><\/span><\/p>\n<p class=\"western\" style=\"margin-bottom: 0cm; line-height: 100%; padding-left: 90px;\" align=\"justify\"><span style=\"color: #000000;\"><span style=\"text-decoration: none;\"><span style=\"font-size: medium;\"><span style=\"letter-spacing: normal;\"><span lang=\"fr-FR\">&#8230; Et je serai resplendissant de lumi\u00e8re sept fois <\/span><\/span><\/span><\/span><\/span><\/p>\n<p class=\"western\" style=\"margin-bottom: 0cm; line-height: 100%; padding-left: 90px;\" align=\"justify\"><span style=\"color: #000000;\"><span style=\"text-decoration: none;\"><span style=\"font-size: medium;\"><span style=\"letter-spacing: normal;\"><span lang=\"fr-FR\">dans l\u2019\u00c9den que tu as cr\u00e9\u00e9 pour ta gloire. <\/span><\/span><\/span><\/span><\/span><\/p>\n<p class=\"western\" style=\"margin-bottom: 0cm; line-height: 100%; padding-left: 90px;\" align=\"justify\"><span style=\"color: #000000;\"><span style=\"text-decoration: none;\"><span style=\"font-size: medium;\"><span style=\"letter-spacing: normal;\"><span lang=\"fr-FR\">Car tu es pour moi un luminaire \u00e9ternel&#8230; \u00bb<\/span><\/span><\/span><\/span><\/span><\/p>\n<p class=\"western\" align=\"justify\"><span style=\"color: #000000;\"><span style=\"text-decoration: none;\"><span style=\"font-size: medium;\"><span style=\"letter-spacing: normal;\"><span lang=\"fr-FR\">L&rsquo;exaltation atteint dans l&rsquo;un des Hymnes un paroxysme qui ne sera pas \u00e9gal\u00e9 dans toute la litt\u00e9rature ess\u00e9nienne (III, 7-18). Les sp\u00e9culations messianiques sont celles d&rsquo;un visionnaire extraordinaire qui s&rsquo;identifie au Messie ; or celui-ci doit \u00eatre \u00e9prouv\u00e9 et purifi\u00e9 au creuset de la souf\u00adfrance. Parfois le Ma\u00eetre de Justice, toujours en s&rsquo;adres\u00adsant \u00e0 Dieu, parle des \u00e9lus de la secte charg\u00e9s de r\u00e9tablir la justice et d&rsquo;apaiser le courroux divin :<\/span><\/span><\/span><\/span><\/span><\/p>\n<p class=\"western\" style=\"margin-bottom: 0cm; line-height: 100%; padding-left: 60px;\" align=\"justify\"><span style=\"color: #000000;\"><span style=\"text-decoration: none;\"><span style=\"font-size: medium;\"><span style=\"letter-spacing: normal;\"><span lang=\"fr-FR\"><span style=\"color: #000000;\"><span style=\"text-decoration: none;\"><span style=\"font-size: medium;\"><span style=\"letter-spacing: normal;\"><span lang=\"fr-FR\">\u00ab <\/span><\/span><\/span><\/span><\/span>Et moi, je sais que nulle richesse n&rsquo;est \u00e9gale \u00e0 ta <\/span><\/span><\/span><\/span><\/span><\/p>\n<p class=\"western\" style=\"margin-bottom: 0cm; line-height: 100%; padding-left: 60px;\" align=\"justify\"><span style=\"color: #000000;\"><span style=\"text-decoration: none;\"><span style=\"font-size: medium;\"><span style=\"letter-spacing: normal;\"><span lang=\"fr-FR\">v\u00e9rit\u00e9 et que terrible sera la vengeance <\/span><\/span><\/span><\/span><\/span><\/p>\n<p class=\"western\" style=\"margin-bottom: 0cm; line-height: 100%; padding-left: 60px;\" align=\"justify\"><span style=\"color: #000000;\"><span style=\"text-decoration: none;\"><span style=\"font-size: medium;\"><span style=\"letter-spacing: normal;\"><span lang=\"fr-FR\">de la part de tes hommes de saintet\u00e9 \u00bb (XV, 22-24).<\/span><\/span><\/span><\/span><\/span><\/p>\n<p class=\"western\" style=\"margin-bottom: 0cm; line-height: 100%; text-align: justify;\" align=\"justify\"><span style=\"color: #000000;\"><span style=\"text-decoration: none;\"><span style=\"font-size: medium;\"><span style=\"letter-spacing: normal;\"><span lang=\"fr-FR\">Le sort des impies promet d&rsquo;\u00eatre terrible :<\/span><\/span><\/span><\/span><\/span><\/p>\n<p class=\"western\" style=\"margin-bottom: 0cm; line-height: 100%; padding-left: 60px;\" align=\"justify\"><span style=\"color: #000000;\"><span style=\"text-decoration: none;\"><span style=\"font-size: medium;\"><span style=\"letter-spacing: normal;\"><span lang=\"fr-FR\"><span style=\"color: #000000;\"><span style=\"text-decoration: none;\"><span style=\"font-size: medium;\"><span style=\"letter-spacing: normal;\"><span lang=\"fr-FR\">\u00ab<\/span><\/span><\/span><\/span><\/span> &#8230; les impies, tu les as cr\u00e9\u00e9s pour le moment de ton <\/span><\/span><\/span><\/span><\/span><\/p>\n<p class=\"western\" style=\"margin-bottom: 0cm; line-height: 100%; padding-left: 60px;\" align=\"justify\"><span style=\"color: #000000;\"><span style=\"text-decoration: none;\"><span style=\"font-size: medium;\"><span style=\"letter-spacing: normal;\"><span lang=\"fr-FR\">courroux et, d\u00e8s le sein maternel, tu les as r\u00e9serv\u00e9s <\/span><\/span><\/span><\/span><\/span><\/p>\n<p class=\"western\" style=\"margin-bottom: 0cm; line-height: 100%; padding-left: 60px;\" align=\"justify\"><span style=\"color: #000000;\"><span style=\"text-decoration: none;\"><span style=\"font-size: medium;\"><span style=\"letter-spacing: normal;\"><span lang=\"fr-FR\">pour le Jour du massacre \u00bb (XV, 17).<\/span><\/span><\/span><\/span><\/span><\/p>\n<p class=\"western\" align=\"justify\"><span style=\"color: #000000;\"><span style=\"text-decoration: none;\"><span style=\"font-size: medium;\"><span style=\"letter-spacing: normal;\"><span lang=\"fr-FR\">La victoire finale correspondra \u00e0 l&rsquo;extermination totale des ennemis par ceux que le Ma\u00eetre de Justice appelle \u00ab la milice des Vaillants \u00bb :<\/span><\/span><\/span><\/span><\/span><\/p>\n<p class=\"western\" style=\"margin-bottom: 0cm; line-height: 100%; padding-left: 60px;\" align=\"justify\"><span style=\"color: #000000;\"><span style=\"text-decoration: none;\"><span style=\"font-size: medium;\"><span style=\"letter-spacing: normal;\"><span lang=\"fr-FR\">\u00ab &#8230; et la milice des Vaillants des cieux agite son fouet dans le monde,<\/span><\/span><\/span><\/span><\/span><\/p>\n<p class=\"western\" style=\"margin-bottom: 0cm; line-height: 100%; padding-left: 60px;\" align=\"justify\"><span style=\"color: #000000;\"><span style=\"text-decoration: none;\"><span style=\"font-size: medium;\"><span style=\"letter-spacing: normal;\"><span lang=\"fr-FR\">et elle n&rsquo;aura de cesse jusqu&rsquo;\u00e0 l&rsquo;extermination fatale, <\/span><\/span><\/span><\/span><\/span><\/p>\n<p class=\"western\" style=\"margin-bottom: 0cm; line-height: 100%; padding-left: 60px;\" align=\"justify\"><span style=\"color: #000000;\"><span style=\"text-decoration: none;\"><span style=\"font-size: medium;\"><span style=\"letter-spacing: normal;\"><span lang=\"fr-FR\">qui sera d\u00e9finitive et sans pareille \u00bb.<\/span><\/span><\/span><\/span><\/span><\/p>\n<p class=\"western\" align=\"justify\"><span style=\"color: #000000;\"><span style=\"text-decoration: none;\"><span style=\"font-size: medium;\"><span style=\"letter-spacing: normal;\"><span lang=\"fr-FR\"><b>L&rsquo;ATTENTE DANS LA JOIE<\/b><\/span><\/span><\/span><\/span><\/span><\/p>\n<p class=\"western\" align=\"justify\"><span style=\"color: #000000;\"><span style=\"text-decoration: none;\"><span style=\"font-size: medium;\"><span style=\"letter-spacing: normal;\"><span lang=\"fr-FR\">Cette euphorie triomphante, nous l&rsquo;avons d\u00e9j\u00e0 relev\u00e9e dans les manuscrits de Qumr\u00e2n recens\u00e9s ci-dessus. Elle est li\u00e9e \u00e0 la catastrophe finale qui doit permettre aux fils de Lumi\u00e8re qui forment la Nouvelle Alliance de r\u00e9gner sur le monde. Une telle eschatologie, li\u00e9e \u00e0 la venue du Messie, nous la retrouvons d\u00e9crite dans le livre de Daniel et dans le livre d&rsquo;H\u00e9noch. Or, nous savons que les ess\u00e9\u00adniens \u00e9taient de fervents lecteurs de ces deux livres.<\/span><\/span><\/span><\/span><\/span><\/p>\n<p class=\"western\" align=\"justify\"><span style=\"color: #000000;\"><span style=\"text-decoration: none;\"><span style=\"font-size: medium;\"><span style=\"letter-spacing: normal;\"><span lang=\"fr-FR\">La perspective eschatologique et l&rsquo;attente messianique se situent-elles dans une ligne \u00e9sot\u00e9rique qui rejoindrait celle de la grande gnose ? Y avait-il chez les ess\u00e9niens une connaissance r\u00e9serv\u00e9e \u00e0 des initi\u00e9s qui ne f\u00fbt pas orient\u00e9e uniquement vers les fins derni\u00e8res ? L&rsquo;\u00e9tude sur la gnose qui pr\u00e9c\u00e8de celle sur les ess\u00e9niens a permis de pr\u00e9ciser les caract\u00e8res de la gnose \u00e9ternelle, et, l&rsquo;ana\u00adlyse des manuscrits de la mer Morte apporte sur la vie, les croyances et les rites de la secte ess\u00e9nienne tout l&rsquo;\u00e9clairage n\u00e9cessaire. C&rsquo;est ainsi que nous disposons des \u00e9l\u00e9ments pour r\u00e9pondre \u00e0 l&rsquo;une et l&rsquo;autre de ces ques\u00adtions.<\/span><\/span><\/span><\/span><\/span><\/p>\n<p class=\"western\" align=\"justify\"><span style=\"color: #000000;\"><span style=\"text-decoration: none;\"><span style=\"font-size: medium;\"><span style=\"letter-spacing: normal;\"><span lang=\"fr-FR\"><b>RECONNAISSANCE DE L\u2019\u00caTRE<\/b><\/span><\/span><\/span><\/span><\/span><\/p>\n<p class=\"western\" align=\"justify\"><span style=\"color: #000000;\"><span style=\"text-decoration: none;\"><span style=\"font-size: medium;\"><span style=\"letter-spacing: normal;\"><span lang=\"fr-FR\">La vraie gnose \u00e9tant la connaissance \u2013 ou la reconnaissance \u2013 ici et maintenant de ce que nous sommes r\u00e9elle\u00adment, toute forme de salut qui se situe dans un futur et un ailleurs n&rsquo;est pas et ne peut pas \u00eatre gnostique. La gnose, nous l&rsquo;avons vu, transcende le temps et l&rsquo;espace, or les ess\u00e9niens vivaient orient\u00e9s vers un salut qu&rsquo;ils croyaient prochain mais qui \u00e9tait absolument spatio-temporel. Cette forme de salut \u2013 qui sera aussi celle des chr\u00e9tiens \u2013 se situe dans la ligne exot\u00e9rique alors que la gnose poss\u00e8de toutes les caract\u00e9ristiques d&rsquo;un v\u00e9ri\u00adtable \u00e9sot\u00e9risme. De plus, chez le gnostique, la r\u00e9alisa\u00adtion, ou l&rsquo;\u00e9veil, est l&rsquo;aboutissement d&rsquo;une recherche individuelle. La d\u00e9couverte du Royaume int\u00e9rieur \u2013 pour reprendre la terminologie de J\u00e9sus \u2013 est au terme d&rsquo;une aventure solitaire, alors que chez les ess\u00e9niens, comme aussi dans une certaine mesure chez les chr\u00e9tiens, le salut \u00e0 venir est collectif, la damnation \u00e9galement. Jean Baptiste, l&rsquo;homme vertueux, l&rsquo;asc\u00e8te issu de l&rsquo;ess\u00e9nisme, con\u00e7oit le salut dans la perspective messianique ess\u00e9nienne ; aussi envoie-t-il ses disciples vers J\u00e9sus pour lui demander : \u00ab Es-tu celui qui doit venir ou devons-nous en attendre un autre ? \u00bb (Mt 11.3) J\u00e9sus, qui incarne la gnose nous \u00e9claire sur sa conception du salut par rapport \u00e0 celle de Jean : \u00ab Depuis Adam jusqu&rsquo;\u00e0 Jean Baptiste, &#8230; aucun ne surpasse Jean Baptiste, mais celui qui parmi vous sera petit conna\u00eetra le Royaume et sur\u00adpassera Jean (log. 46) ; voir aussi (Mt 11.11 et Lc 7.28-30). Le salut individuel dans le pr\u00e9sent lib\u00e9rateur ne saurait donc s&rsquo;accorder avec un salut collectif \u00e0 venir. Mais les textes de Qumr\u00e2n nous r\u00e9v\u00e8lent-ils, parall\u00e8lement \u00e0 ce grand r\u00eave collectif futuriste, une forme d&rsquo;initiation de ma\u00eetre \u00e0 disciple, qui est la caract\u00e9ristique du v\u00e9ritable \u00e9sot\u00e9risme ? Nous serions tent\u00e9s de le croire en lisant certains ouvrages qui font l&rsquo;apologie du chef de la communaut\u00e9 de Qumr\u00e2n, du grand visionnaire appel\u00e9 Ma\u00eetre de Justice. L&rsquo;historien le plus averti de l&rsquo;ess\u00e9nisme va jusqu&rsquo;\u00e0 \u00e9crire : \u00ab Le Ma\u00eetre de Justice \u00e9tait le r\u00e9v\u00e9lateur d&rsquo;une Gnose myst\u00e9rieuse, \u00e9labor\u00e9e \u00e0 l&rsquo;aide des plus hautes sagesses qui circulaient alors dans le monde, et r\u00e9serv\u00e9es \u00e0 des initi\u00e9s \u00bb (A. Dupont-Sommer, op. cit., p. 386).<\/span><\/span><\/span><\/span><\/span><\/p>\n<p class=\"western\" align=\"justify\"><span style=\"color: #000000;\"><span style=\"text-decoration: none;\"><span style=\"font-size: medium;\"><span style=\"letter-spacing: normal;\"><span lang=\"fr-FR\">Les Hymnes, que les historiens lui attribuent font \u00e9tat des relations d&rsquo;un homme choisi, pr\u00e9destin\u00e9 en vue d&rsquo;une mission extraordinaire. Il s&rsquo;agit en somme d&rsquo;un long monologue du pr\u00eatre-proph\u00e8te qui dit ses souffrances, sa mis\u00e8re et la grandeur de sa mission proprement messia\u00adnique qui est de pr\u00e9parer la \u00ab milice des Vaillants \u00bb pour le jour du Jugement lequel est \u00e0 la fois celui du triomphe des bons et du massacre des mauvais. D&rsquo;un bout \u00e0 l&rsquo;autre du rouleau des Hymnes, le lyrisme exalt\u00e9 est li\u00e9 constam\u00adment \u00e0 un dualisme exacerb\u00e9. Si beau, si \u00e9mouvant que soient les accents de ce Visionnaire, nous ne pouvons nous emp\u00eacher d&rsquo;en mesurer le degr\u00e9 d&rsquo;utopie et de constater \u00e0 quel point nous sommes ici loin de la gnose o\u00f9 tout est orient\u00e9 vers le retour \u00e0 l&rsquo;Un originel.<\/span><\/span><\/span><\/span><\/span><\/p>\n<p class=\"western\" align=\"justify\"><span style=\"color: #000000;\"><span style=\"text-decoration: none;\"><span style=\"font-size: medium;\"><span style=\"letter-spacing: normal;\"><span lang=\"fr-FR\"><b>AU-DEL\u00c0 DU JUDA\u00cfSME<\/b><\/span><\/span><\/span><\/span><\/span><\/p>\n<p class=\"western\" align=\"justify\"><span style=\"color: #000000;\"><span style=\"text-decoration: none;\"><span style=\"font-size: medium;\"><span style=\"letter-spacing: normal;\"><span lang=\"fr-FR\">Les rouleaux de Qumr\u00e2n propres \u00e0 la secte traduisent tous \u00e0 leur mani\u00e8re la n\u00e9cessit\u00e9 de justifier la d\u00e9cision des ess\u00e9niens de se s\u00e9parer du juda\u00efsme officiel et de se pr\u00e9parer au jugement \u00e0 venir. Dans la solitude du d\u00e9sert, ils devenaient les derniers \u00c9lus de Dieu, les vrais observateurs de la Loi, les seuls membres de la Nouvelle Alliance. Dans ce contexte, le Messie ne pouvait qu&rsquo;\u00eatre des leurs. Toutes ces contingences r\u00e9unies firent de la secte un type de soci\u00e9t\u00e9 \u00e0 part, coup\u00e9 du monde. Son enseignement \u00e9tait secret, non pas au sens \u00e9sot\u00e9rique du terme, mais la raison tr\u00e8s simple que l&rsquo;ennemi devait absolument ignorer ce qui se tramait dans la solitude du d\u00e9sert pour \u00ab pr\u00e9parer la voie du Seigneur \u00bb. Il suffisait, pour entrer dans la communaut\u00e9 de partager l&rsquo;id\u00e9al religieux, l&rsquo;asc\u00e8se et la discipline, certes tr\u00e8s rigide, de la secte. Les textes parlent abondamment de la pr\u00e9paration mat\u00e9rielle psychologique et spirituelle des ess\u00e9niens en un des \u00e9v\u00e9nements apocalyptiques mais ils ne font pas mention d&rsquo;initiation de ma\u00eetre \u00e0 disciple. Il fallait, sans nul doute, faire preuve de qualit\u00e9s physiques et morales peu ordinaires pour vivre une vie communau\u00adtaire au d\u00e9sert dans les conditions que nous r\u00e9v\u00e8lent les textes ; n\u00e9anmoins cette rigueur asc\u00e9tique n&rsquo;a rien de commun avec un v\u00e9ritable enseignement \u00e9sot\u00e9rique.<\/span><\/span><\/span><\/span><\/span><\/p>\n<p class=\"western\" align=\"justify\"><span style=\"color: #000000;\"><span style=\"text-decoration: none;\"><span style=\"font-size: medium;\"><span style=\"letter-spacing: normal;\"><span lang=\"fr-FR\">Les chr\u00e9tiens reprirent aux ess\u00e9niens une bonne part de leurs rites, de leur doctrine, de leur id\u00e9al mystique et moral. Comme eux, ils se r\u00e9clam\u00e8rent de la Nouvelle Alliance, comme eux, ils attendaient, surtout au d\u00e9but, les fins derni\u00e8res dans un avenir proche. Il ne semble donc pas exag\u00e9r\u00e9 de dire que le christianisme est, malgr\u00e9 la notion nouvelle du sang r\u00e9dempteur apport\u00e9e par saint Paul et l&rsquo;ouverture de la jeune \u00c9glise au monde pa\u00efen, la continuation de l&rsquo;ess\u00e9nisme.<\/span><\/span><\/span><\/span><\/span><\/p>\n<p class=\"western\" align=\"justify\"><span style=\"color: #000000;\"><span style=\"text-decoration: none;\"><span style=\"font-size: medium;\"><span style=\"letter-spacing: normal;\"><span lang=\"fr-FR\">Cette filiation e\u00fbt \u00e9t\u00e9 inconcevable avant la d\u00e9couverte des manuscrits de la mer Morte, tout comme le vrai visage de la gnose nous \u00e9tait inconnu avant la d\u00e9cou\u00adverte des manuscrits de Nag Hammadi. Les textes nous r\u00e9v\u00e8lent finalement une situation que les historiens, les ex\u00e9g\u00e8tes et les th\u00e9ologiens, pour peu qu&rsquo;ils consentent \u00e0 abandonner de vieux sch\u00e9mas p\u00e9rim\u00e9s, auraient jug\u00e9e impensable il y a seulement quelques d\u00e9cennies mais que les deux d\u00e9couvertes qui remontent \u00e0 peu pr\u00e8s \u00e0 la m\u00eame date, rendent non seulement plausibles mais de plus en plus \u00e9videntes, \u00e0 savoir, d&rsquo;une part que le christianisme plonge ses racines profond\u00e9ment dans l&rsquo;ess\u00e9nisme, d&rsquo;autre part, que J\u00e9sus est, par son \u00c9vangile \u00e9sot\u00e9rique, \u00e0 l&rsquo;origine de la gnose m\u00e9diterran\u00e9enne, \u00e0 l&rsquo;\u00e9poque des C\u00e9sars.<\/span><\/span><\/span><\/span><\/span><\/p>\n<p class=\"western\" align=\"justify\"><span style=\"color: #000000;\"><span style=\"text-decoration: none;\"><span style=\"font-size: medium;\"><span style=\"letter-spacing: normal;\"><span lang=\"fr-FR\"><b>Bibliographie sommaire<\/b><\/span><\/span><\/span><\/span><\/span><\/p>\n<p class=\"western\" align=\"justify\"><span style=\"color: #000000;\"><span style=\"text-decoration: none;\"><span style=\"font-size: medium;\"><span style=\"letter-spacing: normal;\"><span lang=\"fr-FR\">J. Dani\u00e9lou, <\/span><\/span><\/span><\/span><\/span><span style=\"color: #000000;\"><span style=\"text-decoration: none;\"><span style=\"font-size: medium;\"><span style=\"letter-spacing: normal;\"><span lang=\"fr-FR\"><i>Les Manuscrits de la mer Morte et les Origines du chris\u00adtianisme.<\/i><\/span><\/span><\/span><\/span><\/span><span style=\"color: #000000;\"><span style=\"text-decoration: none;\"><span style=\"font-size: medium;\"><span style=\"letter-spacing: normal;\"><span lang=\"fr-FR\"> \u00c9ditions ; de l&rsquo;Orante, 1957.<\/span><\/span><\/span><\/span><\/span><\/p>\n<p class=\"western\" align=\"justify\"><span style=\"color: #000000;\"><span style=\"text-decoration: none;\"><span style=\"font-size: medium;\"><span style=\"letter-spacing: normal;\"><span lang=\"fr-FR\">A. Dupont-Sommer, <\/span><\/span><\/span><\/span><\/span><span style=\"color: #000000;\"><span style=\"text-decoration: none;\"><span style=\"font-size: medium;\"><span style=\"letter-spacing: normal;\"><span lang=\"fr-FR\"><i>Les \u00c9crits ess\u00e9niens d\u00e9couverts pr\u00e9s de la mer Morte<\/i><\/span><\/span><\/span><\/span><\/span><span style=\"color: #000000;\"><span style=\"text-decoration: none;\"><span style=\"font-size: medium;\"><span style=\"letter-spacing: normal;\"><span lang=\"fr-FR\">, Payot, 1959.<\/span><\/span><\/span><\/span><\/span><\/p>\n<p class=\"western\" align=\"justify\"><span style=\"color: #000000;\"><span style=\"text-decoration: none;\"><span style=\"font-size: medium;\"><span style=\"letter-spacing: normal;\"><span lang=\"fr-FR\">D. Howlet, <\/span><\/span><\/span><\/span><\/span><span style=\"color: #000000;\"><span style=\"text-decoration: none;\"><span style=\"font-size: medium;\"><span style=\"letter-spacing: normal;\"><span lang=\"fr-FR\"><i>Les Ess\u00e9niens et le Christia\u00adnisme<\/i><\/span><\/span><\/span><\/span><\/span><span style=\"color: #000000;\"><span style=\"text-decoration: none;\"><span style=\"font-size: medium;\"><span style=\"letter-spacing: normal;\"><span lang=\"fr-FR\">, Payot, 1958<\/span><\/span><\/span><\/span><\/span><\/p>\n<p class=\"western\" align=\"justify\"><span style=\"color: #000000;\"><span style=\"text-decoration: none;\"><span style=\"font-size: medium;\"><span style=\"letter-spacing: normal;\"><span lang=\"fr-FR\"><span style=\"font-style: normal;\">E.M. Laperoussaz<\/span><\/span><\/span><\/span><\/span><\/span><span style=\"color: #000000;\"><span style=\"text-decoration: none;\"><span style=\"font-size: medium;\"><span style=\"letter-spacing: normal;\"><span lang=\"fr-FR\"><i>, Les Manuscrits de la mer Morte<\/i><\/span><\/span><\/span><\/span><\/span><span style=\"color: #000000;\"><span style=\"text-decoration: none;\"><span style=\"font-size: medium;\"><span style=\"letter-spacing: normal;\"><span lang=\"fr-FR\">, coll. \u00ab Que sais-je ? \u00bb, Presses Universitaires de France, 1966<\/span><\/span><\/span><\/span><\/span><\/p>\n<p class=\"western\" align=\"justify\"><span style=\"color: #000000;\"><span style=\"text-decoration: none;\"><span style=\"font-size: medium;\"><span style=\"letter-spacing: normal;\"><span lang=\"fr-FR\">J.P. Milik, <\/span><\/span><\/span><\/span><\/span><span style=\"color: #000000;\"><span style=\"text-decoration: none;\"><span style=\"font-size: medium;\"><span style=\"letter-spacing: normal;\"><span lang=\"fr-FR\"><i>Dix ans de d\u00e9couvertes dans le D\u00e9sert de Juda<\/i><\/span><\/span><\/span><\/span><\/span><span style=\"color: #000000;\"><span style=\"text-decoration: none;\"><span style=\"font-size: medium;\"><span style=\"letter-spacing: normal;\"><span lang=\"fr-FR\">, Le Cerf, 1957.<\/span><\/span><\/span><\/span><\/span><\/p>\n<p class=\"western\" align=\"justify\"><span style=\"color: #000000;\"><span style=\"text-decoration: none;\"><span style=\"font-size: medium;\"><span style=\"letter-spacing: normal;\"><span lang=\"fr-FR\">R. de Vaux, <\/span><\/span><\/span><\/span><\/span><span style=\"color: #000000;\"><span style=\"text-decoration: none;\"><span style=\"font-size: medium;\"><span style=\"letter-spacing: normal;\"><span lang=\"fr-FR\"><i>L&rsquo;arch\u00e9ologie et les manuscrits de la mer Morte<\/i><\/span><\/span><\/span><\/span><\/span><span style=\"color: #000000;\"><span style=\"text-decoration: none;\"><span style=\"font-size: medium;\"><span style=\"letter-spacing: normal;\"><span lang=\"fr-FR\">, Oxford Univer\u00adsity Press, Londres, 1961.<\/span><\/span><\/span><\/span><\/span><\/p>\n","protected":false},"excerpt":{"rendered":"<p>La vraie gnose \u00e9tant la connaissance \u2013 ou la reconnaissance \u2013 ici et maintenant de ce que nous sommes r\u00e9elle\u00adment, toute forme de salut qui se situe dans un futur et un ailleurs n&rsquo;est pas et ne peut pas \u00eatre gnostique. La gnose, nous l&rsquo;avons vu, transcende le temps et l&rsquo;espace, or les ess\u00e9niens vivaient orient\u00e9s vers un salut qu&rsquo;ils croyaient prochain mais qui \u00e9tait absolument spatio-temporel. Cette forme de salut \u2013 qui sera aussi celle des chr\u00e9tiens \u2013 se situe dans la ligne exot\u00e9rique alors que la gnose poss\u00e8de toutes les caract\u00e9ristiques d&rsquo;un v\u00e9ri\u00adtable \u00e9sot\u00e9risme. De plus, chez le gnostique, la r\u00e9alisa\u00adtion, ou l&rsquo;\u00e9veil, est l&rsquo;aboutissement d&rsquo;une recherche individuelle. La d\u00e9couverte du Royaume int\u00e9rieur \u2013 pour reprendre la terminologie de J\u00e9sus \u2013 est au terme d&rsquo;une aventure solitaire, alors que chez les ess\u00e9niens, comme aussi dans une certaine mesure chez les chr\u00e9tiens, le salut \u00e0 venir est collectif, la damnation \u00e9galement&#8230;<\/p>\n","protected":false},"author":1,"featured_media":16401,"comment_status":"closed","ping_status":"closed","sticky":false,"template":"","format":"standard","meta":{"footnotes":""},"categories":[915],"tags":[280,1253,397],"class_list":["post-16381","post","type-post","status-publish","format-standard","has-post-thumbnail","hentry","category-gillabert-emile","tag-christianisme","tag-essenisme","tag-gnose"],"yoast_head":"<!-- This site is optimized with the Yoast SEO plugin v27.0 - https:\/\/yoast.com\/product\/yoast-seo-wordpress\/ -->\n<title>Les Ess\u00e9niens \u00e9taient-ils gnostiques ? par \u00c9mile Gillabert - 3e mill\u00e9naire - Spiritualit\u00e9 - Connaissance de soi - Non-dualit\u00e9 - M\u00e9ditation<\/title>\n<meta name=\"robots\" content=\"index, follow, max-snippet:-1, max-image-preview:large, max-video-preview:-1\" \/>\n<link rel=\"canonical\" href=\"https:\/\/www.revue3emillenaire.com\/blog\/les-esseniens-etaient-ils-gnostiques-par-emile-gillabert\/\" \/>\n<meta property=\"og:locale\" content=\"fr_FR\" \/>\n<meta property=\"og:type\" content=\"article\" \/>\n<meta property=\"og:title\" content=\"Les Ess\u00e9niens \u00e9taient-ils gnostiques ? par \u00c9mile Gillabert - 3e mill\u00e9naire - Spiritualit\u00e9 - Connaissance de soi - Non-dualit\u00e9 - M\u00e9ditation\" \/>\n<meta property=\"og:description\" content=\"La vraie gnose \u00e9tant la connaissance \u2013 ou la reconnaissance \u2013 ici et maintenant de ce que nous sommes r\u00e9elle\u00adment, toute forme de salut qui se situe dans un futur et un ailleurs n&#039;est pas et ne peut pas \u00eatre gnostique. La gnose, nous l&#039;avons vu, transcende le temps et l&#039;espace, or les ess\u00e9niens vivaient orient\u00e9s vers un salut qu&#039;ils croyaient prochain mais qui \u00e9tait absolument spatio-temporel. Cette forme de salut \u2013 qui sera aussi celle des chr\u00e9tiens \u2013 se situe dans la ligne exot\u00e9rique alors que la gnose poss\u00e8de toutes les caract\u00e9ristiques d&#039;un v\u00e9ri\u00adtable \u00e9sot\u00e9risme. De plus, chez le gnostique, la r\u00e9alisa\u00adtion, ou l&#039;\u00e9veil, est l&#039;aboutissement d&#039;une recherche individuelle. La d\u00e9couverte du Royaume int\u00e9rieur \u2013 pour reprendre la terminologie de J\u00e9sus \u2013 est au terme d&#039;une aventure solitaire, alors que chez les ess\u00e9niens, comme aussi dans une certaine mesure chez les chr\u00e9tiens, le salut \u00e0 venir est collectif, la damnation \u00e9galement...\" \/>\n<meta property=\"og:url\" content=\"https:\/\/www.revue3emillenaire.com\/blog\/les-esseniens-etaient-ils-gnostiques-par-emile-gillabert\/\" \/>\n<meta property=\"og:site_name\" content=\"3e mill\u00e9naire - Spiritualit\u00e9 - Connaissance de soi - Non-dualit\u00e9 - M\u00e9ditation\" \/>\n<meta property=\"article:published_time\" content=\"2014-12-04T00:21:41+00:00\" \/>\n<meta property=\"article:modified_time\" content=\"2014-12-30T16:23:49+00:00\" \/>\n<meta property=\"og:image\" content=\"https:\/\/www.revue3emillenaire.com\/blog\/wp-content\/uploads\/2014\/12\/Gillabert.jpg\" \/>\n\t<meta property=\"og:image:width\" content=\"92\" \/>\n\t<meta property=\"og:image:height\" content=\"112\" \/>\n\t<meta property=\"og:image:type\" content=\"image\/jpeg\" \/>\n<meta name=\"author\" content=\"3e mill\u00e9naire\" \/>\n<meta name=\"twitter:card\" content=\"summary_large_image\" \/>\n<meta name=\"twitter:label1\" content=\"\u00c9crit par\" \/>\n\t<meta name=\"twitter:data1\" content=\"3e mill\u00e9naire\" \/>\n\t<meta name=\"twitter:label2\" content=\"Dur\u00e9e de lecture estim\u00e9e\" \/>\n\t<meta name=\"twitter:data2\" content=\"22 minutes\" \/>\n<script type=\"application\/ld+json\" class=\"yoast-schema-graph\">{\"@context\":\"https:\/\/schema.org\",\"@graph\":[{\"@type\":\"Article\",\"@id\":\"https:\/\/www.revue3emillenaire.com\/blog\/les-esseniens-etaient-ils-gnostiques-par-emile-gillabert\/#article\",\"isPartOf\":{\"@id\":\"https:\/\/www.revue3emillenaire.com\/blog\/les-esseniens-etaient-ils-gnostiques-par-emile-gillabert\/\"},\"author\":{\"name\":\"3e mill\u00e9naire\",\"@id\":\"https:\/\/www.revue3emillenaire.com\/blog\/#\/schema\/person\/9a3a7cc4ccaa707f402d4394327106d5\"},\"headline\":\"Les Ess\u00e9niens \u00e9taient-ils gnostiques ? par \u00c9mile Gillabert\",\"datePublished\":\"2014-12-04T00:21:41+00:00\",\"dateModified\":\"2014-12-30T16:23:49+00:00\",\"mainEntityOfPage\":{\"@id\":\"https:\/\/www.revue3emillenaire.com\/blog\/les-esseniens-etaient-ils-gnostiques-par-emile-gillabert\/\"},\"wordCount\":4414,\"image\":{\"@id\":\"https:\/\/www.revue3emillenaire.com\/blog\/les-esseniens-etaient-ils-gnostiques-par-emile-gillabert\/#primaryimage\"},\"thumbnailUrl\":\"https:\/\/www.revue3emillenaire.com\/blog\/wp-content\/uploads\/2014\/12\/Gillabert.jpg\",\"keywords\":[\"christianisme\",\"ess\u00e9nisme\",\"gnose\"],\"articleSection\":[\"Gillabert Emile\"],\"inLanguage\":\"fr-FR\"},{\"@type\":\"WebPage\",\"@id\":\"https:\/\/www.revue3emillenaire.com\/blog\/les-esseniens-etaient-ils-gnostiques-par-emile-gillabert\/\",\"url\":\"https:\/\/www.revue3emillenaire.com\/blog\/les-esseniens-etaient-ils-gnostiques-par-emile-gillabert\/\",\"name\":\"Les Ess\u00e9niens \u00e9taient-ils gnostiques ? par \u00c9mile Gillabert - 3e mill\u00e9naire - Spiritualit\u00e9 - Connaissance de soi - Non-dualit\u00e9 - M\u00e9ditation\",\"isPartOf\":{\"@id\":\"https:\/\/www.revue3emillenaire.com\/blog\/#website\"},\"primaryImageOfPage\":{\"@id\":\"https:\/\/www.revue3emillenaire.com\/blog\/les-esseniens-etaient-ils-gnostiques-par-emile-gillabert\/#primaryimage\"},\"image\":{\"@id\":\"https:\/\/www.revue3emillenaire.com\/blog\/les-esseniens-etaient-ils-gnostiques-par-emile-gillabert\/#primaryimage\"},\"thumbnailUrl\":\"https:\/\/www.revue3emillenaire.com\/blog\/wp-content\/uploads\/2014\/12\/Gillabert.jpg\",\"datePublished\":\"2014-12-04T00:21:41+00:00\",\"dateModified\":\"2014-12-30T16:23:49+00:00\",\"author\":{\"@id\":\"https:\/\/www.revue3emillenaire.com\/blog\/#\/schema\/person\/9a3a7cc4ccaa707f402d4394327106d5\"},\"breadcrumb\":{\"@id\":\"https:\/\/www.revue3emillenaire.com\/blog\/les-esseniens-etaient-ils-gnostiques-par-emile-gillabert\/#breadcrumb\"},\"inLanguage\":\"fr-FR\",\"potentialAction\":[{\"@type\":\"ReadAction\",\"target\":[\"https:\/\/www.revue3emillenaire.com\/blog\/les-esseniens-etaient-ils-gnostiques-par-emile-gillabert\/\"]}]},{\"@type\":\"ImageObject\",\"inLanguage\":\"fr-FR\",\"@id\":\"https:\/\/www.revue3emillenaire.com\/blog\/les-esseniens-etaient-ils-gnostiques-par-emile-gillabert\/#primaryimage\",\"url\":\"https:\/\/www.revue3emillenaire.com\/blog\/wp-content\/uploads\/2014\/12\/Gillabert.jpg\",\"contentUrl\":\"https:\/\/www.revue3emillenaire.com\/blog\/wp-content\/uploads\/2014\/12\/Gillabert.jpg\",\"width\":92,\"height\":112},{\"@type\":\"BreadcrumbList\",\"@id\":\"https:\/\/www.revue3emillenaire.com\/blog\/les-esseniens-etaient-ils-gnostiques-par-emile-gillabert\/#breadcrumb\",\"itemListElement\":[{\"@type\":\"ListItem\",\"position\":1,\"name\":\"Accueil\",\"item\":\"https:\/\/www.revue3emillenaire.com\/blog\/\"},{\"@type\":\"ListItem\",\"position\":2,\"name\":\"Les Ess\u00e9niens \u00e9taient-ils gnostiques ? par \u00c9mile Gillabert\"}]},{\"@type\":\"WebSite\",\"@id\":\"https:\/\/www.revue3emillenaire.com\/blog\/#website\",\"url\":\"https:\/\/www.revue3emillenaire.com\/blog\/\",\"name\":\"3e mill\u00e9naire - Spiritualit\u00e9 - Connaissance de soi - Non-dualit\u00e9 - M\u00e9ditation\",\"description\":\"L&#039;Homme en devenir\",\"potentialAction\":[{\"@type\":\"SearchAction\",\"target\":{\"@type\":\"EntryPoint\",\"urlTemplate\":\"https:\/\/www.revue3emillenaire.com\/blog\/?s={search_term_string}\"},\"query-input\":{\"@type\":\"PropertyValueSpecification\",\"valueRequired\":true,\"valueName\":\"search_term_string\"}}],\"inLanguage\":\"fr-FR\"},{\"@type\":\"Person\",\"@id\":\"https:\/\/www.revue3emillenaire.com\/blog\/#\/schema\/person\/9a3a7cc4ccaa707f402d4394327106d5\",\"name\":\"3e mill\u00e9naire\",\"url\":\"https:\/\/www.revue3emillenaire.com\/blog\/author\/admin\/\"}]}<\/script>\n<!-- \/ Yoast SEO plugin. -->","yoast_head_json":{"title":"Les Ess\u00e9niens \u00e9taient-ils gnostiques ? par \u00c9mile Gillabert - 3e mill\u00e9naire - Spiritualit\u00e9 - Connaissance de soi - Non-dualit\u00e9 - M\u00e9ditation","robots":{"index":"index","follow":"follow","max-snippet":"max-snippet:-1","max-image-preview":"max-image-preview:large","max-video-preview":"max-video-preview:-1"},"canonical":"https:\/\/www.revue3emillenaire.com\/blog\/les-esseniens-etaient-ils-gnostiques-par-emile-gillabert\/","og_locale":"fr_FR","og_type":"article","og_title":"Les Ess\u00e9niens \u00e9taient-ils gnostiques ? par \u00c9mile Gillabert - 3e mill\u00e9naire - Spiritualit\u00e9 - Connaissance de soi - Non-dualit\u00e9 - M\u00e9ditation","og_description":"La vraie gnose \u00e9tant la connaissance \u2013 ou la reconnaissance \u2013 ici et maintenant de ce que nous sommes r\u00e9elle\u00adment, toute forme de salut qui se situe dans un futur et un ailleurs n'est pas et ne peut pas \u00eatre gnostique. La gnose, nous l'avons vu, transcende le temps et l'espace, or les ess\u00e9niens vivaient orient\u00e9s vers un salut qu'ils croyaient prochain mais qui \u00e9tait absolument spatio-temporel. Cette forme de salut \u2013 qui sera aussi celle des chr\u00e9tiens \u2013 se situe dans la ligne exot\u00e9rique alors que la gnose poss\u00e8de toutes les caract\u00e9ristiques d'un v\u00e9ri\u00adtable \u00e9sot\u00e9risme. De plus, chez le gnostique, la r\u00e9alisa\u00adtion, ou l'\u00e9veil, est l'aboutissement d'une recherche individuelle. La d\u00e9couverte du Royaume int\u00e9rieur \u2013 pour reprendre la terminologie de J\u00e9sus \u2013 est au terme d'une aventure solitaire, alors que chez les ess\u00e9niens, comme aussi dans une certaine mesure chez les chr\u00e9tiens, le salut \u00e0 venir est collectif, la damnation \u00e9galement...","og_url":"https:\/\/www.revue3emillenaire.com\/blog\/les-esseniens-etaient-ils-gnostiques-par-emile-gillabert\/","og_site_name":"3e mill\u00e9naire - Spiritualit\u00e9 - Connaissance de soi - Non-dualit\u00e9 - M\u00e9ditation","article_published_time":"2014-12-04T00:21:41+00:00","article_modified_time":"2014-12-30T16:23:49+00:00","og_image":[{"width":92,"height":112,"url":"https:\/\/www.revue3emillenaire.com\/blog\/wp-content\/uploads\/2014\/12\/Gillabert.jpg","type":"image\/jpeg"}],"author":"3e mill\u00e9naire","twitter_card":"summary_large_image","twitter_misc":{"\u00c9crit par":"3e mill\u00e9naire","Dur\u00e9e de lecture estim\u00e9e":"22 minutes"},"schema":{"@context":"https:\/\/schema.org","@graph":[{"@type":"Article","@id":"https:\/\/www.revue3emillenaire.com\/blog\/les-esseniens-etaient-ils-gnostiques-par-emile-gillabert\/#article","isPartOf":{"@id":"https:\/\/www.revue3emillenaire.com\/blog\/les-esseniens-etaient-ils-gnostiques-par-emile-gillabert\/"},"author":{"name":"3e mill\u00e9naire","@id":"https:\/\/www.revue3emillenaire.com\/blog\/#\/schema\/person\/9a3a7cc4ccaa707f402d4394327106d5"},"headline":"Les Ess\u00e9niens \u00e9taient-ils gnostiques ? par \u00c9mile Gillabert","datePublished":"2014-12-04T00:21:41+00:00","dateModified":"2014-12-30T16:23:49+00:00","mainEntityOfPage":{"@id":"https:\/\/www.revue3emillenaire.com\/blog\/les-esseniens-etaient-ils-gnostiques-par-emile-gillabert\/"},"wordCount":4414,"image":{"@id":"https:\/\/www.revue3emillenaire.com\/blog\/les-esseniens-etaient-ils-gnostiques-par-emile-gillabert\/#primaryimage"},"thumbnailUrl":"https:\/\/www.revue3emillenaire.com\/blog\/wp-content\/uploads\/2014\/12\/Gillabert.jpg","keywords":["christianisme","ess\u00e9nisme","gnose"],"articleSection":["Gillabert Emile"],"inLanguage":"fr-FR"},{"@type":"WebPage","@id":"https:\/\/www.revue3emillenaire.com\/blog\/les-esseniens-etaient-ils-gnostiques-par-emile-gillabert\/","url":"https:\/\/www.revue3emillenaire.com\/blog\/les-esseniens-etaient-ils-gnostiques-par-emile-gillabert\/","name":"Les Ess\u00e9niens \u00e9taient-ils gnostiques ? par \u00c9mile Gillabert - 3e mill\u00e9naire - Spiritualit\u00e9 - Connaissance de soi - Non-dualit\u00e9 - M\u00e9ditation","isPartOf":{"@id":"https:\/\/www.revue3emillenaire.com\/blog\/#website"},"primaryImageOfPage":{"@id":"https:\/\/www.revue3emillenaire.com\/blog\/les-esseniens-etaient-ils-gnostiques-par-emile-gillabert\/#primaryimage"},"image":{"@id":"https:\/\/www.revue3emillenaire.com\/blog\/les-esseniens-etaient-ils-gnostiques-par-emile-gillabert\/#primaryimage"},"thumbnailUrl":"https:\/\/www.revue3emillenaire.com\/blog\/wp-content\/uploads\/2014\/12\/Gillabert.jpg","datePublished":"2014-12-04T00:21:41+00:00","dateModified":"2014-12-30T16:23:49+00:00","author":{"@id":"https:\/\/www.revue3emillenaire.com\/blog\/#\/schema\/person\/9a3a7cc4ccaa707f402d4394327106d5"},"breadcrumb":{"@id":"https:\/\/www.revue3emillenaire.com\/blog\/les-esseniens-etaient-ils-gnostiques-par-emile-gillabert\/#breadcrumb"},"inLanguage":"fr-FR","potentialAction":[{"@type":"ReadAction","target":["https:\/\/www.revue3emillenaire.com\/blog\/les-esseniens-etaient-ils-gnostiques-par-emile-gillabert\/"]}]},{"@type":"ImageObject","inLanguage":"fr-FR","@id":"https:\/\/www.revue3emillenaire.com\/blog\/les-esseniens-etaient-ils-gnostiques-par-emile-gillabert\/#primaryimage","url":"https:\/\/www.revue3emillenaire.com\/blog\/wp-content\/uploads\/2014\/12\/Gillabert.jpg","contentUrl":"https:\/\/www.revue3emillenaire.com\/blog\/wp-content\/uploads\/2014\/12\/Gillabert.jpg","width":92,"height":112},{"@type":"BreadcrumbList","@id":"https:\/\/www.revue3emillenaire.com\/blog\/les-esseniens-etaient-ils-gnostiques-par-emile-gillabert\/#breadcrumb","itemListElement":[{"@type":"ListItem","position":1,"name":"Accueil","item":"https:\/\/www.revue3emillenaire.com\/blog\/"},{"@type":"ListItem","position":2,"name":"Les Ess\u00e9niens \u00e9taient-ils gnostiques ? par \u00c9mile Gillabert"}]},{"@type":"WebSite","@id":"https:\/\/www.revue3emillenaire.com\/blog\/#website","url":"https:\/\/www.revue3emillenaire.com\/blog\/","name":"3e mill\u00e9naire - Spiritualit\u00e9 - Connaissance de soi - Non-dualit\u00e9 - M\u00e9ditation","description":"L&#039;Homme en devenir","potentialAction":[{"@type":"SearchAction","target":{"@type":"EntryPoint","urlTemplate":"https:\/\/www.revue3emillenaire.com\/blog\/?s={search_term_string}"},"query-input":{"@type":"PropertyValueSpecification","valueRequired":true,"valueName":"search_term_string"}}],"inLanguage":"fr-FR"},{"@type":"Person","@id":"https:\/\/www.revue3emillenaire.com\/blog\/#\/schema\/person\/9a3a7cc4ccaa707f402d4394327106d5","name":"3e mill\u00e9naire","url":"https:\/\/www.revue3emillenaire.com\/blog\/author\/admin\/"}]}},"_links":{"self":[{"href":"https:\/\/www.revue3emillenaire.com\/blog\/wp-json\/wp\/v2\/posts\/16381","targetHints":{"allow":["GET"]}}],"collection":[{"href":"https:\/\/www.revue3emillenaire.com\/blog\/wp-json\/wp\/v2\/posts"}],"about":[{"href":"https:\/\/www.revue3emillenaire.com\/blog\/wp-json\/wp\/v2\/types\/post"}],"author":[{"embeddable":true,"href":"https:\/\/www.revue3emillenaire.com\/blog\/wp-json\/wp\/v2\/users\/1"}],"replies":[{"embeddable":true,"href":"https:\/\/www.revue3emillenaire.com\/blog\/wp-json\/wp\/v2\/comments?post=16381"}],"version-history":[{"count":0,"href":"https:\/\/www.revue3emillenaire.com\/blog\/wp-json\/wp\/v2\/posts\/16381\/revisions"}],"wp:featuredmedia":[{"embeddable":true,"href":"https:\/\/www.revue3emillenaire.com\/blog\/wp-json\/wp\/v2\/media\/16401"}],"wp:attachment":[{"href":"https:\/\/www.revue3emillenaire.com\/blog\/wp-json\/wp\/v2\/media?parent=16381"}],"wp:term":[{"taxonomy":"category","embeddable":true,"href":"https:\/\/www.revue3emillenaire.com\/blog\/wp-json\/wp\/v2\/categories?post=16381"},{"taxonomy":"post_tag","embeddable":true,"href":"https:\/\/www.revue3emillenaire.com\/blog\/wp-json\/wp\/v2\/tags?post=16381"}],"curies":[{"name":"wp","href":"https:\/\/api.w.org\/{rel}","templated":true}]}}