{"id":16383,"date":"2014-12-04T01:21:28","date_gmt":"2014-12-04T00:21:28","guid":{"rendered":"http:\/\/www.revue3emillenaire.com\/blog\/?p=16383"},"modified":"2014-12-04T01:21:28","modified_gmt":"2014-12-04T00:21:28","slug":"la-pierre-cubique-un-symbole-alchimique-et-cabalistique-par-jean-dubuis","status":"publish","type":"post","link":"https:\/\/www.revue3emillenaire.com\/blog\/la-pierre-cubique-un-symbole-alchimique-et-cabalistique-par-jean-dubuis\/","title":{"rendered":"La pierre cubique, un symbole alchimique et cabalistique par Jean Dubuis"},"content":{"rendered":"<p style=\"text-align: justify;\"><em><strong><a href=\"http:\/\/portaelucis.fr\/html\/dubuis.htm\" target=\"_blank\">Jean Dubuis<\/a> (1919-2010) est un cas sp\u00e9cial dans le c\u00e9nacle restreint des \u00ab chercheurs de v\u00e9rit\u00e9 \u00bb : il est \u00e0 la fois un scientifique et un v\u00e9ritable \u00ab adepte \u00bb, alchimiste et qabaliste.<\/strong><\/em><\/p>\n<p style=\"text-align: justify;\"><em><strong>Scientifique, Jean Dubuis est ing\u00e9nieur \u00e9lectronicien. Alors que ses \u00e9tudes sup\u00e9rieures avaient \u00e9t\u00e9 interrompues par l&rsquo;occupation allemande, il a eu la chance de travailler pendant plusieurs mois dans le laboratoire de synth\u00e8se atomique d&rsquo;Ivry, dirig\u00e9 par Fr\u00e9d\u00e9ric Joliot-Curie. Apr\u00e8s la Lib\u00e9ration, son parcours l&rsquo;a men\u00e9 dans des entreprises de radio-\u00e9lectricit\u00e9 (comme on les appelait \u00e0 l&rsquo;\u00e9poque) pour finir comme ing\u00e9nieur pendant plus de 30 ans \u00e0 la compagnie IBM, t\u00e9moin et acteur de l&rsquo;\u00e9volution des ordinateurs depuis les tubes \u00e9lectroniques jusqu&rsquo;aux circuits int\u00e9gr\u00e9s en passant par les transistors.<\/strong><\/em><\/p>\n<p style=\"text-align: justify;\"><em><strong>Adepte, Jean Dubuis a v\u00e9cu au Mont Saint-Michel, \u00e0 l&rsquo;\u00e2ge de 8 ans, une exp\u00e9rience illuminatrice qui lui a r\u00e9v\u00e9l\u00e9 l&rsquo;existence d&rsquo;un monde invisible. Peu \u00e0 peu, il acquiert la conviction que le monde invisible est le support du monde visible. Il n&rsquo;a eu de cesse, par la suite, d&rsquo;en retrouver le chemin, en explorant les textes des Anciens et en les soumettant \u00e0 sa propre exp\u00e9rimentation. Symbolisme, Qabal, Alchimie : autant de sciences \u00ab traditionnelles \u00bb qu&rsquo;il a \u00e9tudi\u00e9es et mises en application avec une m\u00e9thode rigoureuse et libre de tout pr\u00e9jug\u00e9.<\/strong><\/em><\/p>\n<p style=\"text-align: justify;\"><em><strong>Membre de groupes philosophiques, il a tout d&rsquo;abord anim\u00e9 de nombreux expos\u00e9s, forums et conf\u00e9rences sur la Qabal, notamment sur la structure de l&rsquo;Homme et de l&rsquo;Univers. Et d\u00e8s le d\u00e9but des ann\u00e9es 60 il a commenc\u00e9 \u00e0 publier dans les revues de ces groupes des articles sur ces sujets ; certains ont m\u00eame franchi l&rsquo;Atlantique pour \u00eatre publi\u00e9s dans des revues am\u00e9ricaines.<\/strong><\/em><\/p>\n<p style=\"text-align: justify;\"><em><strong>C&rsquo;est au cours de ces animations publiques que les questions soulev\u00e9es par son auditoire l&rsquo;ont amen\u00e9 \u00e0 penser qu&rsquo;une discipline \u00e9sot\u00e9rique exp\u00e9rimentale et mesurable conviendrait mieux aux scientifiques qu&rsquo;il rencontrait, compte-tenu de l&rsquo;aspect \u00e9minemment technologique de notre culture actuelle. Il s&rsquo;est alors attach\u00e9 \u00e0 d\u00e9velopper au laboratoire la pratique alchimique dont il n&rsquo;avait initialement \u00e9tudi\u00e9 que la th\u00e9orie. Ses \u00e9crits publi\u00e9s aux USA l&rsquo;avaient mis en relation avec divers chercheurs \u00e9sot\u00e9ristes am\u00e9ricains, en particulier avec la \u00ab Paracelsus Research Society \u00bb anim\u00e9e par le chimiste\/alchimiste allemand Albert Riedel (\u00ab frater Albertus \u00bb). De cette relation et de l&rsquo;\u00e9change de correspondance qui s&rsquo;en suivit, il tira l&rsquo;id\u00e9e de r\u00e9aliser un cours d&rsquo;Alchimie v\u00e9g\u00e9tale.<\/strong><\/em><\/p>\n<p style=\"text-align: justify;\"><em><strong>A la fois scientifique, dans le sens moderne du terme, et exp\u00e9rimentateur des \u00ab sciences traditionnelles \u00bb, Jean Dubuis s&rsquo;est impos\u00e9, dans ce long travail comme dans ceux qui suivront, tel un v\u00e9ritable Initi\u00e9 en m\u00eame temps qu&rsquo;un remarquable Enseignant, alliant la profondeur des conceptions pr\u00e9sent\u00e9es \u00e0 la clart\u00e9 remarquable de leur formulation. C&rsquo;est pour diffuser ce travail qu&rsquo;il a d\u00e9cid\u00e9, \u00e0 la suite de stages organis\u00e9s avec l&rsquo;alchimiste italien Augusto Pancaldi, de cr\u00e9er en 1979 l&rsquo;association \u00ab Les Philosophes de la Nature \u00bb qu&rsquo;il a pr\u00e9sid\u00e9e et anim\u00e9e pendant 12 ans&#8230;<\/strong><\/em><\/p>\n<p class=\"western\" align=\"justify\"><span style=\"color: #000000;\"><span style=\"text-decoration: none;\"><span style=\"font-size: medium;\"><span style=\"letter-spacing: normal;\"><span lang=\"fr-FR\">(Revue 3e Mill\u00e9naire. Ancienne s\u00e9rie. No 12. Janvier-F\u00e9vrier 1984)<\/span><\/span><\/span><\/span><\/span><\/p>\n<p class=\"western\" align=\"justify\"><span style=\"color: #000000;\"><span style=\"text-decoration: none;\"><span style=\"font-size: medium;\"><span style=\"letter-spacing: normal;\"><span lang=\"fr-FR\"><i><b>Sp\u00e9cialiste de l&rsquo;\u00e9sot\u00e9risme, cr\u00e9ateur de l&rsquo;association \u00ab Les philosophes de la nature \u00bb (Centre de recherches et d&rsquo;enseignement en \u00e9sot\u00e9risme, qabale et alchimie), Jean Dubuis pr\u00e9sente dans cette courte \u00e9tude une analyse de la pierre cubique appuy\u00e9e sur l&rsquo;enseignement du Sepher Yetzirah. Ici encore une connaissance de la lecture h\u00e9bra\u00efque et qabalistique est n\u00e9cessaire.<\/b><\/i><\/span><\/span><\/span><\/span><\/span><\/p>\n<p class=\"western\" align=\"justify\"><span style=\"color: #000000;\"><span style=\"text-decoration: none;\"><span style=\"font-size: medium;\"><span style=\"letter-spacing: normal;\"><span lang=\"fr-FR\">La Pierre Cubique est le symbole de l&rsquo;Homme dans son \u00e9volution. L&rsquo;Homme du Commencement, l&rsquo;Homme avant l&rsquo;involution est la pierre brute. L&rsquo;Homme \u00e0 la fin de son \u00e9volution est devenu la pierre polie. La Qabal dit que l&rsquo;Homme, le microcosme, est en petit la reproduction du macrocosme, la Cr\u00e9ation, l&rsquo;Adam Kadmon, l&rsquo;Homme-Univers.<\/span><\/span><\/span><\/span><\/span><\/p>\n<p class=\"western\" align=\"justify\"><span style=\"color: #000000;\"><span style=\"text-decoration: none;\"><span style=\"font-size: medium;\"><span style=\"letter-spacing: normal;\"><span lang=\"fr-FR\">En h\u00e9breu le cube s&rsquo;\u00e9crit : Qaph Beth Yod He \u00e0 rapprocher de Qabal : Qaph Beth Lamed.<\/span><\/span><\/span><\/span><\/span><\/p>\n<p class=\"western\" align=\"justify\"><span style=\"color: #000000;\"><span style=\"text-decoration: none;\"><span style=\"font-size: medium;\"><span style=\"letter-spacing: normal;\"><span lang=\"fr-FR\">Si on admet que Qaph Beth est la connais\u00adsance dans la dualit\u00e9, Lamed signifie son extension, Yod He son inclusion dans l&rsquo;\u00eatre.<\/span><\/span><\/span><\/span><\/span><span style=\"color: #000000;\"><span style=\"text-decoration: none;\"><span style=\"font-size: medium;\"><span style=\"letter-spacing: normal;\"><span lang=\"fr-FR\">Nous allons donc examiner le cube dans son symbolisme num\u00e9rique appliqu\u00e9 aux Lois de l&rsquo;Univers.<\/span><\/span><\/span><\/span><\/span><\/p>\n<p class=\"western\" align=\"justify\"><span style=\"color: #000000;\"><span style=\"text-decoration: none;\"><span style=\"font-size: medium;\"><span style=\"letter-spacing: normal;\"><span lang=\"fr-FR\">Le cube symbolisant les lois du Cr\u00e9\u00e9, de la dualit\u00e9, n&rsquo;a pas de signification dans l&rsquo;Unit\u00e9, nous commencerons par le <\/span><\/span><\/span><\/span><\/span><span style=\"color: #000000;\"><span style=\"text-decoration: none;\"><span style=\"font-size: medium;\"><span style=\"letter-spacing: normal;\"><span lang=\"fr-FR\"><i>nombre 2<\/i><\/span><\/span><\/span><\/span><\/span><span style=\"color: #000000;\"><span style=\"text-decoration: none;\"><span style=\"font-size: medium;\"><span style=\"letter-spacing: normal;\"><span lang=\"fr-FR\"> : le d\u00e9ve\u00adloppement de la surface du cube donne une croix comme sur le dessin 1. Cette croix, qui n&rsquo;a rien \u00e0 voir avec la croix chr\u00e9tienne, symbolise la premi\u00e8re phase de manifestation du Cr\u00e9\u00e9. Le bras vertical, l&rsquo;actif, rencontre le bras horizon\u00adtal, le passif, et le carr\u00e9 central, de la rencontre est le point de manifestation. Le nombre 2 est le nombre de la lettre Beth, la dualit\u00e9. La signifi\u00adcation qabalistique de la lettre Beth est la maison. La dualit\u00e9 qui enveloppe le cube en fait la maison de l&rsquo;involution et de l&rsquo;\u00e9volution.<\/span><\/span><\/span><\/span><\/span><\/p>\n<p class=\"western\" align=\"justify\"><span style=\"color: #000000;\"><span style=\"text-decoration: none;\"><span style=\"font-size: medium;\"><span style=\"letter-spacing: normal;\"><span lang=\"fr-FR\"><i>Nombre 3<\/i><\/span><\/span><\/span><\/span><\/span><span style=\"color: #000000;\"><span style=\"text-decoration: none;\"><span style=\"font-size: medium;\"><span style=\"letter-spacing: normal;\"><span lang=\"fr-FR\"> : \u00e0 chaque sommet du cube arri\u00advent trois ar\u00eates. Le cube est le seul poly\u00e8dre dans lequel les trois ar\u00eates de chaque sommet sont orient\u00e9es suivant les trois directions de l&rsquo;espace :<\/span><\/span><\/span><\/span><\/span><\/p>\n<p class=\"western\" align=\"justify\"><span style=\"color: #000000;\"><span style=\"text-decoration: none;\"><span style=\"letter-spacing: normal;\">\u2013 <span style=\"font-size: medium;\"><span lang=\"fr-FR\">Nadir Z\u00e9nith, Aleph Air<\/span><\/span><\/span><\/span><\/span><\/p>\n<p class=\"western\" align=\"justify\"><span style=\"color: #000000;\"><span style=\"text-decoration: none;\"><span style=\"letter-spacing: normal;\">\u2013 <span style=\"font-size: medium;\"><span lang=\"fr-FR\">Nord Sud, Shin Feu<\/span><\/span><\/span><\/span><\/span><\/p>\n<p class=\"western\" align=\"justify\"><span style=\"color: #000000;\"><span style=\"text-decoration: none;\"><span style=\"letter-spacing: normal;\">\u2013 <span style=\"font-size: medium;\"><span lang=\"fr-FR\">Est Ouest, Mem Eau<\/span><\/span><\/span><\/span><\/span><\/p>\n<p class=\"western\" align=\"justify\"><span style=\"color: #000000;\"><span style=\"text-decoration: none;\"><span style=\"font-size: medium;\"><span style=\"letter-spacing: normal;\"><span lang=\"fr-FR\">Pour chaque direction de l&rsquo;espace, il y a quatre droites g\u00e9n\u00e9r\u00e9es par les quatre ar\u00eates parall\u00e8les. Il est aussi possible de consid\u00e9rer les trois ar\u00eates d&rsquo;un sommet comme le symbole des trois lettres-m\u00e8res de l&rsquo;alphabet h\u00e9breu : Aleph Mem et Shin. Symboliquement Aleph arrive au sommet o\u00f9 il se diff\u00e9rencie en deux : Mem et Shin.<\/span><\/span><\/span><\/span><\/span><\/p>\n<p class=\"western\" align=\"justify\"><span style=\"color: #000000;\"><span style=\"text-decoration: none;\"><span style=\"font-size: medium;\"><span style=\"letter-spacing: normal;\"><span lang=\"fr-FR\"><i>Nombre 4<\/i><\/span><\/span><\/span><\/span><\/span><span style=\"color: #000000;\"><span style=\"text-decoration: none;\"><span style=\"font-size: medium;\"><span style=\"letter-spacing: normal;\"><span lang=\"fr-FR\"> : est symbolis\u00e9 par les quatre c\u00f4t\u00e9s de chaque face du cube. Le nombre 4 est le nombre de la lettre Daleth. La signification qabalistique de la lettre Daleth est la porte. Chaque face est une porte d&rsquo;entr\u00e9e dans la dualit\u00e9. Le nombre 4 est aussi le symbole de la stabilit\u00e9 de la dur\u00e9e de la Pierre.<\/span><\/span><\/span><\/span><\/span><\/p>\n<p class=\"western\" align=\"justify\"><span style=\"color: #000000;\"><span style=\"text-decoration: none;\"><span style=\"font-size: medium;\"><span style=\"letter-spacing: normal;\"><span lang=\"fr-FR\"><i>Nombre 5<\/i><\/span><\/span><\/span><\/span><\/span><span style=\"color: #000000;\"><span style=\"text-decoration: none;\"><span style=\"font-size: medium;\"><span style=\"letter-spacing: normal;\"><span lang=\"fr-FR\">: il n&rsquo;a pas \u00e9t\u00e9 retenu dans le symbolisme du cube. 5 est le nombre de l&rsquo;Homme mais n&rsquo;est pas celui des lois qui r\u00e9gissent l&rsquo;involution et l&rsquo;\u00e9volution.<\/span><\/span><\/span><\/span><\/span><\/p>\n<p class=\"western\" align=\"justify\"><span style=\"color: #000000;\"><span style=\"text-decoration: none;\"><span style=\"font-size: medium;\"><span style=\"letter-spacing: normal;\"><span lang=\"fr-FR\"><i>Nombre 6<\/i><\/span><\/span><\/span><\/span><\/span><span style=\"color: #000000;\"><span style=\"text-decoration: none;\"><span style=\"font-size: medium;\"><span style=\"letter-spacing: normal;\"><span lang=\"fr-FR\"> : est symbolis\u00e9 par les six faces du cube, \u00e0 chacune est affect\u00e9e une des lettres doubles de l&rsquo;alphabet h\u00e9breu. Comme il y a sept lettres doubles, la derni\u00e8re Tav n&rsquo;est pas af\u00adfect\u00e9e \u00e0 une face.<\/span><\/span><\/span><\/span><\/span><\/p>\n<p class=\"western\" align=\"justify\"><span style=\"color: #000000;\"><span style=\"text-decoration: none;\"><span style=\"font-size: medium;\"><span style=\"letter-spacing: normal;\"><span lang=\"fr-FR\"><i>Nombre 7<\/i><\/span><\/span><\/span><\/span><\/span><span style=\"color: #000000;\"><span style=\"text-decoration: none;\"><span style=\"font-size: medium;\"><span style=\"letter-spacing: normal;\"><span lang=\"fr-FR\">: il comprend les six faces pr\u00e9c\u00e9\u00addentes plus la lettre Tav plac\u00e9e au centre du cube. Cette lettre est la lettre de l&rsquo;Univers ce qui signifie que le centre du cube est le centre du microcosme.<\/span><\/span><\/span><\/span><\/span><\/p>\n<p class=\"western\" align=\"justify\"><span style=\"color: #000000;\"><span style=\"text-decoration: none;\"><span style=\"font-size: medium;\"><span style=\"letter-spacing: normal;\"><span lang=\"fr-FR\"><i>Nombre 12<\/i><\/span><\/span><\/span><\/span><\/span><span style=\"color: #000000;\"><span style=\"text-decoration: none;\"><span style=\"font-size: medium;\"><span style=\"letter-spacing: normal;\"><span lang=\"fr-FR\"> : est symbolis\u00e9 par les douze ar\u00eates du cube. \u00c0 chacune d&rsquo;elles est affect\u00e9e une des douze lettres simples de l&rsquo;alphabet h\u00e9breu. Chacune de ces lettres est affect\u00e9e \u00e0 l&rsquo;un des signes du Zodiaque. En r\u00e9alit\u00e9 ces signes repr\u00e9sentent les \u00e9tapes d&rsquo;une phase d&rsquo;\u00e9volu\u00adtion. Chaque phase commence avec le signe du B\u00e9lier et se termine avec le signe des Poissons. Divers auteurs ont essay\u00e9 de mieux pr\u00e9ciser le sens de ces \u00e9tapes dans divers textes tels :<\/span><\/span><\/span><\/span><\/span><\/p>\n<p class=\"western\" align=\"justify\"><span style=\"color: #000000;\"><span style=\"text-decoration: none;\"><span style=\"letter-spacing: normal;\">\u2014 <span style=\"font-size: medium;\"><span lang=\"fr-FR\">les 12 Travaux d&rsquo;Hercule<\/span><\/span><\/span><\/span><\/span><\/p>\n<p class=\"western\" align=\"justify\"><span style=\"color: #000000;\"><span style=\"text-decoration: none;\"><span style=\"letter-spacing: normal;\">\u2014 <span style=\"font-size: medium;\"><span lang=\"fr-FR\">les 12 Portes d&rsquo;Alchimie de Rypley<\/span><\/span><\/span><\/span><\/span><\/p>\n<p class=\"western\" align=\"justify\"><span style=\"color: #000000;\"><span style=\"text-decoration: none;\"><span style=\"letter-spacing: normal;\">\u2014 <span style=\"font-size: medium;\"><span lang=\"fr-FR\">les 12 Clefs de la Philosophie de Basile Valentin<\/span><\/span><\/span><\/span><\/span><\/p>\n<p class=\"western\" align=\"justify\"><span style=\"color: #000000;\"><span style=\"text-decoration: none;\"><span style=\"letter-spacing: normal;\">\u2014 <span style=\"font-size: medium;\"><span lang=\"fr-FR\">les 12 Op\u00e9rations de l\u2019\u0152uvre Alchimique, etc.<\/span><\/span><\/span><\/span><\/span><\/p>\n<p class=\"western\" align=\"justify\"><a href=\"http:\/\/www.revue3emillenaire.com\/blog\/wp-content\/uploads\/2014\/12\/dubuis.jpg\"><img loading=\"lazy\" decoding=\"async\" class=\"aligncenter size-medium wp-image-16386\" src=\"http:\/\/www.revue3emillenaire.com\/blog\/wp-content\/uploads\/2014\/12\/dubuis-300x270.jpg\" alt=\"dubuis\" width=\"300\" height=\"270\" srcset=\"https:\/\/www.revue3emillenaire.com\/blog\/wp-content\/uploads\/2014\/12\/dubuis-300x270.jpg 300w, https:\/\/www.revue3emillenaire.com\/blog\/wp-content\/uploads\/2014\/12\/dubuis.jpg 896w\" sizes=\"auto, (max-width: 300px) 100vw, 300px\" \/><\/a><\/p>\n<p class=\"western\" align=\"justify\"><span style=\"color: #000000;\"><span style=\"text-decoration: none;\"><span style=\"letter-spacing: normal;\">\u2014 <span style=\"font-size: medium;\"><span lang=\"fr-FR\">Les dispositions sont conformes au texte h\u00e9breu du Sepher Yetzirah.<\/span><\/span><\/span><\/span><\/span><\/p>\n<p class=\"western\" align=\"justify\"><span style=\"color: #000000;\"><span style=\"text-decoration: none;\"><span style=\"letter-spacing: normal;\">\u2014 <span style=\"font-size: medium;\"><span lang=\"fr-FR\">En bas en h\u00e9breu le mot \u00ab cube \u00bb et le mot \u00ab Qabal \u00bb ; voir la similitude de racine.<\/span><\/span><\/span><\/span><\/span><\/p>\n<p class=\"western\" align=\"justify\"><span style=\"color: #000000;\"><span style=\"text-decoration: none;\"><span style=\"letter-spacing: normal;\">\u2014 <span style=\"font-size: medium;\"><span lang=\"fr-FR\">Le cube est cens\u00e9 \u00eatre vu par un observateur plac\u00e9 au sud du cube et regardant vers le nord.<\/span><\/span><\/span><\/span><\/span><\/p>\n<ul>\n<li>\n<p class=\"western\" align=\"justify\"><span style=\"color: #000000;\"><span style=\"text-decoration: none;\"><span style=\"font-size: medium;\"><span style=\"letter-spacing: normal;\"><span lang=\"fr-FR\">Les lettres en caract\u00e8res latins sont les points de l&rsquo;espace : Z\u00e9nith : Z, Nadir : Na, Nord : N, Sud : S, Est : E, Ouest : O.<\/span><\/span><\/span><\/span><\/span><\/p>\n<\/li>\n<li>\n<p class=\"western\" align=\"justify\"><span style=\"color: #000000;\"><span style=\"text-decoration: none;\"><span style=\"font-size: medium;\"><span style=\"letter-spacing: normal;\"><span lang=\"fr-FR\">Au centre la lettre Tav.<\/span><\/span><\/span><\/span><\/span><\/p>\n<\/li>\n<li>\n<p class=\"western\" align=\"justify\"><span style=\"color: #000000;\"><span style=\"text-decoration: none;\"><span style=\"font-size: medium;\"><span style=\"letter-spacing: normal;\"><span lang=\"fr-FR\">Les lettres doubles des faces sont pr\u00e8s des extr\u00e9\u00admit\u00e9s des axes des 3 dimensions.<\/span><\/span><\/span><\/span><\/span><\/p>\n<\/li>\n<li>\n<p class=\"western\" align=\"justify\"><span style=\"color: #000000;\"><span style=\"text-decoration: none;\"><span style=\"font-size: medium;\"><span style=\"letter-spacing: normal;\"><span lang=\"fr-FR\">Les lettres-m\u00e8res et simples sont sur les lignes correspondantes.<\/span><\/span><\/span><\/span><\/span><\/p>\n<\/li>\n<\/ul>\n<p class=\"western\" align=\"justify\"><span style=\"color: #000000;\"><span style=\"text-decoration: none;\"><span style=\"letter-spacing: normal;\">\u2014 <span style=\"font-size: medium;\"><span lang=\"fr-FR\">Positions et noms des 12 lettres simples : <a href=\"http:\/\/www.revue3emillenaire.com\/blog\/wp-content\/uploads\/2014\/12\/dubuis1.jpg\"><img loading=\"lazy\" decoding=\"async\" class=\"aligncenter size-medium wp-image-16387\" src=\"http:\/\/www.revue3emillenaire.com\/blog\/wp-content\/uploads\/2014\/12\/dubuis1-300x280.jpg\" alt=\"dubuis1\" width=\"300\" height=\"280\" srcset=\"https:\/\/www.revue3emillenaire.com\/blog\/wp-content\/uploads\/2014\/12\/dubuis1-300x280.jpg 300w, https:\/\/www.revue3emillenaire.com\/blog\/wp-content\/uploads\/2014\/12\/dubuis1.jpg 332w\" sizes=\"auto, (max-width: 300px) 100vw, 300px\" \/><\/a><br \/>\n<\/span><\/span><\/span><\/span><\/span><\/p>\n<ul>\n<li>\n<p class=\"western\" align=\"justify\"><span style=\"color: #000000;\"><span style=\"text-decoration: none;\"><span style=\"font-size: medium;\"><span style=\"letter-spacing: normal;\"><span lang=\"fr-FR\">haut sud Vav<\/span><\/span><\/span><\/span><\/span><\/p>\n<\/li>\n<li>\n<p class=\"western\" align=\"justify\"><span style=\"color: #000000;\"><span style=\"text-decoration: none;\"><span style=\"font-size: medium;\"><span style=\"letter-spacing: normal;\"><span lang=\"fr-FR\">haut est He<\/span><\/span><\/span><\/span><\/span><\/p>\n<\/li>\n<li>\n<p class=\"western\" align=\"justify\"><span style=\"color: #000000;\"><span style=\"text-decoration: none;\"><span style=\"font-size: medium;\"><span style=\"letter-spacing: normal;\"><span lang=\"fr-FR\">haut nord Chet<\/span><\/span><\/span><\/span><\/span><\/p>\n<\/li>\n<li>\n<p class=\"western\" align=\"justify\"><span style=\"color: #000000;\"><span style=\"text-decoration: none;\"><span style=\"font-size: medium;\"><span style=\"letter-spacing: normal;\"><span lang=\"fr-FR\">haut ouest Zain<\/span><\/span><\/span><\/span><\/span><\/p>\n<\/li>\n<li>\n<p class=\"western\" align=\"justify\"><span style=\"color: #000000;\"><span style=\"text-decoration: none;\"><span style=\"font-size: medium;\"><span style=\"letter-spacing: normal;\"><span lang=\"fr-FR\">bas sud Ain<\/span><\/span><\/span><\/span><\/span><\/p>\n<\/li>\n<li>\n<p class=\"western\" align=\"justify\"><span style=\"color: #000000;\"><span style=\"text-decoration: none;\"><span style=\"font-size: medium;\"><span style=\"letter-spacing: normal;\"><span lang=\"fr-FR\">bas est Samech<\/span><\/span><\/span><\/span><\/span><\/p>\n<\/li>\n<li>\n<p class=\"western\" align=\"justify\"><span style=\"color: #000000;\"><span style=\"text-decoration: none;\"><span style=\"font-size: medium;\"><span style=\"letter-spacing: normal;\"><span lang=\"fr-FR\">bas nord Qoph<\/span><\/span><\/span><\/span><\/span><\/p>\n<\/li>\n<li>\n<p class=\"western\" align=\"justify\"><span style=\"color: #000000;\"><span style=\"text-decoration: none;\"><span style=\"font-size: medium;\"><span style=\"letter-spacing: normal;\"><span lang=\"fr-FR\">bas ouest Tzadde<\/span><\/span><\/span><\/span><\/span><\/p>\n<\/li>\n<li>\n<p class=\"western\" align=\"justify\"><span style=\"color: #000000;\"><span style=\"text-decoration: none;\"><span style=\"font-size: medium;\"><span style=\"letter-spacing: normal;\"><span lang=\"fr-FR\">sud est Yod<\/span><\/span><\/span><\/span><\/span><\/p>\n<\/li>\n<li>\n<p class=\"western\" align=\"justify\"><span style=\"color: #000000;\"><span style=\"text-decoration: none;\"><span style=\"font-size: medium;\"><span style=\"letter-spacing: normal;\"><span lang=\"fr-FR\">est nord Teth<\/span><\/span><\/span><\/span><\/span><\/p>\n<\/li>\n<li>\n<p class=\"western\" align=\"justify\"><span style=\"color: #000000;\"><span style=\"text-decoration: none;\"><span style=\"font-size: medium;\"><span style=\"letter-spacing: normal;\"><span lang=\"fr-FR\">nord ouest Nun<\/span><\/span><\/span><\/span><\/span><\/p>\n<\/li>\n<li>\n<p class=\"western\" align=\"justify\"><span style=\"color: #000000;\"><span style=\"text-decoration: none;\"><span style=\"font-size: medium;\"><span style=\"letter-spacing: normal;\"><span lang=\"fr-FR\">ouest sud Lamed<\/span><\/span><\/span><\/span><\/span><\/p>\n<\/li>\n<\/ul>\n<p class=\"western\" align=\"justify\"><span style=\"color: #000000;\"><span style=\"text-decoration: none;\"><span style=\"font-size: medium;\"><span style=\"letter-spacing: normal;\"><span lang=\"fr-FR\">Revenons maintenant \u00e0 un aspect alchimique du symbole de la Pierre Cubique. Le cube n&rsquo;est pas le symbole de la pierre philosophale puisque celle-ci n&rsquo;est pas une pierre mais une poudre, la poudre de projection. Selon Para\u00adcelse et d&rsquo;autres alchimistes la Pierre la plus puissante vient du plomb, m\u00e9tal de Saturne, la plus haute plan\u00e8te du ciel selon les Qabalistes. Le minerai de plomb utilis\u00e9 par les Alchimistes, la gal\u00e8ne, cristallise dans le syst\u00e8me cubique.<\/span><\/span><\/span><\/span><\/span><\/p>\n<p class=\"western\" align=\"justify\"><span style=\"color: #000000;\"><span style=\"text-decoration: none;\"><span style=\"font-size: medium;\"><span style=\"letter-spacing: normal;\"><span lang=\"fr-FR\">Si nous revenons maintenant au Sentier le plus bas de l&rsquo;Arbre de la Qabal, celui du d\u00e9part de l&rsquo;\u00e9volution, ce Sentier est consacr\u00e9 \u00e0 Saturne et \u00e0 la lettre Tav, symbole de l&rsquo;Univers. Ce Sentier peut \u00eatre abord\u00e9 alchimiquement par le m\u00e9tal saturnien d&rsquo;Art\u00e9phius : l&rsquo;antimoine. Et l\u00e0 aussi le symbolisme du cube se manifeste. Quand l&rsquo;antimoine est pr\u00e9par\u00e9e pour la distilla\u00adtion il se pr\u00e9sente cristallis\u00e9 en de longues aiguilles. Mais si on entreprend sa plus extr\u00eame purification afin qu&rsquo;il soit pr\u00eat pour la pierre, il change de forme et cristallise en petits cubes transparents de 1 cm d&rsquo;ar\u00eate. La pierre d&rsquo;anti\u00admoine est alors pr\u00eate pour polir la pierre brute.<\/span><\/span><\/span><\/span><\/span><\/p>\n<p class=\"western\" align=\"justify\"><a href=\"http:\/\/www.revue3emillenaire.com\/blog\/wp-content\/uploads\/2014\/12\/dubuis2.jpg\"><img loading=\"lazy\" decoding=\"async\" class=\"aligncenter size-medium wp-image-16388\" src=\"http:\/\/www.revue3emillenaire.com\/blog\/wp-content\/uploads\/2014\/12\/dubuis2-236x300.jpg\" alt=\"dubuis2\" width=\"236\" height=\"300\" srcset=\"https:\/\/www.revue3emillenaire.com\/blog\/wp-content\/uploads\/2014\/12\/dubuis2-236x300.jpg 236w, https:\/\/www.revue3emillenaire.com\/blog\/wp-content\/uploads\/2014\/12\/dubuis2-807x1024.jpg 807w, https:\/\/www.revue3emillenaire.com\/blog\/wp-content\/uploads\/2014\/12\/dubuis2.jpg 899w\" sizes=\"auto, (max-width: 236px) 100vw, 236px\" \/><\/a><a href=\"http:\/\/www.revue3emillenaire.com\/blog\/wp-content\/uploads\/2014\/12\/dubuis3.jpg\"><img loading=\"lazy\" decoding=\"async\" class=\"aligncenter size-medium wp-image-16389\" src=\"http:\/\/www.revue3emillenaire.com\/blog\/wp-content\/uploads\/2014\/12\/dubuis3-300x74.jpg\" alt=\"dubuis3\" width=\"300\" height=\"74\" srcset=\"https:\/\/www.revue3emillenaire.com\/blog\/wp-content\/uploads\/2014\/12\/dubuis3-300x74.jpg 300w, https:\/\/www.revue3emillenaire.com\/blog\/wp-content\/uploads\/2014\/12\/dubuis3-1024x255.jpg 1024w, https:\/\/www.revue3emillenaire.com\/blog\/wp-content\/uploads\/2014\/12\/dubuis3.jpg 1104w\" sizes=\"auto, (max-width: 300px) 100vw, 300px\" \/><\/a><\/p>\n","protected":false},"excerpt":{"rendered":"<p>La Pierre Cubique est le symbole de l&rsquo;Homme dans son \u00e9volution. L&rsquo;Homme du Commencement, l&rsquo;Homme avant l&rsquo;involution est la pierre brute. L&rsquo;Homme \u00e0 la fin de son \u00e9volution est devenu la pierre polie. La Qabal dit que l&rsquo;Homme, le microcosme, est en petit la reproduction du macrocosme, la Cr\u00e9ation, l&rsquo;Adam Kadmon, l&rsquo;Homme-Univers.<\/p>\n","protected":false},"author":1,"featured_media":16384,"comment_status":"closed","ping_status":"closed","sticky":false,"template":"","format":"standard","meta":{"footnotes":""},"categories":[1014],"tags":[209,127],"class_list":["post-16383","post","type-post","status-publish","format-standard","has-post-thumbnail","hentry","category-essais","tag-cabale","tag-symbolisme"],"yoast_head":"<!-- This site is optimized with the Yoast SEO plugin v27.0 - https:\/\/yoast.com\/product\/yoast-seo-wordpress\/ -->\n<title>La pierre cubique, un symbole alchimique et cabalistique par Jean Dubuis - 3e mill\u00e9naire - Spiritualit\u00e9 - Connaissance de soi - Non-dualit\u00e9 - M\u00e9ditation<\/title>\n<meta name=\"robots\" content=\"index, follow, max-snippet:-1, max-image-preview:large, max-video-preview:-1\" \/>\n<link rel=\"canonical\" href=\"https:\/\/www.revue3emillenaire.com\/blog\/la-pierre-cubique-un-symbole-alchimique-et-cabalistique-par-jean-dubuis\/\" \/>\n<meta property=\"og:locale\" content=\"fr_FR\" \/>\n<meta property=\"og:type\" content=\"article\" \/>\n<meta property=\"og:title\" content=\"La pierre cubique, un symbole alchimique et cabalistique par Jean Dubuis - 3e mill\u00e9naire - Spiritualit\u00e9 - Connaissance de soi - Non-dualit\u00e9 - M\u00e9ditation\" \/>\n<meta property=\"og:description\" content=\"La Pierre Cubique est le symbole de l&#039;Homme dans son \u00e9volution. L&#039;Homme du Commencement, l&#039;Homme avant l&#039;involution est la pierre brute. L&#039;Homme \u00e0 la fin de son \u00e9volution est devenu la pierre polie. La Qabal dit que l&#039;Homme, le microcosme, est en petit la reproduction du macrocosme, la Cr\u00e9ation, l&#039;Adam Kadmon, l&#039;Homme-Univers.\" \/>\n<meta property=\"og:url\" content=\"https:\/\/www.revue3emillenaire.com\/blog\/la-pierre-cubique-un-symbole-alchimique-et-cabalistique-par-jean-dubuis\/\" \/>\n<meta property=\"og:site_name\" content=\"3e mill\u00e9naire - Spiritualit\u00e9 - Connaissance de soi - Non-dualit\u00e9 - M\u00e9ditation\" \/>\n<meta property=\"article:published_time\" content=\"2014-12-04T00:21:28+00:00\" \/>\n<meta property=\"og:image\" content=\"https:\/\/www.revue3emillenaire.com\/blog\/wp-content\/uploads\/2014\/12\/Jean-Dubuis.jpg\" \/>\n\t<meta property=\"og:image:width\" content=\"166\" \/>\n\t<meta property=\"og:image:height\" content=\"154\" \/>\n\t<meta property=\"og:image:type\" content=\"image\/jpeg\" \/>\n<meta name=\"author\" content=\"3e mill\u00e9naire\" \/>\n<meta name=\"twitter:card\" content=\"summary_large_image\" \/>\n<meta name=\"twitter:label1\" content=\"\u00c9crit par\" \/>\n\t<meta name=\"twitter:data1\" content=\"3e mill\u00e9naire\" \/>\n\t<meta name=\"twitter:label2\" content=\"Dur\u00e9e de lecture estim\u00e9e\" \/>\n\t<meta name=\"twitter:data2\" content=\"8 minutes\" \/>\n<script type=\"application\/ld+json\" class=\"yoast-schema-graph\">{\"@context\":\"https:\/\/schema.org\",\"@graph\":[{\"@type\":\"Article\",\"@id\":\"https:\/\/www.revue3emillenaire.com\/blog\/la-pierre-cubique-un-symbole-alchimique-et-cabalistique-par-jean-dubuis\/#article\",\"isPartOf\":{\"@id\":\"https:\/\/www.revue3emillenaire.com\/blog\/la-pierre-cubique-un-symbole-alchimique-et-cabalistique-par-jean-dubuis\/\"},\"author\":{\"name\":\"3e mill\u00e9naire\",\"@id\":\"https:\/\/www.revue3emillenaire.com\/blog\/#\/schema\/person\/9a3a7cc4ccaa707f402d4394327106d5\"},\"headline\":\"La pierre cubique, un symbole alchimique et cabalistique par Jean Dubuis\",\"datePublished\":\"2014-12-04T00:21:28+00:00\",\"mainEntityOfPage\":{\"@id\":\"https:\/\/www.revue3emillenaire.com\/blog\/la-pierre-cubique-un-symbole-alchimique-et-cabalistique-par-jean-dubuis\/\"},\"wordCount\":1548,\"image\":{\"@id\":\"https:\/\/www.revue3emillenaire.com\/blog\/la-pierre-cubique-un-symbole-alchimique-et-cabalistique-par-jean-dubuis\/#primaryimage\"},\"thumbnailUrl\":\"https:\/\/www.revue3emillenaire.com\/blog\/wp-content\/uploads\/2014\/12\/Jean-Dubuis.jpg\",\"keywords\":[\"cabale\",\"symbolisme\"],\"articleSection\":[\"Essais\"],\"inLanguage\":\"fr-FR\"},{\"@type\":\"WebPage\",\"@id\":\"https:\/\/www.revue3emillenaire.com\/blog\/la-pierre-cubique-un-symbole-alchimique-et-cabalistique-par-jean-dubuis\/\",\"url\":\"https:\/\/www.revue3emillenaire.com\/blog\/la-pierre-cubique-un-symbole-alchimique-et-cabalistique-par-jean-dubuis\/\",\"name\":\"La pierre cubique, un symbole alchimique et cabalistique par Jean Dubuis - 3e mill\u00e9naire - Spiritualit\u00e9 - Connaissance de soi - Non-dualit\u00e9 - M\u00e9ditation\",\"isPartOf\":{\"@id\":\"https:\/\/www.revue3emillenaire.com\/blog\/#website\"},\"primaryImageOfPage\":{\"@id\":\"https:\/\/www.revue3emillenaire.com\/blog\/la-pierre-cubique-un-symbole-alchimique-et-cabalistique-par-jean-dubuis\/#primaryimage\"},\"image\":{\"@id\":\"https:\/\/www.revue3emillenaire.com\/blog\/la-pierre-cubique-un-symbole-alchimique-et-cabalistique-par-jean-dubuis\/#primaryimage\"},\"thumbnailUrl\":\"https:\/\/www.revue3emillenaire.com\/blog\/wp-content\/uploads\/2014\/12\/Jean-Dubuis.jpg\",\"datePublished\":\"2014-12-04T00:21:28+00:00\",\"author\":{\"@id\":\"https:\/\/www.revue3emillenaire.com\/blog\/#\/schema\/person\/9a3a7cc4ccaa707f402d4394327106d5\"},\"breadcrumb\":{\"@id\":\"https:\/\/www.revue3emillenaire.com\/blog\/la-pierre-cubique-un-symbole-alchimique-et-cabalistique-par-jean-dubuis\/#breadcrumb\"},\"inLanguage\":\"fr-FR\",\"potentialAction\":[{\"@type\":\"ReadAction\",\"target\":[\"https:\/\/www.revue3emillenaire.com\/blog\/la-pierre-cubique-un-symbole-alchimique-et-cabalistique-par-jean-dubuis\/\"]}]},{\"@type\":\"ImageObject\",\"inLanguage\":\"fr-FR\",\"@id\":\"https:\/\/www.revue3emillenaire.com\/blog\/la-pierre-cubique-un-symbole-alchimique-et-cabalistique-par-jean-dubuis\/#primaryimage\",\"url\":\"https:\/\/www.revue3emillenaire.com\/blog\/wp-content\/uploads\/2014\/12\/Jean-Dubuis.jpg\",\"contentUrl\":\"https:\/\/www.revue3emillenaire.com\/blog\/wp-content\/uploads\/2014\/12\/Jean-Dubuis.jpg\",\"width\":166,\"height\":154},{\"@type\":\"BreadcrumbList\",\"@id\":\"https:\/\/www.revue3emillenaire.com\/blog\/la-pierre-cubique-un-symbole-alchimique-et-cabalistique-par-jean-dubuis\/#breadcrumb\",\"itemListElement\":[{\"@type\":\"ListItem\",\"position\":1,\"name\":\"Accueil\",\"item\":\"https:\/\/www.revue3emillenaire.com\/blog\/\"},{\"@type\":\"ListItem\",\"position\":2,\"name\":\"La pierre cubique, un symbole alchimique et cabalistique par Jean Dubuis\"}]},{\"@type\":\"WebSite\",\"@id\":\"https:\/\/www.revue3emillenaire.com\/blog\/#website\",\"url\":\"https:\/\/www.revue3emillenaire.com\/blog\/\",\"name\":\"3e mill\u00e9naire - Spiritualit\u00e9 - Connaissance de soi - Non-dualit\u00e9 - M\u00e9ditation\",\"description\":\"L&#039;Homme en devenir\",\"potentialAction\":[{\"@type\":\"SearchAction\",\"target\":{\"@type\":\"EntryPoint\",\"urlTemplate\":\"https:\/\/www.revue3emillenaire.com\/blog\/?s={search_term_string}\"},\"query-input\":{\"@type\":\"PropertyValueSpecification\",\"valueRequired\":true,\"valueName\":\"search_term_string\"}}],\"inLanguage\":\"fr-FR\"},{\"@type\":\"Person\",\"@id\":\"https:\/\/www.revue3emillenaire.com\/blog\/#\/schema\/person\/9a3a7cc4ccaa707f402d4394327106d5\",\"name\":\"3e mill\u00e9naire\",\"url\":\"https:\/\/www.revue3emillenaire.com\/blog\/author\/admin\/\"}]}<\/script>\n<!-- \/ Yoast SEO plugin. -->","yoast_head_json":{"title":"La pierre cubique, un symbole alchimique et cabalistique par Jean Dubuis - 3e mill\u00e9naire - Spiritualit\u00e9 - Connaissance de soi - Non-dualit\u00e9 - M\u00e9ditation","robots":{"index":"index","follow":"follow","max-snippet":"max-snippet:-1","max-image-preview":"max-image-preview:large","max-video-preview":"max-video-preview:-1"},"canonical":"https:\/\/www.revue3emillenaire.com\/blog\/la-pierre-cubique-un-symbole-alchimique-et-cabalistique-par-jean-dubuis\/","og_locale":"fr_FR","og_type":"article","og_title":"La pierre cubique, un symbole alchimique et cabalistique par Jean Dubuis - 3e mill\u00e9naire - Spiritualit\u00e9 - Connaissance de soi - Non-dualit\u00e9 - M\u00e9ditation","og_description":"La Pierre Cubique est le symbole de l'Homme dans son \u00e9volution. L'Homme du Commencement, l'Homme avant l'involution est la pierre brute. L'Homme \u00e0 la fin de son \u00e9volution est devenu la pierre polie. La Qabal dit que l'Homme, le microcosme, est en petit la reproduction du macrocosme, la Cr\u00e9ation, l'Adam Kadmon, l'Homme-Univers.","og_url":"https:\/\/www.revue3emillenaire.com\/blog\/la-pierre-cubique-un-symbole-alchimique-et-cabalistique-par-jean-dubuis\/","og_site_name":"3e mill\u00e9naire - Spiritualit\u00e9 - Connaissance de soi - Non-dualit\u00e9 - M\u00e9ditation","article_published_time":"2014-12-04T00:21:28+00:00","og_image":[{"width":166,"height":154,"url":"https:\/\/www.revue3emillenaire.com\/blog\/wp-content\/uploads\/2014\/12\/Jean-Dubuis.jpg","type":"image\/jpeg"}],"author":"3e mill\u00e9naire","twitter_card":"summary_large_image","twitter_misc":{"\u00c9crit par":"3e mill\u00e9naire","Dur\u00e9e de lecture estim\u00e9e":"8 minutes"},"schema":{"@context":"https:\/\/schema.org","@graph":[{"@type":"Article","@id":"https:\/\/www.revue3emillenaire.com\/blog\/la-pierre-cubique-un-symbole-alchimique-et-cabalistique-par-jean-dubuis\/#article","isPartOf":{"@id":"https:\/\/www.revue3emillenaire.com\/blog\/la-pierre-cubique-un-symbole-alchimique-et-cabalistique-par-jean-dubuis\/"},"author":{"name":"3e mill\u00e9naire","@id":"https:\/\/www.revue3emillenaire.com\/blog\/#\/schema\/person\/9a3a7cc4ccaa707f402d4394327106d5"},"headline":"La pierre cubique, un symbole alchimique et cabalistique par Jean Dubuis","datePublished":"2014-12-04T00:21:28+00:00","mainEntityOfPage":{"@id":"https:\/\/www.revue3emillenaire.com\/blog\/la-pierre-cubique-un-symbole-alchimique-et-cabalistique-par-jean-dubuis\/"},"wordCount":1548,"image":{"@id":"https:\/\/www.revue3emillenaire.com\/blog\/la-pierre-cubique-un-symbole-alchimique-et-cabalistique-par-jean-dubuis\/#primaryimage"},"thumbnailUrl":"https:\/\/www.revue3emillenaire.com\/blog\/wp-content\/uploads\/2014\/12\/Jean-Dubuis.jpg","keywords":["cabale","symbolisme"],"articleSection":["Essais"],"inLanguage":"fr-FR"},{"@type":"WebPage","@id":"https:\/\/www.revue3emillenaire.com\/blog\/la-pierre-cubique-un-symbole-alchimique-et-cabalistique-par-jean-dubuis\/","url":"https:\/\/www.revue3emillenaire.com\/blog\/la-pierre-cubique-un-symbole-alchimique-et-cabalistique-par-jean-dubuis\/","name":"La pierre cubique, un symbole alchimique et cabalistique par Jean Dubuis - 3e mill\u00e9naire - Spiritualit\u00e9 - Connaissance de soi - Non-dualit\u00e9 - M\u00e9ditation","isPartOf":{"@id":"https:\/\/www.revue3emillenaire.com\/blog\/#website"},"primaryImageOfPage":{"@id":"https:\/\/www.revue3emillenaire.com\/blog\/la-pierre-cubique-un-symbole-alchimique-et-cabalistique-par-jean-dubuis\/#primaryimage"},"image":{"@id":"https:\/\/www.revue3emillenaire.com\/blog\/la-pierre-cubique-un-symbole-alchimique-et-cabalistique-par-jean-dubuis\/#primaryimage"},"thumbnailUrl":"https:\/\/www.revue3emillenaire.com\/blog\/wp-content\/uploads\/2014\/12\/Jean-Dubuis.jpg","datePublished":"2014-12-04T00:21:28+00:00","author":{"@id":"https:\/\/www.revue3emillenaire.com\/blog\/#\/schema\/person\/9a3a7cc4ccaa707f402d4394327106d5"},"breadcrumb":{"@id":"https:\/\/www.revue3emillenaire.com\/blog\/la-pierre-cubique-un-symbole-alchimique-et-cabalistique-par-jean-dubuis\/#breadcrumb"},"inLanguage":"fr-FR","potentialAction":[{"@type":"ReadAction","target":["https:\/\/www.revue3emillenaire.com\/blog\/la-pierre-cubique-un-symbole-alchimique-et-cabalistique-par-jean-dubuis\/"]}]},{"@type":"ImageObject","inLanguage":"fr-FR","@id":"https:\/\/www.revue3emillenaire.com\/blog\/la-pierre-cubique-un-symbole-alchimique-et-cabalistique-par-jean-dubuis\/#primaryimage","url":"https:\/\/www.revue3emillenaire.com\/blog\/wp-content\/uploads\/2014\/12\/Jean-Dubuis.jpg","contentUrl":"https:\/\/www.revue3emillenaire.com\/blog\/wp-content\/uploads\/2014\/12\/Jean-Dubuis.jpg","width":166,"height":154},{"@type":"BreadcrumbList","@id":"https:\/\/www.revue3emillenaire.com\/blog\/la-pierre-cubique-un-symbole-alchimique-et-cabalistique-par-jean-dubuis\/#breadcrumb","itemListElement":[{"@type":"ListItem","position":1,"name":"Accueil","item":"https:\/\/www.revue3emillenaire.com\/blog\/"},{"@type":"ListItem","position":2,"name":"La pierre cubique, un symbole alchimique et cabalistique par Jean Dubuis"}]},{"@type":"WebSite","@id":"https:\/\/www.revue3emillenaire.com\/blog\/#website","url":"https:\/\/www.revue3emillenaire.com\/blog\/","name":"3e mill\u00e9naire - Spiritualit\u00e9 - Connaissance de soi - Non-dualit\u00e9 - M\u00e9ditation","description":"L&#039;Homme en devenir","potentialAction":[{"@type":"SearchAction","target":{"@type":"EntryPoint","urlTemplate":"https:\/\/www.revue3emillenaire.com\/blog\/?s={search_term_string}"},"query-input":{"@type":"PropertyValueSpecification","valueRequired":true,"valueName":"search_term_string"}}],"inLanguage":"fr-FR"},{"@type":"Person","@id":"https:\/\/www.revue3emillenaire.com\/blog\/#\/schema\/person\/9a3a7cc4ccaa707f402d4394327106d5","name":"3e mill\u00e9naire","url":"https:\/\/www.revue3emillenaire.com\/blog\/author\/admin\/"}]}},"_links":{"self":[{"href":"https:\/\/www.revue3emillenaire.com\/blog\/wp-json\/wp\/v2\/posts\/16383","targetHints":{"allow":["GET"]}}],"collection":[{"href":"https:\/\/www.revue3emillenaire.com\/blog\/wp-json\/wp\/v2\/posts"}],"about":[{"href":"https:\/\/www.revue3emillenaire.com\/blog\/wp-json\/wp\/v2\/types\/post"}],"author":[{"embeddable":true,"href":"https:\/\/www.revue3emillenaire.com\/blog\/wp-json\/wp\/v2\/users\/1"}],"replies":[{"embeddable":true,"href":"https:\/\/www.revue3emillenaire.com\/blog\/wp-json\/wp\/v2\/comments?post=16383"}],"version-history":[{"count":0,"href":"https:\/\/www.revue3emillenaire.com\/blog\/wp-json\/wp\/v2\/posts\/16383\/revisions"}],"wp:featuredmedia":[{"embeddable":true,"href":"https:\/\/www.revue3emillenaire.com\/blog\/wp-json\/wp\/v2\/media\/16384"}],"wp:attachment":[{"href":"https:\/\/www.revue3emillenaire.com\/blog\/wp-json\/wp\/v2\/media?parent=16383"}],"wp:term":[{"taxonomy":"category","embeddable":true,"href":"https:\/\/www.revue3emillenaire.com\/blog\/wp-json\/wp\/v2\/categories?post=16383"},{"taxonomy":"post_tag","embeddable":true,"href":"https:\/\/www.revue3emillenaire.com\/blog\/wp-json\/wp\/v2\/tags?post=16383"}],"curies":[{"name":"wp","href":"https:\/\/api.w.org\/{rel}","templated":true}]}}